{"id":10299,"date":"2022-04-20T15:45:37","date_gmt":"2022-04-20T13:45:37","guid":{"rendered":"https:\/\/finelife.tv\/fr\/?p=10299"},"modified":"2025-10-23T23:06:26","modified_gmt":"2025-10-23T21:06:26","slug":"prix-jean-francois-prat-laureats-florian-krewer-et-marine-wallon","status":"publish","type":"post","link":"https:\/\/finelife.tv\/fr\/2022\/04\/20\/prix-jean-francois-prat-laureats-florian-krewer-et-marine-wallon\/","title":{"rendered":"Prix Jean-Francois Prat : laur\u00e9ats Florian Krewer et Marine Wallon"},"content":{"rendered":"\n<figure class=\"wp-block-gallery aligncenter has-nested-images columns-default is-cropped wp-block-gallery-1 is-layout-flex wp-block-gallery-is-layout-flex\">\n<figure class=\"wp-block-image size-full\"><img loading=\"lazy\" decoding=\"async\" width=\"240\" height=\"284\" data-id=\"10355\" src=\"https:\/\/finelife.tv\/fr\/wp-content\/uploads\/2022\/04\/img-src-22httpsfinelife.tvimage.jpg-alt-22Prix-Jean-Francois-Prat-laureats-Florian-Krewer-et-Marine-Wallon22.jpg\" alt=\"\" class=\"wp-image-10355\"\/><\/figure>\n<\/figure>\n\n\n\n<p><strong>Prix Jean-Francois Prat : laur\u00e9ats Florian Krewer\u00a0et Marine Wallon. D\u2019un c\u00f4t\u00e9 la flamboyance des couleurs et le journal d\u2019une g\u00e9n\u00e9ration. De l\u2019autre la question de la pr\u00e9sence \u00e0 travers l\u2019instantan\u00e9 et la confrontation \u00e0 la nature. La peinture comme discipline majeure de l\u2019art contemporain est aussi c\u00e9l\u00e9br\u00e9e aux Beaux-Arts de Paris<\/strong> <strong>\u00e0<\/strong> <strong>travers l\u2019exposition We Paint.<\/strong><\/p>\n\n\n\n<p>Il y avait foule sous la cour vitr\u00e9e des Beaux-Arts de Paris. Une foule h\u00e9t\u00e9roclite. D\u2019un cot\u00e9 des \u00e9tudiants, jeunes dipl\u00f4m\u00e9s de la rue Bonaparte et affili\u00e9s. De l\u2019autre des collectionneurs d\u2019art de renom et sans doute des financiers influents. Ce 23 mars on f\u00eatait en effet la 11e \u00e9dition du prix Jean-Francois Prat. Et le prix Jean-Francois Prat est celui de la fondation Bredin-Prat \u00e9manation d\u2019un des plus grands cabinets d\u2019avocats d\u2019affaires fran\u00e7ais. Sp\u00e9cialisation : fusions acquisitions. Aline Prat a cr\u00e9\u00e9 ce m\u00e9c\u00e9nat en 2012 \u00e0 la m\u00e9moire de son mari d\u00e9c\u00e9d\u00e9 un an auparavant. Sp\u00e9cialisation : art contemporain. Cible : artiste prometteur.<br><\/p>\n\n\n\n<h2 class=\"wp-block-heading has-large-font-size\">Prix Jean-Francois Prat : laur\u00e9ats Florian Krewer&nbsp;et Marine Wallon<\/h2>\n\n\n\n<p> <br>Le jury \u00e9tait pr\u00e9sid\u00e9 par une autre collectionneuse et pr\u00e9sidente de fondation. \u00c0 savoir Patrizia Sandretto Re Rebaudengo, \u00e0 la t\u00eate de la \u00ab&nbsp;Fondazione&nbsp;\u00bb \u00e9ponyme bas\u00e9e \u00e0 Turin. \u00c0 ses c\u00f4t\u00e9s, les trois rapporteur(e)s Mouna Mekouar, Ga\u00ebl Charbeau et Guy Boyer. Chacun repr\u00e9sentait un finaliste 2022. C\u2019est-\u00e0-dire respectivement Florian Krewer, Pierre Seinturier et Marine Wallon.&nbsp;<\/p>\n\n\n\n<p>Pour la premi\u00e8re fois le prix a couronn\u00e9 deux gagnants. Florian Krewer et Marine Wallon. Un gage de parit\u00e9 ?<\/p>\n\n\n\n<h3 class=\"wp-block-heading\">Florian Krewer le flamboyant<\/h3>\n\n\n\n<figure class=\"wp-block-gallery aligncenter has-nested-images columns-default is-cropped wp-block-gallery-2 is-layout-flex wp-block-gallery-is-layout-flex\">\n<figure class=\"wp-block-image size-full\"><img loading=\"lazy\" decoding=\"async\" width=\"354\" height=\"392\" data-id=\"10356\" src=\"https:\/\/finelife.tv\/fr\/wp-content\/uploads\/2022\/04\/img-src-22httpsfinelife.tvimage.jpg-alt-22Prix-Jean-Francois-Prat-laureats-Florian-Krewer-et-Marine-Wallon-portrait-florian-krewer22.jpg\" alt=\"\" class=\"wp-image-10356\" srcset=\"https:\/\/finelife.tv\/fr\/wp-content\/uploads\/2022\/04\/img-src-22httpsfinelife.tvimage.jpg-alt-22Prix-Jean-Francois-Prat-laureats-Florian-Krewer-et-Marine-Wallon-portrait-florian-krewer22.jpg 354w, https:\/\/finelife.tv\/fr\/wp-content\/uploads\/2022\/04\/img-src-22httpsfinelife.tvimage.jpg-alt-22Prix-Jean-Francois-Prat-laureats-Florian-Krewer-et-Marine-Wallon-portrait-florian-krewer22-271x300.jpg 271w\" sizes=\"auto, (max-width: 354px) 100vw, 354px\" \/><\/figure>\n<\/figure>\n\n\n\n<p>Florian Krewer<br><\/p>\n\n\n\n<p>Florian Krewer est un jeune Allemand au parcours peu acad\u00e9mique. N\u00e9 en 1986 \u00e0 Gerolstein il vit aujourd&rsquo;hui \u00e0 New-York. Mais rien ne laissait pr\u00e9sager cette ascension jusqu\u2019aux quartiers branch\u00e9s du Bronx. En effet Florian Krewer commence sa carri\u00e8re comme apprenti peintre en b\u00e2timent. Ensuite il bifurque vers Cologne et l\u2019architecture o\u00f9 il conna\u00eet la \u00ab&nbsp;r\u00e9v\u00e9lation&nbsp;\u00bb de la peinture -\u00e0 l\u2019huile- et de la couleur \u00e0 l\u2019occasion d\u2019un exercice prescrit par le professeur Nikolaus Bielefeld. Florian Krewer postule alors \u00e0 la prestigieuse Kunstakademie D\u00fcsseldorf o\u00f9, \u00e0 sa grande surprise,  il est admis. Form\u00e9 par Peter Doig, il cr\u00e9\u00e9 une oeuvre aussi flamboyante que Zeitgest  qui s&rsquo;expose de la galerie Michael Werner \u00e0 Londres et New-York, \u00e0 la collection Pinault \u00e0 Paris. <\/p>\n\n\n\n<p>Le prix Jean-Francois Prat le pr\u00e9sente comme un artiste qui peint \u00ab\u00a0la jeunesse et ses pulsions exacerb\u00e9es (l\u2019amour, l\u2019agressivit\u00e9, la pure \u00e9nergie) pour mieux les d\u00e9passer et trouver un terrain d\u2019entente\u00bb.<\/p>\n\n\n\n<h2 class=\"wp-block-heading has-text-align-center\">Le journal d&rsquo;un g\u00e9n\u00e9ration<\/h2>\n\n\n\n<p><\/p>\n\n\n\n<p>Ind\u00e9niablement ce qui frappe chez Florian Krewer est la force de couleurs affirm\u00e9es habitant des personnages dont les formes sugg\u00e8rent une existence h\u00e9sitante. Flamboyance et flottement. Une impression de flottement renforc\u00e9e par le cadrage et le travail des fonds. Les figures semblent en distanciation par rapport aux \u00ab&nbsp;paysages\u00bb urbains ou plus neutres. Cette distanciation  paradoxalement n\u2019entame pas l\u2019intention narrative. Florian Krewer peint sa vie quotidienne et ses amis. Et cela se voit et se re\u00e7oit bien comme un journal intime et un t\u00e9moignage sur l\u2019\u00e9poque. <br>La violence et la fragilit\u00e9 \u00e9clatent particuli\u00e8rement  \u00e0 travers la palette des rouges. <br>Florian Krewer invite aussi les  d\u2019animaux dans ses fantasmagories. <br><\/p>\n\n\n\n<p><br><\/p>\n\n\n<div class=\"wp-block-image\">\n<figure class=\"aligncenter size-large\"><img loading=\"lazy\" decoding=\"async\" width=\"742\" height=\"1024\" src=\"https:\/\/finelife.tv\/fr\/wp-content\/uploads\/2022\/04\/img-src-22httpsfinelife.tvimage.jpg-alt-22Prix-Jean-Francois-Prat-laureats-Florian-Krewer-garcon-et-chouette-dawn-tomorrow-742x1024.jpg\" alt=\"\" class=\"wp-image-10374\" srcset=\"https:\/\/finelife.tv\/fr\/wp-content\/uploads\/2022\/04\/img-src-22httpsfinelife.tvimage.jpg-alt-22Prix-Jean-Francois-Prat-laureats-Florian-Krewer-garcon-et-chouette-dawn-tomorrow-742x1024.jpg 742w, https:\/\/finelife.tv\/fr\/wp-content\/uploads\/2022\/04\/img-src-22httpsfinelife.tvimage.jpg-alt-22Prix-Jean-Francois-Prat-laureats-Florian-Krewer-garcon-et-chouette-dawn-tomorrow-217x300.jpg 217w, https:\/\/finelife.tv\/fr\/wp-content\/uploads\/2022\/04\/img-src-22httpsfinelife.tvimage.jpg-alt-22Prix-Jean-Francois-Prat-laureats-Florian-Krewer-garcon-et-chouette-dawn-tomorrow-768x1060.jpg 768w, https:\/\/finelife.tv\/fr\/wp-content\/uploads\/2022\/04\/img-src-22httpsfinelife.tvimage.jpg-alt-22Prix-Jean-Francois-Prat-laureats-Florian-Krewer-garcon-et-chouette-dawn-tomorrow-1113x1536.jpg 1113w, https:\/\/finelife.tv\/fr\/wp-content\/uploads\/2022\/04\/img-src-22httpsfinelife.tvimage.jpg-alt-22Prix-Jean-Francois-Prat-laureats-Florian-Krewer-garcon-et-chouette-dawn-tomorrow-1484x2048.jpg 1484w, https:\/\/finelife.tv\/fr\/wp-content\/uploads\/2022\/04\/img-src-22httpsfinelife.tvimage.jpg-alt-22Prix-Jean-Francois-Prat-laureats-Florian-Krewer-garcon-et-chouette-dawn-tomorrow-scaled.jpg 1856w\" sizes=\"auto, (max-width: 742px) 100vw, 742px\" \/><figcaption class=\"wp-element-caption\">Florian Krewer Dawn tomorrow, 2020<br><\/figcaption><\/figure>\n<\/div>\n\n\n<p><\/p>\n\n\n\n<p>Ainsi Dawn tomorrow repr\u00e9sente un personnage \u00e9clatant de jaune comme la chouette perch\u00e9e sur son \u00e9paule. Tous deux semblent attendre. Complicit\u00e9, intimit\u00e9 entre deux compagnons ou repr\u00e9sentation d\u2019un personnage et son avatar ?<\/p>\n\n\n\n<p>Cette pr\u00e9sence d\u2019animaux sugg\u00e9rerait selon les experts une &nbsp;\u00ab&nbsp;analogie entre l\u2019homme et sa condition originelle&nbsp;\u00bb.  <\/p>\n\n\n\n<p>On se demande ce qu\u2019en penserait Corneille (mouvement Cobra), amateur de couleurs et d\u2019animaux, qui \u00e9crivait une autre \u00e9poque.<br><\/p>\n\n\n\n<h3 class=\"wp-block-heading\">Marine Wallon :  nature, pr\u00e9sence,  dur\u00e9e   <br><\/h3>\n\n\n\n<figure class=\"wp-block-gallery aligncenter has-nested-images columns-default is-cropped wp-block-gallery-3 is-layout-flex wp-block-gallery-is-layout-flex\">\n<figure class=\"wp-block-image size-full\"><img loading=\"lazy\" decoding=\"async\" width=\"437\" height=\"328\" data-id=\"10358\" src=\"https:\/\/finelife.tv\/fr\/wp-content\/uploads\/2022\/04\/img-src-22httpsfinelife.tvimage.jpg-alt-22Prix-Jean-Francois-Prat-laureats-Florian-Krewer-et-Marine-Wallon-portrait-marin-wallon22.jpg\" alt=\"\" class=\"wp-image-10358\" srcset=\"https:\/\/finelife.tv\/fr\/wp-content\/uploads\/2022\/04\/img-src-22httpsfinelife.tvimage.jpg-alt-22Prix-Jean-Francois-Prat-laureats-Florian-Krewer-et-Marine-Wallon-portrait-marin-wallon22.jpg 437w, https:\/\/finelife.tv\/fr\/wp-content\/uploads\/2022\/04\/img-src-22httpsfinelife.tvimage.jpg-alt-22Prix-Jean-Francois-Prat-laureats-Florian-Krewer-et-Marine-Wallon-portrait-marin-wallon22-300x225.jpg 300w\" sizes=\"auto, (max-width: 437px) 100vw, 437px\" \/><\/figure>\n<\/figure>\n\n\n\n<p>Marine Wallon<br><\/p>\n\n\n\n<p>Dipl\u00f4m\u00e9e de l\u2019\u00c9cole Nationale Sup\u00e9rieure des Beaux-Arts de Paris, Marine Wallon est n\u00e9e en 1985 \u00e0 Paris. <br>Son travail exprime beaucoup plus la nature que l\u2019urbanit\u00e9. \u00ab\u00a0Ses \u0153uvres ne cherchent pas tant \u00e0 repr\u00e9senter qu\u2019\u00e0 rendre pr\u00e9sent. Elles nous mettent face \u00e0 la r\u00e9alit\u00e9, \u00e0 la mat\u00e9rialit\u00e9 finie et \u00e0 la toile pour laisser deviner des vues o\u00f9 l\u2019immensit\u00e9 et l\u2019infini de la nature s\u2019imposent \u00e0 l\u2019homme, qui semble toujours en marche vers un but inconnu\u00a0\u00bb.<\/p>\n\n\n\n<p>L\u2019artiste joue avec l\u2019instantan\u00e9 photographique qui sugg\u00e8re l\u2019imminence d\u2019un \u00e9v\u00e9nement. Cette technique questionne la dur\u00e9e et la pr\u00e9sence notions centrales dans son \u0153uvre.<\/p>\n\n\n\n<figure class=\"wp-block-gallery aligncenter has-nested-images columns-default is-cropped wp-block-gallery-4 is-layout-flex wp-block-gallery-is-layout-flex\">\n<figure class=\"wp-block-image size-full\"><img loading=\"lazy\" decoding=\"async\" width=\"744\" height=\"517\" data-id=\"10359\" src=\"https:\/\/finelife.tv\/fr\/wp-content\/uploads\/2022\/04\/img-src-22httpsfinelife.tvimage.jpg-alt-22Prix-Jean-Francois-Prat-laureats-Florian-Krewer-et-Marine-Wallon-tableau-marine-wallon-zelma-mer.jpg\" alt=\"\" class=\"wp-image-10359\" srcset=\"https:\/\/finelife.tv\/fr\/wp-content\/uploads\/2022\/04\/img-src-22httpsfinelife.tvimage.jpg-alt-22Prix-Jean-Francois-Prat-laureats-Florian-Krewer-et-Marine-Wallon-tableau-marine-wallon-zelma-mer.jpg 744w, https:\/\/finelife.tv\/fr\/wp-content\/uploads\/2022\/04\/img-src-22httpsfinelife.tvimage.jpg-alt-22Prix-Jean-Francois-Prat-laureats-Florian-Krewer-et-Marine-Wallon-tableau-marine-wallon-zelma-mer-300x208.jpg 300w\" sizes=\"auto, (max-width: 744px) 100vw, 744px\" \/><figcaption class=\"wp-element-caption\">Marine Wallon Zelma 2021,<br>Huile sur toile<\/figcaption><\/figure>\n<\/figure>\n\n\n\n<h2 class=\"wp-block-heading has-large-font-size\">We Paint : une exposition d\u00e9di\u00e9e \u00e0 la peinture contemporaine  <\/h2>\n\n\n\n<p>Les trois finalistes participent \u00e0 l\u2019exposition We Paint qui r\u00e9unit ceux des \u00e9ditions  pr\u00e9c\u00e9dentes. Au total 33 artistes fran\u00e7ais et \u00e9trangers.<\/p>\n\n\n\n<p>Cette exposition est une illustration du m\u00e9c\u00e9nat de trois ans (2021-2023) du Fonds de dotation Bredin-Prat en faveur des Beaux- Arts. L\u2019engagement comprend quatre piliers. <br>Tout d\u2019abord un soutien de la fili\u00e8re \u00ab&nbsp;Artistes &amp; M\u00e9tiers de l\u2019exposition \u00bb. Ensuite un appui financier au fonds d\u2019aide d\u2019urgence. Et encore la cr\u00e9ation d\u2019une aide \u00e0 la production artistique en faveur des \u00e9tudiants. Enfin la production de nouvelles cimaises d\u2019exposition sous la cour vitr\u00e9e \u00e0 l\u2019occasion de l\u2019exposition \u00ab We Paint \u00bb<\/p>\n\n\n\n<p>.  <\/p>\n\n\n\n<h3 class=\"wp-block-heading\">Une c\u00e9l\u00e9bration de la peinture<\/h3>\n\n\n\n<figure class=\"wp-block-gallery aligncenter has-nested-images columns-default is-cropped wp-block-gallery-5 is-layout-flex wp-block-gallery-is-layout-flex\">\n<figure class=\"wp-block-image size-large\"><img loading=\"lazy\" decoding=\"async\" width=\"768\" height=\"1024\" data-id=\"10371\" src=\"https:\/\/finelife.tv\/fr\/wp-content\/uploads\/2022\/04\/img-src-22httpsfinelife.tvimage.jpg-alt-22Prix-Jean-Francois-Prat-laureats-Florian-Krewer-scenographie-exposition-we-paint22-768x1024.jpg\" alt=\"\" class=\"wp-image-10371\" srcset=\"https:\/\/finelife.tv\/fr\/wp-content\/uploads\/2022\/04\/img-src-22httpsfinelife.tvimage.jpg-alt-22Prix-Jean-Francois-Prat-laureats-Florian-Krewer-scenographie-exposition-we-paint22-768x1024.jpg 768w, https:\/\/finelife.tv\/fr\/wp-content\/uploads\/2022\/04\/img-src-22httpsfinelife.tvimage.jpg-alt-22Prix-Jean-Francois-Prat-laureats-Florian-Krewer-scenographie-exposition-we-paint22-225x300.jpg 225w, https:\/\/finelife.tv\/fr\/wp-content\/uploads\/2022\/04\/img-src-22httpsfinelife.tvimage.jpg-alt-22Prix-Jean-Francois-Prat-laureats-Florian-Krewer-scenographie-exposition-we-paint22-1152x1536.jpg 1152w, https:\/\/finelife.tv\/fr\/wp-content\/uploads\/2022\/04\/img-src-22httpsfinelife.tvimage.jpg-alt-22Prix-Jean-Francois-Prat-laureats-Florian-Krewer-scenographie-exposition-we-paint22-1536x2048.jpg 1536w, https:\/\/finelife.tv\/fr\/wp-content\/uploads\/2022\/04\/img-src-22httpsfinelife.tvimage.jpg-alt-22Prix-Jean-Francois-Prat-laureats-Florian-Krewer-scenographie-exposition-we-paint22-scaled.jpg 1920w\" sizes=\"auto, (max-width: 768px) 100vw, 768px\" \/><\/figure>\n<\/figure>\n\n\n\n<p>Exposition We Paint de \/ Sc\u00e9nographie de Cristiano Raimondi<br><\/p>\n\n\n\n<p>We Paint peut-\u00eatre vu comme le troisi\u00e8me rendez-vous d\u2019une \u00ab&nbsp;conversation mondiale autour de la peinture&nbsp;\u00bb. En effet l\u2019exposition des Beaux-Arts de Paris se tient apr\u00e8s <em>Stop Painting !&nbsp;<\/em>\u00e0 la Fondazione Prada (Venise) et <em>Mixing it&nbsp;Up: painting now<\/em>, \u00e0 la Hayward Gallery de Londres, en 2021. Les trois \u00e9v\u00e9nements c\u00e9l\u00e8brent la peinture contemporaine qui s\u2019affirme et se diversifie alors qu\u2019on a pr\u00e9dit de mani\u00e8re r\u00e9currente sa disparition rappellent les organisateurs.<\/p>\n\n\n\n<p>L\u2019exposition We Paint se d\u00e9roule sous le commissariat ind\u00e9pendant de Cristiano Raimondi, qui en assurera \u00e9galement la sc\u00e9nographie.<\/p>\n\n\n\n<p>Une sc\u00e9nographie en arches, passages et recoins comme une d\u00e9ambulation entre univers picturaux. Une palette qui va de l\u2019hyperr\u00e9alisme  aux  \u00ab&nbsp;abstractions sensibles\u00bb.<\/p>\n\n\n\n<h3 class=\"wp-block-heading\">Guillaume  Bresson : drame en jaune <\/h3>\n\n\n\n<figure class=\"wp-block-gallery aligncenter has-nested-images columns-default is-cropped wp-block-gallery-6 is-layout-flex wp-block-gallery-is-layout-flex\">\n<figure class=\"wp-block-image size-large\"><img loading=\"lazy\" decoding=\"async\" width=\"1024\" height=\"687\" data-id=\"10365\" src=\"https:\/\/finelife.tv\/fr\/wp-content\/uploads\/2022\/04\/img-src-22https-finelife.tvimage.jpg-alt-22Prix-Jean-Francois-Prat-laureats-Florian-Krewer-tableau-homme-chemise-jaune-guillaume-bresson-1024x687.jpg\" alt=\"\" class=\"wp-image-10365\" srcset=\"https:\/\/finelife.tv\/fr\/wp-content\/uploads\/2022\/04\/img-src-22https-finelife.tvimage.jpg-alt-22Prix-Jean-Francois-Prat-laureats-Florian-Krewer-tableau-homme-chemise-jaune-guillaume-bresson-1024x687.jpg 1024w, https:\/\/finelife.tv\/fr\/wp-content\/uploads\/2022\/04\/img-src-22https-finelife.tvimage.jpg-alt-22Prix-Jean-Francois-Prat-laureats-Florian-Krewer-tableau-homme-chemise-jaune-guillaume-bresson-300x201.jpg 300w, https:\/\/finelife.tv\/fr\/wp-content\/uploads\/2022\/04\/img-src-22https-finelife.tvimage.jpg-alt-22Prix-Jean-Francois-Prat-laureats-Florian-Krewer-tableau-homme-chemise-jaune-guillaume-bresson-768x515.jpg 768w, https:\/\/finelife.tv\/fr\/wp-content\/uploads\/2022\/04\/img-src-22https-finelife.tvimage.jpg-alt-22Prix-Jean-Francois-Prat-laureats-Florian-Krewer-tableau-homme-chemise-jaune-guillaume-bresson-1536x1031.jpg 1536w, https:\/\/finelife.tv\/fr\/wp-content\/uploads\/2022\/04\/img-src-22https-finelife.tvimage.jpg-alt-22Prix-Jean-Francois-Prat-laureats-Florian-Krewer-tableau-homme-chemise-jaune-guillaume-bresson-2048x1374.jpg 2048w\" sizes=\"auto, (max-width: 1024px) 100vw, 1024px\" \/><\/figure>\n<\/figure>\n\n\n\n<p>Guillaume Bresson <em>Sans Titre, 2013, Courtesy Galerie Nathalie Obadia, Paris\/Bruxelles. (c)&nbsp;Bertrand Huet\/Tutti Images<\/em> <\/p>\n\n\n\n<p>\u00c0 l\u2019entr\u00e9e le tr\u00e8s \u00e9nigmatique tableau de Guillaume Bresson nous saisit. Il raconte ou mieux \u00e9voque. On imaginerait un roman. De quoi est-il question dans ce conciliabule ? De complots violents et foireux ? Ou bien de r\u00e9union politique clandestine ? Une affaire Ill\u00e9gale dans doute. La composition ultra sc\u00e9nique joue les contraires. Ainsi la lumi\u00e8re qui \u00e9claire comme un projecteur la chemise jaune \u00ab\u00e9lectris\u00e9e&nbsp;\u00bb du personnage principal laisse les autres protagonistes dans une presque p\u00e9nombre pensive. Toujours dramaturgique, la position de ce personnage central qui est paradoxalement d\u00e9centr\u00e9. \u00c9galement spectaculaire, la force de conviction qui \u00e9mane du visage. Colossale. Aussi puissante que les \u00e9motions qui s\u2019y lisent. <br><\/p>\n\n\n\n<figure class=\"wp-block-gallery aligncenter has-nested-images columns-default is-cropped wp-block-gallery-7 is-layout-flex wp-block-gallery-is-layout-flex\">\n<figure class=\"wp-block-image size-large\"><img loading=\"lazy\" decoding=\"async\" width=\"1024\" height=\"839\" data-id=\"10370\" src=\"https:\/\/finelife.tv\/fr\/wp-content\/uploads\/2022\/04\/img-src-22httpsfinelife.tvimage.jpg-alt-22Prix-Jean-Francois-Prat-laureats-Florian-Krewe-tableau-maison-rouge-jean-claraq22-1024x839.jpg\" alt=\"\" class=\"wp-image-10370\" srcset=\"https:\/\/finelife.tv\/fr\/wp-content\/uploads\/2022\/04\/img-src-22httpsfinelife.tvimage.jpg-alt-22Prix-Jean-Francois-Prat-laureats-Florian-Krewe-tableau-maison-rouge-jean-claraq22-1024x839.jpg 1024w, https:\/\/finelife.tv\/fr\/wp-content\/uploads\/2022\/04\/img-src-22httpsfinelife.tvimage.jpg-alt-22Prix-Jean-Francois-Prat-laureats-Florian-Krewe-tableau-maison-rouge-jean-claraq22-300x246.jpg 300w, https:\/\/finelife.tv\/fr\/wp-content\/uploads\/2022\/04\/img-src-22httpsfinelife.tvimage.jpg-alt-22Prix-Jean-Francois-Prat-laureats-Florian-Krewe-tableau-maison-rouge-jean-claraq22-768x629.jpg 768w, https:\/\/finelife.tv\/fr\/wp-content\/uploads\/2022\/04\/img-src-22httpsfinelife.tvimage.jpg-alt-22Prix-Jean-Francois-Prat-laureats-Florian-Krewe-tableau-maison-rouge-jean-claraq22.jpg 1318w\" sizes=\"auto, (max-width: 1024px) 100vw, 1024px\" \/><\/figure>\n<\/figure>\n\n\n\n<p>Jean Claracq <em>Alfred Stefenoshi de Bles, 2017<\/em><br><\/p>\n\n\n\n<p>Plus loin la cyborg en bleu de Chlo\u00eb Sa\u00ef Breil-Dupont et les combinaisons (pastel,  fusain,  graphite) de Toyin<em> <\/em>Ojih<em> <\/em>Odutola. \u00c9galement un Jean Claracq qui figure l\u2019un des mottos de ce peintre mixant ic\u00f4ne et art num\u00e9rique \u00e0 savoir : la solitude urbaine. <br><\/p>\n\n\n\n<figure class=\"wp-block-gallery aligncenter has-nested-images columns-default is-cropped wp-block-gallery-8 is-layout-flex wp-block-gallery-is-layout-flex\">\n<figure class=\"wp-block-image size-large\"><img loading=\"lazy\" decoding=\"async\" width=\"1024\" height=\"768\" data-id=\"10366\" src=\"https:\/\/finelife.tv\/fr\/wp-content\/uploads\/2022\/04\/img-src-22httpsfinelife.tvimage.jpg-alt-22Prix-Jean-Francois-Prat-laureats-Florian-Krewer-et-Marine-Wallon-tableau-maisons-pierre-seinturier22-1024x768.jpg\" alt=\"\" class=\"wp-image-10366\" srcset=\"https:\/\/finelife.tv\/fr\/wp-content\/uploads\/2022\/04\/img-src-22httpsfinelife.tvimage.jpg-alt-22Prix-Jean-Francois-Prat-laureats-Florian-Krewer-et-Marine-Wallon-tableau-maisons-pierre-seinturier22-1024x768.jpg 1024w, https:\/\/finelife.tv\/fr\/wp-content\/uploads\/2022\/04\/img-src-22httpsfinelife.tvimage.jpg-alt-22Prix-Jean-Francois-Prat-laureats-Florian-Krewer-et-Marine-Wallon-tableau-maisons-pierre-seinturier22-300x225.jpg 300w, https:\/\/finelife.tv\/fr\/wp-content\/uploads\/2022\/04\/img-src-22httpsfinelife.tvimage.jpg-alt-22Prix-Jean-Francois-Prat-laureats-Florian-Krewer-et-Marine-Wallon-tableau-maisons-pierre-seinturier22-768x576.jpg 768w, https:\/\/finelife.tv\/fr\/wp-content\/uploads\/2022\/04\/img-src-22httpsfinelife.tvimage.jpg-alt-22Prix-Jean-Francois-Prat-laureats-Florian-Krewer-et-Marine-Wallon-tableau-maisons-pierre-seinturier22-1536x1152.jpg 1536w, https:\/\/finelife.tv\/fr\/wp-content\/uploads\/2022\/04\/img-src-22httpsfinelife.tvimage.jpg-alt-22Prix-Jean-Francois-Prat-laureats-Florian-Krewer-et-Marine-Wallon-tableau-maisons-pierre-seinturier22-2048x1536.jpg 2048w\" sizes=\"auto, (max-width: 1024px) 100vw, 1024px\" \/><\/figure>\n<\/figure>\n\n\n\n<p>Pierre Seinturier Untitled 2022 Huile sur toile<br><\/p>\n\n\n\n<p>Sans oublier le triptyque de Pierre Seinturier, finaliste malheureux de ce prix Jean-Francois Prat 2022. <\/p>\n\n\n\n<p><br><\/p>\n\n\n\n<figure class=\"wp-block-gallery aligncenter has-nested-images columns-default is-cropped wp-block-gallery-9 is-layout-flex wp-block-gallery-is-layout-flex\">\n<figure class=\"wp-block-image size-large\"><img loading=\"lazy\" decoding=\"async\" width=\"1024\" height=\"748\" data-id=\"10373\" src=\"https:\/\/finelife.tv\/fr\/wp-content\/uploads\/2022\/04\/img-src-22httpsfinelife.tvimage.jpg-alt-22Prix-Jean-Francois-Prat-laureats-Florian-Krewetableau-loop22-1024x748.jpg\" alt=\"\" class=\"wp-image-10373\" srcset=\"https:\/\/finelife.tv\/fr\/wp-content\/uploads\/2022\/04\/img-src-22httpsfinelife.tvimage.jpg-alt-22Prix-Jean-Francois-Prat-laureats-Florian-Krewetableau-loop22-1024x748.jpg 1024w, https:\/\/finelife.tv\/fr\/wp-content\/uploads\/2022\/04\/img-src-22httpsfinelife.tvimage.jpg-alt-22Prix-Jean-Francois-Prat-laureats-Florian-Krewetableau-loop22-300x219.jpg 300w, https:\/\/finelife.tv\/fr\/wp-content\/uploads\/2022\/04\/img-src-22httpsfinelife.tvimage.jpg-alt-22Prix-Jean-Francois-Prat-laureats-Florian-Krewetableau-loop22-768x561.jpg 768w, https:\/\/finelife.tv\/fr\/wp-content\/uploads\/2022\/04\/img-src-22httpsfinelife.tvimage.jpg-alt-22Prix-Jean-Francois-Prat-laureats-Florian-Krewetableau-loop22-1536x1122.jpg 1536w, https:\/\/finelife.tv\/fr\/wp-content\/uploads\/2022\/04\/img-src-22httpsfinelife.tvimage.jpg-alt-22Prix-Jean-Francois-Prat-laureats-Florian-Krewetableau-loop22-2048x1496.jpg 2048w\" sizes=\"auto, (max-width: 1024px) 100vw, 1024px\" \/><\/figure>\n<\/figure>\n\n\n\n<p>Loop Philippe Decrauzat 2004 acrylique sur toile<br><\/p>\n\n\n\n<p>Cot\u00e9 non figuratif, Loop, une abstention cin\u00e9tique et \u00ab&nbsp;musicale&nbsp;\u00bb de Philippe Decrauzat. Ou encore Echo de Rezi van Lankvek qui \u00e9voque curieusement des bas assembl\u00e9s en arches multiples. Une intention de recyclage pourrait-on malicieusement penser ?<br><\/p>\n\n\n\n<figure class=\"wp-block-gallery aligncenter has-nested-images columns-default is-cropped wp-block-gallery-10 is-layout-flex wp-block-gallery-is-layout-flex\">\n<figure class=\"wp-block-image size-large\"><img loading=\"lazy\" decoding=\"async\" width=\"768\" height=\"1024\" data-id=\"10372\" src=\"https:\/\/finelife.tv\/fr\/wp-content\/uploads\/2022\/04\/img-src-22httpsfinelife.tvimage.jpg-alt-22Prix-Jean-Francois-Prat-laureats-Florian-Krewer-echo-tableau-bas22-768x1024.jpg\" alt=\"\" class=\"wp-image-10372\" srcset=\"https:\/\/finelife.tv\/fr\/wp-content\/uploads\/2022\/04\/img-src-22httpsfinelife.tvimage.jpg-alt-22Prix-Jean-Francois-Prat-laureats-Florian-Krewer-echo-tableau-bas22-768x1024.jpg 768w, https:\/\/finelife.tv\/fr\/wp-content\/uploads\/2022\/04\/img-src-22httpsfinelife.tvimage.jpg-alt-22Prix-Jean-Francois-Prat-laureats-Florian-Krewer-echo-tableau-bas22-225x300.jpg 225w, https:\/\/finelife.tv\/fr\/wp-content\/uploads\/2022\/04\/img-src-22httpsfinelife.tvimage.jpg-alt-22Prix-Jean-Francois-Prat-laureats-Florian-Krewer-echo-tableau-bas22-1152x1536.jpg 1152w, https:\/\/finelife.tv\/fr\/wp-content\/uploads\/2022\/04\/img-src-22httpsfinelife.tvimage.jpg-alt-22Prix-Jean-Francois-Prat-laureats-Florian-Krewer-echo-tableau-bas22-1536x2048.jpg 1536w, https:\/\/finelife.tv\/fr\/wp-content\/uploads\/2022\/04\/img-src-22httpsfinelife.tvimage.jpg-alt-22Prix-Jean-Francois-Prat-laureats-Florian-Krewer-echo-tableau-bas22-scaled.jpg 1920w\" sizes=\"auto, (max-width: 768px) 100vw, 768px\" \/><\/figure>\n<\/figure>\n\n\n\n<p>Rezi van Lankvek Echo 2018 huile sur toile<br><\/p>\n\n\n\n<p>We paint est une expo riche, foisonnante de perspectives. Un bel aper\u00e7u \u00e9galement des peintres contemporains \u00e9mergents parmi les plus prometteurs. <\/p>\n\n\n\n<p><\/p>\n\n\n\n<p>Cr\u00e9dit photo : photo principale <\/p>\n\n\n\n<p>Changes, 2019<br>Huile sur toile \/ Oil on canvas<br>244 x 214 cm \/ 94 x 84.3 in.<br>\uf0d3 Li Qing. Courtesy de l\u2019artiste et du Fonds de dotation Bredin Prat pour l\u2019art contemporains emergents.<\/p>\n\n\n\n<h2 class=\"wp-block-heading has-cyan-bluish-gray-background-color has-background\">                   INFOS<\/h2>\n\n\n\n<p><strong>We paint<\/strong> <\/p>\n\n\n\n<p>\u00c9cole des Beaux-Arts de Paris <\/p>\n\n\n\n<p>14 rue Bonaparte  Paris 75006 <a href=\"https:\/\/www.beauxartsparis.fr\/fr\">https:\/\/www.beauxartsparis.fr\/fr<\/a><\/p>\n\n\n\n<p>Jusqu\u2019au 24 avril 2022 <\/p>\n\n\n\n<p><strong>Prix Jean-Francois Prat<\/strong> <a href=\"http:\/\/prixjeanfrancoisprat.com\/\">http:\/\/prixjeanfrancoisprat.com\/<\/a><\/p>\n\n\n\n<p>Related article Prix Jean-Francois Prat : laur\u00e9ats Florian Krewer&nbsp;et Marine Wallon<\/p>\n\n\n\n<p><strong>Art contemporain : Le Meurice f\u00eate ses 10 ans<\/strong> <strong>de son prix<\/strong> <a href=\"https:\/\/finelife.tv\/fr\/2017\/11\/22\/art-contemporain-le-meurice-fete-les-10-ans-de-son-prix\/\">https:\/\/finelife.tv\/fr\/2017\/11\/22\/art-contemporain-le-meurice-fete-les-10-ans-de-son-prix\/<\/a><\/p>\n\n\n\n<p>Focus <strong>Prix<\/strong> <strong>Marcel Duchamp 2020 : laur\u00e9ate Kapwani KIwanga <\/strong><a href=\"https:\/\/finelife.tv\/fr\/2020\/10\/22\/prix-marcel-duchamp-2020-laureate-kapwani-kiwanga\/\">https:\/\/finelife.tv\/fr\/2020\/10\/22\/prix-marcel-duchamp-2020-laureate-kapwani-kiwanga\/<\/a><\/p>\n\n\n\n<p><strong>Fondation Louis Vuitton La couleur en fugue<\/strong> <a href=\"https:\/\/finelife.tv\/fr\/2022\/05\/09\/fondation-louis-vuitton-la-couleur-en-fugue-met-en-echo-architecture-et-couleur\/\">https:\/\/finelife.tv\/fr\/2022\/05\/09\/fondation-louis-vuitton-la-couleur-en-fugue-met-en-echo-architecture-et-couleur\/<\/a><\/p>\n","protected":false},"excerpt":{"rendered":"<p>Prix Jean-Francois Prat : laur\u00e9ats Florian Krewer\u00a0et Marine Wallon. D\u2019un c\u00f4t\u00e9 le journal d\u2019une g\u00e9n\u00e9ration. De l\u2019autre la confrontation \u00e0 la nature. La peinture est aussi c\u00e9l\u00e9br\u00e9e \u00e0 travers l\u2019exposition We Paint.<\/p>\n","protected":false},"author":1,"featured_media":0,"comment_status":"open","ping_status":"open","sticky":false,"template":"","format":"standard","meta":{"footnotes":""},"categories":[4],"tags":[22,448,3464,68,3466,3465,3467,3463,3469,1909,3461,3462],"class_list":["post-10299","post","type-post","status-publish","format-standard","hentry","category-blog","tag-art","tag-art-contemporain","tag-ecole-des-beaux-arts-de-paris","tag-exposition","tag-exposition-de-peinture","tag-exposition-we-paint","tag-florian-krewer","tag-fondation-bredin-pratt","tag-marine-wallon","tag-peinture","tag-peinture-contemporaine","tag-prix-jean-francois-prat"],"yoast_head":"<!-- This site is optimized with the Yoast SEO plugin v27.5 - https:\/\/yoast.com\/product\/yoast-seo-wordpress\/ -->\n<title>Prix Jean-Francois Prat : laur\u00e9ats Florian Krewer et Marine Wallon - FineLife.tv<\/title>\n<meta name=\"description\" content=\"Prix Jean-Francois Prat : laur\u00e9ats Florian Krewer\u00a0et Marine Wallon .D\u2019un c\u00f4t\u00e9 le journal d\u2019une g\u00e9n\u00e9ration. De l\u2019autre la confrontation \u00e0 la nature. La peinture est aussi c\u00e9l\u00e9br\u00e9e \u00e0 travers l\u2019exposition We Paint.\" \/>\n<meta name=\"robots\" content=\"index, follow, max-snippet:-1, max-image-preview:large, max-video-preview:-1\" \/>\n<link rel=\"canonical\" href=\"https:\/\/finelife.tv\/fr\/2022\/04\/20\/prix-jean-francois-prat-laureats-florian-krewer-et-marine-wallon\/\" \/>\n<meta property=\"og:locale\" content=\"fr_FR\" \/>\n<meta property=\"og:type\" content=\"article\" \/>\n<meta property=\"og:title\" content=\"Prix Jean-Francois Prat : laur\u00e9ats Florian Krewer et Marine Wallon - FineLife.tv\" \/>\n<meta property=\"og:description\" content=\"Prix Jean-Francois Prat : laur\u00e9ats Florian Krewer\u00a0et Marine Wallon .D\u2019un c\u00f4t\u00e9 le journal d\u2019une g\u00e9n\u00e9ration. De l\u2019autre la confrontation \u00e0 la nature. La peinture est aussi c\u00e9l\u00e9br\u00e9e \u00e0 travers l\u2019exposition We Paint.\" \/>\n<meta property=\"og:url\" content=\"https:\/\/finelife.tv\/fr\/2022\/04\/20\/prix-jean-francois-prat-laureats-florian-krewer-et-marine-wallon\/\" \/>\n<meta property=\"og:site_name\" content=\"FineLife.tv\" \/>\n<meta property=\"article:published_time\" content=\"2022-04-20T13:45:37+00:00\" \/>\n<meta property=\"article:modified_time\" content=\"2025-10-23T21:06:26+00:00\" \/>\n<meta property=\"og:image\" content=\"https:\/\/finelife.tv\/fr\/wp-content\/uploads\/2022\/04\/img-src-22httpsfinelife.tvimage.jpg-alt-22Prix-Jean-Francois-Prat-laureats-Florian-Krewer-et-Marine-Wallon22.jpg\" \/>\n\t<meta property=\"og:image:width\" content=\"240\" \/>\n\t<meta property=\"og:image:height\" content=\"284\" \/>\n\t<meta property=\"og:image:type\" content=\"image\/jpeg\" \/>\n<meta name=\"author\" content=\"Leonore\" \/>\n<meta name=\"twitter:card\" content=\"summary_large_image\" \/>\n<meta name=\"twitter:creator\" content=\"@finelifetv\" \/>\n<meta name=\"twitter:site\" content=\"@finelifetv\" \/>\n<meta name=\"twitter:label1\" content=\"\u00c9crit par\" \/>\n\t<meta name=\"twitter:data1\" content=\"Leonore\" \/>\n\t<meta name=\"twitter:label2\" content=\"Dur\u00e9e de lecture estim\u00e9e\" \/>\n\t<meta name=\"twitter:data2\" content=\"9 minutes\" \/>\n<script type=\"application\/ld+json\" class=\"yoast-schema-graph\">{\"@context\":\"https:\\\/\\\/schema.org\",\"@graph\":[{\"@type\":\"Article\",\"@id\":\"https:\\\/\\\/finelife.tv\\\/fr\\\/2022\\\/04\\\/20\\\/prix-jean-francois-prat-laureats-florian-krewer-et-marine-wallon\\\/#article\",\"isPartOf\":{\"@id\":\"https:\\\/\\\/finelife.tv\\\/fr\\\/2022\\\/04\\\/20\\\/prix-jean-francois-prat-laureats-florian-krewer-et-marine-wallon\\\/\"},\"author\":{\"name\":\"Leonore\",\"@id\":\"https:\\\/\\\/finelife.tv\\\/fr\\\/#\\\/schema\\\/person\\\/e3d980b0c0b3dc5af01c3455893c8c52\"},\"headline\":\"Prix Jean-Francois Prat : laur\u00e9ats Florian Krewer et Marine Wallon\",\"datePublished\":\"2022-04-20T13:45:37+00:00\",\"dateModified\":\"2025-10-23T21:06:26+00:00\",\"mainEntityOfPage\":{\"@id\":\"https:\\\/\\\/finelife.tv\\\/fr\\\/2022\\\/04\\\/20\\\/prix-jean-francois-prat-laureats-florian-krewer-et-marine-wallon\\\/\"},\"wordCount\":1472,\"commentCount\":3,\"image\":{\"@id\":\"https:\\\/\\\/finelife.tv\\\/fr\\\/2022\\\/04\\\/20\\\/prix-jean-francois-prat-laureats-florian-krewer-et-marine-wallon\\\/#primaryimage\"},\"thumbnailUrl\":\"https:\\\/\\\/finelife.tv\\\/fr\\\/wp-content\\\/uploads\\\/2022\\\/04\\\/img-src-22httpsfinelife.tvimage.jpg-alt-22Prix-Jean-Francois-Prat-laureats-Florian-Krewer-et-Marine-Wallon22.jpg\",\"keywords\":[\"art\",\"art contemporain\",\"\u00c9cole des Beaux-Arts de Paris\",\"exposition\",\"exposition de peinture\",\"exposition we paint\",\"Florian Krewer\",\"fondation Bredin Pratt\",\"Marine Wallon\",\"peinture\",\"peinture contemporaine\",\"Prix Jean-Fran\u00e7ois Prat\"],\"articleSection\":[\"Blog\"],\"inLanguage\":\"fr-FR\",\"potentialAction\":[{\"@type\":\"CommentAction\",\"name\":\"Comment\",\"target\":[\"https:\\\/\\\/finelife.tv\\\/fr\\\/2022\\\/04\\\/20\\\/prix-jean-francois-prat-laureats-florian-krewer-et-marine-wallon\\\/#respond\"]}]},{\"@type\":\"WebPage\",\"@id\":\"https:\\\/\\\/finelife.tv\\\/fr\\\/2022\\\/04\\\/20\\\/prix-jean-francois-prat-laureats-florian-krewer-et-marine-wallon\\\/\",\"url\":\"https:\\\/\\\/finelife.tv\\\/fr\\\/2022\\\/04\\\/20\\\/prix-jean-francois-prat-laureats-florian-krewer-et-marine-wallon\\\/\",\"name\":\"Prix Jean-Francois Prat : laur\u00e9ats Florian Krewer et Marine Wallon - FineLife.tv\",\"isPartOf\":{\"@id\":\"https:\\\/\\\/finelife.tv\\\/fr\\\/#website\"},\"primaryImageOfPage\":{\"@id\":\"https:\\\/\\\/finelife.tv\\\/fr\\\/2022\\\/04\\\/20\\\/prix-jean-francois-prat-laureats-florian-krewer-et-marine-wallon\\\/#primaryimage\"},\"image\":{\"@id\":\"https:\\\/\\\/finelife.tv\\\/fr\\\/2022\\\/04\\\/20\\\/prix-jean-francois-prat-laureats-florian-krewer-et-marine-wallon\\\/#primaryimage\"},\"thumbnailUrl\":\"https:\\\/\\\/finelife.tv\\\/fr\\\/wp-content\\\/uploads\\\/2022\\\/04\\\/img-src-22httpsfinelife.tvimage.jpg-alt-22Prix-Jean-Francois-Prat-laureats-Florian-Krewer-et-Marine-Wallon22.jpg\",\"datePublished\":\"2022-04-20T13:45:37+00:00\",\"dateModified\":\"2025-10-23T21:06:26+00:00\",\"author\":{\"@id\":\"https:\\\/\\\/finelife.tv\\\/fr\\\/#\\\/schema\\\/person\\\/e3d980b0c0b3dc5af01c3455893c8c52\"},\"description\":\"Prix Jean-Francois Prat : laur\u00e9ats Florian Krewer\u00a0et Marine Wallon .D\u2019un c\u00f4t\u00e9 le journal d\u2019une g\u00e9n\u00e9ration. De l\u2019autre la confrontation \u00e0 la nature. La peinture est aussi c\u00e9l\u00e9br\u00e9e \u00e0 travers l\u2019exposition We Paint.\",\"breadcrumb\":{\"@id\":\"https:\\\/\\\/finelife.tv\\\/fr\\\/2022\\\/04\\\/20\\\/prix-jean-francois-prat-laureats-florian-krewer-et-marine-wallon\\\/#breadcrumb\"},\"inLanguage\":\"fr-FR\",\"potentialAction\":[{\"@type\":\"ReadAction\",\"target\":[\"https:\\\/\\\/finelife.tv\\\/fr\\\/2022\\\/04\\\/20\\\/prix-jean-francois-prat-laureats-florian-krewer-et-marine-wallon\\\/\"]}]},{\"@type\":\"ImageObject\",\"inLanguage\":\"fr-FR\",\"@id\":\"https:\\\/\\\/finelife.tv\\\/fr\\\/2022\\\/04\\\/20\\\/prix-jean-francois-prat-laureats-florian-krewer-et-marine-wallon\\\/#primaryimage\",\"url\":\"https:\\\/\\\/finelife.tv\\\/fr\\\/wp-content\\\/uploads\\\/2022\\\/04\\\/img-src-22httpsfinelife.tvimage.jpg-alt-22Prix-Jean-Francois-Prat-laureats-Florian-Krewer-et-Marine-Wallon22.jpg\",\"contentUrl\":\"https:\\\/\\\/finelife.tv\\\/fr\\\/wp-content\\\/uploads\\\/2022\\\/04\\\/img-src-22httpsfinelife.tvimage.jpg-alt-22Prix-Jean-Francois-Prat-laureats-Florian-Krewer-et-Marine-Wallon22.jpg\",\"width\":240,\"height\":284},{\"@type\":\"BreadcrumbList\",\"@id\":\"https:\\\/\\\/finelife.tv\\\/fr\\\/2022\\\/04\\\/20\\\/prix-jean-francois-prat-laureats-florian-krewer-et-marine-wallon\\\/#breadcrumb\",\"itemListElement\":[{\"@type\":\"ListItem\",\"position\":1,\"name\":\"Accueil\",\"item\":\"https:\\\/\\\/finelife.tv\\\/fr\\\/\"},{\"@type\":\"ListItem\",\"position\":2,\"name\":\"Prix Jean-Francois Prat : laur\u00e9ats Florian Krewer et Marine Wallon\"}]},{\"@type\":\"WebSite\",\"@id\":\"https:\\\/\\\/finelife.tv\\\/fr\\\/#website\",\"url\":\"https:\\\/\\\/finelife.tv\\\/fr\\\/\",\"name\":\"FineLife.tv\",\"description\":\"Quand l&#039;Art de vivre croise l&#039;Art de penser\",\"potentialAction\":[{\"@type\":\"SearchAction\",\"target\":{\"@type\":\"EntryPoint\",\"urlTemplate\":\"https:\\\/\\\/finelife.tv\\\/fr\\\/?s={search_term_string}\"},\"query-input\":{\"@type\":\"PropertyValueSpecification\",\"valueRequired\":true,\"valueName\":\"search_term_string\"}}],\"inLanguage\":\"fr-FR\"},{\"@type\":\"Person\",\"@id\":\"https:\\\/\\\/finelife.tv\\\/fr\\\/#\\\/schema\\\/person\\\/e3d980b0c0b3dc5af01c3455893c8c52\",\"name\":\"Leonore\",\"image\":{\"@type\":\"ImageObject\",\"inLanguage\":\"fr-FR\",\"@id\":\"https:\\\/\\\/secure.gravatar.com\\\/avatar\\\/9a2e5073417479f910ffdeee54da5ccf4f91eab62746ce0ae0e81124a9491a79?s=96&d=mm&r=g\",\"url\":\"https:\\\/\\\/secure.gravatar.com\\\/avatar\\\/9a2e5073417479f910ffdeee54da5ccf4f91eab62746ce0ae0e81124a9491a79?s=96&d=mm&r=g\",\"contentUrl\":\"https:\\\/\\\/secure.gravatar.com\\\/avatar\\\/9a2e5073417479f910ffdeee54da5ccf4f91eab62746ce0ae0e81124a9491a79?s=96&d=mm&r=g\",\"caption\":\"Leonore\"}}]}<\/script>\n<!-- \/ Yoast SEO plugin. -->","yoast_head_json":{"title":"Prix Jean-Francois Prat : laur\u00e9ats Florian Krewer et Marine Wallon - FineLife.tv","description":"Prix Jean-Francois Prat : laur\u00e9ats Florian Krewer\u00a0et Marine Wallon .D\u2019un c\u00f4t\u00e9 le journal d\u2019une g\u00e9n\u00e9ration. De l\u2019autre la confrontation \u00e0 la nature. La peinture est aussi c\u00e9l\u00e9br\u00e9e \u00e0 travers l\u2019exposition We Paint.","robots":{"index":"index","follow":"follow","max-snippet":"max-snippet:-1","max-image-preview":"max-image-preview:large","max-video-preview":"max-video-preview:-1"},"canonical":"https:\/\/finelife.tv\/fr\/2022\/04\/20\/prix-jean-francois-prat-laureats-florian-krewer-et-marine-wallon\/","og_locale":"fr_FR","og_type":"article","og_title":"Prix Jean-Francois Prat : laur\u00e9ats Florian Krewer et Marine Wallon - FineLife.tv","og_description":"Prix Jean-Francois Prat : laur\u00e9ats Florian Krewer\u00a0et Marine Wallon .D\u2019un c\u00f4t\u00e9 le journal d\u2019une g\u00e9n\u00e9ration. De l\u2019autre la confrontation \u00e0 la nature. La peinture est aussi c\u00e9l\u00e9br\u00e9e \u00e0 travers l\u2019exposition We Paint.","og_url":"https:\/\/finelife.tv\/fr\/2022\/04\/20\/prix-jean-francois-prat-laureats-florian-krewer-et-marine-wallon\/","og_site_name":"FineLife.tv","article_published_time":"2022-04-20T13:45:37+00:00","article_modified_time":"2025-10-23T21:06:26+00:00","og_image":[{"width":240,"height":284,"url":"https:\/\/finelife.tv\/fr\/wp-content\/uploads\/2022\/04\/img-src-22httpsfinelife.tvimage.jpg-alt-22Prix-Jean-Francois-Prat-laureats-Florian-Krewer-et-Marine-Wallon22.jpg","type":"image\/jpeg"}],"author":"Leonore","twitter_card":"summary_large_image","twitter_creator":"@finelifetv","twitter_site":"@finelifetv","twitter_misc":{"\u00c9crit par":"Leonore","Dur\u00e9e de lecture estim\u00e9e":"9 minutes"},"schema":{"@context":"https:\/\/schema.org","@graph":[{"@type":"Article","@id":"https:\/\/finelife.tv\/fr\/2022\/04\/20\/prix-jean-francois-prat-laureats-florian-krewer-et-marine-wallon\/#article","isPartOf":{"@id":"https:\/\/finelife.tv\/fr\/2022\/04\/20\/prix-jean-francois-prat-laureats-florian-krewer-et-marine-wallon\/"},"author":{"name":"Leonore","@id":"https:\/\/finelife.tv\/fr\/#\/schema\/person\/e3d980b0c0b3dc5af01c3455893c8c52"},"headline":"Prix Jean-Francois Prat : laur\u00e9ats Florian Krewer et Marine Wallon","datePublished":"2022-04-20T13:45:37+00:00","dateModified":"2025-10-23T21:06:26+00:00","mainEntityOfPage":{"@id":"https:\/\/finelife.tv\/fr\/2022\/04\/20\/prix-jean-francois-prat-laureats-florian-krewer-et-marine-wallon\/"},"wordCount":1472,"commentCount":3,"image":{"@id":"https:\/\/finelife.tv\/fr\/2022\/04\/20\/prix-jean-francois-prat-laureats-florian-krewer-et-marine-wallon\/#primaryimage"},"thumbnailUrl":"https:\/\/finelife.tv\/fr\/wp-content\/uploads\/2022\/04\/img-src-22httpsfinelife.tvimage.jpg-alt-22Prix-Jean-Francois-Prat-laureats-Florian-Krewer-et-Marine-Wallon22.jpg","keywords":["art","art contemporain","\u00c9cole des Beaux-Arts de Paris","exposition","exposition de peinture","exposition we paint","Florian Krewer","fondation Bredin Pratt","Marine Wallon","peinture","peinture contemporaine","Prix Jean-Fran\u00e7ois Prat"],"articleSection":["Blog"],"inLanguage":"fr-FR","potentialAction":[{"@type":"CommentAction","name":"Comment","target":["https:\/\/finelife.tv\/fr\/2022\/04\/20\/prix-jean-francois-prat-laureats-florian-krewer-et-marine-wallon\/#respond"]}]},{"@type":"WebPage","@id":"https:\/\/finelife.tv\/fr\/2022\/04\/20\/prix-jean-francois-prat-laureats-florian-krewer-et-marine-wallon\/","url":"https:\/\/finelife.tv\/fr\/2022\/04\/20\/prix-jean-francois-prat-laureats-florian-krewer-et-marine-wallon\/","name":"Prix Jean-Francois Prat : laur\u00e9ats Florian Krewer et Marine Wallon - FineLife.tv","isPartOf":{"@id":"https:\/\/finelife.tv\/fr\/#website"},"primaryImageOfPage":{"@id":"https:\/\/finelife.tv\/fr\/2022\/04\/20\/prix-jean-francois-prat-laureats-florian-krewer-et-marine-wallon\/#primaryimage"},"image":{"@id":"https:\/\/finelife.tv\/fr\/2022\/04\/20\/prix-jean-francois-prat-laureats-florian-krewer-et-marine-wallon\/#primaryimage"},"thumbnailUrl":"https:\/\/finelife.tv\/fr\/wp-content\/uploads\/2022\/04\/img-src-22httpsfinelife.tvimage.jpg-alt-22Prix-Jean-Francois-Prat-laureats-Florian-Krewer-et-Marine-Wallon22.jpg","datePublished":"2022-04-20T13:45:37+00:00","dateModified":"2025-10-23T21:06:26+00:00","author":{"@id":"https:\/\/finelife.tv\/fr\/#\/schema\/person\/e3d980b0c0b3dc5af01c3455893c8c52"},"description":"Prix Jean-Francois Prat : laur\u00e9ats Florian Krewer\u00a0et Marine Wallon .D\u2019un c\u00f4t\u00e9 le journal d\u2019une g\u00e9n\u00e9ration. De l\u2019autre la confrontation \u00e0 la nature. La peinture est aussi c\u00e9l\u00e9br\u00e9e \u00e0 travers l\u2019exposition We Paint.","breadcrumb":{"@id":"https:\/\/finelife.tv\/fr\/2022\/04\/20\/prix-jean-francois-prat-laureats-florian-krewer-et-marine-wallon\/#breadcrumb"},"inLanguage":"fr-FR","potentialAction":[{"@type":"ReadAction","target":["https:\/\/finelife.tv\/fr\/2022\/04\/20\/prix-jean-francois-prat-laureats-florian-krewer-et-marine-wallon\/"]}]},{"@type":"ImageObject","inLanguage":"fr-FR","@id":"https:\/\/finelife.tv\/fr\/2022\/04\/20\/prix-jean-francois-prat-laureats-florian-krewer-et-marine-wallon\/#primaryimage","url":"https:\/\/finelife.tv\/fr\/wp-content\/uploads\/2022\/04\/img-src-22httpsfinelife.tvimage.jpg-alt-22Prix-Jean-Francois-Prat-laureats-Florian-Krewer-et-Marine-Wallon22.jpg","contentUrl":"https:\/\/finelife.tv\/fr\/wp-content\/uploads\/2022\/04\/img-src-22httpsfinelife.tvimage.jpg-alt-22Prix-Jean-Francois-Prat-laureats-Florian-Krewer-et-Marine-Wallon22.jpg","width":240,"height":284},{"@type":"BreadcrumbList","@id":"https:\/\/finelife.tv\/fr\/2022\/04\/20\/prix-jean-francois-prat-laureats-florian-krewer-et-marine-wallon\/#breadcrumb","itemListElement":[{"@type":"ListItem","position":1,"name":"Accueil","item":"https:\/\/finelife.tv\/fr\/"},{"@type":"ListItem","position":2,"name":"Prix Jean-Francois Prat : laur\u00e9ats Florian Krewer et Marine Wallon"}]},{"@type":"WebSite","@id":"https:\/\/finelife.tv\/fr\/#website","url":"https:\/\/finelife.tv\/fr\/","name":"FineLife.tv","description":"Quand l&#039;Art de vivre croise l&#039;Art de penser","potentialAction":[{"@type":"SearchAction","target":{"@type":"EntryPoint","urlTemplate":"https:\/\/finelife.tv\/fr\/?s={search_term_string}"},"query-input":{"@type":"PropertyValueSpecification","valueRequired":true,"valueName":"search_term_string"}}],"inLanguage":"fr-FR"},{"@type":"Person","@id":"https:\/\/finelife.tv\/fr\/#\/schema\/person\/e3d980b0c0b3dc5af01c3455893c8c52","name":"Leonore","image":{"@type":"ImageObject","inLanguage":"fr-FR","@id":"https:\/\/secure.gravatar.com\/avatar\/9a2e5073417479f910ffdeee54da5ccf4f91eab62746ce0ae0e81124a9491a79?s=96&d=mm&r=g","url":"https:\/\/secure.gravatar.com\/avatar\/9a2e5073417479f910ffdeee54da5ccf4f91eab62746ce0ae0e81124a9491a79?s=96&d=mm&r=g","contentUrl":"https:\/\/secure.gravatar.com\/avatar\/9a2e5073417479f910ffdeee54da5ccf4f91eab62746ce0ae0e81124a9491a79?s=96&d=mm&r=g","caption":"Leonore"}}]}},"_links":{"self":[{"href":"https:\/\/finelife.tv\/fr\/wp-json\/wp\/v2\/posts\/10299","targetHints":{"allow":["GET"]}}],"collection":[{"href":"https:\/\/finelife.tv\/fr\/wp-json\/wp\/v2\/posts"}],"about":[{"href":"https:\/\/finelife.tv\/fr\/wp-json\/wp\/v2\/types\/post"}],"author":[{"embeddable":true,"href":"https:\/\/finelife.tv\/fr\/wp-json\/wp\/v2\/users\/1"}],"replies":[{"embeddable":true,"href":"https:\/\/finelife.tv\/fr\/wp-json\/wp\/v2\/comments?post=10299"}],"version-history":[{"count":76,"href":"https:\/\/finelife.tv\/fr\/wp-json\/wp\/v2\/posts\/10299\/revisions"}],"predecessor-version":[{"id":24467,"href":"https:\/\/finelife.tv\/fr\/wp-json\/wp\/v2\/posts\/10299\/revisions\/24467"}],"wp:attachment":[{"href":"https:\/\/finelife.tv\/fr\/wp-json\/wp\/v2\/media?parent=10299"}],"wp:term":[{"taxonomy":"category","embeddable":true,"href":"https:\/\/finelife.tv\/fr\/wp-json\/wp\/v2\/categories?post=10299"},{"taxonomy":"post_tag","embeddable":true,"href":"https:\/\/finelife.tv\/fr\/wp-json\/wp\/v2\/tags?post=10299"}],"curies":[{"name":"wp","href":"https:\/\/api.w.org\/{rel}","templated":true}]}}