{"id":10619,"date":"2022-05-01T22:22:34","date_gmt":"2022-05-01T20:22:34","guid":{"rendered":"https:\/\/finelife.tv\/fr\/?p=10619"},"modified":"2022-05-29T14:13:45","modified_gmt":"2022-05-29T12:13:45","slug":"helene-delprat-seme-un-chaos-dore-a-marmottan","status":"publish","type":"post","link":"https:\/\/finelife.tv\/fr\/2022\/05\/01\/helene-delprat-seme-un-chaos-dore-a-marmottan\/","title":{"rendered":"H\u00e9l\u00e8ne Delprat s\u00e8me un chaos dor\u00e9 \u00e0 Marmottan"},"content":{"rendered":"\n<figure class=\"wp-block-gallery aligncenter has-nested-images columns-default is-cropped wp-block-gallery-1 is-layout-flex wp-block-gallery-is-layout-flex\">\n<figure class=\"wp-block-image size-full\"><img loading=\"lazy\" decoding=\"async\" width=\"737\" height=\"550\" data-id=\"10641\" src=\"https:\/\/finelife.tv\/fr\/wp-content\/uploads\/2022\/05\/img-src-22https-finelife.tvimage.jpg-alt-22Helene-Delprat-seme-un-chaos-dore-a-Marmottan22.jpg\" alt=\"\" class=\"wp-image-10641\" srcset=\"https:\/\/finelife.tv\/fr\/wp-content\/uploads\/2022\/05\/img-src-22https-finelife.tvimage.jpg-alt-22Helene-Delprat-seme-un-chaos-dore-a-Marmottan22.jpg 737w, https:\/\/finelife.tv\/fr\/wp-content\/uploads\/2022\/05\/img-src-22https-finelife.tvimage.jpg-alt-22Helene-Delprat-seme-un-chaos-dore-a-Marmottan22-300x224.jpg 300w\" sizes=\"auto, (max-width: 737px) 100vw, 737px\" \/><\/figure>\n<\/figure>\n\n\n\n<p><strong>H\u00e9l\u00e8ne Delprat s\u00e8me un chaos dor\u00e9 \u00e0 Marmottan.  Avec \u00ab&nbsp;Conversation autour d\u2019une table&nbsp;\u00bb la plasticienne d\u00e9tourne les codes de la guerre et du faste Empire en un petit th\u00e9\u00e2tre kitsch de la col\u00e8re.<\/strong><\/p>\n\n\n\n<p>Le mus\u00e9e Marmottan rime avec impressionnisme. Les touristes s\u2019aventurent dans ce 16e profond et vert proche du bois de Boulogne pour admirer les Monet. Parfois ils y croisent l\u2019art contemporain comme une surprise. <strong><strong>\u00c9<\/strong>rik&nbsp;Desmazi\u00e8res<\/strong>, directeur  depuis 2020, organise en effet des \u00ab&nbsp;Rencontres inattendues&nbsp;\u00bb. Pour cette cinqui\u00e8me \u00e9dition il a donn\u00e9 carte blanche \u00e0 Helene Delprat. Elle a vu rouge et livr\u00e9 une oeuvre toute en dorures.<\/p>\n\n\n\n<p>\u00ab&nbsp;Pour la premi\u00e8re fois une artiste n\u2019a pas voulu choisir une oeuvre mais le lieu entier&nbsp;\u00bb note <strong>Laurence<\/strong> <strong>Bertrand<\/strong> <strong>Dorl\u00e9ac<\/strong> commissaire de l\u2019exposition. Et le lieu c\u2019est le mus\u00e9e, un h\u00f4tel particulier-pavillon de chasse \u00e0 la gloire de l\u2019Empire. On y respire  un air de faste et de guerre.<\/p>\n\n\n\n<p><\/p>\n\n\n\n<h2 class=\"has-large-font-size wp-block-heading\">Un chaos dor\u00e9 comme une col\u00e8re<\/h2>\n\n\n<div class=\"wp-block-image\">\n<figure class=\"aligncenter size-large\"><img loading=\"lazy\" decoding=\"async\" width=\"1024\" height=\"848\" src=\"https:\/\/finelife.tv\/fr\/wp-content\/uploads\/2022\/05\/img-src-22https-finelife.tvimage.jpg-alt-22Helene-Delprat-seme-un-chaos-dore-a-Marmottan-conversation-autour-de-table22-1024x848.jpg\" alt=\"\" class=\"wp-image-10642\" srcset=\"https:\/\/finelife.tv\/fr\/wp-content\/uploads\/2022\/05\/img-src-22https-finelife.tvimage.jpg-alt-22Helene-Delprat-seme-un-chaos-dore-a-Marmottan-conversation-autour-de-table22-1024x848.jpg 1024w, https:\/\/finelife.tv\/fr\/wp-content\/uploads\/2022\/05\/img-src-22https-finelife.tvimage.jpg-alt-22Helene-Delprat-seme-un-chaos-dore-a-Marmottan-conversation-autour-de-table22-300x248.jpg 300w, https:\/\/finelife.tv\/fr\/wp-content\/uploads\/2022\/05\/img-src-22https-finelife.tvimage.jpg-alt-22Helene-Delprat-seme-un-chaos-dore-a-Marmottan-conversation-autour-de-table22-768x636.jpg 768w, https:\/\/finelife.tv\/fr\/wp-content\/uploads\/2022\/05\/img-src-22https-finelife.tvimage.jpg-alt-22Helene-Delprat-seme-un-chaos-dore-a-Marmottan-conversation-autour-de-table22-1536x1272.jpg 1536w, https:\/\/finelife.tv\/fr\/wp-content\/uploads\/2022\/05\/img-src-22https-finelife.tvimage.jpg-alt-22Helene-Delprat-seme-un-chaos-dore-a-Marmottan-conversation-autour-de-table22-2048x1696.jpg 2048w\" sizes=\"auto, (max-width: 1024px) 100vw, 1024px\" \/><figcaption>Conversation autour d\u2019une table l\u2019installation d\u2019H\u00e9l\u00e8ne Delprat<\/figcaption><\/figure>\n<\/div>\n\n\n<p><br><\/p>\n\n\n\n<p>Deux choses qui irriguent H\u00e9l\u00e8ne Delprat de col\u00e8re. <br>Veste \u00e0 carreaux, cheveux ultra courts, \u0153il et corps en (perp\u00e9tuel ?) mouvement, la plasticienne accueille pr\u00e8s de la table comme l\u2019h\u00f4tesse d\u2019un d\u00eener. Car oui son Interpr\u00e9tation du lieu est une table. Pourquoi une table? Peut-\u00eatre parce que la table symbolise l\u2019apparat de l\u2019Empire. Ou bien parce que c\u2019est autour d\u2019une table que l\u2019on d\u00e9cidait de guerres. Ou encore parce que c\u2019est sur une table que Napol\u00e9on et ses g\u00e9n\u00e9raux posaient leurs plans de campagne.<\/p>\n\n\n\n<p>La plasticienne, elle, y d\u00e9pose un chaos dor\u00e9. Un buste d\u00e9tourn\u00e9 de l\u2019orf\u00e8vre Pierre-Philippe Thomire, une \u00e9p\u00e9e, un char. Mais elle essaime aussi une flop\u00e9e de bacchantes, putti et autres d\u00e9esses d\u00e9nud\u00e9es. C\u2019est toute une brocante blingbling qui s\u2019\u00e9tale. Le tout en c\u00e9ramique dor\u00e9e. Une exp\u00e9rience pour cette artiste connue pour ses peintures et ses vid\u00e9os.<br>\u00ab&nbsp;On ne va pas faire un \u00e9tat des lieux. Mais   tout cela renvoie \u00e0 la col\u00e8re face \u00e0 la guerre&nbsp;\u00bb. Les motifs muraux inspir\u00e9s des vitrines des commer\u00e7ants durant le premier conflit  mondial illustrent pleinement la th\u00e9matique. Mais quid des pieds en bois qui soutiennent la table entre chaines et bouteilles ?<\/p>\n\n\n\n<figure class=\"wp-block-gallery aligncenter has-nested-images columns-default is-cropped wp-block-gallery-2 is-layout-flex wp-block-gallery-is-layout-flex\">\n<figure class=\"wp-block-image size-large\"><img loading=\"lazy\" decoding=\"async\" width=\"929\" height=\"1024\" data-id=\"10643\" src=\"https:\/\/finelife.tv\/fr\/wp-content\/uploads\/2022\/05\/img-src-22https-finelife.tvimage.jpg-alt-22Helene-Delprat-seme-un-chaos-dore-a-Marmottan-conversation-autour-table-pied-en-bois22-929x1024.jpg\" alt=\"\" class=\"wp-image-10643\" srcset=\"https:\/\/finelife.tv\/fr\/wp-content\/uploads\/2022\/05\/img-src-22https-finelife.tvimage.jpg-alt-22Helene-Delprat-seme-un-chaos-dore-a-Marmottan-conversation-autour-table-pied-en-bois22-929x1024.jpg 929w, https:\/\/finelife.tv\/fr\/wp-content\/uploads\/2022\/05\/img-src-22https-finelife.tvimage.jpg-alt-22Helene-Delprat-seme-un-chaos-dore-a-Marmottan-conversation-autour-table-pied-en-bois22-272x300.jpg 272w, https:\/\/finelife.tv\/fr\/wp-content\/uploads\/2022\/05\/img-src-22https-finelife.tvimage.jpg-alt-22Helene-Delprat-seme-un-chaos-dore-a-Marmottan-conversation-autour-table-pied-en-bois22-768x846.jpg 768w, https:\/\/finelife.tv\/fr\/wp-content\/uploads\/2022\/05\/img-src-22https-finelife.tvimage.jpg-alt-22Helene-Delprat-seme-un-chaos-dore-a-Marmottan-conversation-autour-table-pied-en-bois22-1394x1536.jpg 1394w, https:\/\/finelife.tv\/fr\/wp-content\/uploads\/2022\/05\/img-src-22https-finelife.tvimage.jpg-alt-22Helene-Delprat-seme-un-chaos-dore-a-Marmottan-conversation-autour-table-pied-en-bois22-1858x2048.jpg 1858w\" sizes=\"auto, (max-width: 929px) 100vw, 929px\" \/><\/figure>\n<\/figure>\n\n\n\n<h2 class=\"has-large-font-size wp-block-heading\">D\u00e9tournement et \u00ab&nbsp;esth\u00e9tique du superflu&nbsp;\u00bb<\/h2>\n\n\n\n<p>\u00ab&nbsp;Un peu de vrai parmi tout ce superflu&nbsp;\u00bb souffle-t-elle. Le superflu : autre source de l\u2019ire d\u2019H\u00e9l\u00e8ne Delprat. Un faste qui se retrouve sur les murs avec les \u00abtapisseries&nbsp;\u00bb l\u00e9opard et les sculptures en polyester, mat\u00e9riau clef de l\u2019installation avec la c\u00e9ramique.<\/p>\n\n\n\n<figure class=\"wp-block-gallery aligncenter has-nested-images columns-default is-cropped wp-block-gallery-3 is-layout-flex wp-block-gallery-is-layout-flex\">\n<figure class=\"wp-block-image size-large\"><img loading=\"lazy\" decoding=\"async\" width=\"905\" height=\"1024\" data-id=\"10645\" src=\"https:\/\/finelife.tv\/fr\/wp-content\/uploads\/2022\/05\/img-src-22https-finelife.tvimage.jpg-alt-22Helene-Delprat-seme-un-chaos-dore-a-Marmottan-photo-helene-delprat-et-eric-desmazieres22-905x1024.jpg\" alt=\"\" class=\"wp-image-10645\" srcset=\"https:\/\/finelife.tv\/fr\/wp-content\/uploads\/2022\/05\/img-src-22https-finelife.tvimage.jpg-alt-22Helene-Delprat-seme-un-chaos-dore-a-Marmottan-photo-helene-delprat-et-eric-desmazieres22-905x1024.jpg 905w, https:\/\/finelife.tv\/fr\/wp-content\/uploads\/2022\/05\/img-src-22https-finelife.tvimage.jpg-alt-22Helene-Delprat-seme-un-chaos-dore-a-Marmottan-photo-helene-delprat-et-eric-desmazieres22-265x300.jpg 265w, https:\/\/finelife.tv\/fr\/wp-content\/uploads\/2022\/05\/img-src-22https-finelife.tvimage.jpg-alt-22Helene-Delprat-seme-un-chaos-dore-a-Marmottan-photo-helene-delprat-et-eric-desmazieres22-768x869.jpg 768w, https:\/\/finelife.tv\/fr\/wp-content\/uploads\/2022\/05\/img-src-22https-finelife.tvimage.jpg-alt-22Helene-Delprat-seme-un-chaos-dore-a-Marmottan-photo-helene-delprat-et-eric-desmazieres22-1357x1536.jpg 1357w, https:\/\/finelife.tv\/fr\/wp-content\/uploads\/2022\/05\/img-src-22https-finelife.tvimage.jpg-alt-22Helene-Delprat-seme-un-chaos-dore-a-Marmottan-photo-helene-delprat-et-eric-desmazieres22-1809x2048.jpg 1809w\" sizes=\"auto, (max-width: 905px) 100vw, 905px\" \/><\/figure>\n<\/figure>\n\n\n\n<p>Helene Delprat et \u00c9rik Desmazieres devant un d\u00e9tournement des vitrines prot\u00e9g\u00e9es des commerces pendant la premi\u00e8re guerre mondiale<br><\/p>\n\n\n\n<p>H\u00e9l\u00e8ne Delprat s\u2019est d\u00e9tourn\u00e9e de Claude Monet. Elle a aussi d\u00e9tourn\u00e9 Thomire, les vitrines de 14-18, les d\u00e9cors. Ce petit th\u00e9\u00e2tre de la col\u00e8re et du chaos est une belle Illustration du d\u00e9tournement, la marque de fabrique de l\u2019artiste.<\/p>\n\n\n\n<h2 class=\"has-cyan-bluish-gray-background-color has-background has-large-font-size wp-block-heading\">                     INFOS<\/h2>\n\n\n\n<p><strong>Conversation autour d\u2019une table<\/strong>  Mus\u00e9e Marmottan-Monet du 26 avril au 16 octobre 2022 <a href=\"https:\/\/www.marmottan.fr\/\">https:\/\/www.marmottan.fr\/<\/a><\/p>\n\n\n\n<p>Photo principale Portrait d\u2019H\u00e9l\u00e8ne Delprat au mus\u00e9e&nbsp;Marmotan&nbsp;Monet&nbsp;2022 \u00a9 Val\u00e9rie&nbsp;Sonnier<\/p>\n\n\n\n<p>Related article H\u00e9l\u00e8ne Delprat s\u00e8me un chaos dor\u00e9 \u00e0 Marmottan<\/p>\n\n\n\n<p><strong>Ben \u00catre libre &#8211; Chamarande<\/strong> <a href=\"https:\/\/finelife.tv\/fr\/2020\/09\/07\/ben-etre-libre-chamarande\/\">https:\/\/finelife.tv\/fr\/2020\/09\/07\/ben-etre-libre-chamarande\/<\/a><\/p>\n\n\n\n<p><strong>Annette Messager : dans l\u2019intimit\u00e9 de Giacometti <\/strong><a href=\"https:\/\/finelife.tv\/fr\/2018\/10\/24\/nos-chambres-annette-messager-dans-lintimite-de-giacometti\/\">https:\/\/finelife.tv\/fr\/2018\/10\/24\/nos-chambres-annette-messager-dans-lintimite-de-giacometti\/<\/a><\/p>\n","protected":false},"excerpt":{"rendered":"<p>H\u00e9l\u00e8ne Delprat s\u00e8me un chaos dor\u00e9 \u00e0 Marmottan. Avec \u00ab\u00a0Conversation autour d\u2019une table\u00a0\u00bb la plasticienne d\u00e9tourne les codes de la guerre et du faste Empire en petit th\u00e9\u00e2tre de la col\u00e8re<\/p>\n","protected":false},"author":1,"featured_media":0,"comment_status":"open","ping_status":"open","sticky":false,"template":"","format":"standard","meta":{"footnotes":""},"categories":[4],"tags":[22,448,3507,3509,68,3506,3502,3505,3508],"class_list":["post-10619","post","type-post","status-publish","format-standard","hentry","category-blog","tag-art","tag-art-contemporain","tag-artistes","tag-artistes-plasticiens","tag-exposition","tag-exposition-conversation-autour-dune-table","tag-helene-delprat","tag-musee-marmottan-monet","tag-plasticiens"],"yoast_head":"<!-- This site is optimized with the Yoast SEO plugin v27.5 - https:\/\/yoast.com\/product\/yoast-seo-wordpress\/ -->\n<title>H\u00e9l\u00e8ne Delprat s\u00e8me un chaos dor\u00e9 \u00e0 Marmottan - FineLife.tv<\/title>\n<meta name=\"description\" content=\"H\u00e9l\u00e8ne Delprat s\u00e8me un chaos dor\u00e9 \u00e0 Marmottan. Avec \u00ab\u00a0Conversation autour d\u2019une table\u00a0\u00bb la plasticienne d\u00e9tourne les codes de la guerre et du faste Empire en un petit th\u00e9\u00e2tre de la col\u00e8re\" \/>\n<meta name=\"robots\" content=\"index, follow, max-snippet:-1, max-image-preview:large, max-video-preview:-1\" \/>\n<link rel=\"canonical\" href=\"https:\/\/finelife.tv\/fr\/2022\/05\/01\/helene-delprat-seme-un-chaos-dore-a-marmottan\/\" \/>\n<meta property=\"og:locale\" content=\"fr_FR\" \/>\n<meta property=\"og:type\" content=\"article\" \/>\n<meta property=\"og:title\" content=\"H\u00e9l\u00e8ne Delprat s\u00e8me un chaos dor\u00e9 \u00e0 Marmottan - FineLife.tv\" \/>\n<meta property=\"og:description\" content=\"H\u00e9l\u00e8ne Delprat s\u00e8me un chaos dor\u00e9 \u00e0 Marmottan. Avec \u00ab\u00a0Conversation autour d\u2019une table\u00a0\u00bb la plasticienne d\u00e9tourne les codes de la guerre et du faste Empire en un petit th\u00e9\u00e2tre de la col\u00e8re\" \/>\n<meta property=\"og:url\" content=\"https:\/\/finelife.tv\/fr\/2022\/05\/01\/helene-delprat-seme-un-chaos-dore-a-marmottan\/\" \/>\n<meta property=\"og:site_name\" content=\"FineLife.tv\" \/>\n<meta property=\"article:published_time\" content=\"2022-05-01T20:22:34+00:00\" \/>\n<meta property=\"article:modified_time\" content=\"2022-05-29T12:13:45+00:00\" \/>\n<meta property=\"og:image\" content=\"https:\/\/finelife.tv\/fr\/wp-content\/uploads\/2022\/05\/img-src-22https-finelife.tvimage.jpg-alt-22Helene-Delprat-seme-un-chaos-dore-a-Marmottan22.jpg\" \/>\n<meta name=\"author\" content=\"Leonore\" \/>\n<meta name=\"twitter:card\" content=\"summary_large_image\" \/>\n<meta name=\"twitter:creator\" content=\"@finelifetv\" \/>\n<meta name=\"twitter:site\" content=\"@finelifetv\" \/>\n<meta name=\"twitter:label1\" content=\"\u00c9crit par\" \/>\n\t<meta name=\"twitter:data1\" content=\"Leonore\" \/>\n\t<meta name=\"twitter:label2\" content=\"Dur\u00e9e de lecture estim\u00e9e\" \/>\n\t<meta name=\"twitter:data2\" content=\"4 minutes\" \/>\n<script type=\"application\/ld+json\" class=\"yoast-schema-graph\">{\"@context\":\"https:\\\/\\\/schema.org\",\"@graph\":[{\"@type\":\"Article\",\"@id\":\"https:\\\/\\\/finelife.tv\\\/fr\\\/2022\\\/05\\\/01\\\/helene-delprat-seme-un-chaos-dore-a-marmottan\\\/#article\",\"isPartOf\":{\"@id\":\"https:\\\/\\\/finelife.tv\\\/fr\\\/2022\\\/05\\\/01\\\/helene-delprat-seme-un-chaos-dore-a-marmottan\\\/\"},\"author\":{\"name\":\"Leonore\",\"@id\":\"https:\\\/\\\/finelife.tv\\\/fr\\\/#\\\/schema\\\/person\\\/e3d980b0c0b3dc5af01c3455893c8c52\"},\"headline\":\"H\u00e9l\u00e8ne Delprat s\u00e8me un chaos dor\u00e9 \u00e0 Marmottan\",\"datePublished\":\"2022-05-01T20:22:34+00:00\",\"dateModified\":\"2022-05-29T12:13:45+00:00\",\"mainEntityOfPage\":{\"@id\":\"https:\\\/\\\/finelife.tv\\\/fr\\\/2022\\\/05\\\/01\\\/helene-delprat-seme-un-chaos-dore-a-marmottan\\\/\"},\"wordCount\":634,\"commentCount\":2,\"image\":{\"@id\":\"https:\\\/\\\/finelife.tv\\\/fr\\\/2022\\\/05\\\/01\\\/helene-delprat-seme-un-chaos-dore-a-marmottan\\\/#primaryimage\"},\"thumbnailUrl\":\"https:\\\/\\\/finelife.tv\\\/fr\\\/wp-content\\\/uploads\\\/2022\\\/05\\\/img-src-22https-finelife.tvimage.jpg-alt-22Helene-Delprat-seme-un-chaos-dore-a-Marmottan22.jpg\",\"keywords\":[\"art\",\"art contemporain\",\"artistes\",\"artistes plasticiens\",\"exposition\",\"exposition conversation autour d\u2019une table\",\"H\u00e9l\u00e8ne Delprat\",\"Mus\u00e9e Marmottan Monet\",\"plasticiens\"],\"articleSection\":[\"Blog\"],\"inLanguage\":\"fr-FR\",\"potentialAction\":[{\"@type\":\"CommentAction\",\"name\":\"Comment\",\"target\":[\"https:\\\/\\\/finelife.tv\\\/fr\\\/2022\\\/05\\\/01\\\/helene-delprat-seme-un-chaos-dore-a-marmottan\\\/#respond\"]}]},{\"@type\":\"WebPage\",\"@id\":\"https:\\\/\\\/finelife.tv\\\/fr\\\/2022\\\/05\\\/01\\\/helene-delprat-seme-un-chaos-dore-a-marmottan\\\/\",\"url\":\"https:\\\/\\\/finelife.tv\\\/fr\\\/2022\\\/05\\\/01\\\/helene-delprat-seme-un-chaos-dore-a-marmottan\\\/\",\"name\":\"H\u00e9l\u00e8ne Delprat s\u00e8me un chaos dor\u00e9 \u00e0 Marmottan - FineLife.tv\",\"isPartOf\":{\"@id\":\"https:\\\/\\\/finelife.tv\\\/fr\\\/#website\"},\"primaryImageOfPage\":{\"@id\":\"https:\\\/\\\/finelife.tv\\\/fr\\\/2022\\\/05\\\/01\\\/helene-delprat-seme-un-chaos-dore-a-marmottan\\\/#primaryimage\"},\"image\":{\"@id\":\"https:\\\/\\\/finelife.tv\\\/fr\\\/2022\\\/05\\\/01\\\/helene-delprat-seme-un-chaos-dore-a-marmottan\\\/#primaryimage\"},\"thumbnailUrl\":\"https:\\\/\\\/finelife.tv\\\/fr\\\/wp-content\\\/uploads\\\/2022\\\/05\\\/img-src-22https-finelife.tvimage.jpg-alt-22Helene-Delprat-seme-un-chaos-dore-a-Marmottan22.jpg\",\"datePublished\":\"2022-05-01T20:22:34+00:00\",\"dateModified\":\"2022-05-29T12:13:45+00:00\",\"author\":{\"@id\":\"https:\\\/\\\/finelife.tv\\\/fr\\\/#\\\/schema\\\/person\\\/e3d980b0c0b3dc5af01c3455893c8c52\"},\"description\":\"H\u00e9l\u00e8ne Delprat s\u00e8me un chaos dor\u00e9 \u00e0 Marmottan. Avec \u00ab\u00a0Conversation autour d\u2019une table\u00a0\u00bb la plasticienne d\u00e9tourne les codes de la guerre et du faste Empire en un petit th\u00e9\u00e2tre de la col\u00e8re\",\"breadcrumb\":{\"@id\":\"https:\\\/\\\/finelife.tv\\\/fr\\\/2022\\\/05\\\/01\\\/helene-delprat-seme-un-chaos-dore-a-marmottan\\\/#breadcrumb\"},\"inLanguage\":\"fr-FR\",\"potentialAction\":[{\"@type\":\"ReadAction\",\"target\":[\"https:\\\/\\\/finelife.tv\\\/fr\\\/2022\\\/05\\\/01\\\/helene-delprat-seme-un-chaos-dore-a-marmottan\\\/\"]}]},{\"@type\":\"ImageObject\",\"inLanguage\":\"fr-FR\",\"@id\":\"https:\\\/\\\/finelife.tv\\\/fr\\\/2022\\\/05\\\/01\\\/helene-delprat-seme-un-chaos-dore-a-marmottan\\\/#primaryimage\",\"url\":\"https:\\\/\\\/finelife.tv\\\/fr\\\/wp-content\\\/uploads\\\/2022\\\/05\\\/img-src-22https-finelife.tvimage.jpg-alt-22Helene-Delprat-seme-un-chaos-dore-a-Marmottan22.jpg\",\"contentUrl\":\"https:\\\/\\\/finelife.tv\\\/fr\\\/wp-content\\\/uploads\\\/2022\\\/05\\\/img-src-22https-finelife.tvimage.jpg-alt-22Helene-Delprat-seme-un-chaos-dore-a-Marmottan22.jpg\",\"width\":737,\"height\":550},{\"@type\":\"BreadcrumbList\",\"@id\":\"https:\\\/\\\/finelife.tv\\\/fr\\\/2022\\\/05\\\/01\\\/helene-delprat-seme-un-chaos-dore-a-marmottan\\\/#breadcrumb\",\"itemListElement\":[{\"@type\":\"ListItem\",\"position\":1,\"name\":\"Accueil\",\"item\":\"https:\\\/\\\/finelife.tv\\\/fr\\\/\"},{\"@type\":\"ListItem\",\"position\":2,\"name\":\"H\u00e9l\u00e8ne Delprat s\u00e8me un chaos dor\u00e9 \u00e0 Marmottan\"}]},{\"@type\":\"WebSite\",\"@id\":\"https:\\\/\\\/finelife.tv\\\/fr\\\/#website\",\"url\":\"https:\\\/\\\/finelife.tv\\\/fr\\\/\",\"name\":\"FineLife.tv\",\"description\":\"Quand l&#039;Art de vivre croise l&#039;Art de penser\",\"potentialAction\":[{\"@type\":\"SearchAction\",\"target\":{\"@type\":\"EntryPoint\",\"urlTemplate\":\"https:\\\/\\\/finelife.tv\\\/fr\\\/?s={search_term_string}\"},\"query-input\":{\"@type\":\"PropertyValueSpecification\",\"valueRequired\":true,\"valueName\":\"search_term_string\"}}],\"inLanguage\":\"fr-FR\"},{\"@type\":\"Person\",\"@id\":\"https:\\\/\\\/finelife.tv\\\/fr\\\/#\\\/schema\\\/person\\\/e3d980b0c0b3dc5af01c3455893c8c52\",\"name\":\"Leonore\",\"image\":{\"@type\":\"ImageObject\",\"inLanguage\":\"fr-FR\",\"@id\":\"https:\\\/\\\/secure.gravatar.com\\\/avatar\\\/9a2e5073417479f910ffdeee54da5ccf4f91eab62746ce0ae0e81124a9491a79?s=96&d=mm&r=g\",\"url\":\"https:\\\/\\\/secure.gravatar.com\\\/avatar\\\/9a2e5073417479f910ffdeee54da5ccf4f91eab62746ce0ae0e81124a9491a79?s=96&d=mm&r=g\",\"contentUrl\":\"https:\\\/\\\/secure.gravatar.com\\\/avatar\\\/9a2e5073417479f910ffdeee54da5ccf4f91eab62746ce0ae0e81124a9491a79?s=96&d=mm&r=g\",\"caption\":\"Leonore\"}}]}<\/script>\n<!-- \/ Yoast SEO plugin. -->","yoast_head_json":{"title":"H\u00e9l\u00e8ne Delprat s\u00e8me un chaos dor\u00e9 \u00e0 Marmottan - FineLife.tv","description":"H\u00e9l\u00e8ne Delprat s\u00e8me un chaos dor\u00e9 \u00e0 Marmottan. Avec \u00ab\u00a0Conversation autour d\u2019une table\u00a0\u00bb la plasticienne d\u00e9tourne les codes de la guerre et du faste Empire en un petit th\u00e9\u00e2tre de la col\u00e8re","robots":{"index":"index","follow":"follow","max-snippet":"max-snippet:-1","max-image-preview":"max-image-preview:large","max-video-preview":"max-video-preview:-1"},"canonical":"https:\/\/finelife.tv\/fr\/2022\/05\/01\/helene-delprat-seme-un-chaos-dore-a-marmottan\/","og_locale":"fr_FR","og_type":"article","og_title":"H\u00e9l\u00e8ne Delprat s\u00e8me un chaos dor\u00e9 \u00e0 Marmottan - FineLife.tv","og_description":"H\u00e9l\u00e8ne Delprat s\u00e8me un chaos dor\u00e9 \u00e0 Marmottan. Avec \u00ab\u00a0Conversation autour d\u2019une table\u00a0\u00bb la plasticienne d\u00e9tourne les codes de la guerre et du faste Empire en un petit th\u00e9\u00e2tre de la col\u00e8re","og_url":"https:\/\/finelife.tv\/fr\/2022\/05\/01\/helene-delprat-seme-un-chaos-dore-a-marmottan\/","og_site_name":"FineLife.tv","article_published_time":"2022-05-01T20:22:34+00:00","article_modified_time":"2022-05-29T12:13:45+00:00","og_image":[{"url":"https:\/\/finelife.tv\/fr\/wp-content\/uploads\/2022\/05\/img-src-22https-finelife.tvimage.jpg-alt-22Helene-Delprat-seme-un-chaos-dore-a-Marmottan22.jpg","type":"","width":"","height":""}],"author":"Leonore","twitter_card":"summary_large_image","twitter_creator":"@finelifetv","twitter_site":"@finelifetv","twitter_misc":{"\u00c9crit par":"Leonore","Dur\u00e9e de lecture estim\u00e9e":"4 minutes"},"schema":{"@context":"https:\/\/schema.org","@graph":[{"@type":"Article","@id":"https:\/\/finelife.tv\/fr\/2022\/05\/01\/helene-delprat-seme-un-chaos-dore-a-marmottan\/#article","isPartOf":{"@id":"https:\/\/finelife.tv\/fr\/2022\/05\/01\/helene-delprat-seme-un-chaos-dore-a-marmottan\/"},"author":{"name":"Leonore","@id":"https:\/\/finelife.tv\/fr\/#\/schema\/person\/e3d980b0c0b3dc5af01c3455893c8c52"},"headline":"H\u00e9l\u00e8ne Delprat s\u00e8me un chaos dor\u00e9 \u00e0 Marmottan","datePublished":"2022-05-01T20:22:34+00:00","dateModified":"2022-05-29T12:13:45+00:00","mainEntityOfPage":{"@id":"https:\/\/finelife.tv\/fr\/2022\/05\/01\/helene-delprat-seme-un-chaos-dore-a-marmottan\/"},"wordCount":634,"commentCount":2,"image":{"@id":"https:\/\/finelife.tv\/fr\/2022\/05\/01\/helene-delprat-seme-un-chaos-dore-a-marmottan\/#primaryimage"},"thumbnailUrl":"https:\/\/finelife.tv\/fr\/wp-content\/uploads\/2022\/05\/img-src-22https-finelife.tvimage.jpg-alt-22Helene-Delprat-seme-un-chaos-dore-a-Marmottan22.jpg","keywords":["art","art contemporain","artistes","artistes plasticiens","exposition","exposition conversation autour d\u2019une table","H\u00e9l\u00e8ne Delprat","Mus\u00e9e Marmottan Monet","plasticiens"],"articleSection":["Blog"],"inLanguage":"fr-FR","potentialAction":[{"@type":"CommentAction","name":"Comment","target":["https:\/\/finelife.tv\/fr\/2022\/05\/01\/helene-delprat-seme-un-chaos-dore-a-marmottan\/#respond"]}]},{"@type":"WebPage","@id":"https:\/\/finelife.tv\/fr\/2022\/05\/01\/helene-delprat-seme-un-chaos-dore-a-marmottan\/","url":"https:\/\/finelife.tv\/fr\/2022\/05\/01\/helene-delprat-seme-un-chaos-dore-a-marmottan\/","name":"H\u00e9l\u00e8ne Delprat s\u00e8me un chaos dor\u00e9 \u00e0 Marmottan - FineLife.tv","isPartOf":{"@id":"https:\/\/finelife.tv\/fr\/#website"},"primaryImageOfPage":{"@id":"https:\/\/finelife.tv\/fr\/2022\/05\/01\/helene-delprat-seme-un-chaos-dore-a-marmottan\/#primaryimage"},"image":{"@id":"https:\/\/finelife.tv\/fr\/2022\/05\/01\/helene-delprat-seme-un-chaos-dore-a-marmottan\/#primaryimage"},"thumbnailUrl":"https:\/\/finelife.tv\/fr\/wp-content\/uploads\/2022\/05\/img-src-22https-finelife.tvimage.jpg-alt-22Helene-Delprat-seme-un-chaos-dore-a-Marmottan22.jpg","datePublished":"2022-05-01T20:22:34+00:00","dateModified":"2022-05-29T12:13:45+00:00","author":{"@id":"https:\/\/finelife.tv\/fr\/#\/schema\/person\/e3d980b0c0b3dc5af01c3455893c8c52"},"description":"H\u00e9l\u00e8ne Delprat s\u00e8me un chaos dor\u00e9 \u00e0 Marmottan. Avec \u00ab\u00a0Conversation autour d\u2019une table\u00a0\u00bb la plasticienne d\u00e9tourne les codes de la guerre et du faste Empire en un petit th\u00e9\u00e2tre de la col\u00e8re","breadcrumb":{"@id":"https:\/\/finelife.tv\/fr\/2022\/05\/01\/helene-delprat-seme-un-chaos-dore-a-marmottan\/#breadcrumb"},"inLanguage":"fr-FR","potentialAction":[{"@type":"ReadAction","target":["https:\/\/finelife.tv\/fr\/2022\/05\/01\/helene-delprat-seme-un-chaos-dore-a-marmottan\/"]}]},{"@type":"ImageObject","inLanguage":"fr-FR","@id":"https:\/\/finelife.tv\/fr\/2022\/05\/01\/helene-delprat-seme-un-chaos-dore-a-marmottan\/#primaryimage","url":"https:\/\/finelife.tv\/fr\/wp-content\/uploads\/2022\/05\/img-src-22https-finelife.tvimage.jpg-alt-22Helene-Delprat-seme-un-chaos-dore-a-Marmottan22.jpg","contentUrl":"https:\/\/finelife.tv\/fr\/wp-content\/uploads\/2022\/05\/img-src-22https-finelife.tvimage.jpg-alt-22Helene-Delprat-seme-un-chaos-dore-a-Marmottan22.jpg","width":737,"height":550},{"@type":"BreadcrumbList","@id":"https:\/\/finelife.tv\/fr\/2022\/05\/01\/helene-delprat-seme-un-chaos-dore-a-marmottan\/#breadcrumb","itemListElement":[{"@type":"ListItem","position":1,"name":"Accueil","item":"https:\/\/finelife.tv\/fr\/"},{"@type":"ListItem","position":2,"name":"H\u00e9l\u00e8ne Delprat s\u00e8me un chaos dor\u00e9 \u00e0 Marmottan"}]},{"@type":"WebSite","@id":"https:\/\/finelife.tv\/fr\/#website","url":"https:\/\/finelife.tv\/fr\/","name":"FineLife.tv","description":"Quand l&#039;Art de vivre croise l&#039;Art de penser","potentialAction":[{"@type":"SearchAction","target":{"@type":"EntryPoint","urlTemplate":"https:\/\/finelife.tv\/fr\/?s={search_term_string}"},"query-input":{"@type":"PropertyValueSpecification","valueRequired":true,"valueName":"search_term_string"}}],"inLanguage":"fr-FR"},{"@type":"Person","@id":"https:\/\/finelife.tv\/fr\/#\/schema\/person\/e3d980b0c0b3dc5af01c3455893c8c52","name":"Leonore","image":{"@type":"ImageObject","inLanguage":"fr-FR","@id":"https:\/\/secure.gravatar.com\/avatar\/9a2e5073417479f910ffdeee54da5ccf4f91eab62746ce0ae0e81124a9491a79?s=96&d=mm&r=g","url":"https:\/\/secure.gravatar.com\/avatar\/9a2e5073417479f910ffdeee54da5ccf4f91eab62746ce0ae0e81124a9491a79?s=96&d=mm&r=g","contentUrl":"https:\/\/secure.gravatar.com\/avatar\/9a2e5073417479f910ffdeee54da5ccf4f91eab62746ce0ae0e81124a9491a79?s=96&d=mm&r=g","caption":"Leonore"}}]}},"_links":{"self":[{"href":"https:\/\/finelife.tv\/fr\/wp-json\/wp\/v2\/posts\/10619","targetHints":{"allow":["GET"]}}],"collection":[{"href":"https:\/\/finelife.tv\/fr\/wp-json\/wp\/v2\/posts"}],"about":[{"href":"https:\/\/finelife.tv\/fr\/wp-json\/wp\/v2\/types\/post"}],"author":[{"embeddable":true,"href":"https:\/\/finelife.tv\/fr\/wp-json\/wp\/v2\/users\/1"}],"replies":[{"embeddable":true,"href":"https:\/\/finelife.tv\/fr\/wp-json\/wp\/v2\/comments?post=10619"}],"version-history":[{"count":29,"href":"https:\/\/finelife.tv\/fr\/wp-json\/wp\/v2\/posts\/10619\/revisions"}],"predecessor-version":[{"id":11086,"href":"https:\/\/finelife.tv\/fr\/wp-json\/wp\/v2\/posts\/10619\/revisions\/11086"}],"wp:attachment":[{"href":"https:\/\/finelife.tv\/fr\/wp-json\/wp\/v2\/media?parent=10619"}],"wp:term":[{"taxonomy":"category","embeddable":true,"href":"https:\/\/finelife.tv\/fr\/wp-json\/wp\/v2\/categories?post=10619"},{"taxonomy":"post_tag","embeddable":true,"href":"https:\/\/finelife.tv\/fr\/wp-json\/wp\/v2\/tags?post=10619"}],"curies":[{"name":"wp","href":"https:\/\/api.w.org\/{rel}","templated":true}]}}