{"id":10662,"date":"2022-05-09T19:13:16","date_gmt":"2022-05-09T17:13:16","guid":{"rendered":"https:\/\/finelife.tv\/fr\/?p=10662"},"modified":"2023-11-01T20:40:48","modified_gmt":"2023-11-01T19:40:48","slug":"fondation-louis-vuitton-la-couleur-en-fugue-met-en-echo-architecture-et-couleur","status":"publish","type":"post","link":"https:\/\/finelife.tv\/fr\/2022\/05\/09\/fondation-louis-vuitton-la-couleur-en-fugue-met-en-echo-architecture-et-couleur\/","title":{"rendered":"Fondation Louis Vuitton La couleur en fugue met en \u00e9cho architecture et couleur"},"content":{"rendered":"\n<figure class=\"wp-block-gallery has-nested-images columns-default is-cropped wp-block-gallery-1 is-layout-flex wp-block-gallery-is-layout-flex\">\n<figure class=\"wp-block-image size-large\"><img loading=\"lazy\" decoding=\"async\" width=\"819\" height=\"1024\" data-id=\"10692\" src=\"https:\/\/finelife.tv\/fr\/wp-content\/uploads\/2022\/05\/img-src-22https-finelife.tvimage.jpg-alt-22Fondation-Louis-Vuitton-La-couleur-en-fugue-met-en-echo-architecture-et-couleur22-819x1024.jpg\" alt=\"\" class=\"wp-image-10692\" srcset=\"https:\/\/finelife.tv\/fr\/wp-content\/uploads\/2022\/05\/img-src-22https-finelife.tvimage.jpg-alt-22Fondation-Louis-Vuitton-La-couleur-en-fugue-met-en-echo-architecture-et-couleur22-819x1024.jpg 819w, https:\/\/finelife.tv\/fr\/wp-content\/uploads\/2022\/05\/img-src-22https-finelife.tvimage.jpg-alt-22Fondation-Louis-Vuitton-La-couleur-en-fugue-met-en-echo-architecture-et-couleur22-240x300.jpg 240w, https:\/\/finelife.tv\/fr\/wp-content\/uploads\/2022\/05\/img-src-22https-finelife.tvimage.jpg-alt-22Fondation-Louis-Vuitton-La-couleur-en-fugue-met-en-echo-architecture-et-couleur22-768x960.jpg 768w, https:\/\/finelife.tv\/fr\/wp-content\/uploads\/2022\/05\/img-src-22https-finelife.tvimage.jpg-alt-22Fondation-Louis-Vuitton-La-couleur-en-fugue-met-en-echo-architecture-et-couleur22-1229x1536.jpg 1229w, https:\/\/finelife.tv\/fr\/wp-content\/uploads\/2022\/05\/img-src-22https-finelife.tvimage.jpg-alt-22Fondation-Louis-Vuitton-La-couleur-en-fugue-met-en-echo-architecture-et-couleur22.jpg 1440w\" sizes=\"auto, (max-width: 819px) 100vw, 819px\" \/><\/figure>\n<\/figure>\n\n\n\n<p>Fondation Louis Vuitton La couleur en fugue met en \u00e9cho architecture et couleur  . L\u2019expo r\u00e9unit 5 artistes qui habitent, habillent ou envahissent le dernier \u00e9tage du b\u00e2timent de Franck Gehry. Discr\u00e8tes ou m\u00e9galomane les couleurs s\u2019affranchissent des supports et int\u00e8grent l\u2019espace, mat\u00e9riaux et sons compris. Spectaculaire  !<\/p>\n\n\n\n<h2 class=\"wp-block-heading has-large-font-size\">Une abstraction tr\u00e8s   physique<\/h2>\n\n\n\n<p>La Fondation Louis Vuitton entend affirmer la vivacit\u00e9 de la peinture dans la cr\u00e9ation contemporaine. \u00c0 l\u2019image notamment des Beaux-Arts de Paris qui, avec We Paint, expose les 33 finalistes des 11 prix Jean-Fran\u00e7ois  Prat. Mais si les Beaux-Arts balaient la palette des possibles du figuratif \u00e0 l\u2019abstrait, la Fondation en revanche restreint ses propositions \u00e0 l\u2019abstraction.  <br>Une abstraction&nbsp;\u00ab&nbsp;physique&nbsp;\u00bb puisque les cinq artistes pr\u00e9sentent des \u0153uvres assez  performatives. Plus pr\u00e9cis\u00e9ment des cr\u00e9ations o\u00f9 le corps s\u2019engage avec plus ou moins de violence dans un dialogue plus ou moins rude avec l\u2019architecture du lieu. <\/p>\n\n\n\n<p> <\/p>\n\n\n\n<h2 class=\"wp-block-heading has-large-font-size\">Peinture : extension du domaine du corps<\/h2>\n\n\n\n<p>Suzanne Pag\u00e9, commissaire de l\u2019exposition La couleur en fugue, souligne la vari\u00e9t\u00e9 des g\u00e9n\u00e9rations et des itin\u00e9raires dans le choix  des artistes.  \u00c0 savoir : Sam Gilliam, Katarina Grosse, Steven Parrino, Megan Rooney et Niele Toroni. La FLV (Fondation Louis Vuitton)  insiste par ailleurs  sur l\u2019influence du Color Field Painting. C\u2019est-\u00e0-dire le mouvement n\u00e9 aux \u00c9tats-Unis dans les ann\u00e9es 40 et 50  qui concevait la couleur comme sujet en lui-m\u00eame.<br>Tous les participants semblent n\u00e9anmoins se rejoindre sur la relation corps et couleurs. Une relation qui fait de la couleur une premi\u00e8re extension du corps ou un d\u00e9bordement.  <br><\/p>\n\n\n\n<figure class=\"wp-block-gallery aligncenter has-nested-images columns-default is-cropped wp-block-gallery-2 is-layout-flex wp-block-gallery-is-layout-flex\">\n<figure class=\"wp-block-image size-large\"><img loading=\"lazy\" decoding=\"async\" width=\"950\" height=\"1024\" data-id=\"10693\" src=\"https:\/\/finelife.tv\/fr\/wp-content\/uploads\/2022\/05\/img-src-22https-finelife.tvimage.jpg-alt-22Fondation-Louis-Vuitton-La-couleur-en-fugue-met-en-echo-architecture-et-couleur-steven-parrino-sculpture-rose22-950x1024.jpg\" alt=\"\" class=\"wp-image-10693\" srcset=\"https:\/\/finelife.tv\/fr\/wp-content\/uploads\/2022\/05\/img-src-22https-finelife.tvimage.jpg-alt-22Fondation-Louis-Vuitton-La-couleur-en-fugue-met-en-echo-architecture-et-couleur-steven-parrino-sculpture-rose22-950x1024.jpg 950w, https:\/\/finelife.tv\/fr\/wp-content\/uploads\/2022\/05\/img-src-22https-finelife.tvimage.jpg-alt-22Fondation-Louis-Vuitton-La-couleur-en-fugue-met-en-echo-architecture-et-couleur-steven-parrino-sculpture-rose22-278x300.jpg 278w, https:\/\/finelife.tv\/fr\/wp-content\/uploads\/2022\/05\/img-src-22https-finelife.tvimage.jpg-alt-22Fondation-Louis-Vuitton-La-couleur-en-fugue-met-en-echo-architecture-et-couleur-steven-parrino-sculpture-rose22-768x827.jpg 768w, https:\/\/finelife.tv\/fr\/wp-content\/uploads\/2022\/05\/img-src-22https-finelife.tvimage.jpg-alt-22Fondation-Louis-Vuitton-La-couleur-en-fugue-met-en-echo-architecture-et-couleur-steven-parrino-sculpture-rose22-1426x1536.jpg 1426w, https:\/\/finelife.tv\/fr\/wp-content\/uploads\/2022\/05\/img-src-22https-finelife.tvimage.jpg-alt-22Fondation-Louis-Vuitton-La-couleur-en-fugue-met-en-echo-architecture-et-couleur-steven-parrino-sculpture-rose22-1901x2048.jpg 1901w\" sizes=\"auto, (max-width: 950px) 100vw, 950px\" \/><\/figure>\n<\/figure>\n\n\n\n<p>Steven Parrino tondi et sculpture Blob<br><\/p>\n\n\n\n<p>On pense par exemple aux projections de Jackson Pollock en regardant les \u0153uvres de Steven Parrino le bad boy de cette bande des 5  improvis\u00e9e et r\u00e9unit le temps d\u2019une exposition. L\u2019artiste utilisait notamment peinture acrylique, huile de moteur et \u00e9mail   puis d\u00e9chirait et tordait la toile avant de l\u2019ins\u00e9rer dans un support. <br><\/p>\n\n\n\n<figure class=\"wp-block-gallery aligncenter has-nested-images columns-default is-cropped wp-block-gallery-3 is-layout-flex wp-block-gallery-is-layout-flex\">\n<figure class=\"wp-block-image size-large\"><img loading=\"lazy\" decoding=\"async\" width=\"768\" height=\"1024\" data-id=\"10694\" src=\"https:\/\/finelife.tv\/fr\/wp-content\/uploads\/2022\/05\/img-src-22https-finelife.tvimage.jpg-alt-22Fondation-Louis-Vuitton-La-couleur-en-fugue-met-en-echo-architecture-et-couleur-kathaeina-grosse-splinter-fresque-murale22-768x1024.jpg\" alt=\"\" class=\"wp-image-10694\" srcset=\"https:\/\/finelife.tv\/fr\/wp-content\/uploads\/2022\/05\/img-src-22https-finelife.tvimage.jpg-alt-22Fondation-Louis-Vuitton-La-couleur-en-fugue-met-en-echo-architecture-et-couleur-kathaeina-grosse-splinter-fresque-murale22-768x1024.jpg 768w, https:\/\/finelife.tv\/fr\/wp-content\/uploads\/2022\/05\/img-src-22https-finelife.tvimage.jpg-alt-22Fondation-Louis-Vuitton-La-couleur-en-fugue-met-en-echo-architecture-et-couleur-kathaeina-grosse-splinter-fresque-murale22-225x300.jpg 225w, https:\/\/finelife.tv\/fr\/wp-content\/uploads\/2022\/05\/img-src-22https-finelife.tvimage.jpg-alt-22Fondation-Louis-Vuitton-La-couleur-en-fugue-met-en-echo-architecture-et-couleur-kathaeina-grosse-splinter-fresque-murale22-1152x1536.jpg 1152w, https:\/\/finelife.tv\/fr\/wp-content\/uploads\/2022\/05\/img-src-22https-finelife.tvimage.jpg-alt-22Fondation-Louis-Vuitton-La-couleur-en-fugue-met-en-echo-architecture-et-couleur-kathaeina-grosse-splinter-fresque-murale22-1536x2048.jpg 1536w, https:\/\/finelife.tv\/fr\/wp-content\/uploads\/2022\/05\/img-src-22https-finelife.tvimage.jpg-alt-22Fondation-Louis-Vuitton-La-couleur-en-fugue-met-en-echo-architecture-et-couleur-kathaeina-grosse-splinter-fresque-murale22-scaled.jpg 1920w\" sizes=\"auto, (max-width: 768px) 100vw, 768px\" \/><\/figure>\n<\/figure>\n\n\n\n<p>Katharina Grosse Splinter<br><\/p>\n\n\n\n<p>De son c\u00f4t\u00e9 l\u2019Allemande Katharina Grosse exploite de multiples m\u00e9diums pour inonder de couleurs ses \u0153uvres. \u00c0 la Fondation  Louis Vuitton elle investit la Galerie 10 qu\u2019elle bombarde au pistolet pulv\u00e9risateur. Un acharnement, une \u00e9nergie qui peut \u00e9voquer les exp\u00e9rimentations d\u2019Hans Hartung, pape de l\u2019abstraction lyrique. Le paysage architectural qu\u2019elle dessine ne rappelle certes pas des nu\u00e9es stellaires de l\u2019Allemand mais un bouillonnement sanguin qui coule comme  une avalanche, se r\u00e9pand comme une mar\u00e9e noire de couleurs. Il y a une jubilation chez Hans Hartung. Chez Katarina Grosse on pourrait plut\u00f4t percevoir une col\u00e8re. Hartung sortait de guerres, Grosse pourrait y entrer (climat, civilisation \u2026)<\/p>\n\n\n\n<p><\/p>\n\n\n\n<h2 class=\"wp-block-heading has-large-font-size\">Couleur en fugue<\/h2>\n\n\n\n<p>Cette extension du corps va jusqu\u2019\u00e0 l\u2019envahissement de l\u2019architecture et la rupture avec le support. <br>Suzanne Pag\u00e9, la commissaire g\u00e9n\u00e9rale, y voit une r\u00e9f\u00e9rence \u00e0 la fugue. Ode \u00e0 la libert\u00e9 \u00e0 la fois musique et \u00e9chapp\u00e9e. La Fondation Louis Vuitton organise r\u00e9guli\u00e8rement des Master class ou des concerts. Par cons\u00e9quent la musique y a toute sa place estime la directrice artistique. Quant aux notions de libert\u00e9, de d\u00e9bordement, elles d\u00e9coulent de la conception du b\u00e2timent telle que l\u2019a voulue l\u2019architecte Franck Gerhy. <br>La FLV  a d\u00e9j\u00e0 command\u00e9 deux \u0153uvres. Ellsworth Kelly a ainsi imagin\u00e9 pour  l\u2019Auditorium une installation permanente o\u00f9 cinq panneaux monochrome \u00abs\u2019essaiment telles des notes de musique&nbsp;\u00bb. De son c\u00f4t\u00e9 \u00d3lafur Ellasson a con\u00e7u un chemin fait d\u2019un halo jaune dans le Grotto.<\/p>\n\n\n\n<p>Cette fois-ci c\u2019est au tour de Katharina Grosse. L\u2019artiste a livr\u00e9 Canyon, une sculpture en p\u00e9tales-rubans de 15 m de long pesant 3,5 tonnes.  L\u2019\u0153uvre va habiter de haut en bas l\u2019espace vide du centre.<\/p>\n\n\n\n<h2 class=\"wp-block-heading has-large-font-size\">Mise en \u00e9cho de l\u2019architecture et de la couleur<\/h2>\n\n\n\n<p>De fait au dernier \u00e9tage du b\u00e2timent l\u2019exposition La couleur  en fugue est une mise en \u00e9coute et en \u00e9cho de la couleur et de l\u2019architecture.<\/p>\n\n\n\n<p>Certaines installations sont modulables et \u00e9voquent un art en kit. Elles rappellent les exp\u00e9rimentations du mouvement Supports\/Surfaces. M\u00eame si encore une fois les organisateurs s\u2019accrochent au Color Field Painting.<\/p>\n\n\n\n<figure class=\"wp-block-gallery aligncenter has-nested-images columns-default is-cropped wp-block-gallery-4 is-layout-flex wp-block-gallery-is-layout-flex\">\n<figure class=\"wp-block-image size-large\"><img loading=\"lazy\" decoding=\"async\" width=\"1024\" height=\"768\" data-id=\"10695\" src=\"https:\/\/finelife.tv\/fr\/wp-content\/uploads\/2022\/05\/img-src-22https-finelife.tvimage.jpg-alt-22Fondation-Louis-Vuitton-La-couleur-en-fugue-met-en-echo-architecture-et-couleur-sam-gillian-baches-drappees22-1024x768.jpg\" alt=\"\" class=\"wp-image-10695\" srcset=\"https:\/\/finelife.tv\/fr\/wp-content\/uploads\/2022\/05\/img-src-22https-finelife.tvimage.jpg-alt-22Fondation-Louis-Vuitton-La-couleur-en-fugue-met-en-echo-architecture-et-couleur-sam-gillian-baches-drappees22-1024x768.jpg 1024w, https:\/\/finelife.tv\/fr\/wp-content\/uploads\/2022\/05\/img-src-22https-finelife.tvimage.jpg-alt-22Fondation-Louis-Vuitton-La-couleur-en-fugue-met-en-echo-architecture-et-couleur-sam-gillian-baches-drappees22-300x225.jpg 300w, https:\/\/finelife.tv\/fr\/wp-content\/uploads\/2022\/05\/img-src-22https-finelife.tvimage.jpg-alt-22Fondation-Louis-Vuitton-La-couleur-en-fugue-met-en-echo-architecture-et-couleur-sam-gillian-baches-drappees22-768x576.jpg 768w, https:\/\/finelife.tv\/fr\/wp-content\/uploads\/2022\/05\/img-src-22https-finelife.tvimage.jpg-alt-22Fondation-Louis-Vuitton-La-couleur-en-fugue-met-en-echo-architecture-et-couleur-sam-gillian-baches-drappees22-1536x1152.jpg 1536w, https:\/\/finelife.tv\/fr\/wp-content\/uploads\/2022\/05\/img-src-22https-finelife.tvimage.jpg-alt-22Fondation-Louis-Vuitton-La-couleur-en-fugue-met-en-echo-architecture-et-couleur-sam-gillian-baches-drappees22-2048x1536.jpg 2048w\" sizes=\"auto, (max-width: 1024px) 100vw, 1024px\" \/><\/figure>\n<\/figure>\n\n\n\n<p>Sam Gilliam Drape paintings<br><\/p>\n\n\n\n<p>Ainsi, les drap\u00e9s de Sam Gilliam \u00e0 travers un jeu de noeuds d\u2019adaptent \u00e0 tous les espace. Les Drape paintings (1968-\u2026) sont des toiles (lin, coton) imbib\u00e9es de peinture sur les deux faces puis pli\u00e9es, froiss\u00e9es tordues et ensuite d\u00e9pli\u00e9es pour un r\u00e9sultat al\u00e9atoire. Une surprise !<\/p>\n\n\n\n<p>De m\u00eame les supports de toile cir\u00e9e de Niele Toroni permettent au Suisse monomaniaque  de d\u00e9ployer ses empreintes invariables en fonction de la dimension du mur. C\u2019est le lieu qui d\u00e9cide.<\/p>\n\n\n\n<p>Un peu plus de perversion en revanche chez les tondi noir et blanc de Steven Parrino qui migrent de leur support initial et les sculptures roses ou argent\u00e9es pos\u00e9es au sol. Les oeuvres de l\u2019artiste semblent jouer les invit\u00e9s sages et observateurs. Jusqu\u2019au moment peut-\u00eatre de percer les murs.   <br><\/p>\n\n\n\n<p>D\u2019autres artistes  investissent l\u2019ensemble de l\u2019espace allou\u00e9.<\/p>\n\n\n\n<p>Katharina Grosse a colonis\u00e9 l\u2019ensemble de la salle 10 avec avec en masterpiece Splinter, une sculpture compos\u00e9e d\u2019une vingtaine de triangles en contreplaqu\u00e9 embo\u00eet\u00e9s sur une structure autoportante. La salle est bombard\u00e9e de couleurs. On marche sur la peinture chaude et lourde avec un d\u00e9but d\u2019angoisse tellurique. <\/p>\n\n\n\n<figure class=\"wp-block-gallery aligncenter has-nested-images columns-default is-cropped wp-block-gallery-5 is-layout-flex wp-block-gallery-is-layout-flex\">\n<figure class=\"wp-block-image size-large\"><img loading=\"lazy\" decoding=\"async\" width=\"768\" height=\"1024\" data-id=\"10696\" src=\"https:\/\/finelife.tv\/fr\/wp-content\/uploads\/2022\/05\/img-src-22https-finelife.tvimage.jpg-alt-22Fondation-Louis-Vuitton-La-couleur-en-fugue-met-en-echo-architecture-et-couleur-megan-rooney-with-sun-fresque-murale22-768x1024.jpg\" alt=\"\" class=\"wp-image-10696\" srcset=\"https:\/\/finelife.tv\/fr\/wp-content\/uploads\/2022\/05\/img-src-22https-finelife.tvimage.jpg-alt-22Fondation-Louis-Vuitton-La-couleur-en-fugue-met-en-echo-architecture-et-couleur-megan-rooney-with-sun-fresque-murale22-768x1024.jpg 768w, https:\/\/finelife.tv\/fr\/wp-content\/uploads\/2022\/05\/img-src-22https-finelife.tvimage.jpg-alt-22Fondation-Louis-Vuitton-La-couleur-en-fugue-met-en-echo-architecture-et-couleur-megan-rooney-with-sun-fresque-murale22-225x300.jpg 225w, https:\/\/finelife.tv\/fr\/wp-content\/uploads\/2022\/05\/img-src-22https-finelife.tvimage.jpg-alt-22Fondation-Louis-Vuitton-La-couleur-en-fugue-met-en-echo-architecture-et-couleur-megan-rooney-with-sun-fresque-murale22-1152x1536.jpg 1152w, https:\/\/finelife.tv\/fr\/wp-content\/uploads\/2022\/05\/img-src-22https-finelife.tvimage.jpg-alt-22Fondation-Louis-Vuitton-La-couleur-en-fugue-met-en-echo-architecture-et-couleur-megan-rooney-with-sun-fresque-murale22-1536x2048.jpg 1536w, https:\/\/finelife.tv\/fr\/wp-content\/uploads\/2022\/05\/img-src-22https-finelife.tvimage.jpg-alt-22Fondation-Louis-Vuitton-La-couleur-en-fugue-met-en-echo-architecture-et-couleur-megan-rooney-with-sun-fresque-murale22-scaled.jpg 1920w\" sizes=\"auto, (max-width: 768px) 100vw, 768px\" \/><\/figure>\n<\/figure>\n\n\n\n<p>Megan Rooney With Sun<br><\/p>\n\n\n\n<p>\u00c0 l\u2019autre bout de ce dernier \u00e9tage, la salle 8. C\u2019est l\u00e0 que Megan Rooney a grav\u00e9 Wilth Sun, une installation aux relents apolliniens. Ainsi des taches solaires ou des turbulences picturales frappent ou caressent les  fragments muraux comme autant de tableaux abstraits. Pendant plusieurs semaines l\u2019artiste  a arpent\u00e9 le sol, s\u2019est confront\u00e9e \u00e0 la lumi\u00e8re z\u00e9nithale et a integr\u00e9 la bande son du lieu &#8211; oiseaux compris-. Quant \u00e0 ses instruments : pinceaux, ponceuse  \u2026 et nacelle. <\/p>\n\n\n\n<p>Les deux installations performance dialoguent. L\u2019une tout en force et en rage,  l\u2019autre tout en d\u00e9termination d\u00e9licate. Mais chacune orchestre une chor\u00e9graphie de confrontation avec la mati\u00e8re architecturale et les \u00e9l\u00e9ments. La couleur en \u00e9tendard ! <\/p>\n\n\n\n<p><\/p>\n\n\n\n<h2 class=\"wp-block-heading has-cyan-bluish-gray-background-color has-background has-large-font-size\">                   INFOS<\/h2>\n\n\n\n<p><strong>La couleur en fugue<\/strong> &#8211; Fondation Louis Vuitton du 4 mai au 29 ao\u00fbt  2022 <a href=\"https:\/\/www.fondationlouisvuitton.fr\/fr\">https:\/\/www.fondationlouisvuitton.fr\/fr<\/a><\/p>\n\n\n\n<p>Related article Fondation Louis Vuitton La couleur en fugue met en \u00e9cho architecture et couleur<\/p>\n\n\n\n<p><strong>Hans Hartung MAM Abstraction jubilation<\/strong> <a href=\"https:\/\/finelife.tv\/fr\/2020\/07\/10\/hans-hartung-mam-abstraction-jubilation\/\">https:\/\/finelife.tv\/fr\/2020\/07\/10\/hans-hartung-mam-abstraction-jubilation\/<\/a><\/p>\n\n\n\n<p><strong>Prix Jean-Fran\u00e7ois Prat : laur\u00e9ats Florian Krewer Marine Wallon<\/strong> <a href=\"https:\/\/finelife.tv\/fr\/2022\/04\/20\/prix-jean-francois-prat-laureats-florian-krewer-et-marine-wallon\/\">https:\/\/finelife.tv\/fr\/2022\/04\/20\/prix-jean-francois-prat-laureats-florian-krewer-et-marine-wallon\/<\/a><\/p>\n\n\n\n<p><strong>Basquiat Warhol l&rsquo;art collab \u00e0 la Fondation Louis Vuitton<\/strong> <a href=\"https:\/\/finelife.tv\/fr\/2023\/08\/20\/basquiat-warhol-lart-collab-a-la-fondation-louis-vuitton\/\">https:\/\/finelife.tv\/fr\/2023\/08\/20\/basquiat-warhol-lart-collab-a-la-fondation-louis-vuitton\/<\/a><\/p>\n\n\n\n<p> <\/p>\n\n\n\n<p><strong><a href=\"https:\/\/finelife.tv\/fr\/2023\/11\/01\/ecce-rothko-lemotion-en-cubes-et-couleurs\/\">Ecce Rothko l\u2019\u00e9motion en cubes et couleurs<\/a><\/strong><\/p>\n","protected":false},"excerpt":{"rendered":"<p>Fondation Louis Vuitton La couleur en fugue met en \u00e9cho architecture et couleur . L\u2019expo r\u00e9unit 5 artistes s\u2019engageant avec plus ou moins de violence dans une r\u00e9sidence plus ou moins rude avec le b\u00e2timent<\/p>\n","protected":false},"author":1,"featured_media":0,"comment_status":"open","ping_status":"open","sticky":false,"template":"","format":"standard","meta":{"footnotes":""},"categories":[4],"tags":[3351,22,533,68,3511,3512,926,3510,3515,3516,3519,1909,3513,3514],"class_list":["post-10662","post","type-post","status-publish","format-standard","hentry","category-blog","tag-are-contemporain","tag-art","tag-culture","tag-exposition","tag-exposition-fondation-louis-vuitton","tag-exposition-la-couleur-en-fugue","tag-exposition-paris","tag-fondation-louis-vuitton","tag-katharina-grosse","tag-megan-rooney","tag-niele-toroni","tag-peinture","tag-sam-gilliam","tag-steven-partino"],"yoast_head":"<!-- This site is optimized with the Yoast SEO plugin v27.5 - https:\/\/yoast.com\/product\/yoast-seo-wordpress\/ -->\n<title>Fondation Louis Vuitton La couleur en fugue met en \u00e9cho architecture et couleur - FineLife.tv<\/title>\n<meta name=\"description\" content=\"Fondation Louis Vuitton La couleur en fugue met en \u00e9cho architecture et couleur . L\u2019expo r\u00e9unit 5 artistes s\u2019engageant avec plus ou moins de violence dans une r\u00e9sidence plus ou moins rude avec le b\u00e2timent\" \/>\n<meta name=\"robots\" content=\"index, follow, max-snippet:-1, max-image-preview:large, max-video-preview:-1\" \/>\n<link rel=\"canonical\" href=\"https:\/\/finelife.tv\/fr\/2022\/05\/09\/fondation-louis-vuitton-la-couleur-en-fugue-met-en-echo-architecture-et-couleur\/\" \/>\n<meta property=\"og:locale\" content=\"fr_FR\" \/>\n<meta property=\"og:type\" content=\"article\" \/>\n<meta property=\"og:title\" content=\"Fondation Louis Vuitton La couleur en fugue met en \u00e9cho architecture et couleur - FineLife.tv\" \/>\n<meta property=\"og:description\" content=\"Fondation Louis Vuitton La couleur en fugue met en \u00e9cho architecture et couleur . L\u2019expo r\u00e9unit 5 artistes s\u2019engageant avec plus ou moins de violence dans une r\u00e9sidence plus ou moins rude avec le b\u00e2timent\" \/>\n<meta property=\"og:url\" content=\"https:\/\/finelife.tv\/fr\/2022\/05\/09\/fondation-louis-vuitton-la-couleur-en-fugue-met-en-echo-architecture-et-couleur\/\" \/>\n<meta property=\"og:site_name\" content=\"FineLife.tv\" \/>\n<meta property=\"article:published_time\" content=\"2022-05-09T17:13:16+00:00\" \/>\n<meta property=\"article:modified_time\" content=\"2023-11-01T19:40:48+00:00\" \/>\n<meta property=\"og:image\" content=\"https:\/\/finelife.tv\/fr\/wp-content\/uploads\/2022\/05\/img-src-22https-finelife.tvimage.jpg-alt-22Fondation-Louis-Vuitton-La-couleur-en-fugue-met-en-echo-architecture-et-couleur22-819x1024.jpg\" \/>\n<meta name=\"author\" content=\"Leonore\" \/>\n<meta name=\"twitter:card\" content=\"summary_large_image\" \/>\n<meta name=\"twitter:creator\" content=\"@finelifetv\" \/>\n<meta name=\"twitter:site\" content=\"@finelifetv\" \/>\n<meta name=\"twitter:label1\" content=\"\u00c9crit par\" \/>\n\t<meta name=\"twitter:data1\" content=\"Leonore\" \/>\n\t<meta name=\"twitter:label2\" content=\"Dur\u00e9e de lecture estim\u00e9e\" \/>\n\t<meta name=\"twitter:data2\" content=\"7 minutes\" \/>\n<script type=\"application\/ld+json\" class=\"yoast-schema-graph\">{\"@context\":\"https:\\\/\\\/schema.org\",\"@graph\":[{\"@type\":\"Article\",\"@id\":\"https:\\\/\\\/finelife.tv\\\/fr\\\/2022\\\/05\\\/09\\\/fondation-louis-vuitton-la-couleur-en-fugue-met-en-echo-architecture-et-couleur\\\/#article\",\"isPartOf\":{\"@id\":\"https:\\\/\\\/finelife.tv\\\/fr\\\/2022\\\/05\\\/09\\\/fondation-louis-vuitton-la-couleur-en-fugue-met-en-echo-architecture-et-couleur\\\/\"},\"author\":{\"name\":\"Leonore\",\"@id\":\"https:\\\/\\\/finelife.tv\\\/fr\\\/#\\\/schema\\\/person\\\/e3d980b0c0b3dc5af01c3455893c8c52\"},\"headline\":\"Fondation Louis Vuitton La couleur en fugue met en \u00e9cho architecture et couleur\",\"datePublished\":\"2022-05-09T17:13:16+00:00\",\"dateModified\":\"2023-11-01T19:40:48+00:00\",\"mainEntityOfPage\":{\"@id\":\"https:\\\/\\\/finelife.tv\\\/fr\\\/2022\\\/05\\\/09\\\/fondation-louis-vuitton-la-couleur-en-fugue-met-en-echo-architecture-et-couleur\\\/\"},\"wordCount\":1149,\"commentCount\":3,\"image\":{\"@id\":\"https:\\\/\\\/finelife.tv\\\/fr\\\/2022\\\/05\\\/09\\\/fondation-louis-vuitton-la-couleur-en-fugue-met-en-echo-architecture-et-couleur\\\/#primaryimage\"},\"thumbnailUrl\":\"https:\\\/\\\/finelife.tv\\\/fr\\\/wp-content\\\/uploads\\\/2022\\\/05\\\/img-src-22https-finelife.tvimage.jpg-alt-22Fondation-Louis-Vuitton-La-couleur-en-fugue-met-en-echo-architecture-et-couleur22-819x1024.jpg\",\"keywords\":[\"are contemporain\",\"art\",\"culture\",\"exposition\",\"exposition fondation Louis Vuitton\",\"exposition la couleur en fugue\",\"exposition paris\",\"fondation Louis Vuitton\",\"katharina grosse\",\"Megan rooney\",\"niele toroni\",\"peinture\",\"Sam gilliam\",\"Steven Partino\"],\"articleSection\":[\"Blog\"],\"inLanguage\":\"fr-FR\",\"potentialAction\":[{\"@type\":\"CommentAction\",\"name\":\"Comment\",\"target\":[\"https:\\\/\\\/finelife.tv\\\/fr\\\/2022\\\/05\\\/09\\\/fondation-louis-vuitton-la-couleur-en-fugue-met-en-echo-architecture-et-couleur\\\/#respond\"]}]},{\"@type\":\"WebPage\",\"@id\":\"https:\\\/\\\/finelife.tv\\\/fr\\\/2022\\\/05\\\/09\\\/fondation-louis-vuitton-la-couleur-en-fugue-met-en-echo-architecture-et-couleur\\\/\",\"url\":\"https:\\\/\\\/finelife.tv\\\/fr\\\/2022\\\/05\\\/09\\\/fondation-louis-vuitton-la-couleur-en-fugue-met-en-echo-architecture-et-couleur\\\/\",\"name\":\"Fondation Louis Vuitton La couleur en fugue met en \u00e9cho architecture et couleur - FineLife.tv\",\"isPartOf\":{\"@id\":\"https:\\\/\\\/finelife.tv\\\/fr\\\/#website\"},\"primaryImageOfPage\":{\"@id\":\"https:\\\/\\\/finelife.tv\\\/fr\\\/2022\\\/05\\\/09\\\/fondation-louis-vuitton-la-couleur-en-fugue-met-en-echo-architecture-et-couleur\\\/#primaryimage\"},\"image\":{\"@id\":\"https:\\\/\\\/finelife.tv\\\/fr\\\/2022\\\/05\\\/09\\\/fondation-louis-vuitton-la-couleur-en-fugue-met-en-echo-architecture-et-couleur\\\/#primaryimage\"},\"thumbnailUrl\":\"https:\\\/\\\/finelife.tv\\\/fr\\\/wp-content\\\/uploads\\\/2022\\\/05\\\/img-src-22https-finelife.tvimage.jpg-alt-22Fondation-Louis-Vuitton-La-couleur-en-fugue-met-en-echo-architecture-et-couleur22-819x1024.jpg\",\"datePublished\":\"2022-05-09T17:13:16+00:00\",\"dateModified\":\"2023-11-01T19:40:48+00:00\",\"author\":{\"@id\":\"https:\\\/\\\/finelife.tv\\\/fr\\\/#\\\/schema\\\/person\\\/e3d980b0c0b3dc5af01c3455893c8c52\"},\"description\":\"Fondation Louis Vuitton La couleur en fugue met en \u00e9cho architecture et couleur . L\u2019expo r\u00e9unit 5 artistes s\u2019engageant avec plus ou moins de violence dans une r\u00e9sidence plus ou moins rude avec le b\u00e2timent\",\"breadcrumb\":{\"@id\":\"https:\\\/\\\/finelife.tv\\\/fr\\\/2022\\\/05\\\/09\\\/fondation-louis-vuitton-la-couleur-en-fugue-met-en-echo-architecture-et-couleur\\\/#breadcrumb\"},\"inLanguage\":\"fr-FR\",\"potentialAction\":[{\"@type\":\"ReadAction\",\"target\":[\"https:\\\/\\\/finelife.tv\\\/fr\\\/2022\\\/05\\\/09\\\/fondation-louis-vuitton-la-couleur-en-fugue-met-en-echo-architecture-et-couleur\\\/\"]}]},{\"@type\":\"ImageObject\",\"inLanguage\":\"fr-FR\",\"@id\":\"https:\\\/\\\/finelife.tv\\\/fr\\\/2022\\\/05\\\/09\\\/fondation-louis-vuitton-la-couleur-en-fugue-met-en-echo-architecture-et-couleur\\\/#primaryimage\",\"url\":\"https:\\\/\\\/finelife.tv\\\/fr\\\/wp-content\\\/uploads\\\/2022\\\/05\\\/img-src-22https-finelife.tvimage.jpg-alt-22Fondation-Louis-Vuitton-La-couleur-en-fugue-met-en-echo-architecture-et-couleur22.jpg\",\"contentUrl\":\"https:\\\/\\\/finelife.tv\\\/fr\\\/wp-content\\\/uploads\\\/2022\\\/05\\\/img-src-22https-finelife.tvimage.jpg-alt-22Fondation-Louis-Vuitton-La-couleur-en-fugue-met-en-echo-architecture-et-couleur22.jpg\",\"width\":1440,\"height\":1800},{\"@type\":\"BreadcrumbList\",\"@id\":\"https:\\\/\\\/finelife.tv\\\/fr\\\/2022\\\/05\\\/09\\\/fondation-louis-vuitton-la-couleur-en-fugue-met-en-echo-architecture-et-couleur\\\/#breadcrumb\",\"itemListElement\":[{\"@type\":\"ListItem\",\"position\":1,\"name\":\"Accueil\",\"item\":\"https:\\\/\\\/finelife.tv\\\/fr\\\/\"},{\"@type\":\"ListItem\",\"position\":2,\"name\":\"Fondation Louis Vuitton La couleur en fugue met en \u00e9cho architecture et couleur\"}]},{\"@type\":\"WebSite\",\"@id\":\"https:\\\/\\\/finelife.tv\\\/fr\\\/#website\",\"url\":\"https:\\\/\\\/finelife.tv\\\/fr\\\/\",\"name\":\"FineLife.tv\",\"description\":\"Quand l&#039;Art de vivre croise l&#039;Art de penser\",\"potentialAction\":[{\"@type\":\"SearchAction\",\"target\":{\"@type\":\"EntryPoint\",\"urlTemplate\":\"https:\\\/\\\/finelife.tv\\\/fr\\\/?s={search_term_string}\"},\"query-input\":{\"@type\":\"PropertyValueSpecification\",\"valueRequired\":true,\"valueName\":\"search_term_string\"}}],\"inLanguage\":\"fr-FR\"},{\"@type\":\"Person\",\"@id\":\"https:\\\/\\\/finelife.tv\\\/fr\\\/#\\\/schema\\\/person\\\/e3d980b0c0b3dc5af01c3455893c8c52\",\"name\":\"Leonore\",\"image\":{\"@type\":\"ImageObject\",\"inLanguage\":\"fr-FR\",\"@id\":\"https:\\\/\\\/secure.gravatar.com\\\/avatar\\\/9a2e5073417479f910ffdeee54da5ccf4f91eab62746ce0ae0e81124a9491a79?s=96&d=mm&r=g\",\"url\":\"https:\\\/\\\/secure.gravatar.com\\\/avatar\\\/9a2e5073417479f910ffdeee54da5ccf4f91eab62746ce0ae0e81124a9491a79?s=96&d=mm&r=g\",\"contentUrl\":\"https:\\\/\\\/secure.gravatar.com\\\/avatar\\\/9a2e5073417479f910ffdeee54da5ccf4f91eab62746ce0ae0e81124a9491a79?s=96&d=mm&r=g\",\"caption\":\"Leonore\"}}]}<\/script>\n<!-- \/ Yoast SEO plugin. -->","yoast_head_json":{"title":"Fondation Louis Vuitton La couleur en fugue met en \u00e9cho architecture et couleur - FineLife.tv","description":"Fondation Louis Vuitton La couleur en fugue met en \u00e9cho architecture et couleur . L\u2019expo r\u00e9unit 5 artistes s\u2019engageant avec plus ou moins de violence dans une r\u00e9sidence plus ou moins rude avec le b\u00e2timent","robots":{"index":"index","follow":"follow","max-snippet":"max-snippet:-1","max-image-preview":"max-image-preview:large","max-video-preview":"max-video-preview:-1"},"canonical":"https:\/\/finelife.tv\/fr\/2022\/05\/09\/fondation-louis-vuitton-la-couleur-en-fugue-met-en-echo-architecture-et-couleur\/","og_locale":"fr_FR","og_type":"article","og_title":"Fondation Louis Vuitton La couleur en fugue met en \u00e9cho architecture et couleur - FineLife.tv","og_description":"Fondation Louis Vuitton La couleur en fugue met en \u00e9cho architecture et couleur . L\u2019expo r\u00e9unit 5 artistes s\u2019engageant avec plus ou moins de violence dans une r\u00e9sidence plus ou moins rude avec le b\u00e2timent","og_url":"https:\/\/finelife.tv\/fr\/2022\/05\/09\/fondation-louis-vuitton-la-couleur-en-fugue-met-en-echo-architecture-et-couleur\/","og_site_name":"FineLife.tv","article_published_time":"2022-05-09T17:13:16+00:00","article_modified_time":"2023-11-01T19:40:48+00:00","og_image":[{"url":"https:\/\/finelife.tv\/fr\/wp-content\/uploads\/2022\/05\/img-src-22https-finelife.tvimage.jpg-alt-22Fondation-Louis-Vuitton-La-couleur-en-fugue-met-en-echo-architecture-et-couleur22-819x1024.jpg","type":"","width":"","height":""}],"author":"Leonore","twitter_card":"summary_large_image","twitter_creator":"@finelifetv","twitter_site":"@finelifetv","twitter_misc":{"\u00c9crit par":"Leonore","Dur\u00e9e de lecture estim\u00e9e":"7 minutes"},"schema":{"@context":"https:\/\/schema.org","@graph":[{"@type":"Article","@id":"https:\/\/finelife.tv\/fr\/2022\/05\/09\/fondation-louis-vuitton-la-couleur-en-fugue-met-en-echo-architecture-et-couleur\/#article","isPartOf":{"@id":"https:\/\/finelife.tv\/fr\/2022\/05\/09\/fondation-louis-vuitton-la-couleur-en-fugue-met-en-echo-architecture-et-couleur\/"},"author":{"name":"Leonore","@id":"https:\/\/finelife.tv\/fr\/#\/schema\/person\/e3d980b0c0b3dc5af01c3455893c8c52"},"headline":"Fondation Louis Vuitton La couleur en fugue met en \u00e9cho architecture et couleur","datePublished":"2022-05-09T17:13:16+00:00","dateModified":"2023-11-01T19:40:48+00:00","mainEntityOfPage":{"@id":"https:\/\/finelife.tv\/fr\/2022\/05\/09\/fondation-louis-vuitton-la-couleur-en-fugue-met-en-echo-architecture-et-couleur\/"},"wordCount":1149,"commentCount":3,"image":{"@id":"https:\/\/finelife.tv\/fr\/2022\/05\/09\/fondation-louis-vuitton-la-couleur-en-fugue-met-en-echo-architecture-et-couleur\/#primaryimage"},"thumbnailUrl":"https:\/\/finelife.tv\/fr\/wp-content\/uploads\/2022\/05\/img-src-22https-finelife.tvimage.jpg-alt-22Fondation-Louis-Vuitton-La-couleur-en-fugue-met-en-echo-architecture-et-couleur22-819x1024.jpg","keywords":["are contemporain","art","culture","exposition","exposition fondation Louis Vuitton","exposition la couleur en fugue","exposition paris","fondation Louis Vuitton","katharina grosse","Megan rooney","niele toroni","peinture","Sam gilliam","Steven Partino"],"articleSection":["Blog"],"inLanguage":"fr-FR","potentialAction":[{"@type":"CommentAction","name":"Comment","target":["https:\/\/finelife.tv\/fr\/2022\/05\/09\/fondation-louis-vuitton-la-couleur-en-fugue-met-en-echo-architecture-et-couleur\/#respond"]}]},{"@type":"WebPage","@id":"https:\/\/finelife.tv\/fr\/2022\/05\/09\/fondation-louis-vuitton-la-couleur-en-fugue-met-en-echo-architecture-et-couleur\/","url":"https:\/\/finelife.tv\/fr\/2022\/05\/09\/fondation-louis-vuitton-la-couleur-en-fugue-met-en-echo-architecture-et-couleur\/","name":"Fondation Louis Vuitton La couleur en fugue met en \u00e9cho architecture et couleur - FineLife.tv","isPartOf":{"@id":"https:\/\/finelife.tv\/fr\/#website"},"primaryImageOfPage":{"@id":"https:\/\/finelife.tv\/fr\/2022\/05\/09\/fondation-louis-vuitton-la-couleur-en-fugue-met-en-echo-architecture-et-couleur\/#primaryimage"},"image":{"@id":"https:\/\/finelife.tv\/fr\/2022\/05\/09\/fondation-louis-vuitton-la-couleur-en-fugue-met-en-echo-architecture-et-couleur\/#primaryimage"},"thumbnailUrl":"https:\/\/finelife.tv\/fr\/wp-content\/uploads\/2022\/05\/img-src-22https-finelife.tvimage.jpg-alt-22Fondation-Louis-Vuitton-La-couleur-en-fugue-met-en-echo-architecture-et-couleur22-819x1024.jpg","datePublished":"2022-05-09T17:13:16+00:00","dateModified":"2023-11-01T19:40:48+00:00","author":{"@id":"https:\/\/finelife.tv\/fr\/#\/schema\/person\/e3d980b0c0b3dc5af01c3455893c8c52"},"description":"Fondation Louis Vuitton La couleur en fugue met en \u00e9cho architecture et couleur . L\u2019expo r\u00e9unit 5 artistes s\u2019engageant avec plus ou moins de violence dans une r\u00e9sidence plus ou moins rude avec le b\u00e2timent","breadcrumb":{"@id":"https:\/\/finelife.tv\/fr\/2022\/05\/09\/fondation-louis-vuitton-la-couleur-en-fugue-met-en-echo-architecture-et-couleur\/#breadcrumb"},"inLanguage":"fr-FR","potentialAction":[{"@type":"ReadAction","target":["https:\/\/finelife.tv\/fr\/2022\/05\/09\/fondation-louis-vuitton-la-couleur-en-fugue-met-en-echo-architecture-et-couleur\/"]}]},{"@type":"ImageObject","inLanguage":"fr-FR","@id":"https:\/\/finelife.tv\/fr\/2022\/05\/09\/fondation-louis-vuitton-la-couleur-en-fugue-met-en-echo-architecture-et-couleur\/#primaryimage","url":"https:\/\/finelife.tv\/fr\/wp-content\/uploads\/2022\/05\/img-src-22https-finelife.tvimage.jpg-alt-22Fondation-Louis-Vuitton-La-couleur-en-fugue-met-en-echo-architecture-et-couleur22.jpg","contentUrl":"https:\/\/finelife.tv\/fr\/wp-content\/uploads\/2022\/05\/img-src-22https-finelife.tvimage.jpg-alt-22Fondation-Louis-Vuitton-La-couleur-en-fugue-met-en-echo-architecture-et-couleur22.jpg","width":1440,"height":1800},{"@type":"BreadcrumbList","@id":"https:\/\/finelife.tv\/fr\/2022\/05\/09\/fondation-louis-vuitton-la-couleur-en-fugue-met-en-echo-architecture-et-couleur\/#breadcrumb","itemListElement":[{"@type":"ListItem","position":1,"name":"Accueil","item":"https:\/\/finelife.tv\/fr\/"},{"@type":"ListItem","position":2,"name":"Fondation Louis Vuitton La couleur en fugue met en \u00e9cho architecture et couleur"}]},{"@type":"WebSite","@id":"https:\/\/finelife.tv\/fr\/#website","url":"https:\/\/finelife.tv\/fr\/","name":"FineLife.tv","description":"Quand l&#039;Art de vivre croise l&#039;Art de penser","potentialAction":[{"@type":"SearchAction","target":{"@type":"EntryPoint","urlTemplate":"https:\/\/finelife.tv\/fr\/?s={search_term_string}"},"query-input":{"@type":"PropertyValueSpecification","valueRequired":true,"valueName":"search_term_string"}}],"inLanguage":"fr-FR"},{"@type":"Person","@id":"https:\/\/finelife.tv\/fr\/#\/schema\/person\/e3d980b0c0b3dc5af01c3455893c8c52","name":"Leonore","image":{"@type":"ImageObject","inLanguage":"fr-FR","@id":"https:\/\/secure.gravatar.com\/avatar\/9a2e5073417479f910ffdeee54da5ccf4f91eab62746ce0ae0e81124a9491a79?s=96&d=mm&r=g","url":"https:\/\/secure.gravatar.com\/avatar\/9a2e5073417479f910ffdeee54da5ccf4f91eab62746ce0ae0e81124a9491a79?s=96&d=mm&r=g","contentUrl":"https:\/\/secure.gravatar.com\/avatar\/9a2e5073417479f910ffdeee54da5ccf4f91eab62746ce0ae0e81124a9491a79?s=96&d=mm&r=g","caption":"Leonore"}}]}},"_links":{"self":[{"href":"https:\/\/finelife.tv\/fr\/wp-json\/wp\/v2\/posts\/10662","targetHints":{"allow":["GET"]}}],"collection":[{"href":"https:\/\/finelife.tv\/fr\/wp-json\/wp\/v2\/posts"}],"about":[{"href":"https:\/\/finelife.tv\/fr\/wp-json\/wp\/v2\/types\/post"}],"author":[{"embeddable":true,"href":"https:\/\/finelife.tv\/fr\/wp-json\/wp\/v2\/users\/1"}],"replies":[{"embeddable":true,"href":"https:\/\/finelife.tv\/fr\/wp-json\/wp\/v2\/comments?post=10662"}],"version-history":[{"count":42,"href":"https:\/\/finelife.tv\/fr\/wp-json\/wp\/v2\/posts\/10662\/revisions"}],"predecessor-version":[{"id":15834,"href":"https:\/\/finelife.tv\/fr\/wp-json\/wp\/v2\/posts\/10662\/revisions\/15834"}],"wp:attachment":[{"href":"https:\/\/finelife.tv\/fr\/wp-json\/wp\/v2\/media?parent=10662"}],"wp:term":[{"taxonomy":"category","embeddable":true,"href":"https:\/\/finelife.tv\/fr\/wp-json\/wp\/v2\/categories?post=10662"},{"taxonomy":"post_tag","embeddable":true,"href":"https:\/\/finelife.tv\/fr\/wp-json\/wp\/v2\/tags?post=10662"}],"curies":[{"name":"wp","href":"https:\/\/api.w.org\/{rel}","templated":true}]}}