{"id":10727,"date":"2022-05-12T19:20:22","date_gmt":"2022-05-12T17:20:22","guid":{"rendered":"https:\/\/finelife.tv\/fr\/?p=10727"},"modified":"2023-09-15T15:46:14","modified_gmt":"2023-09-15T13:46:14","slug":"le-palais-de-tokyo-reclame-la-terre","status":"publish","type":"post","link":"https:\/\/finelife.tv\/fr\/2022\/05\/12\/le-palais-de-tokyo-reclame-la-terre\/","title":{"rendered":"Le Palais de Tokyo r\u00e9clame la terre"},"content":{"rendered":"\n<figure class=\"wp-block-gallery aligncenter has-nested-images columns-default is-cropped wp-block-gallery-1 is-layout-flex wp-block-gallery-is-layout-flex\">\n<figure class=\"wp-block-image size-large\"><img loading=\"lazy\" decoding=\"async\" width=\"768\" height=\"1024\" data-id=\"10756\" src=\"https:\/\/finelife.tv\/fr\/wp-content\/uploads\/2022\/05\/img-src-22https-finelife.tvimage.jpg-alt-22Le-Palais-de-Tokyo-reclame-la-terre22-768x1024.jpg\" alt=\"\" class=\"wp-image-10756\" srcset=\"https:\/\/finelife.tv\/fr\/wp-content\/uploads\/2022\/05\/img-src-22https-finelife.tvimage.jpg-alt-22Le-Palais-de-Tokyo-reclame-la-terre22-768x1024.jpg 768w, https:\/\/finelife.tv\/fr\/wp-content\/uploads\/2022\/05\/img-src-22https-finelife.tvimage.jpg-alt-22Le-Palais-de-Tokyo-reclame-la-terre22-225x300.jpg 225w, https:\/\/finelife.tv\/fr\/wp-content\/uploads\/2022\/05\/img-src-22https-finelife.tvimage.jpg-alt-22Le-Palais-de-Tokyo-reclame-la-terre22-1152x1536.jpg 1152w, https:\/\/finelife.tv\/fr\/wp-content\/uploads\/2022\/05\/img-src-22https-finelife.tvimage.jpg-alt-22Le-Palais-de-Tokyo-reclame-la-terre22-1536x2048.jpg 1536w, https:\/\/finelife.tv\/fr\/wp-content\/uploads\/2022\/05\/img-src-22https-finelife.tvimage.jpg-alt-22Le-Palais-de-Tokyo-reclame-la-terre22-scaled.jpg 1920w\" sizes=\"auto, (max-width: 768px) 100vw, 768px\" \/><\/figure>\n<\/figure>\n\n\n\n<p><strong>Le Palais de Tokyo r\u00e9clame la terre . L\u2019exposition r\u00e9unit 14 artistes venus des quatre coins de la plan\u00e8te. Ils entendent pr\u00e9senter un art diff\u00e9rent et ancr\u00e9 dans le Zeitgeist. \u00c0 savoir les grandes questions de l\u2019\u00e9poque de l\u2019urgence climatique au genre  en passant par la migration, la colonisation ou encore les savoirs minoris\u00e9s<\/strong>. <\/p>\n\n\n\n<p>Le palais de Tokyo poursuit son programme \u00e9colo X peuples autochtones illustr\u00e9e en 2021 par <em>untitled (transcriptions of country<\/em>) de Jonathan Jones en collaboration avec Australia Now. Lors du discours de pr\u00e9sentation de l\u2019exposition \u00ab&nbsp;R\u00e9clamer la terre&nbsp;\u00bb, Guillaume D\u00e9sanges s\u2019est dit tr\u00e8s affect\u00e9 par le dernier rapport du GIEC. Le tout nouveau Pr\u00e9sident a par cons\u00e9quent soulign\u00e9 l\u2019imp\u00e9rieuse n\u00e9cessit\u00e9 de prendre conscience des d\u00e9fis climatiques \u00e0 travers conjointement l\u2019art et les luttes relatives \u00e0 la d\u00e9fense de la terre. <\/p>\n\n\n\n<p>De fait l\u2019exposition coche toutes les cases. Car avec le Conseil scientifique d\u2019Ariel Salleh et de L\u00e9uli Esh\u0101ghi on parle savoirs minoris\u00e9s, \u00e9cof\u00e9minisme ou encore \u00e9cosocialisme. Un discours certes un peu \u00e9tonnant puisque le Palais de Tokyo semble plut\u00f4t macron compatible que socialiste crypto marxiste. Mais bref il y a urgence \u00e0 agir et \u00e0 exposer. Sous le commissariat de Daria de Beauvais 14 artistes sont donc venus du monde entier. Une d\u00e9rogation bilan carbone leur a sans doute \u00e9t\u00e9 conc\u00e9d\u00e9e. Et tous proposent des versions tr\u00e8s personnelles de leur rapport \u00e0 la terre, \u00e0 sa pr\u00e9servation et \u00e0 sa m\u00e9moire. Avec comme motto : aller de l\u2019avant loin de l\u2019eurocentrisme.<\/p>\n\n\n\n<p><\/p>\n\n\n\n<h2 class=\"wp-block-heading has-large-font-size\">Ignames radioactives, racines g\u00e9antes, champignon jeu vid\u00e9o, temple de terre rouge : 4 installations remarquables<\/h2>\n\n\n\n<figure class=\"wp-block-gallery aligncenter has-nested-images columns-default is-cropped wp-block-gallery-2 is-layout-flex wp-block-gallery-is-layout-flex\">\n<figure class=\"wp-block-image size-large\"><img loading=\"lazy\" decoding=\"async\" width=\"768\" height=\"1024\" data-id=\"10761\" src=\"https:\/\/finelife.tv\/fr\/wp-content\/uploads\/2022\/05\/img-src-22https-finelife.tvimage.jpg-alt-22Le-Palais-de-Tokyo-reclame-la-terre-installation-pluie-yhonnie-scarce22-768x1024.jpg\" alt=\"\" class=\"wp-image-10761\" srcset=\"https:\/\/finelife.tv\/fr\/wp-content\/uploads\/2022\/05\/img-src-22https-finelife.tvimage.jpg-alt-22Le-Palais-de-Tokyo-reclame-la-terre-installation-pluie-yhonnie-scarce22-768x1024.jpg 768w, https:\/\/finelife.tv\/fr\/wp-content\/uploads\/2022\/05\/img-src-22https-finelife.tvimage.jpg-alt-22Le-Palais-de-Tokyo-reclame-la-terre-installation-pluie-yhonnie-scarce22-225x300.jpg 225w, https:\/\/finelife.tv\/fr\/wp-content\/uploads\/2022\/05\/img-src-22https-finelife.tvimage.jpg-alt-22Le-Palais-de-Tokyo-reclame-la-terre-installation-pluie-yhonnie-scarce22-1152x1536.jpg 1152w, https:\/\/finelife.tv\/fr\/wp-content\/uploads\/2022\/05\/img-src-22https-finelife.tvimage.jpg-alt-22Le-Palais-de-Tokyo-reclame-la-terre-installation-pluie-yhonnie-scarce22-1536x2048.jpg 1536w, https:\/\/finelife.tv\/fr\/wp-content\/uploads\/2022\/05\/img-src-22https-finelife.tvimage.jpg-alt-22Le-Palais-de-Tokyo-reclame-la-terre-installation-pluie-yhonnie-scarce22-scaled.jpg 1920w\" sizes=\"auto, (max-width: 768px) 100vw, 768px\" \/><\/figure>\n<\/figure>\n\n\n\n<p>This is not Fantaisy Yhonnie Scarce<br><br>\u00c0 l\u2019entr\u00e9e en guise d\u2019accueil, une pluie de gemmes ultra toxiques. This is not Fantaisy de Yhonnie Scarce, Australienne d\u2019origine Aborig\u00e8ne, se pr\u00e9sente comme une averse  d\u2019ignames en verre souffl\u00e9. De fait un hommage aux pertes humaines et \u00e9cologiques li\u00e9es aux essais  nucl\u00e9aires.<\/p>\n\n\n\n<figure class=\"wp-block-gallery aligncenter has-nested-images columns-default is-cropped wp-block-gallery-3 is-layout-flex wp-block-gallery-is-layout-flex\">\n<figure class=\"wp-block-image size-large\"><img loading=\"lazy\" decoding=\"async\" width=\"768\" height=\"1024\" data-id=\"10757\" src=\"https:\/\/finelife.tv\/fr\/wp-content\/uploads\/2022\/05\/img-src-22https-finelife.tvimage.jpg-alt-22Le-Palais-de-Tokyo-reclame-la-terre-installation-billard-et-racines-aicha-snoussi22-768x1024.jpg\" alt=\"\" class=\"wp-image-10757\" srcset=\"https:\/\/finelife.tv\/fr\/wp-content\/uploads\/2022\/05\/img-src-22https-finelife.tvimage.jpg-alt-22Le-Palais-de-Tokyo-reclame-la-terre-installation-billard-et-racines-aicha-snoussi22-768x1024.jpg 768w, https:\/\/finelife.tv\/fr\/wp-content\/uploads\/2022\/05\/img-src-22https-finelife.tvimage.jpg-alt-22Le-Palais-de-Tokyo-reclame-la-terre-installation-billard-et-racines-aicha-snoussi22-225x300.jpg 225w, https:\/\/finelife.tv\/fr\/wp-content\/uploads\/2022\/05\/img-src-22https-finelife.tvimage.jpg-alt-22Le-Palais-de-Tokyo-reclame-la-terre-installation-billard-et-racines-aicha-snoussi22-1152x1536.jpg 1152w, https:\/\/finelife.tv\/fr\/wp-content\/uploads\/2022\/05\/img-src-22https-finelife.tvimage.jpg-alt-22Le-Palais-de-Tokyo-reclame-la-terre-installation-billard-et-racines-aicha-snoussi22-1536x2048.jpg 1536w, https:\/\/finelife.tv\/fr\/wp-content\/uploads\/2022\/05\/img-src-22https-finelife.tvimage.jpg-alt-22Le-Palais-de-Tokyo-reclame-la-terre-installation-billard-et-racines-aicha-snoussi22-scaled.jpg 1920w\" sizes=\"auto, (max-width: 768px) 100vw, 768px\" \/><\/figure>\n<\/figure>\n\n\n\n<p>A\u00efcha Snoussi Nous \u00e9tions 1000 sous la table<br>Etrange beaut\u00e9 \u00e9galement chez l\u2019artiste tunisienne Aicha Snoussi. Ici \u00ab&nbsp;Nous \u00e9tions mille sous la table&nbsp;\u00bb plonge dans une grotte bleu fluo o\u00f9 des tentacules g\u00e9antes et moussues  poussent des pieds d\u2019une table de billard. \u00c0 la recherche d\u2019eau. Tandis que des voix \u00ab&nbsp;queers&nbsp;\u00bb s\u2019\u00e9chappent  des orifices de la table.  Avec son atmosph\u00e8re de fond-marin c\u2019est peut-\u00eatre l\u2019installation la plus immersive de l\u2019exposition. <br><\/p>\n\n\n\n<figure class=\"wp-block-gallery aligncenter has-nested-images columns-default is-cropped wp-block-gallery-4 is-layout-flex wp-block-gallery-is-layout-flex\">\n<figure class=\"wp-block-image size-full\"><img loading=\"lazy\" decoding=\"async\" width=\"600\" height=\"399\" data-id=\"10760\" src=\"https:\/\/finelife.tv\/fr\/wp-content\/uploads\/2022\/05\/img-src-22https-finelife.tvimage.jpg-alt-22Le-Palais-de-Tokyo-reclame-la-terre-installation-video-mimosa-echard22.png\" alt=\"\" class=\"wp-image-10760\" srcset=\"https:\/\/finelife.tv\/fr\/wp-content\/uploads\/2022\/05\/img-src-22https-finelife.tvimage.jpg-alt-22Le-Palais-de-Tokyo-reclame-la-terre-installation-video-mimosa-echard22.png 600w, https:\/\/finelife.tv\/fr\/wp-content\/uploads\/2022\/05\/img-src-22https-finelife.tvimage.jpg-alt-22Le-Palais-de-Tokyo-reclame-la-terre-installation-video-mimosa-echard22-300x200.png 300w\" sizes=\"auto, (max-width: 600px) 100vw, 600px\" \/><\/figure>\n<\/figure>\n\n\n\n<p>Sporal Mimosa Echard<br><\/p>\n\n\n\n<p>\u00c0 voir. Car Sporal, le champignon jeu vid\u00e9o de Mimosa Echard invite \u00e0 chiller sur des coussins pos\u00e9s en vrac. Pour laisser vagabonder notre m\u00e9moire, le motto de la plasticienne, en regardant des gens qui se filment endormis.  L\u2019une des derni\u00e8res tendances sur Twitch. L\u2019artiste imagine son installation en partant des myxomyc\u00e8tes. \u00c0 savoir des organismes monocellulaires qui empruntent leurs caract\u00e9ristiques \u00e0 plusieurs r\u00e8gnes. En effet ces moisissures qui bougent sont \u00e0 la fois v\u00e9g\u00e9tales, animales et champignons.  \u00c0 l\u2019image des myxomyc\u00e8tes dont il s\u2019inspire, le jeu d\u00e9ploie ses ambigu\u00eft\u00e9s sur un mur. Les images constituent un patchwork d\u2019imaginaires \u00ab&nbsp;\u00e9cologiques , futuristes et post apocalyptiques&nbsp;\u00bb. Objectif : interroger les  liens humains-environnement. <br><\/p>\n\n\n\n<figure class=\"wp-block-gallery aligncenter has-nested-images columns-default is-cropped wp-block-gallery-5 is-layout-flex wp-block-gallery-is-layout-flex\">\n<figure class=\"wp-block-image size-large\"><img loading=\"lazy\" decoding=\"async\" width=\"768\" height=\"1024\" data-id=\"10765\" src=\"https:\/\/finelife.tv\/fr\/wp-content\/uploads\/2022\/05\/img-src-22https-finelife.tvimage.jpg-alt-22Le-Palais-de-Tokyo-reclame-la-terre-installation-bmaison-terre-rouge-tabita-rezaire22-768x1024.jpg\" alt=\"\" class=\"wp-image-10765\" srcset=\"https:\/\/finelife.tv\/fr\/wp-content\/uploads\/2022\/05\/img-src-22https-finelife.tvimage.jpg-alt-22Le-Palais-de-Tokyo-reclame-la-terre-installation-bmaison-terre-rouge-tabita-rezaire22-768x1024.jpg 768w, https:\/\/finelife.tv\/fr\/wp-content\/uploads\/2022\/05\/img-src-22https-finelife.tvimage.jpg-alt-22Le-Palais-de-Tokyo-reclame-la-terre-installation-bmaison-terre-rouge-tabita-rezaire22-225x300.jpg 225w, https:\/\/finelife.tv\/fr\/wp-content\/uploads\/2022\/05\/img-src-22https-finelife.tvimage.jpg-alt-22Le-Palais-de-Tokyo-reclame-la-terre-installation-bmaison-terre-rouge-tabita-rezaire22-1152x1536.jpg 1152w, https:\/\/finelife.tv\/fr\/wp-content\/uploads\/2022\/05\/img-src-22https-finelife.tvimage.jpg-alt-22Le-Palais-de-Tokyo-reclame-la-terre-installation-bmaison-terre-rouge-tabita-rezaire22-1536x2048.jpg 1536w, https:\/\/finelife.tv\/fr\/wp-content\/uploads\/2022\/05\/img-src-22https-finelife.tvimage.jpg-alt-22Le-Palais-de-Tokyo-reclame-la-terre-installation-bmaison-terre-rouge-tabita-rezaire22-scaled.jpg 1920w\" sizes=\"auto, (max-width: 768px) 100vw, 768px\" \/><\/figure>\n<\/figure>\n\n\n\n<p>Soil Temple Tabita Rezaire.<br><\/p>\n\n\n\n<p>Le c\u00f4t\u00e9 m\u00e9ditatif est plus direct dans le temple de terre de Tabita Rezaire. L\u2019installation Soil Temple a \u00e9t\u00e9 con\u00e7ue dans la for\u00eat de Guyane fran\u00e7aise comme une maison de gu\u00e9rison collective (pri\u00e8res,  chant, yoga). Apr\u00e8s ses performances en tant que d\u00e9colonisatrice du web, l\u2019artiste, experte en marketing, se focalise aujourd\u2019hui sur ce temple. Ind\u00e9niablement une r\u00e9ussite esth\u00e9tique. Au del\u00e0, la maison est le centre d\u2019un projet qui rassemble tout ce qui est tendance. Du healing  (Tabita Rezaire se dit gu\u00e9risseuse) \u00e0 l\u2019agro-\u00e9cologie (cacao) en passant  bien entendu par la c\u00e9l\u00e9bration de la femme noire au del\u00e0 de la binarit\u00e9.<\/p>\n\n\n\n<p><\/p>\n\n\n\n<h2 class=\"wp-block-heading has-large-font-size\">R\u00e9clamer la terre : la force du son<\/h2>\n\n\n\n<figure class=\"wp-block-gallery aligncenter has-nested-images columns-default is-cropped wp-block-gallery-6 is-layout-flex wp-block-gallery-is-layout-flex\">\n<figure class=\"wp-block-image size-large\"><img loading=\"lazy\" decoding=\"async\" width=\"768\" height=\"1024\" data-id=\"10776\" src=\"https:\/\/finelife.tv\/fr\/wp-content\/uploads\/2022\/05\/img-src-22https-finelife.tvimage.jpg-alt-22Le-Palais-de-Tokyo-reclame-la-terre-death-song-instuments-de-musique-megan-cope22-768x1024.jpg\" alt=\"\" class=\"wp-image-10776\" srcset=\"https:\/\/finelife.tv\/fr\/wp-content\/uploads\/2022\/05\/img-src-22https-finelife.tvimage.jpg-alt-22Le-Palais-de-Tokyo-reclame-la-terre-death-song-instuments-de-musique-megan-cope22-768x1024.jpg 768w, https:\/\/finelife.tv\/fr\/wp-content\/uploads\/2022\/05\/img-src-22https-finelife.tvimage.jpg-alt-22Le-Palais-de-Tokyo-reclame-la-terre-death-song-instuments-de-musique-megan-cope22-225x300.jpg 225w, https:\/\/finelife.tv\/fr\/wp-content\/uploads\/2022\/05\/img-src-22https-finelife.tvimage.jpg-alt-22Le-Palais-de-Tokyo-reclame-la-terre-death-song-instuments-de-musique-megan-cope22-1152x1536.jpg 1152w, https:\/\/finelife.tv\/fr\/wp-content\/uploads\/2022\/05\/img-src-22https-finelife.tvimage.jpg-alt-22Le-Palais-de-Tokyo-reclame-la-terre-death-song-instuments-de-musique-megan-cope22-1536x2048.jpg 1536w, https:\/\/finelife.tv\/fr\/wp-content\/uploads\/2022\/05\/img-src-22https-finelife.tvimage.jpg-alt-22Le-Palais-de-Tokyo-reclame-la-terre-death-song-instuments-de-musique-megan-cope22-scaled.jpg 1920w\" sizes=\"auto, (max-width: 768px) 100vw, 768px\" \/><\/figure>\n<\/figure>\n\n\n\n<p>Megan Cope Untitled (Death song)<br><\/p>\n\n\n\n<p>La grande pr\u00eatresse  travaille avec un studio de design sonore pour \u00ab&nbsp;\u00e9veiller notre conscience \u00e9cologique&nbsp;\u00bb. Le pouvoir du son est utilis\u00e9 par plusieurs intervenants. Outre Aicha  Snoussi, citons Megan Cope. Avec Untitled (Death song) la cr\u00e9atrice Aborig\u00e8ne d\u2019Australie livre une \u0153uvre faite de cinq instruments sculpturaux. Le point de d\u00e9part : le chant de l\u2019Oedicn\u00e8me, un oiseau menac\u00e9 d\u2019extinction en Australie. Megan Cope y voit en effet le symbole des menaces qui p\u00e8sent sur la terre. <br><\/p>\n\n\n\n<figure class=\"wp-block-gallery aligncenter has-nested-images columns-default is-cropped wp-block-gallery-7 is-layout-flex wp-block-gallery-is-layout-flex\">\n<figure class=\"wp-block-image size-full\"><img loading=\"lazy\" decoding=\"async\" width=\"806\" height=\"585\" data-id=\"10768\" src=\"https:\/\/finelife.tv\/fr\/wp-content\/uploads\/2022\/05\/img-src-22https-finelife.tvimage.jpg-alt-22Le-Palais-de-Tokyo-reclame-la-terre-installation-a-roof-f-silence-forts-oliviers-haha-warde22.jpg\" alt=\"\" class=\"wp-image-10768\" srcset=\"https:\/\/finelife.tv\/fr\/wp-content\/uploads\/2022\/05\/img-src-22https-finelife.tvimage.jpg-alt-22Le-Palais-de-Tokyo-reclame-la-terre-installation-a-roof-f-silence-forts-oliviers-haha-warde22.jpg 806w, https:\/\/finelife.tv\/fr\/wp-content\/uploads\/2022\/05\/img-src-22https-finelife.tvimage.jpg-alt-22Le-Palais-de-Tokyo-reclame-la-terre-installation-a-roof-f-silence-forts-oliviers-haha-warde22-300x218.jpg 300w, https:\/\/finelife.tv\/fr\/wp-content\/uploads\/2022\/05\/img-src-22https-finelife.tvimage.jpg-alt-22Le-Palais-de-Tokyo-reclame-la-terre-installation-a-roof-f-silence-forts-oliviers-haha-warde22-768x557.jpg 768w\" sizes=\"auto, (max-width: 806px) 100vw, 806px\" \/><\/figure>\n<\/figure>\n\n\n\n<p>Hala Ward\u00e9, A Roof for Silence, Pavillon Libanais \u00e0 la 17e Exposition Internationale d\u2019Architecture &#8211; La Biennale di Venezia, 2021 Cr\u00e9dit photo : Alain Fleischer et HW architecture<br><br>De son c\u00f4t\u00e9 l\u2019architecte Hala Warde cr\u00e9e un  espace o\u00f9 habitent des oliviers mill\u00e9naires.  Paradoxalement, A Roof of silence et sa for\u00eat hypnotique sont tr\u00e8s sonores. Sous la coupole de verre de Palais de Tokyo et dans  un \u00ab&nbsp;th\u00e9\u00e2tre&nbsp;\u00bb \u00e0 l\u2019ambiance fantomatique les sons nous appellent et nous enveloppent. Initialement l\u2019installation \u00e9tait une invitation au silence mais depuis l\u2019explosion dans le port de Beyrouth le 4 ao\u00fbt  2020 elle fait figure de refuge pour ceux qui ont perdu leur toit.<\/p>\n\n\n\n<figure class=\"wp-block-gallery aligncenter has-nested-images columns-default is-cropped wp-block-gallery-8 is-layout-flex wp-block-gallery-is-layout-flex\">\n<figure class=\"wp-block-image size-large\"><img loading=\"lazy\" decoding=\"async\" width=\"768\" height=\"1024\" data-id=\"10762\" src=\"https:\/\/finelife.tv\/fr\/wp-content\/uploads\/2022\/05\/img-src-22https-finelife.tvimage.jpg-alt-22Le-Palais-de-Tokyo-reclame-la-terre-homme-et-chien-laura-henno22-768x1024.jpg\" alt=\"\" class=\"wp-image-10762\" srcset=\"https:\/\/finelife.tv\/fr\/wp-content\/uploads\/2022\/05\/img-src-22https-finelife.tvimage.jpg-alt-22Le-Palais-de-Tokyo-reclame-la-terre-homme-et-chien-laura-henno22-768x1024.jpg 768w, https:\/\/finelife.tv\/fr\/wp-content\/uploads\/2022\/05\/img-src-22https-finelife.tvimage.jpg-alt-22Le-Palais-de-Tokyo-reclame-la-terre-homme-et-chien-laura-henno22-225x300.jpg 225w, https:\/\/finelife.tv\/fr\/wp-content\/uploads\/2022\/05\/img-src-22https-finelife.tvimage.jpg-alt-22Le-Palais-de-Tokyo-reclame-la-terre-homme-et-chien-laura-henno22-1152x1536.jpg 1152w, https:\/\/finelife.tv\/fr\/wp-content\/uploads\/2022\/05\/img-src-22https-finelife.tvimage.jpg-alt-22Le-Palais-de-Tokyo-reclame-la-terre-homme-et-chien-laura-henno22-1536x2048.jpg 1536w, https:\/\/finelife.tv\/fr\/wp-content\/uploads\/2022\/05\/img-src-22https-finelife.tvimage.jpg-alt-22Le-Palais-de-Tokyo-reclame-la-terre-homme-et-chien-laura-henno22-scaled.jpg 1920w\" sizes=\"auto, (max-width: 768px) 100vw, 768px\" \/><\/figure>\n<\/figure>\n\n\n\n<p>Laura Henno, Ge Ouryao !<br><\/p>\n\n\n\n<p>De toit il n\u2019en a pas. Logique puisque  Smogi, le personnage principal de la s\u00e9rie de photos et de vid\u00e9os de Laura Henno est un migrant comorien. \u00c0 Mayotte il vit avec une bande d\u2019adolescents, les Boucheman, et une meute de chiens. \u00ab&nbsp;Smogi consid\u00e8re ses chiens comme des \u00e9gaux&nbsp;\u00bb affirme la photographe&nbsp;\u00bb. Le film&nbsp;&nbsp;\u00ab&nbsp;Ge Ouryao ! Pourquoi t\u2019as peur !&nbsp;\u00bb montre  les liens entre chiens et hommes \u00e0 travers notamment les appels tr\u00e8s sp\u00e9ciaux de Smogi et les cris des chiens. De fait Laura Henno questionne les relations inter esp\u00e8ces ainsi que la colonisation. <\/p>\n\n\n\n<p> <\/p>\n\n\n\n<h2 class=\"wp-block-heading has-large-font-size\">Monument aux morts de plantes ou \u00ab&nbsp;enlianement&nbsp;\u00bb : des r\u00e9cits pointus et personnels <\/h2>\n\n\n<div class=\"wp-block-image\">\n<figure class=\"aligncenter size-large\"><img loading=\"lazy\" decoding=\"async\" width=\"768\" height=\"1024\" src=\"https:\/\/finelife.tv\/fr\/wp-content\/uploads\/2022\/05\/img-src-22https-finelife.tvimage.jpg-alt-22Le-Palais-de-Tokyo-reclame-la-terre-installation-plantes-en-bronze-abbas-akhavan22-768x1024.jpg\" alt=\"\" class=\"wp-image-10759\" srcset=\"https:\/\/finelife.tv\/fr\/wp-content\/uploads\/2022\/05\/img-src-22https-finelife.tvimage.jpg-alt-22Le-Palais-de-Tokyo-reclame-la-terre-installation-plantes-en-bronze-abbas-akhavan22-768x1024.jpg 768w, https:\/\/finelife.tv\/fr\/wp-content\/uploads\/2022\/05\/img-src-22https-finelife.tvimage.jpg-alt-22Le-Palais-de-Tokyo-reclame-la-terre-installation-plantes-en-bronze-abbas-akhavan22-225x300.jpg 225w, https:\/\/finelife.tv\/fr\/wp-content\/uploads\/2022\/05\/img-src-22https-finelife.tvimage.jpg-alt-22Le-Palais-de-Tokyo-reclame-la-terre-installation-plantes-en-bronze-abbas-akhavan22-1152x1536.jpg 1152w, https:\/\/finelife.tv\/fr\/wp-content\/uploads\/2022\/05\/img-src-22https-finelife.tvimage.jpg-alt-22Le-Palais-de-Tokyo-reclame-la-terre-installation-plantes-en-bronze-abbas-akhavan22-1536x2048.jpg 1536w, https:\/\/finelife.tv\/fr\/wp-content\/uploads\/2022\/05\/img-src-22https-finelife.tvimage.jpg-alt-22Le-Palais-de-Tokyo-reclame-la-terre-installation-plantes-en-bronze-abbas-akhavan22-scaled.jpg 1920w\" sizes=\"auto, (max-width: 768px) 100vw, 768px\" \/><figcaption class=\"wp-element-caption\">Abbas Akhavan, Study for a Monument<\/figcaption><\/figure>\n<\/div>\n\n\n<p><br><\/p>\n\n\n\n<p>La plupart voire la totalit\u00e9 des \u0153uvres  tissent des r\u00e9cits pointus et personnels. De surcroit l\u2019exposition \u00ab&nbsp;suit la trace d\u2019artistes qui travaillent autrement les \u00e9l\u00e9ments (eau, feu, air, terre) ou la mati\u00e8re dite \u00ab naturelle \u00bb (v\u00e9g\u00e9taux, min\u00e9raux&#8230;)&nbsp;\u00bb estime Daria de Beauvais, curatrice de R\u00e9clamer la terre. <\/p>\n\n\n\n<p>Ainsi Abbas Akhavan construit un Monument aux morts des v\u00e9g\u00e9taux. Les sculptures en bronze de l\u2019artiste iranien pointent les troubles sociaux et environnementaux subis par l\u2019Irak ces derni\u00e8res d\u00e9cennies. Les plantes autochtones et end\u00e9miques des rives du Tigre et de l\u2019Euphrate prennent la forme d\u2019\u00e9clats d\u2019obus, de grenades ou de lances.<\/p>\n\n\n\n<figure class=\"wp-block-gallery aligncenter has-nested-images columns-default is-cropped wp-block-gallery-9 is-layout-flex wp-block-gallery-is-layout-flex\">\n<figure class=\"wp-block-image size-large\"><img loading=\"lazy\" decoding=\"async\" width=\"1024\" height=\"768\" data-id=\"10758\" src=\"https:\/\/finelife.tv\/fr\/wp-content\/uploads\/2022\/05\/img-src-22https-finelife.tvimage.jpg-alt-22Le-Palais-de-Tokyo-reclame-la-terre-itableau-plantes-rouges-thu-van-tran22-1024x768.jpg\" alt=\"\" class=\"wp-image-10758\" srcset=\"https:\/\/finelife.tv\/fr\/wp-content\/uploads\/2022\/05\/img-src-22https-finelife.tvimage.jpg-alt-22Le-Palais-de-Tokyo-reclame-la-terre-itableau-plantes-rouges-thu-van-tran22-1024x768.jpg 1024w, https:\/\/finelife.tv\/fr\/wp-content\/uploads\/2022\/05\/img-src-22https-finelife.tvimage.jpg-alt-22Le-Palais-de-Tokyo-reclame-la-terre-itableau-plantes-rouges-thu-van-tran22-300x225.jpg 300w, https:\/\/finelife.tv\/fr\/wp-content\/uploads\/2022\/05\/img-src-22https-finelife.tvimage.jpg-alt-22Le-Palais-de-Tokyo-reclame-la-terre-itableau-plantes-rouges-thu-van-tran22-768x576.jpg 768w, https:\/\/finelife.tv\/fr\/wp-content\/uploads\/2022\/05\/img-src-22https-finelife.tvimage.jpg-alt-22Le-Palais-de-Tokyo-reclame-la-terre-itableau-plantes-rouges-thu-van-tran22-1536x1152.jpg 1536w, https:\/\/finelife.tv\/fr\/wp-content\/uploads\/2022\/05\/img-src-22https-finelife.tvimage.jpg-alt-22Le-Palais-de-Tokyo-reclame-la-terre-itableau-plantes-rouges-thu-van-tran22-2048x1536.jpg 2048w\" sizes=\"auto, (max-width: 1024px) 100vw, 1024px\" \/><\/figure>\n<\/figure>\n\n\n\n<p>\u00c0 l\u2019oppos\u00e9 Thu-Van Tran signe avec De Vert \u00e0 Orange &#8211; Esp\u00e8ces exotiques la revanche des plantes d\u00e9racin\u00e9es pour orner les serres europ\u00e9ennes durant la colonisation. Elles  colonisent \u00e0 leur tour les terres d\u2019accueil et menacent les esp\u00e8ces natives. <br><\/p>\n\n\n\n<p>De son cote Sebasti\u00e1n Calfuqueo, artiste d\u2019origine Mapuche, n&rsquo;h\u00e9site pas \u00e0 \u00ab&nbsp;s\u2019enlianer&nbsp;\u00bb pour donner \u00e0 ressentir l\u2019eau. L\u2019eau sous toutes ses formes naturelles : zones humides, lacs, oc\u00e9ans, rivi\u00e8res, sources. Sa vid\u00e9o interroge par ailleurs le statut du sujet Mapuche dans les soci\u00e9t\u00e9s d\u2019Am\u00e9rique latine. Elle questionne aussi le corps, la binarit\u00e9, le genre et la sexualit\u00e9.<\/p>\n\n\n\n<figure class=\"wp-block-gallery aligncenter has-nested-images columns-default is-cropped wp-block-gallery-10 is-layout-flex wp-block-gallery-is-layout-flex\">\n<figure class=\"wp-block-image size-full\"><img loading=\"lazy\" decoding=\"async\" width=\"708\" height=\"416\" data-id=\"10767\" src=\"https:\/\/finelife.tv\/fr\/wp-content\/uploads\/2022\/05\/img-src-22https-finelife.tvimage.jpg-alt-22Le-Palais-de-Tokyo-reclame-la-terre-homme-riviere-sebastien-calfueguo22.jpg\" alt=\"\" class=\"wp-image-10767\" srcset=\"https:\/\/finelife.tv\/fr\/wp-content\/uploads\/2022\/05\/img-src-22https-finelife.tvimage.jpg-alt-22Le-Palais-de-Tokyo-reclame-la-terre-homme-riviere-sebastien-calfueguo22.jpg 708w, https:\/\/finelife.tv\/fr\/wp-content\/uploads\/2022\/05\/img-src-22https-finelife.tvimage.jpg-alt-22Le-Palais-de-Tokyo-reclame-la-terre-homme-riviere-sebastien-calfueguo22-300x176.jpg 300w\" sizes=\"auto, (max-width: 708px) 100vw, 708px\" \/><\/figure>\n<\/figure>\n\n\n\n<h2 class=\"wp-block-heading has-large-font-size\"><br>C\u00f4t\u00e9  jardin et agriculture <\/h2>\n\n\n\n<p>R\u00e9clamer la terre met \u00e9galement \u00e0 l\u2019honneur les 20 ans du Jardin des habitants. Une initiative collaborative  tr\u00e8s locale initi\u00e9e par l\u2019artiste Robert Milin. Un \u00e9cho \u00e0 &nbsp;\u00abCouper le vent en trois&nbsp;\u00bb l\u2019installation ludique d\u2019H\u00e9l\u00e8ne Bertin qui m\u00eale art,  botanique, agriculture et s\u2019\u00e9panouit dans le vin.<\/p>\n\n\n\n<p>R\u00e9clamer la terre exposition ultra tendance peut sans doute agacer. Elle a toutefois le m\u00e9rite de s\u2019inscrire dans un Zeitgeist en r\u00e9sonance avec l\u2019urgence climatique tout en pr\u00e9sentant des oeuvres novatrices et tripales. <br><\/p>\n\n\n\n<h2 class=\"wp-block-heading has-cyan-bluish-gray-background-color has-background has-large-font-size\">                     INFOS<\/h2>\n\n\n\n<p><em><strong>R\u00e9clamer la Terre-Palais de Tokyo<\/strong><\/em> du 15 avril 2022 au 4 septembre 2022 <a href=\"http:\/\/palaisdetokyo.com\/\">http:\/\/palaisdetokyo.com\/<\/a><\/p>\n\n\n\n<p>Related article Le Palais de Tokyo r\u00e9clame la terre \/ Le Palais de Tokyo r\u00e9clame la terre<\/p>\n\n\n\n<p><strong>Oc\u00e9anie Quai Branly la le\u00e7on de piano maorie <\/strong><a href=\"https:\/\/finelife.tv\/fr\/2019\/03\/27\/oceanie-quai-branly-la-lecon-de-piano-maorie\/\">https:\/\/finelife.tv\/fr\/2019\/03\/27\/oceanie-quai-branly-la-lecon-de-piano-maorie\/<\/a><\/p>\n\n\n\n<p><strong>Le plastique : du miracle au p\u00e9ri<\/strong>l  <a href=\"https:\/\/finelife.tv\/fr\/2019\/07\/23\/le-plastique-du-miracle-au-peril\/\">https:\/\/finelife.tv\/fr\/2019\/07\/23\/le-plastique-du-miracle-au-peril\/<\/a><\/p>\n\n\n\n<p>Le Palais de Tokyo r\u00e9clame la terre<\/p>\n\n\n\n<p><strong>Sally Gabori la myst\u00e9rieuse  artiste contemporaine aborig\u00e8ne \u00e0 la Fondation Cartier<\/strong>   <a href=\"https:\/\/finelife.tv\/fr\/2022\/08\/19\/sally-gabori-la-mysterieuse-artiste-contemporaine-aborigene-a-la-fondation-cartier\/\">https:\/\/finelife.tv\/fr\/2022\/08\/19\/sally-gabori-la-mysterieuse-artiste-contemporaine-aborigene-a-la-fondation-cartier\/<\/a><\/p>\n\n\n\n<p><strong>Global award for Sustainable architecture<\/strong> <a href=\"https:\/\/finelife.tv\/fr\/2022\/10\/15\/global-award-for-sustainable-architecture-2022-les-5-laureats\/\">https:\/\/finelife.tv\/fr\/2022\/10\/15\/global-award-for-sustainable-architecture-2022-les-5-laureats\/<\/a><\/p>\n\n\n\n<p><strong>Expo street art et affects artistiques au palais de Tokyo <\/strong> <a href=\"https:\/\/finelife.tv\/fr\/2023\/09\/15\/expo-street-art-et-affects-artistiques-au-palais-de-tokyo\/ \">https:\/\/finelife.tv\/fr\/2023\/09\/15\/expo-street-art-et-affects-artistiques-au-palais-de-tokyo\/ <\/a><\/p>\n","protected":false},"excerpt":{"rendered":"<p>Le Palais de Tokyo r\u00e9clame la terre . L\u2019exposition r\u00e9unit 14 artistes dont de nombreux cr\u00e9ateurs autochtones qui entendent pr\u00e9senter un art diff\u00e9rent et ancr\u00e9 dans le Zeitgeist <\/p>\n","protected":false},"author":1,"featured_media":0,"comment_status":"open","ping_status":"open","sticky":false,"template":"","format":"standard","meta":{"footnotes":""},"categories":[4],"tags":[22,448,533,3525,2771,68,3524,3523,926,3521,3522,1621],"class_list":["post-10727","post","type-post","status-publish","format-standard","hentry","category-blog","tag-art","tag-art-contemporain","tag-culture","tag-culture-aborigene","tag-ecologie-2","tag-exposition","tag-exposition-culture-autochtones","tag-exposition-ecologie","tag-exposition-paris","tag-exposition-reclamer-la-terre","tag-exposition-sur-le-climat","tag-palais-de-tokyo"],"yoast_head":"<!-- This site is optimized with the Yoast SEO plugin v27.5 - https:\/\/yoast.com\/product\/yoast-seo-wordpress\/ -->\n<title>Le Palais de Tokyo r\u00e9clame la terre - FineLife.tv<\/title>\n<meta name=\"description\" content=\"Le Palais de Tokyo r\u00e9clame la terre . L\u2019exposition r\u00e9unit 14 artistes qui entendent pr\u00e9senter un art diff\u00e9rent et ancr\u00e9 dans le Zeitgeist\" \/>\n<meta name=\"robots\" content=\"index, follow, max-snippet:-1, max-image-preview:large, max-video-preview:-1\" \/>\n<link rel=\"canonical\" href=\"https:\/\/finelife.tv\/fr\/2022\/05\/12\/le-palais-de-tokyo-reclame-la-terre\/\" \/>\n<meta property=\"og:locale\" content=\"fr_FR\" \/>\n<meta property=\"og:type\" content=\"article\" \/>\n<meta property=\"og:title\" content=\"Le Palais de Tokyo r\u00e9clame la terre - FineLife.tv\" \/>\n<meta property=\"og:description\" content=\"Le Palais de Tokyo r\u00e9clame la terre . L\u2019exposition r\u00e9unit 14 artistes qui entendent pr\u00e9senter un art diff\u00e9rent et ancr\u00e9 dans le Zeitgeist\" \/>\n<meta property=\"og:url\" content=\"https:\/\/finelife.tv\/fr\/2022\/05\/12\/le-palais-de-tokyo-reclame-la-terre\/\" \/>\n<meta property=\"og:site_name\" content=\"FineLife.tv\" \/>\n<meta property=\"article:published_time\" content=\"2022-05-12T17:20:22+00:00\" \/>\n<meta property=\"article:modified_time\" content=\"2023-09-15T13:46:14+00:00\" \/>\n<meta property=\"og:image\" content=\"https:\/\/finelife.tv\/fr\/wp-content\/uploads\/2022\/05\/img-src-22https-finelife.tvimage.jpg-alt-22Le-Palais-de-Tokyo-reclame-la-terre22-768x1024.jpg\" \/>\n<meta name=\"author\" content=\"Leonore\" \/>\n<meta name=\"twitter:card\" content=\"summary_large_image\" \/>\n<meta name=\"twitter:creator\" content=\"@finelifetv\" \/>\n<meta name=\"twitter:site\" content=\"@finelifetv\" \/>\n<meta name=\"twitter:label1\" content=\"\u00c9crit par\" \/>\n\t<meta name=\"twitter:data1\" content=\"Leonore\" \/>\n\t<meta name=\"twitter:label2\" content=\"Dur\u00e9e de lecture estim\u00e9e\" \/>\n\t<meta name=\"twitter:data2\" content=\"9 minutes\" \/>\n<script type=\"application\/ld+json\" class=\"yoast-schema-graph\">{\"@context\":\"https:\\\/\\\/schema.org\",\"@graph\":[{\"@type\":\"Article\",\"@id\":\"https:\\\/\\\/finelife.tv\\\/fr\\\/2022\\\/05\\\/12\\\/le-palais-de-tokyo-reclame-la-terre\\\/#article\",\"isPartOf\":{\"@id\":\"https:\\\/\\\/finelife.tv\\\/fr\\\/2022\\\/05\\\/12\\\/le-palais-de-tokyo-reclame-la-terre\\\/\"},\"author\":{\"name\":\"Leonore\",\"@id\":\"https:\\\/\\\/finelife.tv\\\/fr\\\/#\\\/schema\\\/person\\\/e3d980b0c0b3dc5af01c3455893c8c52\"},\"headline\":\"Le Palais de Tokyo r\u00e9clame la terre\",\"datePublished\":\"2022-05-12T17:20:22+00:00\",\"dateModified\":\"2023-09-15T13:46:14+00:00\",\"mainEntityOfPage\":{\"@id\":\"https:\\\/\\\/finelife.tv\\\/fr\\\/2022\\\/05\\\/12\\\/le-palais-de-tokyo-reclame-la-terre\\\/\"},\"wordCount\":1473,\"commentCount\":3,\"image\":{\"@id\":\"https:\\\/\\\/finelife.tv\\\/fr\\\/2022\\\/05\\\/12\\\/le-palais-de-tokyo-reclame-la-terre\\\/#primaryimage\"},\"thumbnailUrl\":\"https:\\\/\\\/finelife.tv\\\/fr\\\/wp-content\\\/uploads\\\/2022\\\/05\\\/img-src-22https-finelife.tvimage.jpg-alt-22Le-Palais-de-Tokyo-reclame-la-terre22-768x1024.jpg\",\"keywords\":[\"art\",\"art contemporain\",\"culture\",\"culture aborig\u00e8ne\",\"\u00e9cologie\",\"exposition\",\"exposition culture autochtones\",\"exposition \u00e9cologie\",\"exposition paris\",\"exposition r\u00e9clamer la terre\",\"exposition sur le climat\",\"palais de Tokyo\"],\"articleSection\":[\"Blog\"],\"inLanguage\":\"fr-FR\",\"potentialAction\":[{\"@type\":\"CommentAction\",\"name\":\"Comment\",\"target\":[\"https:\\\/\\\/finelife.tv\\\/fr\\\/2022\\\/05\\\/12\\\/le-palais-de-tokyo-reclame-la-terre\\\/#respond\"]}]},{\"@type\":\"WebPage\",\"@id\":\"https:\\\/\\\/finelife.tv\\\/fr\\\/2022\\\/05\\\/12\\\/le-palais-de-tokyo-reclame-la-terre\\\/\",\"url\":\"https:\\\/\\\/finelife.tv\\\/fr\\\/2022\\\/05\\\/12\\\/le-palais-de-tokyo-reclame-la-terre\\\/\",\"name\":\"Le Palais de Tokyo r\u00e9clame la terre - FineLife.tv\",\"isPartOf\":{\"@id\":\"https:\\\/\\\/finelife.tv\\\/fr\\\/#website\"},\"primaryImageOfPage\":{\"@id\":\"https:\\\/\\\/finelife.tv\\\/fr\\\/2022\\\/05\\\/12\\\/le-palais-de-tokyo-reclame-la-terre\\\/#primaryimage\"},\"image\":{\"@id\":\"https:\\\/\\\/finelife.tv\\\/fr\\\/2022\\\/05\\\/12\\\/le-palais-de-tokyo-reclame-la-terre\\\/#primaryimage\"},\"thumbnailUrl\":\"https:\\\/\\\/finelife.tv\\\/fr\\\/wp-content\\\/uploads\\\/2022\\\/05\\\/img-src-22https-finelife.tvimage.jpg-alt-22Le-Palais-de-Tokyo-reclame-la-terre22-768x1024.jpg\",\"datePublished\":\"2022-05-12T17:20:22+00:00\",\"dateModified\":\"2023-09-15T13:46:14+00:00\",\"author\":{\"@id\":\"https:\\\/\\\/finelife.tv\\\/fr\\\/#\\\/schema\\\/person\\\/e3d980b0c0b3dc5af01c3455893c8c52\"},\"description\":\"Le Palais de Tokyo r\u00e9clame la terre . L\u2019exposition r\u00e9unit 14 artistes qui entendent pr\u00e9senter un art diff\u00e9rent et ancr\u00e9 dans le Zeitgeist\",\"breadcrumb\":{\"@id\":\"https:\\\/\\\/finelife.tv\\\/fr\\\/2022\\\/05\\\/12\\\/le-palais-de-tokyo-reclame-la-terre\\\/#breadcrumb\"},\"inLanguage\":\"fr-FR\",\"potentialAction\":[{\"@type\":\"ReadAction\",\"target\":[\"https:\\\/\\\/finelife.tv\\\/fr\\\/2022\\\/05\\\/12\\\/le-palais-de-tokyo-reclame-la-terre\\\/\"]}]},{\"@type\":\"ImageObject\",\"inLanguage\":\"fr-FR\",\"@id\":\"https:\\\/\\\/finelife.tv\\\/fr\\\/2022\\\/05\\\/12\\\/le-palais-de-tokyo-reclame-la-terre\\\/#primaryimage\",\"url\":\"https:\\\/\\\/finelife.tv\\\/fr\\\/wp-content\\\/uploads\\\/2022\\\/05\\\/img-src-22https-finelife.tvimage.jpg-alt-22Le-Palais-de-Tokyo-reclame-la-terre22-scaled.jpg\",\"contentUrl\":\"https:\\\/\\\/finelife.tv\\\/fr\\\/wp-content\\\/uploads\\\/2022\\\/05\\\/img-src-22https-finelife.tvimage.jpg-alt-22Le-Palais-de-Tokyo-reclame-la-terre22-scaled.jpg\",\"width\":1920,\"height\":2560},{\"@type\":\"BreadcrumbList\",\"@id\":\"https:\\\/\\\/finelife.tv\\\/fr\\\/2022\\\/05\\\/12\\\/le-palais-de-tokyo-reclame-la-terre\\\/#breadcrumb\",\"itemListElement\":[{\"@type\":\"ListItem\",\"position\":1,\"name\":\"Accueil\",\"item\":\"https:\\\/\\\/finelife.tv\\\/fr\\\/\"},{\"@type\":\"ListItem\",\"position\":2,\"name\":\"Le Palais de Tokyo r\u00e9clame la terre\"}]},{\"@type\":\"WebSite\",\"@id\":\"https:\\\/\\\/finelife.tv\\\/fr\\\/#website\",\"url\":\"https:\\\/\\\/finelife.tv\\\/fr\\\/\",\"name\":\"FineLife.tv\",\"description\":\"Quand l&#039;Art de vivre croise l&#039;Art de penser\",\"potentialAction\":[{\"@type\":\"SearchAction\",\"target\":{\"@type\":\"EntryPoint\",\"urlTemplate\":\"https:\\\/\\\/finelife.tv\\\/fr\\\/?s={search_term_string}\"},\"query-input\":{\"@type\":\"PropertyValueSpecification\",\"valueRequired\":true,\"valueName\":\"search_term_string\"}}],\"inLanguage\":\"fr-FR\"},{\"@type\":\"Person\",\"@id\":\"https:\\\/\\\/finelife.tv\\\/fr\\\/#\\\/schema\\\/person\\\/e3d980b0c0b3dc5af01c3455893c8c52\",\"name\":\"Leonore\",\"image\":{\"@type\":\"ImageObject\",\"inLanguage\":\"fr-FR\",\"@id\":\"https:\\\/\\\/secure.gravatar.com\\\/avatar\\\/9a2e5073417479f910ffdeee54da5ccf4f91eab62746ce0ae0e81124a9491a79?s=96&d=mm&r=g\",\"url\":\"https:\\\/\\\/secure.gravatar.com\\\/avatar\\\/9a2e5073417479f910ffdeee54da5ccf4f91eab62746ce0ae0e81124a9491a79?s=96&d=mm&r=g\",\"contentUrl\":\"https:\\\/\\\/secure.gravatar.com\\\/avatar\\\/9a2e5073417479f910ffdeee54da5ccf4f91eab62746ce0ae0e81124a9491a79?s=96&d=mm&r=g\",\"caption\":\"Leonore\"}}]}<\/script>\n<!-- \/ Yoast SEO plugin. -->","yoast_head_json":{"title":"Le Palais de Tokyo r\u00e9clame la terre - FineLife.tv","description":"Le Palais de Tokyo r\u00e9clame la terre . L\u2019exposition r\u00e9unit 14 artistes qui entendent pr\u00e9senter un art diff\u00e9rent et ancr\u00e9 dans le Zeitgeist","robots":{"index":"index","follow":"follow","max-snippet":"max-snippet:-1","max-image-preview":"max-image-preview:large","max-video-preview":"max-video-preview:-1"},"canonical":"https:\/\/finelife.tv\/fr\/2022\/05\/12\/le-palais-de-tokyo-reclame-la-terre\/","og_locale":"fr_FR","og_type":"article","og_title":"Le Palais de Tokyo r\u00e9clame la terre - FineLife.tv","og_description":"Le Palais de Tokyo r\u00e9clame la terre . L\u2019exposition r\u00e9unit 14 artistes qui entendent pr\u00e9senter un art diff\u00e9rent et ancr\u00e9 dans le Zeitgeist","og_url":"https:\/\/finelife.tv\/fr\/2022\/05\/12\/le-palais-de-tokyo-reclame-la-terre\/","og_site_name":"FineLife.tv","article_published_time":"2022-05-12T17:20:22+00:00","article_modified_time":"2023-09-15T13:46:14+00:00","og_image":[{"url":"https:\/\/finelife.tv\/fr\/wp-content\/uploads\/2022\/05\/img-src-22https-finelife.tvimage.jpg-alt-22Le-Palais-de-Tokyo-reclame-la-terre22-768x1024.jpg","type":"","width":"","height":""}],"author":"Leonore","twitter_card":"summary_large_image","twitter_creator":"@finelifetv","twitter_site":"@finelifetv","twitter_misc":{"\u00c9crit par":"Leonore","Dur\u00e9e de lecture estim\u00e9e":"9 minutes"},"schema":{"@context":"https:\/\/schema.org","@graph":[{"@type":"Article","@id":"https:\/\/finelife.tv\/fr\/2022\/05\/12\/le-palais-de-tokyo-reclame-la-terre\/#article","isPartOf":{"@id":"https:\/\/finelife.tv\/fr\/2022\/05\/12\/le-palais-de-tokyo-reclame-la-terre\/"},"author":{"name":"Leonore","@id":"https:\/\/finelife.tv\/fr\/#\/schema\/person\/e3d980b0c0b3dc5af01c3455893c8c52"},"headline":"Le Palais de Tokyo r\u00e9clame la terre","datePublished":"2022-05-12T17:20:22+00:00","dateModified":"2023-09-15T13:46:14+00:00","mainEntityOfPage":{"@id":"https:\/\/finelife.tv\/fr\/2022\/05\/12\/le-palais-de-tokyo-reclame-la-terre\/"},"wordCount":1473,"commentCount":3,"image":{"@id":"https:\/\/finelife.tv\/fr\/2022\/05\/12\/le-palais-de-tokyo-reclame-la-terre\/#primaryimage"},"thumbnailUrl":"https:\/\/finelife.tv\/fr\/wp-content\/uploads\/2022\/05\/img-src-22https-finelife.tvimage.jpg-alt-22Le-Palais-de-Tokyo-reclame-la-terre22-768x1024.jpg","keywords":["art","art contemporain","culture","culture aborig\u00e8ne","\u00e9cologie","exposition","exposition culture autochtones","exposition \u00e9cologie","exposition paris","exposition r\u00e9clamer la terre","exposition sur le climat","palais de Tokyo"],"articleSection":["Blog"],"inLanguage":"fr-FR","potentialAction":[{"@type":"CommentAction","name":"Comment","target":["https:\/\/finelife.tv\/fr\/2022\/05\/12\/le-palais-de-tokyo-reclame-la-terre\/#respond"]}]},{"@type":"WebPage","@id":"https:\/\/finelife.tv\/fr\/2022\/05\/12\/le-palais-de-tokyo-reclame-la-terre\/","url":"https:\/\/finelife.tv\/fr\/2022\/05\/12\/le-palais-de-tokyo-reclame-la-terre\/","name":"Le Palais de Tokyo r\u00e9clame la terre - FineLife.tv","isPartOf":{"@id":"https:\/\/finelife.tv\/fr\/#website"},"primaryImageOfPage":{"@id":"https:\/\/finelife.tv\/fr\/2022\/05\/12\/le-palais-de-tokyo-reclame-la-terre\/#primaryimage"},"image":{"@id":"https:\/\/finelife.tv\/fr\/2022\/05\/12\/le-palais-de-tokyo-reclame-la-terre\/#primaryimage"},"thumbnailUrl":"https:\/\/finelife.tv\/fr\/wp-content\/uploads\/2022\/05\/img-src-22https-finelife.tvimage.jpg-alt-22Le-Palais-de-Tokyo-reclame-la-terre22-768x1024.jpg","datePublished":"2022-05-12T17:20:22+00:00","dateModified":"2023-09-15T13:46:14+00:00","author":{"@id":"https:\/\/finelife.tv\/fr\/#\/schema\/person\/e3d980b0c0b3dc5af01c3455893c8c52"},"description":"Le Palais de Tokyo r\u00e9clame la terre . L\u2019exposition r\u00e9unit 14 artistes qui entendent pr\u00e9senter un art diff\u00e9rent et ancr\u00e9 dans le Zeitgeist","breadcrumb":{"@id":"https:\/\/finelife.tv\/fr\/2022\/05\/12\/le-palais-de-tokyo-reclame-la-terre\/#breadcrumb"},"inLanguage":"fr-FR","potentialAction":[{"@type":"ReadAction","target":["https:\/\/finelife.tv\/fr\/2022\/05\/12\/le-palais-de-tokyo-reclame-la-terre\/"]}]},{"@type":"ImageObject","inLanguage":"fr-FR","@id":"https:\/\/finelife.tv\/fr\/2022\/05\/12\/le-palais-de-tokyo-reclame-la-terre\/#primaryimage","url":"https:\/\/finelife.tv\/fr\/wp-content\/uploads\/2022\/05\/img-src-22https-finelife.tvimage.jpg-alt-22Le-Palais-de-Tokyo-reclame-la-terre22-scaled.jpg","contentUrl":"https:\/\/finelife.tv\/fr\/wp-content\/uploads\/2022\/05\/img-src-22https-finelife.tvimage.jpg-alt-22Le-Palais-de-Tokyo-reclame-la-terre22-scaled.jpg","width":1920,"height":2560},{"@type":"BreadcrumbList","@id":"https:\/\/finelife.tv\/fr\/2022\/05\/12\/le-palais-de-tokyo-reclame-la-terre\/#breadcrumb","itemListElement":[{"@type":"ListItem","position":1,"name":"Accueil","item":"https:\/\/finelife.tv\/fr\/"},{"@type":"ListItem","position":2,"name":"Le Palais de Tokyo r\u00e9clame la terre"}]},{"@type":"WebSite","@id":"https:\/\/finelife.tv\/fr\/#website","url":"https:\/\/finelife.tv\/fr\/","name":"FineLife.tv","description":"Quand l&#039;Art de vivre croise l&#039;Art de penser","potentialAction":[{"@type":"SearchAction","target":{"@type":"EntryPoint","urlTemplate":"https:\/\/finelife.tv\/fr\/?s={search_term_string}"},"query-input":{"@type":"PropertyValueSpecification","valueRequired":true,"valueName":"search_term_string"}}],"inLanguage":"fr-FR"},{"@type":"Person","@id":"https:\/\/finelife.tv\/fr\/#\/schema\/person\/e3d980b0c0b3dc5af01c3455893c8c52","name":"Leonore","image":{"@type":"ImageObject","inLanguage":"fr-FR","@id":"https:\/\/secure.gravatar.com\/avatar\/9a2e5073417479f910ffdeee54da5ccf4f91eab62746ce0ae0e81124a9491a79?s=96&d=mm&r=g","url":"https:\/\/secure.gravatar.com\/avatar\/9a2e5073417479f910ffdeee54da5ccf4f91eab62746ce0ae0e81124a9491a79?s=96&d=mm&r=g","contentUrl":"https:\/\/secure.gravatar.com\/avatar\/9a2e5073417479f910ffdeee54da5ccf4f91eab62746ce0ae0e81124a9491a79?s=96&d=mm&r=g","caption":"Leonore"}}]}},"_links":{"self":[{"href":"https:\/\/finelife.tv\/fr\/wp-json\/wp\/v2\/posts\/10727","targetHints":{"allow":["GET"]}}],"collection":[{"href":"https:\/\/finelife.tv\/fr\/wp-json\/wp\/v2\/posts"}],"about":[{"href":"https:\/\/finelife.tv\/fr\/wp-json\/wp\/v2\/types\/post"}],"author":[{"embeddable":true,"href":"https:\/\/finelife.tv\/fr\/wp-json\/wp\/v2\/users\/1"}],"replies":[{"embeddable":true,"href":"https:\/\/finelife.tv\/fr\/wp-json\/wp\/v2\/comments?post=10727"}],"version-history":[{"count":71,"href":"https:\/\/finelife.tv\/fr\/wp-json\/wp\/v2\/posts\/10727\/revisions"}],"predecessor-version":[{"id":14905,"href":"https:\/\/finelife.tv\/fr\/wp-json\/wp\/v2\/posts\/10727\/revisions\/14905"}],"wp:attachment":[{"href":"https:\/\/finelife.tv\/fr\/wp-json\/wp\/v2\/media?parent=10727"}],"wp:term":[{"taxonomy":"category","embeddable":true,"href":"https:\/\/finelife.tv\/fr\/wp-json\/wp\/v2\/categories?post=10727"},{"taxonomy":"post_tag","embeddable":true,"href":"https:\/\/finelife.tv\/fr\/wp-json\/wp\/v2\/tags?post=10727"}],"curies":[{"name":"wp","href":"https:\/\/api.w.org\/{rel}","templated":true}]}}