{"id":108,"date":"2017-06-08T20:15:12","date_gmt":"2017-06-08T18:15:12","guid":{"rendered":"http:\/\/niksune.eu\/FineLifeTv\/fr\/?p=108"},"modified":"2023-09-07T09:48:39","modified_gmt":"2023-09-07T07:48:39","slug":"la-biennale-des-antiquaires-125-exposants-dans-un-ecrin-de-miroirs","status":"publish","type":"post","link":"https:\/\/finelife.tv\/fr\/2017\/06\/08\/la-biennale-des-antiquaires-125-exposants-dans-un-ecrin-de-miroirs\/","title":{"rendered":"\ufeffLa Biennale des Antiquaires &#8211; 125 galeries d&rsquo;art dans un \u00e9crin de miroirs"},"content":{"rendered":"<p><iframe loading=\"lazy\" src=\"https:\/\/player.vimeo.com\/video\/217492655\" width=\"356\" height=\"200\" frameborder=\"0\" allowfullscreen=\"allowfullscreen\"><\/iframe><\/p>\n<p>D\u00e9sormais, la biennale des Antiquaires devient annuelle. Pour marquer cette r\u00e9volution, les organisateurs proposent trois expositions d&rsquo;art exceptionnelles.<!--more--><\/p>\n<p>La premi\u00e8re donne \u00e0 admirer un ensemble vari\u00e9 de tr\u00e9sors venus de loin. Le Mus\u00e9e de l&rsquo;Hermitage de Saint Petersbourg pr\u00e9sente 35 oeuvres d&rsquo;art phare de sa collection du 18\u00e8me si\u00e8cle.<\/p>\n<p>&nbsp;<\/p>\n<p><img loading=\"lazy\" decoding=\"async\" class=\"size-medium wp-image-115 aligncenter\" src=\"http:\/\/finelife.info\/fr\/wp-content\/uploads\/2017\/06\/biennale-des-antiquaires-mobiler-national-finelifetv-e1496945414439-225x300.jpg\" alt=\"\" width=\"225\" height=\"300\" srcset=\"https:\/\/finelife.tv\/fr\/wp-content\/uploads\/2017\/06\/biennale-des-antiquaires-mobiler-national-finelifetv-e1496945414439-225x300.jpg 225w, https:\/\/finelife.tv\/fr\/wp-content\/uploads\/2017\/06\/biennale-des-antiquaires-mobiler-national-finelifetv-e1496945414439.jpg 480w\" sizes=\"auto, (max-width: 225px) 100vw, 225px\" \/><\/p>\n<p>&nbsp;<\/p>\n<p>Changement d&rsquo;atmosph\u00e8re et saut temporel pour la deuxi\u00e8me exhibition.<br \/>\nLe Mobilier National a pr\u00eat\u00e9 ses pi\u00e8ces le plus repr\u00e9sentatives du 20\u00e8me si\u00e8cle. De la tapisserie des Gobelins exhudant de couleurs \u00e0 la chaise Edouard Albert toute en boules en passant par le poirier de Serge Manzon.<\/p>\n<p><img loading=\"lazy\" decoding=\"async\" class=\"size-medium wp-image-124 aligncenter\" src=\"http:\/\/finelife.info\/fr\/wp-content\/uploads\/2017\/06\/biennale-des-antiquaires-jewelry2-finelifetv-256x300.jpg\" alt=\"\" width=\"256\" height=\"300\" srcset=\"https:\/\/finelife.tv\/fr\/wp-content\/uploads\/2017\/06\/biennale-des-antiquaires-jewelry2-finelifetv-256x300.jpg 256w, https:\/\/finelife.tv\/fr\/wp-content\/uploads\/2017\/06\/biennale-des-antiquaires-jewelry2-finelifetv.jpg 546w\" sizes=\"auto, (max-width: 256px) 100vw, 256px\" \/><img loading=\"lazy\" decoding=\"async\" class=\" wp-image-112 aligncenter\" src=\"http:\/\/finelife.info\/fr\/wp-content\/uploads\/2017\/06\/biennale-des-antiquaires-jewelry-finelifetv-e1496945338225-225x300.jpg\" alt=\"\" width=\"257\" height=\"342\" srcset=\"https:\/\/finelife.tv\/fr\/wp-content\/uploads\/2017\/06\/biennale-des-antiquaires-jewelry-finelifetv-e1496945338225-225x300.jpg 225w, https:\/\/finelife.tv\/fr\/wp-content\/uploads\/2017\/06\/biennale-des-antiquaires-jewelry-finelifetv-e1496945338225.jpg 480w\" sizes=\"auto, (max-width: 257px) 100vw, 257px\" \/><\/p>\n<p>&nbsp;<\/p>\n<p>Le dernier grand spot artistique c\u00e9l\u00e8bre le temps et le pr\u00e9cieux. Mais le temps n&rsquo;est-il pas toujours pr\u00e9cieux ?<br \/>\nJoailliers d&rsquo;art et ma\u00eetre de haute horlogerie donnent au temps qui passe un scintillant cachet.<br \/>\nIci patience, minutie, ma\u00eetrise et raffinement investissent l&rsquo;espace.<\/p>\n<p>&nbsp;<\/p>\n<p><img loading=\"lazy\" decoding=\"async\" class=\"size-medium wp-image-113 aligncenter\" src=\"http:\/\/finelife.info\/fr\/wp-content\/uploads\/2017\/06\/biennale-des-antiquaires-scenographie-nathalie-criniere-finelifetv-e1496945354297-225x300.jpg\" alt=\"\" width=\"225\" height=\"300\" srcset=\"https:\/\/finelife.tv\/fr\/wp-content\/uploads\/2017\/06\/biennale-des-antiquaires-scenographie-nathalie-criniere-finelifetv-e1496945354297-225x300.jpg 225w, https:\/\/finelife.tv\/fr\/wp-content\/uploads\/2017\/06\/biennale-des-antiquaires-scenographie-nathalie-criniere-finelifetv-e1496945354297.jpg 480w\" sizes=\"auto, (max-width: 225px) 100vw, 225px\" \/><\/p>\n<p>&nbsp;<\/p>\n<p>&nbsp;<\/p>\n<p>La sc\u00e9nographie est griff\u00e9e Nathalie Crini\u00e8re.<\/p>\n<p>Cette amoureuse du Grand palais a voulu s&rsquo;effacer devant l&rsquo;\u00e9difice.<br \/>\nElle a con\u00e7u une sorte d\u2019\u00e9crin suppl\u00e9mentaire au mus\u00e9e en cr\u00e9ant des miroirs qui refl\u00e9taient la grande nef. R\u00e9sultat des portes de 10 m de haut. Un stratifi\u00e9 a effet m\u00e9tallique r\u00e9pond aux miroirs.<\/p>\n<p>&nbsp;<\/p>\n<p>L&rsquo;architecte voulait \u00e9galement accueillir au mieux les 125 exposant venus de 14 pays<br \/>\nDe l\u00e0 est n\u00e9e l&rsquo;id\u00e9e d&rsquo;une place centrale et des portes o\u00f9 les exposants de miniatures comme de grands formats peuvent faire entrer leurs pi\u00e8ces.<\/p>\n<p><img loading=\"lazy\" decoding=\"async\" class=\"size-medium wp-image-114 aligncenter\" src=\"http:\/\/finelife.info\/fr\/wp-content\/uploads\/2017\/06\/biennale-des-antiquaires-klein-finelifetv-e1496945368460-225x300.jpg\" alt=\"\" width=\"225\" height=\"300\" srcset=\"https:\/\/finelife.tv\/fr\/wp-content\/uploads\/2017\/06\/biennale-des-antiquaires-klein-finelifetv-e1496945368460-225x300.jpg 225w, https:\/\/finelife.tv\/fr\/wp-content\/uploads\/2017\/06\/biennale-des-antiquaires-klein-finelifetv-e1496945368460.jpg 480w\" sizes=\"auto, (max-width: 225px) 100vw, 225px\" \/><img loading=\"lazy\" decoding=\"async\" class=\"size-medium wp-image-111 aligncenter\" src=\"http:\/\/finelife.info\/fr\/wp-content\/uploads\/2017\/06\/biennale-des-antiquaires-galerie-finelifetv-e1496945319402-225x300.jpg\" alt=\"\" width=\"225\" height=\"300\" srcset=\"https:\/\/finelife.tv\/fr\/wp-content\/uploads\/2017\/06\/biennale-des-antiquaires-galerie-finelifetv-e1496945319402-225x300.jpg 225w, https:\/\/finelife.tv\/fr\/wp-content\/uploads\/2017\/06\/biennale-des-antiquaires-galerie-finelifetv-e1496945319402.jpg 480w\" sizes=\"auto, (max-width: 225px) 100vw, 225px\" \/><\/p>\n<p>&nbsp;<\/p>\n<p>Des tableaux, des sculptures, des c\u00e9ramiques, 4 Maison de haute joaillerie, des \u00e9poques qui se croisent cette 28\u00e8me \u00e9dition a de quoi satisfaire les esth\u00e8tes.<\/p>\n<p>&nbsp;<\/p>\n<p>&nbsp;<\/p>\n\n\n<p><strong>Le Parcours des Mondes : les arts premiers en plein air<\/strong> <a href=\"https:\/\/finelife.tv\/fr\/2023\/09\/06\/le-parcours-des-mondes-les-arts-premiers-en-plen-air\/\">https:\/\/finelife.tv\/fr\/2023\/09\/06\/le-parcours-des-mondes-les-arts-premiers-en-ple<\/a><\/p>\n","protected":false},"excerpt":{"rendered":"<p>D\u00e9sormais, la biennale des Antiquaires devient annuelle. Pour marquer cette r\u00e9volution, les organisateurs proposent trois expositions d&rsquo;art exceptionnelles.<\/p>\n","protected":false},"author":1,"featured_media":0,"comment_status":"open","ping_status":"open","sticky":false,"template":"","format":"standard","meta":{"footnotes":""},"categories":[2],"tags":[22,34,68,85,97,98,147,151,153],"class_list":["post-108","post","type-post","status-publish","format-standard","hentry","category-art","tag-art","tag-biennale-des-antiquaires","tag-exposition","tag-grand-palais","tag-haute-horlogerie","tag-haute-joaillerie","tag-mobilier-national","tag-musee-de-lhermitage","tag-nathalie-criniere"],"yoast_head":"<!-- This site is optimized with the Yoast SEO plugin v27.5 - https:\/\/yoast.com\/product\/yoast-seo-wordpress\/ -->\n<title>\ufeffLa Biennale des Antiquaires - 125 galeries d&#039;art dans un \u00e9crin de miroirs - FineLife.tv<\/title>\n<meta name=\"robots\" content=\"index, follow, max-snippet:-1, max-image-preview:large, max-video-preview:-1\" \/>\n<link rel=\"canonical\" href=\"https:\/\/finelife.tv\/fr\/2017\/06\/08\/la-biennale-des-antiquaires-125-exposants-dans-un-ecrin-de-miroirs\/\" \/>\n<meta property=\"og:locale\" content=\"fr_FR\" \/>\n<meta property=\"og:type\" content=\"article\" \/>\n<meta property=\"og:title\" content=\"\ufeffLa Biennale des Antiquaires - 125 galeries d&#039;art dans un \u00e9crin de miroirs - FineLife.tv\" \/>\n<meta property=\"og:description\" content=\"D\u00e9sormais, la biennale des Antiquaires devient annuelle. Pour marquer cette r\u00e9volution, les organisateurs proposent trois expositions d&rsquo;art exceptionnelles.\" \/>\n<meta property=\"og:url\" content=\"https:\/\/finelife.tv\/fr\/2017\/06\/08\/la-biennale-des-antiquaires-125-exposants-dans-un-ecrin-de-miroirs\/\" \/>\n<meta property=\"og:site_name\" content=\"FineLife.tv\" \/>\n<meta property=\"article:published_time\" content=\"2017-06-08T18:15:12+00:00\" \/>\n<meta property=\"article:modified_time\" content=\"2023-09-07T07:48:39+00:00\" \/>\n<meta property=\"og:image\" content=\"http:\/\/finelife.info\/fr\/wp-content\/uploads\/2017\/06\/biennale-des-antiquaires-mobiler-national-finelifetv-e1496945414439-225x300.jpg\" \/>\n<meta name=\"author\" content=\"Leonore\" \/>\n<meta name=\"twitter:card\" content=\"summary_large_image\" \/>\n<meta name=\"twitter:creator\" content=\"@finelifetv\" \/>\n<meta name=\"twitter:site\" content=\"@finelifetv\" \/>\n<meta name=\"twitter:label1\" content=\"\u00c9crit par\" \/>\n\t<meta name=\"twitter:data1\" content=\"Leonore\" \/>\n\t<meta name=\"twitter:label2\" content=\"Dur\u00e9e de lecture estim\u00e9e\" \/>\n\t<meta name=\"twitter:data2\" content=\"3 minutes\" \/>\n<script type=\"application\/ld+json\" class=\"yoast-schema-graph\">{\"@context\":\"https:\\\/\\\/schema.org\",\"@graph\":[{\"@type\":\"Article\",\"@id\":\"https:\\\/\\\/finelife.tv\\\/fr\\\/2017\\\/06\\\/08\\\/la-biennale-des-antiquaires-125-exposants-dans-un-ecrin-de-miroirs\\\/#article\",\"isPartOf\":{\"@id\":\"https:\\\/\\\/finelife.tv\\\/fr\\\/2017\\\/06\\\/08\\\/la-biennale-des-antiquaires-125-exposants-dans-un-ecrin-de-miroirs\\\/\"},\"author\":{\"name\":\"Leonore\",\"@id\":\"https:\\\/\\\/finelife.tv\\\/fr\\\/#\\\/schema\\\/person\\\/e3d980b0c0b3dc5af01c3455893c8c52\"},\"headline\":\"\ufeffLa Biennale des Antiquaires &#8211; 125 galeries d&rsquo;art dans un \u00e9crin de miroirs\",\"datePublished\":\"2017-06-08T18:15:12+00:00\",\"dateModified\":\"2023-09-07T07:48:39+00:00\",\"mainEntityOfPage\":{\"@id\":\"https:\\\/\\\/finelife.tv\\\/fr\\\/2017\\\/06\\\/08\\\/la-biennale-des-antiquaires-125-exposants-dans-un-ecrin-de-miroirs\\\/\"},\"wordCount\":328,\"commentCount\":2,\"image\":{\"@id\":\"https:\\\/\\\/finelife.tv\\\/fr\\\/2017\\\/06\\\/08\\\/la-biennale-des-antiquaires-125-exposants-dans-un-ecrin-de-miroirs\\\/#primaryimage\"},\"thumbnailUrl\":\"http:\\\/\\\/finelife.info\\\/fr\\\/wp-content\\\/uploads\\\/2017\\\/06\\\/biennale-des-antiquaires-mobiler-national-finelifetv-e1496945414439-225x300.jpg\",\"keywords\":[\"art\",\"biennale des antiquaires\",\"exposition\",\"grand palais\",\"haute horlogerie\",\"haute joaillerie\",\"mobilier national\",\"musee de l'hermitage\",\"nathalie criniere\"],\"articleSection\":[\"Art\"],\"inLanguage\":\"fr-FR\",\"potentialAction\":[{\"@type\":\"CommentAction\",\"name\":\"Comment\",\"target\":[\"https:\\\/\\\/finelife.tv\\\/fr\\\/2017\\\/06\\\/08\\\/la-biennale-des-antiquaires-125-exposants-dans-un-ecrin-de-miroirs\\\/#respond\"]}]},{\"@type\":\"WebPage\",\"@id\":\"https:\\\/\\\/finelife.tv\\\/fr\\\/2017\\\/06\\\/08\\\/la-biennale-des-antiquaires-125-exposants-dans-un-ecrin-de-miroirs\\\/\",\"url\":\"https:\\\/\\\/finelife.tv\\\/fr\\\/2017\\\/06\\\/08\\\/la-biennale-des-antiquaires-125-exposants-dans-un-ecrin-de-miroirs\\\/\",\"name\":\"\ufeffLa Biennale des Antiquaires - 125 galeries d'art dans un \u00e9crin de miroirs - FineLife.tv\",\"isPartOf\":{\"@id\":\"https:\\\/\\\/finelife.tv\\\/fr\\\/#website\"},\"primaryImageOfPage\":{\"@id\":\"https:\\\/\\\/finelife.tv\\\/fr\\\/2017\\\/06\\\/08\\\/la-biennale-des-antiquaires-125-exposants-dans-un-ecrin-de-miroirs\\\/#primaryimage\"},\"image\":{\"@id\":\"https:\\\/\\\/finelife.tv\\\/fr\\\/2017\\\/06\\\/08\\\/la-biennale-des-antiquaires-125-exposants-dans-un-ecrin-de-miroirs\\\/#primaryimage\"},\"thumbnailUrl\":\"http:\\\/\\\/finelife.info\\\/fr\\\/wp-content\\\/uploads\\\/2017\\\/06\\\/biennale-des-antiquaires-mobiler-national-finelifetv-e1496945414439-225x300.jpg\",\"datePublished\":\"2017-06-08T18:15:12+00:00\",\"dateModified\":\"2023-09-07T07:48:39+00:00\",\"author\":{\"@id\":\"https:\\\/\\\/finelife.tv\\\/fr\\\/#\\\/schema\\\/person\\\/e3d980b0c0b3dc5af01c3455893c8c52\"},\"breadcrumb\":{\"@id\":\"https:\\\/\\\/finelife.tv\\\/fr\\\/2017\\\/06\\\/08\\\/la-biennale-des-antiquaires-125-exposants-dans-un-ecrin-de-miroirs\\\/#breadcrumb\"},\"inLanguage\":\"fr-FR\",\"potentialAction\":[{\"@type\":\"ReadAction\",\"target\":[\"https:\\\/\\\/finelife.tv\\\/fr\\\/2017\\\/06\\\/08\\\/la-biennale-des-antiquaires-125-exposants-dans-un-ecrin-de-miroirs\\\/\"]}]},{\"@type\":\"ImageObject\",\"inLanguage\":\"fr-FR\",\"@id\":\"https:\\\/\\\/finelife.tv\\\/fr\\\/2017\\\/06\\\/08\\\/la-biennale-des-antiquaires-125-exposants-dans-un-ecrin-de-miroirs\\\/#primaryimage\",\"url\":\"http:\\\/\\\/finelife.info\\\/fr\\\/wp-content\\\/uploads\\\/2017\\\/06\\\/biennale-des-antiquaires-mobiler-national-finelifetv-e1496945414439-225x300.jpg\",\"contentUrl\":\"http:\\\/\\\/finelife.info\\\/fr\\\/wp-content\\\/uploads\\\/2017\\\/06\\\/biennale-des-antiquaires-mobiler-national-finelifetv-e1496945414439-225x300.jpg\"},{\"@type\":\"BreadcrumbList\",\"@id\":\"https:\\\/\\\/finelife.tv\\\/fr\\\/2017\\\/06\\\/08\\\/la-biennale-des-antiquaires-125-exposants-dans-un-ecrin-de-miroirs\\\/#breadcrumb\",\"itemListElement\":[{\"@type\":\"ListItem\",\"position\":1,\"name\":\"Accueil\",\"item\":\"https:\\\/\\\/finelife.tv\\\/fr\\\/\"},{\"@type\":\"ListItem\",\"position\":2,\"name\":\"\ufeffLa Biennale des Antiquaires &#8211; 125 galeries d&#8217;art dans un \u00e9crin de miroirs\"}]},{\"@type\":\"WebSite\",\"@id\":\"https:\\\/\\\/finelife.tv\\\/fr\\\/#website\",\"url\":\"https:\\\/\\\/finelife.tv\\\/fr\\\/\",\"name\":\"FineLife.tv\",\"description\":\"Quand l&#039;Art de vivre croise l&#039;Art de penser\",\"potentialAction\":[{\"@type\":\"SearchAction\",\"target\":{\"@type\":\"EntryPoint\",\"urlTemplate\":\"https:\\\/\\\/finelife.tv\\\/fr\\\/?s={search_term_string}\"},\"query-input\":{\"@type\":\"PropertyValueSpecification\",\"valueRequired\":true,\"valueName\":\"search_term_string\"}}],\"inLanguage\":\"fr-FR\"},{\"@type\":\"Person\",\"@id\":\"https:\\\/\\\/finelife.tv\\\/fr\\\/#\\\/schema\\\/person\\\/e3d980b0c0b3dc5af01c3455893c8c52\",\"name\":\"Leonore\",\"image\":{\"@type\":\"ImageObject\",\"inLanguage\":\"fr-FR\",\"@id\":\"https:\\\/\\\/secure.gravatar.com\\\/avatar\\\/9a2e5073417479f910ffdeee54da5ccf4f91eab62746ce0ae0e81124a9491a79?s=96&d=mm&r=g\",\"url\":\"https:\\\/\\\/secure.gravatar.com\\\/avatar\\\/9a2e5073417479f910ffdeee54da5ccf4f91eab62746ce0ae0e81124a9491a79?s=96&d=mm&r=g\",\"contentUrl\":\"https:\\\/\\\/secure.gravatar.com\\\/avatar\\\/9a2e5073417479f910ffdeee54da5ccf4f91eab62746ce0ae0e81124a9491a79?s=96&d=mm&r=g\",\"caption\":\"Leonore\"}}]}<\/script>\n<!-- \/ Yoast SEO plugin. -->","yoast_head_json":{"title":"\ufeffLa Biennale des Antiquaires - 125 galeries d'art dans un \u00e9crin de miroirs - FineLife.tv","robots":{"index":"index","follow":"follow","max-snippet":"max-snippet:-1","max-image-preview":"max-image-preview:large","max-video-preview":"max-video-preview:-1"},"canonical":"https:\/\/finelife.tv\/fr\/2017\/06\/08\/la-biennale-des-antiquaires-125-exposants-dans-un-ecrin-de-miroirs\/","og_locale":"fr_FR","og_type":"article","og_title":"\ufeffLa Biennale des Antiquaires - 125 galeries d'art dans un \u00e9crin de miroirs - FineLife.tv","og_description":"D\u00e9sormais, la biennale des Antiquaires devient annuelle. Pour marquer cette r\u00e9volution, les organisateurs proposent trois expositions d&rsquo;art exceptionnelles.","og_url":"https:\/\/finelife.tv\/fr\/2017\/06\/08\/la-biennale-des-antiquaires-125-exposants-dans-un-ecrin-de-miroirs\/","og_site_name":"FineLife.tv","article_published_time":"2017-06-08T18:15:12+00:00","article_modified_time":"2023-09-07T07:48:39+00:00","og_image":[{"url":"http:\/\/finelife.info\/fr\/wp-content\/uploads\/2017\/06\/biennale-des-antiquaires-mobiler-national-finelifetv-e1496945414439-225x300.jpg","type":"","width":"","height":""}],"author":"Leonore","twitter_card":"summary_large_image","twitter_creator":"@finelifetv","twitter_site":"@finelifetv","twitter_misc":{"\u00c9crit par":"Leonore","Dur\u00e9e de lecture estim\u00e9e":"3 minutes"},"schema":{"@context":"https:\/\/schema.org","@graph":[{"@type":"Article","@id":"https:\/\/finelife.tv\/fr\/2017\/06\/08\/la-biennale-des-antiquaires-125-exposants-dans-un-ecrin-de-miroirs\/#article","isPartOf":{"@id":"https:\/\/finelife.tv\/fr\/2017\/06\/08\/la-biennale-des-antiquaires-125-exposants-dans-un-ecrin-de-miroirs\/"},"author":{"name":"Leonore","@id":"https:\/\/finelife.tv\/fr\/#\/schema\/person\/e3d980b0c0b3dc5af01c3455893c8c52"},"headline":"\ufeffLa Biennale des Antiquaires &#8211; 125 galeries d&rsquo;art dans un \u00e9crin de miroirs","datePublished":"2017-06-08T18:15:12+00:00","dateModified":"2023-09-07T07:48:39+00:00","mainEntityOfPage":{"@id":"https:\/\/finelife.tv\/fr\/2017\/06\/08\/la-biennale-des-antiquaires-125-exposants-dans-un-ecrin-de-miroirs\/"},"wordCount":328,"commentCount":2,"image":{"@id":"https:\/\/finelife.tv\/fr\/2017\/06\/08\/la-biennale-des-antiquaires-125-exposants-dans-un-ecrin-de-miroirs\/#primaryimage"},"thumbnailUrl":"http:\/\/finelife.info\/fr\/wp-content\/uploads\/2017\/06\/biennale-des-antiquaires-mobiler-national-finelifetv-e1496945414439-225x300.jpg","keywords":["art","biennale des antiquaires","exposition","grand palais","haute horlogerie","haute joaillerie","mobilier national","musee de l'hermitage","nathalie criniere"],"articleSection":["Art"],"inLanguage":"fr-FR","potentialAction":[{"@type":"CommentAction","name":"Comment","target":["https:\/\/finelife.tv\/fr\/2017\/06\/08\/la-biennale-des-antiquaires-125-exposants-dans-un-ecrin-de-miroirs\/#respond"]}]},{"@type":"WebPage","@id":"https:\/\/finelife.tv\/fr\/2017\/06\/08\/la-biennale-des-antiquaires-125-exposants-dans-un-ecrin-de-miroirs\/","url":"https:\/\/finelife.tv\/fr\/2017\/06\/08\/la-biennale-des-antiquaires-125-exposants-dans-un-ecrin-de-miroirs\/","name":"\ufeffLa Biennale des Antiquaires - 125 galeries d'art dans un \u00e9crin de miroirs - FineLife.tv","isPartOf":{"@id":"https:\/\/finelife.tv\/fr\/#website"},"primaryImageOfPage":{"@id":"https:\/\/finelife.tv\/fr\/2017\/06\/08\/la-biennale-des-antiquaires-125-exposants-dans-un-ecrin-de-miroirs\/#primaryimage"},"image":{"@id":"https:\/\/finelife.tv\/fr\/2017\/06\/08\/la-biennale-des-antiquaires-125-exposants-dans-un-ecrin-de-miroirs\/#primaryimage"},"thumbnailUrl":"http:\/\/finelife.info\/fr\/wp-content\/uploads\/2017\/06\/biennale-des-antiquaires-mobiler-national-finelifetv-e1496945414439-225x300.jpg","datePublished":"2017-06-08T18:15:12+00:00","dateModified":"2023-09-07T07:48:39+00:00","author":{"@id":"https:\/\/finelife.tv\/fr\/#\/schema\/person\/e3d980b0c0b3dc5af01c3455893c8c52"},"breadcrumb":{"@id":"https:\/\/finelife.tv\/fr\/2017\/06\/08\/la-biennale-des-antiquaires-125-exposants-dans-un-ecrin-de-miroirs\/#breadcrumb"},"inLanguage":"fr-FR","potentialAction":[{"@type":"ReadAction","target":["https:\/\/finelife.tv\/fr\/2017\/06\/08\/la-biennale-des-antiquaires-125-exposants-dans-un-ecrin-de-miroirs\/"]}]},{"@type":"ImageObject","inLanguage":"fr-FR","@id":"https:\/\/finelife.tv\/fr\/2017\/06\/08\/la-biennale-des-antiquaires-125-exposants-dans-un-ecrin-de-miroirs\/#primaryimage","url":"http:\/\/finelife.info\/fr\/wp-content\/uploads\/2017\/06\/biennale-des-antiquaires-mobiler-national-finelifetv-e1496945414439-225x300.jpg","contentUrl":"http:\/\/finelife.info\/fr\/wp-content\/uploads\/2017\/06\/biennale-des-antiquaires-mobiler-national-finelifetv-e1496945414439-225x300.jpg"},{"@type":"BreadcrumbList","@id":"https:\/\/finelife.tv\/fr\/2017\/06\/08\/la-biennale-des-antiquaires-125-exposants-dans-un-ecrin-de-miroirs\/#breadcrumb","itemListElement":[{"@type":"ListItem","position":1,"name":"Accueil","item":"https:\/\/finelife.tv\/fr\/"},{"@type":"ListItem","position":2,"name":"\ufeffLa Biennale des Antiquaires &#8211; 125 galeries d&#8217;art dans un \u00e9crin de miroirs"}]},{"@type":"WebSite","@id":"https:\/\/finelife.tv\/fr\/#website","url":"https:\/\/finelife.tv\/fr\/","name":"FineLife.tv","description":"Quand l&#039;Art de vivre croise l&#039;Art de penser","potentialAction":[{"@type":"SearchAction","target":{"@type":"EntryPoint","urlTemplate":"https:\/\/finelife.tv\/fr\/?s={search_term_string}"},"query-input":{"@type":"PropertyValueSpecification","valueRequired":true,"valueName":"search_term_string"}}],"inLanguage":"fr-FR"},{"@type":"Person","@id":"https:\/\/finelife.tv\/fr\/#\/schema\/person\/e3d980b0c0b3dc5af01c3455893c8c52","name":"Leonore","image":{"@type":"ImageObject","inLanguage":"fr-FR","@id":"https:\/\/secure.gravatar.com\/avatar\/9a2e5073417479f910ffdeee54da5ccf4f91eab62746ce0ae0e81124a9491a79?s=96&d=mm&r=g","url":"https:\/\/secure.gravatar.com\/avatar\/9a2e5073417479f910ffdeee54da5ccf4f91eab62746ce0ae0e81124a9491a79?s=96&d=mm&r=g","contentUrl":"https:\/\/secure.gravatar.com\/avatar\/9a2e5073417479f910ffdeee54da5ccf4f91eab62746ce0ae0e81124a9491a79?s=96&d=mm&r=g","caption":"Leonore"}}]}},"_links":{"self":[{"href":"https:\/\/finelife.tv\/fr\/wp-json\/wp\/v2\/posts\/108","targetHints":{"allow":["GET"]}}],"collection":[{"href":"https:\/\/finelife.tv\/fr\/wp-json\/wp\/v2\/posts"}],"about":[{"href":"https:\/\/finelife.tv\/fr\/wp-json\/wp\/v2\/types\/post"}],"author":[{"embeddable":true,"href":"https:\/\/finelife.tv\/fr\/wp-json\/wp\/v2\/users\/1"}],"replies":[{"embeddable":true,"href":"https:\/\/finelife.tv\/fr\/wp-json\/wp\/v2\/comments?post=108"}],"version-history":[{"count":10,"href":"https:\/\/finelife.tv\/fr\/wp-json\/wp\/v2\/posts\/108\/revisions"}],"predecessor-version":[{"id":14677,"href":"https:\/\/finelife.tv\/fr\/wp-json\/wp\/v2\/posts\/108\/revisions\/14677"}],"wp:attachment":[{"href":"https:\/\/finelife.tv\/fr\/wp-json\/wp\/v2\/media?parent=108"}],"wp:term":[{"taxonomy":"category","embeddable":true,"href":"https:\/\/finelife.tv\/fr\/wp-json\/wp\/v2\/categories?post=108"},{"taxonomy":"post_tag","embeddable":true,"href":"https:\/\/finelife.tv\/fr\/wp-json\/wp\/v2\/tags?post=108"}],"curies":[{"name":"wp","href":"https:\/\/api.w.org\/{rel}","templated":true}]}}