{"id":10974,"date":"2022-05-29T12:40:17","date_gmt":"2022-05-29T10:40:17","guid":{"rendered":"https:\/\/finelife.tv\/fr\/?p=10974"},"modified":"2024-11-01T12:38:45","modified_gmt":"2024-11-01T11:38:45","slug":"la-ruine-de-sa-demeure-mathieu-pernot-expose-a-la-fondation-hcb","status":"publish","type":"post","link":"https:\/\/finelife.tv\/fr\/2022\/05\/29\/la-ruine-de-sa-demeure-mathieu-pernot-expose-a-la-fondation-hcb\/","title":{"rendered":"La ruine de sa demeure Mathieu Pernot expose \u00e0 la Fondation HCB"},"content":{"rendered":"\n<figure class=\"wp-block-gallery aligncenter has-nested-images columns-default is-cropped wp-block-gallery-1 is-layout-flex wp-block-gallery-is-layout-flex\">\n<figure class=\"wp-block-image size-full\"><img loading=\"lazy\" decoding=\"async\" width=\"539\" height=\"801\" data-id=\"10995\" src=\"https:\/\/finelife.tv\/fr\/wp-content\/uploads\/2022\/05\/img-src-22https-finelife.tvimage.jpg-alt-22La-ruine-de-sa-demeure-Mathieu-Pernot-expose-a-la-Fondation-HCB22.jpg\" alt=\"\" class=\"wp-image-10995\" srcset=\"https:\/\/finelife.tv\/fr\/wp-content\/uploads\/2022\/05\/img-src-22https-finelife.tvimage.jpg-alt-22La-ruine-de-sa-demeure-Mathieu-Pernot-expose-a-la-Fondation-HCB22.jpg 539w, https:\/\/finelife.tv\/fr\/wp-content\/uploads\/2022\/05\/img-src-22https-finelife.tvimage.jpg-alt-22La-ruine-de-sa-demeure-Mathieu-Pernot-expose-a-la-Fondation-HCB22-202x300.jpg 202w\" sizes=\"auto, (max-width: 539px) 100vw, 539px\" \/><\/figure>\n<\/figure>\n\n\n\n<p><strong>La ruine de sa demeure Mathieu Pernot expose \u00e0 la Fondation HCB . Un travail photographique puissamment \u00e9motionnel autant qu\u2019un documentaire sur les conflits r\u00e9cents au Proche-Orient <\/strong><\/p>\n\n\n\n<p>Demeure est un terme puissamment \u00e9motionnel. Il renvoie  d\u2019une part \u00e0 la notion  de maison, de lieu de vie. Et de l\u2019autre \u00e0 quelque chose qui reste, quelque chose qui r\u00e9siste \u00e0 l\u2019oubli, au temps comme aux destructions et aux guerres.<\/p>\n\n\n\n<p>Le photographe Mathieu Pernot se saisit de cette intime r\u00e9sistant dans son exposition \u00ab&nbsp;La ruine de sa demeure&nbsp;\u00bb \u00e0 la Fondation Henri Cartier-Bresson.<\/p>\n\n\n\n<p>Cet intime c\u2019est l\u2019immeuble de son grand-p\u00e8re professeur d\u2019universit\u00e9 enseignant \u00e0 Beyrouth entre 1926 et 1958.  En d\u2019autres termes sa demeure. La maison o\u00f9 il vivra avec sa femme et son fils, le p\u00e8re du photographe. Mathieu Pernot s\u2019appuie sur cet appartement libanais qui sera presque pulv\u00e9ris\u00e9 par l\u2019explosion de 2020 dans le port.  Mais aussi sur les carnets de voyages de la famille pour livrer une \u00ab&nbsp;itin\u00e9rance  photographique&nbsp;\u00bb \u00e0 travers le Moyen-Orient d\u00e9vast\u00e9 par les guerres. Il fixe ainsi ce qui reste, ce qui a r\u00e9sist\u00e9 aux bombardements russo-syriens, \u00e0 la terreur de Daesh, \u00e0 l\u2019explosion dans le port de Beyrouth.<\/p>\n\n\n<div class=\"wp-block-image\">\n<figure class=\"aligncenter size-large\"><img loading=\"lazy\" decoding=\"async\" width=\"1024\" height=\"721\" src=\"https:\/\/finelife.tv\/fr\/wp-content\/uploads\/2022\/05\/IMG_5109-1024x721.jpg\" alt=\"Lit dans appartement de Beyrouth apr\u00e8s les explosions de 2020 Mathieu Pernot\" class=\"wp-image-11143\" srcset=\"https:\/\/finelife.tv\/fr\/wp-content\/uploads\/2022\/05\/IMG_5109-1024x721.jpg 1024w, https:\/\/finelife.tv\/fr\/wp-content\/uploads\/2022\/05\/IMG_5109-300x211.jpg 300w, https:\/\/finelife.tv\/fr\/wp-content\/uploads\/2022\/05\/IMG_5109-768x540.jpg 768w, https:\/\/finelife.tv\/fr\/wp-content\/uploads\/2022\/05\/IMG_5109.jpg 1181w\" sizes=\"auto, (max-width: 1024px) 100vw, 1024px\" \/><figcaption class=\"wp-element-caption\">Mathieu Pernot Beyrouth 2020<\/figcaption><\/figure>\n<\/div>\n\n\n<p>\u00ab&nbsp;J\u2019ai essay\u00e9 de proc\u00e9der par fragment et de r\u00e9colter les morceaux d\u2019une histoire comme un arch\u00e9ologue &nbsp;\u00bb pr\u00e9cise -t-il.<\/p>\n\n\n\n<p><\/p>\n\n\n\n<h2 class=\"wp-block-heading has-large-font-size\">Deux m\u00e9moires de ce qui demeure<\/h2>\n\n\n<div class=\"wp-block-image\">\n<figure class=\"aligncenter size-full is-resized\"><img loading=\"lazy\" decoding=\"async\" width=\"787\" height=\"508\" src=\"https:\/\/finelife.tv\/fr\/wp-content\/uploads\/2022\/05\/img-src-22https-finelife.tvimage.jpg-alt-22La-ruine-de-sa-demeure-Mathieu-Pernot-expose-a-la-Fondation-HCB-villes-bombardees-en-ruines22.jpg\" alt=\"\" class=\"wp-image-11005\" style=\"width:409px;height:263px\" srcset=\"https:\/\/finelife.tv\/fr\/wp-content\/uploads\/2022\/05\/img-src-22https-finelife.tvimage.jpg-alt-22La-ruine-de-sa-demeure-Mathieu-Pernot-expose-a-la-Fondation-HCB-villes-bombardees-en-ruines22.jpg 787w, https:\/\/finelife.tv\/fr\/wp-content\/uploads\/2022\/05\/img-src-22https-finelife.tvimage.jpg-alt-22La-ruine-de-sa-demeure-Mathieu-Pernot-expose-a-la-Fondation-HCB-villes-bombardees-en-ruines22-300x194.jpg 300w, https:\/\/finelife.tv\/fr\/wp-content\/uploads\/2022\/05\/img-src-22https-finelife.tvimage.jpg-alt-22La-ruine-de-sa-demeure-Mathieu-Pernot-expose-a-la-Fondation-HCB-villes-bombardees-en-ruines22-768x496.jpg 768w\" sizes=\"auto, (max-width: 787px) 100vw, 787px\" \/><figcaption class=\"wp-element-caption\">Mossoul, Homs \u2026. villes ravag\u00e9es par les r\u00e9cents conflits au Proche-Orient <\/figcaption><\/figure>\n<\/div>\n\n\n<p>Le carnet de voyage de famille t\u00e9moigne d\u2019une m\u00e9moire mill\u00e9naire :  celle des sites arch\u00e9ologiques. Baalbek au Liban en premier lieu. Ou encore la plaine de Ninive en Irak. <br><\/p>\n\n\n<div class=\"wp-block-image\">\n<figure class=\"aligncenter size-large\"><img loading=\"lazy\" decoding=\"async\" width=\"768\" height=\"1024\" src=\"https:\/\/finelife.tv\/fr\/wp-content\/uploads\/2022\/05\/img-src-22https-finelife.tvimage.jpg-alt-22La-ruine-de-sa-demeure-Mathieu-Pernot-expose-a-la-Fondation-HCB-Karemlech-plaine-de-Ninive-Irak22-768x1024.jpg\" alt=\"\" class=\"wp-image-11003\" srcset=\"https:\/\/finelife.tv\/fr\/wp-content\/uploads\/2022\/05\/img-src-22https-finelife.tvimage.jpg-alt-22La-ruine-de-sa-demeure-Mathieu-Pernot-expose-a-la-Fondation-HCB-Karemlech-plaine-de-Ninive-Irak22-768x1024.jpg 768w, https:\/\/finelife.tv\/fr\/wp-content\/uploads\/2022\/05\/img-src-22https-finelife.tvimage.jpg-alt-22La-ruine-de-sa-demeure-Mathieu-Pernot-expose-a-la-Fondation-HCB-Karemlech-plaine-de-Ninive-Irak22-225x300.jpg 225w, https:\/\/finelife.tv\/fr\/wp-content\/uploads\/2022\/05\/img-src-22https-finelife.tvimage.jpg-alt-22La-ruine-de-sa-demeure-Mathieu-Pernot-expose-a-la-Fondation-HCB-Karemlech-plaine-de-Ninive-Irak22-1152x1536.jpg 1152w, https:\/\/finelife.tv\/fr\/wp-content\/uploads\/2022\/05\/img-src-22https-finelife.tvimage.jpg-alt-22La-ruine-de-sa-demeure-Mathieu-Pernot-expose-a-la-Fondation-HCB-Karemlech-plaine-de-Ninive-Irak22-1536x2048.jpg 1536w, https:\/\/finelife.tv\/fr\/wp-content\/uploads\/2022\/05\/img-src-22https-finelife.tvimage.jpg-alt-22La-ruine-de-sa-demeure-Mathieu-Pernot-expose-a-la-Fondation-HCB-Karemlech-plaine-de-Ninive-Irak22-scaled.jpg 1920w\" sizes=\"auto, (max-width: 768px) 100vw, 768px\" \/><figcaption class=\"wp-element-caption\">Plaine de Ninive &#8211; Karakoch (Irak) populations sous des islamistes et vestiges arch\u00e9ologiques d\u00e9truits ou endommag\u00e9s <\/figcaption><\/figure>\n<\/div>\n\n\n<p><br>De son c\u00f4t\u00e9 Mathieu Pernot photographie le site arch\u00e9ologique de l\u2019ancienne ville assyrienne  de Nimroud (Irak) enti\u00e8rement dynamit\u00e9 par Daesh en 2015. Ainsi que les bas-reliefs de Karakoch eux aussi endommag\u00e9s. Ces clich\u00e9s rappellent \u00e9galement  l\u2019assassinat du directeur du mus\u00e9e de Palmyre (Syrie) par les islamistes. <br>Le photographe pr\u00e9sente souvent ses oeuvres par diptyques ou triptyques. Les photos ne sont  pas toujours li\u00e9es mais se rejoignent  dans le destruction, la ruine et ce qui reste. Une mise en perspective peut-\u00eatre aussi de deux m\u00e9moires.<\/p>\n\n\n<div class=\"wp-block-image\">\n<figure class=\"aligncenter size-large\"><img loading=\"lazy\" decoding=\"async\" width=\"768\" height=\"1024\" src=\"https:\/\/finelife.tv\/fr\/wp-content\/uploads\/2022\/05\/img-src-22https-finelife.tvimage.jpg-alt-22La-ruine-de-sa-demeure-Mathieu-Pernot-expose-a-la-Fondation-HCB-ruines-Karakoch-Irak22-768x1024.jpg\" alt=\"\" class=\"wp-image-11004\" srcset=\"https:\/\/finelife.tv\/fr\/wp-content\/uploads\/2022\/05\/img-src-22https-finelife.tvimage.jpg-alt-22La-ruine-de-sa-demeure-Mathieu-Pernot-expose-a-la-Fondation-HCB-ruines-Karakoch-Irak22-768x1024.jpg 768w, https:\/\/finelife.tv\/fr\/wp-content\/uploads\/2022\/05\/img-src-22https-finelife.tvimage.jpg-alt-22La-ruine-de-sa-demeure-Mathieu-Pernot-expose-a-la-Fondation-HCB-ruines-Karakoch-Irak22-225x300.jpg 225w, https:\/\/finelife.tv\/fr\/wp-content\/uploads\/2022\/05\/img-src-22https-finelife.tvimage.jpg-alt-22La-ruine-de-sa-demeure-Mathieu-Pernot-expose-a-la-Fondation-HCB-ruines-Karakoch-Irak22-1152x1536.jpg 1152w, https:\/\/finelife.tv\/fr\/wp-content\/uploads\/2022\/05\/img-src-22https-finelife.tvimage.jpg-alt-22La-ruine-de-sa-demeure-Mathieu-Pernot-expose-a-la-Fondation-HCB-ruines-Karakoch-Irak22-1536x2048.jpg 1536w, https:\/\/finelife.tv\/fr\/wp-content\/uploads\/2022\/05\/img-src-22https-finelife.tvimage.jpg-alt-22La-ruine-de-sa-demeure-Mathieu-Pernot-expose-a-la-Fondation-HCB-ruines-Karakoch-Irak22-scaled.jpg 1920w\" sizes=\"auto, (max-width: 768px) 100vw, 768px\" \/><figcaption class=\"wp-element-caption\">Bas reliefs de Karakoch apr\u00e8s l\u2019occupation de Daech   <\/figcaption><\/figure>\n<\/div>\n\n\n<h2 class=\"wp-block-heading has-large-font-size\">La vie : ce qui demeure dans les ruines des guerres<\/h2>\n\n\n\n<p><\/p>\n\n\n\n<p>Ind\u00e9niablement Mathieu Pernot ne fait pas dans la ruine et encore moins dans la belle ruine. <\/p>\n\n\n\n<p>Il s\u2019attache aux vivants et \u00e0 ce qu\u2019il reste de ce qui \u00e9tait habitu\u00e9 par les vivants avant que tout ne recommence.&nbsp;\u00ab&nbsp;Je travaille dans l\u2019entre-deux,  entre la destruction et la reconstruction&nbsp;\u00bb explique-t-il.<\/p>\n\n\n\n<p>Et la vie surgit inopin\u00e9ment ou de mani\u00e8re  apparemment d\u00e9cal\u00e9e des immeubles d\u2019Homs, Mossoul, Alep.<\/p>\n\n\n\n<p>Des b\u00e2timents qui par ailleurs semblent d\u00e9fier les lois de la pesanteur et tenir debout par gr\u00e2ce au par miracle. On distingue notamment un immeuble ch\u00e2teau de cartes. Un autre qui ressemble \u00e0 d\u00e9s collages  de morceaux de b\u00e9ton. Un autre encore qui subsiste par strates al\u00e9atoires.<\/p>\n\n\n<div class=\"wp-block-image\">\n<figure class=\"aligncenter size-large is-resized\"><img loading=\"lazy\" decoding=\"async\" width=\"1024\" height=\"722\" src=\"https:\/\/finelife.tv\/fr\/wp-content\/uploads\/2022\/05\/img-src-22https-finelife.tvimage.jpg-alt-22La-ruine-de-sa-demeure-Mathieu-Pernot-expose-a-la-Fondation-HCB-animaux-dans-villes-bombardees22-1024x722.jpg\" alt=\"\" class=\"wp-image-11006\" style=\"width:485px;height:342px\" srcset=\"https:\/\/finelife.tv\/fr\/wp-content\/uploads\/2022\/05\/img-src-22https-finelife.tvimage.jpg-alt-22La-ruine-de-sa-demeure-Mathieu-Pernot-expose-a-la-Fondation-HCB-animaux-dans-villes-bombardees22-1024x722.jpg 1024w, https:\/\/finelife.tv\/fr\/wp-content\/uploads\/2022\/05\/img-src-22https-finelife.tvimage.jpg-alt-22La-ruine-de-sa-demeure-Mathieu-Pernot-expose-a-la-Fondation-HCB-animaux-dans-villes-bombardees22-300x212.jpg 300w, https:\/\/finelife.tv\/fr\/wp-content\/uploads\/2022\/05\/img-src-22https-finelife.tvimage.jpg-alt-22La-ruine-de-sa-demeure-Mathieu-Pernot-expose-a-la-Fondation-HCB-animaux-dans-villes-bombardees22-768x542.jpg 768w, https:\/\/finelife.tv\/fr\/wp-content\/uploads\/2022\/05\/img-src-22https-finelife.tvimage.jpg-alt-22La-ruine-de-sa-demeure-Mathieu-Pernot-expose-a-la-Fondation-HCB-animaux-dans-villes-bombardees22-1536x1084.jpg 1536w, https:\/\/finelife.tv\/fr\/wp-content\/uploads\/2022\/05\/img-src-22https-finelife.tvimage.jpg-alt-22La-ruine-de-sa-demeure-Mathieu-Pernot-expose-a-la-Fondation-HCB-animaux-dans-villes-bombardees22-2048x1445.jpg 2048w\" sizes=\"auto, (max-width: 1024px) 100vw, 1024px\" \/><figcaption class=\"wp-element-caption\">\u00c0 Mossoul les animaux comme signe de la vie qui r\u00e9siste <\/figcaption><\/figure>\n<\/div>\n\n\n<p>Dans l\u2019exposition la vie surgit des ruines sous la forme d\u2019un chien, d\u2019une vache, d\u2019un cheval \u00e0 Mossoul. Ou encore d\u2019une boucherie \u00e0 Alep, d\u2019hommes r\u00e9parant des carcasses  de voitures ou faisant une sieste \u00e0 Tripoli.<\/p>\n\n\n<div class=\"wp-block-image\">\n<figure class=\"aligncenter size-full\"><img loading=\"lazy\" decoding=\"async\" width=\"454\" height=\"435\" src=\"https:\/\/finelife.tv\/fr\/wp-content\/uploads\/2022\/05\/img-src-22https-finelife.tvimage.jpg-alt-22La-ruine-de-sa-demeure-Mathieu-Pernot-expose-a-la-Fondation-HCB-hommes-et-carcasses-de-voiture-Tripoli22.jpg\" alt=\"\" class=\"wp-image-11007\" srcset=\"https:\/\/finelife.tv\/fr\/wp-content\/uploads\/2022\/05\/img-src-22https-finelife.tvimage.jpg-alt-22La-ruine-de-sa-demeure-Mathieu-Pernot-expose-a-la-Fondation-HCB-hommes-et-carcasses-de-voiture-Tripoli22.jpg 454w, https:\/\/finelife.tv\/fr\/wp-content\/uploads\/2022\/05\/img-src-22https-finelife.tvimage.jpg-alt-22La-ruine-de-sa-demeure-Mathieu-Pernot-expose-a-la-Fondation-HCB-hommes-et-carcasses-de-voiture-Tripoli22-300x287.jpg 300w\" sizes=\"auto, (max-width: 454px) 100vw, 454px\" \/><figcaption class=\"wp-element-caption\">Hommes r\u00e9parant des carcasses de voitures \u00e0 Tripoli (Liban)<\/figcaption><\/figure>\n<\/div>\n\n<div class=\"wp-block-image\">\n<figure class=\"aligncenter size-large\"><img loading=\"lazy\" decoding=\"async\" width=\"848\" height=\"1024\" src=\"https:\/\/finelife.tv\/fr\/wp-content\/uploads\/2022\/05\/img-src-22https-finelife.tvimage.jpg-alt-22La-ruine-de-sa-demeure-Mathieu-Pernot-expose-a-la-Fondation-HCB-boucherie-Alep22-848x1024.jpg\" alt=\"\" class=\"wp-image-10998\" srcset=\"https:\/\/finelife.tv\/fr\/wp-content\/uploads\/2022\/05\/img-src-22https-finelife.tvimage.jpg-alt-22La-ruine-de-sa-demeure-Mathieu-Pernot-expose-a-la-Fondation-HCB-boucherie-Alep22-848x1024.jpg 848w, https:\/\/finelife.tv\/fr\/wp-content\/uploads\/2022\/05\/img-src-22https-finelife.tvimage.jpg-alt-22La-ruine-de-sa-demeure-Mathieu-Pernot-expose-a-la-Fondation-HCB-boucherie-Alep22-249x300.jpg 249w, https:\/\/finelife.tv\/fr\/wp-content\/uploads\/2022\/05\/img-src-22https-finelife.tvimage.jpg-alt-22La-ruine-de-sa-demeure-Mathieu-Pernot-expose-a-la-Fondation-HCB-boucherie-Alep22-768x927.jpg 768w, https:\/\/finelife.tv\/fr\/wp-content\/uploads\/2022\/05\/img-src-22https-finelife.tvimage.jpg-alt-22La-ruine-de-sa-demeure-Mathieu-Pernot-expose-a-la-Fondation-HCB-boucherie-Alep22-1272x1536.jpg 1272w, https:\/\/finelife.tv\/fr\/wp-content\/uploads\/2022\/05\/img-src-22https-finelife.tvimage.jpg-alt-22La-ruine-de-sa-demeure-Mathieu-Pernot-expose-a-la-Fondation-HCB-boucherie-Alep22-1697x2048.jpg 1697w\" sizes=\"auto, (max-width: 848px) 100vw, 848px\" \/><figcaption class=\"wp-element-caption\">Boucherie \u00e0 Alep<\/figcaption><\/figure>\n<\/div>\n\n\n<p>Mathieu Pernot  est laur\u00e9at du prix Henri Cartier-Bresson 2019. Le travail pr\u00e9sent\u00e9 \u00e0 la FCB a ete financ\u00e9 par ce prix et soutenu par la Fondation d\u2019Entreprise Herm\u00e8s. On retrouve la touche documentaire  du grand maitre de la photographie alli\u00e9e  \u00e0 son humanisme<\/p>\n\n\n\n<h2 class=\"wp-block-heading has-cyan-bluish-gray-background-color has-background\">                     INFOS<\/h2>\n\n\n\n<p><br><strong>Cr\u00e9dit  photo<\/strong> : Photo principale Mathieu Pernot Beyrouth 2020 <\/p>\n\n\n\n<p><strong>La ruine de sa demeure<\/strong> &#8211; Fondation  Henri Cartier-Bresson du 8 mars au 19 juin 2022 <a href=\"https:\/\/www.henricartierbresson.org\/\">https:\/\/www.henricartierbresson.org\/<\/a><\/p>\n\n\n\n<p>Related article La ruine de sa demeure Mathieu Pernot expose \u00e0 la Fondation HCB<\/p>\n\n\n\n<p><strong>Henri Cartier-Bresson Le Grand Jeu BnF : 5 regards sur l&rsquo;Oeil du si\u00e8cle<\/strong> <a href=\"https:\/\/finelife.tv\/fr\/2021\/06\/25\/henri-cartier-bresson-le-grand-jeu-bnf-5-regards-sur-loeil-du-siecle\/\">https:\/\/finelife.tv\/fr\/2021\/06\/25\/henri-cartier-bresson-le-grand-jeu-bnf-5-regards-sur-loeil-du-siecle\/<\/a><\/p>\n\n\n\n<p><strong><a href=\"https:\/\/finelife.tv\/fr\/2022\/05\/29\/la-ruine-de-sa-demeure-mathieu-pernot-expose-a-la-fondation-hcb\/\">La ruine de sa demeure Mathieu Pernot expose \u00e0 la Fondation HCB<\/a><\/strong><\/p>\n\n\n\n<p><strong><a href=\"https:\/\/finelife.tv\/fr\/2024\/11\/01\/expo-la-fondation-henri-cartier-bresson-interroge-lidentite-et-la-trace\/\">Expo La Fondation Henri Cartier-Bresson interroge l\u2019identit\u00e9 et la trace<\/a><\/strong><\/p>\n","protected":false},"excerpt":{"rendered":"<p>La ruine de sa demeure Mathieu Pernot expose \u00e0 la Fondation HCB ,Un travail puissamment \u00e9motionnel autant que documentaire sur les conflits r\u00e9cents au Proche-Orient <\/p>\n","protected":false},"author":1,"featured_media":0,"comment_status":"open","ping_status":"open","sticky":false,"template":"","format":"standard","meta":{"footnotes":""},"categories":[4],"tags":[68,3045,3540,3538,3537,3539,3541,168],"class_list":["post-10974","post","type-post","status-publish","format-standard","hentry","category-blog","tag-exposition","tag-exposition-photos","tag-exposition-photos-de-guerre","tag-exposition-sur-le-proche-orient","tag-fondation-henri-cartier-bresson","tag-la-ruine-de-ma-demeure","tag-mathieu-pernot","tag-photographie"],"yoast_head":"<!-- This site is optimized with the Yoast SEO plugin v27.5 - https:\/\/yoast.com\/product\/yoast-seo-wordpress\/ -->\n<title>La ruine de sa demeure Mathieu Pernot expose \u00e0 la Fondation HCB - FineLife.tv<\/title>\n<meta name=\"description\" content=\"La ruine de sa demeure Mathieu Pernot expose \u00e0 la Fondation HCB .Un travail puissamment \u00e9motionnel autant que documentaire sur les conflits r\u00e9cents au Proche-Orient\" \/>\n<meta name=\"robots\" content=\"index, follow, max-snippet:-1, max-image-preview:large, max-video-preview:-1\" \/>\n<link rel=\"canonical\" href=\"https:\/\/finelife.tv\/fr\/2022\/05\/29\/la-ruine-de-sa-demeure-mathieu-pernot-expose-a-la-fondation-hcb\/\" \/>\n<meta property=\"og:locale\" content=\"fr_FR\" \/>\n<meta property=\"og:type\" content=\"article\" \/>\n<meta property=\"og:title\" content=\"La ruine de sa demeure Mathieu Pernot expose \u00e0 la Fondation HCB - FineLife.tv\" \/>\n<meta property=\"og:description\" content=\"La ruine de sa demeure Mathieu Pernot expose \u00e0 la Fondation HCB .Un travail puissamment \u00e9motionnel autant que documentaire sur les conflits r\u00e9cents au Proche-Orient\" \/>\n<meta property=\"og:url\" content=\"https:\/\/finelife.tv\/fr\/2022\/05\/29\/la-ruine-de-sa-demeure-mathieu-pernot-expose-a-la-fondation-hcb\/\" \/>\n<meta property=\"og:site_name\" content=\"FineLife.tv\" \/>\n<meta property=\"article:published_time\" content=\"2022-05-29T10:40:17+00:00\" \/>\n<meta property=\"article:modified_time\" content=\"2024-11-01T11:38:45+00:00\" \/>\n<meta property=\"og:image\" content=\"https:\/\/finelife.tv\/fr\/wp-content\/uploads\/2022\/05\/img-src-22https-finelife.tvimage.jpg-alt-22La-ruine-de-sa-demeure-Mathieu-Pernot-expose-a-la-Fondation-HCB22.jpg\" \/>\n\t<meta property=\"og:image:width\" content=\"539\" \/>\n\t<meta property=\"og:image:height\" content=\"801\" \/>\n\t<meta property=\"og:image:type\" content=\"image\/jpeg\" \/>\n<meta name=\"author\" content=\"Leonore\" \/>\n<meta name=\"twitter:card\" content=\"summary_large_image\" \/>\n<meta name=\"twitter:creator\" content=\"@finelifetv\" \/>\n<meta name=\"twitter:site\" content=\"@finelifetv\" \/>\n<meta name=\"twitter:label1\" content=\"\u00c9crit par\" \/>\n\t<meta name=\"twitter:data1\" content=\"Leonore\" \/>\n\t<meta name=\"twitter:label2\" content=\"Dur\u00e9e de lecture estim\u00e9e\" \/>\n\t<meta name=\"twitter:data2\" content=\"5 minutes\" \/>\n<script type=\"application\/ld+json\" class=\"yoast-schema-graph\">{\"@context\":\"https:\\\/\\\/schema.org\",\"@graph\":[{\"@type\":\"Article\",\"@id\":\"https:\\\/\\\/finelife.tv\\\/fr\\\/2022\\\/05\\\/29\\\/la-ruine-de-sa-demeure-mathieu-pernot-expose-a-la-fondation-hcb\\\/#article\",\"isPartOf\":{\"@id\":\"https:\\\/\\\/finelife.tv\\\/fr\\\/2022\\\/05\\\/29\\\/la-ruine-de-sa-demeure-mathieu-pernot-expose-a-la-fondation-hcb\\\/\"},\"author\":{\"name\":\"Leonore\",\"@id\":\"https:\\\/\\\/finelife.tv\\\/fr\\\/#\\\/schema\\\/person\\\/e3d980b0c0b3dc5af01c3455893c8c52\"},\"headline\":\"La ruine de sa demeure Mathieu Pernot expose \u00e0 la Fondation HCB\",\"datePublished\":\"2022-05-29T10:40:17+00:00\",\"dateModified\":\"2024-11-01T11:38:45+00:00\",\"mainEntityOfPage\":{\"@id\":\"https:\\\/\\\/finelife.tv\\\/fr\\\/2022\\\/05\\\/29\\\/la-ruine-de-sa-demeure-mathieu-pernot-expose-a-la-fondation-hcb\\\/\"},\"wordCount\":745,\"commentCount\":1,\"image\":{\"@id\":\"https:\\\/\\\/finelife.tv\\\/fr\\\/2022\\\/05\\\/29\\\/la-ruine-de-sa-demeure-mathieu-pernot-expose-a-la-fondation-hcb\\\/#primaryimage\"},\"thumbnailUrl\":\"https:\\\/\\\/finelife.tv\\\/fr\\\/wp-content\\\/uploads\\\/2022\\\/05\\\/img-src-22https-finelife.tvimage.jpg-alt-22La-ruine-de-sa-demeure-Mathieu-Pernot-expose-a-la-Fondation-HCB22.jpg\",\"keywords\":[\"exposition\",\"Exposition photos\",\"exposition photos de guerre\",\"exposition sur le Proche-Orient\",\"fondation Henri Cartier-Bresson\",\"la ruine de ma demeure\",\"Mathieu Pernot\",\"photographie\"],\"articleSection\":[\"Blog\"],\"inLanguage\":\"fr-FR\",\"potentialAction\":[{\"@type\":\"CommentAction\",\"name\":\"Comment\",\"target\":[\"https:\\\/\\\/finelife.tv\\\/fr\\\/2022\\\/05\\\/29\\\/la-ruine-de-sa-demeure-mathieu-pernot-expose-a-la-fondation-hcb\\\/#respond\"]}]},{\"@type\":\"WebPage\",\"@id\":\"https:\\\/\\\/finelife.tv\\\/fr\\\/2022\\\/05\\\/29\\\/la-ruine-de-sa-demeure-mathieu-pernot-expose-a-la-fondation-hcb\\\/\",\"url\":\"https:\\\/\\\/finelife.tv\\\/fr\\\/2022\\\/05\\\/29\\\/la-ruine-de-sa-demeure-mathieu-pernot-expose-a-la-fondation-hcb\\\/\",\"name\":\"La ruine de sa demeure Mathieu Pernot expose \u00e0 la Fondation HCB - FineLife.tv\",\"isPartOf\":{\"@id\":\"https:\\\/\\\/finelife.tv\\\/fr\\\/#website\"},\"primaryImageOfPage\":{\"@id\":\"https:\\\/\\\/finelife.tv\\\/fr\\\/2022\\\/05\\\/29\\\/la-ruine-de-sa-demeure-mathieu-pernot-expose-a-la-fondation-hcb\\\/#primaryimage\"},\"image\":{\"@id\":\"https:\\\/\\\/finelife.tv\\\/fr\\\/2022\\\/05\\\/29\\\/la-ruine-de-sa-demeure-mathieu-pernot-expose-a-la-fondation-hcb\\\/#primaryimage\"},\"thumbnailUrl\":\"https:\\\/\\\/finelife.tv\\\/fr\\\/wp-content\\\/uploads\\\/2022\\\/05\\\/img-src-22https-finelife.tvimage.jpg-alt-22La-ruine-de-sa-demeure-Mathieu-Pernot-expose-a-la-Fondation-HCB22.jpg\",\"datePublished\":\"2022-05-29T10:40:17+00:00\",\"dateModified\":\"2024-11-01T11:38:45+00:00\",\"author\":{\"@id\":\"https:\\\/\\\/finelife.tv\\\/fr\\\/#\\\/schema\\\/person\\\/e3d980b0c0b3dc5af01c3455893c8c52\"},\"description\":\"La ruine de sa demeure Mathieu Pernot expose \u00e0 la Fondation HCB .Un travail puissamment \u00e9motionnel autant que documentaire sur les conflits r\u00e9cents au Proche-Orient\",\"breadcrumb\":{\"@id\":\"https:\\\/\\\/finelife.tv\\\/fr\\\/2022\\\/05\\\/29\\\/la-ruine-de-sa-demeure-mathieu-pernot-expose-a-la-fondation-hcb\\\/#breadcrumb\"},\"inLanguage\":\"fr-FR\",\"potentialAction\":[{\"@type\":\"ReadAction\",\"target\":[\"https:\\\/\\\/finelife.tv\\\/fr\\\/2022\\\/05\\\/29\\\/la-ruine-de-sa-demeure-mathieu-pernot-expose-a-la-fondation-hcb\\\/\"]}]},{\"@type\":\"ImageObject\",\"inLanguage\":\"fr-FR\",\"@id\":\"https:\\\/\\\/finelife.tv\\\/fr\\\/2022\\\/05\\\/29\\\/la-ruine-de-sa-demeure-mathieu-pernot-expose-a-la-fondation-hcb\\\/#primaryimage\",\"url\":\"https:\\\/\\\/finelife.tv\\\/fr\\\/wp-content\\\/uploads\\\/2022\\\/05\\\/img-src-22https-finelife.tvimage.jpg-alt-22La-ruine-de-sa-demeure-Mathieu-Pernot-expose-a-la-Fondation-HCB22.jpg\",\"contentUrl\":\"https:\\\/\\\/finelife.tv\\\/fr\\\/wp-content\\\/uploads\\\/2022\\\/05\\\/img-src-22https-finelife.tvimage.jpg-alt-22La-ruine-de-sa-demeure-Mathieu-Pernot-expose-a-la-Fondation-HCB22.jpg\",\"width\":539,\"height\":801},{\"@type\":\"BreadcrumbList\",\"@id\":\"https:\\\/\\\/finelife.tv\\\/fr\\\/2022\\\/05\\\/29\\\/la-ruine-de-sa-demeure-mathieu-pernot-expose-a-la-fondation-hcb\\\/#breadcrumb\",\"itemListElement\":[{\"@type\":\"ListItem\",\"position\":1,\"name\":\"Accueil\",\"item\":\"https:\\\/\\\/finelife.tv\\\/fr\\\/\"},{\"@type\":\"ListItem\",\"position\":2,\"name\":\"La ruine de sa demeure Mathieu Pernot expose \u00e0 la Fondation HCB\"}]},{\"@type\":\"WebSite\",\"@id\":\"https:\\\/\\\/finelife.tv\\\/fr\\\/#website\",\"url\":\"https:\\\/\\\/finelife.tv\\\/fr\\\/\",\"name\":\"FineLife.tv\",\"description\":\"Quand l&#039;Art de vivre croise l&#039;Art de penser\",\"potentialAction\":[{\"@type\":\"SearchAction\",\"target\":{\"@type\":\"EntryPoint\",\"urlTemplate\":\"https:\\\/\\\/finelife.tv\\\/fr\\\/?s={search_term_string}\"},\"query-input\":{\"@type\":\"PropertyValueSpecification\",\"valueRequired\":true,\"valueName\":\"search_term_string\"}}],\"inLanguage\":\"fr-FR\"},{\"@type\":\"Person\",\"@id\":\"https:\\\/\\\/finelife.tv\\\/fr\\\/#\\\/schema\\\/person\\\/e3d980b0c0b3dc5af01c3455893c8c52\",\"name\":\"Leonore\",\"image\":{\"@type\":\"ImageObject\",\"inLanguage\":\"fr-FR\",\"@id\":\"https:\\\/\\\/secure.gravatar.com\\\/avatar\\\/9a2e5073417479f910ffdeee54da5ccf4f91eab62746ce0ae0e81124a9491a79?s=96&d=mm&r=g\",\"url\":\"https:\\\/\\\/secure.gravatar.com\\\/avatar\\\/9a2e5073417479f910ffdeee54da5ccf4f91eab62746ce0ae0e81124a9491a79?s=96&d=mm&r=g\",\"contentUrl\":\"https:\\\/\\\/secure.gravatar.com\\\/avatar\\\/9a2e5073417479f910ffdeee54da5ccf4f91eab62746ce0ae0e81124a9491a79?s=96&d=mm&r=g\",\"caption\":\"Leonore\"}}]}<\/script>\n<!-- \/ Yoast SEO plugin. -->","yoast_head_json":{"title":"La ruine de sa demeure Mathieu Pernot expose \u00e0 la Fondation HCB - FineLife.tv","description":"La ruine de sa demeure Mathieu Pernot expose \u00e0 la Fondation HCB .Un travail puissamment \u00e9motionnel autant que documentaire sur les conflits r\u00e9cents au Proche-Orient","robots":{"index":"index","follow":"follow","max-snippet":"max-snippet:-1","max-image-preview":"max-image-preview:large","max-video-preview":"max-video-preview:-1"},"canonical":"https:\/\/finelife.tv\/fr\/2022\/05\/29\/la-ruine-de-sa-demeure-mathieu-pernot-expose-a-la-fondation-hcb\/","og_locale":"fr_FR","og_type":"article","og_title":"La ruine de sa demeure Mathieu Pernot expose \u00e0 la Fondation HCB - FineLife.tv","og_description":"La ruine de sa demeure Mathieu Pernot expose \u00e0 la Fondation HCB .Un travail puissamment \u00e9motionnel autant que documentaire sur les conflits r\u00e9cents au Proche-Orient","og_url":"https:\/\/finelife.tv\/fr\/2022\/05\/29\/la-ruine-de-sa-demeure-mathieu-pernot-expose-a-la-fondation-hcb\/","og_site_name":"FineLife.tv","article_published_time":"2022-05-29T10:40:17+00:00","article_modified_time":"2024-11-01T11:38:45+00:00","og_image":[{"width":539,"height":801,"url":"https:\/\/finelife.tv\/fr\/wp-content\/uploads\/2022\/05\/img-src-22https-finelife.tvimage.jpg-alt-22La-ruine-de-sa-demeure-Mathieu-Pernot-expose-a-la-Fondation-HCB22.jpg","type":"image\/jpeg"}],"author":"Leonore","twitter_card":"summary_large_image","twitter_creator":"@finelifetv","twitter_site":"@finelifetv","twitter_misc":{"\u00c9crit par":"Leonore","Dur\u00e9e de lecture estim\u00e9e":"5 minutes"},"schema":{"@context":"https:\/\/schema.org","@graph":[{"@type":"Article","@id":"https:\/\/finelife.tv\/fr\/2022\/05\/29\/la-ruine-de-sa-demeure-mathieu-pernot-expose-a-la-fondation-hcb\/#article","isPartOf":{"@id":"https:\/\/finelife.tv\/fr\/2022\/05\/29\/la-ruine-de-sa-demeure-mathieu-pernot-expose-a-la-fondation-hcb\/"},"author":{"name":"Leonore","@id":"https:\/\/finelife.tv\/fr\/#\/schema\/person\/e3d980b0c0b3dc5af01c3455893c8c52"},"headline":"La ruine de sa demeure Mathieu Pernot expose \u00e0 la Fondation HCB","datePublished":"2022-05-29T10:40:17+00:00","dateModified":"2024-11-01T11:38:45+00:00","mainEntityOfPage":{"@id":"https:\/\/finelife.tv\/fr\/2022\/05\/29\/la-ruine-de-sa-demeure-mathieu-pernot-expose-a-la-fondation-hcb\/"},"wordCount":745,"commentCount":1,"image":{"@id":"https:\/\/finelife.tv\/fr\/2022\/05\/29\/la-ruine-de-sa-demeure-mathieu-pernot-expose-a-la-fondation-hcb\/#primaryimage"},"thumbnailUrl":"https:\/\/finelife.tv\/fr\/wp-content\/uploads\/2022\/05\/img-src-22https-finelife.tvimage.jpg-alt-22La-ruine-de-sa-demeure-Mathieu-Pernot-expose-a-la-Fondation-HCB22.jpg","keywords":["exposition","Exposition photos","exposition photos de guerre","exposition sur le Proche-Orient","fondation Henri Cartier-Bresson","la ruine de ma demeure","Mathieu Pernot","photographie"],"articleSection":["Blog"],"inLanguage":"fr-FR","potentialAction":[{"@type":"CommentAction","name":"Comment","target":["https:\/\/finelife.tv\/fr\/2022\/05\/29\/la-ruine-de-sa-demeure-mathieu-pernot-expose-a-la-fondation-hcb\/#respond"]}]},{"@type":"WebPage","@id":"https:\/\/finelife.tv\/fr\/2022\/05\/29\/la-ruine-de-sa-demeure-mathieu-pernot-expose-a-la-fondation-hcb\/","url":"https:\/\/finelife.tv\/fr\/2022\/05\/29\/la-ruine-de-sa-demeure-mathieu-pernot-expose-a-la-fondation-hcb\/","name":"La ruine de sa demeure Mathieu Pernot expose \u00e0 la Fondation HCB - FineLife.tv","isPartOf":{"@id":"https:\/\/finelife.tv\/fr\/#website"},"primaryImageOfPage":{"@id":"https:\/\/finelife.tv\/fr\/2022\/05\/29\/la-ruine-de-sa-demeure-mathieu-pernot-expose-a-la-fondation-hcb\/#primaryimage"},"image":{"@id":"https:\/\/finelife.tv\/fr\/2022\/05\/29\/la-ruine-de-sa-demeure-mathieu-pernot-expose-a-la-fondation-hcb\/#primaryimage"},"thumbnailUrl":"https:\/\/finelife.tv\/fr\/wp-content\/uploads\/2022\/05\/img-src-22https-finelife.tvimage.jpg-alt-22La-ruine-de-sa-demeure-Mathieu-Pernot-expose-a-la-Fondation-HCB22.jpg","datePublished":"2022-05-29T10:40:17+00:00","dateModified":"2024-11-01T11:38:45+00:00","author":{"@id":"https:\/\/finelife.tv\/fr\/#\/schema\/person\/e3d980b0c0b3dc5af01c3455893c8c52"},"description":"La ruine de sa demeure Mathieu Pernot expose \u00e0 la Fondation HCB .Un travail puissamment \u00e9motionnel autant que documentaire sur les conflits r\u00e9cents au Proche-Orient","breadcrumb":{"@id":"https:\/\/finelife.tv\/fr\/2022\/05\/29\/la-ruine-de-sa-demeure-mathieu-pernot-expose-a-la-fondation-hcb\/#breadcrumb"},"inLanguage":"fr-FR","potentialAction":[{"@type":"ReadAction","target":["https:\/\/finelife.tv\/fr\/2022\/05\/29\/la-ruine-de-sa-demeure-mathieu-pernot-expose-a-la-fondation-hcb\/"]}]},{"@type":"ImageObject","inLanguage":"fr-FR","@id":"https:\/\/finelife.tv\/fr\/2022\/05\/29\/la-ruine-de-sa-demeure-mathieu-pernot-expose-a-la-fondation-hcb\/#primaryimage","url":"https:\/\/finelife.tv\/fr\/wp-content\/uploads\/2022\/05\/img-src-22https-finelife.tvimage.jpg-alt-22La-ruine-de-sa-demeure-Mathieu-Pernot-expose-a-la-Fondation-HCB22.jpg","contentUrl":"https:\/\/finelife.tv\/fr\/wp-content\/uploads\/2022\/05\/img-src-22https-finelife.tvimage.jpg-alt-22La-ruine-de-sa-demeure-Mathieu-Pernot-expose-a-la-Fondation-HCB22.jpg","width":539,"height":801},{"@type":"BreadcrumbList","@id":"https:\/\/finelife.tv\/fr\/2022\/05\/29\/la-ruine-de-sa-demeure-mathieu-pernot-expose-a-la-fondation-hcb\/#breadcrumb","itemListElement":[{"@type":"ListItem","position":1,"name":"Accueil","item":"https:\/\/finelife.tv\/fr\/"},{"@type":"ListItem","position":2,"name":"La ruine de sa demeure Mathieu Pernot expose \u00e0 la Fondation HCB"}]},{"@type":"WebSite","@id":"https:\/\/finelife.tv\/fr\/#website","url":"https:\/\/finelife.tv\/fr\/","name":"FineLife.tv","description":"Quand l&#039;Art de vivre croise l&#039;Art de penser","potentialAction":[{"@type":"SearchAction","target":{"@type":"EntryPoint","urlTemplate":"https:\/\/finelife.tv\/fr\/?s={search_term_string}"},"query-input":{"@type":"PropertyValueSpecification","valueRequired":true,"valueName":"search_term_string"}}],"inLanguage":"fr-FR"},{"@type":"Person","@id":"https:\/\/finelife.tv\/fr\/#\/schema\/person\/e3d980b0c0b3dc5af01c3455893c8c52","name":"Leonore","image":{"@type":"ImageObject","inLanguage":"fr-FR","@id":"https:\/\/secure.gravatar.com\/avatar\/9a2e5073417479f910ffdeee54da5ccf4f91eab62746ce0ae0e81124a9491a79?s=96&d=mm&r=g","url":"https:\/\/secure.gravatar.com\/avatar\/9a2e5073417479f910ffdeee54da5ccf4f91eab62746ce0ae0e81124a9491a79?s=96&d=mm&r=g","contentUrl":"https:\/\/secure.gravatar.com\/avatar\/9a2e5073417479f910ffdeee54da5ccf4f91eab62746ce0ae0e81124a9491a79?s=96&d=mm&r=g","caption":"Leonore"}}]}},"_links":{"self":[{"href":"https:\/\/finelife.tv\/fr\/wp-json\/wp\/v2\/posts\/10974","targetHints":{"allow":["GET"]}}],"collection":[{"href":"https:\/\/finelife.tv\/fr\/wp-json\/wp\/v2\/posts"}],"about":[{"href":"https:\/\/finelife.tv\/fr\/wp-json\/wp\/v2\/types\/post"}],"author":[{"embeddable":true,"href":"https:\/\/finelife.tv\/fr\/wp-json\/wp\/v2\/users\/1"}],"replies":[{"embeddable":true,"href":"https:\/\/finelife.tv\/fr\/wp-json\/wp\/v2\/comments?post=10974"}],"version-history":[{"count":45,"href":"https:\/\/finelife.tv\/fr\/wp-json\/wp\/v2\/posts\/10974\/revisions"}],"predecessor-version":[{"id":20813,"href":"https:\/\/finelife.tv\/fr\/wp-json\/wp\/v2\/posts\/10974\/revisions\/20813"}],"wp:attachment":[{"href":"https:\/\/finelife.tv\/fr\/wp-json\/wp\/v2\/media?parent=10974"}],"wp:term":[{"taxonomy":"category","embeddable":true,"href":"https:\/\/finelife.tv\/fr\/wp-json\/wp\/v2\/categories?post=10974"},{"taxonomy":"post_tag","embeddable":true,"href":"https:\/\/finelife.tv\/fr\/wp-json\/wp\/v2\/tags?post=10974"}],"curies":[{"name":"wp","href":"https:\/\/api.w.org\/{rel}","templated":true}]}}