{"id":1110,"date":"2017-11-22T20:21:41","date_gmt":"2017-11-22T19:21:41","guid":{"rendered":"http:\/\/finelife.tv\/fr\/?p=1110"},"modified":"2022-04-21T09:35:11","modified_gmt":"2022-04-21T07:35:11","slug":"art-contemporain-le-meurice-fete-les-10-ans-de-son-prix","status":"publish","type":"post","link":"https:\/\/finelife.tv\/fr\/2017\/11\/22\/art-contemporain-le-meurice-fete-les-10-ans-de-son-prix\/","title":{"rendered":"Art contemporain : Le Meurice f\u00eate les 10 ans de son prix"},"content":{"rendered":"<p><iframe loading=\"lazy\" src=\"https:\/\/player.vimeo.com\/video\/244467310?title=0&amp;byline=0&amp;portrait=0\" width=\"356\" height=\"200\" frameborder=\"0\" allowfullscreen=\"allowfullscreen\"><\/iframe><\/p>\n<p>Art contemporain : Le Meurice f\u00eate les 10 ans de son prix.<span style=\"font-size: revert; color: initial;\">Il vise \u00e0 promouvoir le travail d&rsquo;un jeune talent. Le prix englobe tous les modes d&rsquo;expression des arts plastiques et visuels.<\/span><\/p>\n<p><!--more-->Une condition : le projet doit avoir une envergure internationale et \u00eatre propos\u00e9 par un artiste et sa galerie.<\/p>\n<h3><span style=\"color: #ffff99;\"><strong>Six candidats et une galerie d&rsquo;art \u00e9ph\u00e9m\u00e8re<\/strong><\/span><\/h3>\n<p>Le jury, compos\u00e9 du nec plus ultra du monde de l&rsquo;art, a retenu 6 candidats. \u00c0 savoir :<br \/>Morgan Courtois, C\u00e9dric Fargues, Kapwani Kiwanga, Th\u00e9o Mercier, \u00c9va Nielsen et Mel O&rsquo;Callaghan.<\/p>\n<p>Une galerie \u00e9ph\u00e9m\u00e8re r\u00e9uni quelques oeuvres. Th\u00e8me \u00ab\u00a0Les Temps Suspendus\u00a0\u00bb.<\/p>\n<p><img loading=\"lazy\" decoding=\"async\" class=\"size-medium wp-image-1134 aligncenter\" src=\"https:\/\/finelife.tv\/fr\/wp-content\/uploads\/2017\/11\/prix-meurice-art-contemporain-2017-morgan-courtois.jpg-300x188.png\" alt=\"\" width=\"300\" height=\"188\" srcset=\"https:\/\/finelife.tv\/fr\/wp-content\/uploads\/2017\/11\/prix-meurice-art-contemporain-2017-morgan-courtois.jpg-300x188.png 300w, https:\/\/finelife.tv\/fr\/wp-content\/uploads\/2017\/11\/prix-meurice-art-contemporain-2017-morgan-courtois.jpg-768x480.png 768w, https:\/\/finelife.tv\/fr\/wp-content\/uploads\/2017\/11\/prix-meurice-art-contemporain-2017-morgan-courtois.jpg-1024x640.png 1024w, https:\/\/finelife.tv\/fr\/wp-content\/uploads\/2017\/11\/prix-meurice-art-contemporain-2017-morgan-courtois.jpg.png 1440w\" sizes=\"auto, (max-width: 300px) 100vw, 300px\" \/><\/p>\n<p>\u00c0 l&rsquo;entr\u00e9e, une oeuvre de Morgan Courtois. Le sculpteur croise deux domaines improbables de l&rsquo;art : la sculpture et le parfum. Il concoure pour l&rsquo;\u00e9laboration de parfums d&rsquo;ambiance. L&rsquo;oeuvre expos\u00e9e est un condens\u00e9 de temps, une promesse d&rsquo;\u00e9motions retrouv\u00e9es.<\/p>\n<p>En face, le boxeur de Mel O&rsquo;Callaghan qui s&rsquo;\u00e9puise au fil des rounds. Un temps qui pulse.<\/p>\n<p>Les temporalit\u00e9s se t\u00e9lescopent dans les sculptures de Th\u00e9o Mercier. Le plasticien et metteur en sc\u00e8ne m\u00eale l&rsquo;antique et le kit fa\u00e7on Ikea.<\/p>\n<p>Kapwani Kiwanga r\u00e9fl\u00e9chit sur la m\u00e9moire. Les fibres de son installation ont valeur d&rsquo;archives o\u00f9 les plantes jouent les passeurs. L&rsquo;art de Kapwani Kiwanga se penche sur l&rsquo;afro-fururisme comme sur les luttes anti-coloniales ou encore les cultures vernaculaires.<\/p>\n<p>Eva Nielsen interroge les strates des villes. Son tableau \u00e9voque un temps distendu. Les vestiges architecturaux constituent pour elle le refoul\u00e9, l&rsquo;inaper\u00e7u des vies et des cr\u00e9ations humaines.<\/p>\n<p><img loading=\"lazy\" decoding=\"async\" class=\"size-medium wp-image-1133 aligncenter\" src=\"https:\/\/finelife.tv\/fr\/wp-content\/uploads\/2017\/11\/prix-meurice-art-contemporain-2017-cadric-fargues-finelifetv.jpg-300x188.png\" alt=\"\" width=\"300\" height=\"188\" srcset=\"https:\/\/finelife.tv\/fr\/wp-content\/uploads\/2017\/11\/prix-meurice-art-contemporain-2017-cadric-fargues-finelifetv.jpg-300x188.png 300w, https:\/\/finelife.tv\/fr\/wp-content\/uploads\/2017\/11\/prix-meurice-art-contemporain-2017-cadric-fargues-finelifetv.jpg-768x480.png 768w, https:\/\/finelife.tv\/fr\/wp-content\/uploads\/2017\/11\/prix-meurice-art-contemporain-2017-cadric-fargues-finelifetv.jpg-1024x640.png 1024w, https:\/\/finelife.tv\/fr\/wp-content\/uploads\/2017\/11\/prix-meurice-art-contemporain-2017-cadric-fargues-finelifetv.jpg.png 1440w\" sizes=\"auto, (max-width: 300px) 100vw, 300px\" \/><\/p>\n<p>C\u00e9dric Fargues revoie l&rsquo;histoire avec humour. Son art met en avant le banal et le quotidien comme son outil de travail nomm\u00e9 Henry. L&rsquo;aspirateur anthropomorphe p\u00e9rit sur la croix du Golghota.<\/p>\n<h3><span style=\"color: #ffff99;\"><strong>Une f\u00eate sign\u00e9e Ducasse et 20 000 euros<\/strong><\/span><\/h3>\n<p><img loading=\"lazy\" decoding=\"async\" class=\"size-medium wp-image-1130 aligncenter\" src=\"https:\/\/finelife.tv\/fr\/wp-content\/uploads\/2017\/11\/prix-meurice-art-contemporain-2017-ducasse-finelifetv.jpg-300x188.png\" alt=\"\" width=\"300\" height=\"188\" srcset=\"https:\/\/finelife.tv\/fr\/wp-content\/uploads\/2017\/11\/prix-meurice-art-contemporain-2017-ducasse-finelifetv.jpg-300x188.png 300w, https:\/\/finelife.tv\/fr\/wp-content\/uploads\/2017\/11\/prix-meurice-art-contemporain-2017-ducasse-finelifetv.jpg-768x480.png 768w, https:\/\/finelife.tv\/fr\/wp-content\/uploads\/2017\/11\/prix-meurice-art-contemporain-2017-ducasse-finelifetv.jpg-1024x640.png 1024w, https:\/\/finelife.tv\/fr\/wp-content\/uploads\/2017\/11\/prix-meurice-art-contemporain-2017-ducasse-finelifetv.jpg.png 1440w\" sizes=\"auto, (max-width: 300px) 100vw, 300px\" \/><\/p>\n<p>Pour les 10 ans du prix, les organisateurs mettent \u00e0 contribution tous les talents.<br \/>Ceux de la maison tout d&rsquo;abord car le prix entend f\u00e9d\u00e9rer l&rsquo;\u00e9nergie de tous les employ\u00e9s. On remarque la brigade Ducasse qui met la main \u00e0 la p\u00e2te c\u00f4t\u00e9 d\u00e9gustation.<br \/>L&rsquo;\u00e9nergie des habitu\u00e9s est \u00e9galement requise. B\u00e9atrice Ardisson encha\u00eene les mix avant et apr\u00e8s la remise des prix.<br \/>Le montant du prix est doubl\u00e9. 10 000 euros pour le gagnant, 10 000 E pour la galerie qui le repr\u00e9sente.<\/p>\n<h3><span style=\"color: #ffff99;\"><strong> Le logo des 10 ans par Jean-Charles de Castelbajac<\/strong><\/span><\/h3>\n<p>Jean-Charles de Castelbajac, parrain de la manifestation depuis 10 ans, a dessin\u00e9 un logo<\/p>\n<p><img loading=\"lazy\" decoding=\"async\" class=\"size-medium wp-image-1127 aligncenter\" src=\"https:\/\/finelife.tv\/fr\/wp-content\/uploads\/2017\/11\/prix-meurice-art-contemporain-jean-charles-de-castelbajac-finelifetv.jpg-300x188.png\" alt=\"\" width=\"300\" height=\"188\" srcset=\"https:\/\/finelife.tv\/fr\/wp-content\/uploads\/2017\/11\/prix-meurice-art-contemporain-jean-charles-de-castelbajac-finelifetv.jpg-300x188.png 300w, https:\/\/finelife.tv\/fr\/wp-content\/uploads\/2017\/11\/prix-meurice-art-contemporain-jean-charles-de-castelbajac-finelifetv.jpg-768x480.png 768w, https:\/\/finelife.tv\/fr\/wp-content\/uploads\/2017\/11\/prix-meurice-art-contemporain-jean-charles-de-castelbajac-finelifetv.jpg-1024x640.png 1024w, https:\/\/finelife.tv\/fr\/wp-content\/uploads\/2017\/11\/prix-meurice-art-contemporain-jean-charles-de-castelbajac-finelifetv.jpg.png 1440w\" sizes=\"auto, (max-width: 300px) 100vw, 300px\" \/><img loading=\"lazy\" decoding=\"async\" class=\"size-medium wp-image-1131 aligncenter\" src=\"https:\/\/finelife.tv\/fr\/wp-content\/uploads\/2017\/11\/prix-meurice-art-contemporain-logo-jean-charles-de-castelbajac-finelifetv.jpg-300x188.png\" alt=\"\" width=\"300\" height=\"188\" srcset=\"https:\/\/finelife.tv\/fr\/wp-content\/uploads\/2017\/11\/prix-meurice-art-contemporain-logo-jean-charles-de-castelbajac-finelifetv.jpg-300x188.png 300w, https:\/\/finelife.tv\/fr\/wp-content\/uploads\/2017\/11\/prix-meurice-art-contemporain-logo-jean-charles-de-castelbajac-finelifetv.jpg-768x480.png 768w, https:\/\/finelife.tv\/fr\/wp-content\/uploads\/2017\/11\/prix-meurice-art-contemporain-logo-jean-charles-de-castelbajac-finelifetv.jpg-1024x640.png 1024w, https:\/\/finelife.tv\/fr\/wp-content\/uploads\/2017\/11\/prix-meurice-art-contemporain-logo-jean-charles-de-castelbajac-finelifetv.jpg.png 1440w\" sizes=\"auto, (max-width: 300px) 100vw, 300px\" \/><\/p>\n<p>Le jury est compos\u00e9 de la cr\u00e8me de l&rsquo;art contemporain. De la directrice de la Fiac, au pr\u00e9sident du palais de Tokyo en passant par l&rsquo;invit\u00e9 d&rsquo;honneur Hans Ulricht Obrist.<\/p>\n<p><img loading=\"lazy\" decoding=\"async\" class=\"size-medium wp-image-1132 aligncenter\" src=\"https:\/\/finelife.tv\/fr\/wp-content\/uploads\/2017\/11\/prix-meurice-art-contemporain-2017-finelifetv.jpg-300x188.png\" alt=\"\" width=\"300\" height=\"188\" srcset=\"https:\/\/finelife.tv\/fr\/wp-content\/uploads\/2017\/11\/prix-meurice-art-contemporain-2017-finelifetv.jpg-300x188.png 300w, https:\/\/finelife.tv\/fr\/wp-content\/uploads\/2017\/11\/prix-meurice-art-contemporain-2017-finelifetv.jpg-768x480.png 768w, https:\/\/finelife.tv\/fr\/wp-content\/uploads\/2017\/11\/prix-meurice-art-contemporain-2017-finelifetv.jpg-1024x640.png 1024w, https:\/\/finelife.tv\/fr\/wp-content\/uploads\/2017\/11\/prix-meurice-art-contemporain-2017-finelifetv.jpg.png 1440w\" sizes=\"auto, (max-width: 300px) 100vw, 300px\" \/><\/p>\n<p>Lola Gonzales, Laur\u00e9ate 2016 du prix annonce le nom du vainqueur &#8230; Morgan Courtois et de sa galerie Balice Herling. <a href=\"https:\/\/www.balicehertling.com\/\">https:\/\/www.balicehertling.com\/<\/a><\/p>\n<h3><span style=\"color: #ffff99;\"><strong>\u00a0Morgan Courtois vainqueur du prix d&rsquo;art contemporain<br \/><\/strong><\/span><\/h3>\n<p><img loading=\"lazy\" decoding=\"async\" class=\"size-medium wp-image-1129 aligncenter\" src=\"https:\/\/finelife.tv\/fr\/wp-content\/uploads\/2017\/11\/prix-meurice-art-contemporain-2017-vainqueur-Morgan-Courtois-finelifetv.jpg-300x188.png\" alt=\"\" width=\"300\" height=\"188\" srcset=\"https:\/\/finelife.tv\/fr\/wp-content\/uploads\/2017\/11\/prix-meurice-art-contemporain-2017-vainqueur-Morgan-Courtois-finelifetv.jpg-300x188.png 300w, https:\/\/finelife.tv\/fr\/wp-content\/uploads\/2017\/11\/prix-meurice-art-contemporain-2017-vainqueur-Morgan-Courtois-finelifetv.jpg-768x480.png 768w, https:\/\/finelife.tv\/fr\/wp-content\/uploads\/2017\/11\/prix-meurice-art-contemporain-2017-vainqueur-Morgan-Courtois-finelifetv.jpg-1024x640.png 1024w, https:\/\/finelife.tv\/fr\/wp-content\/uploads\/2017\/11\/prix-meurice-art-contemporain-2017-vainqueur-Morgan-Courtois-finelifetv.jpg.png 1440w\" sizes=\"auto, (max-width: 300px) 100vw, 300px\" \/><\/p>\n<p>Nous l&rsquo;avons rencontr\u00e9. Il nous a parl\u00e9 de son projet qui s&rsquo;inscrit dans un travail bas\u00e9 sur une succession de natures mortes.\u00a0 Il veut en tirer un parfum \u00ab\u00a0Fond de sac\u00a0\u00bb. Le parfum est compos\u00e9 de quatre fragrances qui chacune synth\u00e9tise une \u00e9tape d&rsquo;un voyage entre Paris et La Provence. L&rsquo;id\u00e9e est de partir de notes citadines qui \u00e9voquent la poussi\u00e8re et de cheminer vers des notes plus vertes jusqu&rsquo;au tilleul.<\/p>\n<p>Morgan Courtois va entrer en r\u00e9sidence \u00e0 la Rijks Academy d&rsquo;Amsterdam. Dans le cadre de son projet, il y rencontrera notamment un botaniste et une artiste qui a rassembl\u00e9 une tr\u00e8s riche palette de couleurs v\u00e9g\u00e9tales.<\/p>\n<p>De quoi combler cet artiste botaniste amoureux de po\u00e9sie.<\/p>\n<p>Related article Art contemporain : Le Meurice f\u00eate les 10 ans de son prix<\/p>\n\n\n<p><strong>PrIx Jean-Fran\u00e7ois Prat : laur\u00e9at Florian Krewer et Marine Wallon <\/strong><a href=\"https:\/\/finelife.tv\/fr\/2022\/04\/20\/prix-jean-francois-prat-laureats-florian-krewer-et-marine-wallon\/\">https:\/\/finelife.tv\/fr\/2022\/04\/20\/prix-jean-francois-prat-laureats-florian-krewer-et-marine-wallon\/<\/a><\/p>\n","protected":false},"excerpt":{"rendered":"<p>Art contemporain : Le Meurice f\u00eate les 10 ans de son prix.Il vise \u00e0 promouvoir le travail d&rsquo;un jeune talent. Le prix englobe tous les modes d&rsquo;expression des arts plastiques et visuels.<\/p>\n","protected":false},"author":1,"featured_media":0,"comment_status":"open","ping_status":"open","sticky":false,"template":"","format":"standard","meta":{"footnotes":""},"categories":[2],"tags":[22,448,537,533,530,531,538,430,532,529,535,540,536,534,528,539],"class_list":["post-1110","post","type-post","status-publish","format-standard","hentry","category-art","tag-art","tag-art-contemporain","tag-art-paris","tag-culture","tag-fiac","tag-jena-charles-de-castelbajac","tag-jeunes-talents-art-contemporain","tag-le-meurice","tag-lola-gonzales","tag-morgan-courtois","tag-palace-paris","tag-parfum","tag-parisian-nightlife","tag-prix-artistique","tag-prix-meurice-art-contemporain","tag-sculpture"],"yoast_head":"<!-- This site is optimized with the Yoast SEO plugin v27.5 - https:\/\/yoast.com\/product\/yoast-seo-wordpress\/ -->\n<title>Art contemporain : Le Meurice f\u00eate les 10 ans de son prix - FineLife.tv<\/title>\n<meta name=\"description\" content=\"Art contemporain : Le Meurice f\u00eate les 10 ans de son prix .Lors de la soir\u00e9e qui a r\u00e9uni le nec plus ultra de la culture, il \u00e9t\u00e9 remis au sculpteur Morgan Courtois.\" \/>\n<meta name=\"robots\" content=\"index, follow, max-snippet:-1, max-image-preview:large, max-video-preview:-1\" \/>\n<link rel=\"canonical\" href=\"https:\/\/finelife.tv\/fr\/2017\/11\/22\/art-contemporain-le-meurice-fete-les-10-ans-de-son-prix\/\" \/>\n<meta property=\"og:locale\" content=\"fr_FR\" \/>\n<meta property=\"og:type\" content=\"article\" \/>\n<meta property=\"og:title\" content=\"Art contemporain : Le Meurice f\u00eate les 10 ans de son prix - FineLife.tv\" \/>\n<meta property=\"og:description\" content=\"Art contemporain : Le Meurice f\u00eate les 10 ans de son prix .Lors de la soir\u00e9e qui a r\u00e9uni le nec plus ultra de la culture, il \u00e9t\u00e9 remis au sculpteur Morgan Courtois.\" \/>\n<meta property=\"og:url\" content=\"https:\/\/finelife.tv\/fr\/2017\/11\/22\/art-contemporain-le-meurice-fete-les-10-ans-de-son-prix\/\" \/>\n<meta property=\"og:site_name\" content=\"FineLife.tv\" \/>\n<meta property=\"article:published_time\" content=\"2017-11-22T19:21:41+00:00\" \/>\n<meta property=\"article:modified_time\" content=\"2022-04-21T07:35:11+00:00\" \/>\n<meta property=\"og:image\" content=\"http:\/\/finelife.tv\/fr\/wp-content\/uploads\/2017\/11\/prix-meurice-art-contemporain-2017-morgan-courtois.jpg-300x188.png\" \/>\n<meta name=\"author\" content=\"Leonore\" \/>\n<meta name=\"twitter:card\" content=\"summary_large_image\" \/>\n<meta name=\"twitter:creator\" content=\"@finelifetv\" \/>\n<meta name=\"twitter:site\" content=\"@finelifetv\" \/>\n<meta name=\"twitter:label1\" content=\"\u00c9crit par\" \/>\n\t<meta name=\"twitter:data1\" content=\"Leonore\" \/>\n\t<meta name=\"twitter:label2\" content=\"Dur\u00e9e de lecture estim\u00e9e\" \/>\n\t<meta name=\"twitter:data2\" content=\"5 minutes\" \/>\n<script type=\"application\/ld+json\" class=\"yoast-schema-graph\">{\"@context\":\"https:\\\/\\\/schema.org\",\"@graph\":[{\"@type\":\"Article\",\"@id\":\"https:\\\/\\\/finelife.tv\\\/fr\\\/2017\\\/11\\\/22\\\/art-contemporain-le-meurice-fete-les-10-ans-de-son-prix\\\/#article\",\"isPartOf\":{\"@id\":\"https:\\\/\\\/finelife.tv\\\/fr\\\/2017\\\/11\\\/22\\\/art-contemporain-le-meurice-fete-les-10-ans-de-son-prix\\\/\"},\"author\":{\"name\":\"Leonore\",\"@id\":\"https:\\\/\\\/finelife.tv\\\/fr\\\/#\\\/schema\\\/person\\\/e3d980b0c0b3dc5af01c3455893c8c52\"},\"headline\":\"Art contemporain : Le Meurice f\u00eate les 10 ans de son prix\",\"datePublished\":\"2017-11-22T19:21:41+00:00\",\"dateModified\":\"2022-04-21T07:35:11+00:00\",\"mainEntityOfPage\":{\"@id\":\"https:\\\/\\\/finelife.tv\\\/fr\\\/2017\\\/11\\\/22\\\/art-contemporain-le-meurice-fete-les-10-ans-de-son-prix\\\/\"},\"wordCount\":666,\"commentCount\":3,\"image\":{\"@id\":\"https:\\\/\\\/finelife.tv\\\/fr\\\/2017\\\/11\\\/22\\\/art-contemporain-le-meurice-fete-les-10-ans-de-son-prix\\\/#primaryimage\"},\"thumbnailUrl\":\"http:\\\/\\\/finelife.tv\\\/fr\\\/wp-content\\\/uploads\\\/2017\\\/11\\\/prix-meurice-art-contemporain-2017-morgan-courtois.jpg-300x188.png\",\"keywords\":[\"art\",\"art contemporain\",\"art paris\",\"culture\",\"fiac\",\"jena-charles de castelbajac\",\"jeunes talents art contemporain\",\"le Meurice\",\"lola gonzales\",\"morgan courtois\",\"palace paris\",\"parfum\",\"parisian nightlife\",\"prix artistique\",\"prix meurice art contemporain\",\"sculpture\"],\"articleSection\":[\"Art\"],\"inLanguage\":\"fr-FR\",\"potentialAction\":[{\"@type\":\"CommentAction\",\"name\":\"Comment\",\"target\":[\"https:\\\/\\\/finelife.tv\\\/fr\\\/2017\\\/11\\\/22\\\/art-contemporain-le-meurice-fete-les-10-ans-de-son-prix\\\/#respond\"]}]},{\"@type\":\"WebPage\",\"@id\":\"https:\\\/\\\/finelife.tv\\\/fr\\\/2017\\\/11\\\/22\\\/art-contemporain-le-meurice-fete-les-10-ans-de-son-prix\\\/\",\"url\":\"https:\\\/\\\/finelife.tv\\\/fr\\\/2017\\\/11\\\/22\\\/art-contemporain-le-meurice-fete-les-10-ans-de-son-prix\\\/\",\"name\":\"Art contemporain : Le Meurice f\u00eate les 10 ans de son prix - FineLife.tv\",\"isPartOf\":{\"@id\":\"https:\\\/\\\/finelife.tv\\\/fr\\\/#website\"},\"primaryImageOfPage\":{\"@id\":\"https:\\\/\\\/finelife.tv\\\/fr\\\/2017\\\/11\\\/22\\\/art-contemporain-le-meurice-fete-les-10-ans-de-son-prix\\\/#primaryimage\"},\"image\":{\"@id\":\"https:\\\/\\\/finelife.tv\\\/fr\\\/2017\\\/11\\\/22\\\/art-contemporain-le-meurice-fete-les-10-ans-de-son-prix\\\/#primaryimage\"},\"thumbnailUrl\":\"http:\\\/\\\/finelife.tv\\\/fr\\\/wp-content\\\/uploads\\\/2017\\\/11\\\/prix-meurice-art-contemporain-2017-morgan-courtois.jpg-300x188.png\",\"datePublished\":\"2017-11-22T19:21:41+00:00\",\"dateModified\":\"2022-04-21T07:35:11+00:00\",\"author\":{\"@id\":\"https:\\\/\\\/finelife.tv\\\/fr\\\/#\\\/schema\\\/person\\\/e3d980b0c0b3dc5af01c3455893c8c52\"},\"description\":\"Art contemporain : Le Meurice f\u00eate les 10 ans de son prix .Lors de la soir\u00e9e qui a r\u00e9uni le nec plus ultra de la culture, il \u00e9t\u00e9 remis au sculpteur Morgan Courtois.\",\"breadcrumb\":{\"@id\":\"https:\\\/\\\/finelife.tv\\\/fr\\\/2017\\\/11\\\/22\\\/art-contemporain-le-meurice-fete-les-10-ans-de-son-prix\\\/#breadcrumb\"},\"inLanguage\":\"fr-FR\",\"potentialAction\":[{\"@type\":\"ReadAction\",\"target\":[\"https:\\\/\\\/finelife.tv\\\/fr\\\/2017\\\/11\\\/22\\\/art-contemporain-le-meurice-fete-les-10-ans-de-son-prix\\\/\"]}]},{\"@type\":\"ImageObject\",\"inLanguage\":\"fr-FR\",\"@id\":\"https:\\\/\\\/finelife.tv\\\/fr\\\/2017\\\/11\\\/22\\\/art-contemporain-le-meurice-fete-les-10-ans-de-son-prix\\\/#primaryimage\",\"url\":\"http:\\\/\\\/finelife.tv\\\/fr\\\/wp-content\\\/uploads\\\/2017\\\/11\\\/prix-meurice-art-contemporain-2017-morgan-courtois.jpg-300x188.png\",\"contentUrl\":\"http:\\\/\\\/finelife.tv\\\/fr\\\/wp-content\\\/uploads\\\/2017\\\/11\\\/prix-meurice-art-contemporain-2017-morgan-courtois.jpg-300x188.png\"},{\"@type\":\"BreadcrumbList\",\"@id\":\"https:\\\/\\\/finelife.tv\\\/fr\\\/2017\\\/11\\\/22\\\/art-contemporain-le-meurice-fete-les-10-ans-de-son-prix\\\/#breadcrumb\",\"itemListElement\":[{\"@type\":\"ListItem\",\"position\":1,\"name\":\"Accueil\",\"item\":\"https:\\\/\\\/finelife.tv\\\/fr\\\/\"},{\"@type\":\"ListItem\",\"position\":2,\"name\":\"Art contemporain : Le Meurice f\u00eate les 10 ans de son prix\"}]},{\"@type\":\"WebSite\",\"@id\":\"https:\\\/\\\/finelife.tv\\\/fr\\\/#website\",\"url\":\"https:\\\/\\\/finelife.tv\\\/fr\\\/\",\"name\":\"FineLife.tv\",\"description\":\"Quand l&#039;Art de vivre croise l&#039;Art de penser\",\"potentialAction\":[{\"@type\":\"SearchAction\",\"target\":{\"@type\":\"EntryPoint\",\"urlTemplate\":\"https:\\\/\\\/finelife.tv\\\/fr\\\/?s={search_term_string}\"},\"query-input\":{\"@type\":\"PropertyValueSpecification\",\"valueRequired\":true,\"valueName\":\"search_term_string\"}}],\"inLanguage\":\"fr-FR\"},{\"@type\":\"Person\",\"@id\":\"https:\\\/\\\/finelife.tv\\\/fr\\\/#\\\/schema\\\/person\\\/e3d980b0c0b3dc5af01c3455893c8c52\",\"name\":\"Leonore\",\"image\":{\"@type\":\"ImageObject\",\"inLanguage\":\"fr-FR\",\"@id\":\"https:\\\/\\\/secure.gravatar.com\\\/avatar\\\/9a2e5073417479f910ffdeee54da5ccf4f91eab62746ce0ae0e81124a9491a79?s=96&d=mm&r=g\",\"url\":\"https:\\\/\\\/secure.gravatar.com\\\/avatar\\\/9a2e5073417479f910ffdeee54da5ccf4f91eab62746ce0ae0e81124a9491a79?s=96&d=mm&r=g\",\"contentUrl\":\"https:\\\/\\\/secure.gravatar.com\\\/avatar\\\/9a2e5073417479f910ffdeee54da5ccf4f91eab62746ce0ae0e81124a9491a79?s=96&d=mm&r=g\",\"caption\":\"Leonore\"}}]}<\/script>\n<!-- \/ Yoast SEO plugin. -->","yoast_head_json":{"title":"Art contemporain : Le Meurice f\u00eate les 10 ans de son prix - FineLife.tv","description":"Art contemporain : Le Meurice f\u00eate les 10 ans de son prix .Lors de la soir\u00e9e qui a r\u00e9uni le nec plus ultra de la culture, il \u00e9t\u00e9 remis au sculpteur Morgan Courtois.","robots":{"index":"index","follow":"follow","max-snippet":"max-snippet:-1","max-image-preview":"max-image-preview:large","max-video-preview":"max-video-preview:-1"},"canonical":"https:\/\/finelife.tv\/fr\/2017\/11\/22\/art-contemporain-le-meurice-fete-les-10-ans-de-son-prix\/","og_locale":"fr_FR","og_type":"article","og_title":"Art contemporain : Le Meurice f\u00eate les 10 ans de son prix - FineLife.tv","og_description":"Art contemporain : Le Meurice f\u00eate les 10 ans de son prix .Lors de la soir\u00e9e qui a r\u00e9uni le nec plus ultra de la culture, il \u00e9t\u00e9 remis au sculpteur Morgan Courtois.","og_url":"https:\/\/finelife.tv\/fr\/2017\/11\/22\/art-contemporain-le-meurice-fete-les-10-ans-de-son-prix\/","og_site_name":"FineLife.tv","article_published_time":"2017-11-22T19:21:41+00:00","article_modified_time":"2022-04-21T07:35:11+00:00","og_image":[{"url":"http:\/\/finelife.tv\/fr\/wp-content\/uploads\/2017\/11\/prix-meurice-art-contemporain-2017-morgan-courtois.jpg-300x188.png","type":"","width":"","height":""}],"author":"Leonore","twitter_card":"summary_large_image","twitter_creator":"@finelifetv","twitter_site":"@finelifetv","twitter_misc":{"\u00c9crit par":"Leonore","Dur\u00e9e de lecture estim\u00e9e":"5 minutes"},"schema":{"@context":"https:\/\/schema.org","@graph":[{"@type":"Article","@id":"https:\/\/finelife.tv\/fr\/2017\/11\/22\/art-contemporain-le-meurice-fete-les-10-ans-de-son-prix\/#article","isPartOf":{"@id":"https:\/\/finelife.tv\/fr\/2017\/11\/22\/art-contemporain-le-meurice-fete-les-10-ans-de-son-prix\/"},"author":{"name":"Leonore","@id":"https:\/\/finelife.tv\/fr\/#\/schema\/person\/e3d980b0c0b3dc5af01c3455893c8c52"},"headline":"Art contemporain : Le Meurice f\u00eate les 10 ans de son prix","datePublished":"2017-11-22T19:21:41+00:00","dateModified":"2022-04-21T07:35:11+00:00","mainEntityOfPage":{"@id":"https:\/\/finelife.tv\/fr\/2017\/11\/22\/art-contemporain-le-meurice-fete-les-10-ans-de-son-prix\/"},"wordCount":666,"commentCount":3,"image":{"@id":"https:\/\/finelife.tv\/fr\/2017\/11\/22\/art-contemporain-le-meurice-fete-les-10-ans-de-son-prix\/#primaryimage"},"thumbnailUrl":"http:\/\/finelife.tv\/fr\/wp-content\/uploads\/2017\/11\/prix-meurice-art-contemporain-2017-morgan-courtois.jpg-300x188.png","keywords":["art","art contemporain","art paris","culture","fiac","jena-charles de castelbajac","jeunes talents art contemporain","le Meurice","lola gonzales","morgan courtois","palace paris","parfum","parisian nightlife","prix artistique","prix meurice art contemporain","sculpture"],"articleSection":["Art"],"inLanguage":"fr-FR","potentialAction":[{"@type":"CommentAction","name":"Comment","target":["https:\/\/finelife.tv\/fr\/2017\/11\/22\/art-contemporain-le-meurice-fete-les-10-ans-de-son-prix\/#respond"]}]},{"@type":"WebPage","@id":"https:\/\/finelife.tv\/fr\/2017\/11\/22\/art-contemporain-le-meurice-fete-les-10-ans-de-son-prix\/","url":"https:\/\/finelife.tv\/fr\/2017\/11\/22\/art-contemporain-le-meurice-fete-les-10-ans-de-son-prix\/","name":"Art contemporain : Le Meurice f\u00eate les 10 ans de son prix - FineLife.tv","isPartOf":{"@id":"https:\/\/finelife.tv\/fr\/#website"},"primaryImageOfPage":{"@id":"https:\/\/finelife.tv\/fr\/2017\/11\/22\/art-contemporain-le-meurice-fete-les-10-ans-de-son-prix\/#primaryimage"},"image":{"@id":"https:\/\/finelife.tv\/fr\/2017\/11\/22\/art-contemporain-le-meurice-fete-les-10-ans-de-son-prix\/#primaryimage"},"thumbnailUrl":"http:\/\/finelife.tv\/fr\/wp-content\/uploads\/2017\/11\/prix-meurice-art-contemporain-2017-morgan-courtois.jpg-300x188.png","datePublished":"2017-11-22T19:21:41+00:00","dateModified":"2022-04-21T07:35:11+00:00","author":{"@id":"https:\/\/finelife.tv\/fr\/#\/schema\/person\/e3d980b0c0b3dc5af01c3455893c8c52"},"description":"Art contemporain : Le Meurice f\u00eate les 10 ans de son prix .Lors de la soir\u00e9e qui a r\u00e9uni le nec plus ultra de la culture, il \u00e9t\u00e9 remis au sculpteur Morgan Courtois.","breadcrumb":{"@id":"https:\/\/finelife.tv\/fr\/2017\/11\/22\/art-contemporain-le-meurice-fete-les-10-ans-de-son-prix\/#breadcrumb"},"inLanguage":"fr-FR","potentialAction":[{"@type":"ReadAction","target":["https:\/\/finelife.tv\/fr\/2017\/11\/22\/art-contemporain-le-meurice-fete-les-10-ans-de-son-prix\/"]}]},{"@type":"ImageObject","inLanguage":"fr-FR","@id":"https:\/\/finelife.tv\/fr\/2017\/11\/22\/art-contemporain-le-meurice-fete-les-10-ans-de-son-prix\/#primaryimage","url":"http:\/\/finelife.tv\/fr\/wp-content\/uploads\/2017\/11\/prix-meurice-art-contemporain-2017-morgan-courtois.jpg-300x188.png","contentUrl":"http:\/\/finelife.tv\/fr\/wp-content\/uploads\/2017\/11\/prix-meurice-art-contemporain-2017-morgan-courtois.jpg-300x188.png"},{"@type":"BreadcrumbList","@id":"https:\/\/finelife.tv\/fr\/2017\/11\/22\/art-contemporain-le-meurice-fete-les-10-ans-de-son-prix\/#breadcrumb","itemListElement":[{"@type":"ListItem","position":1,"name":"Accueil","item":"https:\/\/finelife.tv\/fr\/"},{"@type":"ListItem","position":2,"name":"Art contemporain : Le Meurice f\u00eate les 10 ans de son prix"}]},{"@type":"WebSite","@id":"https:\/\/finelife.tv\/fr\/#website","url":"https:\/\/finelife.tv\/fr\/","name":"FineLife.tv","description":"Quand l&#039;Art de vivre croise l&#039;Art de penser","potentialAction":[{"@type":"SearchAction","target":{"@type":"EntryPoint","urlTemplate":"https:\/\/finelife.tv\/fr\/?s={search_term_string}"},"query-input":{"@type":"PropertyValueSpecification","valueRequired":true,"valueName":"search_term_string"}}],"inLanguage":"fr-FR"},{"@type":"Person","@id":"https:\/\/finelife.tv\/fr\/#\/schema\/person\/e3d980b0c0b3dc5af01c3455893c8c52","name":"Leonore","image":{"@type":"ImageObject","inLanguage":"fr-FR","@id":"https:\/\/secure.gravatar.com\/avatar\/9a2e5073417479f910ffdeee54da5ccf4f91eab62746ce0ae0e81124a9491a79?s=96&d=mm&r=g","url":"https:\/\/secure.gravatar.com\/avatar\/9a2e5073417479f910ffdeee54da5ccf4f91eab62746ce0ae0e81124a9491a79?s=96&d=mm&r=g","contentUrl":"https:\/\/secure.gravatar.com\/avatar\/9a2e5073417479f910ffdeee54da5ccf4f91eab62746ce0ae0e81124a9491a79?s=96&d=mm&r=g","caption":"Leonore"}}]}},"_links":{"self":[{"href":"https:\/\/finelife.tv\/fr\/wp-json\/wp\/v2\/posts\/1110","targetHints":{"allow":["GET"]}}],"collection":[{"href":"https:\/\/finelife.tv\/fr\/wp-json\/wp\/v2\/posts"}],"about":[{"href":"https:\/\/finelife.tv\/fr\/wp-json\/wp\/v2\/types\/post"}],"author":[{"embeddable":true,"href":"https:\/\/finelife.tv\/fr\/wp-json\/wp\/v2\/users\/1"}],"replies":[{"embeddable":true,"href":"https:\/\/finelife.tv\/fr\/wp-json\/wp\/v2\/comments?post=1110"}],"version-history":[{"count":44,"href":"https:\/\/finelife.tv\/fr\/wp-json\/wp\/v2\/posts\/1110\/revisions"}],"predecessor-version":[{"id":10411,"href":"https:\/\/finelife.tv\/fr\/wp-json\/wp\/v2\/posts\/1110\/revisions\/10411"}],"wp:attachment":[{"href":"https:\/\/finelife.tv\/fr\/wp-json\/wp\/v2\/media?parent=1110"}],"wp:term":[{"taxonomy":"category","embeddable":true,"href":"https:\/\/finelife.tv\/fr\/wp-json\/wp\/v2\/categories?post=1110"},{"taxonomy":"post_tag","embeddable":true,"href":"https:\/\/finelife.tv\/fr\/wp-json\/wp\/v2\/tags?post=1110"}],"curies":[{"name":"wp","href":"https:\/\/api.w.org\/{rel}","templated":true}]}}