{"id":1155,"date":"2017-11-22T23:59:50","date_gmt":"2017-11-22T22:59:50","guid":{"rendered":"http:\/\/finelife.tv\/fr\/?p=1155"},"modified":"2023-09-07T09:47:35","modified_gmt":"2023-09-07T07:47:35","slug":"biennale-paris-focus-collection-barbier-mueller","status":"publish","type":"post","link":"https:\/\/finelife.tv\/fr\/2017\/11\/22\/biennale-paris-focus-collection-barbier-mueller\/","title":{"rendered":"Biennale Paris : Focus sur la collection d&rsquo;art Barbier-Mueller"},"content":{"rendered":"<p><iframe loading=\"lazy\" src=\"https:\/\/player.vimeo.com\/video\/244056417?title=0&amp;byline=0&amp;portrait=0\" width=\"356\" height=\"200\" frameborder=\"0\" allowfullscreen=\"allowfullscreen\"><\/iframe><\/p>\n<p>&nbsp;<\/p>\n<p>Guerrier au coeur du Grand Palais, pouls de l&rsquo;art parisien, le samoura\u00ef pourrait \u00eatre regard\u00e9 comme l&#8217;embl\u00e8me de la Biennale des Antiquaires. Ou plut\u00f4t de la Biennale Paris.<br \/>\nEn 2017, la Foire change en effet de nom et devient annuelle.<!--more--><\/p>\n<p><img loading=\"lazy\" decoding=\"async\" class=\"size-medium wp-image-1180 aligncenter\" src=\"https:\/\/finelife.tv\/fr\/wp-content\/uploads\/2017\/11\/biennale-paris-collection-art-barbier-mueller-finelifetv-300x225.jpg\" alt=\"\" width=\"300\" height=\"225\" srcset=\"https:\/\/finelife.tv\/fr\/wp-content\/uploads\/2017\/11\/biennale-paris-collection-art-barbier-mueller-finelifetv-300x225.jpg 300w, https:\/\/finelife.tv\/fr\/wp-content\/uploads\/2017\/11\/biennale-paris-collection-art-barbier-mueller-finelifetv-768x576.jpg 768w, https:\/\/finelife.tv\/fr\/wp-content\/uploads\/2017\/11\/biennale-paris-collection-art-barbier-mueller-finelifetv.jpg 1024w\" sizes=\"auto, (max-width: 300px) 100vw, 300px\" \/><\/p>\n<p>Un coup de sabre dans la tradition.<br \/>\nLes organisateurs bataillent pour promouvoir un \u00e9v\u00e9nement qui a d\u00e9\u00e7u les ann\u00e9es pr\u00e9c\u00e9dentes.<br \/>\nIls communiquent sur les nouveaux crit\u00e8res de choix des pi\u00e8ces d&rsquo;art. L&rsquo;exigence en mati\u00e8re de qualit\u00e9 aurait \u00e9t\u00e9 renforc\u00e9e ainsi que l&rsquo;ind\u00e9pendance de la commission d&rsquo;admission des oeuvres.<\/p>\n<p>Finelife TV fait le tour de la Foire comme l&rsquo;an dernier. <a href=\"https:\/\/finelife.tv\/fr\/2017\/06\/08\/%ef%bb%bfla-biennale-des-antiquaires-125-exposants-dans-un-ecrin-de-miroirs\/\">https:\/\/finelife.tv\/fr\/2017\/06\/08\/%ef%bb%bfla-biennale-des-antiquaires-125-exposants-dans-un-ecrin-de-miroirs\/<\/a><\/p>\n<h3><\/h3>\n<h3><strong>Art de la Haute Joaillerie<\/strong><\/h3>\n<p><img loading=\"lazy\" decoding=\"async\" class=\"alignnone size-medium wp-image-1189\" src=\"https:\/\/finelife.tv\/fr\/wp-content\/uploads\/2017\/11\/biennale-paris-art-haute-joaillerie-finelifetv-e1511391159831-225x300.jpg\" alt=\"\" width=\"225\" height=\"300\" srcset=\"https:\/\/finelife.tv\/fr\/wp-content\/uploads\/2017\/11\/biennale-paris-art-haute-joaillerie-finelifetv-e1511391159831-225x300.jpg 225w, https:\/\/finelife.tv\/fr\/wp-content\/uploads\/2017\/11\/biennale-paris-art-haute-joaillerie-finelifetv-e1511391159831-768x1024.jpg 768w\" sizes=\"auto, (max-width: 225px) 100vw, 225px\" \/><img loading=\"lazy\" decoding=\"async\" class=\"alignnone size-medium wp-image-1188\" src=\"https:\/\/finelife.tv\/fr\/wp-content\/uploads\/2017\/11\/biennale-paris-joaillerie-art.finelifetv-e1511391099820-225x300.jpg\" alt=\"\" width=\"225\" height=\"300\" srcset=\"https:\/\/finelife.tv\/fr\/wp-content\/uploads\/2017\/11\/biennale-paris-joaillerie-art.finelifetv-e1511391099820-225x300.jpg 225w, https:\/\/finelife.tv\/fr\/wp-content\/uploads\/2017\/11\/biennale-paris-joaillerie-art.finelifetv-e1511391099820-768x1024.jpg 768w\" sizes=\"auto, (max-width: 225px) 100vw, 225px\" \/><\/p>\n<p>On remarque que le nombre de ma\u00eetres joailliers est en net recul. Dommage. L&rsquo;exposition pr\u00e9sent\u00e9e l&rsquo;ann\u00e9e derni\u00e8re sur l&rsquo;art de la haute joaillerie et de l&rsquo;horlogerie \u00e9tait somptueuse. Mais la bataille du bijou n&rsquo;est pas perdue. Les organisateurs parlent d&rsquo;un futur lieu d\u00e9di\u00e9. \u00c0 voir. En attendant, on jette un oeil sur les rescap\u00e9s.<\/p>\n<p>&nbsp;<\/p>\n<p>La 44 \u00e8me \u00e9dition regroupe une centaine de galeries m\u00ealant joaillerie, beaux-arts et antiquit\u00e9s. Un tiers des exposants sont \u00e9trangers. Pour \u00e9tendre son rayonnement \u00e0 l\u2019international, la Biennale a choisi comme pr\u00e9sident le milliardaire am\u00e9ricain Christopher Forbes.<\/p>\n<p>La sc\u00e9nographie est une adaptation v\u00e9g\u00e9talis\u00e9e de la pr\u00e9c\u00e9dente sign\u00e9e Nathalie Crini\u00e8re.<\/p>\n<h3><strong>Focus sur la collection d&rsquo;art Barbier-Mueller<\/strong><\/h3>\n<p><img loading=\"lazy\" decoding=\"async\" class=\"size-medium wp-image-1187 aligncenter\" src=\"https:\/\/finelife.tv\/fr\/wp-content\/uploads\/2017\/11\/biennale-paris-arts-antiquite\u0301s-samourai-collection-art-barbier-mueller-finelifetv-e1511391139679-225x300.jpg\" alt=\"\" width=\"225\" height=\"300\" srcset=\"https:\/\/finelife.tv\/fr\/wp-content\/uploads\/2017\/11\/biennale-paris-arts-antiquite\u0301s-samourai-collection-art-barbier-mueller-finelifetv-e1511391139679-225x300.jpg 225w, https:\/\/finelife.tv\/fr\/wp-content\/uploads\/2017\/11\/biennale-paris-arts-antiquite\u0301s-samourai-collection-art-barbier-mueller-finelifetv-e1511391139679-768x1024.jpg 768w\" sizes=\"auto, (max-width: 225px) 100vw, 225px\" \/><\/p>\n<p><img loading=\"lazy\" decoding=\"async\" class=\"size-medium wp-image-1185 aligncenter\" src=\"https:\/\/finelife.tv\/fr\/wp-content\/uploads\/2017\/11\/biennale-paris-samourai-collection-art-barbier-mueller-229x300.jpg\" alt=\"\" width=\"229\" height=\"300\" srcset=\"https:\/\/finelife.tv\/fr\/wp-content\/uploads\/2017\/11\/biennale-paris-samourai-collection-art-barbier-mueller-229x300.jpg 229w, https:\/\/finelife.tv\/fr\/wp-content\/uploads\/2017\/11\/biennale-paris-samourai-collection-art-barbier-mueller-768x1006.jpg 768w, https:\/\/finelife.tv\/fr\/wp-content\/uploads\/2017\/11\/biennale-paris-samourai-collection-art-barbier-mueller-782x1024.jpg 782w, https:\/\/finelife.tv\/fr\/wp-content\/uploads\/2017\/11\/biennale-paris-samourai-collection-art-barbier-mueller.jpg 1563w\" sizes=\"auto, (max-width: 229px) 100vw, 229px\" \/><\/p>\n<p>Mais l&rsquo;\u00e9v\u00e9nement marquant est la pr\u00e9sentation de la collection Barbier-Mueller. Enfin d&rsquo;une petite partie.<br \/>\nLa famille suisse \u00e9tablie au Texas collectionne depuis 4 g\u00e9n\u00e9rations. Soit 110 ans au total.<\/p>\n<p>Finelife Tv a rencontr\u00e9 Gabriel Barbier-Mueller.<\/p>\n<p>Le grande passion du collectionneur ce sont les samoura\u00efs. Une fascination\u00a0 qui remonte \u00e0 l&rsquo;enfance. Manque de chance la famille craque pour l&rsquo;art oc\u00e9anien, l&rsquo;art africain, pour les livres anciens et les tableaux du 17eme si\u00e8cle mais pas pour les samoura\u00efs. Gabriel Barbier-Mueller devra attendre de r\u00e9aliser une affaire immobili\u00e8re pour acqu\u00e9rir sa premi\u00e8re armure.<\/p>\n<p>Regarder s&rsquo;est bien, essayer c&rsquo;est mieux. Gabriel Barbier Muller s&rsquo;est gliss\u00e9 une ou deux fois dans une armure antique. Ce qui l&rsquo;a le plus surpris est le poids du casque, environ 6 kg.<\/p>\n<p>Au Grand Palais, les objets d&rsquo;art de la famille sont r\u00e9partis dans deux lieux. Le salon Rouge et le salon Jaune.<br \/>\nL&rsquo;objectif est de restituer l&rsquo;atmosph\u00e8re intime d&rsquo;un cabinet de collectionneur.<\/p>\n<p><img loading=\"lazy\" decoding=\"async\" class=\"size-medium wp-image-1190 aligncenter\" src=\"https:\/\/finelife.tv\/fr\/wp-content\/uploads\/2017\/11\/biennale-paris-2017-zrt-samourai-finelifetv-225x300.jpg\" alt=\"\" width=\"225\" height=\"300\" srcset=\"https:\/\/finelife.tv\/fr\/wp-content\/uploads\/2017\/11\/biennale-paris-2017-zrt-samourai-finelifetv-225x300.jpg 225w, https:\/\/finelife.tv\/fr\/wp-content\/uploads\/2017\/11\/biennale-paris-2017-zrt-samourai-finelifetv.jpg 768w\" sizes=\"auto, (max-width: 225px) 100vw, 225px\" \/><\/p>\n<p>&nbsp;<\/p>\n<p>Chaque membre de la famille a sa propre collection. Mais chacun veille sur celle des autres.<br \/>\nLa version artistique de l&rsquo;esprit de famille ou de la solidarit\u00e9 des samoura\u00efs.<\/p>\n<p>&nbsp;<\/p>\n<p><a href=\"https:\/\/www.biennale-paris.com\/\">https:\/\/www.biennale-paris.com\/<\/a><\/p>\n\n\n<p><strong>Le Parcours des Mondes : les arts premiers en plein air<\/strong> <a href=\"https:\/\/finelife.tv\/fr\/2023\/09\/06\/le-parcours-des-mondes-les-arts-premiers-en-plen-air\/\">https:\/\/finelife.tv\/fr\/2023\/09\/06\/le-parcours-des-mondes-les-arts-premiers-en-ple<\/a><\/p>\n","protected":false},"excerpt":{"rendered":"<p>&nbsp; Guerrier au coeur du Grand Palais, pouls de l&rsquo;art parisien, le samoura\u00ef pourrait \u00eatre regard\u00e9 comme l&#8217;embl\u00e8me de la Biennale des Antiquaires. Ou plut\u00f4t de la Biennale Paris. En 2017, la Foire change en effet de nom et devient annuelle.<\/p>\n","protected":false},"author":1,"featured_media":0,"comment_status":"open","ping_status":"open","sticky":false,"template":"","format":"standard","meta":{"footnotes":""},"categories":[2],"tags":[542,541,22,545,548,34,544,546,549,547,98,543],"class_list":["post-1155","post","type-post","status-publish","format-standard","hentry","category-art","tag-antics","tag-antiquites","tag-art","tag-barbier-mueller","tag-beaux-arts","tag-biennale-des-antiquaires","tag-biennale-paris","tag-collection-barbier-muller","tag-collectionneur","tag-foire-dart-paris","tag-haute-joaillerie","tag-jewellery"],"yoast_head":"<!-- This site is optimized with the Yoast SEO plugin v27.5 - https:\/\/yoast.com\/product\/yoast-seo-wordpress\/ -->\n<title>Biennale Paris : Focus sur la collection d&#039;art Barbier-Mueller - FineLife.tv<\/title>\n<meta name=\"description\" content=\"La Biennale des Antiquaires devient La Biennale Paris, D\u00e9sormais annuelle elle r\u00e9unit une centaine de galeries d&#039;art. Focus sur la collection Barbier-Muller\" \/>\n<meta name=\"robots\" content=\"index, follow, max-snippet:-1, max-image-preview:large, max-video-preview:-1\" \/>\n<link rel=\"canonical\" href=\"https:\/\/finelife.tv\/fr\/2017\/11\/22\/biennale-paris-focus-collection-barbier-mueller\/\" \/>\n<meta property=\"og:locale\" content=\"fr_FR\" \/>\n<meta property=\"og:type\" content=\"article\" \/>\n<meta property=\"og:title\" content=\"Biennale Paris : Focus sur la collection d&#039;art Barbier-Mueller - FineLife.tv\" \/>\n<meta property=\"og:description\" content=\"La Biennale des Antiquaires devient La Biennale Paris, D\u00e9sormais annuelle elle r\u00e9unit une centaine de galeries d&#039;art. Focus sur la collection Barbier-Muller\" \/>\n<meta property=\"og:url\" content=\"https:\/\/finelife.tv\/fr\/2017\/11\/22\/biennale-paris-focus-collection-barbier-mueller\/\" \/>\n<meta property=\"og:site_name\" content=\"FineLife.tv\" \/>\n<meta property=\"article:published_time\" content=\"2017-11-22T22:59:50+00:00\" \/>\n<meta property=\"article:modified_time\" content=\"2023-09-07T07:47:35+00:00\" \/>\n<meta property=\"og:image\" content=\"http:\/\/finelife.tv\/fr\/wp-content\/uploads\/2017\/11\/biennale-paris-collection-art-barbier-mueller-finelifetv-300x225.jpg\" \/>\n<meta name=\"author\" content=\"Leonore\" \/>\n<meta name=\"twitter:card\" content=\"summary_large_image\" \/>\n<meta name=\"twitter:creator\" content=\"@finelifetv\" \/>\n<meta name=\"twitter:site\" content=\"@finelifetv\" \/>\n<meta name=\"twitter:label1\" content=\"\u00c9crit par\" \/>\n\t<meta name=\"twitter:data1\" content=\"Leonore\" \/>\n\t<meta name=\"twitter:label2\" content=\"Dur\u00e9e de lecture estim\u00e9e\" \/>\n\t<meta name=\"twitter:data2\" content=\"4 minutes\" \/>\n<script type=\"application\/ld+json\" class=\"yoast-schema-graph\">{\"@context\":\"https:\\\/\\\/schema.org\",\"@graph\":[{\"@type\":\"Article\",\"@id\":\"https:\\\/\\\/finelife.tv\\\/fr\\\/2017\\\/11\\\/22\\\/biennale-paris-focus-collection-barbier-mueller\\\/#article\",\"isPartOf\":{\"@id\":\"https:\\\/\\\/finelife.tv\\\/fr\\\/2017\\\/11\\\/22\\\/biennale-paris-focus-collection-barbier-mueller\\\/\"},\"author\":{\"name\":\"Leonore\",\"@id\":\"https:\\\/\\\/finelife.tv\\\/fr\\\/#\\\/schema\\\/person\\\/e3d980b0c0b3dc5af01c3455893c8c52\"},\"headline\":\"Biennale Paris : Focus sur la collection d&rsquo;art Barbier-Mueller\",\"datePublished\":\"2017-11-22T22:59:50+00:00\",\"dateModified\":\"2023-09-07T07:47:35+00:00\",\"mainEntityOfPage\":{\"@id\":\"https:\\\/\\\/finelife.tv\\\/fr\\\/2017\\\/11\\\/22\\\/biennale-paris-focus-collection-barbier-mueller\\\/\"},\"wordCount\":503,\"commentCount\":1,\"image\":{\"@id\":\"https:\\\/\\\/finelife.tv\\\/fr\\\/2017\\\/11\\\/22\\\/biennale-paris-focus-collection-barbier-mueller\\\/#primaryimage\"},\"thumbnailUrl\":\"http:\\\/\\\/finelife.tv\\\/fr\\\/wp-content\\\/uploads\\\/2017\\\/11\\\/biennale-paris-collection-art-barbier-mueller-finelifetv-300x225.jpg\",\"keywords\":[\"antics\",\"antiquit\u00e9s\",\"art\",\"barbier-mueller\",\"beaux-arts\",\"biennale des antiquaires\",\"biennale Paris\",\"collection barbier-muller\",\"collectionneur\",\"foire d'art paris\",\"haute joaillerie\",\"jewellery\"],\"articleSection\":[\"Art\"],\"inLanguage\":\"fr-FR\",\"potentialAction\":[{\"@type\":\"CommentAction\",\"name\":\"Comment\",\"target\":[\"https:\\\/\\\/finelife.tv\\\/fr\\\/2017\\\/11\\\/22\\\/biennale-paris-focus-collection-barbier-mueller\\\/#respond\"]}]},{\"@type\":\"WebPage\",\"@id\":\"https:\\\/\\\/finelife.tv\\\/fr\\\/2017\\\/11\\\/22\\\/biennale-paris-focus-collection-barbier-mueller\\\/\",\"url\":\"https:\\\/\\\/finelife.tv\\\/fr\\\/2017\\\/11\\\/22\\\/biennale-paris-focus-collection-barbier-mueller\\\/\",\"name\":\"Biennale Paris : Focus sur la collection d'art Barbier-Mueller - FineLife.tv\",\"isPartOf\":{\"@id\":\"https:\\\/\\\/finelife.tv\\\/fr\\\/#website\"},\"primaryImageOfPage\":{\"@id\":\"https:\\\/\\\/finelife.tv\\\/fr\\\/2017\\\/11\\\/22\\\/biennale-paris-focus-collection-barbier-mueller\\\/#primaryimage\"},\"image\":{\"@id\":\"https:\\\/\\\/finelife.tv\\\/fr\\\/2017\\\/11\\\/22\\\/biennale-paris-focus-collection-barbier-mueller\\\/#primaryimage\"},\"thumbnailUrl\":\"http:\\\/\\\/finelife.tv\\\/fr\\\/wp-content\\\/uploads\\\/2017\\\/11\\\/biennale-paris-collection-art-barbier-mueller-finelifetv-300x225.jpg\",\"datePublished\":\"2017-11-22T22:59:50+00:00\",\"dateModified\":\"2023-09-07T07:47:35+00:00\",\"author\":{\"@id\":\"https:\\\/\\\/finelife.tv\\\/fr\\\/#\\\/schema\\\/person\\\/e3d980b0c0b3dc5af01c3455893c8c52\"},\"description\":\"La Biennale des Antiquaires devient La Biennale Paris, D\u00e9sormais annuelle elle r\u00e9unit une centaine de galeries d'art. Focus sur la collection Barbier-Muller\",\"breadcrumb\":{\"@id\":\"https:\\\/\\\/finelife.tv\\\/fr\\\/2017\\\/11\\\/22\\\/biennale-paris-focus-collection-barbier-mueller\\\/#breadcrumb\"},\"inLanguage\":\"fr-FR\",\"potentialAction\":[{\"@type\":\"ReadAction\",\"target\":[\"https:\\\/\\\/finelife.tv\\\/fr\\\/2017\\\/11\\\/22\\\/biennale-paris-focus-collection-barbier-mueller\\\/\"]}]},{\"@type\":\"ImageObject\",\"inLanguage\":\"fr-FR\",\"@id\":\"https:\\\/\\\/finelife.tv\\\/fr\\\/2017\\\/11\\\/22\\\/biennale-paris-focus-collection-barbier-mueller\\\/#primaryimage\",\"url\":\"http:\\\/\\\/finelife.tv\\\/fr\\\/wp-content\\\/uploads\\\/2017\\\/11\\\/biennale-paris-collection-art-barbier-mueller-finelifetv-300x225.jpg\",\"contentUrl\":\"http:\\\/\\\/finelife.tv\\\/fr\\\/wp-content\\\/uploads\\\/2017\\\/11\\\/biennale-paris-collection-art-barbier-mueller-finelifetv-300x225.jpg\"},{\"@type\":\"BreadcrumbList\",\"@id\":\"https:\\\/\\\/finelife.tv\\\/fr\\\/2017\\\/11\\\/22\\\/biennale-paris-focus-collection-barbier-mueller\\\/#breadcrumb\",\"itemListElement\":[{\"@type\":\"ListItem\",\"position\":1,\"name\":\"Accueil\",\"item\":\"https:\\\/\\\/finelife.tv\\\/fr\\\/\"},{\"@type\":\"ListItem\",\"position\":2,\"name\":\"Biennale Paris : Focus sur la collection d&#8217;art Barbier-Mueller\"}]},{\"@type\":\"WebSite\",\"@id\":\"https:\\\/\\\/finelife.tv\\\/fr\\\/#website\",\"url\":\"https:\\\/\\\/finelife.tv\\\/fr\\\/\",\"name\":\"FineLife.tv\",\"description\":\"Quand l&#039;Art de vivre croise l&#039;Art de penser\",\"potentialAction\":[{\"@type\":\"SearchAction\",\"target\":{\"@type\":\"EntryPoint\",\"urlTemplate\":\"https:\\\/\\\/finelife.tv\\\/fr\\\/?s={search_term_string}\"},\"query-input\":{\"@type\":\"PropertyValueSpecification\",\"valueRequired\":true,\"valueName\":\"search_term_string\"}}],\"inLanguage\":\"fr-FR\"},{\"@type\":\"Person\",\"@id\":\"https:\\\/\\\/finelife.tv\\\/fr\\\/#\\\/schema\\\/person\\\/e3d980b0c0b3dc5af01c3455893c8c52\",\"name\":\"Leonore\",\"image\":{\"@type\":\"ImageObject\",\"inLanguage\":\"fr-FR\",\"@id\":\"https:\\\/\\\/secure.gravatar.com\\\/avatar\\\/9a2e5073417479f910ffdeee54da5ccf4f91eab62746ce0ae0e81124a9491a79?s=96&d=mm&r=g\",\"url\":\"https:\\\/\\\/secure.gravatar.com\\\/avatar\\\/9a2e5073417479f910ffdeee54da5ccf4f91eab62746ce0ae0e81124a9491a79?s=96&d=mm&r=g\",\"contentUrl\":\"https:\\\/\\\/secure.gravatar.com\\\/avatar\\\/9a2e5073417479f910ffdeee54da5ccf4f91eab62746ce0ae0e81124a9491a79?s=96&d=mm&r=g\",\"caption\":\"Leonore\"}}]}<\/script>\n<!-- \/ Yoast SEO plugin. -->","yoast_head_json":{"title":"Biennale Paris : Focus sur la collection d'art Barbier-Mueller - FineLife.tv","description":"La Biennale des Antiquaires devient La Biennale Paris, D\u00e9sormais annuelle elle r\u00e9unit une centaine de galeries d'art. Focus sur la collection Barbier-Muller","robots":{"index":"index","follow":"follow","max-snippet":"max-snippet:-1","max-image-preview":"max-image-preview:large","max-video-preview":"max-video-preview:-1"},"canonical":"https:\/\/finelife.tv\/fr\/2017\/11\/22\/biennale-paris-focus-collection-barbier-mueller\/","og_locale":"fr_FR","og_type":"article","og_title":"Biennale Paris : Focus sur la collection d'art Barbier-Mueller - FineLife.tv","og_description":"La Biennale des Antiquaires devient La Biennale Paris, D\u00e9sormais annuelle elle r\u00e9unit une centaine de galeries d'art. Focus sur la collection Barbier-Muller","og_url":"https:\/\/finelife.tv\/fr\/2017\/11\/22\/biennale-paris-focus-collection-barbier-mueller\/","og_site_name":"FineLife.tv","article_published_time":"2017-11-22T22:59:50+00:00","article_modified_time":"2023-09-07T07:47:35+00:00","og_image":[{"url":"http:\/\/finelife.tv\/fr\/wp-content\/uploads\/2017\/11\/biennale-paris-collection-art-barbier-mueller-finelifetv-300x225.jpg","type":"","width":"","height":""}],"author":"Leonore","twitter_card":"summary_large_image","twitter_creator":"@finelifetv","twitter_site":"@finelifetv","twitter_misc":{"\u00c9crit par":"Leonore","Dur\u00e9e de lecture estim\u00e9e":"4 minutes"},"schema":{"@context":"https:\/\/schema.org","@graph":[{"@type":"Article","@id":"https:\/\/finelife.tv\/fr\/2017\/11\/22\/biennale-paris-focus-collection-barbier-mueller\/#article","isPartOf":{"@id":"https:\/\/finelife.tv\/fr\/2017\/11\/22\/biennale-paris-focus-collection-barbier-mueller\/"},"author":{"name":"Leonore","@id":"https:\/\/finelife.tv\/fr\/#\/schema\/person\/e3d980b0c0b3dc5af01c3455893c8c52"},"headline":"Biennale Paris : Focus sur la collection d&rsquo;art Barbier-Mueller","datePublished":"2017-11-22T22:59:50+00:00","dateModified":"2023-09-07T07:47:35+00:00","mainEntityOfPage":{"@id":"https:\/\/finelife.tv\/fr\/2017\/11\/22\/biennale-paris-focus-collection-barbier-mueller\/"},"wordCount":503,"commentCount":1,"image":{"@id":"https:\/\/finelife.tv\/fr\/2017\/11\/22\/biennale-paris-focus-collection-barbier-mueller\/#primaryimage"},"thumbnailUrl":"http:\/\/finelife.tv\/fr\/wp-content\/uploads\/2017\/11\/biennale-paris-collection-art-barbier-mueller-finelifetv-300x225.jpg","keywords":["antics","antiquit\u00e9s","art","barbier-mueller","beaux-arts","biennale des antiquaires","biennale Paris","collection barbier-muller","collectionneur","foire d'art paris","haute joaillerie","jewellery"],"articleSection":["Art"],"inLanguage":"fr-FR","potentialAction":[{"@type":"CommentAction","name":"Comment","target":["https:\/\/finelife.tv\/fr\/2017\/11\/22\/biennale-paris-focus-collection-barbier-mueller\/#respond"]}]},{"@type":"WebPage","@id":"https:\/\/finelife.tv\/fr\/2017\/11\/22\/biennale-paris-focus-collection-barbier-mueller\/","url":"https:\/\/finelife.tv\/fr\/2017\/11\/22\/biennale-paris-focus-collection-barbier-mueller\/","name":"Biennale Paris : Focus sur la collection d'art Barbier-Mueller - FineLife.tv","isPartOf":{"@id":"https:\/\/finelife.tv\/fr\/#website"},"primaryImageOfPage":{"@id":"https:\/\/finelife.tv\/fr\/2017\/11\/22\/biennale-paris-focus-collection-barbier-mueller\/#primaryimage"},"image":{"@id":"https:\/\/finelife.tv\/fr\/2017\/11\/22\/biennale-paris-focus-collection-barbier-mueller\/#primaryimage"},"thumbnailUrl":"http:\/\/finelife.tv\/fr\/wp-content\/uploads\/2017\/11\/biennale-paris-collection-art-barbier-mueller-finelifetv-300x225.jpg","datePublished":"2017-11-22T22:59:50+00:00","dateModified":"2023-09-07T07:47:35+00:00","author":{"@id":"https:\/\/finelife.tv\/fr\/#\/schema\/person\/e3d980b0c0b3dc5af01c3455893c8c52"},"description":"La Biennale des Antiquaires devient La Biennale Paris, D\u00e9sormais annuelle elle r\u00e9unit une centaine de galeries d'art. Focus sur la collection Barbier-Muller","breadcrumb":{"@id":"https:\/\/finelife.tv\/fr\/2017\/11\/22\/biennale-paris-focus-collection-barbier-mueller\/#breadcrumb"},"inLanguage":"fr-FR","potentialAction":[{"@type":"ReadAction","target":["https:\/\/finelife.tv\/fr\/2017\/11\/22\/biennale-paris-focus-collection-barbier-mueller\/"]}]},{"@type":"ImageObject","inLanguage":"fr-FR","@id":"https:\/\/finelife.tv\/fr\/2017\/11\/22\/biennale-paris-focus-collection-barbier-mueller\/#primaryimage","url":"http:\/\/finelife.tv\/fr\/wp-content\/uploads\/2017\/11\/biennale-paris-collection-art-barbier-mueller-finelifetv-300x225.jpg","contentUrl":"http:\/\/finelife.tv\/fr\/wp-content\/uploads\/2017\/11\/biennale-paris-collection-art-barbier-mueller-finelifetv-300x225.jpg"},{"@type":"BreadcrumbList","@id":"https:\/\/finelife.tv\/fr\/2017\/11\/22\/biennale-paris-focus-collection-barbier-mueller\/#breadcrumb","itemListElement":[{"@type":"ListItem","position":1,"name":"Accueil","item":"https:\/\/finelife.tv\/fr\/"},{"@type":"ListItem","position":2,"name":"Biennale Paris : Focus sur la collection d&#8217;art Barbier-Mueller"}]},{"@type":"WebSite","@id":"https:\/\/finelife.tv\/fr\/#website","url":"https:\/\/finelife.tv\/fr\/","name":"FineLife.tv","description":"Quand l&#039;Art de vivre croise l&#039;Art de penser","potentialAction":[{"@type":"SearchAction","target":{"@type":"EntryPoint","urlTemplate":"https:\/\/finelife.tv\/fr\/?s={search_term_string}"},"query-input":{"@type":"PropertyValueSpecification","valueRequired":true,"valueName":"search_term_string"}}],"inLanguage":"fr-FR"},{"@type":"Person","@id":"https:\/\/finelife.tv\/fr\/#\/schema\/person\/e3d980b0c0b3dc5af01c3455893c8c52","name":"Leonore","image":{"@type":"ImageObject","inLanguage":"fr-FR","@id":"https:\/\/secure.gravatar.com\/avatar\/9a2e5073417479f910ffdeee54da5ccf4f91eab62746ce0ae0e81124a9491a79?s=96&d=mm&r=g","url":"https:\/\/secure.gravatar.com\/avatar\/9a2e5073417479f910ffdeee54da5ccf4f91eab62746ce0ae0e81124a9491a79?s=96&d=mm&r=g","contentUrl":"https:\/\/secure.gravatar.com\/avatar\/9a2e5073417479f910ffdeee54da5ccf4f91eab62746ce0ae0e81124a9491a79?s=96&d=mm&r=g","caption":"Leonore"}}]}},"_links":{"self":[{"href":"https:\/\/finelife.tv\/fr\/wp-json\/wp\/v2\/posts\/1155","targetHints":{"allow":["GET"]}}],"collection":[{"href":"https:\/\/finelife.tv\/fr\/wp-json\/wp\/v2\/posts"}],"about":[{"href":"https:\/\/finelife.tv\/fr\/wp-json\/wp\/v2\/types\/post"}],"author":[{"embeddable":true,"href":"https:\/\/finelife.tv\/fr\/wp-json\/wp\/v2\/users\/1"}],"replies":[{"embeddable":true,"href":"https:\/\/finelife.tv\/fr\/wp-json\/wp\/v2\/comments?post=1155"}],"version-history":[{"count":30,"href":"https:\/\/finelife.tv\/fr\/wp-json\/wp\/v2\/posts\/1155\/revisions"}],"predecessor-version":[{"id":14676,"href":"https:\/\/finelife.tv\/fr\/wp-json\/wp\/v2\/posts\/1155\/revisions\/14676"}],"wp:attachment":[{"href":"https:\/\/finelife.tv\/fr\/wp-json\/wp\/v2\/media?parent=1155"}],"wp:term":[{"taxonomy":"category","embeddable":true,"href":"https:\/\/finelife.tv\/fr\/wp-json\/wp\/v2\/categories?post=1155"},{"taxonomy":"post_tag","embeddable":true,"href":"https:\/\/finelife.tv\/fr\/wp-json\/wp\/v2\/tags?post=1155"}],"curies":[{"name":"wp","href":"https:\/\/api.w.org\/{rel}","templated":true}]}}