{"id":11922,"date":"2022-10-15T15:22:21","date_gmt":"2022-10-15T13:22:21","guid":{"rendered":"https:\/\/finelife.tv\/fr\/?p=11922"},"modified":"2024-02-19T19:52:22","modified_gmt":"2024-02-19T18:52:22","slug":"global-award-for-sustainable-architecture-2022-les-5-laureats","status":"publish","type":"post","link":"https:\/\/finelife.tv\/fr\/2022\/10\/15\/global-award-for-sustainable-architecture-2022-les-5-laureats\/","title":{"rendered":"Global award for sustainable architecture 2022 les 5 laur\u00e9ats"},"content":{"rendered":"\n<figure class=\"wp-block-gallery aligncenter has-nested-images columns-default is-cropped wp-block-gallery-1 is-layout-flex wp-block-gallery-is-layout-flex\">\n<figure class=\"wp-block-image size-full\"><img loading=\"lazy\" decoding=\"async\" width=\"537\" height=\"537\" data-id=\"11928\" src=\"https:\/\/finelife.tv\/fr\/wp-content\/uploads\/2022\/10\/img-src-22httpsfinelife.tvimage.jpg-alt-22Global-award-for-sustainable-architecture-2022-les-5-laureats22-.jpg\" alt=\"\" class=\"wp-image-11928\" srcset=\"https:\/\/finelife.tv\/fr\/wp-content\/uploads\/2022\/10\/img-src-22httpsfinelife.tvimage.jpg-alt-22Global-award-for-sustainable-architecture-2022-les-5-laureats22-.jpg 537w, https:\/\/finelife.tv\/fr\/wp-content\/uploads\/2022\/10\/img-src-22httpsfinelife.tvimage.jpg-alt-22Global-award-for-sustainable-architecture-2022-les-5-laureats22--300x300.jpg 300w, https:\/\/finelife.tv\/fr\/wp-content\/uploads\/2022\/10\/img-src-22httpsfinelife.tvimage.jpg-alt-22Global-award-for-sustainable-architecture-2022-les-5-laureats22--150x150.jpg 150w\" sizes=\"auto, (max-width: 537px) 100vw, 537px\" \/><\/figure>\n<\/figure>\n\n\n\n<p><strong>Global award for sustainable architecture 2022 les 5 laur\u00e9ats .Depuis son lancement en 2006 la communaut\u00e9 du prix pour une architecture \u00e9cologique a distingu\u00e9 75 candidats. Elle rassemble des experts du monde entier autour de valeurs environnementales et du d\u00e9veloppement raisonn\u00e9 de l&rsquo;habitat. Th\u00e8me de l&rsquo;ann\u00e9e : Territoires : quelles menaces et quelles ressources<\/strong> ? <strong>Et en bonus une expo<\/strong> <strong>sur le travail des participants<\/strong>.<\/p>\n\n\n\n<p>Le prix cr\u00e9\u00e9, par l&rsquo;architecte et chercheur Jana Revedin en partenariat notamment avec la Cit\u00e9 de l&rsquo;Architecture &amp; du Patrimoine, a rejoint le patrimoine de l&rsquo;UNESCO en 2010. En effet le Prix international pour l&rsquo;architecture \u00e9cologique s&rsquo;attache largement aux probl\u00e9matiques du Sud. Et donc de la plan\u00e8te comme le rappelle le GIEC rapport apr\u00e8s rapport. Comment limiter les impacts de l&rsquo;habitat, construire plus beau et moins \u00e9nergivore dans le secteur social, se prot\u00e9ger des cons\u00e9quences du changement climatique &#8230;. Les architectes s&rsquo;interrogent. Dans le domaine du b\u00e2ti habit\u00e9 comme dans celui des espaces publics (administrations, mus\u00e9es &#8230;). Les r\u00e9ponses s&rsquo;av\u00e8rent parfois surprenantes. \u00ab\u00a0Je ne cherche pas de client. Ce sont les clients qui me trouvent\u00a0\u00bb affirme ainsi un architecte qui d\u00e9veloppe de tr\u00e8s esth\u00e9tiques assemblages de cabanes de t\u00f4les recycl\u00e9es. <\/p>\n\n\n\n<p>La collection se caract\u00e9rise par son interdisciplinarit\u00e9. Les laur\u00e9ats empruntent au design, \u00e0 l&rsquo;art, \u00e0 la photo, aux sciences du vivant ou encore \u00e0 la philosophie. Celle de Bruno Latour, r\u00e9cemment disparu, en particulier. Le jury a d&rsquo;ailleurs d\u00e9cern\u00e9 un prix d&rsquo;honneur \u00e0 cette figure centrale de l&rsquo;\u00e9cologie politique.<\/p>\n\n\n\n<h2 class=\"wp-block-heading\"> Les laur\u00e9ats 2022 du Global award for sustainable architecture &#8211; prix international pour une architecture \u00e9cologique <\/h2>\n\n\n\n<p>Le prix compense chaque ann\u00e9e 5 talents. <\/p>\n\n\n\n<p>Les laur\u00e9ats 2022 devaient plancher sur le th\u00e8me <strong>Territoires : quelles menaces et quelles ressources<\/strong> ? L&rsquo;opportunit\u00e9 de brouiller encore un peu plus les fronti\u00e8res. Gilles Cl\u00e9ment, pape du paysage, se trouve ainsi award\u00e9. Mais avant tout, la r\u00e9flexion sur le territoire r\u00e9it\u00e8re l&rsquo;obligation de construire sans d\u00e9truire, d&rsquo;utiliser des mat\u00e9riaux recycl\u00e9s et naturels (bois, chaume, ardoise, terre &#8230;)<\/p>\n\n\n\n<p><strong>DORTE LANDRUP le Nord extr\u00eame et sublime<\/strong> <\/p>\n\n\n\n<div class=\"wp-block-columns is-layout-flex wp-container-core-columns-is-layout-9d6595d7 wp-block-columns-is-layout-flex\">\n<div class=\"wp-block-column is-layout-flow wp-block-column-is-layout-flow\" style=\"flex-basis:100%\">\n<div class=\"wp-block-columns are-vertically-aligned-center is-layout-flex wp-container-core-columns-is-layout-9d6595d7 wp-block-columns-is-layout-flex\">\n<div class=\"wp-block-column is-vertically-aligned-center is-layout-flow wp-block-column-is-layout-flow\" style=\"flex-basis:100%\"><div class=\"wp-block-image\">\n<figure class=\"aligncenter size-large is-resized\"><img loading=\"lazy\" decoding=\"async\" width=\"1024\" height=\"815\" src=\"https:\/\/finelife.tv\/fr\/wp-content\/uploads\/2022\/10\/img-src-22httpsfinelife.tvimage.jpg-alt-22Global_award-for-sustainable-architecture-2022-les-5-laureats-Dorte-Mandrup-the-Whale22-1024x815.jpg\" alt=\"\" class=\"wp-image-11935\" style=\"width:917px;height:729px\" srcset=\"https:\/\/finelife.tv\/fr\/wp-content\/uploads\/2022\/10\/img-src-22httpsfinelife.tvimage.jpg-alt-22Global_award-for-sustainable-architecture-2022-les-5-laureats-Dorte-Mandrup-the-Whale22-1024x815.jpg 1024w, https:\/\/finelife.tv\/fr\/wp-content\/uploads\/2022\/10\/img-src-22httpsfinelife.tvimage.jpg-alt-22Global_award-for-sustainable-architecture-2022-les-5-laureats-Dorte-Mandrup-the-Whale22-300x239.jpg 300w, https:\/\/finelife.tv\/fr\/wp-content\/uploads\/2022\/10\/img-src-22httpsfinelife.tvimage.jpg-alt-22Global_award-for-sustainable-architecture-2022-les-5-laureats-Dorte-Mandrup-the-Whale22-768x611.jpg 768w, https:\/\/finelife.tv\/fr\/wp-content\/uploads\/2022\/10\/img-src-22httpsfinelife.tvimage.jpg-alt-22Global_award-for-sustainable-architecture-2022-les-5-laureats-Dorte-Mandrup-the-Whale22-1536x1222.jpg 1536w, https:\/\/finelife.tv\/fr\/wp-content\/uploads\/2022\/10\/img-src-22httpsfinelife.tvimage.jpg-alt-22Global_award-for-sustainable-architecture-2022-les-5-laureats-Dorte-Mandrup-the-Whale22-2048x1630.jpg 2048w\" sizes=\"auto, (max-width: 1024px) 100vw, 1024px\" \/><figcaption class=\"wp-element-caption\">The Whale centre de recherche sur les c\u00e9tac\u00e9es -\u00cele Andr\u00f8ya \u00e0 300 km du cercle arctique &#8211; photo Dorte Mandrup A\/S<\/figcaption><\/figure>\n<\/div><\/div>\n<\/div>\n\n\n\n<p>L&rsquo;architecte danoise Dorte Mandrup est connue autant pour la beaut\u00e9 de ses r\u00e9alisations dans des territoires extr\u00eames que pour sa vision sur le caract\u00e8re \u00ab\u00a0Irrempla\u00e7able\u00a0\u00bb de la Nature. Son oeuvre ind\u00e9niablement tourn\u00e9e vers les mat\u00e9riaux naturels comme la chaume ou le bois est \u00e9galement \u00e0 la pointe des technologies.<\/p>\n<\/div>\n<\/div>\n\n\n\n<p><strong>ANUPAMA KUNDOO  les communaut\u00e9s au centre des territoires de l&rsquo;architecture<\/strong><\/p>\n\n\n\n<figure class=\"wp-block-image size-large\"><img loading=\"lazy\" decoding=\"async\" width=\"1024\" height=\"1001\" src=\"https:\/\/finelife.tv\/fr\/wp-content\/uploads\/2022\/10\/img-src-22httpsfinelife.tvimage.jpg-alt-22Global_award-for-sustainable-architecture-2022-maison-anupama-kundoo22-1024x1001.jpg\" alt=\"\" class=\"wp-image-11949\" srcset=\"https:\/\/finelife.tv\/fr\/wp-content\/uploads\/2022\/10\/img-src-22httpsfinelife.tvimage.jpg-alt-22Global_award-for-sustainable-architecture-2022-maison-anupama-kundoo22-1024x1001.jpg 1024w, https:\/\/finelife.tv\/fr\/wp-content\/uploads\/2022\/10\/img-src-22httpsfinelife.tvimage.jpg-alt-22Global_award-for-sustainable-architecture-2022-maison-anupama-kundoo22-300x293.jpg 300w, https:\/\/finelife.tv\/fr\/wp-content\/uploads\/2022\/10\/img-src-22httpsfinelife.tvimage.jpg-alt-22Global_award-for-sustainable-architecture-2022-maison-anupama-kundoo22-768x750.jpg 768w, https:\/\/finelife.tv\/fr\/wp-content\/uploads\/2022\/10\/img-src-22httpsfinelife.tvimage.jpg-alt-22Global_award-for-sustainable-architecture-2022-maison-anupama-kundoo22-1536x1501.jpg 1536w, https:\/\/finelife.tv\/fr\/wp-content\/uploads\/2022\/10\/img-src-22httpsfinelife.tvimage.jpg-alt-22Global_award-for-sustainable-architecture-2022-maison-anupama-kundoo22-2048x2001.jpg 2048w\" sizes=\"auto, (max-width: 1024px) 100vw, 1024px\" \/><figcaption class=\"wp-element-caption\">Anupama Kundoo Wall House Auroville Inde<\/figcaption><\/figure>\n\n\n\n<p>Indienne r\u00e9sidente \u00e0 Berlin, l&rsquo;architecte Anupama Kundoo est urbaniste en chef d&rsquo;Auroville la ville de toutes les exp\u00e9rimentations, architecturales comme spirituelles. Adepte du righ tech elle collabore avec les entreprises locales afin d&rsquo;assurer le micro-d\u00e9veloppement. En effet son motto est l&rsquo;acc\u00e8s de toutes les communaut\u00e9s \u00e0 l&rsquo;innovation. En bref, l&rsquo;\u00e9cologie doit \u00eatre autant une question de d\u00e9veloppement que de durabilit\u00e9. <\/p>\n\n\n\n<p><strong>MARTIN RAUCH artisan de la terre<\/strong><\/p>\n\n\n\n<figure class=\"wp-block-image size-full\"><img loading=\"lazy\" decoding=\"async\" width=\"850\" height=\"567\" src=\"https:\/\/finelife.tv\/fr\/wp-content\/uploads\/2022\/10\/img-src-22httpsfinelife.tvimage.jpg-alt-22Global_award-for-sustainable-architecture-2022-martin-Rauch-maison-Schlins22.jpg\" alt=\"\" class=\"wp-image-11953\" srcset=\"https:\/\/finelife.tv\/fr\/wp-content\/uploads\/2022\/10\/img-src-22httpsfinelife.tvimage.jpg-alt-22Global_award-for-sustainable-architecture-2022-martin-Rauch-maison-Schlins22.jpg 850w, https:\/\/finelife.tv\/fr\/wp-content\/uploads\/2022\/10\/img-src-22httpsfinelife.tvimage.jpg-alt-22Global_award-for-sustainable-architecture-2022-martin-Rauch-maison-Schlins22-300x200.jpg 300w, https:\/\/finelife.tv\/fr\/wp-content\/uploads\/2022\/10\/img-src-22httpsfinelife.tvimage.jpg-alt-22Global_award-for-sustainable-architecture-2022-martin-Rauch-maison-Schlins22-768x512.jpg 768w\" sizes=\"auto, (max-width: 850px) 100vw, 850px\" \/><figcaption class=\"wp-element-caption\">Martin Rauch Maison Rach \u00e0 Schlins Autriche<\/figcaption><\/figure>\n\n\n\n<p>Artisan d&rsquo;art de formation l&rsquo;Autrichien Martin Rauch est architecte autodidacte. Son mat\u00e9riau de pr\u00e9dilection : la terre qu&rsquo;il d\u00e9couvre avec les huttes d&rsquo;argile lors d&rsquo;un volontariat en Afrique. ind\u00e9niablement il en a fait un mat\u00e9riau contemporain. \u00c0 travers ses exp\u00e9rimentations et les machines qu&rsquo;il a invent\u00e9. Pour pr\u00e9fabriquer les murs comme pour lancer des m\u00e9ga constructions.<\/p>\n\n\n\n<p><strong>GILLES CL\u00c9MENT le territoire comme paysage<\/strong><\/p>\n\n\n\n<figure class=\"wp-block-image size-large\"><img loading=\"lazy\" decoding=\"async\" width=\"1024\" height=\"776\" src=\"https:\/\/finelife.tv\/fr\/wp-content\/uploads\/2022\/10\/img-src-22httpsfinelife.tvimage.jpg-alt-22Global_award-for-sustainable-architecture-2022-gilles-clement-jardin-du-tiers-paysage22-1024x776.jpg\" alt=\"\" class=\"wp-image-11956\" srcset=\"https:\/\/finelife.tv\/fr\/wp-content\/uploads\/2022\/10\/img-src-22httpsfinelife.tvimage.jpg-alt-22Global_award-for-sustainable-architecture-2022-gilles-clement-jardin-du-tiers-paysage22-1024x776.jpg 1024w, https:\/\/finelife.tv\/fr\/wp-content\/uploads\/2022\/10\/img-src-22httpsfinelife.tvimage.jpg-alt-22Global_award-for-sustainable-architecture-2022-gilles-clement-jardin-du-tiers-paysage22-300x227.jpg 300w, https:\/\/finelife.tv\/fr\/wp-content\/uploads\/2022\/10\/img-src-22httpsfinelife.tvimage.jpg-alt-22Global_award-for-sustainable-architecture-2022-gilles-clement-jardin-du-tiers-paysage22-768x582.jpg 768w, https:\/\/finelife.tv\/fr\/wp-content\/uploads\/2022\/10\/img-src-22httpsfinelife.tvimage.jpg-alt-22Global_award-for-sustainable-architecture-2022-gilles-clement-jardin-du-tiers-paysage22-1536x1163.jpg 1536w, https:\/\/finelife.tv\/fr\/wp-content\/uploads\/2022\/10\/img-src-22httpsfinelife.tvimage.jpg-alt-22Global_award-for-sustainable-architecture-2022-gilles-clement-jardin-du-tiers-paysage22.jpg 1859w\" sizes=\"auto, (max-width: 1024px) 100vw, 1024px\" \/><figcaption class=\"wp-element-caption\">Gilles Cl\u00e9ment Jardins du Tiers paysage<\/figcaption><\/figure>\n\n\n\n<p>D&#8217;embl\u00e9e le nom de Gilles Cl\u00e9ment \u00e9voque le paysage. Notamment urbain. Car cet ing\u00e9nieur horticole et botaniste travaille sur la ville qu&rsquo;il entend r\u00e9parer. De mani\u00e8re \u00e9cologique autant que sociale. Mais l&rsquo;auteur du Jardin plan\u00e9taire intervient aussi et surtout sur les grands sites naturels et historiques. Dans les deux cas son cr\u00e9do est de donner un champ libre aux esp\u00e8ces plut\u00f4t que les asservir.  <\/p>\n\n\n\n<p><strong>YALIN ARCHITECTURAL DESIGN \u00e9thique du territoire<\/strong><\/p>\n\n\n\n<figure class=\"wp-block-image size-large\"><img loading=\"lazy\" decoding=\"async\" width=\"1024\" height=\"841\" src=\"https:\/\/finelife.tv\/fr\/wp-content\/uploads\/2022\/10\/img-src-22httpsfinelife.tvimage.jpg-alt-22Global_award-for-sustainable-architecture-2022-yalin-architectural-design-chantier-du-musee-regional-cappadoce22-1024x841.jpg\" alt=\"\" class=\"wp-image-11960\" srcset=\"https:\/\/finelife.tv\/fr\/wp-content\/uploads\/2022\/10\/img-src-22httpsfinelife.tvimage.jpg-alt-22Global_award-for-sustainable-architecture-2022-yalin-architectural-design-chantier-du-musee-regional-cappadoce22-1024x841.jpg 1024w, https:\/\/finelife.tv\/fr\/wp-content\/uploads\/2022\/10\/img-src-22httpsfinelife.tvimage.jpg-alt-22Global_award-for-sustainable-architecture-2022-yalin-architectural-design-chantier-du-musee-regional-cappadoce22-300x246.jpg 300w, https:\/\/finelife.tv\/fr\/wp-content\/uploads\/2022\/10\/img-src-22httpsfinelife.tvimage.jpg-alt-22Global_award-for-sustainable-architecture-2022-yalin-architectural-design-chantier-du-musee-regional-cappadoce22-768x631.jpg 768w, https:\/\/finelife.tv\/fr\/wp-content\/uploads\/2022\/10\/img-src-22httpsfinelife.tvimage.jpg-alt-22Global_award-for-sustainable-architecture-2022-yalin-architectural-design-chantier-du-musee-regional-cappadoce22-1536x1261.jpg 1536w, https:\/\/finelife.tv\/fr\/wp-content\/uploads\/2022\/10\/img-src-22httpsfinelife.tvimage.jpg-alt-22Global_award-for-sustainable-architecture-2022-yalin-architectural-design-chantier-du-musee-regional-cappadoce22-2048x1682.jpg 2048w\" sizes=\"auto, (max-width: 1024px) 100vw, 1024px\" \/><figcaption class=\"wp-element-caption\">Chantier du mus\u00e9e r\u00e9gional de Cappadoce<\/figcaption><\/figure>\n\n\n\n<p>L&rsquo;architecte turc \u00d6mer Sel\u00e7uk Baz combat les \u00ab\u00a0crimes urbains\u00a0\u00bb. En bref le chaos des p\u00e9riph\u00e9ries et l&rsquo;architecture de vitrines\u00a0\u00bb qui remplace la ville ancienne. En Turquie. Mais cette lutte pourrait aussi s&rsquo;appliquer en France. Son agence entend combiner \u00e9thique et esth\u00e9tique \u00e0 travers une d\u00e9marche de sobri\u00e9t\u00e9. L&rsquo;\u00e9quipe visite ainsi carri\u00e8res et briqueteries locales tout en valorisant le bien faire.<\/p>\n\n\n\n<p><strong>Photo principale<\/strong> \u00a9 Adam M\u00f8rk Le centre Dorte Mandrup &#8211; ilulissat icefjord<\/p>\n\n\n\n<h2 class=\"wp-block-heading has-text-align-center has-light-green-cyan-background-color has-background\">                                                   INFOS<\/h2>\n\n\n\n<p><strong>Les 15 ans du Global award for sustainable architecture<\/strong><\/p>\n\n\n\n<p>Cit\u00e9 de l&rsquo;architecture et du patrimoine &#8211; Galerie d&rsquo;architecture moderne et contemporaine<\/p>\n\n\n\n<p>1 Pl. du Trocad\u00e9ro et du 11 Novembre, 75116 Paris <\/p>\n\n\n\n<p>Du vendredi14 octobre 2022 au lundi 30 janvier 2023<\/p>\n\n\n\n<p><a href=\"https:\/\/www.citedelarchitecture.fr\/fr\/agenda\/exposition\/global-award-sustainable-architecture-2022\">https:\/\/www.citedelarchitecture.fr\/fr\/agenda\/exposition\/global-award-sustainable-architecture-2022<\/a><\/p>\n\n\n\n<p><a href=\"https:\/\/www.citedelarchitecture.fr\/fr\/article\/global-award-sustainable-architecture\">https:\/\/www.citedelarchitecture.fr\/fr\/article\/global-award-sustainable-architecture<\/a><\/p>\n\n\n\n<p><\/p>\n\n\n\n<p>Ouverture de&nbsp;<strong>11h \u00e0 19h<\/strong>&nbsp;tous les jours (sauf le mardi) ; nocturne jeudi jusqu&rsquo;\u00e0&nbsp;<strong>21h<\/strong><\/p>\n\n\n\n<p>Billets \u00e0 partir de 9 Euros<\/p>\n\n\n\n<h2 class=\"wp-block-heading\">Related articles  <strong>Global award for sustainable architecture 2022 les 5 laur\u00e9ats<\/strong><\/h2>\n\n\n\n<p><strong><a href=\"https:\/\/finelife.tv\/fr\/2022\/07\/10\/chaumont-sur-loire-fete-ses-30-ans-et-le-jardin-ideal\/\">Chaumont sur Loire f\u00eate ses 30 ans et le jardin id\u00e9al<\/a><\/strong> <\/p>\n\n\n\n<p><strong><a href=\"https:\/\/finelife.tv\/fr\/2022\/05\/12\/le-palais-de-tokyo-reclame-la-terr\">Le Palais de Tokyo r\u00e9clame la terre<\/a><\/strong> <\/p>\n\n\n\n<p><strong><a href=\"https:\/\/finelife.tv\/fr\/2023\/08\/11\/art-le-musee-pompidou-picasso-ouvrira-en-2026\/\">Art : le mus\u00e9e Pompidou Picasso ouvrira en 2026<\/a><\/strong> <\/p>\n\n\n\n<p><strong><a href=\"https:\/\/finelife.tv\/fr\/2023\/12\/08\/precieux-dechets-pour-la-mode-et-le-design\/\">Pr\u00e9cieux d\u00e9chets pour la mode et le design<\/a><\/strong><\/p>\n\n\n\n<p><strong><a href=\"https:\/\/finelife.tv\/fr\/2024\/02\/19\/expo-trace-bleu-architecture-verte-au-104paris\/\">Expo Trac\u00e9 bleu architecture verte au 104Paris<\/a><\/strong><\/p>\n","protected":false},"excerpt":{"rendered":"<p>Global award for sustainable architecture 2022 les 5 laur\u00e9ats engag\u00e9s dans le d\u00e9veloppement durable et l&rsquo;habitat raisonn\u00e9<\/p>\n","protected":false},"author":1,"featured_media":0,"comment_status":"open","ping_status":"open","sticky":false,"template":"","format":"standard","meta":{"footnotes":""},"categories":[4],"tags":[3602,21,22,3189,290,3600,154,3571,3601,261],"class_list":["post-11922","post","type-post","status-publish","format-standard","hentry","category-blog","tag-architectes","tag-architecture","tag-art","tag-developpement-durable","tag-ecologie","tag-global-award-for-sustainable-architecture","tag-nature","tag-paysage","tag-prix-international-de-larchitecture-ecologique","tag-ville-verte"],"yoast_head":"<!-- This site is optimized with the Yoast SEO plugin v27.5 - https:\/\/yoast.com\/product\/yoast-seo-wordpress\/ -->\n<title>Global award for sustainable architecture 2022 les 5 laur\u00e9ats - FineLife.tv<\/title>\n<meta name=\"description\" content=\"Global award for sustainable architecture 2022 les 5 laur\u00e9ats engag\u00e9s dans le d\u00e9veloppement durable et l&#039;habitat raisonn\u00e9\" \/>\n<meta name=\"robots\" content=\"index, follow, max-snippet:-1, max-image-preview:large, max-video-preview:-1\" \/>\n<link rel=\"canonical\" href=\"https:\/\/finelife.tv\/fr\/2022\/10\/15\/global-award-for-sustainable-architecture-2022-les-5-laureats\/\" \/>\n<meta property=\"og:locale\" content=\"fr_FR\" \/>\n<meta property=\"og:type\" content=\"article\" \/>\n<meta property=\"og:title\" content=\"Global award for sustainable architecture 2022 les 5 laur\u00e9ats - FineLife.tv\" \/>\n<meta property=\"og:description\" content=\"Global award for sustainable architecture 2022 les 5 laur\u00e9ats engag\u00e9s dans le d\u00e9veloppement durable et l&#039;habitat raisonn\u00e9\" \/>\n<meta property=\"og:url\" content=\"https:\/\/finelife.tv\/fr\/2022\/10\/15\/global-award-for-sustainable-architecture-2022-les-5-laureats\/\" \/>\n<meta property=\"og:site_name\" content=\"FineLife.tv\" \/>\n<meta property=\"article:published_time\" content=\"2022-10-15T13:22:21+00:00\" \/>\n<meta property=\"article:modified_time\" content=\"2024-02-19T18:52:22+00:00\" \/>\n<meta property=\"og:image\" content=\"https:\/\/finelife.tv\/fr\/wp-content\/uploads\/2022\/10\/img-src-22httpsfinelife.tvimage.jpg-alt-22Global-award-for-sustainable-architecture-2022-les-5-laureats22-.jpg\" \/>\n<meta name=\"author\" content=\"Leonore\" \/>\n<meta name=\"twitter:card\" content=\"summary_large_image\" \/>\n<meta name=\"twitter:creator\" content=\"@finelifetv\" \/>\n<meta name=\"twitter:site\" content=\"@finelifetv\" \/>\n<meta name=\"twitter:label1\" content=\"\u00c9crit par\" \/>\n\t<meta name=\"twitter:data1\" content=\"Leonore\" \/>\n\t<meta name=\"twitter:label2\" content=\"Dur\u00e9e de lecture estim\u00e9e\" \/>\n\t<meta name=\"twitter:data2\" content=\"6 minutes\" \/>\n<script type=\"application\/ld+json\" class=\"yoast-schema-graph\">{\"@context\":\"https:\\\/\\\/schema.org\",\"@graph\":[{\"@type\":\"Article\",\"@id\":\"https:\\\/\\\/finelife.tv\\\/fr\\\/2022\\\/10\\\/15\\\/global-award-for-sustainable-architecture-2022-les-5-laureats\\\/#article\",\"isPartOf\":{\"@id\":\"https:\\\/\\\/finelife.tv\\\/fr\\\/2022\\\/10\\\/15\\\/global-award-for-sustainable-architecture-2022-les-5-laureats\\\/\"},\"author\":{\"name\":\"Leonore\",\"@id\":\"https:\\\/\\\/finelife.tv\\\/fr\\\/#\\\/schema\\\/person\\\/e3d980b0c0b3dc5af01c3455893c8c52\"},\"headline\":\"Global award for sustainable architecture 2022 les 5 laur\u00e9ats\",\"datePublished\":\"2022-10-15T13:22:21+00:00\",\"dateModified\":\"2024-02-19T18:52:22+00:00\",\"mainEntityOfPage\":{\"@id\":\"https:\\\/\\\/finelife.tv\\\/fr\\\/2022\\\/10\\\/15\\\/global-award-for-sustainable-architecture-2022-les-5-laureats\\\/\"},\"wordCount\":935,\"commentCount\":6,\"image\":{\"@id\":\"https:\\\/\\\/finelife.tv\\\/fr\\\/2022\\\/10\\\/15\\\/global-award-for-sustainable-architecture-2022-les-5-laureats\\\/#primaryimage\"},\"thumbnailUrl\":\"https:\\\/\\\/finelife.tv\\\/fr\\\/wp-content\\\/uploads\\\/2022\\\/10\\\/img-src-22httpsfinelife.tvimage.jpg-alt-22Global-award-for-sustainable-architecture-2022-les-5-laureats22-.jpg\",\"keywords\":[\"architectes\",\"architecture\",\"art\",\"developpement durable\",\"ecologie\",\"global award for sustainable architecture\",\"nature\",\"Paysage\",\"prix international de l&#039;architecture ecologique\",\"ville verte\"],\"articleSection\":[\"Blog\"],\"inLanguage\":\"fr-FR\",\"potentialAction\":[{\"@type\":\"CommentAction\",\"name\":\"Comment\",\"target\":[\"https:\\\/\\\/finelife.tv\\\/fr\\\/2022\\\/10\\\/15\\\/global-award-for-sustainable-architecture-2022-les-5-laureats\\\/#respond\"]}]},{\"@type\":\"WebPage\",\"@id\":\"https:\\\/\\\/finelife.tv\\\/fr\\\/2022\\\/10\\\/15\\\/global-award-for-sustainable-architecture-2022-les-5-laureats\\\/\",\"url\":\"https:\\\/\\\/finelife.tv\\\/fr\\\/2022\\\/10\\\/15\\\/global-award-for-sustainable-architecture-2022-les-5-laureats\\\/\",\"name\":\"Global award for sustainable architecture 2022 les 5 laur\u00e9ats - FineLife.tv\",\"isPartOf\":{\"@id\":\"https:\\\/\\\/finelife.tv\\\/fr\\\/#website\"},\"primaryImageOfPage\":{\"@id\":\"https:\\\/\\\/finelife.tv\\\/fr\\\/2022\\\/10\\\/15\\\/global-award-for-sustainable-architecture-2022-les-5-laureats\\\/#primaryimage\"},\"image\":{\"@id\":\"https:\\\/\\\/finelife.tv\\\/fr\\\/2022\\\/10\\\/15\\\/global-award-for-sustainable-architecture-2022-les-5-laureats\\\/#primaryimage\"},\"thumbnailUrl\":\"https:\\\/\\\/finelife.tv\\\/fr\\\/wp-content\\\/uploads\\\/2022\\\/10\\\/img-src-22httpsfinelife.tvimage.jpg-alt-22Global-award-for-sustainable-architecture-2022-les-5-laureats22-.jpg\",\"datePublished\":\"2022-10-15T13:22:21+00:00\",\"dateModified\":\"2024-02-19T18:52:22+00:00\",\"author\":{\"@id\":\"https:\\\/\\\/finelife.tv\\\/fr\\\/#\\\/schema\\\/person\\\/e3d980b0c0b3dc5af01c3455893c8c52\"},\"description\":\"Global award for sustainable architecture 2022 les 5 laur\u00e9ats engag\u00e9s dans le d\u00e9veloppement durable et l'habitat raisonn\u00e9\",\"breadcrumb\":{\"@id\":\"https:\\\/\\\/finelife.tv\\\/fr\\\/2022\\\/10\\\/15\\\/global-award-for-sustainable-architecture-2022-les-5-laureats\\\/#breadcrumb\"},\"inLanguage\":\"fr-FR\",\"potentialAction\":[{\"@type\":\"ReadAction\",\"target\":[\"https:\\\/\\\/finelife.tv\\\/fr\\\/2022\\\/10\\\/15\\\/global-award-for-sustainable-architecture-2022-les-5-laureats\\\/\"]}]},{\"@type\":\"ImageObject\",\"inLanguage\":\"fr-FR\",\"@id\":\"https:\\\/\\\/finelife.tv\\\/fr\\\/2022\\\/10\\\/15\\\/global-award-for-sustainable-architecture-2022-les-5-laureats\\\/#primaryimage\",\"url\":\"https:\\\/\\\/finelife.tv\\\/fr\\\/wp-content\\\/uploads\\\/2022\\\/10\\\/img-src-22httpsfinelife.tvimage.jpg-alt-22Global-award-for-sustainable-architecture-2022-les-5-laureats22-.jpg\",\"contentUrl\":\"https:\\\/\\\/finelife.tv\\\/fr\\\/wp-content\\\/uploads\\\/2022\\\/10\\\/img-src-22httpsfinelife.tvimage.jpg-alt-22Global-award-for-sustainable-architecture-2022-les-5-laureats22-.jpg\",\"width\":537,\"height\":537},{\"@type\":\"BreadcrumbList\",\"@id\":\"https:\\\/\\\/finelife.tv\\\/fr\\\/2022\\\/10\\\/15\\\/global-award-for-sustainable-architecture-2022-les-5-laureats\\\/#breadcrumb\",\"itemListElement\":[{\"@type\":\"ListItem\",\"position\":1,\"name\":\"Accueil\",\"item\":\"https:\\\/\\\/finelife.tv\\\/fr\\\/\"},{\"@type\":\"ListItem\",\"position\":2,\"name\":\"Global award for sustainable architecture 2022 les 5 laur\u00e9ats\"}]},{\"@type\":\"WebSite\",\"@id\":\"https:\\\/\\\/finelife.tv\\\/fr\\\/#website\",\"url\":\"https:\\\/\\\/finelife.tv\\\/fr\\\/\",\"name\":\"FineLife.tv\",\"description\":\"Quand l&#039;Art de vivre croise l&#039;Art de penser\",\"potentialAction\":[{\"@type\":\"SearchAction\",\"target\":{\"@type\":\"EntryPoint\",\"urlTemplate\":\"https:\\\/\\\/finelife.tv\\\/fr\\\/?s={search_term_string}\"},\"query-input\":{\"@type\":\"PropertyValueSpecification\",\"valueRequired\":true,\"valueName\":\"search_term_string\"}}],\"inLanguage\":\"fr-FR\"},{\"@type\":\"Person\",\"@id\":\"https:\\\/\\\/finelife.tv\\\/fr\\\/#\\\/schema\\\/person\\\/e3d980b0c0b3dc5af01c3455893c8c52\",\"name\":\"Leonore\",\"image\":{\"@type\":\"ImageObject\",\"inLanguage\":\"fr-FR\",\"@id\":\"https:\\\/\\\/secure.gravatar.com\\\/avatar\\\/9a2e5073417479f910ffdeee54da5ccf4f91eab62746ce0ae0e81124a9491a79?s=96&d=mm&r=g\",\"url\":\"https:\\\/\\\/secure.gravatar.com\\\/avatar\\\/9a2e5073417479f910ffdeee54da5ccf4f91eab62746ce0ae0e81124a9491a79?s=96&d=mm&r=g\",\"contentUrl\":\"https:\\\/\\\/secure.gravatar.com\\\/avatar\\\/9a2e5073417479f910ffdeee54da5ccf4f91eab62746ce0ae0e81124a9491a79?s=96&d=mm&r=g\",\"caption\":\"Leonore\"}}]}<\/script>\n<!-- \/ Yoast SEO plugin. -->","yoast_head_json":{"title":"Global award for sustainable architecture 2022 les 5 laur\u00e9ats - FineLife.tv","description":"Global award for sustainable architecture 2022 les 5 laur\u00e9ats engag\u00e9s dans le d\u00e9veloppement durable et l'habitat raisonn\u00e9","robots":{"index":"index","follow":"follow","max-snippet":"max-snippet:-1","max-image-preview":"max-image-preview:large","max-video-preview":"max-video-preview:-1"},"canonical":"https:\/\/finelife.tv\/fr\/2022\/10\/15\/global-award-for-sustainable-architecture-2022-les-5-laureats\/","og_locale":"fr_FR","og_type":"article","og_title":"Global award for sustainable architecture 2022 les 5 laur\u00e9ats - FineLife.tv","og_description":"Global award for sustainable architecture 2022 les 5 laur\u00e9ats engag\u00e9s dans le d\u00e9veloppement durable et l'habitat raisonn\u00e9","og_url":"https:\/\/finelife.tv\/fr\/2022\/10\/15\/global-award-for-sustainable-architecture-2022-les-5-laureats\/","og_site_name":"FineLife.tv","article_published_time":"2022-10-15T13:22:21+00:00","article_modified_time":"2024-02-19T18:52:22+00:00","og_image":[{"url":"https:\/\/finelife.tv\/fr\/wp-content\/uploads\/2022\/10\/img-src-22httpsfinelife.tvimage.jpg-alt-22Global-award-for-sustainable-architecture-2022-les-5-laureats22-.jpg","type":"","width":"","height":""}],"author":"Leonore","twitter_card":"summary_large_image","twitter_creator":"@finelifetv","twitter_site":"@finelifetv","twitter_misc":{"\u00c9crit par":"Leonore","Dur\u00e9e de lecture estim\u00e9e":"6 minutes"},"schema":{"@context":"https:\/\/schema.org","@graph":[{"@type":"Article","@id":"https:\/\/finelife.tv\/fr\/2022\/10\/15\/global-award-for-sustainable-architecture-2022-les-5-laureats\/#article","isPartOf":{"@id":"https:\/\/finelife.tv\/fr\/2022\/10\/15\/global-award-for-sustainable-architecture-2022-les-5-laureats\/"},"author":{"name":"Leonore","@id":"https:\/\/finelife.tv\/fr\/#\/schema\/person\/e3d980b0c0b3dc5af01c3455893c8c52"},"headline":"Global award for sustainable architecture 2022 les 5 laur\u00e9ats","datePublished":"2022-10-15T13:22:21+00:00","dateModified":"2024-02-19T18:52:22+00:00","mainEntityOfPage":{"@id":"https:\/\/finelife.tv\/fr\/2022\/10\/15\/global-award-for-sustainable-architecture-2022-les-5-laureats\/"},"wordCount":935,"commentCount":6,"image":{"@id":"https:\/\/finelife.tv\/fr\/2022\/10\/15\/global-award-for-sustainable-architecture-2022-les-5-laureats\/#primaryimage"},"thumbnailUrl":"https:\/\/finelife.tv\/fr\/wp-content\/uploads\/2022\/10\/img-src-22httpsfinelife.tvimage.jpg-alt-22Global-award-for-sustainable-architecture-2022-les-5-laureats22-.jpg","keywords":["architectes","architecture","art","developpement durable","ecologie","global award for sustainable architecture","nature","Paysage","prix international de l&#039;architecture ecologique","ville verte"],"articleSection":["Blog"],"inLanguage":"fr-FR","potentialAction":[{"@type":"CommentAction","name":"Comment","target":["https:\/\/finelife.tv\/fr\/2022\/10\/15\/global-award-for-sustainable-architecture-2022-les-5-laureats\/#respond"]}]},{"@type":"WebPage","@id":"https:\/\/finelife.tv\/fr\/2022\/10\/15\/global-award-for-sustainable-architecture-2022-les-5-laureats\/","url":"https:\/\/finelife.tv\/fr\/2022\/10\/15\/global-award-for-sustainable-architecture-2022-les-5-laureats\/","name":"Global award for sustainable architecture 2022 les 5 laur\u00e9ats - FineLife.tv","isPartOf":{"@id":"https:\/\/finelife.tv\/fr\/#website"},"primaryImageOfPage":{"@id":"https:\/\/finelife.tv\/fr\/2022\/10\/15\/global-award-for-sustainable-architecture-2022-les-5-laureats\/#primaryimage"},"image":{"@id":"https:\/\/finelife.tv\/fr\/2022\/10\/15\/global-award-for-sustainable-architecture-2022-les-5-laureats\/#primaryimage"},"thumbnailUrl":"https:\/\/finelife.tv\/fr\/wp-content\/uploads\/2022\/10\/img-src-22httpsfinelife.tvimage.jpg-alt-22Global-award-for-sustainable-architecture-2022-les-5-laureats22-.jpg","datePublished":"2022-10-15T13:22:21+00:00","dateModified":"2024-02-19T18:52:22+00:00","author":{"@id":"https:\/\/finelife.tv\/fr\/#\/schema\/person\/e3d980b0c0b3dc5af01c3455893c8c52"},"description":"Global award for sustainable architecture 2022 les 5 laur\u00e9ats engag\u00e9s dans le d\u00e9veloppement durable et l'habitat raisonn\u00e9","breadcrumb":{"@id":"https:\/\/finelife.tv\/fr\/2022\/10\/15\/global-award-for-sustainable-architecture-2022-les-5-laureats\/#breadcrumb"},"inLanguage":"fr-FR","potentialAction":[{"@type":"ReadAction","target":["https:\/\/finelife.tv\/fr\/2022\/10\/15\/global-award-for-sustainable-architecture-2022-les-5-laureats\/"]}]},{"@type":"ImageObject","inLanguage":"fr-FR","@id":"https:\/\/finelife.tv\/fr\/2022\/10\/15\/global-award-for-sustainable-architecture-2022-les-5-laureats\/#primaryimage","url":"https:\/\/finelife.tv\/fr\/wp-content\/uploads\/2022\/10\/img-src-22httpsfinelife.tvimage.jpg-alt-22Global-award-for-sustainable-architecture-2022-les-5-laureats22-.jpg","contentUrl":"https:\/\/finelife.tv\/fr\/wp-content\/uploads\/2022\/10\/img-src-22httpsfinelife.tvimage.jpg-alt-22Global-award-for-sustainable-architecture-2022-les-5-laureats22-.jpg","width":537,"height":537},{"@type":"BreadcrumbList","@id":"https:\/\/finelife.tv\/fr\/2022\/10\/15\/global-award-for-sustainable-architecture-2022-les-5-laureats\/#breadcrumb","itemListElement":[{"@type":"ListItem","position":1,"name":"Accueil","item":"https:\/\/finelife.tv\/fr\/"},{"@type":"ListItem","position":2,"name":"Global award for sustainable architecture 2022 les 5 laur\u00e9ats"}]},{"@type":"WebSite","@id":"https:\/\/finelife.tv\/fr\/#website","url":"https:\/\/finelife.tv\/fr\/","name":"FineLife.tv","description":"Quand l&#039;Art de vivre croise l&#039;Art de penser","potentialAction":[{"@type":"SearchAction","target":{"@type":"EntryPoint","urlTemplate":"https:\/\/finelife.tv\/fr\/?s={search_term_string}"},"query-input":{"@type":"PropertyValueSpecification","valueRequired":true,"valueName":"search_term_string"}}],"inLanguage":"fr-FR"},{"@type":"Person","@id":"https:\/\/finelife.tv\/fr\/#\/schema\/person\/e3d980b0c0b3dc5af01c3455893c8c52","name":"Leonore","image":{"@type":"ImageObject","inLanguage":"fr-FR","@id":"https:\/\/secure.gravatar.com\/avatar\/9a2e5073417479f910ffdeee54da5ccf4f91eab62746ce0ae0e81124a9491a79?s=96&d=mm&r=g","url":"https:\/\/secure.gravatar.com\/avatar\/9a2e5073417479f910ffdeee54da5ccf4f91eab62746ce0ae0e81124a9491a79?s=96&d=mm&r=g","contentUrl":"https:\/\/secure.gravatar.com\/avatar\/9a2e5073417479f910ffdeee54da5ccf4f91eab62746ce0ae0e81124a9491a79?s=96&d=mm&r=g","caption":"Leonore"}}]}},"_links":{"self":[{"href":"https:\/\/finelife.tv\/fr\/wp-json\/wp\/v2\/posts\/11922","targetHints":{"allow":["GET"]}}],"collection":[{"href":"https:\/\/finelife.tv\/fr\/wp-json\/wp\/v2\/posts"}],"about":[{"href":"https:\/\/finelife.tv\/fr\/wp-json\/wp\/v2\/types\/post"}],"author":[{"embeddable":true,"href":"https:\/\/finelife.tv\/fr\/wp-json\/wp\/v2\/users\/1"}],"replies":[{"embeddable":true,"href":"https:\/\/finelife.tv\/fr\/wp-json\/wp\/v2\/comments?post=11922"}],"version-history":[{"count":41,"href":"https:\/\/finelife.tv\/fr\/wp-json\/wp\/v2\/posts\/11922\/revisions"}],"predecessor-version":[{"id":17642,"href":"https:\/\/finelife.tv\/fr\/wp-json\/wp\/v2\/posts\/11922\/revisions\/17642"}],"wp:attachment":[{"href":"https:\/\/finelife.tv\/fr\/wp-json\/wp\/v2\/media?parent=11922"}],"wp:term":[{"taxonomy":"category","embeddable":true,"href":"https:\/\/finelife.tv\/fr\/wp-json\/wp\/v2\/categories?post=11922"},{"taxonomy":"post_tag","embeddable":true,"href":"https:\/\/finelife.tv\/fr\/wp-json\/wp\/v2\/tags?post=11922"}],"curies":[{"name":"wp","href":"https:\/\/api.w.org\/{rel}","templated":true}]}}