{"id":12071,"date":"2022-11-01T19:25:28","date_gmt":"2022-11-01T18:25:28","guid":{"rendered":"https:\/\/finelife.tv\/fr\/?p=12071"},"modified":"2022-11-02T19:56:38","modified_gmt":"2022-11-02T18:56:38","slug":"la-fondation-du-doute-celebre-lego-art-de-ben","status":"publish","type":"post","link":"https:\/\/finelife.tv\/fr\/2022\/11\/01\/la-fondation-du-doute-celebre-lego-art-de-ben\/","title":{"rendered":"La Fondation du doute c\u00e9l\u00e8bre l&rsquo;Ego art de Ben"},"content":{"rendered":"\n<figure class=\"wp-block-image size-large\"><img loading=\"lazy\" decoding=\"async\" width=\"768\" height=\"1024\" src=\"https:\/\/finelife.tv\/fr\/wp-content\/uploads\/2022\/11\/img-src-22https-finelife.tvimage.jpg-alt-22La-Fondation-du-doute-celebre-l-Ego-art-de-Ben22-768x1024.jpg\" alt=\"\" class=\"wp-image-12129\" srcset=\"https:\/\/finelife.tv\/fr\/wp-content\/uploads\/2022\/11\/img-src-22https-finelife.tvimage.jpg-alt-22La-Fondation-du-doute-celebre-l-Ego-art-de-Ben22-768x1024.jpg 768w, https:\/\/finelife.tv\/fr\/wp-content\/uploads\/2022\/11\/img-src-22https-finelife.tvimage.jpg-alt-22La-Fondation-du-doute-celebre-l-Ego-art-de-Ben22-225x300.jpg 225w, https:\/\/finelife.tv\/fr\/wp-content\/uploads\/2022\/11\/img-src-22https-finelife.tvimage.jpg-alt-22La-Fondation-du-doute-celebre-l-Ego-art-de-Ben22-1152x1536.jpg 1152w, https:\/\/finelife.tv\/fr\/wp-content\/uploads\/2022\/11\/img-src-22https-finelife.tvimage.jpg-alt-22La-Fondation-du-doute-celebre-l-Ego-art-de-Ben22-1536x2048.jpg 1536w, https:\/\/finelife.tv\/fr\/wp-content\/uploads\/2022\/11\/img-src-22https-finelife.tvimage.jpg-alt-22La-Fondation-du-doute-celebre-l-Ego-art-de-Ben22-scaled.jpg 1920w\" sizes=\"auto, (max-width: 768px) 100vw, 768px\" \/><\/figure>\n\n\n\n<p><strong>La Fondation du doute c\u00e9l\u00e8bre l&rsquo;Ego art de Ben et les 60 ans de Fluxus. Au menu : un recueil d&rsquo;aphorismes, des expos notamment sur l&rsquo;ego indestructible ainsi qu&rsquo;un nouveau parcours de plus de 400 oeuvres. Le tout \u00e0 Blois, pr\u00e8s du Ch\u00e2teau royal et de l&rsquo;\u00e9go de 7 rois et de 10 reines de France<\/strong>.<\/p>\n\n\n\n<p>En sortant de la gare de Blois impossible de la rater. Affiches sur les arr\u00eats de bus, banni\u00e8res sur les lampadaires, \u00ab\u00a0mosa\u00efques\u00a0\u00bb sur les murs, la Fondation du doute est mieux signal\u00e9e que le terminus SNCF.  Autant que le ch\u00e2teau. C&rsquo;est dire ! Car le monument, historique depuis 1845, c\u00e9l\u00e8bre pour sa diversit\u00e9 de styles, t\u00e9moin du destin de 7 rois et de 10 reines de France, est le fleuron de la ville. Un arr\u00eat presque obligatoire de la Loire \u00e0 v\u00e9lo (ou pas). On croise d&rsquo;ailleurs des Anglais en VAE, des Italiens nez sur une appli d\u00e9di\u00e9e, des scolaires qui s&rsquo;\u00e9parpillent. <\/p>\n\n\n\n<p>Mais cette signal\u00e9tique d\u00e9vorante l&rsquo;est peut-\u00eatre \u00e0 dessein. Pour nous happer direct ou nous bonne escorter. On s&rsquo;interroge, on doute. Consid\u00e9r\u00e9s dans leur version aphorisme, les mots-panneaux de circulation font peut-\u00eatre intrins\u00e8quement partie de la d\u00e9marche de BEN, pape de la Fondation. D&rsquo;ailleurs la premi\u00e8re chose que donne \u00e0 voir l&rsquo;ancien couvent est un Mur de mots. Des centaines de slogans organis\u00e9s selon les codes couleurs de BEN, le sale gosse du clan des Ni\u00e7ois avec Arman et Klein.<\/p>\n\n\n\n<h2 class=\"wp-block-heading\">L&rsquo;Ego art de Ben<\/h2>\n\n\n<div class=\"wp-block-image\">\n<figure class=\"aligncenter size-large\"><img loading=\"lazy\" decoding=\"async\" width=\"768\" height=\"1024\" src=\"https:\/\/finelife.tv\/fr\/wp-content\/uploads\/2022\/11\/img-src-22https-finelife.tvimage.jpg-alt-22La-Fondation-du-doute-celebre-l-Ego-art-de-Ben-installation22-768x1024.jpg\" alt=\"\" class=\"wp-image-12133\" srcset=\"https:\/\/finelife.tv\/fr\/wp-content\/uploads\/2022\/11\/img-src-22https-finelife.tvimage.jpg-alt-22La-Fondation-du-doute-celebre-l-Ego-art-de-Ben-installation22-768x1024.jpg 768w, https:\/\/finelife.tv\/fr\/wp-content\/uploads\/2022\/11\/img-src-22https-finelife.tvimage.jpg-alt-22La-Fondation-du-doute-celebre-l-Ego-art-de-Ben-installation22-225x300.jpg 225w, https:\/\/finelife.tv\/fr\/wp-content\/uploads\/2022\/11\/img-src-22https-finelife.tvimage.jpg-alt-22La-Fondation-du-doute-celebre-l-Ego-art-de-Ben-installation22-1152x1536.jpg 1152w, https:\/\/finelife.tv\/fr\/wp-content\/uploads\/2022\/11\/img-src-22https-finelife.tvimage.jpg-alt-22La-Fondation-du-doute-celebre-l-Ego-art-de-Ben-installation22-1536x2048.jpg 1536w, https:\/\/finelife.tv\/fr\/wp-content\/uploads\/2022\/11\/img-src-22https-finelife.tvimage.jpg-alt-22La-Fondation-du-doute-celebre-l-Ego-art-de-Ben-installation22-scaled.jpg 1920w\" sizes=\"auto, (max-width: 768px) 100vw, 768px\" \/><\/figure>\n<\/div>\n\n\n<p>BEN accueille en cabotinant. As usual. Rien ne va !  Sa jambe est de plus en plus folle et ses neurones partent en vrille. De surcroit personne ne l&rsquo;\u00e9coute. Pour l&rsquo;exposition inaugurale de la r\u00e9ouverture de la Fondation du doute il avait demand\u00e9 des lits et pas de blabla. Il n&rsquo;a pas eu de lits mais des tables rondes pour d\u00e9battre essentiellement de l&rsquo;\u00e9go. \u00ab\u00a0\u00c0 quoi \u00e7a sert ? \u00c0 rien !\u00a0\u00bb bougonne-t-il, sourire en coin, au pied du l&rsquo;escalier monumental Denis Papin, autre lieu embl\u00e9matique de Blois. Plus tard, lors de la pr\u00e9sentation de la conf\u00e9rence sur l&rsquo;Ego indestructible, il se f\u00e9licite, avec la m\u00eame ambig\u00fcit\u00e9 malicieuse, de la pr\u00e9sence de philosophes et \u00ab\u00a0personnalit\u00e9s\u00a0\u00bb de premier ordre. <\/p>\n\n\n\n<p>Pour m\u00e9moire BEN  a un parcours artistique foisonnant. N\u00e9 Benjamin Vautier \u00e0 Naples en 1935, BEN se fait conna\u00eetre \u00e0 la fin des ann\u00e9e 50 et ne se laissera jamais oublier. Il multiplie les performances. Les plus c\u00e9l\u00e8bres de ces Gestes restant la travers\u00e9e du port de Nice habill\u00e9 et chapeaut\u00e9, la d\u00e9gustation de p\u00e2tes en pleine rue \u00e0 une table ou encore l\u2019attente \u00e0 un bus.<\/p>\n\n\n\n<p>Ces Gestes refl\u00e8tent l\u2019id\u00e9e que tout et art, quotidien inclus, tr\u00e8s inclus. L\u2019art est dans la rue. L&rsquo;art est la vie. Et au centre r\u00e8gne l&rsquo;Ego. \u00ab\u00a0<em>L\u2019Ego est l\u2019ADN de l\u2019oeuvre<\/em>\u201d nous d\u00e9clarait en 2020, sa fille, Eva Vautier. A 85 ans, la mort de l&rsquo;\u00e9go et ses d\u00e9clinaisons dont l&rsquo;\u00e9go et la mort sont au coeur des r\u00e9flexions du surdou\u00e9 du happening. Il vient d&rsquo;ailleurs de publier un recueil d&rsquo;aphorismes qui prolonge ses th\u00e8ses sur l&rsquo;\u00e9go et la survie. Nom \u00ab\u00a0L&rsquo;Ego est indestructible\u00a0\u00bb.<\/p>\n\n\n\n<p><\/p>\n\n\n\n<h2 class=\"wp-block-heading\">Fluxus : 60 ans d&rsquo;art foisonnant<\/h2>\n\n\n<div class=\"wp-block-image\">\n<figure class=\"aligncenter size-large\"><img loading=\"lazy\" decoding=\"async\" width=\"716\" height=\"1024\" src=\"https:\/\/finelife.tv\/fr\/wp-content\/uploads\/2022\/11\/img-src-22https-finelife.tvimage.jpg-alt-22La-Fondation-du-doute-celebre-l-Ego-art-de-Ben-ben-rigole22--716x1024.jpg\" alt=\"\" class=\"wp-image-12131\" srcset=\"https:\/\/finelife.tv\/fr\/wp-content\/uploads\/2022\/11\/img-src-22https-finelife.tvimage.jpg-alt-22La-Fondation-du-doute-celebre-l-Ego-art-de-Ben-ben-rigole22--716x1024.jpg 716w, https:\/\/finelife.tv\/fr\/wp-content\/uploads\/2022\/11\/img-src-22https-finelife.tvimage.jpg-alt-22La-Fondation-du-doute-celebre-l-Ego-art-de-Ben-ben-rigole22--210x300.jpg 210w, https:\/\/finelife.tv\/fr\/wp-content\/uploads\/2022\/11\/img-src-22https-finelife.tvimage.jpg-alt-22La-Fondation-du-doute-celebre-l-Ego-art-de-Ben-ben-rigole22--768x1098.jpg 768w, https:\/\/finelife.tv\/fr\/wp-content\/uploads\/2022\/11\/img-src-22https-finelife.tvimage.jpg-alt-22La-Fondation-du-doute-celebre-l-Ego-art-de-Ben-ben-rigole22--1074x1536.jpg 1074w, https:\/\/finelife.tv\/fr\/wp-content\/uploads\/2022\/11\/img-src-22https-finelife.tvimage.jpg-alt-22La-Fondation-du-doute-celebre-l-Ego-art-de-Ben-ben-rigole22--1432x2048.jpg 1432w, https:\/\/finelife.tv\/fr\/wp-content\/uploads\/2022\/11\/img-src-22https-finelife.tvimage.jpg-alt-22La-Fondation-du-doute-celebre-l-Ego-art-de-Ben-ben-rigole22--scaled.jpg 1790w\" sizes=\"auto, (max-width: 716px) 100vw, 716px\" \/><\/figure>\n<\/div>\n\n\n<p>BEN est par ailleurs l&rsquo;une des figures majeures du mouvement Fluxus en France. Officiellement le mouvement, lanc\u00e9 par le Lituanien George Maciunas, voit le jour en 1952. Pr\u00e9cis\u00e9ment quand John Cage compose 4&rsquo;33\u00a0\u00bb. Mais comme tout est fluctuant chez Fluxus une autre date de cr\u00e9ation est arr\u00eat\u00e9e. \u00c0 savoir celle du concert Neo Dada de Nam June Paik \u00e0 Wiesbaden (Allemagne) en septembre 1962. Mais au fait Fluxus signifie quoi exactement ? \u00ab\u00a0Il y a des centaines de d\u00e9finitions \u00a0\u00bb r\u00e9pond BEN goguenard \u00ab\u00a0Il y a m\u00eame eu une dispute initi\u00e9e par Yoko Ono sur ce th\u00e8me\u00a0\u00bb. Ce qui reste toutefois est le flux et la profusion.<\/p>\n\n\n\n<p>En bref Fluxus en un mouvement international de cr\u00e9ateurs &#8211; musiciens, plasticiens, designers, vid\u00e9astes, auteurs- qui s&rsquo;inscrit dans la mouvance dada\u00efste, remet en question les cat\u00e9gories artistiques tout en interrogeant l&rsquo;art. Fluxus accorde autant d&rsquo;importance \u00e0 la litt\u00e9rature qu&rsquo;\u00e0 la musique, surtout \u00e0 celle de John Cage inspir\u00e9e par le zen et les postures de Marcel Duchamp. Le happening et les d\u00e9tournements ou r\u00e9cup\u00e9rations plus ou moins cocasses occupent \u00e9galement une place centrale. Objectif : l&rsquo;art festif, accessible au grand public \u00e0 travers la cr\u00e9ativit\u00e9. On peut ainsi retenir le Eat Art ou encore le MAIL art, anc\u00eatre des fake news la nocivit\u00e9 en moins.<\/p>\n\n\n\n<p><\/p>\n\n\n\n<h2 class=\"wp-block-heading\">Fondation du doute :  antinomie et d\u00e9sordre cr\u00e9atif <\/h2>\n\n\n<div class=\"wp-block-image\">\n<figure class=\"aligncenter size-full is-resized\"><img loading=\"lazy\" decoding=\"async\" src=\"https:\/\/finelife.tv\/fr\/wp-content\/uploads\/2022\/11\/img-src-22https-finelife.tvimage.jpg-alt-22La-Fondation-du-doute-celebre-l-Ego-art-de-Ben-mur-des-mots22.png\" alt=\"\" class=\"wp-image-12130\" width=\"811\" height=\"527\" srcset=\"https:\/\/finelife.tv\/fr\/wp-content\/uploads\/2022\/11\/img-src-22https-finelife.tvimage.jpg-alt-22La-Fondation-du-doute-celebre-l-Ego-art-de-Ben-mur-des-mots22.png 400w, https:\/\/finelife.tv\/fr\/wp-content\/uploads\/2022\/11\/img-src-22https-finelife.tvimage.jpg-alt-22La-Fondation-du-doute-celebre-l-Ego-art-de-Ben-mur-des-mots22-300x195.png 300w\" sizes=\"auto, (max-width: 811px) 100vw, 811px\" \/><\/figure>\n<\/div>\n\n\n<p>La Fondation du doute f\u00eate les 60 du mouvement Fluxus \u00e0 travers Flux events, dont les ateliers d&rsquo;\u00e9tendards qui balisent Blois, et nouveau parcours d&rsquo;expositions.<\/p>\n\n\n\n<p>Elle peut \u00eatre vue comme l&rsquo;une des innombrables fac\u00e9tie de Ben, son cr\u00e9ateur. <\/p>\n\n\n\n<p>Car par d\u00e9finition le doute sugg\u00e8re, par le questionnement qu&rsquo;il contient intrins\u00e8quement, une dynamique, un mouvement, un \u00e9lan. Bref l&rsquo;inverse de quelque chose de fig\u00e9 comme une fondation. Sauf peut-\u00eatre si la fondation vise \u00e0 dynamiter l&rsquo;acquis et s&rsquo;inscrire dans la cr\u00e9ativit\u00e9 mouvante. Alors suivant ce cheminement intellectuel le doute pourrait paradoxalement matcher avec son lieu. C&rsquo;est-\u00e0-dire la maison du doute cr\u00e9atif, \u00ab\u00a0du d\u00e9sordre qui change le monde\u00a0\u00bb dixit BEN.<\/p>\n\n\n\n<p>Situ\u00e9 \u00e0 Blois \u00e0 10 mn de la gare, l&rsquo;\u00e9tablissement est install\u00e9 dans un ancien couvent des Minimes (1619). Apr\u00e8s la R\u00e9volution, l&rsquo;\u00e9difice religieux devient centre d&rsquo;enseignement pour jeunes filles (1908) avant l\u2019implantation du Conservatoire et de l&rsquo;\u00c9cole des Beaux-Arts puis de la Fondation du doute en 2013 port\u00e9e par la ville de Blois. Aujourd&rsquo;hui la Fondation refuse le nom de mus\u00e9e ou encore de centre d&rsquo;art. En revanche elle s&rsquo;affirme comme un centre artistique hybride, participatif. On y voit les \u0153uvres de toute une g\u00e9n\u00e9ration d\u2019artistes ayant marqu\u00e9 l\u2019histoire de l\u2019art de la deuxi\u00e8me moiti\u00e9 du XXe si\u00e8cle. Ainsi Wolf Vostell, George Brecht ou encore Robert Filliou, Ben Patterson et Allan Kaprow. BEN voulait \u00ab\u00a0un \u00e9tage consacr\u00e9 \u00e0 Fluxus et un autre \u00e0 tout ce qui art vivant, doute, cr\u00e9ation, \u00e0 tout ce qui est d\u00e9rangeant (&#8230;) dont les racines contiennent Duchamp et John Cage\u00a0\u00bb.<\/p>\n\n\n\n<p> <\/p>\n\n\n\n<h2 class=\"wp-block-heading\">Expositions et \u00e9v\u00e9nements au menu de la r\u00e9ouverture de la Fondation du doute<\/h2>\n\n\n\n<p>Entre virgule et parenth\u00e8se d\u00e9rout\u00e9e, un chemin rouge conduit devant le Mur des mots. \u00c0 savoir 313  plaques \u00e9maill\u00e9es reprenant les tableaux-\u00e9critures de BEN. On pense aux 4&rsquo;33 minutes de Cage. Un artiste num\u00e9rologique ne niche peut-\u00eatre dans l&rsquo;inconscient d\u00e9j\u00e0 tr\u00e8s encombr\u00e9 du Ni\u00e7ois d&rsquo;adoption.  <\/p>\n\n\n\n<p>C\u00f4t\u00e9 expositions, un rez-de-chauss\u00e9e et un \u00e9tage de 400 m2. Pour sa r\u00e9ouverture la Fondation pr\u00e9sente environ 400 oeuvres  &#8211; 1 oeuvre par m2 donc -. Volontaire ? Oui, non, on doute !  Elles proviennent majoritairement de la collection personnelle de BEN mais aussi de pr\u00eats d&rsquo;autres collectionneurs comme Gino di Maggio ou Catarina Gualco. On y remarque notamment les pi\u00e8ces Eat art de Daniel Spoerri (tableaux-pi\u00e8ge), les pianos John Cage, les porti\u00e8res de Wolf Vostell,  la chaise coup\u00e9e de Goeffrey Hendricks ou encore le Bouddha devant miroir de Nam June Paik.<\/p>\n\n\n\n<figure class=\"wp-block-image size-large\"><img loading=\"lazy\" decoding=\"async\" width=\"768\" height=\"1024\" src=\"https:\/\/finelife.tv\/fr\/wp-content\/uploads\/2022\/11\/img-src-22https-finelife.tvimage.jpg-alt-22La-Fondation-du-doute-celebre-l-Ego-art-de-Ben-chaise-coupee-geoffrey-hendricks22-768x1024.jpg\" alt=\"\" class=\"wp-image-12132\" srcset=\"https:\/\/finelife.tv\/fr\/wp-content\/uploads\/2022\/11\/img-src-22https-finelife.tvimage.jpg-alt-22La-Fondation-du-doute-celebre-l-Ego-art-de-Ben-chaise-coupee-geoffrey-hendricks22-768x1024.jpg 768w, https:\/\/finelife.tv\/fr\/wp-content\/uploads\/2022\/11\/img-src-22https-finelife.tvimage.jpg-alt-22La-Fondation-du-doute-celebre-l-Ego-art-de-Ben-chaise-coupee-geoffrey-hendricks22-225x300.jpg 225w, https:\/\/finelife.tv\/fr\/wp-content\/uploads\/2022\/11\/img-src-22https-finelife.tvimage.jpg-alt-22La-Fondation-du-doute-celebre-l-Ego-art-de-Ben-chaise-coupee-geoffrey-hendricks22-1152x1536.jpg 1152w, https:\/\/finelife.tv\/fr\/wp-content\/uploads\/2022\/11\/img-src-22https-finelife.tvimage.jpg-alt-22La-Fondation-du-doute-celebre-l-Ego-art-de-Ben-chaise-coupee-geoffrey-hendricks22-1536x2048.jpg 1536w, https:\/\/finelife.tv\/fr\/wp-content\/uploads\/2022\/11\/img-src-22https-finelife.tvimage.jpg-alt-22La-Fondation-du-doute-celebre-l-Ego-art-de-Ben-chaise-coupee-geoffrey-hendricks22-scaled.jpg 1920w\" sizes=\"auto, (max-width: 768px) 100vw, 768px\" \/><figcaption class=\"wp-element-caption\">Chaise coup\u00e9e &#8211; Geoffrey Hendricks<\/figcaption><\/figure>\n\n\n\n<figure class=\"wp-block-image size-large\"><img loading=\"lazy\" decoding=\"async\" width=\"768\" height=\"1024\" src=\"https:\/\/finelife.tv\/fr\/wp-content\/uploads\/2022\/11\/img-src-22https-finelife.tvimage.jpg-alt-22La-Fondation-du-doute-celebre-l-Ego-art-de-Ben22-portes-wolf-vostell-768x1024.jpg\" alt=\"\" class=\"wp-image-12135\" srcset=\"https:\/\/finelife.tv\/fr\/wp-content\/uploads\/2022\/11\/img-src-22https-finelife.tvimage.jpg-alt-22La-Fondation-du-doute-celebre-l-Ego-art-de-Ben22-portes-wolf-vostell-768x1024.jpg 768w, https:\/\/finelife.tv\/fr\/wp-content\/uploads\/2022\/11\/img-src-22https-finelife.tvimage.jpg-alt-22La-Fondation-du-doute-celebre-l-Ego-art-de-Ben22-portes-wolf-vostell-225x300.jpg 225w, https:\/\/finelife.tv\/fr\/wp-content\/uploads\/2022\/11\/img-src-22https-finelife.tvimage.jpg-alt-22La-Fondation-du-doute-celebre-l-Ego-art-de-Ben22-portes-wolf-vostell-1152x1536.jpg 1152w, https:\/\/finelife.tv\/fr\/wp-content\/uploads\/2022\/11\/img-src-22https-finelife.tvimage.jpg-alt-22La-Fondation-du-doute-celebre-l-Ego-art-de-Ben22-portes-wolf-vostell-1536x2048.jpg 1536w, https:\/\/finelife.tv\/fr\/wp-content\/uploads\/2022\/11\/img-src-22https-finelife.tvimage.jpg-alt-22La-Fondation-du-doute-celebre-l-Ego-art-de-Ben22-portes-wolf-vostell-scaled.jpg 1920w\" sizes=\"auto, (max-width: 768px) 100vw, 768px\" \/><figcaption class=\"wp-element-caption\">Fandango -Wolf Vostell<\/figcaption><\/figure>\n\n\n\n<figure class=\"wp-block-image size-large\"><img loading=\"lazy\" decoding=\"async\" width=\"768\" height=\"1024\" src=\"https:\/\/finelife.tv\/fr\/wp-content\/uploads\/2022\/11\/img-src-22https-finelife.tvimage.jpg-alt-22La-Fondation-du-doute-celebre-l-Ego-art-de-Ben-bouddha-nam-june-paik22-768x1024.jpg\" alt=\"\" class=\"wp-image-12134\" srcset=\"https:\/\/finelife.tv\/fr\/wp-content\/uploads\/2022\/11\/img-src-22https-finelife.tvimage.jpg-alt-22La-Fondation-du-doute-celebre-l-Ego-art-de-Ben-bouddha-nam-june-paik22-768x1024.jpg 768w, https:\/\/finelife.tv\/fr\/wp-content\/uploads\/2022\/11\/img-src-22https-finelife.tvimage.jpg-alt-22La-Fondation-du-doute-celebre-l-Ego-art-de-Ben-bouddha-nam-june-paik22-225x300.jpg 225w, https:\/\/finelife.tv\/fr\/wp-content\/uploads\/2022\/11\/img-src-22https-finelife.tvimage.jpg-alt-22La-Fondation-du-doute-celebre-l-Ego-art-de-Ben-bouddha-nam-june-paik22-1152x1536.jpg 1152w, https:\/\/finelife.tv\/fr\/wp-content\/uploads\/2022\/11\/img-src-22https-finelife.tvimage.jpg-alt-22La-Fondation-du-doute-celebre-l-Ego-art-de-Ben-bouddha-nam-june-paik22-1536x2048.jpg 1536w, https:\/\/finelife.tv\/fr\/wp-content\/uploads\/2022\/11\/img-src-22https-finelife.tvimage.jpg-alt-22La-Fondation-du-doute-celebre-l-Ego-art-de-Ben-bouddha-nam-june-paik22-scaled.jpg 1920w\" sizes=\"auto, (max-width: 768px) 100vw, 768px\" \/><figcaption class=\"wp-element-caption\">Bouddha &#8211; Nam June Paik<\/figcaption><\/figure>\n\n\n\n<figure class=\"wp-block-image size-full is-resized\"><img loading=\"lazy\" decoding=\"async\" src=\"https:\/\/finelife.tv\/fr\/wp-content\/uploads\/2022\/11\/img-src-22https-finelife.tvimage.jpg-alt-22La-Fondation-du-doute-celebre-l-Ego-art-de-Ben-eat-art-22.jpg\" alt=\"\" class=\"wp-image-12137\" width=\"771\" height=\"1357\" srcset=\"https:\/\/finelife.tv\/fr\/wp-content\/uploads\/2022\/11\/img-src-22https-finelife.tvimage.jpg-alt-22La-Fondation-du-doute-celebre-l-Ego-art-de-Ben-eat-art-22.jpg 493w, https:\/\/finelife.tv\/fr\/wp-content\/uploads\/2022\/11\/img-src-22https-finelife.tvimage.jpg-alt-22La-Fondation-du-doute-celebre-l-Ego-art-de-Ben-eat-art-22-170x300.jpg 170w\" sizes=\"auto, (max-width: 771px) 100vw, 771px\" \/><figcaption class=\"wp-element-caption\">Tableau-pi\u00e8ge Daniel Spoerri -Eat art<\/figcaption><\/figure>\n\n\n\n<p>Le bouddha au miroir, une oeuvre d\u00e9concertante qui questionne l&rsquo;\u00e9go et renvoie directement aux d\u00e9bats du Pavillon d&rsquo;Exposition. Au programme des r\u00e9flexions pr\u00e9vues dans cet ancien clo\u00eetre figure en effet une table ronde, on le r\u00e9p\u00e8te, autour de l&rsquo;Ego indestructible. Le public peut parall\u00e8lement glisser dans des urnes transparentes des r\u00e9ponses aux questions de BEN. Ou encore envoyer des cartes postales de la Fondation du doute. Clin d&rsquo;oeil au Mail art pr\u00e9 r\u00e9seaux sociaux. <\/p>\n\n\n\n<h2 class=\"wp-block-heading\">Fluxus Tour : Foucault et le cimeti\u00e8re de l&rsquo;\u00e9go<\/h2>\n\n\n<div class=\"wp-block-image\">\n<figure class=\"aligncenter size-large\"><img loading=\"lazy\" decoding=\"async\" width=\"1024\" height=\"768\" src=\"https:\/\/finelife.tv\/fr\/wp-content\/uploads\/2022\/11\/img-src-22https-finelife.tvimage.jpg-alt-22La-Fondation-du-doute-celebre-l-Ego-art-de-Ben-happening-fluxus-tour22-1024x768.jpg\" alt=\"\" class=\"wp-image-12136\" srcset=\"https:\/\/finelife.tv\/fr\/wp-content\/uploads\/2022\/11\/img-src-22https-finelife.tvimage.jpg-alt-22La-Fondation-du-doute-celebre-l-Ego-art-de-Ben-happening-fluxus-tour22-1024x768.jpg 1024w, https:\/\/finelife.tv\/fr\/wp-content\/uploads\/2022\/11\/img-src-22https-finelife.tvimage.jpg-alt-22La-Fondation-du-doute-celebre-l-Ego-art-de-Ben-happening-fluxus-tour22-300x225.jpg 300w, https:\/\/finelife.tv\/fr\/wp-content\/uploads\/2022\/11\/img-src-22https-finelife.tvimage.jpg-alt-22La-Fondation-du-doute-celebre-l-Ego-art-de-Ben-happening-fluxus-tour22-768x576.jpg 768w, https:\/\/finelife.tv\/fr\/wp-content\/uploads\/2022\/11\/img-src-22https-finelife.tvimage.jpg-alt-22La-Fondation-du-doute-celebre-l-Ego-art-de-Ben-happening-fluxus-tour22-1536x1152.jpg 1536w, https:\/\/finelife.tv\/fr\/wp-content\/uploads\/2022\/11\/img-src-22https-finelife.tvimage.jpg-alt-22La-Fondation-du-doute-celebre-l-Ego-art-de-Ben-happening-fluxus-tour22-2048x1536.jpg 2048w\" sizes=\"auto, (max-width: 1024px) 100vw, 1024px\" \/><figcaption class=\"wp-element-caption\">Wolfgang Natlacen &#8211; d\u00e9part de la Fondation du doute pour au Flux tour qui m\u00e8ne au cimeti\u00e8re de Blois et \u00e0 l&rsquo;enterrement (?) de l&rsquo;ego <\/figcaption><\/figure>\n<\/div>\n\n\n<p>Pour prolonger la r\u00e9flexion sur la survie de l&rsquo;\u00e9go il y a aussi l&rsquo;art-jeu ou flux tour de Wolfgang Natlacen, artiste inspir\u00e9 par les marges foucaultiennes. \u00ab\u00a0Les h\u00e9t\u00e9rotopies, ces lieux hors du temps qui ne sont pas des utopies\u00a0\u00bb pr\u00e9cise le fan des stades de foot. Un groupe part de la Fondation pour rejoindre \u00e0 pied le cimeti\u00e8re en suivant l&rsquo;artiste qui pousse une brouette pleine de pots de sauge. Puis chacun plante son pot dans la terre de la tombe. C&rsquo;est la tombe de Ben ose-t-on ? Non non r\u00e9pond le performeur en se signant presque. C&rsquo;est en fait un certificat pour une concession de l&rsquo;\u00e9go. <\/p>\n\n\n\n<p>Ouf ! Pour se remettre de ses \u00e9motions rendez-vous au Fluxus Caf\u00e9 pour d\u00e9guster des choses sucr\u00e9s chaudes ou froides mais non alcoolis\u00e9es. Tout en regardant bien entendu les aphorismes de BEN. Le go\u00fbt de l&rsquo;ego ?<\/p>\n\n\n\n<p> <\/p>\n\n\n\n<p><\/p>\n\n\n\n<h2 class=\"wp-block-heading\">    <\/h2>\n\n\n\n<h2 class=\"has-luminous-vivid-amber-background-color has-background wp-block-heading\">                                                           INFOS<\/h2>\n\n\n\n<p><strong>Fondation du doute <\/strong>&#8211; <strong>Exposition 60e anniversaire de Fluxus<\/strong> &#8211; du 24 septembre au 27 novembre <\/p>\n\n\n\n<p>Entr\u00e9e monumentale \u00a0\u00bb Mur de Ben\u00a0\u00bb <\/p>\n\n\n\n<p>14 rue de la Paix  41000 Blois <\/p>\n\n\n\n<p>T- + 33 (0)2 54 55 37 48<\/p>\n\n\n\n<p><a href=\"https:\/\/www.fondationdudoute.fr\/\">https:\/\/www.fondationdudoute.fr\/<\/a><\/p>\n\n\n\n<p><strong>Y ALLER<\/strong> <strong>EN TRAIN<\/strong> <\/p>\n\n\n\n<h5 class=\"wp-block-heading\"> <strong>De Paris gare d\u2019Austerlitz, ligne Paris\/Tours, Arr\u00eat en gare de Blois (10 minutes \u00e0 pied de la Fondation du doute)<\/strong><\/h5>\n\n\n\n<p><strong>BILLETS<\/strong><\/p>\n\n\n\n<p>Plein tarif 7,50 euros, tarif r\u00e9duit 5,5O euros, tarif jeune 3,50 euros<\/p>\n\n\n\n<p><strong>VISITER<\/strong> <\/p>\n\n\n\n<p><strong>Ch\u00e2teau de Blois de Blois<\/strong> <a href=\"https:\/\/www.chateaudeblois.fr\/\">https:\/\/www.chateaudeblois.fr\/<\/a><\/p>\n\n\n\n<p><strong>Blois et Chambord \/ Office de tourisme<\/strong> <a href=\"https:\/\/www.bloischambord.com\/\">https:\/\/www.bloischambord.com\/<\/a><\/p>\n\n\n\n<h2 class=\"wp-block-heading\">Related article La Fondation du doute c\u00e9l\u00e8bre l&rsquo;Ego art de Ben<\/h2>\n\n\n\n<p><strong>BEN \u00catre libre Chamarande<\/strong> <a href=\"https:\/\/finelife.tv\/fr\/2020\/09\/07\/ben-etre-libre-chamarande\/\">https:\/\/finelife.tv\/fr\/2020\/09\/07\/ben-etre-libre-chamarande\/<\/a><\/p>\n\n\n\n<p><\/p>\n\n\n\n<h2 class=\"wp-block-heading\">La Fondation du doute c\u00e9l\u00e8bre l&rsquo;Ego art de Ben<\/h2>\n\n\n\n<h2 class=\"wp-block-heading\"> <\/h2>\n","protected":false},"excerpt":{"rendered":"<p>La Fondation du doute c\u00e9l\u00e8bre l&rsquo;Ego art de Ben et les 60 ans de Fluxus \u00e0 Blois. Au menu :  des expos, notamment sur l&rsquo;ego indestructible, ainsi qu&rsquo;un nouveau parcours de plus de 400 oeuvres<\/p>\n","protected":false},"author":1,"featured_media":0,"comment_status":"open","ping_status":"open","sticky":false,"template":"","format":"standard","meta":{"footnotes":""},"categories":[4],"tags":[22,448,2596,3623,3621,3624,68,3620,3622,3625,3626],"class_list":["post-12071","post","type-post","status-publish","format-standard","hentry","category-blog","tag-art","tag-art-contemporain","tag-ben","tag-blois","tag-dadaisme","tag-ego","tag-exposition","tag-fluxus","tag-fondation-du-doute","tag-john-cage","tag-yoko-ono"],"yoast_head":"<!-- This site is optimized with the Yoast SEO plugin v27.5 - https:\/\/yoast.com\/product\/yoast-seo-wordpress\/ -->\n<title>La Fondation du doute c\u00e9l\u00e8bre l&#039;Ego art de Ben - FineLife.tv<\/title>\n<meta name=\"description\" content=\"La Fondation du doute c\u00e9l\u00e8bre l&#039;Ego art de Ben et les 60 ans de Fluxus \u00e0 Blois. Au menu : des expos, notamment sur l&#039;ego indestructible, ainsi qu&#039;un nouveau parcours de plus de 400 oeuvres\" \/>\n<meta name=\"robots\" content=\"index, follow, max-snippet:-1, max-image-preview:large, max-video-preview:-1\" \/>\n<link rel=\"canonical\" href=\"https:\/\/finelife.tv\/fr\/2022\/11\/01\/la-fondation-du-doute-celebre-lego-art-de-ben\/\" \/>\n<meta property=\"og:locale\" content=\"fr_FR\" \/>\n<meta property=\"og:type\" content=\"article\" \/>\n<meta property=\"og:title\" content=\"La Fondation du doute c\u00e9l\u00e8bre l&#039;Ego art de Ben - FineLife.tv\" \/>\n<meta property=\"og:description\" content=\"La Fondation du doute c\u00e9l\u00e8bre l&#039;Ego art de Ben et les 60 ans de Fluxus \u00e0 Blois. Au menu : des expos, notamment sur l&#039;ego indestructible, ainsi qu&#039;un nouveau parcours de plus de 400 oeuvres\" \/>\n<meta property=\"og:url\" content=\"https:\/\/finelife.tv\/fr\/2022\/11\/01\/la-fondation-du-doute-celebre-lego-art-de-ben\/\" \/>\n<meta property=\"og:site_name\" content=\"FineLife.tv\" \/>\n<meta property=\"article:published_time\" content=\"2022-11-01T18:25:28+00:00\" \/>\n<meta property=\"article:modified_time\" content=\"2022-11-02T18:56:38+00:00\" \/>\n<meta property=\"og:image\" content=\"https:\/\/finelife.tv\/fr\/wp-content\/uploads\/2022\/11\/img-src-22https-finelife.tvimage.jpg-alt-22La-Fondation-du-doute-celebre-l-Ego-art-de-Ben22-768x1024.jpg\" \/>\n<meta name=\"author\" content=\"Leonore\" \/>\n<meta name=\"twitter:card\" content=\"summary_large_image\" \/>\n<meta name=\"twitter:creator\" content=\"@finelifetv\" \/>\n<meta name=\"twitter:site\" content=\"@finelifetv\" \/>\n<meta name=\"twitter:label1\" content=\"\u00c9crit par\" \/>\n\t<meta name=\"twitter:data1\" content=\"Leonore\" \/>\n\t<meta name=\"twitter:label2\" content=\"Dur\u00e9e de lecture estim\u00e9e\" \/>\n\t<meta name=\"twitter:data2\" content=\"10 minutes\" \/>\n<script type=\"application\/ld+json\" class=\"yoast-schema-graph\">{\"@context\":\"https:\\\/\\\/schema.org\",\"@graph\":[{\"@type\":\"Article\",\"@id\":\"https:\\\/\\\/finelife.tv\\\/fr\\\/2022\\\/11\\\/01\\\/la-fondation-du-doute-celebre-lego-art-de-ben\\\/#article\",\"isPartOf\":{\"@id\":\"https:\\\/\\\/finelife.tv\\\/fr\\\/2022\\\/11\\\/01\\\/la-fondation-du-doute-celebre-lego-art-de-ben\\\/\"},\"author\":{\"name\":\"Leonore\",\"@id\":\"https:\\\/\\\/finelife.tv\\\/fr\\\/#\\\/schema\\\/person\\\/e3d980b0c0b3dc5af01c3455893c8c52\"},\"headline\":\"La Fondation du doute c\u00e9l\u00e8bre l&rsquo;Ego art de Ben\",\"datePublished\":\"2022-11-01T18:25:28+00:00\",\"dateModified\":\"2022-11-02T18:56:38+00:00\",\"mainEntityOfPage\":{\"@id\":\"https:\\\/\\\/finelife.tv\\\/fr\\\/2022\\\/11\\\/01\\\/la-fondation-du-doute-celebre-lego-art-de-ben\\\/\"},\"wordCount\":1697,\"commentCount\":2,\"image\":{\"@id\":\"https:\\\/\\\/finelife.tv\\\/fr\\\/2022\\\/11\\\/01\\\/la-fondation-du-doute-celebre-lego-art-de-ben\\\/#primaryimage\"},\"thumbnailUrl\":\"https:\\\/\\\/finelife.tv\\\/fr\\\/wp-content\\\/uploads\\\/2022\\\/11\\\/img-src-22https-finelife.tvimage.jpg-alt-22La-Fondation-du-doute-celebre-l-Ego-art-de-Ben22-768x1024.jpg\",\"keywords\":[\"art\",\"art contemporain\",\"Ben\",\"blois\",\"dadaisme\",\"ego\",\"exposition\",\"fluxus\",\"fondation du doute\",\"john cage\",\"Yoko ono\"],\"articleSection\":[\"Blog\"],\"inLanguage\":\"fr-FR\",\"potentialAction\":[{\"@type\":\"CommentAction\",\"name\":\"Comment\",\"target\":[\"https:\\\/\\\/finelife.tv\\\/fr\\\/2022\\\/11\\\/01\\\/la-fondation-du-doute-celebre-lego-art-de-ben\\\/#respond\"]}]},{\"@type\":\"WebPage\",\"@id\":\"https:\\\/\\\/finelife.tv\\\/fr\\\/2022\\\/11\\\/01\\\/la-fondation-du-doute-celebre-lego-art-de-ben\\\/\",\"url\":\"https:\\\/\\\/finelife.tv\\\/fr\\\/2022\\\/11\\\/01\\\/la-fondation-du-doute-celebre-lego-art-de-ben\\\/\",\"name\":\"La Fondation du doute c\u00e9l\u00e8bre l'Ego art de Ben - FineLife.tv\",\"isPartOf\":{\"@id\":\"https:\\\/\\\/finelife.tv\\\/fr\\\/#website\"},\"primaryImageOfPage\":{\"@id\":\"https:\\\/\\\/finelife.tv\\\/fr\\\/2022\\\/11\\\/01\\\/la-fondation-du-doute-celebre-lego-art-de-ben\\\/#primaryimage\"},\"image\":{\"@id\":\"https:\\\/\\\/finelife.tv\\\/fr\\\/2022\\\/11\\\/01\\\/la-fondation-du-doute-celebre-lego-art-de-ben\\\/#primaryimage\"},\"thumbnailUrl\":\"https:\\\/\\\/finelife.tv\\\/fr\\\/wp-content\\\/uploads\\\/2022\\\/11\\\/img-src-22https-finelife.tvimage.jpg-alt-22La-Fondation-du-doute-celebre-l-Ego-art-de-Ben22-768x1024.jpg\",\"datePublished\":\"2022-11-01T18:25:28+00:00\",\"dateModified\":\"2022-11-02T18:56:38+00:00\",\"author\":{\"@id\":\"https:\\\/\\\/finelife.tv\\\/fr\\\/#\\\/schema\\\/person\\\/e3d980b0c0b3dc5af01c3455893c8c52\"},\"description\":\"La Fondation du doute c\u00e9l\u00e8bre l'Ego art de Ben et les 60 ans de Fluxus \u00e0 Blois. Au menu : des expos, notamment sur l'ego indestructible, ainsi qu'un nouveau parcours de plus de 400 oeuvres\",\"breadcrumb\":{\"@id\":\"https:\\\/\\\/finelife.tv\\\/fr\\\/2022\\\/11\\\/01\\\/la-fondation-du-doute-celebre-lego-art-de-ben\\\/#breadcrumb\"},\"inLanguage\":\"fr-FR\",\"potentialAction\":[{\"@type\":\"ReadAction\",\"target\":[\"https:\\\/\\\/finelife.tv\\\/fr\\\/2022\\\/11\\\/01\\\/la-fondation-du-doute-celebre-lego-art-de-ben\\\/\"]}]},{\"@type\":\"ImageObject\",\"inLanguage\":\"fr-FR\",\"@id\":\"https:\\\/\\\/finelife.tv\\\/fr\\\/2022\\\/11\\\/01\\\/la-fondation-du-doute-celebre-lego-art-de-ben\\\/#primaryimage\",\"url\":\"https:\\\/\\\/finelife.tv\\\/fr\\\/wp-content\\\/uploads\\\/2022\\\/11\\\/img-src-22https-finelife.tvimage.jpg-alt-22La-Fondation-du-doute-celebre-l-Ego-art-de-Ben22-scaled.jpg\",\"contentUrl\":\"https:\\\/\\\/finelife.tv\\\/fr\\\/wp-content\\\/uploads\\\/2022\\\/11\\\/img-src-22https-finelife.tvimage.jpg-alt-22La-Fondation-du-doute-celebre-l-Ego-art-de-Ben22-scaled.jpg\",\"width\":1920,\"height\":2560},{\"@type\":\"BreadcrumbList\",\"@id\":\"https:\\\/\\\/finelife.tv\\\/fr\\\/2022\\\/11\\\/01\\\/la-fondation-du-doute-celebre-lego-art-de-ben\\\/#breadcrumb\",\"itemListElement\":[{\"@type\":\"ListItem\",\"position\":1,\"name\":\"Accueil\",\"item\":\"https:\\\/\\\/finelife.tv\\\/fr\\\/\"},{\"@type\":\"ListItem\",\"position\":2,\"name\":\"La Fondation du doute c\u00e9l\u00e8bre l&#8217;Ego art de Ben\"}]},{\"@type\":\"WebSite\",\"@id\":\"https:\\\/\\\/finelife.tv\\\/fr\\\/#website\",\"url\":\"https:\\\/\\\/finelife.tv\\\/fr\\\/\",\"name\":\"FineLife.tv\",\"description\":\"Quand l&#039;Art de vivre croise l&#039;Art de penser\",\"potentialAction\":[{\"@type\":\"SearchAction\",\"target\":{\"@type\":\"EntryPoint\",\"urlTemplate\":\"https:\\\/\\\/finelife.tv\\\/fr\\\/?s={search_term_string}\"},\"query-input\":{\"@type\":\"PropertyValueSpecification\",\"valueRequired\":true,\"valueName\":\"search_term_string\"}}],\"inLanguage\":\"fr-FR\"},{\"@type\":\"Person\",\"@id\":\"https:\\\/\\\/finelife.tv\\\/fr\\\/#\\\/schema\\\/person\\\/e3d980b0c0b3dc5af01c3455893c8c52\",\"name\":\"Leonore\",\"image\":{\"@type\":\"ImageObject\",\"inLanguage\":\"fr-FR\",\"@id\":\"https:\\\/\\\/secure.gravatar.com\\\/avatar\\\/9a2e5073417479f910ffdeee54da5ccf4f91eab62746ce0ae0e81124a9491a79?s=96&d=mm&r=g\",\"url\":\"https:\\\/\\\/secure.gravatar.com\\\/avatar\\\/9a2e5073417479f910ffdeee54da5ccf4f91eab62746ce0ae0e81124a9491a79?s=96&d=mm&r=g\",\"contentUrl\":\"https:\\\/\\\/secure.gravatar.com\\\/avatar\\\/9a2e5073417479f910ffdeee54da5ccf4f91eab62746ce0ae0e81124a9491a79?s=96&d=mm&r=g\",\"caption\":\"Leonore\"}}]}<\/script>\n<!-- \/ Yoast SEO plugin. -->","yoast_head_json":{"title":"La Fondation du doute c\u00e9l\u00e8bre l'Ego art de Ben - FineLife.tv","description":"La Fondation du doute c\u00e9l\u00e8bre l'Ego art de Ben et les 60 ans de Fluxus \u00e0 Blois. Au menu : des expos, notamment sur l'ego indestructible, ainsi qu'un nouveau parcours de plus de 400 oeuvres","robots":{"index":"index","follow":"follow","max-snippet":"max-snippet:-1","max-image-preview":"max-image-preview:large","max-video-preview":"max-video-preview:-1"},"canonical":"https:\/\/finelife.tv\/fr\/2022\/11\/01\/la-fondation-du-doute-celebre-lego-art-de-ben\/","og_locale":"fr_FR","og_type":"article","og_title":"La Fondation du doute c\u00e9l\u00e8bre l'Ego art de Ben - FineLife.tv","og_description":"La Fondation du doute c\u00e9l\u00e8bre l'Ego art de Ben et les 60 ans de Fluxus \u00e0 Blois. Au menu : des expos, notamment sur l'ego indestructible, ainsi qu'un nouveau parcours de plus de 400 oeuvres","og_url":"https:\/\/finelife.tv\/fr\/2022\/11\/01\/la-fondation-du-doute-celebre-lego-art-de-ben\/","og_site_name":"FineLife.tv","article_published_time":"2022-11-01T18:25:28+00:00","article_modified_time":"2022-11-02T18:56:38+00:00","og_image":[{"url":"https:\/\/finelife.tv\/fr\/wp-content\/uploads\/2022\/11\/img-src-22https-finelife.tvimage.jpg-alt-22La-Fondation-du-doute-celebre-l-Ego-art-de-Ben22-768x1024.jpg","type":"","width":"","height":""}],"author":"Leonore","twitter_card":"summary_large_image","twitter_creator":"@finelifetv","twitter_site":"@finelifetv","twitter_misc":{"\u00c9crit par":"Leonore","Dur\u00e9e de lecture estim\u00e9e":"10 minutes"},"schema":{"@context":"https:\/\/schema.org","@graph":[{"@type":"Article","@id":"https:\/\/finelife.tv\/fr\/2022\/11\/01\/la-fondation-du-doute-celebre-lego-art-de-ben\/#article","isPartOf":{"@id":"https:\/\/finelife.tv\/fr\/2022\/11\/01\/la-fondation-du-doute-celebre-lego-art-de-ben\/"},"author":{"name":"Leonore","@id":"https:\/\/finelife.tv\/fr\/#\/schema\/person\/e3d980b0c0b3dc5af01c3455893c8c52"},"headline":"La Fondation du doute c\u00e9l\u00e8bre l&rsquo;Ego art de Ben","datePublished":"2022-11-01T18:25:28+00:00","dateModified":"2022-11-02T18:56:38+00:00","mainEntityOfPage":{"@id":"https:\/\/finelife.tv\/fr\/2022\/11\/01\/la-fondation-du-doute-celebre-lego-art-de-ben\/"},"wordCount":1697,"commentCount":2,"image":{"@id":"https:\/\/finelife.tv\/fr\/2022\/11\/01\/la-fondation-du-doute-celebre-lego-art-de-ben\/#primaryimage"},"thumbnailUrl":"https:\/\/finelife.tv\/fr\/wp-content\/uploads\/2022\/11\/img-src-22https-finelife.tvimage.jpg-alt-22La-Fondation-du-doute-celebre-l-Ego-art-de-Ben22-768x1024.jpg","keywords":["art","art contemporain","Ben","blois","dadaisme","ego","exposition","fluxus","fondation du doute","john cage","Yoko ono"],"articleSection":["Blog"],"inLanguage":"fr-FR","potentialAction":[{"@type":"CommentAction","name":"Comment","target":["https:\/\/finelife.tv\/fr\/2022\/11\/01\/la-fondation-du-doute-celebre-lego-art-de-ben\/#respond"]}]},{"@type":"WebPage","@id":"https:\/\/finelife.tv\/fr\/2022\/11\/01\/la-fondation-du-doute-celebre-lego-art-de-ben\/","url":"https:\/\/finelife.tv\/fr\/2022\/11\/01\/la-fondation-du-doute-celebre-lego-art-de-ben\/","name":"La Fondation du doute c\u00e9l\u00e8bre l'Ego art de Ben - FineLife.tv","isPartOf":{"@id":"https:\/\/finelife.tv\/fr\/#website"},"primaryImageOfPage":{"@id":"https:\/\/finelife.tv\/fr\/2022\/11\/01\/la-fondation-du-doute-celebre-lego-art-de-ben\/#primaryimage"},"image":{"@id":"https:\/\/finelife.tv\/fr\/2022\/11\/01\/la-fondation-du-doute-celebre-lego-art-de-ben\/#primaryimage"},"thumbnailUrl":"https:\/\/finelife.tv\/fr\/wp-content\/uploads\/2022\/11\/img-src-22https-finelife.tvimage.jpg-alt-22La-Fondation-du-doute-celebre-l-Ego-art-de-Ben22-768x1024.jpg","datePublished":"2022-11-01T18:25:28+00:00","dateModified":"2022-11-02T18:56:38+00:00","author":{"@id":"https:\/\/finelife.tv\/fr\/#\/schema\/person\/e3d980b0c0b3dc5af01c3455893c8c52"},"description":"La Fondation du doute c\u00e9l\u00e8bre l'Ego art de Ben et les 60 ans de Fluxus \u00e0 Blois. Au menu : des expos, notamment sur l'ego indestructible, ainsi qu'un nouveau parcours de plus de 400 oeuvres","breadcrumb":{"@id":"https:\/\/finelife.tv\/fr\/2022\/11\/01\/la-fondation-du-doute-celebre-lego-art-de-ben\/#breadcrumb"},"inLanguage":"fr-FR","potentialAction":[{"@type":"ReadAction","target":["https:\/\/finelife.tv\/fr\/2022\/11\/01\/la-fondation-du-doute-celebre-lego-art-de-ben\/"]}]},{"@type":"ImageObject","inLanguage":"fr-FR","@id":"https:\/\/finelife.tv\/fr\/2022\/11\/01\/la-fondation-du-doute-celebre-lego-art-de-ben\/#primaryimage","url":"https:\/\/finelife.tv\/fr\/wp-content\/uploads\/2022\/11\/img-src-22https-finelife.tvimage.jpg-alt-22La-Fondation-du-doute-celebre-l-Ego-art-de-Ben22-scaled.jpg","contentUrl":"https:\/\/finelife.tv\/fr\/wp-content\/uploads\/2022\/11\/img-src-22https-finelife.tvimage.jpg-alt-22La-Fondation-du-doute-celebre-l-Ego-art-de-Ben22-scaled.jpg","width":1920,"height":2560},{"@type":"BreadcrumbList","@id":"https:\/\/finelife.tv\/fr\/2022\/11\/01\/la-fondation-du-doute-celebre-lego-art-de-ben\/#breadcrumb","itemListElement":[{"@type":"ListItem","position":1,"name":"Accueil","item":"https:\/\/finelife.tv\/fr\/"},{"@type":"ListItem","position":2,"name":"La Fondation du doute c\u00e9l\u00e8bre l&#8217;Ego art de Ben"}]},{"@type":"WebSite","@id":"https:\/\/finelife.tv\/fr\/#website","url":"https:\/\/finelife.tv\/fr\/","name":"FineLife.tv","description":"Quand l&#039;Art de vivre croise l&#039;Art de penser","potentialAction":[{"@type":"SearchAction","target":{"@type":"EntryPoint","urlTemplate":"https:\/\/finelife.tv\/fr\/?s={search_term_string}"},"query-input":{"@type":"PropertyValueSpecification","valueRequired":true,"valueName":"search_term_string"}}],"inLanguage":"fr-FR"},{"@type":"Person","@id":"https:\/\/finelife.tv\/fr\/#\/schema\/person\/e3d980b0c0b3dc5af01c3455893c8c52","name":"Leonore","image":{"@type":"ImageObject","inLanguage":"fr-FR","@id":"https:\/\/secure.gravatar.com\/avatar\/9a2e5073417479f910ffdeee54da5ccf4f91eab62746ce0ae0e81124a9491a79?s=96&d=mm&r=g","url":"https:\/\/secure.gravatar.com\/avatar\/9a2e5073417479f910ffdeee54da5ccf4f91eab62746ce0ae0e81124a9491a79?s=96&d=mm&r=g","contentUrl":"https:\/\/secure.gravatar.com\/avatar\/9a2e5073417479f910ffdeee54da5ccf4f91eab62746ce0ae0e81124a9491a79?s=96&d=mm&r=g","caption":"Leonore"}}]}},"_links":{"self":[{"href":"https:\/\/finelife.tv\/fr\/wp-json\/wp\/v2\/posts\/12071","targetHints":{"allow":["GET"]}}],"collection":[{"href":"https:\/\/finelife.tv\/fr\/wp-json\/wp\/v2\/posts"}],"about":[{"href":"https:\/\/finelife.tv\/fr\/wp-json\/wp\/v2\/types\/post"}],"author":[{"embeddable":true,"href":"https:\/\/finelife.tv\/fr\/wp-json\/wp\/v2\/users\/1"}],"replies":[{"embeddable":true,"href":"https:\/\/finelife.tv\/fr\/wp-json\/wp\/v2\/comments?post=12071"}],"version-history":[{"count":41,"href":"https:\/\/finelife.tv\/fr\/wp-json\/wp\/v2\/posts\/12071\/revisions"}],"predecessor-version":[{"id":12164,"href":"https:\/\/finelife.tv\/fr\/wp-json\/wp\/v2\/posts\/12071\/revisions\/12164"}],"wp:attachment":[{"href":"https:\/\/finelife.tv\/fr\/wp-json\/wp\/v2\/media?parent=12071"}],"wp:term":[{"taxonomy":"category","embeddable":true,"href":"https:\/\/finelife.tv\/fr\/wp-json\/wp\/v2\/categories?post=12071"},{"taxonomy":"post_tag","embeddable":true,"href":"https:\/\/finelife.tv\/fr\/wp-json\/wp\/v2\/tags?post=12071"}],"curies":[{"name":"wp","href":"https:\/\/api.w.org\/{rel}","templated":true}]}}