{"id":13792,"date":"2023-07-18T19:00:47","date_gmt":"2023-07-18T17:00:47","guid":{"rendered":"https:\/\/finelife.tv\/fr\/?p=13792"},"modified":"2023-07-26T12:42:06","modified_gmt":"2023-07-26T10:42:06","slug":"lanniversaire-sans-fin-demma-straub","status":"publish","type":"post","link":"https:\/\/finelife.tv\/fr\/2023\/07\/18\/lanniversaire-sans-fin-demma-straub\/","title":{"rendered":"L&rsquo;anniversaire sans fin d&rsquo;Emma Straub"},"content":{"rendered":"<div class=\"wp-block-image\">\n<figure class=\"aligncenter size-full is-resized\"><img loading=\"lazy\" decoding=\"async\" src=\"https:\/\/finelife.tv\/fr\/wp-content\/uploads\/2023\/07\/img-src-22https-finelife.tvimage.jpg-alt-22L-anniversaire-sans-fin-d-Emma-Straub22.jpg\" alt=\"\" class=\"wp-image-13802\" width=\"362\" height=\"582\" srcset=\"https:\/\/finelife.tv\/fr\/wp-content\/uploads\/2023\/07\/img-src-22https-finelife.tvimage.jpg-alt-22L-anniversaire-sans-fin-d-Emma-Straub22.jpg 249w, https:\/\/finelife.tv\/fr\/wp-content\/uploads\/2023\/07\/img-src-22https-finelife.tvimage.jpg-alt-22L-anniversaire-sans-fin-d-Emma-Straub22-187x300.jpg 187w\" sizes=\"auto, (max-width: 362px) 100vw, 362px\" \/><\/figure>\n<\/div>\n\n\n<p><strong>L&rsquo;anniversaire sans fin d&rsquo;Emma Straub joue sur les cons\u00e9quences de nos choix en nous plongeant dans un livre de \u00ab\u00a0science fiction in the city\u00a0\u00bb. Bienvenue dans les mondes parall\u00e8les de Manhattan<\/strong> <strong>entre Alice au pays des merveilles et l&rsquo;\u00e9ternel jour de la marmotte<\/strong>. <strong>Rendez-vous demain m\u00eame heure <\/strong>? <strong>\u00c0 voir &#8230;<\/strong><\/p>\n\n\n\n<p>Le jour de ses 40 ans Alice Stern re\u00e7oit un cadeau : une photo d&rsquo;anniversaire de ses 16 ans. Peut-\u00eatre son meilleur souvenir. Tout allait bien alors. Elle profitait \u00e0 fond de son adolescence. Tout \u00e9tait ouvert. Tout \u00e9tait possible. Seul regret : ne pas avoir croqu\u00e9 Tommy, son crush.<\/p>\n\n\n\n<p>Aujourd&rsquo;hui en revanche les choses stagnent, l&rsquo;existence est un \u00e9ternel pr\u00e9sent terne. Emma travaille dans son ancienne \u00e9cole hupp\u00e9e. Pi\u00e8tre accomplissement professionnel. Son p\u00e8re, L\u00e9onard, avec qui elle entretient toujours une relation fusionnelle, va mourir. Elle vient par ailleurs de d\u00e9cliner une proposition de mariage. Et voil\u00e0 Tommy qui r\u00e9apparait pour inscrire son fils \u00e0 l&rsquo;\u00e9cole. <\/p>\n\n\n\n<p>Apr\u00e8s la soir\u00e9e d&rsquo;anniversaire avec Sam, sa meilleure amie, Alice s&rsquo;endort pr\u00e8s de la maison o\u00f9 elle a grandi. Quand elle se r\u00e9veille, c&rsquo;est au pays des merveilles de son BDay. En 1996.<\/p>\n\n\n\n<h2 class=\"wp-block-heading\">Voyages dans le temps  <\/h2>\n\n\n\n<p>Alice va faire des dizaines d&rsquo;allers-retours entre ce jour solaire et le pr\u00e9sent ou bien encore une vie parall\u00e8le avec Tom. Tout d\u00e9pend de ses choix. Tout d\u00e9pend des inflexions, des mots et des attitudes. Ainsi c&rsquo;est parce qu&rsquo;elle attire Tommy sous la couette et lui soutire une promesse qu&rsquo;elle se r\u00e9veille dans une vie o\u00f9 sa maison est une demeure sublime, habit\u00e9e par deux adorables bambins et par un Tommy toujours aussi s\u00e9duisant. Mais se sent-elle \u00e0 sa place ? Est-ce vraiment ce qu&rsquo;elle d\u00e9sire ? Un sentiment proche de l&rsquo;\u00e9trange familiarit\u00e9 la hante. Ce foyer si proche, si d\u00e9sir\u00e9 n&rsquo;est pas le sien. <\/p>\n\n\n\n<p>Autre inflexion qu&rsquo;Alice veut donner aux choses : la sant\u00e9 de son p\u00e8re. Elle lui sugg\u00e8re une meilleure hygi\u00e8ne : du sport, pas de tabac et une alimentation saine. Mais rien n&rsquo;y fait. L\u00e9onard est toujours malade comme us\u00e9, rong\u00e9 par un temps qui se serait acc\u00e9l\u00e9r\u00e9, par de multiples vies. La seule chose qui change est un livre. Leonard \u00e9tait l&rsquo;auteur d&rsquo;un unique best-seller &#8230;. de science fiction. Dans les vies parrall\u00e8les d&rsquo;Alice, il publie en revanche un autre roman qui raconte &#8230; ce qu&rsquo;elle vit, \u00e0 savoir ses voyages dans l&rsquo;espace temps. Autre succ\u00e8s de librairie ! Et l&rsquo;occasion d&rsquo;ailleurs de r\u00e9viser nos connaissances sur les portails spatio-temporels, la dilation ou la contraction des vies dans l&rsquo;espace-temps (liste no exhaustive).<\/p>\n\n\n\n<h2 class=\"wp-block-heading\">Voyages dans les \u00e9motions<\/h2>\n\n\n\n<p>Lors de l&rsquo;\u00e9ternel retour de son anniversaire Alice va revivre une multitude de sensations. Se r\u00e9veiller dans le corps d&rsquo;une ado. Se d\u00e9couvrir un visage de madone. Ou encore renouer avec le r\u00e9confort d&rsquo;une chambre en bordel, l&rsquo;exaltation des amiti\u00e9s adolescentes, les fringues des 90es &#8230; <\/p>\n\n\n\n<p>Ensuite il y a, comme dans \u00ab\u00a0Un jour sans fin\u00a0\u00bb, le film culte d&rsquo;Harold Ramis avec Bill Murray et Andie MacDowell (1993), un jeu avec l&rsquo;\u00e9ternel retour du m\u00eame moyennant quelques variations provoqu\u00e9es. Go\u00fbter toutes les glaces possibles, toutes les versions de pizzas et hot dogs, se balader encore et encore dans le Manhattan des ann\u00e9es 90, s&rsquo;impr\u00e9gner de la ville &#8230;<\/p>\n\n\n\n<p>Demain m\u00eame heure, best seller du New York Times, a la douceur aigre douce du temps qui passe et nous renvoie \u00e0 notre finitude qui prend curieusement un go\u00fbt de feel good. M\u00eame si h\u00e9las on reste sur sa faim en mati\u00e8re d&rsquo;originalit\u00e9. Rien non plus de vraiment excitant c\u00f4t\u00e9 \u00ab\u00a0philosophie de la vie\u00a0\u00bb. Bref un r\u00e9cit de vacances \u00e0 lire pour se d\u00e9tendre. <\/p>\n\n\n\n<p><\/p>\n\n\n\n<h2 class=\"wp-block-heading has-text-align-center\">INFOS<\/h2>\n\n\n\n<p><strong>Demain m\u00eame heure<\/strong><\/p>\n\n\n\n<p>Emma Straub<\/p>\n\n\n\n<p>\u00c9ditions Les Escales <a href=\"https:\/\/lesescales.fr\">https:\/\/lesescales.fr<\/a><\/p>\n\n\n\n<p>Related article L&rsquo;anniversaire sans fin d&rsquo;Emma Straub<\/p>\n\n\n\n<p><strong>Le grand B.A.L danse de dupes sur nature morte<\/strong> <a href=\"https:\/\/finelife.tv\/fr\/2018\/08\/27\/le-grand-b-a-l-danse-de-dupes-sur-nature-morte\/\">https:\/\/finelife.tv\/fr\/2018\/08\/27\/le-grand-b-a-l-danse-de-dupes-sur-nature-morte\/<\/a><\/p>\n\n\n\n<p><strong>Un dernier \u00e9t\u00e9 roman fadasse \u00e0 Nantucket <\/strong><a href=\"https:\/\/finelife.tv\/fr\/2023\/07\/25\/un-dernier-ete-roman-guimauve-a-nantucket\/\">https:\/\/finelife.tv\/fr\/2023\/07\/25\/un-dernier-ete-roman-guimauve-a-nantucket\/<\/a><\/p>\n","protected":false},"excerpt":{"rendered":"<p>L&rsquo;anniversaire sans fin d&rsquo;Emma Straub joue la petite musique du si c&rsquo;\u00e9tait \u00e0 refaire dans un Manhattan de science fiction douce am\u00e8re. Alors rendez-vous demain \u00e0 la m\u00eame heure <\/p>\n","protected":false},"author":1,"featured_media":0,"comment_status":"open","ping_status":"open","sticky":false,"template":"","format":"standard","meta":{"footnotes":""},"categories":[4],"tags":[2226,4022,2080,1831,1663,269,4021],"class_list":["post-13792","post","type-post","status-publish","format-standard","hentry","category-blog","tag-adolescence","tag-emma-straub","tag-fell-good","tag-litterature-americaine","tag-livre","tag-roman","tag-roman-de-science-fiction"],"yoast_head":"<!-- This site is optimized with the Yoast SEO plugin v27.5 - https:\/\/yoast.com\/product\/yoast-seo-wordpress\/ -->\n<title>L&#039;anniversaire sans fin d&#039;Emma Straub - FineLife.tv<\/title>\n<meta name=\"description\" content=\"L&#039;anniversaire sans fin d&#039;Emma Straub joue la petite musique du si c&#039;\u00e9tait \u00e0 refaire dans un Manhattan de science fiction douce am\u00e8re\" \/>\n<meta name=\"robots\" content=\"index, follow, max-snippet:-1, max-image-preview:large, max-video-preview:-1\" \/>\n<link rel=\"canonical\" href=\"https:\/\/finelife.tv\/fr\/2023\/07\/18\/lanniversaire-sans-fin-demma-straub\/\" \/>\n<meta property=\"og:locale\" content=\"fr_FR\" \/>\n<meta property=\"og:type\" content=\"article\" \/>\n<meta property=\"og:title\" content=\"L&#039;anniversaire sans fin d&#039;Emma Straub - FineLife.tv\" \/>\n<meta property=\"og:description\" content=\"L&#039;anniversaire sans fin d&#039;Emma Straub joue la petite musique du si c&#039;\u00e9tait \u00e0 refaire dans un Manhattan de science fiction douce am\u00e8re\" \/>\n<meta property=\"og:url\" content=\"https:\/\/finelife.tv\/fr\/2023\/07\/18\/lanniversaire-sans-fin-demma-straub\/\" \/>\n<meta property=\"og:site_name\" content=\"FineLife.tv\" \/>\n<meta property=\"article:published_time\" content=\"2023-07-18T17:00:47+00:00\" \/>\n<meta property=\"article:modified_time\" content=\"2023-07-26T10:42:06+00:00\" \/>\n<meta property=\"og:image\" content=\"https:\/\/finelife.tv\/fr\/wp-content\/uploads\/2023\/07\/img-src-22https-finelife.tvimage.jpg-alt-22L-anniversaire-sans-fin-d-Emma-Straub22.jpg\" \/>\n<meta name=\"author\" content=\"Leonore\" \/>\n<meta name=\"twitter:card\" content=\"summary_large_image\" \/>\n<meta name=\"twitter:creator\" content=\"@finelifetv\" \/>\n<meta name=\"twitter:site\" content=\"@finelifetv\" \/>\n<meta name=\"twitter:label1\" content=\"\u00c9crit par\" \/>\n\t<meta name=\"twitter:data1\" content=\"Leonore\" \/>\n\t<meta name=\"twitter:label2\" content=\"Dur\u00e9e de lecture estim\u00e9e\" \/>\n\t<meta name=\"twitter:data2\" content=\"4 minutes\" \/>\n<script type=\"application\/ld+json\" class=\"yoast-schema-graph\">{\"@context\":\"https:\\\/\\\/schema.org\",\"@graph\":[{\"@type\":\"Article\",\"@id\":\"https:\\\/\\\/finelife.tv\\\/fr\\\/2023\\\/07\\\/18\\\/lanniversaire-sans-fin-demma-straub\\\/#article\",\"isPartOf\":{\"@id\":\"https:\\\/\\\/finelife.tv\\\/fr\\\/2023\\\/07\\\/18\\\/lanniversaire-sans-fin-demma-straub\\\/\"},\"author\":{\"name\":\"Leonore\",\"@id\":\"https:\\\/\\\/finelife.tv\\\/fr\\\/#\\\/schema\\\/person\\\/e3d980b0c0b3dc5af01c3455893c8c52\"},\"headline\":\"L&rsquo;anniversaire sans fin d&rsquo;Emma Straub\",\"datePublished\":\"2023-07-18T17:00:47+00:00\",\"dateModified\":\"2023-07-26T10:42:06+00:00\",\"mainEntityOfPage\":{\"@id\":\"https:\\\/\\\/finelife.tv\\\/fr\\\/2023\\\/07\\\/18\\\/lanniversaire-sans-fin-demma-straub\\\/\"},\"wordCount\":714,\"commentCount\":2,\"image\":{\"@id\":\"https:\\\/\\\/finelife.tv\\\/fr\\\/2023\\\/07\\\/18\\\/lanniversaire-sans-fin-demma-straub\\\/#primaryimage\"},\"thumbnailUrl\":\"https:\\\/\\\/finelife.tv\\\/fr\\\/wp-content\\\/uploads\\\/2023\\\/07\\\/img-src-22https-finelife.tvimage.jpg-alt-22L-anniversaire-sans-fin-d-Emma-Straub22.jpg\",\"keywords\":[\"adolescence\",\"emma straub\",\"fell good\",\"litt\u00e9rature am\u00e9ricaine\",\"livre\",\"roman\",\"roman de science fiction\"],\"articleSection\":[\"Blog\"],\"inLanguage\":\"fr-FR\",\"potentialAction\":[{\"@type\":\"CommentAction\",\"name\":\"Comment\",\"target\":[\"https:\\\/\\\/finelife.tv\\\/fr\\\/2023\\\/07\\\/18\\\/lanniversaire-sans-fin-demma-straub\\\/#respond\"]}]},{\"@type\":\"WebPage\",\"@id\":\"https:\\\/\\\/finelife.tv\\\/fr\\\/2023\\\/07\\\/18\\\/lanniversaire-sans-fin-demma-straub\\\/\",\"url\":\"https:\\\/\\\/finelife.tv\\\/fr\\\/2023\\\/07\\\/18\\\/lanniversaire-sans-fin-demma-straub\\\/\",\"name\":\"L'anniversaire sans fin d'Emma Straub - FineLife.tv\",\"isPartOf\":{\"@id\":\"https:\\\/\\\/finelife.tv\\\/fr\\\/#website\"},\"primaryImageOfPage\":{\"@id\":\"https:\\\/\\\/finelife.tv\\\/fr\\\/2023\\\/07\\\/18\\\/lanniversaire-sans-fin-demma-straub\\\/#primaryimage\"},\"image\":{\"@id\":\"https:\\\/\\\/finelife.tv\\\/fr\\\/2023\\\/07\\\/18\\\/lanniversaire-sans-fin-demma-straub\\\/#primaryimage\"},\"thumbnailUrl\":\"https:\\\/\\\/finelife.tv\\\/fr\\\/wp-content\\\/uploads\\\/2023\\\/07\\\/img-src-22https-finelife.tvimage.jpg-alt-22L-anniversaire-sans-fin-d-Emma-Straub22.jpg\",\"datePublished\":\"2023-07-18T17:00:47+00:00\",\"dateModified\":\"2023-07-26T10:42:06+00:00\",\"author\":{\"@id\":\"https:\\\/\\\/finelife.tv\\\/fr\\\/#\\\/schema\\\/person\\\/e3d980b0c0b3dc5af01c3455893c8c52\"},\"description\":\"L'anniversaire sans fin d'Emma Straub joue la petite musique du si c'\u00e9tait \u00e0 refaire dans un Manhattan de science fiction douce am\u00e8re\",\"breadcrumb\":{\"@id\":\"https:\\\/\\\/finelife.tv\\\/fr\\\/2023\\\/07\\\/18\\\/lanniversaire-sans-fin-demma-straub\\\/#breadcrumb\"},\"inLanguage\":\"fr-FR\",\"potentialAction\":[{\"@type\":\"ReadAction\",\"target\":[\"https:\\\/\\\/finelife.tv\\\/fr\\\/2023\\\/07\\\/18\\\/lanniversaire-sans-fin-demma-straub\\\/\"]}]},{\"@type\":\"ImageObject\",\"inLanguage\":\"fr-FR\",\"@id\":\"https:\\\/\\\/finelife.tv\\\/fr\\\/2023\\\/07\\\/18\\\/lanniversaire-sans-fin-demma-straub\\\/#primaryimage\",\"url\":\"https:\\\/\\\/finelife.tv\\\/fr\\\/wp-content\\\/uploads\\\/2023\\\/07\\\/img-src-22https-finelife.tvimage.jpg-alt-22L-anniversaire-sans-fin-d-Emma-Straub22.jpg\",\"contentUrl\":\"https:\\\/\\\/finelife.tv\\\/fr\\\/wp-content\\\/uploads\\\/2023\\\/07\\\/img-src-22https-finelife.tvimage.jpg-alt-22L-anniversaire-sans-fin-d-Emma-Straub22.jpg\",\"width\":249,\"height\":400},{\"@type\":\"BreadcrumbList\",\"@id\":\"https:\\\/\\\/finelife.tv\\\/fr\\\/2023\\\/07\\\/18\\\/lanniversaire-sans-fin-demma-straub\\\/#breadcrumb\",\"itemListElement\":[{\"@type\":\"ListItem\",\"position\":1,\"name\":\"Accueil\",\"item\":\"https:\\\/\\\/finelife.tv\\\/fr\\\/\"},{\"@type\":\"ListItem\",\"position\":2,\"name\":\"L&#8217;anniversaire sans fin d&#8217;Emma Straub\"}]},{\"@type\":\"WebSite\",\"@id\":\"https:\\\/\\\/finelife.tv\\\/fr\\\/#website\",\"url\":\"https:\\\/\\\/finelife.tv\\\/fr\\\/\",\"name\":\"FineLife.tv\",\"description\":\"Quand l&#039;Art de vivre croise l&#039;Art de penser\",\"potentialAction\":[{\"@type\":\"SearchAction\",\"target\":{\"@type\":\"EntryPoint\",\"urlTemplate\":\"https:\\\/\\\/finelife.tv\\\/fr\\\/?s={search_term_string}\"},\"query-input\":{\"@type\":\"PropertyValueSpecification\",\"valueRequired\":true,\"valueName\":\"search_term_string\"}}],\"inLanguage\":\"fr-FR\"},{\"@type\":\"Person\",\"@id\":\"https:\\\/\\\/finelife.tv\\\/fr\\\/#\\\/schema\\\/person\\\/e3d980b0c0b3dc5af01c3455893c8c52\",\"name\":\"Leonore\",\"image\":{\"@type\":\"ImageObject\",\"inLanguage\":\"fr-FR\",\"@id\":\"https:\\\/\\\/secure.gravatar.com\\\/avatar\\\/9a2e5073417479f910ffdeee54da5ccf4f91eab62746ce0ae0e81124a9491a79?s=96&d=mm&r=g\",\"url\":\"https:\\\/\\\/secure.gravatar.com\\\/avatar\\\/9a2e5073417479f910ffdeee54da5ccf4f91eab62746ce0ae0e81124a9491a79?s=96&d=mm&r=g\",\"contentUrl\":\"https:\\\/\\\/secure.gravatar.com\\\/avatar\\\/9a2e5073417479f910ffdeee54da5ccf4f91eab62746ce0ae0e81124a9491a79?s=96&d=mm&r=g\",\"caption\":\"Leonore\"}}]}<\/script>\n<!-- \/ Yoast SEO plugin. -->","yoast_head_json":{"title":"L'anniversaire sans fin d'Emma Straub - FineLife.tv","description":"L'anniversaire sans fin d'Emma Straub joue la petite musique du si c'\u00e9tait \u00e0 refaire dans un Manhattan de science fiction douce am\u00e8re","robots":{"index":"index","follow":"follow","max-snippet":"max-snippet:-1","max-image-preview":"max-image-preview:large","max-video-preview":"max-video-preview:-1"},"canonical":"https:\/\/finelife.tv\/fr\/2023\/07\/18\/lanniversaire-sans-fin-demma-straub\/","og_locale":"fr_FR","og_type":"article","og_title":"L'anniversaire sans fin d'Emma Straub - FineLife.tv","og_description":"L'anniversaire sans fin d'Emma Straub joue la petite musique du si c'\u00e9tait \u00e0 refaire dans un Manhattan de science fiction douce am\u00e8re","og_url":"https:\/\/finelife.tv\/fr\/2023\/07\/18\/lanniversaire-sans-fin-demma-straub\/","og_site_name":"FineLife.tv","article_published_time":"2023-07-18T17:00:47+00:00","article_modified_time":"2023-07-26T10:42:06+00:00","og_image":[{"url":"https:\/\/finelife.tv\/fr\/wp-content\/uploads\/2023\/07\/img-src-22https-finelife.tvimage.jpg-alt-22L-anniversaire-sans-fin-d-Emma-Straub22.jpg","type":"","width":"","height":""}],"author":"Leonore","twitter_card":"summary_large_image","twitter_creator":"@finelifetv","twitter_site":"@finelifetv","twitter_misc":{"\u00c9crit par":"Leonore","Dur\u00e9e de lecture estim\u00e9e":"4 minutes"},"schema":{"@context":"https:\/\/schema.org","@graph":[{"@type":"Article","@id":"https:\/\/finelife.tv\/fr\/2023\/07\/18\/lanniversaire-sans-fin-demma-straub\/#article","isPartOf":{"@id":"https:\/\/finelife.tv\/fr\/2023\/07\/18\/lanniversaire-sans-fin-demma-straub\/"},"author":{"name":"Leonore","@id":"https:\/\/finelife.tv\/fr\/#\/schema\/person\/e3d980b0c0b3dc5af01c3455893c8c52"},"headline":"L&rsquo;anniversaire sans fin d&rsquo;Emma Straub","datePublished":"2023-07-18T17:00:47+00:00","dateModified":"2023-07-26T10:42:06+00:00","mainEntityOfPage":{"@id":"https:\/\/finelife.tv\/fr\/2023\/07\/18\/lanniversaire-sans-fin-demma-straub\/"},"wordCount":714,"commentCount":2,"image":{"@id":"https:\/\/finelife.tv\/fr\/2023\/07\/18\/lanniversaire-sans-fin-demma-straub\/#primaryimage"},"thumbnailUrl":"https:\/\/finelife.tv\/fr\/wp-content\/uploads\/2023\/07\/img-src-22https-finelife.tvimage.jpg-alt-22L-anniversaire-sans-fin-d-Emma-Straub22.jpg","keywords":["adolescence","emma straub","fell good","litt\u00e9rature am\u00e9ricaine","livre","roman","roman de science fiction"],"articleSection":["Blog"],"inLanguage":"fr-FR","potentialAction":[{"@type":"CommentAction","name":"Comment","target":["https:\/\/finelife.tv\/fr\/2023\/07\/18\/lanniversaire-sans-fin-demma-straub\/#respond"]}]},{"@type":"WebPage","@id":"https:\/\/finelife.tv\/fr\/2023\/07\/18\/lanniversaire-sans-fin-demma-straub\/","url":"https:\/\/finelife.tv\/fr\/2023\/07\/18\/lanniversaire-sans-fin-demma-straub\/","name":"L'anniversaire sans fin d'Emma Straub - FineLife.tv","isPartOf":{"@id":"https:\/\/finelife.tv\/fr\/#website"},"primaryImageOfPage":{"@id":"https:\/\/finelife.tv\/fr\/2023\/07\/18\/lanniversaire-sans-fin-demma-straub\/#primaryimage"},"image":{"@id":"https:\/\/finelife.tv\/fr\/2023\/07\/18\/lanniversaire-sans-fin-demma-straub\/#primaryimage"},"thumbnailUrl":"https:\/\/finelife.tv\/fr\/wp-content\/uploads\/2023\/07\/img-src-22https-finelife.tvimage.jpg-alt-22L-anniversaire-sans-fin-d-Emma-Straub22.jpg","datePublished":"2023-07-18T17:00:47+00:00","dateModified":"2023-07-26T10:42:06+00:00","author":{"@id":"https:\/\/finelife.tv\/fr\/#\/schema\/person\/e3d980b0c0b3dc5af01c3455893c8c52"},"description":"L'anniversaire sans fin d'Emma Straub joue la petite musique du si c'\u00e9tait \u00e0 refaire dans un Manhattan de science fiction douce am\u00e8re","breadcrumb":{"@id":"https:\/\/finelife.tv\/fr\/2023\/07\/18\/lanniversaire-sans-fin-demma-straub\/#breadcrumb"},"inLanguage":"fr-FR","potentialAction":[{"@type":"ReadAction","target":["https:\/\/finelife.tv\/fr\/2023\/07\/18\/lanniversaire-sans-fin-demma-straub\/"]}]},{"@type":"ImageObject","inLanguage":"fr-FR","@id":"https:\/\/finelife.tv\/fr\/2023\/07\/18\/lanniversaire-sans-fin-demma-straub\/#primaryimage","url":"https:\/\/finelife.tv\/fr\/wp-content\/uploads\/2023\/07\/img-src-22https-finelife.tvimage.jpg-alt-22L-anniversaire-sans-fin-d-Emma-Straub22.jpg","contentUrl":"https:\/\/finelife.tv\/fr\/wp-content\/uploads\/2023\/07\/img-src-22https-finelife.tvimage.jpg-alt-22L-anniversaire-sans-fin-d-Emma-Straub22.jpg","width":249,"height":400},{"@type":"BreadcrumbList","@id":"https:\/\/finelife.tv\/fr\/2023\/07\/18\/lanniversaire-sans-fin-demma-straub\/#breadcrumb","itemListElement":[{"@type":"ListItem","position":1,"name":"Accueil","item":"https:\/\/finelife.tv\/fr\/"},{"@type":"ListItem","position":2,"name":"L&#8217;anniversaire sans fin d&#8217;Emma Straub"}]},{"@type":"WebSite","@id":"https:\/\/finelife.tv\/fr\/#website","url":"https:\/\/finelife.tv\/fr\/","name":"FineLife.tv","description":"Quand l&#039;Art de vivre croise l&#039;Art de penser","potentialAction":[{"@type":"SearchAction","target":{"@type":"EntryPoint","urlTemplate":"https:\/\/finelife.tv\/fr\/?s={search_term_string}"},"query-input":{"@type":"PropertyValueSpecification","valueRequired":true,"valueName":"search_term_string"}}],"inLanguage":"fr-FR"},{"@type":"Person","@id":"https:\/\/finelife.tv\/fr\/#\/schema\/person\/e3d980b0c0b3dc5af01c3455893c8c52","name":"Leonore","image":{"@type":"ImageObject","inLanguage":"fr-FR","@id":"https:\/\/secure.gravatar.com\/avatar\/9a2e5073417479f910ffdeee54da5ccf4f91eab62746ce0ae0e81124a9491a79?s=96&d=mm&r=g","url":"https:\/\/secure.gravatar.com\/avatar\/9a2e5073417479f910ffdeee54da5ccf4f91eab62746ce0ae0e81124a9491a79?s=96&d=mm&r=g","contentUrl":"https:\/\/secure.gravatar.com\/avatar\/9a2e5073417479f910ffdeee54da5ccf4f91eab62746ce0ae0e81124a9491a79?s=96&d=mm&r=g","caption":"Leonore"}}]}},"_links":{"self":[{"href":"https:\/\/finelife.tv\/fr\/wp-json\/wp\/v2\/posts\/13792","targetHints":{"allow":["GET"]}}],"collection":[{"href":"https:\/\/finelife.tv\/fr\/wp-json\/wp\/v2\/posts"}],"about":[{"href":"https:\/\/finelife.tv\/fr\/wp-json\/wp\/v2\/types\/post"}],"author":[{"embeddable":true,"href":"https:\/\/finelife.tv\/fr\/wp-json\/wp\/v2\/users\/1"}],"replies":[{"embeddable":true,"href":"https:\/\/finelife.tv\/fr\/wp-json\/wp\/v2\/comments?post=13792"}],"version-history":[{"count":13,"href":"https:\/\/finelife.tv\/fr\/wp-json\/wp\/v2\/posts\/13792\/revisions"}],"predecessor-version":[{"id":13893,"href":"https:\/\/finelife.tv\/fr\/wp-json\/wp\/v2\/posts\/13792\/revisions\/13893"}],"wp:attachment":[{"href":"https:\/\/finelife.tv\/fr\/wp-json\/wp\/v2\/media?parent=13792"}],"wp:term":[{"taxonomy":"category","embeddable":true,"href":"https:\/\/finelife.tv\/fr\/wp-json\/wp\/v2\/categories?post=13792"},{"taxonomy":"post_tag","embeddable":true,"href":"https:\/\/finelife.tv\/fr\/wp-json\/wp\/v2\/tags?post=13792"}],"curies":[{"name":"wp","href":"https:\/\/api.w.org\/{rel}","templated":true}]}}