{"id":1403,"date":"2018-01-15T16:25:50","date_gmt":"2018-01-15T15:25:50","guid":{"rendered":"http:\/\/finelife.tv\/fr\/?p=1403"},"modified":"2023-11-21T14:17:26","modified_gmt":"2023-11-21T13:17:26","slug":"paris-photo-2017-doc-vintage-videos","status":"publish","type":"post","link":"https:\/\/finelife.tv\/fr\/2018\/01\/15\/paris-photo-2017-doc-vintage-videos\/","title":{"rendered":"Paris Photo 2017 : doc, vintage et videos"},"content":{"rendered":"<p><iframe loading=\"lazy\" src=\"https:\/\/player.vimeo.com\/video\/251074786?title=0&amp;byline=0&amp;portrait=0\" width=\"356\" height=\"200\" frameborder=\"0\" allowfullscreen=\"allowfullscreen\"><\/iframe><\/p>\n<p>Documentaire, Vintage et Vid\u00e9o sont les axes majeurs de l&rsquo;\u00e9dition Paris Photo 2017.<\/p>\n<p>En particulier dans le secteur Prisme. Ouvert il y a 3 ans, il offre \u00e0 travers des installations, des grands formats et surtout des s\u00e9ries, un autre regard sur le monde de la photo.<\/p>\n<p>Paris Photo et les mondes rebelles<\/p>\n<p><img loading=\"lazy\" decoding=\"async\" class=\"size-full wp-image-1450 aligncenter\" src=\"https:\/\/finelife.tv\/fr\/wp-content\/uploads\/2018\/01\/paris-photo-henry-chalfant-finelifetv.jpg\" alt=\"\" width=\"300\" height=\"300\" srcset=\"https:\/\/finelife.tv\/fr\/wp-content\/uploads\/2018\/01\/paris-photo-henry-chalfant-finelifetv.jpg 300w, https:\/\/finelife.tv\/fr\/wp-content\/uploads\/2018\/01\/paris-photo-henry-chalfant-finelifetv-150x150.jpg 150w\" sizes=\"auto, (max-width: 300px) 100vw, 300px\" \/><\/p>\n<p>Premier arr\u00eat chez Henry Chalfant, le ma\u00eetre de la photo street and graffiti. L&rsquo;ancien sculpteur investi ce monde depuis les ann\u00e9es 80. Il a ouvert son studio aux graffeurs qui viennent voir leur travail captur\u00e9 dans de grands albums.<br \/>\nPour capter les couleurs qui \u00e9clatent sur les clich\u00e9s, Henry Chalfant \u00e0 une m\u00e9thode bien \u00e0 lui. \u00ab\u00a0Je me l\u00e8ve tr\u00e8s t\u00f4t pour me rendre \u00e0 la gare ferroviaire du Bronx. C&rsquo;est l\u00e0 que je peux faire les meilleures prises. \u00c0 cette heure les peintures sur les trains sont tr\u00e8s fra\u00eeches. Elles ont \u00e9t\u00e9 r\u00e9alis\u00e9es dans la nuit, quelques heures plus t\u00f4t. Les usagers ou les employ\u00e9s n&rsquo;ont pas eu le temps de les ab\u00eemer. Elles sont encore intactes\u00a0\u00bb.<\/p>\n<p><img loading=\"lazy\" decoding=\"async\" class=\"size-medium wp-image-1449 aligncenter\" src=\"https:\/\/finelife.tv\/fr\/wp-content\/uploads\/2018\/01\/Karlheins-weinberger-paris-photo-finelifetv-300x300.jpg\" alt=\"\" width=\"300\" height=\"300\" srcset=\"https:\/\/finelife.tv\/fr\/wp-content\/uploads\/2018\/01\/Karlheins-weinberger-paris-photo-finelifetv-300x300.jpg 300w, https:\/\/finelife.tv\/fr\/wp-content\/uploads\/2018\/01\/Karlheins-weinberger-paris-photo-finelifetv-150x150.jpg 150w, https:\/\/finelife.tv\/fr\/wp-content\/uploads\/2018\/01\/Karlheins-weinberger-paris-photo-finelifetv.jpg 500w\" sizes=\"auto, (max-width: 300px) 100vw, 300px\" \/><br \/>\nToujours dans le registre du documentaire underground d\u00e9couverte du travail de Karl Heinz Weinberger sur les blousons noirs suisses. Fascin\u00e9 par la masculinit\u00e9 et les grosses cylindr\u00e9s, le photographe, initialement ouvrier chez Siemens, a suivi pendant les ann\u00e9es 60-70 les marginaux en cuir noir d&rsquo;une Suisse dont on d\u00e9couvre un autre visage.<\/p>\n<p>Des bikers rebelles on passe aux r\u00e9voltes du monde. L&rsquo;ancien jokey Pierre Caron \u00e9toile de l&rsquo;agence Gama a couvert comme une m\u00e9t\u00e9orite les d\u00e9chirures irlandaises, la guerre des 6 jours ou encore les d\u00e9buts de l&rsquo;humanitaire au Biafra. L&rsquo;exposition \u00ab\u00a0Chor\u00e9graphie des r\u00e9voltes\u00a0\u00bb rend hommage au photographe de 68 et de ses pav\u00e9s.<\/p>\n<p>Deux si\u00e8cles de photographie<\/p>\n<p>Sous la nef du Grand Palais, Paris photo pr\u00e9sente deux si\u00e8cles de photographie. Les organisateurs ont fait de Karl Lakerfeld l&rsquo;invit\u00e9 d&rsquo;honneur. Monsieur Chanel y d\u00e9dicace un livre des meilleures photos du salon. Selon lui bien entendu.<\/p>\n<p>La foire regroupe 189 galeries, \u00e9diteurs et partenaires comme La Fondation Pernod Ricard. Dans l&rsquo;objectif de Marin Schoeller, les intrigantes profondeurs du regard de 18 mod\u00e8les.<\/p>\n<p>De Val\u00e9rie Belin \u00e0 Smith<\/p>\n<p><img loading=\"lazy\" decoding=\"async\" class=\"size-medium wp-image-1451 aligncenter\" src=\"https:\/\/finelife.tv\/fr\/wp-content\/uploads\/2018\/01\/seydou-keita-nathalie-obadia-paris-photo-finelifetv-300x169.jpg\" alt=\"\" width=\"300\" height=\"169\" srcset=\"https:\/\/finelife.tv\/fr\/wp-content\/uploads\/2018\/01\/seydou-keita-nathalie-obadia-paris-photo-finelifetv-300x169.jpg 300w, https:\/\/finelife.tv\/fr\/wp-content\/uploads\/2018\/01\/seydou-keita-nathalie-obadia-paris-photo-finelifetv.jpg 653w\" sizes=\"auto, (max-width: 300px) 100vw, 300px\" \/><\/p>\n<p>Les galeries proposent un choix \u00e9clectique qui va au del\u00e0 des 3 th\u00e8mes majeurs. Les tr\u00e8s grands noms de la photo c\u00f4toient les talents plus ou plus \u00e9mergents.<\/p>\n<p>La galerie Nathalie Obadia est un festival de c\u00e9l\u00e9brit\u00e9s. Avec notamment Valerie Belin, Seydou Keita, Youssef Nabil et son regard intime sur l&rsquo;Orient, Andres Serrano qui expose au Petit Palais, Mickaele Thomas qui s&rsquo;attache \u00e0 la femme afro-am\u00e9ricaine.<\/p>\n<p><img loading=\"lazy\" decoding=\"async\" class=\"size-medium wp-image-1411 aligncenter\" src=\"https:\/\/finelife.tv\/fr\/wp-content\/uploads\/2018\/01\/paris-photo-smith-finelifetv-225x300.jpg\" alt=\"\" width=\"225\" height=\"300\" srcset=\"https:\/\/finelife.tv\/fr\/wp-content\/uploads\/2018\/01\/paris-photo-smith-finelifetv-225x300.jpg 225w, https:\/\/finelife.tv\/fr\/wp-content\/uploads\/2018\/01\/paris-photo-smith-finelifetv-768x1024.jpg 768w, https:\/\/finelife.tv\/fr\/wp-content\/uploads\/2018\/01\/paris-photo-smith-finelifetv.jpg 1536w\" sizes=\"auto, (max-width: 225px) 100vw, 225px\" \/><br \/>\nAutre univers \u00e0 la galerie Les Filles du Calvaire qui pr\u00e9sente de jeunes artistes qui font l&rsquo;actualit\u00e9.<br \/>\nCitons Smith qui collabore avec scientifiques et philosophes pour d\u00e9velopper \u00ab\u00a0une po\u00e9tique de la m\u00e9tamorphose\u00a0\u00bb \u00e0 travers m\u00e9langes de m\u00e9diums et nouvelles techniques. Superbe ! \u00c0 remarquer aussi les paysages am\u00e9ricains de Mitch Estein, les espaces migratoires et les s\u00e9ries d&rsquo;uniformes de Samuel Gratacap (exposition \u00e0 venir), les clich\u00e9s de Charles Fr\u00e9ger sur les rites traditionnels japonais, ceux de Laura Henno sur les enfants passeurs de Mayotte.<\/p>\n<p>Vid\u00e9os -dont celle de Laura Henno- et films d&rsquo;artistes sont avec la carte blanche aux \u00e9tudiants les nouveaut\u00e9s de cette \u00e9dition.<\/p>\n<p>Bon visionnage au MK2<\/p>\n<p>Momentum :exposition JR \u00e0 la MEP<\/p>\n<p><blockquote class=\"wp-embedded-content\" data-secret=\"rAiy2nKI84\"><a href=\"https:\/\/finelife.tv\/fr\/2018\/11\/21\/jr-exposition-momentum-a-la-mep\/\">JR : exposition Momentum \u00e0 la MEP<\/a><\/blockquote><iframe loading=\"lazy\" class=\"wp-embedded-content\" sandbox=\"allow-scripts\" security=\"restricted\" style=\"position: absolute; clip: rect(1px, 1px, 1px, 1px);\" title=\"\u00ab\u00a0JR : exposition Momentum \u00e0 la MEP\u00a0\u00bb &#8212; FineLife.tv\" src=\"https:\/\/finelife.tv\/fr\/2018\/11\/21\/jr-exposition-momentum-a-la-mep\/embed\/#?secret=GH4wTdcyLE#?secret=rAiy2nKI84\" data-secret=\"rAiy2nKI84\" width=\"500\" height=\"282\" frameborder=\"0\" marginwidth=\"0\" marginheight=\"0\" scrolling=\"no\"><\/iframe><\/p>\n\n\n<p><strong><a href=\"https:\/\/finelife.tv\/fr\/2023\/11\/21\/paris-photo-murmurations-dalain-delorme\/\">Paris Photo Murmurations d\u2019Alain Delorme<\/a><\/strong><\/p>\n\n\n\n<p><strong><a href=\"https:\/\/finelife.tv\/fr\/2023\/11\/11\/le-prix-lewis-baltz-couronne-marina-gabonneix-et-helene-giannecchini\/\">Le prix Lewis Baltz couronne Marina Gabonneix et H\u00e9l\u00e8ne Giannecchini<\/a><\/strong> \u00e0 Paris Photo<\/p>\n","protected":false},"excerpt":{"rendered":"<p>Paris Photo 2017 met \u00e0 l&rsquo;honneur trois th\u00e8mes : le documentaire, le vintage et les vid\u00e9os de photographes ou d&rsquo;auteurs<\/p>\n","protected":false},"author":1,"featured_media":0,"comment_status":"closed","ping_status":"open","sticky":false,"template":"","format":"standard","meta":{"footnotes":""},"categories":[2],"tags":[610,617,608,622,614,620,607,615,128,619,616,604,606,605,621,618,612,609,611,613],"class_list":["post-1403","post","type-post","status-publish","format-standard","hentry","category-art","tag-andres-serrano","tag-charles-freger","tag-galerie","tag-gama-photo","tag-henry-chalfant","tag-karl-heinz-weinberger","tag-karl-lagerfeld","tag-laura-henno","tag-le-grand-palais","tag-mai-68","tag-mitch-esptein","tag-paris-photo","tag-paris-photo-2017","tag-paris-photo-paris-expo","tag-pierre-caron","tag-samuel-cratacap","tag-seydou-keita","tag-smith","tag-valerie-belin","tag-yousseff-nabil"],"yoast_head":"<!-- This site is optimized with the Yoast SEO plugin v27.5 - https:\/\/yoast.com\/product\/yoast-seo-wordpress\/ -->\n<title>Paris Photo 2017 : doc, vintage et videos - FineLife.tv<\/title>\n<meta name=\"description\" content=\"Paris Photo 2017 met \u00e0 l&#039;honneur trois th\u00e8mes : le documentaire, le vintage et les vid\u00e9os de photographes ou d&#039;auteurs On regarde avec Finelife tv\" \/>\n<meta name=\"robots\" content=\"index, follow, max-snippet:-1, max-image-preview:large, max-video-preview:-1\" \/>\n<link rel=\"canonical\" href=\"https:\/\/finelife.tv\/fr\/2018\/01\/15\/paris-photo-2017-doc-vintage-videos\/\" \/>\n<meta property=\"og:locale\" content=\"fr_FR\" \/>\n<meta property=\"og:type\" content=\"article\" \/>\n<meta property=\"og:title\" content=\"Paris Photo 2017 : doc, vintage et videos - FineLife.tv\" \/>\n<meta property=\"og:description\" content=\"Paris Photo 2017 met \u00e0 l&#039;honneur trois th\u00e8mes : le documentaire, le vintage et les vid\u00e9os de photographes ou d&#039;auteurs On regarde avec Finelife tv\" \/>\n<meta property=\"og:url\" content=\"https:\/\/finelife.tv\/fr\/2018\/01\/15\/paris-photo-2017-doc-vintage-videos\/\" \/>\n<meta property=\"og:site_name\" content=\"FineLife.tv\" \/>\n<meta property=\"article:published_time\" content=\"2018-01-15T15:25:50+00:00\" \/>\n<meta property=\"article:modified_time\" content=\"2023-11-21T13:17:26+00:00\" \/>\n<meta property=\"og:image\" content=\"http:\/\/finelife.tv\/fr\/wp-content\/uploads\/2018\/01\/paris-photo-henry-chalfant-finelifetv.jpg\" \/>\n<meta name=\"author\" content=\"Leonore\" \/>\n<meta name=\"twitter:card\" content=\"summary_large_image\" \/>\n<meta name=\"twitter:creator\" content=\"@finelifetv\" \/>\n<meta name=\"twitter:site\" content=\"@finelifetv\" \/>\n<meta name=\"twitter:label1\" content=\"\u00c9crit par\" \/>\n\t<meta name=\"twitter:data1\" content=\"Leonore\" \/>\n\t<meta name=\"twitter:label2\" content=\"Dur\u00e9e de lecture estim\u00e9e\" \/>\n\t<meta name=\"twitter:data2\" content=\"4 minutes\" \/>\n<script type=\"application\/ld+json\" class=\"yoast-schema-graph\">{\"@context\":\"https:\\\/\\\/schema.org\",\"@graph\":[{\"@type\":\"Article\",\"@id\":\"https:\\\/\\\/finelife.tv\\\/fr\\\/2018\\\/01\\\/15\\\/paris-photo-2017-doc-vintage-videos\\\/#article\",\"isPartOf\":{\"@id\":\"https:\\\/\\\/finelife.tv\\\/fr\\\/2018\\\/01\\\/15\\\/paris-photo-2017-doc-vintage-videos\\\/\"},\"author\":{\"name\":\"Leonore\",\"@id\":\"https:\\\/\\\/finelife.tv\\\/fr\\\/#\\\/schema\\\/person\\\/e3d980b0c0b3dc5af01c3455893c8c52\"},\"headline\":\"Paris Photo 2017 : doc, vintage et videos\",\"datePublished\":\"2018-01-15T15:25:50+00:00\",\"dateModified\":\"2023-11-21T13:17:26+00:00\",\"mainEntityOfPage\":{\"@id\":\"https:\\\/\\\/finelife.tv\\\/fr\\\/2018\\\/01\\\/15\\\/paris-photo-2017-doc-vintage-videos\\\/\"},\"wordCount\":609,\"image\":{\"@id\":\"https:\\\/\\\/finelife.tv\\\/fr\\\/2018\\\/01\\\/15\\\/paris-photo-2017-doc-vintage-videos\\\/#primaryimage\"},\"thumbnailUrl\":\"http:\\\/\\\/finelife.tv\\\/fr\\\/wp-content\\\/uploads\\\/2018\\\/01\\\/paris-photo-henry-chalfant-finelifetv.jpg\",\"keywords\":[\"Andres Serrano\",\"charles fr\u00e9ger\",\"galerie\",\"gama photo\",\"henry Chalfant\",\"Karl Heinz Weinberger\",\"karl lagerfeld\",\"laura henno\",\"le grand palais\",\"mai 68\",\"Mitch Esptein\",\"paris photo\",\"paris photo 2017\",\"paris photo paris expo\",\"pierre caron\",\"samuel cratacap\",\"Seydou Keita\",\"Smith\",\"Valerie belin\",\"yousseff Nabil\"],\"articleSection\":[\"Art\"],\"inLanguage\":\"fr-FR\"},{\"@type\":\"WebPage\",\"@id\":\"https:\\\/\\\/finelife.tv\\\/fr\\\/2018\\\/01\\\/15\\\/paris-photo-2017-doc-vintage-videos\\\/\",\"url\":\"https:\\\/\\\/finelife.tv\\\/fr\\\/2018\\\/01\\\/15\\\/paris-photo-2017-doc-vintage-videos\\\/\",\"name\":\"Paris Photo 2017 : doc, vintage et videos - FineLife.tv\",\"isPartOf\":{\"@id\":\"https:\\\/\\\/finelife.tv\\\/fr\\\/#website\"},\"primaryImageOfPage\":{\"@id\":\"https:\\\/\\\/finelife.tv\\\/fr\\\/2018\\\/01\\\/15\\\/paris-photo-2017-doc-vintage-videos\\\/#primaryimage\"},\"image\":{\"@id\":\"https:\\\/\\\/finelife.tv\\\/fr\\\/2018\\\/01\\\/15\\\/paris-photo-2017-doc-vintage-videos\\\/#primaryimage\"},\"thumbnailUrl\":\"http:\\\/\\\/finelife.tv\\\/fr\\\/wp-content\\\/uploads\\\/2018\\\/01\\\/paris-photo-henry-chalfant-finelifetv.jpg\",\"datePublished\":\"2018-01-15T15:25:50+00:00\",\"dateModified\":\"2023-11-21T13:17:26+00:00\",\"author\":{\"@id\":\"https:\\\/\\\/finelife.tv\\\/fr\\\/#\\\/schema\\\/person\\\/e3d980b0c0b3dc5af01c3455893c8c52\"},\"description\":\"Paris Photo 2017 met \u00e0 l'honneur trois th\u00e8mes : le documentaire, le vintage et les vid\u00e9os de photographes ou d'auteurs On regarde avec Finelife tv\",\"breadcrumb\":{\"@id\":\"https:\\\/\\\/finelife.tv\\\/fr\\\/2018\\\/01\\\/15\\\/paris-photo-2017-doc-vintage-videos\\\/#breadcrumb\"},\"inLanguage\":\"fr-FR\",\"potentialAction\":[{\"@type\":\"ReadAction\",\"target\":[\"https:\\\/\\\/finelife.tv\\\/fr\\\/2018\\\/01\\\/15\\\/paris-photo-2017-doc-vintage-videos\\\/\"]}]},{\"@type\":\"ImageObject\",\"inLanguage\":\"fr-FR\",\"@id\":\"https:\\\/\\\/finelife.tv\\\/fr\\\/2018\\\/01\\\/15\\\/paris-photo-2017-doc-vintage-videos\\\/#primaryimage\",\"url\":\"http:\\\/\\\/finelife.tv\\\/fr\\\/wp-content\\\/uploads\\\/2018\\\/01\\\/paris-photo-henry-chalfant-finelifetv.jpg\",\"contentUrl\":\"http:\\\/\\\/finelife.tv\\\/fr\\\/wp-content\\\/uploads\\\/2018\\\/01\\\/paris-photo-henry-chalfant-finelifetv.jpg\"},{\"@type\":\"BreadcrumbList\",\"@id\":\"https:\\\/\\\/finelife.tv\\\/fr\\\/2018\\\/01\\\/15\\\/paris-photo-2017-doc-vintage-videos\\\/#breadcrumb\",\"itemListElement\":[{\"@type\":\"ListItem\",\"position\":1,\"name\":\"Accueil\",\"item\":\"https:\\\/\\\/finelife.tv\\\/fr\\\/\"},{\"@type\":\"ListItem\",\"position\":2,\"name\":\"Paris Photo 2017 : doc, vintage et videos\"}]},{\"@type\":\"WebSite\",\"@id\":\"https:\\\/\\\/finelife.tv\\\/fr\\\/#website\",\"url\":\"https:\\\/\\\/finelife.tv\\\/fr\\\/\",\"name\":\"FineLife.tv\",\"description\":\"Quand l&#039;Art de vivre croise l&#039;Art de penser\",\"potentialAction\":[{\"@type\":\"SearchAction\",\"target\":{\"@type\":\"EntryPoint\",\"urlTemplate\":\"https:\\\/\\\/finelife.tv\\\/fr\\\/?s={search_term_string}\"},\"query-input\":{\"@type\":\"PropertyValueSpecification\",\"valueRequired\":true,\"valueName\":\"search_term_string\"}}],\"inLanguage\":\"fr-FR\"},{\"@type\":\"Person\",\"@id\":\"https:\\\/\\\/finelife.tv\\\/fr\\\/#\\\/schema\\\/person\\\/e3d980b0c0b3dc5af01c3455893c8c52\",\"name\":\"Leonore\",\"image\":{\"@type\":\"ImageObject\",\"inLanguage\":\"fr-FR\",\"@id\":\"https:\\\/\\\/secure.gravatar.com\\\/avatar\\\/9a2e5073417479f910ffdeee54da5ccf4f91eab62746ce0ae0e81124a9491a79?s=96&d=mm&r=g\",\"url\":\"https:\\\/\\\/secure.gravatar.com\\\/avatar\\\/9a2e5073417479f910ffdeee54da5ccf4f91eab62746ce0ae0e81124a9491a79?s=96&d=mm&r=g\",\"contentUrl\":\"https:\\\/\\\/secure.gravatar.com\\\/avatar\\\/9a2e5073417479f910ffdeee54da5ccf4f91eab62746ce0ae0e81124a9491a79?s=96&d=mm&r=g\",\"caption\":\"Leonore\"}}]}<\/script>\n<!-- \/ Yoast SEO plugin. -->","yoast_head_json":{"title":"Paris Photo 2017 : doc, vintage et videos - FineLife.tv","description":"Paris Photo 2017 met \u00e0 l'honneur trois th\u00e8mes : le documentaire, le vintage et les vid\u00e9os de photographes ou d'auteurs On regarde avec Finelife tv","robots":{"index":"index","follow":"follow","max-snippet":"max-snippet:-1","max-image-preview":"max-image-preview:large","max-video-preview":"max-video-preview:-1"},"canonical":"https:\/\/finelife.tv\/fr\/2018\/01\/15\/paris-photo-2017-doc-vintage-videos\/","og_locale":"fr_FR","og_type":"article","og_title":"Paris Photo 2017 : doc, vintage et videos - FineLife.tv","og_description":"Paris Photo 2017 met \u00e0 l'honneur trois th\u00e8mes : le documentaire, le vintage et les vid\u00e9os de photographes ou d'auteurs On regarde avec Finelife tv","og_url":"https:\/\/finelife.tv\/fr\/2018\/01\/15\/paris-photo-2017-doc-vintage-videos\/","og_site_name":"FineLife.tv","article_published_time":"2018-01-15T15:25:50+00:00","article_modified_time":"2023-11-21T13:17:26+00:00","og_image":[{"url":"http:\/\/finelife.tv\/fr\/wp-content\/uploads\/2018\/01\/paris-photo-henry-chalfant-finelifetv.jpg","type":"","width":"","height":""}],"author":"Leonore","twitter_card":"summary_large_image","twitter_creator":"@finelifetv","twitter_site":"@finelifetv","twitter_misc":{"\u00c9crit par":"Leonore","Dur\u00e9e de lecture estim\u00e9e":"4 minutes"},"schema":{"@context":"https:\/\/schema.org","@graph":[{"@type":"Article","@id":"https:\/\/finelife.tv\/fr\/2018\/01\/15\/paris-photo-2017-doc-vintage-videos\/#article","isPartOf":{"@id":"https:\/\/finelife.tv\/fr\/2018\/01\/15\/paris-photo-2017-doc-vintage-videos\/"},"author":{"name":"Leonore","@id":"https:\/\/finelife.tv\/fr\/#\/schema\/person\/e3d980b0c0b3dc5af01c3455893c8c52"},"headline":"Paris Photo 2017 : doc, vintage et videos","datePublished":"2018-01-15T15:25:50+00:00","dateModified":"2023-11-21T13:17:26+00:00","mainEntityOfPage":{"@id":"https:\/\/finelife.tv\/fr\/2018\/01\/15\/paris-photo-2017-doc-vintage-videos\/"},"wordCount":609,"image":{"@id":"https:\/\/finelife.tv\/fr\/2018\/01\/15\/paris-photo-2017-doc-vintage-videos\/#primaryimage"},"thumbnailUrl":"http:\/\/finelife.tv\/fr\/wp-content\/uploads\/2018\/01\/paris-photo-henry-chalfant-finelifetv.jpg","keywords":["Andres Serrano","charles fr\u00e9ger","galerie","gama photo","henry Chalfant","Karl Heinz Weinberger","karl lagerfeld","laura henno","le grand palais","mai 68","Mitch Esptein","paris photo","paris photo 2017","paris photo paris expo","pierre caron","samuel cratacap","Seydou Keita","Smith","Valerie belin","yousseff Nabil"],"articleSection":["Art"],"inLanguage":"fr-FR"},{"@type":"WebPage","@id":"https:\/\/finelife.tv\/fr\/2018\/01\/15\/paris-photo-2017-doc-vintage-videos\/","url":"https:\/\/finelife.tv\/fr\/2018\/01\/15\/paris-photo-2017-doc-vintage-videos\/","name":"Paris Photo 2017 : doc, vintage et videos - FineLife.tv","isPartOf":{"@id":"https:\/\/finelife.tv\/fr\/#website"},"primaryImageOfPage":{"@id":"https:\/\/finelife.tv\/fr\/2018\/01\/15\/paris-photo-2017-doc-vintage-videos\/#primaryimage"},"image":{"@id":"https:\/\/finelife.tv\/fr\/2018\/01\/15\/paris-photo-2017-doc-vintage-videos\/#primaryimage"},"thumbnailUrl":"http:\/\/finelife.tv\/fr\/wp-content\/uploads\/2018\/01\/paris-photo-henry-chalfant-finelifetv.jpg","datePublished":"2018-01-15T15:25:50+00:00","dateModified":"2023-11-21T13:17:26+00:00","author":{"@id":"https:\/\/finelife.tv\/fr\/#\/schema\/person\/e3d980b0c0b3dc5af01c3455893c8c52"},"description":"Paris Photo 2017 met \u00e0 l'honneur trois th\u00e8mes : le documentaire, le vintage et les vid\u00e9os de photographes ou d'auteurs On regarde avec Finelife tv","breadcrumb":{"@id":"https:\/\/finelife.tv\/fr\/2018\/01\/15\/paris-photo-2017-doc-vintage-videos\/#breadcrumb"},"inLanguage":"fr-FR","potentialAction":[{"@type":"ReadAction","target":["https:\/\/finelife.tv\/fr\/2018\/01\/15\/paris-photo-2017-doc-vintage-videos\/"]}]},{"@type":"ImageObject","inLanguage":"fr-FR","@id":"https:\/\/finelife.tv\/fr\/2018\/01\/15\/paris-photo-2017-doc-vintage-videos\/#primaryimage","url":"http:\/\/finelife.tv\/fr\/wp-content\/uploads\/2018\/01\/paris-photo-henry-chalfant-finelifetv.jpg","contentUrl":"http:\/\/finelife.tv\/fr\/wp-content\/uploads\/2018\/01\/paris-photo-henry-chalfant-finelifetv.jpg"},{"@type":"BreadcrumbList","@id":"https:\/\/finelife.tv\/fr\/2018\/01\/15\/paris-photo-2017-doc-vintage-videos\/#breadcrumb","itemListElement":[{"@type":"ListItem","position":1,"name":"Accueil","item":"https:\/\/finelife.tv\/fr\/"},{"@type":"ListItem","position":2,"name":"Paris Photo 2017 : doc, vintage et videos"}]},{"@type":"WebSite","@id":"https:\/\/finelife.tv\/fr\/#website","url":"https:\/\/finelife.tv\/fr\/","name":"FineLife.tv","description":"Quand l&#039;Art de vivre croise l&#039;Art de penser","potentialAction":[{"@type":"SearchAction","target":{"@type":"EntryPoint","urlTemplate":"https:\/\/finelife.tv\/fr\/?s={search_term_string}"},"query-input":{"@type":"PropertyValueSpecification","valueRequired":true,"valueName":"search_term_string"}}],"inLanguage":"fr-FR"},{"@type":"Person","@id":"https:\/\/finelife.tv\/fr\/#\/schema\/person\/e3d980b0c0b3dc5af01c3455893c8c52","name":"Leonore","image":{"@type":"ImageObject","inLanguage":"fr-FR","@id":"https:\/\/secure.gravatar.com\/avatar\/9a2e5073417479f910ffdeee54da5ccf4f91eab62746ce0ae0e81124a9491a79?s=96&d=mm&r=g","url":"https:\/\/secure.gravatar.com\/avatar\/9a2e5073417479f910ffdeee54da5ccf4f91eab62746ce0ae0e81124a9491a79?s=96&d=mm&r=g","contentUrl":"https:\/\/secure.gravatar.com\/avatar\/9a2e5073417479f910ffdeee54da5ccf4f91eab62746ce0ae0e81124a9491a79?s=96&d=mm&r=g","caption":"Leonore"}}]}},"_links":{"self":[{"href":"https:\/\/finelife.tv\/fr\/wp-json\/wp\/v2\/posts\/1403","targetHints":{"allow":["GET"]}}],"collection":[{"href":"https:\/\/finelife.tv\/fr\/wp-json\/wp\/v2\/posts"}],"about":[{"href":"https:\/\/finelife.tv\/fr\/wp-json\/wp\/v2\/types\/post"}],"author":[{"embeddable":true,"href":"https:\/\/finelife.tv\/fr\/wp-json\/wp\/v2\/users\/1"}],"replies":[{"embeddable":true,"href":"https:\/\/finelife.tv\/fr\/wp-json\/wp\/v2\/comments?post=1403"}],"version-history":[{"count":19,"href":"https:\/\/finelife.tv\/fr\/wp-json\/wp\/v2\/posts\/1403\/revisions"}],"predecessor-version":[{"id":16272,"href":"https:\/\/finelife.tv\/fr\/wp-json\/wp\/v2\/posts\/1403\/revisions\/16272"}],"wp:attachment":[{"href":"https:\/\/finelife.tv\/fr\/wp-json\/wp\/v2\/media?parent=1403"}],"wp:term":[{"taxonomy":"category","embeddable":true,"href":"https:\/\/finelife.tv\/fr\/wp-json\/wp\/v2\/categories?post=1403"},{"taxonomy":"post_tag","embeddable":true,"href":"https:\/\/finelife.tv\/fr\/wp-json\/wp\/v2\/tags?post=1403"}],"curies":[{"name":"wp","href":"https:\/\/api.w.org\/{rel}","templated":true}]}}