{"id":14093,"date":"2023-08-11T13:21:39","date_gmt":"2023-08-11T11:21:39","guid":{"rendered":"https:\/\/finelife.tv\/fr\/?p=14093"},"modified":"2024-07-04T14:22:35","modified_gmt":"2024-07-04T12:22:35","slug":"art-le-musee-pompidou-picasso-ouvrira-en-2026","status":"publish","type":"post","link":"https:\/\/finelife.tv\/fr\/2023\/08\/11\/art-le-musee-pompidou-picasso-ouvrira-en-2026\/","title":{"rendered":"Art : le mus\u00e9e Pompidou Picasso ouvrira en 2026"},"content":{"rendered":"<div class=\"wp-block-image\">\n<figure class=\"aligncenter size-full is-resized\"><img loading=\"lazy\" decoding=\"async\" width=\"530\" height=\"363\" src=\"https:\/\/finelife.tv\/fr\/wp-content\/uploads\/2023\/08\/img-src-22https-finelife.tvimage.jpg-alt-22Art-le-musee-Pompidou-Picasso-ouvrira-en-202622.jpg\" alt=\"\" class=\"wp-image-14116\" style=\"width:653px;height:447px\" srcset=\"https:\/\/finelife.tv\/fr\/wp-content\/uploads\/2023\/08\/img-src-22https-finelife.tvimage.jpg-alt-22Art-le-musee-Pompidou-Picasso-ouvrira-en-202622.jpg 530w, https:\/\/finelife.tv\/fr\/wp-content\/uploads\/2023\/08\/img-src-22https-finelife.tvimage.jpg-alt-22Art-le-musee-Pompidou-Picasso-ouvrira-en-202622-300x205.jpg 300w\" sizes=\"auto, (max-width: 530px) 100vw, 530px\" \/><\/figure>\n<\/div>\n\n\n<p><strong>Art : le mus\u00e9e Pompidou Picasso ouvrira en 2026 entre lac et for\u00eat. Situ\u00e9e \u00e0 Massy, sur 30 000 m2, la future fabrique de l&rsquo;art (Centre Pompidou francilien &#8211; Fabrique de l&rsquo;Art &#8211; Mus\u00e9e national Picasso-Paris<\/strong>) <strong>devrait faire de l&rsquo;Essonne une destination culturelle. Nature-culture plus pr\u00e9cis\u00e9ment. Co\u00fbt du projet dessin\u00e9 par l&rsquo;agence PCA-STREAM-Philippe Chiambaretta<\/strong> <strong>et r\u00e9alis\u00e9 par Vinci : 105 M\u20ac<\/strong>. <\/p>\n\n\n\n<p>Il a un nom de migraine, de fr\u00e9n\u00e9sie administrative ou plus probablement de consensus acad\u00e9mique  : Centre Pompidou francilien &#8211; Fabrique de l&rsquo;Art &#8211; Mus\u00e9e national Picasso-Paris. Alors on le surnomme d\u00e9j\u00e0 le Pompicart. Une contraction de Pompidou, Picasso et art. Il est vrai que comme \u00e7a, c&rsquo;est d\u00e9j\u00e0 plus sexy. La curiosit\u00e9 s&rsquo;\u00e9veille. Mais que faut-il savoir ?<\/p>\n\n\n\n<h2 class=\"wp-block-heading\">Un nouveau lieu entre conservation et cr\u00e9ation sur 30 000 m2 <\/h2>\n\n\n<div class=\"wp-block-image\">\n<figure class=\"aligncenter size-large\"><img loading=\"lazy\" decoding=\"async\" width=\"1024\" height=\"544\" src=\"https:\/\/finelife.tv\/fr\/wp-content\/uploads\/2023\/08\/img-src-22https-finelife.tvimage.jpg-alt-22Art-le-musee-Pompidou-Picasso-ouvrira-en-2026-vue-batiment-massy22-1024x544.png\" alt=\"\" class=\"wp-image-14119\" srcset=\"https:\/\/finelife.tv\/fr\/wp-content\/uploads\/2023\/08\/img-src-22https-finelife.tvimage.jpg-alt-22Art-le-musee-Pompidou-Picasso-ouvrira-en-2026-vue-batiment-massy22-1024x544.png 1024w, https:\/\/finelife.tv\/fr\/wp-content\/uploads\/2023\/08\/img-src-22https-finelife.tvimage.jpg-alt-22Art-le-musee-Pompidou-Picasso-ouvrira-en-2026-vue-batiment-massy22-300x159.png 300w, https:\/\/finelife.tv\/fr\/wp-content\/uploads\/2023\/08\/img-src-22https-finelife.tvimage.jpg-alt-22Art-le-musee-Pompidou-Picasso-ouvrira-en-2026-vue-batiment-massy22-768x408.png 768w, https:\/\/finelife.tv\/fr\/wp-content\/uploads\/2023\/08\/img-src-22https-finelife.tvimage.jpg-alt-22Art-le-musee-Pompidou-Picasso-ouvrira-en-2026-vue-batiment-massy22-1536x816.png 1536w, https:\/\/finelife.tv\/fr\/wp-content\/uploads\/2023\/08\/img-src-22https-finelife.tvimage.jpg-alt-22Art-le-musee-Pompidou-Picasso-ouvrira-en-2026-vue-batiment-massy22-2048x1088.png 2048w\" sizes=\"auto, (max-width: 1024px) 100vw, 1024px\" \/><\/figure>\n<\/div>\n\n\n<p>Le centre Pompidou fermera progressivement \u00e0 partir de 2024 afin de r\u00e9aliser des travaux de modernisation et de d\u00e9samiantage. R\u00e9ouverture pr\u00e9vue en 2030. C&rsquo;est \u00e9galement en 2024 que d\u00e9buteront les travaux du Centre Pompidou francilien &#8211; Fabrique de l&rsquo;Art &#8211; Mus\u00e9e national Picasso-Paris \u00e0 Massy. Fin du chantier en 2026. On acc\u00e9dera alors au Pompicart par la ligne 18 &#8230; si elle est ouverte. <\/p>\n\n\n\n<p>Lors de la conf\u00e9rence de presse de pr\u00e9sentation, Laurent Le Bon, pr\u00e9sident du Centre Pompidou, a \u00e9voqu\u00e9 un lieu in\u00e9dit ouvert \u00e0 tous les publics. In\u00e9dit car hybride. \u00c0 la fois p\u00f4le de conservation des \u0153uvres &#8211; la collection du mus\u00e9e d&rsquo;art moderne en compte 140 000- et espace de cr\u00e9ation. <\/p>\n\n\n\n<p>C\u00f4t\u00e9 conservation, les \u00e9quipes du p\u00f4le de recherche de Saclay devraient travailler en collaboration avec celles de Pompidou. Une mutualisation des savoirs. Les r\u00e9serves seront partiellement ouvertes au public lors d&rsquo;ateliers ou de d\u00e9couverte de l&rsquo;\u00c9cole des r\u00e9serves. L&rsquo;occasion de s&rsquo;initier par exemple au travail de restauration ou au m\u00e9tier de conservateur. <\/p>\n\n\n\n<p>C\u00f4t\u00e9 cr\u00e9ation on nous promet \u00ab\u00a0des expositions innovantes\u00a0\u00bb dans des structures modulables \u00e9co-con\u00e7ues ainsi que des concerts, projections et performances. <\/p>\n\n\n\n<p>Et le mus\u00e9e Picasso dans tout \u00e7a ? Il partagera ses 10 000 \u0153uvres, s&rsquo;inscrira dans la d\u00e9marche de synergie des savoirs et de l&rsquo;in\u00e9vitable programmation inclusive. \u00ab\u00a0Nous nous implantons dans une zone artistique dynamique\u00a0\u00bb a \u00e9galement d\u00e9clar\u00e9 C\u00e9cile Debray, directrice du mus\u00e9e national Picass<em>o<\/em>-Paris, lors de la conf\u00e9rence de presse. <\/p>\n\n\n\n<h2 class=\"wp-block-heading\">Le Centre Pompidou francilien &#8211; Fabrique l&rsquo;Art &#8211; Mus\u00e9e national Picasso-Paris en chiffres <\/h2>\n\n\n\n<p>Sur les <strong>30 000 m2,<\/strong> pr\u00e8s de <strong>25 000<\/strong> seront d\u00e9di\u00e9s au <strong>Centre Pompidou<\/strong> et <strong>2 100 au Mus\u00e9e national Picasso. L<\/strong>es espaces culturels et d&rsquo;accueil ainsi les terrasses occuperont \u00e0 part \u00e9gale 6 000 m2. <\/p>\n\n\n\n<p>Le budget de <strong>105 M\u20ac<\/strong> sera financ\u00e9 par les loyers des r\u00e9serves, la contribution du minist\u00e8re de la Culture, des collectivit\u00e9s territoriales (<strong>42 M\u20ac<\/strong>), de la ville de Massy et de la Communaut\u00e9 d&rsquo;agglom\u00e9ration ainsi que de l&rsquo;Universit\u00e9 Paris-Saclay. <\/p>\n\n\n\n<h2 class=\"wp-block-heading\">Architecture \u00ab\u00a0durable\u00a0\u00bb et inspir\u00e9e par l&rsquo;ADN du Centre Pompidou<\/h2>\n\n\n<div class=\"wp-block-image\">\n<figure class=\"aligncenter size-large\"><img loading=\"lazy\" decoding=\"async\" width=\"1024\" height=\"544\" src=\"https:\/\/finelife.tv\/fr\/wp-content\/uploads\/2023\/08\/img-src-22https-finelife.tvimage.jpg-alt-22Art-le-musee-Pompidou-Picasso-ouvrira-en-2026-batiment-escalier-massy-essonne-22-1024x544.png\" alt=\"\" class=\"wp-image-14118\" srcset=\"https:\/\/finelife.tv\/fr\/wp-content\/uploads\/2023\/08\/img-src-22https-finelife.tvimage.jpg-alt-22Art-le-musee-Pompidou-Picasso-ouvrira-en-2026-batiment-escalier-massy-essonne-22-1024x544.png 1024w, https:\/\/finelife.tv\/fr\/wp-content\/uploads\/2023\/08\/img-src-22https-finelife.tvimage.jpg-alt-22Art-le-musee-Pompidou-Picasso-ouvrira-en-2026-batiment-escalier-massy-essonne-22-300x159.png 300w, https:\/\/finelife.tv\/fr\/wp-content\/uploads\/2023\/08\/img-src-22https-finelife.tvimage.jpg-alt-22Art-le-musee-Pompidou-Picasso-ouvrira-en-2026-batiment-escalier-massy-essonne-22-768x408.png 768w, https:\/\/finelife.tv\/fr\/wp-content\/uploads\/2023\/08\/img-src-22https-finelife.tvimage.jpg-alt-22Art-le-musee-Pompidou-Picasso-ouvrira-en-2026-batiment-escalier-massy-essonne-22-1536x816.png 1536w, https:\/\/finelife.tv\/fr\/wp-content\/uploads\/2023\/08\/img-src-22https-finelife.tvimage.jpg-alt-22Art-le-musee-Pompidou-Picasso-ouvrira-en-2026-batiment-escalier-massy-essonne-22-2048x1088.png 2048w\" sizes=\"auto, (max-width: 1024px) 100vw, 1024px\" \/><\/figure>\n<\/div>\n\n\n<p>Le cabinet <strong>PCA-STREAM<\/strong> a remport\u00e9 l&rsquo;appel d&rsquo;offre. Un projet qui fait la part belle \u00e0 l&rsquo;environnement et \u00e0 l&rsquo;ADN du Centre Pompidou \u00ab\u00a0canal historique\u00a0\u00bb. <\/p>\n\n\n\n<p>\u00ab\u00a0J&rsquo;ai pris le parti de ne couper aucun arbre et nous avons effectu\u00e9 une \u00e9tude racinaire afin de ne rien endommager\u00a0\u00bb explique Philippe Chiambaretta. R\u00e9sultat : le cabinet d&rsquo;architectes a recul\u00e9 le b\u00e2timent de plusieurs m\u00e8tres par rapport aux projet initial. Situ\u00e9e entre lac et for\u00eat la structure comprend 2 000 m2 de panneaux photovolta\u00efques et des parties enti\u00e8rement v\u00e9g\u00e9talis\u00e9es. <\/p>\n\n\n\n<p>Sur trois \u00e9tages et 30 000 m2, la Fabrique de l&rsquo;art, est compos\u00e9e c\u00f4te face d&rsquo;une fa\u00e7ade \u00ab\u00a0attractive\u00a0\u00bb faite notamment de coursives en bois qui rappellent l&rsquo;escalier l&rsquo;ADN de Pompidou ainsi que de terrasses qui renvoient au belv\u00e9d\u00e8re, au roof top du mus\u00e9e parisien. \u00ab\u00a0Comme le Centre Pompidou s\u2019ouvre \u00e0 la ville par sa Piazza, le Centre Pompidou Francilien se d\u00e9ploie en direction du parc de la Blanchette et de son lac par une promenade arbor\u00e9e\u00a0\u00bb. <\/p>\n\n\n\n<p>\u00c0 l&rsquo;arri\u00e8re, une sorte de coffre monolithe destin\u00e9 \u00e0 prot\u00e9ger de mani\u00e8re optimale les \u0153uvres d&rsquo;art des collections. \u00ab\u00a0Le b\u00e9ton s&rsquo;oppose au bois du patio avant qui donne sur le lac\u00a0\u00bb pr\u00e9cise Philippe Chiambaretta. <\/p>\n\n\n\n<h2 class=\"wp-block-heading\">Naissance d&rsquo;une destination Essonne ?<\/h2>\n\n\n\n<p>Parmi les 9 sites en lice, Massy a remport\u00e9 le march\u00e9. <\/p>\n\n\n\n<p>Tout d&rsquo;abord gr\u00e2ce \u00e0 une synergie art-science. \u00ab\u00a0La fabrique de l&rsquo;art travaille sur l&rsquo;id\u00e9e de cr\u00e9ation\u00a0\u00bb pr\u00e9cise Val\u00e9rie P\u00e9cresse qui ne peut imaginer l&rsquo;avenir de la science sans y inscrire l&rsquo;art et r\u00e9ciproquement. Saclay, qui concentre 1\/4 de la recherche fran\u00e7aise, est donc, pour l&rsquo;\u00e9lue, un lieu privil\u00e9gi\u00e9. <\/p>\n\n\n\n<p>Ensuite par la revendication d&rsquo;une sorte de justice culturelle. Nicolas Samsoen parle de \u00ab\u00a0<strong>Banlieue Pride\u00a0\u00bb<\/strong>, d&rsquo;une <strong>banlieue qui \u00ab\u00a0sort du placard<\/strong>\u00ab\u00a0. Et l\u00e0 feu sur les clich\u00e9s. Le maire de Massy assure qu&rsquo;en p\u00e9riph\u00e9rie on peut accueillir des \u00e9quipements culturels pour les grands ensembles comme pour les zones pavillonnaires. \u00ab\u00a0Il y a de grands mus\u00e9es en r\u00e9gion. Le Louvre-Sens ou encore Pompidou-Metz mais aucun en banlieue\u00a0\u00bb rappelle Val\u00e9rie P\u00e9cresse qui semble oublier le Mac Val. La pr\u00e9sidente de la r\u00e9gion \u00cele-de-France s&rsquo;enthousiasme, parle de \u00ab\u00a0<strong>moment historique<\/strong>\u00ab\u00a0, de \u00ab\u00a0<strong>choix engag\u00e9<\/strong>\u00a0\u00bb et d\u00e9nonce sans surprise la surdotation de Paris \u00ab\u00a0On d\u00e9pense 350\u20ac par habitant et par an pour la culture \u00e0 Paris et seulement 10\u20ac par habitant et par an en Essonne\u00a0\u00bb. <\/p>\n\n\n\n<p>Enfin, par la volont\u00e9 de faire de l&rsquo;Essonne une destination \u00e0 travers le maillage culturel, scientifique et les espaces naturels. Gr\u00e9goire de Lasteyrie, pr\u00e9sident pr\u00e9sident de la Communaut\u00e9 d&rsquo;agglom\u00e9ration Paris-Saclay ressent \u00e0 la fois \u00ab\u00a0<strong>un vertige et une fiert\u00e9 face \u00e0 la reconnaissance de Saclay\u00a0\u00bb.<\/strong> Massy dispose il est vrai du seul op\u00e9ra de banlieue avec son orchestre en r\u00e9sidence, d&rsquo;un Festival de cirque, d&rsquo;une sc\u00e8ne d\u00e9di\u00e9e aux musiques actuelles Paul-B. L&rsquo;art contemporain se d\u00e9ploie au Domaine de Chamarande, ch\u00e2teau au c\u0153ur du plus grand jardin public de l&rsquo;Essonne. Et le th\u00e9\u00e2tre se joue \u00e0 Longjumeau la sc\u00e8ne la plus vaste de la grande couronne. <\/p>\n\n\n\n<p>Le projet destination Essonne compte sur 100 000 visiteurs \/ an. Une alternative \u00e0 Versailles ? Pas s\u00fbr mais un compl\u00e9ment pour les curieux attir\u00e9s par un tourisme culturel et durable peut-\u00eatre.<\/p>\n\n\n\n<h2 class=\"wp-block-heading has-text-align-center has-background\" style=\"background:linear-gradient(135deg,rgb(122,220,180) 0%,rgb(29,103,76) 97%)\">INFOS<\/h2>\n\n\n\n<p><strong>Centre Pompidou<\/strong> <a href=\"https:\/\/www.centrepompidou.fr\/fr\/\">https:\/\/www.centrepompidou.fr\/fr\/<\/a><\/p>\n\n\n\n<p><strong>Mus\u00e9e national Picasso-Paris<\/strong> <a href=\"https:\/\/www.museepicassoparis.fr\/fr\">https:\/\/www.museepicassoparis.fr\/fr<\/a><\/p>\n\n\n\n<p><strong>PCA-STREAM<\/strong> <a href=\"https:\/\/pca-stream.com\/fr\/\">https:\/\/pca-stream.com\/fr\/<\/a><\/p>\n\n\n\n<p>Cr\u00e9dits photos <strong>PCA-STREAM<\/strong><\/p>\n\n\n\n<p>RELATED ARTICLE <strong>Art : le mus\u00e9e Pompidou Picasso ouvrira en 2026<\/strong><\/p>\n\n\n\n<p><strong>Global award for sustainable architecture 2022 les 5 laur\u00e9ats<\/strong> <a href=\"https:\/\/finelife.tv\/fr\/2022\/10\/15\/global-award-for-sustainable-architecture-2022-les-5-laureats\/\">https:\/\/finelife.tv\/fr\/2022\/10\/15\/global-award-for-sustainable-architecture-2022-les-5-laureats\/<\/a><\/p>\n\n\n\n<p><strong><a href=\"https:\/\/finelife.tv\/fr\/2024\/07\/04\/art-decouvrez-le-centre-pompidou-2030\/\">Art D\u00e9couvrez le Centre Pompidou 2030<\/a><\/strong><\/p>\n","protected":false},"excerpt":{"rendered":"<p>Art : le mus\u00e9e Pompidou Picasso ouvrira en 2026 \u00e0 Massy, sur 30 000 m2. La future fabrique de l&rsquo;art (Centre Pompidou francilien &#8211; Fabrique l&rsquo;Art &#8211; Mus\u00e9e national Picasso-Paris) devrait faire de l&rsquo;Essonne une destination culturelle.<\/p>\n","protected":false},"author":1,"featured_media":0,"comment_status":"open","ping_status":"open","sticky":false,"template":"","format":"standard","meta":{"footnotes":""},"categories":[4],"tags":[21,22,41,4103,4101,4104,4100],"class_list":["post-14093","post","type-post","status-publish","format-standard","hentry","category-blog","tag-architecture","tag-art","tag-centre-pompidou","tag-essonne","tag-massy","tag-musee-2","tag-musee-picasso"],"yoast_head":"<!-- This site is optimized with the Yoast SEO plugin v27.5 - https:\/\/yoast.com\/product\/yoast-seo-wordpress\/ -->\n<title>Art : le mus\u00e9e Pompidou Picasso ouvrira en 2026 - FineLife.tv<\/title>\n<meta name=\"description\" content=\"Art : le mus\u00e9e Pompidou Picasso ouvrira en 2026 \u00e0 Massy, sur 30 000 m2. La future fabrique de l&#039;art (Centre Pompidou francilien - Fabrique l&#039;Art - Mus\u00e9e national Picasso-Paris) devrait faire de l&#039;Essonne une destination culturelle.\" \/>\n<meta name=\"robots\" content=\"index, follow, max-snippet:-1, max-image-preview:large, max-video-preview:-1\" \/>\n<link rel=\"canonical\" href=\"https:\/\/finelife.tv\/fr\/2023\/08\/11\/art-le-musee-pompidou-picasso-ouvrira-en-2026\/\" \/>\n<meta property=\"og:locale\" content=\"fr_FR\" \/>\n<meta property=\"og:type\" content=\"article\" \/>\n<meta property=\"og:title\" content=\"Art : le mus\u00e9e Pompidou Picasso ouvrira en 2026 - FineLife.tv\" \/>\n<meta property=\"og:description\" content=\"Art : le mus\u00e9e Pompidou Picasso ouvrira en 2026 \u00e0 Massy, sur 30 000 m2. La future fabrique de l&#039;art (Centre Pompidou francilien - Fabrique l&#039;Art - Mus\u00e9e national Picasso-Paris) devrait faire de l&#039;Essonne une destination culturelle.\" \/>\n<meta property=\"og:url\" content=\"https:\/\/finelife.tv\/fr\/2023\/08\/11\/art-le-musee-pompidou-picasso-ouvrira-en-2026\/\" \/>\n<meta property=\"og:site_name\" content=\"FineLife.tv\" \/>\n<meta property=\"article:published_time\" content=\"2023-08-11T11:21:39+00:00\" \/>\n<meta property=\"article:modified_time\" content=\"2024-07-04T12:22:35+00:00\" \/>\n<meta property=\"og:image\" content=\"https:\/\/finelife.tv\/fr\/wp-content\/uploads\/2023\/08\/img-src-22https-finelife.tvimage.jpg-alt-22Art-le-musee-Pompidou-Picasso-ouvrira-en-202622.jpg\" \/>\n<meta name=\"author\" content=\"Leonore\" \/>\n<meta name=\"twitter:card\" content=\"summary_large_image\" \/>\n<meta name=\"twitter:creator\" content=\"@finelifetv\" \/>\n<meta name=\"twitter:site\" content=\"@finelifetv\" \/>\n<meta name=\"twitter:label1\" content=\"\u00c9crit par\" \/>\n\t<meta name=\"twitter:data1\" content=\"Leonore\" \/>\n\t<meta name=\"twitter:label2\" content=\"Dur\u00e9e de lecture estim\u00e9e\" \/>\n\t<meta name=\"twitter:data2\" content=\"6 minutes\" \/>\n<script type=\"application\/ld+json\" class=\"yoast-schema-graph\">{\"@context\":\"https:\\\/\\\/schema.org\",\"@graph\":[{\"@type\":\"Article\",\"@id\":\"https:\\\/\\\/finelife.tv\\\/fr\\\/2023\\\/08\\\/11\\\/art-le-musee-pompidou-picasso-ouvrira-en-2026\\\/#article\",\"isPartOf\":{\"@id\":\"https:\\\/\\\/finelife.tv\\\/fr\\\/2023\\\/08\\\/11\\\/art-le-musee-pompidou-picasso-ouvrira-en-2026\\\/\"},\"author\":{\"name\":\"Leonore\",\"@id\":\"https:\\\/\\\/finelife.tv\\\/fr\\\/#\\\/schema\\\/person\\\/e3d980b0c0b3dc5af01c3455893c8c52\"},\"headline\":\"Art : le mus\u00e9e Pompidou Picasso ouvrira en 2026\",\"datePublished\":\"2023-08-11T11:21:39+00:00\",\"dateModified\":\"2024-07-04T12:22:35+00:00\",\"mainEntityOfPage\":{\"@id\":\"https:\\\/\\\/finelife.tv\\\/fr\\\/2023\\\/08\\\/11\\\/art-le-musee-pompidou-picasso-ouvrira-en-2026\\\/\"},\"wordCount\":1153,\"commentCount\":2,\"image\":{\"@id\":\"https:\\\/\\\/finelife.tv\\\/fr\\\/2023\\\/08\\\/11\\\/art-le-musee-pompidou-picasso-ouvrira-en-2026\\\/#primaryimage\"},\"thumbnailUrl\":\"https:\\\/\\\/finelife.tv\\\/fr\\\/wp-content\\\/uploads\\\/2023\\\/08\\\/img-src-22https-finelife.tvimage.jpg-alt-22Art-le-musee-Pompidou-Picasso-ouvrira-en-202622.jpg\",\"keywords\":[\"architecture\",\"art\",\"centre pompidou\",\"essonne\",\"massy\",\"musee\",\"musee picasso\"],\"articleSection\":[\"Blog\"],\"inLanguage\":\"fr-FR\",\"potentialAction\":[{\"@type\":\"CommentAction\",\"name\":\"Comment\",\"target\":[\"https:\\\/\\\/finelife.tv\\\/fr\\\/2023\\\/08\\\/11\\\/art-le-musee-pompidou-picasso-ouvrira-en-2026\\\/#respond\"]}]},{\"@type\":\"WebPage\",\"@id\":\"https:\\\/\\\/finelife.tv\\\/fr\\\/2023\\\/08\\\/11\\\/art-le-musee-pompidou-picasso-ouvrira-en-2026\\\/\",\"url\":\"https:\\\/\\\/finelife.tv\\\/fr\\\/2023\\\/08\\\/11\\\/art-le-musee-pompidou-picasso-ouvrira-en-2026\\\/\",\"name\":\"Art : le mus\u00e9e Pompidou Picasso ouvrira en 2026 - FineLife.tv\",\"isPartOf\":{\"@id\":\"https:\\\/\\\/finelife.tv\\\/fr\\\/#website\"},\"primaryImageOfPage\":{\"@id\":\"https:\\\/\\\/finelife.tv\\\/fr\\\/2023\\\/08\\\/11\\\/art-le-musee-pompidou-picasso-ouvrira-en-2026\\\/#primaryimage\"},\"image\":{\"@id\":\"https:\\\/\\\/finelife.tv\\\/fr\\\/2023\\\/08\\\/11\\\/art-le-musee-pompidou-picasso-ouvrira-en-2026\\\/#primaryimage\"},\"thumbnailUrl\":\"https:\\\/\\\/finelife.tv\\\/fr\\\/wp-content\\\/uploads\\\/2023\\\/08\\\/img-src-22https-finelife.tvimage.jpg-alt-22Art-le-musee-Pompidou-Picasso-ouvrira-en-202622.jpg\",\"datePublished\":\"2023-08-11T11:21:39+00:00\",\"dateModified\":\"2024-07-04T12:22:35+00:00\",\"author\":{\"@id\":\"https:\\\/\\\/finelife.tv\\\/fr\\\/#\\\/schema\\\/person\\\/e3d980b0c0b3dc5af01c3455893c8c52\"},\"description\":\"Art : le mus\u00e9e Pompidou Picasso ouvrira en 2026 \u00e0 Massy, sur 30 000 m2. La future fabrique de l'art (Centre Pompidou francilien - Fabrique l'Art - Mus\u00e9e national Picasso-Paris) devrait faire de l'Essonne une destination culturelle.\",\"breadcrumb\":{\"@id\":\"https:\\\/\\\/finelife.tv\\\/fr\\\/2023\\\/08\\\/11\\\/art-le-musee-pompidou-picasso-ouvrira-en-2026\\\/#breadcrumb\"},\"inLanguage\":\"fr-FR\",\"potentialAction\":[{\"@type\":\"ReadAction\",\"target\":[\"https:\\\/\\\/finelife.tv\\\/fr\\\/2023\\\/08\\\/11\\\/art-le-musee-pompidou-picasso-ouvrira-en-2026\\\/\"]}]},{\"@type\":\"ImageObject\",\"inLanguage\":\"fr-FR\",\"@id\":\"https:\\\/\\\/finelife.tv\\\/fr\\\/2023\\\/08\\\/11\\\/art-le-musee-pompidou-picasso-ouvrira-en-2026\\\/#primaryimage\",\"url\":\"https:\\\/\\\/finelife.tv\\\/fr\\\/wp-content\\\/uploads\\\/2023\\\/08\\\/img-src-22https-finelife.tvimage.jpg-alt-22Art-le-musee-Pompidou-Picasso-ouvrira-en-202622.jpg\",\"contentUrl\":\"https:\\\/\\\/finelife.tv\\\/fr\\\/wp-content\\\/uploads\\\/2023\\\/08\\\/img-src-22https-finelife.tvimage.jpg-alt-22Art-le-musee-Pompidou-Picasso-ouvrira-en-202622.jpg\",\"width\":530,\"height\":363},{\"@type\":\"BreadcrumbList\",\"@id\":\"https:\\\/\\\/finelife.tv\\\/fr\\\/2023\\\/08\\\/11\\\/art-le-musee-pompidou-picasso-ouvrira-en-2026\\\/#breadcrumb\",\"itemListElement\":[{\"@type\":\"ListItem\",\"position\":1,\"name\":\"Accueil\",\"item\":\"https:\\\/\\\/finelife.tv\\\/fr\\\/\"},{\"@type\":\"ListItem\",\"position\":2,\"name\":\"Art : le mus\u00e9e Pompidou Picasso ouvrira en 2026\"}]},{\"@type\":\"WebSite\",\"@id\":\"https:\\\/\\\/finelife.tv\\\/fr\\\/#website\",\"url\":\"https:\\\/\\\/finelife.tv\\\/fr\\\/\",\"name\":\"FineLife.tv\",\"description\":\"Quand l&#039;Art de vivre croise l&#039;Art de penser\",\"potentialAction\":[{\"@type\":\"SearchAction\",\"target\":{\"@type\":\"EntryPoint\",\"urlTemplate\":\"https:\\\/\\\/finelife.tv\\\/fr\\\/?s={search_term_string}\"},\"query-input\":{\"@type\":\"PropertyValueSpecification\",\"valueRequired\":true,\"valueName\":\"search_term_string\"}}],\"inLanguage\":\"fr-FR\"},{\"@type\":\"Person\",\"@id\":\"https:\\\/\\\/finelife.tv\\\/fr\\\/#\\\/schema\\\/person\\\/e3d980b0c0b3dc5af01c3455893c8c52\",\"name\":\"Leonore\",\"image\":{\"@type\":\"ImageObject\",\"inLanguage\":\"fr-FR\",\"@id\":\"https:\\\/\\\/secure.gravatar.com\\\/avatar\\\/9a2e5073417479f910ffdeee54da5ccf4f91eab62746ce0ae0e81124a9491a79?s=96&d=mm&r=g\",\"url\":\"https:\\\/\\\/secure.gravatar.com\\\/avatar\\\/9a2e5073417479f910ffdeee54da5ccf4f91eab62746ce0ae0e81124a9491a79?s=96&d=mm&r=g\",\"contentUrl\":\"https:\\\/\\\/secure.gravatar.com\\\/avatar\\\/9a2e5073417479f910ffdeee54da5ccf4f91eab62746ce0ae0e81124a9491a79?s=96&d=mm&r=g\",\"caption\":\"Leonore\"}}]}<\/script>\n<!-- \/ Yoast SEO plugin. -->","yoast_head_json":{"title":"Art : le mus\u00e9e Pompidou Picasso ouvrira en 2026 - FineLife.tv","description":"Art : le mus\u00e9e Pompidou Picasso ouvrira en 2026 \u00e0 Massy, sur 30 000 m2. La future fabrique de l'art (Centre Pompidou francilien - Fabrique l'Art - Mus\u00e9e national Picasso-Paris) devrait faire de l'Essonne une destination culturelle.","robots":{"index":"index","follow":"follow","max-snippet":"max-snippet:-1","max-image-preview":"max-image-preview:large","max-video-preview":"max-video-preview:-1"},"canonical":"https:\/\/finelife.tv\/fr\/2023\/08\/11\/art-le-musee-pompidou-picasso-ouvrira-en-2026\/","og_locale":"fr_FR","og_type":"article","og_title":"Art : le mus\u00e9e Pompidou Picasso ouvrira en 2026 - FineLife.tv","og_description":"Art : le mus\u00e9e Pompidou Picasso ouvrira en 2026 \u00e0 Massy, sur 30 000 m2. La future fabrique de l'art (Centre Pompidou francilien - Fabrique l'Art - Mus\u00e9e national Picasso-Paris) devrait faire de l'Essonne une destination culturelle.","og_url":"https:\/\/finelife.tv\/fr\/2023\/08\/11\/art-le-musee-pompidou-picasso-ouvrira-en-2026\/","og_site_name":"FineLife.tv","article_published_time":"2023-08-11T11:21:39+00:00","article_modified_time":"2024-07-04T12:22:35+00:00","og_image":[{"url":"https:\/\/finelife.tv\/fr\/wp-content\/uploads\/2023\/08\/img-src-22https-finelife.tvimage.jpg-alt-22Art-le-musee-Pompidou-Picasso-ouvrira-en-202622.jpg","type":"","width":"","height":""}],"author":"Leonore","twitter_card":"summary_large_image","twitter_creator":"@finelifetv","twitter_site":"@finelifetv","twitter_misc":{"\u00c9crit par":"Leonore","Dur\u00e9e de lecture estim\u00e9e":"6 minutes"},"schema":{"@context":"https:\/\/schema.org","@graph":[{"@type":"Article","@id":"https:\/\/finelife.tv\/fr\/2023\/08\/11\/art-le-musee-pompidou-picasso-ouvrira-en-2026\/#article","isPartOf":{"@id":"https:\/\/finelife.tv\/fr\/2023\/08\/11\/art-le-musee-pompidou-picasso-ouvrira-en-2026\/"},"author":{"name":"Leonore","@id":"https:\/\/finelife.tv\/fr\/#\/schema\/person\/e3d980b0c0b3dc5af01c3455893c8c52"},"headline":"Art : le mus\u00e9e Pompidou Picasso ouvrira en 2026","datePublished":"2023-08-11T11:21:39+00:00","dateModified":"2024-07-04T12:22:35+00:00","mainEntityOfPage":{"@id":"https:\/\/finelife.tv\/fr\/2023\/08\/11\/art-le-musee-pompidou-picasso-ouvrira-en-2026\/"},"wordCount":1153,"commentCount":2,"image":{"@id":"https:\/\/finelife.tv\/fr\/2023\/08\/11\/art-le-musee-pompidou-picasso-ouvrira-en-2026\/#primaryimage"},"thumbnailUrl":"https:\/\/finelife.tv\/fr\/wp-content\/uploads\/2023\/08\/img-src-22https-finelife.tvimage.jpg-alt-22Art-le-musee-Pompidou-Picasso-ouvrira-en-202622.jpg","keywords":["architecture","art","centre pompidou","essonne","massy","musee","musee picasso"],"articleSection":["Blog"],"inLanguage":"fr-FR","potentialAction":[{"@type":"CommentAction","name":"Comment","target":["https:\/\/finelife.tv\/fr\/2023\/08\/11\/art-le-musee-pompidou-picasso-ouvrira-en-2026\/#respond"]}]},{"@type":"WebPage","@id":"https:\/\/finelife.tv\/fr\/2023\/08\/11\/art-le-musee-pompidou-picasso-ouvrira-en-2026\/","url":"https:\/\/finelife.tv\/fr\/2023\/08\/11\/art-le-musee-pompidou-picasso-ouvrira-en-2026\/","name":"Art : le mus\u00e9e Pompidou Picasso ouvrira en 2026 - FineLife.tv","isPartOf":{"@id":"https:\/\/finelife.tv\/fr\/#website"},"primaryImageOfPage":{"@id":"https:\/\/finelife.tv\/fr\/2023\/08\/11\/art-le-musee-pompidou-picasso-ouvrira-en-2026\/#primaryimage"},"image":{"@id":"https:\/\/finelife.tv\/fr\/2023\/08\/11\/art-le-musee-pompidou-picasso-ouvrira-en-2026\/#primaryimage"},"thumbnailUrl":"https:\/\/finelife.tv\/fr\/wp-content\/uploads\/2023\/08\/img-src-22https-finelife.tvimage.jpg-alt-22Art-le-musee-Pompidou-Picasso-ouvrira-en-202622.jpg","datePublished":"2023-08-11T11:21:39+00:00","dateModified":"2024-07-04T12:22:35+00:00","author":{"@id":"https:\/\/finelife.tv\/fr\/#\/schema\/person\/e3d980b0c0b3dc5af01c3455893c8c52"},"description":"Art : le mus\u00e9e Pompidou Picasso ouvrira en 2026 \u00e0 Massy, sur 30 000 m2. La future fabrique de l'art (Centre Pompidou francilien - Fabrique l'Art - Mus\u00e9e national Picasso-Paris) devrait faire de l'Essonne une destination culturelle.","breadcrumb":{"@id":"https:\/\/finelife.tv\/fr\/2023\/08\/11\/art-le-musee-pompidou-picasso-ouvrira-en-2026\/#breadcrumb"},"inLanguage":"fr-FR","potentialAction":[{"@type":"ReadAction","target":["https:\/\/finelife.tv\/fr\/2023\/08\/11\/art-le-musee-pompidou-picasso-ouvrira-en-2026\/"]}]},{"@type":"ImageObject","inLanguage":"fr-FR","@id":"https:\/\/finelife.tv\/fr\/2023\/08\/11\/art-le-musee-pompidou-picasso-ouvrira-en-2026\/#primaryimage","url":"https:\/\/finelife.tv\/fr\/wp-content\/uploads\/2023\/08\/img-src-22https-finelife.tvimage.jpg-alt-22Art-le-musee-Pompidou-Picasso-ouvrira-en-202622.jpg","contentUrl":"https:\/\/finelife.tv\/fr\/wp-content\/uploads\/2023\/08\/img-src-22https-finelife.tvimage.jpg-alt-22Art-le-musee-Pompidou-Picasso-ouvrira-en-202622.jpg","width":530,"height":363},{"@type":"BreadcrumbList","@id":"https:\/\/finelife.tv\/fr\/2023\/08\/11\/art-le-musee-pompidou-picasso-ouvrira-en-2026\/#breadcrumb","itemListElement":[{"@type":"ListItem","position":1,"name":"Accueil","item":"https:\/\/finelife.tv\/fr\/"},{"@type":"ListItem","position":2,"name":"Art : le mus\u00e9e Pompidou Picasso ouvrira en 2026"}]},{"@type":"WebSite","@id":"https:\/\/finelife.tv\/fr\/#website","url":"https:\/\/finelife.tv\/fr\/","name":"FineLife.tv","description":"Quand l&#039;Art de vivre croise l&#039;Art de penser","potentialAction":[{"@type":"SearchAction","target":{"@type":"EntryPoint","urlTemplate":"https:\/\/finelife.tv\/fr\/?s={search_term_string}"},"query-input":{"@type":"PropertyValueSpecification","valueRequired":true,"valueName":"search_term_string"}}],"inLanguage":"fr-FR"},{"@type":"Person","@id":"https:\/\/finelife.tv\/fr\/#\/schema\/person\/e3d980b0c0b3dc5af01c3455893c8c52","name":"Leonore","image":{"@type":"ImageObject","inLanguage":"fr-FR","@id":"https:\/\/secure.gravatar.com\/avatar\/9a2e5073417479f910ffdeee54da5ccf4f91eab62746ce0ae0e81124a9491a79?s=96&d=mm&r=g","url":"https:\/\/secure.gravatar.com\/avatar\/9a2e5073417479f910ffdeee54da5ccf4f91eab62746ce0ae0e81124a9491a79?s=96&d=mm&r=g","contentUrl":"https:\/\/secure.gravatar.com\/avatar\/9a2e5073417479f910ffdeee54da5ccf4f91eab62746ce0ae0e81124a9491a79?s=96&d=mm&r=g","caption":"Leonore"}}]}},"_links":{"self":[{"href":"https:\/\/finelife.tv\/fr\/wp-json\/wp\/v2\/posts\/14093","targetHints":{"allow":["GET"]}}],"collection":[{"href":"https:\/\/finelife.tv\/fr\/wp-json\/wp\/v2\/posts"}],"about":[{"href":"https:\/\/finelife.tv\/fr\/wp-json\/wp\/v2\/types\/post"}],"author":[{"embeddable":true,"href":"https:\/\/finelife.tv\/fr\/wp-json\/wp\/v2\/users\/1"}],"replies":[{"embeddable":true,"href":"https:\/\/finelife.tv\/fr\/wp-json\/wp\/v2\/comments?post=14093"}],"version-history":[{"count":28,"href":"https:\/\/finelife.tv\/fr\/wp-json\/wp\/v2\/posts\/14093\/revisions"}],"predecessor-version":[{"id":19704,"href":"https:\/\/finelife.tv\/fr\/wp-json\/wp\/v2\/posts\/14093\/revisions\/19704"}],"wp:attachment":[{"href":"https:\/\/finelife.tv\/fr\/wp-json\/wp\/v2\/media?parent=14093"}],"wp:term":[{"taxonomy":"category","embeddable":true,"href":"https:\/\/finelife.tv\/fr\/wp-json\/wp\/v2\/categories?post=14093"},{"taxonomy":"post_tag","embeddable":true,"href":"https:\/\/finelife.tv\/fr\/wp-json\/wp\/v2\/tags?post=14093"}],"curies":[{"name":"wp","href":"https:\/\/api.w.org\/{rel}","templated":true}]}}