{"id":14162,"date":"2023-08-15T12:04:20","date_gmt":"2023-08-15T10:04:20","guid":{"rendered":"https:\/\/finelife.tv\/fr\/?p=14162"},"modified":"2024-07-29T14:00:59","modified_gmt":"2024-07-29T12:00:59","slug":"faut-il-voyager-pour-etre-heureux","status":"publish","type":"post","link":"https:\/\/finelife.tv\/fr\/2023\/08\/15\/faut-il-voyager-pour-etre-heureux\/","title":{"rendered":"Faut-il voyager pour \u00eatre heureux ?"},"content":{"rendered":"<div class=\"wp-block-image\">\n<figure class=\"aligncenter size-large\"><img loading=\"lazy\" decoding=\"async\" width=\"768\" height=\"1024\" src=\"https:\/\/finelife.tv\/fr\/wp-content\/uploads\/2023\/08\/img-src-22https-finelife.tvimage.jpg-alt-22Faut-il-voyager-pour-etre-heureux-22-768x1024.jpg\" alt=\"\" class=\"wp-image-14173\" srcset=\"https:\/\/finelife.tv\/fr\/wp-content\/uploads\/2023\/08\/img-src-22https-finelife.tvimage.jpg-alt-22Faut-il-voyager-pour-etre-heureux-22-768x1024.jpg 768w, https:\/\/finelife.tv\/fr\/wp-content\/uploads\/2023\/08\/img-src-22https-finelife.tvimage.jpg-alt-22Faut-il-voyager-pour-etre-heureux-22-225x300.jpg 225w, https:\/\/finelife.tv\/fr\/wp-content\/uploads\/2023\/08\/img-src-22https-finelife.tvimage.jpg-alt-22Faut-il-voyager-pour-etre-heureux-22-1152x1536.jpg 1152w, https:\/\/finelife.tv\/fr\/wp-content\/uploads\/2023\/08\/img-src-22https-finelife.tvimage.jpg-alt-22Faut-il-voyager-pour-etre-heureux-22-1536x2048.jpg 1536w, https:\/\/finelife.tv\/fr\/wp-content\/uploads\/2023\/08\/img-src-22https-finelife.tvimage.jpg-alt-22Faut-il-voyager-pour-etre-heureux-22-scaled.jpg 1920w\" sizes=\"auto, (max-width: 768px) 100vw, 768px\" \/><\/figure>\n<\/div>\n\n\n<p><strong>Faut-il voyager pour \u00eatre heureux ? Expo r\u00e9ponse<\/strong> <strong>de la Fondation EDF qui part en vacances \u00e0 Clermont pour interroger, \u00e0 travers l&rsquo;art, le plaisir du voyage, ses moteurs, ses enjeux environnementaux ainsi qu&rsquo;un futur \u00e0 inventer.<\/strong><\/p>\n\n\n\n<p>Forte de son succ\u00e8s \u00e0 Paris \u00ab\u00a0Faut-il voyager pour \u00eatre heureux\u00a0\u00bb (92 000 visiteurs) s&rsquo;installe cet \u00e9t\u00e9 \u00e0 Clermont-Ferrand (Auvergne-Rh\u00f4ne-Alpes). Ce d\u00e9placement fait partie de la politique d&rsquo;itin\u00e9rance des expositions voulue par la Fondation EDF. <\/p>\n\n\n\n<h2 class=\"wp-block-heading\">Je vais  craquer si je ne pars pas : le confinement source de l&rsquo;expo <\/h2>\n\n\n<div class=\"wp-block-image\">\n<figure class=\"aligncenter size-large\"><img loading=\"lazy\" decoding=\"async\" width=\"768\" height=\"1024\" src=\"https:\/\/finelife.tv\/fr\/wp-content\/uploads\/2023\/08\/img-src-22httpsfinelife.tvimage.jpg-alt-22Faut-il-voyager-pour-etre-heureux-affiche22-768x1024.jpg\" alt=\"\" class=\"wp-image-14176\" srcset=\"https:\/\/finelife.tv\/fr\/wp-content\/uploads\/2023\/08\/img-src-22httpsfinelife.tvimage.jpg-alt-22Faut-il-voyager-pour-etre-heureux-affiche22-768x1024.jpg 768w, https:\/\/finelife.tv\/fr\/wp-content\/uploads\/2023\/08\/img-src-22httpsfinelife.tvimage.jpg-alt-22Faut-il-voyager-pour-etre-heureux-affiche22-225x300.jpg 225w, https:\/\/finelife.tv\/fr\/wp-content\/uploads\/2023\/08\/img-src-22httpsfinelife.tvimage.jpg-alt-22Faut-il-voyager-pour-etre-heureux-affiche22-1152x1536.jpg 1152w, https:\/\/finelife.tv\/fr\/wp-content\/uploads\/2023\/08\/img-src-22httpsfinelife.tvimage.jpg-alt-22Faut-il-voyager-pour-etre-heureux-affiche22-1536x2048.jpg 1536w, https:\/\/finelife.tv\/fr\/wp-content\/uploads\/2023\/08\/img-src-22httpsfinelife.tvimage.jpg-alt-22Faut-il-voyager-pour-etre-heureux-affiche22-scaled.jpg 1920w\" sizes=\"auto, (max-width: 768px) 100vw, 768px\" \/><\/figure>\n<\/div>\n\n\n<p>L&rsquo;id\u00e9e a germ\u00e9 durant le Covid alors que la France r\u00eavait d&rsquo;ailleurs lointains ou proches car un petit bout de parc, un jogging autour du p\u00e2t\u00e9 de maison relevaient alors de la survie. Des appli avaient d&rsquo;ailleurs commenc\u00e9 \u00e0 vendre des voyages de type \u00ab\u00a0D\u00e9couvre ton quartier en une heure\u00a0\u00bb. In fine, le confinement devait conduire \u00e0 un changement de paradigme, au triomphe du tourisme de proximit\u00e9. La soci\u00e9t\u00e9 des loisirs et les migrations de masse allaient devoir r\u00e9gler leur logiciel car l&rsquo;imaginaire des antipodes serait  supplant\u00e9 par celui des r\u00e9gions. Le bonheur du voyage se trouverait dans le pr\u00e9 et non plus sur une plage surpeupl\u00e9e. <\/p>\n\n\n\n<p>Aujourd&rsquo;hui, si le vanlife a le vent en poupe et si la vogue du patrimoine booste le tourisme en r\u00e9gion, les lignes bougent sans se presser. Ainsi, on n&rsquo;a jamais autant vol\u00e9. Selon l&rsquo;association FlightRadar24, le 6 juillet a pulv\u00e9ris\u00e9 le record du nombre de vols commerciaux. \u00c0 savoir 134 386. Dans un autre registre en Gr\u00e8ce le \u00ab\u00a0mouvement des serviettes\u00a0\u00bb renseigne sur la mont\u00e9e en puissance de la privation des plages. Mais dans le m\u00eame temps, il montre que l&rsquo;engouement pour la bronzette en mode sardines ne se d\u00e9mord pas. La plage et la mer restent des fondamentaux du bonheur estival. <\/p>\n\n\n<div class=\"wp-block-image\">\n<figure class=\"aligncenter size-large\"><img loading=\"lazy\" decoding=\"async\" width=\"768\" height=\"1024\" src=\"https:\/\/finelife.tv\/fr\/wp-content\/uploads\/2023\/08\/img-src-22https-finelife.tvimage.jpg-alt-22Faut-il-voyager-pour-etre-heureux-video-arthur-de-grave22-768x1024.jpg\" alt=\"\" class=\"wp-image-14175\" srcset=\"https:\/\/finelife.tv\/fr\/wp-content\/uploads\/2023\/08\/img-src-22https-finelife.tvimage.jpg-alt-22Faut-il-voyager-pour-etre-heureux-video-arthur-de-grave22-768x1024.jpg 768w, https:\/\/finelife.tv\/fr\/wp-content\/uploads\/2023\/08\/img-src-22https-finelife.tvimage.jpg-alt-22Faut-il-voyager-pour-etre-heureux-video-arthur-de-grave22-225x300.jpg 225w, https:\/\/finelife.tv\/fr\/wp-content\/uploads\/2023\/08\/img-src-22https-finelife.tvimage.jpg-alt-22Faut-il-voyager-pour-etre-heureux-video-arthur-de-grave22-1152x1536.jpg 1152w, https:\/\/finelife.tv\/fr\/wp-content\/uploads\/2023\/08\/img-src-22https-finelife.tvimage.jpg-alt-22Faut-il-voyager-pour-etre-heureux-video-arthur-de-grave22-1536x2048.jpg 1536w, https:\/\/finelife.tv\/fr\/wp-content\/uploads\/2023\/08\/img-src-22https-finelife.tvimage.jpg-alt-22Faut-il-voyager-pour-etre-heureux-video-arthur-de-grave22-scaled.jpg 1920w\" sizes=\"auto, (max-width: 768px) 100vw, 768px\" \/><\/figure>\n<\/div>\n\n\n<p>Un autre crit\u00e8re entre en jeu dans le voyage. L&rsquo;affichage sur les r\u00e9seaux et le r\u00e9cit de retour. Voyager est un indicateur social de bien-\u00eatre, une norme, un imp\u00e9ratif de bonheur cadr\u00e9. Et toi tu as es all\u00e9(e) o\u00f9 pendant les vacances ? R\u00e9pondre nulle part est un signe de singularit\u00e9. Plus g\u00e9n\u00e9ralement c&rsquo;est la loose. R\u00e9pondre \u00e0 Cabourg avec le Secours populaire renseigne sur le statut social : pauvret\u00e9 et pr\u00e9carit\u00e9. La loose aussi par rapports aux images d&rsquo;ultra luxe diffus\u00e9es par certains intagrameurs Duba\u00efotes de c\u0153ur et de carte platinium.<\/p>\n\n\n\n<p><\/p>\n\n\n\n<h2 class=\"wp-block-heading\">32 artistes se questionnent sur le rapport au voyage<\/h2>\n\n\n\n<p><\/p>\n\n\n\n<p>L&rsquo;exposition qui a donc pour origine \u00ab\u00a0la mobilit\u00e9 contrari\u00e9e\u00a0\u00bb aborde plus ou moins ouvertement ces th\u00e8mes. En particulier le surtourisme et les enjeux environnementaux, l&rsquo;uniformisation ou encore le voyage contraint des migrants. Elle se d\u00e9fend en revanche de toute vocation moralisatrice. Car \u00ab\u00a0Faut-il voyager pour \u00eatre heureux ?\u00a0\u00bb se veut aussi \u00ab\u00a0une invitation au plaisir et \u00e0 l&rsquo;\u00e9motion pour d\u00e9couvrir d&rsquo;un autre \u0153il l&rsquo;univers du voyage\u00a0\u00bb. <\/p>\n\n\n\n<p>Les organisateurs ont demand\u00e9 \u00e0 32 artistes nationaux et internationaux de questionner leur rapport \u00e0 cet univers. R\u00e9sultat, une cinquantaine d&rsquo;\u0153uvres : installations, peintures, vid\u00e9os ou encore photographies. Le commissariat pluriel r\u00e9unit les tr\u00e8s dynamiques, Nathalie Bazoche de la Fondation groupe EDF, Alexia Favre ancienne directrice du MAC VAL et Rodolphe Christin, sociologue sp\u00e9cialiste de l&rsquo;environnement.<\/p>\n\n\n\n<p>Au menu : des approches qui interrogent le voyage en lui m\u00eame, des exp\u00e9riences politiques, po\u00e9tiques, intimes et d\u00e9cal\u00e9es. <\/p>\n\n\n\n<p><\/p>\n\n\n\n<h2 class=\"wp-block-heading\"> L&rsquo;art \u00e0 travers les prisme de l&rsquo;environnement, l&rsquo;uniformisation, les migrations et les imaginaires <\/h2>\n\n\n<div class=\"wp-block-image\">\n<figure class=\"aligncenter size-large\"><img loading=\"lazy\" decoding=\"async\" width=\"1024\" height=\"877\" src=\"https:\/\/finelife.tv\/fr\/wp-content\/uploads\/2023\/08\/img-src-22https-finelife.tvimage.jpg-alt-22Faut-il-voyager-pour-etre-heureux-aeroport-MARK-wallinger-1024x877.jpg\" alt=\"\" class=\"wp-image-14181\" srcset=\"https:\/\/finelife.tv\/fr\/wp-content\/uploads\/2023\/08\/img-src-22https-finelife.tvimage.jpg-alt-22Faut-il-voyager-pour-etre-heureux-aeroport-MARK-wallinger-1024x877.jpg 1024w, https:\/\/finelife.tv\/fr\/wp-content\/uploads\/2023\/08\/img-src-22https-finelife.tvimage.jpg-alt-22Faut-il-voyager-pour-etre-heureux-aeroport-MARK-wallinger-300x257.jpg 300w, https:\/\/finelife.tv\/fr\/wp-content\/uploads\/2023\/08\/img-src-22https-finelife.tvimage.jpg-alt-22Faut-il-voyager-pour-etre-heureux-aeroport-MARK-wallinger-768x658.jpg 768w, https:\/\/finelife.tv\/fr\/wp-content\/uploads\/2023\/08\/img-src-22https-finelife.tvimage.jpg-alt-22Faut-il-voyager-pour-etre-heureux-aeroport-MARK-wallinger-1536x1315.jpg 1536w, https:\/\/finelife.tv\/fr\/wp-content\/uploads\/2023\/08\/img-src-22https-finelife.tvimage.jpg-alt-22Faut-il-voyager-pour-etre-heureux-aeroport-MARK-wallinger-2048x1754.jpg 2048w\" sizes=\"auto, (max-width: 1024px) 100vw, 1024px\" \/><figcaption class=\"wp-element-caption\">Mark Willinger documente les arriv\u00e9es d&rsquo;a\u00e9roports au son du Miserere<\/figcaption><\/figure>\n<\/div>\n\n\n<p>En guise d&rsquo;accueil la saisissante installation d&rsquo;Ange Leccia, un Arrangement de globes terrestres, interpelle bien \u00e9videmment sur l&rsquo;absence de plan\u00e8te B (voir photo principale). Mais aussi sur les imaginaires autour du tourisme spatial.<\/p>\n\n\n\n<p>Les voyages et ses impacts sur l&rsquo;environnement sont \u00e9galement interrog\u00e9s par une vid\u00e9o qui s&rsquo;attarde sur un endroit idyllique quelque part en Croatie. Un paradis dont l&rsquo;artiste refuse de donner nom et position. Une tendance qui se d\u00e9veloppe timidement sur les r\u00e9seaux afin d&rsquo;\u00e9viter l&rsquo;envahissement de lieux secrets et pr\u00e9serv\u00e9s. Une r\u00e9sistance \u00e0 l&rsquo;heure o\u00f9 la plan\u00e8te est quadrill\u00e9e jusqu&rsquo;un plus humble sentier de randonn\u00e9e. Un contre courant, un coupe feu face aux afflux de touristes instagrameurs.<\/p>\n\n\n\n<p>De leur c\u00f4t\u00e9 St\u00e9phane Degoutin et Gwenola Wagon sont paris d&rsquo;un constat. Il existerait 5 milliards de postes postales de la Tour Eiffel dans le monde. Les artistes ont alors travaill\u00e9 sur l&rsquo;essentialisation. La r\u00e9duction d&rsquo;un lieu \u00e0 un symbole. Le duo propose ici douze cartes postales de banlieues. Objectif, orienter le regard vers le quotidien, l&rsquo;ordinaire \u00e9galement composante du voyage. Une sorte d&rsquo;ultra proximit\u00e9 face au surtourisme. <\/p>\n\n\n<div class=\"wp-block-image\">\n<figure class=\"aligncenter size-large\"><img loading=\"lazy\" decoding=\"async\" width=\"768\" height=\"1024\" src=\"https:\/\/finelife.tv\/fr\/wp-content\/uploads\/2023\/08\/img-src-22https-finelife.tvimage.jpg-alt-22Faut-il-voyager-pour-etre-heureux-valise-davide-balula22-768x1024.jpg\" alt=\"\" class=\"wp-image-14184\" srcset=\"https:\/\/finelife.tv\/fr\/wp-content\/uploads\/2023\/08\/img-src-22https-finelife.tvimage.jpg-alt-22Faut-il-voyager-pour-etre-heureux-valise-davide-balula22-768x1024.jpg 768w, https:\/\/finelife.tv\/fr\/wp-content\/uploads\/2023\/08\/img-src-22https-finelife.tvimage.jpg-alt-22Faut-il-voyager-pour-etre-heureux-valise-davide-balula22-225x300.jpg 225w, https:\/\/finelife.tv\/fr\/wp-content\/uploads\/2023\/08\/img-src-22https-finelife.tvimage.jpg-alt-22Faut-il-voyager-pour-etre-heureux-valise-davide-balula22-1152x1536.jpg 1152w, https:\/\/finelife.tv\/fr\/wp-content\/uploads\/2023\/08\/img-src-22https-finelife.tvimage.jpg-alt-22Faut-il-voyager-pour-etre-heureux-valise-davide-balula22-1536x2048.jpg 1536w, https:\/\/finelife.tv\/fr\/wp-content\/uploads\/2023\/08\/img-src-22https-finelife.tvimage.jpg-alt-22Faut-il-voyager-pour-etre-heureux-valise-davide-balula22-scaled.jpg 1920w\" sizes=\"auto, (max-width: 768px) 100vw, 768px\" \/><figcaption class=\"wp-element-caption\">Dadide Belula fait voyager sa valise qui enregistre le son d&rsquo;un vol Paris-New-York<\/figcaption><\/figure>\n<\/div>\n\n\n<p>On l&rsquo;oublie souvent mais le voyage passe par les objets et les structures. Ainsi Dadide Belula fait voyager sa valise qui enregistre le son d&rsquo;un vol Paris-New-York tandis que Mark Willinger documente les arriv\u00e9es d&rsquo;a\u00e9roports au son du Miserere. <\/p>\n\n\n\n<h3 class=\"wp-block-heading has-text-align-center\">Le voyage et l&rsquo;intime <\/h3>\n\n\n\n<p>Loin des flux et de l&rsquo;uniformisation, certains artistes explorent l&rsquo;intime dans le voyage. Ainsi Barbara et Michael Leisgen photographient leur corps en dialogue avec la nature. Notamment avec cette photo o\u00f9 le corps fait corps avec le soleil.<\/p>\n\n\n<div class=\"wp-block-image\">\n<figure class=\"aligncenter size-large\"><img loading=\"lazy\" decoding=\"async\" width=\"1024\" height=\"1024\" src=\"https:\/\/finelife.tv\/fr\/wp-content\/uploads\/2023\/08\/img-src-22https-finelife.tvimage.jpg-alt-22Faut-il-voyager-pour-etre-heureux-femme-soleil-barbara-michael-leisgen22-1024x1024.jpg\" alt=\"\" class=\"wp-image-14185\" srcset=\"https:\/\/finelife.tv\/fr\/wp-content\/uploads\/2023\/08\/img-src-22https-finelife.tvimage.jpg-alt-22Faut-il-voyager-pour-etre-heureux-femme-soleil-barbara-michael-leisgen22-1024x1024.jpg 1024w, https:\/\/finelife.tv\/fr\/wp-content\/uploads\/2023\/08\/img-src-22https-finelife.tvimage.jpg-alt-22Faut-il-voyager-pour-etre-heureux-femme-soleil-barbara-michael-leisgen22-300x300.jpg 300w, https:\/\/finelife.tv\/fr\/wp-content\/uploads\/2023\/08\/img-src-22https-finelife.tvimage.jpg-alt-22Faut-il-voyager-pour-etre-heureux-femme-soleil-barbara-michael-leisgen22-150x150.jpg 150w, https:\/\/finelife.tv\/fr\/wp-content\/uploads\/2023\/08\/img-src-22https-finelife.tvimage.jpg-alt-22Faut-il-voyager-pour-etre-heureux-femme-soleil-barbara-michael-leisgen22-768x768.jpg 768w, https:\/\/finelife.tv\/fr\/wp-content\/uploads\/2023\/08\/img-src-22https-finelife.tvimage.jpg-alt-22Faut-il-voyager-pour-etre-heureux-femme-soleil-barbara-michael-leisgen22-1536x1536.jpg 1536w, https:\/\/finelife.tv\/fr\/wp-content\/uploads\/2023\/08\/img-src-22https-finelife.tvimage.jpg-alt-22Faut-il-voyager-pour-etre-heureux-femme-soleil-barbara-michael-leisgen22-2048x2048.jpg 2048w\" sizes=\"auto, (max-width: 1024px) 100vw, 1024px\" \/><figcaption class=\"wp-element-caption\">Barbara et Michael Leisgen voyager pour faire corps avec le monde<\/figcaption><\/figure>\n<\/div>\n\n\n<p>Le performeur Abraham Poincheval expose son gyrovague, \u00e0 la fois \u00ab\u00a0roulotte\u00a0\u00bb circulaire et cam\u00e9ra obscura. Son exp\u00e9rience artistique consiste \u00e0 parcourir dans des conditions tr\u00e8s pr\u00e9caires les Alpes fran\u00e7aises et italiennes. Un retour aux racines du voyage, confrontation \u00e0 l&rsquo;environnement et \u00e0 l&rsquo;inconnu. Mais aussi rencontres, plaisir et richesse de l&rsquo;\u00e9change.<\/p>\n\n\n<div class=\"wp-block-image\">\n<figure class=\"aligncenter size-large\"><img loading=\"lazy\" decoding=\"async\" width=\"768\" height=\"1024\" src=\"https:\/\/finelife.tv\/fr\/wp-content\/uploads\/2023\/08\/img-src-22https-finelife.tvimage.jpg-alt-22Faut-il-voyager-pour-etre-heureux-abraham-poincheval-gyrovague22-768x1024.jpg\" alt=\"\" class=\"wp-image-14182\" srcset=\"https:\/\/finelife.tv\/fr\/wp-content\/uploads\/2023\/08\/img-src-22https-finelife.tvimage.jpg-alt-22Faut-il-voyager-pour-etre-heureux-abraham-poincheval-gyrovague22-768x1024.jpg 768w, https:\/\/finelife.tv\/fr\/wp-content\/uploads\/2023\/08\/img-src-22https-finelife.tvimage.jpg-alt-22Faut-il-voyager-pour-etre-heureux-abraham-poincheval-gyrovague22-225x300.jpg 225w, https:\/\/finelife.tv\/fr\/wp-content\/uploads\/2023\/08\/img-src-22https-finelife.tvimage.jpg-alt-22Faut-il-voyager-pour-etre-heureux-abraham-poincheval-gyrovague22-1152x1536.jpg 1152w, https:\/\/finelife.tv\/fr\/wp-content\/uploads\/2023\/08\/img-src-22https-finelife.tvimage.jpg-alt-22Faut-il-voyager-pour-etre-heureux-abraham-poincheval-gyrovague22-1536x2048.jpg 1536w, https:\/\/finelife.tv\/fr\/wp-content\/uploads\/2023\/08\/img-src-22https-finelife.tvimage.jpg-alt-22Faut-il-voyager-pour-etre-heureux-abraham-poincheval-gyrovague22-scaled.jpg 1920w\" sizes=\"auto, (max-width: 768px) 100vw, 768px\" \/><figcaption class=\"wp-element-caption\">Abraham Poincheval expose son gyrovague<\/figcaption><\/figure>\n<\/div>\n\n\n<p>Des exp\u00e9riences aux antipodes des colonisations du tourisme de masse tel que le saisit de mani\u00e8re spectaculaire Santiago Sierra avec Inlander Raus (Natifs dehors). La photo d\u00e9nonce la pr\u00e9sence allemande massive \u00e0 Majorque parfois consid\u00e9r\u00e9e comme une province germanique. Un surtourisme qui ne b\u00e9n\u00e9ficie ni aux locaux ni \u00e9videmment \u00e0 l&rsquo;environnement.<\/p>\n\n\n\n<p><\/p>\n\n\n\n<h3 class=\"wp-block-heading has-text-align-center\">Le voyage contraint : les migrations<\/h3>\n\n\n<div class=\"wp-block-image\">\n<figure class=\"aligncenter size-large\"><img loading=\"lazy\" decoding=\"async\" width=\"1024\" height=\"689\" src=\"https:\/\/finelife.tv\/fr\/wp-content\/uploads\/2023\/08\/img-src-22https-finelife.tvimage.jpg-alt-22Faut-il-voyager-pour-etre-heureux-photo-migrant-avec-balluchon-bottari-kimsooja22-1024x689.jpg\" alt=\"\" class=\"wp-image-14211\" srcset=\"https:\/\/finelife.tv\/fr\/wp-content\/uploads\/2023\/08\/img-src-22https-finelife.tvimage.jpg-alt-22Faut-il-voyager-pour-etre-heureux-photo-migrant-avec-balluchon-bottari-kimsooja22-1024x689.jpg 1024w, https:\/\/finelife.tv\/fr\/wp-content\/uploads\/2023\/08\/img-src-22https-finelife.tvimage.jpg-alt-22Faut-il-voyager-pour-etre-heureux-photo-migrant-avec-balluchon-bottari-kimsooja22-300x202.jpg 300w, https:\/\/finelife.tv\/fr\/wp-content\/uploads\/2023\/08\/img-src-22https-finelife.tvimage.jpg-alt-22Faut-il-voyager-pour-etre-heureux-photo-migrant-avec-balluchon-bottari-kimsooja22-768x516.jpg 768w, https:\/\/finelife.tv\/fr\/wp-content\/uploads\/2023\/08\/img-src-22https-finelife.tvimage.jpg-alt-22Faut-il-voyager-pour-etre-heureux-photo-migrant-avec-balluchon-bottari-kimsooja22-1536x1033.jpg 1536w, https:\/\/finelife.tv\/fr\/wp-content\/uploads\/2023\/08\/img-src-22https-finelife.tvimage.jpg-alt-22Faut-il-voyager-pour-etre-heureux-photo-migrant-avec-balluchon-bottari-kimsooja22-2048x1377.jpg 2048w\" sizes=\"auto, (max-width: 1024px) 100vw, 1024px\" \/><figcaption class=\"wp-element-caption\">Bottari Truck-migrateur Kimsooja 2007 \/@ Kimsooja &#8211; MAC VAL \/ Adajp Paris<\/figcaption><\/figure>\n<\/div>\n\n\n<p>Faut-il voyager pour \u00eatre heureux ? La r\u00e9ponse est r\u00e9solument non pour les migrants qui fuient, guerres, dictatures, extr\u00eame pauvret\u00e9. <\/p>\n\n\n\n<p>Taysir Batniji expose une \u0153uvre cr\u00e9\u00e9e pour une exposition \u00e0 Marseille. Compos\u00e9e de savon de &#8230; Marseille, ville symbole de migration, elle rappelle le droit \u00e0 circuler d\u00e9fini par l&rsquo;article 13 de la D\u00e9claration universelle des Droits de l&rsquo;homme. <\/p>\n\n\n\n<p>Mais une fois arriv\u00e9(e)s \u00e0 destination l&rsquo;aventure, le voyage se poursuit. Sinon toujours, du moins souvent version gal\u00e8re. Ainsi Kimooja \u00e0 travers la vid\u00e9o Bottari Truck-migrateurs (1) rappelle l&rsquo;itin\u00e9rance des expuls\u00e9s de l&rsquo;\u00e9glise Saint-Bernard (Paris 18\u00e8me) en 1996.<\/p>\n\n\n\n<p>(1) le bottari est un balluchon fait d&rsquo;un tissu traditionnel cor\u00e9en, le bojagi.<\/p>\n\n\n\n<p><\/p>\n\n\n\n<h3 class=\"wp-block-heading has-text-align-center\">Les imaginaires<\/h3>\n\n\n<div class=\"wp-block-image\">\n<figure class=\"aligncenter size-large\"><img loading=\"lazy\" decoding=\"async\" width=\"1024\" height=\"694\" src=\"https:\/\/finelife.tv\/fr\/wp-content\/uploads\/2023\/08\/img-src-22https-finelife.tvimage.jpg-alt-22Faut-il-voyager-pour-etre-heureux-hobos-de-mike-brodie22-1024x694.jpg\" alt=\"\" class=\"wp-image-14183\" srcset=\"https:\/\/finelife.tv\/fr\/wp-content\/uploads\/2023\/08\/img-src-22https-finelife.tvimage.jpg-alt-22Faut-il-voyager-pour-etre-heureux-hobos-de-mike-brodie22-1024x694.jpg 1024w, https:\/\/finelife.tv\/fr\/wp-content\/uploads\/2023\/08\/img-src-22https-finelife.tvimage.jpg-alt-22Faut-il-voyager-pour-etre-heureux-hobos-de-mike-brodie22-300x203.jpg 300w, https:\/\/finelife.tv\/fr\/wp-content\/uploads\/2023\/08\/img-src-22https-finelife.tvimage.jpg-alt-22Faut-il-voyager-pour-etre-heureux-hobos-de-mike-brodie22-768x521.jpg 768w, https:\/\/finelife.tv\/fr\/wp-content\/uploads\/2023\/08\/img-src-22https-finelife.tvimage.jpg-alt-22Faut-il-voyager-pour-etre-heureux-hobos-de-mike-brodie22-1536x1041.jpg 1536w, https:\/\/finelife.tv\/fr\/wp-content\/uploads\/2023\/08\/img-src-22https-finelife.tvimage.jpg-alt-22Faut-il-voyager-pour-etre-heureux-hobos-de-mike-brodie22.jpg 1857w\" sizes=\"auto, (max-width: 1024px) 100vw, 1024px\" \/><figcaption class=\"wp-element-caption\">Polaroid Kid de Mike Brodie, une s\u00e9rie de 7 000 clich\u00e9s sur les nouveaux Hobos qui sillonnent les \u00c9tats-Unis en sautant dans des trains.<\/figcaption><\/figure>\n<\/div>\n\n\n<p>Parmi les imaginaires on retient le travail documentaire de Mike Brodie sur les jeunes travellers am\u00e9ricains. Une s\u00e9rie de 7 000 photographies sur ces hoppers h\u00e9ritiers des hobos qui sillonnent le pays en sautant de train en train. Le voyage est ici un mode de vie. <\/p>\n\n\n<div class=\"wp-block-image\">\n<figure class=\"aligncenter size-large\"><img loading=\"lazy\" decoding=\"async\" width=\"635\" height=\"1024\" src=\"https:\/\/finelife.tv\/fr\/wp-content\/uploads\/2023\/08\/img-src-22https-finelife.tvimage.jpg-alt-22Faut-il-voyager-pour-etre-heureux-phtoro-femme-cominaison-esquimau-nathalie-talec22-635x1024.jpg\" alt=\"\" class=\"wp-image-14212\" srcset=\"https:\/\/finelife.tv\/fr\/wp-content\/uploads\/2023\/08\/img-src-22https-finelife.tvimage.jpg-alt-22Faut-il-voyager-pour-etre-heureux-phtoro-femme-cominaison-esquimau-nathalie-talec22-635x1024.jpg 635w, https:\/\/finelife.tv\/fr\/wp-content\/uploads\/2023\/08\/img-src-22https-finelife.tvimage.jpg-alt-22Faut-il-voyager-pour-etre-heureux-phtoro-femme-cominaison-esquimau-nathalie-talec22-186x300.jpg 186w, https:\/\/finelife.tv\/fr\/wp-content\/uploads\/2023\/08\/img-src-22https-finelife.tvimage.jpg-alt-22Faut-il-voyager-pour-etre-heureux-phtoro-femme-cominaison-esquimau-nathalie-talec22-768x1239.jpg 768w, https:\/\/finelife.tv\/fr\/wp-content\/uploads\/2023\/08\/img-src-22https-finelife.tvimage.jpg-alt-22Faut-il-voyager-pour-etre-heureux-phtoro-femme-cominaison-esquimau-nathalie-talec22-952x1536.jpg 952w, https:\/\/finelife.tv\/fr\/wp-content\/uploads\/2023\/08\/img-src-22https-finelife.tvimage.jpg-alt-22Faut-il-voyager-pour-etre-heureux-phtoro-femme-cominaison-esquimau-nathalie-talec22.jpg 1167w\" sizes=\"auto, (max-width: 635px) 100vw, 635px\" \/><figcaption class=\"wp-element-caption\">Nathalie Talec Cinq minutes sur la route du p\u00f4le \/ @Nathalie Talec 1983 \/ @MAC VAL \/Adagp<\/figcaption><\/figure>\n<\/div>\n\n\n<p>Toujours dans l&rsquo;esprit des voyages extr\u00eames, Nathalie Talec, passionn\u00e9e des exp\u00e9dition du Grand Nord livre une \u0153uvre entre art et exploration. Assez d\u00e9cal\u00e9e. Ainsi ce clich\u00e9 d&rsquo;une sortie de m\u00e9tro en combinaison polaire et rackets swarowski. <\/p>\n\n\n\n<p>Enfin changement radical d&rsquo;imaginaire chez Julie Fortier qui cr\u00e9e un voyage olfactif. Avec 60 000 touches \u00e0 parfum et 4 parfums diff\u00e9rents l&rsquo;artiste compose ainsi un paysage mouvant. Objectif : \u00e9voquer une itin\u00e9rance \u00e0 travers 4 types de ciel du clair au sombre orageux. <\/p>\n\n\n\n<p><\/p>\n\n\n\n<p><\/p>\n\n\n\n<h2 class=\"wp-block-heading has-text-align-center has-background\" style=\"background:linear-gradient(220deg,rgb(255,245,203) 0%,rgb(182,227,212) 50%,rgb(255,255,255) 86%,rgb(51,167,181) 100%)\">INFOS<\/h2>\n\n\n\n<p>Photo principale : Ange Leccia Arrangements Globes terrestres 1990-2021 <\/p>\n\n\n\n<p><strong>Faut-il voyager pour \u00eatre heureux<\/strong> ?<\/p>\n\n\n\n<p><strong>Salle Gilbert Gaillard<\/strong> 2 rue Saint-Pierre<br>63000 Clermont-Ferrand<\/p>\n\n\n\n<p>Jusqu&rsquo;au 17 septembre <\/p>\n\n\n\n<p>Clermont-Ferrand  <a href=\"https:\/\/clermont-ferrand.fr\/\">https:\/\/clermont-ferrand.fr\/<\/a><\/p>\n\n\n\n<p>Clermont Auvergne Tourisme <a href=\"https:\/\/www.clermontauvergnetourisme.com\/\">https:\/\/www.clermontauvergnetourisme.com\/<\/a><\/p>\n\n\n\n<p>Related article Faut-il voyager pour \u00eatre heureux ? <\/p>\n\n\n\n<p><strong>Lincoln Highway Amor Towles livre son odyss\u00e9e de la route<\/strong> <a href=\"https:\/\/finelife.tv\/fr\/2022\/10\/25\/lincoln-highway-amor-towles-livre-son-odyssee-de-la-route\/\">https:\/\/finelife.tv\/fr\/2022\/10\/25\/lincoln-highway-amor-towles-livre-son-odyssee-de-la-route\/<\/a><\/p>\n\n\n\n<p><strong><a href=\"https:\/\/finelife.tv\/fr\/2024\/07\/29\/art-abraham-poincheval-reclus-dans-une-bouteille\/\">Art Abraham Poincheval reclus dans une bouteille<\/a><\/strong><\/p>\n","protected":false},"excerpt":{"rendered":"<p>Faut-il voyager pour \u00eatre heureux ? Expo r\u00e9ponse de la Fondation EDF qui part en vacances \u00e0 Clermont pour interroger, \u00e0 travers l&rsquo;art, le plaisir du voyage, ses moteurs, ses enjeux environnementaux ainsi qu&rsquo;un futur \u00e0 inventer<\/p>\n","protected":false},"author":1,"featured_media":0,"comment_status":"open","ping_status":"open","sticky":false,"template":"","format":"standard","meta":{"footnotes":""},"categories":[4],"tags":[22,3202,4108,4110,4107,68,4111,4112,1363],"class_list":["post-14162","post","type-post","status-publish","format-standard","hentry","category-blog","tag-art","tag-expo","tag-expo-bonheur","tag-expo-tourisme","tag-expo-voyage","tag-exposition","tag-exposition-tourisme","tag-exposition-voyage","tag-fondation-edf"],"yoast_head":"<!-- This site is optimized with the Yoast SEO plugin v27.5 - https:\/\/yoast.com\/product\/yoast-seo-wordpress\/ -->\n<title>Faut-il voyager pour \u00eatre heureux ? - FineLife.tv<\/title>\n<meta name=\"description\" content=\"Faut-il voyager pour \u00eatre heureux ? Expo r\u00e9ponse de la Fondation EDF qui part en vacances \u00e0 Clermont pour interroger, \u00e0 travers l&#039;art, le plaisir du voyage, ses moteurs, ses enjeux environnementaux ainsi qu&#039;un futur \u00e0 inventer\" \/>\n<meta name=\"robots\" content=\"index, follow, max-snippet:-1, max-image-preview:large, max-video-preview:-1\" \/>\n<link rel=\"canonical\" href=\"https:\/\/finelife.tv\/fr\/2023\/08\/15\/faut-il-voyager-pour-etre-heureux\/\" \/>\n<meta property=\"og:locale\" content=\"fr_FR\" \/>\n<meta property=\"og:type\" content=\"article\" \/>\n<meta property=\"og:title\" content=\"Faut-il voyager pour \u00eatre heureux ? - FineLife.tv\" \/>\n<meta property=\"og:description\" content=\"Faut-il voyager pour \u00eatre heureux ? Expo r\u00e9ponse de la Fondation EDF qui part en vacances \u00e0 Clermont pour interroger, \u00e0 travers l&#039;art, le plaisir du voyage, ses moteurs, ses enjeux environnementaux ainsi qu&#039;un futur \u00e0 inventer\" \/>\n<meta property=\"og:url\" content=\"https:\/\/finelife.tv\/fr\/2023\/08\/15\/faut-il-voyager-pour-etre-heureux\/\" \/>\n<meta property=\"og:site_name\" content=\"FineLife.tv\" \/>\n<meta property=\"article:published_time\" content=\"2023-08-15T10:04:20+00:00\" \/>\n<meta property=\"article:modified_time\" content=\"2024-07-29T12:00:59+00:00\" \/>\n<meta property=\"og:image\" content=\"https:\/\/finelife.tv\/fr\/wp-content\/uploads\/2023\/08\/img-src-22https-finelife.tvimage.jpg-alt-22Faut-il-voyager-pour-etre-heureux-22-768x1024.jpg\" \/>\n<meta name=\"author\" content=\"Leonore\" \/>\n<meta name=\"twitter:card\" content=\"summary_large_image\" \/>\n<meta name=\"twitter:creator\" content=\"@finelifetv\" \/>\n<meta name=\"twitter:site\" content=\"@finelifetv\" \/>\n<meta name=\"twitter:label1\" content=\"\u00c9crit par\" \/>\n\t<meta name=\"twitter:data1\" content=\"Leonore\" \/>\n\t<meta name=\"twitter:label2\" content=\"Dur\u00e9e de lecture estim\u00e9e\" \/>\n\t<meta name=\"twitter:data2\" content=\"9 minutes\" \/>\n<script type=\"application\/ld+json\" class=\"yoast-schema-graph\">{\"@context\":\"https:\\\/\\\/schema.org\",\"@graph\":[{\"@type\":\"Article\",\"@id\":\"https:\\\/\\\/finelife.tv\\\/fr\\\/2023\\\/08\\\/15\\\/faut-il-voyager-pour-etre-heureux\\\/#article\",\"isPartOf\":{\"@id\":\"https:\\\/\\\/finelife.tv\\\/fr\\\/2023\\\/08\\\/15\\\/faut-il-voyager-pour-etre-heureux\\\/\"},\"author\":{\"name\":\"Leonore\",\"@id\":\"https:\\\/\\\/finelife.tv\\\/fr\\\/#\\\/schema\\\/person\\\/e3d980b0c0b3dc5af01c3455893c8c52\"},\"headline\":\"Faut-il voyager pour \u00eatre heureux ?\",\"datePublished\":\"2023-08-15T10:04:20+00:00\",\"dateModified\":\"2024-07-29T12:00:59+00:00\",\"mainEntityOfPage\":{\"@id\":\"https:\\\/\\\/finelife.tv\\\/fr\\\/2023\\\/08\\\/15\\\/faut-il-voyager-pour-etre-heureux\\\/\"},\"wordCount\":1422,\"commentCount\":3,\"image\":{\"@id\":\"https:\\\/\\\/finelife.tv\\\/fr\\\/2023\\\/08\\\/15\\\/faut-il-voyager-pour-etre-heureux\\\/#primaryimage\"},\"thumbnailUrl\":\"https:\\\/\\\/finelife.tv\\\/fr\\\/wp-content\\\/uploads\\\/2023\\\/08\\\/img-src-22https-finelife.tvimage.jpg-alt-22Faut-il-voyager-pour-etre-heureux-22-768x1024.jpg\",\"keywords\":[\"art\",\"expo\",\"expo bonheur\",\"expo tourisme\",\"expo voyage\",\"exposition\",\"exposition tourisme\",\"exposition voyage\",\"fondation EDF\"],\"articleSection\":[\"Blog\"],\"inLanguage\":\"fr-FR\",\"potentialAction\":[{\"@type\":\"CommentAction\",\"name\":\"Comment\",\"target\":[\"https:\\\/\\\/finelife.tv\\\/fr\\\/2023\\\/08\\\/15\\\/faut-il-voyager-pour-etre-heureux\\\/#respond\"]}]},{\"@type\":\"WebPage\",\"@id\":\"https:\\\/\\\/finelife.tv\\\/fr\\\/2023\\\/08\\\/15\\\/faut-il-voyager-pour-etre-heureux\\\/\",\"url\":\"https:\\\/\\\/finelife.tv\\\/fr\\\/2023\\\/08\\\/15\\\/faut-il-voyager-pour-etre-heureux\\\/\",\"name\":\"Faut-il voyager pour \u00eatre heureux ? - FineLife.tv\",\"isPartOf\":{\"@id\":\"https:\\\/\\\/finelife.tv\\\/fr\\\/#website\"},\"primaryImageOfPage\":{\"@id\":\"https:\\\/\\\/finelife.tv\\\/fr\\\/2023\\\/08\\\/15\\\/faut-il-voyager-pour-etre-heureux\\\/#primaryimage\"},\"image\":{\"@id\":\"https:\\\/\\\/finelife.tv\\\/fr\\\/2023\\\/08\\\/15\\\/faut-il-voyager-pour-etre-heureux\\\/#primaryimage\"},\"thumbnailUrl\":\"https:\\\/\\\/finelife.tv\\\/fr\\\/wp-content\\\/uploads\\\/2023\\\/08\\\/img-src-22https-finelife.tvimage.jpg-alt-22Faut-il-voyager-pour-etre-heureux-22-768x1024.jpg\",\"datePublished\":\"2023-08-15T10:04:20+00:00\",\"dateModified\":\"2024-07-29T12:00:59+00:00\",\"author\":{\"@id\":\"https:\\\/\\\/finelife.tv\\\/fr\\\/#\\\/schema\\\/person\\\/e3d980b0c0b3dc5af01c3455893c8c52\"},\"description\":\"Faut-il voyager pour \u00eatre heureux ? Expo r\u00e9ponse de la Fondation EDF qui part en vacances \u00e0 Clermont pour interroger, \u00e0 travers l'art, le plaisir du voyage, ses moteurs, ses enjeux environnementaux ainsi qu'un futur \u00e0 inventer\",\"breadcrumb\":{\"@id\":\"https:\\\/\\\/finelife.tv\\\/fr\\\/2023\\\/08\\\/15\\\/faut-il-voyager-pour-etre-heureux\\\/#breadcrumb\"},\"inLanguage\":\"fr-FR\",\"potentialAction\":[{\"@type\":\"ReadAction\",\"target\":[\"https:\\\/\\\/finelife.tv\\\/fr\\\/2023\\\/08\\\/15\\\/faut-il-voyager-pour-etre-heureux\\\/\"]}]},{\"@type\":\"ImageObject\",\"inLanguage\":\"fr-FR\",\"@id\":\"https:\\\/\\\/finelife.tv\\\/fr\\\/2023\\\/08\\\/15\\\/faut-il-voyager-pour-etre-heureux\\\/#primaryimage\",\"url\":\"https:\\\/\\\/finelife.tv\\\/fr\\\/wp-content\\\/uploads\\\/2023\\\/08\\\/img-src-22https-finelife.tvimage.jpg-alt-22Faut-il-voyager-pour-etre-heureux-22-scaled.jpg\",\"contentUrl\":\"https:\\\/\\\/finelife.tv\\\/fr\\\/wp-content\\\/uploads\\\/2023\\\/08\\\/img-src-22https-finelife.tvimage.jpg-alt-22Faut-il-voyager-pour-etre-heureux-22-scaled.jpg\",\"width\":1920,\"height\":2560},{\"@type\":\"BreadcrumbList\",\"@id\":\"https:\\\/\\\/finelife.tv\\\/fr\\\/2023\\\/08\\\/15\\\/faut-il-voyager-pour-etre-heureux\\\/#breadcrumb\",\"itemListElement\":[{\"@type\":\"ListItem\",\"position\":1,\"name\":\"Accueil\",\"item\":\"https:\\\/\\\/finelife.tv\\\/fr\\\/\"},{\"@type\":\"ListItem\",\"position\":2,\"name\":\"Faut-il voyager pour \u00eatre heureux ?\"}]},{\"@type\":\"WebSite\",\"@id\":\"https:\\\/\\\/finelife.tv\\\/fr\\\/#website\",\"url\":\"https:\\\/\\\/finelife.tv\\\/fr\\\/\",\"name\":\"FineLife.tv\",\"description\":\"Quand l&#039;Art de vivre croise l&#039;Art de penser\",\"potentialAction\":[{\"@type\":\"SearchAction\",\"target\":{\"@type\":\"EntryPoint\",\"urlTemplate\":\"https:\\\/\\\/finelife.tv\\\/fr\\\/?s={search_term_string}\"},\"query-input\":{\"@type\":\"PropertyValueSpecification\",\"valueRequired\":true,\"valueName\":\"search_term_string\"}}],\"inLanguage\":\"fr-FR\"},{\"@type\":\"Person\",\"@id\":\"https:\\\/\\\/finelife.tv\\\/fr\\\/#\\\/schema\\\/person\\\/e3d980b0c0b3dc5af01c3455893c8c52\",\"name\":\"Leonore\",\"image\":{\"@type\":\"ImageObject\",\"inLanguage\":\"fr-FR\",\"@id\":\"https:\\\/\\\/secure.gravatar.com\\\/avatar\\\/9a2e5073417479f910ffdeee54da5ccf4f91eab62746ce0ae0e81124a9491a79?s=96&d=mm&r=g\",\"url\":\"https:\\\/\\\/secure.gravatar.com\\\/avatar\\\/9a2e5073417479f910ffdeee54da5ccf4f91eab62746ce0ae0e81124a9491a79?s=96&d=mm&r=g\",\"contentUrl\":\"https:\\\/\\\/secure.gravatar.com\\\/avatar\\\/9a2e5073417479f910ffdeee54da5ccf4f91eab62746ce0ae0e81124a9491a79?s=96&d=mm&r=g\",\"caption\":\"Leonore\"}}]}<\/script>\n<!-- \/ Yoast SEO plugin. -->","yoast_head_json":{"title":"Faut-il voyager pour \u00eatre heureux ? - FineLife.tv","description":"Faut-il voyager pour \u00eatre heureux ? Expo r\u00e9ponse de la Fondation EDF qui part en vacances \u00e0 Clermont pour interroger, \u00e0 travers l'art, le plaisir du voyage, ses moteurs, ses enjeux environnementaux ainsi qu'un futur \u00e0 inventer","robots":{"index":"index","follow":"follow","max-snippet":"max-snippet:-1","max-image-preview":"max-image-preview:large","max-video-preview":"max-video-preview:-1"},"canonical":"https:\/\/finelife.tv\/fr\/2023\/08\/15\/faut-il-voyager-pour-etre-heureux\/","og_locale":"fr_FR","og_type":"article","og_title":"Faut-il voyager pour \u00eatre heureux ? - FineLife.tv","og_description":"Faut-il voyager pour \u00eatre heureux ? Expo r\u00e9ponse de la Fondation EDF qui part en vacances \u00e0 Clermont pour interroger, \u00e0 travers l'art, le plaisir du voyage, ses moteurs, ses enjeux environnementaux ainsi qu'un futur \u00e0 inventer","og_url":"https:\/\/finelife.tv\/fr\/2023\/08\/15\/faut-il-voyager-pour-etre-heureux\/","og_site_name":"FineLife.tv","article_published_time":"2023-08-15T10:04:20+00:00","article_modified_time":"2024-07-29T12:00:59+00:00","og_image":[{"url":"https:\/\/finelife.tv\/fr\/wp-content\/uploads\/2023\/08\/img-src-22https-finelife.tvimage.jpg-alt-22Faut-il-voyager-pour-etre-heureux-22-768x1024.jpg","type":"","width":"","height":""}],"author":"Leonore","twitter_card":"summary_large_image","twitter_creator":"@finelifetv","twitter_site":"@finelifetv","twitter_misc":{"\u00c9crit par":"Leonore","Dur\u00e9e de lecture estim\u00e9e":"9 minutes"},"schema":{"@context":"https:\/\/schema.org","@graph":[{"@type":"Article","@id":"https:\/\/finelife.tv\/fr\/2023\/08\/15\/faut-il-voyager-pour-etre-heureux\/#article","isPartOf":{"@id":"https:\/\/finelife.tv\/fr\/2023\/08\/15\/faut-il-voyager-pour-etre-heureux\/"},"author":{"name":"Leonore","@id":"https:\/\/finelife.tv\/fr\/#\/schema\/person\/e3d980b0c0b3dc5af01c3455893c8c52"},"headline":"Faut-il voyager pour \u00eatre heureux ?","datePublished":"2023-08-15T10:04:20+00:00","dateModified":"2024-07-29T12:00:59+00:00","mainEntityOfPage":{"@id":"https:\/\/finelife.tv\/fr\/2023\/08\/15\/faut-il-voyager-pour-etre-heureux\/"},"wordCount":1422,"commentCount":3,"image":{"@id":"https:\/\/finelife.tv\/fr\/2023\/08\/15\/faut-il-voyager-pour-etre-heureux\/#primaryimage"},"thumbnailUrl":"https:\/\/finelife.tv\/fr\/wp-content\/uploads\/2023\/08\/img-src-22https-finelife.tvimage.jpg-alt-22Faut-il-voyager-pour-etre-heureux-22-768x1024.jpg","keywords":["art","expo","expo bonheur","expo tourisme","expo voyage","exposition","exposition tourisme","exposition voyage","fondation EDF"],"articleSection":["Blog"],"inLanguage":"fr-FR","potentialAction":[{"@type":"CommentAction","name":"Comment","target":["https:\/\/finelife.tv\/fr\/2023\/08\/15\/faut-il-voyager-pour-etre-heureux\/#respond"]}]},{"@type":"WebPage","@id":"https:\/\/finelife.tv\/fr\/2023\/08\/15\/faut-il-voyager-pour-etre-heureux\/","url":"https:\/\/finelife.tv\/fr\/2023\/08\/15\/faut-il-voyager-pour-etre-heureux\/","name":"Faut-il voyager pour \u00eatre heureux ? - FineLife.tv","isPartOf":{"@id":"https:\/\/finelife.tv\/fr\/#website"},"primaryImageOfPage":{"@id":"https:\/\/finelife.tv\/fr\/2023\/08\/15\/faut-il-voyager-pour-etre-heureux\/#primaryimage"},"image":{"@id":"https:\/\/finelife.tv\/fr\/2023\/08\/15\/faut-il-voyager-pour-etre-heureux\/#primaryimage"},"thumbnailUrl":"https:\/\/finelife.tv\/fr\/wp-content\/uploads\/2023\/08\/img-src-22https-finelife.tvimage.jpg-alt-22Faut-il-voyager-pour-etre-heureux-22-768x1024.jpg","datePublished":"2023-08-15T10:04:20+00:00","dateModified":"2024-07-29T12:00:59+00:00","author":{"@id":"https:\/\/finelife.tv\/fr\/#\/schema\/person\/e3d980b0c0b3dc5af01c3455893c8c52"},"description":"Faut-il voyager pour \u00eatre heureux ? Expo r\u00e9ponse de la Fondation EDF qui part en vacances \u00e0 Clermont pour interroger, \u00e0 travers l'art, le plaisir du voyage, ses moteurs, ses enjeux environnementaux ainsi qu'un futur \u00e0 inventer","breadcrumb":{"@id":"https:\/\/finelife.tv\/fr\/2023\/08\/15\/faut-il-voyager-pour-etre-heureux\/#breadcrumb"},"inLanguage":"fr-FR","potentialAction":[{"@type":"ReadAction","target":["https:\/\/finelife.tv\/fr\/2023\/08\/15\/faut-il-voyager-pour-etre-heureux\/"]}]},{"@type":"ImageObject","inLanguage":"fr-FR","@id":"https:\/\/finelife.tv\/fr\/2023\/08\/15\/faut-il-voyager-pour-etre-heureux\/#primaryimage","url":"https:\/\/finelife.tv\/fr\/wp-content\/uploads\/2023\/08\/img-src-22https-finelife.tvimage.jpg-alt-22Faut-il-voyager-pour-etre-heureux-22-scaled.jpg","contentUrl":"https:\/\/finelife.tv\/fr\/wp-content\/uploads\/2023\/08\/img-src-22https-finelife.tvimage.jpg-alt-22Faut-il-voyager-pour-etre-heureux-22-scaled.jpg","width":1920,"height":2560},{"@type":"BreadcrumbList","@id":"https:\/\/finelife.tv\/fr\/2023\/08\/15\/faut-il-voyager-pour-etre-heureux\/#breadcrumb","itemListElement":[{"@type":"ListItem","position":1,"name":"Accueil","item":"https:\/\/finelife.tv\/fr\/"},{"@type":"ListItem","position":2,"name":"Faut-il voyager pour \u00eatre heureux ?"}]},{"@type":"WebSite","@id":"https:\/\/finelife.tv\/fr\/#website","url":"https:\/\/finelife.tv\/fr\/","name":"FineLife.tv","description":"Quand l&#039;Art de vivre croise l&#039;Art de penser","potentialAction":[{"@type":"SearchAction","target":{"@type":"EntryPoint","urlTemplate":"https:\/\/finelife.tv\/fr\/?s={search_term_string}"},"query-input":{"@type":"PropertyValueSpecification","valueRequired":true,"valueName":"search_term_string"}}],"inLanguage":"fr-FR"},{"@type":"Person","@id":"https:\/\/finelife.tv\/fr\/#\/schema\/person\/e3d980b0c0b3dc5af01c3455893c8c52","name":"Leonore","image":{"@type":"ImageObject","inLanguage":"fr-FR","@id":"https:\/\/secure.gravatar.com\/avatar\/9a2e5073417479f910ffdeee54da5ccf4f91eab62746ce0ae0e81124a9491a79?s=96&d=mm&r=g","url":"https:\/\/secure.gravatar.com\/avatar\/9a2e5073417479f910ffdeee54da5ccf4f91eab62746ce0ae0e81124a9491a79?s=96&d=mm&r=g","contentUrl":"https:\/\/secure.gravatar.com\/avatar\/9a2e5073417479f910ffdeee54da5ccf4f91eab62746ce0ae0e81124a9491a79?s=96&d=mm&r=g","caption":"Leonore"}}]}},"_links":{"self":[{"href":"https:\/\/finelife.tv\/fr\/wp-json\/wp\/v2\/posts\/14162","targetHints":{"allow":["GET"]}}],"collection":[{"href":"https:\/\/finelife.tv\/fr\/wp-json\/wp\/v2\/posts"}],"about":[{"href":"https:\/\/finelife.tv\/fr\/wp-json\/wp\/v2\/types\/post"}],"author":[{"embeddable":true,"href":"https:\/\/finelife.tv\/fr\/wp-json\/wp\/v2\/users\/1"}],"replies":[{"embeddable":true,"href":"https:\/\/finelife.tv\/fr\/wp-json\/wp\/v2\/comments?post=14162"}],"version-history":[{"count":41,"href":"https:\/\/finelife.tv\/fr\/wp-json\/wp\/v2\/posts\/14162\/revisions"}],"predecessor-version":[{"id":20095,"href":"https:\/\/finelife.tv\/fr\/wp-json\/wp\/v2\/posts\/14162\/revisions\/20095"}],"wp:attachment":[{"href":"https:\/\/finelife.tv\/fr\/wp-json\/wp\/v2\/media?parent=14162"}],"wp:term":[{"taxonomy":"category","embeddable":true,"href":"https:\/\/finelife.tv\/fr\/wp-json\/wp\/v2\/categories?post=14162"},{"taxonomy":"post_tag","embeddable":true,"href":"https:\/\/finelife.tv\/fr\/wp-json\/wp\/v2\/tags?post=14162"}],"curies":[{"name":"wp","href":"https:\/\/api.w.org\/{rel}","templated":true}]}}