{"id":14275,"date":"2023-08-20T18:45:11","date_gmt":"2023-08-20T16:45:11","guid":{"rendered":"https:\/\/finelife.tv\/fr\/?p=14275"},"modified":"2023-08-20T19:53:29","modified_gmt":"2023-08-20T17:53:29","slug":"basquiat-warhol-lart-collab-a-la-fondation-louis-vuitton","status":"publish","type":"post","link":"https:\/\/finelife.tv\/fr\/2023\/08\/20\/basquiat-warhol-lart-collab-a-la-fondation-louis-vuitton\/","title":{"rendered":"Basquiat Warhol l&rsquo;art collab \u00e0 la Fondation Louis Vuitton"},"content":{"rendered":"<div class=\"wp-block-image\">\n<figure class=\"aligncenter size-large\"><img loading=\"lazy\" decoding=\"async\" width=\"768\" height=\"1024\" src=\"https:\/\/finelife.tv\/fr\/wp-content\/uploads\/2023\/08\/img-src-22https-finelife.tvimagere.jpg-alt-22Basquiat-Warhol-l-art-collab-a-la-Fondation-Louis-Vuitton22-768x1024.jpg\" alt=\"\" class=\"wp-image-14287\" srcset=\"https:\/\/finelife.tv\/fr\/wp-content\/uploads\/2023\/08\/img-src-22https-finelife.tvimagere.jpg-alt-22Basquiat-Warhol-l-art-collab-a-la-Fondation-Louis-Vuitton22-768x1024.jpg 768w, https:\/\/finelife.tv\/fr\/wp-content\/uploads\/2023\/08\/img-src-22https-finelife.tvimagere.jpg-alt-22Basquiat-Warhol-l-art-collab-a-la-Fondation-Louis-Vuitton22-225x300.jpg 225w, https:\/\/finelife.tv\/fr\/wp-content\/uploads\/2023\/08\/img-src-22https-finelife.tvimagere.jpg-alt-22Basquiat-Warhol-l-art-collab-a-la-Fondation-Louis-Vuitton22-1152x1536.jpg 1152w, https:\/\/finelife.tv\/fr\/wp-content\/uploads\/2023\/08\/img-src-22https-finelife.tvimagere.jpg-alt-22Basquiat-Warhol-l-art-collab-a-la-Fondation-Louis-Vuitton22-1536x2048.jpg 1536w, https:\/\/finelife.tv\/fr\/wp-content\/uploads\/2023\/08\/img-src-22https-finelife.tvimagere.jpg-alt-22Basquiat-Warhol-l-art-collab-a-la-Fondation-Louis-Vuitton22-scaled.jpg 1920w\" sizes=\"auto, (max-width: 768px) 100vw, 768px\" \/><\/figure>\n<\/div>\n\n\n<p><strong>Basquiat Warhol l&rsquo;art collab \u00e0 la Fondation Louis Vuitton .L&rsquo;exposition \u00ab\u00a0\u00c0 quatre mains\u00a0\u00bb pr\u00e9sente 80 toiles sur les 160 issues de la collaboration entre les deux ic\u00f4nes ainsi que des espaces habit\u00e9s par les cr\u00e9ateurs de l&rsquo;\u00e9poque. En collab ou non avec Basquiat. Sur quatre \u00e9tages on c\u00e9l\u00e8bre le culte du Radiant Child et du roi du pop art dans une Fondation cath\u00e9drale. <\/strong><\/p>\n\n\n\n<p>Retour de Basquiat \u00e0 la Fondation Louis Vuitton (FLV). En duo plus serr\u00e9 que la la premi\u00e8re fois. En 2018 il cohabitait avec Egon Schiele. Et attirait selon la FLV pr\u00e8s de 700 000 visiteurs. Cette fois-ci il s&rsquo;intrique \u00e0 Warhol. L&rsquo;exposition va sans doute battre des records. Au menu 80 toiles parmi les 160 de la partition initi\u00e9e par le marchand d&rsquo;art Bruno Bischofberger. S&rsquo;y ajoutent des \u0153uvres individuelles ainsi que des \u00ab\u00a0corners\u00a0\u00bb comme celui d\u00e9di\u00e9 \u00e0 Keith Haring, autre ph\u00e9nom\u00e8ne des 80es. Au total pr\u00e8s de 300 \u0153uvres et documents entendent restituer le dynamisme de la sc\u00e8ne Dowtown de l&rsquo;\u00e9poque et surtout c\u00e9l\u00e9brer deux de ses idoles. <\/p>\n\n\n\n<h2 class=\"wp-block-heading\">De l&rsquo;art de la collab<\/h2>\n\n\n\n<p>Bruno Bischofberger conseiller sp\u00e9cial insiste sur la gen\u00e8se et les raisons de cette production \u00e0 quatre mains. Le galeriste suisse \u00e9tait \u00e0 la fois le marchand d&rsquo;Andy Warhol et celui de Jean-Michel Basquiat. Ce dernier avait tent\u00e9 d&rsquo;approcher la diva en lui vendant cartes postales et tee-shirt. Succ\u00e8s tr\u00e8s mitig\u00e9. Tout change quand Bruno Bischofberger d\u00e9cide d&rsquo;une collaboration entre le \u00ab\u00a0vieux ma\u00eetre\u00a0\u00bb et des talents \u00e9mergents. \u00c0 savoir Basquiat et le tr\u00e8s surprenant Francesco Clemente. <\/p>\n\n\n\n<p><\/p>\n\n\n\n<h3 class=\"wp-block-heading has-text-align-center\">\u00ab\u00a0Los Cabezas\u00a0\u00bb : \u00e9v\u00e9nement fondateur <\/h3>\n\n\n<div class=\"wp-block-image\">\n<figure class=\"aligncenter size-large\"><img loading=\"lazy\" decoding=\"async\" width=\"832\" height=\"1024\" src=\"https:\/\/finelife.tv\/fr\/wp-content\/uploads\/2023\/08\/img-src-22https-finelife.tvimagere.jpg-alt-22Basquiat-Warhol-l-art-collab-a-la-Fondation-Louis-Vuitton-tableau-dos-azedos22-832x1024.jpg\" alt=\"\" class=\"wp-image-14288\" srcset=\"https:\/\/finelife.tv\/fr\/wp-content\/uploads\/2023\/08\/img-src-22https-finelife.tvimagere.jpg-alt-22Basquiat-Warhol-l-art-collab-a-la-Fondation-Louis-Vuitton-tableau-dos-azedos22-832x1024.jpg 832w, https:\/\/finelife.tv\/fr\/wp-content\/uploads\/2023\/08\/img-src-22https-finelife.tvimagere.jpg-alt-22Basquiat-Warhol-l-art-collab-a-la-Fondation-Louis-Vuitton-tableau-dos-azedos22-244x300.jpg 244w, https:\/\/finelife.tv\/fr\/wp-content\/uploads\/2023\/08\/img-src-22https-finelife.tvimagere.jpg-alt-22Basquiat-Warhol-l-art-collab-a-la-Fondation-Louis-Vuitton-tableau-dos-azedos22-768x945.jpg 768w, https:\/\/finelife.tv\/fr\/wp-content\/uploads\/2023\/08\/img-src-22https-finelife.tvimagere.jpg-alt-22Basquiat-Warhol-l-art-collab-a-la-Fondation-Louis-Vuitton-tableau-dos-azedos22-1248x1536.jpg 1248w, https:\/\/finelife.tv\/fr\/wp-content\/uploads\/2023\/08\/img-src-22https-finelife.tvimagere.jpg-alt-22Basquiat-Warhol-l-art-collab-a-la-Fondation-Louis-Vuitton-tableau-dos-azedos22-1664x2048.jpg 1664w\" sizes=\"auto, (max-width: 832px) 100vw, 832px\" \/><figcaption class=\"wp-element-caption\">Dos Cabezas Jean-Michel Basquiat 1984<\/figcaption><\/figure>\n<\/div>\n\n\n<p>Une intention c&rsquo;est bien, un \u00e9v\u00e9nement fondateur c&rsquo;est mieux. Lors d&rsquo;un d\u00eener organis\u00e9 \u00e0 la Factory en 1982 Basquiat s&rsquo;\u00e9clipse et fait apporter moins de deux heures plus tard un tableau tir\u00e9 d&rsquo;un polaro\u00efd o\u00f9 il pose tignasse h\u00e9riss\u00e9e et air moqueur \u00e0 c\u00f4te d&rsquo;un Andy Warhol main sur le menton et cheveux paille. Bluff\u00e9 par la rapidit\u00e9 et un brin envieux -\u00ab\u00a0Je suis jaloux, il est plus rapide que moi\u00a0\u00bb &#8211; Warhol adoube son jeune compagnon en art. Le tableau iconique \u00ab\u00a0Los Cabezas\u00a0\u00bb (Deux grosses t\u00eates) figure \u00e9videmment dans l&rsquo;exposition. <\/p>\n\n\n\n<h3 class=\"wp-block-heading has-text-align-center\">La collaboration : un geste artistique (et marketing)<\/h3>\n\n\n<div class=\"wp-block-image\">\n<figure class=\"aligncenter size-large\"><img loading=\"lazy\" decoding=\"async\" width=\"853\" height=\"1024\" src=\"https:\/\/finelife.tv\/fr\/wp-content\/uploads\/2023\/08\/img-src-22https-finelife.tvimagere.jpg-alt-22Basquiat-Warhol-l-art-collab-a-la-Fondation-Louis-Vuitton-entree-exposition22-853x1024.jpg\" alt=\"\" class=\"wp-image-14289\" srcset=\"https:\/\/finelife.tv\/fr\/wp-content\/uploads\/2023\/08\/img-src-22https-finelife.tvimagere.jpg-alt-22Basquiat-Warhol-l-art-collab-a-la-Fondation-Louis-Vuitton-entree-exposition22-853x1024.jpg 853w, https:\/\/finelife.tv\/fr\/wp-content\/uploads\/2023\/08\/img-src-22https-finelife.tvimagere.jpg-alt-22Basquiat-Warhol-l-art-collab-a-la-Fondation-Louis-Vuitton-entree-exposition22-250x300.jpg 250w, https:\/\/finelife.tv\/fr\/wp-content\/uploads\/2023\/08\/img-src-22https-finelife.tvimagere.jpg-alt-22Basquiat-Warhol-l-art-collab-a-la-Fondation-Louis-Vuitton-entree-exposition22-768x922.jpg 768w, https:\/\/finelife.tv\/fr\/wp-content\/uploads\/2023\/08\/img-src-22https-finelife.tvimagere.jpg-alt-22Basquiat-Warhol-l-art-collab-a-la-Fondation-Louis-Vuitton-entree-exposition22-1279x1536.jpg 1279w, https:\/\/finelife.tv\/fr\/wp-content\/uploads\/2023\/08\/img-src-22https-finelife.tvimagere.jpg-alt-22Basquiat-Warhol-l-art-collab-a-la-Fondation-Louis-Vuitton-entree-exposition22-1706x2048.jpg 1706w\" sizes=\"auto, (max-width: 853px) 100vw, 853px\" \/><figcaption class=\"wp-element-caption\">Entr\u00e9e de l&rsquo;exposition Basquiat X Warhol, \u00c0 quatre mains<\/figcaption><\/figure>\n<\/div>\n\n\n<p>Mais pourquoi collaborer ? La collaboration \u00e9tait dans l&rsquo;air du temps selon le marchand d&rsquo;art. Il cite ainsi un tableau peint conjointement par Enzo Cucchi et Sandro Chia. Mais il y existait aussi des ant\u00e9c\u00e9dents : les cadavres exquis des surr\u00e9alistes et la collaboration conceptuelle dans le mouvement post moderne. Bruno Bischofberger cite notamment l&rsquo;influence du Caravage chez Julien Schnabel. Enfin pourquoi le monde de l&rsquo;art plastique \u00e9chapperait-il au faire ensemble alors que dans l&rsquo;univers musical c&rsquo;est une pratique courante voire n\u00e9cessaire ? Basquiat \u00e9tait le candidat id\u00e9al puisqu&rsquo;il graffait d\u00e9j\u00e0 en duo avec sous le pseudo de SAMO (Always the Same Old shit). Alors quel r\u00e9sultat pour cette collaboration Basquiat X Warhol ? Selon Keith Haring citant William Burroughs l&rsquo;\u00e9mergence d&rsquo;un\u00a0\u00bb troisi\u00e8me esprit\u00a0\u00bb \u00e0 savoir la fusion de deux esprits qui aboutit \u00e0 la cr\u00e9ation d&rsquo;un troisi\u00e8me.<\/p>\n\n\n<div class=\"wp-block-image\">\n<figure class=\"aligncenter size-large\"><img loading=\"lazy\" decoding=\"async\" width=\"705\" height=\"1024\" src=\"https:\/\/finelife.tv\/fr\/wp-content\/uploads\/2023\/08\/img-src-22https-finelife.tvimagere.jpg-alt-22Basquiat-Warhol-l-art-collab-a-la-Fondation-Louis-Vuitton-affiche-warhol-basquiat-en-boxeurs22-705x1024.jpg\" alt=\"\" class=\"wp-image-14296\" srcset=\"https:\/\/finelife.tv\/fr\/wp-content\/uploads\/2023\/08\/img-src-22https-finelife.tvimagere.jpg-alt-22Basquiat-Warhol-l-art-collab-a-la-Fondation-Louis-Vuitton-affiche-warhol-basquiat-en-boxeurs22-705x1024.jpg 705w, https:\/\/finelife.tv\/fr\/wp-content\/uploads\/2023\/08\/img-src-22https-finelife.tvimagere.jpg-alt-22Basquiat-Warhol-l-art-collab-a-la-Fondation-Louis-Vuitton-affiche-warhol-basquiat-en-boxeurs22-207x300.jpg 207w, https:\/\/finelife.tv\/fr\/wp-content\/uploads\/2023\/08\/img-src-22https-finelife.tvimagere.jpg-alt-22Basquiat-Warhol-l-art-collab-a-la-Fondation-Louis-Vuitton-affiche-warhol-basquiat-en-boxeurs22-768x1115.jpg 768w, https:\/\/finelife.tv\/fr\/wp-content\/uploads\/2023\/08\/img-src-22https-finelife.tvimagere.jpg-alt-22Basquiat-Warhol-l-art-collab-a-la-Fondation-Louis-Vuitton-affiche-warhol-basquiat-en-boxeurs22-1058x1536.jpg 1058w, https:\/\/finelife.tv\/fr\/wp-content\/uploads\/2023\/08\/img-src-22https-finelife.tvimagere.jpg-alt-22Basquiat-Warhol-l-art-collab-a-la-Fondation-Louis-Vuitton-affiche-warhol-basquiat-en-boxeurs22.jpg 1134w\" sizes=\"auto, (max-width: 705px) 100vw, 705px\" \/><figcaption class=\"wp-element-caption\">Affiche de l&rsquo;exposition Warhol * Basquiat par Michael Halsband 1985<\/figcaption><\/figure>\n<\/div>\n\n\n<p>On peut par ailleurs penser que r\u00e9unir une idole et un cr\u00e9ateur magn\u00e9tique \u00e9tait aussi un bon calcul marketing. Depuis la pratique s&rsquo;est \u00e9largie : les cr\u00e9ateurs s&rsquo;allient couramment \u00e0 une marque. C&rsquo;est la X strat\u00e9gie. On remarque sur l&rsquo;affiche que l&rsquo;\u00e9toile noire de Basquiat a \u00e9t\u00e9 remplac\u00e9e par le X que l&#8217;empire du luxe de Bernard Arnault, fondateur de la la Fondation Louis Vuitton, utilise g\u00e9n\u00e9reusement. Next time un Bitcoin ?<\/p>\n\n\n\n<p><\/p>\n\n\n\n<h2 class=\"wp-block-heading\">Paquebot cath\u00e9drale et grands formats fresques <\/h2>\n\n\n<div class=\"wp-block-image\">\n<figure class=\"aligncenter size-large\"><img loading=\"lazy\" decoding=\"async\" width=\"1024\" height=\"551\" src=\"https:\/\/finelife.tv\/fr\/wp-content\/uploads\/2023\/08\/img-src-22https-finelife.tvimagere.jpg-alt-22Basquiat-Warhol-l-art-collab-a-la-Fondation-Louis-Vuitton-tableau-baquiat-en-david-par-warhol22-1024x551.jpg\" alt=\"\" class=\"wp-image-14290\" srcset=\"https:\/\/finelife.tv\/fr\/wp-content\/uploads\/2023\/08\/img-src-22https-finelife.tvimagere.jpg-alt-22Basquiat-Warhol-l-art-collab-a-la-Fondation-Louis-Vuitton-tableau-baquiat-en-david-par-warhol22-1024x551.jpg 1024w, https:\/\/finelife.tv\/fr\/wp-content\/uploads\/2023\/08\/img-src-22https-finelife.tvimagere.jpg-alt-22Basquiat-Warhol-l-art-collab-a-la-Fondation-Louis-Vuitton-tableau-baquiat-en-david-par-warhol22-300x161.jpg 300w, https:\/\/finelife.tv\/fr\/wp-content\/uploads\/2023\/08\/img-src-22https-finelife.tvimagere.jpg-alt-22Basquiat-Warhol-l-art-collab-a-la-Fondation-Louis-Vuitton-tableau-baquiat-en-david-par-warhol22-768x413.jpg 768w, https:\/\/finelife.tv\/fr\/wp-content\/uploads\/2023\/08\/img-src-22https-finelife.tvimagere.jpg-alt-22Basquiat-Warhol-l-art-collab-a-la-Fondation-Louis-Vuitton-tableau-baquiat-en-david-par-warhol22-1536x827.jpg 1536w, https:\/\/finelife.tv\/fr\/wp-content\/uploads\/2023\/08\/img-src-22https-finelife.tvimagere.jpg-alt-22Basquiat-Warhol-l-art-collab-a-la-Fondation-Louis-Vuitton-tableau-baquiat-en-david-par-warhol22-2048x1102.jpg 2048w\" sizes=\"auto, (max-width: 1024px) 100vw, 1024px\" \/><figcaption class=\"wp-element-caption\">Portrait de Jean-Michel Basquiat en David &#8211; Andy Warhol 1984<\/figcaption><\/figure>\n<\/div>\n\n\n<p>L&rsquo;exposition d\u00e9bute par des portraits r\u00e9ciproques. On remarque notamment de superbes Basquiat en David par Warhol.<\/p>\n\n\n<div class=\"wp-block-image\">\n<figure class=\"aligncenter size-large\"><img loading=\"lazy\" decoding=\"async\" width=\"1024\" height=\"790\" src=\"https:\/\/finelife.tv\/fr\/wp-content\/uploads\/2023\/08\/img-src-22https-finelife.tvimagere.jpg-alt-22Basquiat-Warhol-l-art-collab-a-la-Fondation-Louis-Vuitton-tableau-albas-breakfast-warhol-basquiat-clemente22-1024x790.jpg\" alt=\"\" class=\"wp-image-14291\" srcset=\"https:\/\/finelife.tv\/fr\/wp-content\/uploads\/2023\/08\/img-src-22https-finelife.tvimagere.jpg-alt-22Basquiat-Warhol-l-art-collab-a-la-Fondation-Louis-Vuitton-tableau-albas-breakfast-warhol-basquiat-clemente22-1024x790.jpg 1024w, https:\/\/finelife.tv\/fr\/wp-content\/uploads\/2023\/08\/img-src-22https-finelife.tvimagere.jpg-alt-22Basquiat-Warhol-l-art-collab-a-la-Fondation-Louis-Vuitton-tableau-albas-breakfast-warhol-basquiat-clemente22-300x232.jpg 300w, https:\/\/finelife.tv\/fr\/wp-content\/uploads\/2023\/08\/img-src-22https-finelife.tvimagere.jpg-alt-22Basquiat-Warhol-l-art-collab-a-la-Fondation-Louis-Vuitton-tableau-albas-breakfast-warhol-basquiat-clemente22-768x593.jpg 768w, https:\/\/finelife.tv\/fr\/wp-content\/uploads\/2023\/08\/img-src-22https-finelife.tvimagere.jpg-alt-22Basquiat-Warhol-l-art-collab-a-la-Fondation-Louis-Vuitton-tableau-albas-breakfast-warhol-basquiat-clemente22-1536x1186.jpg 1536w, https:\/\/finelife.tv\/fr\/wp-content\/uploads\/2023\/08\/img-src-22https-finelife.tvimagere.jpg-alt-22Basquiat-Warhol-l-art-collab-a-la-Fondation-Louis-Vuitton-tableau-albas-breakfast-warhol-basquiat-clemente22.jpg 1688w\" sizes=\"auto, (max-width: 1024px) 100vw, 1024px\" \/><figcaption class=\"wp-element-caption\">Albas&rsquo;s breakfast -Jean-Michel Basquiat, Andy Warhol, Francesco Clemente 1984<\/figcaption><\/figure>\n<\/div>\n\n\n<p>Elle se poursuit par une premi\u00e8re collaboration initi\u00e9e par Bruno Bischofberger. Celle de Jean-Michel Basquiat, Francesco Clemente et Andy Warhol. Une quinzaine d&rsquo;\u0153uvres qui seront expos\u00e9es en octobre 1984 dans la galerie zurichoise du marchand d&rsquo;art. Le modus operandi consistait \u00e0 faire passer les tableaux d&rsquo;atelier en atelier. La signature artistique est ais\u00e9ment rep\u00e9rable : s\u00e9rigraphies warholiennes, \u00e9critures et collages de Basquiat et la touche si particuli\u00e8re de Clemente entre onirisme et fascination pour les corps d\u00e9form\u00e9s.<\/p>\n\n\n\n<p><\/p>\n\n\n\n<h3 class=\"wp-block-heading has-text-align-center\">Des grands formats fresques <\/h3>\n\n\n<div class=\"wp-block-image\">\n<figure class=\"aligncenter size-large\"><img loading=\"lazy\" decoding=\"async\" width=\"1024\" height=\"440\" src=\"https:\/\/finelife.tv\/fr\/wp-content\/uploads\/2023\/08\/img-src-22https-finelife.tvimage.jpg-alt-22Basquiat-Warhol-l-art-collab-a-la-Fondation-Louis-Vuitton-tableau-olympics22-1024x440.jpg\" alt=\"\" class=\"wp-image-14304\" srcset=\"https:\/\/finelife.tv\/fr\/wp-content\/uploads\/2023\/08\/img-src-22https-finelife.tvimage.jpg-alt-22Basquiat-Warhol-l-art-collab-a-la-Fondation-Louis-Vuitton-tableau-olympics22-1024x440.jpg 1024w, https:\/\/finelife.tv\/fr\/wp-content\/uploads\/2023\/08\/img-src-22https-finelife.tvimage.jpg-alt-22Basquiat-Warhol-l-art-collab-a-la-Fondation-Louis-Vuitton-tableau-olympics22-300x129.jpg 300w, https:\/\/finelife.tv\/fr\/wp-content\/uploads\/2023\/08\/img-src-22https-finelife.tvimage.jpg-alt-22Basquiat-Warhol-l-art-collab-a-la-Fondation-Louis-Vuitton-tableau-olympics22-768x330.jpg 768w, https:\/\/finelife.tv\/fr\/wp-content\/uploads\/2023\/08\/img-src-22https-finelife.tvimage.jpg-alt-22Basquiat-Warhol-l-art-collab-a-la-Fondation-Louis-Vuitton-tableau-olympics22-1536x660.jpg 1536w, https:\/\/finelife.tv\/fr\/wp-content\/uploads\/2023\/08\/img-src-22https-finelife.tvimage.jpg-alt-22Basquiat-Warhol-l-art-collab-a-la-Fondation-Louis-Vuitton-tableau-olympics22-2048x880.jpg 2048w\" sizes=\"auto, (max-width: 1024px) 100vw, 1024px\" \/><figcaption class=\"wp-element-caption\">Olympic Rings<\/figcaption><\/figure>\n<\/div>\n\n\n<p>Apr\u00e8s la collaboration initiale, il continuent \u00e0 cr\u00e9er.  En duo cette fois-ci. Une partition \u00e0 quatre mains qu&rsquo;ils jouent environ deux ans, entre 1984 et 1985. L&rsquo;exposition pr\u00e9sente notamment Olympic Rings o\u00f9 Basquiat afro-africanise la toile de Warhol sur les jeux olympiques d&rsquo;\u00e9t\u00e9 de Los Angeles en 1984. Ou encore la s\u00e9rie autour du logo de la Paramount. \u00ab\u00a0Cohabitent alors divers signes, symboles et strates, des lettres, des chiffres, des listes, et m\u00eame une carte de Chine selon la logique de brouillage propre \u00e0 Bastia\u00a0\u00bb \u00e9crit Suzanne Pag\u00e9 commissaire g\u00e9n\u00e9rale et directrice g\u00e9n\u00e9rale de la Fondation Louis Vuitton. <\/p>\n\n\n\n<p>Ensuite on entre dans le gros du sujet, dans la mati\u00e8re m\u00eame qui s&rsquo;\u00e9tale, surgit ou se cache dans le fourmillement de d\u00e9tails des grands formats. <\/p>\n\n\n\n<p>Basquiat vient du street art. Il maitrise l&rsquo;art de la recup avec des installations de street brutes faites de portes, poutres et bric broc de la rue autant que l&rsquo;art rupestre moderne, le graffiti sur les murs des villes. <\/p>\n\n\n\n<p>Warhol pense \u00e9crans de cin\u00e9ma et grandes banni\u00e8res publicitaires. <\/p>\n\n\n\n<figure class=\"wp-block-video aligncenter\"><video height=\"320\" style=\"aspect-ratio: 568 \/ 320;\" width=\"568\" controls src=\"https:\/\/finelife.tv\/fr\/wp-content\/uploads\/2023\/08\/img-src-22https-finelife.tvimage.jpg-alt-22Basquiat-Warhol-l-art-collab-a-la-Fondation-Louis-Vuitton-tableau-african-masqs22.mov\"><\/video><figcaption class=\"wp-element-caption\">African Masqs <\/figcaption><\/figure>\n\n\n\n<p>\u00ab\u00a0African Masqs\u00a0\u00bb emplit l&rsquo;espace avec ses 30 m\u00e8tres de long. <\/p>\n\n\n\n<p> Didier Buchard, commissaire de l&rsquo;exposition cite Basquiat parlant de sa collaboration avec Warhol. \u00ab\u00a0Il commen\u00e7ait la plupart des peintures. Il mettait quelque chose de tr\u00e8s concret ou de tr\u00e8s reconnaissable, comme une manchette de journal ou le logo d&rsquo;un produit, et puis je le d\u00e9figurais en quelque sorte et puis j&rsquo;essayais de le faire retravailler dessus un peu, et puis je retravaillais dessus davantage\u00a0\u00bb.<\/p>\n\n\n\n<p>Le travail du duo est mis en sourdine apr\u00e8s l&rsquo;exposition de 1985 \u00e0 la galerie Shafrazi. Le New-York Times journal \u00e9crit en effet que Jean-Michel Basquiat est devenu la mascotte d&rsquo;Andy Warhol qui relance ainsi sa carri\u00e8re d\u00e9clinante. L&rsquo;artiste est bless\u00e9. Il prend ses distances.<\/p>\n\n\n\n<p><\/p>\n\n\n\n<p><\/p>\n\n\n\n<h3 class=\"wp-block-heading has-text-align-center\">On se perd dans le temple<\/h3>\n\n\n\n<p>On se perd dans cette cath\u00e9drale des grands formats, de XXL reflet des personnalit\u00e9s king size. La profusion cr\u00e9\u00e9e notamment par les s\u00e9ries nous \u00e9crase, on est asphyxi\u00e9 par un brouillard caniculaire de d\u00e9tails. Certaines toiles donnent l&rsquo;impression de ne donner \u00e0 voir que du Basquiat, dans d&rsquo;autres en revanche Warhol parait donner le ton. Collaboration brouill\u00e9e. Surtout, l&rsquo;exposition semble c\u00e9l\u00e9brer un culte dans le paquebot de Gerhy transform\u00e9 en temple.  <\/p>\n\n\n<div class=\"wp-block-image\">\n<figure class=\"aligncenter size-large\"><img loading=\"lazy\" decoding=\"async\" width=\"1024\" height=\"718\" src=\"https:\/\/finelife.tv\/fr\/wp-content\/uploads\/2023\/08\/img-src-22https-finelife.tvimage.jpg-alt-22Basquiat-Warhol-l-art-collab-a-la-Fondation-Louis-Vuitton-tableau-taxi-jaune-off-negro22-1024x718.jpg\" alt=\"\" class=\"wp-image-14305\" srcset=\"https:\/\/finelife.tv\/fr\/wp-content\/uploads\/2023\/08\/img-src-22https-finelife.tvimage.jpg-alt-22Basquiat-Warhol-l-art-collab-a-la-Fondation-Louis-Vuitton-tableau-taxi-jaune-off-negro22-1024x718.jpg 1024w, https:\/\/finelife.tv\/fr\/wp-content\/uploads\/2023\/08\/img-src-22https-finelife.tvimage.jpg-alt-22Basquiat-Warhol-l-art-collab-a-la-Fondation-Louis-Vuitton-tableau-taxi-jaune-off-negro22-300x210.jpg 300w, https:\/\/finelife.tv\/fr\/wp-content\/uploads\/2023\/08\/img-src-22https-finelife.tvimage.jpg-alt-22Basquiat-Warhol-l-art-collab-a-la-Fondation-Louis-Vuitton-tableau-taxi-jaune-off-negro22-768x538.jpg 768w, https:\/\/finelife.tv\/fr\/wp-content\/uploads\/2023\/08\/img-src-22https-finelife.tvimage.jpg-alt-22Basquiat-Warhol-l-art-collab-a-la-Fondation-Louis-Vuitton-tableau-taxi-jaune-off-negro22-1536x1077.jpg 1536w, https:\/\/finelife.tv\/fr\/wp-content\/uploads\/2023\/08\/img-src-22https-finelife.tvimage.jpg-alt-22Basquiat-Warhol-l-art-collab-a-la-Fondation-Louis-Vuitton-tableau-taxi-jaune-off-negro22-2048x1436.jpg 2048w\" sizes=\"auto, (max-width: 1024px) 100vw, 1024px\" \/><figcaption class=\"wp-element-caption\">Taxi, 45th\/Broadway, Jean-Michel Basquiat Andy Warhol 984-1985<\/figcaption><\/figure>\n<\/div>\n\n<div class=\"wp-block-image\">\n<figure class=\"aligncenter size-large is-resized\"><img loading=\"lazy\" decoding=\"async\" src=\"https:\/\/finelife.tv\/fr\/wp-content\/uploads\/2023\/08\/img-src-22https-finelife.tvimage.jpg-alt-22Basquiat-Warhol-l-art-collab-a-la-Fondation-Louis-Vuitton-serie-avec-logo-genral-electric22-813x1024.jpg\" alt=\"\" class=\"wp-image-14312\" style=\"width:616px;height:776px\" width=\"616\" height=\"776\" srcset=\"https:\/\/finelife.tv\/fr\/wp-content\/uploads\/2023\/08\/img-src-22https-finelife.tvimage.jpg-alt-22Basquiat-Warhol-l-art-collab-a-la-Fondation-Louis-Vuitton-serie-avec-logo-genral-electric22-813x1024.jpg 813w, https:\/\/finelife.tv\/fr\/wp-content\/uploads\/2023\/08\/img-src-22https-finelife.tvimage.jpg-alt-22Basquiat-Warhol-l-art-collab-a-la-Fondation-Louis-Vuitton-serie-avec-logo-genral-electric22-238x300.jpg 238w, https:\/\/finelife.tv\/fr\/wp-content\/uploads\/2023\/08\/img-src-22https-finelife.tvimage.jpg-alt-22Basquiat-Warhol-l-art-collab-a-la-Fondation-Louis-Vuitton-serie-avec-logo-genral-electric22-768x968.jpg 768w, https:\/\/finelife.tv\/fr\/wp-content\/uploads\/2023\/08\/img-src-22https-finelife.tvimage.jpg-alt-22Basquiat-Warhol-l-art-collab-a-la-Fondation-Louis-Vuitton-serie-avec-logo-genral-electric22-1219x1536.jpg 1219w, https:\/\/finelife.tv\/fr\/wp-content\/uploads\/2023\/08\/img-src-22https-finelife.tvimage.jpg-alt-22Basquiat-Warhol-l-art-collab-a-la-Fondation-Louis-Vuitton-serie-avec-logo-genral-electric22-1626x2048.jpg 1626w, https:\/\/finelife.tv\/fr\/wp-content\/uploads\/2023\/08\/img-src-22https-finelife.tvimage.jpg-alt-22Basquiat-Warhol-l-art-collab-a-la-Fondation-Louis-Vuitton-serie-avec-logo-genral-electric22.jpg 1917w\" sizes=\"auto, (max-width: 616px) 100vw, 616px\" \/><figcaption class=\"wp-element-caption\">GE (General Electric) Jean-Michel Basquiat, Andy Warhol 1984-1985<\/figcaption><\/figure>\n<\/div>\n\n\n<p>Par ailleurs que va retenir le public ? Certes les th\u00e8mes de la consommation de masse, de l&rsquo;American way of life, du racisme, de la violence sociale, des corps souffrants explor\u00e9s par Warhol et Basquiat sont connus. Mais les s\u00e9ries et les s\u00e9ries \u00e0 l&rsquo;int\u00e9rieur des s\u00e9ries comme celles qui tournent autour de natures mortes (fruits, l\u00e9gumes, animaux &#8230;) requiert plus d&rsquo;explications. <\/p>\n\n\n<div class=\"wp-block-image\">\n<figure class=\"aligncenter size-large\"><img loading=\"lazy\" decoding=\"async\" width=\"1024\" height=\"796\" src=\"https:\/\/finelife.tv\/fr\/wp-content\/uploads\/2023\/08\/img-src-22https-finelife.tvimage.jpg-alt-22Basquiat-Warhol-l-art-collab-a-la-Fondation-Louis-Vuitton-serie-nature-morte-chien22-1024x796.jpg\" alt=\"\" class=\"wp-image-14311\" srcset=\"https:\/\/finelife.tv\/fr\/wp-content\/uploads\/2023\/08\/img-src-22https-finelife.tvimage.jpg-alt-22Basquiat-Warhol-l-art-collab-a-la-Fondation-Louis-Vuitton-serie-nature-morte-chien22-1024x796.jpg 1024w, https:\/\/finelife.tv\/fr\/wp-content\/uploads\/2023\/08\/img-src-22https-finelife.tvimage.jpg-alt-22Basquiat-Warhol-l-art-collab-a-la-Fondation-Louis-Vuitton-serie-nature-morte-chien22-300x233.jpg 300w, https:\/\/finelife.tv\/fr\/wp-content\/uploads\/2023\/08\/img-src-22https-finelife.tvimage.jpg-alt-22Basquiat-Warhol-l-art-collab-a-la-Fondation-Louis-Vuitton-serie-nature-morte-chien22-768x597.jpg 768w, https:\/\/finelife.tv\/fr\/wp-content\/uploads\/2023\/08\/img-src-22https-finelife.tvimage.jpg-alt-22Basquiat-Warhol-l-art-collab-a-la-Fondation-Louis-Vuitton-serie-nature-morte-chien22-1536x1193.jpg 1536w, https:\/\/finelife.tv\/fr\/wp-content\/uploads\/2023\/08\/img-src-22https-finelife.tvimage.jpg-alt-22Basquiat-Warhol-l-art-collab-a-la-Fondation-Louis-Vuitton-serie-nature-morte-chien22-2048x1591.jpg 2048w\" sizes=\"auto, (max-width: 1024px) 100vw, 1024px\" \/><figcaption class=\"wp-element-caption\">Dogs Jean-Michel Basquiat Andy Warhol 1984<\/figcaption><\/figure>\n<\/div>\n\n\n<p> <\/p>\n\n\n\n<h2 class=\"wp-block-heading\">Respirations<\/h2>\n\n\n\n<p>Bref, on respire dans les corners d\u00e9di\u00e9s. Celui de Keith Haring, celui qui montre la sc\u00e8ne underground des 80es avec notamment un scooter et un blouson design\u00e9s. Mais aussi devant un film o\u00f9 les deux ic\u00f4nes complices cabotinent avec une spontan\u00e9it\u00e9 plaisante bien que sans doute calcul\u00e9e.<\/p>\n\n\n\n<figure class=\"wp-block-video aligncenter\"><video height=\"320\" style=\"aspect-ratio: 568 \/ 320;\" width=\"568\" controls src=\"https:\/\/finelife.tv\/fr\/wp-content\/uploads\/2023\/08\/img-src-22https-finelife.tvimage.jpg-alt-22Basquiat-Warhol-l-art-collab-a-la-Fondation-Louis-Vuitton-ten-punching-balls-warhol22.mov\"><\/video><\/figure>\n\n\n\n<p>Enfin on m\u00e9dite devant une installation qui ne sera montr\u00e9e qu&rsquo;apr\u00e8s la mort d&rsquo;Andy Warhol durant une op\u00e9ration de la v\u00e9sicule biliaires le 22 f\u00e9vrier 1987 et apr\u00e8s celle de Jean-Michel Basquiat le 12 ao\u00fbt 1988. <\/p>\n\n\n\n<p>Ten punching balls aligne des sacs d&rsquo;entrainement sur lesquels Warhol peint le visage du Christ d&rsquo;apr\u00e8s la C\u00e8ne de L\u00e9onard de Vinci. Basquiat y ajoute JUDGE et sa couronne. R\u00e9f\u00e9rence aux boxeurs h\u00e9ros Am\u00e9ricains comme les jazzmen pour Basquiat. Et t\u00e9moignage de la violence envers la communaut\u00e9 afro-am\u00e9r\u00e9ricaine. Un Black Lives Matter avant l&rsquo;heure. <\/p>\n\n\n\n<p><\/p>\n\n\n\n<p>  <\/p>\n\n\n\n<h2 class=\"wp-block-heading has-text-align-center has-background\" style=\"background:linear-gradient(90deg,rgb(252,185,0) 0%,rgb(255,255,255) 54%,rgb(255,105,0) 100%)\">INFOS<\/h2>\n\n\n\n<p>Basquiat X Warhol \u00c0 quatre mains<\/p>\n\n\n\n<p>Jusqu&rsquo;au 28 ao\u00fbt 2023<\/p>\n\n\n\n<p>Fondation Louis Vuitton <a href=\"https:\/\/www.fondationlouisvuitton.fr\/\">https:\/\/www.fondationlouisvuitton.fr\/<\/a><\/p>\n\n\n\n<p>RELATED ARTICLE Basquiat Warhol l&rsquo;art collab \u00e0 la Fondation Louis Vuitton<\/p>\n\n\n\n<p><strong>Fondation Louis Vuitton La couleur en fugue met en \u00e9cho architecture et couleur<\/strong>  <a href=\"https:\/\/finelife.tv\/fr\/2022\/05\/09\/fondation-louis-vuitton-la-couleur-en-fugue-met-en-echo-architecture-et-couleur\/ \">https:\/\/finelife.tv\/fr\/2022\/05\/09\/fondation-louis-vuitton-la-couleur-en-fugue-met-en-echo-architecture-et-couleur\/<\/a><\/p>\n","protected":false},"excerpt":{"rendered":"<p>Basquiat Warhol l&rsquo;art collab \u00e0 la Fondation Louis Vuitton .L&rsquo;exposition \u00ab\u00a0\u00c0 quatre mains\u00a0\u00bb pr\u00e9sente 80 toiles sur les 160 issues de la collaboration entre les deux ic\u00f4nes Sur quatre \u00e9tages on c\u00e9l\u00e8bre le culte du Radiant Child et du roi du pop art dans une Fondation cath\u00e9drale<\/p>\n","protected":false},"author":1,"featured_media":0,"comment_status":"open","ping_status":"open","sticky":false,"template":"","format":"standard","meta":{"footnotes":""},"categories":[4],"tags":[22,4136,448,1579,4143,4145,68,4137,3511,3510,4139,4141,4131,4142,4134,2616,4133],"class_list":["post-14275","post","type-post","status-publish","format-standard","hentry","category-blog","tag-art","tag-art-annees-80","tag-art-contemporain","tag-basquiat","tag-bruno-bischhofberger","tag-collaboration-basquiat-warhol","tag-exposition","tag-exposition-exposition-a-quatre-mains","tag-exposition-fondation-louis-vuitton","tag-fondation-louis-vuitton","tag-fra","tag-francesco-clemente","tag-jean-michel-basquiat","tag-keith-haring","tag-pop-art","tag-street-art","tag-warhol"],"yoast_head":"<!-- This site is optimized with the Yoast SEO plugin v27.5 - https:\/\/yoast.com\/product\/yoast-seo-wordpress\/ -->\n<title>Basquiat Warhol l&#039;art collab \u00e0 la Fondation Louis Vuitton - FineLife.tv<\/title>\n<meta name=\"description\" content=\"Basquiat Warhol l&#039;art collab \u00e0 la Fondation Louis Vuitton .L&#039;exposition &quot;\u00c0 quatre mains&quot; pr\u00e9sente 80 toiles sur les 160 issues de la collaboration entre les deux ic\u00f4nes Sur quatre \u00e9tages on c\u00e9l\u00e8bre le culte du Radiant child et du roi du pop art dans une Fondation cath\u00e9drale\" \/>\n<meta name=\"robots\" content=\"index, follow, max-snippet:-1, max-image-preview:large, max-video-preview:-1\" \/>\n<link rel=\"canonical\" href=\"https:\/\/finelife.tv\/fr\/2023\/08\/20\/basquiat-warhol-lart-collab-a-la-fondation-louis-vuitton\/\" \/>\n<meta property=\"og:locale\" content=\"fr_FR\" \/>\n<meta property=\"og:type\" content=\"article\" \/>\n<meta property=\"og:title\" content=\"Basquiat Warhol l&#039;art collab \u00e0 la Fondation Louis Vuitton - FineLife.tv\" \/>\n<meta property=\"og:description\" content=\"Basquiat Warhol l&#039;art collab \u00e0 la Fondation Louis Vuitton .L&#039;exposition &quot;\u00c0 quatre mains&quot; pr\u00e9sente 80 toiles sur les 160 issues de la collaboration entre les deux ic\u00f4nes Sur quatre \u00e9tages on c\u00e9l\u00e8bre le culte du Radiant child et du roi du pop art dans une Fondation cath\u00e9drale\" \/>\n<meta property=\"og:url\" content=\"https:\/\/finelife.tv\/fr\/2023\/08\/20\/basquiat-warhol-lart-collab-a-la-fondation-louis-vuitton\/\" \/>\n<meta property=\"og:site_name\" content=\"FineLife.tv\" \/>\n<meta property=\"article:published_time\" content=\"2023-08-20T16:45:11+00:00\" \/>\n<meta property=\"article:modified_time\" content=\"2023-08-20T17:53:29+00:00\" \/>\n<meta property=\"og:image\" content=\"https:\/\/finelife.tv\/fr\/wp-content\/uploads\/2023\/08\/img-src-22https-finelife.tvimagere.jpg-alt-22Basquiat-Warhol-l-art-collab-a-la-Fondation-Louis-Vuitton22-768x1024.jpg\" \/>\n<meta name=\"author\" content=\"Leonore\" \/>\n<meta name=\"twitter:card\" content=\"summary_large_image\" \/>\n<meta name=\"twitter:creator\" content=\"@finelifetv\" \/>\n<meta name=\"twitter:site\" content=\"@finelifetv\" \/>\n<meta name=\"twitter:label1\" content=\"\u00c9crit par\" \/>\n\t<meta name=\"twitter:data1\" content=\"Leonore\" \/>\n\t<meta name=\"twitter:label2\" content=\"Dur\u00e9e de lecture estim\u00e9e\" \/>\n\t<meta name=\"twitter:data2\" content=\"9 minutes\" \/>\n<script type=\"application\/ld+json\" class=\"yoast-schema-graph\">{\"@context\":\"https:\\\/\\\/schema.org\",\"@graph\":[{\"@type\":\"Article\",\"@id\":\"https:\\\/\\\/finelife.tv\\\/fr\\\/2023\\\/08\\\/20\\\/basquiat-warhol-lart-collab-a-la-fondation-louis-vuitton\\\/#article\",\"isPartOf\":{\"@id\":\"https:\\\/\\\/finelife.tv\\\/fr\\\/2023\\\/08\\\/20\\\/basquiat-warhol-lart-collab-a-la-fondation-louis-vuitton\\\/\"},\"author\":{\"name\":\"Leonore\",\"@id\":\"https:\\\/\\\/finelife.tv\\\/fr\\\/#\\\/schema\\\/person\\\/e3d980b0c0b3dc5af01c3455893c8c52\"},\"headline\":\"Basquiat Warhol l&rsquo;art collab \u00e0 la Fondation Louis Vuitton\",\"datePublished\":\"2023-08-20T16:45:11+00:00\",\"dateModified\":\"2023-08-20T17:53:29+00:00\",\"mainEntityOfPage\":{\"@id\":\"https:\\\/\\\/finelife.tv\\\/fr\\\/2023\\\/08\\\/20\\\/basquiat-warhol-lart-collab-a-la-fondation-louis-vuitton\\\/\"},\"wordCount\":1496,\"commentCount\":1,\"image\":{\"@id\":\"https:\\\/\\\/finelife.tv\\\/fr\\\/2023\\\/08\\\/20\\\/basquiat-warhol-lart-collab-a-la-fondation-louis-vuitton\\\/#primaryimage\"},\"thumbnailUrl\":\"https:\\\/\\\/finelife.tv\\\/fr\\\/wp-content\\\/uploads\\\/2023\\\/08\\\/img-src-22https-finelife.tvimagere.jpg-alt-22Basquiat-Warhol-l-art-collab-a-la-Fondation-Louis-Vuitton22-768x1024.jpg\",\"keywords\":[\"art\",\"art ann\u00e9es 80\",\"art contemporain\",\"basquiat\",\"bruno bischhofberger\",\"collaboration basquiat warhol\",\"exposition\",\"exposition exposition a quatre mains\",\"exposition fondation Louis Vuitton\",\"fondation Louis Vuitton\",\"fra\",\"francesco clemente\",\"jean-michel basquiat\",\"keith haring\",\"pop art\",\"street art\",\"warhol\"],\"articleSection\":[\"Blog\"],\"inLanguage\":\"fr-FR\",\"potentialAction\":[{\"@type\":\"CommentAction\",\"name\":\"Comment\",\"target\":[\"https:\\\/\\\/finelife.tv\\\/fr\\\/2023\\\/08\\\/20\\\/basquiat-warhol-lart-collab-a-la-fondation-louis-vuitton\\\/#respond\"]}]},{\"@type\":\"WebPage\",\"@id\":\"https:\\\/\\\/finelife.tv\\\/fr\\\/2023\\\/08\\\/20\\\/basquiat-warhol-lart-collab-a-la-fondation-louis-vuitton\\\/\",\"url\":\"https:\\\/\\\/finelife.tv\\\/fr\\\/2023\\\/08\\\/20\\\/basquiat-warhol-lart-collab-a-la-fondation-louis-vuitton\\\/\",\"name\":\"Basquiat Warhol l'art collab \u00e0 la Fondation Louis Vuitton - FineLife.tv\",\"isPartOf\":{\"@id\":\"https:\\\/\\\/finelife.tv\\\/fr\\\/#website\"},\"primaryImageOfPage\":{\"@id\":\"https:\\\/\\\/finelife.tv\\\/fr\\\/2023\\\/08\\\/20\\\/basquiat-warhol-lart-collab-a-la-fondation-louis-vuitton\\\/#primaryimage\"},\"image\":{\"@id\":\"https:\\\/\\\/finelife.tv\\\/fr\\\/2023\\\/08\\\/20\\\/basquiat-warhol-lart-collab-a-la-fondation-louis-vuitton\\\/#primaryimage\"},\"thumbnailUrl\":\"https:\\\/\\\/finelife.tv\\\/fr\\\/wp-content\\\/uploads\\\/2023\\\/08\\\/img-src-22https-finelife.tvimagere.jpg-alt-22Basquiat-Warhol-l-art-collab-a-la-Fondation-Louis-Vuitton22-768x1024.jpg\",\"datePublished\":\"2023-08-20T16:45:11+00:00\",\"dateModified\":\"2023-08-20T17:53:29+00:00\",\"author\":{\"@id\":\"https:\\\/\\\/finelife.tv\\\/fr\\\/#\\\/schema\\\/person\\\/e3d980b0c0b3dc5af01c3455893c8c52\"},\"description\":\"Basquiat Warhol l'art collab \u00e0 la Fondation Louis Vuitton .L'exposition \\\"\u00c0 quatre mains\\\" pr\u00e9sente 80 toiles sur les 160 issues de la collaboration entre les deux ic\u00f4nes Sur quatre \u00e9tages on c\u00e9l\u00e8bre le culte du Radiant child et du roi du pop art dans une Fondation cath\u00e9drale\",\"breadcrumb\":{\"@id\":\"https:\\\/\\\/finelife.tv\\\/fr\\\/2023\\\/08\\\/20\\\/basquiat-warhol-lart-collab-a-la-fondation-louis-vuitton\\\/#breadcrumb\"},\"inLanguage\":\"fr-FR\",\"potentialAction\":[{\"@type\":\"ReadAction\",\"target\":[\"https:\\\/\\\/finelife.tv\\\/fr\\\/2023\\\/08\\\/20\\\/basquiat-warhol-lart-collab-a-la-fondation-louis-vuitton\\\/\"]}]},{\"@type\":\"ImageObject\",\"inLanguage\":\"fr-FR\",\"@id\":\"https:\\\/\\\/finelife.tv\\\/fr\\\/2023\\\/08\\\/20\\\/basquiat-warhol-lart-collab-a-la-fondation-louis-vuitton\\\/#primaryimage\",\"url\":\"https:\\\/\\\/finelife.tv\\\/fr\\\/wp-content\\\/uploads\\\/2023\\\/08\\\/img-src-22https-finelife.tvimagere.jpg-alt-22Basquiat-Warhol-l-art-collab-a-la-Fondation-Louis-Vuitton22-scaled.jpg\",\"contentUrl\":\"https:\\\/\\\/finelife.tv\\\/fr\\\/wp-content\\\/uploads\\\/2023\\\/08\\\/img-src-22https-finelife.tvimagere.jpg-alt-22Basquiat-Warhol-l-art-collab-a-la-Fondation-Louis-Vuitton22-scaled.jpg\",\"width\":1920,\"height\":2560},{\"@type\":\"BreadcrumbList\",\"@id\":\"https:\\\/\\\/finelife.tv\\\/fr\\\/2023\\\/08\\\/20\\\/basquiat-warhol-lart-collab-a-la-fondation-louis-vuitton\\\/#breadcrumb\",\"itemListElement\":[{\"@type\":\"ListItem\",\"position\":1,\"name\":\"Accueil\",\"item\":\"https:\\\/\\\/finelife.tv\\\/fr\\\/\"},{\"@type\":\"ListItem\",\"position\":2,\"name\":\"Basquiat Warhol l&#8217;art collab \u00e0 la Fondation Louis Vuitton\"}]},{\"@type\":\"WebSite\",\"@id\":\"https:\\\/\\\/finelife.tv\\\/fr\\\/#website\",\"url\":\"https:\\\/\\\/finelife.tv\\\/fr\\\/\",\"name\":\"FineLife.tv\",\"description\":\"Quand l&#039;Art de vivre croise l&#039;Art de penser\",\"potentialAction\":[{\"@type\":\"SearchAction\",\"target\":{\"@type\":\"EntryPoint\",\"urlTemplate\":\"https:\\\/\\\/finelife.tv\\\/fr\\\/?s={search_term_string}\"},\"query-input\":{\"@type\":\"PropertyValueSpecification\",\"valueRequired\":true,\"valueName\":\"search_term_string\"}}],\"inLanguage\":\"fr-FR\"},{\"@type\":\"Person\",\"@id\":\"https:\\\/\\\/finelife.tv\\\/fr\\\/#\\\/schema\\\/person\\\/e3d980b0c0b3dc5af01c3455893c8c52\",\"name\":\"Leonore\",\"image\":{\"@type\":\"ImageObject\",\"inLanguage\":\"fr-FR\",\"@id\":\"https:\\\/\\\/secure.gravatar.com\\\/avatar\\\/9a2e5073417479f910ffdeee54da5ccf4f91eab62746ce0ae0e81124a9491a79?s=96&d=mm&r=g\",\"url\":\"https:\\\/\\\/secure.gravatar.com\\\/avatar\\\/9a2e5073417479f910ffdeee54da5ccf4f91eab62746ce0ae0e81124a9491a79?s=96&d=mm&r=g\",\"contentUrl\":\"https:\\\/\\\/secure.gravatar.com\\\/avatar\\\/9a2e5073417479f910ffdeee54da5ccf4f91eab62746ce0ae0e81124a9491a79?s=96&d=mm&r=g\",\"caption\":\"Leonore\"}}]}<\/script>\n<!-- \/ Yoast SEO plugin. -->","yoast_head_json":{"title":"Basquiat Warhol l'art collab \u00e0 la Fondation Louis Vuitton - FineLife.tv","description":"Basquiat Warhol l'art collab \u00e0 la Fondation Louis Vuitton .L'exposition \"\u00c0 quatre mains\" pr\u00e9sente 80 toiles sur les 160 issues de la collaboration entre les deux ic\u00f4nes Sur quatre \u00e9tages on c\u00e9l\u00e8bre le culte du Radiant child et du roi du pop art dans une Fondation cath\u00e9drale","robots":{"index":"index","follow":"follow","max-snippet":"max-snippet:-1","max-image-preview":"max-image-preview:large","max-video-preview":"max-video-preview:-1"},"canonical":"https:\/\/finelife.tv\/fr\/2023\/08\/20\/basquiat-warhol-lart-collab-a-la-fondation-louis-vuitton\/","og_locale":"fr_FR","og_type":"article","og_title":"Basquiat Warhol l'art collab \u00e0 la Fondation Louis Vuitton - FineLife.tv","og_description":"Basquiat Warhol l'art collab \u00e0 la Fondation Louis Vuitton .L'exposition \"\u00c0 quatre mains\" pr\u00e9sente 80 toiles sur les 160 issues de la collaboration entre les deux ic\u00f4nes Sur quatre \u00e9tages on c\u00e9l\u00e8bre le culte du Radiant child et du roi du pop art dans une Fondation cath\u00e9drale","og_url":"https:\/\/finelife.tv\/fr\/2023\/08\/20\/basquiat-warhol-lart-collab-a-la-fondation-louis-vuitton\/","og_site_name":"FineLife.tv","article_published_time":"2023-08-20T16:45:11+00:00","article_modified_time":"2023-08-20T17:53:29+00:00","og_image":[{"url":"https:\/\/finelife.tv\/fr\/wp-content\/uploads\/2023\/08\/img-src-22https-finelife.tvimagere.jpg-alt-22Basquiat-Warhol-l-art-collab-a-la-Fondation-Louis-Vuitton22-768x1024.jpg","type":"","width":"","height":""}],"author":"Leonore","twitter_card":"summary_large_image","twitter_creator":"@finelifetv","twitter_site":"@finelifetv","twitter_misc":{"\u00c9crit par":"Leonore","Dur\u00e9e de lecture estim\u00e9e":"9 minutes"},"schema":{"@context":"https:\/\/schema.org","@graph":[{"@type":"Article","@id":"https:\/\/finelife.tv\/fr\/2023\/08\/20\/basquiat-warhol-lart-collab-a-la-fondation-louis-vuitton\/#article","isPartOf":{"@id":"https:\/\/finelife.tv\/fr\/2023\/08\/20\/basquiat-warhol-lart-collab-a-la-fondation-louis-vuitton\/"},"author":{"name":"Leonore","@id":"https:\/\/finelife.tv\/fr\/#\/schema\/person\/e3d980b0c0b3dc5af01c3455893c8c52"},"headline":"Basquiat Warhol l&rsquo;art collab \u00e0 la Fondation Louis Vuitton","datePublished":"2023-08-20T16:45:11+00:00","dateModified":"2023-08-20T17:53:29+00:00","mainEntityOfPage":{"@id":"https:\/\/finelife.tv\/fr\/2023\/08\/20\/basquiat-warhol-lart-collab-a-la-fondation-louis-vuitton\/"},"wordCount":1496,"commentCount":1,"image":{"@id":"https:\/\/finelife.tv\/fr\/2023\/08\/20\/basquiat-warhol-lart-collab-a-la-fondation-louis-vuitton\/#primaryimage"},"thumbnailUrl":"https:\/\/finelife.tv\/fr\/wp-content\/uploads\/2023\/08\/img-src-22https-finelife.tvimagere.jpg-alt-22Basquiat-Warhol-l-art-collab-a-la-Fondation-Louis-Vuitton22-768x1024.jpg","keywords":["art","art ann\u00e9es 80","art contemporain","basquiat","bruno bischhofberger","collaboration basquiat warhol","exposition","exposition exposition a quatre mains","exposition fondation Louis Vuitton","fondation Louis Vuitton","fra","francesco clemente","jean-michel basquiat","keith haring","pop art","street art","warhol"],"articleSection":["Blog"],"inLanguage":"fr-FR","potentialAction":[{"@type":"CommentAction","name":"Comment","target":["https:\/\/finelife.tv\/fr\/2023\/08\/20\/basquiat-warhol-lart-collab-a-la-fondation-louis-vuitton\/#respond"]}]},{"@type":"WebPage","@id":"https:\/\/finelife.tv\/fr\/2023\/08\/20\/basquiat-warhol-lart-collab-a-la-fondation-louis-vuitton\/","url":"https:\/\/finelife.tv\/fr\/2023\/08\/20\/basquiat-warhol-lart-collab-a-la-fondation-louis-vuitton\/","name":"Basquiat Warhol l'art collab \u00e0 la Fondation Louis Vuitton - FineLife.tv","isPartOf":{"@id":"https:\/\/finelife.tv\/fr\/#website"},"primaryImageOfPage":{"@id":"https:\/\/finelife.tv\/fr\/2023\/08\/20\/basquiat-warhol-lart-collab-a-la-fondation-louis-vuitton\/#primaryimage"},"image":{"@id":"https:\/\/finelife.tv\/fr\/2023\/08\/20\/basquiat-warhol-lart-collab-a-la-fondation-louis-vuitton\/#primaryimage"},"thumbnailUrl":"https:\/\/finelife.tv\/fr\/wp-content\/uploads\/2023\/08\/img-src-22https-finelife.tvimagere.jpg-alt-22Basquiat-Warhol-l-art-collab-a-la-Fondation-Louis-Vuitton22-768x1024.jpg","datePublished":"2023-08-20T16:45:11+00:00","dateModified":"2023-08-20T17:53:29+00:00","author":{"@id":"https:\/\/finelife.tv\/fr\/#\/schema\/person\/e3d980b0c0b3dc5af01c3455893c8c52"},"description":"Basquiat Warhol l'art collab \u00e0 la Fondation Louis Vuitton .L'exposition \"\u00c0 quatre mains\" pr\u00e9sente 80 toiles sur les 160 issues de la collaboration entre les deux ic\u00f4nes Sur quatre \u00e9tages on c\u00e9l\u00e8bre le culte du Radiant child et du roi du pop art dans une Fondation cath\u00e9drale","breadcrumb":{"@id":"https:\/\/finelife.tv\/fr\/2023\/08\/20\/basquiat-warhol-lart-collab-a-la-fondation-louis-vuitton\/#breadcrumb"},"inLanguage":"fr-FR","potentialAction":[{"@type":"ReadAction","target":["https:\/\/finelife.tv\/fr\/2023\/08\/20\/basquiat-warhol-lart-collab-a-la-fondation-louis-vuitton\/"]}]},{"@type":"ImageObject","inLanguage":"fr-FR","@id":"https:\/\/finelife.tv\/fr\/2023\/08\/20\/basquiat-warhol-lart-collab-a-la-fondation-louis-vuitton\/#primaryimage","url":"https:\/\/finelife.tv\/fr\/wp-content\/uploads\/2023\/08\/img-src-22https-finelife.tvimagere.jpg-alt-22Basquiat-Warhol-l-art-collab-a-la-Fondation-Louis-Vuitton22-scaled.jpg","contentUrl":"https:\/\/finelife.tv\/fr\/wp-content\/uploads\/2023\/08\/img-src-22https-finelife.tvimagere.jpg-alt-22Basquiat-Warhol-l-art-collab-a-la-Fondation-Louis-Vuitton22-scaled.jpg","width":1920,"height":2560},{"@type":"BreadcrumbList","@id":"https:\/\/finelife.tv\/fr\/2023\/08\/20\/basquiat-warhol-lart-collab-a-la-fondation-louis-vuitton\/#breadcrumb","itemListElement":[{"@type":"ListItem","position":1,"name":"Accueil","item":"https:\/\/finelife.tv\/fr\/"},{"@type":"ListItem","position":2,"name":"Basquiat Warhol l&#8217;art collab \u00e0 la Fondation Louis Vuitton"}]},{"@type":"WebSite","@id":"https:\/\/finelife.tv\/fr\/#website","url":"https:\/\/finelife.tv\/fr\/","name":"FineLife.tv","description":"Quand l&#039;Art de vivre croise l&#039;Art de penser","potentialAction":[{"@type":"SearchAction","target":{"@type":"EntryPoint","urlTemplate":"https:\/\/finelife.tv\/fr\/?s={search_term_string}"},"query-input":{"@type":"PropertyValueSpecification","valueRequired":true,"valueName":"search_term_string"}}],"inLanguage":"fr-FR"},{"@type":"Person","@id":"https:\/\/finelife.tv\/fr\/#\/schema\/person\/e3d980b0c0b3dc5af01c3455893c8c52","name":"Leonore","image":{"@type":"ImageObject","inLanguage":"fr-FR","@id":"https:\/\/secure.gravatar.com\/avatar\/9a2e5073417479f910ffdeee54da5ccf4f91eab62746ce0ae0e81124a9491a79?s=96&d=mm&r=g","url":"https:\/\/secure.gravatar.com\/avatar\/9a2e5073417479f910ffdeee54da5ccf4f91eab62746ce0ae0e81124a9491a79?s=96&d=mm&r=g","contentUrl":"https:\/\/secure.gravatar.com\/avatar\/9a2e5073417479f910ffdeee54da5ccf4f91eab62746ce0ae0e81124a9491a79?s=96&d=mm&r=g","caption":"Leonore"}}]}},"_links":{"self":[{"href":"https:\/\/finelife.tv\/fr\/wp-json\/wp\/v2\/posts\/14275","targetHints":{"allow":["GET"]}}],"collection":[{"href":"https:\/\/finelife.tv\/fr\/wp-json\/wp\/v2\/posts"}],"about":[{"href":"https:\/\/finelife.tv\/fr\/wp-json\/wp\/v2\/types\/post"}],"author":[{"embeddable":true,"href":"https:\/\/finelife.tv\/fr\/wp-json\/wp\/v2\/users\/1"}],"replies":[{"embeddable":true,"href":"https:\/\/finelife.tv\/fr\/wp-json\/wp\/v2\/comments?post=14275"}],"version-history":[{"count":30,"href":"https:\/\/finelife.tv\/fr\/wp-json\/wp\/v2\/posts\/14275\/revisions"}],"predecessor-version":[{"id":14324,"href":"https:\/\/finelife.tv\/fr\/wp-json\/wp\/v2\/posts\/14275\/revisions\/14324"}],"wp:attachment":[{"href":"https:\/\/finelife.tv\/fr\/wp-json\/wp\/v2\/media?parent=14275"}],"wp:term":[{"taxonomy":"category","embeddable":true,"href":"https:\/\/finelife.tv\/fr\/wp-json\/wp\/v2\/categories?post=14275"},{"taxonomy":"post_tag","embeddable":true,"href":"https:\/\/finelife.tv\/fr\/wp-json\/wp\/v2\/tags?post=14275"}],"curies":[{"name":"wp","href":"https:\/\/api.w.org\/{rel}","templated":true}]}}