{"id":14420,"date":"2023-08-29T17:12:24","date_gmt":"2023-08-29T15:12:24","guid":{"rendered":"https:\/\/finelife.tv\/fr\/?p=14420"},"modified":"2024-04-16T15:27:20","modified_gmt":"2024-04-16T13:27:20","slug":"expo-sur-lart-des-cheveux-et-des-poils-au-mad","status":"publish","type":"post","link":"https:\/\/finelife.tv\/fr\/2023\/08\/29\/expo-sur-lart-des-cheveux-et-des-poils-au-mad\/","title":{"rendered":"Expo sur l&rsquo;art des cheveux et des poils au MAD"},"content":{"rendered":"<div class=\"wp-block-image\">\n<figure class=\"aligncenter size-large\"><img loading=\"lazy\" decoding=\"async\" width=\"768\" height=\"1024\" src=\"https:\/\/finelife.tv\/fr\/wp-content\/uploads\/2023\/08\/img-src-22https-finelife.tvimage.jpg-alt-22Expo-sur-l-art-des-cheveux-et-des-poils-au-MAD22-768x1024.jpg\" alt=\"\" class=\"wp-image-14442\" srcset=\"https:\/\/finelife.tv\/fr\/wp-content\/uploads\/2023\/08\/img-src-22https-finelife.tvimage.jpg-alt-22Expo-sur-l-art-des-cheveux-et-des-poils-au-MAD22-768x1024.jpg 768w, https:\/\/finelife.tv\/fr\/wp-content\/uploads\/2023\/08\/img-src-22https-finelife.tvimage.jpg-alt-22Expo-sur-l-art-des-cheveux-et-des-poils-au-MAD22-225x300.jpg 225w, https:\/\/finelife.tv\/fr\/wp-content\/uploads\/2023\/08\/img-src-22https-finelife.tvimage.jpg-alt-22Expo-sur-l-art-des-cheveux-et-des-poils-au-MAD22-1152x1536.jpg 1152w, https:\/\/finelife.tv\/fr\/wp-content\/uploads\/2023\/08\/img-src-22https-finelife.tvimage.jpg-alt-22Expo-sur-l-art-des-cheveux-et-des-poils-au-MAD22-1536x2048.jpg 1536w, https:\/\/finelife.tv\/fr\/wp-content\/uploads\/2023\/08\/img-src-22https-finelife.tvimage.jpg-alt-22Expo-sur-l-art-des-cheveux-et-des-poils-au-MAD22-scaled.jpg 1920w\" sizes=\"auto, (max-width: 768px) 100vw, 768px\" \/><\/figure>\n<\/div>\n\n\n<p><strong>Expo sur l&rsquo;art des cheveux et des poils au MAD .Une d\u00e9coiffante exploration de l&rsquo;histoire de nos pilosit\u00e9s, reflet des ambivalences, des normes et des transgressions. <\/strong><\/p>\n\n\n\n<p>\u00ab\u00a0L&rsquo;histoire du corps en Occident s&rsquo;est plut\u00f4t concentr\u00e9e sur le corps de la femme. On disait que la femme devait \u00eatre belle et que l&rsquo;homme devait \u00eatre terrible. Mais l&rsquo;homme n&rsquo;a pas \u00e9chapp\u00e9 pour autant aux diktats de la mode\u00a0\u00bb d\u00e9clarait Denis Bruna lors de l&rsquo;exposition La m\u00e9canique des dessous. Des Cheveux et des poils poursuit cette exploration du corps et des apparences.<\/p>\n\n\n\n<p>Une exploration foisonnante du XVe si\u00e8cle \u00e0 nos jours qui pr\u00e9sente plus de 600 \u0153uvres dans des univers tr\u00e8s diff\u00e9rents tout en m\u00ealant les m\u00e9diums. <\/p>\n\n\n\n<p>On passe ainsi de th\u00e9matiques attendues comme la coiffure dans la mode \u00e0 des approches plus freakies comme la pilosit\u00e9 atypique telle celle de la femme \u00e0 barbe. <\/p>\n\n\n\n<p>Dans ce grand brassage des usages et des regards un documentaire renseigne sur le commerce des cheveux offerts aux dieux hindous et revendus aux entreprises tandis que photos et instruments montrent les premiers moments de la coiffure moderne (s\u00e8che-cheveux Wella). <\/p>\n\n\n<div class=\"wp-block-image\">\n<figure class=\"aligncenter size-large\"><img loading=\"lazy\" decoding=\"async\" width=\"896\" height=\"1024\" src=\"https:\/\/finelife.tv\/fr\/wp-content\/uploads\/2023\/08\/img-src-22https-finelife.tvimage.jpg-alt-22Expo-sur-l-art-des-cheveux-et-des-poils-au-MAD-courbet-origine-du-monde22-896x1024.jpg\" alt=\"\" class=\"wp-image-14439\" srcset=\"https:\/\/finelife.tv\/fr\/wp-content\/uploads\/2023\/08\/img-src-22https-finelife.tvimage.jpg-alt-22Expo-sur-l-art-des-cheveux-et-des-poils-au-MAD-courbet-origine-du-monde22-896x1024.jpg 896w, https:\/\/finelife.tv\/fr\/wp-content\/uploads\/2023\/08\/img-src-22https-finelife.tvimage.jpg-alt-22Expo-sur-l-art-des-cheveux-et-des-poils-au-MAD-courbet-origine-du-monde22-263x300.jpg 263w, https:\/\/finelife.tv\/fr\/wp-content\/uploads\/2023\/08\/img-src-22https-finelife.tvimage.jpg-alt-22Expo-sur-l-art-des-cheveux-et-des-poils-au-MAD-courbet-origine-du-monde22-768x878.jpg 768w, https:\/\/finelife.tv\/fr\/wp-content\/uploads\/2023\/08\/img-src-22https-finelife.tvimage.jpg-alt-22Expo-sur-l-art-des-cheveux-et-des-poils-au-MAD-courbet-origine-du-monde22-1344x1536.jpg 1344w, https:\/\/finelife.tv\/fr\/wp-content\/uploads\/2023\/08\/img-src-22https-finelife.tvimage.jpg-alt-22Expo-sur-l-art-des-cheveux-et-des-poils-au-MAD-courbet-origine-du-monde22-1792x2048.jpg 1792w\" sizes=\"auto, (max-width: 896px) 100vw, 896px\" \/><figcaption class=\"wp-element-caption\">Gustave Courbet L&rsquo;Origine du monde 1866<\/figcaption><\/figure>\n<\/div>\n\n\n<p>Les calendriers des Dieux du Stade se liguent avec l&rsquo;iconique Origine du Monde de Courbet pour symboliser cet obscur objet du d\u00e9sir et du rejet qu&rsquo;est le poil.<\/p>\n\n\n\n<p>Mais ce foisonnement est organis\u00e9. Il comprend cinq sections dans une atmosph\u00e8re de blonds, de bruns, de roux qui \u00e9voque les principales couleurs de la chevelure. L&rsquo;exposition se cl\u00f4t par un feu d&rsquo;artifices de cr\u00e9ations. Un manteau de postiches blonds sign\u00e9 Martin Margiela, une veste perruque rousse hommage \u00e0 Sonia Rykiel ou encore une incroyable cr\u00e9ation de l&rsquo;incroyable Jeanne VIcerial. <\/p>\n\n\n\n<h2 class=\"wp-block-heading\">Histoire de poils : mode et morale<\/h2>\n\n\n\n<p>Mais tour d&rsquo;abord on cadre. Pas un cheveu ne d\u00e9passe en effet dans la premi\u00e8re partie d\u00e9di\u00e9e \u00e0 l&rsquo;histoire de la coiffure. Car il s&rsquo;agit dans les civilisations gr\u00e9co-romaines et jud\u00e9o-chr\u00e9tiennes   \u00ab\u00a0d&rsquo;\u00e9loigner l&rsquo;homme de la b\u00eate\u00a0\u00bb. Cachez vite ce poil que je ne saurait voir !<\/p>\n\n\n\n<p>Vade retro donc femme de mauvaise vie en cheveux et barbu sinon satyre du moins cr\u00e9ature des bas fonds. \u00ab\u00a0Au Moyen-\u00c2ge, ob\u00e9issant aux commandements de Saint-Paul, le port du voile s&rsquo;impose aux femmes jusqu&rsquo;au XVe si\u00e8cle\u00a0\u00bb rappelle Denis Bruna commissaire de l&rsquo;exposition. Mais celles-ci s&rsquo;en \u00e9mancipent et r\u00e9pondent \u00e0 l&rsquo;aust\u00e9rit\u00e9 religieuse par l&rsquo;extravagance de la cour. <\/p>\n\n\n\n<h3 class=\"wp-block-heading has-text-align-center\">Poufs, girafe ou Pompadour : les folles extravagances <\/h3>\n\n\n<div class=\"wp-block-image\">\n<figure class=\"aligncenter size-full\"><img loading=\"lazy\" decoding=\"async\" width=\"667\" height=\"1022\" src=\"https:\/\/finelife.tv\/fr\/wp-content\/uploads\/2023\/08\/img-src-22https-finelife.tvimage.jpg-alt-22Expo-sur-l-art-des-cheveux-et-des-poils-au-MAD-pouf-marie-antoinette22.jpg\" alt=\"\" class=\"wp-image-14448\" srcset=\"https:\/\/finelife.tv\/fr\/wp-content\/uploads\/2023\/08\/img-src-22https-finelife.tvimage.jpg-alt-22Expo-sur-l-art-des-cheveux-et-des-poils-au-MAD-pouf-marie-antoinette22.jpg 667w, https:\/\/finelife.tv\/fr\/wp-content\/uploads\/2023\/08\/img-src-22https-finelife.tvimage.jpg-alt-22Expo-sur-l-art-des-cheveux-et-des-poils-au-MAD-pouf-marie-antoinette22-196x300.jpg 196w\" sizes=\"auto, (max-width: 667px) 100vw, 667px\" \/><figcaption class=\"wp-element-caption\">Les poufs de Marie-Antoinette<\/figcaption><\/figure>\n<\/div>\n\n\n<p>R\u00e9sultat ? Des coiffures \u00ab\u00a0Hurluberlu\u00a0\u00bb de Mme de S\u00e9vign\u00e9 ou \u00ab\u00a0\u00e0 la Fontanges\u00a0\u00bb (maitresse de Louis XIV). Des inventions frisotantes sur les c\u00f4t\u00e9s fa\u00e7on mouton avec chignon \u00e0 l&rsquo;arri\u00e8re. Un grand pas de plus dans l&rsquo;excentricit\u00e9 est franchi vers 1770 avec la mode capillaire des poufs. Imagin\u00e9es par le coiffeur L\u00e9onard-Alexis Auti\u00e9, ces folles extravagances faites d&rsquo;une armature de m\u00e9tal permettent tous les exc\u00e8s. Marie-Antoinette, reine des influenceuses de l&rsquo;\u00e9poque, enchaine des coiffures \u00e9chafaudages qui s&rsquo;inspirent d&rsquo;\u00e9v\u00e8nements historiques, mondains ainsi que de la nature On retient notamment la coiffe Belle Poule, hommage \u00e0 la fr\u00e9gate de Layette, qui pose un navire sur le bonnet.<\/p>\n\n\n\n<p> Puis au XIXe si\u00e8cle vient le temps des coiffures alambiqu\u00e9s \u00ab\u00a0\u00e0 la girafe\u00a0\u00bb (construction faite de coques, nattes, couettes), en tire bouchon (agencement de boucles) ou encore \u00ab\u00a0\u00e0 la Pompadour\u00a0\u00bb (cheveux sur\u00e9lev\u00e9s sur front bomb\u00e9). Une vid\u00e9o tuto avec des com\u00e9diens en costume d&rsquo;\u00e9poque explique la construction de cette coiffure. <\/p>\n\n\n\n<h3 class=\"wp-block-heading has-text-align-center\">Modes masculines : entre glabre et super pilosit\u00e9<\/h3>\n\n\n<div class=\"wp-block-image\">\n<figure class=\"aligncenter size-large\"><img loading=\"lazy\" decoding=\"async\" width=\"737\" height=\"1024\" src=\"https:\/\/finelife.tv\/fr\/wp-content\/uploads\/2023\/08\/img-src-22https-finelife.tvimage.jpg-alt-22Expo-sur-l-art-des-cheveux-et-des-poils-au-MAD-les-dieux-du-stade22-737x1024.jpg\" alt=\"\" class=\"wp-image-14455\" srcset=\"https:\/\/finelife.tv\/fr\/wp-content\/uploads\/2023\/08\/img-src-22https-finelife.tvimage.jpg-alt-22Expo-sur-l-art-des-cheveux-et-des-poils-au-MAD-les-dieux-du-stade22-737x1024.jpg 737w, https:\/\/finelife.tv\/fr\/wp-content\/uploads\/2023\/08\/img-src-22https-finelife.tvimage.jpg-alt-22Expo-sur-l-art-des-cheveux-et-des-poils-au-MAD-les-dieux-du-stade22-216x300.jpg 216w, https:\/\/finelife.tv\/fr\/wp-content\/uploads\/2023\/08\/img-src-22https-finelife.tvimage.jpg-alt-22Expo-sur-l-art-des-cheveux-et-des-poils-au-MAD-les-dieux-du-stade22-768x1067.jpg 768w, https:\/\/finelife.tv\/fr\/wp-content\/uploads\/2023\/08\/img-src-22https-finelife.tvimage.jpg-alt-22Expo-sur-l-art-des-cheveux-et-des-poils-au-MAD-les-dieux-du-stade22.jpg 786w\" sizes=\"auto, (max-width: 737px) 100vw, 737px\" \/><\/figure>\n<\/div>\n\n\n<p>Et les hommes ? Comme dans \u00ab\u00a0La m\u00e9canique des dessous\u00a0\u00bb Denis Bruna souligne les strictes fronti\u00e8res des genres. On le r\u00e9p\u00e8te la femme devait \u00eatre belle et l&rsquo;homme redoutable. Alors on passe au XVIe si\u00e8cle du glabre du Moyen-\u00c2ge \u00e0 la barbe symbole de courage. Les tr\u00e8s jeunes monarques d&rsquo;Occident, Fran\u00e7ois Ier, Henri VIII et Charles Quint affichent leur pilosit\u00e9 faciale. L&rsquo;histoire du poil reprend ensuite cette alternance du sans et du avec. L&rsquo;exposition note que le XIXe si\u00e8cle a \u00e9t\u00e9 le plus poilu de l&rsquo;histoire des modes masculines avec la totale barbe-moustache-favoris. Aujourd&rsquo;hui la barbe des hipsters de la fin des 90es laisse doucement la place \u00e0 la moustache.<\/p>\n\n\n\n<h3 class=\"wp-block-heading has-text-align-center\">Normes et transgressions<\/h3>\n\n\n\n<p>La couleur a longtemps \u00e9t\u00e9 un marqueur social. Le blond de l&rsquo;innocence, le brun de la femme au caract\u00e8re affirm\u00e9, le roux des sorci\u00e8res et des prostitu\u00e9s. Quant \u00e0 la coiffure elle s&rsquo;inscrit \u00e9galement dans la sociologie. Ruptures de l&rsquo;adolescence avec les cr\u00eates punks et les longueurs grunges. Mais aussi affirmations politiques avec les modes afro et hippies. <\/p>\n\n\n\n<h2 class=\"wp-block-heading\">Des m\u00e9tiers au poil <\/h2>\n\n\n<div class=\"wp-block-image\">\n<figure class=\"aligncenter size-large\"><img loading=\"lazy\" decoding=\"async\" width=\"768\" height=\"1024\" src=\"https:\/\/finelife.tv\/fr\/wp-content\/uploads\/2023\/08\/img-src-22https-finelife.tvimage.jpg-alt-22Expo-sur-l-art-des-cheveux-et-des-poils-au-MAD-affiche-salon-de-coiffure-seche-cheveux22-768x1024.jpg\" alt=\"\" class=\"wp-image-14436\" srcset=\"https:\/\/finelife.tv\/fr\/wp-content\/uploads\/2023\/08\/img-src-22https-finelife.tvimage.jpg-alt-22Expo-sur-l-art-des-cheveux-et-des-poils-au-MAD-affiche-salon-de-coiffure-seche-cheveux22-768x1024.jpg 768w, https:\/\/finelife.tv\/fr\/wp-content\/uploads\/2023\/08\/img-src-22https-finelife.tvimage.jpg-alt-22Expo-sur-l-art-des-cheveux-et-des-poils-au-MAD-affiche-salon-de-coiffure-seche-cheveux22-225x300.jpg 225w, https:\/\/finelife.tv\/fr\/wp-content\/uploads\/2023\/08\/img-src-22https-finelife.tvimage.jpg-alt-22Expo-sur-l-art-des-cheveux-et-des-poils-au-MAD-affiche-salon-de-coiffure-seche-cheveux22-1152x1536.jpg 1152w, https:\/\/finelife.tv\/fr\/wp-content\/uploads\/2023\/08\/img-src-22https-finelife.tvimage.jpg-alt-22Expo-sur-l-art-des-cheveux-et-des-poils-au-MAD-affiche-salon-de-coiffure-seche-cheveux22-1536x2048.jpg 1536w, https:\/\/finelife.tv\/fr\/wp-content\/uploads\/2023\/08\/img-src-22https-finelife.tvimage.jpg-alt-22Expo-sur-l-art-des-cheveux-et-des-poils-au-MAD-affiche-salon-de-coiffure-seche-cheveux22-scaled.jpg 1920w\" sizes=\"auto, (max-width: 768px) 100vw, 768px\" \/><figcaption class=\"wp-element-caption\">Marcel Bovis -Salon de coiffure Chez Antoine 1932<\/figcaption><\/figure>\n<\/div>\n\n\n<p>L&rsquo;\u00e9volution des modes se double d&rsquo;une \u00e9mergence d&rsquo;outils. L&rsquo;exposition consacre toute une section aux m\u00e9tiers, aux accessoires, \u00e0 la publicit\u00e9, Wella \u00e9tant \u00e0 l&rsquo;honneur. On d\u00e9couvre ainsi tondeuses et cr\u00e8mes d\u00e9pilatoires du d\u00e9but du XIXe si\u00e8cle, moment o\u00f9 le corps des femmes de d\u00e9voile. <\/p>\n\n\n\n<p>L&rsquo;histoire du poil est celle d&rsquo;un ballet entre ce que l&rsquo;on montre et ce que l&rsquo;on cache. On cache surtout les cheveux blancs et la calvitie. Cr\u00e8me colorantes c\u00f4toient perruque et postiches. Perruques iconiques d&rsquo;Andy Warhol et avant lui de Louis XIV victimes d&rsquo;une perte pr\u00e9matur\u00e9e de cheveux. Derri\u00e8re les produits et les accessoires toute une industrie pose ses jalons. <\/p>\n\n\n<div class=\"wp-block-image\">\n<figure class=\"aligncenter size-large\"><img loading=\"lazy\" decoding=\"async\" width=\"722\" height=\"1024\" src=\"https:\/\/finelife.tv\/fr\/wp-content\/uploads\/2023\/08\/img-src-22https-finelife.tvimage.jpg-alt-22Expo-sur-l-art-des-cheveux-et-des-poils-au-MAD-coiffure-alexis-ferrer-wella22-722x1024.jpg\" alt=\"\" class=\"wp-image-14447\" srcset=\"https:\/\/finelife.tv\/fr\/wp-content\/uploads\/2023\/08\/img-src-22https-finelife.tvimage.jpg-alt-22Expo-sur-l-art-des-cheveux-et-des-poils-au-MAD-coiffure-alexis-ferrer-wella22-722x1024.jpg 722w, https:\/\/finelife.tv\/fr\/wp-content\/uploads\/2023\/08\/img-src-22https-finelife.tvimage.jpg-alt-22Expo-sur-l-art-des-cheveux-et-des-poils-au-MAD-coiffure-alexis-ferrer-wella22-212x300.jpg 212w, https:\/\/finelife.tv\/fr\/wp-content\/uploads\/2023\/08\/img-src-22https-finelife.tvimage.jpg-alt-22Expo-sur-l-art-des-cheveux-et-des-poils-au-MAD-coiffure-alexis-ferrer-wella22-768x1089.jpg 768w, https:\/\/finelife.tv\/fr\/wp-content\/uploads\/2023\/08\/img-src-22https-finelife.tvimage.jpg-alt-22Expo-sur-l-art-des-cheveux-et-des-poils-au-MAD-coiffure-alexis-ferrer-wella22-1084x1536.jpg 1084w, https:\/\/finelife.tv\/fr\/wp-content\/uploads\/2023\/08\/img-src-22https-finelife.tvimage.jpg-alt-22Expo-sur-l-art-des-cheveux-et-des-poils-au-MAD-coiffure-alexis-ferrer-wella22.jpg 1310w\" sizes=\"auto, (max-width: 722px) 100vw, 722px\" \/><figcaption class=\"wp-element-caption\">Postiche imprim\u00e9 Alexis Ferrer &#8211; Wella<\/figcaption><\/figure>\n<\/div>\n\n\n<p>Car le cheveu et le poil sont \u00e9galement affaire de professionnels. De la teinture comme Alexis Ferrer qui r\u00e9alise des impressions digitales sur des vrais cheveux crant\u00e9s. Et du poil en g\u00e9n\u00e9ral. C&rsquo;est-\u00e0-dire barbier, barbier-chirurgien, \u00e9tuviste, perruquier, coiffeur de dames &#8230; Dans se secteur en plein d\u00e9veloppement les coiffeurs stars apparaissent. Les s\u0153urs Carita, Guillaume, Antoine, Alexandre de Paris qui coiffe les c\u00e9l\u00e9brit\u00e9s. Aujourd&rsquo;hui ce savoir faire \u00e0 la fran\u00e7aise est notamment incarn\u00e9 par Christophe Robin ou encore Rodolphe. <\/p>\n\n\n\n<h2 class=\"wp-block-heading\">L&rsquo;art et la mode <\/h2>\n\n\n<div class=\"wp-block-image\">\n<figure class=\"aligncenter size-large\"><img loading=\"lazy\" decoding=\"async\" width=\"1024\" height=\"768\" src=\"https:\/\/finelife.tv\/fr\/wp-content\/uploads\/2023\/08\/img-src-22https-finelife.tvimage.jpg-alt-22Expo-sur-l-art-des-cheveux-et-des-poils-au-MAD-tetes-coiffures-crantees22-1024x768.jpg\" alt=\"\" class=\"wp-image-14437\" srcset=\"https:\/\/finelife.tv\/fr\/wp-content\/uploads\/2023\/08\/img-src-22https-finelife.tvimage.jpg-alt-22Expo-sur-l-art-des-cheveux-et-des-poils-au-MAD-tetes-coiffures-crantees22-1024x768.jpg 1024w, https:\/\/finelife.tv\/fr\/wp-content\/uploads\/2023\/08\/img-src-22https-finelife.tvimage.jpg-alt-22Expo-sur-l-art-des-cheveux-et-des-poils-au-MAD-tetes-coiffures-crantees22-300x225.jpg 300w, https:\/\/finelife.tv\/fr\/wp-content\/uploads\/2023\/08\/img-src-22https-finelife.tvimage.jpg-alt-22Expo-sur-l-art-des-cheveux-et-des-poils-au-MAD-tetes-coiffures-crantees22-768x576.jpg 768w, https:\/\/finelife.tv\/fr\/wp-content\/uploads\/2023\/08\/img-src-22https-finelife.tvimage.jpg-alt-22Expo-sur-l-art-des-cheveux-et-des-poils-au-MAD-tetes-coiffures-crantees22-1536x1152.jpg 1536w, https:\/\/finelife.tv\/fr\/wp-content\/uploads\/2023\/08\/img-src-22https-finelife.tvimage.jpg-alt-22Expo-sur-l-art-des-cheveux-et-des-poils-au-MAD-tetes-coiffures-crantees22-2048x1536.jpg 2048w\" sizes=\"auto, (max-width: 1024px) 100vw, 1024px\" \/><figcaption class=\"wp-element-caption\">Un si\u00e8cle de mode : coiffures crant\u00e9es<\/figcaption><\/figure>\n<\/div>\n\n\n<p>Le cheveu et la poil semblent intrins\u00e8quement li\u00e9s \u00e0 la mode. D&rsquo;ailleurs la haute coiffure voit le jour en 1945.<\/p>\n\n\n\n<p>L&rsquo;exposition passe donc en revue les coiffures cultes des XXe et XXI e si\u00e8cles. Avec le chignon 1900, la coupe \u00e0 la gar\u00e7onne des ann\u00e9es 20, les cheveux permanent\u00e9s-crant\u00e9s des ann\u00e9es 1930, la choucroute des ann\u00e9es 1960. Mais aussi les cheveux longs des hippies, les looks king size des 80es, les d\u00e9grad\u00e9s de la d\u00e9cennie suivante et le nappy hair. <\/p>\n\n\n<div class=\"wp-block-image\">\n<figure class=\"aligncenter size-large\"><img loading=\"lazy\" decoding=\"async\" width=\"768\" height=\"1024\" src=\"https:\/\/finelife.tv\/fr\/wp-content\/uploads\/2023\/08\/img-src-22https-finelife.tvimage.jpg-alt-22Expo-sur-l-art-des-cheveux-et-des-poils-au-MAD-nicolas-jurnjack-coiffure-sculpture-ours22-768x1024.jpg\" alt=\"\" class=\"wp-image-14440\" srcset=\"https:\/\/finelife.tv\/fr\/wp-content\/uploads\/2023\/08\/img-src-22https-finelife.tvimage.jpg-alt-22Expo-sur-l-art-des-cheveux-et-des-poils-au-MAD-nicolas-jurnjack-coiffure-sculpture-ours22-768x1024.jpg 768w, https:\/\/finelife.tv\/fr\/wp-content\/uploads\/2023\/08\/img-src-22https-finelife.tvimage.jpg-alt-22Expo-sur-l-art-des-cheveux-et-des-poils-au-MAD-nicolas-jurnjack-coiffure-sculpture-ours22-225x300.jpg 225w, https:\/\/finelife.tv\/fr\/wp-content\/uploads\/2023\/08\/img-src-22https-finelife.tvimage.jpg-alt-22Expo-sur-l-art-des-cheveux-et-des-poils-au-MAD-nicolas-jurnjack-coiffure-sculpture-ours22-1152x1536.jpg 1152w, https:\/\/finelife.tv\/fr\/wp-content\/uploads\/2023\/08\/img-src-22https-finelife.tvimage.jpg-alt-22Expo-sur-l-art-des-cheveux-et-des-poils-au-MAD-nicolas-jurnjack-coiffure-sculpture-ours22-1536x2048.jpg 1536w, https:\/\/finelife.tv\/fr\/wp-content\/uploads\/2023\/08\/img-src-22https-finelife.tvimage.jpg-alt-22Expo-sur-l-art-des-cheveux-et-des-poils-au-MAD-nicolas-jurnjack-coiffure-sculpture-ours22-scaled.jpg 1920w\" sizes=\"auto, (max-width: 768px) 100vw, 768px\" \/><figcaption class=\"wp-element-caption\">Nicolas Jurnjack coiffure sculpture<\/figcaption><\/figure>\n<\/div>\n\n\n<p>Parmi les invit\u00e9s Sam McKnight, Nicolas Jurnjack et ses surprenantes sculptures capillaires h\u00e9riss\u00e9es ou en forme de renard ou encore Charlie Le Mindu auteur de la coiffure Blonde lips. Tous r\u00e9alisent les coiffures pour les c\u00e9l\u00e9brit\u00e9s et les tops lors de fashion weeks. <\/p>\n\n\n\n<p>Des coiffures mais aussi des v\u00eatements en cheveux. Lady gaga a ainsi command\u00e9 25 tenues \u00e0 Charlie le Mindu. <\/p>\n\n\n\n<p>En fin de parcours les couturiers s&rsquo;allient aux coiffeurs-artistes. Marisol Suarez collabore avec Martin Margiela, Sam McKight chemine avec Vivienne Westwood et Karl Lagarfeld. Plus r\u00e9cemment, Victor Weinsanto revisite avec le coiffeur Kevin Jacotot la petite robe noire pour en faire une cr\u00e9ation toute en touffes de cheveux. <\/p>\n\n\n<div class=\"wp-block-image\">\n<figure class=\"aligncenter size-large\"><img loading=\"lazy\" decoding=\"async\" width=\"768\" height=\"1024\" src=\"https:\/\/finelife.tv\/fr\/wp-content\/uploads\/2023\/08\/img-src-22https-finelife.tvimage.jpg-alt-22Expo-sur-l-art-des-cheveux-et-des-poils-au-MAD-veste-perruque-sonia-rykel22-768x1024.jpg\" alt=\"\" class=\"wp-image-14441\" srcset=\"https:\/\/finelife.tv\/fr\/wp-content\/uploads\/2023\/08\/img-src-22https-finelife.tvimage.jpg-alt-22Expo-sur-l-art-des-cheveux-et-des-poils-au-MAD-veste-perruque-sonia-rykel22-768x1024.jpg 768w, https:\/\/finelife.tv\/fr\/wp-content\/uploads\/2023\/08\/img-src-22https-finelife.tvimage.jpg-alt-22Expo-sur-l-art-des-cheveux-et-des-poils-au-MAD-veste-perruque-sonia-rykel22-225x300.jpg 225w, https:\/\/finelife.tv\/fr\/wp-content\/uploads\/2023\/08\/img-src-22https-finelife.tvimage.jpg-alt-22Expo-sur-l-art-des-cheveux-et-des-poils-au-MAD-veste-perruque-sonia-rykel22-1152x1536.jpg 1152w, https:\/\/finelife.tv\/fr\/wp-content\/uploads\/2023\/08\/img-src-22https-finelife.tvimage.jpg-alt-22Expo-sur-l-art-des-cheveux-et-des-poils-au-MAD-veste-perruque-sonia-rykel22-1536x2048.jpg 1536w, https:\/\/finelife.tv\/fr\/wp-content\/uploads\/2023\/08\/img-src-22https-finelife.tvimage.jpg-alt-22Expo-sur-l-art-des-cheveux-et-des-poils-au-MAD-veste-perruque-sonia-rykel22-scaled.jpg 1920w\" sizes=\"auto, (max-width: 768px) 100vw, 768px\" \/><figcaption class=\"wp-element-caption\">Perruque Veste Hommage \u00e0 Sonia Rykiel<\/figcaption><\/figure>\n<\/div>\n\n\n<p>La question du genre est bien pr\u00e9sente ici ou en filigrane tout au long de l&rsquo;exposition.<\/p>\n\n\n\n<p><\/p>\n\n\n\n<h2 class=\"wp-block-heading has-text-align-center has-background\" style=\"background:radial-gradient(rgb(254,205,165) 0%,rgb(254,45,45) 50%,rgb(107,0,62) 100%)\">INFOS<\/h2>\n\n\n\n<p>Photo principale  Marisol Suarez Perruque tress\u00e9e 2010<\/p>\n\n\n\n<p><strong>Des cheveux et des poils <\/strong><\/p>\n\n\n\n<p>Mus\u00e9e des Arts d\u00e9coratifs <\/p>\n\n\n\n<p>107 rue de Rivoli Paris 75001<\/p>\n\n\n\n<p><a href=\"https:\/\/madparis.fr\/\">https:\/\/madparis.fr\/<\/a><\/p>\n\n\n\n<p>Jusqu&rsquo;au 17 septembre<\/p>\n\n\n\n<p>Related article Expo sur l&rsquo;art des cheveux et des poils au MAD \/ Expo sur l&rsquo;art des cheveux et des poils au MAD<\/p>\n\n\n\n<p>La m\u00e9canique des dessous &#8211; Spaluxe TV <a href=\"https:\/\/vimeo.com\/70269661\">https:\/\/vimeo.com\/70269661<\/a><\/p>\n\n\n\n<p><strong>Les rubans de l\u2019intime expo entre corps et codes<\/strong><a href=\" https:\/\/finelife.tv\/fr\/2021\/10\/27\/les-rubans-de-lintime-expo-entre-corps-et-codes\/\"> https:\/\/finelife.tv\/fr\/2021\/10\/27\/les-rubans-de-lintime-expo-entre-corps-et-codes\/<\/a><\/p>\n\n\n\n<p><strong>Color\u00e9 par Rodolphe l&rsquo;art de la couleur<\/strong> <a href=\"https:\/\/finelife.tv\/fr\/2018\/04\/23\/colore-par-rodolphe-lart-de-la-couleur\/\">https:\/\/finelife.tv\/fr\/2018\/04\/23\/colore-par-rodolphe-lart-de-la-couleur\/<\/a><\/p>\n\n\n\n<p><strong><a href=\"https:\/\/finelife.tv\/fr\/2023\/12\/07\/iris-van-herpen-sculpte-les-sens-au-musee-des-arts-decoratifs\/\">Iris van Herpen sculpte les sens au mus\u00e9e des Arts d\u00e9coratifs<\/a><\/strong><\/p>\n\n\n\n<p><strong><a href=\"https:\/\/finelife.tv\/fr\/2024\/04\/16\/beau-livre-erratum-anachronismes-a-lecran\/\">Beau livre Erratum anachronismes \u00e0 l\u2019\u00e9cran<\/a><\/strong><\/p>\n","protected":false},"excerpt":{"rendered":"<p>Expo sur l&rsquo;art des cheveux et des poils au MAD .Une d\u00e9coiffante exploration de l&rsquo;histoire de nos pilosit\u00e9s, reflet des normes et des transgressions<\/p>\n","protected":false},"author":1,"featured_media":0,"comment_status":"open","ping_status":"open","sticky":false,"template":"","format":"standard","meta":{"footnotes":""},"categories":[4],"tags":[47,3202,68,4170,926,4171,2325,148,4175,2321,4174],"class_list":["post-14420","post","type-post","status-publish","format-standard","hentry","category-blog","tag-coiffure","tag-expo","tag-exposition","tag-exposition-mad","tag-exposition-paris","tag-histoire-de-la-coiffure","tag-mad","tag-mode","tag-mode-et-coiffure","tag-musee-des-arts-decoratifs","tag-poils"],"yoast_head":"<!-- This site is optimized with the Yoast SEO plugin v27.5 - https:\/\/yoast.com\/product\/yoast-seo-wordpress\/ -->\n<title>Expo sur l&#039;art des cheveux et des poils au MAD - FineLife.tv<\/title>\n<meta name=\"description\" content=\"Expo sur l&#039;art des cheveux et des poils au MAD .Une d\u00e9coiffante exploration de l&#039;histoire de nos pilosit\u00e9s, reflet des normes et des transgressions\" \/>\n<meta name=\"robots\" content=\"index, follow, max-snippet:-1, max-image-preview:large, max-video-preview:-1\" \/>\n<link rel=\"canonical\" href=\"https:\/\/finelife.tv\/fr\/2023\/08\/29\/expo-sur-lart-des-cheveux-et-des-poils-au-mad\/\" \/>\n<meta property=\"og:locale\" content=\"fr_FR\" \/>\n<meta property=\"og:type\" content=\"article\" \/>\n<meta property=\"og:title\" content=\"Expo sur l&#039;art des cheveux et des poils au MAD - FineLife.tv\" \/>\n<meta property=\"og:description\" content=\"Expo sur l&#039;art des cheveux et des poils au MAD .Une d\u00e9coiffante exploration de l&#039;histoire de nos pilosit\u00e9s, reflet des normes et des transgressions\" \/>\n<meta property=\"og:url\" content=\"https:\/\/finelife.tv\/fr\/2023\/08\/29\/expo-sur-lart-des-cheveux-et-des-poils-au-mad\/\" \/>\n<meta property=\"og:site_name\" content=\"FineLife.tv\" \/>\n<meta property=\"article:published_time\" content=\"2023-08-29T15:12:24+00:00\" \/>\n<meta property=\"article:modified_time\" content=\"2024-04-16T13:27:20+00:00\" \/>\n<meta property=\"og:image\" content=\"https:\/\/finelife.tv\/fr\/wp-content\/uploads\/2023\/08\/img-src-22https-finelife.tvimage.jpg-alt-22Expo-sur-l-art-des-cheveux-et-des-poils-au-MAD22-768x1024.jpg\" \/>\n<meta name=\"author\" content=\"Leonore\" \/>\n<meta name=\"twitter:card\" content=\"summary_large_image\" \/>\n<meta name=\"twitter:creator\" content=\"@finelifetv\" \/>\n<meta name=\"twitter:site\" content=\"@finelifetv\" \/>\n<meta name=\"twitter:label1\" content=\"\u00c9crit par\" \/>\n\t<meta name=\"twitter:data1\" content=\"Leonore\" \/>\n\t<meta name=\"twitter:label2\" content=\"Dur\u00e9e de lecture estim\u00e9e\" \/>\n\t<meta name=\"twitter:data2\" content=\"9 minutes\" \/>\n<script type=\"application\/ld+json\" class=\"yoast-schema-graph\">{\"@context\":\"https:\\\/\\\/schema.org\",\"@graph\":[{\"@type\":\"Article\",\"@id\":\"https:\\\/\\\/finelife.tv\\\/fr\\\/2023\\\/08\\\/29\\\/expo-sur-lart-des-cheveux-et-des-poils-au-mad\\\/#article\",\"isPartOf\":{\"@id\":\"https:\\\/\\\/finelife.tv\\\/fr\\\/2023\\\/08\\\/29\\\/expo-sur-lart-des-cheveux-et-des-poils-au-mad\\\/\"},\"author\":{\"name\":\"Leonore\",\"@id\":\"https:\\\/\\\/finelife.tv\\\/fr\\\/#\\\/schema\\\/person\\\/e3d980b0c0b3dc5af01c3455893c8c52\"},\"headline\":\"Expo sur l&rsquo;art des cheveux et des poils au MAD\",\"datePublished\":\"2023-08-29T15:12:24+00:00\",\"dateModified\":\"2024-04-16T13:27:20+00:00\",\"mainEntityOfPage\":{\"@id\":\"https:\\\/\\\/finelife.tv\\\/fr\\\/2023\\\/08\\\/29\\\/expo-sur-lart-des-cheveux-et-des-poils-au-mad\\\/\"},\"wordCount\":1413,\"commentCount\":5,\"image\":{\"@id\":\"https:\\\/\\\/finelife.tv\\\/fr\\\/2023\\\/08\\\/29\\\/expo-sur-lart-des-cheveux-et-des-poils-au-mad\\\/#primaryimage\"},\"thumbnailUrl\":\"https:\\\/\\\/finelife.tv\\\/fr\\\/wp-content\\\/uploads\\\/2023\\\/08\\\/img-src-22https-finelife.tvimage.jpg-alt-22Expo-sur-l-art-des-cheveux-et-des-poils-au-MAD22-768x1024.jpg\",\"keywords\":[\"coiffure\",\"expo\",\"exposition\",\"exposition MAD\",\"exposition paris\",\"histoire de la coiffure\",\"MAD\",\"mode\",\"mode et coiffure\",\"musee des arts decoratifs\",\"poils\"],\"articleSection\":[\"Blog\"],\"inLanguage\":\"fr-FR\",\"potentialAction\":[{\"@type\":\"CommentAction\",\"name\":\"Comment\",\"target\":[\"https:\\\/\\\/finelife.tv\\\/fr\\\/2023\\\/08\\\/29\\\/expo-sur-lart-des-cheveux-et-des-poils-au-mad\\\/#respond\"]}]},{\"@type\":\"WebPage\",\"@id\":\"https:\\\/\\\/finelife.tv\\\/fr\\\/2023\\\/08\\\/29\\\/expo-sur-lart-des-cheveux-et-des-poils-au-mad\\\/\",\"url\":\"https:\\\/\\\/finelife.tv\\\/fr\\\/2023\\\/08\\\/29\\\/expo-sur-lart-des-cheveux-et-des-poils-au-mad\\\/\",\"name\":\"Expo sur l'art des cheveux et des poils au MAD - FineLife.tv\",\"isPartOf\":{\"@id\":\"https:\\\/\\\/finelife.tv\\\/fr\\\/#website\"},\"primaryImageOfPage\":{\"@id\":\"https:\\\/\\\/finelife.tv\\\/fr\\\/2023\\\/08\\\/29\\\/expo-sur-lart-des-cheveux-et-des-poils-au-mad\\\/#primaryimage\"},\"image\":{\"@id\":\"https:\\\/\\\/finelife.tv\\\/fr\\\/2023\\\/08\\\/29\\\/expo-sur-lart-des-cheveux-et-des-poils-au-mad\\\/#primaryimage\"},\"thumbnailUrl\":\"https:\\\/\\\/finelife.tv\\\/fr\\\/wp-content\\\/uploads\\\/2023\\\/08\\\/img-src-22https-finelife.tvimage.jpg-alt-22Expo-sur-l-art-des-cheveux-et-des-poils-au-MAD22-768x1024.jpg\",\"datePublished\":\"2023-08-29T15:12:24+00:00\",\"dateModified\":\"2024-04-16T13:27:20+00:00\",\"author\":{\"@id\":\"https:\\\/\\\/finelife.tv\\\/fr\\\/#\\\/schema\\\/person\\\/e3d980b0c0b3dc5af01c3455893c8c52\"},\"description\":\"Expo sur l'art des cheveux et des poils au MAD .Une d\u00e9coiffante exploration de l'histoire de nos pilosit\u00e9s, reflet des normes et des transgressions\",\"breadcrumb\":{\"@id\":\"https:\\\/\\\/finelife.tv\\\/fr\\\/2023\\\/08\\\/29\\\/expo-sur-lart-des-cheveux-et-des-poils-au-mad\\\/#breadcrumb\"},\"inLanguage\":\"fr-FR\",\"potentialAction\":[{\"@type\":\"ReadAction\",\"target\":[\"https:\\\/\\\/finelife.tv\\\/fr\\\/2023\\\/08\\\/29\\\/expo-sur-lart-des-cheveux-et-des-poils-au-mad\\\/\"]}]},{\"@type\":\"ImageObject\",\"inLanguage\":\"fr-FR\",\"@id\":\"https:\\\/\\\/finelife.tv\\\/fr\\\/2023\\\/08\\\/29\\\/expo-sur-lart-des-cheveux-et-des-poils-au-mad\\\/#primaryimage\",\"url\":\"https:\\\/\\\/finelife.tv\\\/fr\\\/wp-content\\\/uploads\\\/2023\\\/08\\\/img-src-22https-finelife.tvimage.jpg-alt-22Expo-sur-l-art-des-cheveux-et-des-poils-au-MAD22-scaled.jpg\",\"contentUrl\":\"https:\\\/\\\/finelife.tv\\\/fr\\\/wp-content\\\/uploads\\\/2023\\\/08\\\/img-src-22https-finelife.tvimage.jpg-alt-22Expo-sur-l-art-des-cheveux-et-des-poils-au-MAD22-scaled.jpg\",\"width\":1920,\"height\":2560},{\"@type\":\"BreadcrumbList\",\"@id\":\"https:\\\/\\\/finelife.tv\\\/fr\\\/2023\\\/08\\\/29\\\/expo-sur-lart-des-cheveux-et-des-poils-au-mad\\\/#breadcrumb\",\"itemListElement\":[{\"@type\":\"ListItem\",\"position\":1,\"name\":\"Accueil\",\"item\":\"https:\\\/\\\/finelife.tv\\\/fr\\\/\"},{\"@type\":\"ListItem\",\"position\":2,\"name\":\"Expo sur l&#8217;art des cheveux et des poils au MAD\"}]},{\"@type\":\"WebSite\",\"@id\":\"https:\\\/\\\/finelife.tv\\\/fr\\\/#website\",\"url\":\"https:\\\/\\\/finelife.tv\\\/fr\\\/\",\"name\":\"FineLife.tv\",\"description\":\"Quand l&#039;Art de vivre croise l&#039;Art de penser\",\"potentialAction\":[{\"@type\":\"SearchAction\",\"target\":{\"@type\":\"EntryPoint\",\"urlTemplate\":\"https:\\\/\\\/finelife.tv\\\/fr\\\/?s={search_term_string}\"},\"query-input\":{\"@type\":\"PropertyValueSpecification\",\"valueRequired\":true,\"valueName\":\"search_term_string\"}}],\"inLanguage\":\"fr-FR\"},{\"@type\":\"Person\",\"@id\":\"https:\\\/\\\/finelife.tv\\\/fr\\\/#\\\/schema\\\/person\\\/e3d980b0c0b3dc5af01c3455893c8c52\",\"name\":\"Leonore\",\"image\":{\"@type\":\"ImageObject\",\"inLanguage\":\"fr-FR\",\"@id\":\"https:\\\/\\\/secure.gravatar.com\\\/avatar\\\/9a2e5073417479f910ffdeee54da5ccf4f91eab62746ce0ae0e81124a9491a79?s=96&d=mm&r=g\",\"url\":\"https:\\\/\\\/secure.gravatar.com\\\/avatar\\\/9a2e5073417479f910ffdeee54da5ccf4f91eab62746ce0ae0e81124a9491a79?s=96&d=mm&r=g\",\"contentUrl\":\"https:\\\/\\\/secure.gravatar.com\\\/avatar\\\/9a2e5073417479f910ffdeee54da5ccf4f91eab62746ce0ae0e81124a9491a79?s=96&d=mm&r=g\",\"caption\":\"Leonore\"}}]}<\/script>\n<!-- \/ Yoast SEO plugin. -->","yoast_head_json":{"title":"Expo sur l'art des cheveux et des poils au MAD - FineLife.tv","description":"Expo sur l'art des cheveux et des poils au MAD .Une d\u00e9coiffante exploration de l'histoire de nos pilosit\u00e9s, reflet des normes et des transgressions","robots":{"index":"index","follow":"follow","max-snippet":"max-snippet:-1","max-image-preview":"max-image-preview:large","max-video-preview":"max-video-preview:-1"},"canonical":"https:\/\/finelife.tv\/fr\/2023\/08\/29\/expo-sur-lart-des-cheveux-et-des-poils-au-mad\/","og_locale":"fr_FR","og_type":"article","og_title":"Expo sur l'art des cheveux et des poils au MAD - FineLife.tv","og_description":"Expo sur l'art des cheveux et des poils au MAD .Une d\u00e9coiffante exploration de l'histoire de nos pilosit\u00e9s, reflet des normes et des transgressions","og_url":"https:\/\/finelife.tv\/fr\/2023\/08\/29\/expo-sur-lart-des-cheveux-et-des-poils-au-mad\/","og_site_name":"FineLife.tv","article_published_time":"2023-08-29T15:12:24+00:00","article_modified_time":"2024-04-16T13:27:20+00:00","og_image":[{"url":"https:\/\/finelife.tv\/fr\/wp-content\/uploads\/2023\/08\/img-src-22https-finelife.tvimage.jpg-alt-22Expo-sur-l-art-des-cheveux-et-des-poils-au-MAD22-768x1024.jpg","type":"","width":"","height":""}],"author":"Leonore","twitter_card":"summary_large_image","twitter_creator":"@finelifetv","twitter_site":"@finelifetv","twitter_misc":{"\u00c9crit par":"Leonore","Dur\u00e9e de lecture estim\u00e9e":"9 minutes"},"schema":{"@context":"https:\/\/schema.org","@graph":[{"@type":"Article","@id":"https:\/\/finelife.tv\/fr\/2023\/08\/29\/expo-sur-lart-des-cheveux-et-des-poils-au-mad\/#article","isPartOf":{"@id":"https:\/\/finelife.tv\/fr\/2023\/08\/29\/expo-sur-lart-des-cheveux-et-des-poils-au-mad\/"},"author":{"name":"Leonore","@id":"https:\/\/finelife.tv\/fr\/#\/schema\/person\/e3d980b0c0b3dc5af01c3455893c8c52"},"headline":"Expo sur l&rsquo;art des cheveux et des poils au MAD","datePublished":"2023-08-29T15:12:24+00:00","dateModified":"2024-04-16T13:27:20+00:00","mainEntityOfPage":{"@id":"https:\/\/finelife.tv\/fr\/2023\/08\/29\/expo-sur-lart-des-cheveux-et-des-poils-au-mad\/"},"wordCount":1413,"commentCount":5,"image":{"@id":"https:\/\/finelife.tv\/fr\/2023\/08\/29\/expo-sur-lart-des-cheveux-et-des-poils-au-mad\/#primaryimage"},"thumbnailUrl":"https:\/\/finelife.tv\/fr\/wp-content\/uploads\/2023\/08\/img-src-22https-finelife.tvimage.jpg-alt-22Expo-sur-l-art-des-cheveux-et-des-poils-au-MAD22-768x1024.jpg","keywords":["coiffure","expo","exposition","exposition MAD","exposition paris","histoire de la coiffure","MAD","mode","mode et coiffure","musee des arts decoratifs","poils"],"articleSection":["Blog"],"inLanguage":"fr-FR","potentialAction":[{"@type":"CommentAction","name":"Comment","target":["https:\/\/finelife.tv\/fr\/2023\/08\/29\/expo-sur-lart-des-cheveux-et-des-poils-au-mad\/#respond"]}]},{"@type":"WebPage","@id":"https:\/\/finelife.tv\/fr\/2023\/08\/29\/expo-sur-lart-des-cheveux-et-des-poils-au-mad\/","url":"https:\/\/finelife.tv\/fr\/2023\/08\/29\/expo-sur-lart-des-cheveux-et-des-poils-au-mad\/","name":"Expo sur l'art des cheveux et des poils au MAD - FineLife.tv","isPartOf":{"@id":"https:\/\/finelife.tv\/fr\/#website"},"primaryImageOfPage":{"@id":"https:\/\/finelife.tv\/fr\/2023\/08\/29\/expo-sur-lart-des-cheveux-et-des-poils-au-mad\/#primaryimage"},"image":{"@id":"https:\/\/finelife.tv\/fr\/2023\/08\/29\/expo-sur-lart-des-cheveux-et-des-poils-au-mad\/#primaryimage"},"thumbnailUrl":"https:\/\/finelife.tv\/fr\/wp-content\/uploads\/2023\/08\/img-src-22https-finelife.tvimage.jpg-alt-22Expo-sur-l-art-des-cheveux-et-des-poils-au-MAD22-768x1024.jpg","datePublished":"2023-08-29T15:12:24+00:00","dateModified":"2024-04-16T13:27:20+00:00","author":{"@id":"https:\/\/finelife.tv\/fr\/#\/schema\/person\/e3d980b0c0b3dc5af01c3455893c8c52"},"description":"Expo sur l'art des cheveux et des poils au MAD .Une d\u00e9coiffante exploration de l'histoire de nos pilosit\u00e9s, reflet des normes et des transgressions","breadcrumb":{"@id":"https:\/\/finelife.tv\/fr\/2023\/08\/29\/expo-sur-lart-des-cheveux-et-des-poils-au-mad\/#breadcrumb"},"inLanguage":"fr-FR","potentialAction":[{"@type":"ReadAction","target":["https:\/\/finelife.tv\/fr\/2023\/08\/29\/expo-sur-lart-des-cheveux-et-des-poils-au-mad\/"]}]},{"@type":"ImageObject","inLanguage":"fr-FR","@id":"https:\/\/finelife.tv\/fr\/2023\/08\/29\/expo-sur-lart-des-cheveux-et-des-poils-au-mad\/#primaryimage","url":"https:\/\/finelife.tv\/fr\/wp-content\/uploads\/2023\/08\/img-src-22https-finelife.tvimage.jpg-alt-22Expo-sur-l-art-des-cheveux-et-des-poils-au-MAD22-scaled.jpg","contentUrl":"https:\/\/finelife.tv\/fr\/wp-content\/uploads\/2023\/08\/img-src-22https-finelife.tvimage.jpg-alt-22Expo-sur-l-art-des-cheveux-et-des-poils-au-MAD22-scaled.jpg","width":1920,"height":2560},{"@type":"BreadcrumbList","@id":"https:\/\/finelife.tv\/fr\/2023\/08\/29\/expo-sur-lart-des-cheveux-et-des-poils-au-mad\/#breadcrumb","itemListElement":[{"@type":"ListItem","position":1,"name":"Accueil","item":"https:\/\/finelife.tv\/fr\/"},{"@type":"ListItem","position":2,"name":"Expo sur l&#8217;art des cheveux et des poils au MAD"}]},{"@type":"WebSite","@id":"https:\/\/finelife.tv\/fr\/#website","url":"https:\/\/finelife.tv\/fr\/","name":"FineLife.tv","description":"Quand l&#039;Art de vivre croise l&#039;Art de penser","potentialAction":[{"@type":"SearchAction","target":{"@type":"EntryPoint","urlTemplate":"https:\/\/finelife.tv\/fr\/?s={search_term_string}"},"query-input":{"@type":"PropertyValueSpecification","valueRequired":true,"valueName":"search_term_string"}}],"inLanguage":"fr-FR"},{"@type":"Person","@id":"https:\/\/finelife.tv\/fr\/#\/schema\/person\/e3d980b0c0b3dc5af01c3455893c8c52","name":"Leonore","image":{"@type":"ImageObject","inLanguage":"fr-FR","@id":"https:\/\/secure.gravatar.com\/avatar\/9a2e5073417479f910ffdeee54da5ccf4f91eab62746ce0ae0e81124a9491a79?s=96&d=mm&r=g","url":"https:\/\/secure.gravatar.com\/avatar\/9a2e5073417479f910ffdeee54da5ccf4f91eab62746ce0ae0e81124a9491a79?s=96&d=mm&r=g","contentUrl":"https:\/\/secure.gravatar.com\/avatar\/9a2e5073417479f910ffdeee54da5ccf4f91eab62746ce0ae0e81124a9491a79?s=96&d=mm&r=g","caption":"Leonore"}}]}},"_links":{"self":[{"href":"https:\/\/finelife.tv\/fr\/wp-json\/wp\/v2\/posts\/14420","targetHints":{"allow":["GET"]}}],"collection":[{"href":"https:\/\/finelife.tv\/fr\/wp-json\/wp\/v2\/posts"}],"about":[{"href":"https:\/\/finelife.tv\/fr\/wp-json\/wp\/v2\/types\/post"}],"author":[{"embeddable":true,"href":"https:\/\/finelife.tv\/fr\/wp-json\/wp\/v2\/users\/1"}],"replies":[{"embeddable":true,"href":"https:\/\/finelife.tv\/fr\/wp-json\/wp\/v2\/comments?post=14420"}],"version-history":[{"count":38,"href":"https:\/\/finelife.tv\/fr\/wp-json\/wp\/v2\/posts\/14420\/revisions"}],"predecessor-version":[{"id":18447,"href":"https:\/\/finelife.tv\/fr\/wp-json\/wp\/v2\/posts\/14420\/revisions\/18447"}],"wp:attachment":[{"href":"https:\/\/finelife.tv\/fr\/wp-json\/wp\/v2\/media?parent=14420"}],"wp:term":[{"taxonomy":"category","embeddable":true,"href":"https:\/\/finelife.tv\/fr\/wp-json\/wp\/v2\/categories?post=14420"},{"taxonomy":"post_tag","embeddable":true,"href":"https:\/\/finelife.tv\/fr\/wp-json\/wp\/v2\/tags?post=14420"}],"curies":[{"name":"wp","href":"https:\/\/api.w.org\/{rel}","templated":true}]}}