{"id":14472,"date":"2023-08-30T19:29:00","date_gmt":"2023-08-30T17:29:00","guid":{"rendered":"https:\/\/finelife.tv\/fr\/?p=14472"},"modified":"2025-02-22T19:58:28","modified_gmt":"2025-02-22T18:58:28","slug":"songlines-odyssee-onirique-au-quai-branly","status":"publish","type":"post","link":"https:\/\/finelife.tv\/fr\/2023\/08\/30\/songlines-odyssee-onirique-au-quai-branly\/","title":{"rendered":"Songlines odyss\u00e9e onirique au Quai Branly"},"content":{"rendered":"<div class=\"wp-block-image\">\n<figure class=\"aligncenter size-large\"><img loading=\"lazy\" decoding=\"async\" width=\"1024\" height=\"768\" src=\"https:\/\/finelife.tv\/fr\/wp-content\/uploads\/2023\/08\/img-src-22https-finelife.tvimage.jpg-alt-22Songlines-odyssee-onirique-au-Quai-Branly22-1024x768.jpg\" alt=\"\" class=\"wp-image-14490\" srcset=\"https:\/\/finelife.tv\/fr\/wp-content\/uploads\/2023\/08\/img-src-22https-finelife.tvimage.jpg-alt-22Songlines-odyssee-onirique-au-Quai-Branly22-1024x768.jpg 1024w, https:\/\/finelife.tv\/fr\/wp-content\/uploads\/2023\/08\/img-src-22https-finelife.tvimage.jpg-alt-22Songlines-odyssee-onirique-au-Quai-Branly22-300x225.jpg 300w, https:\/\/finelife.tv\/fr\/wp-content\/uploads\/2023\/08\/img-src-22https-finelife.tvimage.jpg-alt-22Songlines-odyssee-onirique-au-Quai-Branly22-768x576.jpg 768w, https:\/\/finelife.tv\/fr\/wp-content\/uploads\/2023\/08\/img-src-22https-finelife.tvimage.jpg-alt-22Songlines-odyssee-onirique-au-Quai-Branly22-1536x1152.jpg 1536w, https:\/\/finelife.tv\/fr\/wp-content\/uploads\/2023\/08\/img-src-22https-finelife.tvimage.jpg-alt-22Songlines-odyssee-onirique-au-Quai-Branly22-2048x1536.jpg 2048w\" sizes=\"auto, (max-width: 1024px) 100vw, 1024px\" \/><\/figure>\n<\/div>\n\n\n<p><strong>Songlines odyss\u00e9e onirique au Quai Branly . Une exposition fascinante, immersive et po\u00e9tique au c\u0153ur de la mythologie aborig\u00e8ne. Un r\u00eave-voyage men\u00e9 par sept s\u0153urs qui traversent les paysages australiens et s&rsquo;ach\u00e8ve dans la voie lact\u00e9e.<\/strong><\/p>\n\n\n\n<p>Elles nous accueillent d\u00e8s l&rsquo;entr\u00e9e. Elles (et ils) ont mis en sc\u00e8ne les Sept S\u0153urs, \u00e0 la fois r\u00e9cit populaire et exploration. Tout au long du parcours les d\u00e9tenteurs-trices de ce savoir ancestral nous guident \u00e0 travers un dispositif mutim\u00e9dia qui les pr\u00e9sente en taille r\u00e9elle ou presque. Pr\u00e9sence qui incarne une volont\u00e9. Celle de t\u00e9moigner et de d\u00e9fendre un patrimoine culturel fragile face \u00e0 l&rsquo;oubli.<\/p>\n\n\n\n<h2 class=\"wp-block-heading\">R\u00e9cit fondateur et chant po\u00e9tique<\/h2>\n\n\n\n<p>Les Sept S\u0153urs est l&rsquo;un des r\u00e9cits fondateurs les plus importants de la mythologie aborig\u00e8ne. <\/p>\n\n\n<div class=\"wp-block-image\">\n<figure class=\"aligncenter size-large\"><img loading=\"lazy\" decoding=\"async\" width=\"1024\" height=\"768\" src=\"https:\/\/finelife.tv\/fr\/wp-content\/uploads\/2023\/08\/img-src-22https-finelife.tvimage.jpg-alt-22Songlines-odyssee-onirique-au-Quai-Branly-installation-une-soeur-et-le-sorcier22-1024x768.jpg\" alt=\"\" class=\"wp-image-14495\" srcset=\"https:\/\/finelife.tv\/fr\/wp-content\/uploads\/2023\/08\/img-src-22https-finelife.tvimage.jpg-alt-22Songlines-odyssee-onirique-au-Quai-Branly-installation-une-soeur-et-le-sorcier22-1024x768.jpg 1024w, https:\/\/finelife.tv\/fr\/wp-content\/uploads\/2023\/08\/img-src-22https-finelife.tvimage.jpg-alt-22Songlines-odyssee-onirique-au-Quai-Branly-installation-une-soeur-et-le-sorcier22-300x225.jpg 300w, https:\/\/finelife.tv\/fr\/wp-content\/uploads\/2023\/08\/img-src-22https-finelife.tvimage.jpg-alt-22Songlines-odyssee-onirique-au-Quai-Branly-installation-une-soeur-et-le-sorcier22-768x576.jpg 768w, https:\/\/finelife.tv\/fr\/wp-content\/uploads\/2023\/08\/img-src-22https-finelife.tvimage.jpg-alt-22Songlines-odyssee-onirique-au-Quai-Branly-installation-une-soeur-et-le-sorcier22-1536x1152.jpg 1536w, https:\/\/finelife.tv\/fr\/wp-content\/uploads\/2023\/08\/img-src-22https-finelife.tvimage.jpg-alt-22Songlines-odyssee-onirique-au-Quai-Branly-installation-une-soeur-et-le-sorcier22-2048x1536.jpg 2048w\" sizes=\"auto, (max-width: 1024px) 100vw, 1024px\" \/><figcaption class=\"wp-element-caption\">Le sorcier pr\u00eat \u00e0 capturer l&rsquo;une des Sept S\u0153urs<\/figcaption><\/figure>\n<\/div>\n\n\n<p>Dans cette odyss\u00e9e, les h\u00e9ro\u00efnes sont poursuivies par un sorcier particuli\u00e8rement retors ayant la capacit\u00e9 de se m\u00e9tamorphoser \u00e0 tout moment. Au fil de cette course poursuite, les protagonistes parcourent plusieurs r\u00e9gions du centre et de l\u2019ouest du pays, passant par trois \u00c9tats ainsi que par trois d\u00e9serts.<\/p>\n\n\n\n<p>Leur p\u00e9riple, sans cesse r\u00e9it\u00e9r\u00e9, marque les territoires. Car l&rsquo;histoire s&rsquo;inscrit dans le Chant des Pistes -songlines- ou le Temps du R\u00eave. C&rsquo;est-\u00e0-dire la mythologie aborig\u00e8ne \u00e0 la fois cartographie et r\u00e9cit des origines. Ainsi les Sept S\u0153urs cartographient un territoire en le d\u00e9crivant \u00e0 travers leurs aventures. Ici, elles s&rsquo;\u00e9chappent en trouvant un passage \u00e0 travers un cours d&rsquo;eau. L\u00e0, elles d\u00e9jouent les ruses en se cachant dans un paysage. Enfin elle se lib\u00e8rent d\u00e9finitivement en devenant des \u00e9toiles. Et les voil\u00e0 Pl\u00e9iades et \u00e9toiles d&rsquo;Orion. Chaque endroit nomm\u00e9 sert de rep\u00e8re. <strong>Le r\u00e9cit op\u00e8re comme un GPS.<\/strong><br><\/p>\n\n\n\n<h2 class=\"wp-block-heading\">\u0152uvres et installations entre magie et onirisme<\/h2>\n\n\n<div class=\"wp-block-image\">\n<figure class=\"aligncenter size-large\"><img loading=\"lazy\" decoding=\"async\" width=\"1004\" height=\"1024\" src=\"https:\/\/finelife.tv\/fr\/wp-content\/uploads\/2023\/08\/img-src-22https-finelife.tvimage.jpg-alt-22Songlines-odyssee-onirique-au-Quai-Branly-mains-de-femmes-aborigenes-peignant22-1004x1024.jpg\" alt=\"\" class=\"wp-image-14492\" srcset=\"https:\/\/finelife.tv\/fr\/wp-content\/uploads\/2023\/08\/img-src-22https-finelife.tvimage.jpg-alt-22Songlines-odyssee-onirique-au-Quai-Branly-mains-de-femmes-aborigenes-peignant22-1004x1024.jpg 1004w, https:\/\/finelife.tv\/fr\/wp-content\/uploads\/2023\/08\/img-src-22https-finelife.tvimage.jpg-alt-22Songlines-odyssee-onirique-au-Quai-Branly-mains-de-femmes-aborigenes-peignant22-294x300.jpg 294w, https:\/\/finelife.tv\/fr\/wp-content\/uploads\/2023\/08\/img-src-22https-finelife.tvimage.jpg-alt-22Songlines-odyssee-onirique-au-Quai-Branly-mains-de-femmes-aborigenes-peignant22-768x783.jpg 768w, https:\/\/finelife.tv\/fr\/wp-content\/uploads\/2023\/08\/img-src-22https-finelife.tvimage.jpg-alt-22Songlines-odyssee-onirique-au-Quai-Branly-mains-de-femmes-aborigenes-peignant22-1506x1536.jpg 1506w, https:\/\/finelife.tv\/fr\/wp-content\/uploads\/2023\/08\/img-src-22https-finelife.tvimage.jpg-alt-22Songlines-odyssee-onirique-au-Quai-Branly-mains-de-femmes-aborigenes-peignant22-2008x2048.jpg 2008w\" sizes=\"auto, (max-width: 1004px) 100vw, 1004px\" \/><\/figure>\n<\/div>\n\n\n<p>L&rsquo;exposition comprend vingt installations multim\u00e9dia et plus de deux cents peintures, photographies et objets d&rsquo;art.<br><\/p>\n\n\n\n<p>Elle s&rsquo;articule autour du DomeLab, un dispositif immersif de 7 m\u00e8tres de hauteur et six m\u00e8tres de diam\u00e8tre sous lequel on d\u00e9couvre les \u0153uvres d\u2019art rupestre du site de Walinynga (Cave Hill) repr\u00e9sentent les Sept S\u0153urs et une animation de ce r\u00e9cit \u00e0 partir d\u2019\u0153uvres cl\u00e9s pr\u00e9sent\u00e9es dans l&rsquo;exposition.<br><\/p>\n\n\n\n<p>Ce petit moment de pur onirisme est ind\u00e9niablement l&rsquo;acm\u00e9 de ce parcours qui fourmille de po\u00e9sie et de cr\u00e9ation. Une parenth\u00e8se de magie. <\/p>\n\n\n\n<p>Mais l&rsquo;exposition \u00e9tonne surtout par les \u00e9tranges poup\u00e9es repr\u00e9sentant les s\u0153urs et le magicien libidineux. <\/p>\n\n\n<div class=\"wp-block-image\">\n<figure class=\"aligncenter size-large\"><img loading=\"lazy\" decoding=\"async\" width=\"1024\" height=\"768\" src=\"https:\/\/finelife.tv\/fr\/wp-content\/uploads\/2023\/08\/img-src-22https-finelife.tvimage.jpg-alt-22Songlines-odyssee-onirique-au-Quai-Branly-tableaux-aborigenes22-1024x768.jpg\" alt=\"\" class=\"wp-image-14491\" srcset=\"https:\/\/finelife.tv\/fr\/wp-content\/uploads\/2023\/08\/img-src-22https-finelife.tvimage.jpg-alt-22Songlines-odyssee-onirique-au-Quai-Branly-tableaux-aborigenes22-1024x768.jpg 1024w, https:\/\/finelife.tv\/fr\/wp-content\/uploads\/2023\/08\/img-src-22https-finelife.tvimage.jpg-alt-22Songlines-odyssee-onirique-au-Quai-Branly-tableaux-aborigenes22-300x225.jpg 300w, https:\/\/finelife.tv\/fr\/wp-content\/uploads\/2023\/08\/img-src-22https-finelife.tvimage.jpg-alt-22Songlines-odyssee-onirique-au-Quai-Branly-tableaux-aborigenes22-768x576.jpg 768w, https:\/\/finelife.tv\/fr\/wp-content\/uploads\/2023\/08\/img-src-22https-finelife.tvimage.jpg-alt-22Songlines-odyssee-onirique-au-Quai-Branly-tableaux-aborigenes22-1536x1152.jpg 1536w, https:\/\/finelife.tv\/fr\/wp-content\/uploads\/2023\/08\/img-src-22https-finelife.tvimage.jpg-alt-22Songlines-odyssee-onirique-au-Quai-Branly-tableaux-aborigenes22-2048x1536.jpg 2048w\" sizes=\"auto, (max-width: 1024px) 100vw, 1024px\" \/><figcaption class=\"wp-element-caption\">Peintures Anangas<\/figcaption><\/figure>\n<\/div>\n\n<div class=\"wp-block-image\">\n<figure class=\"aligncenter size-large\"><img loading=\"lazy\" decoding=\"async\" width=\"768\" height=\"1024\" src=\"https:\/\/finelife.tv\/fr\/wp-content\/uploads\/2023\/08\/img-src-22https-finelife.tvimage.jpg-alt-22Songlines-odyssee-onirique-au-Quai-Branly-detail-tableau-aborigene22-768x1024.jpg\" alt=\"\" class=\"wp-image-14493\" srcset=\"https:\/\/finelife.tv\/fr\/wp-content\/uploads\/2023\/08\/img-src-22https-finelife.tvimage.jpg-alt-22Songlines-odyssee-onirique-au-Quai-Branly-detail-tableau-aborigene22-768x1024.jpg 768w, https:\/\/finelife.tv\/fr\/wp-content\/uploads\/2023\/08\/img-src-22https-finelife.tvimage.jpg-alt-22Songlines-odyssee-onirique-au-Quai-Branly-detail-tableau-aborigene22-225x300.jpg 225w, https:\/\/finelife.tv\/fr\/wp-content\/uploads\/2023\/08\/img-src-22https-finelife.tvimage.jpg-alt-22Songlines-odyssee-onirique-au-Quai-Branly-detail-tableau-aborigene22-1152x1536.jpg 1152w, https:\/\/finelife.tv\/fr\/wp-content\/uploads\/2023\/08\/img-src-22https-finelife.tvimage.jpg-alt-22Songlines-odyssee-onirique-au-Quai-Branly-detail-tableau-aborigene22-1536x2048.jpg 1536w, https:\/\/finelife.tv\/fr\/wp-content\/uploads\/2023\/08\/img-src-22https-finelife.tvimage.jpg-alt-22Songlines-odyssee-onirique-au-Quai-Branly-detail-tableau-aborigene22-scaled.jpg 1920w\" sizes=\"auto, (max-width: 768px) 100vw, 768px\" \/><figcaption class=\"wp-element-caption\">D\u00e9tail peinture ananga<\/figcaption><\/figure>\n<\/div>\n\n\n<p>Elle permet par ailleurs de d\u00e9couvrir les toiles du groupe d&rsquo;a\u00een\u00e9s ananga issus des terres APY (Anangu Pitjantjatjara Yankunytjatjara) dans le centre de l\u2019Australie. Des vid\u00e9os les montrent aussi bien au milieu des couleurs des toiles que parmi celles des paysages australiens. Les unes r\u00e9pondant \u00e9videmment aux autres. <\/p>\n\n\n\n<h2 class=\"wp-block-heading\">Pr\u00e9server la m\u00e9moire par l&rsquo;art<\/h2>\n\n\n<div class=\"wp-block-image\">\n<figure class=\"aligncenter size-large\"><img loading=\"lazy\" decoding=\"async\" width=\"768\" height=\"1024\" src=\"https:\/\/finelife.tv\/fr\/wp-content\/uploads\/2023\/08\/img-src-22https-finelife.tvimage.jpg-alt-22Songlines-odyssee-onirique-au-Quai-Branly-aine22-768x1024.jpg\" alt=\"\" class=\"wp-image-14494\" srcset=\"https:\/\/finelife.tv\/fr\/wp-content\/uploads\/2023\/08\/img-src-22https-finelife.tvimage.jpg-alt-22Songlines-odyssee-onirique-au-Quai-Branly-aine22-768x1024.jpg 768w, https:\/\/finelife.tv\/fr\/wp-content\/uploads\/2023\/08\/img-src-22https-finelife.tvimage.jpg-alt-22Songlines-odyssee-onirique-au-Quai-Branly-aine22-225x300.jpg 225w, https:\/\/finelife.tv\/fr\/wp-content\/uploads\/2023\/08\/img-src-22https-finelife.tvimage.jpg-alt-22Songlines-odyssee-onirique-au-Quai-Branly-aine22-1152x1536.jpg 1152w, https:\/\/finelife.tv\/fr\/wp-content\/uploads\/2023\/08\/img-src-22https-finelife.tvimage.jpg-alt-22Songlines-odyssee-onirique-au-Quai-Branly-aine22-1536x2048.jpg 1536w, https:\/\/finelife.tv\/fr\/wp-content\/uploads\/2023\/08\/img-src-22https-finelife.tvimage.jpg-alt-22Songlines-odyssee-onirique-au-Quai-Branly-aine22-scaled.jpg 1920w\" sizes=\"auto, (max-width: 768px) 100vw, 768px\" \/><figcaption class=\"wp-element-caption\">A\u00een\u00e9 Ananga<\/figcaption><\/figure>\n<\/div>\n\n\n<p>L&rsquo;exposition est la facette d&rsquo;un projet plus vaste. Nom : Alive with the Dreaming! Songlines of the Western Desert (Vivre avec le R\u00eave, les songlines du D\u00e9sert Occidental). \u00c0 l&rsquo;origine la d\u00e9termination des ain\u00e9s ananga plus tard relay\u00e9e par le National Museum of Australia et soutenue par the Australian National University. R\u00e9sultat : une collecte de donn\u00e9es int\u00e9gr\u00e9es aux archives num\u00e9riques de la base Ara Irititja g\u00e9r\u00e9es par membres des communaut\u00e9s autochtones, \u00e0 Alice Springs.<br><\/p>\n\n\n\n<p>Finalement une victoire contre l&rsquo;oubli.<\/p>\n\n\n\n<p class=\"has-text-align-center has-background\" style=\"background:radial-gradient(rgb(252,185,0) 0%,rgb(231,77,77) 69%,rgb(255,105,0) 100%)\"><strong>INFOS<\/strong><\/p>\n\n\n\n<p><strong>Songlines Chant des pistes du d\u00e9sert australien<\/strong><\/p>\n\n\n\n<p>Mus\u00e9e du Quai Branly <a href=\"https:\/\/www.quaibranly.fr\/\">https:\/\/www.quaibranly.fr\/<\/a><\/p>\n\n\n\n<p>Related article Songlines odyss\u00e9e onirique au Quai Branly<\/p>\n\n\n\n<p><strong>Au-del\u00e0 du r\u00eave : expo aborig\u00e8nes au Havre<\/strong> <a href=\"https:\/\/finelife.tv\/fr\/2021\/11\/08\/au-dela-du-reve-expo-aborigenes-au-havre\/\">https:\/\/finelife.tv\/fr\/2021\/11\/08\/au-dela-du-reve-expo-aborigenes-au-havre\/<\/a><\/p>\n\n\n\n<p><strong>Le Parcours des Mondes : les arts premiers en plein air<\/strong> <a href=\"https:\/\/finelife.tv\/fr\/2023\/09\/06\/le-parcours-des-mondes-les-arts-premiers-en-plen-air\/\">https:\/\/finelife.tv\/fr\/2023\/09\/06\/le-parcours-des-mondes-les-arts-premiers-en-ple<\/a><\/p>\n","protected":false},"excerpt":{"rendered":"<p>Songlines odyss\u00e9e onirique au Quai Branly .Une exposition fascinante, immersive et po\u00e9tique au c\u0153ur de la mythologie des Aborig\u00e8nes d&rsquo;Australie \u00e0 travers l&rsquo;histoire des Sept S\u0153urs<\/p>\n","protected":false},"author":1,"featured_media":0,"comment_status":"open","ping_status":"open","sticky":false,"template":"","format":"standard","meta":{"footnotes":""},"categories":[4],"tags":[22,4177,4181,68,4176,4104,454,4179,4180,4178,4182],"class_list":["post-14472","post","type-post","status-publish","format-standard","hentry","category-blog","tag-art","tag-art-aborigene-2","tag-chant-des-pistes","tag-exposition","tag-exposition-art-aborigene","tag-musee-2","tag-musee-paris","tag-musee-quoi-branly","tag-mythologie-aborigene","tag-quai-branly","tag-songlines"],"yoast_head":"<!-- This site is optimized with the Yoast SEO plugin v27.5 - https:\/\/yoast.com\/product\/yoast-seo-wordpress\/ -->\n<title>Songlines odyss\u00e9e onirique au Quai Branly - FineLife.tv<\/title>\n<meta name=\"description\" content=\"Songlines odyss\u00e9e onirique au Quai Branly .Une exposition fascinante, immersive et po\u00e9tique au c\u0153ur de la mythologie des Aborig\u00e8nes d&#039;Australie \u00e0 travers l&#039;histoire des Sept S\u0153urs\" \/>\n<meta name=\"robots\" content=\"index, follow, max-snippet:-1, max-image-preview:large, max-video-preview:-1\" \/>\n<link rel=\"canonical\" href=\"https:\/\/finelife.tv\/fr\/2023\/08\/30\/songlines-odyssee-onirique-au-quai-branly\/\" \/>\n<meta property=\"og:locale\" content=\"fr_FR\" \/>\n<meta property=\"og:type\" content=\"article\" \/>\n<meta property=\"og:title\" content=\"Songlines odyss\u00e9e onirique au Quai Branly - FineLife.tv\" \/>\n<meta property=\"og:description\" content=\"Songlines odyss\u00e9e onirique au Quai Branly .Une exposition fascinante, immersive et po\u00e9tique au c\u0153ur de la mythologie des Aborig\u00e8nes d&#039;Australie \u00e0 travers l&#039;histoire des Sept S\u0153urs\" \/>\n<meta property=\"og:url\" content=\"https:\/\/finelife.tv\/fr\/2023\/08\/30\/songlines-odyssee-onirique-au-quai-branly\/\" \/>\n<meta property=\"og:site_name\" content=\"FineLife.tv\" \/>\n<meta property=\"article:published_time\" content=\"2023-08-30T17:29:00+00:00\" \/>\n<meta property=\"article:modified_time\" content=\"2025-02-22T18:58:28+00:00\" \/>\n<meta property=\"og:image\" content=\"https:\/\/finelife.tv\/fr\/wp-content\/uploads\/2023\/08\/img-src-22https-finelife.tvimage.jpg-alt-22Songlines-odyssee-onirique-au-Quai-Branly22-scaled.jpg\" \/>\n\t<meta property=\"og:image:width\" content=\"2560\" \/>\n\t<meta property=\"og:image:height\" content=\"1920\" \/>\n\t<meta property=\"og:image:type\" content=\"image\/jpeg\" \/>\n<meta name=\"author\" content=\"Leonore\" \/>\n<meta name=\"twitter:card\" content=\"summary_large_image\" \/>\n<meta name=\"twitter:creator\" content=\"@finelifetv\" \/>\n<meta name=\"twitter:site\" content=\"@finelifetv\" \/>\n<meta name=\"twitter:label1\" content=\"\u00c9crit par\" \/>\n\t<meta name=\"twitter:data1\" content=\"Leonore\" \/>\n\t<meta name=\"twitter:label2\" content=\"Dur\u00e9e de lecture estim\u00e9e\" \/>\n\t<meta name=\"twitter:data2\" content=\"5 minutes\" \/>\n<script type=\"application\/ld+json\" class=\"yoast-schema-graph\">{\"@context\":\"https:\\\/\\\/schema.org\",\"@graph\":[{\"@type\":\"Article\",\"@id\":\"https:\\\/\\\/finelife.tv\\\/fr\\\/2023\\\/08\\\/30\\\/songlines-odyssee-onirique-au-quai-branly\\\/#article\",\"isPartOf\":{\"@id\":\"https:\\\/\\\/finelife.tv\\\/fr\\\/2023\\\/08\\\/30\\\/songlines-odyssee-onirique-au-quai-branly\\\/\"},\"author\":{\"name\":\"Leonore\",\"@id\":\"https:\\\/\\\/finelife.tv\\\/fr\\\/#\\\/schema\\\/person\\\/e3d980b0c0b3dc5af01c3455893c8c52\"},\"headline\":\"Songlines odyss\u00e9e onirique au Quai Branly\",\"datePublished\":\"2023-08-30T17:29:00+00:00\",\"dateModified\":\"2025-02-22T18:58:28+00:00\",\"mainEntityOfPage\":{\"@id\":\"https:\\\/\\\/finelife.tv\\\/fr\\\/2023\\\/08\\\/30\\\/songlines-odyssee-onirique-au-quai-branly\\\/\"},\"wordCount\":692,\"commentCount\":2,\"image\":{\"@id\":\"https:\\\/\\\/finelife.tv\\\/fr\\\/2023\\\/08\\\/30\\\/songlines-odyssee-onirique-au-quai-branly\\\/#primaryimage\"},\"thumbnailUrl\":\"https:\\\/\\\/finelife.tv\\\/fr\\\/wp-content\\\/uploads\\\/2023\\\/08\\\/img-src-22https-finelife.tvimage.jpg-alt-22Songlines-odyssee-onirique-au-Quai-Branly22-1024x768.jpg\",\"keywords\":[\"art\",\"art aborigene\",\"chant des pistes\",\"exposition\",\"exposition art aborig\u00e8ne\",\"musee\",\"musee paris\",\"musee quoi branly\",\"mythologie aborig\u00e8ne\",\"quai branly\",\"songlines\"],\"articleSection\":[\"Blog\"],\"inLanguage\":\"fr-FR\",\"potentialAction\":[{\"@type\":\"CommentAction\",\"name\":\"Comment\",\"target\":[\"https:\\\/\\\/finelife.tv\\\/fr\\\/2023\\\/08\\\/30\\\/songlines-odyssee-onirique-au-quai-branly\\\/#respond\"]}]},{\"@type\":\"WebPage\",\"@id\":\"https:\\\/\\\/finelife.tv\\\/fr\\\/2023\\\/08\\\/30\\\/songlines-odyssee-onirique-au-quai-branly\\\/\",\"url\":\"https:\\\/\\\/finelife.tv\\\/fr\\\/2023\\\/08\\\/30\\\/songlines-odyssee-onirique-au-quai-branly\\\/\",\"name\":\"Songlines odyss\u00e9e onirique au Quai Branly - FineLife.tv\",\"isPartOf\":{\"@id\":\"https:\\\/\\\/finelife.tv\\\/fr\\\/#website\"},\"primaryImageOfPage\":{\"@id\":\"https:\\\/\\\/finelife.tv\\\/fr\\\/2023\\\/08\\\/30\\\/songlines-odyssee-onirique-au-quai-branly\\\/#primaryimage\"},\"image\":{\"@id\":\"https:\\\/\\\/finelife.tv\\\/fr\\\/2023\\\/08\\\/30\\\/songlines-odyssee-onirique-au-quai-branly\\\/#primaryimage\"},\"thumbnailUrl\":\"https:\\\/\\\/finelife.tv\\\/fr\\\/wp-content\\\/uploads\\\/2023\\\/08\\\/img-src-22https-finelife.tvimage.jpg-alt-22Songlines-odyssee-onirique-au-Quai-Branly22-1024x768.jpg\",\"datePublished\":\"2023-08-30T17:29:00+00:00\",\"dateModified\":\"2025-02-22T18:58:28+00:00\",\"author\":{\"@id\":\"https:\\\/\\\/finelife.tv\\\/fr\\\/#\\\/schema\\\/person\\\/e3d980b0c0b3dc5af01c3455893c8c52\"},\"description\":\"Songlines odyss\u00e9e onirique au Quai Branly .Une exposition fascinante, immersive et po\u00e9tique au c\u0153ur de la mythologie des Aborig\u00e8nes d'Australie \u00e0 travers l'histoire des Sept S\u0153urs\",\"breadcrumb\":{\"@id\":\"https:\\\/\\\/finelife.tv\\\/fr\\\/2023\\\/08\\\/30\\\/songlines-odyssee-onirique-au-quai-branly\\\/#breadcrumb\"},\"inLanguage\":\"fr-FR\",\"potentialAction\":[{\"@type\":\"ReadAction\",\"target\":[\"https:\\\/\\\/finelife.tv\\\/fr\\\/2023\\\/08\\\/30\\\/songlines-odyssee-onirique-au-quai-branly\\\/\"]}]},{\"@type\":\"ImageObject\",\"inLanguage\":\"fr-FR\",\"@id\":\"https:\\\/\\\/finelife.tv\\\/fr\\\/2023\\\/08\\\/30\\\/songlines-odyssee-onirique-au-quai-branly\\\/#primaryimage\",\"url\":\"https:\\\/\\\/finelife.tv\\\/fr\\\/wp-content\\\/uploads\\\/2023\\\/08\\\/img-src-22https-finelife.tvimage.jpg-alt-22Songlines-odyssee-onirique-au-Quai-Branly22-scaled.jpg\",\"contentUrl\":\"https:\\\/\\\/finelife.tv\\\/fr\\\/wp-content\\\/uploads\\\/2023\\\/08\\\/img-src-22https-finelife.tvimage.jpg-alt-22Songlines-odyssee-onirique-au-Quai-Branly22-scaled.jpg\",\"width\":2560,\"height\":1920},{\"@type\":\"BreadcrumbList\",\"@id\":\"https:\\\/\\\/finelife.tv\\\/fr\\\/2023\\\/08\\\/30\\\/songlines-odyssee-onirique-au-quai-branly\\\/#breadcrumb\",\"itemListElement\":[{\"@type\":\"ListItem\",\"position\":1,\"name\":\"Accueil\",\"item\":\"https:\\\/\\\/finelife.tv\\\/fr\\\/\"},{\"@type\":\"ListItem\",\"position\":2,\"name\":\"Songlines odyss\u00e9e onirique au Quai Branly\"}]},{\"@type\":\"WebSite\",\"@id\":\"https:\\\/\\\/finelife.tv\\\/fr\\\/#website\",\"url\":\"https:\\\/\\\/finelife.tv\\\/fr\\\/\",\"name\":\"FineLife.tv\",\"description\":\"Quand l&#039;Art de vivre croise l&#039;Art de penser\",\"potentialAction\":[{\"@type\":\"SearchAction\",\"target\":{\"@type\":\"EntryPoint\",\"urlTemplate\":\"https:\\\/\\\/finelife.tv\\\/fr\\\/?s={search_term_string}\"},\"query-input\":{\"@type\":\"PropertyValueSpecification\",\"valueRequired\":true,\"valueName\":\"search_term_string\"}}],\"inLanguage\":\"fr-FR\"},{\"@type\":\"Person\",\"@id\":\"https:\\\/\\\/finelife.tv\\\/fr\\\/#\\\/schema\\\/person\\\/e3d980b0c0b3dc5af01c3455893c8c52\",\"name\":\"Leonore\",\"image\":{\"@type\":\"ImageObject\",\"inLanguage\":\"fr-FR\",\"@id\":\"https:\\\/\\\/secure.gravatar.com\\\/avatar\\\/9a2e5073417479f910ffdeee54da5ccf4f91eab62746ce0ae0e81124a9491a79?s=96&d=mm&r=g\",\"url\":\"https:\\\/\\\/secure.gravatar.com\\\/avatar\\\/9a2e5073417479f910ffdeee54da5ccf4f91eab62746ce0ae0e81124a9491a79?s=96&d=mm&r=g\",\"contentUrl\":\"https:\\\/\\\/secure.gravatar.com\\\/avatar\\\/9a2e5073417479f910ffdeee54da5ccf4f91eab62746ce0ae0e81124a9491a79?s=96&d=mm&r=g\",\"caption\":\"Leonore\"}}]}<\/script>\n<!-- \/ Yoast SEO plugin. -->","yoast_head_json":{"title":"Songlines odyss\u00e9e onirique au Quai Branly - FineLife.tv","description":"Songlines odyss\u00e9e onirique au Quai Branly .Une exposition fascinante, immersive et po\u00e9tique au c\u0153ur de la mythologie des Aborig\u00e8nes d'Australie \u00e0 travers l'histoire des Sept S\u0153urs","robots":{"index":"index","follow":"follow","max-snippet":"max-snippet:-1","max-image-preview":"max-image-preview:large","max-video-preview":"max-video-preview:-1"},"canonical":"https:\/\/finelife.tv\/fr\/2023\/08\/30\/songlines-odyssee-onirique-au-quai-branly\/","og_locale":"fr_FR","og_type":"article","og_title":"Songlines odyss\u00e9e onirique au Quai Branly - FineLife.tv","og_description":"Songlines odyss\u00e9e onirique au Quai Branly .Une exposition fascinante, immersive et po\u00e9tique au c\u0153ur de la mythologie des Aborig\u00e8nes d'Australie \u00e0 travers l'histoire des Sept S\u0153urs","og_url":"https:\/\/finelife.tv\/fr\/2023\/08\/30\/songlines-odyssee-onirique-au-quai-branly\/","og_site_name":"FineLife.tv","article_published_time":"2023-08-30T17:29:00+00:00","article_modified_time":"2025-02-22T18:58:28+00:00","og_image":[{"width":2560,"height":1920,"url":"https:\/\/finelife.tv\/fr\/wp-content\/uploads\/2023\/08\/img-src-22https-finelife.tvimage.jpg-alt-22Songlines-odyssee-onirique-au-Quai-Branly22-scaled.jpg","type":"image\/jpeg"}],"author":"Leonore","twitter_card":"summary_large_image","twitter_creator":"@finelifetv","twitter_site":"@finelifetv","twitter_misc":{"\u00c9crit par":"Leonore","Dur\u00e9e de lecture estim\u00e9e":"5 minutes"},"schema":{"@context":"https:\/\/schema.org","@graph":[{"@type":"Article","@id":"https:\/\/finelife.tv\/fr\/2023\/08\/30\/songlines-odyssee-onirique-au-quai-branly\/#article","isPartOf":{"@id":"https:\/\/finelife.tv\/fr\/2023\/08\/30\/songlines-odyssee-onirique-au-quai-branly\/"},"author":{"name":"Leonore","@id":"https:\/\/finelife.tv\/fr\/#\/schema\/person\/e3d980b0c0b3dc5af01c3455893c8c52"},"headline":"Songlines odyss\u00e9e onirique au Quai Branly","datePublished":"2023-08-30T17:29:00+00:00","dateModified":"2025-02-22T18:58:28+00:00","mainEntityOfPage":{"@id":"https:\/\/finelife.tv\/fr\/2023\/08\/30\/songlines-odyssee-onirique-au-quai-branly\/"},"wordCount":692,"commentCount":2,"image":{"@id":"https:\/\/finelife.tv\/fr\/2023\/08\/30\/songlines-odyssee-onirique-au-quai-branly\/#primaryimage"},"thumbnailUrl":"https:\/\/finelife.tv\/fr\/wp-content\/uploads\/2023\/08\/img-src-22https-finelife.tvimage.jpg-alt-22Songlines-odyssee-onirique-au-Quai-Branly22-1024x768.jpg","keywords":["art","art aborigene","chant des pistes","exposition","exposition art aborig\u00e8ne","musee","musee paris","musee quoi branly","mythologie aborig\u00e8ne","quai branly","songlines"],"articleSection":["Blog"],"inLanguage":"fr-FR","potentialAction":[{"@type":"CommentAction","name":"Comment","target":["https:\/\/finelife.tv\/fr\/2023\/08\/30\/songlines-odyssee-onirique-au-quai-branly\/#respond"]}]},{"@type":"WebPage","@id":"https:\/\/finelife.tv\/fr\/2023\/08\/30\/songlines-odyssee-onirique-au-quai-branly\/","url":"https:\/\/finelife.tv\/fr\/2023\/08\/30\/songlines-odyssee-onirique-au-quai-branly\/","name":"Songlines odyss\u00e9e onirique au Quai Branly - FineLife.tv","isPartOf":{"@id":"https:\/\/finelife.tv\/fr\/#website"},"primaryImageOfPage":{"@id":"https:\/\/finelife.tv\/fr\/2023\/08\/30\/songlines-odyssee-onirique-au-quai-branly\/#primaryimage"},"image":{"@id":"https:\/\/finelife.tv\/fr\/2023\/08\/30\/songlines-odyssee-onirique-au-quai-branly\/#primaryimage"},"thumbnailUrl":"https:\/\/finelife.tv\/fr\/wp-content\/uploads\/2023\/08\/img-src-22https-finelife.tvimage.jpg-alt-22Songlines-odyssee-onirique-au-Quai-Branly22-1024x768.jpg","datePublished":"2023-08-30T17:29:00+00:00","dateModified":"2025-02-22T18:58:28+00:00","author":{"@id":"https:\/\/finelife.tv\/fr\/#\/schema\/person\/e3d980b0c0b3dc5af01c3455893c8c52"},"description":"Songlines odyss\u00e9e onirique au Quai Branly .Une exposition fascinante, immersive et po\u00e9tique au c\u0153ur de la mythologie des Aborig\u00e8nes d'Australie \u00e0 travers l'histoire des Sept S\u0153urs","breadcrumb":{"@id":"https:\/\/finelife.tv\/fr\/2023\/08\/30\/songlines-odyssee-onirique-au-quai-branly\/#breadcrumb"},"inLanguage":"fr-FR","potentialAction":[{"@type":"ReadAction","target":["https:\/\/finelife.tv\/fr\/2023\/08\/30\/songlines-odyssee-onirique-au-quai-branly\/"]}]},{"@type":"ImageObject","inLanguage":"fr-FR","@id":"https:\/\/finelife.tv\/fr\/2023\/08\/30\/songlines-odyssee-onirique-au-quai-branly\/#primaryimage","url":"https:\/\/finelife.tv\/fr\/wp-content\/uploads\/2023\/08\/img-src-22https-finelife.tvimage.jpg-alt-22Songlines-odyssee-onirique-au-Quai-Branly22-scaled.jpg","contentUrl":"https:\/\/finelife.tv\/fr\/wp-content\/uploads\/2023\/08\/img-src-22https-finelife.tvimage.jpg-alt-22Songlines-odyssee-onirique-au-Quai-Branly22-scaled.jpg","width":2560,"height":1920},{"@type":"BreadcrumbList","@id":"https:\/\/finelife.tv\/fr\/2023\/08\/30\/songlines-odyssee-onirique-au-quai-branly\/#breadcrumb","itemListElement":[{"@type":"ListItem","position":1,"name":"Accueil","item":"https:\/\/finelife.tv\/fr\/"},{"@type":"ListItem","position":2,"name":"Songlines odyss\u00e9e onirique au Quai Branly"}]},{"@type":"WebSite","@id":"https:\/\/finelife.tv\/fr\/#website","url":"https:\/\/finelife.tv\/fr\/","name":"FineLife.tv","description":"Quand l&#039;Art de vivre croise l&#039;Art de penser","potentialAction":[{"@type":"SearchAction","target":{"@type":"EntryPoint","urlTemplate":"https:\/\/finelife.tv\/fr\/?s={search_term_string}"},"query-input":{"@type":"PropertyValueSpecification","valueRequired":true,"valueName":"search_term_string"}}],"inLanguage":"fr-FR"},{"@type":"Person","@id":"https:\/\/finelife.tv\/fr\/#\/schema\/person\/e3d980b0c0b3dc5af01c3455893c8c52","name":"Leonore","image":{"@type":"ImageObject","inLanguage":"fr-FR","@id":"https:\/\/secure.gravatar.com\/avatar\/9a2e5073417479f910ffdeee54da5ccf4f91eab62746ce0ae0e81124a9491a79?s=96&d=mm&r=g","url":"https:\/\/secure.gravatar.com\/avatar\/9a2e5073417479f910ffdeee54da5ccf4f91eab62746ce0ae0e81124a9491a79?s=96&d=mm&r=g","contentUrl":"https:\/\/secure.gravatar.com\/avatar\/9a2e5073417479f910ffdeee54da5ccf4f91eab62746ce0ae0e81124a9491a79?s=96&d=mm&r=g","caption":"Leonore"}}]}},"_links":{"self":[{"href":"https:\/\/finelife.tv\/fr\/wp-json\/wp\/v2\/posts\/14472","targetHints":{"allow":["GET"]}}],"collection":[{"href":"https:\/\/finelife.tv\/fr\/wp-json\/wp\/v2\/posts"}],"about":[{"href":"https:\/\/finelife.tv\/fr\/wp-json\/wp\/v2\/types\/post"}],"author":[{"embeddable":true,"href":"https:\/\/finelife.tv\/fr\/wp-json\/wp\/v2\/users\/1"}],"replies":[{"embeddable":true,"href":"https:\/\/finelife.tv\/fr\/wp-json\/wp\/v2\/comments?post=14472"}],"version-history":[{"count":28,"href":"https:\/\/finelife.tv\/fr\/wp-json\/wp\/v2\/posts\/14472\/revisions"}],"predecessor-version":[{"id":21958,"href":"https:\/\/finelife.tv\/fr\/wp-json\/wp\/v2\/posts\/14472\/revisions\/21958"}],"wp:attachment":[{"href":"https:\/\/finelife.tv\/fr\/wp-json\/wp\/v2\/media?parent=14472"}],"wp:term":[{"taxonomy":"category","embeddable":true,"href":"https:\/\/finelife.tv\/fr\/wp-json\/wp\/v2\/categories?post=14472"},{"taxonomy":"post_tag","embeddable":true,"href":"https:\/\/finelife.tv\/fr\/wp-json\/wp\/v2\/tags?post=14472"}],"curies":[{"name":"wp","href":"https:\/\/api.w.org\/{rel}","templated":true}]}}