{"id":14624,"date":"2023-09-06T20:00:56","date_gmt":"2023-09-06T18:00:56","guid":{"rendered":"https:\/\/finelife.tv\/fr\/?p=14624"},"modified":"2023-09-06T21:00:39","modified_gmt":"2023-09-06T19:00:39","slug":"le-parcours-des-mondes-les-arts-premiers-en-plen-air","status":"publish","type":"post","link":"https:\/\/finelife.tv\/fr\/2023\/09\/06\/le-parcours-des-mondes-les-arts-premiers-en-plen-air\/","title":{"rendered":"Le Parcours des Mondes : les arts premiers en plein air"},"content":{"rendered":"<div class=\"wp-block-image\">\n<figure class=\"aligncenter size-large\"><img loading=\"lazy\" decoding=\"async\" width=\"1024\" height=\"838\" src=\"https:\/\/finelife.tv\/fr\/wp-content\/uploads\/2023\/09\/img-src-22https-finelife.tvimage.jpg-alt-22Le-Parcours-des-Mondes-les-arts-premiers-en-plein-air22-1024x838.jpg\" alt=\"\" class=\"wp-image-14651\" srcset=\"https:\/\/finelife.tv\/fr\/wp-content\/uploads\/2023\/09\/img-src-22https-finelife.tvimage.jpg-alt-22Le-Parcours-des-Mondes-les-arts-premiers-en-plein-air22-1024x838.jpg 1024w, https:\/\/finelife.tv\/fr\/wp-content\/uploads\/2023\/09\/img-src-22https-finelife.tvimage.jpg-alt-22Le-Parcours-des-Mondes-les-arts-premiers-en-plein-air22-300x246.jpg 300w, https:\/\/finelife.tv\/fr\/wp-content\/uploads\/2023\/09\/img-src-22https-finelife.tvimage.jpg-alt-22Le-Parcours-des-Mondes-les-arts-premiers-en-plein-air22-768x629.jpg 768w, https:\/\/finelife.tv\/fr\/wp-content\/uploads\/2023\/09\/img-src-22https-finelife.tvimage.jpg-alt-22Le-Parcours-des-Mondes-les-arts-premiers-en-plein-air22-1536x1257.jpg 1536w, https:\/\/finelife.tv\/fr\/wp-content\/uploads\/2023\/09\/img-src-22https-finelife.tvimage.jpg-alt-22Le-Parcours-des-Mondes-les-arts-premiers-en-plein-air22-2048x1676.jpg 2048w\" sizes=\"auto, (max-width: 1024px) 100vw, 1024px\" \/><\/figure>\n<\/div>\n\n\n<p><strong>Le Parcours des Mondes : les arts premiers en plein air \u00e0 Saint-Germain-de-Pr\u00e9s. Le salon pr\u00e9sente 58 galeries avec des temps forts comme les expositions sur le myst\u00e9rieux art sib\u00e9rien, les armes africaines ou encore les masques Janus. L&rsquo;intervention d&rsquo;artistes contemporain(e)s comme Coco Fronsac, Vitshois Mwilambwe Bondo, King Houndekpinkou donne une touche d&rsquo;onirisme, de po\u00e9sie et de mythologie revisit\u00e9e \u00e0 cette 22e \u00e9dition<\/strong>. <\/p>\n\n\n\n<p>Cr\u00e9\u00e9 en 2002 le Parcours des mondes est un salon international pointu autour des arts d&rsquo;Afrique, d&rsquo;Oc\u00e9anie, d&rsquo;Asie mais aussi d&rsquo;Europe et des \u00c9tats-Unis. La manifestation germanopratine accueille marchands et collectionneurs exposants. L&rsquo;\u00e9dition 2023 d\u00e9ploie 58 galeries venues de 12 pays autour de 25 th\u00e9matiques. <strong>Pr\u00e9sident d&rsquo;honneur : St\u00e9phane Martin<\/strong> \u00e0 la direction du Quai Branly entre 1998 et 2020. <\/p>\n\n\n\n<h2 class=\"wp-block-heading\">D\u00e9ambulation dans un mus\u00e9e \u00e0 ciel ouvert <\/h2>\n\n\n<div class=\"wp-block-image\">\n<figure class=\"aligncenter size-full\"><img loading=\"lazy\" decoding=\"async\" width=\"593\" height=\"912\" src=\"https:\/\/finelife.tv\/fr\/wp-content\/uploads\/2023\/09\/img-src-22https-finelife.tvimage.jpg-alt-22Le-Parcours-des-Mondes-les-arts-premiers-en-plein-air-statue-femme-africaine22.jpg\" alt=\"\" class=\"wp-image-14658\" srcset=\"https:\/\/finelife.tv\/fr\/wp-content\/uploads\/2023\/09\/img-src-22https-finelife.tvimage.jpg-alt-22Le-Parcours-des-Mondes-les-arts-premiers-en-plein-air-statue-femme-africaine22.jpg 593w, https:\/\/finelife.tv\/fr\/wp-content\/uploads\/2023\/09\/img-src-22https-finelife.tvimage.jpg-alt-22Le-Parcours-des-Mondes-les-arts-premiers-en-plein-air-statue-femme-africaine22-195x300.jpg 195w\" sizes=\"auto, (max-width: 593px) 100vw, 593px\" \/><\/figure>\n<\/div>\n\n\n<p>Le Parcours des Mondes est une \u00ab\u00a0alternative\u00a0\u00bb \u00e0 la FAB Paris (1) en forme de d\u00e9ambulation \u00e0 travers un mus\u00e9e \u00e0 ciel ouvert dans le tr\u00e8s arty Saint-Germain-des-Pr\u00e9s. Le soir de l&rsquo;inauguration les curieux de tous \u00e2ges poussaient la porte des galeries entre un Spritz et une pita en terrasse. Le public \u00e9tait n\u00e9anmoins plus proche de la post retraite que de la start up. L&rsquo;art premier est en effet moins trendy que les expo immersives en r\u00e9alit\u00e9 augment\u00e9e. <\/p>\n\n\n\n<p>Il y \u00e9galement la question du prix. \u00ab\u00a0Toutes ces formes c&rsquo;est super. Mais \u00e7a doit \u00eatre cher\u00a0\u00bb r\u00e9agit un jeune couple en Birkenstocken en visite \u00e0 UN\u00db, l&rsquo;exceptionnelle exposition d&rsquo;armes africaines de <strong>Jacques Billen<\/strong>. On lit par ailleurs 24 000 euros pour un certes admirable bouchon de calebasse camerounais en vitrine de la Montagut Gallery. Pas \u00e9vident pour un primo-collectionneur. \u00ab\u00a0<strong>On trouve des pi\u00e8ces \u00e0 partir de 1 000 euros<\/strong>\u00a0\u00bb mod\u00e8re <strong>Jean-Bernard Debie<\/strong>, pr\u00e9sident du Parcours des Mondes. <\/p>\n\n\n\n<p>\u00ab\u00a0C&rsquo;est la premi\u00e8re fois que je viens. J&rsquo;ai v\u00e9cu \u00e0 Born\u00e9o et ailleurs en Asie. J&rsquo;aime cet art\u00a0\u00bb explique une soixantenaire tr\u00e8s chic qui s&rsquo;interroge. \u00ab\u00a0Devant toutes ces pi\u00e8ces partout dans le quartier, je suis un peu dubitative. Ce sont des choses qui auraient peut-\u00eatre dues rester chez elles. D&rsquo;un autre c\u00f4t\u00e9 elles ne se seraient sans doute pas conserv\u00e9es\u00a0\u00bb. <strong>\u00c9ternel et tr\u00e8s actuel d\u00e9bat sur march\u00e9 des arts premiers<\/strong>. <\/p>\n\n\n\n<p>La Parcours des Mondes couvre les arts premiers parfois revisit\u00e9s par l&rsquo;art contemporain et int\u00e8gre l&rsquo;art arch\u00e9ologique. L<strong>e principe : les marchands louent des galeries dans le quartier et y exposent leurs \u0153uvres. <\/strong><\/p>\n\n\n\n<p>La 22e \u00e9dition comprend \u00e9videment quelques temps forts. Tour de piste s\u00e9lectif !<\/p>\n\n\n\n<h2 class=\"wp-block-heading\">Le myst\u00e8re de l&rsquo;art sib\u00e9rien <\/h2>\n\n\n<div class=\"wp-block-image\">\n<figure class=\"aligncenter size-large\"><img loading=\"lazy\" decoding=\"async\" width=\"1024\" height=\"976\" src=\"https:\/\/finelife.tv\/fr\/wp-content\/uploads\/2023\/09\/img-src-22https-finelife.tvimage.jpg-alt-22Le-Parcours-des-Mondes-les-arts-premiers-en-plein-air-bronze-nenets22-1024x976.png\" alt=\"\" class=\"wp-image-14650\" srcset=\"https:\/\/finelife.tv\/fr\/wp-content\/uploads\/2023\/09\/img-src-22https-finelife.tvimage.jpg-alt-22Le-Parcours-des-Mondes-les-arts-premiers-en-plein-air-bronze-nenets22-1024x976.png 1024w, https:\/\/finelife.tv\/fr\/wp-content\/uploads\/2023\/09\/img-src-22https-finelife.tvimage.jpg-alt-22Le-Parcours-des-Mondes-les-arts-premiers-en-plein-air-bronze-nenets22-300x286.png 300w, https:\/\/finelife.tv\/fr\/wp-content\/uploads\/2023\/09\/img-src-22https-finelife.tvimage.jpg-alt-22Le-Parcours-des-Mondes-les-arts-premiers-en-plein-air-bronze-nenets22-768x732.png 768w, https:\/\/finelife.tv\/fr\/wp-content\/uploads\/2023\/09\/img-src-22https-finelife.tvimage.jpg-alt-22Le-Parcours-des-Mondes-les-arts-premiers-en-plein-air-bronze-nenets22.png 1402w\" sizes=\"auto, (max-width: 1024px) 100vw, 1024px\" \/><figcaption class=\"wp-element-caption\">Bronze nenets<\/figcaption><\/figure>\n<\/div>\n\n\n<p>Qui connait l&rsquo;art sib\u00e9rien ? A priori peu de monde. Du moins en Europe Occidentale \u00e0 l&rsquo;exception de la Scandinavie. Proximit\u00e9 g\u00e9ographique, histoire et commerce obligent. La France, qui est vue comme la capitale des arts premiers selon Jean-Bernard Debie, a pr\u00e9f\u00e9r\u00e9 la M\u00e9diterran\u00e9es et les zones \u00e9largies couvrant ses anciennes colonies. R\u00e9sultat : une exploration marginale des arts du monde nordique. <\/p>\n\n\n\n<p>Notons toutefois la pr\u00e9sence de la Tischenko Gallery, une galerie finlandaise sp\u00e9cialis\u00e9e dans l&rsquo;art du Nord et surtout l&rsquo;exposition du <strong>collectionneur flamand Karim Grusenmeyer<\/strong>. L&rsquo;enthousiaste galeriste parle de ses recherches parmi des centaines de textes slaves afin de d\u00e9crypter les myst\u00e8res de la mythologie sib\u00e9rienne. \u00ab\u00a0Il n&rsquo;y as pas de consensus. Les sp\u00e9cialistes ne s&rsquo;accordent que sur peu de choses. Les d\u00e9bats sont rudes, presque physiques\u00a0\u00bb confie Karim Grusenmeyer. Bref on se fight entre docteurs en art eurasien. <\/p>\n\n\n\n<p>Le collectionneur avance n\u00e9anmoins quelques \u00e9l\u00e9ments de d\u00e9cryptage. Ainsi chaque individu aurait cinq \u00e2mes. \u00c0 la mort, les cinq \u00e2mes seraient accompagn\u00e9es dans l&rsquo;au del\u00e0 par un oiseau. De m\u00eame le renne aurait une signification c\u00e9leste. <\/p>\n\n\n\n<p>Dans son exposition sur l&rsquo;art chamanique sib\u00e9rien et le temps cyclique on retrouve ces symboles. Les pi\u00e8ces sont g\u00e9n\u00e9ralement de tout petits formats. Animaux t\u00e9moins que l&rsquo;intrication entre l&rsquo;homme, la nature, les divinit\u00e9s. Mais aussi des visage tr\u00e8s stylis\u00e9s qui rappellent des Giacometti ou des Modigliani. <\/p>\n\n\n<div class=\"wp-block-image\">\n<figure class=\"aligncenter size-large\"><img loading=\"lazy\" decoding=\"async\" width=\"768\" height=\"1024\" src=\"https:\/\/finelife.tv\/fr\/wp-content\/uploads\/2023\/09\/img-src-22https-finelife.tvimage.jpg-alt-22Le-Parcours-des-Mondes-les-arts-premiers-en-plein-air-art-siberien22-768x1024.jpg\" alt=\"\" class=\"wp-image-14653\" srcset=\"https:\/\/finelife.tv\/fr\/wp-content\/uploads\/2023\/09\/img-src-22https-finelife.tvimage.jpg-alt-22Le-Parcours-des-Mondes-les-arts-premiers-en-plein-air-art-siberien22-768x1024.jpg 768w, https:\/\/finelife.tv\/fr\/wp-content\/uploads\/2023\/09\/img-src-22https-finelife.tvimage.jpg-alt-22Le-Parcours-des-Mondes-les-arts-premiers-en-plein-air-art-siberien22-225x300.jpg 225w, https:\/\/finelife.tv\/fr\/wp-content\/uploads\/2023\/09\/img-src-22https-finelife.tvimage.jpg-alt-22Le-Parcours-des-Mondes-les-arts-premiers-en-plein-air-art-siberien22-1152x1536.jpg 1152w, https:\/\/finelife.tv\/fr\/wp-content\/uploads\/2023\/09\/img-src-22https-finelife.tvimage.jpg-alt-22Le-Parcours-des-Mondes-les-arts-premiers-en-plein-air-art-siberien22-1536x2048.jpg 1536w, https:\/\/finelife.tv\/fr\/wp-content\/uploads\/2023\/09\/img-src-22https-finelife.tvimage.jpg-alt-22Le-Parcours-des-Mondes-les-arts-premiers-en-plein-air-art-siberien22-scaled.jpg 1920w\" sizes=\"auto, (max-width: 768px) 100vw, 768px\" \/><figcaption class=\"wp-element-caption\">\u0152uvre de Jean Bilquin avec Karim Grusenmeyer<\/figcaption><\/figure>\n<\/div>\n\n\n<p>Enfin une pi\u00e8ce magnifique de Jean Bilquin repr\u00e9sentant un renne donne une touche contemporaine \u00e0 cette exposition de 100 pi\u00e8ces. <\/p>\n\n\n\n<p><strong>Grusenmeyer et Woliner<\/strong>  <a href=\"https:\/\/grusenmeyer-woliner.com\/\">https:\/\/grusenmeyer-woliner.com\/<\/a><\/p>\n\n\n\n<h2 class=\"wp-block-heading\">L&rsquo;art premier revisit\u00e9 par l&rsquo;art contemporain<\/h2>\n\n\n<div class=\"wp-block-image\">\n<figure class=\"aligncenter size-full\"><img loading=\"lazy\" decoding=\"async\" width=\"998\" height=\"808\" src=\"https:\/\/finelife.tv\/fr\/wp-content\/uploads\/2023\/09\/img-src-22https-finelife.tvimage.jpg-alt-22Le-Parcours-des-Mondes-les-arts-premiers-en-plein-air-sculptures-larmes22.png\" alt=\"\" class=\"wp-image-14660\" srcset=\"https:\/\/finelife.tv\/fr\/wp-content\/uploads\/2023\/09\/img-src-22https-finelife.tvimage.jpg-alt-22Le-Parcours-des-Mondes-les-arts-premiers-en-plein-air-sculptures-larmes22.png 998w, https:\/\/finelife.tv\/fr\/wp-content\/uploads\/2023\/09\/img-src-22https-finelife.tvimage.jpg-alt-22Le-Parcours-des-Mondes-les-arts-premiers-en-plein-air-sculptures-larmes22-300x243.png 300w, https:\/\/finelife.tv\/fr\/wp-content\/uploads\/2023\/09\/img-src-22https-finelife.tvimage.jpg-alt-22Le-Parcours-des-Mondes-les-arts-premiers-en-plein-air-sculptures-larmes22-768x622.png 768w\" sizes=\"auto, (max-width: 998px) 100vw, 998px\" \/><figcaption class=\"wp-element-caption\">Une Jet\u00e9e splendide &#8230; de larmes givr\u00e9es<\/figcaption><\/figure>\n<\/div>\n\n\n<p>Le Parcours des Mondes s&rsquo;ouvre \u00e0 l&rsquo;art contemporain en 2013. Dix ans plus tard on distingue outre l&rsquo;exposition de Karim Grusenmeyer, la galerie Claes Contemporary qui propose le tr\u00e8s surprenant artiste congolais Vitshois Mwilambwe Bondo et la galerie Tischenko qui montre l&rsquo;onirique inqui\u00e9tant de Coco Fronsac. <\/p>\n\n\n\n<p>De son c\u00f4t\u00e9 la galerie Valois met en avant des artistes b\u00e9ninois. Pantalon de laine et veste asym\u00e9trique <strong>King Houndekpinkou<\/strong> r\u00e9pond aux questions. Il est pr\u00e9cis, direct dans \u00ab\u00a0sa tenue de vernissage\u00a0\u00bb. Pourquoi la c\u00e9ramique ? Gr\u00e2ce \u00e0 une rencontre lors d&rsquo;un voyage au Japon en 2012 et \u00e0 l&rsquo;enseignement de Shibuta Toshiba. <strong>King Houndekpinkou<\/strong> est conquis par les \u00ab\u00a0<strong>ponts culturels entre entre la spiritualit\u00e9 de la c\u00e9ramique japonaise ancestrale et celle de l&rsquo;animisme et du vaudou<\/strong>\u00ab\u00a0. <\/p>\n\n\n\n<p>Le jeune artiste ne revendique aucune influence. \u00ab\u00a0J&rsquo;ai grandi en banlieue dans un cadre notamment scolaire qui ne me valorisait pas. Je n&rsquo;ai pas fait d&rsquo;\u00e9cole d&rsquo;art. <strong>En travaillant l&rsquo;argile, je travaille une mati\u00e8re qui r\u00e9sulte de l&rsquo;\u00e9rosion des roches, du passage du temps. Une mati\u00e8re qui en sait plus que quiconque. Alors j&rsquo;aime l&rsquo;id\u00e9e d&rsquo;\u00eatre valoris\u00e9 par l&rsquo;argile<\/strong>\u00ab\u00a0. Dans les \u0153uvres de <strong>King Houndekpinkou<\/strong> on voit la maitrise du travail du feu tandis que les couleurs lance des \u00e9motions. Et puis il y a la po\u00e9sie des noms. Dans la galerie on peut notamment d\u00e9couvrir Une jet\u00e9e splendide &#8230; de Larmes Givr\u00e9es. Une \u0153uvre ogive qui conjugue \u00e9pure japonaise et tourbillon africain dans un gla\u00e7age bleu et blanc de gr\u00e8s et d&rsquo;argiles cercl\u00e9 de boules d&rsquo;or. Une larme rivi\u00e8re.<\/p>\n\n\n\n<p><strong>Galerie Valois <\/strong><a href=\"https:\/\/www.galerie-vallois.com\/\">https:\/\/www.galerie-vallois.com\/<\/a><\/p>\n\n\n\n<h2 class=\"wp-block-heading\">L&rsquo;expo minimaliste de Marguerite de Sabran<\/h2>\n\n\n<div class=\"wp-block-image\">\n<figure class=\"aligncenter size-large\"><img loading=\"lazy\" decoding=\"async\" width=\"591\" height=\"1024\" src=\"https:\/\/finelife.tv\/fr\/wp-content\/uploads\/2023\/09\/img-src-22https-finelife.tvimage.jpg-alt-22Le-Parcours-des-Mondes-les-arts-premiers-en-plein-air-masque-janus-camerounais22-591x1024.jpg\" alt=\"\" class=\"wp-image-14652\" srcset=\"https:\/\/finelife.tv\/fr\/wp-content\/uploads\/2023\/09\/img-src-22https-finelife.tvimage.jpg-alt-22Le-Parcours-des-Mondes-les-arts-premiers-en-plein-air-masque-janus-camerounais22-591x1024.jpg 591w, https:\/\/finelife.tv\/fr\/wp-content\/uploads\/2023\/09\/img-src-22https-finelife.tvimage.jpg-alt-22Le-Parcours-des-Mondes-les-arts-premiers-en-plein-air-masque-janus-camerounais22-173x300.jpg 173w, https:\/\/finelife.tv\/fr\/wp-content\/uploads\/2023\/09\/img-src-22https-finelife.tvimage.jpg-alt-22Le-Parcours-des-Mondes-les-arts-premiers-en-plein-air-masque-janus-camerounais22.jpg 721w\" sizes=\"auto, (max-width: 591px) 100vw, 591px\" \/><figcaption class=\"wp-element-caption\">Masque Janus Bangwa Cameroun \/ Marguerite de Sablon<\/figcaption><\/figure>\n<\/div>\n\n\n<p>Le minimaliste, cette fois-ci de circonstances, se retrouve dans la micro exposition de Marguerite de Sabran. \u00c0 l&rsquo;occasion du Parcours des Mondes l&rsquo;ancienne cheffe du d\u00e9partements des arts d&rsquo;Asie et d&rsquo;Oc\u00e9anie de Sotheby&rsquo;s ouvre un espace o\u00f9 vivent quatre \u0153uvres. Y r\u00e8gne une pi\u00e8ce majestueuse. Une sculpture bois surpatin\u00e9e de suie. \u00ab\u00a0C&rsquo;est un Janus, un masque haume Bangwa (Cameroun) de 6 kg qui ne se portait pas mais se posait sur l&rsquo;\u00e9paule\u00a0\u00bb explique la collectionneuse qui semble en \u00e9tat de gr\u00e2ce. \u00ab\u00a0Il \u00e9tait conserv\u00e9 par un collectif compos\u00e9 des plus hauts dignitaires. Ceux qui \u00e9duquaient et \u00e9lisaient le futur roi\u00a0\u00bb. Ceux qui jugeaient aussi. C&rsquo;est la double face, celle de Janus. <\/p>\n\n\n\n<p><\/p>\n\n\n\n<h2 class=\"wp-block-heading\">Nicolas Andrin : le recal\u00e9 frondeur du Parcours des Mondes <\/h2>\n\n\n<div class=\"wp-block-image\">\n<figure class=\"aligncenter size-large\"><img loading=\"lazy\" decoding=\"async\" width=\"1024\" height=\"830\" src=\"https:\/\/finelife.tv\/fr\/wp-content\/uploads\/2023\/09\/img-src-22https-finelife.tvimage.jpg-alt-22Le-Parcours-des-Mondes-les-arts-premiers-en-plein-air-art-aborigene22-1024x830.png\" alt=\"\" class=\"wp-image-14657\" srcset=\"https:\/\/finelife.tv\/fr\/wp-content\/uploads\/2023\/09\/img-src-22https-finelife.tvimage.jpg-alt-22Le-Parcours-des-Mondes-les-arts-premiers-en-plein-air-art-aborigene22-1024x830.png 1024w, https:\/\/finelife.tv\/fr\/wp-content\/uploads\/2023\/09\/img-src-22https-finelife.tvimage.jpg-alt-22Le-Parcours-des-Mondes-les-arts-premiers-en-plein-air-art-aborigene22-300x243.png 300w, https:\/\/finelife.tv\/fr\/wp-content\/uploads\/2023\/09\/img-src-22https-finelife.tvimage.jpg-alt-22Le-Parcours-des-Mondes-les-arts-premiers-en-plein-air-art-aborigene22-768x623.png 768w, https:\/\/finelife.tv\/fr\/wp-content\/uploads\/2023\/09\/img-src-22https-finelife.tvimage.jpg-alt-22Le-Parcours-des-Mondes-les-arts-premiers-en-plein-air-art-aborigene22-1536x1245.png 1536w, https:\/\/finelife.tv\/fr\/wp-content\/uploads\/2023\/09\/img-src-22https-finelife.tvimage.jpg-alt-22Le-Parcours-des-Mondes-les-arts-premiers-en-plein-air-art-aborigene22.png 1626w\" sizes=\"auto, (max-width: 1024px) 100vw, 1024px\" \/><\/figure>\n<\/div>\n\n\n<p>Le Parcours des Mondes met \u00e0 l&rsquo;honneur St\u00e9phane Jacob. Mais on salue l&rsquo;initiative de <strong>Nicolas Andrin<\/strong>. Refus\u00e9 au salon il a cr\u00e9\u00e9 son propre parcours. Et c&rsquo;est tr\u00e8s r\u00e9ussi. Sur trois galeries rue de Seine des centaines d&rsquo;\u0153uvres dont de rares tableaux des ann\u00e9es 70, des cr\u00e9ations organiques et des pi\u00e8ces des plus grand(e)s comme Sally Gabori.<\/p>\n\n\n\n<p>C&rsquo;est un petit mus\u00e9e que l&rsquo;on d\u00e9couvre avec des pi\u00e8ces de toutes les \u00e9poques sc\u00e9nographi\u00e9es parfois sous des voutes et parfois fa\u00e7on Ali Baba. Des cerf-volants issus de la commande de Paul Eubel pour l&rsquo;Exposition Universelle de S\u00e9ville en 1992, des peintures sur \u00e9corces de la terre d&rsquo;Arhem avec leurs c\u00e9l\u00e8bres Rarrks, des Judy et des Maggie Watson, des \u0153uvres du collectif APY c\u00e9l\u00e9br\u00e9es r\u00e9cemment dans Songlines au Quai Branly ou encore celles des artistes de Papunya, berceau de la peinture aborig\u00e8ne au d\u00e9but des ann\u00e9es 70. <\/p>\n\n\n\n<p>\u00ab\u00a0J&rsquo;ai des \u0153uvres \u00e0 500 euros\u00a0\u00bb pr\u00e9cise <strong>Nicolas Andrin<\/strong> passionn\u00e9, \u00e9rudit &#8230; et tr\u00e8s bon vendeur.<\/p>\n\n\n\n<p><strong>Aborigene Galerie<\/strong> <a href=\"https:\/\/www.aborigene.fr\/\">https:\/\/www.aborigene.fr\/<\/a><\/p>\n\n\n\n<p>(1) FAB Paris : ex Biennale des Antiquaires et  salon Fine Arts Paris<\/p>\n\n\n\n<h2 class=\"wp-block-heading has-text-align-center has-background\" style=\"background:radial-gradient(rgb(252,185,0) 0%,rgb(222,33,33) 80%,rgb(255,105,0) 100%)\">INFOS<\/h2>\n\n\n\n<p><strong>Programme du Parcours des Mondes<\/strong> <a href=\"https:\/\/www.parcours-des-mondes.com\/\">https:\/\/www.parcours-des-mondes.com\/<\/a><\/p>\n\n\n\n<p>Du 5 au 10  septembre <\/p>\n\n\n\n<p>Related article Le Parcours des Mondes : les arts premiers en plein air \/ Le Parcours des Mondes : les arts premiers en plein air<\/p>\n\n\n\n<p><strong>Sally Gabori la myst\u00e9rieuse artiste contemporaine aborig\u00e8ne \u00e0 la Fondation Cartier<\/strong> <a href=\"https:\/\/finelife.tv\/fr\/2022\/08\/19\/sally-gabori-la-mysterieuse-artiste-contemporaine-aborigene-a-la-fondation-cartier\/\">https:\/\/finelife.tv\/fr\/2022\/08\/19\/sally-gabori-la-mysterieuse-artiste-contemporaine-aborigene-a-la-fondation-cartier\/<\/a><\/p>\n\n\n\n<p><strong>Songlines odyss\u00e9e onirique au Quai Branly<\/strong> <a href=\"https:\/\/finelife.tv\/fr\/2023\/08\/30\/songlines-odyssee-onirique-au-quai-branly\/\">https:\/\/finelife.tv\/fr\/2023\/08\/30\/songlines-odyssee-onirique-au-quai-branly\/<\/a><\/p>\n\n\n\n<p><strong>Au-del\u00e0 du r\u00eave : expo aborig\u00e8nes au Havre<\/strong> <a href=\"https:\/\/finelife.tv\/fr\/2021\/11\/08\/au-dela-du-reve-expo-aborigenes-au-havre\/\">https:\/\/finelife.tv\/fr\/2021\/11\/08\/au-dela-du-reve-expo-aborigenes-au-havre\/<\/a><\/p>\n\n\n\n<p><strong>Biennale Paris focus sur la collection Barbier-Muller<\/strong> <a href=\"https:\/\/finelife.tv\/fr\/2017\/11\/22\/biennale-paris-focus-collection-barbier-mueller\/\">https:\/\/finelife.tv\/fr\/2017\/11\/22\/biennale-paris-focus-collection-barbier-mueller\/<\/a><\/p>\n\n\n\n<p><\/p>\n\n\n\n<p><strong>Biennale des Antiquaires 125 exposants dans un \u00e9cran de miroirs<\/strong> <a href=\"https:\/\/finelife.tv\/fr\/2017\/06\/08\/%ef%bb%bfla-biennale-des-antiquaires-125-exposants-dans-un-ecrin-de-miroirs\/\">https:\/\/finelife.tv\/fr\/2017\/06\/08\/%ef%bb%bfla-biennale-des-antiquaires-125-exposants-dans-un-ecrin-de-miroirs\/<\/a><\/p>\n\n\n\n<p><\/p>\n","protected":false},"excerpt":{"rendered":"<p>Le Parcours des Mondes : les arts premiers en plein air \u00e0 Saint-Germain-de-Pr\u00e9s. Le salon pr\u00e9sente 58 galeries avec des temps forts comme une exposition sur le myst\u00e9rieux art sib\u00e9rien et des interventions d&rsquo;art contemporain <\/p>\n","protected":false},"author":1,"featured_media":0,"comment_status":"open","ping_status":"open","sticky":false,"template":"","format":"standard","meta":{"footnotes":""},"categories":[4],"tags":[22,3576,4198,1892,4200,4203,4201,935,4204],"class_list":["post-14624","post","type-post","status-publish","format-standard","hentry","category-blog","tag-art","tag-art-aborigene","tag-arts-africains","tag-arts-premiers","tag-galeries","tag-le-parcours-des-mondes","tag-marchans-dart","tag-saint-germain-des-pres","tag-salon-arts-premiers"],"yoast_head":"<!-- This site is optimized with the Yoast SEO plugin v27.5 - https:\/\/yoast.com\/product\/yoast-seo-wordpress\/ -->\n<title>Le Parcours des Mondes : les arts premiers en plein air - FineLife.tv<\/title>\n<meta name=\"description\" content=\"Le Parcours des Mondes : les arts premiers en plein air \u00e0 Saint-Germain-de-Pr\u00e9s. Le salon pr\u00e9sente 58 galeries avec des temps forts comme une exposition sur le myst\u00e9rieux art sib\u00e9rien et des interventions d&#039;art contemporain\" \/>\n<meta name=\"robots\" content=\"index, follow, max-snippet:-1, max-image-preview:large, max-video-preview:-1\" \/>\n<link rel=\"canonical\" href=\"https:\/\/finelife.tv\/fr\/2023\/09\/06\/le-parcours-des-mondes-les-arts-premiers-en-plen-air\/\" \/>\n<meta property=\"og:locale\" content=\"fr_FR\" \/>\n<meta property=\"og:type\" content=\"article\" \/>\n<meta property=\"og:title\" content=\"Le Parcours des Mondes : les arts premiers en plein air - FineLife.tv\" \/>\n<meta property=\"og:description\" content=\"Le Parcours des Mondes : les arts premiers en plein air \u00e0 Saint-Germain-de-Pr\u00e9s. Le salon pr\u00e9sente 58 galeries avec des temps forts comme une exposition sur le myst\u00e9rieux art sib\u00e9rien et des interventions d&#039;art contemporain\" \/>\n<meta property=\"og:url\" content=\"https:\/\/finelife.tv\/fr\/2023\/09\/06\/le-parcours-des-mondes-les-arts-premiers-en-plen-air\/\" \/>\n<meta property=\"og:site_name\" content=\"FineLife.tv\" \/>\n<meta property=\"article:published_time\" content=\"2023-09-06T18:00:56+00:00\" \/>\n<meta property=\"article:modified_time\" content=\"2023-09-06T19:00:39+00:00\" \/>\n<meta property=\"og:image\" content=\"https:\/\/finelife.tv\/fr\/wp-content\/uploads\/2023\/09\/img-src-22https-finelife.tvimage.jpg-alt-22Le-Parcours-des-Mondes-les-arts-premiers-en-plein-air22-1024x838.jpg\" \/>\n<meta name=\"author\" content=\"Leonore\" \/>\n<meta name=\"twitter:card\" content=\"summary_large_image\" \/>\n<meta name=\"twitter:creator\" content=\"@finelifetv\" \/>\n<meta name=\"twitter:site\" content=\"@finelifetv\" \/>\n<meta name=\"twitter:label1\" content=\"\u00c9crit par\" \/>\n\t<meta name=\"twitter:data1\" content=\"Leonore\" \/>\n\t<meta name=\"twitter:label2\" content=\"Dur\u00e9e de lecture estim\u00e9e\" \/>\n\t<meta name=\"twitter:data2\" content=\"9 minutes\" \/>\n<script type=\"application\/ld+json\" class=\"yoast-schema-graph\">{\"@context\":\"https:\\\/\\\/schema.org\",\"@graph\":[{\"@type\":\"Article\",\"@id\":\"https:\\\/\\\/finelife.tv\\\/fr\\\/2023\\\/09\\\/06\\\/le-parcours-des-mondes-les-arts-premiers-en-plen-air\\\/#article\",\"isPartOf\":{\"@id\":\"https:\\\/\\\/finelife.tv\\\/fr\\\/2023\\\/09\\\/06\\\/le-parcours-des-mondes-les-arts-premiers-en-plen-air\\\/\"},\"author\":{\"name\":\"Leonore\",\"@id\":\"https:\\\/\\\/finelife.tv\\\/fr\\\/#\\\/schema\\\/person\\\/e3d980b0c0b3dc5af01c3455893c8c52\"},\"headline\":\"Le Parcours des Mondes : les arts premiers en plein air\",\"datePublished\":\"2023-09-06T18:00:56+00:00\",\"dateModified\":\"2023-09-06T19:00:39+00:00\",\"mainEntityOfPage\":{\"@id\":\"https:\\\/\\\/finelife.tv\\\/fr\\\/2023\\\/09\\\/06\\\/le-parcours-des-mondes-les-arts-premiers-en-plen-air\\\/\"},\"wordCount\":1515,\"commentCount\":5,\"image\":{\"@id\":\"https:\\\/\\\/finelife.tv\\\/fr\\\/2023\\\/09\\\/06\\\/le-parcours-des-mondes-les-arts-premiers-en-plen-air\\\/#primaryimage\"},\"thumbnailUrl\":\"https:\\\/\\\/finelife.tv\\\/fr\\\/wp-content\\\/uploads\\\/2023\\\/09\\\/img-src-22https-finelife.tvimage.jpg-alt-22Le-Parcours-des-Mondes-les-arts-premiers-en-plein-air22-1024x838.jpg\",\"keywords\":[\"art\",\"Art aborig\u00e8ne\",\"arts africains\",\"arts premiers\",\"galeries\",\"le parcours des mondes\",\"marchans d'art\",\"saint germain des pr\u00e9s\",\"salon arts premiers\"],\"articleSection\":[\"Blog\"],\"inLanguage\":\"fr-FR\",\"potentialAction\":[{\"@type\":\"CommentAction\",\"name\":\"Comment\",\"target\":[\"https:\\\/\\\/finelife.tv\\\/fr\\\/2023\\\/09\\\/06\\\/le-parcours-des-mondes-les-arts-premiers-en-plen-air\\\/#respond\"]}]},{\"@type\":\"WebPage\",\"@id\":\"https:\\\/\\\/finelife.tv\\\/fr\\\/2023\\\/09\\\/06\\\/le-parcours-des-mondes-les-arts-premiers-en-plen-air\\\/\",\"url\":\"https:\\\/\\\/finelife.tv\\\/fr\\\/2023\\\/09\\\/06\\\/le-parcours-des-mondes-les-arts-premiers-en-plen-air\\\/\",\"name\":\"Le Parcours des Mondes : les arts premiers en plein air - FineLife.tv\",\"isPartOf\":{\"@id\":\"https:\\\/\\\/finelife.tv\\\/fr\\\/#website\"},\"primaryImageOfPage\":{\"@id\":\"https:\\\/\\\/finelife.tv\\\/fr\\\/2023\\\/09\\\/06\\\/le-parcours-des-mondes-les-arts-premiers-en-plen-air\\\/#primaryimage\"},\"image\":{\"@id\":\"https:\\\/\\\/finelife.tv\\\/fr\\\/2023\\\/09\\\/06\\\/le-parcours-des-mondes-les-arts-premiers-en-plen-air\\\/#primaryimage\"},\"thumbnailUrl\":\"https:\\\/\\\/finelife.tv\\\/fr\\\/wp-content\\\/uploads\\\/2023\\\/09\\\/img-src-22https-finelife.tvimage.jpg-alt-22Le-Parcours-des-Mondes-les-arts-premiers-en-plein-air22-1024x838.jpg\",\"datePublished\":\"2023-09-06T18:00:56+00:00\",\"dateModified\":\"2023-09-06T19:00:39+00:00\",\"author\":{\"@id\":\"https:\\\/\\\/finelife.tv\\\/fr\\\/#\\\/schema\\\/person\\\/e3d980b0c0b3dc5af01c3455893c8c52\"},\"description\":\"Le Parcours des Mondes : les arts premiers en plein air \u00e0 Saint-Germain-de-Pr\u00e9s. Le salon pr\u00e9sente 58 galeries avec des temps forts comme une exposition sur le myst\u00e9rieux art sib\u00e9rien et des interventions d'art contemporain\",\"breadcrumb\":{\"@id\":\"https:\\\/\\\/finelife.tv\\\/fr\\\/2023\\\/09\\\/06\\\/le-parcours-des-mondes-les-arts-premiers-en-plen-air\\\/#breadcrumb\"},\"inLanguage\":\"fr-FR\",\"potentialAction\":[{\"@type\":\"ReadAction\",\"target\":[\"https:\\\/\\\/finelife.tv\\\/fr\\\/2023\\\/09\\\/06\\\/le-parcours-des-mondes-les-arts-premiers-en-plen-air\\\/\"]}]},{\"@type\":\"ImageObject\",\"inLanguage\":\"fr-FR\",\"@id\":\"https:\\\/\\\/finelife.tv\\\/fr\\\/2023\\\/09\\\/06\\\/le-parcours-des-mondes-les-arts-premiers-en-plen-air\\\/#primaryimage\",\"url\":\"https:\\\/\\\/finelife.tv\\\/fr\\\/wp-content\\\/uploads\\\/2023\\\/09\\\/img-src-22https-finelife.tvimage.jpg-alt-22Le-Parcours-des-Mondes-les-arts-premiers-en-plein-air22-scaled.jpg\",\"contentUrl\":\"https:\\\/\\\/finelife.tv\\\/fr\\\/wp-content\\\/uploads\\\/2023\\\/09\\\/img-src-22https-finelife.tvimage.jpg-alt-22Le-Parcours-des-Mondes-les-arts-premiers-en-plein-air22-scaled.jpg\",\"width\":2560,\"height\":2095},{\"@type\":\"BreadcrumbList\",\"@id\":\"https:\\\/\\\/finelife.tv\\\/fr\\\/2023\\\/09\\\/06\\\/le-parcours-des-mondes-les-arts-premiers-en-plen-air\\\/#breadcrumb\",\"itemListElement\":[{\"@type\":\"ListItem\",\"position\":1,\"name\":\"Accueil\",\"item\":\"https:\\\/\\\/finelife.tv\\\/fr\\\/\"},{\"@type\":\"ListItem\",\"position\":2,\"name\":\"Le Parcours des Mondes : les arts premiers en plein air\"}]},{\"@type\":\"WebSite\",\"@id\":\"https:\\\/\\\/finelife.tv\\\/fr\\\/#website\",\"url\":\"https:\\\/\\\/finelife.tv\\\/fr\\\/\",\"name\":\"FineLife.tv\",\"description\":\"Quand l&#039;Art de vivre croise l&#039;Art de penser\",\"potentialAction\":[{\"@type\":\"SearchAction\",\"target\":{\"@type\":\"EntryPoint\",\"urlTemplate\":\"https:\\\/\\\/finelife.tv\\\/fr\\\/?s={search_term_string}\"},\"query-input\":{\"@type\":\"PropertyValueSpecification\",\"valueRequired\":true,\"valueName\":\"search_term_string\"}}],\"inLanguage\":\"fr-FR\"},{\"@type\":\"Person\",\"@id\":\"https:\\\/\\\/finelife.tv\\\/fr\\\/#\\\/schema\\\/person\\\/e3d980b0c0b3dc5af01c3455893c8c52\",\"name\":\"Leonore\",\"image\":{\"@type\":\"ImageObject\",\"inLanguage\":\"fr-FR\",\"@id\":\"https:\\\/\\\/secure.gravatar.com\\\/avatar\\\/9a2e5073417479f910ffdeee54da5ccf4f91eab62746ce0ae0e81124a9491a79?s=96&d=mm&r=g\",\"url\":\"https:\\\/\\\/secure.gravatar.com\\\/avatar\\\/9a2e5073417479f910ffdeee54da5ccf4f91eab62746ce0ae0e81124a9491a79?s=96&d=mm&r=g\",\"contentUrl\":\"https:\\\/\\\/secure.gravatar.com\\\/avatar\\\/9a2e5073417479f910ffdeee54da5ccf4f91eab62746ce0ae0e81124a9491a79?s=96&d=mm&r=g\",\"caption\":\"Leonore\"}}]}<\/script>\n<!-- \/ Yoast SEO plugin. -->","yoast_head_json":{"title":"Le Parcours des Mondes : les arts premiers en plein air - FineLife.tv","description":"Le Parcours des Mondes : les arts premiers en plein air \u00e0 Saint-Germain-de-Pr\u00e9s. Le salon pr\u00e9sente 58 galeries avec des temps forts comme une exposition sur le myst\u00e9rieux art sib\u00e9rien et des interventions d'art contemporain","robots":{"index":"index","follow":"follow","max-snippet":"max-snippet:-1","max-image-preview":"max-image-preview:large","max-video-preview":"max-video-preview:-1"},"canonical":"https:\/\/finelife.tv\/fr\/2023\/09\/06\/le-parcours-des-mondes-les-arts-premiers-en-plen-air\/","og_locale":"fr_FR","og_type":"article","og_title":"Le Parcours des Mondes : les arts premiers en plein air - FineLife.tv","og_description":"Le Parcours des Mondes : les arts premiers en plein air \u00e0 Saint-Germain-de-Pr\u00e9s. Le salon pr\u00e9sente 58 galeries avec des temps forts comme une exposition sur le myst\u00e9rieux art sib\u00e9rien et des interventions d'art contemporain","og_url":"https:\/\/finelife.tv\/fr\/2023\/09\/06\/le-parcours-des-mondes-les-arts-premiers-en-plen-air\/","og_site_name":"FineLife.tv","article_published_time":"2023-09-06T18:00:56+00:00","article_modified_time":"2023-09-06T19:00:39+00:00","og_image":[{"url":"https:\/\/finelife.tv\/fr\/wp-content\/uploads\/2023\/09\/img-src-22https-finelife.tvimage.jpg-alt-22Le-Parcours-des-Mondes-les-arts-premiers-en-plein-air22-1024x838.jpg","type":"","width":"","height":""}],"author":"Leonore","twitter_card":"summary_large_image","twitter_creator":"@finelifetv","twitter_site":"@finelifetv","twitter_misc":{"\u00c9crit par":"Leonore","Dur\u00e9e de lecture estim\u00e9e":"9 minutes"},"schema":{"@context":"https:\/\/schema.org","@graph":[{"@type":"Article","@id":"https:\/\/finelife.tv\/fr\/2023\/09\/06\/le-parcours-des-mondes-les-arts-premiers-en-plen-air\/#article","isPartOf":{"@id":"https:\/\/finelife.tv\/fr\/2023\/09\/06\/le-parcours-des-mondes-les-arts-premiers-en-plen-air\/"},"author":{"name":"Leonore","@id":"https:\/\/finelife.tv\/fr\/#\/schema\/person\/e3d980b0c0b3dc5af01c3455893c8c52"},"headline":"Le Parcours des Mondes : les arts premiers en plein air","datePublished":"2023-09-06T18:00:56+00:00","dateModified":"2023-09-06T19:00:39+00:00","mainEntityOfPage":{"@id":"https:\/\/finelife.tv\/fr\/2023\/09\/06\/le-parcours-des-mondes-les-arts-premiers-en-plen-air\/"},"wordCount":1515,"commentCount":5,"image":{"@id":"https:\/\/finelife.tv\/fr\/2023\/09\/06\/le-parcours-des-mondes-les-arts-premiers-en-plen-air\/#primaryimage"},"thumbnailUrl":"https:\/\/finelife.tv\/fr\/wp-content\/uploads\/2023\/09\/img-src-22https-finelife.tvimage.jpg-alt-22Le-Parcours-des-Mondes-les-arts-premiers-en-plein-air22-1024x838.jpg","keywords":["art","Art aborig\u00e8ne","arts africains","arts premiers","galeries","le parcours des mondes","marchans d'art","saint germain des pr\u00e9s","salon arts premiers"],"articleSection":["Blog"],"inLanguage":"fr-FR","potentialAction":[{"@type":"CommentAction","name":"Comment","target":["https:\/\/finelife.tv\/fr\/2023\/09\/06\/le-parcours-des-mondes-les-arts-premiers-en-plen-air\/#respond"]}]},{"@type":"WebPage","@id":"https:\/\/finelife.tv\/fr\/2023\/09\/06\/le-parcours-des-mondes-les-arts-premiers-en-plen-air\/","url":"https:\/\/finelife.tv\/fr\/2023\/09\/06\/le-parcours-des-mondes-les-arts-premiers-en-plen-air\/","name":"Le Parcours des Mondes : les arts premiers en plein air - FineLife.tv","isPartOf":{"@id":"https:\/\/finelife.tv\/fr\/#website"},"primaryImageOfPage":{"@id":"https:\/\/finelife.tv\/fr\/2023\/09\/06\/le-parcours-des-mondes-les-arts-premiers-en-plen-air\/#primaryimage"},"image":{"@id":"https:\/\/finelife.tv\/fr\/2023\/09\/06\/le-parcours-des-mondes-les-arts-premiers-en-plen-air\/#primaryimage"},"thumbnailUrl":"https:\/\/finelife.tv\/fr\/wp-content\/uploads\/2023\/09\/img-src-22https-finelife.tvimage.jpg-alt-22Le-Parcours-des-Mondes-les-arts-premiers-en-plein-air22-1024x838.jpg","datePublished":"2023-09-06T18:00:56+00:00","dateModified":"2023-09-06T19:00:39+00:00","author":{"@id":"https:\/\/finelife.tv\/fr\/#\/schema\/person\/e3d980b0c0b3dc5af01c3455893c8c52"},"description":"Le Parcours des Mondes : les arts premiers en plein air \u00e0 Saint-Germain-de-Pr\u00e9s. Le salon pr\u00e9sente 58 galeries avec des temps forts comme une exposition sur le myst\u00e9rieux art sib\u00e9rien et des interventions d'art contemporain","breadcrumb":{"@id":"https:\/\/finelife.tv\/fr\/2023\/09\/06\/le-parcours-des-mondes-les-arts-premiers-en-plen-air\/#breadcrumb"},"inLanguage":"fr-FR","potentialAction":[{"@type":"ReadAction","target":["https:\/\/finelife.tv\/fr\/2023\/09\/06\/le-parcours-des-mondes-les-arts-premiers-en-plen-air\/"]}]},{"@type":"ImageObject","inLanguage":"fr-FR","@id":"https:\/\/finelife.tv\/fr\/2023\/09\/06\/le-parcours-des-mondes-les-arts-premiers-en-plen-air\/#primaryimage","url":"https:\/\/finelife.tv\/fr\/wp-content\/uploads\/2023\/09\/img-src-22https-finelife.tvimage.jpg-alt-22Le-Parcours-des-Mondes-les-arts-premiers-en-plein-air22-scaled.jpg","contentUrl":"https:\/\/finelife.tv\/fr\/wp-content\/uploads\/2023\/09\/img-src-22https-finelife.tvimage.jpg-alt-22Le-Parcours-des-Mondes-les-arts-premiers-en-plein-air22-scaled.jpg","width":2560,"height":2095},{"@type":"BreadcrumbList","@id":"https:\/\/finelife.tv\/fr\/2023\/09\/06\/le-parcours-des-mondes-les-arts-premiers-en-plen-air\/#breadcrumb","itemListElement":[{"@type":"ListItem","position":1,"name":"Accueil","item":"https:\/\/finelife.tv\/fr\/"},{"@type":"ListItem","position":2,"name":"Le Parcours des Mondes : les arts premiers en plein air"}]},{"@type":"WebSite","@id":"https:\/\/finelife.tv\/fr\/#website","url":"https:\/\/finelife.tv\/fr\/","name":"FineLife.tv","description":"Quand l&#039;Art de vivre croise l&#039;Art de penser","potentialAction":[{"@type":"SearchAction","target":{"@type":"EntryPoint","urlTemplate":"https:\/\/finelife.tv\/fr\/?s={search_term_string}"},"query-input":{"@type":"PropertyValueSpecification","valueRequired":true,"valueName":"search_term_string"}}],"inLanguage":"fr-FR"},{"@type":"Person","@id":"https:\/\/finelife.tv\/fr\/#\/schema\/person\/e3d980b0c0b3dc5af01c3455893c8c52","name":"Leonore","image":{"@type":"ImageObject","inLanguage":"fr-FR","@id":"https:\/\/secure.gravatar.com\/avatar\/9a2e5073417479f910ffdeee54da5ccf4f91eab62746ce0ae0e81124a9491a79?s=96&d=mm&r=g","url":"https:\/\/secure.gravatar.com\/avatar\/9a2e5073417479f910ffdeee54da5ccf4f91eab62746ce0ae0e81124a9491a79?s=96&d=mm&r=g","contentUrl":"https:\/\/secure.gravatar.com\/avatar\/9a2e5073417479f910ffdeee54da5ccf4f91eab62746ce0ae0e81124a9491a79?s=96&d=mm&r=g","caption":"Leonore"}}]}},"_links":{"self":[{"href":"https:\/\/finelife.tv\/fr\/wp-json\/wp\/v2\/posts\/14624","targetHints":{"allow":["GET"]}}],"collection":[{"href":"https:\/\/finelife.tv\/fr\/wp-json\/wp\/v2\/posts"}],"about":[{"href":"https:\/\/finelife.tv\/fr\/wp-json\/wp\/v2\/types\/post"}],"author":[{"embeddable":true,"href":"https:\/\/finelife.tv\/fr\/wp-json\/wp\/v2\/users\/1"}],"replies":[{"embeddable":true,"href":"https:\/\/finelife.tv\/fr\/wp-json\/wp\/v2\/comments?post=14624"}],"version-history":[{"count":36,"href":"https:\/\/finelife.tv\/fr\/wp-json\/wp\/v2\/posts\/14624\/revisions"}],"predecessor-version":[{"id":14671,"href":"https:\/\/finelife.tv\/fr\/wp-json\/wp\/v2\/posts\/14624\/revisions\/14671"}],"wp:attachment":[{"href":"https:\/\/finelife.tv\/fr\/wp-json\/wp\/v2\/media?parent=14624"}],"wp:term":[{"taxonomy":"category","embeddable":true,"href":"https:\/\/finelife.tv\/fr\/wp-json\/wp\/v2\/categories?post=14624"},{"taxonomy":"post_tag","embeddable":true,"href":"https:\/\/finelife.tv\/fr\/wp-json\/wp\/v2\/tags?post=14624"}],"curies":[{"name":"wp","href":"https:\/\/api.w.org\/{rel}","templated":true}]}}