{"id":14854,"date":"2023-09-15T15:33:21","date_gmt":"2023-09-15T13:33:21","guid":{"rendered":"https:\/\/finelife.tv\/fr\/?p=14854"},"modified":"2023-10-21T19:29:16","modified_gmt":"2023-10-21T17:29:16","slug":"expo-street-art-et-affects-artistiques-au-palais-de-tokyo","status":"publish","type":"post","link":"https:\/\/finelife.tv\/fr\/2023\/09\/15\/expo-street-art-et-affects-artistiques-au-palais-de-tokyo\/","title":{"rendered":"Expo : street art et affects artistiques au Palais de Tokyo"},"content":{"rendered":"<div class=\"wp-block-image\">\n<figure class=\"aligncenter size-large\"><img loading=\"lazy\" decoding=\"async\" width=\"1024\" height=\"768\" src=\"https:\/\/finelife.tv\/fr\/wp-content\/uploads\/2023\/09\/img-src-22https-finelife.tvimage.jpg-alt-22Expo-street-art-et-affects-artistiques-au-palais-de-Tokyo22-1024x768.jpg\" alt=\"\" class=\"wp-image-14891\" srcset=\"https:\/\/finelife.tv\/fr\/wp-content\/uploads\/2023\/09\/img-src-22https-finelife.tvimage.jpg-alt-22Expo-street-art-et-affects-artistiques-au-palais-de-Tokyo22-1024x768.jpg 1024w, https:\/\/finelife.tv\/fr\/wp-content\/uploads\/2023\/09\/img-src-22https-finelife.tvimage.jpg-alt-22Expo-street-art-et-affects-artistiques-au-palais-de-Tokyo22-300x225.jpg 300w, https:\/\/finelife.tv\/fr\/wp-content\/uploads\/2023\/09\/img-src-22https-finelife.tvimage.jpg-alt-22Expo-street-art-et-affects-artistiques-au-palais-de-Tokyo22-768x576.jpg 768w, https:\/\/finelife.tv\/fr\/wp-content\/uploads\/2023\/09\/img-src-22https-finelife.tvimage.jpg-alt-22Expo-street-art-et-affects-artistiques-au-palais-de-Tokyo22-1536x1152.jpg 1536w, https:\/\/finelife.tv\/fr\/wp-content\/uploads\/2023\/09\/img-src-22https-finelife.tvimage.jpg-alt-22Expo-street-art-et-affects-artistiques-au-palais-de-Tokyo22-2048x1536.jpg 2048w\" sizes=\"auto, (max-width: 1024px) 100vw, 1024px\" \/><\/figure>\n<\/div>\n\n\n<p><strong>Expo : street art et affects artistiques au Palais de Tokyo. La morsure des Termites et les Mountaincutters boulottent la part du lion de cette programmation qui rec\u00e8le des p\u00e9pites comme les installations cosmogoniques de Marie-Claire Messouma Manlanbien<\/strong>.<\/p>\n\n\n\n<p>Le Palais de Tokyo s&rsquo;adapte au changement climatique. Pendant la canicule tardive de ce mois de septembre il fait bon d&rsquo;\u00e9carter de la verri\u00e8re et s&rsquo;enfoncer dans les sous-sols du b\u00e2timent. On y d\u00e9couvre une mise en sc\u00e8ne fourmili\u00e8re o\u00f9 se d\u00e9ploient les \u0153uvres de Laura Lamiel, des Mountaincutters et du collectif de street art La morsure des termites. <\/p>\n\n\n\n<p><\/p>\n\n\n\n<h2 class=\"wp-block-heading\">Laura Lamiel, Mountaincutters, La morsure des termites : le Palais de Tokyo s&rsquo;enterre<\/h2>\n\n\n\n<p>\u00ab\u00a0L&rsquo;ensemble est plac\u00e9 sous le signe du Faire. Nous pr\u00e9sentons quatre expositions, trois monographies d&rsquo;artistes et un collectif \u00a0\u00bb explique Guillaume D\u00e9sanges pr\u00e9sident du palais de Tokyo.<\/p>\n\n\n\n<h3 class=\"wp-block-heading has-text-align-center\">Laura Lamiel : fantasmes sonores ?<\/h3>\n\n\n<div class=\"wp-block-image\">\n<figure class=\"aligncenter size-large\"><img loading=\"lazy\" decoding=\"async\" width=\"768\" height=\"1024\" src=\"https:\/\/finelife.tv\/fr\/wp-content\/uploads\/2023\/09\/img-src-https-finelife.tvimage.jpg-alt-22Expo-street-art-et-affects-artistiques-au-palais-de-Tokyo-parterre-de-verre22-768x1024.jpg\" alt=\"\" class=\"wp-image-14882\" srcset=\"https:\/\/finelife.tv\/fr\/wp-content\/uploads\/2023\/09\/img-src-https-finelife.tvimage.jpg-alt-22Expo-street-art-et-affects-artistiques-au-palais-de-Tokyo-parterre-de-verre22-768x1024.jpg 768w, https:\/\/finelife.tv\/fr\/wp-content\/uploads\/2023\/09\/img-src-https-finelife.tvimage.jpg-alt-22Expo-street-art-et-affects-artistiques-au-palais-de-Tokyo-parterre-de-verre22-225x300.jpg 225w, https:\/\/finelife.tv\/fr\/wp-content\/uploads\/2023\/09\/img-src-https-finelife.tvimage.jpg-alt-22Expo-street-art-et-affects-artistiques-au-palais-de-Tokyo-parterre-de-verre22-1152x1536.jpg 1152w, https:\/\/finelife.tv\/fr\/wp-content\/uploads\/2023\/09\/img-src-https-finelife.tvimage.jpg-alt-22Expo-street-art-et-affects-artistiques-au-palais-de-Tokyo-parterre-de-verre22-1536x2048.jpg 1536w, https:\/\/finelife.tv\/fr\/wp-content\/uploads\/2023\/09\/img-src-https-finelife.tvimage.jpg-alt-22Expo-street-art-et-affects-artistiques-au-palais-de-Tokyo-parterre-de-verre22-scaled.jpg 1920w\" sizes=\"auto, (max-width: 768px) 100vw, 768px\" \/><\/figure>\n<\/div>\n\n\n<p> Premi\u00e8re installation souterraine : Laura Lamiel.<\/p>\n\n\n\n<p>\u00ab\u00a0Une artiste litt\u00e9raire qui r\u00e9siste au langage comme aux classifications et d\u00e9ploie ici une installation globale\u00a0\u00bb estime le commissaire Yoann Gourmel. De fait, Laura Lamiel joue avec les bris de verre et les livres comme avec les mati\u00e8res. <\/p>\n\n\n<div class=\"wp-block-image\">\n<figure class=\"aligncenter size-large\"><img loading=\"lazy\" decoding=\"async\" width=\"768\" height=\"1024\" src=\"https:\/\/finelife.tv\/fr\/wp-content\/uploads\/2023\/09\/img-src-22https-finelife.tvimage.jpg-alt-22Expo-street-art-et-affects-artistiques-au-palais-de-Tokyo-murs-tissus-laura-lamiel22-768x1024.jpg\" alt=\"\" class=\"wp-image-14883\" srcset=\"https:\/\/finelife.tv\/fr\/wp-content\/uploads\/2023\/09\/img-src-22https-finelife.tvimage.jpg-alt-22Expo-street-art-et-affects-artistiques-au-palais-de-Tokyo-murs-tissus-laura-lamiel22-768x1024.jpg 768w, https:\/\/finelife.tv\/fr\/wp-content\/uploads\/2023\/09\/img-src-22https-finelife.tvimage.jpg-alt-22Expo-street-art-et-affects-artistiques-au-palais-de-Tokyo-murs-tissus-laura-lamiel22-225x300.jpg 225w, https:\/\/finelife.tv\/fr\/wp-content\/uploads\/2023\/09\/img-src-22https-finelife.tvimage.jpg-alt-22Expo-street-art-et-affects-artistiques-au-palais-de-Tokyo-murs-tissus-laura-lamiel22-1152x1536.jpg 1152w, https:\/\/finelife.tv\/fr\/wp-content\/uploads\/2023\/09\/img-src-22https-finelife.tvimage.jpg-alt-22Expo-street-art-et-affects-artistiques-au-palais-de-Tokyo-murs-tissus-laura-lamiel22-1536x2048.jpg 1536w, https:\/\/finelife.tv\/fr\/wp-content\/uploads\/2023\/09\/img-src-22https-finelife.tvimage.jpg-alt-22Expo-street-art-et-affects-artistiques-au-palais-de-Tokyo-murs-tissus-laura-lamiel22-scaled.jpg 1920w\" sizes=\"auto, (max-width: 768px) 100vw, 768px\" \/><\/figure>\n<\/div>\n\n\n<p>Ses manteaux de coton rappellent \u00e0 la fois la mue et le soin \u00e0 travers la gaze qui entoure les \u00e9corchures. Il se cr\u00e9e un dialogue sc\u00e9nographique avec l&rsquo;installation faite de bris de verre qui \u00e9voque le danger. <\/p>\n\n\n\n<p>Danger qui est \u00e9galement sugg\u00e9r\u00e9 par le vert, l&rsquo;une des couleurs du parcours. Quid du titre \u00ab\u00a0Vous les entendez\u00a0\u00bb ? Oui en effet qui ou quoi entendons-nous? Les voix (int\u00e9rieures) ou bien le bruit des termites qui creusent les fondations ? Peut-\u00eatre aussi les lucioles en r\u00e9f\u00e9rence \u00e0 Francis Ponge sugg\u00e8re le commissaire. Ambiance hant\u00e9e. Fantasme sonores ? Peut-\u00eatre. Affect artistique, certainement. <\/p>\n\n\n\n<h3 class=\"wp-block-heading has-text-align-center\">Mountaincutters corps et espaces affect\u00e9s<\/h3>\n\n\n<div class=\"wp-block-image\">\n<figure class=\"aligncenter size-full\"><img loading=\"lazy\" decoding=\"async\" width=\"575\" height=\"877\" src=\"https:\/\/finelife.tv\/fr\/wp-content\/uploads\/2023\/09\/img-src-22https-finelife.tvimage.jpg-alt-22Expo-street-art-et-affects-artistiques-au-palais-de-Tokyo-installation-cuivre-mointaincutters22.jpg\" alt=\"\" class=\"wp-image-14884\" srcset=\"https:\/\/finelife.tv\/fr\/wp-content\/uploads\/2023\/09\/img-src-22https-finelife.tvimage.jpg-alt-22Expo-street-art-et-affects-artistiques-au-palais-de-Tokyo-installation-cuivre-mointaincutters22.jpg 575w, https:\/\/finelife.tv\/fr\/wp-content\/uploads\/2023\/09\/img-src-22https-finelife.tvimage.jpg-alt-22Expo-street-art-et-affects-artistiques-au-palais-de-Tokyo-installation-cuivre-mointaincutters22-197x300.jpg 197w\" sizes=\"auto, (max-width: 575px) 100vw, 575px\" \/><\/figure>\n<\/div>\n\n\n<p>Affect\u00e9 par le changement climatique le duo de sculpteurs (trice) Mountaincutters ? Sans doute puisque leur nom renvoie directement \u00e0 la montagne et aux chocs (cut) subis. Mais aussi parce que les artistes travaillent toujours en relation avec l&rsquo;espace o\u00f9 ils interviennent. Le Palais de Tokyo ayant \u00e9t\u00e9 impact\u00e9 par les chaleurs de 2022, le process de cr\u00e9ation prend tout son sens. R\u00e9sultat, des \u0153uvres qui privil\u00e9gient le cuivre conducteur de chaleur comme le laiton et int\u00e8grent parfois des thermom\u00e8tres.<\/p>\n\n\n\n<p>Le duo s&rsquo;attache par ailleurs \u00e0 \u00ab\u00a0pr\u00e9sencialiser\u00a0\u00bb les corps. Des corps affect\u00e9s. Notamment ceux des  personnes \u00e0 mobilit\u00e9 r\u00e9duite. On croise ainsi des proth\u00e8ses. Plus loin un parterre d&rsquo;os, un poisson qui s&rsquo;appuie sur un tr\u00e9pied, un f\u00e9mur Neandertal. Un film montre l&rsquo;attaque d&rsquo;un gu\u00eape contre un abeille. Choc des corps de nouveau. <\/p>\n\n\n\n<h3 class=\"wp-block-heading has-text-align-center\">La morsure des termites<\/h3>\n\n\n<div class=\"wp-block-image\">\n<figure class=\"aligncenter size-large\"><img loading=\"lazy\" decoding=\"async\" width=\"768\" height=\"1024\" src=\"https:\/\/finelife.tv\/fr\/wp-content\/uploads\/2023\/09\/img-src-22https-finelife.tvimage.jpg-alt-22Expo-street-art-et-affects-artistiques-au-palais-de-Tokyo-tableau-la-morsure-des-termittes22-768x1024.jpg\" alt=\"\" class=\"wp-image-14885\" srcset=\"https:\/\/finelife.tv\/fr\/wp-content\/uploads\/2023\/09\/img-src-22https-finelife.tvimage.jpg-alt-22Expo-street-art-et-affects-artistiques-au-palais-de-Tokyo-tableau-la-morsure-des-termittes22-768x1024.jpg 768w, https:\/\/finelife.tv\/fr\/wp-content\/uploads\/2023\/09\/img-src-22https-finelife.tvimage.jpg-alt-22Expo-street-art-et-affects-artistiques-au-palais-de-Tokyo-tableau-la-morsure-des-termittes22-225x300.jpg 225w, https:\/\/finelife.tv\/fr\/wp-content\/uploads\/2023\/09\/img-src-22https-finelife.tvimage.jpg-alt-22Expo-street-art-et-affects-artistiques-au-palais-de-Tokyo-tableau-la-morsure-des-termittes22-1152x1536.jpg 1152w, https:\/\/finelife.tv\/fr\/wp-content\/uploads\/2023\/09\/img-src-22https-finelife.tvimage.jpg-alt-22Expo-street-art-et-affects-artistiques-au-palais-de-Tokyo-tableau-la-morsure-des-termittes22-1536x2048.jpg 1536w, https:\/\/finelife.tv\/fr\/wp-content\/uploads\/2023\/09\/img-src-22https-finelife.tvimage.jpg-alt-22Expo-street-art-et-affects-artistiques-au-palais-de-Tokyo-tableau-la-morsure-des-termittes22-scaled.jpg 1920w\" sizes=\"auto, (max-width: 768px) 100vw, 768px\" \/><\/figure>\n<\/div>\n\n\n<p>Toujours dans les profondeurs du Palais de Tokyo, une porte ouvre sur l&rsquo;exposition du collectif La morsure des termites. Au total 64 artistes r\u00e9unis sous l&rsquo;\u00e9tiquette de Vandalisme positif. Une exposition dans l&rsquo;exposition avec une sc\u00e9nographie qui multiplie les recoins et les enclaves de bois. On se perd dans ce foisonnement. Retenons toutefois deux pieds impressionnants. Peut-\u00eatre des pieds de g\u00e9ant pr\u00eats \u00e0 envoyer valser la fourmili\u00e8re.<\/p>\n\n\n<div class=\"wp-block-image\">\n<figure class=\"aligncenter size-large\"><img loading=\"lazy\" decoding=\"async\" width=\"768\" height=\"1024\" src=\"https:\/\/finelife.tv\/fr\/wp-content\/uploads\/2023\/09\/img-src-22https-finelife.tvimage.jpg-alt-22Expo-street-art-et-affects-artistiques-au-palais-de-Tokyo_pieds-morsure-termites22-768x1024.jpg\" alt=\"\" class=\"wp-image-14886\" srcset=\"https:\/\/finelife.tv\/fr\/wp-content\/uploads\/2023\/09\/img-src-22https-finelife.tvimage.jpg-alt-22Expo-street-art-et-affects-artistiques-au-palais-de-Tokyo_pieds-morsure-termites22-768x1024.jpg 768w, https:\/\/finelife.tv\/fr\/wp-content\/uploads\/2023\/09\/img-src-22https-finelife.tvimage.jpg-alt-22Expo-street-art-et-affects-artistiques-au-palais-de-Tokyo_pieds-morsure-termites22-225x300.jpg 225w, https:\/\/finelife.tv\/fr\/wp-content\/uploads\/2023\/09\/img-src-22https-finelife.tvimage.jpg-alt-22Expo-street-art-et-affects-artistiques-au-palais-de-Tokyo_pieds-morsure-termites22-1152x1536.jpg 1152w, https:\/\/finelife.tv\/fr\/wp-content\/uploads\/2023\/09\/img-src-22https-finelife.tvimage.jpg-alt-22Expo-street-art-et-affects-artistiques-au-palais-de-Tokyo_pieds-morsure-termites22-1536x2048.jpg 1536w, https:\/\/finelife.tv\/fr\/wp-content\/uploads\/2023\/09\/img-src-22https-finelife.tvimage.jpg-alt-22Expo-street-art-et-affects-artistiques-au-palais-de-Tokyo_pieds-morsure-termites22-scaled.jpg 1920w\" sizes=\"auto, (max-width: 768px) 100vw, 768px\" \/><\/figure>\n<\/div>\n\n\n<h2 class=\"wp-block-heading\">La po\u00e9sie artisanale et cosmogonique de Marie-Claire Messouma Manlanbien<\/h2>\n\n\n<div class=\"wp-block-image\">\n<figure class=\"aligncenter size-large\"><img loading=\"lazy\" decoding=\"async\" width=\"932\" height=\"1024\" src=\"https:\/\/finelife.tv\/fr\/wp-content\/uploads\/2023\/09\/img-src-22https-finelife.tvimage.jpg-alt-22Expo-street-art-et-affects-artistiques-au-palais-de-Tokyo-tenture-murale22-932x1024.jpg\" alt=\"\" class=\"wp-image-14876\" srcset=\"https:\/\/finelife.tv\/fr\/wp-content\/uploads\/2023\/09\/img-src-22https-finelife.tvimage.jpg-alt-22Expo-street-art-et-affects-artistiques-au-palais-de-Tokyo-tenture-murale22-932x1024.jpg 932w, https:\/\/finelife.tv\/fr\/wp-content\/uploads\/2023\/09\/img-src-22https-finelife.tvimage.jpg-alt-22Expo-street-art-et-affects-artistiques-au-palais-de-Tokyo-tenture-murale22-273x300.jpg 273w, https:\/\/finelife.tv\/fr\/wp-content\/uploads\/2023\/09\/img-src-22https-finelife.tvimage.jpg-alt-22Expo-street-art-et-affects-artistiques-au-palais-de-Tokyo-tenture-murale22-768x844.jpg 768w, https:\/\/finelife.tv\/fr\/wp-content\/uploads\/2023\/09\/img-src-22https-finelife.tvimage.jpg-alt-22Expo-street-art-et-affects-artistiques-au-palais-de-Tokyo-tenture-murale22-1398x1536.jpg 1398w, https:\/\/finelife.tv\/fr\/wp-content\/uploads\/2023\/09\/img-src-22https-finelife.tvimage.jpg-alt-22Expo-street-art-et-affects-artistiques-au-palais-de-Tokyo-tenture-murale22-1864x2048.jpg 1864w\" sizes=\"auto, (max-width: 932px) 100vw, 932px\" \/><\/figure>\n<\/div>\n\n\n<p><\/p>\n\n\n\n<p>\u00c0 l&rsquo;entr\u00e9e \u00ab\u00a0a\u00e9rienne\u00a0\u00bb du Palais de Tokyo, Le Faire accueille avec un geste qui tombe du plafond au sol, s&rsquo;\u00e9tend sur plusieurs m\u00e8tres et p\u00e8se de solides kilos. C&rsquo;est une tenture o\u00f9 dansent la terre, le ciel, la mer, \u00e9l\u00e9ments stylis\u00e9s de la culture cr\u00e9ole et plus particuli\u00e8rement ivoirienne. Une commande de la ville de Montrouge \u00e0 la cr\u00e9atrice Marie-Claire Messouma Manlanbien. \u00ab\u00a0La pratique artisanale de l&rsquo;artiste fait cohabiter les cultures dans un syncr\u00e9tisme formel, cousant litt\u00e9ralement les unes aux autres des r\u00e9f\u00e9rences spirituelles, symboliques, v\u00e9g\u00e9tales et humaines\u00a0\u00bb explique sa commissaire, Daria de Bauvais.<\/p>\n\n\n<div class=\"wp-block-image\">\n<figure class=\"aligncenter size-large\"><img loading=\"lazy\" decoding=\"async\" width=\"768\" height=\"1024\" src=\"https:\/\/finelife.tv\/fr\/wp-content\/uploads\/2023\/09\/img-src-22https-finelife.tvimage.jpg-alt-22Expo-street-art-et-affects-artistiques-au-palais-de-Tokyo-oeuvres-tissu-marie-messouma-manlanbien22-768x1024.jpg\" alt=\"\" class=\"wp-image-14879\" srcset=\"https:\/\/finelife.tv\/fr\/wp-content\/uploads\/2023\/09\/img-src-22https-finelife.tvimage.jpg-alt-22Expo-street-art-et-affects-artistiques-au-palais-de-Tokyo-oeuvres-tissu-marie-messouma-manlanbien22-768x1024.jpg 768w, https:\/\/finelife.tv\/fr\/wp-content\/uploads\/2023\/09\/img-src-22https-finelife.tvimage.jpg-alt-22Expo-street-art-et-affects-artistiques-au-palais-de-Tokyo-oeuvres-tissu-marie-messouma-manlanbien22-225x300.jpg 225w, https:\/\/finelife.tv\/fr\/wp-content\/uploads\/2023\/09\/img-src-22https-finelife.tvimage.jpg-alt-22Expo-street-art-et-affects-artistiques-au-palais-de-Tokyo-oeuvres-tissu-marie-messouma-manlanbien22-1152x1536.jpg 1152w, https:\/\/finelife.tv\/fr\/wp-content\/uploads\/2023\/09\/img-src-22https-finelife.tvimage.jpg-alt-22Expo-street-art-et-affects-artistiques-au-palais-de-Tokyo-oeuvres-tissu-marie-messouma-manlanbien22-1536x2048.jpg 1536w, https:\/\/finelife.tv\/fr\/wp-content\/uploads\/2023\/09\/img-src-22https-finelife.tvimage.jpg-alt-22Expo-street-art-et-affects-artistiques-au-palais-de-Tokyo-oeuvres-tissu-marie-messouma-manlanbien22-scaled.jpg 1920w\" sizes=\"auto, (max-width: 768px) 100vw, 768px\" \/><\/figure>\n<\/div>\n\n\n<p>De fait cette exposition est la plus vibrante, celle o\u00f9 le geste cr\u00e9atif palpite. Le Faire est ici transdisciplinaire : sculpture, peinture, objets augment\u00e9s, maps (cartes instaurant un dialogue entre supports). R\u00e9pondant au myst\u00e9rieux nom de \u00ab\u00a0L&rsquo;\u00catre, l&rsquo;Autre et l&rsquo;Entre\u00a0\u00bb, le parcours entrelace les \u00eatres et l&rsquo;environnement, les temps, les traces, les croyances. <\/p>\n\n\n\n<p> Des cosmogonie et des constellations se croisent. Des t\u00eates de crocodiles se dessinent avec plus loin des cheveux humains \u00e9voquant la magie et les forces spirituelles.<\/p>\n\n\n<div class=\"wp-block-image\">\n<figure class=\"aligncenter size-large\"><img loading=\"lazy\" decoding=\"async\" width=\"768\" height=\"1024\" src=\"https:\/\/finelife.tv\/fr\/wp-content\/uploads\/2023\/09\/img-src-22https-finelife.tvimage.jpg-alt-22Expo-street-art-et-affects-artistiques-au-palais-de-Tokyo-femmes-crocodiles22-768x1024.jpg\" alt=\"\" class=\"wp-image-14878\" srcset=\"https:\/\/finelife.tv\/fr\/wp-content\/uploads\/2023\/09\/img-src-22https-finelife.tvimage.jpg-alt-22Expo-street-art-et-affects-artistiques-au-palais-de-Tokyo-femmes-crocodiles22-768x1024.jpg 768w, https:\/\/finelife.tv\/fr\/wp-content\/uploads\/2023\/09\/img-src-22https-finelife.tvimage.jpg-alt-22Expo-street-art-et-affects-artistiques-au-palais-de-Tokyo-femmes-crocodiles22-225x300.jpg 225w, https:\/\/finelife.tv\/fr\/wp-content\/uploads\/2023\/09\/img-src-22https-finelife.tvimage.jpg-alt-22Expo-street-art-et-affects-artistiques-au-palais-de-Tokyo-femmes-crocodiles22-1152x1536.jpg 1152w, https:\/\/finelife.tv\/fr\/wp-content\/uploads\/2023\/09\/img-src-22https-finelife.tvimage.jpg-alt-22Expo-street-art-et-affects-artistiques-au-palais-de-Tokyo-femmes-crocodiles22-1536x2048.jpg 1536w, https:\/\/finelife.tv\/fr\/wp-content\/uploads\/2023\/09\/img-src-22https-finelife.tvimage.jpg-alt-22Expo-street-art-et-affects-artistiques-au-palais-de-Tokyo-femmes-crocodiles22-scaled.jpg 1920w\" sizes=\"auto, (max-width: 768px) 100vw, 768px\" \/><\/figure>\n<\/div>\n\n\n<p>On s&rsquo;attarde en particulier sur l&rsquo;\u0153uvre Take Care. Une sorte d&rsquo;autel de soins o\u00f9 domine le cuivre. On distingue \u00e9galement de la c\u00e9ramique, des pierres pr\u00e9cieuses et des plantes m\u00e9dicinales comme l&rsquo;eucalyptus ou encore le v\u00e9tiver offertes parfois dans des coupes. L&rsquo;artiste intrique des sph\u00e8res, des n\u0153uds r\u00e9f\u00e9rence \u00e0 la mythologie matriarcale Akan, mais aussi aux savoirs. Des \u00e9l\u00e9ments qui \u00e9voquent des organes humains renvoient \u00e0 une maternit\u00e9 po\u00e9tique. <\/p>\n\n\n\n<p><\/p>\n\n\n\n<h2 class=\"wp-block-heading has-text-align-center has-background\" style=\"background:radial-gradient(rgb(238,238,238) 0%,rgb(169,184,195) 100%)\">INFOS<\/h2>\n\n\n\n<p>Expositions Laura Lamiel, Mountaincutters, la Morsure de termites, Marie-Claire Messouma Manlanbien<\/p>\n\n\n\n<p>Palais de Tokyo jusqu&rsquo;au 17 septembre<\/p>\n\n\n\n<p><a href=\"https:\/\/palaisdetokyo.com\/\">https:\/\/palaisdetokyo.com\/<\/a><\/p>\n\n\n\n<p><\/p>\n\n\n\n<p>Related article Expo : street art et affects artistiques au palais de Tokyo<\/p>\n\n\n\n<p><strong>Le Palais de Tokyo r\u00e9clame la terre<\/strong> <a href=\"https:\/\/finelife.tv\/fr\/2022\/05\/12\/le-palais-de-tokyo-reclame-la-terre\/\">https:\/\/finelife.tv\/fr\/2022\/05\/12\/le-palais-de-tokyo-reclame-la-terre\/<\/a><\/p>\n\n\n\n<figure class=\"wp-block-embed is-type-wp-embed is-provider-finelife-tv wp-block-embed-finelife-tv\"><div class=\"wp-block-embed__wrapper\">\n<blockquote class=\"wp-embedded-content\" data-secret=\"4aAGdgD3wD\"><a href=\"https:\/\/finelife.tv\/fr\/2023\/10\/21\/paris-par-art-basel-focus-textiles\/\">Paris+ par Art Basel focus textiles<\/a><\/blockquote><iframe loading=\"lazy\" class=\"wp-embedded-content\" sandbox=\"allow-scripts\" security=\"restricted\" style=\"position: absolute; clip: rect(1px, 1px, 1px, 1px);\" title=\"\u00ab\u00a0Paris+ par Art Basel focus textiles\u00a0\u00bb &#8212; FineLife.tv\" src=\"https:\/\/finelife.tv\/fr\/2023\/10\/21\/paris-par-art-basel-focus-textiles\/embed\/#?secret=Ay4mcYbhNN#?secret=4aAGdgD3wD\" data-secret=\"4aAGdgD3wD\" width=\"500\" height=\"282\" frameborder=\"0\" marginwidth=\"0\" marginheight=\"0\" scrolling=\"no\"><\/iframe>\n<\/div><\/figure>\n","protected":false},"excerpt":{"rendered":"<p>Expo : street art et affects artistiques au Palais de Tokyo. Une programmation qui rec\u00e8le des p\u00e9pites en particulier les installations cosmogoniques de Marie-Claire Messouma Manlanbien<\/p>\n","protected":false},"author":1,"featured_media":0,"comment_status":"open","ping_status":"open","sticky":false,"template":"","format":"standard","meta":{"footnotes":""},"categories":[4],"tags":[22,448,68,1621],"class_list":["post-14854","post","type-post","status-publish","format-standard","hentry","category-blog","tag-art","tag-art-contemporain","tag-exposition","tag-palais-de-tokyo"],"yoast_head":"<!-- This site is optimized with the Yoast SEO plugin v27.5 - https:\/\/yoast.com\/product\/yoast-seo-wordpress\/ -->\n<title>Expo : street art et affects artistiques au Palais de Tokyo - FineLife.tv<\/title>\n<meta name=\"description\" content=\"Expo : street art et affects artistiques au Palais de Tokyo. Les Mountaincutters et La morsure des Termites boulottent la part du lion de cette programmation qui rec\u00e8le des p\u00e9pites comme les installations cosmogoniques de Marie-Claire Messouma Manlanbien\" \/>\n<meta name=\"robots\" content=\"index, follow, max-snippet:-1, max-image-preview:large, max-video-preview:-1\" \/>\n<link rel=\"canonical\" href=\"https:\/\/finelife.tv\/fr\/2023\/09\/15\/expo-street-art-et-affects-artistiques-au-palais-de-tokyo\/\" \/>\n<meta property=\"og:locale\" content=\"fr_FR\" \/>\n<meta property=\"og:type\" content=\"article\" \/>\n<meta property=\"og:title\" content=\"Expo : street art et affects artistiques au Palais de Tokyo - FineLife.tv\" \/>\n<meta property=\"og:description\" content=\"Expo : street art et affects artistiques au Palais de Tokyo. Les Mountaincutters et La morsure des Termites boulottent la part du lion de cette programmation qui rec\u00e8le des p\u00e9pites comme les installations cosmogoniques de Marie-Claire Messouma Manlanbien\" \/>\n<meta property=\"og:url\" content=\"https:\/\/finelife.tv\/fr\/2023\/09\/15\/expo-street-art-et-affects-artistiques-au-palais-de-tokyo\/\" \/>\n<meta property=\"og:site_name\" content=\"FineLife.tv\" \/>\n<meta property=\"article:published_time\" content=\"2023-09-15T13:33:21+00:00\" \/>\n<meta property=\"article:modified_time\" content=\"2023-10-21T17:29:16+00:00\" \/>\n<meta property=\"og:image\" content=\"https:\/\/finelife.tv\/fr\/wp-content\/uploads\/2023\/09\/img-src-22https-finelife.tvimage.jpg-alt-22Expo-street-art-et-affects-artistiques-au-palais-de-Tokyo22-1024x768.jpg\" \/>\n<meta name=\"author\" content=\"Leonore\" \/>\n<meta name=\"twitter:card\" content=\"summary_large_image\" \/>\n<meta name=\"twitter:creator\" content=\"@finelifetv\" \/>\n<meta name=\"twitter:site\" content=\"@finelifetv\" \/>\n<meta name=\"twitter:label1\" content=\"\u00c9crit par\" \/>\n\t<meta name=\"twitter:data1\" content=\"Leonore\" \/>\n\t<meta name=\"twitter:label2\" content=\"Dur\u00e9e de lecture estim\u00e9e\" \/>\n\t<meta name=\"twitter:data2\" content=\"6 minutes\" \/>\n<script type=\"application\/ld+json\" class=\"yoast-schema-graph\">{\"@context\":\"https:\\\/\\\/schema.org\",\"@graph\":[{\"@type\":\"Article\",\"@id\":\"https:\\\/\\\/finelife.tv\\\/fr\\\/2023\\\/09\\\/15\\\/expo-street-art-et-affects-artistiques-au-palais-de-tokyo\\\/#article\",\"isPartOf\":{\"@id\":\"https:\\\/\\\/finelife.tv\\\/fr\\\/2023\\\/09\\\/15\\\/expo-street-art-et-affects-artistiques-au-palais-de-tokyo\\\/\"},\"author\":{\"name\":\"Leonore\",\"@id\":\"https:\\\/\\\/finelife.tv\\\/fr\\\/#\\\/schema\\\/person\\\/e3d980b0c0b3dc5af01c3455893c8c52\"},\"headline\":\"Expo : street art et affects artistiques au Palais de Tokyo\",\"datePublished\":\"2023-09-15T13:33:21+00:00\",\"dateModified\":\"2023-10-21T17:29:16+00:00\",\"mainEntityOfPage\":{\"@id\":\"https:\\\/\\\/finelife.tv\\\/fr\\\/2023\\\/09\\\/15\\\/expo-street-art-et-affects-artistiques-au-palais-de-tokyo\\\/\"},\"wordCount\":890,\"commentCount\":2,\"image\":{\"@id\":\"https:\\\/\\\/finelife.tv\\\/fr\\\/2023\\\/09\\\/15\\\/expo-street-art-et-affects-artistiques-au-palais-de-tokyo\\\/#primaryimage\"},\"thumbnailUrl\":\"https:\\\/\\\/finelife.tv\\\/fr\\\/wp-content\\\/uploads\\\/2023\\\/09\\\/img-src-22https-finelife.tvimage.jpg-alt-22Expo-street-art-et-affects-artistiques-au-palais-de-Tokyo22-1024x768.jpg\",\"keywords\":[\"art\",\"art contemporain\",\"exposition\",\"palais de Tokyo\"],\"articleSection\":[\"Blog\"],\"inLanguage\":\"fr-FR\",\"potentialAction\":[{\"@type\":\"CommentAction\",\"name\":\"Comment\",\"target\":[\"https:\\\/\\\/finelife.tv\\\/fr\\\/2023\\\/09\\\/15\\\/expo-street-art-et-affects-artistiques-au-palais-de-tokyo\\\/#respond\"]}]},{\"@type\":\"WebPage\",\"@id\":\"https:\\\/\\\/finelife.tv\\\/fr\\\/2023\\\/09\\\/15\\\/expo-street-art-et-affects-artistiques-au-palais-de-tokyo\\\/\",\"url\":\"https:\\\/\\\/finelife.tv\\\/fr\\\/2023\\\/09\\\/15\\\/expo-street-art-et-affects-artistiques-au-palais-de-tokyo\\\/\",\"name\":\"Expo : street art et affects artistiques au Palais de Tokyo - FineLife.tv\",\"isPartOf\":{\"@id\":\"https:\\\/\\\/finelife.tv\\\/fr\\\/#website\"},\"primaryImageOfPage\":{\"@id\":\"https:\\\/\\\/finelife.tv\\\/fr\\\/2023\\\/09\\\/15\\\/expo-street-art-et-affects-artistiques-au-palais-de-tokyo\\\/#primaryimage\"},\"image\":{\"@id\":\"https:\\\/\\\/finelife.tv\\\/fr\\\/2023\\\/09\\\/15\\\/expo-street-art-et-affects-artistiques-au-palais-de-tokyo\\\/#primaryimage\"},\"thumbnailUrl\":\"https:\\\/\\\/finelife.tv\\\/fr\\\/wp-content\\\/uploads\\\/2023\\\/09\\\/img-src-22https-finelife.tvimage.jpg-alt-22Expo-street-art-et-affects-artistiques-au-palais-de-Tokyo22-1024x768.jpg\",\"datePublished\":\"2023-09-15T13:33:21+00:00\",\"dateModified\":\"2023-10-21T17:29:16+00:00\",\"author\":{\"@id\":\"https:\\\/\\\/finelife.tv\\\/fr\\\/#\\\/schema\\\/person\\\/e3d980b0c0b3dc5af01c3455893c8c52\"},\"description\":\"Expo : street art et affects artistiques au Palais de Tokyo. Les Mountaincutters et La morsure des Termites boulottent la part du lion de cette programmation qui rec\u00e8le des p\u00e9pites comme les installations cosmogoniques de Marie-Claire Messouma Manlanbien\",\"breadcrumb\":{\"@id\":\"https:\\\/\\\/finelife.tv\\\/fr\\\/2023\\\/09\\\/15\\\/expo-street-art-et-affects-artistiques-au-palais-de-tokyo\\\/#breadcrumb\"},\"inLanguage\":\"fr-FR\",\"potentialAction\":[{\"@type\":\"ReadAction\",\"target\":[\"https:\\\/\\\/finelife.tv\\\/fr\\\/2023\\\/09\\\/15\\\/expo-street-art-et-affects-artistiques-au-palais-de-tokyo\\\/\"]}]},{\"@type\":\"ImageObject\",\"inLanguage\":\"fr-FR\",\"@id\":\"https:\\\/\\\/finelife.tv\\\/fr\\\/2023\\\/09\\\/15\\\/expo-street-art-et-affects-artistiques-au-palais-de-tokyo\\\/#primaryimage\",\"url\":\"https:\\\/\\\/finelife.tv\\\/fr\\\/wp-content\\\/uploads\\\/2023\\\/09\\\/img-src-22https-finelife.tvimage.jpg-alt-22Expo-street-art-et-affects-artistiques-au-palais-de-Tokyo22-scaled.jpg\",\"contentUrl\":\"https:\\\/\\\/finelife.tv\\\/fr\\\/wp-content\\\/uploads\\\/2023\\\/09\\\/img-src-22https-finelife.tvimage.jpg-alt-22Expo-street-art-et-affects-artistiques-au-palais-de-Tokyo22-scaled.jpg\",\"width\":2560,\"height\":1920},{\"@type\":\"BreadcrumbList\",\"@id\":\"https:\\\/\\\/finelife.tv\\\/fr\\\/2023\\\/09\\\/15\\\/expo-street-art-et-affects-artistiques-au-palais-de-tokyo\\\/#breadcrumb\",\"itemListElement\":[{\"@type\":\"ListItem\",\"position\":1,\"name\":\"Accueil\",\"item\":\"https:\\\/\\\/finelife.tv\\\/fr\\\/\"},{\"@type\":\"ListItem\",\"position\":2,\"name\":\"Expo : street art et affects artistiques au Palais de Tokyo\"}]},{\"@type\":\"WebSite\",\"@id\":\"https:\\\/\\\/finelife.tv\\\/fr\\\/#website\",\"url\":\"https:\\\/\\\/finelife.tv\\\/fr\\\/\",\"name\":\"FineLife.tv\",\"description\":\"Quand l&#039;Art de vivre croise l&#039;Art de penser\",\"potentialAction\":[{\"@type\":\"SearchAction\",\"target\":{\"@type\":\"EntryPoint\",\"urlTemplate\":\"https:\\\/\\\/finelife.tv\\\/fr\\\/?s={search_term_string}\"},\"query-input\":{\"@type\":\"PropertyValueSpecification\",\"valueRequired\":true,\"valueName\":\"search_term_string\"}}],\"inLanguage\":\"fr-FR\"},{\"@type\":\"Person\",\"@id\":\"https:\\\/\\\/finelife.tv\\\/fr\\\/#\\\/schema\\\/person\\\/e3d980b0c0b3dc5af01c3455893c8c52\",\"name\":\"Leonore\",\"image\":{\"@type\":\"ImageObject\",\"inLanguage\":\"fr-FR\",\"@id\":\"https:\\\/\\\/secure.gravatar.com\\\/avatar\\\/9a2e5073417479f910ffdeee54da5ccf4f91eab62746ce0ae0e81124a9491a79?s=96&d=mm&r=g\",\"url\":\"https:\\\/\\\/secure.gravatar.com\\\/avatar\\\/9a2e5073417479f910ffdeee54da5ccf4f91eab62746ce0ae0e81124a9491a79?s=96&d=mm&r=g\",\"contentUrl\":\"https:\\\/\\\/secure.gravatar.com\\\/avatar\\\/9a2e5073417479f910ffdeee54da5ccf4f91eab62746ce0ae0e81124a9491a79?s=96&d=mm&r=g\",\"caption\":\"Leonore\"}}]}<\/script>\n<!-- \/ Yoast SEO plugin. -->","yoast_head_json":{"title":"Expo : street art et affects artistiques au Palais de Tokyo - FineLife.tv","description":"Expo : street art et affects artistiques au Palais de Tokyo. Les Mountaincutters et La morsure des Termites boulottent la part du lion de cette programmation qui rec\u00e8le des p\u00e9pites comme les installations cosmogoniques de Marie-Claire Messouma Manlanbien","robots":{"index":"index","follow":"follow","max-snippet":"max-snippet:-1","max-image-preview":"max-image-preview:large","max-video-preview":"max-video-preview:-1"},"canonical":"https:\/\/finelife.tv\/fr\/2023\/09\/15\/expo-street-art-et-affects-artistiques-au-palais-de-tokyo\/","og_locale":"fr_FR","og_type":"article","og_title":"Expo : street art et affects artistiques au Palais de Tokyo - FineLife.tv","og_description":"Expo : street art et affects artistiques au Palais de Tokyo. Les Mountaincutters et La morsure des Termites boulottent la part du lion de cette programmation qui rec\u00e8le des p\u00e9pites comme les installations cosmogoniques de Marie-Claire Messouma Manlanbien","og_url":"https:\/\/finelife.tv\/fr\/2023\/09\/15\/expo-street-art-et-affects-artistiques-au-palais-de-tokyo\/","og_site_name":"FineLife.tv","article_published_time":"2023-09-15T13:33:21+00:00","article_modified_time":"2023-10-21T17:29:16+00:00","og_image":[{"url":"https:\/\/finelife.tv\/fr\/wp-content\/uploads\/2023\/09\/img-src-22https-finelife.tvimage.jpg-alt-22Expo-street-art-et-affects-artistiques-au-palais-de-Tokyo22-1024x768.jpg","type":"","width":"","height":""}],"author":"Leonore","twitter_card":"summary_large_image","twitter_creator":"@finelifetv","twitter_site":"@finelifetv","twitter_misc":{"\u00c9crit par":"Leonore","Dur\u00e9e de lecture estim\u00e9e":"6 minutes"},"schema":{"@context":"https:\/\/schema.org","@graph":[{"@type":"Article","@id":"https:\/\/finelife.tv\/fr\/2023\/09\/15\/expo-street-art-et-affects-artistiques-au-palais-de-tokyo\/#article","isPartOf":{"@id":"https:\/\/finelife.tv\/fr\/2023\/09\/15\/expo-street-art-et-affects-artistiques-au-palais-de-tokyo\/"},"author":{"name":"Leonore","@id":"https:\/\/finelife.tv\/fr\/#\/schema\/person\/e3d980b0c0b3dc5af01c3455893c8c52"},"headline":"Expo : street art et affects artistiques au Palais de Tokyo","datePublished":"2023-09-15T13:33:21+00:00","dateModified":"2023-10-21T17:29:16+00:00","mainEntityOfPage":{"@id":"https:\/\/finelife.tv\/fr\/2023\/09\/15\/expo-street-art-et-affects-artistiques-au-palais-de-tokyo\/"},"wordCount":890,"commentCount":2,"image":{"@id":"https:\/\/finelife.tv\/fr\/2023\/09\/15\/expo-street-art-et-affects-artistiques-au-palais-de-tokyo\/#primaryimage"},"thumbnailUrl":"https:\/\/finelife.tv\/fr\/wp-content\/uploads\/2023\/09\/img-src-22https-finelife.tvimage.jpg-alt-22Expo-street-art-et-affects-artistiques-au-palais-de-Tokyo22-1024x768.jpg","keywords":["art","art contemporain","exposition","palais de Tokyo"],"articleSection":["Blog"],"inLanguage":"fr-FR","potentialAction":[{"@type":"CommentAction","name":"Comment","target":["https:\/\/finelife.tv\/fr\/2023\/09\/15\/expo-street-art-et-affects-artistiques-au-palais-de-tokyo\/#respond"]}]},{"@type":"WebPage","@id":"https:\/\/finelife.tv\/fr\/2023\/09\/15\/expo-street-art-et-affects-artistiques-au-palais-de-tokyo\/","url":"https:\/\/finelife.tv\/fr\/2023\/09\/15\/expo-street-art-et-affects-artistiques-au-palais-de-tokyo\/","name":"Expo : street art et affects artistiques au Palais de Tokyo - FineLife.tv","isPartOf":{"@id":"https:\/\/finelife.tv\/fr\/#website"},"primaryImageOfPage":{"@id":"https:\/\/finelife.tv\/fr\/2023\/09\/15\/expo-street-art-et-affects-artistiques-au-palais-de-tokyo\/#primaryimage"},"image":{"@id":"https:\/\/finelife.tv\/fr\/2023\/09\/15\/expo-street-art-et-affects-artistiques-au-palais-de-tokyo\/#primaryimage"},"thumbnailUrl":"https:\/\/finelife.tv\/fr\/wp-content\/uploads\/2023\/09\/img-src-22https-finelife.tvimage.jpg-alt-22Expo-street-art-et-affects-artistiques-au-palais-de-Tokyo22-1024x768.jpg","datePublished":"2023-09-15T13:33:21+00:00","dateModified":"2023-10-21T17:29:16+00:00","author":{"@id":"https:\/\/finelife.tv\/fr\/#\/schema\/person\/e3d980b0c0b3dc5af01c3455893c8c52"},"description":"Expo : street art et affects artistiques au Palais de Tokyo. Les Mountaincutters et La morsure des Termites boulottent la part du lion de cette programmation qui rec\u00e8le des p\u00e9pites comme les installations cosmogoniques de Marie-Claire Messouma Manlanbien","breadcrumb":{"@id":"https:\/\/finelife.tv\/fr\/2023\/09\/15\/expo-street-art-et-affects-artistiques-au-palais-de-tokyo\/#breadcrumb"},"inLanguage":"fr-FR","potentialAction":[{"@type":"ReadAction","target":["https:\/\/finelife.tv\/fr\/2023\/09\/15\/expo-street-art-et-affects-artistiques-au-palais-de-tokyo\/"]}]},{"@type":"ImageObject","inLanguage":"fr-FR","@id":"https:\/\/finelife.tv\/fr\/2023\/09\/15\/expo-street-art-et-affects-artistiques-au-palais-de-tokyo\/#primaryimage","url":"https:\/\/finelife.tv\/fr\/wp-content\/uploads\/2023\/09\/img-src-22https-finelife.tvimage.jpg-alt-22Expo-street-art-et-affects-artistiques-au-palais-de-Tokyo22-scaled.jpg","contentUrl":"https:\/\/finelife.tv\/fr\/wp-content\/uploads\/2023\/09\/img-src-22https-finelife.tvimage.jpg-alt-22Expo-street-art-et-affects-artistiques-au-palais-de-Tokyo22-scaled.jpg","width":2560,"height":1920},{"@type":"BreadcrumbList","@id":"https:\/\/finelife.tv\/fr\/2023\/09\/15\/expo-street-art-et-affects-artistiques-au-palais-de-tokyo\/#breadcrumb","itemListElement":[{"@type":"ListItem","position":1,"name":"Accueil","item":"https:\/\/finelife.tv\/fr\/"},{"@type":"ListItem","position":2,"name":"Expo : street art et affects artistiques au Palais de Tokyo"}]},{"@type":"WebSite","@id":"https:\/\/finelife.tv\/fr\/#website","url":"https:\/\/finelife.tv\/fr\/","name":"FineLife.tv","description":"Quand l&#039;Art de vivre croise l&#039;Art de penser","potentialAction":[{"@type":"SearchAction","target":{"@type":"EntryPoint","urlTemplate":"https:\/\/finelife.tv\/fr\/?s={search_term_string}"},"query-input":{"@type":"PropertyValueSpecification","valueRequired":true,"valueName":"search_term_string"}}],"inLanguage":"fr-FR"},{"@type":"Person","@id":"https:\/\/finelife.tv\/fr\/#\/schema\/person\/e3d980b0c0b3dc5af01c3455893c8c52","name":"Leonore","image":{"@type":"ImageObject","inLanguage":"fr-FR","@id":"https:\/\/secure.gravatar.com\/avatar\/9a2e5073417479f910ffdeee54da5ccf4f91eab62746ce0ae0e81124a9491a79?s=96&d=mm&r=g","url":"https:\/\/secure.gravatar.com\/avatar\/9a2e5073417479f910ffdeee54da5ccf4f91eab62746ce0ae0e81124a9491a79?s=96&d=mm&r=g","contentUrl":"https:\/\/secure.gravatar.com\/avatar\/9a2e5073417479f910ffdeee54da5ccf4f91eab62746ce0ae0e81124a9491a79?s=96&d=mm&r=g","caption":"Leonore"}}]}},"_links":{"self":[{"href":"https:\/\/finelife.tv\/fr\/wp-json\/wp\/v2\/posts\/14854","targetHints":{"allow":["GET"]}}],"collection":[{"href":"https:\/\/finelife.tv\/fr\/wp-json\/wp\/v2\/posts"}],"about":[{"href":"https:\/\/finelife.tv\/fr\/wp-json\/wp\/v2\/types\/post"}],"author":[{"embeddable":true,"href":"https:\/\/finelife.tv\/fr\/wp-json\/wp\/v2\/users\/1"}],"replies":[{"embeddable":true,"href":"https:\/\/finelife.tv\/fr\/wp-json\/wp\/v2\/comments?post=14854"}],"version-history":[{"count":36,"href":"https:\/\/finelife.tv\/fr\/wp-json\/wp\/v2\/posts\/14854\/revisions"}],"predecessor-version":[{"id":15506,"href":"https:\/\/finelife.tv\/fr\/wp-json\/wp\/v2\/posts\/14854\/revisions\/15506"}],"wp:attachment":[{"href":"https:\/\/finelife.tv\/fr\/wp-json\/wp\/v2\/media?parent=14854"}],"wp:term":[{"taxonomy":"category","embeddable":true,"href":"https:\/\/finelife.tv\/fr\/wp-json\/wp\/v2\/categories?post=14854"},{"taxonomy":"post_tag","embeddable":true,"href":"https:\/\/finelife.tv\/fr\/wp-json\/wp\/v2\/tags?post=14854"}],"curies":[{"name":"wp","href":"https:\/\/api.w.org\/{rel}","templated":true}]}}