{"id":15025,"date":"2023-09-30T14:15:46","date_gmt":"2023-09-30T12:15:46","guid":{"rendered":"https:\/\/finelife.tv\/fr\/?p=15025"},"modified":"2024-11-01T12:50:09","modified_gmt":"2024-11-01T11:50:09","slug":"expo-carolyn-drake-met-les-males-a-poil","status":"publish","type":"post","link":"https:\/\/finelife.tv\/fr\/2023\/09\/30\/expo-carolyn-drake-met-les-males-a-poil\/","title":{"rendered":"Expo Carolyn Drake met les m\u00e2les \u00e0 poil"},"content":{"rendered":"<div class=\"wp-block-image\">\n<figure class=\"aligncenter size-large\"><img loading=\"lazy\" decoding=\"async\" width=\"1024\" height=\"704\" src=\"https:\/\/finelife.tv\/fr\/wp-content\/uploads\/2023\/09\/img-src-22https-finelife.tvimage.jpg-alt-22Expo-Carolyn-Drake-met-les-males-a-poil22-1024x704.jpg\" alt=\"\" class=\"wp-image-15081\" srcset=\"https:\/\/finelife.tv\/fr\/wp-content\/uploads\/2023\/09\/img-src-22https-finelife.tvimage.jpg-alt-22Expo-Carolyn-Drake-met-les-males-a-poil22-1024x704.jpg 1024w, https:\/\/finelife.tv\/fr\/wp-content\/uploads\/2023\/09\/img-src-22https-finelife.tvimage.jpg-alt-22Expo-Carolyn-Drake-met-les-males-a-poil22-300x206.jpg 300w, https:\/\/finelife.tv\/fr\/wp-content\/uploads\/2023\/09\/img-src-22https-finelife.tvimage.jpg-alt-22Expo-Carolyn-Drake-met-les-males-a-poil22-768x528.jpg 768w, https:\/\/finelife.tv\/fr\/wp-content\/uploads\/2023\/09\/img-src-22https-finelife.tvimage.jpg-alt-22Expo-Carolyn-Drake-met-les-males-a-poil22-1536x1056.jpg 1536w, https:\/\/finelife.tv\/fr\/wp-content\/uploads\/2023\/09\/img-src-22https-finelife.tvimage.jpg-alt-22Expo-Carolyn-Drake-met-les-males-a-poil22-2048x1408.jpg 2048w\" sizes=\"auto, (max-width: 1024px) 100vw, 1024px\" \/><\/figure>\n<\/div>\n\n\n<p><strong>Expo Carolyn Drake met les m\u00e2les \u00e0 poil<\/strong> <strong>\u00e0 la Fondation Henri Cartier-Bresson. Men Untitled livre \u00e0 travers une trentaine de clich\u00e9s une version vuln\u00e9rable et parfois absurde de la masculinit\u00e9 derri\u00e8re ses st\u00e9r\u00e9otypes. Troublant !<\/strong><\/p>\n\n\n\n<p>\u00c0 l&rsquo;entr\u00e9e de l&rsquo;exposition des mains \u00e9mergent d&rsquo;un tissu bleu p\u00e9trole, bien claquant. La photo r\u00e9sume d&#8217;embl\u00e9e le sentiment g\u00e9n\u00e9ral. Une vuln\u00e9rabilit\u00e9 derri\u00e8re un \u00e9l\u00e9ment de d\u00e9cor, de construction d&rsquo;une identit\u00e9 sociale en m\u00eame temps qu&rsquo;une protection comme pour les tableaux. Une masculinit\u00e9 cach\u00e9e comme le corps des femmes par la burqua. <\/p>\n\n\n<div class=\"wp-block-image\">\n<figure class=\"aligncenter size-full\"><img loading=\"lazy\" decoding=\"async\" width=\"750\" height=\"906\" src=\"https:\/\/finelife.tv\/fr\/wp-content\/uploads\/2023\/09\/img-src-22https-finelife.tvimage.jpg-alt-22Expo-Carolyn-Drake-met-les-males-a-poil-blue-sheet-with-hands22.jpg\" alt=\"\" class=\"wp-image-15083\" srcset=\"https:\/\/finelife.tv\/fr\/wp-content\/uploads\/2023\/09\/img-src-22https-finelife.tvimage.jpg-alt-22Expo-Carolyn-Drake-met-les-males-a-poil-blue-sheet-with-hands22.jpg 750w, https:\/\/finelife.tv\/fr\/wp-content\/uploads\/2023\/09\/img-src-22https-finelife.tvimage.jpg-alt-22Expo-Carolyn-Drake-met-les-males-a-poil-blue-sheet-with-hands22-248x300.jpg 248w\" sizes=\"auto, (max-width: 750px) 100vw, 750px\" \/><figcaption class=\"wp-element-caption\">Blue sheet with Hands (John D), 2022 &#8211; @ Carolyn Drake \/ Magnum photos<\/figcaption><\/figure>\n<\/div>\n\n\n<p>Selon sa biographie, Carolyn Drake \u00ab\u00a0travaille sur des projets photographique au long cours qui cherchent \u00e0 interroger les r\u00e9cits historiques dominants et \u00e0 les r\u00e9imaginer de mani\u00e8re cr\u00e9ative\u00a0\u00bb. La photographe californienne est laur\u00e9ate 2023 du prix d\u00e9cern\u00e9 par la Fondation Henri Cartier-Bresson tous les deux ans. D&rsquo;un montant de 35 000 euros il aide \u00e0 la cr\u00e9ation d&rsquo;une \u0153uvre ou d&rsquo;un projet. Il s&rsquo;accompagne \u00e9galement d&rsquo;une exposition. <\/p>\n\n\n\n<p>Selon la cr\u00e9atrice Men Untitled r\u00e9sulte d&rsquo;une r\u00e9flexion de plus d&rsquo;un an qui, finalement, aboutit \u00e0 un corps masculin dont \u00ab\u00a0l&rsquo;autorit\u00e9 s&rsquo;\u00e9tait volatilis\u00e9e au moment o\u00f9 j&rsquo;avais pris la libert\u00e9 de regarder\u00a0\u00bb.<\/p>\n\n\n\n<p>ind\u00e9niablement l&rsquo;autorit\u00e9 est absente dans les <strong>cr\u00e2ne nus o\u00f9 perlent les circonvolutions du cerveau<\/strong>. Carolyn Drake choisit des mod\u00e8les \u00e2g\u00e9s au physique tr\u00e8s \u00e9loign\u00e9 d&rsquo;une image de magazine. Elle leur demande aussi de poser nu. Les nus masculins sont peu r\u00e9pandus \u00e0 l&rsquo;inverse des corps offerts des femmes. L&rsquo;Antique est loin. <\/p>\n\n\n<div class=\"wp-block-image\">\n<figure class=\"aligncenter size-large\"><img loading=\"lazy\" decoding=\"async\" width=\"1006\" height=\"1024\" src=\"https:\/\/finelife.tv\/fr\/wp-content\/uploads\/2023\/09\/img-src-22https-finelife.tvimage.jpg-alt-22Expo-Carolyn-Drake-met-les-males-a-poil-homme-et-outils22-1006x1024.jpg\" alt=\"\" class=\"wp-image-15085\" srcset=\"https:\/\/finelife.tv\/fr\/wp-content\/uploads\/2023\/09\/img-src-22https-finelife.tvimage.jpg-alt-22Expo-Carolyn-Drake-met-les-males-a-poil-homme-et-outils22-1006x1024.jpg 1006w, https:\/\/finelife.tv\/fr\/wp-content\/uploads\/2023\/09\/img-src-22https-finelife.tvimage.jpg-alt-22Expo-Carolyn-Drake-met-les-males-a-poil-homme-et-outils22-295x300.jpg 295w, https:\/\/finelife.tv\/fr\/wp-content\/uploads\/2023\/09\/img-src-22https-finelife.tvimage.jpg-alt-22Expo-Carolyn-Drake-met-les-males-a-poil-homme-et-outils22-768x782.jpg 768w, https:\/\/finelife.tv\/fr\/wp-content\/uploads\/2023\/09\/img-src-22https-finelife.tvimage.jpg-alt-22Expo-Carolyn-Drake-met-les-males-a-poil-homme-et-outils22-1509x1536.jpg 1509w, https:\/\/finelife.tv\/fr\/wp-content\/uploads\/2023\/09\/img-src-22https-finelife.tvimage.jpg-alt-22Expo-Carolyn-Drake-met-les-males-a-poil-homme-et-outils22-2012x2048.jpg 2012w\" sizes=\"auto, (max-width: 1006px) 100vw, 1006px\" \/><\/figure>\n<\/div>\n\n\n<p>Ce qui \u00e9merge est avant tout la fragilit\u00e9. Carolyn Drake travaille sur la peau fl\u00e9trie : corps et cr\u00e2nes de vieillards. La vuln\u00e9rabilit\u00e9 perce \u00e9galement \u00e0 travers la \u00ab\u00a0r\u00e9imagination\u00a0\u00bb des attributs de la masculinit\u00e9, de la chair aux m\u00e9tiers en passant par les activit\u00e9s. On saute alors d&rsquo;un homme en puissance, en majest\u00e9 \u00e0 l&rsquo;atelier, au garage, pr\u00e8s de motos et d&rsquo;outils divers \u00e0 un homme en fragilit\u00e9. L&rsquo;outil d&rsquo;acier contre un torse gras ou encore un <strong>corps d&rsquo;homme pendu par les pieds comme en r\u00e9paration \u00e0 la place de la moto de son atelier. <\/strong><\/p>\n\n\n\n<h2 class=\"wp-block-heading\">Mise en sc\u00e8ne entre installation et diptyques<\/h2>\n\n\n\n<p>Carolyn Drake fait son monde entre installation et diptyques. <strong>Samson victime des cr\u00e8mes de beaut\u00e9<\/strong>, <strong>centaure au bouquet<\/strong>, sexe aux miroirs &#8230;<\/p>\n\n\n<div class=\"wp-block-image\">\n<figure class=\"aligncenter size-large\"><img loading=\"lazy\" decoding=\"async\" width=\"768\" height=\"1024\" src=\"https:\/\/finelife.tv\/fr\/wp-content\/uploads\/2023\/09\/img-src-22https-finelife.tvimage.jpg-alt-22Expo-Carolyn-Drake-met-les-males-a-poil-installation-homme-coupe-cheveux22-768x1024.jpg\" alt=\"\" class=\"wp-image-15082\" srcset=\"https:\/\/finelife.tv\/fr\/wp-content\/uploads\/2023\/09\/img-src-22https-finelife.tvimage.jpg-alt-22Expo-Carolyn-Drake-met-les-males-a-poil-installation-homme-coupe-cheveux22-768x1024.jpg 768w, https:\/\/finelife.tv\/fr\/wp-content\/uploads\/2023\/09\/img-src-22https-finelife.tvimage.jpg-alt-22Expo-Carolyn-Drake-met-les-males-a-poil-installation-homme-coupe-cheveux22-225x300.jpg 225w, https:\/\/finelife.tv\/fr\/wp-content\/uploads\/2023\/09\/img-src-22https-finelife.tvimage.jpg-alt-22Expo-Carolyn-Drake-met-les-males-a-poil-installation-homme-coupe-cheveux22-1152x1536.jpg 1152w, https:\/\/finelife.tv\/fr\/wp-content\/uploads\/2023\/09\/img-src-22https-finelife.tvimage.jpg-alt-22Expo-Carolyn-Drake-met-les-males-a-poil-installation-homme-coupe-cheveux22-1536x2048.jpg 1536w, https:\/\/finelife.tv\/fr\/wp-content\/uploads\/2023\/09\/img-src-22https-finelife.tvimage.jpg-alt-22Expo-Carolyn-Drake-met-les-males-a-poil-installation-homme-coupe-cheveux22-scaled.jpg 1920w\" sizes=\"auto, (max-width: 768px) 100vw, 768px\" \/><\/figure>\n<\/div>\n\n\n<p>Au centre de l&rsquo;exposition une installation compos\u00e9e de trois parois couvertes de pages de journaux f\u00e9minins et de photos d&rsquo;actrices hollywoodiennes des ann\u00e9es cinquante. Tout ici incite \u00e0 se surpasser \u00e0 travers gym et cosm\u00e9tiques pour attendre beaut\u00e9 et sant\u00e9. Pour briller comme une star. Au milieu de cette Glory, un homme. Une vision de la masculinit\u00e9 entre le Joker en ultra d\u00e9pression, Edwart aux mains d&rsquo;argent, la cr\u00e9ature inachev\u00e9e de Tim Burton, et une marionnette cass\u00e9e. L&rsquo;homme est habill\u00e9 d&rsquo;un noir qui fait ressortir sa peau tr\u00e8s blanche sans doute pour r\u00e9pondre aux couleurs du fonds. Et peut-\u00eatre et surtout \u00e0 la vision brute de la masculinit\u00e9. Il porte des ciseaux et ses cheveux coup\u00e9s l&rsquo;entourent sur le sol comme une aur\u00e9ole d\u00e9chue. L&rsquo;image est forte. Alice Drake r\u00e9ussit ind\u00e9niablement son coup. Car l&rsquo;installation est un instantan\u00e9 d&rsquo;\u00e9branlement. Samson victime des standards de beaut\u00e9. <\/p>\n\n\n\n<p>Alice Drake s&rsquo;attache \u00e9galement aux diptyques. <\/p>\n\n\n\n<p>On distingue une sorte de <strong>centaure au bouquet<\/strong>. Le sexe est remplac\u00e9 par des fleurs, il se trouve en fait \u00e0 c\u00f4t\u00e9 sous forme de moulage dans une autre photo. Et aussi ce diptyque aux miroirs et photos. D&rsquo;un c\u00f4te un homme nu qui cache son torse et son sexe avec des miroirs et de l&rsquo;autre un homme habill\u00e9 qui cache sa t\u00eate avec des photos de femmes. <\/p>\n\n\n\n<h2 class=\"wp-block-heading\">M\u00e2les \u00e0 poil et en d\u00e9rision : un zeste d&rsquo;Erwin Wurm <\/h2>\n\n\n<div class=\"wp-block-image\">\n<figure class=\"aligncenter size-large\"><img loading=\"lazy\" decoding=\"async\" width=\"658\" height=\"1024\" src=\"https:\/\/finelife.tv\/fr\/wp-content\/uploads\/2023\/09\/img-src-22https-finelife.tvimage.jpg-alt-22Expo-Carolyn-Drake-met-les-males-a-poil-sexe-homme-sort-carton22-658x1024.jpg\" alt=\"\" class=\"wp-image-15084\" srcset=\"https:\/\/finelife.tv\/fr\/wp-content\/uploads\/2023\/09\/img-src-22https-finelife.tvimage.jpg-alt-22Expo-Carolyn-Drake-met-les-males-a-poil-sexe-homme-sort-carton22-658x1024.jpg 658w, https:\/\/finelife.tv\/fr\/wp-content\/uploads\/2023\/09\/img-src-22https-finelife.tvimage.jpg-alt-22Expo-Carolyn-Drake-met-les-males-a-poil-sexe-homme-sort-carton22-193x300.jpg 193w, https:\/\/finelife.tv\/fr\/wp-content\/uploads\/2023\/09\/img-src-22https-finelife.tvimage.jpg-alt-22Expo-Carolyn-Drake-met-les-males-a-poil-sexe-homme-sort-carton22-768x1196.jpg 768w, https:\/\/finelife.tv\/fr\/wp-content\/uploads\/2023\/09\/img-src-22https-finelife.tvimage.jpg-alt-22Expo-Carolyn-Drake-met-les-males-a-poil-sexe-homme-sort-carton22-987x1536.jpg 987w, https:\/\/finelife.tv\/fr\/wp-content\/uploads\/2023\/09\/img-src-22https-finelife.tvimage.jpg-alt-22Expo-Carolyn-Drake-met-les-males-a-poil-sexe-homme-sort-carton22-1316x2048.jpg 1316w, https:\/\/finelife.tv\/fr\/wp-content\/uploads\/2023\/09\/img-src-22https-finelife.tvimage.jpg-alt-22Expo-Carolyn-Drake-met-les-males-a-poil-sexe-homme-sort-carton22-scaled.jpg 1644w\" sizes=\"auto, (max-width: 658px) 100vw, 658px\" \/><\/figure>\n<\/div>\n\n\n<p>Enfin, dans certaines compositions photographiques on trouve un zeste d&rsquo;Erwin Wurm. L&rsquo;artiste autrichien s&rsquo;est fait conna\u00eetre par ses performances in situ mettant en sc\u00e8ne des personnages dans des situations ridicules. <\/p>\n\n\n\n<p>Ind\u00e9niablement la photo de <strong>l&rsquo;homme qui marche sur un tronc d&rsquo;arbre \u00e0 quatre pattes avec des chaussures aux mains<\/strong> comme aux pieds (photo principale) fait r\u00e9f\u00e9rence \u00e0 l&rsquo;absurde cher au cr\u00e9ateur. Comme le fait aussi le clich\u00e9 du <strong>sexe masculin qui sort d&rsquo;un grand carton<\/strong>. Et \u00e9videmment le tr\u00e8s beau noir et blanc d&rsquo;un homme nu aux sneakers sur la t\u00eate et un pied. Une r\u00e9f\u00e9rence en clair obscur \u00e0 la fois \u00e0 Wurm et au Caravage. <\/p>\n\n\n\n<p>Car l&rsquo;exposition de <strong>Carolyn Drake qui met les m\u00e2les \u00e0 poil les met aussi en tableaux<\/strong>. Comme en t\u00e9moigne l&rsquo;<strong>homme courtisane qui pose nu sur un sofa<\/strong> et fait face \u00e0 un autre <strong>homme dans la boue<\/strong>. Grandeur, d\u00e9cadence et r\u00e9imagination de la masculinit\u00e9 commune.<\/p>\n\n\n\n<h2 class=\"wp-block-heading has-text-align-center has-background\" style=\"background:radial-gradient(rgb(238,238,238) 0%,rgb(169,184,195) 100%)\">INFOS<\/h2>\n\n\n\n<p><strong>Men Untilted <\/strong><\/p>\n\n\n\n<p>Carolyn Drake<\/p>\n\n\n\n<p><strong><a href=\"https:\/\/www.henricartierbresson.org\/\">Fondation Henri Cartier-Bresson<\/a><\/strong><\/p>\n\n\n\n<p>Related article  Expo Carolyn Drake met les m\u00e2les \u00e0 poil<\/p>\n\n\n\n<p><strong><a href=\"https:\/\/finelife.tv\/fr\/2020\/10\/22\/erwin-wurm-philo-photographies-mep\/\">Erwin Wurm philo photographies MEP<\/a><\/strong><\/p>\n\n\n\n<p><strong><a href=\"https:\/\/finelife.tv\/fr\/2024\/11\/01\/expo-la-fondation-henri-cartier-bresson-interroge-lidentite-et-la-trace\/\">Expo La Fondation Henri Cartier-Bresson interroge l\u2019identit\u00e9 et la trace<\/a><\/strong><\/p>\n","protected":false},"excerpt":{"rendered":"<p>Expo Carolyn Drake met les m\u00e2les \u00e0 poil \u00e0 la Fondation Henri Cartier-Bresson. Men Untitled livre \u00e0 travers une trentaine de clich\u00e9s une version vuln\u00e9rable de la masculinit\u00e9 derri\u00e8re ses st\u00e9r\u00e9otypes. Troublant !<\/p>\n","protected":false},"author":1,"featured_media":0,"comment_status":"open","ping_status":"open","sticky":false,"template":"","format":"standard","meta":{"footnotes":""},"categories":[4],"tags":[22,4265,2674,4264,3537,4266,4267,1958],"class_list":["post-15025","post","type-post","status-publish","format-standard","hentry","category-blog","tag-art","tag-carolyn-drake","tag-erwin-wurm","tag-exposition-fcb","tag-fondation-henri-cartier-bresson","tag-masculinite","tag-nus-masculins","tag-photo"],"yoast_head":"<!-- This site is optimized with the Yoast SEO plugin v27.5 - https:\/\/yoast.com\/product\/yoast-seo-wordpress\/ -->\n<title>Expo Carolyn Drake met les m\u00e2les \u00e0 poil - FineLife.tv<\/title>\n<meta name=\"description\" content=\"Expo Carolyn Drake met les m\u00e2les \u00e0 poil \u00e0 la Fondation Henri Cartier-Bresson. Men Untitled livre \u00e0 travers une trentaine de clich\u00e9s une version vuln\u00e9rable de la masculinit\u00e9 derri\u00e8re ses st\u00e9r\u00e9otypes. Troublant !\" \/>\n<meta name=\"robots\" content=\"index, follow, max-snippet:-1, max-image-preview:large, max-video-preview:-1\" \/>\n<link rel=\"canonical\" href=\"https:\/\/finelife.tv\/fr\/2023\/09\/30\/expo-carolyn-drake-met-les-males-a-poil\/\" \/>\n<meta property=\"og:locale\" content=\"fr_FR\" \/>\n<meta property=\"og:type\" content=\"article\" \/>\n<meta property=\"og:title\" content=\"Expo Carolyn Drake met les m\u00e2les \u00e0 poil - FineLife.tv\" \/>\n<meta property=\"og:description\" content=\"Expo Carolyn Drake met les m\u00e2les \u00e0 poil \u00e0 la Fondation Henri Cartier-Bresson. Men Untitled livre \u00e0 travers une trentaine de clich\u00e9s une version vuln\u00e9rable de la masculinit\u00e9 derri\u00e8re ses st\u00e9r\u00e9otypes. Troublant !\" \/>\n<meta property=\"og:url\" content=\"https:\/\/finelife.tv\/fr\/2023\/09\/30\/expo-carolyn-drake-met-les-males-a-poil\/\" \/>\n<meta property=\"og:site_name\" content=\"FineLife.tv\" \/>\n<meta property=\"article:published_time\" content=\"2023-09-30T12:15:46+00:00\" \/>\n<meta property=\"article:modified_time\" content=\"2024-11-01T11:50:09+00:00\" \/>\n<meta property=\"og:image\" content=\"https:\/\/finelife.tv\/fr\/wp-content\/uploads\/2023\/09\/img-src-22https-finelife.tvimage.jpg-alt-22Expo-Carolyn-Drake-met-les-males-a-poil22-scaled.jpg\" \/>\n\t<meta property=\"og:image:width\" content=\"2560\" \/>\n\t<meta property=\"og:image:height\" content=\"1760\" \/>\n\t<meta property=\"og:image:type\" content=\"image\/jpeg\" \/>\n<meta name=\"author\" content=\"Leonore\" \/>\n<meta name=\"twitter:card\" content=\"summary_large_image\" \/>\n<meta name=\"twitter:creator\" content=\"@finelifetv\" \/>\n<meta name=\"twitter:site\" content=\"@finelifetv\" \/>\n<meta name=\"twitter:label1\" content=\"\u00c9crit par\" \/>\n\t<meta name=\"twitter:data1\" content=\"Leonore\" \/>\n\t<meta name=\"twitter:label2\" content=\"Dur\u00e9e de lecture estim\u00e9e\" \/>\n\t<meta name=\"twitter:data2\" content=\"6 minutes\" \/>\n<script type=\"application\/ld+json\" class=\"yoast-schema-graph\">{\"@context\":\"https:\\\/\\\/schema.org\",\"@graph\":[{\"@type\":\"Article\",\"@id\":\"https:\\\/\\\/finelife.tv\\\/fr\\\/2023\\\/09\\\/30\\\/expo-carolyn-drake-met-les-males-a-poil\\\/#article\",\"isPartOf\":{\"@id\":\"https:\\\/\\\/finelife.tv\\\/fr\\\/2023\\\/09\\\/30\\\/expo-carolyn-drake-met-les-males-a-poil\\\/\"},\"author\":{\"name\":\"Leonore\",\"@id\":\"https:\\\/\\\/finelife.tv\\\/fr\\\/#\\\/schema\\\/person\\\/e3d980b0c0b3dc5af01c3455893c8c52\"},\"headline\":\"Expo Carolyn Drake met les m\u00e2les \u00e0 poil\",\"datePublished\":\"2023-09-30T12:15:46+00:00\",\"dateModified\":\"2024-11-01T11:50:09+00:00\",\"mainEntityOfPage\":{\"@id\":\"https:\\\/\\\/finelife.tv\\\/fr\\\/2023\\\/09\\\/30\\\/expo-carolyn-drake-met-les-males-a-poil\\\/\"},\"wordCount\":895,\"commentCount\":2,\"image\":{\"@id\":\"https:\\\/\\\/finelife.tv\\\/fr\\\/2023\\\/09\\\/30\\\/expo-carolyn-drake-met-les-males-a-poil\\\/#primaryimage\"},\"thumbnailUrl\":\"https:\\\/\\\/finelife.tv\\\/fr\\\/wp-content\\\/uploads\\\/2023\\\/09\\\/img-src-22https-finelife.tvimage.jpg-alt-22Expo-Carolyn-Drake-met-les-males-a-poil22-1024x704.jpg\",\"keywords\":[\"art\",\"carolyn Drake\",\"Erwin Wurm\",\"exposition FCB\",\"fondation Henri Cartier-Bresson\",\"masculinit\u00e9\",\"nus masculins\",\"photo\"],\"articleSection\":[\"Blog\"],\"inLanguage\":\"fr-FR\",\"potentialAction\":[{\"@type\":\"CommentAction\",\"name\":\"Comment\",\"target\":[\"https:\\\/\\\/finelife.tv\\\/fr\\\/2023\\\/09\\\/30\\\/expo-carolyn-drake-met-les-males-a-poil\\\/#respond\"]}]},{\"@type\":\"WebPage\",\"@id\":\"https:\\\/\\\/finelife.tv\\\/fr\\\/2023\\\/09\\\/30\\\/expo-carolyn-drake-met-les-males-a-poil\\\/\",\"url\":\"https:\\\/\\\/finelife.tv\\\/fr\\\/2023\\\/09\\\/30\\\/expo-carolyn-drake-met-les-males-a-poil\\\/\",\"name\":\"Expo Carolyn Drake met les m\u00e2les \u00e0 poil - FineLife.tv\",\"isPartOf\":{\"@id\":\"https:\\\/\\\/finelife.tv\\\/fr\\\/#website\"},\"primaryImageOfPage\":{\"@id\":\"https:\\\/\\\/finelife.tv\\\/fr\\\/2023\\\/09\\\/30\\\/expo-carolyn-drake-met-les-males-a-poil\\\/#primaryimage\"},\"image\":{\"@id\":\"https:\\\/\\\/finelife.tv\\\/fr\\\/2023\\\/09\\\/30\\\/expo-carolyn-drake-met-les-males-a-poil\\\/#primaryimage\"},\"thumbnailUrl\":\"https:\\\/\\\/finelife.tv\\\/fr\\\/wp-content\\\/uploads\\\/2023\\\/09\\\/img-src-22https-finelife.tvimage.jpg-alt-22Expo-Carolyn-Drake-met-les-males-a-poil22-1024x704.jpg\",\"datePublished\":\"2023-09-30T12:15:46+00:00\",\"dateModified\":\"2024-11-01T11:50:09+00:00\",\"author\":{\"@id\":\"https:\\\/\\\/finelife.tv\\\/fr\\\/#\\\/schema\\\/person\\\/e3d980b0c0b3dc5af01c3455893c8c52\"},\"description\":\"Expo Carolyn Drake met les m\u00e2les \u00e0 poil \u00e0 la Fondation Henri Cartier-Bresson. Men Untitled livre \u00e0 travers une trentaine de clich\u00e9s une version vuln\u00e9rable de la masculinit\u00e9 derri\u00e8re ses st\u00e9r\u00e9otypes. Troublant !\",\"breadcrumb\":{\"@id\":\"https:\\\/\\\/finelife.tv\\\/fr\\\/2023\\\/09\\\/30\\\/expo-carolyn-drake-met-les-males-a-poil\\\/#breadcrumb\"},\"inLanguage\":\"fr-FR\",\"potentialAction\":[{\"@type\":\"ReadAction\",\"target\":[\"https:\\\/\\\/finelife.tv\\\/fr\\\/2023\\\/09\\\/30\\\/expo-carolyn-drake-met-les-males-a-poil\\\/\"]}]},{\"@type\":\"ImageObject\",\"inLanguage\":\"fr-FR\",\"@id\":\"https:\\\/\\\/finelife.tv\\\/fr\\\/2023\\\/09\\\/30\\\/expo-carolyn-drake-met-les-males-a-poil\\\/#primaryimage\",\"url\":\"https:\\\/\\\/finelife.tv\\\/fr\\\/wp-content\\\/uploads\\\/2023\\\/09\\\/img-src-22https-finelife.tvimage.jpg-alt-22Expo-Carolyn-Drake-met-les-males-a-poil22-scaled.jpg\",\"contentUrl\":\"https:\\\/\\\/finelife.tv\\\/fr\\\/wp-content\\\/uploads\\\/2023\\\/09\\\/img-src-22https-finelife.tvimage.jpg-alt-22Expo-Carolyn-Drake-met-les-males-a-poil22-scaled.jpg\",\"width\":2560,\"height\":1760},{\"@type\":\"BreadcrumbList\",\"@id\":\"https:\\\/\\\/finelife.tv\\\/fr\\\/2023\\\/09\\\/30\\\/expo-carolyn-drake-met-les-males-a-poil\\\/#breadcrumb\",\"itemListElement\":[{\"@type\":\"ListItem\",\"position\":1,\"name\":\"Accueil\",\"item\":\"https:\\\/\\\/finelife.tv\\\/fr\\\/\"},{\"@type\":\"ListItem\",\"position\":2,\"name\":\"Expo Carolyn Drake met les m\u00e2les \u00e0 poil\"}]},{\"@type\":\"WebSite\",\"@id\":\"https:\\\/\\\/finelife.tv\\\/fr\\\/#website\",\"url\":\"https:\\\/\\\/finelife.tv\\\/fr\\\/\",\"name\":\"FineLife.tv\",\"description\":\"Quand l&#039;Art de vivre croise l&#039;Art de penser\",\"potentialAction\":[{\"@type\":\"SearchAction\",\"target\":{\"@type\":\"EntryPoint\",\"urlTemplate\":\"https:\\\/\\\/finelife.tv\\\/fr\\\/?s={search_term_string}\"},\"query-input\":{\"@type\":\"PropertyValueSpecification\",\"valueRequired\":true,\"valueName\":\"search_term_string\"}}],\"inLanguage\":\"fr-FR\"},{\"@type\":\"Person\",\"@id\":\"https:\\\/\\\/finelife.tv\\\/fr\\\/#\\\/schema\\\/person\\\/e3d980b0c0b3dc5af01c3455893c8c52\",\"name\":\"Leonore\",\"image\":{\"@type\":\"ImageObject\",\"inLanguage\":\"fr-FR\",\"@id\":\"https:\\\/\\\/secure.gravatar.com\\\/avatar\\\/9a2e5073417479f910ffdeee54da5ccf4f91eab62746ce0ae0e81124a9491a79?s=96&d=mm&r=g\",\"url\":\"https:\\\/\\\/secure.gravatar.com\\\/avatar\\\/9a2e5073417479f910ffdeee54da5ccf4f91eab62746ce0ae0e81124a9491a79?s=96&d=mm&r=g\",\"contentUrl\":\"https:\\\/\\\/secure.gravatar.com\\\/avatar\\\/9a2e5073417479f910ffdeee54da5ccf4f91eab62746ce0ae0e81124a9491a79?s=96&d=mm&r=g\",\"caption\":\"Leonore\"}}]}<\/script>\n<!-- \/ Yoast SEO plugin. -->","yoast_head_json":{"title":"Expo Carolyn Drake met les m\u00e2les \u00e0 poil - FineLife.tv","description":"Expo Carolyn Drake met les m\u00e2les \u00e0 poil \u00e0 la Fondation Henri Cartier-Bresson. Men Untitled livre \u00e0 travers une trentaine de clich\u00e9s une version vuln\u00e9rable de la masculinit\u00e9 derri\u00e8re ses st\u00e9r\u00e9otypes. Troublant !","robots":{"index":"index","follow":"follow","max-snippet":"max-snippet:-1","max-image-preview":"max-image-preview:large","max-video-preview":"max-video-preview:-1"},"canonical":"https:\/\/finelife.tv\/fr\/2023\/09\/30\/expo-carolyn-drake-met-les-males-a-poil\/","og_locale":"fr_FR","og_type":"article","og_title":"Expo Carolyn Drake met les m\u00e2les \u00e0 poil - FineLife.tv","og_description":"Expo Carolyn Drake met les m\u00e2les \u00e0 poil \u00e0 la Fondation Henri Cartier-Bresson. Men Untitled livre \u00e0 travers une trentaine de clich\u00e9s une version vuln\u00e9rable de la masculinit\u00e9 derri\u00e8re ses st\u00e9r\u00e9otypes. Troublant !","og_url":"https:\/\/finelife.tv\/fr\/2023\/09\/30\/expo-carolyn-drake-met-les-males-a-poil\/","og_site_name":"FineLife.tv","article_published_time":"2023-09-30T12:15:46+00:00","article_modified_time":"2024-11-01T11:50:09+00:00","og_image":[{"width":2560,"height":1760,"url":"https:\/\/finelife.tv\/fr\/wp-content\/uploads\/2023\/09\/img-src-22https-finelife.tvimage.jpg-alt-22Expo-Carolyn-Drake-met-les-males-a-poil22-scaled.jpg","type":"image\/jpeg"}],"author":"Leonore","twitter_card":"summary_large_image","twitter_creator":"@finelifetv","twitter_site":"@finelifetv","twitter_misc":{"\u00c9crit par":"Leonore","Dur\u00e9e de lecture estim\u00e9e":"6 minutes"},"schema":{"@context":"https:\/\/schema.org","@graph":[{"@type":"Article","@id":"https:\/\/finelife.tv\/fr\/2023\/09\/30\/expo-carolyn-drake-met-les-males-a-poil\/#article","isPartOf":{"@id":"https:\/\/finelife.tv\/fr\/2023\/09\/30\/expo-carolyn-drake-met-les-males-a-poil\/"},"author":{"name":"Leonore","@id":"https:\/\/finelife.tv\/fr\/#\/schema\/person\/e3d980b0c0b3dc5af01c3455893c8c52"},"headline":"Expo Carolyn Drake met les m\u00e2les \u00e0 poil","datePublished":"2023-09-30T12:15:46+00:00","dateModified":"2024-11-01T11:50:09+00:00","mainEntityOfPage":{"@id":"https:\/\/finelife.tv\/fr\/2023\/09\/30\/expo-carolyn-drake-met-les-males-a-poil\/"},"wordCount":895,"commentCount":2,"image":{"@id":"https:\/\/finelife.tv\/fr\/2023\/09\/30\/expo-carolyn-drake-met-les-males-a-poil\/#primaryimage"},"thumbnailUrl":"https:\/\/finelife.tv\/fr\/wp-content\/uploads\/2023\/09\/img-src-22https-finelife.tvimage.jpg-alt-22Expo-Carolyn-Drake-met-les-males-a-poil22-1024x704.jpg","keywords":["art","carolyn Drake","Erwin Wurm","exposition FCB","fondation Henri Cartier-Bresson","masculinit\u00e9","nus masculins","photo"],"articleSection":["Blog"],"inLanguage":"fr-FR","potentialAction":[{"@type":"CommentAction","name":"Comment","target":["https:\/\/finelife.tv\/fr\/2023\/09\/30\/expo-carolyn-drake-met-les-males-a-poil\/#respond"]}]},{"@type":"WebPage","@id":"https:\/\/finelife.tv\/fr\/2023\/09\/30\/expo-carolyn-drake-met-les-males-a-poil\/","url":"https:\/\/finelife.tv\/fr\/2023\/09\/30\/expo-carolyn-drake-met-les-males-a-poil\/","name":"Expo Carolyn Drake met les m\u00e2les \u00e0 poil - FineLife.tv","isPartOf":{"@id":"https:\/\/finelife.tv\/fr\/#website"},"primaryImageOfPage":{"@id":"https:\/\/finelife.tv\/fr\/2023\/09\/30\/expo-carolyn-drake-met-les-males-a-poil\/#primaryimage"},"image":{"@id":"https:\/\/finelife.tv\/fr\/2023\/09\/30\/expo-carolyn-drake-met-les-males-a-poil\/#primaryimage"},"thumbnailUrl":"https:\/\/finelife.tv\/fr\/wp-content\/uploads\/2023\/09\/img-src-22https-finelife.tvimage.jpg-alt-22Expo-Carolyn-Drake-met-les-males-a-poil22-1024x704.jpg","datePublished":"2023-09-30T12:15:46+00:00","dateModified":"2024-11-01T11:50:09+00:00","author":{"@id":"https:\/\/finelife.tv\/fr\/#\/schema\/person\/e3d980b0c0b3dc5af01c3455893c8c52"},"description":"Expo Carolyn Drake met les m\u00e2les \u00e0 poil \u00e0 la Fondation Henri Cartier-Bresson. Men Untitled livre \u00e0 travers une trentaine de clich\u00e9s une version vuln\u00e9rable de la masculinit\u00e9 derri\u00e8re ses st\u00e9r\u00e9otypes. Troublant !","breadcrumb":{"@id":"https:\/\/finelife.tv\/fr\/2023\/09\/30\/expo-carolyn-drake-met-les-males-a-poil\/#breadcrumb"},"inLanguage":"fr-FR","potentialAction":[{"@type":"ReadAction","target":["https:\/\/finelife.tv\/fr\/2023\/09\/30\/expo-carolyn-drake-met-les-males-a-poil\/"]}]},{"@type":"ImageObject","inLanguage":"fr-FR","@id":"https:\/\/finelife.tv\/fr\/2023\/09\/30\/expo-carolyn-drake-met-les-males-a-poil\/#primaryimage","url":"https:\/\/finelife.tv\/fr\/wp-content\/uploads\/2023\/09\/img-src-22https-finelife.tvimage.jpg-alt-22Expo-Carolyn-Drake-met-les-males-a-poil22-scaled.jpg","contentUrl":"https:\/\/finelife.tv\/fr\/wp-content\/uploads\/2023\/09\/img-src-22https-finelife.tvimage.jpg-alt-22Expo-Carolyn-Drake-met-les-males-a-poil22-scaled.jpg","width":2560,"height":1760},{"@type":"BreadcrumbList","@id":"https:\/\/finelife.tv\/fr\/2023\/09\/30\/expo-carolyn-drake-met-les-males-a-poil\/#breadcrumb","itemListElement":[{"@type":"ListItem","position":1,"name":"Accueil","item":"https:\/\/finelife.tv\/fr\/"},{"@type":"ListItem","position":2,"name":"Expo Carolyn Drake met les m\u00e2les \u00e0 poil"}]},{"@type":"WebSite","@id":"https:\/\/finelife.tv\/fr\/#website","url":"https:\/\/finelife.tv\/fr\/","name":"FineLife.tv","description":"Quand l&#039;Art de vivre croise l&#039;Art de penser","potentialAction":[{"@type":"SearchAction","target":{"@type":"EntryPoint","urlTemplate":"https:\/\/finelife.tv\/fr\/?s={search_term_string}"},"query-input":{"@type":"PropertyValueSpecification","valueRequired":true,"valueName":"search_term_string"}}],"inLanguage":"fr-FR"},{"@type":"Person","@id":"https:\/\/finelife.tv\/fr\/#\/schema\/person\/e3d980b0c0b3dc5af01c3455893c8c52","name":"Leonore","image":{"@type":"ImageObject","inLanguage":"fr-FR","@id":"https:\/\/secure.gravatar.com\/avatar\/9a2e5073417479f910ffdeee54da5ccf4f91eab62746ce0ae0e81124a9491a79?s=96&d=mm&r=g","url":"https:\/\/secure.gravatar.com\/avatar\/9a2e5073417479f910ffdeee54da5ccf4f91eab62746ce0ae0e81124a9491a79?s=96&d=mm&r=g","contentUrl":"https:\/\/secure.gravatar.com\/avatar\/9a2e5073417479f910ffdeee54da5ccf4f91eab62746ce0ae0e81124a9491a79?s=96&d=mm&r=g","caption":"Leonore"}}]}},"_links":{"self":[{"href":"https:\/\/finelife.tv\/fr\/wp-json\/wp\/v2\/posts\/15025","targetHints":{"allow":["GET"]}}],"collection":[{"href":"https:\/\/finelife.tv\/fr\/wp-json\/wp\/v2\/posts"}],"about":[{"href":"https:\/\/finelife.tv\/fr\/wp-json\/wp\/v2\/types\/post"}],"author":[{"embeddable":true,"href":"https:\/\/finelife.tv\/fr\/wp-json\/wp\/v2\/users\/1"}],"replies":[{"embeddable":true,"href":"https:\/\/finelife.tv\/fr\/wp-json\/wp\/v2\/comments?post=15025"}],"version-history":[{"count":34,"href":"https:\/\/finelife.tv\/fr\/wp-json\/wp\/v2\/posts\/15025\/revisions"}],"predecessor-version":[{"id":20817,"href":"https:\/\/finelife.tv\/fr\/wp-json\/wp\/v2\/posts\/15025\/revisions\/20817"}],"wp:attachment":[{"href":"https:\/\/finelife.tv\/fr\/wp-json\/wp\/v2\/media?parent=15025"}],"wp:term":[{"taxonomy":"category","embeddable":true,"href":"https:\/\/finelife.tv\/fr\/wp-json\/wp\/v2\/categories?post=15025"},{"taxonomy":"post_tag","embeddable":true,"href":"https:\/\/finelife.tv\/fr\/wp-json\/wp\/v2\/tags?post=15025"}],"curies":[{"name":"wp","href":"https:\/\/api.w.org\/{rel}","templated":true}]}}