{"id":1532,"date":"2018-02-03T23:27:03","date_gmt":"2018-02-03T22:27:03","guid":{"rendered":"http:\/\/finelife.tv\/fr\/?p=1532"},"modified":"2022-06-24T22:46:06","modified_gmt":"2022-06-24T20:46:06","slug":"constance-guisset-actio-musee-arts-decoratifs","status":"publish","type":"post","link":"https:\/\/finelife.tv\/fr\/2018\/02\/03\/constance-guisset-actio-musee-arts-decoratifs\/","title":{"rendered":"Constance Guisset : Actio au Mus\u00e9e des Arts d\u00e9coratifs"},"content":{"rendered":"<p><img loading=\"lazy\" decoding=\"async\" class=\"size-medium wp-image-1553 aligncenter\" src=\"https:\/\/finelife.tv\/fr\/wp-content\/uploads\/2018\/02\/constance-guisset-actio-musee-arts-d\u00e9coratifs-vertigo-finelifetv-300x300.jpg\" alt=\"\" width=\"300\" height=\"300\" srcset=\"https:\/\/finelife.tv\/fr\/wp-content\/uploads\/2018\/02\/constance-guisset-actio-musee-arts-d\u00e9coratifs-vertigo-finelifetv-300x300.jpg 300w, https:\/\/finelife.tv\/fr\/wp-content\/uploads\/2018\/02\/constance-guisset-actio-musee-arts-d\u00e9coratifs-vertigo-finelifetv-150x150.jpg 150w, https:\/\/finelife.tv\/fr\/wp-content\/uploads\/2018\/02\/constance-guisset-actio-musee-arts-d\u00e9coratifs-vertigo-finelifetv.jpg 500w\" sizes=\"auto, (max-width: 300px) 100vw, 300px\" \/><\/p>\n<p>\u00ab\u00a0Les ann\u00e9es 2000 resteront marqu\u00e9es par certains objets de Constance Guisset\u00a0\u00bb d\u00e9clare Olivier Gabet, directeur des Arts d\u00e9coratifs en pr\u00e9ambule \u00e0 la visite de l&rsquo;exposition Actio.<\/p>\n<p>Dipl\u00f4m\u00e9e de Sciences Po Paris, de l&rsquo;Essec, de l&rsquo;Ensci, laur\u00e9ate du Grand Prix du Design la ville de Paris, du Grand Prix du Public \u00e0 la Design Parade de la ville de Noailles, nomm\u00e9e designer de l&rsquo;ann\u00e9e au salon Maison et Objet 2010, Constance Guisset a un joli parcours. La jeune femme fait fusionner exp\u00e9rience et aspirations en cr\u00e9ant, en 2009, son propre studio sp\u00e9cialis\u00e9 en design, architecture int\u00e9rieure et sc\u00e9nographie.<\/p>\n<p><img loading=\"lazy\" decoding=\"async\" class=\"size-medium wp-image-1554 aligncenter\" src=\"https:\/\/finelife.tv\/fr\/wp-content\/uploads\/2018\/02\/constance-guisset-expositon-actio-musee-arts-d\u00e9coratifs-finelifetv-300x300.jpg\" alt=\"\" width=\"300\" height=\"300\" srcset=\"https:\/\/finelife.tv\/fr\/wp-content\/uploads\/2018\/02\/constance-guisset-expositon-actio-musee-arts-d\u00e9coratifs-finelifetv-300x300.jpg 300w, https:\/\/finelife.tv\/fr\/wp-content\/uploads\/2018\/02\/constance-guisset-expositon-actio-musee-arts-d\u00e9coratifs-finelifetv-150x150.jpg 150w, https:\/\/finelife.tv\/fr\/wp-content\/uploads\/2018\/02\/constance-guisset-expositon-actio-musee-arts-d\u00e9coratifs-finelifetv.jpg 500w\" sizes=\"auto, (max-width: 300px) 100vw, 300px\" \/><\/p>\n<p>Arch\u00e9ologie invers\u00e9e<\/p>\n<p>Actio accorde une place majeure \u00e0 la sc\u00e9nographie. Une sc\u00e9nographie dr\u00f4le et ludique.<br \/>\nHabituellement les arch\u00e9ologues examinent les objets du pass\u00e9 et les commentent au regard des derni\u00e8res d\u00e9couvertes.<br \/>\nConstance Guisset fait de l&rsquo;arch\u00e9ologie invers\u00e9e.<br \/>\nCe sont le collections Moyen \u00c2ge et Renaissance du mus\u00e9e des Arts d\u00e9coratifs qui questionnent les pi\u00e8ces design les plus repr\u00e9sentatives de la cr\u00e9atrice.<\/p>\n<p>\u00ab\u00a0Mise en histoire\u00a0\u00bb de la lampe Langevin<\/p>\n<p><img loading=\"lazy\" decoding=\"async\" class=\"size-medium wp-image-1560 aligncenter\" src=\"https:\/\/finelife.tv\/fr\/wp-content\/uploads\/2018\/02\/constance-guisset-actio-musee-arts-d\u00e9coratifs-lampe1-finelifetv-300x300.jpg\" alt=\"\" width=\"300\" height=\"300\" srcset=\"https:\/\/finelife.tv\/fr\/wp-content\/uploads\/2018\/02\/constance-guisset-actio-musee-arts-d\u00e9coratifs-lampe1-finelifetv-300x300.jpg 300w, https:\/\/finelife.tv\/fr\/wp-content\/uploads\/2018\/02\/constance-guisset-actio-musee-arts-d\u00e9coratifs-lampe1-finelifetv-150x150.jpg 150w, https:\/\/finelife.tv\/fr\/wp-content\/uploads\/2018\/02\/constance-guisset-actio-musee-arts-d\u00e9coratifs-lampe1-finelifetv.jpg 500w\" sizes=\"auto, (max-width: 300px) 100vw, 300px\" \/><\/p>\n<p>La visite d\u00e9bute par une mise histoire de la lampe Langevin<br \/>\n\u00ab\u00a0Mais qu&rsquo;est-ce donc que cette chose\u00a0\u00bb lance un portrait m\u00e9di\u00e9val en frise<br \/>\n\u00ab\u00a0Un portemanteau\u00a0\u00bb r\u00e9pond le m\u00e9daillon voisin \u00ab\u00a0Regardez ces larges bandes de tissu qui pendent. Des manches sans aucun doute\u00a0\u00bb.<br \/>\n\u00ab\u00a0Mais non c&rsquo;est une lampe\u00a0\u00bb rench\u00e9rit un troisi\u00e8me.<br \/>\n\u00ab\u00a0Ah oui, vous avez raison. On a install\u00e9 quelques quelque chose de moderne ici\u00a0\u00bb constate le premier. \u00ab\u00a0C&rsquo;est tr\u00e8s tendance de m\u00ealer les \u00e9poques. Disons que ce sont nos visiteurs. Ils ont de la chance de b\u00e9n\u00e9ficier de notre aura\u00a0\u00bb.<\/p>\n<p>Clash chez les fashion addicts du Moyen-\u00c2ge<\/p>\n<p><img loading=\"lazy\" decoding=\"async\" class=\"size-medium wp-image-1559 aligncenter\" src=\"https:\/\/finelife.tv\/fr\/wp-content\/uploads\/2018\/02\/constance-guisset-actio-musee-arts-d\u00e9coratifs-lampe-finelifetv-300x300.jpg\" alt=\"\" width=\"300\" height=\"300\" srcset=\"https:\/\/finelife.tv\/fr\/wp-content\/uploads\/2018\/02\/constance-guisset-actio-musee-arts-d\u00e9coratifs-lampe-finelifetv-300x300.jpg 300w, https:\/\/finelife.tv\/fr\/wp-content\/uploads\/2018\/02\/constance-guisset-actio-musee-arts-d\u00e9coratifs-lampe-finelifetv-150x150.jpg 150w, https:\/\/finelife.tv\/fr\/wp-content\/uploads\/2018\/02\/constance-guisset-actio-musee-arts-d\u00e9coratifs-lampe-finelifetv.jpg 500w\" sizes=\"auto, (max-width: 300px) 100vw, 300px\" \/><\/p>\n<p>On se dispute au th\u00e9\u00e2tre des \u00e9l\u00e9gances dans la salle suivante. Deux fashion addict du Moyen -\u00c2ge donnent de la voix pour faire valoir leur vision de la meilleure mani\u00e8re de porter les manches. Dans le sc\u00e9nario, les belles per\u00e7oivent une autre lampe con\u00e7ue par Constance Guisset comme deux manches. D&rsquo;o\u00f9 le titre de la sayn\u00e8te \u00ab\u00a0Effets de manche\u00a0\u00bb. CQFD<\/p>\n<p><img loading=\"lazy\" decoding=\"async\" class=\"size-medium wp-image-1552 aligncenter\" src=\"https:\/\/finelife.tv\/fr\/wp-content\/uploads\/2018\/02\/constance-guisset-actio-musee-arts-d\u00e9coratifs-art-de-la-table-finelifetv-300x300.jpg\" alt=\"\" width=\"300\" height=\"300\" srcset=\"https:\/\/finelife.tv\/fr\/wp-content\/uploads\/2018\/02\/constance-guisset-actio-musee-arts-d\u00e9coratifs-art-de-la-table-finelifetv-300x300.jpg 300w, https:\/\/finelife.tv\/fr\/wp-content\/uploads\/2018\/02\/constance-guisset-actio-musee-arts-d\u00e9coratifs-art-de-la-table-finelifetv-150x150.jpg 150w, https:\/\/finelife.tv\/fr\/wp-content\/uploads\/2018\/02\/constance-guisset-actio-musee-arts-d\u00e9coratifs-art-de-la-table-finelifetv.jpg 500w\" sizes=\"auto, (max-width: 300px) 100vw, 300px\" \/><\/p>\n<p>Vertigo<\/p>\n<p>Du Moyen-\u00c2ge on passe \u00e0 l&rsquo;intemporel math\u00e9matique avec \u00ab\u00a0Spatial\u00a0\u00bb, une impressionnante installation de lampes tournant sur elles-m\u00eames en un \u00ab\u00a0vertige aquatique\u00a0\u00bb. L&rsquo;installation est accompagn\u00e9e d&rsquo;une cr\u00e9ation sonore du studio MBC Good Vibes Indeed.<\/p>\n<p>Les autres salles mettent en avant une d\u00e9cennie de cr\u00e9ations et un questionnement autour de la place et du r\u00f4le du design : \u00ab\u00a0cr\u00e9er des sensations, dessiner des formes, marquer le lieu ou habiter l&rsquo;espace\u00a0\u00bb. Les objets sont consid\u00e9r\u00e9s par la designer comme \u00ab\u00a0Des t\u00e9moins de notre mode de vie et de notre histoire\u00a0\u00bb.<\/p>\n<p><img loading=\"lazy\" decoding=\"async\" class=\"size-medium wp-image-1549 aligncenter\" src=\"https:\/\/finelife.tv\/fr\/wp-content\/uploads\/2018\/02\/constance-guisset-actio-mus\u00e9e-arts-decoratifs-finelifetv-300x200.jpg\" alt=\"\" width=\"300\" height=\"200\" srcset=\"https:\/\/finelife.tv\/fr\/wp-content\/uploads\/2018\/02\/constance-guisset-actio-mus\u00e9e-arts-decoratifs-finelifetv-300x200.jpg 300w, https:\/\/finelife.tv\/fr\/wp-content\/uploads\/2018\/02\/constance-guisset-actio-mus\u00e9e-arts-decoratifs-finelifetv-768x511.jpg 768w, https:\/\/finelife.tv\/fr\/wp-content\/uploads\/2018\/02\/constance-guisset-actio-mus\u00e9e-arts-decoratifs-finelifetv-1024x681.jpg 1024w, https:\/\/finelife.tv\/fr\/wp-content\/uploads\/2018\/02\/constance-guisset-actio-mus\u00e9e-arts-decoratifs-finelifetv.jpg 2048w\" sizes=\"auto, (max-width: 300px) 100vw, 300px\" \/><img loading=\"lazy\" decoding=\"async\" class=\"size-medium wp-image-1550 aligncenter\" src=\"https:\/\/finelife.tv\/fr\/wp-\n\ncontent\/uploads\/2018\/02\/constance-guisset-actio-mus\u00e9e-arts-decoratifs-objets-finelifetv-300x225.jpg\" alt=\"\" width=\"300\" height=\"225\" srcset=\"https:\/\/finelife.tv\/fr\/wp-content\/uploads\/2018\/02\/constance-guisset-actio-mus\u00e9e-arts-decoratifs-objets-finelifetv-300x225.jpg 300w, https:\/\/finelife.tv\/fr\/wp-content\/uploads\/2018\/02\/constance-guisset-actio-mus\u00e9e-arts-decoratifs-objets-finelifetv-768x576.jpg 768w, https:\/\/finelife.tv\/fr\/wp-content\/uploads\/2018\/02\/constance-guisset-actio-mus\u00e9e-arts-decoratifs-objets-finelifetv-1024x768.jpg 1024w\" sizes=\"auto, (max-width: 300px) 100vw, 300px\" \/><\/p>\n<p>Constance Guisset a sc\u00e9naris\u00e9 de nombreux \u00e9v\u00e9nements et spectacles dont l&rsquo;excellent \u00ab\u00a0La m\u00e9canique des dessous : une histoire indiscr\u00e8te de la silhouette\u00a0\u00bb aux arts D\u00e9coratifs (voir le sujet de Spaluxe TV la grande soeur de FineLife TV) ou encore les performance de la danseuse \u00e9toile Marie-Claude Pietragalla. Une pi\u00e8ce est r\u00e9serv\u00e9e \u00e0 cette collaboration entre le design et la danse contemporaine. Magique !<\/p>\n<p>\u00ab\u00a0Actio\u00a0\u00bb, le titre le l&rsquo;exposition \u00e9voque le moment ou le spectacle va commencer, les sayn\u00e8tes, les spectacles, les films. Il renvoie aussi au mouvement, \u00e0 l&rsquo;\u00e9nergie indispensable \u00e0 toute cr\u00e9ation.<\/p>\n<p>Et de l&rsquo;\u00e9nergie, du mouvement, de la cr\u00e9ativit\u00e9 il y a en a \u00e0 foison dans cette exposition.<\/p>\n<p>Constance Gallet \u00ab\u00a0Actio\u00a0\u00bb<br \/>\nMus\u00e9e des Arts D\u00e9coratifs<br \/>\nJusqu&rsquo;au 31 mars<br \/>\n<a href=\"https:\/\/www.lesartsd\u00e9coratifs\">https:\/\/www.lesartsd\u00e9coratifs<\/a><\/p>\n<p>Related article Constance Guisset : Actio au Mus\u00e9e des Arts d\u00e9coratifs<\/p>\n<p><strong>Pierre Gonalons \u00a0All\u00e9gories h\u00f4tel de Soubise\u00a0<\/strong><a href=\"https:\/\/finelife.tv\/fr\/2020\/09\/14\/pierre-gonalons-allegories-hotel-de-soubise\/\">https:\/\/finelife.tv\/fr\/2020\/09\/14\/pierre-gonalons-allegories-hotel-de-soubise\/<\/a><\/p>\n","protected":false},"excerpt":{"rendered":"<p>Action l&rsquo;exposition de Constance Guisset au mus\u00e9e des Arts d\u00e9coratifs m\u00eale dialogues entre design et Moyen-\u00c2ge, objets  contemporains et sc\u00e9nographies de spectacles de Marie-Claude Pietragalla<\/p>\n","protected":false},"author":1,"featured_media":0,"comment_status":"open","ping_status":"open","sticky":false,"template":"","format":"standard","meta":{"footnotes":""},"categories":[4],"tags":[527,665,651,655,219,652,654,656,667,653,668,666],"class_list":["post-1532","post","type-post","status-publish","format-standard","hentry","category-blog","tag-finelifetv","tag-actio-exposition","tag-constance-guisset","tag-constance-guisset-designer","tag-design","tag-designers","tag-exposition-constance-guisset","tag-finelife-tv","tag-marie-claude-pietragalla","tag-musee-des-arts-decoratifs-paris","tag-musees-paris","tag-vertigo"],"yoast_head":"<!-- This site is optimized with the Yoast SEO plugin v27.5 - https:\/\/yoast.com\/product\/yoast-seo-wordpress\/ -->\n<title>Constance Guisset : Actio au Mus\u00e9e des Arts d\u00e9coratifs - FineLife.tv<\/title>\n<meta name=\"description\" content=\"Constance Guisset : Actio au Mus\u00e9e des Arts d\u00e9coratifs. Une exposition qui renvoie au spectacle et d\u00e9borde d\u2019\u00e9nergie cr\u00e9ative\" \/>\n<meta name=\"robots\" content=\"index, follow, max-snippet:-1, max-image-preview:large, max-video-preview:-1\" \/>\n<link rel=\"canonical\" href=\"https:\/\/finelife.tv\/fr\/2018\/02\/03\/constance-guisset-actio-musee-arts-decoratifs\/\" \/>\n<meta property=\"og:locale\" content=\"fr_FR\" \/>\n<meta property=\"og:type\" content=\"article\" \/>\n<meta property=\"og:title\" content=\"Constance Guisset : Actio au Mus\u00e9e des Arts d\u00e9coratifs - FineLife.tv\" \/>\n<meta property=\"og:description\" content=\"Constance Guisset : Actio au Mus\u00e9e des Arts d\u00e9coratifs. Une exposition qui renvoie au spectacle et d\u00e9borde d\u2019\u00e9nergie cr\u00e9ative\" \/>\n<meta property=\"og:url\" content=\"https:\/\/finelife.tv\/fr\/2018\/02\/03\/constance-guisset-actio-musee-arts-decoratifs\/\" \/>\n<meta property=\"og:site_name\" content=\"FineLife.tv\" \/>\n<meta property=\"article:published_time\" content=\"2018-02-03T22:27:03+00:00\" \/>\n<meta property=\"article:modified_time\" content=\"2022-06-24T20:46:06+00:00\" \/>\n<meta name=\"author\" content=\"Leonore\" \/>\n<meta name=\"twitter:card\" content=\"summary_large_image\" \/>\n<meta name=\"twitter:creator\" content=\"@finelifetv\" \/>\n<meta name=\"twitter:site\" content=\"@finelifetv\" \/>\n<meta name=\"twitter:label1\" content=\"\u00c9crit par\" \/>\n\t<meta name=\"twitter:data1\" content=\"Leonore\" \/>\n\t<meta name=\"twitter:label2\" content=\"Dur\u00e9e de lecture estim\u00e9e\" \/>\n\t<meta name=\"twitter:data2\" content=\"5 minutes\" \/>\n<script type=\"application\/ld+json\" class=\"yoast-schema-graph\">{\"@context\":\"https:\\\/\\\/schema.org\",\"@graph\":[{\"@type\":\"Article\",\"@id\":\"https:\\\/\\\/finelife.tv\\\/fr\\\/2018\\\/02\\\/03\\\/constance-guisset-actio-musee-arts-decoratifs\\\/#article\",\"isPartOf\":{\"@id\":\"https:\\\/\\\/finelife.tv\\\/fr\\\/2018\\\/02\\\/03\\\/constance-guisset-actio-musee-arts-decoratifs\\\/\"},\"author\":{\"name\":\"Leonore\",\"@id\":\"https:\\\/\\\/finelife.tv\\\/fr\\\/#\\\/schema\\\/person\\\/e3d980b0c0b3dc5af01c3455893c8c52\"},\"headline\":\"Constance Guisset : Actio au Mus\u00e9e des Arts d\u00e9coratifs\",\"datePublished\":\"2018-02-03T22:27:03+00:00\",\"dateModified\":\"2022-06-24T20:46:06+00:00\",\"mainEntityOfPage\":{\"@id\":\"https:\\\/\\\/finelife.tv\\\/fr\\\/2018\\\/02\\\/03\\\/constance-guisset-actio-musee-arts-decoratifs\\\/\"},\"wordCount\":648,\"commentCount\":2,\"keywords\":[\"#finelifetv\",\"actio exposition\",\"constance guisset\",\"constance Guisset designer\",\"design\",\"designers\",\"exposition Constance Guisset\",\"finelife tv\",\"marie-claude pietragalla\",\"mus\u00e9e des arts d\u00e9coratifs paris\",\"mus\u00e9es paris\",\"vertigo\"],\"articleSection\":[\"Blog\"],\"inLanguage\":\"fr-FR\",\"potentialAction\":[{\"@type\":\"CommentAction\",\"name\":\"Comment\",\"target\":[\"https:\\\/\\\/finelife.tv\\\/fr\\\/2018\\\/02\\\/03\\\/constance-guisset-actio-musee-arts-decoratifs\\\/#respond\"]}]},{\"@type\":\"WebPage\",\"@id\":\"https:\\\/\\\/finelife.tv\\\/fr\\\/2018\\\/02\\\/03\\\/constance-guisset-actio-musee-arts-decoratifs\\\/\",\"url\":\"https:\\\/\\\/finelife.tv\\\/fr\\\/2018\\\/02\\\/03\\\/constance-guisset-actio-musee-arts-decoratifs\\\/\",\"name\":\"Constance Guisset : Actio au Mus\u00e9e des Arts d\u00e9coratifs - FineLife.tv\",\"isPartOf\":{\"@id\":\"https:\\\/\\\/finelife.tv\\\/fr\\\/#website\"},\"datePublished\":\"2018-02-03T22:27:03+00:00\",\"dateModified\":\"2022-06-24T20:46:06+00:00\",\"author\":{\"@id\":\"https:\\\/\\\/finelife.tv\\\/fr\\\/#\\\/schema\\\/person\\\/e3d980b0c0b3dc5af01c3455893c8c52\"},\"description\":\"Constance Guisset : Actio au Mus\u00e9e des Arts d\u00e9coratifs. Une exposition qui renvoie au spectacle et d\u00e9borde d\u2019\u00e9nergie cr\u00e9ative\",\"breadcrumb\":{\"@id\":\"https:\\\/\\\/finelife.tv\\\/fr\\\/2018\\\/02\\\/03\\\/constance-guisset-actio-musee-arts-decoratifs\\\/#breadcrumb\"},\"inLanguage\":\"fr-FR\",\"potentialAction\":[{\"@type\":\"ReadAction\",\"target\":[\"https:\\\/\\\/finelife.tv\\\/fr\\\/2018\\\/02\\\/03\\\/constance-guisset-actio-musee-arts-decoratifs\\\/\"]}]},{\"@type\":\"BreadcrumbList\",\"@id\":\"https:\\\/\\\/finelife.tv\\\/fr\\\/2018\\\/02\\\/03\\\/constance-guisset-actio-musee-arts-decoratifs\\\/#breadcrumb\",\"itemListElement\":[{\"@type\":\"ListItem\",\"position\":1,\"name\":\"Accueil\",\"item\":\"https:\\\/\\\/finelife.tv\\\/fr\\\/\"},{\"@type\":\"ListItem\",\"position\":2,\"name\":\"Constance Guisset : Actio au Mus\u00e9e des Arts d\u00e9coratifs\"}]},{\"@type\":\"WebSite\",\"@id\":\"https:\\\/\\\/finelife.tv\\\/fr\\\/#website\",\"url\":\"https:\\\/\\\/finelife.tv\\\/fr\\\/\",\"name\":\"FineLife.tv\",\"description\":\"Quand l&#039;Art de vivre croise l&#039;Art de penser\",\"potentialAction\":[{\"@type\":\"SearchAction\",\"target\":{\"@type\":\"EntryPoint\",\"urlTemplate\":\"https:\\\/\\\/finelife.tv\\\/fr\\\/?s={search_term_string}\"},\"query-input\":{\"@type\":\"PropertyValueSpecification\",\"valueRequired\":true,\"valueName\":\"search_term_string\"}}],\"inLanguage\":\"fr-FR\"},{\"@type\":\"Person\",\"@id\":\"https:\\\/\\\/finelife.tv\\\/fr\\\/#\\\/schema\\\/person\\\/e3d980b0c0b3dc5af01c3455893c8c52\",\"name\":\"Leonore\",\"image\":{\"@type\":\"ImageObject\",\"inLanguage\":\"fr-FR\",\"@id\":\"https:\\\/\\\/secure.gravatar.com\\\/avatar\\\/9a2e5073417479f910ffdeee54da5ccf4f91eab62746ce0ae0e81124a9491a79?s=96&d=mm&r=g\",\"url\":\"https:\\\/\\\/secure.gravatar.com\\\/avatar\\\/9a2e5073417479f910ffdeee54da5ccf4f91eab62746ce0ae0e81124a9491a79?s=96&d=mm&r=g\",\"contentUrl\":\"https:\\\/\\\/secure.gravatar.com\\\/avatar\\\/9a2e5073417479f910ffdeee54da5ccf4f91eab62746ce0ae0e81124a9491a79?s=96&d=mm&r=g\",\"caption\":\"Leonore\"}}]}<\/script>\n<!-- \/ Yoast SEO plugin. -->","yoast_head_json":{"title":"Constance Guisset : Actio au Mus\u00e9e des Arts d\u00e9coratifs - FineLife.tv","description":"Constance Guisset : Actio au Mus\u00e9e des Arts d\u00e9coratifs. Une exposition qui renvoie au spectacle et d\u00e9borde d\u2019\u00e9nergie cr\u00e9ative","robots":{"index":"index","follow":"follow","max-snippet":"max-snippet:-1","max-image-preview":"max-image-preview:large","max-video-preview":"max-video-preview:-1"},"canonical":"https:\/\/finelife.tv\/fr\/2018\/02\/03\/constance-guisset-actio-musee-arts-decoratifs\/","og_locale":"fr_FR","og_type":"article","og_title":"Constance Guisset : Actio au Mus\u00e9e des Arts d\u00e9coratifs - FineLife.tv","og_description":"Constance Guisset : Actio au Mus\u00e9e des Arts d\u00e9coratifs. Une exposition qui renvoie au spectacle et d\u00e9borde d\u2019\u00e9nergie cr\u00e9ative","og_url":"https:\/\/finelife.tv\/fr\/2018\/02\/03\/constance-guisset-actio-musee-arts-decoratifs\/","og_site_name":"FineLife.tv","article_published_time":"2018-02-03T22:27:03+00:00","article_modified_time":"2022-06-24T20:46:06+00:00","author":"Leonore","twitter_card":"summary_large_image","twitter_creator":"@finelifetv","twitter_site":"@finelifetv","twitter_misc":{"\u00c9crit par":"Leonore","Dur\u00e9e de lecture estim\u00e9e":"5 minutes"},"schema":{"@context":"https:\/\/schema.org","@graph":[{"@type":"Article","@id":"https:\/\/finelife.tv\/fr\/2018\/02\/03\/constance-guisset-actio-musee-arts-decoratifs\/#article","isPartOf":{"@id":"https:\/\/finelife.tv\/fr\/2018\/02\/03\/constance-guisset-actio-musee-arts-decoratifs\/"},"author":{"name":"Leonore","@id":"https:\/\/finelife.tv\/fr\/#\/schema\/person\/e3d980b0c0b3dc5af01c3455893c8c52"},"headline":"Constance Guisset : Actio au Mus\u00e9e des Arts d\u00e9coratifs","datePublished":"2018-02-03T22:27:03+00:00","dateModified":"2022-06-24T20:46:06+00:00","mainEntityOfPage":{"@id":"https:\/\/finelife.tv\/fr\/2018\/02\/03\/constance-guisset-actio-musee-arts-decoratifs\/"},"wordCount":648,"commentCount":2,"keywords":["#finelifetv","actio exposition","constance guisset","constance Guisset designer","design","designers","exposition Constance Guisset","finelife tv","marie-claude pietragalla","mus\u00e9e des arts d\u00e9coratifs paris","mus\u00e9es paris","vertigo"],"articleSection":["Blog"],"inLanguage":"fr-FR","potentialAction":[{"@type":"CommentAction","name":"Comment","target":["https:\/\/finelife.tv\/fr\/2018\/02\/03\/constance-guisset-actio-musee-arts-decoratifs\/#respond"]}]},{"@type":"WebPage","@id":"https:\/\/finelife.tv\/fr\/2018\/02\/03\/constance-guisset-actio-musee-arts-decoratifs\/","url":"https:\/\/finelife.tv\/fr\/2018\/02\/03\/constance-guisset-actio-musee-arts-decoratifs\/","name":"Constance Guisset : Actio au Mus\u00e9e des Arts d\u00e9coratifs - FineLife.tv","isPartOf":{"@id":"https:\/\/finelife.tv\/fr\/#website"},"datePublished":"2018-02-03T22:27:03+00:00","dateModified":"2022-06-24T20:46:06+00:00","author":{"@id":"https:\/\/finelife.tv\/fr\/#\/schema\/person\/e3d980b0c0b3dc5af01c3455893c8c52"},"description":"Constance Guisset : Actio au Mus\u00e9e des Arts d\u00e9coratifs. Une exposition qui renvoie au spectacle et d\u00e9borde d\u2019\u00e9nergie cr\u00e9ative","breadcrumb":{"@id":"https:\/\/finelife.tv\/fr\/2018\/02\/03\/constance-guisset-actio-musee-arts-decoratifs\/#breadcrumb"},"inLanguage":"fr-FR","potentialAction":[{"@type":"ReadAction","target":["https:\/\/finelife.tv\/fr\/2018\/02\/03\/constance-guisset-actio-musee-arts-decoratifs\/"]}]},{"@type":"BreadcrumbList","@id":"https:\/\/finelife.tv\/fr\/2018\/02\/03\/constance-guisset-actio-musee-arts-decoratifs\/#breadcrumb","itemListElement":[{"@type":"ListItem","position":1,"name":"Accueil","item":"https:\/\/finelife.tv\/fr\/"},{"@type":"ListItem","position":2,"name":"Constance Guisset : Actio au Mus\u00e9e des Arts d\u00e9coratifs"}]},{"@type":"WebSite","@id":"https:\/\/finelife.tv\/fr\/#website","url":"https:\/\/finelife.tv\/fr\/","name":"FineLife.tv","description":"Quand l&#039;Art de vivre croise l&#039;Art de penser","potentialAction":[{"@type":"SearchAction","target":{"@type":"EntryPoint","urlTemplate":"https:\/\/finelife.tv\/fr\/?s={search_term_string}"},"query-input":{"@type":"PropertyValueSpecification","valueRequired":true,"valueName":"search_term_string"}}],"inLanguage":"fr-FR"},{"@type":"Person","@id":"https:\/\/finelife.tv\/fr\/#\/schema\/person\/e3d980b0c0b3dc5af01c3455893c8c52","name":"Leonore","image":{"@type":"ImageObject","inLanguage":"fr-FR","@id":"https:\/\/secure.gravatar.com\/avatar\/9a2e5073417479f910ffdeee54da5ccf4f91eab62746ce0ae0e81124a9491a79?s=96&d=mm&r=g","url":"https:\/\/secure.gravatar.com\/avatar\/9a2e5073417479f910ffdeee54da5ccf4f91eab62746ce0ae0e81124a9491a79?s=96&d=mm&r=g","contentUrl":"https:\/\/secure.gravatar.com\/avatar\/9a2e5073417479f910ffdeee54da5ccf4f91eab62746ce0ae0e81124a9491a79?s=96&d=mm&r=g","caption":"Leonore"}}]}},"_links":{"self":[{"href":"https:\/\/finelife.tv\/fr\/wp-json\/wp\/v2\/posts\/1532","targetHints":{"allow":["GET"]}}],"collection":[{"href":"https:\/\/finelife.tv\/fr\/wp-json\/wp\/v2\/posts"}],"about":[{"href":"https:\/\/finelife.tv\/fr\/wp-json\/wp\/v2\/types\/post"}],"author":[{"embeddable":true,"href":"https:\/\/finelife.tv\/fr\/wp-json\/wp\/v2\/users\/1"}],"replies":[{"embeddable":true,"href":"https:\/\/finelife.tv\/fr\/wp-json\/wp\/v2\/comments?post=1532"}],"version-history":[{"count":27,"href":"https:\/\/finelife.tv\/fr\/wp-json\/wp\/v2\/posts\/1532\/revisions"}],"predecessor-version":[{"id":11326,"href":"https:\/\/finelife.tv\/fr\/wp-json\/wp\/v2\/posts\/1532\/revisions\/11326"}],"wp:attachment":[{"href":"https:\/\/finelife.tv\/fr\/wp-json\/wp\/v2\/media?parent=1532"}],"wp:term":[{"taxonomy":"category","embeddable":true,"href":"https:\/\/finelife.tv\/fr\/wp-json\/wp\/v2\/categories?post=1532"},{"taxonomy":"post_tag","embeddable":true,"href":"https:\/\/finelife.tv\/fr\/wp-json\/wp\/v2\/tags?post=1532"}],"curies":[{"name":"wp","href":"https:\/\/api.w.org\/{rel}","templated":true}]}}