{"id":15478,"date":"2023-10-21T19:16:17","date_gmt":"2023-10-21T17:16:17","guid":{"rendered":"https:\/\/finelife.tv\/fr\/?p=15478"},"modified":"2023-10-28T09:48:27","modified_gmt":"2023-10-28T07:48:27","slug":"paris-par-art-basel-focus-textiles","status":"publish","type":"post","link":"https:\/\/finelife.tv\/fr\/2023\/10\/21\/paris-par-art-basel-focus-textiles\/","title":{"rendered":"Paris+ par Art Basel focus textiles"},"content":{"rendered":"\n<figure class=\"wp-block-image size-large\"><img loading=\"lazy\" decoding=\"async\" width=\"897\" height=\"1024\" src=\"https:\/\/finelife.tv\/fr\/wp-content\/uploads\/2023\/10\/img-src-22https-finelife.tvimage.jpg-alt-22Paris-par-Art-Basel-focus-textiles22-897x1024.png\" alt=\"\" class=\"wp-image-15490\" srcset=\"https:\/\/finelife.tv\/fr\/wp-content\/uploads\/2023\/10\/img-src-22https-finelife.tvimage.jpg-alt-22Paris-par-Art-Basel-focus-textiles22-897x1024.png 897w, https:\/\/finelife.tv\/fr\/wp-content\/uploads\/2023\/10\/img-src-22https-finelife.tvimage.jpg-alt-22Paris-par-Art-Basel-focus-textiles22-263x300.png 263w, https:\/\/finelife.tv\/fr\/wp-content\/uploads\/2023\/10\/img-src-22https-finelife.tvimage.jpg-alt-22Paris-par-Art-Basel-focus-textiles22-768x876.png 768w, https:\/\/finelife.tv\/fr\/wp-content\/uploads\/2023\/10\/img-src-22https-finelife.tvimage.jpg-alt-22Paris-par-Art-Basel-focus-textiles22.png 978w\" sizes=\"auto, (max-width: 897px) 100vw, 897px\" \/><\/figure>\n\n\n\n<p><strong>Paris+ par Art Basel focus textiles .Dans cette \u00e9dition 2023 qui confirme le retour du figuratif notre s\u00e9lection d&rsquo;artistes de Louise Bourgeois \u00e0 Sheila Hicks en passant par Laura Lamiel, Jeanne Vicerial ou encore Billie Zangewa.<\/strong><\/p>\n\n\n\n<p>Paris+ par Art Basel r\u00e9unit pour sa deuxi\u00e8me \u00e9dition au Grand Palais \u00c9ph\u00e9m\u00e8re 154 galeries venus de 33 pays. Hors les murs, les collaborations s&rsquo;enrichissent avec notamment un partenariat avec l&rsquo;Institut de France qui met le textile \u00e0 l&rsquo;honneur. <\/p>\n\n\n\n<h2 class=\"wp-block-heading\">Sheila Hicks : ob\u00e9lisque et c\u0153ur de fibres<\/h2>\n\n\n<div class=\"wp-block-image\">\n<figure class=\"aligncenter size-large\"><img loading=\"lazy\" decoding=\"async\" width=\"768\" height=\"1024\" src=\"https:\/\/finelife.tv\/fr\/wp-content\/uploads\/2023\/10\/img-src-22https-finelife.tvimage.jpg-alt-22Paris-par-Art-Basel-focus-textiles-sheila-hicks22-768x1024.jpg\" alt=\"\" class=\"wp-image-15491\" srcset=\"https:\/\/finelife.tv\/fr\/wp-content\/uploads\/2023\/10\/img-src-22https-finelife.tvimage.jpg-alt-22Paris-par-Art-Basel-focus-textiles-sheila-hicks22-768x1024.jpg 768w, https:\/\/finelife.tv\/fr\/wp-content\/uploads\/2023\/10\/img-src-22https-finelife.tvimage.jpg-alt-22Paris-par-Art-Basel-focus-textiles-sheila-hicks22-225x300.jpg 225w, https:\/\/finelife.tv\/fr\/wp-content\/uploads\/2023\/10\/img-src-22https-finelife.tvimage.jpg-alt-22Paris-par-Art-Basel-focus-textiles-sheila-hicks22-1152x1536.jpg 1152w, https:\/\/finelife.tv\/fr\/wp-content\/uploads\/2023\/10\/img-src-22https-finelife.tvimage.jpg-alt-22Paris-par-Art-Basel-focus-textiles-sheila-hicks22-1536x2048.jpg 1536w, https:\/\/finelife.tv\/fr\/wp-content\/uploads\/2023\/10\/img-src-22https-finelife.tvimage.jpg-alt-22Paris-par-Art-Basel-focus-textiles-sheila-hicks22-scaled.jpg 1920w\" sizes=\"auto, (max-width: 768px) 100vw, 768px\" \/><\/figure>\n<\/div>\n\n\n<p>Sur le parvis de l&rsquo;Institut, Vers les Horizons Inconnus (photo principale) s&rsquo;\u00e9lance ainsi vers le ciel. \u00c0 pr\u00e8s de 6 m\u00e8tres de haut. L&rsquo;installation de Sheila Hicks est peut-\u00eatre une fl\u00e8che d&rsquo;espoir dans un contexte tr\u00e8s incertain entre menaces \u00e9cologiques et instabilit\u00e9s g\u00e9o-politiques. Plus pr\u00e9cis\u00e9ment l&rsquo;artiste, inspir\u00e9e par Brancusi, cherche \u00e0 d\u00e9fier la pesanteur. Plus pr\u00e9cis\u00e9ment encore l&rsquo;\u0153uvre est compos\u00e9e de fibres acryliques teintes avec des pigments naturels de Turquie puis tordues en gros fils (ou fins cordages). On tourne autour de l&rsquo;installation \u00e0 360 degr\u00e9s et on l\u00e8ve le regard vers l&rsquo;infini.<\/p>\n\n\n\n<p>On retrouve Sheila Hicks \u00e0 Paris+ par Art Basel sur l&rsquo;espace Frank Elbaz. When Blue was Blue arrive directement de l&rsquo;atelier de l&rsquo;artiste textile am\u00e9ricaine qui vit \u00e0 Paris depuis le d\u00e9but des ann\u00e9es 60 et brouille les pistes entre design, beaux-arts et arts d\u00e9coratifs. Ce cercle convexe est tiss\u00e9 de lin, coton et fibres acrylique color\u00e9es.<\/p>\n\n\n\n<h2 class=\"wp-block-heading\">Louis Vuitton : le sac Capucine de Billie Zangewa <\/h2>\n\n\n<div class=\"wp-block-image\">\n<figure class=\"aligncenter size-large\"><img loading=\"lazy\" decoding=\"async\" width=\"1024\" height=\"675\" src=\"https:\/\/finelife.tv\/fr\/wp-content\/uploads\/2023\/10\/img-src-22https-finelife.tvimage.jpg-alt-22Paris-par-Art-Basel-focus-textiles-stand-Vuitton22-1024x675.png\" alt=\"\" class=\"wp-image-15492\" srcset=\"https:\/\/finelife.tv\/fr\/wp-content\/uploads\/2023\/10\/img-src-22https-finelife.tvimage.jpg-alt-22Paris-par-Art-Basel-focus-textiles-stand-Vuitton22-1024x675.png 1024w, https:\/\/finelife.tv\/fr\/wp-content\/uploads\/2023\/10\/img-src-22https-finelife.tvimage.jpg-alt-22Paris-par-Art-Basel-focus-textiles-stand-Vuitton22-300x198.png 300w, https:\/\/finelife.tv\/fr\/wp-content\/uploads\/2023\/10\/img-src-22https-finelife.tvimage.jpg-alt-22Paris-par-Art-Basel-focus-textiles-stand-Vuitton22-768x506.png 768w, https:\/\/finelife.tv\/fr\/wp-content\/uploads\/2023\/10\/img-src-22https-finelife.tvimage.jpg-alt-22Paris-par-Art-Basel-focus-textiles-stand-Vuitton22.png 1296w\" sizes=\"auto, (max-width: 1024px) 100vw, 1024px\" \/><figcaption class=\"wp-element-caption\">\u00a9Paris+ par Art Basel<\/figcaption><\/figure>\n<\/div>\n\n\n<p>Durant la semaine de l&rsquo;art, Vuitton inaugure son exposition Rothko \u00e0 la Fondation et gare son truck \u00e0 Paris+ par Art Basel. L&rsquo;espace du malletier est en effet d\u00e9sign\u00e9 en camion aux allures de malle g\u00e9ante, une r\u00e9plique de la Malle Courrier en cuir de Pharrell Williams. \u00c0 l&rsquo;int\u00e9rieur une exposition r\u00e9unissant le top de l&rsquo;art contemporain dont sept \u0153uvres in\u00e9dites de Yayoi Kusama expos\u00e9es pour la premi\u00e8re fois. Mais aussi les nouveaux sacs Capucine revus par Ewa Juszkiewicz, Liza Lou, Tursic &amp; Mille, Ziping Wang et Billie Zangewa. La cr\u00e9atrice, originaire du Malawi et tr\u00e8s engag\u00e9e dans le f\u00e9minisme du quotidien, travaille g\u00e9n\u00e9ralement des tissus africains, des chutes de tissus, des perles ainsi que divers autres mat\u00e9riaux textiles. Elle livre un sac fait d&rsquo;un patchwork de soie aux tons dor\u00e9s mettant en sc\u00e8ne son fils Mika.<\/p>\n\n\n\n<h2 class=\"wp-block-heading\">Annette Messager : fragments de corps sous filet<\/h2>\n\n\n\n<figure class=\"wp-block-image size-large\"><img loading=\"lazy\" decoding=\"async\" width=\"768\" height=\"1024\" src=\"https:\/\/finelife.tv\/fr\/wp-content\/uploads\/2023\/10\/img-src-22https-finelife.tvimage.jpg-alt-22Paris-par-Art-Basel-focus-textiles-annette-messager22-768x1024.jpg\" alt=\"\" class=\"wp-image-15494\" srcset=\"https:\/\/finelife.tv\/fr\/wp-content\/uploads\/2023\/10\/img-src-22https-finelife.tvimage.jpg-alt-22Paris-par-Art-Basel-focus-textiles-annette-messager22-768x1024.jpg 768w, https:\/\/finelife.tv\/fr\/wp-content\/uploads\/2023\/10\/img-src-22https-finelife.tvimage.jpg-alt-22Paris-par-Art-Basel-focus-textiles-annette-messager22-225x300.jpg 225w, https:\/\/finelife.tv\/fr\/wp-content\/uploads\/2023\/10\/img-src-22https-finelife.tvimage.jpg-alt-22Paris-par-Art-Basel-focus-textiles-annette-messager22-1152x1536.jpg 1152w, https:\/\/finelife.tv\/fr\/wp-content\/uploads\/2023\/10\/img-src-22https-finelife.tvimage.jpg-alt-22Paris-par-Art-Basel-focus-textiles-annette-messager22-1536x2048.jpg 1536w, https:\/\/finelife.tv\/fr\/wp-content\/uploads\/2023\/10\/img-src-22https-finelife.tvimage.jpg-alt-22Paris-par-Art-Basel-focus-textiles-annette-messager22-scaled.jpg 1920w\" sizes=\"auto, (max-width: 768px) 100vw, 768px\" \/><\/figure>\n\n\n\n<p>Annette Messager, pionni\u00e8re dans la r\u00e9habilitation des arts modestes, des \u00ab\u00a0arts de fifille\u00a0\u00bb (tricot, broderie, tapisseries etc), pr\u00e9sente modestement \u00ab\u00a0Mes V\u0153ux sous filets\u00a0\u00bb 1998 sur le stand de Marian Goodman. \u00c9l\u00e9ment de l&rsquo;\u0153uvre monumental homonyme, la pi\u00e8ce montre\/dissimule dans un filet rideau des photos isolant des fragments de corps. <\/p>\n\n\n\n<h2 class=\"wp-block-heading\">Louise Bourgeois :  Dont\u2019t Swallow Me !<\/h2>\n\n\n<div class=\"wp-block-image\">\n<figure class=\"aligncenter size-large\"><img loading=\"lazy\" decoding=\"async\" width=\"1024\" height=\"861\" src=\"https:\/\/finelife.tv\/fr\/wp-content\/uploads\/2023\/10\/img-src-22https-finelife.tvimage.jpg-alt-22Paris-par-Art-Basel-focus-textiles-louise-bourgeois22-1024x861.png\" alt=\"\" class=\"wp-image-15498\" srcset=\"https:\/\/finelife.tv\/fr\/wp-content\/uploads\/2023\/10\/img-src-22https-finelife.tvimage.jpg-alt-22Paris-par-Art-Basel-focus-textiles-louise-bourgeois22-1024x861.png 1024w, https:\/\/finelife.tv\/fr\/wp-content\/uploads\/2023\/10\/img-src-22https-finelife.tvimage.jpg-alt-22Paris-par-Art-Basel-focus-textiles-louise-bourgeois22-300x252.png 300w, https:\/\/finelife.tv\/fr\/wp-content\/uploads\/2023\/10\/img-src-22https-finelife.tvimage.jpg-alt-22Paris-par-Art-Basel-focus-textiles-louise-bourgeois22-768x646.png 768w, https:\/\/finelife.tv\/fr\/wp-content\/uploads\/2023\/10\/img-src-22https-finelife.tvimage.jpg-alt-22Paris-par-Art-Basel-focus-textiles-louise-bourgeois22.png 1058w\" sizes=\"auto, (max-width: 1024px) 100vw, 1024px\" \/><figcaption class=\"wp-element-caption\">\u00a9Paris+ par Art Basel<\/figcaption><\/figure>\n<\/div>\n\n\n<p>De son c\u00f4te la galerie galerie Karsten Greve affiche Dont\u2019t Swallow Me !, 2008 de Louise Bourgeois, une gravure \u00e0 l&rsquo;eau-forte sur fond mou, avec collage de tissu et ajouts au crayon. L&rsquo;\u0153uvre s&rsquo;inscrit dans la phase hautement exp\u00e9rimentale de l&rsquo;estampe qui a occup\u00e9 les derni\u00e8res ann\u00e9es de l&rsquo;artiste entre 2005 et 2010. Moins spectaculaire que les araign\u00e9es dont l&rsquo;une a \u00e9t\u00e9 vendue 40 millions de dollars en 2023, l&rsquo;\u0153uvre refl\u00e8te n\u00e9anmoins parfaitement le caract\u00e8re auto biographique de l&rsquo;\u0153uvre de la cr\u00e9atrice iconique.<\/p>\n\n\n\n<p><\/p>\n\n\n\n<h2 class=\"wp-block-heading\">Laure Prouvost : fantasque tapisserie des Flandres <\/h2>\n\n\n<div class=\"wp-block-image\">\n<figure class=\"aligncenter size-large\"><img loading=\"lazy\" decoding=\"async\" width=\"1024\" height=\"768\" src=\"https:\/\/finelife.tv\/fr\/wp-content\/uploads\/2023\/10\/img-src-22https-finelife.tvimage.jpg-alt-22Paris-par-Art-Basel-focus-textiles-laure-prouvost22-1024x768.jpg\" alt=\"\" class=\"wp-image-15499\" srcset=\"https:\/\/finelife.tv\/fr\/wp-content\/uploads\/2023\/10\/img-src-22https-finelife.tvimage.jpg-alt-22Paris-par-Art-Basel-focus-textiles-laure-prouvost22-1024x768.jpg 1024w, https:\/\/finelife.tv\/fr\/wp-content\/uploads\/2023\/10\/img-src-22https-finelife.tvimage.jpg-alt-22Paris-par-Art-Basel-focus-textiles-laure-prouvost22-300x225.jpg 300w, https:\/\/finelife.tv\/fr\/wp-content\/uploads\/2023\/10\/img-src-22https-finelife.tvimage.jpg-alt-22Paris-par-Art-Basel-focus-textiles-laure-prouvost22-768x576.jpg 768w, https:\/\/finelife.tv\/fr\/wp-content\/uploads\/2023\/10\/img-src-22https-finelife.tvimage.jpg-alt-22Paris-par-Art-Basel-focus-textiles-laure-prouvost22-1536x1152.jpg 1536w, https:\/\/finelife.tv\/fr\/wp-content\/uploads\/2023\/10\/img-src-22https-finelife.tvimage.jpg-alt-22Paris-par-Art-Basel-focus-textiles-laure-prouvost22-2048x1536.jpg 2048w\" sizes=\"auto, (max-width: 1024px) 100vw, 1024px\" \/><\/figure>\n<\/div>\n\n\n<p>Laure Prouvost fait escale \u00e0 Paris+ par Art Basel avec We Will Keep Cool une \u0153uvre qui met en sc\u00e8ne les p\u00e9r\u00e9grinations d&rsquo;amis aux profils flous. Entre v\u00e9g\u00e9tal et animal. Une tapisserie fa\u00e7on Flandres dans la veine fantasque et surr\u00e9aliste de l&rsquo;artiste nordiste qui a expos\u00e9 \u00e0 la Biennale de Venise en 2019.<\/p>\n\n\n\n<h2 class=\"wp-block-heading\">Laura Lamiel : manteaux de gaze contre \u00e9corchures<\/h2>\n\n\n<div class=\"wp-block-image\">\n<figure class=\"aligncenter size-large\"><img loading=\"lazy\" decoding=\"async\" width=\"768\" height=\"1024\" src=\"https:\/\/finelife.tv\/fr\/wp-content\/uploads\/2023\/10\/img-src-22https-finelife.tvimage.jpg-alt-22Paris-par-Art-Basel-focus-textiles-laura-lamiel-manteaux-coton22-768x1024.jpg\" alt=\"\" class=\"wp-image-15496\" srcset=\"https:\/\/finelife.tv\/fr\/wp-content\/uploads\/2023\/10\/img-src-22https-finelife.tvimage.jpg-alt-22Paris-par-Art-Basel-focus-textiles-laura-lamiel-manteaux-coton22-768x1024.jpg 768w, https:\/\/finelife.tv\/fr\/wp-content\/uploads\/2023\/10\/img-src-22https-finelife.tvimage.jpg-alt-22Paris-par-Art-Basel-focus-textiles-laura-lamiel-manteaux-coton22-225x300.jpg 225w, https:\/\/finelife.tv\/fr\/wp-content\/uploads\/2023\/10\/img-src-22https-finelife.tvimage.jpg-alt-22Paris-par-Art-Basel-focus-textiles-laura-lamiel-manteaux-coton22-1152x1536.jpg 1152w, https:\/\/finelife.tv\/fr\/wp-content\/uploads\/2023\/10\/img-src-22https-finelife.tvimage.jpg-alt-22Paris-par-Art-Basel-focus-textiles-laura-lamiel-manteaux-coton22-1536x2048.jpg 1536w, https:\/\/finelife.tv\/fr\/wp-content\/uploads\/2023\/10\/img-src-22https-finelife.tvimage.jpg-alt-22Paris-par-Art-Basel-focus-textiles-laura-lamiel-manteaux-coton22-scaled.jpg 1920w\" sizes=\"auto, (max-width: 768px) 100vw, 768px\" \/><\/figure>\n<\/div>\n\n\n<p>Laura Lamiel originaire de Morlaix (Bretagne) aime jouer avec les mati\u00e8res et les formes Elle a expos\u00e9 aux quatre coins du monde. Et r\u00e9cemment au Palais de Tokyo (\u00e9t\u00e9 2023) \u00ab\u00a0Territoires intimes\u00a0\u00bb (<strong><a href=\"https:\/\/finelife.tv\/fr\/2023\/09\/15\/expo-street-art-et-affects-artistiques-au-palais-de-tokyo\/\">Expo street art et affects artistiques au palais de Tokyo<\/a><\/strong> ). On retrouve notamment sur Paris+ par Art Basel les manteaux de coton qui rappellent \u00e0 la fois la mue et le soin \u00e0 travers la gaze qui entoure les \u00e9corchures. <\/p>\n\n\n\n<h2 class=\"wp-block-heading\">Jeanne Vicerial : textiles trip et fil infini<\/h2>\n\n\n<div class=\"wp-block-image\">\n<figure class=\"aligncenter size-large\"><img loading=\"lazy\" decoding=\"async\" width=\"1024\" height=\"586\" src=\"https:\/\/finelife.tv\/fr\/wp-content\/uploads\/2023\/10\/img-src-22https-finelife.tvimage.jpg-alt-22Paris-par-Art-Basel-focus-textiles-jeanne-vicerial-sculptures-textiles22-1024x586.png\" alt=\"\" class=\"wp-image-15493\" srcset=\"https:\/\/finelife.tv\/fr\/wp-content\/uploads\/2023\/10\/img-src-22https-finelife.tvimage.jpg-alt-22Paris-par-Art-Basel-focus-textiles-jeanne-vicerial-sculptures-textiles22-1024x586.png 1024w, https:\/\/finelife.tv\/fr\/wp-content\/uploads\/2023\/10\/img-src-22https-finelife.tvimage.jpg-alt-22Paris-par-Art-Basel-focus-textiles-jeanne-vicerial-sculptures-textiles22-300x172.png 300w, https:\/\/finelife.tv\/fr\/wp-content\/uploads\/2023\/10\/img-src-22https-finelife.tvimage.jpg-alt-22Paris-par-Art-Basel-focus-textiles-jeanne-vicerial-sculptures-textiles22-768x439.png 768w, https:\/\/finelife.tv\/fr\/wp-content\/uploads\/2023\/10\/img-src-22https-finelife.tvimage.jpg-alt-22Paris-par-Art-Basel-focus-textiles-jeanne-vicerial-sculptures-textiles22-1536x878.png 1536w, https:\/\/finelife.tv\/fr\/wp-content\/uploads\/2023\/10\/img-src-22https-finelife.tvimage.jpg-alt-22Paris-par-Art-Basel-focus-textiles-jeanne-vicerial-sculptures-textiles22-2048x1171.png 2048w\" sizes=\"auto, (max-width: 1024px) 100vw, 1024px\" \/><\/figure>\n<\/div>\n\n\n<p>Pr\u00e9sence \u00e0 l\u2019enfant, 2022. Droite : Enfant, 2022. \u0152uvres de Jeanne Vicerial. Photographies de Bertrand Huet Tutti. Avec l\u2019aimable autorisation de l\u2019artiste et de Templon.<\/p>\n\n\n\n<p><strong><a href=\"https:\/\/finelife.tv\/fr\/2023\/08\/29\/expo-sur-lart-des-cheveux-et-des-poils-au-mad\/\">Des cheveux et des poils<\/a><\/strong>, l&rsquo;exposition du mus\u00e9e des Arts d\u00e9coratifs, mettait \u00e0 l&rsquo;honneur une pi\u00e8ce de la cr\u00e9atrice Jeanne Vicerial. Entre mode et sculpture, les v\u00eatements armures de l&rsquo;artiste sont toujours spectaculaires. D\u00e9rangeantes parfois. Mais toujours tripales. Paris+ par Art Basel  expose une \u0153uvre de l&rsquo;\u00e9l\u00e8ve d&rsquo;Hussein Chalayan qui a invent\u00e9 une technique inspir\u00e9e de l\u2019impression 3D permettant de tisser avec un fil unique recycl\u00e9. Un fil comme infini et parfois long de 150 m\u00e8tres. La galerie Templon expose Entit\u00e9s 2, un travail \u00e0 la main en cordes et fils de 2022.<\/p>\n\n\n\n<h2 class=\"wp-block-heading\">Eric Nathaniel Mack : peinture upcycl\u00e9e et tr\u00e8s inclusive<\/h2>\n\n\n<div class=\"wp-block-image\">\n<figure class=\"aligncenter size-large\"><img loading=\"lazy\" decoding=\"async\" width=\"768\" height=\"1024\" src=\"https:\/\/finelife.tv\/fr\/wp-content\/uploads\/2023\/10\/img-src-22https-finelife.tvimage.jpg-alt-22Paris-par-Art-Basel-focus-textiles-tableau-eric-nathanaiel-Mack22-768x1024.jpg\" alt=\"\" class=\"wp-image-15495\" srcset=\"https:\/\/finelife.tv\/fr\/wp-content\/uploads\/2023\/10\/img-src-22https-finelife.tvimage.jpg-alt-22Paris-par-Art-Basel-focus-textiles-tableau-eric-nathanaiel-Mack22-768x1024.jpg 768w, https:\/\/finelife.tv\/fr\/wp-content\/uploads\/2023\/10\/img-src-22https-finelife.tvimage.jpg-alt-22Paris-par-Art-Basel-focus-textiles-tableau-eric-nathanaiel-Mack22-225x300.jpg 225w, https:\/\/finelife.tv\/fr\/wp-content\/uploads\/2023\/10\/img-src-22https-finelife.tvimage.jpg-alt-22Paris-par-Art-Basel-focus-textiles-tableau-eric-nathanaiel-Mack22-1152x1536.jpg 1152w, https:\/\/finelife.tv\/fr\/wp-content\/uploads\/2023\/10\/img-src-22https-finelife.tvimage.jpg-alt-22Paris-par-Art-Basel-focus-textiles-tableau-eric-nathanaiel-Mack22-1536x2048.jpg 1536w, https:\/\/finelife.tv\/fr\/wp-content\/uploads\/2023\/10\/img-src-22https-finelife.tvimage.jpg-alt-22Paris-par-Art-Basel-focus-textiles-tableau-eric-nathanaiel-Mack22-scaled.jpg 1920w\" sizes=\"auto, (max-width: 768px) 100vw, 768px\" \/><\/figure>\n<\/div>\n\n\n<p>Ask Binx to wear a backless frock 2023<\/p>\n\n\n\n<p>Eric Nathaniel Mack s&rsquo;est fait remarquer en mettant en sc\u00e8ne le d\u00e9fil\u00e9 de Grace Wales Bonner lors de la London Fashion Week Men&rsquo;s AA 2018. Il collabore d&rsquo;ailleurs r\u00e9guli\u00e8rement avec le monde de la mode. Mais le cr\u00e9ateur se d\u00e9finie avant tout comme peintre. Certes dans une version large, inclusive. Car ses cr\u00e9ations sont un savant m\u00e9lange de textiles usag\u00e9s, de v\u00eatements us\u00e9s, \u00ab\u00a0de couvertures de d\u00e9m\u00e9nagement et de chiffons d\u00e9chir\u00e9s, ainsi que de morceaux de papier, de photographies et d&rsquo;extraits de livres et de magazines, \u00e9largissent et transforment la notion de peinture\u00a0\u00bb. <\/p>\n\n\n\n<h2 class=\"wp-block-heading\">Thomas Bayrle : tapisserie vacheS qui rient <\/h2>\n\n\n<div class=\"wp-block-image\">\n<figure class=\"aligncenter size-full\"><img loading=\"lazy\" decoding=\"async\" width=\"854\" height=\"952\" src=\"https:\/\/finelife.tv\/fr\/wp-content\/uploads\/2023\/10\/img-src-22https-finelife.tvimage.jpg-alt-22Paris-par-Art-Basel-focus-textiles-thomas-bayrle22.png\" alt=\"\" class=\"wp-image-15500\" srcset=\"https:\/\/finelife.tv\/fr\/wp-content\/uploads\/2023\/10\/img-src-22https-finelife.tvimage.jpg-alt-22Paris-par-Art-Basel-focus-textiles-thomas-bayrle22.png 854w, https:\/\/finelife.tv\/fr\/wp-content\/uploads\/2023\/10\/img-src-22https-finelife.tvimage.jpg-alt-22Paris-par-Art-Basel-focus-textiles-thomas-bayrle22-269x300.png 269w, https:\/\/finelife.tv\/fr\/wp-content\/uploads\/2023\/10\/img-src-22https-finelife.tvimage.jpg-alt-22Paris-par-Art-Basel-focus-textiles-thomas-bayrle22-768x856.png 768w\" sizes=\"auto, (max-width: 854px) 100vw, 854px\" \/><figcaption class=\"wp-element-caption\">\u00a9Paris+ par Art Basel<\/figcaption><\/figure>\n<\/div>\n\n\n<p>Pionnier du pop art, Thomas Bayrle croise aussi art, travail de tisserand et enjeux soci\u00e9taux. \u00c0 Paris+ par Art Basel, le Berlinois accro au logo la Vache qui rit depuis 1967 poursuit son focus avec Artistinnen<em>&nbsp;<\/em>(2022). La tapisserie repr\u00e9sente en effet trois gymnastes, un v\u00e9lo et en background des centaines de vaches &#8230; qui rient. <\/p>\n\n\n\n<h2 class=\"wp-block-heading\">Kimsooja : Bottari &amp; cie<\/h2>\n\n\n<div class=\"wp-block-image\">\n<figure class=\"aligncenter size-large\"><img loading=\"lazy\" decoding=\"async\" width=\"1024\" height=\"556\" src=\"https:\/\/finelife.tv\/fr\/wp-content\/uploads\/2023\/10\/img-src-22https-finelife.tvimage.jpg-alt-22Paris-par-Art-Basel-focus-textiles-kimsooja-botturi22-1024x556.png\" alt=\"\" class=\"wp-image-15616\" srcset=\"https:\/\/finelife.tv\/fr\/wp-content\/uploads\/2023\/10\/img-src-22https-finelife.tvimage.jpg-alt-22Paris-par-Art-Basel-focus-textiles-kimsooja-botturi22-1024x556.png 1024w, https:\/\/finelife.tv\/fr\/wp-content\/uploads\/2023\/10\/img-src-22https-finelife.tvimage.jpg-alt-22Paris-par-Art-Basel-focus-textiles-kimsooja-botturi22-300x163.png 300w, https:\/\/finelife.tv\/fr\/wp-content\/uploads\/2023\/10\/img-src-22https-finelife.tvimage.jpg-alt-22Paris-par-Art-Basel-focus-textiles-kimsooja-botturi22-768x417.png 768w, https:\/\/finelife.tv\/fr\/wp-content\/uploads\/2023\/10\/img-src-22https-finelife.tvimage.jpg-alt-22Paris-par-Art-Basel-focus-textiles-kimsooja-botturi22.png 1404w\" sizes=\"auto, (max-width: 1024px) 100vw, 1024px\" \/><figcaption class=\"wp-element-caption\">Bottari Truck-migrateur Kimsooja 2007 \/@ Kimsooja \u2013 MAC VAL \/ Adajp Paris<\/figcaption><\/figure>\n<\/div>\n\n\n<p>L&rsquo;artiste conceptuelle transdisciplinaire a commenc\u00e9 \u00e0 s&rsquo;int\u00e9resser au textile durant ses \u00e9tudes. Depuis il irrigue son \u0153uvre. Kimsooja questionne sa dimension \u00e0 la fois universelle et quotidienne, la proximit\u00e9 qu&rsquo;il instaure. Par ailleurs elle explore le c\u00f4t\u00e9 f\u00e9minin et domestique du tissu dans la tradition. Ses premiers travaux sont inspir\u00e9s par des v\u00eatements port\u00e9s par sa grand-m\u00e8re. Une \u0153uvre comme Sewing avec ses tissus nou\u00e9s questionne l&rsquo;horizontalit\u00e9 et le verticalit\u00e9 du monde.  <\/p>\n\n\n\n<p>\u00c0 travers le textile associ\u00e9 \u00e0 d&rsquo;autres m\u00e9diums comme la photo ou la vid\u00e9o, elle documente \u00e9galement le voyage et le nomadisme. En 2023 l&rsquo;exposition <strong><a href=\"https:\/\/finelife.tv\/fr\/2023\/08\/15\/faut-il-voyager-pour-etre-heureux\/\">Faut-il voyager pour \u00eatre heureux<\/a><\/strong>  \u00e0 la Fondation EDF pr\u00e9sentait  la vid\u00e9o Bottari (1) Truck-migrateurs sur l\u2019itin\u00e9rance des expuls\u00e9s de l\u2019\u00e9glise Saint-Bernard (Paris 18\u00e8me) en 1996. Cette pi\u00e8ce est visible \u00e0 la foire.<\/p>\n\n\n\n<p>(1) le bottari est un balluchon fait d\u2019un tissu traditionnel cor\u00e9en, le bojagi.<\/p>\n\n\n\n<h2 class=\"wp-block-heading has-text-align-center\">INFOS<\/h2>\n\n\n\n<p><strong><a href=\"https:\/\/parisplus.artbasel.com\/\">Paris+ par Art Basel<\/a> <\/strong><\/p>\n\n\n\n<p><strong>Adresse<\/strong><br>Grand Palais \u00c9ph\u00e9m\u00e8re<br>2 place Joffre<br>75007, Paris<\/p>\n\n\n\n<p>Du 20 au 22 octobre 2023<\/p>\n\n\n\n<p>Related article <strong>Paris+ par Art Basel focus textiles <\/strong>\/ Paris+ par Art Basel focus textiles<\/p>\n\n\n\n<p><strong><a href=\"https:\/\/finelife.tv\/fr\/2023\/09\/15\/expo-street-art-et-affects-artistiques-au-palais-de-tokyo\/\">Expo : street art et affects artistiques au Palais de Tokyo<\/a><\/strong><\/p>\n\n\n\n<p><strong><a href=\"https:\/\/finelife.tv\/fr\/2017\/06\/08\/art-paris-art-fair-le-printemps-africain\/\">Art Paris Art Fair : le Printemps Africain<\/a><\/strong><\/p>\n\n\n\n<p><strong><a href=\"https:\/\/finelife.tv\/fr\/2023\/10\/22\/paris-par-art-basel-5-oeuvres-spectaculaires\/\">Paris+ par Art Basel 5 \u0153uvres spectaculaires<\/a><\/strong><\/p>\n\n\n\n<p><a href=\"https:\/\/finelife.tv\/fr\/2023\/10\/22\/paris-par-art-basel-focus-nature\/\"><strong>Paris+ par Art Basel focus<\/strong> <strong>nature<\/strong><\/a><\/p>\n\n\n\n<p><strong><a href=\"https:\/\/finelife.tv\/fr\/2023\/10\/25\/un-port-franc-dart-a-laeroport-de-seoul\/\">Un port franc d\u2019art \u00e0 l\u2019a\u00e9roport de S\u00e9oul<\/a><\/strong><\/p>\n","protected":false},"excerpt":{"rendered":"<p>Paris+ par Art Basel focus textiles .Notre s\u00e9lection d&rsquo;artistes dans cette \u00e9dition 2023 de Louise Bourgeois \u00e0 Sheila Hicks en passant par Laura Lamiel, Jeanne Vicerial ou encore Billie Zangewa<\/p>\n","protected":false},"author":1,"featured_media":0,"comment_status":"open","ping_status":"open","sticky":false,"template":"","format":"standard","meta":{"footnotes":""},"categories":[4],"tags":[22,4339,448,4340,3025],"class_list":["post-15478","post","type-post","status-publish","format-standard","hentry","category-blog","tag-art","tag-art-par-art-basel","tag-art-contemporain","tag-foire-art-paris","tag-grand-palais-ephemere"],"yoast_head":"<!-- This site is optimized with the Yoast SEO plugin v27.5 - https:\/\/yoast.com\/product\/yoast-seo-wordpress\/ -->\n<title>Paris+ par Art Basel focus textiles - FineLife.tv<\/title>\n<meta name=\"description\" content=\"Paris+ par Art Basel focus textiles .S\u00e9lection d&#039;artistes de cette \u00e9dition 2023 de Louise Bourgeois \u00e0 Sheila Hicks en passant par Laura Lamiel, Jeanne Vicerial ou encore Billie Zangewa\" \/>\n<meta name=\"robots\" content=\"index, follow, max-snippet:-1, max-image-preview:large, max-video-preview:-1\" \/>\n<link rel=\"canonical\" href=\"https:\/\/finelife.tv\/fr\/2023\/10\/21\/paris-par-art-basel-focus-textiles\/\" \/>\n<meta property=\"og:locale\" content=\"fr_FR\" \/>\n<meta property=\"og:type\" content=\"article\" \/>\n<meta property=\"og:title\" content=\"Paris+ par Art Basel focus textiles - FineLife.tv\" \/>\n<meta property=\"og:description\" content=\"Paris+ par Art Basel focus textiles .S\u00e9lection d&#039;artistes de cette \u00e9dition 2023 de Louise Bourgeois \u00e0 Sheila Hicks en passant par Laura Lamiel, Jeanne Vicerial ou encore Billie Zangewa\" \/>\n<meta property=\"og:url\" content=\"https:\/\/finelife.tv\/fr\/2023\/10\/21\/paris-par-art-basel-focus-textiles\/\" \/>\n<meta property=\"og:site_name\" content=\"FineLife.tv\" \/>\n<meta property=\"article:published_time\" content=\"2023-10-21T17:16:17+00:00\" \/>\n<meta property=\"article:modified_time\" content=\"2023-10-28T07:48:27+00:00\" \/>\n<meta property=\"og:image\" content=\"https:\/\/finelife.tv\/fr\/wp-content\/uploads\/2023\/10\/img-src-22https-finelife.tvimage.jpg-alt-22Paris-par-Art-Basel-focus-textiles22-897x1024.png\" \/>\n<meta name=\"author\" content=\"Leonore\" \/>\n<meta name=\"twitter:card\" content=\"summary_large_image\" \/>\n<meta name=\"twitter:creator\" content=\"@finelifetv\" \/>\n<meta name=\"twitter:site\" content=\"@finelifetv\" \/>\n<meta name=\"twitter:label1\" content=\"\u00c9crit par\" \/>\n\t<meta name=\"twitter:data1\" content=\"Leonore\" \/>\n\t<meta name=\"twitter:label2\" content=\"Dur\u00e9e de lecture estim\u00e9e\" \/>\n\t<meta name=\"twitter:data2\" content=\"9 minutes\" \/>\n<script type=\"application\/ld+json\" class=\"yoast-schema-graph\">{\"@context\":\"https:\\\/\\\/schema.org\",\"@graph\":[{\"@type\":\"Article\",\"@id\":\"https:\\\/\\\/finelife.tv\\\/fr\\\/2023\\\/10\\\/21\\\/paris-par-art-basel-focus-textiles\\\/#article\",\"isPartOf\":{\"@id\":\"https:\\\/\\\/finelife.tv\\\/fr\\\/2023\\\/10\\\/21\\\/paris-par-art-basel-focus-textiles\\\/\"},\"author\":{\"name\":\"Leonore\",\"@id\":\"https:\\\/\\\/finelife.tv\\\/fr\\\/#\\\/schema\\\/person\\\/e3d980b0c0b3dc5af01c3455893c8c52\"},\"headline\":\"Paris+ par Art Basel focus textiles\",\"datePublished\":\"2023-10-21T17:16:17+00:00\",\"dateModified\":\"2023-10-28T07:48:27+00:00\",\"mainEntityOfPage\":{\"@id\":\"https:\\\/\\\/finelife.tv\\\/fr\\\/2023\\\/10\\\/21\\\/paris-par-art-basel-focus-textiles\\\/\"},\"wordCount\":1317,\"commentCount\":6,\"image\":{\"@id\":\"https:\\\/\\\/finelife.tv\\\/fr\\\/2023\\\/10\\\/21\\\/paris-par-art-basel-focus-textiles\\\/#primaryimage\"},\"thumbnailUrl\":\"https:\\\/\\\/finelife.tv\\\/fr\\\/wp-content\\\/uploads\\\/2023\\\/10\\\/img-src-22https-finelife.tvimage.jpg-alt-22Paris-par-Art-Basel-focus-textiles22-897x1024.png\",\"keywords\":[\"art\",\"art + par art basel\",\"art contemporain\",\"foire art paris\",\"Grand palais \u00e9ph\u00e9m\u00e8re\"],\"articleSection\":[\"Blog\"],\"inLanguage\":\"fr-FR\",\"potentialAction\":[{\"@type\":\"CommentAction\",\"name\":\"Comment\",\"target\":[\"https:\\\/\\\/finelife.tv\\\/fr\\\/2023\\\/10\\\/21\\\/paris-par-art-basel-focus-textiles\\\/#respond\"]}]},{\"@type\":\"WebPage\",\"@id\":\"https:\\\/\\\/finelife.tv\\\/fr\\\/2023\\\/10\\\/21\\\/paris-par-art-basel-focus-textiles\\\/\",\"url\":\"https:\\\/\\\/finelife.tv\\\/fr\\\/2023\\\/10\\\/21\\\/paris-par-art-basel-focus-textiles\\\/\",\"name\":\"Paris+ par Art Basel focus textiles - FineLife.tv\",\"isPartOf\":{\"@id\":\"https:\\\/\\\/finelife.tv\\\/fr\\\/#website\"},\"primaryImageOfPage\":{\"@id\":\"https:\\\/\\\/finelife.tv\\\/fr\\\/2023\\\/10\\\/21\\\/paris-par-art-basel-focus-textiles\\\/#primaryimage\"},\"image\":{\"@id\":\"https:\\\/\\\/finelife.tv\\\/fr\\\/2023\\\/10\\\/21\\\/paris-par-art-basel-focus-textiles\\\/#primaryimage\"},\"thumbnailUrl\":\"https:\\\/\\\/finelife.tv\\\/fr\\\/wp-content\\\/uploads\\\/2023\\\/10\\\/img-src-22https-finelife.tvimage.jpg-alt-22Paris-par-Art-Basel-focus-textiles22-897x1024.png\",\"datePublished\":\"2023-10-21T17:16:17+00:00\",\"dateModified\":\"2023-10-28T07:48:27+00:00\",\"author\":{\"@id\":\"https:\\\/\\\/finelife.tv\\\/fr\\\/#\\\/schema\\\/person\\\/e3d980b0c0b3dc5af01c3455893c8c52\"},\"description\":\"Paris+ par Art Basel focus textiles .S\u00e9lection d'artistes de cette \u00e9dition 2023 de Louise Bourgeois \u00e0 Sheila Hicks en passant par Laura Lamiel, Jeanne Vicerial ou encore Billie Zangewa\",\"breadcrumb\":{\"@id\":\"https:\\\/\\\/finelife.tv\\\/fr\\\/2023\\\/10\\\/21\\\/paris-par-art-basel-focus-textiles\\\/#breadcrumb\"},\"inLanguage\":\"fr-FR\",\"potentialAction\":[{\"@type\":\"ReadAction\",\"target\":[\"https:\\\/\\\/finelife.tv\\\/fr\\\/2023\\\/10\\\/21\\\/paris-par-art-basel-focus-textiles\\\/\"]}]},{\"@type\":\"ImageObject\",\"inLanguage\":\"fr-FR\",\"@id\":\"https:\\\/\\\/finelife.tv\\\/fr\\\/2023\\\/10\\\/21\\\/paris-par-art-basel-focus-textiles\\\/#primaryimage\",\"url\":\"https:\\\/\\\/finelife.tv\\\/fr\\\/wp-content\\\/uploads\\\/2023\\\/10\\\/img-src-22https-finelife.tvimage.jpg-alt-22Paris-par-Art-Basel-focus-textiles22.png\",\"contentUrl\":\"https:\\\/\\\/finelife.tv\\\/fr\\\/wp-content\\\/uploads\\\/2023\\\/10\\\/img-src-22https-finelife.tvimage.jpg-alt-22Paris-par-Art-Basel-focus-textiles22.png\",\"width\":978,\"height\":1116},{\"@type\":\"BreadcrumbList\",\"@id\":\"https:\\\/\\\/finelife.tv\\\/fr\\\/2023\\\/10\\\/21\\\/paris-par-art-basel-focus-textiles\\\/#breadcrumb\",\"itemListElement\":[{\"@type\":\"ListItem\",\"position\":1,\"name\":\"Accueil\",\"item\":\"https:\\\/\\\/finelife.tv\\\/fr\\\/\"},{\"@type\":\"ListItem\",\"position\":2,\"name\":\"Paris+ par Art Basel focus textiles\"}]},{\"@type\":\"WebSite\",\"@id\":\"https:\\\/\\\/finelife.tv\\\/fr\\\/#website\",\"url\":\"https:\\\/\\\/finelife.tv\\\/fr\\\/\",\"name\":\"FineLife.tv\",\"description\":\"Quand l&#039;Art de vivre croise l&#039;Art de penser\",\"potentialAction\":[{\"@type\":\"SearchAction\",\"target\":{\"@type\":\"EntryPoint\",\"urlTemplate\":\"https:\\\/\\\/finelife.tv\\\/fr\\\/?s={search_term_string}\"},\"query-input\":{\"@type\":\"PropertyValueSpecification\",\"valueRequired\":true,\"valueName\":\"search_term_string\"}}],\"inLanguage\":\"fr-FR\"},{\"@type\":\"Person\",\"@id\":\"https:\\\/\\\/finelife.tv\\\/fr\\\/#\\\/schema\\\/person\\\/e3d980b0c0b3dc5af01c3455893c8c52\",\"name\":\"Leonore\",\"image\":{\"@type\":\"ImageObject\",\"inLanguage\":\"fr-FR\",\"@id\":\"https:\\\/\\\/secure.gravatar.com\\\/avatar\\\/9a2e5073417479f910ffdeee54da5ccf4f91eab62746ce0ae0e81124a9491a79?s=96&d=mm&r=g\",\"url\":\"https:\\\/\\\/secure.gravatar.com\\\/avatar\\\/9a2e5073417479f910ffdeee54da5ccf4f91eab62746ce0ae0e81124a9491a79?s=96&d=mm&r=g\",\"contentUrl\":\"https:\\\/\\\/secure.gravatar.com\\\/avatar\\\/9a2e5073417479f910ffdeee54da5ccf4f91eab62746ce0ae0e81124a9491a79?s=96&d=mm&r=g\",\"caption\":\"Leonore\"}}]}<\/script>\n<!-- \/ Yoast SEO plugin. -->","yoast_head_json":{"title":"Paris+ par Art Basel focus textiles - FineLife.tv","description":"Paris+ par Art Basel focus textiles .S\u00e9lection d'artistes de cette \u00e9dition 2023 de Louise Bourgeois \u00e0 Sheila Hicks en passant par Laura Lamiel, Jeanne Vicerial ou encore Billie Zangewa","robots":{"index":"index","follow":"follow","max-snippet":"max-snippet:-1","max-image-preview":"max-image-preview:large","max-video-preview":"max-video-preview:-1"},"canonical":"https:\/\/finelife.tv\/fr\/2023\/10\/21\/paris-par-art-basel-focus-textiles\/","og_locale":"fr_FR","og_type":"article","og_title":"Paris+ par Art Basel focus textiles - FineLife.tv","og_description":"Paris+ par Art Basel focus textiles .S\u00e9lection d'artistes de cette \u00e9dition 2023 de Louise Bourgeois \u00e0 Sheila Hicks en passant par Laura Lamiel, Jeanne Vicerial ou encore Billie Zangewa","og_url":"https:\/\/finelife.tv\/fr\/2023\/10\/21\/paris-par-art-basel-focus-textiles\/","og_site_name":"FineLife.tv","article_published_time":"2023-10-21T17:16:17+00:00","article_modified_time":"2023-10-28T07:48:27+00:00","og_image":[{"url":"https:\/\/finelife.tv\/fr\/wp-content\/uploads\/2023\/10\/img-src-22https-finelife.tvimage.jpg-alt-22Paris-par-Art-Basel-focus-textiles22-897x1024.png","type":"","width":"","height":""}],"author":"Leonore","twitter_card":"summary_large_image","twitter_creator":"@finelifetv","twitter_site":"@finelifetv","twitter_misc":{"\u00c9crit par":"Leonore","Dur\u00e9e de lecture estim\u00e9e":"9 minutes"},"schema":{"@context":"https:\/\/schema.org","@graph":[{"@type":"Article","@id":"https:\/\/finelife.tv\/fr\/2023\/10\/21\/paris-par-art-basel-focus-textiles\/#article","isPartOf":{"@id":"https:\/\/finelife.tv\/fr\/2023\/10\/21\/paris-par-art-basel-focus-textiles\/"},"author":{"name":"Leonore","@id":"https:\/\/finelife.tv\/fr\/#\/schema\/person\/e3d980b0c0b3dc5af01c3455893c8c52"},"headline":"Paris+ par Art Basel focus textiles","datePublished":"2023-10-21T17:16:17+00:00","dateModified":"2023-10-28T07:48:27+00:00","mainEntityOfPage":{"@id":"https:\/\/finelife.tv\/fr\/2023\/10\/21\/paris-par-art-basel-focus-textiles\/"},"wordCount":1317,"commentCount":6,"image":{"@id":"https:\/\/finelife.tv\/fr\/2023\/10\/21\/paris-par-art-basel-focus-textiles\/#primaryimage"},"thumbnailUrl":"https:\/\/finelife.tv\/fr\/wp-content\/uploads\/2023\/10\/img-src-22https-finelife.tvimage.jpg-alt-22Paris-par-Art-Basel-focus-textiles22-897x1024.png","keywords":["art","art + par art basel","art contemporain","foire art paris","Grand palais \u00e9ph\u00e9m\u00e8re"],"articleSection":["Blog"],"inLanguage":"fr-FR","potentialAction":[{"@type":"CommentAction","name":"Comment","target":["https:\/\/finelife.tv\/fr\/2023\/10\/21\/paris-par-art-basel-focus-textiles\/#respond"]}]},{"@type":"WebPage","@id":"https:\/\/finelife.tv\/fr\/2023\/10\/21\/paris-par-art-basel-focus-textiles\/","url":"https:\/\/finelife.tv\/fr\/2023\/10\/21\/paris-par-art-basel-focus-textiles\/","name":"Paris+ par Art Basel focus textiles - FineLife.tv","isPartOf":{"@id":"https:\/\/finelife.tv\/fr\/#website"},"primaryImageOfPage":{"@id":"https:\/\/finelife.tv\/fr\/2023\/10\/21\/paris-par-art-basel-focus-textiles\/#primaryimage"},"image":{"@id":"https:\/\/finelife.tv\/fr\/2023\/10\/21\/paris-par-art-basel-focus-textiles\/#primaryimage"},"thumbnailUrl":"https:\/\/finelife.tv\/fr\/wp-content\/uploads\/2023\/10\/img-src-22https-finelife.tvimage.jpg-alt-22Paris-par-Art-Basel-focus-textiles22-897x1024.png","datePublished":"2023-10-21T17:16:17+00:00","dateModified":"2023-10-28T07:48:27+00:00","author":{"@id":"https:\/\/finelife.tv\/fr\/#\/schema\/person\/e3d980b0c0b3dc5af01c3455893c8c52"},"description":"Paris+ par Art Basel focus textiles .S\u00e9lection d'artistes de cette \u00e9dition 2023 de Louise Bourgeois \u00e0 Sheila Hicks en passant par Laura Lamiel, Jeanne Vicerial ou encore Billie Zangewa","breadcrumb":{"@id":"https:\/\/finelife.tv\/fr\/2023\/10\/21\/paris-par-art-basel-focus-textiles\/#breadcrumb"},"inLanguage":"fr-FR","potentialAction":[{"@type":"ReadAction","target":["https:\/\/finelife.tv\/fr\/2023\/10\/21\/paris-par-art-basel-focus-textiles\/"]}]},{"@type":"ImageObject","inLanguage":"fr-FR","@id":"https:\/\/finelife.tv\/fr\/2023\/10\/21\/paris-par-art-basel-focus-textiles\/#primaryimage","url":"https:\/\/finelife.tv\/fr\/wp-content\/uploads\/2023\/10\/img-src-22https-finelife.tvimage.jpg-alt-22Paris-par-Art-Basel-focus-textiles22.png","contentUrl":"https:\/\/finelife.tv\/fr\/wp-content\/uploads\/2023\/10\/img-src-22https-finelife.tvimage.jpg-alt-22Paris-par-Art-Basel-focus-textiles22.png","width":978,"height":1116},{"@type":"BreadcrumbList","@id":"https:\/\/finelife.tv\/fr\/2023\/10\/21\/paris-par-art-basel-focus-textiles\/#breadcrumb","itemListElement":[{"@type":"ListItem","position":1,"name":"Accueil","item":"https:\/\/finelife.tv\/fr\/"},{"@type":"ListItem","position":2,"name":"Paris+ par Art Basel focus textiles"}]},{"@type":"WebSite","@id":"https:\/\/finelife.tv\/fr\/#website","url":"https:\/\/finelife.tv\/fr\/","name":"FineLife.tv","description":"Quand l&#039;Art de vivre croise l&#039;Art de penser","potentialAction":[{"@type":"SearchAction","target":{"@type":"EntryPoint","urlTemplate":"https:\/\/finelife.tv\/fr\/?s={search_term_string}"},"query-input":{"@type":"PropertyValueSpecification","valueRequired":true,"valueName":"search_term_string"}}],"inLanguage":"fr-FR"},{"@type":"Person","@id":"https:\/\/finelife.tv\/fr\/#\/schema\/person\/e3d980b0c0b3dc5af01c3455893c8c52","name":"Leonore","image":{"@type":"ImageObject","inLanguage":"fr-FR","@id":"https:\/\/secure.gravatar.com\/avatar\/9a2e5073417479f910ffdeee54da5ccf4f91eab62746ce0ae0e81124a9491a79?s=96&d=mm&r=g","url":"https:\/\/secure.gravatar.com\/avatar\/9a2e5073417479f910ffdeee54da5ccf4f91eab62746ce0ae0e81124a9491a79?s=96&d=mm&r=g","contentUrl":"https:\/\/secure.gravatar.com\/avatar\/9a2e5073417479f910ffdeee54da5ccf4f91eab62746ce0ae0e81124a9491a79?s=96&d=mm&r=g","caption":"Leonore"}}]}},"_links":{"self":[{"href":"https:\/\/finelife.tv\/fr\/wp-json\/wp\/v2\/posts\/15478","targetHints":{"allow":["GET"]}}],"collection":[{"href":"https:\/\/finelife.tv\/fr\/wp-json\/wp\/v2\/posts"}],"about":[{"href":"https:\/\/finelife.tv\/fr\/wp-json\/wp\/v2\/types\/post"}],"author":[{"embeddable":true,"href":"https:\/\/finelife.tv\/fr\/wp-json\/wp\/v2\/users\/1"}],"replies":[{"embeddable":true,"href":"https:\/\/finelife.tv\/fr\/wp-json\/wp\/v2\/comments?post=15478"}],"version-history":[{"count":43,"href":"https:\/\/finelife.tv\/fr\/wp-json\/wp\/v2\/posts\/15478\/revisions"}],"predecessor-version":[{"id":15791,"href":"https:\/\/finelife.tv\/fr\/wp-json\/wp\/v2\/posts\/15478\/revisions\/15791"}],"wp:attachment":[{"href":"https:\/\/finelife.tv\/fr\/wp-json\/wp\/v2\/media?parent=15478"}],"wp:term":[{"taxonomy":"category","embeddable":true,"href":"https:\/\/finelife.tv\/fr\/wp-json\/wp\/v2\/categories?post=15478"},{"taxonomy":"post_tag","embeddable":true,"href":"https:\/\/finelife.tv\/fr\/wp-json\/wp\/v2\/tags?post=15478"}],"curies":[{"name":"wp","href":"https:\/\/api.w.org\/{rel}","templated":true}]}}