{"id":15535,"date":"2023-10-22T15:45:19","date_gmt":"2023-10-22T13:45:19","guid":{"rendered":"https:\/\/finelife.tv\/fr\/?p=15535"},"modified":"2024-11-22T11:55:08","modified_gmt":"2024-11-22T10:55:08","slug":"paris-par-art-basel-5-oeuvres-spectaculaires","status":"publish","type":"post","link":"https:\/\/finelife.tv\/fr\/2023\/10\/22\/paris-par-art-basel-5-oeuvres-spectaculaires\/","title":{"rendered":"Paris+ par Art Basel 5 \u0153uvres spectaculaires"},"content":{"rendered":"\n<figure class=\"wp-block-image size-large\"><img loading=\"lazy\" decoding=\"async\" width=\"865\" height=\"1024\" src=\"https:\/\/finelife.tv\/fr\/wp-content\/uploads\/2023\/10\/img-src-22https-finelife.tvimage.jpg-alt-22Paris-par-Art-Basel-5-oeuvres-spectaculaires22-865x1024.jpg\" alt=\"\" class=\"wp-image-15542\" srcset=\"https:\/\/finelife.tv\/fr\/wp-content\/uploads\/2023\/10\/img-src-22https-finelife.tvimage.jpg-alt-22Paris-par-Art-Basel-5-oeuvres-spectaculaires22-865x1024.jpg 865w, https:\/\/finelife.tv\/fr\/wp-content\/uploads\/2023\/10\/img-src-22https-finelife.tvimage.jpg-alt-22Paris-par-Art-Basel-5-oeuvres-spectaculaires22-254x300.jpg 254w, https:\/\/finelife.tv\/fr\/wp-content\/uploads\/2023\/10\/img-src-22https-finelife.tvimage.jpg-alt-22Paris-par-Art-Basel-5-oeuvres-spectaculaires22-768x909.jpg 768w, https:\/\/finelife.tv\/fr\/wp-content\/uploads\/2023\/10\/img-src-22https-finelife.tvimage.jpg-alt-22Paris-par-Art-Basel-5-oeuvres-spectaculaires22-1298x1536.jpg 1298w, https:\/\/finelife.tv\/fr\/wp-content\/uploads\/2023\/10\/img-src-22https-finelife.tvimage.jpg-alt-22Paris-par-Art-Basel-5-oeuvres-spectaculaires22-1731x2048.jpg 1731w, https:\/\/finelife.tv\/fr\/wp-content\/uploads\/2023\/10\/img-src-22https-finelife.tvimage.jpg-alt-22Paris-par-Art-Basel-5-oeuvres-spectaculaires22.jpg 2028w\" sizes=\"auto, (max-width: 865px) 100vw, 865px\" \/><\/figure>\n\n\n\n<p><strong> Paris+ par Art Basel 5 \u0153uvres spectaculaires. Notamment les Bunnies de Sarah Lucas ou Napol\u00e9on au z\u00e8bre d&rsquo;Ai Weiwei pour le buzz et instagram ou pour secouer les imaginaires<\/strong><\/p>\n\n\n\n<p>La foire parisienne d&rsquo;art moderne et contemporain accueille 154 galeries et des centaines d&rsquo;\u0153uvres sur des stands solo, duo et collectifs. \u00c0 c\u00f4t\u00e9 des galeries \u00e9mergentes, des ic\u00f4nes de l&rsquo;art contemporain comme Jeff Koons ou Yayoi Kusama, l&rsquo;artiste presque attitr\u00e9e de Vuitton. Ainsi que des pi\u00e8ces qui font le buzz sur instagnam ou impr\u00e8gnent la m\u00e9moire.  <\/p>\n\n\n\n<h2 class=\"wp-block-heading\">Le dernier des bunnies de Sarah Lucas<\/h2>\n\n\n<div class=\"wp-block-image\">\n<figure class=\"aligncenter size-large\"><img loading=\"lazy\" decoding=\"async\" width=\"1024\" height=\"558\" src=\"https:\/\/finelife.tv\/fr\/wp-content\/uploads\/2023\/10\/img-src-22https-finelife.tvimage.jpg-alt-22Paris-par-Art-Basel-5-oeuvres-spectaculaires-sarah-lucasbunnies-sur-voiture22-1024x558.png\" alt=\"\" class=\"wp-image-15543\" srcset=\"https:\/\/finelife.tv\/fr\/wp-content\/uploads\/2023\/10\/img-src-22https-finelife.tvimage.jpg-alt-22Paris-par-Art-Basel-5-oeuvres-spectaculaires-sarah-lucasbunnies-sur-voiture22-1024x558.png 1024w, https:\/\/finelife.tv\/fr\/wp-content\/uploads\/2023\/10\/img-src-22https-finelife.tvimage.jpg-alt-22Paris-par-Art-Basel-5-oeuvres-spectaculaires-sarah-lucasbunnies-sur-voiture22-300x163.png 300w, https:\/\/finelife.tv\/fr\/wp-content\/uploads\/2023\/10\/img-src-22https-finelife.tvimage.jpg-alt-22Paris-par-Art-Basel-5-oeuvres-spectaculaires-sarah-lucasbunnies-sur-voiture22-768x418.png 768w, https:\/\/finelife.tv\/fr\/wp-content\/uploads\/2023\/10\/img-src-22https-finelife.tvimage.jpg-alt-22Paris-par-Art-Basel-5-oeuvres-spectaculaires-sarah-lucasbunnies-sur-voiture22-1536x836.png 1536w, https:\/\/finelife.tv\/fr\/wp-content\/uploads\/2023\/10\/img-src-22https-finelife.tvimage.jpg-alt-22Paris-par-Art-Basel-5-oeuvres-spectaculaires-sarah-lucasbunnies-sur-voiture22-2048x1115.png 2048w\" sizes=\"auto, (max-width: 1024px) 100vw, 1024px\" \/><\/figure>\n<\/div>\n\n\n<p>Six Cent Soixante Six ou 666 c&rsquo;est la marque du diable. Ou de la la diablesse Sarah Lucas qui livre sa derni\u00e8re \u0153uvre \u00e0 Paris+ par Art Basel. L&rsquo;artiste fait le buzz depuis 20 ans avec ses \u00ab\u00a0bunnies\u00a0\u00bb des poup\u00e9es sans visage habill\u00e9es d&rsquo;un vestiaire brocante o\u00f9 dominent collants et talons aiguilles. Positions lascives, profusion de seins, Sarah Lucas donne dans la provocation sensuelle et ironique. Objectif : c\u00e9l\u00e9brer le plaisir de la femme. Apr\u00e8s avoir notamment affal\u00e9 ses humano\u00efdes sur des fauteuils vintage Charles et Ray Eames ou les avoir contorsionn\u00e9s sur des blocs de b\u00e9ton \u00e0 la Tate Britain, Sarah Lucas les enlace sur le capot d&rsquo;une Triumph jaune. <\/p>\n\n\n\n<h2 class=\"wp-block-heading\">Napol\u00e9on et le z\u00e8bre de Ai Weiwei<\/h2>\n\n\n\n<figure class=\"wp-block-image size-full\"><img loading=\"lazy\" decoding=\"async\" width=\"810\" height=\"914\" src=\"https:\/\/finelife.tv\/fr\/wp-content\/uploads\/2023\/10\/img-src-22https-finelife.tvimage.jpg-alt-22Paris-par-Art-Basel-5-oeuvres-spectaculaires-ai-weiwei-napoleon-zebre22.jpg\" alt=\"\" class=\"wp-image-15544\" srcset=\"https:\/\/finelife.tv\/fr\/wp-content\/uploads\/2023\/10\/img-src-22https-finelife.tvimage.jpg-alt-22Paris-par-Art-Basel-5-oeuvres-spectaculaires-ai-weiwei-napoleon-zebre22.jpg 810w, https:\/\/finelife.tv\/fr\/wp-content\/uploads\/2023\/10\/img-src-22https-finelife.tvimage.jpg-alt-22Paris-par-Art-Basel-5-oeuvres-spectaculaires-ai-weiwei-napoleon-zebre22-266x300.jpg 266w, https:\/\/finelife.tv\/fr\/wp-content\/uploads\/2023\/10\/img-src-22https-finelife.tvimage.jpg-alt-22Paris-par-Art-Basel-5-oeuvres-spectaculaires-ai-weiwei-napoleon-zebre22-768x867.jpg 768w\" sizes=\"auto, (max-width: 810px) 100vw, 810px\" \/><figcaption class=\"wp-element-caption\">AI WeiWei Napoleon on zebra @Paris+parArtBasel<\/figcaption><\/figure>\n\n\n\n<p>Pr\u00e8s de l&rsquo;entr\u00e9e une \u0153uvre magistrale de AI Weiwei.  Weiwei\u2019s Napoleon on a Zebra (2023) est fait de legos et pr\u00e9sente l&rsquo;Empereur \u00e0 l&rsquo;envers. De fait une r\u00e9interpr\u00e9tation ironique du portrait de Napol\u00e9on franchisant les Alpes par Jean-Louis David, le peintre pr\u00e9f\u00e9r\u00e9 du Corse conqu\u00e9rant. L&rsquo;artiste veut ainsi questionner l&rsquo;histoire domin\u00e9e par le r\u00e9cit occidental selon la galerie Neugerriemschneider.<\/p>\n\n\n\n<p>Le Napol\u00e9on au z\u00e8bre s&rsquo;inscrit dans une s\u00e9rie qui d\u00e9marre en 2017 avec 176 portraits compos\u00e9s de 1,2 million de legos. Objectif : d\u00e9noncer la r\u00e9pression contre les dissidents politiques dans le monde. R\u00e9cemment \u00e0 Londres, Ai Weiwei a \u00e9galement revisit\u00e9 ou d\u00e9construit les Nymph\u00e9as de Monet avec 650 000 briques du jeu de construction iconique. <\/p>\n\n\n\n<h2 class=\"wp-block-heading\">Robin Kid Kingdom of Ends : le doute pop<\/h2>\n\n\n\n<p>Parall\u00e8lement au solo show du Grenier Saint-Lazare, Robin Kid expose Kingdom of Ends \u00e0 Paris+ par Art Basel. \u00c0 travers des images issues de la culture et de la consommation de masse, l&rsquo;artiste entend investir l&rsquo;enfance. La m\u00e9moire de l&rsquo;enfance et de l&rsquo;adolescence. Pop, color\u00e9, na\u00eff le travail \u00e9veille l&rsquo;espoir kantien mais aussi la peur n\u00e9e des incertitudes.<\/p>\n\n\n\n<h2 class=\"wp-block-heading\">Hew Locke profusion de mati\u00e8res et de questions<\/h2>\n\n\n<div class=\"wp-block-image\">\n<figure class=\"aligncenter size-large\"><img loading=\"lazy\" decoding=\"async\" width=\"1024\" height=\"767\" src=\"https:\/\/finelife.tv\/fr\/wp-content\/uploads\/2023\/10\/img-src-22httpsfinelife.tvimage.jpg-alt-22Paris-par-Art-Basel-5-oeuvres-spectaculaires-statue-hew-locke-the-procession22-1024x767.jpg\" alt=\"\" class=\"wp-image-15546\" srcset=\"https:\/\/finelife.tv\/fr\/wp-content\/uploads\/2023\/10\/img-src-22httpsfinelife.tvimage.jpg-alt-22Paris-par-Art-Basel-5-oeuvres-spectaculaires-statue-hew-locke-the-procession22-1024x767.jpg 1024w, https:\/\/finelife.tv\/fr\/wp-content\/uploads\/2023\/10\/img-src-22httpsfinelife.tvimage.jpg-alt-22Paris-par-Art-Basel-5-oeuvres-spectaculaires-statue-hew-locke-the-procession22-300x225.jpg 300w, https:\/\/finelife.tv\/fr\/wp-content\/uploads\/2023\/10\/img-src-22httpsfinelife.tvimage.jpg-alt-22Paris-par-Art-Basel-5-oeuvres-spectaculaires-statue-hew-locke-the-procession22-768x575.jpg 768w, https:\/\/finelife.tv\/fr\/wp-content\/uploads\/2023\/10\/img-src-22httpsfinelife.tvimage.jpg-alt-22Paris-par-Art-Basel-5-oeuvres-spectaculaires-statue-hew-locke-the-procession22-1536x1151.jpg 1536w, https:\/\/finelife.tv\/fr\/wp-content\/uploads\/2023\/10\/img-src-22httpsfinelife.tvimage.jpg-alt-22Paris-par-Art-Basel-5-oeuvres-spectaculaires-statue-hew-locke-the-procession22.jpg 2048w\" sizes=\"auto, (max-width: 1024px) 100vw, 1024px\" \/><figcaption class=\"wp-element-caption\">Procession Hew Locke &#8211; Tate Britain<\/figcaption><\/figure>\n<\/div>\n\n\n<p>Hew Locke a le sens des installations. En 2022 \u00e0 la Tate Britain il d\u00e9voile Procession, une commande magistrale. Alex Farquharson, directeur du mus\u00e9e, d\u00e9clare alors \u00ab\u00a0The Procession est une \u0153uvre puissante qui r\u00e9fl\u00e9chit \u00e0 la mondialisation, au colonialisme, aux conflits, \u00e0 l&rsquo;\u00e9cologie et \u00e0 l&rsquo;identit\u00e9 culturelle\u00a0\u00bb. <\/p>\n\n\n<div class=\"wp-block-image\">\n<figure class=\"aligncenter size-large\"><img loading=\"lazy\" decoding=\"async\" width=\"768\" height=\"1024\" src=\"https:\/\/finelife.tv\/fr\/wp-content\/uploads\/2023\/10\/img-src-22https-finelife.tvimage.jpg-alt-22Paris-par-Art-Basel-5-oeuvres-spectaculaires-statue-hew-locke22-768x1024.jpg\" alt=\"\" class=\"wp-image-15545\" srcset=\"https:\/\/finelife.tv\/fr\/wp-content\/uploads\/2023\/10\/img-src-22https-finelife.tvimage.jpg-alt-22Paris-par-Art-Basel-5-oeuvres-spectaculaires-statue-hew-locke22-768x1024.jpg 768w, https:\/\/finelife.tv\/fr\/wp-content\/uploads\/2023\/10\/img-src-22https-finelife.tvimage.jpg-alt-22Paris-par-Art-Basel-5-oeuvres-spectaculaires-statue-hew-locke22-225x300.jpg 225w, https:\/\/finelife.tv\/fr\/wp-content\/uploads\/2023\/10\/img-src-22https-finelife.tvimage.jpg-alt-22Paris-par-Art-Basel-5-oeuvres-spectaculaires-statue-hew-locke22-1152x1536.jpg 1152w, https:\/\/finelife.tv\/fr\/wp-content\/uploads\/2023\/10\/img-src-22https-finelife.tvimage.jpg-alt-22Paris-par-Art-Basel-5-oeuvres-spectaculaires-statue-hew-locke22-1536x2048.jpg 1536w, https:\/\/finelife.tv\/fr\/wp-content\/uploads\/2023\/10\/img-src-22https-finelife.tvimage.jpg-alt-22Paris-par-Art-Basel-5-oeuvres-spectaculaires-statue-hew-locke22-scaled.jpg 1920w\" sizes=\"auto, (max-width: 768px) 100vw, 768px\" \/><figcaption class=\"wp-element-caption\">Hew Locke &#8211; Souvenir 14 Princess Alexandra<\/figcaption><\/figure>\n<\/div>\n\n\n<p>\u00c0 Paris+ par Art Basel le peintre et sculpteur guyano-britannique pr\u00e9sente une \u0153uvre beaucoup plus modeste mais spectaculaire dans la profusion d&rsquo;\u00e9l\u00e9ments. Des fleurs aux cr\u00e2nes en passant par des m\u00e9dailles et insignes. Elle puise dans ses sources d&rsquo;inspiration r\u00e9currente : la statuaire, la royaut\u00e9, les cultes des Cara\u00efbes et leur luxuriance. Souvenir 14 (Princess Alexandra) est compos\u00e9 de laiton, cuivre, alliage de cuivre, j\u00e9somite et plastique.<\/p>\n\n\n\n<h2 class=\"wp-block-heading\">Man\u00e8ge macabre Hans Op de Beeck<\/h2>\n\n\n<div class=\"wp-block-image\">\n<figure class=\"aligncenter size-large\"><img loading=\"lazy\" decoding=\"async\" width=\"1024\" height=\"735\" src=\"https:\/\/finelife.tv\/fr\/wp-content\/uploads\/2023\/10\/img-src-22https-finelife.tvimage.jpg-alt-22Paris-par-Art-Basel-5-oeuvres-spectaculaires-statue-danse-macabre-hans-op-breck22-1024x735.jpg\" alt=\"\" class=\"wp-image-15551\" srcset=\"https:\/\/finelife.tv\/fr\/wp-content\/uploads\/2023\/10\/img-src-22https-finelife.tvimage.jpg-alt-22Paris-par-Art-Basel-5-oeuvres-spectaculaires-statue-danse-macabre-hans-op-breck22-1024x735.jpg 1024w, https:\/\/finelife.tv\/fr\/wp-content\/uploads\/2023\/10\/img-src-22https-finelife.tvimage.jpg-alt-22Paris-par-Art-Basel-5-oeuvres-spectaculaires-statue-danse-macabre-hans-op-breck22-300x215.jpg 300w, https:\/\/finelife.tv\/fr\/wp-content\/uploads\/2023\/10\/img-src-22https-finelife.tvimage.jpg-alt-22Paris-par-Art-Basel-5-oeuvres-spectaculaires-statue-danse-macabre-hans-op-breck22-768x551.jpg 768w, https:\/\/finelife.tv\/fr\/wp-content\/uploads\/2023\/10\/img-src-22https-finelife.tvimage.jpg-alt-22Paris-par-Art-Basel-5-oeuvres-spectaculaires-statue-danse-macabre-hans-op-breck22.jpg 1416w\" sizes=\"auto, (max-width: 1024px) 100vw, 1024px\" \/><figcaption class=\"wp-element-caption\">Hans Op de Beeck Danse macabre &#8211; galerie Krinzinger<\/figcaption><\/figure>\n<\/div>\n\n\n<p>Dans la veine des danses macabres qui se jouent de la peste Hans Op de Beek livre un man\u00e8ge. Presque un oxymore artistique car le man\u00e8ge est g\u00e9n\u00e9ralement li\u00e9 \u00e0 l&rsquo;enfance donc symboliquement \u00e0 la vie. Les squelettes fig\u00e9s dans l&rsquo;agile gris secouent les imaginaires. Cataclysme \u00e0 la Pomp\u00e9i qui stoppe la vie dans un moment festif ou bien memento mori latino ou encore nostalgie baroque de moments heureux et insouciants.<\/p>\n\n\n\n<h2 class=\"wp-block-heading\">INFOS<\/h2>\n\n\n\n<p>Photo principale @Robin Wood<\/p>\n\n\n\n<p><strong><a href=\"https:\/\/parisplus.artbasel.com\/\">Paris+ par Art Basel<\/a><\/strong><\/p>\n\n\n\n<p><strong>Adresse<\/strong><br>Grand Palais \u00c9ph\u00e9m\u00e8re<br>2 place Joffre<br>75007, Paris<\/p>\n\n\n\n<p>Du 20 au 22 octobre 2023<\/p>\n\n\n\n<p>Related article <strong>Paris+ par Art Basel 5 \u0153uvres spectaculaires<\/strong><\/p>\n\n\n\n<p><strong><a href=\"https:\/\/finelife.tv\/fr\/2023\/10\/21\/paris-par-art-basel-focus-textiles\/\">Paris+ par Art Basel focus textiles<\/a><\/strong><\/p>\n\n\n\n<p><a href=\"https:\/\/finelife.tv\/fr\/2023\/10\/22\/paris-par-art-basel-focus-nature\/\"><strong>Paris+ par Art Basel focus<\/strong> <strong>nature<\/strong><\/a><\/p>\n\n\n\n<p><strong><a href=\"https:\/\/finelife.tv\/fr\/2023\/10\/25\/un-port-franc-dart-a-laeroport-de-seoul\/\">Un port franc d\u2019art \u00e0 l\u2019a\u00e9roport de S\u00e9oul<\/a><\/strong><\/p>\n\n\n\n<p><strong><a href=\"https:\/\/finelife.tv\/fr\/2024\/11\/22\/art-basel-paris-4-oeuvres-en-gris\/\">Art Basel Paris 4 \u0153uvres en gris<\/a><\/strong><\/p>\n","protected":false},"excerpt":{"rendered":"<p>Paris+ par Art Basel 5 \u0153uvres spectaculaires. Notamment les Bunnies de Sarah Lucas ou Napol\u00e9on au z\u00e8bre d&rsquo;Ai Weiwei pour le buzz et instagram ou pour secouer les imaginaires<\/p>\n","protected":false},"author":1,"featured_media":0,"comment_status":"open","ping_status":"open","sticky":false,"template":"","format":"standard","meta":{"footnotes":""},"categories":[4],"tags":[22,448,530,4340,4343,4345],"class_list":["post-15535","post","type-post","status-publish","format-standard","hentry","category-blog","tag-art","tag-art-contemporain","tag-fiac","tag-foire-art-paris","tag-paris-par-art-basel","tag-semaine-de-lart-paris"],"yoast_head":"<!-- This site is optimized with the Yoast SEO plugin v27.5 - https:\/\/yoast.com\/product\/yoast-seo-wordpress\/ -->\n<title>Paris+ par Art Basel 5 \u0153uvres spectaculaires - FineLife.tv<\/title>\n<meta name=\"description\" content=\"Paris+ par Art Basel 5 \u0153uvres spectaculaires. Notamment les Bunnies de Sarah Lucas ou Napol\u00e9on au z\u00e8bre d&#039;Ai Weiwei pour le buzz et instagram ou pour secouer les imaginaires\" \/>\n<meta name=\"robots\" content=\"index, follow, max-snippet:-1, max-image-preview:large, max-video-preview:-1\" \/>\n<link rel=\"canonical\" href=\"https:\/\/finelife.tv\/fr\/2023\/10\/22\/paris-par-art-basel-5-oeuvres-spectaculaires\/\" \/>\n<meta property=\"og:locale\" content=\"fr_FR\" \/>\n<meta property=\"og:type\" content=\"article\" \/>\n<meta property=\"og:title\" content=\"Paris+ par Art Basel 5 \u0153uvres spectaculaires - FineLife.tv\" \/>\n<meta property=\"og:description\" content=\"Paris+ par Art Basel 5 \u0153uvres spectaculaires. Notamment les Bunnies de Sarah Lucas ou Napol\u00e9on au z\u00e8bre d&#039;Ai Weiwei pour le buzz et instagram ou pour secouer les imaginaires\" \/>\n<meta property=\"og:url\" content=\"https:\/\/finelife.tv\/fr\/2023\/10\/22\/paris-par-art-basel-5-oeuvres-spectaculaires\/\" \/>\n<meta property=\"og:site_name\" content=\"FineLife.tv\" \/>\n<meta property=\"article:published_time\" content=\"2023-10-22T13:45:19+00:00\" \/>\n<meta property=\"article:modified_time\" content=\"2024-11-22T10:55:08+00:00\" \/>\n<meta property=\"og:image\" content=\"https:\/\/finelife.tv\/fr\/wp-content\/uploads\/2023\/10\/img-src-22https-finelife.tvimage.jpg-alt-22Paris-par-Art-Basel-5-oeuvres-spectaculaires22.jpg\" \/>\n\t<meta property=\"og:image:width\" content=\"2028\" \/>\n\t<meta property=\"og:image:height\" content=\"2400\" \/>\n\t<meta property=\"og:image:type\" content=\"image\/jpeg\" \/>\n<meta name=\"author\" content=\"Leonore\" \/>\n<meta name=\"twitter:card\" content=\"summary_large_image\" \/>\n<meta name=\"twitter:creator\" content=\"@finelifetv\" \/>\n<meta name=\"twitter:site\" content=\"@finelifetv\" \/>\n<meta name=\"twitter:label1\" content=\"\u00c9crit par\" \/>\n\t<meta name=\"twitter:data1\" content=\"Leonore\" \/>\n\t<meta name=\"twitter:label2\" content=\"Dur\u00e9e de lecture estim\u00e9e\" \/>\n\t<meta name=\"twitter:data2\" content=\"5 minutes\" \/>\n<script type=\"application\/ld+json\" class=\"yoast-schema-graph\">{\"@context\":\"https:\\\/\\\/schema.org\",\"@graph\":[{\"@type\":\"Article\",\"@id\":\"https:\\\/\\\/finelife.tv\\\/fr\\\/2023\\\/10\\\/22\\\/paris-par-art-basel-5-oeuvres-spectaculaires\\\/#article\",\"isPartOf\":{\"@id\":\"https:\\\/\\\/finelife.tv\\\/fr\\\/2023\\\/10\\\/22\\\/paris-par-art-basel-5-oeuvres-spectaculaires\\\/\"},\"author\":{\"name\":\"Leonore\",\"@id\":\"https:\\\/\\\/finelife.tv\\\/fr\\\/#\\\/schema\\\/person\\\/e3d980b0c0b3dc5af01c3455893c8c52\"},\"headline\":\"Paris+ par Art Basel 5 \u0153uvres spectaculaires\",\"datePublished\":\"2023-10-22T13:45:19+00:00\",\"dateModified\":\"2024-11-22T10:55:08+00:00\",\"mainEntityOfPage\":{\"@id\":\"https:\\\/\\\/finelife.tv\\\/fr\\\/2023\\\/10\\\/22\\\/paris-par-art-basel-5-oeuvres-spectaculaires\\\/\"},\"wordCount\":743,\"commentCount\":4,\"image\":{\"@id\":\"https:\\\/\\\/finelife.tv\\\/fr\\\/2023\\\/10\\\/22\\\/paris-par-art-basel-5-oeuvres-spectaculaires\\\/#primaryimage\"},\"thumbnailUrl\":\"https:\\\/\\\/finelife.tv\\\/fr\\\/wp-content\\\/uploads\\\/2023\\\/10\\\/img-src-22https-finelife.tvimage.jpg-alt-22Paris-par-Art-Basel-5-oeuvres-spectaculaires22-865x1024.jpg\",\"keywords\":[\"art\",\"art contemporain\",\"fiac\",\"foire art paris\",\"paris+ par art basel\",\"semaine de l'art paris\"],\"articleSection\":[\"Blog\"],\"inLanguage\":\"fr-FR\",\"potentialAction\":[{\"@type\":\"CommentAction\",\"name\":\"Comment\",\"target\":[\"https:\\\/\\\/finelife.tv\\\/fr\\\/2023\\\/10\\\/22\\\/paris-par-art-basel-5-oeuvres-spectaculaires\\\/#respond\"]}]},{\"@type\":\"WebPage\",\"@id\":\"https:\\\/\\\/finelife.tv\\\/fr\\\/2023\\\/10\\\/22\\\/paris-par-art-basel-5-oeuvres-spectaculaires\\\/\",\"url\":\"https:\\\/\\\/finelife.tv\\\/fr\\\/2023\\\/10\\\/22\\\/paris-par-art-basel-5-oeuvres-spectaculaires\\\/\",\"name\":\"Paris+ par Art Basel 5 \u0153uvres spectaculaires - FineLife.tv\",\"isPartOf\":{\"@id\":\"https:\\\/\\\/finelife.tv\\\/fr\\\/#website\"},\"primaryImageOfPage\":{\"@id\":\"https:\\\/\\\/finelife.tv\\\/fr\\\/2023\\\/10\\\/22\\\/paris-par-art-basel-5-oeuvres-spectaculaires\\\/#primaryimage\"},\"image\":{\"@id\":\"https:\\\/\\\/finelife.tv\\\/fr\\\/2023\\\/10\\\/22\\\/paris-par-art-basel-5-oeuvres-spectaculaires\\\/#primaryimage\"},\"thumbnailUrl\":\"https:\\\/\\\/finelife.tv\\\/fr\\\/wp-content\\\/uploads\\\/2023\\\/10\\\/img-src-22https-finelife.tvimage.jpg-alt-22Paris-par-Art-Basel-5-oeuvres-spectaculaires22-865x1024.jpg\",\"datePublished\":\"2023-10-22T13:45:19+00:00\",\"dateModified\":\"2024-11-22T10:55:08+00:00\",\"author\":{\"@id\":\"https:\\\/\\\/finelife.tv\\\/fr\\\/#\\\/schema\\\/person\\\/e3d980b0c0b3dc5af01c3455893c8c52\"},\"description\":\"Paris+ par Art Basel 5 \u0153uvres spectaculaires. Notamment les Bunnies de Sarah Lucas ou Napol\u00e9on au z\u00e8bre d'Ai Weiwei pour le buzz et instagram ou pour secouer les imaginaires\",\"breadcrumb\":{\"@id\":\"https:\\\/\\\/finelife.tv\\\/fr\\\/2023\\\/10\\\/22\\\/paris-par-art-basel-5-oeuvres-spectaculaires\\\/#breadcrumb\"},\"inLanguage\":\"fr-FR\",\"potentialAction\":[{\"@type\":\"ReadAction\",\"target\":[\"https:\\\/\\\/finelife.tv\\\/fr\\\/2023\\\/10\\\/22\\\/paris-par-art-basel-5-oeuvres-spectaculaires\\\/\"]}]},{\"@type\":\"ImageObject\",\"inLanguage\":\"fr-FR\",\"@id\":\"https:\\\/\\\/finelife.tv\\\/fr\\\/2023\\\/10\\\/22\\\/paris-par-art-basel-5-oeuvres-spectaculaires\\\/#primaryimage\",\"url\":\"https:\\\/\\\/finelife.tv\\\/fr\\\/wp-content\\\/uploads\\\/2023\\\/10\\\/img-src-22https-finelife.tvimage.jpg-alt-22Paris-par-Art-Basel-5-oeuvres-spectaculaires22.jpg\",\"contentUrl\":\"https:\\\/\\\/finelife.tv\\\/fr\\\/wp-content\\\/uploads\\\/2023\\\/10\\\/img-src-22https-finelife.tvimage.jpg-alt-22Paris-par-Art-Basel-5-oeuvres-spectaculaires22.jpg\",\"width\":2028,\"height\":2400},{\"@type\":\"BreadcrumbList\",\"@id\":\"https:\\\/\\\/finelife.tv\\\/fr\\\/2023\\\/10\\\/22\\\/paris-par-art-basel-5-oeuvres-spectaculaires\\\/#breadcrumb\",\"itemListElement\":[{\"@type\":\"ListItem\",\"position\":1,\"name\":\"Accueil\",\"item\":\"https:\\\/\\\/finelife.tv\\\/fr\\\/\"},{\"@type\":\"ListItem\",\"position\":2,\"name\":\"Paris+ par Art Basel 5 \u0153uvres spectaculaires\"}]},{\"@type\":\"WebSite\",\"@id\":\"https:\\\/\\\/finelife.tv\\\/fr\\\/#website\",\"url\":\"https:\\\/\\\/finelife.tv\\\/fr\\\/\",\"name\":\"FineLife.tv\",\"description\":\"Quand l&#039;Art de vivre croise l&#039;Art de penser\",\"potentialAction\":[{\"@type\":\"SearchAction\",\"target\":{\"@type\":\"EntryPoint\",\"urlTemplate\":\"https:\\\/\\\/finelife.tv\\\/fr\\\/?s={search_term_string}\"},\"query-input\":{\"@type\":\"PropertyValueSpecification\",\"valueRequired\":true,\"valueName\":\"search_term_string\"}}],\"inLanguage\":\"fr-FR\"},{\"@type\":\"Person\",\"@id\":\"https:\\\/\\\/finelife.tv\\\/fr\\\/#\\\/schema\\\/person\\\/e3d980b0c0b3dc5af01c3455893c8c52\",\"name\":\"Leonore\",\"image\":{\"@type\":\"ImageObject\",\"inLanguage\":\"fr-FR\",\"@id\":\"https:\\\/\\\/secure.gravatar.com\\\/avatar\\\/9a2e5073417479f910ffdeee54da5ccf4f91eab62746ce0ae0e81124a9491a79?s=96&d=mm&r=g\",\"url\":\"https:\\\/\\\/secure.gravatar.com\\\/avatar\\\/9a2e5073417479f910ffdeee54da5ccf4f91eab62746ce0ae0e81124a9491a79?s=96&d=mm&r=g\",\"contentUrl\":\"https:\\\/\\\/secure.gravatar.com\\\/avatar\\\/9a2e5073417479f910ffdeee54da5ccf4f91eab62746ce0ae0e81124a9491a79?s=96&d=mm&r=g\",\"caption\":\"Leonore\"}}]}<\/script>\n<!-- \/ Yoast SEO plugin. -->","yoast_head_json":{"title":"Paris+ par Art Basel 5 \u0153uvres spectaculaires - FineLife.tv","description":"Paris+ par Art Basel 5 \u0153uvres spectaculaires. Notamment les Bunnies de Sarah Lucas ou Napol\u00e9on au z\u00e8bre d'Ai Weiwei pour le buzz et instagram ou pour secouer les imaginaires","robots":{"index":"index","follow":"follow","max-snippet":"max-snippet:-1","max-image-preview":"max-image-preview:large","max-video-preview":"max-video-preview:-1"},"canonical":"https:\/\/finelife.tv\/fr\/2023\/10\/22\/paris-par-art-basel-5-oeuvres-spectaculaires\/","og_locale":"fr_FR","og_type":"article","og_title":"Paris+ par Art Basel 5 \u0153uvres spectaculaires - FineLife.tv","og_description":"Paris+ par Art Basel 5 \u0153uvres spectaculaires. Notamment les Bunnies de Sarah Lucas ou Napol\u00e9on au z\u00e8bre d'Ai Weiwei pour le buzz et instagram ou pour secouer les imaginaires","og_url":"https:\/\/finelife.tv\/fr\/2023\/10\/22\/paris-par-art-basel-5-oeuvres-spectaculaires\/","og_site_name":"FineLife.tv","article_published_time":"2023-10-22T13:45:19+00:00","article_modified_time":"2024-11-22T10:55:08+00:00","og_image":[{"width":2028,"height":2400,"url":"https:\/\/finelife.tv\/fr\/wp-content\/uploads\/2023\/10\/img-src-22https-finelife.tvimage.jpg-alt-22Paris-par-Art-Basel-5-oeuvres-spectaculaires22.jpg","type":"image\/jpeg"}],"author":"Leonore","twitter_card":"summary_large_image","twitter_creator":"@finelifetv","twitter_site":"@finelifetv","twitter_misc":{"\u00c9crit par":"Leonore","Dur\u00e9e de lecture estim\u00e9e":"5 minutes"},"schema":{"@context":"https:\/\/schema.org","@graph":[{"@type":"Article","@id":"https:\/\/finelife.tv\/fr\/2023\/10\/22\/paris-par-art-basel-5-oeuvres-spectaculaires\/#article","isPartOf":{"@id":"https:\/\/finelife.tv\/fr\/2023\/10\/22\/paris-par-art-basel-5-oeuvres-spectaculaires\/"},"author":{"name":"Leonore","@id":"https:\/\/finelife.tv\/fr\/#\/schema\/person\/e3d980b0c0b3dc5af01c3455893c8c52"},"headline":"Paris+ par Art Basel 5 \u0153uvres spectaculaires","datePublished":"2023-10-22T13:45:19+00:00","dateModified":"2024-11-22T10:55:08+00:00","mainEntityOfPage":{"@id":"https:\/\/finelife.tv\/fr\/2023\/10\/22\/paris-par-art-basel-5-oeuvres-spectaculaires\/"},"wordCount":743,"commentCount":4,"image":{"@id":"https:\/\/finelife.tv\/fr\/2023\/10\/22\/paris-par-art-basel-5-oeuvres-spectaculaires\/#primaryimage"},"thumbnailUrl":"https:\/\/finelife.tv\/fr\/wp-content\/uploads\/2023\/10\/img-src-22https-finelife.tvimage.jpg-alt-22Paris-par-Art-Basel-5-oeuvres-spectaculaires22-865x1024.jpg","keywords":["art","art contemporain","fiac","foire art paris","paris+ par art basel","semaine de l'art paris"],"articleSection":["Blog"],"inLanguage":"fr-FR","potentialAction":[{"@type":"CommentAction","name":"Comment","target":["https:\/\/finelife.tv\/fr\/2023\/10\/22\/paris-par-art-basel-5-oeuvres-spectaculaires\/#respond"]}]},{"@type":"WebPage","@id":"https:\/\/finelife.tv\/fr\/2023\/10\/22\/paris-par-art-basel-5-oeuvres-spectaculaires\/","url":"https:\/\/finelife.tv\/fr\/2023\/10\/22\/paris-par-art-basel-5-oeuvres-spectaculaires\/","name":"Paris+ par Art Basel 5 \u0153uvres spectaculaires - FineLife.tv","isPartOf":{"@id":"https:\/\/finelife.tv\/fr\/#website"},"primaryImageOfPage":{"@id":"https:\/\/finelife.tv\/fr\/2023\/10\/22\/paris-par-art-basel-5-oeuvres-spectaculaires\/#primaryimage"},"image":{"@id":"https:\/\/finelife.tv\/fr\/2023\/10\/22\/paris-par-art-basel-5-oeuvres-spectaculaires\/#primaryimage"},"thumbnailUrl":"https:\/\/finelife.tv\/fr\/wp-content\/uploads\/2023\/10\/img-src-22https-finelife.tvimage.jpg-alt-22Paris-par-Art-Basel-5-oeuvres-spectaculaires22-865x1024.jpg","datePublished":"2023-10-22T13:45:19+00:00","dateModified":"2024-11-22T10:55:08+00:00","author":{"@id":"https:\/\/finelife.tv\/fr\/#\/schema\/person\/e3d980b0c0b3dc5af01c3455893c8c52"},"description":"Paris+ par Art Basel 5 \u0153uvres spectaculaires. Notamment les Bunnies de Sarah Lucas ou Napol\u00e9on au z\u00e8bre d'Ai Weiwei pour le buzz et instagram ou pour secouer les imaginaires","breadcrumb":{"@id":"https:\/\/finelife.tv\/fr\/2023\/10\/22\/paris-par-art-basel-5-oeuvres-spectaculaires\/#breadcrumb"},"inLanguage":"fr-FR","potentialAction":[{"@type":"ReadAction","target":["https:\/\/finelife.tv\/fr\/2023\/10\/22\/paris-par-art-basel-5-oeuvres-spectaculaires\/"]}]},{"@type":"ImageObject","inLanguage":"fr-FR","@id":"https:\/\/finelife.tv\/fr\/2023\/10\/22\/paris-par-art-basel-5-oeuvres-spectaculaires\/#primaryimage","url":"https:\/\/finelife.tv\/fr\/wp-content\/uploads\/2023\/10\/img-src-22https-finelife.tvimage.jpg-alt-22Paris-par-Art-Basel-5-oeuvres-spectaculaires22.jpg","contentUrl":"https:\/\/finelife.tv\/fr\/wp-content\/uploads\/2023\/10\/img-src-22https-finelife.tvimage.jpg-alt-22Paris-par-Art-Basel-5-oeuvres-spectaculaires22.jpg","width":2028,"height":2400},{"@type":"BreadcrumbList","@id":"https:\/\/finelife.tv\/fr\/2023\/10\/22\/paris-par-art-basel-5-oeuvres-spectaculaires\/#breadcrumb","itemListElement":[{"@type":"ListItem","position":1,"name":"Accueil","item":"https:\/\/finelife.tv\/fr\/"},{"@type":"ListItem","position":2,"name":"Paris+ par Art Basel 5 \u0153uvres spectaculaires"}]},{"@type":"WebSite","@id":"https:\/\/finelife.tv\/fr\/#website","url":"https:\/\/finelife.tv\/fr\/","name":"FineLife.tv","description":"Quand l&#039;Art de vivre croise l&#039;Art de penser","potentialAction":[{"@type":"SearchAction","target":{"@type":"EntryPoint","urlTemplate":"https:\/\/finelife.tv\/fr\/?s={search_term_string}"},"query-input":{"@type":"PropertyValueSpecification","valueRequired":true,"valueName":"search_term_string"}}],"inLanguage":"fr-FR"},{"@type":"Person","@id":"https:\/\/finelife.tv\/fr\/#\/schema\/person\/e3d980b0c0b3dc5af01c3455893c8c52","name":"Leonore","image":{"@type":"ImageObject","inLanguage":"fr-FR","@id":"https:\/\/secure.gravatar.com\/avatar\/9a2e5073417479f910ffdeee54da5ccf4f91eab62746ce0ae0e81124a9491a79?s=96&d=mm&r=g","url":"https:\/\/secure.gravatar.com\/avatar\/9a2e5073417479f910ffdeee54da5ccf4f91eab62746ce0ae0e81124a9491a79?s=96&d=mm&r=g","contentUrl":"https:\/\/secure.gravatar.com\/avatar\/9a2e5073417479f910ffdeee54da5ccf4f91eab62746ce0ae0e81124a9491a79?s=96&d=mm&r=g","caption":"Leonore"}}]}},"_links":{"self":[{"href":"https:\/\/finelife.tv\/fr\/wp-json\/wp\/v2\/posts\/15535","targetHints":{"allow":["GET"]}}],"collection":[{"href":"https:\/\/finelife.tv\/fr\/wp-json\/wp\/v2\/posts"}],"about":[{"href":"https:\/\/finelife.tv\/fr\/wp-json\/wp\/v2\/types\/post"}],"author":[{"embeddable":true,"href":"https:\/\/finelife.tv\/fr\/wp-json\/wp\/v2\/users\/1"}],"replies":[{"embeddable":true,"href":"https:\/\/finelife.tv\/fr\/wp-json\/wp\/v2\/comments?post=15535"}],"version-history":[{"count":31,"href":"https:\/\/finelife.tv\/fr\/wp-json\/wp\/v2\/posts\/15535\/revisions"}],"predecessor-version":[{"id":21007,"href":"https:\/\/finelife.tv\/fr\/wp-json\/wp\/v2\/posts\/15535\/revisions\/21007"}],"wp:attachment":[{"href":"https:\/\/finelife.tv\/fr\/wp-json\/wp\/v2\/media?parent=15535"}],"wp:term":[{"taxonomy":"category","embeddable":true,"href":"https:\/\/finelife.tv\/fr\/wp-json\/wp\/v2\/categories?post=15535"},{"taxonomy":"post_tag","embeddable":true,"href":"https:\/\/finelife.tv\/fr\/wp-json\/wp\/v2\/tags?post=15535"}],"curies":[{"name":"wp","href":"https:\/\/api.w.org\/{rel}","templated":true}]}}