{"id":15626,"date":"2023-10-24T13:34:18","date_gmt":"2023-10-24T11:34:18","guid":{"rendered":"https:\/\/finelife.tv\/fr\/?p=15626"},"modified":"2025-05-30T14:28:14","modified_gmt":"2025-05-30T12:28:14","slug":"expo-mamma-andersson-lart-de-ladieu","status":"publish","type":"post","link":"https:\/\/finelife.tv\/fr\/2023\/10\/24\/expo-mamma-andersson-lart-de-ladieu\/","title":{"rendered":"Expo Mamma Andersson l&rsquo;art de l&rsquo;adieu"},"content":{"rendered":"<div class=\"wp-block-image\">\n<figure class=\"aligncenter size-large\"><img loading=\"lazy\" decoding=\"async\" width=\"711\" height=\"1024\" src=\"https:\/\/finelife.tv\/fr\/wp-content\/uploads\/2023\/10\/img-src-22https-finelife.tvimage.jpg-alt-22Expo-Mamma-Andersson-l-art-de-l-adieu22-711x1024.jpg\" alt=\"\" class=\"wp-image-15643\" srcset=\"https:\/\/finelife.tv\/fr\/wp-content\/uploads\/2023\/10\/img-src-22https-finelife.tvimage.jpg-alt-22Expo-Mamma-Andersson-l-art-de-l-adieu22-711x1024.jpg 711w, https:\/\/finelife.tv\/fr\/wp-content\/uploads\/2023\/10\/img-src-22https-finelife.tvimage.jpg-alt-22Expo-Mamma-Andersson-l-art-de-l-adieu22-208x300.jpg 208w, https:\/\/finelife.tv\/fr\/wp-content\/uploads\/2023\/10\/img-src-22https-finelife.tvimage.jpg-alt-22Expo-Mamma-Andersson-l-art-de-l-adieu22-768x1106.jpg 768w, https:\/\/finelife.tv\/fr\/wp-content\/uploads\/2023\/10\/img-src-22https-finelife.tvimage.jpg-alt-22Expo-Mamma-Andersson-l-art-de-l-adieu22-1066x1536.jpg 1066w, https:\/\/finelife.tv\/fr\/wp-content\/uploads\/2023\/10\/img-src-22https-finelife.tvimage.jpg-alt-22Expo-Mamma-Andersson-l-art-de-l-adieu22-1422x2048.jpg 1422w, https:\/\/finelife.tv\/fr\/wp-content\/uploads\/2023\/10\/img-src-22https-finelife.tvimage.jpg-alt-22Expo-Mamma-Andersson-l-art-de-l-adieu22-scaled.jpg 1777w\" sizes=\"auto, (max-width: 711px) 100vw, 711px\" \/><\/figure>\n<\/div>\n\n\n<p><strong>Expo Mamma Andersson l&rsquo;art de l&rsquo;adieu. Dans Adieu Maria Magdalena l&rsquo;artiste su\u00e9doise explore la perte, la m\u00e9lancolie dans des int\u00e9rieurs habit\u00e9s par des objets intimes ou bien ouverts sur la nature en jouant avec des perspectives dans les perspectives. Les \u0153uvres nous immergent dans un temps aux fronti\u00e8res floues qui d\u00e9sorientent pour mieux r\u00e9veiller nos affects<\/strong>.<\/p>\n\n\n\n<p>Le titre donne le ton. Celui d&rsquo;une fin. La fin d&rsquo;un temps. Le temps o\u00f9 Mamma Andersson habitait pr\u00e8s d&rsquo;une \u00e9glise du XVIIe si\u00e8cle, Maria Magdalena, situ\u00e9e au centre d&rsquo;un quartier de Stockholm. L&rsquo;artiste, laur\u00e9ate du prix Guerlain pour le dessin contemporain, travaille les affects. Le rendu est une m\u00e9lancolie d\u00e9cal\u00e9e, flottante, dont la puissance est assur\u00e9e par un travail sur les perspectives ainsi que par des objets \u00e9voquant le th\u00e9\u00e2tre, les mythes, le quotidien flout\u00e9. Ici des masques, l\u00e0 des m\u00e9daillons, l\u00e0 encore des miroirs ou des mains de mannequins. \u00ab\u00a0Tous les objets sont les miens. Je les ai trouv\u00e9s ou re\u00e7us en cadeau\u00a0\u00bb explique Mamma Andersson \u00ab\u00a0Cette exposition est tr\u00e8s personnelle\u00a0\u00bb. On y trouve en effet aussi bien ses centres d&rsquo;int\u00e9r\u00eat que ses fragments de vie pass\u00e9e. Et bien s\u00fbr l&rsquo;imaginaire de la cr\u00e9atrice indiqu\u00e9 par les miroirs. Un monde tr\u00e8s inspir\u00e9 par les \u00e9nigmatiques sc\u00e8nes d&rsquo;int\u00e9rieurs du peintre danois Vilhem Hammersh\u00f8i.<\/p>\n\n\n\n<h2 class=\"wp-block-heading\"> Mamma Andersson : sorci\u00e8re de la composition<\/h2>\n\n\n\n<p>D&#8217;embl\u00e9e le vide. Le tableau \u00ab\u00a0Adieu Maria Magdalena\u00a0\u00bb travaille la repr\u00e9sentation afin de jouer sur les \u00e9motions. On y d\u00e9couvre un paravent dont les panneaux repr\u00e9sentent des vues d\u2019int\u00e9rieurs inhabit\u00e9s et les r\u00e9currentes mains de mannequins. Ces mains ouvertes \u00e0 terre installent une sorte de sentiment de vide, de perte du pass\u00e9, celui de la vie dans le quartier de Maria Magdalena.<\/p>\n\n\n\n<p>Les int\u00e9rieurs de Mamma Andersson alternent le huit clos et l&rsquo;ouverture vers des paysages su\u00e9dois : lacs, for\u00eats, montagnes. On retrouve la touche subtile de Carl Frederik Hill. Mais l&rsquo;ouverture ne fait in fine que renforcer le sentiment d&rsquo;espace domestique ferm\u00e9 ou fig\u00e9 voire de claustrophobie. Ce sentiment d&rsquo;\u00e9tranget\u00e9 domestique tient notamment au jeu des perspectives. Des murs en coin, des murs face \u00e0 des murs, des murs et des \u00e9tag\u00e8res ou encore des murs et des objets h\u00e9t\u00e9roclites mais toujours porteurs de symbolisme et d&rsquo;\u00e9motions comme les miroirs ou les masques. Mamma Andersson est une sorci\u00e8re de la composition.<\/p>\n\n\n\n<h2 class=\"wp-block-heading\">Pr\u00e9sence textile<\/h2>\n\n\n\n<p>Dans l&rsquo;exposition \u00ab\u00a0Adieu Maria Magdalena\u00a0\u00bb, Mamma Andersson pr\u00e9sente des \u0153uvres sur toile. Elle s&rsquo;attache aux superpositions de couleurs. \u00ab\u00a0Regardez de profil vous verrez des endroits o\u00f9 les couches forment des pro\u00e9minences\u00a0\u00bb sugg\u00e8re l&rsquo;artiste su\u00e9doise. Sur le mur paysage de \u00ab\u00a0Quel bordel\u00a0\u00bb et sur le motif du m\u00e9daillon on remarque aussi un travail m\u00e9ticuleux au rendu textile. \u00ab\u00a0Armageddon\u00a0\u00bb repr\u00e9sente d&rsquo;ailleurs une grande broderie suzani pr\u00e9sente chez l&rsquo;artiste. <\/p>\n\n\n\n<p>Une expo \u00e0 voir pour sa puissance \u00e9motionnelle et son interpr\u00e9tation de l&rsquo;univers Vilhem Hammersh\u00f8i.<\/p>\n\n\n\n<p><\/p>\n\n\n<div class=\"wp-block-image\">\n<figure class=\"aligncenter size-large\"><img loading=\"lazy\" decoding=\"async\" width=\"695\" height=\"1024\" src=\"https:\/\/finelife.tv\/fr\/wp-content\/uploads\/2023\/10\/img-src-22https-finelife.tvimage.jpg-alt-22Expo-Mamma-Andersson-l-art-de-l-adieu-adieu-maria-magdalena22-695x1024.jpg\" alt=\"\" class=\"wp-image-15640\" srcset=\"https:\/\/finelife.tv\/fr\/wp-content\/uploads\/2023\/10\/img-src-22https-finelife.tvimage.jpg-alt-22Expo-Mamma-Andersson-l-art-de-l-adieu-adieu-maria-magdalena22-695x1024.jpg 695w, https:\/\/finelife.tv\/fr\/wp-content\/uploads\/2023\/10\/img-src-22https-finelife.tvimage.jpg-alt-22Expo-Mamma-Andersson-l-art-de-l-adieu-adieu-maria-magdalena22-204x300.jpg 204w, https:\/\/finelife.tv\/fr\/wp-content\/uploads\/2023\/10\/img-src-22https-finelife.tvimage.jpg-alt-22Expo-Mamma-Andersson-l-art-de-l-adieu-adieu-maria-magdalena22-768x1132.jpg 768w, https:\/\/finelife.tv\/fr\/wp-content\/uploads\/2023\/10\/img-src-22https-finelife.tvimage.jpg-alt-22Expo-Mamma-Andersson-l-art-de-l-adieu-adieu-maria-magdalena22-1043x1536.jpg 1043w, https:\/\/finelife.tv\/fr\/wp-content\/uploads\/2023\/10\/img-src-22https-finelife.tvimage.jpg-alt-22Expo-Mamma-Andersson-l-art-de-l-adieu-adieu-maria-magdalena22-1390x2048.jpg 1390w, https:\/\/finelife.tv\/fr\/wp-content\/uploads\/2023\/10\/img-src-22https-finelife.tvimage.jpg-alt-22Expo-Mamma-Andersson-l-art-de-l-adieu-adieu-maria-magdalena22-scaled.jpg 1738w\" sizes=\"auto, (max-width: 695px) 100vw, 695px\" \/><figcaption class=\"wp-element-caption\">Adieu Maria Magdalena 2023 -Mamma Andersson<\/figcaption><\/figure>\n<\/div>\n\n<div class=\"wp-block-image\">\n<figure class=\"aligncenter size-large\"><img loading=\"lazy\" decoding=\"async\" width=\"757\" height=\"1024\" src=\"https:\/\/finelife.tv\/fr\/wp-content\/uploads\/2023\/10\/img-src-22https-finelife.tvimage.jpg-alt-22Expo-Mamma-Andersson-l-art-de-l-adieu-armageddon22-757x1024.jpg\" alt=\"\" class=\"wp-image-15641\" srcset=\"https:\/\/finelife.tv\/fr\/wp-content\/uploads\/2023\/10\/img-src-22https-finelife.tvimage.jpg-alt-22Expo-Mamma-Andersson-l-art-de-l-adieu-armageddon22-757x1024.jpg 757w, https:\/\/finelife.tv\/fr\/wp-content\/uploads\/2023\/10\/img-src-22https-finelife.tvimage.jpg-alt-22Expo-Mamma-Andersson-l-art-de-l-adieu-armageddon22-222x300.jpg 222w, https:\/\/finelife.tv\/fr\/wp-content\/uploads\/2023\/10\/img-src-22https-finelife.tvimage.jpg-alt-22Expo-Mamma-Andersson-l-art-de-l-adieu-armageddon22-768x1039.jpg 768w, https:\/\/finelife.tv\/fr\/wp-content\/uploads\/2023\/10\/img-src-22https-finelife.tvimage.jpg-alt-22Expo-Mamma-Andersson-l-art-de-l-adieu-armageddon22.jpg 887w\" sizes=\"auto, (max-width: 757px) 100vw, 757px\" \/><figcaption class=\"wp-element-caption\">Armageddon 2023 -Mamma Andersson @Zwirner<\/figcaption><\/figure>\n<\/div>\n\n<div class=\"wp-block-image\">\n<figure class=\"aligncenter size-large\"><img loading=\"lazy\" decoding=\"async\" width=\"749\" height=\"1024\" src=\"https:\/\/finelife.tv\/fr\/wp-content\/uploads\/2023\/10\/img-src-22https-finelife.tvimage.jpg-alt-22Expo-Mamma-Andersson-l-art-de-l-adieu-speculi-occulo22-749x1024.jpg\" alt=\"\" class=\"wp-image-15642\" srcset=\"https:\/\/finelife.tv\/fr\/wp-content\/uploads\/2023\/10\/img-src-22https-finelife.tvimage.jpg-alt-22Expo-Mamma-Andersson-l-art-de-l-adieu-speculi-occulo22-749x1024.jpg 749w, https:\/\/finelife.tv\/fr\/wp-content\/uploads\/2023\/10\/img-src-22https-finelife.tvimage.jpg-alt-22Expo-Mamma-Andersson-l-art-de-l-adieu-speculi-occulo22-219x300.jpg 219w, https:\/\/finelife.tv\/fr\/wp-content\/uploads\/2023\/10\/img-src-22https-finelife.tvimage.jpg-alt-22Expo-Mamma-Andersson-l-art-de-l-adieu-speculi-occulo22-768x1050.jpg 768w, https:\/\/finelife.tv\/fr\/wp-content\/uploads\/2023\/10\/img-src-22https-finelife.tvimage.jpg-alt-22Expo-Mamma-Andersson-l-art-de-l-adieu-speculi-occulo22-1123x1536.jpg 1123w, https:\/\/finelife.tv\/fr\/wp-content\/uploads\/2023\/10\/img-src-22https-finelife.tvimage.jpg-alt-22Expo-Mamma-Andersson-l-art-de-l-adieu-speculi-occulo22-1498x2048.jpg 1498w, https:\/\/finelife.tv\/fr\/wp-content\/uploads\/2023\/10\/img-src-22https-finelife.tvimage.jpg-alt-22Expo-Mamma-Andersson-l-art-de-l-adieu-speculi-occulo22-scaled.jpg 1872w\" sizes=\"auto, (max-width: 749px) 100vw, 749px\" \/><figcaption class=\"wp-element-caption\">Speculo Oculo II 2023 &#8211; Mamma Andersson<\/figcaption><\/figure>\n<\/div>\n\n<div class=\"wp-block-image\">\n<figure class=\"aligncenter size-large\"><img loading=\"lazy\" decoding=\"async\" width=\"796\" height=\"1024\" src=\"https:\/\/finelife.tv\/fr\/wp-content\/uploads\/2023\/10\/img-src-22https-finelife.tvimage.jpg-alt-22Expo-Mamma-Andersson-l-art-de-l-adieu-willy-nily22-796x1024.jpg\" alt=\"\" class=\"wp-image-15647\" srcset=\"https:\/\/finelife.tv\/fr\/wp-content\/uploads\/2023\/10\/img-src-22https-finelife.tvimage.jpg-alt-22Expo-Mamma-Andersson-l-art-de-l-adieu-willy-nily22-796x1024.jpg 796w, https:\/\/finelife.tv\/fr\/wp-content\/uploads\/2023\/10\/img-src-22https-finelife.tvimage.jpg-alt-22Expo-Mamma-Andersson-l-art-de-l-adieu-willy-nily22-233x300.jpg 233w, https:\/\/finelife.tv\/fr\/wp-content\/uploads\/2023\/10\/img-src-22https-finelife.tvimage.jpg-alt-22Expo-Mamma-Andersson-l-art-de-l-adieu-willy-nily22-768x988.jpg 768w, https:\/\/finelife.tv\/fr\/wp-content\/uploads\/2023\/10\/img-src-22https-finelife.tvimage.jpg-alt-22Expo-Mamma-Andersson-l-art-de-l-adieu-willy-nily22-1194x1536.jpg 1194w, https:\/\/finelife.tv\/fr\/wp-content\/uploads\/2023\/10\/img-src-22https-finelife.tvimage.jpg-alt-22Expo-Mamma-Andersson-l-art-de-l-adieu-willy-nily22-1592x2048.jpg 1592w, https:\/\/finelife.tv\/fr\/wp-content\/uploads\/2023\/10\/img-src-22https-finelife.tvimage.jpg-alt-22Expo-Mamma-Andersson-l-art-de-l-adieu-willy-nily22-scaled.jpg 1990w\" sizes=\"auto, (max-width: 796px) 100vw, 796px\" \/><figcaption class=\"wp-element-caption\">Willy Nilly 2023 &#8211; Mamma Andersson<\/figcaption><\/figure>\n<\/div>\n\n<div class=\"wp-block-image\">\n<figure class=\"aligncenter size-large\"><img loading=\"lazy\" decoding=\"async\" width=\"703\" height=\"1024\" src=\"https:\/\/finelife.tv\/fr\/wp-content\/uploads\/2023\/10\/img-src-22https-finelife.tvimage.jpg-alt-22Expo-Mamma-Andersson-l-art-de-l-adieu-lievre22-703x1024.jpg\" alt=\"\" class=\"wp-image-15646\" srcset=\"https:\/\/finelife.tv\/fr\/wp-content\/uploads\/2023\/10\/img-src-22https-finelife.tvimage.jpg-alt-22Expo-Mamma-Andersson-l-art-de-l-adieu-lievre22-703x1024.jpg 703w, https:\/\/finelife.tv\/fr\/wp-content\/uploads\/2023\/10\/img-src-22https-finelife.tvimage.jpg-alt-22Expo-Mamma-Andersson-l-art-de-l-adieu-lievre22-206x300.jpg 206w, https:\/\/finelife.tv\/fr\/wp-content\/uploads\/2023\/10\/img-src-22https-finelife.tvimage.jpg-alt-22Expo-Mamma-Andersson-l-art-de-l-adieu-lievre22-768x1118.jpg 768w, https:\/\/finelife.tv\/fr\/wp-content\/uploads\/2023\/10\/img-src-22https-finelife.tvimage.jpg-alt-22Expo-Mamma-Andersson-l-art-de-l-adieu-lievre22-1055x1536.jpg 1055w, https:\/\/finelife.tv\/fr\/wp-content\/uploads\/2023\/10\/img-src-22https-finelife.tvimage.jpg-alt-22Expo-Mamma-Andersson-l-art-de-l-adieu-lievre22-1406x2048.jpg 1406w, https:\/\/finelife.tv\/fr\/wp-content\/uploads\/2023\/10\/img-src-22https-finelife.tvimage.jpg-alt-22Expo-Mamma-Andersson-l-art-de-l-adieu-lievre22-scaled.jpg 1758w\" sizes=\"auto, (max-width: 703px) 100vw, 703px\" \/><figcaption class=\"wp-element-caption\">Li\u00e8vre mort d&rsquo;Ehrenstrahl 2023 -Mamma Andersson<\/figcaption><\/figure>\n<\/div>\n\n<div class=\"wp-block-image\">\n<figure class=\"aligncenter size-large\"><img loading=\"lazy\" decoding=\"async\" width=\"1024\" height=\"773\" src=\"https:\/\/finelife.tv\/fr\/wp-content\/uploads\/2023\/10\/img-src-22https-finelife.tvimage.jpg-alt-22Expo-Mamma-Andersson-l-art-de-l-adieu-misunterstood22-1024x773.jpg\" alt=\"\" class=\"wp-image-15651\" srcset=\"https:\/\/finelife.tv\/fr\/wp-content\/uploads\/2023\/10\/img-src-22https-finelife.tvimage.jpg-alt-22Expo-Mamma-Andersson-l-art-de-l-adieu-misunterstood22-1024x773.jpg 1024w, https:\/\/finelife.tv\/fr\/wp-content\/uploads\/2023\/10\/img-src-22https-finelife.tvimage.jpg-alt-22Expo-Mamma-Andersson-l-art-de-l-adieu-misunterstood22-300x227.jpg 300w, https:\/\/finelife.tv\/fr\/wp-content\/uploads\/2023\/10\/img-src-22https-finelife.tvimage.jpg-alt-22Expo-Mamma-Andersson-l-art-de-l-adieu-misunterstood22-768x580.jpg 768w, https:\/\/finelife.tv\/fr\/wp-content\/uploads\/2023\/10\/img-src-22https-finelife.tvimage.jpg-alt-22Expo-Mamma-Andersson-l-art-de-l-adieu-misunterstood22-1536x1160.jpg 1536w, https:\/\/finelife.tv\/fr\/wp-content\/uploads\/2023\/10\/img-src-22https-finelife.tvimage.jpg-alt-22Expo-Mamma-Andersson-l-art-de-l-adieu-misunterstood22-2048x1547.jpg 2048w\" sizes=\"auto, (max-width: 1024px) 100vw, 1024px\" \/><figcaption class=\"wp-element-caption\">Misunterstood 2023 &#8211; Mamma Andersson<\/figcaption><\/figure>\n<\/div>\n\n<div class=\"wp-block-image\">\n<figure class=\"aligncenter size-large\"><img loading=\"lazy\" decoding=\"async\" width=\"766\" height=\"1024\" src=\"https:\/\/finelife.tv\/fr\/wp-content\/uploads\/2023\/10\/img-src-22https-finelife.tvimage.jpg-alt-22Expo-Mamma-Andersson-l-art-de-l-adieu-behind-the-masqs22-766x1024.jpg\" alt=\"\" class=\"wp-image-15650\" srcset=\"https:\/\/finelife.tv\/fr\/wp-content\/uploads\/2023\/10\/img-src-22https-finelife.tvimage.jpg-alt-22Expo-Mamma-Andersson-l-art-de-l-adieu-behind-the-masqs22-766x1024.jpg 766w, https:\/\/finelife.tv\/fr\/wp-content\/uploads\/2023\/10\/img-src-22https-finelife.tvimage.jpg-alt-22Expo-Mamma-Andersson-l-art-de-l-adieu-behind-the-masqs22-224x300.jpg 224w, https:\/\/finelife.tv\/fr\/wp-content\/uploads\/2023\/10\/img-src-22https-finelife.tvimage.jpg-alt-22Expo-Mamma-Andersson-l-art-de-l-adieu-behind-the-masqs22-768x1027.jpg 768w, https:\/\/finelife.tv\/fr\/wp-content\/uploads\/2023\/10\/img-src-22https-finelife.tvimage.jpg-alt-22Expo-Mamma-Andersson-l-art-de-l-adieu-behind-the-masqs22-1149x1536.jpg 1149w, https:\/\/finelife.tv\/fr\/wp-content\/uploads\/2023\/10\/img-src-22https-finelife.tvimage.jpg-alt-22Expo-Mamma-Andersson-l-art-de-l-adieu-behind-the-masqs22-1532x2048.jpg 1532w, https:\/\/finelife.tv\/fr\/wp-content\/uploads\/2023\/10\/img-src-22https-finelife.tvimage.jpg-alt-22Expo-Mamma-Andersson-l-art-de-l-adieu-behind-the-masqs22.jpg 1791w\" sizes=\"auto, (max-width: 766px) 100vw, 766px\" \/><figcaption class=\"wp-element-caption\">Behind the masqs &#8211; Mamma Andersson<\/figcaption><\/figure>\n<\/div>\n\n<div class=\"wp-block-image\">\n<figure class=\"aligncenter size-large\"><img loading=\"lazy\" decoding=\"async\" width=\"715\" height=\"1024\" src=\"https:\/\/finelife.tv\/fr\/wp-content\/uploads\/2023\/10\/img-src-22https-finelife.tvimage.jpg-alt-22Expo-Mamma-Andersson-l-art-de-l-adieu-tableau-renne-ohh-deer22-715x1024.jpg\" alt=\"\" class=\"wp-image-15687\" srcset=\"https:\/\/finelife.tv\/fr\/wp-content\/uploads\/2023\/10\/img-src-22https-finelife.tvimage.jpg-alt-22Expo-Mamma-Andersson-l-art-de-l-adieu-tableau-renne-ohh-deer22-715x1024.jpg 715w, https:\/\/finelife.tv\/fr\/wp-content\/uploads\/2023\/10\/img-src-22https-finelife.tvimage.jpg-alt-22Expo-Mamma-Andersson-l-art-de-l-adieu-tableau-renne-ohh-deer22-210x300.jpg 210w, https:\/\/finelife.tv\/fr\/wp-content\/uploads\/2023\/10\/img-src-22https-finelife.tvimage.jpg-alt-22Expo-Mamma-Andersson-l-art-de-l-adieu-tableau-renne-ohh-deer22-768x1100.jpg 768w, https:\/\/finelife.tv\/fr\/wp-content\/uploads\/2023\/10\/img-src-22https-finelife.tvimage.jpg-alt-22Expo-Mamma-Andersson-l-art-de-l-adieu-tableau-renne-ohh-deer22-1073x1536.jpg 1073w, https:\/\/finelife.tv\/fr\/wp-content\/uploads\/2023\/10\/img-src-22https-finelife.tvimage.jpg-alt-22Expo-Mamma-Andersson-l-art-de-l-adieu-tableau-renne-ohh-deer22-1430x2048.jpg 1430w, https:\/\/finelife.tv\/fr\/wp-content\/uploads\/2023\/10\/img-src-22https-finelife.tvimage.jpg-alt-22Expo-Mamma-Andersson-l-art-de-l-adieu-tableau-renne-ohh-deer22-scaled.jpg 1788w\" sizes=\"auto, (max-width: 715px) 100vw, 715px\" \/><figcaption class=\"wp-element-caption\">Ohh deer 2023 &#8211; Mamma Andersson<\/figcaption><\/figure>\n<\/div>\n\n<div class=\"wp-block-image\">\n<figure class=\"aligncenter size-large\"><img loading=\"lazy\" decoding=\"async\" width=\"775\" height=\"1024\" src=\"https:\/\/finelife.tv\/fr\/wp-content\/uploads\/2023\/10\/img-src-22https-finelife.tvimage.jpg-alt-22Expo-Mamma-Andersson-l-art-de-l-adieu-tableau-quel-bordel22-775x1024.jpg\" alt=\"\" class=\"wp-image-15686\" srcset=\"https:\/\/finelife.tv\/fr\/wp-content\/uploads\/2023\/10\/img-src-22https-finelife.tvimage.jpg-alt-22Expo-Mamma-Andersson-l-art-de-l-adieu-tableau-quel-bordel22-775x1024.jpg 775w, https:\/\/finelife.tv\/fr\/wp-content\/uploads\/2023\/10\/img-src-22https-finelife.tvimage.jpg-alt-22Expo-Mamma-Andersson-l-art-de-l-adieu-tableau-quel-bordel22-227x300.jpg 227w, https:\/\/finelife.tv\/fr\/wp-content\/uploads\/2023\/10\/img-src-22https-finelife.tvimage.jpg-alt-22Expo-Mamma-Andersson-l-art-de-l-adieu-tableau-quel-bordel22-768x1014.jpg 768w, https:\/\/finelife.tv\/fr\/wp-content\/uploads\/2023\/10\/img-src-22https-finelife.tvimage.jpg-alt-22Expo-Mamma-Andersson-l-art-de-l-adieu-tableau-quel-bordel22-1163x1536.jpg 1163w, https:\/\/finelife.tv\/fr\/wp-content\/uploads\/2023\/10\/img-src-22https-finelife.tvimage.jpg-alt-22Expo-Mamma-Andersson-l-art-de-l-adieu-tableau-quel-bordel22-1551x2048.jpg 1551w, https:\/\/finelife.tv\/fr\/wp-content\/uploads\/2023\/10\/img-src-22https-finelife.tvimage.jpg-alt-22Expo-Mamma-Andersson-l-art-de-l-adieu-tableau-quel-bordel22.jpg 1896w\" sizes=\"auto, (max-width: 775px) 100vw, 775px\" \/><figcaption class=\"wp-element-caption\">Quel bordel 2023 &#8211; Mamma Andersson<\/figcaption><\/figure>\n<\/div>\n\n\n<h2 class=\"wp-block-heading has-text-align-center\">INFOS<\/h2>\n\n\n\n<p><strong><a href=\"https:\/\/www.davidzwirner.com\/exhibitions\/2023\/mamma-andersson-adieu-maria-magdalena\">Galerie David Zwirner <\/a><\/strong>: 108 rue Vieille du Temple, 75003 Paris<\/p>\n\n\n\n<p>Jusqu&rsquo;au 18 novembre <\/p>\n\n\n\n<p>Related article Expo Mamma Andersson l&rsquo;art de l&rsquo;adieu<\/p>\n\n\n\n<p><a href=\"https:\/\/finelife.tv\/fr\/2018\/03\/22\/prix-guerlain-dessin-contemporain-2018-laureate-mamma-andersson\/\"><strong>Prix Guerlain pour le dessin contemporain 2018 : laur\u00e9ate Mamma Andersson<\/strong><\/a><\/p>\n\n\n\n<p><strong><a href=\"https:\/\/finelife.tv\/fr\/2025\/05\/30\/exposition-raphaelle-peria-la-nature-et-loubli\/\">Exposition Rapha\u00eblle Peria la nature et l\u2019oubli<\/a><\/strong><\/p>\n","protected":false},"excerpt":{"rendered":"<p>Expo Mamma Andersson l&rsquo;art de l&rsquo;adieu. Dans Adieu Maria Magdalena l&rsquo;artiste su\u00e9doise explore la perte, la m\u00e9lancolie dans des int\u00e9rieurs qui nous immerge dans un temps aux fronti\u00e8res floues et qui r\u00e9veille nos affects<\/p>\n","protected":false},"author":1,"featured_media":0,"comment_status":"open","ping_status":"open","sticky":false,"template":"","format":"standard","meta":{"footnotes":""},"categories":[4],"tags":[22,4349,59,2418,902,4348],"class_list":["post-15626","post","type-post","status-publish","format-standard","hentry","category-blog","tag-art","tag-artiste-suedoise","tag-dessin","tag-galerie-zwirner","tag-mamma-andersson","tag-suede"],"yoast_head":"<!-- This site is optimized with the Yoast SEO plugin v27.5 - https:\/\/yoast.com\/product\/yoast-seo-wordpress\/ -->\n<title>Expo Mamma Andersson l&#039;art de l&#039;adieu - FineLife.tv<\/title>\n<meta name=\"description\" content=\"Expo Mamma Andersson l&#039;art de l&#039;adieu. Dans Adieu Maria Magdalena l&#039;artiste su\u00e9doise explore la perte, la m\u00e9lancolie dans des int\u00e9rieurs qui nous immerge dans un temps aux fronti\u00e8res floues et r\u00e9veille nos affects\" \/>\n<meta name=\"robots\" content=\"index, follow, max-snippet:-1, max-image-preview:large, max-video-preview:-1\" \/>\n<link rel=\"canonical\" href=\"https:\/\/finelife.tv\/fr\/2023\/10\/24\/expo-mamma-andersson-lart-de-ladieu\/\" \/>\n<meta property=\"og:locale\" content=\"fr_FR\" \/>\n<meta property=\"og:type\" content=\"article\" \/>\n<meta property=\"og:title\" content=\"Expo Mamma Andersson l&#039;art de l&#039;adieu - FineLife.tv\" \/>\n<meta property=\"og:description\" content=\"Expo Mamma Andersson l&#039;art de l&#039;adieu. Dans Adieu Maria Magdalena l&#039;artiste su\u00e9doise explore la perte, la m\u00e9lancolie dans des int\u00e9rieurs qui nous immerge dans un temps aux fronti\u00e8res floues et r\u00e9veille nos affects\" \/>\n<meta property=\"og:url\" content=\"https:\/\/finelife.tv\/fr\/2023\/10\/24\/expo-mamma-andersson-lart-de-ladieu\/\" \/>\n<meta property=\"og:site_name\" content=\"FineLife.tv\" \/>\n<meta property=\"article:published_time\" content=\"2023-10-24T11:34:18+00:00\" \/>\n<meta property=\"article:modified_time\" content=\"2025-05-30T12:28:14+00:00\" \/>\n<meta property=\"og:image\" content=\"https:\/\/finelife.tv\/fr\/wp-content\/uploads\/2023\/10\/img-src-22https-finelife.tvimage.jpg-alt-22Expo-Mamma-Andersson-l-art-de-l-adieu22-scaled.jpg\" \/>\n\t<meta property=\"og:image:width\" content=\"1777\" \/>\n\t<meta property=\"og:image:height\" content=\"2560\" \/>\n\t<meta property=\"og:image:type\" content=\"image\/jpeg\" \/>\n<meta name=\"author\" content=\"Leonore\" \/>\n<meta name=\"twitter:card\" content=\"summary_large_image\" \/>\n<meta name=\"twitter:creator\" content=\"@finelifetv\" \/>\n<meta name=\"twitter:site\" content=\"@finelifetv\" \/>\n<meta name=\"twitter:label1\" content=\"\u00c9crit par\" \/>\n\t<meta name=\"twitter:data1\" content=\"Leonore\" \/>\n\t<meta name=\"twitter:label2\" content=\"Dur\u00e9e de lecture estim\u00e9e\" \/>\n\t<meta name=\"twitter:data2\" content=\"5 minutes\" \/>\n<script type=\"application\/ld+json\" class=\"yoast-schema-graph\">{\"@context\":\"https:\\\/\\\/schema.org\",\"@graph\":[{\"@type\":\"Article\",\"@id\":\"https:\\\/\\\/finelife.tv\\\/fr\\\/2023\\\/10\\\/24\\\/expo-mamma-andersson-lart-de-ladieu\\\/#article\",\"isPartOf\":{\"@id\":\"https:\\\/\\\/finelife.tv\\\/fr\\\/2023\\\/10\\\/24\\\/expo-mamma-andersson-lart-de-ladieu\\\/\"},\"author\":{\"name\":\"Leonore\",\"@id\":\"https:\\\/\\\/finelife.tv\\\/fr\\\/#\\\/schema\\\/person\\\/e3d980b0c0b3dc5af01c3455893c8c52\"},\"headline\":\"Expo Mamma Andersson l&rsquo;art de l&rsquo;adieu\",\"datePublished\":\"2023-10-24T11:34:18+00:00\",\"dateModified\":\"2025-05-30T12:28:14+00:00\",\"mainEntityOfPage\":{\"@id\":\"https:\\\/\\\/finelife.tv\\\/fr\\\/2023\\\/10\\\/24\\\/expo-mamma-andersson-lart-de-ladieu\\\/\"},\"wordCount\":632,\"commentCount\":2,\"image\":{\"@id\":\"https:\\\/\\\/finelife.tv\\\/fr\\\/2023\\\/10\\\/24\\\/expo-mamma-andersson-lart-de-ladieu\\\/#primaryimage\"},\"thumbnailUrl\":\"https:\\\/\\\/finelife.tv\\\/fr\\\/wp-content\\\/uploads\\\/2023\\\/10\\\/img-src-22https-finelife.tvimage.jpg-alt-22Expo-Mamma-Andersson-l-art-de-l-adieu22-711x1024.jpg\",\"keywords\":[\"art\",\"artiste su\u00e9doise\",\"dessin\",\"galerie zwirner\",\"Mamma Andersson\",\"suede\"],\"articleSection\":[\"Blog\"],\"inLanguage\":\"fr-FR\",\"potentialAction\":[{\"@type\":\"CommentAction\",\"name\":\"Comment\",\"target\":[\"https:\\\/\\\/finelife.tv\\\/fr\\\/2023\\\/10\\\/24\\\/expo-mamma-andersson-lart-de-ladieu\\\/#respond\"]}]},{\"@type\":\"WebPage\",\"@id\":\"https:\\\/\\\/finelife.tv\\\/fr\\\/2023\\\/10\\\/24\\\/expo-mamma-andersson-lart-de-ladieu\\\/\",\"url\":\"https:\\\/\\\/finelife.tv\\\/fr\\\/2023\\\/10\\\/24\\\/expo-mamma-andersson-lart-de-ladieu\\\/\",\"name\":\"Expo Mamma Andersson l'art de l'adieu - FineLife.tv\",\"isPartOf\":{\"@id\":\"https:\\\/\\\/finelife.tv\\\/fr\\\/#website\"},\"primaryImageOfPage\":{\"@id\":\"https:\\\/\\\/finelife.tv\\\/fr\\\/2023\\\/10\\\/24\\\/expo-mamma-andersson-lart-de-ladieu\\\/#primaryimage\"},\"image\":{\"@id\":\"https:\\\/\\\/finelife.tv\\\/fr\\\/2023\\\/10\\\/24\\\/expo-mamma-andersson-lart-de-ladieu\\\/#primaryimage\"},\"thumbnailUrl\":\"https:\\\/\\\/finelife.tv\\\/fr\\\/wp-content\\\/uploads\\\/2023\\\/10\\\/img-src-22https-finelife.tvimage.jpg-alt-22Expo-Mamma-Andersson-l-art-de-l-adieu22-711x1024.jpg\",\"datePublished\":\"2023-10-24T11:34:18+00:00\",\"dateModified\":\"2025-05-30T12:28:14+00:00\",\"author\":{\"@id\":\"https:\\\/\\\/finelife.tv\\\/fr\\\/#\\\/schema\\\/person\\\/e3d980b0c0b3dc5af01c3455893c8c52\"},\"description\":\"Expo Mamma Andersson l'art de l'adieu. Dans Adieu Maria Magdalena l'artiste su\u00e9doise explore la perte, la m\u00e9lancolie dans des int\u00e9rieurs qui nous immerge dans un temps aux fronti\u00e8res floues et r\u00e9veille nos affects\",\"breadcrumb\":{\"@id\":\"https:\\\/\\\/finelife.tv\\\/fr\\\/2023\\\/10\\\/24\\\/expo-mamma-andersson-lart-de-ladieu\\\/#breadcrumb\"},\"inLanguage\":\"fr-FR\",\"potentialAction\":[{\"@type\":\"ReadAction\",\"target\":[\"https:\\\/\\\/finelife.tv\\\/fr\\\/2023\\\/10\\\/24\\\/expo-mamma-andersson-lart-de-ladieu\\\/\"]}]},{\"@type\":\"ImageObject\",\"inLanguage\":\"fr-FR\",\"@id\":\"https:\\\/\\\/finelife.tv\\\/fr\\\/2023\\\/10\\\/24\\\/expo-mamma-andersson-lart-de-ladieu\\\/#primaryimage\",\"url\":\"https:\\\/\\\/finelife.tv\\\/fr\\\/wp-content\\\/uploads\\\/2023\\\/10\\\/img-src-22https-finelife.tvimage.jpg-alt-22Expo-Mamma-Andersson-l-art-de-l-adieu22-scaled.jpg\",\"contentUrl\":\"https:\\\/\\\/finelife.tv\\\/fr\\\/wp-content\\\/uploads\\\/2023\\\/10\\\/img-src-22https-finelife.tvimage.jpg-alt-22Expo-Mamma-Andersson-l-art-de-l-adieu22-scaled.jpg\",\"width\":1777,\"height\":2560},{\"@type\":\"BreadcrumbList\",\"@id\":\"https:\\\/\\\/finelife.tv\\\/fr\\\/2023\\\/10\\\/24\\\/expo-mamma-andersson-lart-de-ladieu\\\/#breadcrumb\",\"itemListElement\":[{\"@type\":\"ListItem\",\"position\":1,\"name\":\"Accueil\",\"item\":\"https:\\\/\\\/finelife.tv\\\/fr\\\/\"},{\"@type\":\"ListItem\",\"position\":2,\"name\":\"Expo Mamma Andersson l&rsquo;art de l&rsquo;adieu\"}]},{\"@type\":\"WebSite\",\"@id\":\"https:\\\/\\\/finelife.tv\\\/fr\\\/#website\",\"url\":\"https:\\\/\\\/finelife.tv\\\/fr\\\/\",\"name\":\"FineLife.tv\",\"description\":\"Quand l&#039;Art de vivre croise l&#039;Art de penser\",\"potentialAction\":[{\"@type\":\"SearchAction\",\"target\":{\"@type\":\"EntryPoint\",\"urlTemplate\":\"https:\\\/\\\/finelife.tv\\\/fr\\\/?s={search_term_string}\"},\"query-input\":{\"@type\":\"PropertyValueSpecification\",\"valueRequired\":true,\"valueName\":\"search_term_string\"}}],\"inLanguage\":\"fr-FR\"},{\"@type\":\"Person\",\"@id\":\"https:\\\/\\\/finelife.tv\\\/fr\\\/#\\\/schema\\\/person\\\/e3d980b0c0b3dc5af01c3455893c8c52\",\"name\":\"Leonore\",\"image\":{\"@type\":\"ImageObject\",\"inLanguage\":\"fr-FR\",\"@id\":\"https:\\\/\\\/secure.gravatar.com\\\/avatar\\\/9a2e5073417479f910ffdeee54da5ccf4f91eab62746ce0ae0e81124a9491a79?s=96&d=mm&r=g\",\"url\":\"https:\\\/\\\/secure.gravatar.com\\\/avatar\\\/9a2e5073417479f910ffdeee54da5ccf4f91eab62746ce0ae0e81124a9491a79?s=96&d=mm&r=g\",\"contentUrl\":\"https:\\\/\\\/secure.gravatar.com\\\/avatar\\\/9a2e5073417479f910ffdeee54da5ccf4f91eab62746ce0ae0e81124a9491a79?s=96&d=mm&r=g\",\"caption\":\"Leonore\"}}]}<\/script>\n<!-- \/ Yoast SEO plugin. -->","yoast_head_json":{"title":"Expo Mamma Andersson l'art de l'adieu - FineLife.tv","description":"Expo Mamma Andersson l'art de l'adieu. Dans Adieu Maria Magdalena l'artiste su\u00e9doise explore la perte, la m\u00e9lancolie dans des int\u00e9rieurs qui nous immerge dans un temps aux fronti\u00e8res floues et r\u00e9veille nos affects","robots":{"index":"index","follow":"follow","max-snippet":"max-snippet:-1","max-image-preview":"max-image-preview:large","max-video-preview":"max-video-preview:-1"},"canonical":"https:\/\/finelife.tv\/fr\/2023\/10\/24\/expo-mamma-andersson-lart-de-ladieu\/","og_locale":"fr_FR","og_type":"article","og_title":"Expo Mamma Andersson l'art de l'adieu - FineLife.tv","og_description":"Expo Mamma Andersson l'art de l'adieu. Dans Adieu Maria Magdalena l'artiste su\u00e9doise explore la perte, la m\u00e9lancolie dans des int\u00e9rieurs qui nous immerge dans un temps aux fronti\u00e8res floues et r\u00e9veille nos affects","og_url":"https:\/\/finelife.tv\/fr\/2023\/10\/24\/expo-mamma-andersson-lart-de-ladieu\/","og_site_name":"FineLife.tv","article_published_time":"2023-10-24T11:34:18+00:00","article_modified_time":"2025-05-30T12:28:14+00:00","og_image":[{"width":1777,"height":2560,"url":"https:\/\/finelife.tv\/fr\/wp-content\/uploads\/2023\/10\/img-src-22https-finelife.tvimage.jpg-alt-22Expo-Mamma-Andersson-l-art-de-l-adieu22-scaled.jpg","type":"image\/jpeg"}],"author":"Leonore","twitter_card":"summary_large_image","twitter_creator":"@finelifetv","twitter_site":"@finelifetv","twitter_misc":{"\u00c9crit par":"Leonore","Dur\u00e9e de lecture estim\u00e9e":"5 minutes"},"schema":{"@context":"https:\/\/schema.org","@graph":[{"@type":"Article","@id":"https:\/\/finelife.tv\/fr\/2023\/10\/24\/expo-mamma-andersson-lart-de-ladieu\/#article","isPartOf":{"@id":"https:\/\/finelife.tv\/fr\/2023\/10\/24\/expo-mamma-andersson-lart-de-ladieu\/"},"author":{"name":"Leonore","@id":"https:\/\/finelife.tv\/fr\/#\/schema\/person\/e3d980b0c0b3dc5af01c3455893c8c52"},"headline":"Expo Mamma Andersson l&rsquo;art de l&rsquo;adieu","datePublished":"2023-10-24T11:34:18+00:00","dateModified":"2025-05-30T12:28:14+00:00","mainEntityOfPage":{"@id":"https:\/\/finelife.tv\/fr\/2023\/10\/24\/expo-mamma-andersson-lart-de-ladieu\/"},"wordCount":632,"commentCount":2,"image":{"@id":"https:\/\/finelife.tv\/fr\/2023\/10\/24\/expo-mamma-andersson-lart-de-ladieu\/#primaryimage"},"thumbnailUrl":"https:\/\/finelife.tv\/fr\/wp-content\/uploads\/2023\/10\/img-src-22https-finelife.tvimage.jpg-alt-22Expo-Mamma-Andersson-l-art-de-l-adieu22-711x1024.jpg","keywords":["art","artiste su\u00e9doise","dessin","galerie zwirner","Mamma Andersson","suede"],"articleSection":["Blog"],"inLanguage":"fr-FR","potentialAction":[{"@type":"CommentAction","name":"Comment","target":["https:\/\/finelife.tv\/fr\/2023\/10\/24\/expo-mamma-andersson-lart-de-ladieu\/#respond"]}]},{"@type":"WebPage","@id":"https:\/\/finelife.tv\/fr\/2023\/10\/24\/expo-mamma-andersson-lart-de-ladieu\/","url":"https:\/\/finelife.tv\/fr\/2023\/10\/24\/expo-mamma-andersson-lart-de-ladieu\/","name":"Expo Mamma Andersson l'art de l'adieu - FineLife.tv","isPartOf":{"@id":"https:\/\/finelife.tv\/fr\/#website"},"primaryImageOfPage":{"@id":"https:\/\/finelife.tv\/fr\/2023\/10\/24\/expo-mamma-andersson-lart-de-ladieu\/#primaryimage"},"image":{"@id":"https:\/\/finelife.tv\/fr\/2023\/10\/24\/expo-mamma-andersson-lart-de-ladieu\/#primaryimage"},"thumbnailUrl":"https:\/\/finelife.tv\/fr\/wp-content\/uploads\/2023\/10\/img-src-22https-finelife.tvimage.jpg-alt-22Expo-Mamma-Andersson-l-art-de-l-adieu22-711x1024.jpg","datePublished":"2023-10-24T11:34:18+00:00","dateModified":"2025-05-30T12:28:14+00:00","author":{"@id":"https:\/\/finelife.tv\/fr\/#\/schema\/person\/e3d980b0c0b3dc5af01c3455893c8c52"},"description":"Expo Mamma Andersson l'art de l'adieu. Dans Adieu Maria Magdalena l'artiste su\u00e9doise explore la perte, la m\u00e9lancolie dans des int\u00e9rieurs qui nous immerge dans un temps aux fronti\u00e8res floues et r\u00e9veille nos affects","breadcrumb":{"@id":"https:\/\/finelife.tv\/fr\/2023\/10\/24\/expo-mamma-andersson-lart-de-ladieu\/#breadcrumb"},"inLanguage":"fr-FR","potentialAction":[{"@type":"ReadAction","target":["https:\/\/finelife.tv\/fr\/2023\/10\/24\/expo-mamma-andersson-lart-de-ladieu\/"]}]},{"@type":"ImageObject","inLanguage":"fr-FR","@id":"https:\/\/finelife.tv\/fr\/2023\/10\/24\/expo-mamma-andersson-lart-de-ladieu\/#primaryimage","url":"https:\/\/finelife.tv\/fr\/wp-content\/uploads\/2023\/10\/img-src-22https-finelife.tvimage.jpg-alt-22Expo-Mamma-Andersson-l-art-de-l-adieu22-scaled.jpg","contentUrl":"https:\/\/finelife.tv\/fr\/wp-content\/uploads\/2023\/10\/img-src-22https-finelife.tvimage.jpg-alt-22Expo-Mamma-Andersson-l-art-de-l-adieu22-scaled.jpg","width":1777,"height":2560},{"@type":"BreadcrumbList","@id":"https:\/\/finelife.tv\/fr\/2023\/10\/24\/expo-mamma-andersson-lart-de-ladieu\/#breadcrumb","itemListElement":[{"@type":"ListItem","position":1,"name":"Accueil","item":"https:\/\/finelife.tv\/fr\/"},{"@type":"ListItem","position":2,"name":"Expo Mamma Andersson l&rsquo;art de l&rsquo;adieu"}]},{"@type":"WebSite","@id":"https:\/\/finelife.tv\/fr\/#website","url":"https:\/\/finelife.tv\/fr\/","name":"FineLife.tv","description":"Quand l&#039;Art de vivre croise l&#039;Art de penser","potentialAction":[{"@type":"SearchAction","target":{"@type":"EntryPoint","urlTemplate":"https:\/\/finelife.tv\/fr\/?s={search_term_string}"},"query-input":{"@type":"PropertyValueSpecification","valueRequired":true,"valueName":"search_term_string"}}],"inLanguage":"fr-FR"},{"@type":"Person","@id":"https:\/\/finelife.tv\/fr\/#\/schema\/person\/e3d980b0c0b3dc5af01c3455893c8c52","name":"Leonore","image":{"@type":"ImageObject","inLanguage":"fr-FR","@id":"https:\/\/secure.gravatar.com\/avatar\/9a2e5073417479f910ffdeee54da5ccf4f91eab62746ce0ae0e81124a9491a79?s=96&d=mm&r=g","url":"https:\/\/secure.gravatar.com\/avatar\/9a2e5073417479f910ffdeee54da5ccf4f91eab62746ce0ae0e81124a9491a79?s=96&d=mm&r=g","contentUrl":"https:\/\/secure.gravatar.com\/avatar\/9a2e5073417479f910ffdeee54da5ccf4f91eab62746ce0ae0e81124a9491a79?s=96&d=mm&r=g","caption":"Leonore"}}]}},"_links":{"self":[{"href":"https:\/\/finelife.tv\/fr\/wp-json\/wp\/v2\/posts\/15626","targetHints":{"allow":["GET"]}}],"collection":[{"href":"https:\/\/finelife.tv\/fr\/wp-json\/wp\/v2\/posts"}],"about":[{"href":"https:\/\/finelife.tv\/fr\/wp-json\/wp\/v2\/types\/post"}],"author":[{"embeddable":true,"href":"https:\/\/finelife.tv\/fr\/wp-json\/wp\/v2\/users\/1"}],"replies":[{"embeddable":true,"href":"https:\/\/finelife.tv\/fr\/wp-json\/wp\/v2\/comments?post=15626"}],"version-history":[{"count":26,"href":"https:\/\/finelife.tv\/fr\/wp-json\/wp\/v2\/posts\/15626\/revisions"}],"predecessor-version":[{"id":23403,"href":"https:\/\/finelife.tv\/fr\/wp-json\/wp\/v2\/posts\/15626\/revisions\/23403"}],"wp:attachment":[{"href":"https:\/\/finelife.tv\/fr\/wp-json\/wp\/v2\/media?parent=15626"}],"wp:term":[{"taxonomy":"category","embeddable":true,"href":"https:\/\/finelife.tv\/fr\/wp-json\/wp\/v2\/categories?post=15626"},{"taxonomy":"post_tag","embeddable":true,"href":"https:\/\/finelife.tv\/fr\/wp-json\/wp\/v2\/tags?post=15626"}],"curies":[{"name":"wp","href":"https:\/\/api.w.org\/{rel}","templated":true}]}}