{"id":15793,"date":"2023-11-01T20:26:47","date_gmt":"2023-11-01T19:26:47","guid":{"rendered":"https:\/\/finelife.tv\/fr\/?p=15793"},"modified":"2025-08-09T19:34:27","modified_gmt":"2025-08-09T17:34:27","slug":"ecce-rothko-lemotion-en-cubes-et-couleurs","status":"publish","type":"post","link":"https:\/\/finelife.tv\/fr\/2023\/11\/01\/ecce-rothko-lemotion-en-cubes-et-couleurs\/","title":{"rendered":"Ecce Rothko l&rsquo;\u00e9motion en cubes et couleurs"},"content":{"rendered":"\n<figure class=\"wp-block-image size-large\"><img loading=\"lazy\" decoding=\"async\" width=\"768\" height=\"1024\" src=\"https:\/\/finelife.tv\/fr\/wp-content\/uploads\/2023\/11\/img-src-22https-finelife.tvimage.jpg-alt-22Ecce-Rothko-l-emotion-en-cubes-et-couleurs22-768x1024.jpg\" alt=\"\" class=\"wp-image-15811\" srcset=\"https:\/\/finelife.tv\/fr\/wp-content\/uploads\/2023\/11\/img-src-22https-finelife.tvimage.jpg-alt-22Ecce-Rothko-l-emotion-en-cubes-et-couleurs22-768x1024.jpg 768w, https:\/\/finelife.tv\/fr\/wp-content\/uploads\/2023\/11\/img-src-22https-finelife.tvimage.jpg-alt-22Ecce-Rothko-l-emotion-en-cubes-et-couleurs22-225x300.jpg 225w, https:\/\/finelife.tv\/fr\/wp-content\/uploads\/2023\/11\/img-src-22https-finelife.tvimage.jpg-alt-22Ecce-Rothko-l-emotion-en-cubes-et-couleurs22-1152x1536.jpg 1152w, https:\/\/finelife.tv\/fr\/wp-content\/uploads\/2023\/11\/img-src-22https-finelife.tvimage.jpg-alt-22Ecce-Rothko-l-emotion-en-cubes-et-couleurs22-1536x2048.jpg 1536w, https:\/\/finelife.tv\/fr\/wp-content\/uploads\/2023\/11\/img-src-22https-finelife.tvimage.jpg-alt-22Ecce-Rothko-l-emotion-en-cubes-et-couleurs22-scaled.jpg 1920w\" sizes=\"auto, (max-width: 768px) 100vw, 768px\" \/><\/figure>\n\n\n\n<p><strong>Ecce Rothko l&rsquo;\u00e9motion en cubes et couleurs .La Fondation Louis Vuitton expose l&rsquo;art du ma\u00eetre de l&rsquo;abstraction, cr\u00e9ateur d&rsquo;une esth\u00e9tique aux masses color\u00e9es imm\u00e9diatement reconnaissables. La sc\u00e9nographie suit un parcours chronologique ponctu\u00e9 de citations, de \u00ab\u00a0corners\u00a0\u00bb et de r\u00e9f\u00e9rences \u00e0 la musique et \u00e0 la philosophie<\/strong>. <\/p>\n\n\n\n<p>Premi\u00e8re r\u00e9trospective en France consacr\u00e9e au peintre am\u00e9ricain Mark Rothko (1903-1970) depuis celle du Mus\u00e9e d\u2019Art moderne de la Ville de Paris en 1999, l\u2019exposition r\u00e9unit pr\u00e8s de 115 \u0153uvres. Elles proviennent de la famille de l&rsquo;artiste ainsi que des plus grandes collections institutionnelles, notamment de la National Gallery of Art de Washington, de la Tate de Londres et de la Phillips Collection de Washington.<\/p>\n\n\n\n<p>On y voit les ann\u00e9es 5O-70. Celles des toiles aux cubes et aux bandes gorg\u00e9s de couleurs. Les plus connues du peintre. Les galeries 4 \u00e0 11 r\u00e9unissent ainsi 70 \u0153uvres \u00ab\u00a0classiques\u00a0\u00bb. Autour de ce c\u0153ur, un avant fait d&rsquo;expressionnisme abstrait, de surr\u00e9alisme, de \u00ab\u00a0multiformes\u00a0\u00bb et un apr\u00e8s o\u00f9 dominent le gris et le noir. L&rsquo;exposition Mark Rothko suit un parcours chronologique qui retrace les exp\u00e9riences du peintre pour atteindre \u00ab\u00a0les \u00e9motions fondamentales\u00a0\u00bb. De fait un substrat autant existentiel que philosophique.<\/p>\n\n\n\n<h2 class=\"wp-block-heading\">Peindre les \u00e9motions fondamentales : ecce Rothko<\/h2>\n\n\n<div class=\"wp-block-image\">\n<figure class=\"aligncenter size-large\"><img loading=\"lazy\" decoding=\"async\" width=\"1024\" height=\"591\" src=\"https:\/\/finelife.tv\/fr\/wp-content\/uploads\/2023\/11\/img-src-22https-finelife.tvimage.jpg-alt-22Ecce-Rothko-l-emotion-en-cubes-et-couleurs-vue-exposition-rothko-fondation-louis-vuitton22-1024x591.jpg\" alt=\"\" class=\"wp-image-15848\" srcset=\"https:\/\/finelife.tv\/fr\/wp-content\/uploads\/2023\/11\/img-src-22https-finelife.tvimage.jpg-alt-22Ecce-Rothko-l-emotion-en-cubes-et-couleurs-vue-exposition-rothko-fondation-louis-vuitton22-1024x591.jpg 1024w, https:\/\/finelife.tv\/fr\/wp-content\/uploads\/2023\/11\/img-src-22https-finelife.tvimage.jpg-alt-22Ecce-Rothko-l-emotion-en-cubes-et-couleurs-vue-exposition-rothko-fondation-louis-vuitton22-300x173.jpg 300w, https:\/\/finelife.tv\/fr\/wp-content\/uploads\/2023\/11\/img-src-22https-finelife.tvimage.jpg-alt-22Ecce-Rothko-l-emotion-en-cubes-et-couleurs-vue-exposition-rothko-fondation-louis-vuitton22-768x443.jpg 768w, https:\/\/finelife.tv\/fr\/wp-content\/uploads\/2023\/11\/img-src-22https-finelife.tvimage.jpg-alt-22Ecce-Rothko-l-emotion-en-cubes-et-couleurs-vue-exposition-rothko-fondation-louis-vuitton22-1536x886.jpg 1536w, https:\/\/finelife.tv\/fr\/wp-content\/uploads\/2023\/11\/img-src-22https-finelife.tvimage.jpg-alt-22Ecce-Rothko-l-emotion-en-cubes-et-couleurs-vue-exposition-rothko-fondation-louis-vuitton22-2048x1181.jpg 2048w\" sizes=\"auto, (max-width: 1024px) 100vw, 1024px\" \/><\/figure>\n<\/div>\n\n\n<p>Peindre les \u00e9motions fondamentales pour Mark Rothko signifie exprimer la trag\u00e9die humaine. Rothko lui m\u00eame parlait \u00e0 l&rsquo;acteur et r\u00e9alisateur John Huston de \u00ab\u00a0l&rsquo;\u00e9ternit\u00e9 infinie de la mort\u00a0\u00bb. Mort inh\u00e9rente \u00e0 la condition humaine (et animale) mais aussi \u00e0 la violence des hommes. La violence tapie derri\u00e8re le vernis de la civilisation. Il y a du Freud chez Rothko comme il y a du Nietzsche. <\/p>\n\n\n\n<p>Le trag\u00e9die grecque trouve son origine dans une rupture de l&rsquo;harmonie du cosmos. Derri\u00e8re le tragique de Rothko, les horreurs de la Shoah mais aussi un souvenir mis en avant par l&rsquo;historien de l&rsquo;art Riccardo Venturi. \u00ab\u00a0Il y a un souvenir qui relie l&rsquo;enfance de Marcus Rotkowitz \u00e0 sa peinture. C&rsquo;est un souvenir que raconte l&rsquo;ami peintre Alfred Jansen : \u00ab\u00a0Les cosaques prirent les juifs de leur village et les emport\u00e8rent dans la for\u00eat o\u00f9 ils durent creuser une grande tombe.\u00a0\u00bb(\u2026) Rothko disait qu&rsquo;il avait toujours \u00e9t\u00e9 hant\u00e9 par l&rsquo;image de cette tombe. (\u2026)\u00a0\u00bb. Les masses color\u00e9es et leurs transparences, signature du peindre, seraient-elles des tombes ? Le peintre \u00e9voque aussi des temples. \u00c0 voir donc &#8230;<\/p>\n\n\n\n<h2 class=\"wp-block-heading\">Rothko de la Russie aux rectangles<\/h2>\n\n\n<div class=\"wp-block-image\">\n<figure class=\"aligncenter size-large\"><img loading=\"lazy\" decoding=\"async\" width=\"768\" height=\"1024\" src=\"https:\/\/finelife.tv\/fr\/wp-content\/uploads\/2023\/11\/img-src-22https-finelife.tvimage.jpg-alt-22Ecce-Rothko-l-emotion-en-cubes-photo-mark-rothko22-768x1024.jpg\" alt=\"\" class=\"wp-image-15847\" srcset=\"https:\/\/finelife.tv\/fr\/wp-content\/uploads\/2023\/11\/img-src-22https-finelife.tvimage.jpg-alt-22Ecce-Rothko-l-emotion-en-cubes-photo-mark-rothko22-768x1024.jpg 768w, https:\/\/finelife.tv\/fr\/wp-content\/uploads\/2023\/11\/img-src-22https-finelife.tvimage.jpg-alt-22Ecce-Rothko-l-emotion-en-cubes-photo-mark-rothko22-225x300.jpg 225w, https:\/\/finelife.tv\/fr\/wp-content\/uploads\/2023\/11\/img-src-22https-finelife.tvimage.jpg-alt-22Ecce-Rothko-l-emotion-en-cubes-photo-mark-rothko22-1152x1536.jpg 1152w, https:\/\/finelife.tv\/fr\/wp-content\/uploads\/2023\/11\/img-src-22https-finelife.tvimage.jpg-alt-22Ecce-Rothko-l-emotion-en-cubes-photo-mark-rothko22-1536x2048.jpg 1536w, https:\/\/finelife.tv\/fr\/wp-content\/uploads\/2023\/11\/img-src-22https-finelife.tvimage.jpg-alt-22Ecce-Rothko-l-emotion-en-cubes-photo-mark-rothko22-scaled.jpg 1920w\" sizes=\"auto, (max-width: 768px) 100vw, 768px\" \/><figcaption class=\"wp-element-caption\">Mark Rothko en 1961<\/figcaption><\/figure>\n<\/div>\n\n\n<p>Rothko est n\u00e9 Marcus Rotkowitz le 25 septembre 1903 d&rsquo;un p\u00e8re pharmacien \u00e0 Dvinsk, en Russie (aujourd&rsquo;hui Daugavpils en Lettonie). Il \u00e9tudie le Talmud avant de partir aux \u00c9tats-Unis \u00e0 l&rsquo;\u00e2ge de 10 ans. Il passe par Yale puis se confronte \u00e0 l&rsquo;\u00e9cole de la vie et d\u00e9couvre la peinture. En 1938 il obtient la nationalit\u00e9 am\u00e9ricaine et am\u00e9ricanise son nom deux ans plus tard. Au tournant des ann\u00e9es 50 il invente sa propre esth\u00e9tique, avec des rectangles color\u00e9s flottants l&rsquo;un sur l&rsquo;autre.<\/p>\n\n\n\n<h2 class=\"wp-block-heading\">Les p\u00e9riodes : des sc\u00e8nes de m\u00e9tro aux \u00ab\u00a0gris Giaciometti\u00a0\u00bb<\/h2>\n\n\n<div class=\"wp-block-image\">\n<figure class=\"aligncenter size-large\"><img loading=\"lazy\" decoding=\"async\" width=\"768\" height=\"1024\" src=\"https:\/\/finelife.tv\/fr\/wp-content\/uploads\/2023\/11\/img-src-22https-finelife.tvimage.jpg-alt-22Ecce-Rothko-l-emotion-en-cubes-et-couleurs-auto-portrait22-768x1024.jpg\" alt=\"\" class=\"wp-image-15812\" srcset=\"https:\/\/finelife.tv\/fr\/wp-content\/uploads\/2023\/11\/img-src-22https-finelife.tvimage.jpg-alt-22Ecce-Rothko-l-emotion-en-cubes-et-couleurs-auto-portrait22-768x1024.jpg 768w, https:\/\/finelife.tv\/fr\/wp-content\/uploads\/2023\/11\/img-src-22https-finelife.tvimage.jpg-alt-22Ecce-Rothko-l-emotion-en-cubes-et-couleurs-auto-portrait22-225x300.jpg 225w, https:\/\/finelife.tv\/fr\/wp-content\/uploads\/2023\/11\/img-src-22https-finelife.tvimage.jpg-alt-22Ecce-Rothko-l-emotion-en-cubes-et-couleurs-auto-portrait22-1152x1536.jpg 1152w, https:\/\/finelife.tv\/fr\/wp-content\/uploads\/2023\/11\/img-src-22https-finelife.tvimage.jpg-alt-22Ecce-Rothko-l-emotion-en-cubes-et-couleurs-auto-portrait22-1536x2048.jpg 1536w, https:\/\/finelife.tv\/fr\/wp-content\/uploads\/2023\/11\/img-src-22https-finelife.tvimage.jpg-alt-22Ecce-Rothko-l-emotion-en-cubes-et-couleurs-auto-portrait22-scaled.jpg 1920w\" sizes=\"auto, (max-width: 768px) 100vw, 768px\" \/><figcaption class=\"wp-element-caption\">Mark Rothko &#8211; autoportrait 1936<\/figcaption><\/figure>\n<\/div>\n\n\n<p>\u00c0 l&rsquo;entr\u00e9e de l&rsquo;exposition un autoportrait troublant. Le regard, sens dominant dans nos civilisations, est cach\u00e9 par des lunettes. Ou bien en passant tr\u00e8s vite les yeux semblent noirs, enfonc\u00e9s dans leurs orbites, disparus dans un abime int\u00e9rieur. Un magmas que l&rsquo;on peut imaginer \u00e0 la fois bouillonnant et tr\u00e8s concentr\u00e9. <\/p>\n\n\n<div class=\"wp-block-image\">\n<figure class=\"aligncenter size-large\"><img loading=\"lazy\" decoding=\"async\" width=\"1024\" height=\"955\" src=\"https:\/\/finelife.tv\/fr\/wp-content\/uploads\/2023\/11\/img-src-22https-finelife.tvimage.jpg-alt-22Ecce-Rothko-l-emotion-en-cubes-et-couleurs-scenes-metro-newyork22-1024x955.jpg\" alt=\"\" class=\"wp-image-15815\" srcset=\"https:\/\/finelife.tv\/fr\/wp-content\/uploads\/2023\/11\/img-src-22https-finelife.tvimage.jpg-alt-22Ecce-Rothko-l-emotion-en-cubes-et-couleurs-scenes-metro-newyork22-1024x955.jpg 1024w, https:\/\/finelife.tv\/fr\/wp-content\/uploads\/2023\/11\/img-src-22https-finelife.tvimage.jpg-alt-22Ecce-Rothko-l-emotion-en-cubes-et-couleurs-scenes-metro-newyork22-300x280.jpg 300w, https:\/\/finelife.tv\/fr\/wp-content\/uploads\/2023\/11\/img-src-22https-finelife.tvimage.jpg-alt-22Ecce-Rothko-l-emotion-en-cubes-et-couleurs-scenes-metro-newyork22-768x716.jpg 768w, https:\/\/finelife.tv\/fr\/wp-content\/uploads\/2023\/11\/img-src-22https-finelife.tvimage.jpg-alt-22Ecce-Rothko-l-emotion-en-cubes-et-couleurs-scenes-metro-newyork22-1536x1432.jpg 1536w, https:\/\/finelife.tv\/fr\/wp-content\/uploads\/2023\/11\/img-src-22https-finelife.tvimage.jpg-alt-22Ecce-Rothko-l-emotion-en-cubes-et-couleurs-scenes-metro-newyork22-2048x1910.jpg 2048w\" sizes=\"auto, (max-width: 1024px) 100vw, 1024px\" \/><figcaption class=\"wp-element-caption\">Mark Rothko &#8211; Underground Fantasy 1940<\/figcaption><\/figure>\n<\/div>\n\n\n<p>Ce tableau tout en concentration est accroch\u00e9 face au mur o\u00f9 l&rsquo;on peut notamment regarder les sc\u00e8nes de m\u00e9tro new-yorkais des ann\u00e9es 30. L\u00e0 o\u00f9 des personnages aux lignes effil\u00e9es semblent unis \u00e0 l&rsquo;architecture. On pense au lien futur entre Rothko et Giacometti. Mais les r\u00e9f\u00e9rences du peintre s&rsquo;appellent Milton Aveyron et Henri Matisse. Suzanne Pag\u00e9 directrice artistique et co-commissaire rappelle que Rothko \u00ab\u00a0\u00e9prouve une grande fascination pour un tableau de Matisse, L&rsquo;Atelier rouge\u00a0\u00bb. Dans cette peinture de 1911 Matisse peint, dans un rouge fonc\u00e9, des tableaux, un verre, un fauteuil, une commode. Ce rouge secoue l&rsquo;Am\u00e9ricain. Il aura une influence d\u00e9terminante. Plus tard.<\/p>\n\n\n\n<p>Car Mark Rothko passe par une phase surr\u00e9aliste. Durant la deuxi\u00e8me guerre mondiale son r\u00e9pertoire s&rsquo;inspire des mythes antiques, convoquant notamment Eschyle, pour exprimer la guerre, le tragique humain et la duret\u00e9 de l&rsquo;\u00e9poque. Les h\u00e9ros sont hybrides et\/ou d\u00e9chiquet\u00e9s. Ses toiles \u00e9voquent la guerre de Troie dans une approche th\u00e9\u00e2trale car Rothko aimait le th\u00e9\u00e2tre.<\/p>\n\n\n\n<h3 class=\"wp-block-heading has-text-align-center\">On dit un Rothko<\/h3>\n\n\n<div class=\"wp-block-image\">\n<figure class=\"aligncenter size-full\"><img loading=\"lazy\" decoding=\"async\" width=\"543\" height=\"956\" src=\"https:\/\/finelife.tv\/fr\/wp-content\/uploads\/2023\/11\/img-src-22https-finelife.tvimage.jpg-alt-22Ecce-Rothko-l-emotion-en-cubes-et-couleurs-TABLEAU-numero-21-194922.jpg\" alt=\"\" class=\"wp-image-15822\" srcset=\"https:\/\/finelife.tv\/fr\/wp-content\/uploads\/2023\/11\/img-src-22https-finelife.tvimage.jpg-alt-22Ecce-Rothko-l-emotion-en-cubes-et-couleurs-TABLEAU-numero-21-194922.jpg 543w, https:\/\/finelife.tv\/fr\/wp-content\/uploads\/2023\/11\/img-src-22https-finelife.tvimage.jpg-alt-22Ecce-Rothko-l-emotion-en-cubes-et-couleurs-TABLEAU-numero-21-194922-170x300.jpg 170w\" sizes=\"auto, (max-width: 543px) 100vw, 543px\" \/><figcaption class=\"wp-element-caption\">Mark Rothko No 21, 1949 Adagp Paris 2023<\/figcaption><\/figure>\n<\/div>\n\n\n<p>Ensuite c&rsquo;est l&rsquo;entr\u00e9e dans l&rsquo;abstraction. Un tournant. Rothko adopte une nouvelle mani\u00e8re de peindre. Des formes g\u00e9om\u00e9triques avec des superpositions de couleurs et des transparences. Nom : Les multiformes. L&rsquo;amorce d&rsquo;un style. Plus tard on dira un Rothko. <\/p>\n\n\n<div class=\"wp-block-image\">\n<figure class=\"aligncenter size-full\"><img loading=\"lazy\" decoding=\"async\" width=\"693\" height=\"751\" src=\"https:\/\/finelife.tv\/fr\/wp-content\/uploads\/2023\/11\/img-src-22https-finelife.tvimage.jpg-alt-22Ecce-Rothko-l-emotion-en-cubes-et-couleurs-tableau-numero-14-196022.jpg\" alt=\"\" class=\"wp-image-15821\" srcset=\"https:\/\/finelife.tv\/fr\/wp-content\/uploads\/2023\/11\/img-src-22https-finelife.tvimage.jpg-alt-22Ecce-Rothko-l-emotion-en-cubes-et-couleurs-tableau-numero-14-196022.jpg 693w, https:\/\/finelife.tv\/fr\/wp-content\/uploads\/2023\/11\/img-src-22https-finelife.tvimage.jpg-alt-22Ecce-Rothko-l-emotion-en-cubes-et-couleurs-tableau-numero-14-196022-277x300.jpg 277w\" sizes=\"auto, (max-width: 693px) 100vw, 693px\" \/><figcaption class=\"wp-element-caption\">Mark Rothko No 14 1960 Adagp Paris 2023<\/figcaption><\/figure>\n<\/div>\n\n\n<p>Dans les ann\u00e9es 50 le nombre de modules diminue de plus en plus et s&rsquo;organise en formes rectangulaires. Le rythme varie du binaire ou ternaire. Les tons chauds (jaunes, rouges, ocre, orange) en c\u00f4toient de plus froids (bleus, blancs).<\/p>\n\n\n\n<p>Enfin les ann\u00e9es 60 voient la palette de couleurs s&rsquo;assombrir avec des accords noir, rouge bleu. Les couleurs avancent et reculent, jouent les unes avec les autres. <\/p>\n\n\n<div class=\"wp-block-image\">\n<figure class=\"aligncenter size-large\"><img loading=\"lazy\" decoding=\"async\" width=\"1024\" height=\"768\" src=\"https:\/\/finelife.tv\/fr\/wp-content\/uploads\/2023\/11\/img-src-22https-finelife.tvimage.jpg-alt-22Ecce-Rothko-l-emotion-en-cubes-et-couleurs-taleaux-gris-statue-giacometti22-1024x768.jpg\" alt=\"\" class=\"wp-image-15814\" srcset=\"https:\/\/finelife.tv\/fr\/wp-content\/uploads\/2023\/11\/img-src-22https-finelife.tvimage.jpg-alt-22Ecce-Rothko-l-emotion-en-cubes-et-couleurs-taleaux-gris-statue-giacometti22-1024x768.jpg 1024w, https:\/\/finelife.tv\/fr\/wp-content\/uploads\/2023\/11\/img-src-22https-finelife.tvimage.jpg-alt-22Ecce-Rothko-l-emotion-en-cubes-et-couleurs-taleaux-gris-statue-giacometti22-300x225.jpg 300w, https:\/\/finelife.tv\/fr\/wp-content\/uploads\/2023\/11\/img-src-22https-finelife.tvimage.jpg-alt-22Ecce-Rothko-l-emotion-en-cubes-et-couleurs-taleaux-gris-statue-giacometti22-768x576.jpg 768w, https:\/\/finelife.tv\/fr\/wp-content\/uploads\/2023\/11\/img-src-22https-finelife.tvimage.jpg-alt-22Ecce-Rothko-l-emotion-en-cubes-et-couleurs-taleaux-gris-statue-giacometti22-1536x1152.jpg 1536w, https:\/\/finelife.tv\/fr\/wp-content\/uploads\/2023\/11\/img-src-22https-finelife.tvimage.jpg-alt-22Ecce-Rothko-l-emotion-en-cubes-et-couleurs-taleaux-gris-statue-giacometti22-2048x1536.jpg 2048w\" sizes=\"auto, (max-width: 1024px) 100vw, 1024px\" \/><figcaption class=\"wp-element-caption\">Mark Rothko &#8211; Gray and Black et Alberto Giacometti &#8211; Grande femme <\/figcaption><\/figure>\n<\/div>\n\n\n<p>L&rsquo;exposition s&rsquo;ach\u00e8ve dans la plus haute salle du b\u00e2timent de Frank Gehry sur la s\u00e9rie des Black and Grey de 1969-1970. Ils sont sc\u00e9nographi\u00e9s en regard des grandes figures d\u2019Alberto Giacometti : Grande Femme, L&rsquo;homme qui marche. Il s&rsquo;agissait de cr\u00e9er \u00ab\u00a0un environnement proche de ce que Rothko avait imagin\u00e9 pour r\u00e9pondre \u00e0 une commande de l\u2019UNESCO rest\u00e9e sans lendemain\u00a0\u00bb.<\/p>\n\n\n\n<p>Les commissaires \u00e9cartent l&rsquo;hypoth\u00e8se de couleurs refl\u00e9tant la d\u00e9pression du peintre. Un mal qui l&rsquo;a conduit au suicide en 1970. Car la couleur est pr\u00e9sente dans les derni\u00e8res \u0153uvres notamment une variation violet-rouge presque sym\u00e9trique.  <\/p>\n\n\n\n<h2 class=\"wp-block-heading\">\u00c9motions en cubes, en couleurs et en partition musicale<\/h2>\n\n\n\n<p>Mark Rothko arr\u00eate de peindre \u00e0 la fin des ann\u00e9es 30. Il estime avoir \u00e9chou\u00e9 \u00e0 repr\u00e9senter la figure humaine sans la mutiler\u00a0\u00bb. Il d\u00e9cide d&rsquo;\u00e9crire sur la peinture. Le r\u00e9sultat est un essai : \u00ab\u00a0The Artist&rsquo;s Reality\u00a0\u00bb. Le manuscrit sera d\u00e9couvert dans son atelier en 1988, soit 18 ans apr\u00e8s sa mort.<\/p>\n\n\n\n<p>Le peintre est un grand lecteur de Nietzsche mais aussi de Shakespeare, des auteurs grecs et de po\u00e9sie. Il aime par ailleurs la musique. Rothko disait que ces tableaux \u00e9taient des partitions et qu&rsquo;il voulait faire de la peinture quelque d&rsquo;aussi intense que la musique et la po\u00e9sie. L&rsquo;\u00e9motion toujours. Mais parfois un sentiment d&rsquo;\u00e9chec \u00e0 r\u00e9parer le monde, \u00e0 surmonter la souffrance par l&rsquo;art comme le pr\u00e9conisaient les ma\u00eetres grecs. <\/p>\n\n\n\n<p>L&rsquo;exposition a am\u00e9nag\u00e9 un \u00ab\u00a0corner\u00a0\u00bb regroupant les livres et la musique qu&rsquo;appr\u00e9ciaient le peintre pr\u00e8s de sa biographie qui couvre un mur. <\/p>\n\n\n\n<p><\/p>\n\n\n\n<h2 class=\"wp-block-heading\">L&rsquo;observateur \u00e0 l&rsquo;\u00e9preuve de la masse <\/h2>\n\n\n<div class=\"wp-block-image\">\n<figure class=\"aligncenter size-large\"><img loading=\"lazy\" decoding=\"async\" width=\"1024\" height=\"1019\" src=\"https:\/\/finelife.tv\/fr\/wp-content\/uploads\/2023\/11\/img-src-22https-finelife.tvimage.jpg-alt-22Ecce-Rothko-l-emotion-en-cubes-et-couleurs-atelier22-1024x1019.jpg\" alt=\"\" class=\"wp-image-15813\" srcset=\"https:\/\/finelife.tv\/fr\/wp-content\/uploads\/2023\/11\/img-src-22https-finelife.tvimage.jpg-alt-22Ecce-Rothko-l-emotion-en-cubes-et-couleurs-atelier22-1024x1019.jpg 1024w, https:\/\/finelife.tv\/fr\/wp-content\/uploads\/2023\/11\/img-src-22https-finelife.tvimage.jpg-alt-22Ecce-Rothko-l-emotion-en-cubes-et-couleurs-atelier22-300x300.jpg 300w, https:\/\/finelife.tv\/fr\/wp-content\/uploads\/2023\/11\/img-src-22https-finelife.tvimage.jpg-alt-22Ecce-Rothko-l-emotion-en-cubes-et-couleurs-atelier22-150x150.jpg 150w, https:\/\/finelife.tv\/fr\/wp-content\/uploads\/2023\/11\/img-src-22https-finelife.tvimage.jpg-alt-22Ecce-Rothko-l-emotion-en-cubes-et-couleurs-atelier22-768x764.jpg 768w, https:\/\/finelife.tv\/fr\/wp-content\/uploads\/2023\/11\/img-src-22https-finelife.tvimage.jpg-alt-22Ecce-Rothko-l-emotion-en-cubes-et-couleurs-atelier22-1536x1529.jpg 1536w, https:\/\/finelife.tv\/fr\/wp-content\/uploads\/2023\/11\/img-src-22https-finelife.tvimage.jpg-alt-22Ecce-Rothko-l-emotion-en-cubes-et-couleurs-atelier22-2048x2038.jpg 2048w\" sizes=\"auto, (max-width: 1024px) 100vw, 1024px\" \/><figcaption class=\"wp-element-caption\">Mark Rothko dans son atelier \/ ann\u00e9es 60<\/figcaption><\/figure>\n<\/div>\n\n\n<p>Rothko voulait un rapport direct, imm\u00e9diat \u00e0 la sa peinture.  Alors il \u00e9limina. Tout d&rsquo;abord le cadre qui d\u00e9limite un int\u00e9rieur et un ext\u00e9rieur puis  la baguette d&rsquo;encadrement indice d&rsquo;un quelque chose \u00e0 \u00e9tudier. Les titres disparaissent aussi au profit de chiffres et de noms de couleur. \u00ab\u00a0Une peinture n&rsquo;est pas la repr\u00e9sentation d&rsquo;une exp\u00e9rience. C&rsquo;est l&rsquo;exp\u00e9rience m\u00eame\u00a0\u00bb. Cette c\u00e9l\u00e8bre d\u00e9claration de mon p\u00e8re rend explicite non seulement la pr\u00e9sence r\u00e9elle de son travail mais aussi le r\u00f4le central de l&rsquo;observateur dans le dessin de l&rsquo;\u0153uvre. L&rsquo;art n&rsquo;est pas une chose qui nous est dite, une histoire rapport\u00e9e \u00e0 propos de quelqu&rsquo;un d&rsquo;autre. C&rsquo;est un processus dans lequel celui qui regarde s&rsquo;engage pleinement\u00a0\u00bb explique Christopher Rothko. <\/p>\n\n\n\n<p>On se perd un peu dans la profusion de tableaux. L&rsquo;engagement, le rapport direct devient rude. On a du mal \u00e0 \u00ab\u00a0\u00eatre pr\u00e9sent\u00a0\u00bb. C&rsquo;est le danger de toute r\u00e9trospective massive. Certes le public peut b\u00e9n\u00e9ficier de l&rsquo;aide des m\u00e9diateurs. Mais le mieux est encore de se laisser accrocher par un tableau comme on se laisse ensorceler par un son. Puis de s&rsquo;asseoir devant une \u0153uvre, de la fixer, de laisser l&rsquo;imagination agir et nous mener parmi les reflets, les asp\u00e9rit\u00e9s, les nuances. De s&rsquo;engager dans une m\u00e9ditation au fond de la couleur. Ecce Rothko !<\/p>\n\n\n\n<p><\/p>\n\n\n\n<p><\/p>\n\n\n\n<h2 class=\"wp-block-heading has-text-align-center\">INFOS<\/h2>\n\n\n\n<p><strong>Mark Rothko<\/strong><\/p>\n\n\n\n<p>Du 18 octobre 2023 au 2 avril 2024<\/p>\n\n\n\n<p><strong><a href=\"https:\/\/www.fondationlouisvuitton.fr\/\">Fondation Louis Vuitton<\/a><\/strong><\/p>\n\n\n\n<p>8, Avenue du Mahatma Gandhi Bois de Boulogne, 75116 Paris<\/p>\n\n\n\n<p>Related article Ecce Rothko l&rsquo;\u00e9motion en cubes et couleurs \/ Ecce Rothko l&rsquo;\u00e9motion en cubes et couleurs<\/p>\n\n\n\n<p><strong><a href=\"https:\/\/finelife.tv\/fr\/2022\/05\/09\/fondation-louis-vuitton-la-couleur-en-fugue-met-en-echo-architecture-et-couleur\/\">Fondation Louis Vuitton La couleur en fugue met en \u00e9cho architecture et couleur<\/a><\/strong><\/p>\n\n\n\n<p><strong><a href=\"https:\/\/finelife.tv\/fr\/2025\/08\/09\/expo-lart-du-flou-a-lorangerie\/\">Expo l\u2019art du flou \u00e0 l\u2019Orangerie<\/a><\/strong><\/p>\n","protected":false},"excerpt":{"rendered":"<p>Ecce Rothko l&rsquo;\u00e9motion en cubes et couleurs .La Fondation Louis Vuitton expose l&rsquo;art du ma\u00eetre de l&rsquo;abstraction dans un parcours chronologique ponctu\u00e9 de citations et de r\u00e9f\u00e9rences \u00e0 la musique et \u00e0 la philosophie<\/p>\n","protected":false},"author":1,"featured_media":0,"comment_status":"open","ping_status":"open","sticky":false,"template":"","format":"standard","meta":{"footnotes":""},"categories":[4],"tags":[2384,22,448,3202,68,3511,3510,4365,4366],"class_list":["post-15793","post","type-post","status-publish","format-standard","hentry","category-blog","tag-abstraction","tag-art","tag-art-contemporain","tag-expo","tag-exposition","tag-exposition-fondation-louis-vuitton","tag-fondation-louis-vuitton","tag-mark-rothko","tag-peinture-abstraite"],"yoast_head":"<!-- This site is optimized with the Yoast SEO plugin v27.5 - https:\/\/yoast.com\/product\/yoast-seo-wordpress\/ -->\n<title>Ecce Rothko l&#039;\u00e9motion en cubes et couleurs - FineLife.tv<\/title>\n<meta name=\"description\" content=\"Ecce Rothko l&#039;\u00e9motion en cubes et couleurs .La Fondation Louis Vuitton expose l&#039;art du ma\u00eetre de l&#039;abstraction dans un parcours chronologique ponctu\u00e9 de citations et de r\u00e9f\u00e9rences \u00e0 la musique et \u00e0 la philosophie.\" \/>\n<meta name=\"robots\" content=\"index, follow, max-snippet:-1, max-image-preview:large, max-video-preview:-1\" \/>\n<link rel=\"canonical\" href=\"https:\/\/finelife.tv\/fr\/2023\/11\/01\/ecce-rothko-lemotion-en-cubes-et-couleurs\/\" \/>\n<meta property=\"og:locale\" content=\"fr_FR\" \/>\n<meta property=\"og:type\" content=\"article\" \/>\n<meta property=\"og:title\" content=\"Ecce Rothko l&#039;\u00e9motion en cubes et couleurs - FineLife.tv\" \/>\n<meta property=\"og:description\" content=\"Ecce Rothko l&#039;\u00e9motion en cubes et couleurs .La Fondation Louis Vuitton expose l&#039;art du ma\u00eetre de l&#039;abstraction dans un parcours chronologique ponctu\u00e9 de citations et de r\u00e9f\u00e9rences \u00e0 la musique et \u00e0 la philosophie.\" \/>\n<meta property=\"og:url\" content=\"https:\/\/finelife.tv\/fr\/2023\/11\/01\/ecce-rothko-lemotion-en-cubes-et-couleurs\/\" \/>\n<meta property=\"og:site_name\" content=\"FineLife.tv\" \/>\n<meta property=\"article:published_time\" content=\"2023-11-01T19:26:47+00:00\" \/>\n<meta property=\"article:modified_time\" content=\"2025-08-09T17:34:27+00:00\" \/>\n<meta property=\"og:image\" content=\"https:\/\/finelife.tv\/fr\/wp-content\/uploads\/2023\/11\/img-src-22https-finelife.tvimage.jpg-alt-22Ecce-Rothko-l-emotion-en-cubes-et-couleurs22-scaled.jpg\" \/>\n\t<meta property=\"og:image:width\" content=\"1920\" \/>\n\t<meta property=\"og:image:height\" content=\"2560\" \/>\n\t<meta property=\"og:image:type\" content=\"image\/jpeg\" \/>\n<meta name=\"author\" content=\"Leonore\" \/>\n<meta name=\"twitter:card\" content=\"summary_large_image\" \/>\n<meta name=\"twitter:creator\" content=\"@finelifetv\" \/>\n<meta name=\"twitter:site\" content=\"@finelifetv\" \/>\n<meta name=\"twitter:label1\" content=\"\u00c9crit par\" \/>\n\t<meta name=\"twitter:data1\" content=\"Leonore\" \/>\n\t<meta name=\"twitter:label2\" content=\"Dur\u00e9e de lecture estim\u00e9e\" \/>\n\t<meta name=\"twitter:data2\" content=\"9 minutes\" \/>\n<script type=\"application\/ld+json\" class=\"yoast-schema-graph\">{\"@context\":\"https:\\\/\\\/schema.org\",\"@graph\":[{\"@type\":\"Article\",\"@id\":\"https:\\\/\\\/finelife.tv\\\/fr\\\/2023\\\/11\\\/01\\\/ecce-rothko-lemotion-en-cubes-et-couleurs\\\/#article\",\"isPartOf\":{\"@id\":\"https:\\\/\\\/finelife.tv\\\/fr\\\/2023\\\/11\\\/01\\\/ecce-rothko-lemotion-en-cubes-et-couleurs\\\/\"},\"author\":{\"name\":\"Leonore\",\"@id\":\"https:\\\/\\\/finelife.tv\\\/fr\\\/#\\\/schema\\\/person\\\/e3d980b0c0b3dc5af01c3455893c8c52\"},\"headline\":\"Ecce Rothko l&rsquo;\u00e9motion en cubes et couleurs\",\"datePublished\":\"2023-11-01T19:26:47+00:00\",\"dateModified\":\"2025-08-09T17:34:27+00:00\",\"mainEntityOfPage\":{\"@id\":\"https:\\\/\\\/finelife.tv\\\/fr\\\/2023\\\/11\\\/01\\\/ecce-rothko-lemotion-en-cubes-et-couleurs\\\/\"},\"wordCount\":1525,\"commentCount\":2,\"image\":{\"@id\":\"https:\\\/\\\/finelife.tv\\\/fr\\\/2023\\\/11\\\/01\\\/ecce-rothko-lemotion-en-cubes-et-couleurs\\\/#primaryimage\"},\"thumbnailUrl\":\"https:\\\/\\\/finelife.tv\\\/fr\\\/wp-content\\\/uploads\\\/2023\\\/11\\\/img-src-22https-finelife.tvimage.jpg-alt-22Ecce-Rothko-l-emotion-en-cubes-et-couleurs22-768x1024.jpg\",\"keywords\":[\"abstraction\",\"art\",\"art contemporain\",\"expo\",\"exposition\",\"exposition fondation Louis Vuitton\",\"fondation Louis Vuitton\",\"MARK ROTHKO\",\"peinture abstraite\"],\"articleSection\":[\"Blog\"],\"inLanguage\":\"fr-FR\",\"potentialAction\":[{\"@type\":\"CommentAction\",\"name\":\"Comment\",\"target\":[\"https:\\\/\\\/finelife.tv\\\/fr\\\/2023\\\/11\\\/01\\\/ecce-rothko-lemotion-en-cubes-et-couleurs\\\/#respond\"]}]},{\"@type\":\"WebPage\",\"@id\":\"https:\\\/\\\/finelife.tv\\\/fr\\\/2023\\\/11\\\/01\\\/ecce-rothko-lemotion-en-cubes-et-couleurs\\\/\",\"url\":\"https:\\\/\\\/finelife.tv\\\/fr\\\/2023\\\/11\\\/01\\\/ecce-rothko-lemotion-en-cubes-et-couleurs\\\/\",\"name\":\"Ecce Rothko l'\u00e9motion en cubes et couleurs - FineLife.tv\",\"isPartOf\":{\"@id\":\"https:\\\/\\\/finelife.tv\\\/fr\\\/#website\"},\"primaryImageOfPage\":{\"@id\":\"https:\\\/\\\/finelife.tv\\\/fr\\\/2023\\\/11\\\/01\\\/ecce-rothko-lemotion-en-cubes-et-couleurs\\\/#primaryimage\"},\"image\":{\"@id\":\"https:\\\/\\\/finelife.tv\\\/fr\\\/2023\\\/11\\\/01\\\/ecce-rothko-lemotion-en-cubes-et-couleurs\\\/#primaryimage\"},\"thumbnailUrl\":\"https:\\\/\\\/finelife.tv\\\/fr\\\/wp-content\\\/uploads\\\/2023\\\/11\\\/img-src-22https-finelife.tvimage.jpg-alt-22Ecce-Rothko-l-emotion-en-cubes-et-couleurs22-768x1024.jpg\",\"datePublished\":\"2023-11-01T19:26:47+00:00\",\"dateModified\":\"2025-08-09T17:34:27+00:00\",\"author\":{\"@id\":\"https:\\\/\\\/finelife.tv\\\/fr\\\/#\\\/schema\\\/person\\\/e3d980b0c0b3dc5af01c3455893c8c52\"},\"description\":\"Ecce Rothko l'\u00e9motion en cubes et couleurs .La Fondation Louis Vuitton expose l'art du ma\u00eetre de l'abstraction dans un parcours chronologique ponctu\u00e9 de citations et de r\u00e9f\u00e9rences \u00e0 la musique et \u00e0 la philosophie.\",\"breadcrumb\":{\"@id\":\"https:\\\/\\\/finelife.tv\\\/fr\\\/2023\\\/11\\\/01\\\/ecce-rothko-lemotion-en-cubes-et-couleurs\\\/#breadcrumb\"},\"inLanguage\":\"fr-FR\",\"potentialAction\":[{\"@type\":\"ReadAction\",\"target\":[\"https:\\\/\\\/finelife.tv\\\/fr\\\/2023\\\/11\\\/01\\\/ecce-rothko-lemotion-en-cubes-et-couleurs\\\/\"]}]},{\"@type\":\"ImageObject\",\"inLanguage\":\"fr-FR\",\"@id\":\"https:\\\/\\\/finelife.tv\\\/fr\\\/2023\\\/11\\\/01\\\/ecce-rothko-lemotion-en-cubes-et-couleurs\\\/#primaryimage\",\"url\":\"https:\\\/\\\/finelife.tv\\\/fr\\\/wp-content\\\/uploads\\\/2023\\\/11\\\/img-src-22https-finelife.tvimage.jpg-alt-22Ecce-Rothko-l-emotion-en-cubes-et-couleurs22-scaled.jpg\",\"contentUrl\":\"https:\\\/\\\/finelife.tv\\\/fr\\\/wp-content\\\/uploads\\\/2023\\\/11\\\/img-src-22https-finelife.tvimage.jpg-alt-22Ecce-Rothko-l-emotion-en-cubes-et-couleurs22-scaled.jpg\",\"width\":1920,\"height\":2560},{\"@type\":\"BreadcrumbList\",\"@id\":\"https:\\\/\\\/finelife.tv\\\/fr\\\/2023\\\/11\\\/01\\\/ecce-rothko-lemotion-en-cubes-et-couleurs\\\/#breadcrumb\",\"itemListElement\":[{\"@type\":\"ListItem\",\"position\":1,\"name\":\"Accueil\",\"item\":\"https:\\\/\\\/finelife.tv\\\/fr\\\/\"},{\"@type\":\"ListItem\",\"position\":2,\"name\":\"Ecce Rothko l&rsquo;\u00e9motion en cubes et couleurs\"}]},{\"@type\":\"WebSite\",\"@id\":\"https:\\\/\\\/finelife.tv\\\/fr\\\/#website\",\"url\":\"https:\\\/\\\/finelife.tv\\\/fr\\\/\",\"name\":\"FineLife.tv\",\"description\":\"Quand l&#039;Art de vivre croise l&#039;Art de penser\",\"potentialAction\":[{\"@type\":\"SearchAction\",\"target\":{\"@type\":\"EntryPoint\",\"urlTemplate\":\"https:\\\/\\\/finelife.tv\\\/fr\\\/?s={search_term_string}\"},\"query-input\":{\"@type\":\"PropertyValueSpecification\",\"valueRequired\":true,\"valueName\":\"search_term_string\"}}],\"inLanguage\":\"fr-FR\"},{\"@type\":\"Person\",\"@id\":\"https:\\\/\\\/finelife.tv\\\/fr\\\/#\\\/schema\\\/person\\\/e3d980b0c0b3dc5af01c3455893c8c52\",\"name\":\"Leonore\",\"image\":{\"@type\":\"ImageObject\",\"inLanguage\":\"fr-FR\",\"@id\":\"https:\\\/\\\/secure.gravatar.com\\\/avatar\\\/9a2e5073417479f910ffdeee54da5ccf4f91eab62746ce0ae0e81124a9491a79?s=96&d=mm&r=g\",\"url\":\"https:\\\/\\\/secure.gravatar.com\\\/avatar\\\/9a2e5073417479f910ffdeee54da5ccf4f91eab62746ce0ae0e81124a9491a79?s=96&d=mm&r=g\",\"contentUrl\":\"https:\\\/\\\/secure.gravatar.com\\\/avatar\\\/9a2e5073417479f910ffdeee54da5ccf4f91eab62746ce0ae0e81124a9491a79?s=96&d=mm&r=g\",\"caption\":\"Leonore\"}}]}<\/script>\n<!-- \/ Yoast SEO plugin. -->","yoast_head_json":{"title":"Ecce Rothko l'\u00e9motion en cubes et couleurs - FineLife.tv","description":"Ecce Rothko l'\u00e9motion en cubes et couleurs .La Fondation Louis Vuitton expose l'art du ma\u00eetre de l'abstraction dans un parcours chronologique ponctu\u00e9 de citations et de r\u00e9f\u00e9rences \u00e0 la musique et \u00e0 la philosophie.","robots":{"index":"index","follow":"follow","max-snippet":"max-snippet:-1","max-image-preview":"max-image-preview:large","max-video-preview":"max-video-preview:-1"},"canonical":"https:\/\/finelife.tv\/fr\/2023\/11\/01\/ecce-rothko-lemotion-en-cubes-et-couleurs\/","og_locale":"fr_FR","og_type":"article","og_title":"Ecce Rothko l'\u00e9motion en cubes et couleurs - FineLife.tv","og_description":"Ecce Rothko l'\u00e9motion en cubes et couleurs .La Fondation Louis Vuitton expose l'art du ma\u00eetre de l'abstraction dans un parcours chronologique ponctu\u00e9 de citations et de r\u00e9f\u00e9rences \u00e0 la musique et \u00e0 la philosophie.","og_url":"https:\/\/finelife.tv\/fr\/2023\/11\/01\/ecce-rothko-lemotion-en-cubes-et-couleurs\/","og_site_name":"FineLife.tv","article_published_time":"2023-11-01T19:26:47+00:00","article_modified_time":"2025-08-09T17:34:27+00:00","og_image":[{"width":1920,"height":2560,"url":"https:\/\/finelife.tv\/fr\/wp-content\/uploads\/2023\/11\/img-src-22https-finelife.tvimage.jpg-alt-22Ecce-Rothko-l-emotion-en-cubes-et-couleurs22-scaled.jpg","type":"image\/jpeg"}],"author":"Leonore","twitter_card":"summary_large_image","twitter_creator":"@finelifetv","twitter_site":"@finelifetv","twitter_misc":{"\u00c9crit par":"Leonore","Dur\u00e9e de lecture estim\u00e9e":"9 minutes"},"schema":{"@context":"https:\/\/schema.org","@graph":[{"@type":"Article","@id":"https:\/\/finelife.tv\/fr\/2023\/11\/01\/ecce-rothko-lemotion-en-cubes-et-couleurs\/#article","isPartOf":{"@id":"https:\/\/finelife.tv\/fr\/2023\/11\/01\/ecce-rothko-lemotion-en-cubes-et-couleurs\/"},"author":{"name":"Leonore","@id":"https:\/\/finelife.tv\/fr\/#\/schema\/person\/e3d980b0c0b3dc5af01c3455893c8c52"},"headline":"Ecce Rothko l&rsquo;\u00e9motion en cubes et couleurs","datePublished":"2023-11-01T19:26:47+00:00","dateModified":"2025-08-09T17:34:27+00:00","mainEntityOfPage":{"@id":"https:\/\/finelife.tv\/fr\/2023\/11\/01\/ecce-rothko-lemotion-en-cubes-et-couleurs\/"},"wordCount":1525,"commentCount":2,"image":{"@id":"https:\/\/finelife.tv\/fr\/2023\/11\/01\/ecce-rothko-lemotion-en-cubes-et-couleurs\/#primaryimage"},"thumbnailUrl":"https:\/\/finelife.tv\/fr\/wp-content\/uploads\/2023\/11\/img-src-22https-finelife.tvimage.jpg-alt-22Ecce-Rothko-l-emotion-en-cubes-et-couleurs22-768x1024.jpg","keywords":["abstraction","art","art contemporain","expo","exposition","exposition fondation Louis Vuitton","fondation Louis Vuitton","MARK ROTHKO","peinture abstraite"],"articleSection":["Blog"],"inLanguage":"fr-FR","potentialAction":[{"@type":"CommentAction","name":"Comment","target":["https:\/\/finelife.tv\/fr\/2023\/11\/01\/ecce-rothko-lemotion-en-cubes-et-couleurs\/#respond"]}]},{"@type":"WebPage","@id":"https:\/\/finelife.tv\/fr\/2023\/11\/01\/ecce-rothko-lemotion-en-cubes-et-couleurs\/","url":"https:\/\/finelife.tv\/fr\/2023\/11\/01\/ecce-rothko-lemotion-en-cubes-et-couleurs\/","name":"Ecce Rothko l'\u00e9motion en cubes et couleurs - FineLife.tv","isPartOf":{"@id":"https:\/\/finelife.tv\/fr\/#website"},"primaryImageOfPage":{"@id":"https:\/\/finelife.tv\/fr\/2023\/11\/01\/ecce-rothko-lemotion-en-cubes-et-couleurs\/#primaryimage"},"image":{"@id":"https:\/\/finelife.tv\/fr\/2023\/11\/01\/ecce-rothko-lemotion-en-cubes-et-couleurs\/#primaryimage"},"thumbnailUrl":"https:\/\/finelife.tv\/fr\/wp-content\/uploads\/2023\/11\/img-src-22https-finelife.tvimage.jpg-alt-22Ecce-Rothko-l-emotion-en-cubes-et-couleurs22-768x1024.jpg","datePublished":"2023-11-01T19:26:47+00:00","dateModified":"2025-08-09T17:34:27+00:00","author":{"@id":"https:\/\/finelife.tv\/fr\/#\/schema\/person\/e3d980b0c0b3dc5af01c3455893c8c52"},"description":"Ecce Rothko l'\u00e9motion en cubes et couleurs .La Fondation Louis Vuitton expose l'art du ma\u00eetre de l'abstraction dans un parcours chronologique ponctu\u00e9 de citations et de r\u00e9f\u00e9rences \u00e0 la musique et \u00e0 la philosophie.","breadcrumb":{"@id":"https:\/\/finelife.tv\/fr\/2023\/11\/01\/ecce-rothko-lemotion-en-cubes-et-couleurs\/#breadcrumb"},"inLanguage":"fr-FR","potentialAction":[{"@type":"ReadAction","target":["https:\/\/finelife.tv\/fr\/2023\/11\/01\/ecce-rothko-lemotion-en-cubes-et-couleurs\/"]}]},{"@type":"ImageObject","inLanguage":"fr-FR","@id":"https:\/\/finelife.tv\/fr\/2023\/11\/01\/ecce-rothko-lemotion-en-cubes-et-couleurs\/#primaryimage","url":"https:\/\/finelife.tv\/fr\/wp-content\/uploads\/2023\/11\/img-src-22https-finelife.tvimage.jpg-alt-22Ecce-Rothko-l-emotion-en-cubes-et-couleurs22-scaled.jpg","contentUrl":"https:\/\/finelife.tv\/fr\/wp-content\/uploads\/2023\/11\/img-src-22https-finelife.tvimage.jpg-alt-22Ecce-Rothko-l-emotion-en-cubes-et-couleurs22-scaled.jpg","width":1920,"height":2560},{"@type":"BreadcrumbList","@id":"https:\/\/finelife.tv\/fr\/2023\/11\/01\/ecce-rothko-lemotion-en-cubes-et-couleurs\/#breadcrumb","itemListElement":[{"@type":"ListItem","position":1,"name":"Accueil","item":"https:\/\/finelife.tv\/fr\/"},{"@type":"ListItem","position":2,"name":"Ecce Rothko l&rsquo;\u00e9motion en cubes et couleurs"}]},{"@type":"WebSite","@id":"https:\/\/finelife.tv\/fr\/#website","url":"https:\/\/finelife.tv\/fr\/","name":"FineLife.tv","description":"Quand l&#039;Art de vivre croise l&#039;Art de penser","potentialAction":[{"@type":"SearchAction","target":{"@type":"EntryPoint","urlTemplate":"https:\/\/finelife.tv\/fr\/?s={search_term_string}"},"query-input":{"@type":"PropertyValueSpecification","valueRequired":true,"valueName":"search_term_string"}}],"inLanguage":"fr-FR"},{"@type":"Person","@id":"https:\/\/finelife.tv\/fr\/#\/schema\/person\/e3d980b0c0b3dc5af01c3455893c8c52","name":"Leonore","image":{"@type":"ImageObject","inLanguage":"fr-FR","@id":"https:\/\/secure.gravatar.com\/avatar\/9a2e5073417479f910ffdeee54da5ccf4f91eab62746ce0ae0e81124a9491a79?s=96&d=mm&r=g","url":"https:\/\/secure.gravatar.com\/avatar\/9a2e5073417479f910ffdeee54da5ccf4f91eab62746ce0ae0e81124a9491a79?s=96&d=mm&r=g","contentUrl":"https:\/\/secure.gravatar.com\/avatar\/9a2e5073417479f910ffdeee54da5ccf4f91eab62746ce0ae0e81124a9491a79?s=96&d=mm&r=g","caption":"Leonore"}}]}},"_links":{"self":[{"href":"https:\/\/finelife.tv\/fr\/wp-json\/wp\/v2\/posts\/15793","targetHints":{"allow":["GET"]}}],"collection":[{"href":"https:\/\/finelife.tv\/fr\/wp-json\/wp\/v2\/posts"}],"about":[{"href":"https:\/\/finelife.tv\/fr\/wp-json\/wp\/v2\/types\/post"}],"author":[{"embeddable":true,"href":"https:\/\/finelife.tv\/fr\/wp-json\/wp\/v2\/users\/1"}],"replies":[{"embeddable":true,"href":"https:\/\/finelife.tv\/fr\/wp-json\/wp\/v2\/comments?post=15793"}],"version-history":[{"count":41,"href":"https:\/\/finelife.tv\/fr\/wp-json\/wp\/v2\/posts\/15793\/revisions"}],"predecessor-version":[{"id":24195,"href":"https:\/\/finelife.tv\/fr\/wp-json\/wp\/v2\/posts\/15793\/revisions\/24195"}],"wp:attachment":[{"href":"https:\/\/finelife.tv\/fr\/wp-json\/wp\/v2\/media?parent=15793"}],"wp:term":[{"taxonomy":"category","embeddable":true,"href":"https:\/\/finelife.tv\/fr\/wp-json\/wp\/v2\/categories?post=15793"},{"taxonomy":"post_tag","embeddable":true,"href":"https:\/\/finelife.tv\/fr\/wp-json\/wp\/v2\/tags?post=15793"}],"curies":[{"name":"wp","href":"https:\/\/api.w.org\/{rel}","templated":true}]}}