{"id":1688,"date":"2018-02-15T17:39:03","date_gmt":"2018-02-15T16:39:03","guid":{"rendered":"http:\/\/finelife.tv\/fr\/?p=1688"},"modified":"2024-04-04T21:23:30","modified_gmt":"2024-04-04T19:23:30","slug":"linstitut-giacometti-ouvrira-portes-20-juin-2018-a-paris","status":"publish","type":"post","link":"https:\/\/finelife.tv\/fr\/2018\/02\/15\/linstitut-giacometti-ouvrira-portes-20-juin-2018-a-paris\/","title":{"rendered":"L\u2019Institut Giacometti ouvrira ses portes le 20 juin 2018 \u00e0 Paris"},"content":{"rendered":"<div id=\"attachment_1690\" style=\"width: 310px\" class=\"wp-caption alignnone\"><img loading=\"lazy\" decoding=\"async\" aria-describedby=\"caption-attachment-1690\" class=\"size-medium wp-image-1690\" src=\"https:\/\/finelife.tv\/fr\/wp-content\/uploads\/2018\/02\/Institut-Giacometti-ouverture-20-juin-paris-finelifetv-300x200.jpg\" alt=\"\" width=\"300\" height=\"200\" srcset=\"https:\/\/finelife.tv\/fr\/wp-content\/uploads\/2018\/02\/Institut-Giacometti-ouverture-20-juin-paris-finelifetv-300x200.jpg 300w, https:\/\/finelife.tv\/fr\/wp-content\/uploads\/2018\/02\/Institut-Giacometti-ouverture-20-juin-paris-finelifetv-768x513.jpg 768w, https:\/\/finelife.tv\/fr\/wp-content\/uploads\/2018\/02\/Institut-Giacometti-ouverture-20-juin-paris-finelifetv.jpg 808w\" sizes=\"auto, (max-width: 300px) 100vw, 300px\" \/><p id=\"caption-attachment-1690\" class=\"wp-caption-text\">Alberto Giacometti dans son atelier &#8211; Photo Ernst Sheidegger Collection Fondation Giacometti, Paris<br \/>\u00a9 Succession Giacometti (Fondation Giacometti + ADAGP) Paris 2018<\/p><\/div>\n<p>Le sc\u00e9nographe et architecte Pascal Grasso a restaur\u00e9 l&rsquo;ancien atelier de l&rsquo;artiste-d\u00e9corateur Paul Follot situ\u00e9 dans un h\u00f4tel particulier Art Deco de Montparnasse.<br \/>\nC&rsquo;est dans ce quartier historique qu&rsquo;Alberto Giocometti a v\u00e9cu et travaill\u00e9. C&rsquo;est dans ce quartier qu&rsquo;ouvrira, le 20 juin prochain, l&rsquo;Institut \u00e9ponyme. ll s&rsquo;\u00e9tendra sur 350 m 2 et sera dirig\u00e9 par Catherine Grenier, directrice de la Fondation Giacometti depuis 2014.<\/p>\n<p>L&rsquo;institut Giacometti sera consacr\u00e9 \u00e0 l&rsquo;oeuvre du ma\u00eetre ainsi qu&rsquo;\u00e0 l&rsquo;exposition, la p\u00e9dagogie et la recherche en histoire de l&rsquo;art.<\/p>\n<p>Accessible sur rendez-vous, il offrira aux visiteurs une fid\u00e8le reconstitution de l&rsquo;atelier de l&rsquo;artiste. Sa veuve, Annette, a conserv\u00e9 l&rsquo;ensemble des \u00e9l\u00e9ments dont des \u0153uvres en pl\u00e2tre et terre tr\u00e8s fragiles, son mobilier et les c\u00e9l\u00e8bres murs peints.<\/p>\n<p>Un programme d&rsquo;expositions temporaires proposera un autre regard sur l&rsquo;\u0153uvre du sculpteur et un Cabinet d&rsquo; Art Graphique d\u00e9voilera une exceptionnelle collection de pr\u00e8s de 5000 dessins, de lithographies, mais aussi de nombreux carnets pour la plupart rest\u00e9s in\u00e9dits.<br \/>\nEnfin, l&rsquo;\u00c9cole des Modernit\u00e9s s&rsquo;efforcera \u00ab\u00a0de mieux faire comprendre une \u00e9poque d\u00e9cisive de l&rsquo;histoire de l&rsquo;art\u00a0\u00bb afin de susciter un regain int\u00e9r\u00eat et de nouvelles recherches.<\/p>\n<p>Il ne manque qu&rsquo;un hologramme !<\/p>\n\n\n<figure class=\"wp-block-embed is-type-wp-embed is-provider-finelife-tv wp-block-embed-finelife-tv\"><div class=\"wp-block-embed__wrapper\">\n<blockquote class=\"wp-embedded-content\" data-secret=\"nW1LnMOwCU\"><a href=\"https:\/\/finelife.tv\/fr\/2024\/04\/04\/art-brancusi-latelier-de-lepure-au-centre-pompidou\/\">Art Brancusi l&#8217;atelier de l&#8217;\u00e9pure au centre Pompidou<\/a><\/blockquote><iframe loading=\"lazy\" class=\"wp-embedded-content\" sandbox=\"allow-scripts\" security=\"restricted\" style=\"position: absolute; clip: rect(1px, 1px, 1px, 1px);\" title=\"\u00ab\u00a0Art Brancusi l&#8217;atelier de l&#8217;\u00e9pure au centre Pompidou\u00a0\u00bb &#8212; FineLife.tv\" src=\"https:\/\/finelife.tv\/fr\/2024\/04\/04\/art-brancusi-latelier-de-lepure-au-centre-pompidou\/embed\/#?secret=haQU0FmAcQ#?secret=nW1LnMOwCU\" data-secret=\"nW1LnMOwCU\" width=\"500\" height=\"282\" frameborder=\"0\" marginwidth=\"0\" marginheight=\"0\" scrolling=\"no\"><\/iframe>\n<\/div><\/figure>\n","protected":false},"excerpt":{"rendered":"<p>L&rsquo;Institut Giacometti ouvrira ses portes le 20 juin 2018 \u00e0 Paris. Il a pour objectif de renouveler le regard sur l\u2019\u0153uvre de l\u2019artiste et sur sa p\u00e9riode cr\u00e9atrice.<\/p>\n","protected":false},"author":1,"featured_media":0,"comment_status":"open","ping_status":"open","sticky":false,"template":"","format":"standard","meta":{"footnotes":""},"categories":[4],"tags":[527,761,22,765,763,760,762,764,539],"class_list":["post-1688","post","type-post","status-publish","format-standard","hentry","category-blog","tag-finelifetv","tag-alberto-giacometti","tag-art","tag-atelier-giacometti","tag-fondation-giacometti","tag-institut-giacometti","tag-institut-giacometti-paris","tag-ouverure-institut-giacometti","tag-sculpture"],"yoast_head":"<!-- This site is optimized with the Yoast SEO plugin v27.5 - https:\/\/yoast.com\/product\/yoast-seo-wordpress\/ -->\n<title>L\u2019Institut Giacometti ouvrira ses portes le 20 juin 2018 \u00e0 Paris - FineLife.tv<\/title>\n<meta name=\"robots\" content=\"index, follow, max-snippet:-1, max-image-preview:large, max-video-preview:-1\" \/>\n<link rel=\"canonical\" href=\"https:\/\/finelife.tv\/fr\/2018\/02\/15\/linstitut-giacometti-ouvrira-portes-20-juin-2018-a-paris\/\" \/>\n<meta property=\"og:locale\" content=\"fr_FR\" \/>\n<meta property=\"og:type\" content=\"article\" \/>\n<meta property=\"og:title\" content=\"L\u2019Institut Giacometti ouvrira ses portes le 20 juin 2018 \u00e0 Paris - FineLife.tv\" \/>\n<meta property=\"og:description\" content=\"L&#039;Institut Giacometti ouvrira ses portes le 20 juin 2018 \u00e0 Paris. Il a pour objectif de renouveler le regard sur l\u2019\u0153uvre de l\u2019artiste et sur sa p\u00e9riode cr\u00e9atrice.\" \/>\n<meta property=\"og:url\" content=\"https:\/\/finelife.tv\/fr\/2018\/02\/15\/linstitut-giacometti-ouvrira-portes-20-juin-2018-a-paris\/\" \/>\n<meta property=\"og:site_name\" content=\"FineLife.tv\" \/>\n<meta property=\"article:published_time\" content=\"2018-02-15T16:39:03+00:00\" \/>\n<meta property=\"article:modified_time\" content=\"2024-04-04T19:23:30+00:00\" \/>\n<meta property=\"og:image\" content=\"http:\/\/finelife.tv\/fr\/wp-content\/uploads\/2018\/02\/Institut-Giacometti-ouverture-20-juin-paris-finelifetv-300x200.jpg\" \/>\n<meta name=\"author\" content=\"Leonore\" \/>\n<meta name=\"twitter:card\" content=\"summary_large_image\" \/>\n<meta name=\"twitter:creator\" content=\"@finelifetv\" \/>\n<meta name=\"twitter:site\" content=\"@finelifetv\" \/>\n<meta name=\"twitter:label1\" content=\"\u00c9crit par\" \/>\n\t<meta name=\"twitter:data1\" content=\"Leonore\" \/>\n\t<meta name=\"twitter:label2\" content=\"Dur\u00e9e de lecture estim\u00e9e\" \/>\n\t<meta name=\"twitter:data2\" content=\"2 minutes\" \/>\n<script type=\"application\/ld+json\" class=\"yoast-schema-graph\">{\"@context\":\"https:\\\/\\\/schema.org\",\"@graph\":[{\"@type\":\"Article\",\"@id\":\"https:\\\/\\\/finelife.tv\\\/fr\\\/2018\\\/02\\\/15\\\/linstitut-giacometti-ouvrira-portes-20-juin-2018-a-paris\\\/#article\",\"isPartOf\":{\"@id\":\"https:\\\/\\\/finelife.tv\\\/fr\\\/2018\\\/02\\\/15\\\/linstitut-giacometti-ouvrira-portes-20-juin-2018-a-paris\\\/\"},\"author\":{\"name\":\"Leonore\",\"@id\":\"https:\\\/\\\/finelife.tv\\\/fr\\\/#\\\/schema\\\/person\\\/e3d980b0c0b3dc5af01c3455893c8c52\"},\"headline\":\"L\u2019Institut Giacometti ouvrira ses portes le 20 juin 2018 \u00e0 Paris\",\"datePublished\":\"2018-02-15T16:39:03+00:00\",\"dateModified\":\"2024-04-04T19:23:30+00:00\",\"mainEntityOfPage\":{\"@id\":\"https:\\\/\\\/finelife.tv\\\/fr\\\/2018\\\/02\\\/15\\\/linstitut-giacometti-ouvrira-portes-20-juin-2018-a-paris\\\/\"},\"wordCount\":268,\"commentCount\":2,\"image\":{\"@id\":\"https:\\\/\\\/finelife.tv\\\/fr\\\/2018\\\/02\\\/15\\\/linstitut-giacometti-ouvrira-portes-20-juin-2018-a-paris\\\/#primaryimage\"},\"thumbnailUrl\":\"http:\\\/\\\/finelife.tv\\\/fr\\\/wp-content\\\/uploads\\\/2018\\\/02\\\/Institut-Giacometti-ouverture-20-juin-paris-finelifetv-300x200.jpg\",\"keywords\":[\"#finelifetv\",\"Alberto Giacometti\",\"art\",\"atelier Giacometti\",\"fondation Giacometti\",\"Institut Giacometti\",\"Institut Giacometti paris\",\"ouverure Institut Giacometti\",\"sculpture\"],\"articleSection\":[\"Blog\"],\"inLanguage\":\"fr-FR\",\"potentialAction\":[{\"@type\":\"CommentAction\",\"name\":\"Comment\",\"target\":[\"https:\\\/\\\/finelife.tv\\\/fr\\\/2018\\\/02\\\/15\\\/linstitut-giacometti-ouvrira-portes-20-juin-2018-a-paris\\\/#respond\"]}]},{\"@type\":\"WebPage\",\"@id\":\"https:\\\/\\\/finelife.tv\\\/fr\\\/2018\\\/02\\\/15\\\/linstitut-giacometti-ouvrira-portes-20-juin-2018-a-paris\\\/\",\"url\":\"https:\\\/\\\/finelife.tv\\\/fr\\\/2018\\\/02\\\/15\\\/linstitut-giacometti-ouvrira-portes-20-juin-2018-a-paris\\\/\",\"name\":\"L\u2019Institut Giacometti ouvrira ses portes le 20 juin 2018 \u00e0 Paris - FineLife.tv\",\"isPartOf\":{\"@id\":\"https:\\\/\\\/finelife.tv\\\/fr\\\/#website\"},\"primaryImageOfPage\":{\"@id\":\"https:\\\/\\\/finelife.tv\\\/fr\\\/2018\\\/02\\\/15\\\/linstitut-giacometti-ouvrira-portes-20-juin-2018-a-paris\\\/#primaryimage\"},\"image\":{\"@id\":\"https:\\\/\\\/finelife.tv\\\/fr\\\/2018\\\/02\\\/15\\\/linstitut-giacometti-ouvrira-portes-20-juin-2018-a-paris\\\/#primaryimage\"},\"thumbnailUrl\":\"http:\\\/\\\/finelife.tv\\\/fr\\\/wp-content\\\/uploads\\\/2018\\\/02\\\/Institut-Giacometti-ouverture-20-juin-paris-finelifetv-300x200.jpg\",\"datePublished\":\"2018-02-15T16:39:03+00:00\",\"dateModified\":\"2024-04-04T19:23:30+00:00\",\"author\":{\"@id\":\"https:\\\/\\\/finelife.tv\\\/fr\\\/#\\\/schema\\\/person\\\/e3d980b0c0b3dc5af01c3455893c8c52\"},\"breadcrumb\":{\"@id\":\"https:\\\/\\\/finelife.tv\\\/fr\\\/2018\\\/02\\\/15\\\/linstitut-giacometti-ouvrira-portes-20-juin-2018-a-paris\\\/#breadcrumb\"},\"inLanguage\":\"fr-FR\",\"potentialAction\":[{\"@type\":\"ReadAction\",\"target\":[\"https:\\\/\\\/finelife.tv\\\/fr\\\/2018\\\/02\\\/15\\\/linstitut-giacometti-ouvrira-portes-20-juin-2018-a-paris\\\/\"]}]},{\"@type\":\"ImageObject\",\"inLanguage\":\"fr-FR\",\"@id\":\"https:\\\/\\\/finelife.tv\\\/fr\\\/2018\\\/02\\\/15\\\/linstitut-giacometti-ouvrira-portes-20-juin-2018-a-paris\\\/#primaryimage\",\"url\":\"http:\\\/\\\/finelife.tv\\\/fr\\\/wp-content\\\/uploads\\\/2018\\\/02\\\/Institut-Giacometti-ouverture-20-juin-paris-finelifetv-300x200.jpg\",\"contentUrl\":\"http:\\\/\\\/finelife.tv\\\/fr\\\/wp-content\\\/uploads\\\/2018\\\/02\\\/Institut-Giacometti-ouverture-20-juin-paris-finelifetv-300x200.jpg\"},{\"@type\":\"BreadcrumbList\",\"@id\":\"https:\\\/\\\/finelife.tv\\\/fr\\\/2018\\\/02\\\/15\\\/linstitut-giacometti-ouvrira-portes-20-juin-2018-a-paris\\\/#breadcrumb\",\"itemListElement\":[{\"@type\":\"ListItem\",\"position\":1,\"name\":\"Accueil\",\"item\":\"https:\\\/\\\/finelife.tv\\\/fr\\\/\"},{\"@type\":\"ListItem\",\"position\":2,\"name\":\"L\u2019Institut Giacometti ouvrira ses portes le 20 juin 2018 \u00e0 Paris\"}]},{\"@type\":\"WebSite\",\"@id\":\"https:\\\/\\\/finelife.tv\\\/fr\\\/#website\",\"url\":\"https:\\\/\\\/finelife.tv\\\/fr\\\/\",\"name\":\"FineLife.tv\",\"description\":\"Quand l&#039;Art de vivre croise l&#039;Art de penser\",\"potentialAction\":[{\"@type\":\"SearchAction\",\"target\":{\"@type\":\"EntryPoint\",\"urlTemplate\":\"https:\\\/\\\/finelife.tv\\\/fr\\\/?s={search_term_string}\"},\"query-input\":{\"@type\":\"PropertyValueSpecification\",\"valueRequired\":true,\"valueName\":\"search_term_string\"}}],\"inLanguage\":\"fr-FR\"},{\"@type\":\"Person\",\"@id\":\"https:\\\/\\\/finelife.tv\\\/fr\\\/#\\\/schema\\\/person\\\/e3d980b0c0b3dc5af01c3455893c8c52\",\"name\":\"Leonore\",\"image\":{\"@type\":\"ImageObject\",\"inLanguage\":\"fr-FR\",\"@id\":\"https:\\\/\\\/secure.gravatar.com\\\/avatar\\\/9a2e5073417479f910ffdeee54da5ccf4f91eab62746ce0ae0e81124a9491a79?s=96&d=mm&r=g\",\"url\":\"https:\\\/\\\/secure.gravatar.com\\\/avatar\\\/9a2e5073417479f910ffdeee54da5ccf4f91eab62746ce0ae0e81124a9491a79?s=96&d=mm&r=g\",\"contentUrl\":\"https:\\\/\\\/secure.gravatar.com\\\/avatar\\\/9a2e5073417479f910ffdeee54da5ccf4f91eab62746ce0ae0e81124a9491a79?s=96&d=mm&r=g\",\"caption\":\"Leonore\"}}]}<\/script>\n<!-- \/ Yoast SEO plugin. -->","yoast_head_json":{"title":"L\u2019Institut Giacometti ouvrira ses portes le 20 juin 2018 \u00e0 Paris - FineLife.tv","robots":{"index":"index","follow":"follow","max-snippet":"max-snippet:-1","max-image-preview":"max-image-preview:large","max-video-preview":"max-video-preview:-1"},"canonical":"https:\/\/finelife.tv\/fr\/2018\/02\/15\/linstitut-giacometti-ouvrira-portes-20-juin-2018-a-paris\/","og_locale":"fr_FR","og_type":"article","og_title":"L\u2019Institut Giacometti ouvrira ses portes le 20 juin 2018 \u00e0 Paris - FineLife.tv","og_description":"L'Institut Giacometti ouvrira ses portes le 20 juin 2018 \u00e0 Paris. Il a pour objectif de renouveler le regard sur l\u2019\u0153uvre de l\u2019artiste et sur sa p\u00e9riode cr\u00e9atrice.","og_url":"https:\/\/finelife.tv\/fr\/2018\/02\/15\/linstitut-giacometti-ouvrira-portes-20-juin-2018-a-paris\/","og_site_name":"FineLife.tv","article_published_time":"2018-02-15T16:39:03+00:00","article_modified_time":"2024-04-04T19:23:30+00:00","og_image":[{"url":"http:\/\/finelife.tv\/fr\/wp-content\/uploads\/2018\/02\/Institut-Giacometti-ouverture-20-juin-paris-finelifetv-300x200.jpg","type":"","width":"","height":""}],"author":"Leonore","twitter_card":"summary_large_image","twitter_creator":"@finelifetv","twitter_site":"@finelifetv","twitter_misc":{"\u00c9crit par":"Leonore","Dur\u00e9e de lecture estim\u00e9e":"2 minutes"},"schema":{"@context":"https:\/\/schema.org","@graph":[{"@type":"Article","@id":"https:\/\/finelife.tv\/fr\/2018\/02\/15\/linstitut-giacometti-ouvrira-portes-20-juin-2018-a-paris\/#article","isPartOf":{"@id":"https:\/\/finelife.tv\/fr\/2018\/02\/15\/linstitut-giacometti-ouvrira-portes-20-juin-2018-a-paris\/"},"author":{"name":"Leonore","@id":"https:\/\/finelife.tv\/fr\/#\/schema\/person\/e3d980b0c0b3dc5af01c3455893c8c52"},"headline":"L\u2019Institut Giacometti ouvrira ses portes le 20 juin 2018 \u00e0 Paris","datePublished":"2018-02-15T16:39:03+00:00","dateModified":"2024-04-04T19:23:30+00:00","mainEntityOfPage":{"@id":"https:\/\/finelife.tv\/fr\/2018\/02\/15\/linstitut-giacometti-ouvrira-portes-20-juin-2018-a-paris\/"},"wordCount":268,"commentCount":2,"image":{"@id":"https:\/\/finelife.tv\/fr\/2018\/02\/15\/linstitut-giacometti-ouvrira-portes-20-juin-2018-a-paris\/#primaryimage"},"thumbnailUrl":"http:\/\/finelife.tv\/fr\/wp-content\/uploads\/2018\/02\/Institut-Giacometti-ouverture-20-juin-paris-finelifetv-300x200.jpg","keywords":["#finelifetv","Alberto Giacometti","art","atelier Giacometti","fondation Giacometti","Institut Giacometti","Institut Giacometti paris","ouverure Institut Giacometti","sculpture"],"articleSection":["Blog"],"inLanguage":"fr-FR","potentialAction":[{"@type":"CommentAction","name":"Comment","target":["https:\/\/finelife.tv\/fr\/2018\/02\/15\/linstitut-giacometti-ouvrira-portes-20-juin-2018-a-paris\/#respond"]}]},{"@type":"WebPage","@id":"https:\/\/finelife.tv\/fr\/2018\/02\/15\/linstitut-giacometti-ouvrira-portes-20-juin-2018-a-paris\/","url":"https:\/\/finelife.tv\/fr\/2018\/02\/15\/linstitut-giacometti-ouvrira-portes-20-juin-2018-a-paris\/","name":"L\u2019Institut Giacometti ouvrira ses portes le 20 juin 2018 \u00e0 Paris - FineLife.tv","isPartOf":{"@id":"https:\/\/finelife.tv\/fr\/#website"},"primaryImageOfPage":{"@id":"https:\/\/finelife.tv\/fr\/2018\/02\/15\/linstitut-giacometti-ouvrira-portes-20-juin-2018-a-paris\/#primaryimage"},"image":{"@id":"https:\/\/finelife.tv\/fr\/2018\/02\/15\/linstitut-giacometti-ouvrira-portes-20-juin-2018-a-paris\/#primaryimage"},"thumbnailUrl":"http:\/\/finelife.tv\/fr\/wp-content\/uploads\/2018\/02\/Institut-Giacometti-ouverture-20-juin-paris-finelifetv-300x200.jpg","datePublished":"2018-02-15T16:39:03+00:00","dateModified":"2024-04-04T19:23:30+00:00","author":{"@id":"https:\/\/finelife.tv\/fr\/#\/schema\/person\/e3d980b0c0b3dc5af01c3455893c8c52"},"breadcrumb":{"@id":"https:\/\/finelife.tv\/fr\/2018\/02\/15\/linstitut-giacometti-ouvrira-portes-20-juin-2018-a-paris\/#breadcrumb"},"inLanguage":"fr-FR","potentialAction":[{"@type":"ReadAction","target":["https:\/\/finelife.tv\/fr\/2018\/02\/15\/linstitut-giacometti-ouvrira-portes-20-juin-2018-a-paris\/"]}]},{"@type":"ImageObject","inLanguage":"fr-FR","@id":"https:\/\/finelife.tv\/fr\/2018\/02\/15\/linstitut-giacometti-ouvrira-portes-20-juin-2018-a-paris\/#primaryimage","url":"http:\/\/finelife.tv\/fr\/wp-content\/uploads\/2018\/02\/Institut-Giacometti-ouverture-20-juin-paris-finelifetv-300x200.jpg","contentUrl":"http:\/\/finelife.tv\/fr\/wp-content\/uploads\/2018\/02\/Institut-Giacometti-ouverture-20-juin-paris-finelifetv-300x200.jpg"},{"@type":"BreadcrumbList","@id":"https:\/\/finelife.tv\/fr\/2018\/02\/15\/linstitut-giacometti-ouvrira-portes-20-juin-2018-a-paris\/#breadcrumb","itemListElement":[{"@type":"ListItem","position":1,"name":"Accueil","item":"https:\/\/finelife.tv\/fr\/"},{"@type":"ListItem","position":2,"name":"L\u2019Institut Giacometti ouvrira ses portes le 20 juin 2018 \u00e0 Paris"}]},{"@type":"WebSite","@id":"https:\/\/finelife.tv\/fr\/#website","url":"https:\/\/finelife.tv\/fr\/","name":"FineLife.tv","description":"Quand l&#039;Art de vivre croise l&#039;Art de penser","potentialAction":[{"@type":"SearchAction","target":{"@type":"EntryPoint","urlTemplate":"https:\/\/finelife.tv\/fr\/?s={search_term_string}"},"query-input":{"@type":"PropertyValueSpecification","valueRequired":true,"valueName":"search_term_string"}}],"inLanguage":"fr-FR"},{"@type":"Person","@id":"https:\/\/finelife.tv\/fr\/#\/schema\/person\/e3d980b0c0b3dc5af01c3455893c8c52","name":"Leonore","image":{"@type":"ImageObject","inLanguage":"fr-FR","@id":"https:\/\/secure.gravatar.com\/avatar\/9a2e5073417479f910ffdeee54da5ccf4f91eab62746ce0ae0e81124a9491a79?s=96&d=mm&r=g","url":"https:\/\/secure.gravatar.com\/avatar\/9a2e5073417479f910ffdeee54da5ccf4f91eab62746ce0ae0e81124a9491a79?s=96&d=mm&r=g","contentUrl":"https:\/\/secure.gravatar.com\/avatar\/9a2e5073417479f910ffdeee54da5ccf4f91eab62746ce0ae0e81124a9491a79?s=96&d=mm&r=g","caption":"Leonore"}}]}},"_links":{"self":[{"href":"https:\/\/finelife.tv\/fr\/wp-json\/wp\/v2\/posts\/1688","targetHints":{"allow":["GET"]}}],"collection":[{"href":"https:\/\/finelife.tv\/fr\/wp-json\/wp\/v2\/posts"}],"about":[{"href":"https:\/\/finelife.tv\/fr\/wp-json\/wp\/v2\/types\/post"}],"author":[{"embeddable":true,"href":"https:\/\/finelife.tv\/fr\/wp-json\/wp\/v2\/users\/1"}],"replies":[{"embeddable":true,"href":"https:\/\/finelife.tv\/fr\/wp-json\/wp\/v2\/comments?post=1688"}],"version-history":[{"count":10,"href":"https:\/\/finelife.tv\/fr\/wp-json\/wp\/v2\/posts\/1688\/revisions"}],"predecessor-version":[{"id":18257,"href":"https:\/\/finelife.tv\/fr\/wp-json\/wp\/v2\/posts\/1688\/revisions\/18257"}],"wp:attachment":[{"href":"https:\/\/finelife.tv\/fr\/wp-json\/wp\/v2\/media?parent=1688"}],"wp:term":[{"taxonomy":"category","embeddable":true,"href":"https:\/\/finelife.tv\/fr\/wp-json\/wp\/v2\/categories?post=1688"},{"taxonomy":"post_tag","embeddable":true,"href":"https:\/\/finelife.tv\/fr\/wp-json\/wp\/v2\/tags?post=1688"}],"curies":[{"name":"wp","href":"https:\/\/api.w.org\/{rel}","templated":true}]}}