{"id":17618,"date":"2024-02-19T19:42:56","date_gmt":"2024-02-19T18:42:56","guid":{"rendered":"https:\/\/finelife.tv\/fr\/?p=17618"},"modified":"2024-03-05T23:23:21","modified_gmt":"2024-03-05T22:23:21","slug":"expo-trace-bleu-architecture-verte-au-104paris","status":"publish","type":"post","link":"https:\/\/finelife.tv\/fr\/2024\/02\/19\/expo-trace-bleu-architecture-verte-au-104paris\/","title":{"rendered":"Expo Trac\u00e9 bleu architecture verte au 104Paris"},"content":{"rendered":"<div class=\"wp-block-image\">\n<figure class=\"aligncenter size-large\"><img loading=\"lazy\" decoding=\"async\" width=\"768\" height=\"1024\" src=\"https:\/\/finelife.tv\/fr\/wp-content\/uploads\/2024\/02\/img-src-22https-finelife.tvimage.jpg-alt-22Expo-Trace-bleu-architecture-verte-au-104Paris22-768x1024.jpg\" alt=\"\" class=\"wp-image-17629\" srcset=\"https:\/\/finelife.tv\/fr\/wp-content\/uploads\/2024\/02\/img-src-22https-finelife.tvimage.jpg-alt-22Expo-Trace-bleu-architecture-verte-au-104Paris22-768x1024.jpg 768w, https:\/\/finelife.tv\/fr\/wp-content\/uploads\/2024\/02\/img-src-22https-finelife.tvimage.jpg-alt-22Expo-Trace-bleu-architecture-verte-au-104Paris22-225x300.jpg 225w, https:\/\/finelife.tv\/fr\/wp-content\/uploads\/2024\/02\/img-src-22https-finelife.tvimage.jpg-alt-22Expo-Trace-bleu-architecture-verte-au-104Paris22-1152x1536.jpg 1152w, https:\/\/finelife.tv\/fr\/wp-content\/uploads\/2024\/02\/img-src-22https-finelife.tvimage.jpg-alt-22Expo-Trace-bleu-architecture-verte-au-104Paris22-1536x2048.jpg 1536w, https:\/\/finelife.tv\/fr\/wp-content\/uploads\/2024\/02\/img-src-22https-finelife.tvimage.jpg-alt-22Expo-Trace-bleu-architecture-verte-au-104Paris22-scaled.jpg 1920w\" sizes=\"auto, (max-width: 768px) 100vw, 768px\" \/><\/figure>\n<\/div>\n\n\n<p><strong>Expo Trac\u00e9 bleu architecture verte au 104Paris .L&rsquo;agence Architecturestudio imagine un parcours qui m\u00eale art, maquettes, dessins et installations ludiques pour c\u00e9l\u00e9brer l&rsquo;habitat issu de l&rsquo;\u00e9conomie bleue et mobiliser les imaginaires au service d&rsquo;une empathie avec le vivant<\/strong> <strong>comme de l&rsquo;urgence climatique. <\/strong><\/p>\n\n\n\n<p>Au CentQuatre, de dr\u00f4les de logo bleus sont pos\u00e9s sous la Halle Aubervilliers. On y passe la t\u00eate, on y marche ou bien on y va de son selfie. L&rsquo;\u0153uvre modulable de Krijr de Koning sert en fait d&rsquo;entr\u00e9e dans le Trac\u00e9 bleu, une exposition qui ouvre le monde pas si alternatif ni utopique de l&rsquo;\u00e9conomie bleue. <\/p>\n\n\n<div class=\"wp-block-image\">\n<figure class=\"aligncenter size-large\"><img loading=\"lazy\" decoding=\"async\" width=\"1024\" height=\"1005\" src=\"https:\/\/finelife.tv\/fr\/wp-content\/uploads\/2024\/02\/img-src-22https-finelife.tvimage.jpg-alt-22Expo-Trace-bleu-architecture-verte-au-104Paris-installation-Krijn-de-Koning22-1024x1005.jpg\" alt=\"\" class=\"wp-image-17630\" srcset=\"https:\/\/finelife.tv\/fr\/wp-content\/uploads\/2024\/02\/img-src-22https-finelife.tvimage.jpg-alt-22Expo-Trace-bleu-architecture-verte-au-104Paris-installation-Krijn-de-Koning22-1024x1005.jpg 1024w, https:\/\/finelife.tv\/fr\/wp-content\/uploads\/2024\/02\/img-src-22https-finelife.tvimage.jpg-alt-22Expo-Trace-bleu-architecture-verte-au-104Paris-installation-Krijn-de-Koning22-300x295.jpg 300w, https:\/\/finelife.tv\/fr\/wp-content\/uploads\/2024\/02\/img-src-22https-finelife.tvimage.jpg-alt-22Expo-Trace-bleu-architecture-verte-au-104Paris-installation-Krijn-de-Koning22-768x754.jpg 768w, https:\/\/finelife.tv\/fr\/wp-content\/uploads\/2024\/02\/img-src-22https-finelife.tvimage.jpg-alt-22Expo-Trace-bleu-architecture-verte-au-104Paris-installation-Krijn-de-Koning22-1536x1508.jpg 1536w, https:\/\/finelife.tv\/fr\/wp-content\/uploads\/2024\/02\/img-src-22https-finelife.tvimage.jpg-alt-22Expo-Trace-bleu-architecture-verte-au-104Paris-installation-Krijn-de-Koning22-2048x2011.jpg 2048w\" sizes=\"auto, (max-width: 1024px) 100vw, 1024px\" \/><figcaption class=\"wp-element-caption\">Entr\u00e9e de l&rsquo;exposition avec le cycle de l&rsquo;eau de Krijn de Koning<\/figcaption><\/figure>\n<\/div>\n\n\n<p>L&rsquo;\u00e9conomie bleue est \u00ab\u00a0l&rsquo;utilisation durable des ressources oc\u00e9aniques en faveur de la croissance \u00e9conomique, l&rsquo;am\u00e9lioration des revenus et des emplois, et la sant\u00e9 des \u00e9cosyst\u00e8mes oc\u00e9aniques\u00a0\u00bb selon <span class=\"ILfuVd\" lang=\"fr\"><span class=\"hgKElc\">la Banque mondiale<\/span><\/span>. Mais c&rsquo;est aussi une \u00e9conomie durable bas\u00e9e sur les principes de circularit\u00e9, d&rsquo;\u00e9nergies renouvelables et de low tech. <\/p>\n\n\n\n<p>Architecturestudio, un collectif multiculturel et engag\u00e9 de 150 architectes, concentre ces principes dans un Trac\u00e9 bleu. \u00c0 la fois livre et exposition itin\u00e9rante, le concept f\u00eate les 50 ans de l&rsquo;agence cr\u00e9\u00e9e en 1973. Apr\u00e8s la Biennale d&rsquo;architecture 2023 de Venise, Le trac\u00e9 Bleu s&rsquo;installe \u00e0 Paris avant de migrer \u00e0 Shanghai (Chine) puis \u00e0 Abidjan (C\u00f4te d&rsquo;Ivoire).<\/p>\n\n\n\n<p>En 2050, deux-tiers de la population mondiale habitera en ville. L&rsquo;architecture a donc une importance centrale dans ce monde de presque tout de suite. Une architecte durable et cr\u00e9ative. On le voit dans l&rsquo;exposition qui comprend 3 \u00e9tapes, Re.sourcer, R\u00e9.g\u00e9n\u00e9rer, R\u00e9-agir, et qui inclue l&rsquo;art pour ouvrir les imaginaires, insuffler un sentiment d&rsquo;urgence climatique, \u00e9tablir connexion et empathie avec le vivant.<\/p>\n\n\n\n<p><\/p>\n\n\n\n<h2 class=\"wp-block-heading\">Art : ouvrir les imaginaires et \u00e9veiller l&rsquo;urgence<\/h2>\n\n\n<div class=\"wp-block-image\">\n<figure class=\"aligncenter size-large\"><img loading=\"lazy\" decoding=\"async\" width=\"913\" height=\"1024\" src=\"https:\/\/finelife.tv\/fr\/wp-content\/uploads\/2024\/02\/img-src-22https-finelife.tvimage.jpg-alt-22Expo-Trace-bleu-architecture-verte-au-104Paris-grue-mine-de-charbon22-913x1024.jpg\" alt=\"\" class=\"wp-image-17631\" srcset=\"https:\/\/finelife.tv\/fr\/wp-content\/uploads\/2024\/02\/img-src-22https-finelife.tvimage.jpg-alt-22Expo-Trace-bleu-architecture-verte-au-104Paris-grue-mine-de-charbon22-913x1024.jpg 913w, https:\/\/finelife.tv\/fr\/wp-content\/uploads\/2024\/02\/img-src-22https-finelife.tvimage.jpg-alt-22Expo-Trace-bleu-architecture-verte-au-104Paris-grue-mine-de-charbon22-268x300.jpg 268w, https:\/\/finelife.tv\/fr\/wp-content\/uploads\/2024\/02\/img-src-22https-finelife.tvimage.jpg-alt-22Expo-Trace-bleu-architecture-verte-au-104Paris-grue-mine-de-charbon22-768x861.jpg 768w, https:\/\/finelife.tv\/fr\/wp-content\/uploads\/2024\/02\/img-src-22https-finelife.tvimage.jpg-alt-22Expo-Trace-bleu-architecture-verte-au-104Paris-grue-mine-de-charbon22-1370x1536.jpg 1370w, https:\/\/finelife.tv\/fr\/wp-content\/uploads\/2024\/02\/img-src-22https-finelife.tvimage.jpg-alt-22Expo-Trace-bleu-architecture-verte-au-104Paris-grue-mine-de-charbon22-1826x2048.jpg 1826w\" sizes=\"auto, (max-width: 913px) 100vw, 913px\" \/><figcaption class=\"wp-element-caption\">Grue excavatrice dans la plus grande mine de charbon d&rsquo;Europe (Hambach-Allemagne) &#8211; Slow violence film de Joanie Lemercier <\/figcaption><\/figure>\n<\/div>\n\n\n<p>La premi\u00e8re vid\u00e9o utilise toute la puissance de l&rsquo;\u00e9motion. Slow violence a l&rsquo;impact  d&rsquo;un coup de poing. Le d\u00e9but du film nous immerge dans une for\u00eat presque irr\u00e9elle de beaut\u00e9. Celle de Hambach, en Allemagne. L&rsquo;artiste fran\u00e7ais Joanie Lemercier s&rsquo;attarde sur le fourmillement de vies, joue sur les effets de lumi\u00e8re. Ensuite arrive la violence brute. Sous diff\u00e9rents angles, le r\u00e9alisateur suit les m\u00e2choires d&rsquo;immenses excavatrices. Elles mordent la terre, raclent les sols. Elles ont d\u00e9truit pr\u00e8s de 80% de la for\u00eat ainsi qu&rsquo;une \u00e9glise. St\u00e9phane Bern ne serait pas content. Aujourd&rsquo;hui \u00e0 la place de la for\u00eat, la plus grande mine de charbon d&rsquo;Europe crache des fum\u00e9es grises, noires, blanches. Une palette de pollution.<\/p>\n\n\n\n<figure class=\"wp-block-video\"><video height=\"480\" style=\"aspect-ratio: 384 \/ 480;\" width=\"384\" controls src=\"https:\/\/finelife.tv\/fr\/wp-content\/uploads\/2024\/02\/img-src-22https-finelife.tvimage.jpg-alt-22Expo-Trace-bleu-architecture-verte-au-104Paris-video-poisson-jonathas-de-andrade22.mov\"><\/video><figcaption class=\"wp-element-caption\">O Peixe film de Jonathas de Andrade sur un village de p\u00eacheurs br\u00e9siliens du Nordeste<\/figcaption><\/figure>\n\n\n\n<p>\u00c0 la brutalit\u00e9 succ\u00e8de la douceur. Celle de p\u00eacheurs du Nordeste br\u00e9silien. L&rsquo;\u00e9tonnante vid\u00e9o de Jonathas de Andrade montre les hommes caressant des poissons peut-\u00eatre pour rendre leur mort plus douce. Un animisme en symbiose avec le vivant.<\/p>\n\n\n\n<h2 class=\"wp-block-heading\">Maquettes, dessins, jeux autour d&rsquo;une architecture durable<\/h2>\n\n\n\n<p>Les salles suivantes montrent certaines r\u00e9alisations du collectif Architecturestudio. Notamment en France. Avec le palais de justice de Saint-Laurent du Maroni (Guyane) film\u00e9 par Serge Bloch. Ou encore avec la maquette de la future gare de Bobigny-Pablo Picasso son toit v\u00e9g\u00e9talis\u00e9 et son parvis paysager. Celle aussi du secteur demi-lune \u00e0 La D\u00e9fense avec sa transformation de l&rsquo;existant, parc et espaces verts compris.<\/p>\n\n\n<div class=\"wp-block-image\">\n<figure class=\"aligncenter size-large\"><img loading=\"lazy\" decoding=\"async\" width=\"768\" height=\"1024\" src=\"https:\/\/finelife.tv\/fr\/wp-content\/uploads\/2024\/02\/img-src-22https-finelife.tvimage.jpg-alt-22Expo-Trace-bleu-architecture-verte-au-104Paris-architecturestudio22-768x1024.jpg\" alt=\"\" class=\"wp-image-17636\" srcset=\"https:\/\/finelife.tv\/fr\/wp-content\/uploads\/2024\/02\/img-src-22https-finelife.tvimage.jpg-alt-22Expo-Trace-bleu-architecture-verte-au-104Paris-architecturestudio22-768x1024.jpg 768w, https:\/\/finelife.tv\/fr\/wp-content\/uploads\/2024\/02\/img-src-22https-finelife.tvimage.jpg-alt-22Expo-Trace-bleu-architecture-verte-au-104Paris-architecturestudio22-225x300.jpg 225w, https:\/\/finelife.tv\/fr\/wp-content\/uploads\/2024\/02\/img-src-22https-finelife.tvimage.jpg-alt-22Expo-Trace-bleu-architecture-verte-au-104Paris-architecturestudio22-1152x1536.jpg 1152w, https:\/\/finelife.tv\/fr\/wp-content\/uploads\/2024\/02\/img-src-22https-finelife.tvimage.jpg-alt-22Expo-Trace-bleu-architecture-verte-au-104Paris-architecturestudio22-1536x2048.jpg 1536w, https:\/\/finelife.tv\/fr\/wp-content\/uploads\/2024\/02\/img-src-22https-finelife.tvimage.jpg-alt-22Expo-Trace-bleu-architecture-verte-au-104Paris-architecturestudio22-scaled.jpg 1920w\" sizes=\"auto, (max-width: 768px) 100vw, 768px\" \/><figcaption class=\"wp-element-caption\">R\u00e9alisation d&rsquo;Artchitecturesudio et fragments de Serge Bloch<\/figcaption><\/figure>\n<\/div>\n\n\n<p>Serge Bloch pars\u00e8me l&rsquo;exposition de dessins, picto et textes. Bleus, \u00e9videmment. Une signal\u00e9tique \u00e0 la fois dr\u00f4le et informative qui court jusqu&rsquo;\u00e0 la derni\u00e8re salle : R\u00e9.agir. Car Architecturestudio appelle \u00e0 la r\u00e9action. Les projets se font en concertation avec les habitants avec le souci de l&rsquo;avenir. Et, au CentQuatre, le jeu est l\u00e0 pour impliquer. On remarque le tr\u00e8s ludique g\u00e9n\u00e9rateur d&rsquo;histoires de Val\u00e9rie Mr\u00e9jen. \u00ab\u00a0Mon habitat id\u00e9al c&rsquo;est &#8230;\u00a0\u00bb. \u00c0 vous de d\u00e9cider comment vous habiterez le monde les cinquante prochaines ann\u00e9es. Le r\u00e9sultat est \u00e9pingl\u00e9 au mur. Interaction aussi avec un jeu collectif qui invite \u00e0 construire sa maison de demain.<\/p>\n\n\n\n<p>Que faire en ce lieu \u00e0 moins que l&rsquo;on y songe ? D\u00e9tournant Jean de la Fontaine, Architecturestudio et le CentQuatre convoquent un r\u00eave participatif pour passer d&rsquo;une architecture de pr\u00e9dateurs  \u00e0 une urbanisation r\u00e9g\u00e9n\u00e9ratrice. Reste \u00e0 savoir si en France, renoncer au pavillon, r\u00eave issu des Trente glorieuses, se fera de mani\u00e8re ludique.  <\/p>\n\n\n\n<h2 class=\"wp-block-heading has-text-align-center\">INFOS<\/h2>\n\n\n\n<p><strong>Exposition Trac\u00e9 Bleu<\/strong><\/p>\n\n\n\n<p>5 rue Curial &#8211; 75019 Paris<\/p>\n\n\n\n<p>Jusqu&rsquo;au 10 mars 2023<\/p>\n\n\n\n<p>Attention, les horaires sont diff\u00e9rents de ceux du CENTQUATRE-PARIS :<strong><br>mercredi &gt; dimanche : 14h &gt; 19h<br>ouvertures exceptionnelles les mardis 13 et 30.02<\/strong><\/p>\n\n\n\n<p><strong><a href=\"https:\/\/www.104.fr\/\">CENTQUATREParis<\/a><\/strong><\/p>\n\n\n\n<p>Related article Expo Trac\u00e9 bleu architecture verte au 104Paris<\/p>\n\n\n\n<p><strong><a href=\"https:\/\/finelife.tv\/fr\/2022\/10\/15\/global-award-for-sustainable-architecture-2022-les-5-laureats\/\">Global award for sustainable architecture 2022 les 5 laur\u00e9ats<\/a><\/strong><\/p>\n","protected":false},"excerpt":{"rendered":"<p>Expo Trac\u00e9 bleu architecture verte au 104Paris .L&rsquo;agence Architecturestudio imagine un parcours qui m\u00eale art, maquettes, dessins et installations ludiques pour c\u00e9l\u00e9brer l&rsquo;habitat issu de l&rsquo;\u00e9conomie bleue et mobiliser les imaginaires au service de l&rsquo;urgence climatique<\/p>\n","protected":false},"author":1,"featured_media":0,"comment_status":"open","ping_status":"open","sticky":false,"template":"","format":"standard","meta":{"footnotes":""},"categories":[4],"tags":[3641,21,4616,4620,22,3640,2869,68,4621,4618],"class_list":["post-17618","post","type-post","status-publish","format-standard","hentry","category-blog","tag-104paris","tag-architecture","tag-architecture-durable","tag-architecturestudio","tag-art","tag-centquatreparis","tag-climat","tag-exposition","tag-exposition-architecture","tag-exposition-trace-bleu"],"yoast_head":"<!-- This site is optimized with the Yoast SEO plugin v27.5 - https:\/\/yoast.com\/product\/yoast-seo-wordpress\/ -->\n<title>Expo Trac\u00e9 bleu architecture verte au 104Paris - FineLife.tv<\/title>\n<meta name=\"description\" content=\"Expo Trac\u00e9 bleu architecture verte au 104Paris . Architecturestudio imagine un parcours art, maquettes, jeux pour servir l&#039;habitat durable\" \/>\n<meta name=\"robots\" content=\"index, follow, max-snippet:-1, max-image-preview:large, max-video-preview:-1\" \/>\n<link rel=\"canonical\" href=\"https:\/\/finelife.tv\/fr\/2024\/02\/19\/expo-trace-bleu-architecture-verte-au-104paris\/\" \/>\n<meta property=\"og:locale\" content=\"fr_FR\" \/>\n<meta property=\"og:type\" content=\"article\" \/>\n<meta property=\"og:title\" content=\"Expo Trac\u00e9 bleu architecture verte au 104Paris - FineLife.tv\" \/>\n<meta property=\"og:description\" content=\"Expo Trac\u00e9 bleu architecture verte au 104Paris . Architecturestudio imagine un parcours art, maquettes, jeux pour servir l&#039;habitat durable\" \/>\n<meta property=\"og:url\" content=\"https:\/\/finelife.tv\/fr\/2024\/02\/19\/expo-trace-bleu-architecture-verte-au-104paris\/\" \/>\n<meta property=\"og:site_name\" content=\"FineLife.tv\" \/>\n<meta property=\"article:published_time\" content=\"2024-02-19T18:42:56+00:00\" \/>\n<meta property=\"article:modified_time\" content=\"2024-03-05T22:23:21+00:00\" \/>\n<meta property=\"og:image\" content=\"https:\/\/finelife.tv\/fr\/wp-content\/uploads\/2024\/02\/img-src-22https-finelife.tvimage.jpg-alt-22Expo-Trace-bleu-architecture-verte-au-104Paris22-768x1024.jpg\" \/>\n<meta name=\"author\" content=\"Leonore\" \/>\n<meta name=\"twitter:card\" content=\"summary_large_image\" \/>\n<meta name=\"twitter:creator\" content=\"@finelifetv\" \/>\n<meta name=\"twitter:site\" content=\"@finelifetv\" \/>\n<meta name=\"twitter:label1\" content=\"\u00c9crit par\" \/>\n\t<meta name=\"twitter:data1\" content=\"Leonore\" \/>\n\t<meta name=\"twitter:label2\" content=\"Dur\u00e9e de lecture estim\u00e9e\" \/>\n\t<meta name=\"twitter:data2\" content=\"5 minutes\" \/>\n<script type=\"application\/ld+json\" class=\"yoast-schema-graph\">{\"@context\":\"https:\\\/\\\/schema.org\",\"@graph\":[{\"@type\":\"Article\",\"@id\":\"https:\\\/\\\/finelife.tv\\\/fr\\\/2024\\\/02\\\/19\\\/expo-trace-bleu-architecture-verte-au-104paris\\\/#article\",\"isPartOf\":{\"@id\":\"https:\\\/\\\/finelife.tv\\\/fr\\\/2024\\\/02\\\/19\\\/expo-trace-bleu-architecture-verte-au-104paris\\\/\"},\"author\":{\"name\":\"Leonore\",\"@id\":\"https:\\\/\\\/finelife.tv\\\/fr\\\/#\\\/schema\\\/person\\\/e3d980b0c0b3dc5af01c3455893c8c52\"},\"headline\":\"Expo Trac\u00e9 bleu architecture verte au 104Paris\",\"datePublished\":\"2024-02-19T18:42:56+00:00\",\"dateModified\":\"2024-03-05T22:23:21+00:00\",\"mainEntityOfPage\":{\"@id\":\"https:\\\/\\\/finelife.tv\\\/fr\\\/2024\\\/02\\\/19\\\/expo-trace-bleu-architecture-verte-au-104paris\\\/\"},\"wordCount\":857,\"commentCount\":1,\"image\":{\"@id\":\"https:\\\/\\\/finelife.tv\\\/fr\\\/2024\\\/02\\\/19\\\/expo-trace-bleu-architecture-verte-au-104paris\\\/#primaryimage\"},\"thumbnailUrl\":\"https:\\\/\\\/finelife.tv\\\/fr\\\/wp-content\\\/uploads\\\/2024\\\/02\\\/img-src-22https-finelife.tvimage.jpg-alt-22Expo-Trace-bleu-architecture-verte-au-104Paris22-768x1024.jpg\",\"keywords\":[\"104PARIS\",\"architecture\",\"architecture durable\",\"architecturestudio\",\"art\",\"centquatreparis\",\"climat\",\"exposition\",\"exposition architecture\",\"exposition trac\u00e9 bleu\"],\"articleSection\":[\"Blog\"],\"inLanguage\":\"fr-FR\",\"potentialAction\":[{\"@type\":\"CommentAction\",\"name\":\"Comment\",\"target\":[\"https:\\\/\\\/finelife.tv\\\/fr\\\/2024\\\/02\\\/19\\\/expo-trace-bleu-architecture-verte-au-104paris\\\/#respond\"]}]},{\"@type\":\"WebPage\",\"@id\":\"https:\\\/\\\/finelife.tv\\\/fr\\\/2024\\\/02\\\/19\\\/expo-trace-bleu-architecture-verte-au-104paris\\\/\",\"url\":\"https:\\\/\\\/finelife.tv\\\/fr\\\/2024\\\/02\\\/19\\\/expo-trace-bleu-architecture-verte-au-104paris\\\/\",\"name\":\"Expo Trac\u00e9 bleu architecture verte au 104Paris - FineLife.tv\",\"isPartOf\":{\"@id\":\"https:\\\/\\\/finelife.tv\\\/fr\\\/#website\"},\"primaryImageOfPage\":{\"@id\":\"https:\\\/\\\/finelife.tv\\\/fr\\\/2024\\\/02\\\/19\\\/expo-trace-bleu-architecture-verte-au-104paris\\\/#primaryimage\"},\"image\":{\"@id\":\"https:\\\/\\\/finelife.tv\\\/fr\\\/2024\\\/02\\\/19\\\/expo-trace-bleu-architecture-verte-au-104paris\\\/#primaryimage\"},\"thumbnailUrl\":\"https:\\\/\\\/finelife.tv\\\/fr\\\/wp-content\\\/uploads\\\/2024\\\/02\\\/img-src-22https-finelife.tvimage.jpg-alt-22Expo-Trace-bleu-architecture-verte-au-104Paris22-768x1024.jpg\",\"datePublished\":\"2024-02-19T18:42:56+00:00\",\"dateModified\":\"2024-03-05T22:23:21+00:00\",\"author\":{\"@id\":\"https:\\\/\\\/finelife.tv\\\/fr\\\/#\\\/schema\\\/person\\\/e3d980b0c0b3dc5af01c3455893c8c52\"},\"description\":\"Expo Trac\u00e9 bleu architecture verte au 104Paris . Architecturestudio imagine un parcours art, maquettes, jeux pour servir l'habitat durable\",\"breadcrumb\":{\"@id\":\"https:\\\/\\\/finelife.tv\\\/fr\\\/2024\\\/02\\\/19\\\/expo-trace-bleu-architecture-verte-au-104paris\\\/#breadcrumb\"},\"inLanguage\":\"fr-FR\",\"potentialAction\":[{\"@type\":\"ReadAction\",\"target\":[\"https:\\\/\\\/finelife.tv\\\/fr\\\/2024\\\/02\\\/19\\\/expo-trace-bleu-architecture-verte-au-104paris\\\/\"]}]},{\"@type\":\"ImageObject\",\"inLanguage\":\"fr-FR\",\"@id\":\"https:\\\/\\\/finelife.tv\\\/fr\\\/2024\\\/02\\\/19\\\/expo-trace-bleu-architecture-verte-au-104paris\\\/#primaryimage\",\"url\":\"https:\\\/\\\/finelife.tv\\\/fr\\\/wp-content\\\/uploads\\\/2024\\\/02\\\/img-src-22https-finelife.tvimage.jpg-alt-22Expo-Trace-bleu-architecture-verte-au-104Paris22-scaled.jpg\",\"contentUrl\":\"https:\\\/\\\/finelife.tv\\\/fr\\\/wp-content\\\/uploads\\\/2024\\\/02\\\/img-src-22https-finelife.tvimage.jpg-alt-22Expo-Trace-bleu-architecture-verte-au-104Paris22-scaled.jpg\",\"width\":1920,\"height\":2560},{\"@type\":\"BreadcrumbList\",\"@id\":\"https:\\\/\\\/finelife.tv\\\/fr\\\/2024\\\/02\\\/19\\\/expo-trace-bleu-architecture-verte-au-104paris\\\/#breadcrumb\",\"itemListElement\":[{\"@type\":\"ListItem\",\"position\":1,\"name\":\"Accueil\",\"item\":\"https:\\\/\\\/finelife.tv\\\/fr\\\/\"},{\"@type\":\"ListItem\",\"position\":2,\"name\":\"Expo Trac\u00e9 bleu architecture verte au 104Paris\"}]},{\"@type\":\"WebSite\",\"@id\":\"https:\\\/\\\/finelife.tv\\\/fr\\\/#website\",\"url\":\"https:\\\/\\\/finelife.tv\\\/fr\\\/\",\"name\":\"FineLife.tv\",\"description\":\"Quand l&#039;Art de vivre croise l&#039;Art de penser\",\"potentialAction\":[{\"@type\":\"SearchAction\",\"target\":{\"@type\":\"EntryPoint\",\"urlTemplate\":\"https:\\\/\\\/finelife.tv\\\/fr\\\/?s={search_term_string}\"},\"query-input\":{\"@type\":\"PropertyValueSpecification\",\"valueRequired\":true,\"valueName\":\"search_term_string\"}}],\"inLanguage\":\"fr-FR\"},{\"@type\":\"Person\",\"@id\":\"https:\\\/\\\/finelife.tv\\\/fr\\\/#\\\/schema\\\/person\\\/e3d980b0c0b3dc5af01c3455893c8c52\",\"name\":\"Leonore\",\"image\":{\"@type\":\"ImageObject\",\"inLanguage\":\"fr-FR\",\"@id\":\"https:\\\/\\\/secure.gravatar.com\\\/avatar\\\/9a2e5073417479f910ffdeee54da5ccf4f91eab62746ce0ae0e81124a9491a79?s=96&d=mm&r=g\",\"url\":\"https:\\\/\\\/secure.gravatar.com\\\/avatar\\\/9a2e5073417479f910ffdeee54da5ccf4f91eab62746ce0ae0e81124a9491a79?s=96&d=mm&r=g\",\"contentUrl\":\"https:\\\/\\\/secure.gravatar.com\\\/avatar\\\/9a2e5073417479f910ffdeee54da5ccf4f91eab62746ce0ae0e81124a9491a79?s=96&d=mm&r=g\",\"caption\":\"Leonore\"}}]}<\/script>\n<!-- \/ Yoast SEO plugin. -->","yoast_head_json":{"title":"Expo Trac\u00e9 bleu architecture verte au 104Paris - FineLife.tv","description":"Expo Trac\u00e9 bleu architecture verte au 104Paris . Architecturestudio imagine un parcours art, maquettes, jeux pour servir l'habitat durable","robots":{"index":"index","follow":"follow","max-snippet":"max-snippet:-1","max-image-preview":"max-image-preview:large","max-video-preview":"max-video-preview:-1"},"canonical":"https:\/\/finelife.tv\/fr\/2024\/02\/19\/expo-trace-bleu-architecture-verte-au-104paris\/","og_locale":"fr_FR","og_type":"article","og_title":"Expo Trac\u00e9 bleu architecture verte au 104Paris - FineLife.tv","og_description":"Expo Trac\u00e9 bleu architecture verte au 104Paris . Architecturestudio imagine un parcours art, maquettes, jeux pour servir l'habitat durable","og_url":"https:\/\/finelife.tv\/fr\/2024\/02\/19\/expo-trace-bleu-architecture-verte-au-104paris\/","og_site_name":"FineLife.tv","article_published_time":"2024-02-19T18:42:56+00:00","article_modified_time":"2024-03-05T22:23:21+00:00","og_image":[{"url":"https:\/\/finelife.tv\/fr\/wp-content\/uploads\/2024\/02\/img-src-22https-finelife.tvimage.jpg-alt-22Expo-Trace-bleu-architecture-verte-au-104Paris22-768x1024.jpg","type":"","width":"","height":""}],"author":"Leonore","twitter_card":"summary_large_image","twitter_creator":"@finelifetv","twitter_site":"@finelifetv","twitter_misc":{"\u00c9crit par":"Leonore","Dur\u00e9e de lecture estim\u00e9e":"5 minutes"},"schema":{"@context":"https:\/\/schema.org","@graph":[{"@type":"Article","@id":"https:\/\/finelife.tv\/fr\/2024\/02\/19\/expo-trace-bleu-architecture-verte-au-104paris\/#article","isPartOf":{"@id":"https:\/\/finelife.tv\/fr\/2024\/02\/19\/expo-trace-bleu-architecture-verte-au-104paris\/"},"author":{"name":"Leonore","@id":"https:\/\/finelife.tv\/fr\/#\/schema\/person\/e3d980b0c0b3dc5af01c3455893c8c52"},"headline":"Expo Trac\u00e9 bleu architecture verte au 104Paris","datePublished":"2024-02-19T18:42:56+00:00","dateModified":"2024-03-05T22:23:21+00:00","mainEntityOfPage":{"@id":"https:\/\/finelife.tv\/fr\/2024\/02\/19\/expo-trace-bleu-architecture-verte-au-104paris\/"},"wordCount":857,"commentCount":1,"image":{"@id":"https:\/\/finelife.tv\/fr\/2024\/02\/19\/expo-trace-bleu-architecture-verte-au-104paris\/#primaryimage"},"thumbnailUrl":"https:\/\/finelife.tv\/fr\/wp-content\/uploads\/2024\/02\/img-src-22https-finelife.tvimage.jpg-alt-22Expo-Trace-bleu-architecture-verte-au-104Paris22-768x1024.jpg","keywords":["104PARIS","architecture","architecture durable","architecturestudio","art","centquatreparis","climat","exposition","exposition architecture","exposition trac\u00e9 bleu"],"articleSection":["Blog"],"inLanguage":"fr-FR","potentialAction":[{"@type":"CommentAction","name":"Comment","target":["https:\/\/finelife.tv\/fr\/2024\/02\/19\/expo-trace-bleu-architecture-verte-au-104paris\/#respond"]}]},{"@type":"WebPage","@id":"https:\/\/finelife.tv\/fr\/2024\/02\/19\/expo-trace-bleu-architecture-verte-au-104paris\/","url":"https:\/\/finelife.tv\/fr\/2024\/02\/19\/expo-trace-bleu-architecture-verte-au-104paris\/","name":"Expo Trac\u00e9 bleu architecture verte au 104Paris - FineLife.tv","isPartOf":{"@id":"https:\/\/finelife.tv\/fr\/#website"},"primaryImageOfPage":{"@id":"https:\/\/finelife.tv\/fr\/2024\/02\/19\/expo-trace-bleu-architecture-verte-au-104paris\/#primaryimage"},"image":{"@id":"https:\/\/finelife.tv\/fr\/2024\/02\/19\/expo-trace-bleu-architecture-verte-au-104paris\/#primaryimage"},"thumbnailUrl":"https:\/\/finelife.tv\/fr\/wp-content\/uploads\/2024\/02\/img-src-22https-finelife.tvimage.jpg-alt-22Expo-Trace-bleu-architecture-verte-au-104Paris22-768x1024.jpg","datePublished":"2024-02-19T18:42:56+00:00","dateModified":"2024-03-05T22:23:21+00:00","author":{"@id":"https:\/\/finelife.tv\/fr\/#\/schema\/person\/e3d980b0c0b3dc5af01c3455893c8c52"},"description":"Expo Trac\u00e9 bleu architecture verte au 104Paris . Architecturestudio imagine un parcours art, maquettes, jeux pour servir l'habitat durable","breadcrumb":{"@id":"https:\/\/finelife.tv\/fr\/2024\/02\/19\/expo-trace-bleu-architecture-verte-au-104paris\/#breadcrumb"},"inLanguage":"fr-FR","potentialAction":[{"@type":"ReadAction","target":["https:\/\/finelife.tv\/fr\/2024\/02\/19\/expo-trace-bleu-architecture-verte-au-104paris\/"]}]},{"@type":"ImageObject","inLanguage":"fr-FR","@id":"https:\/\/finelife.tv\/fr\/2024\/02\/19\/expo-trace-bleu-architecture-verte-au-104paris\/#primaryimage","url":"https:\/\/finelife.tv\/fr\/wp-content\/uploads\/2024\/02\/img-src-22https-finelife.tvimage.jpg-alt-22Expo-Trace-bleu-architecture-verte-au-104Paris22-scaled.jpg","contentUrl":"https:\/\/finelife.tv\/fr\/wp-content\/uploads\/2024\/02\/img-src-22https-finelife.tvimage.jpg-alt-22Expo-Trace-bleu-architecture-verte-au-104Paris22-scaled.jpg","width":1920,"height":2560},{"@type":"BreadcrumbList","@id":"https:\/\/finelife.tv\/fr\/2024\/02\/19\/expo-trace-bleu-architecture-verte-au-104paris\/#breadcrumb","itemListElement":[{"@type":"ListItem","position":1,"name":"Accueil","item":"https:\/\/finelife.tv\/fr\/"},{"@type":"ListItem","position":2,"name":"Expo Trac\u00e9 bleu architecture verte au 104Paris"}]},{"@type":"WebSite","@id":"https:\/\/finelife.tv\/fr\/#website","url":"https:\/\/finelife.tv\/fr\/","name":"FineLife.tv","description":"Quand l&#039;Art de vivre croise l&#039;Art de penser","potentialAction":[{"@type":"SearchAction","target":{"@type":"EntryPoint","urlTemplate":"https:\/\/finelife.tv\/fr\/?s={search_term_string}"},"query-input":{"@type":"PropertyValueSpecification","valueRequired":true,"valueName":"search_term_string"}}],"inLanguage":"fr-FR"},{"@type":"Person","@id":"https:\/\/finelife.tv\/fr\/#\/schema\/person\/e3d980b0c0b3dc5af01c3455893c8c52","name":"Leonore","image":{"@type":"ImageObject","inLanguage":"fr-FR","@id":"https:\/\/secure.gravatar.com\/avatar\/9a2e5073417479f910ffdeee54da5ccf4f91eab62746ce0ae0e81124a9491a79?s=96&d=mm&r=g","url":"https:\/\/secure.gravatar.com\/avatar\/9a2e5073417479f910ffdeee54da5ccf4f91eab62746ce0ae0e81124a9491a79?s=96&d=mm&r=g","contentUrl":"https:\/\/secure.gravatar.com\/avatar\/9a2e5073417479f910ffdeee54da5ccf4f91eab62746ce0ae0e81124a9491a79?s=96&d=mm&r=g","caption":"Leonore"}}]}},"_links":{"self":[{"href":"https:\/\/finelife.tv\/fr\/wp-json\/wp\/v2\/posts\/17618","targetHints":{"allow":["GET"]}}],"collection":[{"href":"https:\/\/finelife.tv\/fr\/wp-json\/wp\/v2\/posts"}],"about":[{"href":"https:\/\/finelife.tv\/fr\/wp-json\/wp\/v2\/types\/post"}],"author":[{"embeddable":true,"href":"https:\/\/finelife.tv\/fr\/wp-json\/wp\/v2\/users\/1"}],"replies":[{"embeddable":true,"href":"https:\/\/finelife.tv\/fr\/wp-json\/wp\/v2\/comments?post=17618"}],"version-history":[{"count":23,"href":"https:\/\/finelife.tv\/fr\/wp-json\/wp\/v2\/posts\/17618\/revisions"}],"predecessor-version":[{"id":17805,"href":"https:\/\/finelife.tv\/fr\/wp-json\/wp\/v2\/posts\/17618\/revisions\/17805"}],"wp:attachment":[{"href":"https:\/\/finelife.tv\/fr\/wp-json\/wp\/v2\/media?parent=17618"}],"wp:term":[{"taxonomy":"category","embeddable":true,"href":"https:\/\/finelife.tv\/fr\/wp-json\/wp\/v2\/categories?post=17618"},{"taxonomy":"post_tag","embeddable":true,"href":"https:\/\/finelife.tv\/fr\/wp-json\/wp\/v2\/tags?post=17618"}],"curies":[{"name":"wp","href":"https:\/\/api.w.org\/{rel}","templated":true}]}}