{"id":18850,"date":"2024-05-12T20:47:11","date_gmt":"2024-05-12T18:47:11","guid":{"rendered":"https:\/\/finelife.tv\/fr\/?p=18850"},"modified":"2024-05-13T10:31:52","modified_gmt":"2024-05-13T08:31:52","slug":"expo-andres-serrano-les-sombres-archives-de-lamerique","status":"publish","type":"post","link":"https:\/\/finelife.tv\/fr\/2024\/05\/12\/expo-andres-serrano-les-sombres-archives-de-lamerique\/","title":{"rendered":"Expo Andres Serrano les sombres archives de l&rsquo;Am\u00e9rique"},"content":{"rendered":"<div class=\"wp-block-image\">\n<figure class=\"aligncenter size-large\"><img loading=\"lazy\" decoding=\"async\" width=\"768\" height=\"1024\" src=\"https:\/\/finelife.tv\/fr\/wp-content\/uploads\/2024\/05\/img-src-22https-finelife.tvimage.jpg-alt-22Expo-Andres-Serrano-les-sombres-archives-de-l-Amerique22-768x1024.jpg\" alt=\"\" class=\"wp-image-18868\" srcset=\"https:\/\/finelife.tv\/fr\/wp-content\/uploads\/2024\/05\/img-src-22https-finelife.tvimage.jpg-alt-22Expo-Andres-Serrano-les-sombres-archives-de-l-Amerique22-768x1024.jpg 768w, https:\/\/finelife.tv\/fr\/wp-content\/uploads\/2024\/05\/img-src-22https-finelife.tvimage.jpg-alt-22Expo-Andres-Serrano-les-sombres-archives-de-l-Amerique22-225x300.jpg 225w, https:\/\/finelife.tv\/fr\/wp-content\/uploads\/2024\/05\/img-src-22https-finelife.tvimage.jpg-alt-22Expo-Andres-Serrano-les-sombres-archives-de-l-Amerique22-1152x1536.jpg 1152w, https:\/\/finelife.tv\/fr\/wp-content\/uploads\/2024\/05\/img-src-22https-finelife.tvimage.jpg-alt-22Expo-Andres-Serrano-les-sombres-archives-de-l-Amerique22-1536x2048.jpg 1536w, https:\/\/finelife.tv\/fr\/wp-content\/uploads\/2024\/05\/img-src-22https-finelife.tvimage.jpg-alt-22Expo-Andres-Serrano-les-sombres-archives-de-l-Amerique22-scaled.jpg 1920w\" sizes=\"auto, (max-width: 768px) 100vw, 768px\" \/><\/figure>\n<\/div>\n\n\n<p><strong>Expo Andres Serrano les sombres archives de l&rsquo;Am\u00e9rique. Le mus\u00e9e Maillol ouvre ses portes au photographe iconique pour un voyage \u00e0 travers les s\u00e9ries cultes, de Nomads \u00e0 Infamous en passant par le scandaleux Piss Christ et le barnum Trump. Un inventaire en format monumental de l&rsquo;ADN am\u00e9ricain \u00e0 la veille des \u00e9lections pr\u00e9sidentielles.<\/strong><\/p>\n\n\n\n<p><\/p>\n\n\n\n<p><\/p>\n\n\n\n<p>\u00ab\u00a0L&rsquo;exposition d\u00e9bute et s&rsquo;ach\u00e8ve avec le drapeau am\u00e9ricain symbole et r\u00e9v\u00e9lateur de la critique d&rsquo;Andres Serrano\u00a0\u00bb estime le commissaire Michel Draguet. Elle pr\u00e9sente 89 \u0153uvres en dix chapitres. La sc\u00e9nographie th\u00e9matique d\u00e9roule et imbrique les s\u00e9ries qui ont fait la r\u00e9putation du photographe. Notamment celles qui ont d\u00e9chain\u00e9 les passions et les haines des partisans de la r\u00e9volution morale de Reagan dans les ann\u00e9es 80. Andres Serrano est n\u00e9 en 1950 \u00e0 New-York. Il est propuls\u00e9 sur le devant de la sc\u00e8ne \u00e0 37 ans. L&rsquo;objet de la haine est aussi celui qui fera sa gloire : un Crucifix plong\u00e9 dans l&rsquo;urine, le fameux Piss Christ. Depuis, comme Robert Mapplethorpe \u00e0 la m\u00eame p\u00e9riode, il est le symbole de l&rsquo;establishment pour les populistes qui d\u00e9noncent les subsides accord\u00e9s aux artistes contemporains.<\/p>\n\n\n\n<h2 class=\"wp-block-heading\">S\u00e9ries cultes et sombres archives de l&rsquo;Am\u00e9rique<\/h2>\n\n\n<div class=\"wp-block-image\">\n<figure class=\"aligncenter size-large\"><img loading=\"lazy\" decoding=\"async\" width=\"795\" height=\"1024\" src=\"https:\/\/finelife.tv\/fr\/wp-content\/uploads\/2024\/05\/img-src-22https-finelife.tvimage.jpg-alt-22Expo-Andres-Serrano-les-sombres-archives-de-l-Amerique-black-dolls22-795x1024.jpg\" alt=\"\" class=\"wp-image-18871\" srcset=\"https:\/\/finelife.tv\/fr\/wp-content\/uploads\/2024\/05\/img-src-22https-finelife.tvimage.jpg-alt-22Expo-Andres-Serrano-les-sombres-archives-de-l-Amerique-black-dolls22-795x1024.jpg 795w, https:\/\/finelife.tv\/fr\/wp-content\/uploads\/2024\/05\/img-src-22https-finelife.tvimage.jpg-alt-22Expo-Andres-Serrano-les-sombres-archives-de-l-Amerique-black-dolls22-233x300.jpg 233w, https:\/\/finelife.tv\/fr\/wp-content\/uploads\/2024\/05\/img-src-22https-finelife.tvimage.jpg-alt-22Expo-Andres-Serrano-les-sombres-archives-de-l-Amerique-black-dolls22-768x990.jpg 768w, https:\/\/finelife.tv\/fr\/wp-content\/uploads\/2024\/05\/img-src-22https-finelife.tvimage.jpg-alt-22Expo-Andres-Serrano-les-sombres-archives-de-l-Amerique-black-dolls22-1192x1536.jpg 1192w, https:\/\/finelife.tv\/fr\/wp-content\/uploads\/2024\/05\/img-src-22https-finelife.tvimage.jpg-alt-22Expo-Andres-Serrano-les-sombres-archives-de-l-Amerique-black-dolls22-1589x2048.jpg 1589w, https:\/\/finelife.tv\/fr\/wp-content\/uploads\/2024\/05\/img-src-22https-finelife.tvimage.jpg-alt-22Expo-Andres-Serrano-les-sombres-archives-de-l-Amerique-black-dolls22.jpg 1677w\" sizes=\"auto, (max-width: 795px) 100vw, 795px\" \/><figcaption class=\"wp-element-caption\">Black Dolls<\/figcaption><\/figure>\n<\/div>\n\n\n<p>L&rsquo;exposition explore l&rsquo;Am\u00e9rique \u00e0 travers ses marges. Des Nomads (1990) aux Natives (1995-1996) en passant par les supr\u00e9macistes d\u00e9pass\u00e9s du KKK (1990). Mais elle questionne \u00e9galement une d\u00e9mocratie qui s&rsquo;est b\u00e2tie sur l&rsquo;extermination des premiers habitants, sur l&rsquo;esclavage, sur le racisme (Infamous 2019). Une soci\u00e9t\u00e9 puritaine o\u00f9 prosp\u00e8rent la pornographie et les \u00e9vang\u00e9listes. Hypocrisie et extr\u00e9misme. Une nation violente (Objects of desire 1992, Morgue 1992) au nom de la libert\u00e9. Le port d&rsquo;armes garanti par le deuxi\u00e8me amendement de la Constitution et la main invisible du march\u00e9, le capitalisme sans entrave. \u00c0 travers les salles, l&rsquo;esprit des origines, le \u00ab\u00a0syndrome du chariot\u00a0\u00bb semble perdurer dans toute ses esp\u00e9rances, ses nuances, ses errances et sa violence.<\/p>\n\n\n<div class=\"wp-block-image\">\n<figure class=\"aligncenter size-large\"><img loading=\"lazy\" decoding=\"async\" width=\"668\" height=\"1024\" src=\"https:\/\/finelife.tv\/fr\/wp-content\/uploads\/2024\/05\/img-src-22https-finelife.tvimage.jpg-alt-22Expo-Andres-Serrano-les-sombres-archives-de-l-Amerique-drapeau-blood-on-the-flag22-668x1024.jpg\" alt=\"\" class=\"wp-image-18872\" srcset=\"https:\/\/finelife.tv\/fr\/wp-content\/uploads\/2024\/05\/img-src-22https-finelife.tvimage.jpg-alt-22Expo-Andres-Serrano-les-sombres-archives-de-l-Amerique-drapeau-blood-on-the-flag22-668x1024.jpg 668w, https:\/\/finelife.tv\/fr\/wp-content\/uploads\/2024\/05\/img-src-22https-finelife.tvimage.jpg-alt-22Expo-Andres-Serrano-les-sombres-archives-de-l-Amerique-drapeau-blood-on-the-flag22-196x300.jpg 196w, https:\/\/finelife.tv\/fr\/wp-content\/uploads\/2024\/05\/img-src-22https-finelife.tvimage.jpg-alt-22Expo-Andres-Serrano-les-sombres-archives-de-l-Amerique-drapeau-blood-on-the-flag22-768x1178.jpg 768w, https:\/\/finelife.tv\/fr\/wp-content\/uploads\/2024\/05\/img-src-22https-finelife.tvimage.jpg-alt-22Expo-Andres-Serrano-les-sombres-archives-de-l-Amerique-drapeau-blood-on-the-flag22-1001x1536.jpg 1001w, https:\/\/finelife.tv\/fr\/wp-content\/uploads\/2024\/05\/img-src-22https-finelife.tvimage.jpg-alt-22Expo-Andres-Serrano-les-sombres-archives-de-l-Amerique-drapeau-blood-on-the-flag22-1335x2048.jpg 1335w, https:\/\/finelife.tv\/fr\/wp-content\/uploads\/2024\/05\/img-src-22https-finelife.tvimage.jpg-alt-22Expo-Andres-Serrano-les-sombres-archives-de-l-Amerique-drapeau-blood-on-the-flag22-scaled.jpg 1669w\" sizes=\"auto, (max-width: 668px) 100vw, 668px\" \/><figcaption class=\"wp-element-caption\">Blood on the Flag<\/figcaption><\/figure>\n<\/div>\n\n\n<p>Le lien entre tous ces visages de l&rsquo;Am\u00e9rique est le drapeau. Du moins dans l&rsquo;esprit du commissaire. C&rsquo;est le drapeau en mode cagoule du Klan, mais c&rsquo;est aussi le sang sur les \u00e9toiles (Blood on the Flag). Les attentats du 11 septembre 2001 frappent l&rsquo;Am\u00e9rique au del\u00e0 de ses fractures. Andres Serrano fait du drapeau ensanglant\u00e9 un t\u00e9moignage. \u00ab\u00a0Une d\u00e9claration\u00a0\u00bb selon l&rsquo;artiste qui va travailler sur une nouvelle s\u00e9rie Am\u00e9rica (2001-2004). Il descend alors de nouveau dans la rue pour questionner cette fois-ci la possibilit\u00e9 du r\u00eave am\u00e9ricain.<\/p>\n\n\n\n<h2 class=\"wp-block-heading\">Le style Serrano une monumentalit\u00e9 qui s&rsquo;inspire du portrait de genre<\/h2>\n\n\n\n<p>\u00ab\u00a0Les portraits d&rsquo;Andres Serrano se font toujours sur toile de fond et avec un cadrage tr\u00e8s rapproch\u00e9 afin de saisir le sujet au plus pr\u00e8s\u00a0\u00bb explique Michel Draguet. \u00ab\u00a0Le travail de la couleur et de la lumi\u00e8re est aussi tr\u00e8s recherch\u00e9. L&rsquo;inspiration des portraits classiques est ind\u00e9niable. Andres Serrano fait de la photo comme un plasticien\u00a0\u00bb.<\/p>\n\n\n<div class=\"wp-block-image\">\n<figure class=\"aligncenter size-large\"><img loading=\"lazy\" decoding=\"async\" width=\"863\" height=\"1024\" src=\"https:\/\/finelife.tv\/fr\/wp-content\/uploads\/2024\/05\/img-src-22https-finelife.tvimage.jpg-alt-22Expo-Andres-Serrano-les-sombres-archives-de-l-Amerique-sdf-nomads22-863x1024.jpg\" alt=\"\" class=\"wp-image-18869\" srcset=\"https:\/\/finelife.tv\/fr\/wp-content\/uploads\/2024\/05\/img-src-22https-finelife.tvimage.jpg-alt-22Expo-Andres-Serrano-les-sombres-archives-de-l-Amerique-sdf-nomads22-863x1024.jpg 863w, https:\/\/finelife.tv\/fr\/wp-content\/uploads\/2024\/05\/img-src-22https-finelife.tvimage.jpg-alt-22Expo-Andres-Serrano-les-sombres-archives-de-l-Amerique-sdf-nomads22-253x300.jpg 253w, https:\/\/finelife.tv\/fr\/wp-content\/uploads\/2024\/05\/img-src-22https-finelife.tvimage.jpg-alt-22Expo-Andres-Serrano-les-sombres-archives-de-l-Amerique-sdf-nomads22-768x911.jpg 768w, https:\/\/finelife.tv\/fr\/wp-content\/uploads\/2024\/05\/img-src-22https-finelife.tvimage.jpg-alt-22Expo-Andres-Serrano-les-sombres-archives-de-l-Amerique-sdf-nomads22-1295x1536.jpg 1295w, https:\/\/finelife.tv\/fr\/wp-content\/uploads\/2024\/05\/img-src-22https-finelife.tvimage.jpg-alt-22Expo-Andres-Serrano-les-sombres-archives-de-l-Amerique-sdf-nomads22-1726x2048.jpg 1726w\" sizes=\"auto, (max-width: 863px) 100vw, 863px\" \/><figcaption class=\"wp-element-caption\">S\u00e9rie Nomads SDF portrait de Bertha<\/figcaption><\/figure>\n<\/div>\n\n\n<p>Il paie ses mod\u00e8les et se d\u00e9place avec un studio mobile \u00e0 la rencontre des SDF. \u00c0 l&rsquo;image des photographes ambulants des si\u00e8cles pass\u00e9s. Un modus operandi qui a sans doute inspir\u00e9 des artistes plus proches de nous comme JR. \u00ab\u00a0Edward Curti<em>s<\/em> l&rsquo;avait fait pour les Indiens des plaines\u00a0\u00bb rappelle le commissaire. \u00ab\u00a0Ces hommes et ces femmes Serrano les appelle les Nomads, comme l&rsquo;\u00e9taient les Indiens et les premiers hommes. Il les photographie en leur donnant monumentalit\u00e9 et dignit\u00e9. \u00c0 travers le technique du portrait de genre\u00a0\u00bb. Michel Draguet semble reconnaitre parfois la touche d&rsquo;un Michel Ange, parfois celle d&rsquo;un David ou encore d&rsquo;un G\u00e9ricault ou du Caravage.<\/p>\n\n\n\n<p>Andres Serrano met en avant outils et accessoires. Par exemple le casque d&rsquo;un ouvrier m\u00e9tallurgiste car en Am\u00e9rique \u00ab\u00a0l&rsquo;habit fait le moine\u00a0\u00bb.<\/p>\n\n\n\n<h2 class=\"wp-block-heading has-text-align-left\">Ethnographie plasticienne<\/h2>\n\n\n<div class=\"wp-block-image\">\n<figure class=\"aligncenter size-large\"><img loading=\"lazy\" decoding=\"async\" width=\"982\" height=\"1024\" src=\"https:\/\/finelife.tv\/fr\/wp-content\/uploads\/2024\/05\/img-src-22https-finelife.tvimage.jpg-alt-22Expo-Andres-Serrano-les-sombres-archives-de-l-Amerique-cartons-sdf22-982x1024.jpg\" alt=\"\" class=\"wp-image-18870\" srcset=\"https:\/\/finelife.tv\/fr\/wp-content\/uploads\/2024\/05\/img-src-22https-finelife.tvimage.jpg-alt-22Expo-Andres-Serrano-les-sombres-archives-de-l-Amerique-cartons-sdf22-982x1024.jpg 982w, https:\/\/finelife.tv\/fr\/wp-content\/uploads\/2024\/05\/img-src-22https-finelife.tvimage.jpg-alt-22Expo-Andres-Serrano-les-sombres-archives-de-l-Amerique-cartons-sdf22-288x300.jpg 288w, https:\/\/finelife.tv\/fr\/wp-content\/uploads\/2024\/05\/img-src-22https-finelife.tvimage.jpg-alt-22Expo-Andres-Serrano-les-sombres-archives-de-l-Amerique-cartons-sdf22-768x801.jpg 768w, https:\/\/finelife.tv\/fr\/wp-content\/uploads\/2024\/05\/img-src-22https-finelife.tvimage.jpg-alt-22Expo-Andres-Serrano-les-sombres-archives-de-l-Amerique-cartons-sdf22-1472x1536.jpg 1472w, https:\/\/finelife.tv\/fr\/wp-content\/uploads\/2024\/05\/img-src-22https-finelife.tvimage.jpg-alt-22Expo-Andres-Serrano-les-sombres-archives-de-l-Amerique-cartons-sdf22-1963x2048.jpg 1963w\" sizes=\"auto, (max-width: 982px) 100vw, 982px\" \/><figcaption class=\"wp-element-caption\">Cartons de Nomads<\/figcaption><\/figure>\n<\/div>\n\n\n<p>Par ailleurs, le \u00ab\u00a0photographe plasticien\u00a0\u00bb travaille comme un anthropologue. Il ach\u00e8te ainsi aux SDF leurs \u00ab\u00a0cartons CV d&rsquo;approche\u00a0\u00bb pour en faire des tableaux muraux. Il explore \u00e9galement le net \u00e0 la recherche d&rsquo;objets vintage symbolisant l&rsquo;essence de l&rsquo;Am\u00e9rique. Sur Ebay notamment Serrano collecte des poup\u00e9es qui v\u00e9hiculent une vision racialis\u00e9e des Noirs. Les fameuses Black Dolls. Une essentialisation reprise par les Afro-Am\u00e9ricains eux-m\u00eames (coiffure afro des 70es) selon l&rsquo;artiste. Mais aussi un mus\u00e9e fait d&rsquo;artefacts trumpistes (All things Trump 2O19) et des objets relavant de la pornographie. Race, sexe, violence, morale et money. Always.<\/p>\n\n\n\n<h2 class=\"wp-block-heading\">La querelle de l&rsquo;esth\u00e9tique et de la morale<\/h2>\n\n\n<div class=\"wp-block-image\">\n<figure class=\"aligncenter size-large\"><img loading=\"lazy\" decoding=\"async\" width=\"768\" height=\"1024\" src=\"https:\/\/finelife.tv\/fr\/wp-content\/uploads\/2024\/05\/img-src-22https-finelife.tvimage.jpg-alt-22Expo-Andres-Serrano-les-sombres-archives-de-l-Amerique-kkk-cagoule22-768x1024.jpg\" alt=\"\" class=\"wp-image-18877\" srcset=\"https:\/\/finelife.tv\/fr\/wp-content\/uploads\/2024\/05\/img-src-22https-finelife.tvimage.jpg-alt-22Expo-Andres-Serrano-les-sombres-archives-de-l-Amerique-kkk-cagoule22-768x1024.jpg 768w, https:\/\/finelife.tv\/fr\/wp-content\/uploads\/2024\/05\/img-src-22https-finelife.tvimage.jpg-alt-22Expo-Andres-Serrano-les-sombres-archives-de-l-Amerique-kkk-cagoule22-225x300.jpg 225w, https:\/\/finelife.tv\/fr\/wp-content\/uploads\/2024\/05\/img-src-22https-finelife.tvimage.jpg-alt-22Expo-Andres-Serrano-les-sombres-archives-de-l-Amerique-kkk-cagoule22-1152x1536.jpg 1152w, https:\/\/finelife.tv\/fr\/wp-content\/uploads\/2024\/05\/img-src-22https-finelife.tvimage.jpg-alt-22Expo-Andres-Serrano-les-sombres-archives-de-l-Amerique-kkk-cagoule22-1536x2048.jpg 1536w, https:\/\/finelife.tv\/fr\/wp-content\/uploads\/2024\/05\/img-src-22https-finelife.tvimage.jpg-alt-22Expo-Andres-Serrano-les-sombres-archives-de-l-Amerique-kkk-cagoule22-scaled.jpg 1920w\" sizes=\"auto, (max-width: 768px) 100vw, 768px\" \/><figcaption class=\"wp-element-caption\">S\u00e9rie Klan d\u00e9tail<\/figcaption><\/figure>\n<\/div>\n\n\n<p>Les \u0153uvres d&rsquo;Andres Serrano sont aussi belles qu&rsquo;effrayantes. \u00ab\u00a0Les cartels ont une importance centrale\u00a0\u00bb poursuit le le commissaire \u00ab\u00a0Une \u0153uvre frappe par sa beaut\u00e9. Mais le cartel peut porter un r\u00e9cit tr\u00e8s diff\u00e9rent. Celui de la violence et de la mort\u00a0\u00bb. Serrano essuie donc les critiques d&rsquo;une esth\u00e9tisation du mal. \u00ab\u00a0Dans la s\u00e9rie Klan notamment la lumi\u00e8re dessine en noir et blanc, en vert et blanc les formes des cagoules et des hommes\u00a0\u00bb rappelle Michel Draguet. \u00ab\u00a0Ailleurs le trou d&rsquo;une cagoule \u00e9voque celui d&rsquo;un r\u00e9volver\u00a0\u00bb. Il y a un colt \u00ab\u00a0objet de d\u00e9sir\u00a0\u00bb. R\u00e9sultats stup\u00e9fiants et tr\u00e8s esth\u00e9tiques. Mais le beau n&rsquo;apporte-t-il pas l\u00e0 une forme de caution au mal. Question r\u00e9currente. Certains photo-reporters et r\u00e9alisateurs ont aussi \u00e9t\u00e9 accus\u00e9s de rendre la guerre belle.<\/p>\n\n\n<div class=\"wp-block-image\">\n<figure class=\"aligncenter size-large\"><img loading=\"lazy\" decoding=\"async\" width=\"1024\" height=\"718\" src=\"https:\/\/finelife.tv\/fr\/wp-content\/uploads\/2024\/05\/img-src-22https-finelife.tvimage.jpg-alt-22Expo-Andres-Serrano-les-sombres-archives-de-l-Amerique-vierge-poisson22-1024x718.jpg\" alt=\"\" class=\"wp-image-18876\" srcset=\"https:\/\/finelife.tv\/fr\/wp-content\/uploads\/2024\/05\/img-src-22https-finelife.tvimage.jpg-alt-22Expo-Andres-Serrano-les-sombres-archives-de-l-Amerique-vierge-poisson22-1024x718.jpg 1024w, https:\/\/finelife.tv\/fr\/wp-content\/uploads\/2024\/05\/img-src-22https-finelife.tvimage.jpg-alt-22Expo-Andres-Serrano-les-sombres-archives-de-l-Amerique-vierge-poisson22-300x210.jpg 300w, https:\/\/finelife.tv\/fr\/wp-content\/uploads\/2024\/05\/img-src-22https-finelife.tvimage.jpg-alt-22Expo-Andres-Serrano-les-sombres-archives-de-l-Amerique-vierge-poisson22-768x538.jpg 768w, https:\/\/finelife.tv\/fr\/wp-content\/uploads\/2024\/05\/img-src-22https-finelife.tvimage.jpg-alt-22Expo-Andres-Serrano-les-sombres-archives-de-l-Amerique-vierge-poisson22-1536x1077.jpg 1536w, https:\/\/finelife.tv\/fr\/wp-content\/uploads\/2024\/05\/img-src-22https-finelife.tvimage.jpg-alt-22Expo-Andres-Serrano-les-sombres-archives-de-l-Amerique-vierge-poisson22-2048x1436.jpg 2048w\" sizes=\"auto, (max-width: 1024px) 100vw, 1024px\" \/><\/figure>\n<\/div>\n\n\n<p>Fid\u00e8le \u00e0 son go\u00fbt pour le baroque et le classique en g\u00e9n\u00e9ral, Andres Serrano pr\u00e9sente des natures mortes tr\u00e8s d\u00e9cal\u00e9es. Notamment une vierge qui porte un poisson \u00e0 la place du Christ mort. Toll\u00e9 chez les religieux dans une Am\u00e9rique tr\u00e8s puritaine.<\/p>\n\n\n\n<p><\/p>\n\n\n\n<h2 class=\"wp-block-heading\">Baroque, barnum et exp\u00e9rimentations<\/h2>\n\n\n<div class=\"wp-block-image\">\n<figure class=\"aligncenter size-large\"><img loading=\"lazy\" decoding=\"async\" width=\"1024\" height=\"812\" src=\"https:\/\/finelife.tv\/fr\/wp-content\/uploads\/2024\/05\/img-src-22https-finelife.tvimage.jpg-alt-22Expo-Andres-Serrano-les-sombres-archives-de-l-Amerique-holy-works22-1024x812.jpg\" alt=\"\" class=\"wp-image-18875\" srcset=\"https:\/\/finelife.tv\/fr\/wp-content\/uploads\/2024\/05\/img-src-22https-finelife.tvimage.jpg-alt-22Expo-Andres-Serrano-les-sombres-archives-de-l-Amerique-holy-works22-1024x812.jpg 1024w, https:\/\/finelife.tv\/fr\/wp-content\/uploads\/2024\/05\/img-src-22https-finelife.tvimage.jpg-alt-22Expo-Andres-Serrano-les-sombres-archives-de-l-Amerique-holy-works22-300x238.jpg 300w, https:\/\/finelife.tv\/fr\/wp-content\/uploads\/2024\/05\/img-src-22https-finelife.tvimage.jpg-alt-22Expo-Andres-Serrano-les-sombres-archives-de-l-Amerique-holy-works22-768x609.jpg 768w, https:\/\/finelife.tv\/fr\/wp-content\/uploads\/2024\/05\/img-src-22https-finelife.tvimage.jpg-alt-22Expo-Andres-Serrano-les-sombres-archives-de-l-Amerique-holy-works22-1536x1218.jpg 1536w, https:\/\/finelife.tv\/fr\/wp-content\/uploads\/2024\/05\/img-src-22https-finelife.tvimage.jpg-alt-22Expo-Andres-Serrano-les-sombres-archives-de-l-Amerique-holy-works22-2048x1624.jpg 2048w\" sizes=\"auto, (max-width: 1024px) 100vw, 1024px\" \/><figcaption class=\"wp-element-caption\">Holy Works<\/figcaption><\/figure>\n<\/div>\n\n\n<p>Le baroque se retrouve dans la s\u00e9rie des exalt\u00e9s religieux \u00ab\u00a0Holy works\u00a0\u00bb (2014). \u00ab\u00a0Des images saintes avec des acteurs incarnant des personnages en sang\u00a0\u00bb pr\u00e9cise Michel Draguet. \u00ab\u00a0Le sang a une dimension essentielle dans une Am\u00e9rique ultra violente\u00a0\u00bb. La tension monte jusqu&rsquo;\u00e0 la d\u00e9chirure avec les exp\u00e9rimentations \u00e0 base de sang, de sperme et d&rsquo;urine. Body Fluids (1990) ou The Immersions et son sacril\u00e8ge Piss Christ. L\u00e0 encore le Christ dans ses fluides d\u00e9gage une beaut\u00e9 sid\u00e9rante. L&rsquo;aura de jaune nimbe le crucifix dans un flou rouge o\u00f9 flottent des perles d&rsquo;air. L&rsquo;esth\u00e9tique se hisse au sommet de l&rsquo;ambigu\u00eft\u00e9.<\/p>\n\n\n<div class=\"wp-block-image\">\n<figure class=\"aligncenter size-large\"><img loading=\"lazy\" decoding=\"async\" width=\"709\" height=\"1024\" src=\"https:\/\/finelife.tv\/fr\/wp-content\/uploads\/2024\/05\/img-src-22https-finelife.tvimage.jpg-alt-22Expo-Andres-Serrano-les-sombres-archives-de-l-Amerique-piss-christ22-709x1024.jpg\" alt=\"\" class=\"wp-image-18873\" srcset=\"https:\/\/finelife.tv\/fr\/wp-content\/uploads\/2024\/05\/img-src-22https-finelife.tvimage.jpg-alt-22Expo-Andres-Serrano-les-sombres-archives-de-l-Amerique-piss-christ22-709x1024.jpg 709w, https:\/\/finelife.tv\/fr\/wp-content\/uploads\/2024\/05\/img-src-22https-finelife.tvimage.jpg-alt-22Expo-Andres-Serrano-les-sombres-archives-de-l-Amerique-piss-christ22-208x300.jpg 208w, https:\/\/finelife.tv\/fr\/wp-content\/uploads\/2024\/05\/img-src-22https-finelife.tvimage.jpg-alt-22Expo-Andres-Serrano-les-sombres-archives-de-l-Amerique-piss-christ22-768x1109.jpg 768w, https:\/\/finelife.tv\/fr\/wp-content\/uploads\/2024\/05\/img-src-22https-finelife.tvimage.jpg-alt-22Expo-Andres-Serrano-les-sombres-archives-de-l-Amerique-piss-christ22-1064x1536.jpg 1064w, https:\/\/finelife.tv\/fr\/wp-content\/uploads\/2024\/05\/img-src-22https-finelife.tvimage.jpg-alt-22Expo-Andres-Serrano-les-sombres-archives-de-l-Amerique-piss-christ22-1418x2048.jpg 1418w, https:\/\/finelife.tv\/fr\/wp-content\/uploads\/2024\/05\/img-src-22https-finelife.tvimage.jpg-alt-22Expo-Andres-Serrano-les-sombres-archives-de-l-Amerique-piss-christ22-scaled.jpg 1773w\" sizes=\"auto, (max-width: 709px) 100vw, 709px\" \/><figcaption class=\"wp-element-caption\">Piss Christ<\/figcaption><\/figure>\n<\/div>\n\n\n<p>Avec ces deux s\u00e9rie Andres Serrano passe de l&rsquo;abstraction un r\u00e9alisme. Toujours esth\u00e9tiques. Les Semen &amp; Blood ressemblent \u00e0 des paysages de delta.<\/p>\n\n\n\n<p>Andres Serrano est catholique. Il respecte la religion mais pas les marchands du temple. Les crucifix de brocante d\u00e9noncent la marchandisation et la soci\u00e9t\u00e9 de consommation.<\/p>\n\n\n<div class=\"wp-block-image\">\n<figure class=\"aligncenter size-large\"><img loading=\"lazy\" decoding=\"async\" width=\"768\" height=\"1024\" src=\"https:\/\/finelife.tv\/fr\/wp-content\/uploads\/2024\/05\/img-src-22https-finelife.tvimage.jpg-alt-22Expo-Andres-Serrano-les-sombres-archives-de-l-Amerique-all-things-trump22-768x1024.jpg\" alt=\"\" class=\"wp-image-18874\" srcset=\"https:\/\/finelife.tv\/fr\/wp-content\/uploads\/2024\/05\/img-src-22https-finelife.tvimage.jpg-alt-22Expo-Andres-Serrano-les-sombres-archives-de-l-Amerique-all-things-trump22-768x1024.jpg 768w, https:\/\/finelife.tv\/fr\/wp-content\/uploads\/2024\/05\/img-src-22https-finelife.tvimage.jpg-alt-22Expo-Andres-Serrano-les-sombres-archives-de-l-Amerique-all-things-trump22-225x300.jpg 225w, https:\/\/finelife.tv\/fr\/wp-content\/uploads\/2024\/05\/img-src-22https-finelife.tvimage.jpg-alt-22Expo-Andres-Serrano-les-sombres-archives-de-l-Amerique-all-things-trump22-1152x1536.jpg 1152w, https:\/\/finelife.tv\/fr\/wp-content\/uploads\/2024\/05\/img-src-22https-finelife.tvimage.jpg-alt-22Expo-Andres-Serrano-les-sombres-archives-de-l-Amerique-all-things-trump22-1536x2048.jpg 1536w, https:\/\/finelife.tv\/fr\/wp-content\/uploads\/2024\/05\/img-src-22https-finelife.tvimage.jpg-alt-22Expo-Andres-Serrano-les-sombres-archives-de-l-Amerique-all-things-trump22-scaled.jpg 1920w\" sizes=\"auto, (max-width: 768px) 100vw, 768px\" \/><figcaption class=\"wp-element-caption\">The Game : All Things Trump<\/figcaption><\/figure>\n<\/div>\n\n\n<p>Trump en est l&rsquo;incarnation avec son apologie du march\u00e9. Serrano a photographi\u00e9 l&rsquo;ancien et peut-\u00eatre futur pr\u00e9sident en 2004. Il ne lui pose pas de question, il shoot\u00e9. Trump est ombrageux, Serrano le sait. Le r\u00e9sultat est un Trump inqui\u00e9tant qui observe, peut-\u00eatre pr\u00eat \u00e0 lancer \u00ab\u00a0You&rsquo;re fired\u00a0\u00bb (vous \u00eates vir\u00e9s) comme sans l&rsquo;\u00e9mission de t\u00e9l\u00e9 r\u00e9alit\u00e9 The Apprentice. Plus tard, en 2019, Serrano pr\u00e9sente l&rsquo;exposition \u00ab\u00a0The Game : All Things Trump\u00a0\u00bb \u00e0 ARTX (New-York). Pendant deux mois et demi, elle met en sc\u00e8ne plus de 500 artefacts sur le millier achet\u00e9s sur Ebay ou dans les ventes aux ench\u00e8res. Un barnum reflet d'\u00a0\u00bbune farce permanente\u00a0\u00bb que Trump joue et qui aspire des millions d&rsquo;Am\u00e9ricains. Et au del\u00e0, impacte la plan\u00e8te enti\u00e8re.<\/p>\n\n\n\n<p>\u00c0 regarder attentivement \u00e0 l&rsquo;approche des \u00e9lection du 47eme pr\u00e9sident des \u00c9tats-Unis.  <\/p>\n\n\n\n<p>Photo principale : Donald Trump en Snoopy Dog<\/p>\n\n\n\n<h2 class=\"wp-block-heading has-text-align-center\">EN BREF<\/h2>\n\n\n\n<p>Portraits de l&rsquo;Am\u00e9rique est une exposition tr\u00e8s politique. Le mus\u00e9e Maillol choisit des s\u00e9ries qui racontent une histoire de marginalisation et de racisme, de violences et de surconsommation, de puritanisme et de religion. En bref sexe, morale, corps, violence, races. Andres Serrano a \u00e9t\u00e9 pionnier dans l&rsquo;exploration de ces facettes aujourd&rsquo;hui tomb\u00e9es dans le commun mais que Trump porte \u00e0 l&rsquo;acm\u00e9. Il a surtout invent\u00e9 une \u00e9criture plastique pour les raconter, du portrait de genre au travail sur la lumi\u00e8re et les fluides. <\/p>\n\n\n\n<p><\/p>\n\n\n\n<p><\/p>\n\n\n\n<h2 class=\"wp-block-heading has-text-align-center\">INFOS<\/h2>\n\n\n\n<p><\/p>\n\n\n\n<p><strong>Portraits de l&rsquo;Am\u00e9rique<\/strong><\/p>\n\n\n\n<p>Andres Serrano<\/p>\n\n\n\n<p><strong><a href=\"https:\/\/museemaillol.com\/\">Mus\u00e9e Maillol<\/a><\/strong><\/p>\n\n\n\n<p>Du 27 avril 2024 au 20 octobre 2024<\/p>\n\n\n\n<p>Related article <strong>Expo Andres Serrano les sombres archives de l&rsquo;Am\u00e9rique <\/strong>\/ <strong>Expo Andres Serrano les sombres archives de l&rsquo;Am\u00e9rique<\/strong><\/p>\n\n\n\n<p><a href=\"https:\/\/finelife.tv\/fr\/2018\/11\/21\/jr-exposition-momentum-a-la-mep\/\">JR : exposition Momentum \u00e0 la MEP<\/a><\/p>\n\n\n\n<hr class=\"wp-block-separator has-alpha-channel-opacity\"\/>\n","protected":false},"excerpt":{"rendered":"<p>Expo Andres Serrano les archives sombres de l&rsquo;Am\u00e9rique. Le mus\u00e9e Maillol ouvre ses portes au photographe iconique pour un voyage \u00e0 travers les s\u00e9ries cultes, de Nomads \u00e0 Infamous en passant par le scandaleux Piss Christ et le barnum Trump<\/p>\n","protected":false},"author":1,"featured_media":0,"comment_status":"open","ping_status":"open","sticky":false,"template":"","format":"standard","meta":{"footnotes":""},"categories":[4],"tags":[4841,610,22,68,4843,4840,4842,4768,1889,4736],"class_list":["post-18850","post","type-post","status-publish","format-standard","hentry","category-blog","tag-amerique","tag-andres-serrano","tag-art","tag-exposition","tag-musee-maillol","tag-phtographie","tag-piss-christ","tag-racisme","tag-religion","tag-trump"],"yoast_head":"<!-- This site is optimized with the Yoast SEO plugin v27.5 - https:\/\/yoast.com\/product\/yoast-seo-wordpress\/ -->\n<title>- FineLife.tv Expo Andres Serrano les sombres archives de l&#039;Am\u00e9rique<\/title>\n<meta name=\"description\" content=\"Expo Andres Serrano les sombres archives de l&#039;Am\u00e9rique. Portraits cultes d&#039;une nation fractur\u00e9e au mus\u00e9e Maillol\" \/>\n<meta name=\"robots\" content=\"index, follow, max-snippet:-1, max-image-preview:large, max-video-preview:-1\" \/>\n<link rel=\"canonical\" href=\"https:\/\/finelife.tv\/fr\/2024\/05\/12\/expo-andres-serrano-les-sombres-archives-de-lamerique\/\" \/>\n<meta property=\"og:locale\" content=\"fr_FR\" \/>\n<meta property=\"og:type\" content=\"article\" \/>\n<meta property=\"og:title\" content=\"- FineLife.tv Expo Andres Serrano les sombres archives de l&#039;Am\u00e9rique\" \/>\n<meta property=\"og:description\" content=\"Expo Andres Serrano les sombres archives de l&#039;Am\u00e9rique. Portraits cultes d&#039;une nation fractur\u00e9e au mus\u00e9e Maillol\" \/>\n<meta property=\"og:url\" content=\"https:\/\/finelife.tv\/fr\/2024\/05\/12\/expo-andres-serrano-les-sombres-archives-de-lamerique\/\" \/>\n<meta property=\"og:site_name\" content=\"FineLife.tv\" \/>\n<meta property=\"article:published_time\" content=\"2024-05-12T18:47:11+00:00\" \/>\n<meta property=\"article:modified_time\" content=\"2024-05-13T08:31:52+00:00\" \/>\n<meta property=\"og:image\" content=\"https:\/\/finelife.tv\/fr\/wp-content\/uploads\/2024\/05\/img-src-22https-finelife.tvimage.jpg-alt-22Expo-Andres-Serrano-les-sombres-archives-de-l-Amerique22-768x1024.jpg\" \/>\n<meta name=\"author\" content=\"Leonore\" \/>\n<meta name=\"twitter:card\" content=\"summary_large_image\" \/>\n<meta name=\"twitter:creator\" content=\"@finelifetv\" \/>\n<meta name=\"twitter:site\" content=\"@finelifetv\" \/>\n<meta name=\"twitter:label1\" content=\"\u00c9crit par\" \/>\n\t<meta name=\"twitter:data1\" content=\"Leonore\" \/>\n\t<meta name=\"twitter:label2\" content=\"Dur\u00e9e de lecture estim\u00e9e\" \/>\n\t<meta name=\"twitter:data2\" content=\"9 minutes\" \/>\n<script type=\"application\/ld+json\" class=\"yoast-schema-graph\">{\"@context\":\"https:\\\/\\\/schema.org\",\"@graph\":[{\"@type\":\"Article\",\"@id\":\"https:\\\/\\\/finelife.tv\\\/fr\\\/2024\\\/05\\\/12\\\/expo-andres-serrano-les-sombres-archives-de-lamerique\\\/#article\",\"isPartOf\":{\"@id\":\"https:\\\/\\\/finelife.tv\\\/fr\\\/2024\\\/05\\\/12\\\/expo-andres-serrano-les-sombres-archives-de-lamerique\\\/\"},\"author\":{\"name\":\"Leonore\",\"@id\":\"https:\\\/\\\/finelife.tv\\\/fr\\\/#\\\/schema\\\/person\\\/e3d980b0c0b3dc5af01c3455893c8c52\"},\"headline\":\"Expo Andres Serrano les sombres archives de l&rsquo;Am\u00e9rique\",\"datePublished\":\"2024-05-12T18:47:11+00:00\",\"dateModified\":\"2024-05-13T08:31:52+00:00\",\"mainEntityOfPage\":{\"@id\":\"https:\\\/\\\/finelife.tv\\\/fr\\\/2024\\\/05\\\/12\\\/expo-andres-serrano-les-sombres-archives-de-lamerique\\\/\"},\"wordCount\":1480,\"commentCount\":2,\"image\":{\"@id\":\"https:\\\/\\\/finelife.tv\\\/fr\\\/2024\\\/05\\\/12\\\/expo-andres-serrano-les-sombres-archives-de-lamerique\\\/#primaryimage\"},\"thumbnailUrl\":\"https:\\\/\\\/finelife.tv\\\/fr\\\/wp-content\\\/uploads\\\/2024\\\/05\\\/img-src-22https-finelife.tvimage.jpg-alt-22Expo-Andres-Serrano-les-sombres-archives-de-l-Amerique22-768x1024.jpg\",\"keywords\":[\"amerique\",\"Andres Serrano\",\"art\",\"exposition\",\"musee maillol\",\"phtographie\",\"piss christ\",\"racisme\",\"religion\",\"trump\"],\"articleSection\":[\"Blog\"],\"inLanguage\":\"fr-FR\",\"potentialAction\":[{\"@type\":\"CommentAction\",\"name\":\"Comment\",\"target\":[\"https:\\\/\\\/finelife.tv\\\/fr\\\/2024\\\/05\\\/12\\\/expo-andres-serrano-les-sombres-archives-de-lamerique\\\/#respond\"]}]},{\"@type\":\"WebPage\",\"@id\":\"https:\\\/\\\/finelife.tv\\\/fr\\\/2024\\\/05\\\/12\\\/expo-andres-serrano-les-sombres-archives-de-lamerique\\\/\",\"url\":\"https:\\\/\\\/finelife.tv\\\/fr\\\/2024\\\/05\\\/12\\\/expo-andres-serrano-les-sombres-archives-de-lamerique\\\/\",\"name\":\"- FineLife.tv Expo Andres Serrano les sombres archives de l'Am\u00e9rique\",\"isPartOf\":{\"@id\":\"https:\\\/\\\/finelife.tv\\\/fr\\\/#website\"},\"primaryImageOfPage\":{\"@id\":\"https:\\\/\\\/finelife.tv\\\/fr\\\/2024\\\/05\\\/12\\\/expo-andres-serrano-les-sombres-archives-de-lamerique\\\/#primaryimage\"},\"image\":{\"@id\":\"https:\\\/\\\/finelife.tv\\\/fr\\\/2024\\\/05\\\/12\\\/expo-andres-serrano-les-sombres-archives-de-lamerique\\\/#primaryimage\"},\"thumbnailUrl\":\"https:\\\/\\\/finelife.tv\\\/fr\\\/wp-content\\\/uploads\\\/2024\\\/05\\\/img-src-22https-finelife.tvimage.jpg-alt-22Expo-Andres-Serrano-les-sombres-archives-de-l-Amerique22-768x1024.jpg\",\"datePublished\":\"2024-05-12T18:47:11+00:00\",\"dateModified\":\"2024-05-13T08:31:52+00:00\",\"author\":{\"@id\":\"https:\\\/\\\/finelife.tv\\\/fr\\\/#\\\/schema\\\/person\\\/e3d980b0c0b3dc5af01c3455893c8c52\"},\"description\":\"Expo Andres Serrano les sombres archives de l'Am\u00e9rique. Portraits cultes d'une nation fractur\u00e9e au mus\u00e9e Maillol\",\"breadcrumb\":{\"@id\":\"https:\\\/\\\/finelife.tv\\\/fr\\\/2024\\\/05\\\/12\\\/expo-andres-serrano-les-sombres-archives-de-lamerique\\\/#breadcrumb\"},\"inLanguage\":\"fr-FR\",\"potentialAction\":[{\"@type\":\"ReadAction\",\"target\":[\"https:\\\/\\\/finelife.tv\\\/fr\\\/2024\\\/05\\\/12\\\/expo-andres-serrano-les-sombres-archives-de-lamerique\\\/\"]}]},{\"@type\":\"ImageObject\",\"inLanguage\":\"fr-FR\",\"@id\":\"https:\\\/\\\/finelife.tv\\\/fr\\\/2024\\\/05\\\/12\\\/expo-andres-serrano-les-sombres-archives-de-lamerique\\\/#primaryimage\",\"url\":\"https:\\\/\\\/finelife.tv\\\/fr\\\/wp-content\\\/uploads\\\/2024\\\/05\\\/img-src-22https-finelife.tvimage.jpg-alt-22Expo-Andres-Serrano-les-sombres-archives-de-l-Amerique22-scaled.jpg\",\"contentUrl\":\"https:\\\/\\\/finelife.tv\\\/fr\\\/wp-content\\\/uploads\\\/2024\\\/05\\\/img-src-22https-finelife.tvimage.jpg-alt-22Expo-Andres-Serrano-les-sombres-archives-de-l-Amerique22-scaled.jpg\",\"width\":1920,\"height\":2560},{\"@type\":\"BreadcrumbList\",\"@id\":\"https:\\\/\\\/finelife.tv\\\/fr\\\/2024\\\/05\\\/12\\\/expo-andres-serrano-les-sombres-archives-de-lamerique\\\/#breadcrumb\",\"itemListElement\":[{\"@type\":\"ListItem\",\"position\":1,\"name\":\"Accueil\",\"item\":\"https:\\\/\\\/finelife.tv\\\/fr\\\/\"},{\"@type\":\"ListItem\",\"position\":2,\"name\":\"Expo Andres Serrano les sombres archives de l&#8217;Am\u00e9rique\"}]},{\"@type\":\"WebSite\",\"@id\":\"https:\\\/\\\/finelife.tv\\\/fr\\\/#website\",\"url\":\"https:\\\/\\\/finelife.tv\\\/fr\\\/\",\"name\":\"FineLife.tv\",\"description\":\"Quand l&#039;Art de vivre croise l&#039;Art de penser\",\"potentialAction\":[{\"@type\":\"SearchAction\",\"target\":{\"@type\":\"EntryPoint\",\"urlTemplate\":\"https:\\\/\\\/finelife.tv\\\/fr\\\/?s={search_term_string}\"},\"query-input\":{\"@type\":\"PropertyValueSpecification\",\"valueRequired\":true,\"valueName\":\"search_term_string\"}}],\"inLanguage\":\"fr-FR\"},{\"@type\":\"Person\",\"@id\":\"https:\\\/\\\/finelife.tv\\\/fr\\\/#\\\/schema\\\/person\\\/e3d980b0c0b3dc5af01c3455893c8c52\",\"name\":\"Leonore\",\"image\":{\"@type\":\"ImageObject\",\"inLanguage\":\"fr-FR\",\"@id\":\"https:\\\/\\\/secure.gravatar.com\\\/avatar\\\/9a2e5073417479f910ffdeee54da5ccf4f91eab62746ce0ae0e81124a9491a79?s=96&d=mm&r=g\",\"url\":\"https:\\\/\\\/secure.gravatar.com\\\/avatar\\\/9a2e5073417479f910ffdeee54da5ccf4f91eab62746ce0ae0e81124a9491a79?s=96&d=mm&r=g\",\"contentUrl\":\"https:\\\/\\\/secure.gravatar.com\\\/avatar\\\/9a2e5073417479f910ffdeee54da5ccf4f91eab62746ce0ae0e81124a9491a79?s=96&d=mm&r=g\",\"caption\":\"Leonore\"}}]}<\/script>\n<!-- \/ Yoast SEO plugin. -->","yoast_head_json":{"title":"- FineLife.tv Expo Andres Serrano les sombres archives de l'Am\u00e9rique","description":"Expo Andres Serrano les sombres archives de l'Am\u00e9rique. Portraits cultes d'une nation fractur\u00e9e au mus\u00e9e Maillol","robots":{"index":"index","follow":"follow","max-snippet":"max-snippet:-1","max-image-preview":"max-image-preview:large","max-video-preview":"max-video-preview:-1"},"canonical":"https:\/\/finelife.tv\/fr\/2024\/05\/12\/expo-andres-serrano-les-sombres-archives-de-lamerique\/","og_locale":"fr_FR","og_type":"article","og_title":"- FineLife.tv Expo Andres Serrano les sombres archives de l'Am\u00e9rique","og_description":"Expo Andres Serrano les sombres archives de l'Am\u00e9rique. Portraits cultes d'une nation fractur\u00e9e au mus\u00e9e Maillol","og_url":"https:\/\/finelife.tv\/fr\/2024\/05\/12\/expo-andres-serrano-les-sombres-archives-de-lamerique\/","og_site_name":"FineLife.tv","article_published_time":"2024-05-12T18:47:11+00:00","article_modified_time":"2024-05-13T08:31:52+00:00","og_image":[{"url":"https:\/\/finelife.tv\/fr\/wp-content\/uploads\/2024\/05\/img-src-22https-finelife.tvimage.jpg-alt-22Expo-Andres-Serrano-les-sombres-archives-de-l-Amerique22-768x1024.jpg","type":"","width":"","height":""}],"author":"Leonore","twitter_card":"summary_large_image","twitter_creator":"@finelifetv","twitter_site":"@finelifetv","twitter_misc":{"\u00c9crit par":"Leonore","Dur\u00e9e de lecture estim\u00e9e":"9 minutes"},"schema":{"@context":"https:\/\/schema.org","@graph":[{"@type":"Article","@id":"https:\/\/finelife.tv\/fr\/2024\/05\/12\/expo-andres-serrano-les-sombres-archives-de-lamerique\/#article","isPartOf":{"@id":"https:\/\/finelife.tv\/fr\/2024\/05\/12\/expo-andres-serrano-les-sombres-archives-de-lamerique\/"},"author":{"name":"Leonore","@id":"https:\/\/finelife.tv\/fr\/#\/schema\/person\/e3d980b0c0b3dc5af01c3455893c8c52"},"headline":"Expo Andres Serrano les sombres archives de l&rsquo;Am\u00e9rique","datePublished":"2024-05-12T18:47:11+00:00","dateModified":"2024-05-13T08:31:52+00:00","mainEntityOfPage":{"@id":"https:\/\/finelife.tv\/fr\/2024\/05\/12\/expo-andres-serrano-les-sombres-archives-de-lamerique\/"},"wordCount":1480,"commentCount":2,"image":{"@id":"https:\/\/finelife.tv\/fr\/2024\/05\/12\/expo-andres-serrano-les-sombres-archives-de-lamerique\/#primaryimage"},"thumbnailUrl":"https:\/\/finelife.tv\/fr\/wp-content\/uploads\/2024\/05\/img-src-22https-finelife.tvimage.jpg-alt-22Expo-Andres-Serrano-les-sombres-archives-de-l-Amerique22-768x1024.jpg","keywords":["amerique","Andres Serrano","art","exposition","musee maillol","phtographie","piss christ","racisme","religion","trump"],"articleSection":["Blog"],"inLanguage":"fr-FR","potentialAction":[{"@type":"CommentAction","name":"Comment","target":["https:\/\/finelife.tv\/fr\/2024\/05\/12\/expo-andres-serrano-les-sombres-archives-de-lamerique\/#respond"]}]},{"@type":"WebPage","@id":"https:\/\/finelife.tv\/fr\/2024\/05\/12\/expo-andres-serrano-les-sombres-archives-de-lamerique\/","url":"https:\/\/finelife.tv\/fr\/2024\/05\/12\/expo-andres-serrano-les-sombres-archives-de-lamerique\/","name":"- FineLife.tv Expo Andres Serrano les sombres archives de l'Am\u00e9rique","isPartOf":{"@id":"https:\/\/finelife.tv\/fr\/#website"},"primaryImageOfPage":{"@id":"https:\/\/finelife.tv\/fr\/2024\/05\/12\/expo-andres-serrano-les-sombres-archives-de-lamerique\/#primaryimage"},"image":{"@id":"https:\/\/finelife.tv\/fr\/2024\/05\/12\/expo-andres-serrano-les-sombres-archives-de-lamerique\/#primaryimage"},"thumbnailUrl":"https:\/\/finelife.tv\/fr\/wp-content\/uploads\/2024\/05\/img-src-22https-finelife.tvimage.jpg-alt-22Expo-Andres-Serrano-les-sombres-archives-de-l-Amerique22-768x1024.jpg","datePublished":"2024-05-12T18:47:11+00:00","dateModified":"2024-05-13T08:31:52+00:00","author":{"@id":"https:\/\/finelife.tv\/fr\/#\/schema\/person\/e3d980b0c0b3dc5af01c3455893c8c52"},"description":"Expo Andres Serrano les sombres archives de l'Am\u00e9rique. Portraits cultes d'une nation fractur\u00e9e au mus\u00e9e Maillol","breadcrumb":{"@id":"https:\/\/finelife.tv\/fr\/2024\/05\/12\/expo-andres-serrano-les-sombres-archives-de-lamerique\/#breadcrumb"},"inLanguage":"fr-FR","potentialAction":[{"@type":"ReadAction","target":["https:\/\/finelife.tv\/fr\/2024\/05\/12\/expo-andres-serrano-les-sombres-archives-de-lamerique\/"]}]},{"@type":"ImageObject","inLanguage":"fr-FR","@id":"https:\/\/finelife.tv\/fr\/2024\/05\/12\/expo-andres-serrano-les-sombres-archives-de-lamerique\/#primaryimage","url":"https:\/\/finelife.tv\/fr\/wp-content\/uploads\/2024\/05\/img-src-22https-finelife.tvimage.jpg-alt-22Expo-Andres-Serrano-les-sombres-archives-de-l-Amerique22-scaled.jpg","contentUrl":"https:\/\/finelife.tv\/fr\/wp-content\/uploads\/2024\/05\/img-src-22https-finelife.tvimage.jpg-alt-22Expo-Andres-Serrano-les-sombres-archives-de-l-Amerique22-scaled.jpg","width":1920,"height":2560},{"@type":"BreadcrumbList","@id":"https:\/\/finelife.tv\/fr\/2024\/05\/12\/expo-andres-serrano-les-sombres-archives-de-lamerique\/#breadcrumb","itemListElement":[{"@type":"ListItem","position":1,"name":"Accueil","item":"https:\/\/finelife.tv\/fr\/"},{"@type":"ListItem","position":2,"name":"Expo Andres Serrano les sombres archives de l&#8217;Am\u00e9rique"}]},{"@type":"WebSite","@id":"https:\/\/finelife.tv\/fr\/#website","url":"https:\/\/finelife.tv\/fr\/","name":"FineLife.tv","description":"Quand l&#039;Art de vivre croise l&#039;Art de penser","potentialAction":[{"@type":"SearchAction","target":{"@type":"EntryPoint","urlTemplate":"https:\/\/finelife.tv\/fr\/?s={search_term_string}"},"query-input":{"@type":"PropertyValueSpecification","valueRequired":true,"valueName":"search_term_string"}}],"inLanguage":"fr-FR"},{"@type":"Person","@id":"https:\/\/finelife.tv\/fr\/#\/schema\/person\/e3d980b0c0b3dc5af01c3455893c8c52","name":"Leonore","image":{"@type":"ImageObject","inLanguage":"fr-FR","@id":"https:\/\/secure.gravatar.com\/avatar\/9a2e5073417479f910ffdeee54da5ccf4f91eab62746ce0ae0e81124a9491a79?s=96&d=mm&r=g","url":"https:\/\/secure.gravatar.com\/avatar\/9a2e5073417479f910ffdeee54da5ccf4f91eab62746ce0ae0e81124a9491a79?s=96&d=mm&r=g","contentUrl":"https:\/\/secure.gravatar.com\/avatar\/9a2e5073417479f910ffdeee54da5ccf4f91eab62746ce0ae0e81124a9491a79?s=96&d=mm&r=g","caption":"Leonore"}}]}},"_links":{"self":[{"href":"https:\/\/finelife.tv\/fr\/wp-json\/wp\/v2\/posts\/18850","targetHints":{"allow":["GET"]}}],"collection":[{"href":"https:\/\/finelife.tv\/fr\/wp-json\/wp\/v2\/posts"}],"about":[{"href":"https:\/\/finelife.tv\/fr\/wp-json\/wp\/v2\/types\/post"}],"author":[{"embeddable":true,"href":"https:\/\/finelife.tv\/fr\/wp-json\/wp\/v2\/users\/1"}],"replies":[{"embeddable":true,"href":"https:\/\/finelife.tv\/fr\/wp-json\/wp\/v2\/comments?post=18850"}],"version-history":[{"count":29,"href":"https:\/\/finelife.tv\/fr\/wp-json\/wp\/v2\/posts\/18850\/revisions"}],"predecessor-version":[{"id":18898,"href":"https:\/\/finelife.tv\/fr\/wp-json\/wp\/v2\/posts\/18850\/revisions\/18898"}],"wp:attachment":[{"href":"https:\/\/finelife.tv\/fr\/wp-json\/wp\/v2\/media?parent=18850"}],"wp:term":[{"taxonomy":"category","embeddable":true,"href":"https:\/\/finelife.tv\/fr\/wp-json\/wp\/v2\/categories?post=18850"},{"taxonomy":"post_tag","embeddable":true,"href":"https:\/\/finelife.tv\/fr\/wp-json\/wp\/v2\/tags?post=18850"}],"curies":[{"name":"wp","href":"https:\/\/api.w.org\/{rel}","templated":true}]}}