{"id":1966,"date":"2018-03-22T18:04:06","date_gmt":"2018-03-22T17:04:06","guid":{"rendered":"http:\/\/finelife.tv\/fr\/?p=1966"},"modified":"2023-10-24T14:49:34","modified_gmt":"2023-10-24T12:49:34","slug":"prix-guerlain-dessin-contemporain-2018-laureate-mamma-andersson","status":"publish","type":"post","link":"https:\/\/finelife.tv\/fr\/2018\/03\/22\/prix-guerlain-dessin-contemporain-2018-laureate-mamma-andersson\/","title":{"rendered":"Prix Guerlain pour le dessin contemporain 2018 : laur\u00e9ate Mamma Andersson"},"content":{"rendered":"<p><img loading=\"lazy\" decoding=\"async\" class=\"size-medium wp-image-1972 aligncenter\" src=\"https:\/\/finelife.tv\/fr\/wp-content\/uploads\/2018\/03\/mamma-andersson-young-girl-prix-guerlain-finelifetv-221x300.jpg\" alt=\"\" width=\"221\" height=\"300\" srcset=\"https:\/\/finelife.tv\/fr\/wp-content\/uploads\/2018\/03\/mamma-andersson-young-girl-prix-guerlain-finelifetv-221x300.jpg 221w, https:\/\/finelife.tv\/fr\/wp-content\/uploads\/2018\/03\/mamma-andersson-young-girl-prix-guerlain-finelifetv.jpg 267w\" sizes=\"auto, (max-width: 221px) 100vw, 221px\" \/><br \/>\nLe Prix Guerlain pour le dessin contemporain a s\u00e9lectionn\u00e9 trois artistes connus sur la sc\u00e8ne internationale : la su\u00e9doise Mamma Andersson, la japonaise Leiko Ikemura et la n\u00e9erlandaise Juul Kraijer. Honneur aux femmes donc.<\/p>\n<p>R\u00e9uni \u00e0 Paris le 22 mars pour sa 11\u00e8 \u00e9dition, le jury a attribu\u00e9 la r\u00e9compense \u00e0 l\u2019artiste Mamma Andersson. La remise du prix a eu lieu le jour m\u00eame dans le cadre du Salon du dessin qui accueille jusqu\u2019au 26 mars une exposition des trois artistes nomm\u00e9es.<\/p>\n<p>La laur\u00e9ate a re\u00e7u un prix de 15 000 euros tandis que les deux autres artistes recevaient chacune une dotation de 5 000 euros. Une \u0153uvre de la laur\u00e9ate sera offerte par la Fondation Daniel et Florence Guerlain \u00e0 une institution fran\u00e7aise.<\/p>\n<p><img loading=\"lazy\" decoding=\"async\" class=\"size-medium wp-image-1971 aligncenter\" src=\"https:\/\/finelife.tv\/fr\/wp-content\/uploads\/2018\/03\/mamma-andersson-laur\u00e9ate-prix-guerlain-finelifetv-200x300.jpg\" alt=\"\" width=\"200\" height=\"300\" srcset=\"https:\/\/finelife.tv\/fr\/wp-content\/uploads\/2018\/03\/mamma-andersson-laur\u00e9ate-prix-guerlain-finelifetv-200x300.jpg 200w, https:\/\/finelife.tv\/fr\/wp-content\/uploads\/2018\/03\/mamma-andersson-laur\u00e9ate-prix-guerlain-finelifetv.jpg 238w\" sizes=\"auto, (max-width: 200px) 100vw, 200px\" \/> .<\/p>\n<p>Cr\u00e9dit photo Luc Castel<\/p>\n<p>Related artcle :<br \/>\nhttps:\/\/finelife.tv\/fr\/2017\/06\/08\/salon-du-dessin-lemotion-du-papier\/<\/p>\n\n\n<p><strong><a href=\"https:\/\/finelife.tv\/fr\/2023\/10\/24\/expo-mamma-andersson-lart-de-ladieu\/\">Expo Mamma Andersson l\u2019art de l\u2019adieu<\/a><\/strong><\/p>\n","protected":false},"excerpt":{"rendered":"<p>Le Prix Guerlain pour le dessin contemporain 2018 a couronn\u00e9 la su\u00e9doise Mamma Andersson. Deux autres artistes \u00e9taient en lice : la japonaise Leiko Ikemura et la n\u00e9erlandaise Juul Kraijer. <\/p>\n","protected":false},"author":1,"featured_media":0,"comment_status":"closed","ping_status":"open","sticky":false,"template":"","format":"standard","meta":{"footnotes":""},"categories":[4],"tags":[527,22,59,901,902,903,173,182],"class_list":["post-1966","post","type-post","status-publish","format-standard","hentry","category-blog","tag-finelifetv","tag-art","tag-dessin","tag-mama","tag-mamma-andersson","tag-palais-brognart","tag-prix-guerlain-dessin-contemporain","tag-salon-du-dessin"],"yoast_head":"<!-- This site is optimized with the Yoast SEO plugin v27.5 - https:\/\/yoast.com\/product\/yoast-seo-wordpress\/ -->\n<title>Prix Guerlain pour le dessin contemporain 2018 : laur\u00e9ate Mamma Andersson - FineLife.tv<\/title>\n<meta name=\"robots\" content=\"index, follow, max-snippet:-1, max-image-preview:large, max-video-preview:-1\" \/>\n<link rel=\"canonical\" href=\"https:\/\/finelife.tv\/fr\/2018\/03\/22\/prix-guerlain-dessin-contemporain-2018-laureate-mamma-andersson\/\" \/>\n<meta property=\"og:locale\" content=\"fr_FR\" \/>\n<meta property=\"og:type\" content=\"article\" \/>\n<meta property=\"og:title\" content=\"Prix Guerlain pour le dessin contemporain 2018 : laur\u00e9ate Mamma Andersson - FineLife.tv\" \/>\n<meta property=\"og:description\" content=\"Le Prix Guerlain pour le dessin contemporain 2018 a couronn\u00e9 la su\u00e9doise Mamma Andersson. Deux autres artistes \u00e9taient en lice : la japonaise Leiko Ikemura et la n\u00e9erlandaise Juul Kraijer.\" \/>\n<meta property=\"og:url\" content=\"https:\/\/finelife.tv\/fr\/2018\/03\/22\/prix-guerlain-dessin-contemporain-2018-laureate-mamma-andersson\/\" \/>\n<meta property=\"og:site_name\" content=\"FineLife.tv\" \/>\n<meta property=\"article:published_time\" content=\"2018-03-22T17:04:06+00:00\" \/>\n<meta property=\"article:modified_time\" content=\"2023-10-24T12:49:34+00:00\" \/>\n<meta property=\"og:image\" content=\"http:\/\/finelife.tv\/fr\/wp-content\/uploads\/2018\/03\/mamma-andersson-young-girl-prix-guerlain-finelifetv-221x300.jpg\" \/>\n<meta name=\"author\" content=\"Leonore\" \/>\n<meta name=\"twitter:card\" content=\"summary_large_image\" \/>\n<meta name=\"twitter:creator\" content=\"@finelifetv\" \/>\n<meta name=\"twitter:site\" content=\"@finelifetv\" \/>\n<meta name=\"twitter:label1\" content=\"\u00c9crit par\" \/>\n\t<meta name=\"twitter:data1\" content=\"Leonore\" \/>\n\t<meta name=\"twitter:label2\" content=\"Dur\u00e9e de lecture estim\u00e9e\" \/>\n\t<meta name=\"twitter:data2\" content=\"2 minutes\" \/>\n<script type=\"application\/ld+json\" class=\"yoast-schema-graph\">{\"@context\":\"https:\\\/\\\/schema.org\",\"@graph\":[{\"@type\":\"Article\",\"@id\":\"https:\\\/\\\/finelife.tv\\\/fr\\\/2018\\\/03\\\/22\\\/prix-guerlain-dessin-contemporain-2018-laureate-mamma-andersson\\\/#article\",\"isPartOf\":{\"@id\":\"https:\\\/\\\/finelife.tv\\\/fr\\\/2018\\\/03\\\/22\\\/prix-guerlain-dessin-contemporain-2018-laureate-mamma-andersson\\\/\"},\"author\":{\"name\":\"Leonore\",\"@id\":\"https:\\\/\\\/finelife.tv\\\/fr\\\/#\\\/schema\\\/person\\\/e3d980b0c0b3dc5af01c3455893c8c52\"},\"headline\":\"Prix Guerlain pour le dessin contemporain 2018 : laur\u00e9ate Mamma Andersson\",\"datePublished\":\"2018-03-22T17:04:06+00:00\",\"dateModified\":\"2023-10-24T12:49:34+00:00\",\"mainEntityOfPage\":{\"@id\":\"https:\\\/\\\/finelife.tv\\\/fr\\\/2018\\\/03\\\/22\\\/prix-guerlain-dessin-contemporain-2018-laureate-mamma-andersson\\\/\"},\"wordCount\":157,\"image\":{\"@id\":\"https:\\\/\\\/finelife.tv\\\/fr\\\/2018\\\/03\\\/22\\\/prix-guerlain-dessin-contemporain-2018-laureate-mamma-andersson\\\/#primaryimage\"},\"thumbnailUrl\":\"http:\\\/\\\/finelife.tv\\\/fr\\\/wp-content\\\/uploads\\\/2018\\\/03\\\/mamma-andersson-young-girl-prix-guerlain-finelifetv-221x300.jpg\",\"keywords\":[\"#finelifetv\",\"art\",\"dessin\",\"mama\",\"Mamma Andersson\",\"palais brognart\",\"prix guerlain dessin contemporain\",\"salon du dessin\"],\"articleSection\":[\"Blog\"],\"inLanguage\":\"fr-FR\"},{\"@type\":\"WebPage\",\"@id\":\"https:\\\/\\\/finelife.tv\\\/fr\\\/2018\\\/03\\\/22\\\/prix-guerlain-dessin-contemporain-2018-laureate-mamma-andersson\\\/\",\"url\":\"https:\\\/\\\/finelife.tv\\\/fr\\\/2018\\\/03\\\/22\\\/prix-guerlain-dessin-contemporain-2018-laureate-mamma-andersson\\\/\",\"name\":\"Prix Guerlain pour le dessin contemporain 2018 : laur\u00e9ate Mamma Andersson - FineLife.tv\",\"isPartOf\":{\"@id\":\"https:\\\/\\\/finelife.tv\\\/fr\\\/#website\"},\"primaryImageOfPage\":{\"@id\":\"https:\\\/\\\/finelife.tv\\\/fr\\\/2018\\\/03\\\/22\\\/prix-guerlain-dessin-contemporain-2018-laureate-mamma-andersson\\\/#primaryimage\"},\"image\":{\"@id\":\"https:\\\/\\\/finelife.tv\\\/fr\\\/2018\\\/03\\\/22\\\/prix-guerlain-dessin-contemporain-2018-laureate-mamma-andersson\\\/#primaryimage\"},\"thumbnailUrl\":\"http:\\\/\\\/finelife.tv\\\/fr\\\/wp-content\\\/uploads\\\/2018\\\/03\\\/mamma-andersson-young-girl-prix-guerlain-finelifetv-221x300.jpg\",\"datePublished\":\"2018-03-22T17:04:06+00:00\",\"dateModified\":\"2023-10-24T12:49:34+00:00\",\"author\":{\"@id\":\"https:\\\/\\\/finelife.tv\\\/fr\\\/#\\\/schema\\\/person\\\/e3d980b0c0b3dc5af01c3455893c8c52\"},\"breadcrumb\":{\"@id\":\"https:\\\/\\\/finelife.tv\\\/fr\\\/2018\\\/03\\\/22\\\/prix-guerlain-dessin-contemporain-2018-laureate-mamma-andersson\\\/#breadcrumb\"},\"inLanguage\":\"fr-FR\",\"potentialAction\":[{\"@type\":\"ReadAction\",\"target\":[\"https:\\\/\\\/finelife.tv\\\/fr\\\/2018\\\/03\\\/22\\\/prix-guerlain-dessin-contemporain-2018-laureate-mamma-andersson\\\/\"]}]},{\"@type\":\"ImageObject\",\"inLanguage\":\"fr-FR\",\"@id\":\"https:\\\/\\\/finelife.tv\\\/fr\\\/2018\\\/03\\\/22\\\/prix-guerlain-dessin-contemporain-2018-laureate-mamma-andersson\\\/#primaryimage\",\"url\":\"http:\\\/\\\/finelife.tv\\\/fr\\\/wp-content\\\/uploads\\\/2018\\\/03\\\/mamma-andersson-young-girl-prix-guerlain-finelifetv-221x300.jpg\",\"contentUrl\":\"http:\\\/\\\/finelife.tv\\\/fr\\\/wp-content\\\/uploads\\\/2018\\\/03\\\/mamma-andersson-young-girl-prix-guerlain-finelifetv-221x300.jpg\"},{\"@type\":\"BreadcrumbList\",\"@id\":\"https:\\\/\\\/finelife.tv\\\/fr\\\/2018\\\/03\\\/22\\\/prix-guerlain-dessin-contemporain-2018-laureate-mamma-andersson\\\/#breadcrumb\",\"itemListElement\":[{\"@type\":\"ListItem\",\"position\":1,\"name\":\"Accueil\",\"item\":\"https:\\\/\\\/finelife.tv\\\/fr\\\/\"},{\"@type\":\"ListItem\",\"position\":2,\"name\":\"Prix Guerlain pour le dessin contemporain 2018 : laur\u00e9ate Mamma Andersson\"}]},{\"@type\":\"WebSite\",\"@id\":\"https:\\\/\\\/finelife.tv\\\/fr\\\/#website\",\"url\":\"https:\\\/\\\/finelife.tv\\\/fr\\\/\",\"name\":\"FineLife.tv\",\"description\":\"Quand l&#039;Art de vivre croise l&#039;Art de penser\",\"potentialAction\":[{\"@type\":\"SearchAction\",\"target\":{\"@type\":\"EntryPoint\",\"urlTemplate\":\"https:\\\/\\\/finelife.tv\\\/fr\\\/?s={search_term_string}\"},\"query-input\":{\"@type\":\"PropertyValueSpecification\",\"valueRequired\":true,\"valueName\":\"search_term_string\"}}],\"inLanguage\":\"fr-FR\"},{\"@type\":\"Person\",\"@id\":\"https:\\\/\\\/finelife.tv\\\/fr\\\/#\\\/schema\\\/person\\\/e3d980b0c0b3dc5af01c3455893c8c52\",\"name\":\"Leonore\",\"image\":{\"@type\":\"ImageObject\",\"inLanguage\":\"fr-FR\",\"@id\":\"https:\\\/\\\/secure.gravatar.com\\\/avatar\\\/9a2e5073417479f910ffdeee54da5ccf4f91eab62746ce0ae0e81124a9491a79?s=96&d=mm&r=g\",\"url\":\"https:\\\/\\\/secure.gravatar.com\\\/avatar\\\/9a2e5073417479f910ffdeee54da5ccf4f91eab62746ce0ae0e81124a9491a79?s=96&d=mm&r=g\",\"contentUrl\":\"https:\\\/\\\/secure.gravatar.com\\\/avatar\\\/9a2e5073417479f910ffdeee54da5ccf4f91eab62746ce0ae0e81124a9491a79?s=96&d=mm&r=g\",\"caption\":\"Leonore\"}}]}<\/script>\n<!-- \/ Yoast SEO plugin. -->","yoast_head_json":{"title":"Prix Guerlain pour le dessin contemporain 2018 : laur\u00e9ate Mamma Andersson - FineLife.tv","robots":{"index":"index","follow":"follow","max-snippet":"max-snippet:-1","max-image-preview":"max-image-preview:large","max-video-preview":"max-video-preview:-1"},"canonical":"https:\/\/finelife.tv\/fr\/2018\/03\/22\/prix-guerlain-dessin-contemporain-2018-laureate-mamma-andersson\/","og_locale":"fr_FR","og_type":"article","og_title":"Prix Guerlain pour le dessin contemporain 2018 : laur\u00e9ate Mamma Andersson - FineLife.tv","og_description":"Le Prix Guerlain pour le dessin contemporain 2018 a couronn\u00e9 la su\u00e9doise Mamma Andersson. Deux autres artistes \u00e9taient en lice : la japonaise Leiko Ikemura et la n\u00e9erlandaise Juul Kraijer.","og_url":"https:\/\/finelife.tv\/fr\/2018\/03\/22\/prix-guerlain-dessin-contemporain-2018-laureate-mamma-andersson\/","og_site_name":"FineLife.tv","article_published_time":"2018-03-22T17:04:06+00:00","article_modified_time":"2023-10-24T12:49:34+00:00","og_image":[{"url":"http:\/\/finelife.tv\/fr\/wp-content\/uploads\/2018\/03\/mamma-andersson-young-girl-prix-guerlain-finelifetv-221x300.jpg","type":"","width":"","height":""}],"author":"Leonore","twitter_card":"summary_large_image","twitter_creator":"@finelifetv","twitter_site":"@finelifetv","twitter_misc":{"\u00c9crit par":"Leonore","Dur\u00e9e de lecture estim\u00e9e":"2 minutes"},"schema":{"@context":"https:\/\/schema.org","@graph":[{"@type":"Article","@id":"https:\/\/finelife.tv\/fr\/2018\/03\/22\/prix-guerlain-dessin-contemporain-2018-laureate-mamma-andersson\/#article","isPartOf":{"@id":"https:\/\/finelife.tv\/fr\/2018\/03\/22\/prix-guerlain-dessin-contemporain-2018-laureate-mamma-andersson\/"},"author":{"name":"Leonore","@id":"https:\/\/finelife.tv\/fr\/#\/schema\/person\/e3d980b0c0b3dc5af01c3455893c8c52"},"headline":"Prix Guerlain pour le dessin contemporain 2018 : laur\u00e9ate Mamma Andersson","datePublished":"2018-03-22T17:04:06+00:00","dateModified":"2023-10-24T12:49:34+00:00","mainEntityOfPage":{"@id":"https:\/\/finelife.tv\/fr\/2018\/03\/22\/prix-guerlain-dessin-contemporain-2018-laureate-mamma-andersson\/"},"wordCount":157,"image":{"@id":"https:\/\/finelife.tv\/fr\/2018\/03\/22\/prix-guerlain-dessin-contemporain-2018-laureate-mamma-andersson\/#primaryimage"},"thumbnailUrl":"http:\/\/finelife.tv\/fr\/wp-content\/uploads\/2018\/03\/mamma-andersson-young-girl-prix-guerlain-finelifetv-221x300.jpg","keywords":["#finelifetv","art","dessin","mama","Mamma Andersson","palais brognart","prix guerlain dessin contemporain","salon du dessin"],"articleSection":["Blog"],"inLanguage":"fr-FR"},{"@type":"WebPage","@id":"https:\/\/finelife.tv\/fr\/2018\/03\/22\/prix-guerlain-dessin-contemporain-2018-laureate-mamma-andersson\/","url":"https:\/\/finelife.tv\/fr\/2018\/03\/22\/prix-guerlain-dessin-contemporain-2018-laureate-mamma-andersson\/","name":"Prix Guerlain pour le dessin contemporain 2018 : laur\u00e9ate Mamma Andersson - FineLife.tv","isPartOf":{"@id":"https:\/\/finelife.tv\/fr\/#website"},"primaryImageOfPage":{"@id":"https:\/\/finelife.tv\/fr\/2018\/03\/22\/prix-guerlain-dessin-contemporain-2018-laureate-mamma-andersson\/#primaryimage"},"image":{"@id":"https:\/\/finelife.tv\/fr\/2018\/03\/22\/prix-guerlain-dessin-contemporain-2018-laureate-mamma-andersson\/#primaryimage"},"thumbnailUrl":"http:\/\/finelife.tv\/fr\/wp-content\/uploads\/2018\/03\/mamma-andersson-young-girl-prix-guerlain-finelifetv-221x300.jpg","datePublished":"2018-03-22T17:04:06+00:00","dateModified":"2023-10-24T12:49:34+00:00","author":{"@id":"https:\/\/finelife.tv\/fr\/#\/schema\/person\/e3d980b0c0b3dc5af01c3455893c8c52"},"breadcrumb":{"@id":"https:\/\/finelife.tv\/fr\/2018\/03\/22\/prix-guerlain-dessin-contemporain-2018-laureate-mamma-andersson\/#breadcrumb"},"inLanguage":"fr-FR","potentialAction":[{"@type":"ReadAction","target":["https:\/\/finelife.tv\/fr\/2018\/03\/22\/prix-guerlain-dessin-contemporain-2018-laureate-mamma-andersson\/"]}]},{"@type":"ImageObject","inLanguage":"fr-FR","@id":"https:\/\/finelife.tv\/fr\/2018\/03\/22\/prix-guerlain-dessin-contemporain-2018-laureate-mamma-andersson\/#primaryimage","url":"http:\/\/finelife.tv\/fr\/wp-content\/uploads\/2018\/03\/mamma-andersson-young-girl-prix-guerlain-finelifetv-221x300.jpg","contentUrl":"http:\/\/finelife.tv\/fr\/wp-content\/uploads\/2018\/03\/mamma-andersson-young-girl-prix-guerlain-finelifetv-221x300.jpg"},{"@type":"BreadcrumbList","@id":"https:\/\/finelife.tv\/fr\/2018\/03\/22\/prix-guerlain-dessin-contemporain-2018-laureate-mamma-andersson\/#breadcrumb","itemListElement":[{"@type":"ListItem","position":1,"name":"Accueil","item":"https:\/\/finelife.tv\/fr\/"},{"@type":"ListItem","position":2,"name":"Prix Guerlain pour le dessin contemporain 2018 : laur\u00e9ate Mamma Andersson"}]},{"@type":"WebSite","@id":"https:\/\/finelife.tv\/fr\/#website","url":"https:\/\/finelife.tv\/fr\/","name":"FineLife.tv","description":"Quand l&#039;Art de vivre croise l&#039;Art de penser","potentialAction":[{"@type":"SearchAction","target":{"@type":"EntryPoint","urlTemplate":"https:\/\/finelife.tv\/fr\/?s={search_term_string}"},"query-input":{"@type":"PropertyValueSpecification","valueRequired":true,"valueName":"search_term_string"}}],"inLanguage":"fr-FR"},{"@type":"Person","@id":"https:\/\/finelife.tv\/fr\/#\/schema\/person\/e3d980b0c0b3dc5af01c3455893c8c52","name":"Leonore","image":{"@type":"ImageObject","inLanguage":"fr-FR","@id":"https:\/\/secure.gravatar.com\/avatar\/9a2e5073417479f910ffdeee54da5ccf4f91eab62746ce0ae0e81124a9491a79?s=96&d=mm&r=g","url":"https:\/\/secure.gravatar.com\/avatar\/9a2e5073417479f910ffdeee54da5ccf4f91eab62746ce0ae0e81124a9491a79?s=96&d=mm&r=g","contentUrl":"https:\/\/secure.gravatar.com\/avatar\/9a2e5073417479f910ffdeee54da5ccf4f91eab62746ce0ae0e81124a9491a79?s=96&d=mm&r=g","caption":"Leonore"}}]}},"_links":{"self":[{"href":"https:\/\/finelife.tv\/fr\/wp-json\/wp\/v2\/posts\/1966","targetHints":{"allow":["GET"]}}],"collection":[{"href":"https:\/\/finelife.tv\/fr\/wp-json\/wp\/v2\/posts"}],"about":[{"href":"https:\/\/finelife.tv\/fr\/wp-json\/wp\/v2\/types\/post"}],"author":[{"embeddable":true,"href":"https:\/\/finelife.tv\/fr\/wp-json\/wp\/v2\/users\/1"}],"replies":[{"embeddable":true,"href":"https:\/\/finelife.tv\/fr\/wp-json\/wp\/v2\/comments?post=1966"}],"version-history":[{"count":15,"href":"https:\/\/finelife.tv\/fr\/wp-json\/wp\/v2\/posts\/1966\/revisions"}],"predecessor-version":[{"id":15661,"href":"https:\/\/finelife.tv\/fr\/wp-json\/wp\/v2\/posts\/1966\/revisions\/15661"}],"wp:attachment":[{"href":"https:\/\/finelife.tv\/fr\/wp-json\/wp\/v2\/media?parent=1966"}],"wp:term":[{"taxonomy":"category","embeddable":true,"href":"https:\/\/finelife.tv\/fr\/wp-json\/wp\/v2\/categories?post=1966"},{"taxonomy":"post_tag","embeddable":true,"href":"https:\/\/finelife.tv\/fr\/wp-json\/wp\/v2\/tags?post=1966"}],"curies":[{"name":"wp","href":"https:\/\/api.w.org\/{rel}","templated":true}]}}