{"id":19679,"date":"2024-07-04T14:19:18","date_gmt":"2024-07-04T12:19:18","guid":{"rendered":"https:\/\/finelife.tv\/fr\/?p=19679"},"modified":"2024-07-04T21:38:46","modified_gmt":"2024-07-04T19:38:46","slug":"art-decouvrez-le-centre-pompidou-2030","status":"publish","type":"post","link":"https:\/\/finelife.tv\/fr\/2024\/07\/04\/art-decouvrez-le-centre-pompidou-2030\/","title":{"rendered":"Art D\u00e9couvrez le Centre Pompidou 2030"},"content":{"rendered":"<div class=\"wp-block-image\">\n<figure class=\"aligncenter size-large\"><img loading=\"lazy\" decoding=\"async\" width=\"1024\" height=\"676\" src=\"https:\/\/finelife.tv\/fr\/wp-content\/uploads\/2024\/07\/img-src-22https-finelife.tvimage.jpg-alt-22Art-Decouvrez-le-Centre-Pompidou-203022-1024x676.jpg\" alt=\"\" class=\"wp-image-19698\" srcset=\"https:\/\/finelife.tv\/fr\/wp-content\/uploads\/2024\/07\/img-src-22https-finelife.tvimage.jpg-alt-22Art-Decouvrez-le-Centre-Pompidou-203022-1024x676.jpg 1024w, https:\/\/finelife.tv\/fr\/wp-content\/uploads\/2024\/07\/img-src-22https-finelife.tvimage.jpg-alt-22Art-Decouvrez-le-Centre-Pompidou-203022-300x198.jpg 300w, https:\/\/finelife.tv\/fr\/wp-content\/uploads\/2024\/07\/img-src-22https-finelife.tvimage.jpg-alt-22Art-Decouvrez-le-Centre-Pompidou-203022-768x507.jpg 768w, https:\/\/finelife.tv\/fr\/wp-content\/uploads\/2024\/07\/img-src-22https-finelife.tvimage.jpg-alt-22Art-Decouvrez-le-Centre-Pompidou-203022-1536x1014.jpg 1536w, https:\/\/finelife.tv\/fr\/wp-content\/uploads\/2024\/07\/img-src-22https-finelife.tvimage.jpg-alt-22Art-Decouvrez-le-Centre-Pompidou-203022.jpg 1701w\" sizes=\"auto, (max-width: 1024px) 100vw, 1024px\" \/><\/figure>\n<\/div>\n\n\n<p><strong>Art D\u00e9couvrez le Centre Pompidou 2030. Le mus\u00e9e qui abrite la plus grande collection d&rsquo;art moderne<em> <\/em>et contemporain en Europe (pr\u00e8s de 120 000 \u0153uvres) ferme fin 2025. Le cabinet Moreau Kusunoki et l&rsquo;architecte mexicaine Frida Escobedo repensent ses 45 000 m2 sur fonds de fronde contre la fermeture compl\u00e8te. Les grands axes : injecter de la lumi\u00e8re, faciliter les circulations, ajouter des espaces d&rsquo;exposition, de commerces et de convivialit\u00e9. <\/strong><\/p>\n\n\n\n<p>Apr\u00e8s le Grand Palais, Beaubourg. Le Centre Pompidou fermera fin 2025 pour rouvrir au premier semestre 2030. Soit 3 ann\u00e9es et demi off selon le pr\u00e9sident Laurent Le Bon. Le projet de fermeture remonte \u00e0 2018 et s&rsquo;explique par des raisons techniques (remplacement des ascenseurs etc), de d\u00e9samiantage, de s\u00e9curit\u00e9, de mise aux normes environnementales et d&rsquo;accessibilit\u00e9.<\/p>\n\n\n\n<p>Six cabinets d&rsquo;architectes et de designers \u00e9taient en lice pour imaginer le nouveau visage de Beaubourg. Moreau Kusunoki, fond\u00e9 \u00e0 Paris en 2011 par Nicolas Moreau et Hiroko Kusunoki, a remport\u00e9 la mise aux c\u00f4t\u00e9s de la Mexicaine Frida Escobedo.<\/p>\n\n\n\n<p><\/p>\n\n\n\n<h2 class=\"wp-block-heading\">Lumi\u00e8re, circulations, nouveaux espaces au c\u0153ur du projet<\/h2>\n\n\n<div class=\"wp-block-image\">\n<figure class=\"aligncenter size-full\"><img loading=\"lazy\" decoding=\"async\" width=\"603\" height=\"465\" src=\"https:\/\/finelife.tv\/fr\/wp-content\/uploads\/2024\/07\/img-src-22https-finelife.tvimage.jpg-alt-22Art-Decouvrez-le-Centre-Pompidou-2030-espace-nouvelle-generation22.jpg\" alt=\"\" class=\"wp-image-19700\" srcset=\"https:\/\/finelife.tv\/fr\/wp-content\/uploads\/2024\/07\/img-src-22https-finelife.tvimage.jpg-alt-22Art-Decouvrez-le-Centre-Pompidou-2030-espace-nouvelle-generation22.jpg 603w, https:\/\/finelife.tv\/fr\/wp-content\/uploads\/2024\/07\/img-src-22https-finelife.tvimage.jpg-alt-22Art-Decouvrez-le-Centre-Pompidou-2030-espace-nouvelle-generation22-300x231.jpg 300w\" sizes=\"auto, (max-width: 603px) 100vw, 603px\" \/><\/figure>\n<\/div>\n\n\n<p>Renzo Piano et Richard Rogers ont con\u00e7u le Centre Pompidou ouvert en 1977. L&rsquo;architecture repose sur deux id\u00e9es principales. Tout d&rsquo;abord, ouvrir le mus\u00e9e sur la ville avec une grande place, la Piazza ext\u00e9rieure. Ensuite, jouer la carte des espaces modulables avec un empilement de grands plateaux. Par ailleurs une immense cheville escalator et un \u00ab\u00a0look tuyaux\u00a0\u00bb donnent une identit\u00e9 visuelle in\u00e9dite au mus\u00e9e. C&rsquo;est en fait gr\u00e2ce \u00e0 cette infrastructure en ext\u00e9rieur que la modulation des plateaux peut fonctionner.<\/p>\n\n\n\n<p>Le projet de transformation de Beaubourg devait respecter l&rsquo;esprit du lieu. Donc pas d&rsquo;extension ni de construction suppl\u00e9mentaire. Total respect de l&rsquo;exosquelette.<\/p>\n\n\n\n<p>\u00ab\u00a0Il fallait comprendre le Centre Pompidou, respecter ce patrimoine avec les id\u00e9aux radicaux de l&rsquo;\u00e9poque, qui, avec Renzo Piano, ont d&rsquo;ailleurs fait date et inspir\u00e9\u00a0\u00bb d\u00e9clare Nicolas Moreau.<\/p>\n\n\n\n<p>C&rsquo;est-\u00e0-dire notamment multiplier les porosit\u00e9s visuelles et physiques. Le fameux in-out, piazza et b\u00e2timent. <\/p>\n\n\n\n<p>Les laur\u00e9ats travaillent aussi sur la lumi\u00e8re notamment en rempla\u00e7ant les cloisons coupe-feux opaques en vitres et en restaurant la transparence du forum.<\/p>\n\n\n\n<p>Il fallait \u00e9galement clarifier la circulation. \u00ab\u00a0L&rsquo;acc\u00e8s \u00e0 la chenille en particulier \u00e9tait probl\u00e9matique. Nous avons imagin\u00e9 des escaliers rouges pour y acc\u00e9der\u00a0\u00bb pr\u00e9cise Nicolas Moreau. \u00ab\u00a0Des gradins ouvriront le champ des possibles\u00a0\u00bb. Par exemple profiter des spectacles de rue.<\/p>\n\n\n\n<p>La BPI sera \u00e9largie et l&rsquo;Agora gagnera 6 600 m2 de surfaces d&rsquo;expositions et de spectacles gr\u00e2ce \u00e0 l&rsquo;am\u00e9nagement des sous-sols en un syst\u00e8me d&rsquo;espaces modulables. Les \u00ab\u00a0boites\u00a0\u00bb r\u00e9parties dans l&rsquo;ensemble du b\u00e2timent.<\/p>\n\n\n\n<p>Laurent Le Bon pr\u00e9voie aussi un forum enti\u00e8rement d\u00e9di\u00e9 \u00e0 la jeunesse et \u00e0 la cr\u00e9ation \u00e9mergente et un mus\u00e9e virtuel sur internet.<\/p>\n\n\n\n<p>Cot\u00e9 espaces communs : des lieux de restauration en surplomb de la Piazza et un toit-terrasse avec vue panoramique sur Paris.<\/p>\n\n\n<div class=\"wp-block-image\">\n<figure class=\"aligncenter size-full\"><img loading=\"lazy\" decoding=\"async\" width=\"674\" height=\"487\" src=\"https:\/\/finelife.tv\/fr\/wp-content\/uploads\/2024\/07\/img-src-22https-finelife.tvimage.jpg-alt-22Art-Decouvrez-le-Centre-Pompidou-2030-vue-exterieure22.jpg\" alt=\"\" class=\"wp-image-19699\" srcset=\"https:\/\/finelife.tv\/fr\/wp-content\/uploads\/2024\/07\/img-src-22https-finelife.tvimage.jpg-alt-22Art-Decouvrez-le-Centre-Pompidou-2030-vue-exterieure22.jpg 674w, https:\/\/finelife.tv\/fr\/wp-content\/uploads\/2024\/07\/img-src-22https-finelife.tvimage.jpg-alt-22Art-Decouvrez-le-Centre-Pompidou-2030-vue-exterieure22-300x217.jpg 300w\" sizes=\"auto, (max-width: 674px) 100vw, 674px\" \/><\/figure>\n<\/div>\n\n\n<h2 class=\"wp-block-heading\">Rage against la fermeture <\/h2>\n\n\n\n<p>La fermeture du Centre Pompidou ne fait pas l&rsquo;unanimit\u00e9. Le monde des galeries et certains artistes critiquent la d\u00e9cision dans la presse.<em> <\/em>La galerie Perrotin a aussi lanc\u00e9 une p\u00e9tition via le site change.org. Les commer\u00e7ants s&rsquo;inqui\u00e8tent \u00e9galement.<em> <\/em>Car Beaubourg est le poumon artistique du Marais. Sans lui le quartier sera beaucoup moins attractif pour les touristes comme pour les amateurs de culture. <\/p>\n\n\n\n<p>Alors pourquoi ne pas opter pour une fermeture partielle ? Laurent Le Bon fr\u00e9mit. \u00ab\u00a0Il y a des pr\u00e9c\u00e9dents, Radio France, Jussieu. Pour Jussieu c\u2019est 20 ans de travaux au lieu des 3-4 pr\u00e9vus et 1,8 milliards d\u2019\u20ac au lieu de 800 millions d&rsquo;\u20ac \u00bb. Le pr\u00e9sident \u00e9voque aussi les dangers et les d\u00e9sagr\u00e9ments pour les personnels. \u00ab\u00a0Avec le bruit les co-activit\u00e9s vivraient un enfer. Et surtout je ne veux mettre aucune vie en danger\u00a0\u00bb. Par ailleurs, il souligne que les collections vont voyager \u00e0 Lille, \u00e0 Metz &#8230; \u00ab\u00a0On donne ainsi la chance \u00e0 d&rsquo;autres publics de d\u00e9couvrir des expositions\u00a0\u00bb.<\/p>\n\n\n\n<h2 class=\"wp-block-heading\">Stockage et expositions<\/h2>\n\n\n\n<p>Le Centre Pompidou met en place un programme de stockage et de programmation culturelle. Nom de code : Constellation.<\/p>\n\n\n\n<p>Les \u0153uvres seront r\u00e9parties entre le Grand Palais, le Louvre et diff\u00e9rents mus\u00e9es parisiens notamment le Quai Branly, les mus\u00e9es d\u2019Orsay et de l\u2019Orangerie, le mus\u00e9e Rodin, le mus\u00e9e national des arts asiatiques-Guimet ou encore le Jeu de Paume. Des partenariats avec des institutions r\u00e9gionales et ultra marines sont par ailleurs pr\u00e9vus.<\/p>\n\n\n\n<p>Un lieu alternatif au nom de migraine alliera conservation et programmation culturelle en r\u00e9gion parisienne. \u00c0 savoir, la future fabrique de l&rsquo;art (Centre Pompidou francilien &#8211; Fabrique de l&rsquo;Art &#8211; Mus\u00e9e national Picasso-Paris). Le mus\u00e9e Pompidou Picasso sera inaugur\u00e9 en 2026 entre lac et for\u00eat. Situ\u00e9e \u00e0 Massy, sur 30 000 m2, il devrait faire de l&rsquo;Essonne une destination culturelle. Nature-culture plus pr\u00e9cis\u00e9ment. Co\u00fbt du projet dessin\u00e9 par l&rsquo;agence PCA-STREAM-Philippe Chiambaretta et r\u00e9alis\u00e9 par Vinci : 105 M\u20ac.<\/p>\n\n\n\n<h2 class=\"wp-block-heading\">Comment financer ?<\/h2>\n\n\n\n<p>Le financement des travaux du futur Centre Pompidou reste vague. Co\u00fbt total : 460 millions d&rsquo;\u20ac !\u00a0\u00bbL&rsquo;\u00c9tat prend en charge les 260 millions n\u00e9cessaires aux am\u00e9nagements techniques. Il reste donc 200 millions d&rsquo;\u20ac pour la partie culturelle. Nous avons r\u00e9uni 1OO millions gr\u00e2ce \u00e0 des m\u00e9c\u00e8nes\u00a0\u00bb affirme Laurent Le Bon. Il en reste donc la moiti\u00e9 \u00e0 trouver. Et sinon \u00ab\u00a0Nous ne r\u00e9aliserons que les blocs que nous avons financ\u00e9\u00a0\u00bb pr\u00e9cise le pr\u00e9sident. Et le reste alors ? \u00ab\u00a0Rien, l&rsquo;espace restera vide\u00a0\u00bb.<\/p>\n\n\n\n<h2 class=\"wp-block-heading\">INFOS<\/h2>\n\n\n\n<p><strong><a href=\"https:\/\/www.centrepompidou.fr\/\">Centre Pompidou<\/a><\/strong><\/p>\n\n\n\n<p>Related article <strong>Art D\u00e9couvrez le futur Centre Pompidou 2030<\/strong><\/p>\n\n\n\n<p>Photo principale cr\u00e9dit <strong>Moreau Kusunoki Frida Escobedo <\/strong><\/p>\n\n\n\n<p><strong><a href=\"https:\/\/finelife.tv\/fr\/2023\/08\/11\/art-le-musee-pompidou-picasso-ouvrira-en-2026\/\">Art le mus\u00e9e Pompidou Picasso ouvrira en 2026<\/a><\/strong><\/p>\n\n\n\n<figure class=\"wp-block-embed is-type-wp-embed is-provider-finelife-tv wp-block-embed-finelife-tv\"><div class=\"wp-block-embed__wrapper\">\n<blockquote class=\"wp-embedded-content\" data-secret=\"3kNfDhSJPB\"><a href=\"https:\/\/finelife.tv\/fr\/2023\/08\/11\/art-le-musee-pompidou-picasso-ouvrira-en-2026\/\">Art : le mus\u00e9e Pompidou Picasso ouvrira en 2026<\/a><\/blockquote><iframe loading=\"lazy\" class=\"wp-embedded-content\" sandbox=\"allow-scripts\" security=\"restricted\" style=\"position: absolute; clip: rect(1px, 1px, 1px, 1px);\" title=\"\u00ab\u00a0Art : le mus\u00e9e Pompidou Picasso ouvrira en 2026\u00a0\u00bb &#8212; FineLife.tv\" src=\"https:\/\/finelife.tv\/fr\/2023\/08\/11\/art-le-musee-pompidou-picasso-ouvrira-en-2026\/embed\/#?secret=tlDgybdgjz#?secret=3kNfDhSJPB\" data-secret=\"3kNfDhSJPB\" width=\"500\" height=\"282\" frameborder=\"0\" marginwidth=\"0\" marginheight=\"0\" scrolling=\"no\"><\/iframe>\n<\/div><\/figure>\n","protected":false},"excerpt":{"rendered":"<p>Beaubourg le mus\u00e9e qui abrite la plus grande collection d&rsquo;art moderne et contemporain en Europe ferme fin 2025. Le cabinet Moreau Kusunoki et l&rsquo;architecte mexicaine Frida Escobedo repensent ses 45 000 m2 sur fonds de fronde contre la fermeture compl\u00e8te<\/p>\n","protected":false},"author":1,"featured_media":0,"comment_status":"open","ping_status":"open","sticky":false,"template":"","format":"standard","meta":{"footnotes":""},"categories":[4],"tags":[21,22,2529,455,41,4960,4961,4104],"class_list":["post-19679","post","type-post","status-publish","format-standard","hentry","category-blog","tag-architecture","tag-art","tag-beaubourg","tag-centre-beaubourg","tag-centre-pompidou","tag-fermeture-beaubourg","tag-fermeture-centre-pompidiu","tag-musee-2"],"yoast_head":"<!-- This site is optimized with the Yoast SEO plugin v27.5 - https:\/\/yoast.com\/product\/yoast-seo-wordpress\/ -->\n<title>Art D\u00e9couvrez le Centre Pompidou 2030 - FineLife.tv<\/title>\n<meta name=\"description\" content=\"Art D\u00e9couvrez le Centre Pompidou 2030. Le cabinet Moreau Kusunoki et l&#039;architecte Frida Escobedo jouent la lumi\u00e8re, les circulations, modules\" \/>\n<meta name=\"robots\" content=\"index, follow, max-snippet:-1, max-image-preview:large, max-video-preview:-1\" \/>\n<link rel=\"canonical\" href=\"https:\/\/finelife.tv\/fr\/2024\/07\/04\/art-decouvrez-le-centre-pompidou-2030\/\" \/>\n<meta property=\"og:locale\" content=\"fr_FR\" \/>\n<meta property=\"og:type\" content=\"article\" \/>\n<meta property=\"og:title\" content=\"Art D\u00e9couvrez le Centre Pompidou 2030 - FineLife.tv\" \/>\n<meta property=\"og:description\" content=\"Art D\u00e9couvrez le Centre Pompidou 2030. Le cabinet Moreau Kusunoki et l&#039;architecte Frida Escobedo jouent la lumi\u00e8re, les circulations, modules\" \/>\n<meta property=\"og:url\" content=\"https:\/\/finelife.tv\/fr\/2024\/07\/04\/art-decouvrez-le-centre-pompidou-2030\/\" \/>\n<meta property=\"og:site_name\" content=\"FineLife.tv\" \/>\n<meta property=\"article:published_time\" content=\"2024-07-04T12:19:18+00:00\" \/>\n<meta property=\"article:modified_time\" content=\"2024-07-04T19:38:46+00:00\" \/>\n<meta property=\"og:image\" content=\"https:\/\/finelife.tv\/fr\/wp-content\/uploads\/2024\/07\/img-src-22https-finelife.tvimage.jpg-alt-22Art-Decouvrez-le-Centre-Pompidou-203022-1024x676.jpg\" \/>\n<meta name=\"author\" content=\"Leonore\" \/>\n<meta name=\"twitter:card\" content=\"summary_large_image\" \/>\n<meta name=\"twitter:creator\" content=\"@finelifetv\" \/>\n<meta name=\"twitter:site\" content=\"@finelifetv\" \/>\n<meta name=\"twitter:label1\" content=\"\u00c9crit par\" \/>\n\t<meta name=\"twitter:data1\" content=\"Leonore\" \/>\n\t<meta name=\"twitter:label2\" content=\"Dur\u00e9e de lecture estim\u00e9e\" \/>\n\t<meta name=\"twitter:data2\" content=\"6 minutes\" \/>\n<script type=\"application\/ld+json\" class=\"yoast-schema-graph\">{\"@context\":\"https:\\\/\\\/schema.org\",\"@graph\":[{\"@type\":\"Article\",\"@id\":\"https:\\\/\\\/finelife.tv\\\/fr\\\/2024\\\/07\\\/04\\\/art-decouvrez-le-centre-pompidou-2030\\\/#article\",\"isPartOf\":{\"@id\":\"https:\\\/\\\/finelife.tv\\\/fr\\\/2024\\\/07\\\/04\\\/art-decouvrez-le-centre-pompidou-2030\\\/\"},\"author\":{\"name\":\"Leonore\",\"@id\":\"https:\\\/\\\/finelife.tv\\\/fr\\\/#\\\/schema\\\/person\\\/e3d980b0c0b3dc5af01c3455893c8c52\"},\"headline\":\"Art D\u00e9couvrez le Centre Pompidou 2030\",\"datePublished\":\"2024-07-04T12:19:18+00:00\",\"dateModified\":\"2024-07-04T19:38:46+00:00\",\"mainEntityOfPage\":{\"@id\":\"https:\\\/\\\/finelife.tv\\\/fr\\\/2024\\\/07\\\/04\\\/art-decouvrez-le-centre-pompidou-2030\\\/\"},\"wordCount\":974,\"commentCount\":1,\"image\":{\"@id\":\"https:\\\/\\\/finelife.tv\\\/fr\\\/2024\\\/07\\\/04\\\/art-decouvrez-le-centre-pompidou-2030\\\/#primaryimage\"},\"thumbnailUrl\":\"https:\\\/\\\/finelife.tv\\\/fr\\\/wp-content\\\/uploads\\\/2024\\\/07\\\/img-src-22https-finelife.tvimage.jpg-alt-22Art-Decouvrez-le-Centre-Pompidou-203022-1024x676.jpg\",\"keywords\":[\"architecture\",\"art\",\"Beaubourg\",\"centre beaubourg\",\"centre pompidou\",\"fermeture beaubourg\",\"fermeture centre pompidiu\",\"musee\"],\"articleSection\":[\"Blog\"],\"inLanguage\":\"fr-FR\",\"potentialAction\":[{\"@type\":\"CommentAction\",\"name\":\"Comment\",\"target\":[\"https:\\\/\\\/finelife.tv\\\/fr\\\/2024\\\/07\\\/04\\\/art-decouvrez-le-centre-pompidou-2030\\\/#respond\"]}]},{\"@type\":\"WebPage\",\"@id\":\"https:\\\/\\\/finelife.tv\\\/fr\\\/2024\\\/07\\\/04\\\/art-decouvrez-le-centre-pompidou-2030\\\/\",\"url\":\"https:\\\/\\\/finelife.tv\\\/fr\\\/2024\\\/07\\\/04\\\/art-decouvrez-le-centre-pompidou-2030\\\/\",\"name\":\"Art D\u00e9couvrez le Centre Pompidou 2030 - FineLife.tv\",\"isPartOf\":{\"@id\":\"https:\\\/\\\/finelife.tv\\\/fr\\\/#website\"},\"primaryImageOfPage\":{\"@id\":\"https:\\\/\\\/finelife.tv\\\/fr\\\/2024\\\/07\\\/04\\\/art-decouvrez-le-centre-pompidou-2030\\\/#primaryimage\"},\"image\":{\"@id\":\"https:\\\/\\\/finelife.tv\\\/fr\\\/2024\\\/07\\\/04\\\/art-decouvrez-le-centre-pompidou-2030\\\/#primaryimage\"},\"thumbnailUrl\":\"https:\\\/\\\/finelife.tv\\\/fr\\\/wp-content\\\/uploads\\\/2024\\\/07\\\/img-src-22https-finelife.tvimage.jpg-alt-22Art-Decouvrez-le-Centre-Pompidou-203022-1024x676.jpg\",\"datePublished\":\"2024-07-04T12:19:18+00:00\",\"dateModified\":\"2024-07-04T19:38:46+00:00\",\"author\":{\"@id\":\"https:\\\/\\\/finelife.tv\\\/fr\\\/#\\\/schema\\\/person\\\/e3d980b0c0b3dc5af01c3455893c8c52\"},\"description\":\"Art D\u00e9couvrez le Centre Pompidou 2030. Le cabinet Moreau Kusunoki et l'architecte Frida Escobedo jouent la lumi\u00e8re, les circulations, modules\",\"breadcrumb\":{\"@id\":\"https:\\\/\\\/finelife.tv\\\/fr\\\/2024\\\/07\\\/04\\\/art-decouvrez-le-centre-pompidou-2030\\\/#breadcrumb\"},\"inLanguage\":\"fr-FR\",\"potentialAction\":[{\"@type\":\"ReadAction\",\"target\":[\"https:\\\/\\\/finelife.tv\\\/fr\\\/2024\\\/07\\\/04\\\/art-decouvrez-le-centre-pompidou-2030\\\/\"]}]},{\"@type\":\"ImageObject\",\"inLanguage\":\"fr-FR\",\"@id\":\"https:\\\/\\\/finelife.tv\\\/fr\\\/2024\\\/07\\\/04\\\/art-decouvrez-le-centre-pompidou-2030\\\/#primaryimage\",\"url\":\"https:\\\/\\\/finelife.tv\\\/fr\\\/wp-content\\\/uploads\\\/2024\\\/07\\\/img-src-22https-finelife.tvimage.jpg-alt-22Art-Decouvrez-le-Centre-Pompidou-203022.jpg\",\"contentUrl\":\"https:\\\/\\\/finelife.tv\\\/fr\\\/wp-content\\\/uploads\\\/2024\\\/07\\\/img-src-22https-finelife.tvimage.jpg-alt-22Art-Decouvrez-le-Centre-Pompidou-203022.jpg\",\"width\":1701,\"height\":1123},{\"@type\":\"BreadcrumbList\",\"@id\":\"https:\\\/\\\/finelife.tv\\\/fr\\\/2024\\\/07\\\/04\\\/art-decouvrez-le-centre-pompidou-2030\\\/#breadcrumb\",\"itemListElement\":[{\"@type\":\"ListItem\",\"position\":1,\"name\":\"Accueil\",\"item\":\"https:\\\/\\\/finelife.tv\\\/fr\\\/\"},{\"@type\":\"ListItem\",\"position\":2,\"name\":\"Art D\u00e9couvrez le Centre Pompidou 2030\"}]},{\"@type\":\"WebSite\",\"@id\":\"https:\\\/\\\/finelife.tv\\\/fr\\\/#website\",\"url\":\"https:\\\/\\\/finelife.tv\\\/fr\\\/\",\"name\":\"FineLife.tv\",\"description\":\"Quand l&#039;Art de vivre croise l&#039;Art de penser\",\"potentialAction\":[{\"@type\":\"SearchAction\",\"target\":{\"@type\":\"EntryPoint\",\"urlTemplate\":\"https:\\\/\\\/finelife.tv\\\/fr\\\/?s={search_term_string}\"},\"query-input\":{\"@type\":\"PropertyValueSpecification\",\"valueRequired\":true,\"valueName\":\"search_term_string\"}}],\"inLanguage\":\"fr-FR\"},{\"@type\":\"Person\",\"@id\":\"https:\\\/\\\/finelife.tv\\\/fr\\\/#\\\/schema\\\/person\\\/e3d980b0c0b3dc5af01c3455893c8c52\",\"name\":\"Leonore\",\"image\":{\"@type\":\"ImageObject\",\"inLanguage\":\"fr-FR\",\"@id\":\"https:\\\/\\\/secure.gravatar.com\\\/avatar\\\/9a2e5073417479f910ffdeee54da5ccf4f91eab62746ce0ae0e81124a9491a79?s=96&d=mm&r=g\",\"url\":\"https:\\\/\\\/secure.gravatar.com\\\/avatar\\\/9a2e5073417479f910ffdeee54da5ccf4f91eab62746ce0ae0e81124a9491a79?s=96&d=mm&r=g\",\"contentUrl\":\"https:\\\/\\\/secure.gravatar.com\\\/avatar\\\/9a2e5073417479f910ffdeee54da5ccf4f91eab62746ce0ae0e81124a9491a79?s=96&d=mm&r=g\",\"caption\":\"Leonore\"}}]}<\/script>\n<!-- \/ Yoast SEO plugin. -->","yoast_head_json":{"title":"Art D\u00e9couvrez le Centre Pompidou 2030 - FineLife.tv","description":"Art D\u00e9couvrez le Centre Pompidou 2030. Le cabinet Moreau Kusunoki et l'architecte Frida Escobedo jouent la lumi\u00e8re, les circulations, modules","robots":{"index":"index","follow":"follow","max-snippet":"max-snippet:-1","max-image-preview":"max-image-preview:large","max-video-preview":"max-video-preview:-1"},"canonical":"https:\/\/finelife.tv\/fr\/2024\/07\/04\/art-decouvrez-le-centre-pompidou-2030\/","og_locale":"fr_FR","og_type":"article","og_title":"Art D\u00e9couvrez le Centre Pompidou 2030 - FineLife.tv","og_description":"Art D\u00e9couvrez le Centre Pompidou 2030. Le cabinet Moreau Kusunoki et l'architecte Frida Escobedo jouent la lumi\u00e8re, les circulations, modules","og_url":"https:\/\/finelife.tv\/fr\/2024\/07\/04\/art-decouvrez-le-centre-pompidou-2030\/","og_site_name":"FineLife.tv","article_published_time":"2024-07-04T12:19:18+00:00","article_modified_time":"2024-07-04T19:38:46+00:00","og_image":[{"url":"https:\/\/finelife.tv\/fr\/wp-content\/uploads\/2024\/07\/img-src-22https-finelife.tvimage.jpg-alt-22Art-Decouvrez-le-Centre-Pompidou-203022-1024x676.jpg","type":"","width":"","height":""}],"author":"Leonore","twitter_card":"summary_large_image","twitter_creator":"@finelifetv","twitter_site":"@finelifetv","twitter_misc":{"\u00c9crit par":"Leonore","Dur\u00e9e de lecture estim\u00e9e":"6 minutes"},"schema":{"@context":"https:\/\/schema.org","@graph":[{"@type":"Article","@id":"https:\/\/finelife.tv\/fr\/2024\/07\/04\/art-decouvrez-le-centre-pompidou-2030\/#article","isPartOf":{"@id":"https:\/\/finelife.tv\/fr\/2024\/07\/04\/art-decouvrez-le-centre-pompidou-2030\/"},"author":{"name":"Leonore","@id":"https:\/\/finelife.tv\/fr\/#\/schema\/person\/e3d980b0c0b3dc5af01c3455893c8c52"},"headline":"Art D\u00e9couvrez le Centre Pompidou 2030","datePublished":"2024-07-04T12:19:18+00:00","dateModified":"2024-07-04T19:38:46+00:00","mainEntityOfPage":{"@id":"https:\/\/finelife.tv\/fr\/2024\/07\/04\/art-decouvrez-le-centre-pompidou-2030\/"},"wordCount":974,"commentCount":1,"image":{"@id":"https:\/\/finelife.tv\/fr\/2024\/07\/04\/art-decouvrez-le-centre-pompidou-2030\/#primaryimage"},"thumbnailUrl":"https:\/\/finelife.tv\/fr\/wp-content\/uploads\/2024\/07\/img-src-22https-finelife.tvimage.jpg-alt-22Art-Decouvrez-le-Centre-Pompidou-203022-1024x676.jpg","keywords":["architecture","art","Beaubourg","centre beaubourg","centre pompidou","fermeture beaubourg","fermeture centre pompidiu","musee"],"articleSection":["Blog"],"inLanguage":"fr-FR","potentialAction":[{"@type":"CommentAction","name":"Comment","target":["https:\/\/finelife.tv\/fr\/2024\/07\/04\/art-decouvrez-le-centre-pompidou-2030\/#respond"]}]},{"@type":"WebPage","@id":"https:\/\/finelife.tv\/fr\/2024\/07\/04\/art-decouvrez-le-centre-pompidou-2030\/","url":"https:\/\/finelife.tv\/fr\/2024\/07\/04\/art-decouvrez-le-centre-pompidou-2030\/","name":"Art D\u00e9couvrez le Centre Pompidou 2030 - FineLife.tv","isPartOf":{"@id":"https:\/\/finelife.tv\/fr\/#website"},"primaryImageOfPage":{"@id":"https:\/\/finelife.tv\/fr\/2024\/07\/04\/art-decouvrez-le-centre-pompidou-2030\/#primaryimage"},"image":{"@id":"https:\/\/finelife.tv\/fr\/2024\/07\/04\/art-decouvrez-le-centre-pompidou-2030\/#primaryimage"},"thumbnailUrl":"https:\/\/finelife.tv\/fr\/wp-content\/uploads\/2024\/07\/img-src-22https-finelife.tvimage.jpg-alt-22Art-Decouvrez-le-Centre-Pompidou-203022-1024x676.jpg","datePublished":"2024-07-04T12:19:18+00:00","dateModified":"2024-07-04T19:38:46+00:00","author":{"@id":"https:\/\/finelife.tv\/fr\/#\/schema\/person\/e3d980b0c0b3dc5af01c3455893c8c52"},"description":"Art D\u00e9couvrez le Centre Pompidou 2030. Le cabinet Moreau Kusunoki et l'architecte Frida Escobedo jouent la lumi\u00e8re, les circulations, modules","breadcrumb":{"@id":"https:\/\/finelife.tv\/fr\/2024\/07\/04\/art-decouvrez-le-centre-pompidou-2030\/#breadcrumb"},"inLanguage":"fr-FR","potentialAction":[{"@type":"ReadAction","target":["https:\/\/finelife.tv\/fr\/2024\/07\/04\/art-decouvrez-le-centre-pompidou-2030\/"]}]},{"@type":"ImageObject","inLanguage":"fr-FR","@id":"https:\/\/finelife.tv\/fr\/2024\/07\/04\/art-decouvrez-le-centre-pompidou-2030\/#primaryimage","url":"https:\/\/finelife.tv\/fr\/wp-content\/uploads\/2024\/07\/img-src-22https-finelife.tvimage.jpg-alt-22Art-Decouvrez-le-Centre-Pompidou-203022.jpg","contentUrl":"https:\/\/finelife.tv\/fr\/wp-content\/uploads\/2024\/07\/img-src-22https-finelife.tvimage.jpg-alt-22Art-Decouvrez-le-Centre-Pompidou-203022.jpg","width":1701,"height":1123},{"@type":"BreadcrumbList","@id":"https:\/\/finelife.tv\/fr\/2024\/07\/04\/art-decouvrez-le-centre-pompidou-2030\/#breadcrumb","itemListElement":[{"@type":"ListItem","position":1,"name":"Accueil","item":"https:\/\/finelife.tv\/fr\/"},{"@type":"ListItem","position":2,"name":"Art D\u00e9couvrez le Centre Pompidou 2030"}]},{"@type":"WebSite","@id":"https:\/\/finelife.tv\/fr\/#website","url":"https:\/\/finelife.tv\/fr\/","name":"FineLife.tv","description":"Quand l&#039;Art de vivre croise l&#039;Art de penser","potentialAction":[{"@type":"SearchAction","target":{"@type":"EntryPoint","urlTemplate":"https:\/\/finelife.tv\/fr\/?s={search_term_string}"},"query-input":{"@type":"PropertyValueSpecification","valueRequired":true,"valueName":"search_term_string"}}],"inLanguage":"fr-FR"},{"@type":"Person","@id":"https:\/\/finelife.tv\/fr\/#\/schema\/person\/e3d980b0c0b3dc5af01c3455893c8c52","name":"Leonore","image":{"@type":"ImageObject","inLanguage":"fr-FR","@id":"https:\/\/secure.gravatar.com\/avatar\/9a2e5073417479f910ffdeee54da5ccf4f91eab62746ce0ae0e81124a9491a79?s=96&d=mm&r=g","url":"https:\/\/secure.gravatar.com\/avatar\/9a2e5073417479f910ffdeee54da5ccf4f91eab62746ce0ae0e81124a9491a79?s=96&d=mm&r=g","contentUrl":"https:\/\/secure.gravatar.com\/avatar\/9a2e5073417479f910ffdeee54da5ccf4f91eab62746ce0ae0e81124a9491a79?s=96&d=mm&r=g","caption":"Leonore"}}]}},"_links":{"self":[{"href":"https:\/\/finelife.tv\/fr\/wp-json\/wp\/v2\/posts\/19679","targetHints":{"allow":["GET"]}}],"collection":[{"href":"https:\/\/finelife.tv\/fr\/wp-json\/wp\/v2\/posts"}],"about":[{"href":"https:\/\/finelife.tv\/fr\/wp-json\/wp\/v2\/types\/post"}],"author":[{"embeddable":true,"href":"https:\/\/finelife.tv\/fr\/wp-json\/wp\/v2\/users\/1"}],"replies":[{"embeddable":true,"href":"https:\/\/finelife.tv\/fr\/wp-json\/wp\/v2\/comments?post=19679"}],"version-history":[{"count":32,"href":"https:\/\/finelife.tv\/fr\/wp-json\/wp\/v2\/posts\/19679\/revisions"}],"predecessor-version":[{"id":19729,"href":"https:\/\/finelife.tv\/fr\/wp-json\/wp\/v2\/posts\/19679\/revisions\/19729"}],"wp:attachment":[{"href":"https:\/\/finelife.tv\/fr\/wp-json\/wp\/v2\/media?parent=19679"}],"wp:term":[{"taxonomy":"category","embeddable":true,"href":"https:\/\/finelife.tv\/fr\/wp-json\/wp\/v2\/categories?post=19679"},{"taxonomy":"post_tag","embeddable":true,"href":"https:\/\/finelife.tv\/fr\/wp-json\/wp\/v2\/tags?post=19679"}],"curies":[{"name":"wp","href":"https:\/\/api.w.org\/{rel}","templated":true}]}}