{"id":19715,"date":"2024-07-05T19:04:55","date_gmt":"2024-07-05T17:04:55","guid":{"rendered":"https:\/\/finelife.tv\/fr\/?p=19715"},"modified":"2024-07-09T10:52:08","modified_gmt":"2024-07-09T08:52:08","slug":"art-le-parc-de-sculptures-dissoudun","status":"publish","type":"post","link":"https:\/\/finelife.tv\/fr\/2024\/07\/05\/art-le-parc-de-sculptures-dissoudun\/","title":{"rendered":"Art le parc de sculptures d&rsquo;Issoudun"},"content":{"rendered":"<div class=\"wp-block-image\">\n<figure class=\"aligncenter size-large\"><img loading=\"lazy\" decoding=\"async\" width=\"1024\" height=\"764\" src=\"https:\/\/finelife.tv\/fr\/wp-content\/uploads\/2024\/07\/img-src-https-finelife.tvimage.jpg-alt-22Art-le-parc-de-sculptures-d-Issoudun22-1024x764.png\" alt=\"\" class=\"wp-image-19736\" srcset=\"https:\/\/finelife.tv\/fr\/wp-content\/uploads\/2024\/07\/img-src-https-finelife.tvimage.jpg-alt-22Art-le-parc-de-sculptures-d-Issoudun22-1024x764.png 1024w, https:\/\/finelife.tv\/fr\/wp-content\/uploads\/2024\/07\/img-src-https-finelife.tvimage.jpg-alt-22Art-le-parc-de-sculptures-d-Issoudun22-300x224.png 300w, https:\/\/finelife.tv\/fr\/wp-content\/uploads\/2024\/07\/img-src-https-finelife.tvimage.jpg-alt-22Art-le-parc-de-sculptures-d-Issoudun22-768x573.png 768w, https:\/\/finelife.tv\/fr\/wp-content\/uploads\/2024\/07\/img-src-https-finelife.tvimage.jpg-alt-22Art-le-parc-de-sculptures-d-Issoudun22-1536x1147.png 1536w, https:\/\/finelife.tv\/fr\/wp-content\/uploads\/2024\/07\/img-src-https-finelife.tvimage.jpg-alt-22Art-le-parc-de-sculptures-d-Issoudun22.png 1570w\" sizes=\"auto, (max-width: 1024px) 100vw, 1024px\" \/><\/figure>\n<\/div>\n\n\n<p><strong>Art le parc de sculptures d&rsquo;Issoudun. Anne Claverie rend un hommage \u00e9colo aux Arbres de Jess\u00e9, tr\u00e9sors de l&rsquo;art chr\u00e9tien m\u00e9di\u00e9val<\/strong>. <\/p>\n\n\n\n<p>Anne Claverie, sculptrice et plasticienne inaugure \u00ab\u00a0en toute humilit\u00e9\u00a0\u00bb une \u0153uvre hommage aux Arbres de Jess\u00e9. Les deux sculptures sont les stars de la chapelle gothique de l&rsquo;ancien Hospice Saint-Roch, aujourd&rsquo;hui transform\u00e9 en mus\u00e9e.<\/p>\n\n\n<div class=\"wp-block-image\">\n<figure class=\"aligncenter size-large\"><img loading=\"lazy\" decoding=\"async\" width=\"768\" height=\"1024\" src=\"https:\/\/finelife.tv\/fr\/wp-content\/uploads\/2024\/07\/img-src-https-finelife.tvimage.jpg-alt-22Art-le-parc-de-sculptures-d-Issoudun-chapelle-gothique22-768x1024.jpg\" alt=\"\" class=\"wp-image-19738\" srcset=\"https:\/\/finelife.tv\/fr\/wp-content\/uploads\/2024\/07\/img-src-https-finelife.tvimage.jpg-alt-22Art-le-parc-de-sculptures-d-Issoudun-chapelle-gothique22-768x1024.jpg 768w, https:\/\/finelife.tv\/fr\/wp-content\/uploads\/2024\/07\/img-src-https-finelife.tvimage.jpg-alt-22Art-le-parc-de-sculptures-d-Issoudun-chapelle-gothique22-225x300.jpg 225w, https:\/\/finelife.tv\/fr\/wp-content\/uploads\/2024\/07\/img-src-https-finelife.tvimage.jpg-alt-22Art-le-parc-de-sculptures-d-Issoudun-chapelle-gothique22-1152x1536.jpg 1152w, https:\/\/finelife.tv\/fr\/wp-content\/uploads\/2024\/07\/img-src-https-finelife.tvimage.jpg-alt-22Art-le-parc-de-sculptures-d-Issoudun-chapelle-gothique22-1536x2048.jpg 1536w, https:\/\/finelife.tv\/fr\/wp-content\/uploads\/2024\/07\/img-src-https-finelife.tvimage.jpg-alt-22Art-le-parc-de-sculptures-d-Issoudun-chapelle-gothique22-scaled.jpg 1920w\" sizes=\"auto, (max-width: 768px) 100vw, 768px\" \/><figcaption class=\"wp-element-caption\">Chapelle gothique du mus\u00e9e de l&rsquo;Hospice Saint-Roch<\/figcaption><\/figure>\n<\/div>\n\n\n<p>Ces deux joyaux de l&rsquo;art chr\u00e9tien, r\u00e9alis\u00e9s entre 1490 et 1510 et class\u00e9s monument historique depuis 1908, encadrent la verri\u00e8re de la crucifixion. Ils illustrent la th\u00e9matique de la double origine du Christ inspir\u00e9e d&rsquo;une proph\u00e9tie d&rsquo;Isa\u00efe (11,1). \u00ab\u00a0Puis un rameau sortira du tronc de Jess\u00e9, et un rejeton na\u00eetra de ses racines\u00a0\u00bb.<\/p>\n\n\n<div class=\"wp-block-image\">\n<figure class=\"aligncenter size-large\"><img loading=\"lazy\" decoding=\"async\" width=\"768\" height=\"1024\" src=\"https:\/\/finelife.tv\/fr\/wp-content\/uploads\/2024\/07\/img-src-https-finelife.tvimage.jpg-alt-22Art-le-parc-de-sculptures-d-Issoudun-arbre-jesse-detail22-768x1024.jpg\" alt=\"\" class=\"wp-image-19739\" srcset=\"https:\/\/finelife.tv\/fr\/wp-content\/uploads\/2024\/07\/img-src-https-finelife.tvimage.jpg-alt-22Art-le-parc-de-sculptures-d-Issoudun-arbre-jesse-detail22-768x1024.jpg 768w, https:\/\/finelife.tv\/fr\/wp-content\/uploads\/2024\/07\/img-src-https-finelife.tvimage.jpg-alt-22Art-le-parc-de-sculptures-d-Issoudun-arbre-jesse-detail22-225x300.jpg 225w, https:\/\/finelife.tv\/fr\/wp-content\/uploads\/2024\/07\/img-src-https-finelife.tvimage.jpg-alt-22Art-le-parc-de-sculptures-d-Issoudun-arbre-jesse-detail22-1152x1536.jpg 1152w, https:\/\/finelife.tv\/fr\/wp-content\/uploads\/2024\/07\/img-src-https-finelife.tvimage.jpg-alt-22Art-le-parc-de-sculptures-d-Issoudun-arbre-jesse-detail22-1536x2048.jpg 1536w, https:\/\/finelife.tv\/fr\/wp-content\/uploads\/2024\/07\/img-src-https-finelife.tvimage.jpg-alt-22Art-le-parc-de-sculptures-d-Issoudun-arbre-jesse-detail22-scaled.jpg 1920w\" sizes=\"auto, (max-width: 768px) 100vw, 768px\" \/><figcaption class=\"wp-element-caption\">D\u00e9tail Arbre de Jess\u00e9<\/figcaption><\/figure>\n<\/div>\n\n\n<p><\/p>\n\n\n\n<p>Ainsi dans le premier ensemble Jess\u00e9, fils de David, repr\u00e9sente la g\u00e9n\u00e9alogie terrestre. De son tronc \u00e9merge un figuier dont chaque branche soutient des rois tir\u00e9s de l&rsquo;\u00c9vangile selon Saint Matthieu. Plus loin, dans le second bloc, Jess\u00e9 symbolise l&rsquo;ascendance spirituelle du Christ. De son flanc jaillit un ch\u00eane o\u00f9 se d\u00e9ploient, appuy\u00e9s sur Melchis\u00e9dech, les patriarches et les proph\u00e8tes, dont Mo\u00efse et Aaron. Les sculptures, hautes de cinq m\u00e8tres, ont \u00e9t\u00e9 ex\u00e9cut\u00e9es dans des blocs de fine pierre calcaire puis achev\u00e9es \u00e0 m\u00eame la paroi murale. Les \u0153uvres, qui ont la finesse d&rsquo;une dentelle de pierre, donnent une impression de vigne vierge qui colonise un mur.<\/p>\n\n\n<div class=\"wp-block-image\">\n<figure class=\"aligncenter size-large\"><img loading=\"lazy\" decoding=\"async\" width=\"619\" height=\"1024\" src=\"https:\/\/finelife.tv\/fr\/wp-content\/uploads\/2024\/07\/img-src-https-finelife.tvimage.jpg-alt-22Art-le-parc-de-sculptures-d-Issoudun-arbre-jesse22-619x1024.jpg\" alt=\"\" class=\"wp-image-19740\" srcset=\"https:\/\/finelife.tv\/fr\/wp-content\/uploads\/2024\/07\/img-src-https-finelife.tvimage.jpg-alt-22Art-le-parc-de-sculptures-d-Issoudun-arbre-jesse22-619x1024.jpg 619w, https:\/\/finelife.tv\/fr\/wp-content\/uploads\/2024\/07\/img-src-https-finelife.tvimage.jpg-alt-22Art-le-parc-de-sculptures-d-Issoudun-arbre-jesse22-181x300.jpg 181w, https:\/\/finelife.tv\/fr\/wp-content\/uploads\/2024\/07\/img-src-https-finelife.tvimage.jpg-alt-22Art-le-parc-de-sculptures-d-Issoudun-arbre-jesse22-768x1271.jpg 768w, https:\/\/finelife.tv\/fr\/wp-content\/uploads\/2024\/07\/img-src-https-finelife.tvimage.jpg-alt-22Art-le-parc-de-sculptures-d-Issoudun-arbre-jesse22-928x1536.jpg 928w, https:\/\/finelife.tv\/fr\/wp-content\/uploads\/2024\/07\/img-src-https-finelife.tvimage.jpg-alt-22Art-le-parc-de-sculptures-d-Issoudun-arbre-jesse22-1237x2048.jpg 1237w, https:\/\/finelife.tv\/fr\/wp-content\/uploads\/2024\/07\/img-src-https-finelife.tvimage.jpg-alt-22Art-le-parc-de-sculptures-d-Issoudun-arbre-jesse22-scaled.jpg 1546w\" sizes=\"auto, (max-width: 619px) 100vw, 619px\" \/><figcaption class=\"wp-element-caption\">Arbre de Jess\u00e9<\/figcaption><\/figure>\n<\/div>\n\n\n<h2 class=\"wp-block-heading\">Le Cand\u00e9labre \u00e9colo d&rsquo;Anne Claverie <\/h2>\n\n\n\n<p>Dans le parc, un figuier et un ch\u00eane sont la \u00ab\u00a0transposition botanique\u00a0\u00bb des Arbres de Jess\u00e9. S&rsquo;y ajoute depuis juin, le Cand\u00e9labre d&rsquo;Anne Claverie. \u00ab\u00a0En visitant le mus\u00e9e j&rsquo;ai ind\u00e9niablement \u00e9t\u00e9 frapp\u00e9e par les Arbres de Jess\u00e9 \u00ab\u00a0explique la sculptrice. \u00ab\u00a0Tr\u00e8s modestement j&rsquo;ai alors tent\u00e9 de travailler en \u00e9cho. Les branches et les pierres font ainsi r\u00e9f\u00e9rence aux ap\u00f4tres et au calcaire de la chapelle\u00a0\u00bb.<\/p>\n\n\n<div class=\"wp-block-image\">\n<figure class=\"aligncenter size-large\"><img loading=\"lazy\" decoding=\"async\" width=\"1024\" height=\"620\" src=\"https:\/\/finelife.tv\/fr\/wp-content\/uploads\/2024\/07\/img-src-https-finelife.tvimage.jpg-alt-22Art-le-parc-de-sculptures-d-Issoudun-sculpture-candelabre-anne-claverie22-1024x620.jpg\" alt=\"\" class=\"wp-image-19737\" srcset=\"https:\/\/finelife.tv\/fr\/wp-content\/uploads\/2024\/07\/img-src-https-finelife.tvimage.jpg-alt-22Art-le-parc-de-sculptures-d-Issoudun-sculpture-candelabre-anne-claverie22-1024x620.jpg 1024w, https:\/\/finelife.tv\/fr\/wp-content\/uploads\/2024\/07\/img-src-https-finelife.tvimage.jpg-alt-22Art-le-parc-de-sculptures-d-Issoudun-sculpture-candelabre-anne-claverie22-300x182.jpg 300w, https:\/\/finelife.tv\/fr\/wp-content\/uploads\/2024\/07\/img-src-https-finelife.tvimage.jpg-alt-22Art-le-parc-de-sculptures-d-Issoudun-sculpture-candelabre-anne-claverie22-768x465.jpg 768w, https:\/\/finelife.tv\/fr\/wp-content\/uploads\/2024\/07\/img-src-https-finelife.tvimage.jpg-alt-22Art-le-parc-de-sculptures-d-Issoudun-sculpture-candelabre-anne-claverie22-1536x931.jpg 1536w, https:\/\/finelife.tv\/fr\/wp-content\/uploads\/2024\/07\/img-src-https-finelife.tvimage.jpg-alt-22Art-le-parc-de-sculptures-d-Issoudun-sculpture-candelabre-anne-claverie22.jpg 1885w\" sizes=\"auto, (max-width: 1024px) 100vw, 1024px\" \/><figcaption class=\"wp-element-caption\">Cand\u00e9labre Anne Claverie d\u00e9tail<\/figcaption><\/figure>\n<\/div>\n\n\n<p>Le Cand\u00e9labre est en fait la derni\u00e8re d\u00e9clinaison d&rsquo;une s\u00e9rie d&rsquo;arbres faits de pneus. \u00ab\u00a0Je fais de la sculpture engag\u00e9e qui utilise des mat\u00e9riaux recycl\u00e9s. Avec les arbres en pneus on peut imaginer le parcours de l&rsquo;h\u00e9v\u00e9a -un autre arbre- au caoutchouc\u00a0\u00bb poursuit Anne Claverie. Un dialogue donc entre l&rsquo;univers organique-min\u00e9ral et manufactur\u00e9. \u00ab\u00a0J&rsquo;aime les mat\u00e9riaux et j&rsquo;aime essayer de les dompter. Je travaille avec ce que je ressens. Ici les tais de construction et la pierre\u00a0\u00bb. <\/p>\n\n\n\n<h2 class=\"wp-block-heading\">Le parc de sculptures du mus\u00e9e de l&rsquo;Hospice Saint-Roch<\/h2>\n\n\n\n<figure class=\"wp-block-video aligncenter\"><video height=\"568\" style=\"aspect-ratio: 320 \/ 568;\" width=\"320\" controls src=\"https:\/\/finelife.tv\/fr\/wp-content\/uploads\/2024\/07\/img-src-22https-finelife.tvimage.MOV-alt-22Art-le-parc-de-sculptures-d-Issoudun-video22.mov\"><\/video><\/figure>\n\n\n\n<p>Le Cand\u00e9labre de 4 m\u00e8tres sur 3 est la derni\u00e8re \u0153uvre \u00e0 rejoindre le Parc de sculptures qui en compte 20. Le parc de 5000 m2 prend la place des anciens jardins, potagers et vergers de l&rsquo;Hospice. Il s&rsquo;ouvre sur la rivi\u00e8re de la Th\u00e9ols, le pont Sainte-Paterne, la Tour Blanche mais aussi bien s\u00fbr l&rsquo;architecture de la chapelle gothique.<\/p>\n\n\n\n<p>Les \u0153uvres proviennent de dons ou encore d&rsquo;achats. On remarque notamment les cr\u00e9ations de Max Ernst, Anton Prinner, \u00c9tienne Martin, Brigitte Terziev &#8230;<\/p>\n\n\n\n<h2 class=\"wp-block-heading\">INFOS<\/h2>\n\n\n\n<p>Photo principale Le Cand\u00e9labre d&rsquo;Anne Claverie, pneu, acier, pierre cr\u00e9dit photo mus\u00e9e de l&rsquo;Hospice Saint-Roch<\/p>\n\n\n\n<p><strong><a href=\"https:\/\/www.museeissoudun.tv\/\">Parc de sculptures du mus\u00e9e de l&rsquo;Hospice Saint-Roch<\/a><\/strong><\/p>\n\n\n\n<p>Exposition du Cand\u00e9labre jusqu&rsquo;au 25 mars 2025<\/p>\n\n\n\n<p>Rue de l\u2019Hospice Saint-Roch BP 150 36105 &nbsp;ISSOUDUN Cedex<\/p>\n\n\n\n<p>T\u00e9l : 02 54 21 01 76<\/p>\n\n\n\n<p>Entr\u00e9e libre et gratuite.<\/p>\n\n\n\n<p>Related article Art le parc de sculptures d&rsquo;Issoudun<\/p>\n\n\n\n<p><strong><a href=\"https:\/\/finelife.tv\/fr\/2024\/07\/08\/expo-guerlain-passion-dessin-a-lhospice-saint-roch\/\">Expo Guerlain Passion dessin \u00e0 l\u2019Hospice Saint-Roch<\/a><\/strong><\/p>\n","protected":false},"excerpt":{"rendered":"<p>Art le parc de sculptures d&rsquo;Issoudun. Avec Le Cand\u00e9lable Anne Claverie rend un hommage \u00e9colo aux Arbres de Jess\u00e9, tr\u00e9sors de l&rsquo;art chr\u00e9tien m\u00e9di\u00e9val<\/p>\n","protected":false},"author":1,"featured_media":0,"comment_status":"open","ping_status":"open","sticky":false,"template":"","format":"standard","meta":{"footnotes":""},"categories":[4],"tags":[4963,4965,22,4962,4970,4971,4969,539,4968],"class_list":["post-19715","post","type-post","status-publish","format-standard","hentry","category-blog","tag-anne-claverie","tag-arbres-de-jesse","tag-art","tag-art-ecolo","tag-art-gothique","tag-art-medieval","tag-parc-de-sculptures-essoudun","tag-sculpture","tag-sculpture-la-candelable"],"yoast_head":"<!-- This site is optimized with the Yoast SEO plugin v27.5 - https:\/\/yoast.com\/product\/yoast-seo-wordpress\/ -->\n<title>Art le parc de sculptures d&#039;Issoudun - FineLife.tv<\/title>\n<meta name=\"description\" content=\"Art le parc de sculptures d&#039;Issoudun. Anne Claverie rend un hommage \u00e9colo aux Arbres de Jess\u00e9 tr\u00e9sors de l&#039;art chr\u00e9tien m\u00e9di\u00e9val\" \/>\n<meta name=\"robots\" content=\"index, follow, max-snippet:-1, max-image-preview:large, max-video-preview:-1\" \/>\n<link rel=\"canonical\" href=\"https:\/\/finelife.tv\/fr\/2024\/07\/05\/art-le-parc-de-sculptures-dissoudun\/\" \/>\n<meta property=\"og:locale\" content=\"fr_FR\" \/>\n<meta property=\"og:type\" content=\"article\" \/>\n<meta property=\"og:title\" content=\"Art le parc de sculptures d&#039;Issoudun - FineLife.tv\" \/>\n<meta property=\"og:description\" content=\"Art le parc de sculptures d&#039;Issoudun. Anne Claverie rend un hommage \u00e9colo aux Arbres de Jess\u00e9 tr\u00e9sors de l&#039;art chr\u00e9tien m\u00e9di\u00e9val\" \/>\n<meta property=\"og:url\" content=\"https:\/\/finelife.tv\/fr\/2024\/07\/05\/art-le-parc-de-sculptures-dissoudun\/\" \/>\n<meta property=\"og:site_name\" content=\"FineLife.tv\" \/>\n<meta property=\"article:published_time\" content=\"2024-07-05T17:04:55+00:00\" \/>\n<meta property=\"article:modified_time\" content=\"2024-07-09T08:52:08+00:00\" \/>\n<meta property=\"og:image\" content=\"https:\/\/finelife.tv\/fr\/wp-content\/uploads\/2024\/07\/img-src-https-finelife.tvimage.jpg-alt-22Art-le-parc-de-sculptures-d-Issoudun22-1024x764.png\" \/>\n<meta name=\"author\" content=\"Leonore\" \/>\n<meta name=\"twitter:card\" content=\"summary_large_image\" \/>\n<meta name=\"twitter:creator\" content=\"@finelifetv\" \/>\n<meta name=\"twitter:site\" content=\"@finelifetv\" \/>\n<meta name=\"twitter:label1\" content=\"\u00c9crit par\" \/>\n\t<meta name=\"twitter:data1\" content=\"Leonore\" \/>\n\t<meta name=\"twitter:label2\" content=\"Dur\u00e9e de lecture estim\u00e9e\" \/>\n\t<meta name=\"twitter:data2\" content=\"4 minutes\" \/>\n<script type=\"application\/ld+json\" class=\"yoast-schema-graph\">{\"@context\":\"https:\\\/\\\/schema.org\",\"@graph\":[{\"@type\":\"Article\",\"@id\":\"https:\\\/\\\/finelife.tv\\\/fr\\\/2024\\\/07\\\/05\\\/art-le-parc-de-sculptures-dissoudun\\\/#article\",\"isPartOf\":{\"@id\":\"https:\\\/\\\/finelife.tv\\\/fr\\\/2024\\\/07\\\/05\\\/art-le-parc-de-sculptures-dissoudun\\\/\"},\"author\":{\"name\":\"Leonore\",\"@id\":\"https:\\\/\\\/finelife.tv\\\/fr\\\/#\\\/schema\\\/person\\\/e3d980b0c0b3dc5af01c3455893c8c52\"},\"headline\":\"Art le parc de sculptures d&rsquo;Issoudun\",\"datePublished\":\"2024-07-05T17:04:55+00:00\",\"dateModified\":\"2024-07-09T08:52:08+00:00\",\"mainEntityOfPage\":{\"@id\":\"https:\\\/\\\/finelife.tv\\\/fr\\\/2024\\\/07\\\/05\\\/art-le-parc-de-sculptures-dissoudun\\\/\"},\"wordCount\":628,\"commentCount\":1,\"image\":{\"@id\":\"https:\\\/\\\/finelife.tv\\\/fr\\\/2024\\\/07\\\/05\\\/art-le-parc-de-sculptures-dissoudun\\\/#primaryimage\"},\"thumbnailUrl\":\"https:\\\/\\\/finelife.tv\\\/fr\\\/wp-content\\\/uploads\\\/2024\\\/07\\\/img-src-https-finelife.tvimage.jpg-alt-22Art-le-parc-de-sculptures-d-Issoudun22-1024x764.png\",\"keywords\":[\"anne claverie\",\"arbres de jesse\",\"art\",\"art ecolo\",\"art gothique\",\"art medieval\",\"parc de sculptures Essoudun\",\"sculpture\",\"sculpture la cand\u00e9lable\"],\"articleSection\":[\"Blog\"],\"inLanguage\":\"fr-FR\",\"potentialAction\":[{\"@type\":\"CommentAction\",\"name\":\"Comment\",\"target\":[\"https:\\\/\\\/finelife.tv\\\/fr\\\/2024\\\/07\\\/05\\\/art-le-parc-de-sculptures-dissoudun\\\/#respond\"]}]},{\"@type\":\"WebPage\",\"@id\":\"https:\\\/\\\/finelife.tv\\\/fr\\\/2024\\\/07\\\/05\\\/art-le-parc-de-sculptures-dissoudun\\\/\",\"url\":\"https:\\\/\\\/finelife.tv\\\/fr\\\/2024\\\/07\\\/05\\\/art-le-parc-de-sculptures-dissoudun\\\/\",\"name\":\"Art le parc de sculptures d'Issoudun - FineLife.tv\",\"isPartOf\":{\"@id\":\"https:\\\/\\\/finelife.tv\\\/fr\\\/#website\"},\"primaryImageOfPage\":{\"@id\":\"https:\\\/\\\/finelife.tv\\\/fr\\\/2024\\\/07\\\/05\\\/art-le-parc-de-sculptures-dissoudun\\\/#primaryimage\"},\"image\":{\"@id\":\"https:\\\/\\\/finelife.tv\\\/fr\\\/2024\\\/07\\\/05\\\/art-le-parc-de-sculptures-dissoudun\\\/#primaryimage\"},\"thumbnailUrl\":\"https:\\\/\\\/finelife.tv\\\/fr\\\/wp-content\\\/uploads\\\/2024\\\/07\\\/img-src-https-finelife.tvimage.jpg-alt-22Art-le-parc-de-sculptures-d-Issoudun22-1024x764.png\",\"datePublished\":\"2024-07-05T17:04:55+00:00\",\"dateModified\":\"2024-07-09T08:52:08+00:00\",\"author\":{\"@id\":\"https:\\\/\\\/finelife.tv\\\/fr\\\/#\\\/schema\\\/person\\\/e3d980b0c0b3dc5af01c3455893c8c52\"},\"description\":\"Art le parc de sculptures d'Issoudun. Anne Claverie rend un hommage \u00e9colo aux Arbres de Jess\u00e9 tr\u00e9sors de l'art chr\u00e9tien m\u00e9di\u00e9val\",\"breadcrumb\":{\"@id\":\"https:\\\/\\\/finelife.tv\\\/fr\\\/2024\\\/07\\\/05\\\/art-le-parc-de-sculptures-dissoudun\\\/#breadcrumb\"},\"inLanguage\":\"fr-FR\",\"potentialAction\":[{\"@type\":\"ReadAction\",\"target\":[\"https:\\\/\\\/finelife.tv\\\/fr\\\/2024\\\/07\\\/05\\\/art-le-parc-de-sculptures-dissoudun\\\/\"]}]},{\"@type\":\"ImageObject\",\"inLanguage\":\"fr-FR\",\"@id\":\"https:\\\/\\\/finelife.tv\\\/fr\\\/2024\\\/07\\\/05\\\/art-le-parc-de-sculptures-dissoudun\\\/#primaryimage\",\"url\":\"https:\\\/\\\/finelife.tv\\\/fr\\\/wp-content\\\/uploads\\\/2024\\\/07\\\/img-src-https-finelife.tvimage.jpg-alt-22Art-le-parc-de-sculptures-d-Issoudun22.png\",\"contentUrl\":\"https:\\\/\\\/finelife.tv\\\/fr\\\/wp-content\\\/uploads\\\/2024\\\/07\\\/img-src-https-finelife.tvimage.jpg-alt-22Art-le-parc-de-sculptures-d-Issoudun22.png\",\"width\":1570,\"height\":1172},{\"@type\":\"BreadcrumbList\",\"@id\":\"https:\\\/\\\/finelife.tv\\\/fr\\\/2024\\\/07\\\/05\\\/art-le-parc-de-sculptures-dissoudun\\\/#breadcrumb\",\"itemListElement\":[{\"@type\":\"ListItem\",\"position\":1,\"name\":\"Accueil\",\"item\":\"https:\\\/\\\/finelife.tv\\\/fr\\\/\"},{\"@type\":\"ListItem\",\"position\":2,\"name\":\"Art le parc de sculptures d&#8217;Issoudun\"}]},{\"@type\":\"WebSite\",\"@id\":\"https:\\\/\\\/finelife.tv\\\/fr\\\/#website\",\"url\":\"https:\\\/\\\/finelife.tv\\\/fr\\\/\",\"name\":\"FineLife.tv\",\"description\":\"Quand l&#039;Art de vivre croise l&#039;Art de penser\",\"potentialAction\":[{\"@type\":\"SearchAction\",\"target\":{\"@type\":\"EntryPoint\",\"urlTemplate\":\"https:\\\/\\\/finelife.tv\\\/fr\\\/?s={search_term_string}\"},\"query-input\":{\"@type\":\"PropertyValueSpecification\",\"valueRequired\":true,\"valueName\":\"search_term_string\"}}],\"inLanguage\":\"fr-FR\"},{\"@type\":\"Person\",\"@id\":\"https:\\\/\\\/finelife.tv\\\/fr\\\/#\\\/schema\\\/person\\\/e3d980b0c0b3dc5af01c3455893c8c52\",\"name\":\"Leonore\",\"image\":{\"@type\":\"ImageObject\",\"inLanguage\":\"fr-FR\",\"@id\":\"https:\\\/\\\/secure.gravatar.com\\\/avatar\\\/9a2e5073417479f910ffdeee54da5ccf4f91eab62746ce0ae0e81124a9491a79?s=96&d=mm&r=g\",\"url\":\"https:\\\/\\\/secure.gravatar.com\\\/avatar\\\/9a2e5073417479f910ffdeee54da5ccf4f91eab62746ce0ae0e81124a9491a79?s=96&d=mm&r=g\",\"contentUrl\":\"https:\\\/\\\/secure.gravatar.com\\\/avatar\\\/9a2e5073417479f910ffdeee54da5ccf4f91eab62746ce0ae0e81124a9491a79?s=96&d=mm&r=g\",\"caption\":\"Leonore\"}}]}<\/script>\n<!-- \/ Yoast SEO plugin. -->","yoast_head_json":{"title":"Art le parc de sculptures d'Issoudun - FineLife.tv","description":"Art le parc de sculptures d'Issoudun. Anne Claverie rend un hommage \u00e9colo aux Arbres de Jess\u00e9 tr\u00e9sors de l'art chr\u00e9tien m\u00e9di\u00e9val","robots":{"index":"index","follow":"follow","max-snippet":"max-snippet:-1","max-image-preview":"max-image-preview:large","max-video-preview":"max-video-preview:-1"},"canonical":"https:\/\/finelife.tv\/fr\/2024\/07\/05\/art-le-parc-de-sculptures-dissoudun\/","og_locale":"fr_FR","og_type":"article","og_title":"Art le parc de sculptures d'Issoudun - FineLife.tv","og_description":"Art le parc de sculptures d'Issoudun. Anne Claverie rend un hommage \u00e9colo aux Arbres de Jess\u00e9 tr\u00e9sors de l'art chr\u00e9tien m\u00e9di\u00e9val","og_url":"https:\/\/finelife.tv\/fr\/2024\/07\/05\/art-le-parc-de-sculptures-dissoudun\/","og_site_name":"FineLife.tv","article_published_time":"2024-07-05T17:04:55+00:00","article_modified_time":"2024-07-09T08:52:08+00:00","og_image":[{"url":"https:\/\/finelife.tv\/fr\/wp-content\/uploads\/2024\/07\/img-src-https-finelife.tvimage.jpg-alt-22Art-le-parc-de-sculptures-d-Issoudun22-1024x764.png","type":"","width":"","height":""}],"author":"Leonore","twitter_card":"summary_large_image","twitter_creator":"@finelifetv","twitter_site":"@finelifetv","twitter_misc":{"\u00c9crit par":"Leonore","Dur\u00e9e de lecture estim\u00e9e":"4 minutes"},"schema":{"@context":"https:\/\/schema.org","@graph":[{"@type":"Article","@id":"https:\/\/finelife.tv\/fr\/2024\/07\/05\/art-le-parc-de-sculptures-dissoudun\/#article","isPartOf":{"@id":"https:\/\/finelife.tv\/fr\/2024\/07\/05\/art-le-parc-de-sculptures-dissoudun\/"},"author":{"name":"Leonore","@id":"https:\/\/finelife.tv\/fr\/#\/schema\/person\/e3d980b0c0b3dc5af01c3455893c8c52"},"headline":"Art le parc de sculptures d&rsquo;Issoudun","datePublished":"2024-07-05T17:04:55+00:00","dateModified":"2024-07-09T08:52:08+00:00","mainEntityOfPage":{"@id":"https:\/\/finelife.tv\/fr\/2024\/07\/05\/art-le-parc-de-sculptures-dissoudun\/"},"wordCount":628,"commentCount":1,"image":{"@id":"https:\/\/finelife.tv\/fr\/2024\/07\/05\/art-le-parc-de-sculptures-dissoudun\/#primaryimage"},"thumbnailUrl":"https:\/\/finelife.tv\/fr\/wp-content\/uploads\/2024\/07\/img-src-https-finelife.tvimage.jpg-alt-22Art-le-parc-de-sculptures-d-Issoudun22-1024x764.png","keywords":["anne claverie","arbres de jesse","art","art ecolo","art gothique","art medieval","parc de sculptures Essoudun","sculpture","sculpture la cand\u00e9lable"],"articleSection":["Blog"],"inLanguage":"fr-FR","potentialAction":[{"@type":"CommentAction","name":"Comment","target":["https:\/\/finelife.tv\/fr\/2024\/07\/05\/art-le-parc-de-sculptures-dissoudun\/#respond"]}]},{"@type":"WebPage","@id":"https:\/\/finelife.tv\/fr\/2024\/07\/05\/art-le-parc-de-sculptures-dissoudun\/","url":"https:\/\/finelife.tv\/fr\/2024\/07\/05\/art-le-parc-de-sculptures-dissoudun\/","name":"Art le parc de sculptures d'Issoudun - FineLife.tv","isPartOf":{"@id":"https:\/\/finelife.tv\/fr\/#website"},"primaryImageOfPage":{"@id":"https:\/\/finelife.tv\/fr\/2024\/07\/05\/art-le-parc-de-sculptures-dissoudun\/#primaryimage"},"image":{"@id":"https:\/\/finelife.tv\/fr\/2024\/07\/05\/art-le-parc-de-sculptures-dissoudun\/#primaryimage"},"thumbnailUrl":"https:\/\/finelife.tv\/fr\/wp-content\/uploads\/2024\/07\/img-src-https-finelife.tvimage.jpg-alt-22Art-le-parc-de-sculptures-d-Issoudun22-1024x764.png","datePublished":"2024-07-05T17:04:55+00:00","dateModified":"2024-07-09T08:52:08+00:00","author":{"@id":"https:\/\/finelife.tv\/fr\/#\/schema\/person\/e3d980b0c0b3dc5af01c3455893c8c52"},"description":"Art le parc de sculptures d'Issoudun. Anne Claverie rend un hommage \u00e9colo aux Arbres de Jess\u00e9 tr\u00e9sors de l'art chr\u00e9tien m\u00e9di\u00e9val","breadcrumb":{"@id":"https:\/\/finelife.tv\/fr\/2024\/07\/05\/art-le-parc-de-sculptures-dissoudun\/#breadcrumb"},"inLanguage":"fr-FR","potentialAction":[{"@type":"ReadAction","target":["https:\/\/finelife.tv\/fr\/2024\/07\/05\/art-le-parc-de-sculptures-dissoudun\/"]}]},{"@type":"ImageObject","inLanguage":"fr-FR","@id":"https:\/\/finelife.tv\/fr\/2024\/07\/05\/art-le-parc-de-sculptures-dissoudun\/#primaryimage","url":"https:\/\/finelife.tv\/fr\/wp-content\/uploads\/2024\/07\/img-src-https-finelife.tvimage.jpg-alt-22Art-le-parc-de-sculptures-d-Issoudun22.png","contentUrl":"https:\/\/finelife.tv\/fr\/wp-content\/uploads\/2024\/07\/img-src-https-finelife.tvimage.jpg-alt-22Art-le-parc-de-sculptures-d-Issoudun22.png","width":1570,"height":1172},{"@type":"BreadcrumbList","@id":"https:\/\/finelife.tv\/fr\/2024\/07\/05\/art-le-parc-de-sculptures-dissoudun\/#breadcrumb","itemListElement":[{"@type":"ListItem","position":1,"name":"Accueil","item":"https:\/\/finelife.tv\/fr\/"},{"@type":"ListItem","position":2,"name":"Art le parc de sculptures d&#8217;Issoudun"}]},{"@type":"WebSite","@id":"https:\/\/finelife.tv\/fr\/#website","url":"https:\/\/finelife.tv\/fr\/","name":"FineLife.tv","description":"Quand l&#039;Art de vivre croise l&#039;Art de penser","potentialAction":[{"@type":"SearchAction","target":{"@type":"EntryPoint","urlTemplate":"https:\/\/finelife.tv\/fr\/?s={search_term_string}"},"query-input":{"@type":"PropertyValueSpecification","valueRequired":true,"valueName":"search_term_string"}}],"inLanguage":"fr-FR"},{"@type":"Person","@id":"https:\/\/finelife.tv\/fr\/#\/schema\/person\/e3d980b0c0b3dc5af01c3455893c8c52","name":"Leonore","image":{"@type":"ImageObject","inLanguage":"fr-FR","@id":"https:\/\/secure.gravatar.com\/avatar\/9a2e5073417479f910ffdeee54da5ccf4f91eab62746ce0ae0e81124a9491a79?s=96&d=mm&r=g","url":"https:\/\/secure.gravatar.com\/avatar\/9a2e5073417479f910ffdeee54da5ccf4f91eab62746ce0ae0e81124a9491a79?s=96&d=mm&r=g","contentUrl":"https:\/\/secure.gravatar.com\/avatar\/9a2e5073417479f910ffdeee54da5ccf4f91eab62746ce0ae0e81124a9491a79?s=96&d=mm&r=g","caption":"Leonore"}}]}},"_links":{"self":[{"href":"https:\/\/finelife.tv\/fr\/wp-json\/wp\/v2\/posts\/19715","targetHints":{"allow":["GET"]}}],"collection":[{"href":"https:\/\/finelife.tv\/fr\/wp-json\/wp\/v2\/posts"}],"about":[{"href":"https:\/\/finelife.tv\/fr\/wp-json\/wp\/v2\/types\/post"}],"author":[{"embeddable":true,"href":"https:\/\/finelife.tv\/fr\/wp-json\/wp\/v2\/users\/1"}],"replies":[{"embeddable":true,"href":"https:\/\/finelife.tv\/fr\/wp-json\/wp\/v2\/comments?post=19715"}],"version-history":[{"count":15,"href":"https:\/\/finelife.tv\/fr\/wp-json\/wp\/v2\/posts\/19715\/revisions"}],"predecessor-version":[{"id":19813,"href":"https:\/\/finelife.tv\/fr\/wp-json\/wp\/v2\/posts\/19715\/revisions\/19813"}],"wp:attachment":[{"href":"https:\/\/finelife.tv\/fr\/wp-json\/wp\/v2\/media?parent=19715"}],"wp:term":[{"taxonomy":"category","embeddable":true,"href":"https:\/\/finelife.tv\/fr\/wp-json\/wp\/v2\/categories?post=19715"},{"taxonomy":"post_tag","embeddable":true,"href":"https:\/\/finelife.tv\/fr\/wp-json\/wp\/v2\/tags?post=19715"}],"curies":[{"name":"wp","href":"https:\/\/api.w.org\/{rel}","templated":true}]}}