{"id":19749,"date":"2024-07-08T21:10:41","date_gmt":"2024-07-08T19:10:41","guid":{"rendered":"https:\/\/finelife.tv\/fr\/?p=19749"},"modified":"2024-07-15T22:21:18","modified_gmt":"2024-07-15T20:21:18","slug":"expo-guerlain-passion-dessin-a-lhospice-saint-roch","status":"publish","type":"post","link":"https:\/\/finelife.tv\/fr\/2024\/07\/08\/expo-guerlain-passion-dessin-a-lhospice-saint-roch\/","title":{"rendered":"Expo Guerlain Passion dessin \u00e0 l&rsquo;Hospice Saint-Roch"},"content":{"rendered":"\n<figure class=\"wp-block-image size-large\"><img loading=\"lazy\" decoding=\"async\" width=\"1024\" height=\"968\" src=\"https:\/\/finelife.tv\/fr\/wp-content\/uploads\/2024\/07\/img-src-22https-finelife.tvimage.jpg-alt-22Expo-Guerlain-Passion-dessin-a-l-Hospice-Saint-Roch22-1024x968.jpg\" alt=\"\" class=\"wp-image-19755\" srcset=\"https:\/\/finelife.tv\/fr\/wp-content\/uploads\/2024\/07\/img-src-22https-finelife.tvimage.jpg-alt-22Expo-Guerlain-Passion-dessin-a-l-Hospice-Saint-Roch22-1024x968.jpg 1024w, https:\/\/finelife.tv\/fr\/wp-content\/uploads\/2024\/07\/img-src-22https-finelife.tvimage.jpg-alt-22Expo-Guerlain-Passion-dessin-a-l-Hospice-Saint-Roch22-300x284.jpg 300w, https:\/\/finelife.tv\/fr\/wp-content\/uploads\/2024\/07\/img-src-22https-finelife.tvimage.jpg-alt-22Expo-Guerlain-Passion-dessin-a-l-Hospice-Saint-Roch22-768x726.jpg 768w, https:\/\/finelife.tv\/fr\/wp-content\/uploads\/2024\/07\/img-src-22https-finelife.tvimage.jpg-alt-22Expo-Guerlain-Passion-dessin-a-l-Hospice-Saint-Roch22-1536x1452.jpg 1536w, https:\/\/finelife.tv\/fr\/wp-content\/uploads\/2024\/07\/img-src-22https-finelife.tvimage.jpg-alt-22Expo-Guerlain-Passion-dessin-a-l-Hospice-Saint-Roch22-2048x1936.jpg 2048w\" sizes=\"auto, (max-width: 1024px) 100vw, 1024px\" \/><\/figure>\n\n\n\n<p><strong>Expo Guerlain Passion dessin \u00e0 l&rsquo;Hospice Saint-Roch. Un parcours en quatre th\u00e8mes qui croque l&rsquo;intimit\u00e9 entre cet art \u00ab\u00a0originel\u00a0\u00bb et le couple de collectionneurs.<\/strong><\/p>\n\n\n\n<p>\u00c9trange, \u00e9nigmatique, l&rsquo;image convoque les imaginaires. Le dessin \u00e9voque \u00e0 la fois une marionnette aux fils coulants, un Icare pr\u00eat \u00e0 fondre, un ballet de Stravinsky. Les coulures sont la signature de l&rsquo;artiste allemande Ulla von Brandenburg comme le motif inspir\u00e9 par la danse, la th\u00e9\u00e2tre ou encore le cirque.<\/p>\n\n\n<div class=\"wp-block-image\">\n<figure class=\"aligncenter size-full\"><img loading=\"lazy\" decoding=\"async\" width=\"767\" height=\"423\" src=\"https:\/\/finelife.tv\/fr\/wp-content\/uploads\/2024\/07\/img-src-22https-finelife.tvimage.jpg-alt-22Expo-Guerlain-Passion-dessin-a-l-Hospice-Saint-Roch-vue-expo-aqurelle-ulla-von-brandenburg22.jpg\" alt=\"\" class=\"wp-image-19786\" srcset=\"https:\/\/finelife.tv\/fr\/wp-content\/uploads\/2024\/07\/img-src-22https-finelife.tvimage.jpg-alt-22Expo-Guerlain-Passion-dessin-a-l-Hospice-Saint-Roch-vue-expo-aqurelle-ulla-von-brandenburg22.jpg 767w, https:\/\/finelife.tv\/fr\/wp-content\/uploads\/2024\/07\/img-src-22https-finelife.tvimage.jpg-alt-22Expo-Guerlain-Passion-dessin-a-l-Hospice-Saint-Roch-vue-expo-aqurelle-ulla-von-brandenburg22-300x165.jpg 300w\" sizes=\"auto, (max-width: 767px) 100vw, 767px\" \/><\/figure>\n<\/div>\n\n\n<p>L&rsquo;aquarelle capture le regard par l&rsquo;aura qu&rsquo;elle d\u00e9gage et par son accroche, en majest\u00e9, dans l&rsquo;exposition du mus\u00e9e de l&rsquo;Hospice Saint-Roch qui regroupe 321 dessins de 93 artistes. Tous sont issus de la collection priv\u00e9e de Florence et Daniel Guerlain. <\/p>\n\n\n\n<h2 class=\"wp-block-heading\">La passion du dessin contemporain<\/h2>\n\n\n<div class=\"wp-block-image\">\n<figure class=\"aligncenter size-large\"><img loading=\"lazy\" decoding=\"async\" width=\"1024\" height=\"1014\" src=\"https:\/\/finelife.tv\/fr\/wp-content\/uploads\/2024\/07\/img-src-22https-finelife.tvimage.jpg-alt-22Expo-Guerlain-Passion-dessin-a-l-Hospice-Saint-Roch-ulla-von-brandenbourg22-1024x1014.jpg\" alt=\"\" class=\"wp-image-19758\" srcset=\"https:\/\/finelife.tv\/fr\/wp-content\/uploads\/2024\/07\/img-src-22https-finelife.tvimage.jpg-alt-22Expo-Guerlain-Passion-dessin-a-l-Hospice-Saint-Roch-ulla-von-brandenbourg22-1024x1014.jpg 1024w, https:\/\/finelife.tv\/fr\/wp-content\/uploads\/2024\/07\/img-src-22https-finelife.tvimage.jpg-alt-22Expo-Guerlain-Passion-dessin-a-l-Hospice-Saint-Roch-ulla-von-brandenbourg22-300x297.jpg 300w, https:\/\/finelife.tv\/fr\/wp-content\/uploads\/2024\/07\/img-src-22https-finelife.tvimage.jpg-alt-22Expo-Guerlain-Passion-dessin-a-l-Hospice-Saint-Roch-ulla-von-brandenbourg22-150x150.jpg 150w, https:\/\/finelife.tv\/fr\/wp-content\/uploads\/2024\/07\/img-src-22https-finelife.tvimage.jpg-alt-22Expo-Guerlain-Passion-dessin-a-l-Hospice-Saint-Roch-ulla-von-brandenbourg22-768x760.jpg 768w, https:\/\/finelife.tv\/fr\/wp-content\/uploads\/2024\/07\/img-src-22https-finelife.tvimage.jpg-alt-22Expo-Guerlain-Passion-dessin-a-l-Hospice-Saint-Roch-ulla-von-brandenbourg22-1536x1521.jpg 1536w, https:\/\/finelife.tv\/fr\/wp-content\/uploads\/2024\/07\/img-src-22https-finelife.tvimage.jpg-alt-22Expo-Guerlain-Passion-dessin-a-l-Hospice-Saint-Roch-ulla-von-brandenbourg22-2048x2028.jpg 2048w\" sizes=\"auto, (max-width: 1024px) 100vw, 1024px\" \/><figcaption class=\"wp-element-caption\">vue de l&rsquo;exposition aquarelles de Ulla von Brandenburg<\/figcaption><\/figure>\n<\/div>\n\n\n<p>En 2020 l&rsquo;Hospice Saint-Roch ouvre un parc de sculptures dans les anciens vergers et potagers. Sur 5000 m2 des \u0153uvres d&rsquo;artistes des ann\u00e9es 50 \u00e0 nos jours. Florence et Daniel Guerlain, amateurs de jardins et de sculptures, font alors don d&rsquo;une \u0153uvre de Marta Pan. Objectif : lui donner une seconde vie et la donner \u00e0 voir. Le don de la sculpture fait germer l&rsquo;id\u00e9e d&rsquo;une exposition autour de la passion du dessin alors que le couple avait d\u00e9j\u00e0 fait don de sa collection de 1 200 dessins au Centre Pompidou en 2012.<\/p>\n\n\n<div class=\"wp-block-image\">\n<figure class=\"aligncenter size-full\"><img loading=\"lazy\" decoding=\"async\" width=\"677\" height=\"551\" src=\"https:\/\/finelife.tv\/fr\/wp-content\/uploads\/2024\/07\/img-src-22https-finelife.tvimage.jpg-alt-22Expo-Guerlain-Passion-dessin-a-l-Hospice-Saint-Roch-vue-expo-sculpture-marta-pan22.jpg\" alt=\"\" class=\"wp-image-19787\" srcset=\"https:\/\/finelife.tv\/fr\/wp-content\/uploads\/2024\/07\/img-src-22https-finelife.tvimage.jpg-alt-22Expo-Guerlain-Passion-dessin-a-l-Hospice-Saint-Roch-vue-expo-sculpture-marta-pan22.jpg 677w, https:\/\/finelife.tv\/fr\/wp-content\/uploads\/2024\/07\/img-src-22https-finelife.tvimage.jpg-alt-22Expo-Guerlain-Passion-dessin-a-l-Hospice-Saint-Roch-vue-expo-sculpture-marta-pan22-300x244.jpg 300w\" sizes=\"auto, (max-width: 677px) 100vw, 677px\" \/><figcaption class=\"wp-element-caption\">Sculpture Marta Pan<\/figcaption><\/figure>\n<\/div>\n\n\n<p>Florence et Daniel Guerlain sont des collectionneurs d&rsquo;art qui ont progressivement recentr\u00e9 leur passion sur le dessin contemporain. Avec leur Fondation et la cr\u00e9ation du Prix de dessin contemporain en 2007, ils ont largement contribu\u00e9 \u00e0 \u00e9veiller l&rsquo;int\u00e9r\u00eat pour la discipline.<\/p>\n\n\n\n<p>\u00ab\u00a0Le dessin a quelque chose d&rsquo;originel\u00a0\u00bb estime Daniel Guerlain. \u00ab\u00a0On dessinait d\u00e9j\u00e0 dans les cavernes\u00a0\u00bb. Quant aux collections, elles \u00ab\u00a0racontent toujours une histoire\u00a0\u00bb. Florence Guerlain refuse de choisir des coups de c\u0153ur car \u00ab\u00a0Chaque fois il y a quelque chose de grisant, chaque fois il y a un choc \u00e9motif\u00a0\u00bb. Tandis que son mari va plus loin en confessant presque que \u00ab\u00a0collectionner est une maladie\u00a0\u00bb.<\/p>\n\n\n\n<h2 class=\"wp-block-heading\">Une exposition en 4 salles et un cabinet d&rsquo;art graphique<\/h2>\n\n\n<div class=\"wp-block-image\">\n<figure class=\"aligncenter size-large\"><img loading=\"lazy\" decoding=\"async\" width=\"1024\" height=\"749\" src=\"https:\/\/finelife.tv\/fr\/wp-content\/uploads\/2024\/07\/img-src-22https-finelife.tvimage.jpg-alt-22Expo-Guerlain-Passion-dessin-a-l-Hospice-Saint-Roch-dessin-frederic-brandon22-1024x749.jpg\" alt=\"\" class=\"wp-image-19764\" srcset=\"https:\/\/finelife.tv\/fr\/wp-content\/uploads\/2024\/07\/img-src-22https-finelife.tvimage.jpg-alt-22Expo-Guerlain-Passion-dessin-a-l-Hospice-Saint-Roch-dessin-frederic-brandon22-1024x749.jpg 1024w, https:\/\/finelife.tv\/fr\/wp-content\/uploads\/2024\/07\/img-src-22https-finelife.tvimage.jpg-alt-22Expo-Guerlain-Passion-dessin-a-l-Hospice-Saint-Roch-dessin-frederic-brandon22-300x220.jpg 300w, https:\/\/finelife.tv\/fr\/wp-content\/uploads\/2024\/07\/img-src-22https-finelife.tvimage.jpg-alt-22Expo-Guerlain-Passion-dessin-a-l-Hospice-Saint-Roch-dessin-frederic-brandon22-768x562.jpg 768w, https:\/\/finelife.tv\/fr\/wp-content\/uploads\/2024\/07\/img-src-22https-finelife.tvimage.jpg-alt-22Expo-Guerlain-Passion-dessin-a-l-Hospice-Saint-Roch-dessin-frederic-brandon22-1536x1124.jpg 1536w, https:\/\/finelife.tv\/fr\/wp-content\/uploads\/2024\/07\/img-src-22https-finelife.tvimage.jpg-alt-22Expo-Guerlain-Passion-dessin-a-l-Hospice-Saint-Roch-dessin-frederic-brandon22-2048x1499.jpg 2048w\" sizes=\"auto, (max-width: 1024px) 100vw, 1024px\" \/><figcaption class=\"wp-element-caption\">Fr\u00e9d\u00e9ric Brandon Hommage \u00e0 Georges Braque<\/figcaption><\/figure>\n<\/div>\n\n\n<p>L&rsquo;exposition suit un parcours en quatre \u00e9tapes et un cabinet d&rsquo;art graphique. L\u00e0 o\u00f9 tout a commenc\u00e9. Jean-Jacques Haffner, le grand-p\u00e8re maternel de Daniel Guerlain, est architecte, prix de Rome, collectionneur et aquarelliste. C&rsquo;est ind\u00e9niablement lui qui a \u00e9duqu\u00e9 l&rsquo;\u0153il de son petit-fils. Une passion en h\u00e9ritage. Dans ce cabinet d&rsquo;art graphique du mus\u00e9e de l&rsquo;Hospice Saint-Roch, on d\u00e9couvre ainsi des aquarelles de Jean-Jacques Haffner. Mais aussi des dessins sur carton de Carlos Javier Garcia Huergo. Et ceux, sur couvertures de livres d\u00e9chir\u00e9s, de Christos Venetis, s\u00e9lectionn\u00e9 au Prix de dessin contemporain 2024. Le grand \u00e9cart. L&rsquo;instantan\u00e9 d&rsquo;une vie.<\/p>\n\n\n<div class=\"wp-block-image\">\n<figure class=\"aligncenter size-large\"><img loading=\"lazy\" decoding=\"async\" width=\"826\" height=\"1024\" src=\"https:\/\/finelife.tv\/fr\/wp-content\/uploads\/2024\/07\/img-src-22https-finelife.tvimage.jpg-alt-22Expo-Guerlain-Passion-dessin-a-l-Hospice-Saint-Roch-jerome-zonder22-826x1024.jpg\" alt=\"\" class=\"wp-image-19762\" srcset=\"https:\/\/finelife.tv\/fr\/wp-content\/uploads\/2024\/07\/img-src-22https-finelife.tvimage.jpg-alt-22Expo-Guerlain-Passion-dessin-a-l-Hospice-Saint-Roch-jerome-zonder22-826x1024.jpg 826w, https:\/\/finelife.tv\/fr\/wp-content\/uploads\/2024\/07\/img-src-22https-finelife.tvimage.jpg-alt-22Expo-Guerlain-Passion-dessin-a-l-Hospice-Saint-Roch-jerome-zonder22-242x300.jpg 242w, https:\/\/finelife.tv\/fr\/wp-content\/uploads\/2024\/07\/img-src-22https-finelife.tvimage.jpg-alt-22Expo-Guerlain-Passion-dessin-a-l-Hospice-Saint-Roch-jerome-zonder22-768x952.jpg 768w, https:\/\/finelife.tv\/fr\/wp-content\/uploads\/2024\/07\/img-src-22https-finelife.tvimage.jpg-alt-22Expo-Guerlain-Passion-dessin-a-l-Hospice-Saint-Roch-jerome-zonder22-1239x1536.jpg 1239w, https:\/\/finelife.tv\/fr\/wp-content\/uploads\/2024\/07\/img-src-22https-finelife.tvimage.jpg-alt-22Expo-Guerlain-Passion-dessin-a-l-Hospice-Saint-Roch-jerome-zonder22-1651x2048.jpg 1651w\" sizes=\"auto, (max-width: 826px) 100vw, 826px\" \/><figcaption class=\"wp-element-caption\">J\u00e9rome Zonder Caroline<\/figcaption><\/figure>\n<\/div>\n\n\n<p>Dans l&rsquo;exposition un dessin bleu de Bambou, la derni\u00e8re compagne de Serge Gainsbourg, par Fr\u00e9d\u00e9ric Pardo. Plus loin, un \u00ab\u00a0Portrait de Florence\u00a0\u00bb de<em> <\/em>Wardell Milan. \u00ab\u00a0J&rsquo;ai achet\u00e9 le Bambou avant de collectionner avec Florence\u00a0\u00bb sourit Daniel Guerlain. Le couple s&rsquo;est rencontr\u00e9 autour de l&rsquo;art. Mais une autre rencontre va \u00eatre d\u00e9cisive dans la constitution des collections. Celle du plasticien am\u00e9ricain David Webster. \u00ab\u00a0Dans les ann\u00e9es 80, Florence et Daniel Guerlain \u00e9taient encore centr\u00e9s sur un petit nombre d&rsquo;artistes. Je leur ai ouvert d&rsquo;autres horizons. Notamment celui de la cr\u00e9ation internationale\u00a0\u00bb explique celui-ci. <\/p>\n\n\n\n<h2 class=\"wp-block-heading\">Le dessin entre corps, portrait et paysage<\/h2>\n\n\n<div class=\"wp-block-image\">\n<figure class=\"aligncenter size-large\"><img loading=\"lazy\" decoding=\"async\" width=\"1024\" height=\"743\" src=\"https:\/\/finelife.tv\/fr\/wp-content\/uploads\/2024\/07\/img-src-22https-finelife.tvimage.jpg-alt-22Expo-Guerlain-Passion-dessin-a-l-Hospice-Saint-Roch-merhrad-radashi22-1024x743.jpg\" alt=\"\" class=\"wp-image-19759\" srcset=\"https:\/\/finelife.tv\/fr\/wp-content\/uploads\/2024\/07\/img-src-22https-finelife.tvimage.jpg-alt-22Expo-Guerlain-Passion-dessin-a-l-Hospice-Saint-Roch-merhrad-radashi22-1024x743.jpg 1024w, https:\/\/finelife.tv\/fr\/wp-content\/uploads\/2024\/07\/img-src-22https-finelife.tvimage.jpg-alt-22Expo-Guerlain-Passion-dessin-a-l-Hospice-Saint-Roch-merhrad-radashi22-300x218.jpg 300w, https:\/\/finelife.tv\/fr\/wp-content\/uploads\/2024\/07\/img-src-22https-finelife.tvimage.jpg-alt-22Expo-Guerlain-Passion-dessin-a-l-Hospice-Saint-Roch-merhrad-radashi22-768x557.jpg 768w, https:\/\/finelife.tv\/fr\/wp-content\/uploads\/2024\/07\/img-src-22https-finelife.tvimage.jpg-alt-22Expo-Guerlain-Passion-dessin-a-l-Hospice-Saint-Roch-merhrad-radashi22-1536x1114.jpg 1536w, https:\/\/finelife.tv\/fr\/wp-content\/uploads\/2024\/07\/img-src-22https-finelife.tvimage.jpg-alt-22Expo-Guerlain-Passion-dessin-a-l-Hospice-Saint-Roch-merhrad-radashi22-2048x1485.jpg 2048w\" sizes=\"auto, (max-width: 1024px) 100vw, 1024px\" \/><figcaption class=\"wp-element-caption\">Merhdad Rashidi <\/figcaption><\/figure>\n<\/div>\n\n<div class=\"wp-block-image\">\n<figure class=\"aligncenter size-large\"><img loading=\"lazy\" decoding=\"async\" width=\"768\" height=\"1024\" src=\"https:\/\/finelife.tv\/fr\/wp-content\/uploads\/2024\/07\/img-src-22https-finelife.tvimage.jpg-alt-22Expo-Guerlain-Passion-dessin-a-l-Hospice-Saint-Roch-vue-expo-rashadi22-768x1024.jpg\" alt=\"\" class=\"wp-image-19789\" srcset=\"https:\/\/finelife.tv\/fr\/wp-content\/uploads\/2024\/07\/img-src-22https-finelife.tvimage.jpg-alt-22Expo-Guerlain-Passion-dessin-a-l-Hospice-Saint-Roch-vue-expo-rashadi22-768x1024.jpg 768w, https:\/\/finelife.tv\/fr\/wp-content\/uploads\/2024\/07\/img-src-22https-finelife.tvimage.jpg-alt-22Expo-Guerlain-Passion-dessin-a-l-Hospice-Saint-Roch-vue-expo-rashadi22-225x300.jpg 225w, https:\/\/finelife.tv\/fr\/wp-content\/uploads\/2024\/07\/img-src-22https-finelife.tvimage.jpg-alt-22Expo-Guerlain-Passion-dessin-a-l-Hospice-Saint-Roch-vue-expo-rashadi22-1152x1536.jpg 1152w, https:\/\/finelife.tv\/fr\/wp-content\/uploads\/2024\/07\/img-src-22https-finelife.tvimage.jpg-alt-22Expo-Guerlain-Passion-dessin-a-l-Hospice-Saint-Roch-vue-expo-rashadi22-1536x2048.jpg 1536w, https:\/\/finelife.tv\/fr\/wp-content\/uploads\/2024\/07\/img-src-22https-finelife.tvimage.jpg-alt-22Expo-Guerlain-Passion-dessin-a-l-Hospice-Saint-Roch-vue-expo-rashadi22-scaled.jpg 1920w\" sizes=\"auto, (max-width: 768px) 100vw, 768px\" \/><figcaption class=\"wp-element-caption\">vue exposition<\/figcaption><\/figure>\n<\/div>\n\n\n<p>L&rsquo;exposition explore quatre th\u00e9matiques. Les techniques, le corps, le portrait et le paysage. Mais \u00ab\u00a0les fronti\u00e8res sont poreuses\u00a0\u00bb indique Patrice Moreau, commissaire g\u00e9n\u00e9ral et conservateur du mus\u00e9e de  l&rsquo;Hospice Saint-Roch. <\/p>\n\n\n\n<p>Par ailleurs Florence et Daniel Guerlain expliquent dans des cartels leurs rencontres avec les artistes ainsi que les caract\u00e9ristiques des \u0153uvres. Des rencontres parfois cocasses pour les collectionneurs. \u00ab\u00a0Mehrdad Rashidi habite dans un quartier choc de Londres. Mais il nous a re\u00e7u en short et tongs au milieu de centaines de dessins\u00a0\u00bb se souvient le couple.<\/p>\n\n\n<div class=\"wp-block-image\">\n<figure class=\"aligncenter size-large\"><img loading=\"lazy\" decoding=\"async\" width=\"1018\" height=\"1024\" src=\"https:\/\/finelife.tv\/fr\/wp-content\/uploads\/2024\/07\/img-src-22https-finelife.tvimage.jpg-alt-22Expo-Guerlain-Passion-dessin-a-l-Hospice-Saint-Roch-hans-op-de-beek22-1018x1024.jpg\" alt=\"\" class=\"wp-image-19761\" srcset=\"https:\/\/finelife.tv\/fr\/wp-content\/uploads\/2024\/07\/img-src-22https-finelife.tvimage.jpg-alt-22Expo-Guerlain-Passion-dessin-a-l-Hospice-Saint-Roch-hans-op-de-beek22-1018x1024.jpg 1018w, https:\/\/finelife.tv\/fr\/wp-content\/uploads\/2024\/07\/img-src-22https-finelife.tvimage.jpg-alt-22Expo-Guerlain-Passion-dessin-a-l-Hospice-Saint-Roch-hans-op-de-beek22-298x300.jpg 298w, https:\/\/finelife.tv\/fr\/wp-content\/uploads\/2024\/07\/img-src-22https-finelife.tvimage.jpg-alt-22Expo-Guerlain-Passion-dessin-a-l-Hospice-Saint-Roch-hans-op-de-beek22-150x150.jpg 150w, https:\/\/finelife.tv\/fr\/wp-content\/uploads\/2024\/07\/img-src-22https-finelife.tvimage.jpg-alt-22Expo-Guerlain-Passion-dessin-a-l-Hospice-Saint-Roch-hans-op-de-beek22-768x772.jpg 768w, https:\/\/finelife.tv\/fr\/wp-content\/uploads\/2024\/07\/img-src-22https-finelife.tvimage.jpg-alt-22Expo-Guerlain-Passion-dessin-a-l-Hospice-Saint-Roch-hans-op-de-beek22.jpg 1274w\" sizes=\"auto, (max-width: 1018px) 100vw, 1018px\" \/><figcaption class=\"wp-element-caption\">Hans Op de Beeck The amusement park<\/figcaption><\/figure>\n<\/div>\n\n\n<p>Dans l&rsquo;exposition on passe des transparences poudr\u00e9es de J\u00e9rome Zonder au trait appuy\u00e9 de Philippe Cogn\u00e9e. Du gris de Hans Op de Beeck aux couleurs primaires de Pavel Pepperstein en passant par le noir de Jean-Charles Blais ou de Chlo\u00e9 Piene. Selon Daniel Guerlain \u00ab\u00a0On retrouve sur le dessin en papier qui se d\u00e9plie ses gestes de danseuse\u00a0\u00bb.<\/p>\n\n\n<div class=\"wp-block-image\">\n<figure class=\"aligncenter size-large\"><img loading=\"lazy\" decoding=\"async\" width=\"1006\" height=\"1024\" src=\"https:\/\/finelife.tv\/fr\/wp-content\/uploads\/2024\/07\/img-src-22https-finelife.tvimage.jpg-alt-22Expo-Guerlain-Passion-dessin-a-l-Hospice-Saint-Roch-chloe-piene22-1006x1024.jpg\" alt=\"\" class=\"wp-image-19756\" srcset=\"https:\/\/finelife.tv\/fr\/wp-content\/uploads\/2024\/07\/img-src-22https-finelife.tvimage.jpg-alt-22Expo-Guerlain-Passion-dessin-a-l-Hospice-Saint-Roch-chloe-piene22-1006x1024.jpg 1006w, https:\/\/finelife.tv\/fr\/wp-content\/uploads\/2024\/07\/img-src-22https-finelife.tvimage.jpg-alt-22Expo-Guerlain-Passion-dessin-a-l-Hospice-Saint-Roch-chloe-piene22-295x300.jpg 295w, https:\/\/finelife.tv\/fr\/wp-content\/uploads\/2024\/07\/img-src-22https-finelife.tvimage.jpg-alt-22Expo-Guerlain-Passion-dessin-a-l-Hospice-Saint-Roch-chloe-piene22-768x782.jpg 768w, https:\/\/finelife.tv\/fr\/wp-content\/uploads\/2024\/07\/img-src-22https-finelife.tvimage.jpg-alt-22Expo-Guerlain-Passion-dessin-a-l-Hospice-Saint-Roch-chloe-piene22-1509x1536.jpg 1509w, https:\/\/finelife.tv\/fr\/wp-content\/uploads\/2024\/07\/img-src-22https-finelife.tvimage.jpg-alt-22Expo-Guerlain-Passion-dessin-a-l-Hospice-Saint-Roch-chloe-piene22-2011x2048.jpg 2011w\" sizes=\"auto, (max-width: 1006px) 100vw, 1006px\" \/><figcaption class=\"wp-element-caption\">Chloe Piene Nix et Ghost<\/figcaption><\/figure>\n<\/div>\n\n<div class=\"wp-block-image\">\n<figure class=\"aligncenter size-large\"><img loading=\"lazy\" decoding=\"async\" width=\"793\" height=\"1024\" src=\"https:\/\/finelife.tv\/fr\/wp-content\/uploads\/2024\/07\/img-src-22https-finelife.tvimage.jpg-alt-22Expo-Guerlain-Passion-dessin-a-l-Hospice-Saint-Roch-kathryn-boch22-793x1024.jpg\" alt=\"\" class=\"wp-image-19766\" srcset=\"https:\/\/finelife.tv\/fr\/wp-content\/uploads\/2024\/07\/img-src-22https-finelife.tvimage.jpg-alt-22Expo-Guerlain-Passion-dessin-a-l-Hospice-Saint-Roch-kathryn-boch22-793x1024.jpg 793w, https:\/\/finelife.tv\/fr\/wp-content\/uploads\/2024\/07\/img-src-22https-finelife.tvimage.jpg-alt-22Expo-Guerlain-Passion-dessin-a-l-Hospice-Saint-Roch-kathryn-boch22-232x300.jpg 232w, https:\/\/finelife.tv\/fr\/wp-content\/uploads\/2024\/07\/img-src-22https-finelife.tvimage.jpg-alt-22Expo-Guerlain-Passion-dessin-a-l-Hospice-Saint-Roch-kathryn-boch22-768x991.jpg 768w, https:\/\/finelife.tv\/fr\/wp-content\/uploads\/2024\/07\/img-src-22https-finelife.tvimage.jpg-alt-22Expo-Guerlain-Passion-dessin-a-l-Hospice-Saint-Roch-kathryn-boch22-1190x1536.jpg 1190w, https:\/\/finelife.tv\/fr\/wp-content\/uploads\/2024\/07\/img-src-22https-finelife.tvimage.jpg-alt-22Expo-Guerlain-Passion-dessin-a-l-Hospice-Saint-Roch-kathryn-boch22-1587x2048.jpg 1587w, https:\/\/finelife.tv\/fr\/wp-content\/uploads\/2024\/07\/img-src-22https-finelife.tvimage.jpg-alt-22Expo-Guerlain-Passion-dessin-a-l-Hospice-Saint-Roch-kathryn-boch22-scaled.jpg 1983w\" sizes=\"auto, (max-width: 793px) 100vw, 793px\" \/><figcaption class=\"wp-element-caption\">Cathryn Boch Explorateur<\/figcaption><\/figure>\n<\/div>\n\n\n<p>L&rsquo;encre de chine de Fabien Verschaere succ\u00e8de au stylo \u00e0 bille d&rsquo;Amir Nave (laur\u00e9at du Prix de dessin 2024) ou encore aux textiles de Cathryn Boch et aux gouaches d&rsquo;Omar Ba.<\/p>\n\n\n\n<figure class=\"wp-block-image size-large\"><img loading=\"lazy\" decoding=\"async\" width=\"933\" height=\"1024\" src=\"https:\/\/finelife.tv\/fr\/wp-content\/uploads\/2024\/07\/img-src-22https-finelife.tvimage.jpg-alt-22Expo-Guerlain-Passion-dessin-a-l-Hospice-Saint-Roch-saints-francis-martyr22-933x1024.jpg\" alt=\"\" class=\"wp-image-19757\" srcset=\"https:\/\/finelife.tv\/fr\/wp-content\/uploads\/2024\/07\/img-src-22https-finelife.tvimage.jpg-alt-22Expo-Guerlain-Passion-dessin-a-l-Hospice-Saint-Roch-saints-francis-martyr22-933x1024.jpg 933w, https:\/\/finelife.tv\/fr\/wp-content\/uploads\/2024\/07\/img-src-22https-finelife.tvimage.jpg-alt-22Expo-Guerlain-Passion-dessin-a-l-Hospice-Saint-Roch-saints-francis-martyr22-273x300.jpg 273w, https:\/\/finelife.tv\/fr\/wp-content\/uploads\/2024\/07\/img-src-22https-finelife.tvimage.jpg-alt-22Expo-Guerlain-Passion-dessin-a-l-Hospice-Saint-Roch-saints-francis-martyr22-768x843.jpg 768w, https:\/\/finelife.tv\/fr\/wp-content\/uploads\/2024\/07\/img-src-22https-finelife.tvimage.jpg-alt-22Expo-Guerlain-Passion-dessin-a-l-Hospice-Saint-Roch-saints-francis-martyr22-1400x1536.jpg 1400w, https:\/\/finelife.tv\/fr\/wp-content\/uploads\/2024\/07\/img-src-22https-finelife.tvimage.jpg-alt-22Expo-Guerlain-Passion-dessin-a-l-Hospice-Saint-Roch-saints-francis-martyr22-1867x2048.jpg 1867w\" sizes=\"auto, (max-width: 933px) 100vw, 933px\" \/><figcaption class=\"wp-element-caption\">Michael Landy Wounds of Saint Francis et Multiple Martyrdoms<\/figcaption><\/figure>\n\n\n\n<p>Les myst\u00e9rieuses sayn\u00e8tes d&rsquo;Ivan Yanikov dialoguent avec les saints martyris\u00e9s de Michael Landy qui a fait le buzz en d\u00e9truisant tous ses biens. Un art consomm\u00e9 de la destruction. Les collectionneurs comme les Guerlain prennent le contrepied en pr\u00e9servant. Mais savent aussi organiser des \u00ab\u00a0happenings\u00a0\u00bb en faisant des dons massifs comme la donation au Centre Pompidou.<\/p>\n\n\n\n<h2 class=\"wp-block-heading\">INFOS<\/h2>\n\n\n\n<p><strong>LA PASSION DU DESSIN<em><br>La collection priv\u00e9e de Florence et Daniel GUERLAIN<\/em><\/strong><\/p>\n\n\n\n<p><strong><a href=\"https:\/\/www.museeissoudun.tv\/\">Mus\u00e9e de l&rsquo;Hospice Saint-Roch<\/a><\/strong><\/p>\n\n\n\n<p>Du 29 juin au 22 septembre 2024 &#8211; entr\u00e9e gratuite <\/p>\n\n\n\n<p>Related article <strong>Expo Guerlain Passion dessin \u00e0 l&rsquo;Hospice Saint-Roch<\/strong><\/p>\n\n\n\n<p><strong><a href=\"https:\/\/finelife.tv\/fr\/2024\/07\/05\/art-le-parc-de-sculptures-dissoudun\/\">Art le parc de sculptures d\u2019Issoudun<\/a><\/strong><\/p>\n\n\n\n<p><strong><a href=\"https:\/\/finelife.tv\/fr\/2017\/06\/08\/salon-du-dessin-lemotion-du-papier\/\">Salon du Dessin : l\u2019\u00c9motion du Papier<\/a><\/strong><\/p>\n","protected":false},"excerpt":{"rendered":"<p>Expo Guerlain Passion dessin \u00e0 l&rsquo;Hospice Saint-Roch. Un parcours en quatre th\u00e8mes qui croque l&rsquo;intimit\u00e9 entre cet art \u00ab\u00a0originel\u00a0\u00bb et le couple de collectionneurs.<\/p>\n","protected":false},"author":1,"featured_media":0,"comment_status":"open","ping_status":"open","sticky":false,"template":"","format":"standard","meta":{"footnotes":""},"categories":[4],"tags":[22,4972,59,1412,4973,4104,4974],"class_list":["post-19749","post","type-post","status-publish","format-standard","hentry","category-blog","tag-art","tag-collectionneurs","tag-dessin","tag-exposition-guerlain","tag-issoudun","tag-musee-2","tag-musee-hospice-saint-roch"],"yoast_head":"<!-- This site is optimized with the Yoast SEO plugin v27.5 - https:\/\/yoast.com\/product\/yoast-seo-wordpress\/ -->\n<title>Expo Guerlain Passion dessin \u00e0 l&#039;Hospice Saint-Roch - FineLife.tv<\/title>\n<meta name=\"description\" content=\"Expo Guerlain Passion dessin \u00e0 l&#039;Hospice Saint-Roch. Un parcours qui croque l&#039;intimit\u00e9 entre cet art &quot;originel&quot; et les collectionneurs\" \/>\n<meta name=\"robots\" content=\"index, follow, max-snippet:-1, max-image-preview:large, max-video-preview:-1\" \/>\n<link rel=\"canonical\" href=\"https:\/\/finelife.tv\/fr\/2024\/07\/08\/expo-guerlain-passion-dessin-a-lhospice-saint-roch\/\" \/>\n<meta property=\"og:locale\" content=\"fr_FR\" \/>\n<meta property=\"og:type\" content=\"article\" \/>\n<meta property=\"og:title\" content=\"Expo Guerlain Passion dessin \u00e0 l&#039;Hospice Saint-Roch - FineLife.tv\" \/>\n<meta property=\"og:description\" content=\"Expo Guerlain Passion dessin \u00e0 l&#039;Hospice Saint-Roch. Un parcours qui croque l&#039;intimit\u00e9 entre cet art &quot;originel&quot; et les collectionneurs\" \/>\n<meta property=\"og:url\" content=\"https:\/\/finelife.tv\/fr\/2024\/07\/08\/expo-guerlain-passion-dessin-a-lhospice-saint-roch\/\" \/>\n<meta property=\"og:site_name\" content=\"FineLife.tv\" \/>\n<meta property=\"article:published_time\" content=\"2024-07-08T19:10:41+00:00\" \/>\n<meta property=\"article:modified_time\" content=\"2024-07-15T20:21:18+00:00\" \/>\n<meta property=\"og:image\" content=\"https:\/\/finelife.tv\/fr\/wp-content\/uploads\/2024\/07\/img-src-22https-finelife.tvimage.jpg-alt-22Expo-Guerlain-Passion-dessin-a-l-Hospice-Saint-Roch22-1024x968.jpg\" \/>\n<meta name=\"author\" content=\"Leonore\" \/>\n<meta name=\"twitter:card\" content=\"summary_large_image\" \/>\n<meta name=\"twitter:creator\" content=\"@finelifetv\" \/>\n<meta name=\"twitter:site\" content=\"@finelifetv\" \/>\n<meta name=\"twitter:label1\" content=\"\u00c9crit par\" \/>\n\t<meta name=\"twitter:data1\" content=\"Leonore\" \/>\n\t<meta name=\"twitter:label2\" content=\"Dur\u00e9e de lecture estim\u00e9e\" \/>\n\t<meta name=\"twitter:data2\" content=\"7 minutes\" \/>\n<script type=\"application\/ld+json\" class=\"yoast-schema-graph\">{\"@context\":\"https:\\\/\\\/schema.org\",\"@graph\":[{\"@type\":\"Article\",\"@id\":\"https:\\\/\\\/finelife.tv\\\/fr\\\/2024\\\/07\\\/08\\\/expo-guerlain-passion-dessin-a-lhospice-saint-roch\\\/#article\",\"isPartOf\":{\"@id\":\"https:\\\/\\\/finelife.tv\\\/fr\\\/2024\\\/07\\\/08\\\/expo-guerlain-passion-dessin-a-lhospice-saint-roch\\\/\"},\"author\":{\"name\":\"Leonore\",\"@id\":\"https:\\\/\\\/finelife.tv\\\/fr\\\/#\\\/schema\\\/person\\\/e3d980b0c0b3dc5af01c3455893c8c52\"},\"headline\":\"Expo Guerlain Passion dessin \u00e0 l&rsquo;Hospice Saint-Roch\",\"datePublished\":\"2024-07-08T19:10:41+00:00\",\"dateModified\":\"2024-07-15T20:21:18+00:00\",\"mainEntityOfPage\":{\"@id\":\"https:\\\/\\\/finelife.tv\\\/fr\\\/2024\\\/07\\\/08\\\/expo-guerlain-passion-dessin-a-lhospice-saint-roch\\\/\"},\"wordCount\":932,\"commentCount\":2,\"image\":{\"@id\":\"https:\\\/\\\/finelife.tv\\\/fr\\\/2024\\\/07\\\/08\\\/expo-guerlain-passion-dessin-a-lhospice-saint-roch\\\/#primaryimage\"},\"thumbnailUrl\":\"https:\\\/\\\/finelife.tv\\\/fr\\\/wp-content\\\/uploads\\\/2024\\\/07\\\/img-src-22https-finelife.tvimage.jpg-alt-22Expo-Guerlain-Passion-dessin-a-l-Hospice-Saint-Roch22-1024x968.jpg\",\"keywords\":[\"art\",\"collectionneurs\",\"dessin\",\"exposition guerlain\",\"issoudun\",\"musee\",\"musee hospice saint roch\"],\"articleSection\":[\"Blog\"],\"inLanguage\":\"fr-FR\",\"potentialAction\":[{\"@type\":\"CommentAction\",\"name\":\"Comment\",\"target\":[\"https:\\\/\\\/finelife.tv\\\/fr\\\/2024\\\/07\\\/08\\\/expo-guerlain-passion-dessin-a-lhospice-saint-roch\\\/#respond\"]}]},{\"@type\":\"WebPage\",\"@id\":\"https:\\\/\\\/finelife.tv\\\/fr\\\/2024\\\/07\\\/08\\\/expo-guerlain-passion-dessin-a-lhospice-saint-roch\\\/\",\"url\":\"https:\\\/\\\/finelife.tv\\\/fr\\\/2024\\\/07\\\/08\\\/expo-guerlain-passion-dessin-a-lhospice-saint-roch\\\/\",\"name\":\"Expo Guerlain Passion dessin \u00e0 l'Hospice Saint-Roch - FineLife.tv\",\"isPartOf\":{\"@id\":\"https:\\\/\\\/finelife.tv\\\/fr\\\/#website\"},\"primaryImageOfPage\":{\"@id\":\"https:\\\/\\\/finelife.tv\\\/fr\\\/2024\\\/07\\\/08\\\/expo-guerlain-passion-dessin-a-lhospice-saint-roch\\\/#primaryimage\"},\"image\":{\"@id\":\"https:\\\/\\\/finelife.tv\\\/fr\\\/2024\\\/07\\\/08\\\/expo-guerlain-passion-dessin-a-lhospice-saint-roch\\\/#primaryimage\"},\"thumbnailUrl\":\"https:\\\/\\\/finelife.tv\\\/fr\\\/wp-content\\\/uploads\\\/2024\\\/07\\\/img-src-22https-finelife.tvimage.jpg-alt-22Expo-Guerlain-Passion-dessin-a-l-Hospice-Saint-Roch22-1024x968.jpg\",\"datePublished\":\"2024-07-08T19:10:41+00:00\",\"dateModified\":\"2024-07-15T20:21:18+00:00\",\"author\":{\"@id\":\"https:\\\/\\\/finelife.tv\\\/fr\\\/#\\\/schema\\\/person\\\/e3d980b0c0b3dc5af01c3455893c8c52\"},\"description\":\"Expo Guerlain Passion dessin \u00e0 l'Hospice Saint-Roch. Un parcours qui croque l'intimit\u00e9 entre cet art \\\"originel\\\" et les collectionneurs\",\"breadcrumb\":{\"@id\":\"https:\\\/\\\/finelife.tv\\\/fr\\\/2024\\\/07\\\/08\\\/expo-guerlain-passion-dessin-a-lhospice-saint-roch\\\/#breadcrumb\"},\"inLanguage\":\"fr-FR\",\"potentialAction\":[{\"@type\":\"ReadAction\",\"target\":[\"https:\\\/\\\/finelife.tv\\\/fr\\\/2024\\\/07\\\/08\\\/expo-guerlain-passion-dessin-a-lhospice-saint-roch\\\/\"]}]},{\"@type\":\"ImageObject\",\"inLanguage\":\"fr-FR\",\"@id\":\"https:\\\/\\\/finelife.tv\\\/fr\\\/2024\\\/07\\\/08\\\/expo-guerlain-passion-dessin-a-lhospice-saint-roch\\\/#primaryimage\",\"url\":\"https:\\\/\\\/finelife.tv\\\/fr\\\/wp-content\\\/uploads\\\/2024\\\/07\\\/img-src-22https-finelife.tvimage.jpg-alt-22Expo-Guerlain-Passion-dessin-a-l-Hospice-Saint-Roch22-scaled.jpg\",\"contentUrl\":\"https:\\\/\\\/finelife.tv\\\/fr\\\/wp-content\\\/uploads\\\/2024\\\/07\\\/img-src-22https-finelife.tvimage.jpg-alt-22Expo-Guerlain-Passion-dessin-a-l-Hospice-Saint-Roch22-scaled.jpg\",\"width\":2560,\"height\":2420},{\"@type\":\"BreadcrumbList\",\"@id\":\"https:\\\/\\\/finelife.tv\\\/fr\\\/2024\\\/07\\\/08\\\/expo-guerlain-passion-dessin-a-lhospice-saint-roch\\\/#breadcrumb\",\"itemListElement\":[{\"@type\":\"ListItem\",\"position\":1,\"name\":\"Accueil\",\"item\":\"https:\\\/\\\/finelife.tv\\\/fr\\\/\"},{\"@type\":\"ListItem\",\"position\":2,\"name\":\"Expo Guerlain Passion dessin \u00e0 l&#8217;Hospice Saint-Roch\"}]},{\"@type\":\"WebSite\",\"@id\":\"https:\\\/\\\/finelife.tv\\\/fr\\\/#website\",\"url\":\"https:\\\/\\\/finelife.tv\\\/fr\\\/\",\"name\":\"FineLife.tv\",\"description\":\"Quand l&#039;Art de vivre croise l&#039;Art de penser\",\"potentialAction\":[{\"@type\":\"SearchAction\",\"target\":{\"@type\":\"EntryPoint\",\"urlTemplate\":\"https:\\\/\\\/finelife.tv\\\/fr\\\/?s={search_term_string}\"},\"query-input\":{\"@type\":\"PropertyValueSpecification\",\"valueRequired\":true,\"valueName\":\"search_term_string\"}}],\"inLanguage\":\"fr-FR\"},{\"@type\":\"Person\",\"@id\":\"https:\\\/\\\/finelife.tv\\\/fr\\\/#\\\/schema\\\/person\\\/e3d980b0c0b3dc5af01c3455893c8c52\",\"name\":\"Leonore\",\"image\":{\"@type\":\"ImageObject\",\"inLanguage\":\"fr-FR\",\"@id\":\"https:\\\/\\\/secure.gravatar.com\\\/avatar\\\/9a2e5073417479f910ffdeee54da5ccf4f91eab62746ce0ae0e81124a9491a79?s=96&d=mm&r=g\",\"url\":\"https:\\\/\\\/secure.gravatar.com\\\/avatar\\\/9a2e5073417479f910ffdeee54da5ccf4f91eab62746ce0ae0e81124a9491a79?s=96&d=mm&r=g\",\"contentUrl\":\"https:\\\/\\\/secure.gravatar.com\\\/avatar\\\/9a2e5073417479f910ffdeee54da5ccf4f91eab62746ce0ae0e81124a9491a79?s=96&d=mm&r=g\",\"caption\":\"Leonore\"}}]}<\/script>\n<!-- \/ Yoast SEO plugin. -->","yoast_head_json":{"title":"Expo Guerlain Passion dessin \u00e0 l'Hospice Saint-Roch - FineLife.tv","description":"Expo Guerlain Passion dessin \u00e0 l'Hospice Saint-Roch. Un parcours qui croque l'intimit\u00e9 entre cet art \"originel\" et les collectionneurs","robots":{"index":"index","follow":"follow","max-snippet":"max-snippet:-1","max-image-preview":"max-image-preview:large","max-video-preview":"max-video-preview:-1"},"canonical":"https:\/\/finelife.tv\/fr\/2024\/07\/08\/expo-guerlain-passion-dessin-a-lhospice-saint-roch\/","og_locale":"fr_FR","og_type":"article","og_title":"Expo Guerlain Passion dessin \u00e0 l'Hospice Saint-Roch - FineLife.tv","og_description":"Expo Guerlain Passion dessin \u00e0 l'Hospice Saint-Roch. Un parcours qui croque l'intimit\u00e9 entre cet art \"originel\" et les collectionneurs","og_url":"https:\/\/finelife.tv\/fr\/2024\/07\/08\/expo-guerlain-passion-dessin-a-lhospice-saint-roch\/","og_site_name":"FineLife.tv","article_published_time":"2024-07-08T19:10:41+00:00","article_modified_time":"2024-07-15T20:21:18+00:00","og_image":[{"url":"https:\/\/finelife.tv\/fr\/wp-content\/uploads\/2024\/07\/img-src-22https-finelife.tvimage.jpg-alt-22Expo-Guerlain-Passion-dessin-a-l-Hospice-Saint-Roch22-1024x968.jpg","type":"","width":"","height":""}],"author":"Leonore","twitter_card":"summary_large_image","twitter_creator":"@finelifetv","twitter_site":"@finelifetv","twitter_misc":{"\u00c9crit par":"Leonore","Dur\u00e9e de lecture estim\u00e9e":"7 minutes"},"schema":{"@context":"https:\/\/schema.org","@graph":[{"@type":"Article","@id":"https:\/\/finelife.tv\/fr\/2024\/07\/08\/expo-guerlain-passion-dessin-a-lhospice-saint-roch\/#article","isPartOf":{"@id":"https:\/\/finelife.tv\/fr\/2024\/07\/08\/expo-guerlain-passion-dessin-a-lhospice-saint-roch\/"},"author":{"name":"Leonore","@id":"https:\/\/finelife.tv\/fr\/#\/schema\/person\/e3d980b0c0b3dc5af01c3455893c8c52"},"headline":"Expo Guerlain Passion dessin \u00e0 l&rsquo;Hospice Saint-Roch","datePublished":"2024-07-08T19:10:41+00:00","dateModified":"2024-07-15T20:21:18+00:00","mainEntityOfPage":{"@id":"https:\/\/finelife.tv\/fr\/2024\/07\/08\/expo-guerlain-passion-dessin-a-lhospice-saint-roch\/"},"wordCount":932,"commentCount":2,"image":{"@id":"https:\/\/finelife.tv\/fr\/2024\/07\/08\/expo-guerlain-passion-dessin-a-lhospice-saint-roch\/#primaryimage"},"thumbnailUrl":"https:\/\/finelife.tv\/fr\/wp-content\/uploads\/2024\/07\/img-src-22https-finelife.tvimage.jpg-alt-22Expo-Guerlain-Passion-dessin-a-l-Hospice-Saint-Roch22-1024x968.jpg","keywords":["art","collectionneurs","dessin","exposition guerlain","issoudun","musee","musee hospice saint roch"],"articleSection":["Blog"],"inLanguage":"fr-FR","potentialAction":[{"@type":"CommentAction","name":"Comment","target":["https:\/\/finelife.tv\/fr\/2024\/07\/08\/expo-guerlain-passion-dessin-a-lhospice-saint-roch\/#respond"]}]},{"@type":"WebPage","@id":"https:\/\/finelife.tv\/fr\/2024\/07\/08\/expo-guerlain-passion-dessin-a-lhospice-saint-roch\/","url":"https:\/\/finelife.tv\/fr\/2024\/07\/08\/expo-guerlain-passion-dessin-a-lhospice-saint-roch\/","name":"Expo Guerlain Passion dessin \u00e0 l'Hospice Saint-Roch - FineLife.tv","isPartOf":{"@id":"https:\/\/finelife.tv\/fr\/#website"},"primaryImageOfPage":{"@id":"https:\/\/finelife.tv\/fr\/2024\/07\/08\/expo-guerlain-passion-dessin-a-lhospice-saint-roch\/#primaryimage"},"image":{"@id":"https:\/\/finelife.tv\/fr\/2024\/07\/08\/expo-guerlain-passion-dessin-a-lhospice-saint-roch\/#primaryimage"},"thumbnailUrl":"https:\/\/finelife.tv\/fr\/wp-content\/uploads\/2024\/07\/img-src-22https-finelife.tvimage.jpg-alt-22Expo-Guerlain-Passion-dessin-a-l-Hospice-Saint-Roch22-1024x968.jpg","datePublished":"2024-07-08T19:10:41+00:00","dateModified":"2024-07-15T20:21:18+00:00","author":{"@id":"https:\/\/finelife.tv\/fr\/#\/schema\/person\/e3d980b0c0b3dc5af01c3455893c8c52"},"description":"Expo Guerlain Passion dessin \u00e0 l'Hospice Saint-Roch. Un parcours qui croque l'intimit\u00e9 entre cet art \"originel\" et les collectionneurs","breadcrumb":{"@id":"https:\/\/finelife.tv\/fr\/2024\/07\/08\/expo-guerlain-passion-dessin-a-lhospice-saint-roch\/#breadcrumb"},"inLanguage":"fr-FR","potentialAction":[{"@type":"ReadAction","target":["https:\/\/finelife.tv\/fr\/2024\/07\/08\/expo-guerlain-passion-dessin-a-lhospice-saint-roch\/"]}]},{"@type":"ImageObject","inLanguage":"fr-FR","@id":"https:\/\/finelife.tv\/fr\/2024\/07\/08\/expo-guerlain-passion-dessin-a-lhospice-saint-roch\/#primaryimage","url":"https:\/\/finelife.tv\/fr\/wp-content\/uploads\/2024\/07\/img-src-22https-finelife.tvimage.jpg-alt-22Expo-Guerlain-Passion-dessin-a-l-Hospice-Saint-Roch22-scaled.jpg","contentUrl":"https:\/\/finelife.tv\/fr\/wp-content\/uploads\/2024\/07\/img-src-22https-finelife.tvimage.jpg-alt-22Expo-Guerlain-Passion-dessin-a-l-Hospice-Saint-Roch22-scaled.jpg","width":2560,"height":2420},{"@type":"BreadcrumbList","@id":"https:\/\/finelife.tv\/fr\/2024\/07\/08\/expo-guerlain-passion-dessin-a-lhospice-saint-roch\/#breadcrumb","itemListElement":[{"@type":"ListItem","position":1,"name":"Accueil","item":"https:\/\/finelife.tv\/fr\/"},{"@type":"ListItem","position":2,"name":"Expo Guerlain Passion dessin \u00e0 l&#8217;Hospice Saint-Roch"}]},{"@type":"WebSite","@id":"https:\/\/finelife.tv\/fr\/#website","url":"https:\/\/finelife.tv\/fr\/","name":"FineLife.tv","description":"Quand l&#039;Art de vivre croise l&#039;Art de penser","potentialAction":[{"@type":"SearchAction","target":{"@type":"EntryPoint","urlTemplate":"https:\/\/finelife.tv\/fr\/?s={search_term_string}"},"query-input":{"@type":"PropertyValueSpecification","valueRequired":true,"valueName":"search_term_string"}}],"inLanguage":"fr-FR"},{"@type":"Person","@id":"https:\/\/finelife.tv\/fr\/#\/schema\/person\/e3d980b0c0b3dc5af01c3455893c8c52","name":"Leonore","image":{"@type":"ImageObject","inLanguage":"fr-FR","@id":"https:\/\/secure.gravatar.com\/avatar\/9a2e5073417479f910ffdeee54da5ccf4f91eab62746ce0ae0e81124a9491a79?s=96&d=mm&r=g","url":"https:\/\/secure.gravatar.com\/avatar\/9a2e5073417479f910ffdeee54da5ccf4f91eab62746ce0ae0e81124a9491a79?s=96&d=mm&r=g","contentUrl":"https:\/\/secure.gravatar.com\/avatar\/9a2e5073417479f910ffdeee54da5ccf4f91eab62746ce0ae0e81124a9491a79?s=96&d=mm&r=g","caption":"Leonore"}}]}},"_links":{"self":[{"href":"https:\/\/finelife.tv\/fr\/wp-json\/wp\/v2\/posts\/19749","targetHints":{"allow":["GET"]}}],"collection":[{"href":"https:\/\/finelife.tv\/fr\/wp-json\/wp\/v2\/posts"}],"about":[{"href":"https:\/\/finelife.tv\/fr\/wp-json\/wp\/v2\/types\/post"}],"author":[{"embeddable":true,"href":"https:\/\/finelife.tv\/fr\/wp-json\/wp\/v2\/users\/1"}],"replies":[{"embeddable":true,"href":"https:\/\/finelife.tv\/fr\/wp-json\/wp\/v2\/comments?post=19749"}],"version-history":[{"count":20,"href":"https:\/\/finelife.tv\/fr\/wp-json\/wp\/v2\/posts\/19749\/revisions"}],"predecessor-version":[{"id":19839,"href":"https:\/\/finelife.tv\/fr\/wp-json\/wp\/v2\/posts\/19749\/revisions\/19839"}],"wp:attachment":[{"href":"https:\/\/finelife.tv\/fr\/wp-json\/wp\/v2\/media?parent=19749"}],"wp:term":[{"taxonomy":"category","embeddable":true,"href":"https:\/\/finelife.tv\/fr\/wp-json\/wp\/v2\/categories?post=19749"},{"taxonomy":"post_tag","embeddable":true,"href":"https:\/\/finelife.tv\/fr\/wp-json\/wp\/v2\/tags?post=19749"}],"curies":[{"name":"wp","href":"https:\/\/api.w.org\/{rel}","templated":true}]}}