{"id":20075,"date":"2024-07-29T13:18:08","date_gmt":"2024-07-29T11:18:08","guid":{"rendered":"https:\/\/finelife.tv\/fr\/?p=20075"},"modified":"2024-07-30T21:21:19","modified_gmt":"2024-07-30T19:21:19","slug":"art-abraham-poincheval-reclus-dans-une-bouteille","status":"publish","type":"post","link":"https:\/\/finelife.tv\/fr\/2024\/07\/29\/art-abraham-poincheval-reclus-dans-une-bouteille\/","title":{"rendered":"Art Abraham Poincheval reclus dans une bouteille"},"content":{"rendered":"<div class=\"wp-block-image\">\n<figure class=\"aligncenter size-large\"><img loading=\"lazy\" decoding=\"async\" width=\"768\" height=\"1024\" src=\"https:\/\/finelife.tv\/fr\/wp-content\/uploads\/2024\/07\/img-src-22https-finelife.tvimage.jpg-alt-22Art-Abraham-Poincheval-reclus-dans-une-bouteille22-768x1024.jpg\" alt=\"\" class=\"wp-image-20087\" srcset=\"https:\/\/finelife.tv\/fr\/wp-content\/uploads\/2024\/07\/img-src-22https-finelife.tvimage.jpg-alt-22Art-Abraham-Poincheval-reclus-dans-une-bouteille22-768x1024.jpg 768w, https:\/\/finelife.tv\/fr\/wp-content\/uploads\/2024\/07\/img-src-22https-finelife.tvimage.jpg-alt-22Art-Abraham-Poincheval-reclus-dans-une-bouteille22-225x300.jpg 225w, https:\/\/finelife.tv\/fr\/wp-content\/uploads\/2024\/07\/img-src-22https-finelife.tvimage.jpg-alt-22Art-Abraham-Poincheval-reclus-dans-une-bouteille22-1152x1536.jpg 1152w, https:\/\/finelife.tv\/fr\/wp-content\/uploads\/2024\/07\/img-src-22https-finelife.tvimage.jpg-alt-22Art-Abraham-Poincheval-reclus-dans-une-bouteille22-1536x2048.jpg 1536w, https:\/\/finelife.tv\/fr\/wp-content\/uploads\/2024\/07\/img-src-22https-finelife.tvimage.jpg-alt-22Art-Abraham-Poincheval-reclus-dans-une-bouteille22-scaled.jpg 1920w\" sizes=\"auto, (max-width: 768px) 100vw, 768px\" \/><\/figure>\n<\/div>\n\n\n<p><strong>Art Abraham Poincheval reclus dans une bouteille sur le canal Saint-Denis. En \u00e9cho aux JO de Paris 2024 le performeur s&rsquo;enferme pour questionner la r\u00e9silience des corps, les notions d&rsquo;intimit\u00e9 et de spectacle autant que l&rsquo;environnement et l&rsquo;espace public<\/strong><\/p>\n\n\n\n<p>Pour les JO de Paris 2024 tout le monde sort. Le performeur Abraham Poincheval, lui, s&rsquo;enferme. Dans une bouteille en face du stade de France. Il y restera 10 jours, du jeudi 26 juillet au 3 ao\u00fbt 2024. <\/p>\n\n\n\n<p>\u00ab\u00a0J&rsquo;ai beaucoup voyag\u00e9, puis j&rsquo;ai pris conscience que le voyage ultime est peut-\u00eatre le voyage immobile\u00a0\u00bb confie-t-il sur le bord du canal Saint-Denis avant de p\u00e9n\u00e9trer dans La Bouteille. <\/p>\n\n\n\n<p>L&rsquo;habitat \u00e9ph\u00e9m\u00e8re fait pr\u00e8s de 6 m\u00e8tres sur 2 m\u00e8tres. Abraham Poincheval a emport\u00e9 le minimum. Sur le quai, pr\u00eats \u00e0 embarquer pour le voyage m\u00e9ditatif, des sacs avec de la nourriture lyophilis\u00e9e, des bidons d&rsquo;eau, un n\u00e9cessaire de secours. \u00ab\u00a0J&rsquo;ai \u00e9galement avec moi des lettres re\u00e7ues\u00a0\u00bb. Une petite \u00e9olienne ainsi que des capteurs solaires l&rsquo;alimentent en \u00e9lectricit\u00e9 et en air frais. Le pare-soleil ne sera pas superflu. Une canicule s&rsquo;annonce et la temp\u00e9rature int\u00e9rieure pourrait attendre 50 degr\u00e9s. Un lit, une cuisine, un salon, une salle \u00e0 manger ainsi que des toilettes s\u00e8ches compl\u00e8tent ce dispositif de survie en milieu urbain. Au final peut-\u00eatre un petit air vintage de personnage dans une bouteille d&rsquo;eau-de-vie. Un jardin entoure la bouteille et un dispositif en \u00e9coutille permet un dialogue avec les passants.<\/p>\n\n\n\n<h2 class=\"wp-block-heading\">Abraham Poincheval et le voyage en bouteille<\/h2>\n\n\n<div class=\"wp-block-image\">\n<figure class=\"aligncenter size-large\"><img loading=\"lazy\" decoding=\"async\" width=\"1024\" height=\"768\" src=\"https:\/\/finelife.tv\/fr\/wp-content\/uploads\/2024\/07\/img-src-22https-finelife.tvimage.jpg-alt-22Art-Abraham-Poincheval-reclus-dans-une-bouteille-devant-stade-de-france22-1024x768.jpg\" alt=\"\" class=\"wp-image-20088\" srcset=\"https:\/\/finelife.tv\/fr\/wp-content\/uploads\/2024\/07\/img-src-22https-finelife.tvimage.jpg-alt-22Art-Abraham-Poincheval-reclus-dans-une-bouteille-devant-stade-de-france22-1024x768.jpg 1024w, https:\/\/finelife.tv\/fr\/wp-content\/uploads\/2024\/07\/img-src-22https-finelife.tvimage.jpg-alt-22Art-Abraham-Poincheval-reclus-dans-une-bouteille-devant-stade-de-france22-300x225.jpg 300w, https:\/\/finelife.tv\/fr\/wp-content\/uploads\/2024\/07\/img-src-22https-finelife.tvimage.jpg-alt-22Art-Abraham-Poincheval-reclus-dans-une-bouteille-devant-stade-de-france22-768x576.jpg 768w, https:\/\/finelife.tv\/fr\/wp-content\/uploads\/2024\/07\/img-src-22https-finelife.tvimage.jpg-alt-22Art-Abraham-Poincheval-reclus-dans-une-bouteille-devant-stade-de-france22-1536x1152.jpg 1536w, https:\/\/finelife.tv\/fr\/wp-content\/uploads\/2024\/07\/img-src-22https-finelife.tvimage.jpg-alt-22Art-Abraham-Poincheval-reclus-dans-une-bouteille-devant-stade-de-france22-2048x1536.jpg 2048w\" sizes=\"auto, (max-width: 1024px) 100vw, 1024px\" \/><\/figure>\n<\/div>\n\n\n<p>L&rsquo;enfermement dans La Bouteille du canal Saint-Denis n&rsquo;est pas une premi\u00e8re. Ainsi en 2014 Abraham Poincheval s\u2019enferme pendant 13 jours \u00e0 l\u2019int\u00e9rieur d\u2019un ours naturalis\u00e9 au mus\u00e9e de la Chasse et de la Nature. Plus tard, passage de l&rsquo;animalit\u00e9 \u00e0 la min\u00e9ralit\u00e9. En 2017 il se terre ainsi pendant une semaine dans un rocher de douze tonnes. Plus r\u00e9cemment, en 2021, l&rsquo;artiste s&rsquo;isole pendant sept jours dans une sculpture de la galerie Perrotin (Paris). \u00ab\u00a0Le confinement est un voyage int\u00e9rieur, infini\u00a0\u00bb explique-t-il sur le quai du canal Saint-Denis.<\/p>\n\n\n\n<p>De m\u00eame, La Bouteille ne surgit pas de nulle part. Elle est en effet la d\u00e9clinaison d&rsquo;un projet artistique lanc\u00e9 il y a presque 10 ans, le 25 juillet 2015 en Camargue. L&rsquo;\u0153uvre avait ensuite chemin\u00e9 jusqu&rsquo;\u00e0 Gen\u00e8ve avec des \u00e9tapes le long du Rh\u00f4ne. Elle visait alors \u00e0 sensibiliser les publics aux inondations et \u00e0 vivifier les cultures et les imaginaires li\u00e9s aux fleuves. La Bouteille du canal Saint-Denis, elle, est une commande de Plaine Commune, \u00e9tablissement public territorial qui r\u00e9unit 9 municipalit\u00e9s. Elle a \u00e9t\u00e9 r\u00e9alis\u00e9e en partenariat avec le CNEAI et l&rsquo;association Ilotopie. <\/p>\n\n\n<div class=\"wp-block-image\">\n<figure class=\"aligncenter size-large\"><img loading=\"lazy\" decoding=\"async\" width=\"768\" height=\"1024\" src=\"https:\/\/finelife.tv\/fr\/wp-content\/uploads\/2024\/07\/img-src-22https-finelife.tvimage.jpg-alt-22Art-Abraham-Poincheval-reclus-dans-une-bouteille-canal-saint-denis22-768x1024.jpg\" alt=\"\" class=\"wp-image-20089\" srcset=\"https:\/\/finelife.tv\/fr\/wp-content\/uploads\/2024\/07\/img-src-22https-finelife.tvimage.jpg-alt-22Art-Abraham-Poincheval-reclus-dans-une-bouteille-canal-saint-denis22-768x1024.jpg 768w, https:\/\/finelife.tv\/fr\/wp-content\/uploads\/2024\/07\/img-src-22https-finelife.tvimage.jpg-alt-22Art-Abraham-Poincheval-reclus-dans-une-bouteille-canal-saint-denis22-225x300.jpg 225w, https:\/\/finelife.tv\/fr\/wp-content\/uploads\/2024\/07\/img-src-22https-finelife.tvimage.jpg-alt-22Art-Abraham-Poincheval-reclus-dans-une-bouteille-canal-saint-denis22-1152x1536.jpg 1152w, https:\/\/finelife.tv\/fr\/wp-content\/uploads\/2024\/07\/img-src-22https-finelife.tvimage.jpg-alt-22Art-Abraham-Poincheval-reclus-dans-une-bouteille-canal-saint-denis22-1536x2048.jpg 1536w, https:\/\/finelife.tv\/fr\/wp-content\/uploads\/2024\/07\/img-src-22https-finelife.tvimage.jpg-alt-22Art-Abraham-Poincheval-reclus-dans-une-bouteille-canal-saint-denis22-scaled.jpg 1920w\" sizes=\"auto, (max-width: 768px) 100vw, 768px\" \/><\/figure>\n<\/div>\n\n\n<h2 class=\"wp-block-heading\">Des performances physiques, m\u00e9ditatives et \u00e9colo  <\/h2>\n\n\n\n<p>Abraham Poincheval, n\u00e9 en 1972 \u00e0 Marseille, est c\u00e9l\u00e8bre pour ses explorations performances. On peut notamment voir \u00e0 la Fondation Vuitton le film de son exp\u00e9dition dans la canop\u00e9e. Les images stup\u00e9fiantes le montrent marcher sur les nuages, \u00ab\u00a0explorer le ciel \u00e0 la recherche d\u2019un paysage mouvant\u00a0\u00bb selon la Biennale de Lyon de 2019. \u00ab\u00a0Il y a une certaine continuit\u00e9 dans l&rsquo;exploration de l&rsquo;\u00e9tat gazeux \u00e0 l&rsquo;\u00e9tat liquide\u00a0\u00bb explique l&rsquo;artiste.<\/p>\n\n\n\n<p>Mais ici le performeur questionne \u00ab\u00a0l&rsquo;imaginaire collectif li\u00e9 \u00e0 la bouteille \u00e0 la mer, la place du paysage et celle de celui qui l&rsquo;habite\u00a0\u00bb. Chacun doit construire son r\u00e9cit. En lien avec sa performance sur le Rh\u00f4ne, Abraham Poincheval parle aussi des \u00ab\u00a0canaux qui lient les mondes et de la ville comme un grand flux\u00a0\u00bb. <\/p>\n\n\n\n<p>Le grand flux des visiteurs des JO de Paris 2024 s&rsquo;arr\u00eatera -t-il devant la bouteille ?<\/p>\n\n\n\n<figure class=\"wp-block-video aligncenter\"><video height=\"320\" style=\"aspect-ratio: 568 \/ 320;\" width=\"568\" controls src=\"https:\/\/finelife.tv\/fr\/wp-content\/uploads\/2024\/07\/video-src-22https-finelife.tvvideo.mov-alt-22Art-Abraham-Poincheval-reclus-dans-une-bouteille22.mov\"><\/video><\/figure>\n\n\n\n<p><\/p>\n\n\n\n<p><\/p>\n\n\n\n<figure class=\"wp-block-video\"><video height=\"320\" style=\"aspect-ratio: 568 \/ 320;\" width=\"568\" controls src=\"https:\/\/finelife.tv\/fr\/wp-content\/uploads\/2024\/07\/video-src-22https-finelife.tvvideo.mov-alt-22Art-Abraham-Poincheval-reclus-dans-une-bouteille-saint-denis-canal22.mov\"><\/video><\/figure>\n\n\n\n<p><\/p>\n\n\n\n<h2 class=\"wp-block-heading has-text-align-center\">INFO<\/h2>\n\n\n\n<p><strong><a href=\"https:\/\/plainecommune.fr\/\">Plaine Commune<\/a><\/strong><\/p>\n\n\n\n<p>M\u00e9tro Saint-Denis \/ Porte de Paris  ligne 13 sortie 1 La Plaine face au jardin de L&rsquo;\u00c9cluse<\/p>\n\n\n\n<p>Related article Art Abraham Poincheval reclus dans une bouteille <\/p>\n\n\n\n<p><strong><a href=\"https:\/\/finelife.tv\/fr\/2023\/08\/15\/faut-il-voyager-pour-etre-heureux\/\">Faut-il voyager pour \u00eatre heureux ?<\/a><\/strong><\/p>\n\n\n\n<p><a href=\"https:\/\/finelife.tv\/fr\/2024\/07\/29\/6-nouvelles-oeuvres-sur-street-art-avenue\/\"><strong>Les Victoires<\/strong> <strong>6 nouvelles \u0153uvres sur Street Art Avenue le long du canal Saint-Denis<\/strong><\/a><\/p>\n\n\n\n<p><\/p>\n","protected":false},"excerpt":{"rendered":"<p>Art Abraham Poincheval reclus dans une bouteille sur le canal Saint-Denis. En \u00e9cho aux JO de Paris 2024 le performeur s&rsquo;enferme pour questionner la r\u00e9silience des corps, les notions d&rsquo;intimit\u00e9 et de spectacle autant que l&rsquo;environnement et l&rsquo;espace public<\/p>\n","protected":false},"author":1,"featured_media":0,"comment_status":"open","ping_status":"open","sticky":false,"template":"","format":"standard","meta":{"footnotes":""},"categories":[4],"tags":[5007,22,448,4962,290,786,5008,2675,5010,5009],"class_list":["post-20075","post","type-post","status-publish","format-standard","hentry","category-blog","tag-abraham-poincheval","tag-art","tag-art-contemporain","tag-art-ecolo","tag-ecologie","tag-environnement","tag-joparis2024","tag-performance","tag-performance-enfermement","tag-saint-denis"],"yoast_head":"<!-- This site is optimized with the Yoast SEO plugin v27.5 - https:\/\/yoast.com\/product\/yoast-seo-wordpress\/ -->\n<title>Art Abraham Poincheval reclus dans une bouteille - FineLife.tv<\/title>\n<meta name=\"description\" content=\"Art Abraham Poincheval reclus dans une bouteille sur le canal Saint-Denis. En \u00e9cho aux JO de Paris 2024 l&#039;artiste questionne le corps l&#039;espace l&#039;environnement\" \/>\n<meta name=\"robots\" content=\"index, follow, max-snippet:-1, max-image-preview:large, max-video-preview:-1\" \/>\n<link rel=\"canonical\" href=\"https:\/\/finelife.tv\/fr\/2024\/07\/29\/art-abraham-poincheval-reclus-dans-une-bouteille\/\" \/>\n<meta property=\"og:locale\" content=\"fr_FR\" \/>\n<meta property=\"og:type\" content=\"article\" \/>\n<meta property=\"og:title\" content=\"Art Abraham Poincheval reclus dans une bouteille - FineLife.tv\" \/>\n<meta property=\"og:description\" content=\"Art Abraham Poincheval reclus dans une bouteille sur le canal Saint-Denis. En \u00e9cho aux JO de Paris 2024 l&#039;artiste questionne le corps l&#039;espace l&#039;environnement\" \/>\n<meta property=\"og:url\" content=\"https:\/\/finelife.tv\/fr\/2024\/07\/29\/art-abraham-poincheval-reclus-dans-une-bouteille\/\" \/>\n<meta property=\"og:site_name\" content=\"FineLife.tv\" \/>\n<meta property=\"article:published_time\" content=\"2024-07-29T11:18:08+00:00\" \/>\n<meta property=\"article:modified_time\" content=\"2024-07-30T19:21:19+00:00\" \/>\n<meta property=\"og:image\" content=\"https:\/\/finelife.tv\/fr\/wp-content\/uploads\/2024\/07\/img-src-22https-finelife.tvimage.jpg-alt-22Art-Abraham-Poincheval-reclus-dans-une-bouteille22-768x1024.jpg\" \/>\n<meta name=\"author\" content=\"Leonore\" \/>\n<meta name=\"twitter:card\" content=\"summary_large_image\" \/>\n<meta name=\"twitter:creator\" content=\"@finelifetv\" \/>\n<meta name=\"twitter:site\" content=\"@finelifetv\" \/>\n<meta name=\"twitter:label1\" content=\"\u00c9crit par\" \/>\n\t<meta name=\"twitter:data1\" content=\"Leonore\" \/>\n\t<meta name=\"twitter:label2\" content=\"Dur\u00e9e de lecture estim\u00e9e\" \/>\n\t<meta name=\"twitter:data2\" content=\"4 minutes\" \/>\n<script type=\"application\/ld+json\" class=\"yoast-schema-graph\">{\"@context\":\"https:\\\/\\\/schema.org\",\"@graph\":[{\"@type\":\"Article\",\"@id\":\"https:\\\/\\\/finelife.tv\\\/fr\\\/2024\\\/07\\\/29\\\/art-abraham-poincheval-reclus-dans-une-bouteille\\\/#article\",\"isPartOf\":{\"@id\":\"https:\\\/\\\/finelife.tv\\\/fr\\\/2024\\\/07\\\/29\\\/art-abraham-poincheval-reclus-dans-une-bouteille\\\/\"},\"author\":{\"name\":\"Leonore\",\"@id\":\"https:\\\/\\\/finelife.tv\\\/fr\\\/#\\\/schema\\\/person\\\/e3d980b0c0b3dc5af01c3455893c8c52\"},\"headline\":\"Art Abraham Poincheval reclus dans une bouteille\",\"datePublished\":\"2024-07-29T11:18:08+00:00\",\"dateModified\":\"2024-07-30T19:21:19+00:00\",\"mainEntityOfPage\":{\"@id\":\"https:\\\/\\\/finelife.tv\\\/fr\\\/2024\\\/07\\\/29\\\/art-abraham-poincheval-reclus-dans-une-bouteille\\\/\"},\"wordCount\":672,\"commentCount\":2,\"image\":{\"@id\":\"https:\\\/\\\/finelife.tv\\\/fr\\\/2024\\\/07\\\/29\\\/art-abraham-poincheval-reclus-dans-une-bouteille\\\/#primaryimage\"},\"thumbnailUrl\":\"https:\\\/\\\/finelife.tv\\\/fr\\\/wp-content\\\/uploads\\\/2024\\\/07\\\/img-src-22https-finelife.tvimage.jpg-alt-22Art-Abraham-Poincheval-reclus-dans-une-bouteille22-768x1024.jpg\",\"keywords\":[\"abraham poincheval\",\"art\",\"art contemporain\",\"art ecolo\",\"ecologie\",\"environnement\",\"JOPARIS2024\",\"performance\",\"performance enfermement\",\"saint denis\"],\"articleSection\":[\"Blog\"],\"inLanguage\":\"fr-FR\",\"potentialAction\":[{\"@type\":\"CommentAction\",\"name\":\"Comment\",\"target\":[\"https:\\\/\\\/finelife.tv\\\/fr\\\/2024\\\/07\\\/29\\\/art-abraham-poincheval-reclus-dans-une-bouteille\\\/#respond\"]}]},{\"@type\":\"WebPage\",\"@id\":\"https:\\\/\\\/finelife.tv\\\/fr\\\/2024\\\/07\\\/29\\\/art-abraham-poincheval-reclus-dans-une-bouteille\\\/\",\"url\":\"https:\\\/\\\/finelife.tv\\\/fr\\\/2024\\\/07\\\/29\\\/art-abraham-poincheval-reclus-dans-une-bouteille\\\/\",\"name\":\"Art Abraham Poincheval reclus dans une bouteille - FineLife.tv\",\"isPartOf\":{\"@id\":\"https:\\\/\\\/finelife.tv\\\/fr\\\/#website\"},\"primaryImageOfPage\":{\"@id\":\"https:\\\/\\\/finelife.tv\\\/fr\\\/2024\\\/07\\\/29\\\/art-abraham-poincheval-reclus-dans-une-bouteille\\\/#primaryimage\"},\"image\":{\"@id\":\"https:\\\/\\\/finelife.tv\\\/fr\\\/2024\\\/07\\\/29\\\/art-abraham-poincheval-reclus-dans-une-bouteille\\\/#primaryimage\"},\"thumbnailUrl\":\"https:\\\/\\\/finelife.tv\\\/fr\\\/wp-content\\\/uploads\\\/2024\\\/07\\\/img-src-22https-finelife.tvimage.jpg-alt-22Art-Abraham-Poincheval-reclus-dans-une-bouteille22-768x1024.jpg\",\"datePublished\":\"2024-07-29T11:18:08+00:00\",\"dateModified\":\"2024-07-30T19:21:19+00:00\",\"author\":{\"@id\":\"https:\\\/\\\/finelife.tv\\\/fr\\\/#\\\/schema\\\/person\\\/e3d980b0c0b3dc5af01c3455893c8c52\"},\"description\":\"Art Abraham Poincheval reclus dans une bouteille sur le canal Saint-Denis. En \u00e9cho aux JO de Paris 2024 l'artiste questionne le corps l'espace l'environnement\",\"breadcrumb\":{\"@id\":\"https:\\\/\\\/finelife.tv\\\/fr\\\/2024\\\/07\\\/29\\\/art-abraham-poincheval-reclus-dans-une-bouteille\\\/#breadcrumb\"},\"inLanguage\":\"fr-FR\",\"potentialAction\":[{\"@type\":\"ReadAction\",\"target\":[\"https:\\\/\\\/finelife.tv\\\/fr\\\/2024\\\/07\\\/29\\\/art-abraham-poincheval-reclus-dans-une-bouteille\\\/\"]}]},{\"@type\":\"ImageObject\",\"inLanguage\":\"fr-FR\",\"@id\":\"https:\\\/\\\/finelife.tv\\\/fr\\\/2024\\\/07\\\/29\\\/art-abraham-poincheval-reclus-dans-une-bouteille\\\/#primaryimage\",\"url\":\"https:\\\/\\\/finelife.tv\\\/fr\\\/wp-content\\\/uploads\\\/2024\\\/07\\\/img-src-22https-finelife.tvimage.jpg-alt-22Art-Abraham-Poincheval-reclus-dans-une-bouteille22-scaled.jpg\",\"contentUrl\":\"https:\\\/\\\/finelife.tv\\\/fr\\\/wp-content\\\/uploads\\\/2024\\\/07\\\/img-src-22https-finelife.tvimage.jpg-alt-22Art-Abraham-Poincheval-reclus-dans-une-bouteille22-scaled.jpg\",\"width\":1920,\"height\":2560},{\"@type\":\"BreadcrumbList\",\"@id\":\"https:\\\/\\\/finelife.tv\\\/fr\\\/2024\\\/07\\\/29\\\/art-abraham-poincheval-reclus-dans-une-bouteille\\\/#breadcrumb\",\"itemListElement\":[{\"@type\":\"ListItem\",\"position\":1,\"name\":\"Accueil\",\"item\":\"https:\\\/\\\/finelife.tv\\\/fr\\\/\"},{\"@type\":\"ListItem\",\"position\":2,\"name\":\"Art Abraham Poincheval reclus dans une bouteille\"}]},{\"@type\":\"WebSite\",\"@id\":\"https:\\\/\\\/finelife.tv\\\/fr\\\/#website\",\"url\":\"https:\\\/\\\/finelife.tv\\\/fr\\\/\",\"name\":\"FineLife.tv\",\"description\":\"Quand l&#039;Art de vivre croise l&#039;Art de penser\",\"potentialAction\":[{\"@type\":\"SearchAction\",\"target\":{\"@type\":\"EntryPoint\",\"urlTemplate\":\"https:\\\/\\\/finelife.tv\\\/fr\\\/?s={search_term_string}\"},\"query-input\":{\"@type\":\"PropertyValueSpecification\",\"valueRequired\":true,\"valueName\":\"search_term_string\"}}],\"inLanguage\":\"fr-FR\"},{\"@type\":\"Person\",\"@id\":\"https:\\\/\\\/finelife.tv\\\/fr\\\/#\\\/schema\\\/person\\\/e3d980b0c0b3dc5af01c3455893c8c52\",\"name\":\"Leonore\",\"image\":{\"@type\":\"ImageObject\",\"inLanguage\":\"fr-FR\",\"@id\":\"https:\\\/\\\/secure.gravatar.com\\\/avatar\\\/9a2e5073417479f910ffdeee54da5ccf4f91eab62746ce0ae0e81124a9491a79?s=96&d=mm&r=g\",\"url\":\"https:\\\/\\\/secure.gravatar.com\\\/avatar\\\/9a2e5073417479f910ffdeee54da5ccf4f91eab62746ce0ae0e81124a9491a79?s=96&d=mm&r=g\",\"contentUrl\":\"https:\\\/\\\/secure.gravatar.com\\\/avatar\\\/9a2e5073417479f910ffdeee54da5ccf4f91eab62746ce0ae0e81124a9491a79?s=96&d=mm&r=g\",\"caption\":\"Leonore\"}}]}<\/script>\n<!-- \/ Yoast SEO plugin. -->","yoast_head_json":{"title":"Art Abraham Poincheval reclus dans une bouteille - FineLife.tv","description":"Art Abraham Poincheval reclus dans une bouteille sur le canal Saint-Denis. En \u00e9cho aux JO de Paris 2024 l'artiste questionne le corps l'espace l'environnement","robots":{"index":"index","follow":"follow","max-snippet":"max-snippet:-1","max-image-preview":"max-image-preview:large","max-video-preview":"max-video-preview:-1"},"canonical":"https:\/\/finelife.tv\/fr\/2024\/07\/29\/art-abraham-poincheval-reclus-dans-une-bouteille\/","og_locale":"fr_FR","og_type":"article","og_title":"Art Abraham Poincheval reclus dans une bouteille - FineLife.tv","og_description":"Art Abraham Poincheval reclus dans une bouteille sur le canal Saint-Denis. En \u00e9cho aux JO de Paris 2024 l'artiste questionne le corps l'espace l'environnement","og_url":"https:\/\/finelife.tv\/fr\/2024\/07\/29\/art-abraham-poincheval-reclus-dans-une-bouteille\/","og_site_name":"FineLife.tv","article_published_time":"2024-07-29T11:18:08+00:00","article_modified_time":"2024-07-30T19:21:19+00:00","og_image":[{"url":"https:\/\/finelife.tv\/fr\/wp-content\/uploads\/2024\/07\/img-src-22https-finelife.tvimage.jpg-alt-22Art-Abraham-Poincheval-reclus-dans-une-bouteille22-768x1024.jpg","type":"","width":"","height":""}],"author":"Leonore","twitter_card":"summary_large_image","twitter_creator":"@finelifetv","twitter_site":"@finelifetv","twitter_misc":{"\u00c9crit par":"Leonore","Dur\u00e9e de lecture estim\u00e9e":"4 minutes"},"schema":{"@context":"https:\/\/schema.org","@graph":[{"@type":"Article","@id":"https:\/\/finelife.tv\/fr\/2024\/07\/29\/art-abraham-poincheval-reclus-dans-une-bouteille\/#article","isPartOf":{"@id":"https:\/\/finelife.tv\/fr\/2024\/07\/29\/art-abraham-poincheval-reclus-dans-une-bouteille\/"},"author":{"name":"Leonore","@id":"https:\/\/finelife.tv\/fr\/#\/schema\/person\/e3d980b0c0b3dc5af01c3455893c8c52"},"headline":"Art Abraham Poincheval reclus dans une bouteille","datePublished":"2024-07-29T11:18:08+00:00","dateModified":"2024-07-30T19:21:19+00:00","mainEntityOfPage":{"@id":"https:\/\/finelife.tv\/fr\/2024\/07\/29\/art-abraham-poincheval-reclus-dans-une-bouteille\/"},"wordCount":672,"commentCount":2,"image":{"@id":"https:\/\/finelife.tv\/fr\/2024\/07\/29\/art-abraham-poincheval-reclus-dans-une-bouteille\/#primaryimage"},"thumbnailUrl":"https:\/\/finelife.tv\/fr\/wp-content\/uploads\/2024\/07\/img-src-22https-finelife.tvimage.jpg-alt-22Art-Abraham-Poincheval-reclus-dans-une-bouteille22-768x1024.jpg","keywords":["abraham poincheval","art","art contemporain","art ecolo","ecologie","environnement","JOPARIS2024","performance","performance enfermement","saint denis"],"articleSection":["Blog"],"inLanguage":"fr-FR","potentialAction":[{"@type":"CommentAction","name":"Comment","target":["https:\/\/finelife.tv\/fr\/2024\/07\/29\/art-abraham-poincheval-reclus-dans-une-bouteille\/#respond"]}]},{"@type":"WebPage","@id":"https:\/\/finelife.tv\/fr\/2024\/07\/29\/art-abraham-poincheval-reclus-dans-une-bouteille\/","url":"https:\/\/finelife.tv\/fr\/2024\/07\/29\/art-abraham-poincheval-reclus-dans-une-bouteille\/","name":"Art Abraham Poincheval reclus dans une bouteille - FineLife.tv","isPartOf":{"@id":"https:\/\/finelife.tv\/fr\/#website"},"primaryImageOfPage":{"@id":"https:\/\/finelife.tv\/fr\/2024\/07\/29\/art-abraham-poincheval-reclus-dans-une-bouteille\/#primaryimage"},"image":{"@id":"https:\/\/finelife.tv\/fr\/2024\/07\/29\/art-abraham-poincheval-reclus-dans-une-bouteille\/#primaryimage"},"thumbnailUrl":"https:\/\/finelife.tv\/fr\/wp-content\/uploads\/2024\/07\/img-src-22https-finelife.tvimage.jpg-alt-22Art-Abraham-Poincheval-reclus-dans-une-bouteille22-768x1024.jpg","datePublished":"2024-07-29T11:18:08+00:00","dateModified":"2024-07-30T19:21:19+00:00","author":{"@id":"https:\/\/finelife.tv\/fr\/#\/schema\/person\/e3d980b0c0b3dc5af01c3455893c8c52"},"description":"Art Abraham Poincheval reclus dans une bouteille sur le canal Saint-Denis. En \u00e9cho aux JO de Paris 2024 l'artiste questionne le corps l'espace l'environnement","breadcrumb":{"@id":"https:\/\/finelife.tv\/fr\/2024\/07\/29\/art-abraham-poincheval-reclus-dans-une-bouteille\/#breadcrumb"},"inLanguage":"fr-FR","potentialAction":[{"@type":"ReadAction","target":["https:\/\/finelife.tv\/fr\/2024\/07\/29\/art-abraham-poincheval-reclus-dans-une-bouteille\/"]}]},{"@type":"ImageObject","inLanguage":"fr-FR","@id":"https:\/\/finelife.tv\/fr\/2024\/07\/29\/art-abraham-poincheval-reclus-dans-une-bouteille\/#primaryimage","url":"https:\/\/finelife.tv\/fr\/wp-content\/uploads\/2024\/07\/img-src-22https-finelife.tvimage.jpg-alt-22Art-Abraham-Poincheval-reclus-dans-une-bouteille22-scaled.jpg","contentUrl":"https:\/\/finelife.tv\/fr\/wp-content\/uploads\/2024\/07\/img-src-22https-finelife.tvimage.jpg-alt-22Art-Abraham-Poincheval-reclus-dans-une-bouteille22-scaled.jpg","width":1920,"height":2560},{"@type":"BreadcrumbList","@id":"https:\/\/finelife.tv\/fr\/2024\/07\/29\/art-abraham-poincheval-reclus-dans-une-bouteille\/#breadcrumb","itemListElement":[{"@type":"ListItem","position":1,"name":"Accueil","item":"https:\/\/finelife.tv\/fr\/"},{"@type":"ListItem","position":2,"name":"Art Abraham Poincheval reclus dans une bouteille"}]},{"@type":"WebSite","@id":"https:\/\/finelife.tv\/fr\/#website","url":"https:\/\/finelife.tv\/fr\/","name":"FineLife.tv","description":"Quand l&#039;Art de vivre croise l&#039;Art de penser","potentialAction":[{"@type":"SearchAction","target":{"@type":"EntryPoint","urlTemplate":"https:\/\/finelife.tv\/fr\/?s={search_term_string}"},"query-input":{"@type":"PropertyValueSpecification","valueRequired":true,"valueName":"search_term_string"}}],"inLanguage":"fr-FR"},{"@type":"Person","@id":"https:\/\/finelife.tv\/fr\/#\/schema\/person\/e3d980b0c0b3dc5af01c3455893c8c52","name":"Leonore","image":{"@type":"ImageObject","inLanguage":"fr-FR","@id":"https:\/\/secure.gravatar.com\/avatar\/9a2e5073417479f910ffdeee54da5ccf4f91eab62746ce0ae0e81124a9491a79?s=96&d=mm&r=g","url":"https:\/\/secure.gravatar.com\/avatar\/9a2e5073417479f910ffdeee54da5ccf4f91eab62746ce0ae0e81124a9491a79?s=96&d=mm&r=g","contentUrl":"https:\/\/secure.gravatar.com\/avatar\/9a2e5073417479f910ffdeee54da5ccf4f91eab62746ce0ae0e81124a9491a79?s=96&d=mm&r=g","caption":"Leonore"}}]}},"_links":{"self":[{"href":"https:\/\/finelife.tv\/fr\/wp-json\/wp\/v2\/posts\/20075","targetHints":{"allow":["GET"]}}],"collection":[{"href":"https:\/\/finelife.tv\/fr\/wp-json\/wp\/v2\/posts"}],"about":[{"href":"https:\/\/finelife.tv\/fr\/wp-json\/wp\/v2\/types\/post"}],"author":[{"embeddable":true,"href":"https:\/\/finelife.tv\/fr\/wp-json\/wp\/v2\/users\/1"}],"replies":[{"embeddable":true,"href":"https:\/\/finelife.tv\/fr\/wp-json\/wp\/v2\/comments?post=20075"}],"version-history":[{"count":23,"href":"https:\/\/finelife.tv\/fr\/wp-json\/wp\/v2\/posts\/20075\/revisions"}],"predecessor-version":[{"id":20156,"href":"https:\/\/finelife.tv\/fr\/wp-json\/wp\/v2\/posts\/20075\/revisions\/20156"}],"wp:attachment":[{"href":"https:\/\/finelife.tv\/fr\/wp-json\/wp\/v2\/media?parent=20075"}],"wp:term":[{"taxonomy":"category","embeddable":true,"href":"https:\/\/finelife.tv\/fr\/wp-json\/wp\/v2\/categories?post=20075"},{"taxonomy":"post_tag","embeddable":true,"href":"https:\/\/finelife.tv\/fr\/wp-json\/wp\/v2\/tags?post=20075"}],"curies":[{"name":"wp","href":"https:\/\/api.w.org\/{rel}","templated":true}]}}