{"id":20787,"date":"2024-11-01T12:06:07","date_gmt":"2024-11-01T11:06:07","guid":{"rendered":"https:\/\/finelife.tv\/fr\/?p=20787"},"modified":"2025-11-13T12:47:09","modified_gmt":"2025-11-13T11:47:09","slug":"expo-la-fondation-henri-cartier-bresson-interroge-lidentite-et-la-trace","status":"publish","type":"post","link":"https:\/\/finelife.tv\/fr\/2024\/11\/01\/expo-la-fondation-henri-cartier-bresson-interroge-lidentite-et-la-trace\/","title":{"rendered":"Expo la Fondation Henri Cartier-Bresson interroge l\u2019identit\u00e9 et la trace"},"content":{"rendered":"\n<figure class=\"wp-block-image size-large\"><img loading=\"lazy\" decoding=\"async\" width=\"1024\" height=\"988\" src=\"https:\/\/finelife.tv\/fr\/wp-content\/uploads\/2024\/11\/img-src-22https-finelife.tvimage.jpg-alt-22Expo-La-Fondation-Henri-Cartier-Bresson-interroge-l-identite-et-la-trace22-1024x988.jpg\" alt=\"\" class=\"wp-image-20802\" srcset=\"https:\/\/finelife.tv\/fr\/wp-content\/uploads\/2024\/11\/img-src-22https-finelife.tvimage.jpg-alt-22Expo-La-Fondation-Henri-Cartier-Bresson-interroge-l-identite-et-la-trace22-1024x988.jpg 1024w, https:\/\/finelife.tv\/fr\/wp-content\/uploads\/2024\/11\/img-src-22https-finelife.tvimage.jpg-alt-22Expo-La-Fondation-Henri-Cartier-Bresson-interroge-l-identite-et-la-trace22-300x289.jpg 300w, https:\/\/finelife.tv\/fr\/wp-content\/uploads\/2024\/11\/img-src-22https-finelife.tvimage.jpg-alt-22Expo-La-Fondation-Henri-Cartier-Bresson-interroge-l-identite-et-la-trace22-768x741.jpg 768w, https:\/\/finelife.tv\/fr\/wp-content\/uploads\/2024\/11\/img-src-22https-finelife.tvimage.jpg-alt-22Expo-La-Fondation-Henri-Cartier-Bresson-interroge-l-identite-et-la-trace22-1536x1482.jpg 1536w, https:\/\/finelife.tv\/fr\/wp-content\/uploads\/2024\/11\/img-src-22https-finelife.tvimage.jpg-alt-22Expo-La-Fondation-Henri-Cartier-Bresson-interroge-l-identite-et-la-trace22-2048x1976.jpg 2048w\" sizes=\"auto, (max-width: 1024px) 100vw, 1024px\" \/><\/figure>\n\n\n\n<p><\/p>\n\n\n\n<p><strong>Expo La Fondation Henri Cartier-Bresson interroge l\u2019identit\u00e9 et la trace avec Mame-Diarra Niang \u00ab\u00a0Remenber to Forget\u00a0\u00bb et Raymond Meeks \u00ab\u00a0The Inhabitants\u00a0\u00bb<\/strong>.<\/p>\n\n\n\n<p>\u00c0 travers flous, halos, distorsions, petits et grands formats, la photographe lyonnaise Mame-Diarra Niang entend extraire le corps noir des repr\u00e9sentations communes. \u00ab\u00a0Remembrer to Forget\u00a0\u00bb donne \u00e0 voir des taches color\u00e9es aussi lumineuses qu\u2019ind\u00e9finissables. Les clich\u00e9s, tir\u00e9s des \u00e9crans, constituent un flux, reflet d\u2019une identit\u00e9 en mouvement. \u00ab\u00a0Remembrer to Forget\u00a0\u00bb est la premi\u00e8re exposition monographique de la photographe en France. <\/p>\n\n\n\n<h2 class=\"wp-block-heading\"><strong>Remember to Forget<\/strong> : questionner l&rsquo;identit\u00e9<\/h2>\n\n\n<div class=\"wp-block-image\">\n<figure class=\"aligncenter size-large\"><img loading=\"lazy\" decoding=\"async\" width=\"1024\" height=\"578\" src=\"https:\/\/finelife.tv\/fr\/wp-content\/uploads\/2024\/11\/img-src-22https-finelife.tvimage.jpg-alt-22Expo-La-Fondation-Henri-Cartier-Bresson-interroge-l-identite-et-la-trace-mame-diarra-niang-photo-afrique-sud22-1024x578.jpg\" alt=\"\" class=\"wp-image-20804\" srcset=\"https:\/\/finelife.tv\/fr\/wp-content\/uploads\/2024\/11\/img-src-22https-finelife.tvimage.jpg-alt-22Expo-La-Fondation-Henri-Cartier-Bresson-interroge-l-identite-et-la-trace-mame-diarra-niang-photo-afrique-sud22-1024x578.jpg 1024w, https:\/\/finelife.tv\/fr\/wp-content\/uploads\/2024\/11\/img-src-22https-finelife.tvimage.jpg-alt-22Expo-La-Fondation-Henri-Cartier-Bresson-interroge-l-identite-et-la-trace-mame-diarra-niang-photo-afrique-sud22-300x169.jpg 300w, https:\/\/finelife.tv\/fr\/wp-content\/uploads\/2024\/11\/img-src-22https-finelife.tvimage.jpg-alt-22Expo-La-Fondation-Henri-Cartier-Bresson-interroge-l-identite-et-la-trace-mame-diarra-niang-photo-afrique-sud22-768x434.jpg 768w, https:\/\/finelife.tv\/fr\/wp-content\/uploads\/2024\/11\/img-src-22https-finelife.tvimage.jpg-alt-22Expo-La-Fondation-Henri-Cartier-Bresson-interroge-l-identite-et-la-trace-mame-diarra-niang-photo-afrique-sud22-1536x868.jpg 1536w, https:\/\/finelife.tv\/fr\/wp-content\/uploads\/2024\/11\/img-src-22https-finelife.tvimage.jpg-alt-22Expo-La-Fondation-Henri-Cartier-Bresson-interroge-l-identite-et-la-trace-mame-diarra-niang-photo-afrique-sud22-2048x1157.jpg 2048w\" sizes=\"auto, (max-width: 1024px) 100vw, 1024px\" \/><\/figure>\n<\/div>\n\n\n<p>Dans la premi\u00e8re salle de cette exposition de la Fondation Henri Cartier-Bresson, la plus petite, des petits formats centr\u00e9s sur l&rsquo;Afrique du Sud. Une correspondance peut-\u00eatre entre le contenu et le contenant. Chaque photo aux contours tr\u00e8s \u00e9tir\u00e9s s&rsquo;accompagne de textes courts. Ensuite, une sorte d&rsquo;alc\u00f4ve avec deux grands formats. Un avant-go\u00fbt, une initiation peut-\u00eatre aussi, \u00e0 l&rsquo;explosion des \u0153uvres dans la grande salle. Un espace, o\u00f9 selon l&rsquo;angle o\u00f9 l&rsquo;on observe, des poteaux blancs aux contours d\u00e9finis encadrent des clich\u00e9s super vitamin\u00e9s et flous. Cette derni\u00e8re s\u00e9rie, \u00c6ther (2024,) est pr\u00e9sent\u00e9e pour la premi\u00e8re fois en France.<\/p>\n\n\n<div class=\"wp-block-image\">\n<figure class=\"aligncenter size-large\"><img loading=\"lazy\" decoding=\"async\" width=\"1024\" height=\"881\" src=\"https:\/\/finelife.tv\/fr\/wp-content\/uploads\/2024\/11\/img-src-22https-finelife.tvimage.jpg-alt-22Expo-La-Fondation-Henri-Cartier-Bresson-interroge-l-identite-et-la-trace-remember-to-forget22-1024x881.jpg\" alt=\"\" class=\"wp-image-20803\" srcset=\"https:\/\/finelife.tv\/fr\/wp-content\/uploads\/2024\/11\/img-src-22https-finelife.tvimage.jpg-alt-22Expo-La-Fondation-Henri-Cartier-Bresson-interroge-l-identite-et-la-trace-remember-to-forget22-1024x881.jpg 1024w, https:\/\/finelife.tv\/fr\/wp-content\/uploads\/2024\/11\/img-src-22https-finelife.tvimage.jpg-alt-22Expo-La-Fondation-Henri-Cartier-Bresson-interroge-l-identite-et-la-trace-remember-to-forget22-300x258.jpg 300w, https:\/\/finelife.tv\/fr\/wp-content\/uploads\/2024\/11\/img-src-22https-finelife.tvimage.jpg-alt-22Expo-La-Fondation-Henri-Cartier-Bresson-interroge-l-identite-et-la-trace-remember-to-forget22-768x661.jpg 768w, https:\/\/finelife.tv\/fr\/wp-content\/uploads\/2024\/11\/img-src-22https-finelife.tvimage.jpg-alt-22Expo-La-Fondation-Henri-Cartier-Bresson-interroge-l-identite-et-la-trace-remember-to-forget22-1536x1322.jpg 1536w, https:\/\/finelife.tv\/fr\/wp-content\/uploads\/2024\/11\/img-src-22https-finelife.tvimage.jpg-alt-22Expo-La-Fondation-Henri-Cartier-Bresson-interroge-l-identite-et-la-trace-remember-to-forget22-2048x1763.jpg 2048w\" sizes=\"auto, (max-width: 1024px) 100vw, 1024px\" \/><\/figure>\n<\/div>\n\n\n<p> \u00ab\u00a0Je suis ce flou\u00a0\u00bb d\u00e9clare Mame-Diarra Niang. Un flou qui permet d&rsquo;effacer une m\u00e9moire st\u00e9r\u00e9otyp\u00e9e et d&rsquo;ouvrir les imaginaires. Les \u00ab\u00a0non portraits\u00a0\u00bb invitent ainsi \u00e0 ne pas oublier d&rsquo;oublier les constructions et de rester perm\u00e9ables aux exp\u00e9riences. <\/p>\n\n\n\n<h2 class=\"wp-block-heading\">The Inhabitants : sur la trace des migrants<\/h2>\n\n\n<div class=\"wp-block-image\">\n<figure class=\"aligncenter size-large\"><img loading=\"lazy\" decoding=\"async\" width=\"913\" height=\"1024\" src=\"https:\/\/finelife.tv\/fr\/wp-content\/uploads\/2024\/11\/img-src-22https-finelife.tvimage.jpg-alt-22Expo-La-Fondation-Henri-Cartier-Bresson-interroge-l-identite-et-la-trace-the-inhabitants-photo-raymond-meeks22-913x1024.jpg\" alt=\"\" class=\"wp-image-20806\" srcset=\"https:\/\/finelife.tv\/fr\/wp-content\/uploads\/2024\/11\/img-src-22https-finelife.tvimage.jpg-alt-22Expo-La-Fondation-Henri-Cartier-Bresson-interroge-l-identite-et-la-trace-the-inhabitants-photo-raymond-meeks22-913x1024.jpg 913w, https:\/\/finelife.tv\/fr\/wp-content\/uploads\/2024\/11\/img-src-22https-finelife.tvimage.jpg-alt-22Expo-La-Fondation-Henri-Cartier-Bresson-interroge-l-identite-et-la-trace-the-inhabitants-photo-raymond-meeks22-268x300.jpg 268w, https:\/\/finelife.tv\/fr\/wp-content\/uploads\/2024\/11\/img-src-22https-finelife.tvimage.jpg-alt-22Expo-La-Fondation-Henri-Cartier-Bresson-interroge-l-identite-et-la-trace-the-inhabitants-photo-raymond-meeks22-768x861.jpg 768w, https:\/\/finelife.tv\/fr\/wp-content\/uploads\/2024\/11\/img-src-22https-finelife.tvimage.jpg-alt-22Expo-La-Fondation-Henri-Cartier-Bresson-interroge-l-identite-et-la-trace-the-inhabitants-photo-raymond-meeks22-1370x1536.jpg 1370w, https:\/\/finelife.tv\/fr\/wp-content\/uploads\/2024\/11\/img-src-22https-finelife.tvimage.jpg-alt-22Expo-La-Fondation-Henri-Cartier-Bresson-interroge-l-identite-et-la-trace-the-inhabitants-photo-raymond-meeks22-1827x2048.jpg 1827w\" sizes=\"auto, (max-width: 913px) 100vw, 913px\" \/><\/figure>\n<\/div>\n\n\n<p>De son c\u00f4t\u00e9 Raymond Meeks, photographe am\u00e9ricain laur\u00e9at du programme immersion de la Fondation Herm\u00e8s, propose une sorte de parcours urbex cibl\u00e9. Au sous-sol de la Fondation Henri Cartier-Bresson\u00a0\u00bb, l&rsquo;exposition The Inhabitants\u00a0\u00bb s\u2019attache en effet aux traces laiss\u00e9es par les migrants dans les paysages du Nord de la France et de la fronti\u00e8re espagnole. Chaussure, couverture, veste oubli\u00e9e sur une branche \u2026 dessinent une g\u00e9ographie hostile. Notamment les abords inhospitaliers des axes d&rsquo;autoroute, les bas c\u00f4t\u00e9s o\u00f9 r\u00e8gnent les ronces &#8230; Un flux de migration qui suit d&rsquo;ailleurs souvent le cours des rivi\u00e8res. Un paysage des marges hant\u00e9 par la pr\u00e9sence d&rsquo;un peuple d&rsquo;\u00eatres marginalis\u00e9s. <\/p>\n\n\n<div class=\"wp-block-image\">\n<figure class=\"aligncenter size-large\"><img loading=\"lazy\" decoding=\"async\" width=\"1024\" height=\"577\" src=\"https:\/\/finelife.tv\/fr\/wp-content\/uploads\/2024\/11\/img-src-22https-finelife.tvimage.jpg-alt-22Expo-La-Fondation-Henri-Cartier-Bresson-interroge-l-identite-et-la-trace-raymond-meeks22-1024x577.jpg\" alt=\"\" class=\"wp-image-20805\" srcset=\"https:\/\/finelife.tv\/fr\/wp-content\/uploads\/2024\/11\/img-src-22https-finelife.tvimage.jpg-alt-22Expo-La-Fondation-Henri-Cartier-Bresson-interroge-l-identite-et-la-trace-raymond-meeks22-1024x577.jpg 1024w, https:\/\/finelife.tv\/fr\/wp-content\/uploads\/2024\/11\/img-src-22https-finelife.tvimage.jpg-alt-22Expo-La-Fondation-Henri-Cartier-Bresson-interroge-l-identite-et-la-trace-raymond-meeks22-300x169.jpg 300w, https:\/\/finelife.tv\/fr\/wp-content\/uploads\/2024\/11\/img-src-22https-finelife.tvimage.jpg-alt-22Expo-La-Fondation-Henri-Cartier-Bresson-interroge-l-identite-et-la-trace-raymond-meeks22-768x433.jpg 768w, https:\/\/finelife.tv\/fr\/wp-content\/uploads\/2024\/11\/img-src-22https-finelife.tvimage.jpg-alt-22Expo-La-Fondation-Henri-Cartier-Bresson-interroge-l-identite-et-la-trace-raymond-meeks22-1536x866.jpg 1536w, https:\/\/finelife.tv\/fr\/wp-content\/uploads\/2024\/11\/img-src-22https-finelife.tvimage.jpg-alt-22Expo-La-Fondation-Henri-Cartier-Bresson-interroge-l-identite-et-la-trace-raymond-meeks22-2048x1154.jpg 2048w\" sizes=\"auto, (max-width: 1024px) 100vw, 1024px\" \/><\/figure>\n<\/div>\n\n\n<h2 class=\"wp-block-heading has-text-align-center\">INFOS<\/h2>\n\n\n\n<p><strong><a href=\"https:\/\/www.henricartierbresson.org\/\">Fondation Henri Cartier-Bresson<\/a><\/strong><\/p>\n\n\n\n<p>Expositions Mame-Diarra Niang et Raymond Meeks du 9 octobre 2024 au 5 janvier 2025<\/p>\n\n\n\n<p>9, rue des Archives<br>75003 Paris<br>01 40 61 50 50<\/p>\n\n\n\n<p>Related article <strong>Expo La Fondation Henri Cartier-Bresson interroge l\u2019identit\u00e9 et la trace<\/strong><\/p>\n\n\n\n<p><strong><a href=\"https:\/\/finelife.tv\/fr\/2022\/05\/29\/la-ruine-de-sa-demeure-mathieu-pernot-expose-a-la-fondation-hcb\/\">La ruine de sa demeure Mathieu Pernot expose \u00e0 la Fondation HCB<\/a><\/strong><\/p>\n\n\n\n<p><a href=\"https:\/\/finelife.tv\/fr\/2023\/09\/30\/expo-carolyn-drake-met-les-males-a-poil\/\"><strong>Expo Carolyn Drake met les m\u00e2les \u00e0 poil<\/strong> <strong>\u00e0 la Fondation Henri Cartier-Bresson<\/strong><\/a><\/p>\n\n\n\n<p><strong><a href=\"https:\/\/finelife.tv\/fr\/2025\/03\/21\/expo-paysages-mouvants-au-jeu-de-paume\/\">Expo Paysages mouvants au Jeu de Paume<\/a><\/strong><\/p>\n\n\n\n<p><strong><a href=\"https:\/\/finelife.tv\/fr\/2025\/08\/09\/expo-lart-du-flou-a-lorangerie\/\">Expo l\u2019art du flou \u00e0 l\u2019Orangerie<\/a><\/strong><\/p>\n\n\n\n<p><strong><a href=\"https:\/\/finelife.tv\/fr\/2025\/11\/13\/art-george-rouy-les-chairs-floues\/\">Art George Rouy les chairs floues<\/a><\/strong><\/p>\n","protected":false},"excerpt":{"rendered":"<p>L&rsquo;Exposition de la FHCB interroge l\u2019identit\u00e9 et la trace avec Mame-Diarra Niang \u00ab\u00a0Remenber to Forget\u00a0\u00bb et Raymond Meeks \u00ab\u00a0The Inhabitants\u00a0\u00bb<\/p>\n","protected":false},"author":1,"featured_media":0,"comment_status":"open","ping_status":"open","sticky":false,"template":"","format":"standard","meta":{"footnotes":""},"categories":[4],"tags":[5093,68,3537,5091,5089,5090,3158,1958,168,5088],"class_list":["post-20787","post","type-post","status-publish","format-standard","hentry","category-blog","tag-corps-noir","tag-exposition","tag-fondation-henri-cartier-bresson","tag-identite-2","tag-mama-diarra-niang","tag-migrants","tag-migration","tag-photo","tag-photographie","tag-raymond-meeks"],"yoast_head":"<!-- This site is optimized with the Yoast SEO plugin v27.5 - https:\/\/yoast.com\/product\/yoast-seo-wordpress\/ -->\n<title>Expo La Fondation Henri Cartier Bresson interroge l\u2019identit\u00e9 et la trace - FineLife.tv<\/title>\n<meta name=\"description\" content=\"Expo La Fondation Henri Cartier Bresson interroge l\u2019identit\u00e9 et la trace avec Mame-Diarra Niang &quot;Remenber to Forget&quot; et Raymond Meeks &quot;The Inhabitants&quot;\" \/>\n<meta name=\"robots\" content=\"index, follow, max-snippet:-1, max-image-preview:large, max-video-preview:-1\" \/>\n<link rel=\"canonical\" href=\"https:\/\/finelife.tv\/fr\/2024\/11\/01\/expo-la-fondation-henri-cartier-bresson-interroge-lidentite-et-la-trace\/\" \/>\n<meta property=\"og:locale\" content=\"fr_FR\" \/>\n<meta property=\"og:type\" content=\"article\" \/>\n<meta property=\"og:title\" content=\"Expo La Fondation Henri Cartier Bresson interroge l\u2019identit\u00e9 et la trace - FineLife.tv\" \/>\n<meta property=\"og:description\" content=\"Expo La Fondation Henri Cartier Bresson interroge l\u2019identit\u00e9 et la trace avec Mame-Diarra Niang &quot;Remenber to Forget&quot; et Raymond Meeks &quot;The Inhabitants&quot;\" \/>\n<meta property=\"og:url\" content=\"https:\/\/finelife.tv\/fr\/2024\/11\/01\/expo-la-fondation-henri-cartier-bresson-interroge-lidentite-et-la-trace\/\" \/>\n<meta property=\"og:site_name\" content=\"FineLife.tv\" \/>\n<meta property=\"article:published_time\" content=\"2024-11-01T11:06:07+00:00\" \/>\n<meta property=\"article:modified_time\" content=\"2025-11-13T11:47:09+00:00\" \/>\n<meta property=\"og:image\" content=\"https:\/\/finelife.tv\/fr\/wp-content\/uploads\/2024\/11\/img-src-22https-finelife.tvimage.jpg-alt-22Expo-La-Fondation-Henri-Cartier-Bresson-interroge-l-identite-et-la-trace22-scaled.jpg\" \/>\n\t<meta property=\"og:image:width\" content=\"2560\" \/>\n\t<meta property=\"og:image:height\" content=\"2470\" \/>\n\t<meta property=\"og:image:type\" content=\"image\/jpeg\" \/>\n<meta name=\"author\" content=\"Leonore\" \/>\n<meta name=\"twitter:card\" content=\"summary_large_image\" \/>\n<meta name=\"twitter:creator\" content=\"@finelifetv\" \/>\n<meta name=\"twitter:site\" content=\"@finelifetv\" \/>\n<meta name=\"twitter:label1\" content=\"\u00c9crit par\" \/>\n\t<meta name=\"twitter:data1\" content=\"Leonore\" \/>\n\t<meta name=\"twitter:label2\" content=\"Dur\u00e9e de lecture estim\u00e9e\" \/>\n\t<meta name=\"twitter:data2\" content=\"4 minutes\" \/>\n<script type=\"application\/ld+json\" class=\"yoast-schema-graph\">{\"@context\":\"https:\\\/\\\/schema.org\",\"@graph\":[{\"@type\":\"Article\",\"@id\":\"https:\\\/\\\/finelife.tv\\\/fr\\\/2024\\\/11\\\/01\\\/expo-la-fondation-henri-cartier-bresson-interroge-lidentite-et-la-trace\\\/#article\",\"isPartOf\":{\"@id\":\"https:\\\/\\\/finelife.tv\\\/fr\\\/2024\\\/11\\\/01\\\/expo-la-fondation-henri-cartier-bresson-interroge-lidentite-et-la-trace\\\/\"},\"author\":{\"name\":\"Leonore\",\"@id\":\"https:\\\/\\\/finelife.tv\\\/fr\\\/#\\\/schema\\\/person\\\/e3d980b0c0b3dc5af01c3455893c8c52\"},\"headline\":\"Expo la Fondation Henri Cartier-Bresson interroge l\u2019identit\u00e9 et la trace\",\"datePublished\":\"2024-11-01T11:06:07+00:00\",\"dateModified\":\"2025-11-13T11:47:09+00:00\",\"mainEntityOfPage\":{\"@id\":\"https:\\\/\\\/finelife.tv\\\/fr\\\/2024\\\/11\\\/01\\\/expo-la-fondation-henri-cartier-bresson-interroge-lidentite-et-la-trace\\\/\"},\"wordCount\":473,\"commentCount\":5,\"image\":{\"@id\":\"https:\\\/\\\/finelife.tv\\\/fr\\\/2024\\\/11\\\/01\\\/expo-la-fondation-henri-cartier-bresson-interroge-lidentite-et-la-trace\\\/#primaryimage\"},\"thumbnailUrl\":\"https:\\\/\\\/finelife.tv\\\/fr\\\/wp-content\\\/uploads\\\/2024\\\/11\\\/img-src-22https-finelife.tvimage.jpg-alt-22Expo-La-Fondation-Henri-Cartier-Bresson-interroge-l-identite-et-la-trace22-1024x988.jpg\",\"keywords\":[\"corps noir\",\"exposition\",\"fondation Henri Cartier-Bresson\",\"identit\u00e9\",\"mama-diarra niang\",\"migrants\",\"migration\",\"photo\",\"photographie\",\"raymond Meeks\"],\"articleSection\":[\"Blog\"],\"inLanguage\":\"fr-FR\",\"potentialAction\":[{\"@type\":\"CommentAction\",\"name\":\"Comment\",\"target\":[\"https:\\\/\\\/finelife.tv\\\/fr\\\/2024\\\/11\\\/01\\\/expo-la-fondation-henri-cartier-bresson-interroge-lidentite-et-la-trace\\\/#respond\"]}]},{\"@type\":\"WebPage\",\"@id\":\"https:\\\/\\\/finelife.tv\\\/fr\\\/2024\\\/11\\\/01\\\/expo-la-fondation-henri-cartier-bresson-interroge-lidentite-et-la-trace\\\/\",\"url\":\"https:\\\/\\\/finelife.tv\\\/fr\\\/2024\\\/11\\\/01\\\/expo-la-fondation-henri-cartier-bresson-interroge-lidentite-et-la-trace\\\/\",\"name\":\"Expo La Fondation Henri Cartier Bresson interroge l\u2019identit\u00e9 et la trace - FineLife.tv\",\"isPartOf\":{\"@id\":\"https:\\\/\\\/finelife.tv\\\/fr\\\/#website\"},\"primaryImageOfPage\":{\"@id\":\"https:\\\/\\\/finelife.tv\\\/fr\\\/2024\\\/11\\\/01\\\/expo-la-fondation-henri-cartier-bresson-interroge-lidentite-et-la-trace\\\/#primaryimage\"},\"image\":{\"@id\":\"https:\\\/\\\/finelife.tv\\\/fr\\\/2024\\\/11\\\/01\\\/expo-la-fondation-henri-cartier-bresson-interroge-lidentite-et-la-trace\\\/#primaryimage\"},\"thumbnailUrl\":\"https:\\\/\\\/finelife.tv\\\/fr\\\/wp-content\\\/uploads\\\/2024\\\/11\\\/img-src-22https-finelife.tvimage.jpg-alt-22Expo-La-Fondation-Henri-Cartier-Bresson-interroge-l-identite-et-la-trace22-1024x988.jpg\",\"datePublished\":\"2024-11-01T11:06:07+00:00\",\"dateModified\":\"2025-11-13T11:47:09+00:00\",\"author\":{\"@id\":\"https:\\\/\\\/finelife.tv\\\/fr\\\/#\\\/schema\\\/person\\\/e3d980b0c0b3dc5af01c3455893c8c52\"},\"description\":\"Expo La Fondation Henri Cartier Bresson interroge l\u2019identit\u00e9 et la trace avec Mame-Diarra Niang \\\"Remenber to Forget\\\" et Raymond Meeks \\\"The Inhabitants\\\"\",\"breadcrumb\":{\"@id\":\"https:\\\/\\\/finelife.tv\\\/fr\\\/2024\\\/11\\\/01\\\/expo-la-fondation-henri-cartier-bresson-interroge-lidentite-et-la-trace\\\/#breadcrumb\"},\"inLanguage\":\"fr-FR\",\"potentialAction\":[{\"@type\":\"ReadAction\",\"target\":[\"https:\\\/\\\/finelife.tv\\\/fr\\\/2024\\\/11\\\/01\\\/expo-la-fondation-henri-cartier-bresson-interroge-lidentite-et-la-trace\\\/\"]}]},{\"@type\":\"ImageObject\",\"inLanguage\":\"fr-FR\",\"@id\":\"https:\\\/\\\/finelife.tv\\\/fr\\\/2024\\\/11\\\/01\\\/expo-la-fondation-henri-cartier-bresson-interroge-lidentite-et-la-trace\\\/#primaryimage\",\"url\":\"https:\\\/\\\/finelife.tv\\\/fr\\\/wp-content\\\/uploads\\\/2024\\\/11\\\/img-src-22https-finelife.tvimage.jpg-alt-22Expo-La-Fondation-Henri-Cartier-Bresson-interroge-l-identite-et-la-trace22-scaled.jpg\",\"contentUrl\":\"https:\\\/\\\/finelife.tv\\\/fr\\\/wp-content\\\/uploads\\\/2024\\\/11\\\/img-src-22https-finelife.tvimage.jpg-alt-22Expo-La-Fondation-Henri-Cartier-Bresson-interroge-l-identite-et-la-trace22-scaled.jpg\",\"width\":2560,\"height\":2470},{\"@type\":\"BreadcrumbList\",\"@id\":\"https:\\\/\\\/finelife.tv\\\/fr\\\/2024\\\/11\\\/01\\\/expo-la-fondation-henri-cartier-bresson-interroge-lidentite-et-la-trace\\\/#breadcrumb\",\"itemListElement\":[{\"@type\":\"ListItem\",\"position\":1,\"name\":\"Accueil\",\"item\":\"https:\\\/\\\/finelife.tv\\\/fr\\\/\"},{\"@type\":\"ListItem\",\"position\":2,\"name\":\"Expo la Fondation Henri Cartier-Bresson interroge l\u2019identit\u00e9 et la trace\"}]},{\"@type\":\"WebSite\",\"@id\":\"https:\\\/\\\/finelife.tv\\\/fr\\\/#website\",\"url\":\"https:\\\/\\\/finelife.tv\\\/fr\\\/\",\"name\":\"FineLife.tv\",\"description\":\"Quand l&#039;Art de vivre croise l&#039;Art de penser\",\"potentialAction\":[{\"@type\":\"SearchAction\",\"target\":{\"@type\":\"EntryPoint\",\"urlTemplate\":\"https:\\\/\\\/finelife.tv\\\/fr\\\/?s={search_term_string}\"},\"query-input\":{\"@type\":\"PropertyValueSpecification\",\"valueRequired\":true,\"valueName\":\"search_term_string\"}}],\"inLanguage\":\"fr-FR\"},{\"@type\":\"Person\",\"@id\":\"https:\\\/\\\/finelife.tv\\\/fr\\\/#\\\/schema\\\/person\\\/e3d980b0c0b3dc5af01c3455893c8c52\",\"name\":\"Leonore\",\"image\":{\"@type\":\"ImageObject\",\"inLanguage\":\"fr-FR\",\"@id\":\"https:\\\/\\\/secure.gravatar.com\\\/avatar\\\/9a2e5073417479f910ffdeee54da5ccf4f91eab62746ce0ae0e81124a9491a79?s=96&d=mm&r=g\",\"url\":\"https:\\\/\\\/secure.gravatar.com\\\/avatar\\\/9a2e5073417479f910ffdeee54da5ccf4f91eab62746ce0ae0e81124a9491a79?s=96&d=mm&r=g\",\"contentUrl\":\"https:\\\/\\\/secure.gravatar.com\\\/avatar\\\/9a2e5073417479f910ffdeee54da5ccf4f91eab62746ce0ae0e81124a9491a79?s=96&d=mm&r=g\",\"caption\":\"Leonore\"}}]}<\/script>\n<!-- \/ Yoast SEO plugin. -->","yoast_head_json":{"title":"Expo La Fondation Henri Cartier Bresson interroge l\u2019identit\u00e9 et la trace - FineLife.tv","description":"Expo La Fondation Henri Cartier Bresson interroge l\u2019identit\u00e9 et la trace avec Mame-Diarra Niang \"Remenber to Forget\" et Raymond Meeks \"The Inhabitants\"","robots":{"index":"index","follow":"follow","max-snippet":"max-snippet:-1","max-image-preview":"max-image-preview:large","max-video-preview":"max-video-preview:-1"},"canonical":"https:\/\/finelife.tv\/fr\/2024\/11\/01\/expo-la-fondation-henri-cartier-bresson-interroge-lidentite-et-la-trace\/","og_locale":"fr_FR","og_type":"article","og_title":"Expo La Fondation Henri Cartier Bresson interroge l\u2019identit\u00e9 et la trace - FineLife.tv","og_description":"Expo La Fondation Henri Cartier Bresson interroge l\u2019identit\u00e9 et la trace avec Mame-Diarra Niang \"Remenber to Forget\" et Raymond Meeks \"The Inhabitants\"","og_url":"https:\/\/finelife.tv\/fr\/2024\/11\/01\/expo-la-fondation-henri-cartier-bresson-interroge-lidentite-et-la-trace\/","og_site_name":"FineLife.tv","article_published_time":"2024-11-01T11:06:07+00:00","article_modified_time":"2025-11-13T11:47:09+00:00","og_image":[{"width":2560,"height":2470,"url":"https:\/\/finelife.tv\/fr\/wp-content\/uploads\/2024\/11\/img-src-22https-finelife.tvimage.jpg-alt-22Expo-La-Fondation-Henri-Cartier-Bresson-interroge-l-identite-et-la-trace22-scaled.jpg","type":"image\/jpeg"}],"author":"Leonore","twitter_card":"summary_large_image","twitter_creator":"@finelifetv","twitter_site":"@finelifetv","twitter_misc":{"\u00c9crit par":"Leonore","Dur\u00e9e de lecture estim\u00e9e":"4 minutes"},"schema":{"@context":"https:\/\/schema.org","@graph":[{"@type":"Article","@id":"https:\/\/finelife.tv\/fr\/2024\/11\/01\/expo-la-fondation-henri-cartier-bresson-interroge-lidentite-et-la-trace\/#article","isPartOf":{"@id":"https:\/\/finelife.tv\/fr\/2024\/11\/01\/expo-la-fondation-henri-cartier-bresson-interroge-lidentite-et-la-trace\/"},"author":{"name":"Leonore","@id":"https:\/\/finelife.tv\/fr\/#\/schema\/person\/e3d980b0c0b3dc5af01c3455893c8c52"},"headline":"Expo la Fondation Henri Cartier-Bresson interroge l\u2019identit\u00e9 et la trace","datePublished":"2024-11-01T11:06:07+00:00","dateModified":"2025-11-13T11:47:09+00:00","mainEntityOfPage":{"@id":"https:\/\/finelife.tv\/fr\/2024\/11\/01\/expo-la-fondation-henri-cartier-bresson-interroge-lidentite-et-la-trace\/"},"wordCount":473,"commentCount":5,"image":{"@id":"https:\/\/finelife.tv\/fr\/2024\/11\/01\/expo-la-fondation-henri-cartier-bresson-interroge-lidentite-et-la-trace\/#primaryimage"},"thumbnailUrl":"https:\/\/finelife.tv\/fr\/wp-content\/uploads\/2024\/11\/img-src-22https-finelife.tvimage.jpg-alt-22Expo-La-Fondation-Henri-Cartier-Bresson-interroge-l-identite-et-la-trace22-1024x988.jpg","keywords":["corps noir","exposition","fondation Henri Cartier-Bresson","identit\u00e9","mama-diarra niang","migrants","migration","photo","photographie","raymond Meeks"],"articleSection":["Blog"],"inLanguage":"fr-FR","potentialAction":[{"@type":"CommentAction","name":"Comment","target":["https:\/\/finelife.tv\/fr\/2024\/11\/01\/expo-la-fondation-henri-cartier-bresson-interroge-lidentite-et-la-trace\/#respond"]}]},{"@type":"WebPage","@id":"https:\/\/finelife.tv\/fr\/2024\/11\/01\/expo-la-fondation-henri-cartier-bresson-interroge-lidentite-et-la-trace\/","url":"https:\/\/finelife.tv\/fr\/2024\/11\/01\/expo-la-fondation-henri-cartier-bresson-interroge-lidentite-et-la-trace\/","name":"Expo La Fondation Henri Cartier Bresson interroge l\u2019identit\u00e9 et la trace - FineLife.tv","isPartOf":{"@id":"https:\/\/finelife.tv\/fr\/#website"},"primaryImageOfPage":{"@id":"https:\/\/finelife.tv\/fr\/2024\/11\/01\/expo-la-fondation-henri-cartier-bresson-interroge-lidentite-et-la-trace\/#primaryimage"},"image":{"@id":"https:\/\/finelife.tv\/fr\/2024\/11\/01\/expo-la-fondation-henri-cartier-bresson-interroge-lidentite-et-la-trace\/#primaryimage"},"thumbnailUrl":"https:\/\/finelife.tv\/fr\/wp-content\/uploads\/2024\/11\/img-src-22https-finelife.tvimage.jpg-alt-22Expo-La-Fondation-Henri-Cartier-Bresson-interroge-l-identite-et-la-trace22-1024x988.jpg","datePublished":"2024-11-01T11:06:07+00:00","dateModified":"2025-11-13T11:47:09+00:00","author":{"@id":"https:\/\/finelife.tv\/fr\/#\/schema\/person\/e3d980b0c0b3dc5af01c3455893c8c52"},"description":"Expo La Fondation Henri Cartier Bresson interroge l\u2019identit\u00e9 et la trace avec Mame-Diarra Niang \"Remenber to Forget\" et Raymond Meeks \"The Inhabitants\"","breadcrumb":{"@id":"https:\/\/finelife.tv\/fr\/2024\/11\/01\/expo-la-fondation-henri-cartier-bresson-interroge-lidentite-et-la-trace\/#breadcrumb"},"inLanguage":"fr-FR","potentialAction":[{"@type":"ReadAction","target":["https:\/\/finelife.tv\/fr\/2024\/11\/01\/expo-la-fondation-henri-cartier-bresson-interroge-lidentite-et-la-trace\/"]}]},{"@type":"ImageObject","inLanguage":"fr-FR","@id":"https:\/\/finelife.tv\/fr\/2024\/11\/01\/expo-la-fondation-henri-cartier-bresson-interroge-lidentite-et-la-trace\/#primaryimage","url":"https:\/\/finelife.tv\/fr\/wp-content\/uploads\/2024\/11\/img-src-22https-finelife.tvimage.jpg-alt-22Expo-La-Fondation-Henri-Cartier-Bresson-interroge-l-identite-et-la-trace22-scaled.jpg","contentUrl":"https:\/\/finelife.tv\/fr\/wp-content\/uploads\/2024\/11\/img-src-22https-finelife.tvimage.jpg-alt-22Expo-La-Fondation-Henri-Cartier-Bresson-interroge-l-identite-et-la-trace22-scaled.jpg","width":2560,"height":2470},{"@type":"BreadcrumbList","@id":"https:\/\/finelife.tv\/fr\/2024\/11\/01\/expo-la-fondation-henri-cartier-bresson-interroge-lidentite-et-la-trace\/#breadcrumb","itemListElement":[{"@type":"ListItem","position":1,"name":"Accueil","item":"https:\/\/finelife.tv\/fr\/"},{"@type":"ListItem","position":2,"name":"Expo la Fondation Henri Cartier-Bresson interroge l\u2019identit\u00e9 et la trace"}]},{"@type":"WebSite","@id":"https:\/\/finelife.tv\/fr\/#website","url":"https:\/\/finelife.tv\/fr\/","name":"FineLife.tv","description":"Quand l&#039;Art de vivre croise l&#039;Art de penser","potentialAction":[{"@type":"SearchAction","target":{"@type":"EntryPoint","urlTemplate":"https:\/\/finelife.tv\/fr\/?s={search_term_string}"},"query-input":{"@type":"PropertyValueSpecification","valueRequired":true,"valueName":"search_term_string"}}],"inLanguage":"fr-FR"},{"@type":"Person","@id":"https:\/\/finelife.tv\/fr\/#\/schema\/person\/e3d980b0c0b3dc5af01c3455893c8c52","name":"Leonore","image":{"@type":"ImageObject","inLanguage":"fr-FR","@id":"https:\/\/secure.gravatar.com\/avatar\/9a2e5073417479f910ffdeee54da5ccf4f91eab62746ce0ae0e81124a9491a79?s=96&d=mm&r=g","url":"https:\/\/secure.gravatar.com\/avatar\/9a2e5073417479f910ffdeee54da5ccf4f91eab62746ce0ae0e81124a9491a79?s=96&d=mm&r=g","contentUrl":"https:\/\/secure.gravatar.com\/avatar\/9a2e5073417479f910ffdeee54da5ccf4f91eab62746ce0ae0e81124a9491a79?s=96&d=mm&r=g","caption":"Leonore"}}]}},"_links":{"self":[{"href":"https:\/\/finelife.tv\/fr\/wp-json\/wp\/v2\/posts\/20787","targetHints":{"allow":["GET"]}}],"collection":[{"href":"https:\/\/finelife.tv\/fr\/wp-json\/wp\/v2\/posts"}],"about":[{"href":"https:\/\/finelife.tv\/fr\/wp-json\/wp\/v2\/types\/post"}],"author":[{"embeddable":true,"href":"https:\/\/finelife.tv\/fr\/wp-json\/wp\/v2\/users\/1"}],"replies":[{"embeddable":true,"href":"https:\/\/finelife.tv\/fr\/wp-json\/wp\/v2\/comments?post=20787"}],"version-history":[{"count":14,"href":"https:\/\/finelife.tv\/fr\/wp-json\/wp\/v2\/posts\/20787\/revisions"}],"predecessor-version":[{"id":24810,"href":"https:\/\/finelife.tv\/fr\/wp-json\/wp\/v2\/posts\/20787\/revisions\/24810"}],"wp:attachment":[{"href":"https:\/\/finelife.tv\/fr\/wp-json\/wp\/v2\/media?parent=20787"}],"wp:term":[{"taxonomy":"category","embeddable":true,"href":"https:\/\/finelife.tv\/fr\/wp-json\/wp\/v2\/categories?post=20787"},{"taxonomy":"post_tag","embeddable":true,"href":"https:\/\/finelife.tv\/fr\/wp-json\/wp\/v2\/tags?post=20787"}],"curies":[{"name":"wp","href":"https:\/\/api.w.org\/{rel}","templated":true}]}}