{"id":20901,"date":"2024-11-19T18:18:07","date_gmt":"2024-11-19T17:18:07","guid":{"rendered":"https:\/\/finelife.tv\/fr\/?p=20901"},"modified":"2025-11-25T20:35:36","modified_gmt":"2025-11-25T19:35:36","slug":"paris-photo-focus-nature","status":"publish","type":"post","link":"https:\/\/finelife.tv\/fr\/2024\/11\/19\/paris-photo-focus-nature\/","title":{"rendered":"Paris Photo focus nature"},"content":{"rendered":"<div class=\"wp-block-image\">\n<figure class=\"aligncenter size-large\"><img loading=\"lazy\" decoding=\"async\" width=\"768\" height=\"1024\" src=\"https:\/\/finelife.tv\/fr\/wp-content\/uploads\/2024\/11\/img-src-22https-finelife.tvimage.jpg-alt-22Paris-Photo-focus-nature22-768x1024.jpg\" alt=\"\" class=\"wp-image-20940\" srcset=\"https:\/\/finelife.tv\/fr\/wp-content\/uploads\/2024\/11\/img-src-22https-finelife.tvimage.jpg-alt-22Paris-Photo-focus-nature22-768x1024.jpg 768w, https:\/\/finelife.tv\/fr\/wp-content\/uploads\/2024\/11\/img-src-22https-finelife.tvimage.jpg-alt-22Paris-Photo-focus-nature22-225x300.jpg 225w, https:\/\/finelife.tv\/fr\/wp-content\/uploads\/2024\/11\/img-src-22https-finelife.tvimage.jpg-alt-22Paris-Photo-focus-nature22-1152x1536.jpg 1152w, https:\/\/finelife.tv\/fr\/wp-content\/uploads\/2024\/11\/img-src-22https-finelife.tvimage.jpg-alt-22Paris-Photo-focus-nature22-1536x2048.jpg 1536w, https:\/\/finelife.tv\/fr\/wp-content\/uploads\/2024\/11\/img-src-22https-finelife.tvimage.jpg-alt-22Paris-Photo-focus-nature22-scaled.jpg 1920w\" sizes=\"auto, (max-width: 768px) 100vw, 768px\" \/><\/figure>\n<\/div>\n\n\n<p><strong>Paris Photo focus nature. L&rsquo;\u00e9dition 2024 de la foire internationale offre un large spectre de propositions li\u00e9es \u00e0 l&rsquo;environnement, des menaces sur la biodiversit\u00e9 aux erreurs humaines \u00e0 l&rsquo;origine des m\u00e9gafeux. Regard sur cinq photographes qui mettent technique et point de vue au service d&rsquo;\u0153uvres spectaculaires aussi belles qu&rsquo;effrayantes<\/strong>. <\/p>\n\n\n\n<p>La 27\u00e8me \u00e9dition de <strong><a href=\"https:\/\/www.parisphoto.com\/\">Paris Photo<\/a><\/strong> accueille 240 exposants venus de 34 pays. En 2024, le retour au Grand Palais co\u00efncide avec Le Centenaire du surr\u00e9alisme qui donne lieu \u00e0 une grande exposition au Centre Pompidou et \u00e0 une multitude de manifestations. \u00c0 cette occasion, le r\u00e9alisateur et artiste am\u00e9ricain Jim Jarmusch a notamment r\u00e9alis\u00e9 un parcours d\u2019\u0153uvres et compos\u00e9, avec son groupe SQ\u00dcRL, la BO du film Retour \u00e0 la raison r\u00e9unissant quatre films de Man Ray nouvellement restaur\u00e9s. <\/p>\n\n\n\n<p>Du haut des balcons du Grand Palais r\u00e9nov\u00e9, on voit de nombreuses \u0153uvres \u00e9voquant la nature sans que celle-ci fasse directement l&rsquo;objet d&rsquo;un traitement artistique. Elle est toutefois bien pr\u00e9sente dans sa fragilit\u00e9, sa beaut\u00e9, dans les d\u00e9r\u00e8glements du climat et le bouleversement de la biodiversit\u00e9. Le Prix Dahinden une autre empreinte ou le prix Art &amp; Environment Lee Ufan X Guerlain distinguent aussi des photographes travaillant sur la nature, l\u2019environnement, les mat\u00e9riaux, l&rsquo;\u00e9co-conception.<\/p>\n\n\n\n<h2 class=\"wp-block-heading\"><strong>Paris Photo voit rouge : algues maudites et Paradis en feu<\/strong><\/h2>\n\n\n<div class=\"wp-block-image\">\n<figure class=\"aligncenter size-large\"><img loading=\"lazy\" decoding=\"async\" width=\"947\" height=\"1024\" src=\"https:\/\/finelife.tv\/fr\/wp-content\/uploads\/2024\/11\/img-src-22https-finelife.tvimage.jpg-alt-22Paris-Photo-focus-nature-amlice-pallot-algues-maudites22-947x1024.jpg\" alt=\"\" class=\"wp-image-20941\" srcset=\"https:\/\/finelife.tv\/fr\/wp-content\/uploads\/2024\/11\/img-src-22https-finelife.tvimage.jpg-alt-22Paris-Photo-focus-nature-amlice-pallot-algues-maudites22-947x1024.jpg 947w, https:\/\/finelife.tv\/fr\/wp-content\/uploads\/2024\/11\/img-src-22https-finelife.tvimage.jpg-alt-22Paris-Photo-focus-nature-amlice-pallot-algues-maudites22-277x300.jpg 277w, https:\/\/finelife.tv\/fr\/wp-content\/uploads\/2024\/11\/img-src-22https-finelife.tvimage.jpg-alt-22Paris-Photo-focus-nature-amlice-pallot-algues-maudites22-768x831.jpg 768w, https:\/\/finelife.tv\/fr\/wp-content\/uploads\/2024\/11\/img-src-22https-finelife.tvimage.jpg-alt-22Paris-Photo-focus-nature-amlice-pallot-algues-maudites22-1420x1536.jpg 1420w, https:\/\/finelife.tv\/fr\/wp-content\/uploads\/2024\/11\/img-src-22https-finelife.tvimage.jpg-alt-22Paris-Photo-focus-nature-amlice-pallot-algues-maudites22-1893x2048.jpg 1893w\" sizes=\"auto, (max-width: 947px) 100vw, 947px\" \/><\/figure>\n<\/div>\n\n\n<p><br>Ainsi <strong>Alice Pallot<\/strong> glane des d\u00e9chets, des algues r\u00e9cup\u00e9r\u00e9es sur les plages bretonnes afin de les utiliser comme des filtres photographiques. R\u00e9sultat : des images qui sugg\u00e8rent des mar\u00e9es rouges en \u00e9cho aux mar\u00e9es noires et surtout aux mar\u00e9es vertes dues aux \u00ab algues maudites \u00bb qui en se d\u00e9composant st\u00e9rilisent les plages. Des photos spectaculaires de cette \u00ab\u00a0<strong>Sea of Tears\u00a0\u00bb<\/strong> sont pr\u00e9sent\u00e9es sur le stand de la Fisheye Gallery. Alice Pallot est dipl\u00f4m\u00e9 de l\u2019\u00c9cole nationale sup\u00e9rieure des arts visuels de La Cambre \u00e0 Bruxelles et Prix Leica des Nouvelles \u00c9critures de la photographie environnementale. Un univers \u00e0 d\u00e9couvrir absolument !<\/p>\n\n\n\n<p><strong><a href=\"https:\/\/fisheyegallery.fr\/\">Fisheye Gallery<\/a><\/strong><\/p>\n\n\n\n<h3 class=\"wp-block-heading has-text-align-center\">Maxime Rich\u00e9 et les m\u00e9gafeux<\/h3>\n\n\n<div class=\"wp-block-image\">\n<figure class=\"aligncenter size-large\"><img loading=\"lazy\" decoding=\"async\" width=\"1024\" height=\"813\" src=\"https:\/\/finelife.tv\/fr\/wp-content\/uploads\/2024\/11\/img-src-22https-finelife.tvimage.jpg-alt-22Paris-Photo-focus-nature-maxime-riche-paradise22-1024x813.jpg\" alt=\"\" class=\"wp-image-20942\" srcset=\"https:\/\/finelife.tv\/fr\/wp-content\/uploads\/2024\/11\/img-src-22https-finelife.tvimage.jpg-alt-22Paris-Photo-focus-nature-maxime-riche-paradise22-1024x813.jpg 1024w, https:\/\/finelife.tv\/fr\/wp-content\/uploads\/2024\/11\/img-src-22https-finelife.tvimage.jpg-alt-22Paris-Photo-focus-nature-maxime-riche-paradise22-300x238.jpg 300w, https:\/\/finelife.tv\/fr\/wp-content\/uploads\/2024\/11\/img-src-22https-finelife.tvimage.jpg-alt-22Paris-Photo-focus-nature-maxime-riche-paradise22-768x610.jpg 768w, https:\/\/finelife.tv\/fr\/wp-content\/uploads\/2024\/11\/img-src-22https-finelife.tvimage.jpg-alt-22Paris-Photo-focus-nature-maxime-riche-paradise22-1536x1219.jpg 1536w, https:\/\/finelife.tv\/fr\/wp-content\/uploads\/2024\/11\/img-src-22https-finelife.tvimage.jpg-alt-22Paris-Photo-focus-nature-maxime-riche-paradise22-2048x1626.jpg 2048w\" sizes=\"auto, (max-width: 1024px) 100vw, 1024px\" \/><\/figure>\n<\/div>\n\n\n<p><strong>Maxime Rich\u00e9<\/strong>, prix du public Dahinden 2024, s\u2019int\u00e9resse aux <strong>m\u00e9gafeux<\/strong> et \u00e0 l&rsquo;environnement en g\u00e9n\u00e9ral. De pr\u00e8s pr\u00e8s. Rien de surprenant car le photographe est ing\u00e9nieur de formation et dipl\u00f4m\u00e9 d\u2019un master en biotechnologie et en sciences de la vie. <\/p>\n\n\n\n<p><\/p>\n\n\n<div class=\"wp-block-image\">\n<figure class=\"aligncenter size-large\"><img loading=\"lazy\" decoding=\"async\" width=\"1024\" height=\"962\" src=\"https:\/\/finelife.tv\/fr\/wp-content\/uploads\/2024\/11\/img-src-22https-finelife.tvimage.jpg-alt-22Paris-Photo-focus-nature-paradise-megafeux22-1024x962.jpg\" alt=\"\" class=\"wp-image-20943\" srcset=\"https:\/\/finelife.tv\/fr\/wp-content\/uploads\/2024\/11\/img-src-22https-finelife.tvimage.jpg-alt-22Paris-Photo-focus-nature-paradise-megafeux22-1024x962.jpg 1024w, https:\/\/finelife.tv\/fr\/wp-content\/uploads\/2024\/11\/img-src-22https-finelife.tvimage.jpg-alt-22Paris-Photo-focus-nature-paradise-megafeux22-300x282.jpg 300w, https:\/\/finelife.tv\/fr\/wp-content\/uploads\/2024\/11\/img-src-22https-finelife.tvimage.jpg-alt-22Paris-Photo-focus-nature-paradise-megafeux22-768x721.jpg 768w, https:\/\/finelife.tv\/fr\/wp-content\/uploads\/2024\/11\/img-src-22https-finelife.tvimage.jpg-alt-22Paris-Photo-focus-nature-paradise-megafeux22-1536x1443.jpg 1536w, https:\/\/finelife.tv\/fr\/wp-content\/uploads\/2024\/11\/img-src-22https-finelife.tvimage.jpg-alt-22Paris-Photo-focus-nature-paradise-megafeux22-2048x1924.jpg 2048w\" sizes=\"auto, (max-width: 1024px) 100vw, 1024px\" \/><\/figure>\n<\/div>\n\n\n<p>Maxime Rich\u00e9 part en 2021 \u00e0 Paradise o\u00f9 il prend ces photos aussi terribles que belles de paradis en flammes. Le photographe utilise des films infra rouge Kodak. Avec cette technique le vert de la v\u00e9g\u00e9tation devient rouge et sur les photos le feu l\u00e8che les maisons. L\u2019enfer au Paradis. Une fable, une m\u00e9taphore affich\u00e9e. Maxime Rich\u00e9 interroge l\u2019impact de l\u2019activit\u00e9 humaine (les n\u00e9gligences !!) sur les m\u00e9gafeux car \u00e0 Paradise en 2018 comme en 2021 le feu a \u00e9t\u00e9 d\u00e9clench\u00e9 par un court circuit sur les lignes \u00e9lectriques et non par le changement climatique. <\/p>\n\n\n\n<p>Pour m\u00e9moire en 2018 <strong>Paradise<\/strong>, ville californienne de 26 000 \u00e2mes situ\u00e9e a\u0300 140 km au nord de Sacramento sur les contreforts de la Sierra Nevada, est ravag\u00e9e en moins de quatre heures. \u00ab\u00a0C&rsquo;est l&rsquo;incendie le plus co\u00fbteux \u00e0 ce jour aux \u00c9tats-Unis (10,8 milliards de dollars) et le plus meurtrier. Car Camp Fire a en quelques heures d\u00e9truit 18 800 b\u00e2timents, fait 86 morts \u2013 ainsi que plus de 50 victimes indirectes \u2013 et plong\u00e9 nombre des habitants de la ville dans une pr\u00e9carit\u00e9 redoutable dont beaucoup souffrent encore \u00e0 ce jour\u00a0\u00bb rappellent les organisateurs du prix Dahinden, une autre empreinte.<\/p>\n\n\n\n<p><strong><a href=\"https:\/\/www.dahinden.fr\/prix-rse-une-autre-empreinte\/\">Prix Dahinden<\/a><\/strong><\/p>\n\n\n\n<h2 class=\"wp-block-heading\">Nature et natures mortes <\/h2>\n\n\n<div class=\"wp-block-image\">\n<figure class=\"aligncenter size-large\"><img loading=\"lazy\" decoding=\"async\" width=\"718\" height=\"1024\" src=\"https:\/\/finelife.tv\/fr\/wp-content\/uploads\/2024\/11\/img-src-22https-finelife.tvimage.jpg-alt-22Paris-Photo-focus-nature-letizia-le-fur-decolorisation-detail22-718x1024.jpg\" alt=\"\" class=\"wp-image-20947\" srcset=\"https:\/\/finelife.tv\/fr\/wp-content\/uploads\/2024\/11\/img-src-22https-finelife.tvimage.jpg-alt-22Paris-Photo-focus-nature-letizia-le-fur-decolorisation-detail22-718x1024.jpg 718w, https:\/\/finelife.tv\/fr\/wp-content\/uploads\/2024\/11\/img-src-22https-finelife.tvimage.jpg-alt-22Paris-Photo-focus-nature-letizia-le-fur-decolorisation-detail22-210x300.jpg 210w, https:\/\/finelife.tv\/fr\/wp-content\/uploads\/2024\/11\/img-src-22https-finelife.tvimage.jpg-alt-22Paris-Photo-focus-nature-letizia-le-fur-decolorisation-detail22-768x1096.jpg 768w, https:\/\/finelife.tv\/fr\/wp-content\/uploads\/2024\/11\/img-src-22https-finelife.tvimage.jpg-alt-22Paris-Photo-focus-nature-letizia-le-fur-decolorisation-detail22.jpg 1052w\" sizes=\"auto, (max-width: 718px) 100vw, 718px\" \/><\/figure>\n<\/div>\n\n\n<p><strong>Letizia Le Fur \u00ab\u00a0d\u00e9colorise\u00a0\u00bb le \u00ab paradis \u00bb<\/strong> (Tahiti) et la photographe finlandaise <strong>Nanna H\u00e4nninen capte la fragilit\u00e9 des d\u00e9serts<\/strong> (Laponie, Californie). Deux regards de femmes sur la nature et l\u2019environnement. Deux regards qui ou bien interrogent la (de) construction des mythes \u00e0 travers les images. Ou bien tentent de pr\u00e9server \u00e0 travers les images une biodiversit\u00e9 qui peut tr\u00e8s vite dispara\u00eetre.<\/p>\n\n\n<div class=\"wp-block-image\">\n<figure class=\"aligncenter size-large\"><img loading=\"lazy\" decoding=\"async\" width=\"696\" height=\"1024\" src=\"https:\/\/finelife.tv\/fr\/wp-content\/uploads\/2024\/11\/img-src-22https-finelife.tvimage.jpg-alt-22Paris-Photo-focus-nature-latizia-le-fur-decolorisation-tahiti22-696x1024.jpg\" alt=\"\" class=\"wp-image-20948\" srcset=\"https:\/\/finelife.tv\/fr\/wp-content\/uploads\/2024\/11\/img-src-22https-finelife.tvimage.jpg-alt-22Paris-Photo-focus-nature-latizia-le-fur-decolorisation-tahiti22-696x1024.jpg 696w, https:\/\/finelife.tv\/fr\/wp-content\/uploads\/2024\/11\/img-src-22https-finelife.tvimage.jpg-alt-22Paris-Photo-focus-nature-latizia-le-fur-decolorisation-tahiti22-204x300.jpg 204w, https:\/\/finelife.tv\/fr\/wp-content\/uploads\/2024\/11\/img-src-22https-finelife.tvimage.jpg-alt-22Paris-Photo-focus-nature-latizia-le-fur-decolorisation-tahiti22-768x1130.jpg 768w, https:\/\/finelife.tv\/fr\/wp-content\/uploads\/2024\/11\/img-src-22https-finelife.tvimage.jpg-alt-22Paris-Photo-focus-nature-latizia-le-fur-decolorisation-tahiti22-1044x1536.jpg 1044w, https:\/\/finelife.tv\/fr\/wp-content\/uploads\/2024\/11\/img-src-22https-finelife.tvimage.jpg-alt-22Paris-Photo-focus-nature-latizia-le-fur-decolorisation-tahiti22-1392x2048.jpg 1392w, https:\/\/finelife.tv\/fr\/wp-content\/uploads\/2024\/11\/img-src-22https-finelife.tvimage.jpg-alt-22Paris-Photo-focus-nature-latizia-le-fur-decolorisation-tahiti22-scaled.jpg 1740w\" sizes=\"auto, (max-width: 696px) 100vw, 696px\" \/><\/figure>\n<\/div>\n\n\n<p>Letizia Le Fur, \u00e9l\u00e8ve de Val\u00e9rie Belin, \u00ab\u00a0op\u00e8re ici un renversement de paradigme \u00e0 plusieurs \u00e9gards\u00a0\u00bb \u00e9crit la commissaire Claire Luna. \u00ab\u00a0La mer turquoise, les cris de ce que l\u2019on appelle la couleur tropicale, l\u2019eau transparente et les verts de sa nature luxuriante, elle les a oblit\u00e9r\u00e9s. Ses plages aux cocotiers, effac\u00e9es. La photographe a vid\u00e9 l\u2019\u00eele des seules substances qui en ont constitu\u00e9 ce que l\u2019Occident a toujours cru \u00eatre son identit\u00e9. Elle nous plonge le regard dans le ventre de sa v\u00e9g\u00e9tation\u00a0\u00bb.<\/p>\n\n\n<div class=\"wp-block-image\">\n<figure class=\"aligncenter size-large\"><img loading=\"lazy\" decoding=\"async\" width=\"1024\" height=\"868\" src=\"https:\/\/finelife.tv\/fr\/wp-content\/uploads\/2024\/11\/img-src-22https-finelife.tvimage.jpg-alt-22Paris-Photo-focus-nature-nanna-hainninen-painet-desert22-1024x868.jpg\" alt=\"\" class=\"wp-image-20946\" srcset=\"https:\/\/finelife.tv\/fr\/wp-content\/uploads\/2024\/11\/img-src-22https-finelife.tvimage.jpg-alt-22Paris-Photo-focus-nature-nanna-hainninen-painet-desert22-1024x868.jpg 1024w, https:\/\/finelife.tv\/fr\/wp-content\/uploads\/2024\/11\/img-src-22https-finelife.tvimage.jpg-alt-22Paris-Photo-focus-nature-nanna-hainninen-painet-desert22-300x254.jpg 300w, https:\/\/finelife.tv\/fr\/wp-content\/uploads\/2024\/11\/img-src-22https-finelife.tvimage.jpg-alt-22Paris-Photo-focus-nature-nanna-hainninen-painet-desert22-768x651.jpg 768w, https:\/\/finelife.tv\/fr\/wp-content\/uploads\/2024\/11\/img-src-22https-finelife.tvimage.jpg-alt-22Paris-Photo-focus-nature-nanna-hainninen-painet-desert22-1536x1302.jpg 1536w, https:\/\/finelife.tv\/fr\/wp-content\/uploads\/2024\/11\/img-src-22https-finelife.tvimage.jpg-alt-22Paris-Photo-focus-nature-nanna-hainninen-painet-desert22-2048x1736.jpg 2048w\" sizes=\"auto, (max-width: 1024px) 100vw, 1024px\" \/><\/figure>\n<\/div>\n\n\n<p><strong>Nanna H\u00e4nninen<\/strong> a \u00e9tudi\u00e9 \u00e0 l&rsquo;Institut du design de Lahti, ainsi qu\u2019\u00e0 la H\u00f6here Schule fur Kunst und Gestaltung de Zurich et \u00e0 l&rsquo;Universit\u00e9 d&rsquo;art et de design d&rsquo;Helsinki. Elle travaille sur les tons de Wolfgang Tillmans. \u00c0 Paris Photo elle pr\u00e9sente un solo show : <strong>Painted Desert<\/strong>. Nanna H\u00e4nninen teint les tirages et fait intervenir le peinture. Une intervention humaine qui fait jaillir la fragilit\u00e9 et la beaut\u00e9 des paysages.<\/p>\n\n\n<div class=\"wp-block-image\">\n<figure class=\"aligncenter size-large\"><img loading=\"lazy\" decoding=\"async\" width=\"1024\" height=\"795\" src=\"https:\/\/finelife.tv\/fr\/wp-content\/uploads\/2024\/11\/img-src-22https-finelife.tvimage.jpg-alt-22Paris-Photo-focus-nature-nanna-hainninen22-1024x795.jpg\" alt=\"\" class=\"wp-image-20945\" srcset=\"https:\/\/finelife.tv\/fr\/wp-content\/uploads\/2024\/11\/img-src-22https-finelife.tvimage.jpg-alt-22Paris-Photo-focus-nature-nanna-hainninen22-1024x795.jpg 1024w, https:\/\/finelife.tv\/fr\/wp-content\/uploads\/2024\/11\/img-src-22https-finelife.tvimage.jpg-alt-22Paris-Photo-focus-nature-nanna-hainninen22-300x233.jpg 300w, https:\/\/finelife.tv\/fr\/wp-content\/uploads\/2024\/11\/img-src-22https-finelife.tvimage.jpg-alt-22Paris-Photo-focus-nature-nanna-hainninen22-768x596.jpg 768w, https:\/\/finelife.tv\/fr\/wp-content\/uploads\/2024\/11\/img-src-22https-finelife.tvimage.jpg-alt-22Paris-Photo-focus-nature-nanna-hainninen22-1536x1192.jpg 1536w, https:\/\/finelife.tv\/fr\/wp-content\/uploads\/2024\/11\/img-src-22https-finelife.tvimage.jpg-alt-22Paris-Photo-focus-nature-nanna-hainninen22-2048x1589.jpg 2048w\" sizes=\"auto, (max-width: 1024px) 100vw, 1024px\" \/><\/figure>\n<\/div>\n\n\n<p><strong><a href=\"https:\/\/www.juliecaredda.com\/\">Galerie Julie Caredda<\/a><\/strong><\/p>\n\n\n\n<p><strong><a href=\"https:\/\/www.personsprojects.com\/\">Galerie Persons Projects<\/a><\/strong><\/p>\n\n\n\n<h2 class=\"wp-block-heading\">Cycles de la  vie : des \u00e9toiles aux fleurs<\/h2>\n\n\n<div class=\"wp-block-image\">\n<figure class=\"aligncenter size-large\"><img loading=\"lazy\" decoding=\"async\" width=\"760\" height=\"1024\" src=\"https:\/\/finelife.tv\/fr\/wp-content\/uploads\/2024\/11\/img-src-22https-finelife.tvimage.jpg-alt-22Paris-Photo-focus-nature-tracks-caroline-corbasson22-760x1024.jpg\" alt=\"\" class=\"wp-image-20944\" srcset=\"https:\/\/finelife.tv\/fr\/wp-content\/uploads\/2024\/11\/img-src-22https-finelife.tvimage.jpg-alt-22Paris-Photo-focus-nature-tracks-caroline-corbasson22-760x1024.jpg 760w, https:\/\/finelife.tv\/fr\/wp-content\/uploads\/2024\/11\/img-src-22https-finelife.tvimage.jpg-alt-22Paris-Photo-focus-nature-tracks-caroline-corbasson22-223x300.jpg 223w, https:\/\/finelife.tv\/fr\/wp-content\/uploads\/2024\/11\/img-src-22https-finelife.tvimage.jpg-alt-22Paris-Photo-focus-nature-tracks-caroline-corbasson22-768x1035.jpg 768w, https:\/\/finelife.tv\/fr\/wp-content\/uploads\/2024\/11\/img-src-22https-finelife.tvimage.jpg-alt-22Paris-Photo-focus-nature-tracks-caroline-corbasson22-1140x1536.jpg 1140w, https:\/\/finelife.tv\/fr\/wp-content\/uploads\/2024\/11\/img-src-22https-finelife.tvimage.jpg-alt-22Paris-Photo-focus-nature-tracks-caroline-corbasson22-1520x2048.jpg 1520w, https:\/\/finelife.tv\/fr\/wp-content\/uploads\/2024\/11\/img-src-22https-finelife.tvimage.jpg-alt-22Paris-Photo-focus-nature-tracks-caroline-corbasson22.jpg 1718w\" sizes=\"auto, (max-width: 760px) 100vw, 760px\" \/><\/figure>\n<\/div>\n\n\n<p><strong>Caroline Corbasson <\/strong>s&rsquo;est form\u00e9e aux Beaux Arts de Paris et \u00e0 la Saint-Martin School de Londres. Elle explore \u00e0 travers diff\u00e9rents m\u00e9diums les grands espaces, micro et macrocosmiques en collaboration avec des institutions scientifiques de premier plan comme le CNRS, CNES a\u0300 Paris, le Laboratoire d\u2019Astrophysique de Marseille ou encore l\u2019Observatoire du Cerro Paranal au Chili. Un travail remarqu\u00e9 puisque la \u00ab\u00a0<strong>photographe-plasticienne<\/strong>\u00a0\u00bb vient de remporter le prix 2024 Art &amp; Environment Lee Ufan X Guerlain. Une reconnaissance de sa \u00ab\u00a0photographie alternative\u00a0\u00bb car Caroline Corbasson pr\u00e9f\u00e8re, notamment, le microscope \u00e0 l&rsquo;appareil photo. Dans Up-close, son premier solo show, elle donne un aper\u00e7u global de sa pratique. Ceci \u00e0 travers un ensemble d&rsquo;images regroup\u00e9es en techniques (tirage analogiques, tirage au charbon) et th\u00e9matiques (biologie, astrophysique, thermiques &#8230; ).<\/p>\n\n\n\n<p>On y d\u00e9couvre \u00ab\u00a0Heat\u00a0\u00bb, des photographies d&rsquo;astrophysique des ann\u00e9es 60 tir\u00e9es en un d\u00e9grad\u00e9 qui va du rouge au bleu et trait\u00e9es de mani\u00e8re tr\u00e8s abstraite. <\/p>\n\n\n\n<p>Le stand de la galerie Dilecta propose aussi Field(s), une s\u00e9rie sur les poussi\u00e8res de d\u00e9serts \u00e0 partir de l&rsquo;observation de poussi\u00e8res d&rsquo;\u00e9toiles.<\/p>\n\n\n\n<p>Enfin, <strong>Tracks<\/strong>, produit avec Andrea Montano le compagnon de la jeune femme, propose une variation sur un m\u00eame <strong>motif floral qui semble \u00e9toil\u00e9<\/strong>. Un <strong>focus sur les cycles de la vie, des \u00e9toiles aux floraisons<\/strong>, leitmotiv de Caroline Corbasson.<\/p>\n\n\n\n<p><strong><a href=\"https:\/\/editions-dilecta.com\/\">\u00c9ditions Galerie Didacta<\/a><\/strong><\/p>\n\n\n\n<p><\/p>\n\n\n\n<p><\/p>\n\n\n\n<h2 class=\"wp-block-heading\">Related article <strong>Paris Photo focus nature<\/strong> \/ <strong>Paris Photo focus nature. <\/strong><\/h2>\n\n\n\n<p><strong><a href=\"https:\/\/finelife.tv\/fr\/2023\/11\/21\/paris-photo-murmurations-dalain-delorme\/\">Paris Photos Murmurations Alain Delorme<\/a><\/strong><\/p>\n\n\n\n<p><strong><a href=\"https:\/\/finelife.tv\/fr\/2024\/11\/18\/art-antoine-roegiers-entre-flammes-et-fanfare\/\">Art Antoine Roegiers entre flammes et fanfare<\/a><\/strong><\/p>\n\n\n\n<p><strong><a href=\"https:\/\/finelife.tv\/fr\/2025\/03\/21\/expo-paysages-mouvants-au-jeu-de-paume\/\">Expo Paysages mouvants au Jeu de Paume<\/a><\/strong><\/p>\n\n\n\n<p><strong><a href=\"https:\/\/finelife.tv\/fr\/2025\/11\/25\/paris-photo-2025-urgence-climatique\/\">Paris Photo 2025 urgence climatique<\/a><\/strong><\/p>\n","protected":false},"excerpt":{"rendered":"<p>Paris Photo focus nature. L&rsquo;\u00e9dition 2024 de la foire internationale offre un large spectre de propositions li\u00e9es \u00e0 l&rsquo;environnement, des menaces sur la biodiversit\u00e9 aux erreurs humaines \u00e0 l&rsquo;origine des m\u00e9gafeux. Regard sur cinq photographes<\/p>\n","protected":false},"author":1,"featured_media":0,"comment_status":"open","ping_status":"open","sticky":false,"template":"","format":"standard","meta":{"footnotes":""},"categories":[4],"tags":[22,533,786,154,604,168,4425],"class_list":["post-20901","post","type-post","status-publish","format-standard","hentry","category-blog","tag-art","tag-culture","tag-environnement","tag-nature","tag-paris-photo","tag-photographie","tag-prix-dahinden"],"yoast_head":"<!-- This site is optimized with the Yoast SEO plugin v27.5 - https:\/\/yoast.com\/product\/yoast-seo-wordpress\/ -->\n<title>Paris Photo focus nature - FineLife.tv<\/title>\n<meta name=\"description\" content=\"Paris Photo focus nature. L&#039;\u00e9dition 2024 de la foire internationale offre un large spectre de propositions li\u00e9es \u00e0 l&#039;environnement\" \/>\n<meta name=\"robots\" content=\"index, follow, max-snippet:-1, max-image-preview:large, max-video-preview:-1\" \/>\n<link rel=\"canonical\" href=\"https:\/\/finelife.tv\/fr\/2024\/11\/19\/paris-photo-focus-nature\/\" \/>\n<meta property=\"og:locale\" content=\"fr_FR\" \/>\n<meta property=\"og:type\" content=\"article\" \/>\n<meta property=\"og:title\" content=\"Paris Photo focus nature - FineLife.tv\" \/>\n<meta property=\"og:description\" content=\"Paris Photo focus nature. L&#039;\u00e9dition 2024 de la foire internationale offre un large spectre de propositions li\u00e9es \u00e0 l&#039;environnement\" \/>\n<meta property=\"og:url\" content=\"https:\/\/finelife.tv\/fr\/2024\/11\/19\/paris-photo-focus-nature\/\" \/>\n<meta property=\"og:site_name\" content=\"FineLife.tv\" \/>\n<meta property=\"article:published_time\" content=\"2024-11-19T17:18:07+00:00\" \/>\n<meta property=\"article:modified_time\" content=\"2025-11-25T19:35:36+00:00\" \/>\n<meta property=\"og:image\" content=\"https:\/\/finelife.tv\/fr\/wp-content\/uploads\/2024\/11\/img-src-22https-finelife.tvimage.jpg-alt-22Paris-Photo-focus-nature22-scaled.jpg\" \/>\n\t<meta property=\"og:image:width\" content=\"1920\" \/>\n\t<meta property=\"og:image:height\" content=\"2560\" \/>\n\t<meta property=\"og:image:type\" content=\"image\/jpeg\" \/>\n<meta name=\"author\" content=\"Leonore\" \/>\n<meta name=\"twitter:card\" content=\"summary_large_image\" \/>\n<meta name=\"twitter:creator\" content=\"@finelifetv\" \/>\n<meta name=\"twitter:site\" content=\"@finelifetv\" \/>\n<meta name=\"twitter:label1\" content=\"\u00c9crit par\" \/>\n\t<meta name=\"twitter:data1\" content=\"Leonore\" \/>\n\t<meta name=\"twitter:label2\" content=\"Dur\u00e9e de lecture estim\u00e9e\" \/>\n\t<meta name=\"twitter:data2\" content=\"8 minutes\" \/>\n<script type=\"application\/ld+json\" class=\"yoast-schema-graph\">{\"@context\":\"https:\\\/\\\/schema.org\",\"@graph\":[{\"@type\":\"Article\",\"@id\":\"https:\\\/\\\/finelife.tv\\\/fr\\\/2024\\\/11\\\/19\\\/paris-photo-focus-nature\\\/#article\",\"isPartOf\":{\"@id\":\"https:\\\/\\\/finelife.tv\\\/fr\\\/2024\\\/11\\\/19\\\/paris-photo-focus-nature\\\/\"},\"author\":{\"name\":\"Leonore\",\"@id\":\"https:\\\/\\\/finelife.tv\\\/fr\\\/#\\\/schema\\\/person\\\/e3d980b0c0b3dc5af01c3455893c8c52\"},\"headline\":\"Paris Photo focus nature\",\"datePublished\":\"2024-11-19T17:18:07+00:00\",\"dateModified\":\"2025-11-25T19:35:36+00:00\",\"mainEntityOfPage\":{\"@id\":\"https:\\\/\\\/finelife.tv\\\/fr\\\/2024\\\/11\\\/19\\\/paris-photo-focus-nature\\\/\"},\"wordCount\":1125,\"commentCount\":5,\"image\":{\"@id\":\"https:\\\/\\\/finelife.tv\\\/fr\\\/2024\\\/11\\\/19\\\/paris-photo-focus-nature\\\/#primaryimage\"},\"thumbnailUrl\":\"https:\\\/\\\/finelife.tv\\\/fr\\\/wp-content\\\/uploads\\\/2024\\\/11\\\/img-src-22https-finelife.tvimage.jpg-alt-22Paris-Photo-focus-nature22-768x1024.jpg\",\"keywords\":[\"art\",\"culture\",\"environnement\",\"nature\",\"paris photo\",\"photographie\",\"prix dahinden\"],\"articleSection\":[\"Blog\"],\"inLanguage\":\"fr-FR\",\"potentialAction\":[{\"@type\":\"CommentAction\",\"name\":\"Comment\",\"target\":[\"https:\\\/\\\/finelife.tv\\\/fr\\\/2024\\\/11\\\/19\\\/paris-photo-focus-nature\\\/#respond\"]}]},{\"@type\":\"WebPage\",\"@id\":\"https:\\\/\\\/finelife.tv\\\/fr\\\/2024\\\/11\\\/19\\\/paris-photo-focus-nature\\\/\",\"url\":\"https:\\\/\\\/finelife.tv\\\/fr\\\/2024\\\/11\\\/19\\\/paris-photo-focus-nature\\\/\",\"name\":\"Paris Photo focus nature - FineLife.tv\",\"isPartOf\":{\"@id\":\"https:\\\/\\\/finelife.tv\\\/fr\\\/#website\"},\"primaryImageOfPage\":{\"@id\":\"https:\\\/\\\/finelife.tv\\\/fr\\\/2024\\\/11\\\/19\\\/paris-photo-focus-nature\\\/#primaryimage\"},\"image\":{\"@id\":\"https:\\\/\\\/finelife.tv\\\/fr\\\/2024\\\/11\\\/19\\\/paris-photo-focus-nature\\\/#primaryimage\"},\"thumbnailUrl\":\"https:\\\/\\\/finelife.tv\\\/fr\\\/wp-content\\\/uploads\\\/2024\\\/11\\\/img-src-22https-finelife.tvimage.jpg-alt-22Paris-Photo-focus-nature22-768x1024.jpg\",\"datePublished\":\"2024-11-19T17:18:07+00:00\",\"dateModified\":\"2025-11-25T19:35:36+00:00\",\"author\":{\"@id\":\"https:\\\/\\\/finelife.tv\\\/fr\\\/#\\\/schema\\\/person\\\/e3d980b0c0b3dc5af01c3455893c8c52\"},\"description\":\"Paris Photo focus nature. L'\u00e9dition 2024 de la foire internationale offre un large spectre de propositions li\u00e9es \u00e0 l'environnement\",\"breadcrumb\":{\"@id\":\"https:\\\/\\\/finelife.tv\\\/fr\\\/2024\\\/11\\\/19\\\/paris-photo-focus-nature\\\/#breadcrumb\"},\"inLanguage\":\"fr-FR\",\"potentialAction\":[{\"@type\":\"ReadAction\",\"target\":[\"https:\\\/\\\/finelife.tv\\\/fr\\\/2024\\\/11\\\/19\\\/paris-photo-focus-nature\\\/\"]}]},{\"@type\":\"ImageObject\",\"inLanguage\":\"fr-FR\",\"@id\":\"https:\\\/\\\/finelife.tv\\\/fr\\\/2024\\\/11\\\/19\\\/paris-photo-focus-nature\\\/#primaryimage\",\"url\":\"https:\\\/\\\/finelife.tv\\\/fr\\\/wp-content\\\/uploads\\\/2024\\\/11\\\/img-src-22https-finelife.tvimage.jpg-alt-22Paris-Photo-focus-nature22-scaled.jpg\",\"contentUrl\":\"https:\\\/\\\/finelife.tv\\\/fr\\\/wp-content\\\/uploads\\\/2024\\\/11\\\/img-src-22https-finelife.tvimage.jpg-alt-22Paris-Photo-focus-nature22-scaled.jpg\",\"width\":1920,\"height\":2560},{\"@type\":\"BreadcrumbList\",\"@id\":\"https:\\\/\\\/finelife.tv\\\/fr\\\/2024\\\/11\\\/19\\\/paris-photo-focus-nature\\\/#breadcrumb\",\"itemListElement\":[{\"@type\":\"ListItem\",\"position\":1,\"name\":\"Accueil\",\"item\":\"https:\\\/\\\/finelife.tv\\\/fr\\\/\"},{\"@type\":\"ListItem\",\"position\":2,\"name\":\"Paris Photo focus nature\"}]},{\"@type\":\"WebSite\",\"@id\":\"https:\\\/\\\/finelife.tv\\\/fr\\\/#website\",\"url\":\"https:\\\/\\\/finelife.tv\\\/fr\\\/\",\"name\":\"FineLife.tv\",\"description\":\"Quand l&#039;Art de vivre croise l&#039;Art de penser\",\"potentialAction\":[{\"@type\":\"SearchAction\",\"target\":{\"@type\":\"EntryPoint\",\"urlTemplate\":\"https:\\\/\\\/finelife.tv\\\/fr\\\/?s={search_term_string}\"},\"query-input\":{\"@type\":\"PropertyValueSpecification\",\"valueRequired\":true,\"valueName\":\"search_term_string\"}}],\"inLanguage\":\"fr-FR\"},{\"@type\":\"Person\",\"@id\":\"https:\\\/\\\/finelife.tv\\\/fr\\\/#\\\/schema\\\/person\\\/e3d980b0c0b3dc5af01c3455893c8c52\",\"name\":\"Leonore\",\"image\":{\"@type\":\"ImageObject\",\"inLanguage\":\"fr-FR\",\"@id\":\"https:\\\/\\\/secure.gravatar.com\\\/avatar\\\/9a2e5073417479f910ffdeee54da5ccf4f91eab62746ce0ae0e81124a9491a79?s=96&d=mm&r=g\",\"url\":\"https:\\\/\\\/secure.gravatar.com\\\/avatar\\\/9a2e5073417479f910ffdeee54da5ccf4f91eab62746ce0ae0e81124a9491a79?s=96&d=mm&r=g\",\"contentUrl\":\"https:\\\/\\\/secure.gravatar.com\\\/avatar\\\/9a2e5073417479f910ffdeee54da5ccf4f91eab62746ce0ae0e81124a9491a79?s=96&d=mm&r=g\",\"caption\":\"Leonore\"}}]}<\/script>\n<!-- \/ Yoast SEO plugin. -->","yoast_head_json":{"title":"Paris Photo focus nature - FineLife.tv","description":"Paris Photo focus nature. L'\u00e9dition 2024 de la foire internationale offre un large spectre de propositions li\u00e9es \u00e0 l'environnement","robots":{"index":"index","follow":"follow","max-snippet":"max-snippet:-1","max-image-preview":"max-image-preview:large","max-video-preview":"max-video-preview:-1"},"canonical":"https:\/\/finelife.tv\/fr\/2024\/11\/19\/paris-photo-focus-nature\/","og_locale":"fr_FR","og_type":"article","og_title":"Paris Photo focus nature - FineLife.tv","og_description":"Paris Photo focus nature. L'\u00e9dition 2024 de la foire internationale offre un large spectre de propositions li\u00e9es \u00e0 l'environnement","og_url":"https:\/\/finelife.tv\/fr\/2024\/11\/19\/paris-photo-focus-nature\/","og_site_name":"FineLife.tv","article_published_time":"2024-11-19T17:18:07+00:00","article_modified_time":"2025-11-25T19:35:36+00:00","og_image":[{"width":1920,"height":2560,"url":"https:\/\/finelife.tv\/fr\/wp-content\/uploads\/2024\/11\/img-src-22https-finelife.tvimage.jpg-alt-22Paris-Photo-focus-nature22-scaled.jpg","type":"image\/jpeg"}],"author":"Leonore","twitter_card":"summary_large_image","twitter_creator":"@finelifetv","twitter_site":"@finelifetv","twitter_misc":{"\u00c9crit par":"Leonore","Dur\u00e9e de lecture estim\u00e9e":"8 minutes"},"schema":{"@context":"https:\/\/schema.org","@graph":[{"@type":"Article","@id":"https:\/\/finelife.tv\/fr\/2024\/11\/19\/paris-photo-focus-nature\/#article","isPartOf":{"@id":"https:\/\/finelife.tv\/fr\/2024\/11\/19\/paris-photo-focus-nature\/"},"author":{"name":"Leonore","@id":"https:\/\/finelife.tv\/fr\/#\/schema\/person\/e3d980b0c0b3dc5af01c3455893c8c52"},"headline":"Paris Photo focus nature","datePublished":"2024-11-19T17:18:07+00:00","dateModified":"2025-11-25T19:35:36+00:00","mainEntityOfPage":{"@id":"https:\/\/finelife.tv\/fr\/2024\/11\/19\/paris-photo-focus-nature\/"},"wordCount":1125,"commentCount":5,"image":{"@id":"https:\/\/finelife.tv\/fr\/2024\/11\/19\/paris-photo-focus-nature\/#primaryimage"},"thumbnailUrl":"https:\/\/finelife.tv\/fr\/wp-content\/uploads\/2024\/11\/img-src-22https-finelife.tvimage.jpg-alt-22Paris-Photo-focus-nature22-768x1024.jpg","keywords":["art","culture","environnement","nature","paris photo","photographie","prix dahinden"],"articleSection":["Blog"],"inLanguage":"fr-FR","potentialAction":[{"@type":"CommentAction","name":"Comment","target":["https:\/\/finelife.tv\/fr\/2024\/11\/19\/paris-photo-focus-nature\/#respond"]}]},{"@type":"WebPage","@id":"https:\/\/finelife.tv\/fr\/2024\/11\/19\/paris-photo-focus-nature\/","url":"https:\/\/finelife.tv\/fr\/2024\/11\/19\/paris-photo-focus-nature\/","name":"Paris Photo focus nature - FineLife.tv","isPartOf":{"@id":"https:\/\/finelife.tv\/fr\/#website"},"primaryImageOfPage":{"@id":"https:\/\/finelife.tv\/fr\/2024\/11\/19\/paris-photo-focus-nature\/#primaryimage"},"image":{"@id":"https:\/\/finelife.tv\/fr\/2024\/11\/19\/paris-photo-focus-nature\/#primaryimage"},"thumbnailUrl":"https:\/\/finelife.tv\/fr\/wp-content\/uploads\/2024\/11\/img-src-22https-finelife.tvimage.jpg-alt-22Paris-Photo-focus-nature22-768x1024.jpg","datePublished":"2024-11-19T17:18:07+00:00","dateModified":"2025-11-25T19:35:36+00:00","author":{"@id":"https:\/\/finelife.tv\/fr\/#\/schema\/person\/e3d980b0c0b3dc5af01c3455893c8c52"},"description":"Paris Photo focus nature. L'\u00e9dition 2024 de la foire internationale offre un large spectre de propositions li\u00e9es \u00e0 l'environnement","breadcrumb":{"@id":"https:\/\/finelife.tv\/fr\/2024\/11\/19\/paris-photo-focus-nature\/#breadcrumb"},"inLanguage":"fr-FR","potentialAction":[{"@type":"ReadAction","target":["https:\/\/finelife.tv\/fr\/2024\/11\/19\/paris-photo-focus-nature\/"]}]},{"@type":"ImageObject","inLanguage":"fr-FR","@id":"https:\/\/finelife.tv\/fr\/2024\/11\/19\/paris-photo-focus-nature\/#primaryimage","url":"https:\/\/finelife.tv\/fr\/wp-content\/uploads\/2024\/11\/img-src-22https-finelife.tvimage.jpg-alt-22Paris-Photo-focus-nature22-scaled.jpg","contentUrl":"https:\/\/finelife.tv\/fr\/wp-content\/uploads\/2024\/11\/img-src-22https-finelife.tvimage.jpg-alt-22Paris-Photo-focus-nature22-scaled.jpg","width":1920,"height":2560},{"@type":"BreadcrumbList","@id":"https:\/\/finelife.tv\/fr\/2024\/11\/19\/paris-photo-focus-nature\/#breadcrumb","itemListElement":[{"@type":"ListItem","position":1,"name":"Accueil","item":"https:\/\/finelife.tv\/fr\/"},{"@type":"ListItem","position":2,"name":"Paris Photo focus nature"}]},{"@type":"WebSite","@id":"https:\/\/finelife.tv\/fr\/#website","url":"https:\/\/finelife.tv\/fr\/","name":"FineLife.tv","description":"Quand l&#039;Art de vivre croise l&#039;Art de penser","potentialAction":[{"@type":"SearchAction","target":{"@type":"EntryPoint","urlTemplate":"https:\/\/finelife.tv\/fr\/?s={search_term_string}"},"query-input":{"@type":"PropertyValueSpecification","valueRequired":true,"valueName":"search_term_string"}}],"inLanguage":"fr-FR"},{"@type":"Person","@id":"https:\/\/finelife.tv\/fr\/#\/schema\/person\/e3d980b0c0b3dc5af01c3455893c8c52","name":"Leonore","image":{"@type":"ImageObject","inLanguage":"fr-FR","@id":"https:\/\/secure.gravatar.com\/avatar\/9a2e5073417479f910ffdeee54da5ccf4f91eab62746ce0ae0e81124a9491a79?s=96&d=mm&r=g","url":"https:\/\/secure.gravatar.com\/avatar\/9a2e5073417479f910ffdeee54da5ccf4f91eab62746ce0ae0e81124a9491a79?s=96&d=mm&r=g","contentUrl":"https:\/\/secure.gravatar.com\/avatar\/9a2e5073417479f910ffdeee54da5ccf4f91eab62746ce0ae0e81124a9491a79?s=96&d=mm&r=g","caption":"Leonore"}}]}},"_links":{"self":[{"href":"https:\/\/finelife.tv\/fr\/wp-json\/wp\/v2\/posts\/20901","targetHints":{"allow":["GET"]}}],"collection":[{"href":"https:\/\/finelife.tv\/fr\/wp-json\/wp\/v2\/posts"}],"about":[{"href":"https:\/\/finelife.tv\/fr\/wp-json\/wp\/v2\/types\/post"}],"author":[{"embeddable":true,"href":"https:\/\/finelife.tv\/fr\/wp-json\/wp\/v2\/users\/1"}],"replies":[{"embeddable":true,"href":"https:\/\/finelife.tv\/fr\/wp-json\/wp\/v2\/comments?post=20901"}],"version-history":[{"count":27,"href":"https:\/\/finelife.tv\/fr\/wp-json\/wp\/v2\/posts\/20901\/revisions"}],"predecessor-version":[{"id":25020,"href":"https:\/\/finelife.tv\/fr\/wp-json\/wp\/v2\/posts\/20901\/revisions\/25020"}],"wp:attachment":[{"href":"https:\/\/finelife.tv\/fr\/wp-json\/wp\/v2\/media?parent=20901"}],"wp:term":[{"taxonomy":"category","embeddable":true,"href":"https:\/\/finelife.tv\/fr\/wp-json\/wp\/v2\/categories?post=20901"},{"taxonomy":"post_tag","embeddable":true,"href":"https:\/\/finelife.tv\/fr\/wp-json\/wp\/v2\/tags?post=20901"}],"curies":[{"name":"wp","href":"https:\/\/api.w.org\/{rel}","templated":true}]}}