{"id":20967,"date":"2024-11-22T11:30:46","date_gmt":"2024-11-22T10:30:46","guid":{"rendered":"https:\/\/finelife.tv\/fr\/?p=20967"},"modified":"2025-11-15T20:04:50","modified_gmt":"2025-11-15T19:04:50","slug":"art-basel-paris-4-oeuvres-en-gris","status":"publish","type":"post","link":"https:\/\/finelife.tv\/fr\/2024\/11\/22\/art-basel-paris-4-oeuvres-en-gris\/","title":{"rendered":"Art Basel Paris 4 \u0153uvres en gris"},"content":{"rendered":"<div class=\"wp-block-image\">\n<figure class=\"aligncenter size-large\"><img loading=\"lazy\" decoding=\"async\" width=\"768\" height=\"1024\" src=\"https:\/\/finelife.tv\/fr\/wp-content\/uploads\/2024\/11\/img-src-22https-finelife.tvimage.jpg-alt-22Art-Basel-Paris-4-oeuvres-en-gris22-768x1024.jpg\" alt=\"\" class=\"wp-image-20982\" srcset=\"https:\/\/finelife.tv\/fr\/wp-content\/uploads\/2024\/11\/img-src-22https-finelife.tvimage.jpg-alt-22Art-Basel-Paris-4-oeuvres-en-gris22-768x1024.jpg 768w, https:\/\/finelife.tv\/fr\/wp-content\/uploads\/2024\/11\/img-src-22https-finelife.tvimage.jpg-alt-22Art-Basel-Paris-4-oeuvres-en-gris22-225x300.jpg 225w, https:\/\/finelife.tv\/fr\/wp-content\/uploads\/2024\/11\/img-src-22https-finelife.tvimage.jpg-alt-22Art-Basel-Paris-4-oeuvres-en-gris22-1152x1536.jpg 1152w, https:\/\/finelife.tv\/fr\/wp-content\/uploads\/2024\/11\/img-src-22https-finelife.tvimage.jpg-alt-22Art-Basel-Paris-4-oeuvres-en-gris22-1535x2048.jpg 1535w, https:\/\/finelife.tv\/fr\/wp-content\/uploads\/2024\/11\/img-src-22https-finelife.tvimage.jpg-alt-22Art-Basel-Paris-4-oeuvres-en-gris22-scaled.jpg 1919w\" sizes=\"auto, (max-width: 768px) 100vw, 768px\" \/><\/figure>\n<\/div>\n\n\n<p><strong>Art Basel Paris 4 \u0153uvres en gris. Focus sur des r\u00e9cits singuliers avec Nina Beier et ses \u00e9l\u00e9phants -toboggans, Diego Marcon et sa fanfare d&rsquo;enfants \u00e0 v\u00e9rifier, Hans Op de Beeck et son ange  d\u00e9sabus\u00e9, et enfin une mari\u00e9e\u00a0\u00bb mati\u00e8res \u00ab\u00a0de Niki de Saint-Phalle.<\/strong><\/p>\n\n\n\n<p>Pour son arriv\u00e9e au Grand Palais <strong><a href=\"https:\/\/www.artbasel.com\/paris\/\">Art Basel Paris<\/a><\/strong>, la grande foire d&rsquo;art contemporain, accueille 195 galeries de 42 pays et territoires, dont 65 ayant des espaces en France. Soit 27 % de <br>galeries participantes suppl\u00e9mentaires par rapport \u00e0 l\u2019\u00e9dition 2023 au Grand Palais \u00c9ph\u00e9m\u00e8re. <\/p>\n\n\n\n<p>Fid\u00e8le \u00e0 son objectif d&rsquo;ancrage dans la capitale, Art Basel Paris propose un Programme public enti\u00e8rement gratuit et ouvert \u00e0 tous, qui se d\u00e9ploie cette ann\u00e9e dans 10 sites historiques.<\/p>\n\n\n\n<h2 class=\"wp-block-heading\">Trois secteurs dont Premise et ses curiosit\u00e9s <\/h2>\n\n\n\n<p>Art Basel Paris s\u2019articule autour de trois secteurs. Tout d&rsquo;abord le classique \u00ab\u00a0Galeries\u00a0\u00bb, o\u00f9 les exposants pr\u00e9sentent leur programme complet et affichent des chefs d\u2019\u0153uvre de ma\u00eetres du 20e si\u00e8cle. On reconnait notamment Olga de Amaral qui expose \u00e0 la Fondation Cartier pour l&rsquo;art contemporain et t\u00e9moigne de la vitalit\u00e9 de l&rsquo;Art Fiber.<\/p>\n\n\n<div class=\"wp-block-image\">\n<figure class=\"aligncenter size-large\"><img loading=\"lazy\" decoding=\"async\" width=\"768\" height=\"1024\" src=\"https:\/\/finelife.tv\/fr\/wp-content\/uploads\/2024\/11\/img-src-22https-finelife.tvimage.jpg-alt-22Art-Basel-Paris-4-oeuvres-en-gris-pistoletto-corde-miroir22-768x1024.jpg\" alt=\"\" class=\"wp-image-20984\" srcset=\"https:\/\/finelife.tv\/fr\/wp-content\/uploads\/2024\/11\/img-src-22https-finelife.tvimage.jpg-alt-22Art-Basel-Paris-4-oeuvres-en-gris-pistoletto-corde-miroir22-768x1024.jpg 768w, https:\/\/finelife.tv\/fr\/wp-content\/uploads\/2024\/11\/img-src-22https-finelife.tvimage.jpg-alt-22Art-Basel-Paris-4-oeuvres-en-gris-pistoletto-corde-miroir22-225x300.jpg 225w, https:\/\/finelife.tv\/fr\/wp-content\/uploads\/2024\/11\/img-src-22https-finelife.tvimage.jpg-alt-22Art-Basel-Paris-4-oeuvres-en-gris-pistoletto-corde-miroir22-1152x1536.jpg 1152w, https:\/\/finelife.tv\/fr\/wp-content\/uploads\/2024\/11\/img-src-22https-finelife.tvimage.jpg-alt-22Art-Basel-Paris-4-oeuvres-en-gris-pistoletto-corde-miroir22-1536x2048.jpg 1536w, https:\/\/finelife.tv\/fr\/wp-content\/uploads\/2024\/11\/img-src-22https-finelife.tvimage.jpg-alt-22Art-Basel-Paris-4-oeuvres-en-gris-pistoletto-corde-miroir22-scaled.jpg 1920w\" sizes=\"auto, (max-width: 768px) 100vw, 768px\" \/><figcaption class=\"wp-element-caption\">Michelangelo Pistoletto Cappio 1962-2009<\/figcaption><\/figure>\n<\/div>\n\n\n<p>Mais on voit aussi de grands noms du surr\u00e9alisme, Magritte, Ernst, Tanguy, Breton, Alicia Penalba ou encore le sculpteur cubain Agust\u00edn C\u00e1rdenas. Ceci en \u00e9cho \u00e0 la c\u00e9l\u00e9bration du centenaire du mouvement surr\u00e9aliste au Centre Pompidou. La foire rend \u00e9galement hommage au mouvement Arte Povera que La Bourse du Commerce salue de son c\u00f4t\u00e9 \u00e0 travers une grande exposition. Sur le stand de Tornabuoni Art, on remarque ainsi une une Mappa (1989-91) de six m\u00e8tres de long de l\u2019artiste italien Alighiero Boetti, \u00ab\u00a0la seule des quatre broderies de planisph\u00e8re \u00e0 grande \u00e9chelle de l\u2019artiste \u00e0 n\u2019avoir jamais \u00e9t\u00e9 expos\u00e9e auparavant\u00a0\u00bb note l&rsquo;exposant. Michelangelo Pistoletto est \u00e9videmment de la f\u00eate avec une corde X miroir en trompe l&rsquo;\u0153il.<\/p>\n\n\n\n<p>Ensuite Art Paris Basel organise \u00ab\u00a0\u00c9mergence\u00a0\u00bb ax\u00e9 sur les galeries et les artistes \u00e9mergents avec groupe Galeries Lafayette comme partenaire officiel.<\/p>\n\n\n\n<p>Enfin une nouveaut\u00e9, le secteur Premise, regroupant neuf galeries aux \u00ab\u00a0propositions curatoriales singuli\u00e8res\u00a0\u00bb. Par ailleurs la foire inaugure une nouvelle initiative baptis\u00e9e Oh La La!. Objectif : permettre aux galeries de montrer des \u0153uvres \u00ab\u00a0rarement vues, et surprenantes\u00a0\u00bb.<\/p>\n\n\n\n<h2 class=\"wp-block-heading\">Suite en gris<\/h2>\n\n\n\n<p>Dans le m\u00eame esprit voici une suite en gris. <\/p>\n\n\n<div class=\"wp-block-image\">\n<figure class=\"aligncenter size-large\"><img loading=\"lazy\" decoding=\"async\" width=\"864\" height=\"1024\" src=\"https:\/\/finelife.tv\/fr\/wp-content\/uploads\/2024\/11\/img-src-22https-finelife.tvimage.jpg-alt-22Art-Basel-Paris-4-oeuvres-en-gris-toboggan-elephant-nina-beier22-864x1024.jpg\" alt=\"\" class=\"wp-image-20987\" srcset=\"https:\/\/finelife.tv\/fr\/wp-content\/uploads\/2024\/11\/img-src-22https-finelife.tvimage.jpg-alt-22Art-Basel-Paris-4-oeuvres-en-gris-toboggan-elephant-nina-beier22-864x1024.jpg 864w, https:\/\/finelife.tv\/fr\/wp-content\/uploads\/2024\/11\/img-src-22https-finelife.tvimage.jpg-alt-22Art-Basel-Paris-4-oeuvres-en-gris-toboggan-elephant-nina-beier22-253x300.jpg 253w, https:\/\/finelife.tv\/fr\/wp-content\/uploads\/2024\/11\/img-src-22https-finelife.tvimage.jpg-alt-22Art-Basel-Paris-4-oeuvres-en-gris-toboggan-elephant-nina-beier22-768x910.jpg 768w, https:\/\/finelife.tv\/fr\/wp-content\/uploads\/2024\/11\/img-src-22https-finelife.tvimage.jpg-alt-22Art-Basel-Paris-4-oeuvres-en-gris-toboggan-elephant-nina-beier22-1296x1536.jpg 1296w, https:\/\/finelife.tv\/fr\/wp-content\/uploads\/2024\/11\/img-src-22https-finelife.tvimage.jpg-alt-22Art-Basel-Paris-4-oeuvres-en-gris-toboggan-elephant-nina-beier22-1728x2048.jpg 1728w\" sizes=\"auto, (max-width: 864px) 100vw, 864px\" \/><figcaption class=\"wp-element-caption\">Traffic Nina Beier 2022 c\u00e9ramique et ardoise<\/figcaption><\/figure>\n<\/div>\n\n\n<p>Standard (Oslo) l&rsquo;une des galerie du secteur Oh La La pr\u00e9sente notamment un toboggan \u00e9l\u00e9phant gris de <strong>Nina Beier.<\/strong> L&rsquo;artiste danoise expose en Europe, aux \u00c9tats-Unis, en Asie. Le Capc \u2013 Centre d\u2019arts plastiques contemporains- de Bordeaux lui a ainsi consacr\u00e9 une r\u00e9trospective de mars \u00e0 septembre 2024. Nina Beier chine en ligne. Des objets qui, d\u00e9tourn\u00e9s, r\u00e9v\u00e8lent \u00ab\u00a0les mutations et paradoxes de nos arch\u00e9types culturels\u00a0\u00bb. Avec des lions en marbre, des voitures de luxe t\u00e9l\u00e9command\u00e9es, des toboggans-\u00e9l\u00e9phants, l&rsquo;artiste \u00ab\u00a0fait surgir de nouveaux r\u00e9cits\u00a0\u00bb en travaillant les objets de notre consommation courante. Traffic -le toboggan-\u00e9l\u00e9phant- parle ainsi de l&rsquo;appropriation cruelle du corps des animaux d\u00e8s l&rsquo;enfance.<\/p>\n\n\n\n<p><strong><a href=\"https:\/\/www.standardoslo.no\/\">Galerie Standard<\/a><\/strong><\/p>\n\n\n<div class=\"wp-block-image\">\n<figure class=\"aligncenter size-large\"><img loading=\"lazy\" decoding=\"async\" width=\"752\" height=\"1024\" src=\"https:\/\/finelife.tv\/fr\/wp-content\/uploads\/2024\/11\/img-src-22https-finelife.tvimage.jpg-alt-22Art-Basel-Paris-4-oeuvres-en-gris-have-youchecked-the-children-diego-marcon22-752x1024.jpg\" alt=\"\" class=\"wp-image-20988\" srcset=\"https:\/\/finelife.tv\/fr\/wp-content\/uploads\/2024\/11\/img-src-22https-finelife.tvimage.jpg-alt-22Art-Basel-Paris-4-oeuvres-en-gris-have-youchecked-the-children-diego-marcon22-752x1024.jpg 752w, https:\/\/finelife.tv\/fr\/wp-content\/uploads\/2024\/11\/img-src-22https-finelife.tvimage.jpg-alt-22Art-Basel-Paris-4-oeuvres-en-gris-have-youchecked-the-children-diego-marcon22-220x300.jpg 220w, https:\/\/finelife.tv\/fr\/wp-content\/uploads\/2024\/11\/img-src-22https-finelife.tvimage.jpg-alt-22Art-Basel-Paris-4-oeuvres-en-gris-have-youchecked-the-children-diego-marcon22-768x1046.jpg 768w, https:\/\/finelife.tv\/fr\/wp-content\/uploads\/2024\/11\/img-src-22https-finelife.tvimage.jpg-alt-22Art-Basel-Paris-4-oeuvres-en-gris-have-youchecked-the-children-diego-marcon22-1128x1536.jpg 1128w, https:\/\/finelife.tv\/fr\/wp-content\/uploads\/2024\/11\/img-src-22https-finelife.tvimage.jpg-alt-22Art-Basel-Paris-4-oeuvres-en-gris-have-youchecked-the-children-diego-marcon22-1504x2048.jpg 1504w, https:\/\/finelife.tv\/fr\/wp-content\/uploads\/2024\/11\/img-src-22https-finelife.tvimage.jpg-alt-22Art-Basel-Paris-4-oeuvres-en-gris-have-youchecked-the-children-diego-marcon22-scaled.jpg 1880w\" sizes=\"auto, (max-width: 752px) 100vw, 752px\" \/><figcaption class=\"wp-element-caption\">Diego Marcon Have you checked the children installation 2023<\/figcaption><\/figure>\n<\/div>\n\n<div class=\"wp-block-image\">\n<figure class=\"aligncenter size-large\"><img loading=\"lazy\" decoding=\"async\" width=\"535\" height=\"1024\" src=\"https:\/\/finelife.tv\/fr\/wp-content\/uploads\/2024\/11\/img-src-22https-finelife.tvimage.jpg-alt-22Art-Basel-Paris-4-oeuvres-en-gris-have-you-checked-the-children-detail-diego-marcon22-535x1024.jpg\" alt=\"\" class=\"wp-image-20985\" srcset=\"https:\/\/finelife.tv\/fr\/wp-content\/uploads\/2024\/11\/img-src-22https-finelife.tvimage.jpg-alt-22Art-Basel-Paris-4-oeuvres-en-gris-have-you-checked-the-children-detail-diego-marcon22-535x1024.jpg 535w, https:\/\/finelife.tv\/fr\/wp-content\/uploads\/2024\/11\/img-src-22https-finelife.tvimage.jpg-alt-22Art-Basel-Paris-4-oeuvres-en-gris-have-you-checked-the-children-detail-diego-marcon22-157x300.jpg 157w, https:\/\/finelife.tv\/fr\/wp-content\/uploads\/2024\/11\/img-src-22https-finelife.tvimage.jpg-alt-22Art-Basel-Paris-4-oeuvres-en-gris-have-you-checked-the-children-detail-diego-marcon22-768x1471.jpg 768w, https:\/\/finelife.tv\/fr\/wp-content\/uploads\/2024\/11\/img-src-22https-finelife.tvimage.jpg-alt-22Art-Basel-Paris-4-oeuvres-en-gris-have-you-checked-the-children-detail-diego-marcon22-802x1536.jpg 802w, https:\/\/finelife.tv\/fr\/wp-content\/uploads\/2024\/11\/img-src-22https-finelife.tvimage.jpg-alt-22Art-Basel-Paris-4-oeuvres-en-gris-have-you-checked-the-children-detail-diego-marcon22-1069x2048.jpg 1069w, https:\/\/finelife.tv\/fr\/wp-content\/uploads\/2024\/11\/img-src-22https-finelife.tvimage.jpg-alt-22Art-Basel-Paris-4-oeuvres-en-gris-have-you-checked-the-children-detail-diego-marcon22-scaled.jpg 1336w\" sizes=\"auto, (max-width: 535px) 100vw, 535px\" \/><figcaption class=\"wp-element-caption\">Diego Marcon Have you checked the children d\u00e9tail<\/figcaption><\/figure>\n<\/div>\n\n\n<p>C&rsquo;est un orchestre d&rsquo;enfants gris qu&rsquo;expose la galerie Sadie Cole. \u00ab\u00a0Have you checked the children\u00a0\u00bb est une \u0153uvre de l&rsquo;artiste italien <strong>Diego Marcon<\/strong> connu pour ses films et ses sculptures qui interrogent \u00ab\u00a0la relation tendue entre la r\u00e9alit\u00e9 et la repr\u00e9sentation (&#8230;.) o\u00f9 l&#8217;empathie et la vuln\u00e9rabilit\u00e9 sont d\u00e9ploy\u00e9es avec une ambigu\u00eft\u00e9 intentionnelle\u00a0\u00bb. Le c\u00f4t\u00e9 d\u00e9stabilisant de l&rsquo;installation est renforc\u00e9 par la proximit\u00e9 de la vid\u00e9o \u00ab\u00a0Life is better when I &lsquo;m evil\u00a0\u00bb de Martine Syms par ailleurs expos\u00e9e au centre d\u2019art parisien Lafayette Anticipations.<\/p>\n\n\n\n<p><strong><a href=\"https:\/\/www.sadiecoles.com\/\">Galerie Sadie Cole<\/a><\/strong><\/p>\n\n\n\n<h2 class=\"wp-block-heading has-text-align-center\">Ange et mari\u00e9e<\/h2>\n\n\n<div class=\"wp-block-image\">\n<figure class=\"aligncenter size-large\"><img loading=\"lazy\" decoding=\"async\" width=\"768\" height=\"1024\" src=\"https:\/\/finelife.tv\/fr\/wp-content\/uploads\/2024\/11\/img-src-22https-finelife.tvimage.jpg-alt-22Art-Basel-Paris-4-oeuvres-en-gris-hans-op-de-beeck-ange22-768x1024.jpg\" alt=\"\" class=\"wp-image-20983\" srcset=\"https:\/\/finelife.tv\/fr\/wp-content\/uploads\/2024\/11\/img-src-22https-finelife.tvimage.jpg-alt-22Art-Basel-Paris-4-oeuvres-en-gris-hans-op-de-beeck-ange22-768x1024.jpg 768w, https:\/\/finelife.tv\/fr\/wp-content\/uploads\/2024\/11\/img-src-22https-finelife.tvimage.jpg-alt-22Art-Basel-Paris-4-oeuvres-en-gris-hans-op-de-beeck-ange22-225x300.jpg 225w, https:\/\/finelife.tv\/fr\/wp-content\/uploads\/2024\/11\/img-src-22https-finelife.tvimage.jpg-alt-22Art-Basel-Paris-4-oeuvres-en-gris-hans-op-de-beeck-ange22-1152x1536.jpg 1152w, https:\/\/finelife.tv\/fr\/wp-content\/uploads\/2024\/11\/img-src-22https-finelife.tvimage.jpg-alt-22Art-Basel-Paris-4-oeuvres-en-gris-hans-op-de-beeck-ange22-1536x2048.jpg 1536w, https:\/\/finelife.tv\/fr\/wp-content\/uploads\/2024\/11\/img-src-22https-finelife.tvimage.jpg-alt-22Art-Basel-Paris-4-oeuvres-en-gris-hans-op-de-beeck-ange22-scaled.jpg 1920w\" sizes=\"auto, (max-width: 768px) 100vw, 768px\" \/><figcaption class=\"wp-element-caption\">Hans Op de Beeck Zhai-Liza (angel) 2024<\/figcaption><\/figure>\n<\/div>\n\n\n<p>Sculpture toujours avec <strong>Hans Op de Beeck<\/strong>. En 2023 l&rsquo;artiste belge pr\u00e9sentait un man\u00e8ge dans la veine des danses macabres qui se jouent de la peste. Presque un oxymore artistique car le man\u00e8ge est g\u00e9n\u00e9ralement li\u00e9 \u00e0 l\u2019enfance donc symboliquement \u00e0 la vie. Sur le stand de la galerie Templon il propose le tr\u00e8s impactant petit ange d\u00e9sabus\u00e9 Zhai-Liza. Encore une r\u00e9f\u00e9rence \u00e0 l&rsquo;enfance, encore du gris, encore une perplexit\u00e9 qui interroge le monde \u00e0 travers des repr\u00e9sentations sensibles.<\/p>\n\n\n\n<p><strong>\u00c0 noter <\/strong>: la Galerie Templon accueille jusqu&rsquo;au 21 d\u00e9cembre \u00ab Whispered Tales \u00bb sa toute premi\u00e8re exposition de l\u2019artiste : un ensemble immersif d\u00e9ploy\u00e9 sur les 500 m\u00e8tres carr\u00e9s de l\u2019espace New Yorkais.<\/p>\n\n\n\n<p><strong><a href=\"https:\/\/www.templon.com\/fr\/\">Galerie Templon<\/a><\/strong><\/p>\n\n\n<div class=\"wp-block-image\">\n<figure class=\"aligncenter size-large\"><img loading=\"lazy\" decoding=\"async\" width=\"768\" height=\"1024\" src=\"https:\/\/finelife.tv\/fr\/wp-content\/uploads\/2024\/11\/img-src-22https-finelife.tvimage.jpg-alt-22Art-Basel-Paris-4-oeuvres-en-gris-mariee-niki-saint-phalle22-768x1024.jpg\" alt=\"\" class=\"wp-image-20986\" srcset=\"https:\/\/finelife.tv\/fr\/wp-content\/uploads\/2024\/11\/img-src-22https-finelife.tvimage.jpg-alt-22Art-Basel-Paris-4-oeuvres-en-gris-mariee-niki-saint-phalle22-768x1024.jpg 768w, https:\/\/finelife.tv\/fr\/wp-content\/uploads\/2024\/11\/img-src-22https-finelife.tvimage.jpg-alt-22Art-Basel-Paris-4-oeuvres-en-gris-mariee-niki-saint-phalle22-225x300.jpg 225w, https:\/\/finelife.tv\/fr\/wp-content\/uploads\/2024\/11\/img-src-22https-finelife.tvimage.jpg-alt-22Art-Basel-Paris-4-oeuvres-en-gris-mariee-niki-saint-phalle22-1152x1536.jpg 1152w, https:\/\/finelife.tv\/fr\/wp-content\/uploads\/2024\/11\/img-src-22https-finelife.tvimage.jpg-alt-22Art-Basel-Paris-4-oeuvres-en-gris-mariee-niki-saint-phalle22-1536x2048.jpg 1536w, https:\/\/finelife.tv\/fr\/wp-content\/uploads\/2024\/11\/img-src-22https-finelife.tvimage.jpg-alt-22Art-Basel-Paris-4-oeuvres-en-gris-mariee-niki-saint-phalle22-scaled.jpg 1920w\" sizes=\"auto, (max-width: 768px) 100vw, 768px\" \/><\/figure>\n<\/div>\n\n\n<p>Enfin une mari\u00e9 \u00ab\u00a0mati\u00e8res\u00a0\u00bb de <strong>Niki de Saint-Phalle<\/strong> qui semble en d\u00e9grad\u00e9s de gris. \u00ab\u00a0Entre 1963 et 1964 Niki de Saint Phalle cr\u00e9e une s\u00e9rie d&rsquo;\u0153uvres qui fustigent les diff\u00e9rents statuts assign\u00e9s \u00e0 la femme : \u00e9pouse, g\u00e9nitrice, d\u00e9voreuse d&rsquo;enfants, putain ou sorci\u00e8re. Grande poup\u00e9e triste v\u00eatue d&rsquo;une robe d&rsquo;apparat,<em> La Mari\u00e9e<\/em>, un bouquet au bras, semble porter le fardeau de son devoir en poussant un cri de d\u00e9sespoir\u00a0\u00bb r\u00e9sume le Centre Pompidou.<\/p>\n\n\n\n<p><strong><a href=\"https:\/\/www.galerie-vallois.com\/\">Galerie Vallois<\/a><\/strong><\/p>\n\n\n\n<p>Photo principale Hans Op de Beeck Ange <\/p>\n\n\n\n<h2 class=\"wp-block-heading\">Related article <strong>Art Basel Paris 4 \u0153uvres en gris<\/strong><\/h2>\n\n\n\n<p><strong><a href=\"https:\/\/finelife.tv\/fr\/2023\/10\/22\/paris-par-art-basel-5-oeuvres-spectaculaires\/\">Art Paris Art Basel cinq \u0153uvres spectaculaires<\/a><\/strong><\/p>\n\n\n\n<p><strong><a href=\"https:\/\/finelife.tv\/fr\/2024\/11\/18\/art-antoine-roegiers-entre-flammes-et-fanfare\/\">Art Antoine Roegiers entre flammes et fanfare<\/a><\/strong><\/p>\n\n\n\n<p><strong><a href=\"https:\/\/finelife.tv\/fr\/2025\/11\/15\/expo-saint-phalle-x-tinguely-des-experimentations-folles\/\">Expo Saint Phalle X Tinguely des exp\u00e9rimentations folles<\/a><\/strong><\/p>\n","protected":false},"excerpt":{"rendered":"<p>Art Basel Paris 4 \u0153uvres en gris. Focus sur des r\u00e9cits singuliers avec Nina Beier et ses \u00e9l\u00e9phants -toboggans, Diego Marcon et sa fanfare d&rsquo;enfants \u00e0 v\u00e9rifier, Hans Op de Beeck et son petit ange d\u00e9sabus\u00e9, et enfin une mari\u00e9e mati\u00e8res de Niki de Saint-Phalle<\/p>\n","protected":false},"author":1,"featured_media":0,"comment_status":"open","ping_status":"open","sticky":false,"template":"","format":"standard","meta":{"footnotes":""},"categories":[4],"tags":[22,5106,448,5107,5112,4200,5110,5111,5113,5080,5109],"class_list":["post-20967","post","type-post","status-publish","format-standard","hentry","category-blog","tag-art","tag-art-basel-paris","tag-art-contemporain","tag-arte-povera","tag-diego-marcon","tag-galeries","tag-hans-op-de-beeck","tag-niki-saint-phalle","tag-nina-beier","tag-surrealisme-2","tag-templon"],"yoast_head":"<!-- This site is optimized with the Yoast SEO plugin v27.5 - https:\/\/yoast.com\/product\/yoast-seo-wordpress\/ -->\n<title>Art Basel Paris 4 \u0153uvres en gris - FineLife.tv<\/title>\n<meta name=\"description\" content=\"Art Basel Paris 4 \u0153uvres en gris. Focus sur des r\u00e9cits singuliers des \u00e9l\u00e9phants-toboggans de Nina Beier \u00e0 l&#039;ange d\u00e9sabus\u00e9 de Hans Op de Beeck\" \/>\n<meta name=\"robots\" content=\"index, follow, max-snippet:-1, max-image-preview:large, max-video-preview:-1\" \/>\n<link rel=\"canonical\" href=\"https:\/\/finelife.tv\/fr\/2024\/11\/22\/art-basel-paris-4-oeuvres-en-gris\/\" \/>\n<meta property=\"og:locale\" content=\"fr_FR\" \/>\n<meta property=\"og:type\" content=\"article\" \/>\n<meta property=\"og:title\" content=\"Art Basel Paris 4 \u0153uvres en gris - FineLife.tv\" \/>\n<meta property=\"og:description\" content=\"Art Basel Paris 4 \u0153uvres en gris. Focus sur des r\u00e9cits singuliers des \u00e9l\u00e9phants-toboggans de Nina Beier \u00e0 l&#039;ange d\u00e9sabus\u00e9 de Hans Op de Beeck\" \/>\n<meta property=\"og:url\" content=\"https:\/\/finelife.tv\/fr\/2024\/11\/22\/art-basel-paris-4-oeuvres-en-gris\/\" \/>\n<meta property=\"og:site_name\" content=\"FineLife.tv\" \/>\n<meta property=\"article:published_time\" content=\"2024-11-22T10:30:46+00:00\" \/>\n<meta property=\"article:modified_time\" content=\"2025-11-15T19:04:50+00:00\" \/>\n<meta property=\"og:image\" content=\"https:\/\/finelife.tv\/fr\/wp-content\/uploads\/2024\/11\/img-src-22https-finelife.tvimage.jpg-alt-22Art-Basel-Paris-4-oeuvres-en-gris22-scaled.jpg\" \/>\n\t<meta property=\"og:image:width\" content=\"1919\" \/>\n\t<meta property=\"og:image:height\" content=\"2560\" \/>\n\t<meta property=\"og:image:type\" content=\"image\/jpeg\" \/>\n<meta name=\"author\" content=\"Leonore\" \/>\n<meta name=\"twitter:card\" content=\"summary_large_image\" \/>\n<meta name=\"twitter:creator\" content=\"@finelifetv\" \/>\n<meta name=\"twitter:site\" content=\"@finelifetv\" \/>\n<meta name=\"twitter:label1\" content=\"\u00c9crit par\" \/>\n\t<meta name=\"twitter:data1\" content=\"Leonore\" \/>\n\t<meta name=\"twitter:label2\" content=\"Dur\u00e9e de lecture estim\u00e9e\" \/>\n\t<meta name=\"twitter:data2\" content=\"6 minutes\" \/>\n<script type=\"application\/ld+json\" class=\"yoast-schema-graph\">{\"@context\":\"https:\\\/\\\/schema.org\",\"@graph\":[{\"@type\":\"Article\",\"@id\":\"https:\\\/\\\/finelife.tv\\\/fr\\\/2024\\\/11\\\/22\\\/art-basel-paris-4-oeuvres-en-gris\\\/#article\",\"isPartOf\":{\"@id\":\"https:\\\/\\\/finelife.tv\\\/fr\\\/2024\\\/11\\\/22\\\/art-basel-paris-4-oeuvres-en-gris\\\/\"},\"author\":{\"name\":\"Leonore\",\"@id\":\"https:\\\/\\\/finelife.tv\\\/fr\\\/#\\\/schema\\\/person\\\/e3d980b0c0b3dc5af01c3455893c8c52\"},\"headline\":\"Art Basel Paris 4 \u0153uvres en gris\",\"datePublished\":\"2024-11-22T10:30:46+00:00\",\"dateModified\":\"2025-11-15T19:04:50+00:00\",\"mainEntityOfPage\":{\"@id\":\"https:\\\/\\\/finelife.tv\\\/fr\\\/2024\\\/11\\\/22\\\/art-basel-paris-4-oeuvres-en-gris\\\/\"},\"wordCount\":924,\"commentCount\":2,\"image\":{\"@id\":\"https:\\\/\\\/finelife.tv\\\/fr\\\/2024\\\/11\\\/22\\\/art-basel-paris-4-oeuvres-en-gris\\\/#primaryimage\"},\"thumbnailUrl\":\"https:\\\/\\\/finelife.tv\\\/fr\\\/wp-content\\\/uploads\\\/2024\\\/11\\\/img-src-22https-finelife.tvimage.jpg-alt-22Art-Basel-Paris-4-oeuvres-en-gris22-768x1024.jpg\",\"keywords\":[\"art\",\"art basel paris\",\"art contemporain\",\"arte povera\",\"diego marcon\",\"galeries\",\"hans op de beeck\",\"niki saint phalle\",\"nina beier\",\"surrealisme\",\"templon\"],\"articleSection\":[\"Blog\"],\"inLanguage\":\"fr-FR\",\"potentialAction\":[{\"@type\":\"CommentAction\",\"name\":\"Comment\",\"target\":[\"https:\\\/\\\/finelife.tv\\\/fr\\\/2024\\\/11\\\/22\\\/art-basel-paris-4-oeuvres-en-gris\\\/#respond\"]}]},{\"@type\":\"WebPage\",\"@id\":\"https:\\\/\\\/finelife.tv\\\/fr\\\/2024\\\/11\\\/22\\\/art-basel-paris-4-oeuvres-en-gris\\\/\",\"url\":\"https:\\\/\\\/finelife.tv\\\/fr\\\/2024\\\/11\\\/22\\\/art-basel-paris-4-oeuvres-en-gris\\\/\",\"name\":\"Art Basel Paris 4 \u0153uvres en gris - FineLife.tv\",\"isPartOf\":{\"@id\":\"https:\\\/\\\/finelife.tv\\\/fr\\\/#website\"},\"primaryImageOfPage\":{\"@id\":\"https:\\\/\\\/finelife.tv\\\/fr\\\/2024\\\/11\\\/22\\\/art-basel-paris-4-oeuvres-en-gris\\\/#primaryimage\"},\"image\":{\"@id\":\"https:\\\/\\\/finelife.tv\\\/fr\\\/2024\\\/11\\\/22\\\/art-basel-paris-4-oeuvres-en-gris\\\/#primaryimage\"},\"thumbnailUrl\":\"https:\\\/\\\/finelife.tv\\\/fr\\\/wp-content\\\/uploads\\\/2024\\\/11\\\/img-src-22https-finelife.tvimage.jpg-alt-22Art-Basel-Paris-4-oeuvres-en-gris22-768x1024.jpg\",\"datePublished\":\"2024-11-22T10:30:46+00:00\",\"dateModified\":\"2025-11-15T19:04:50+00:00\",\"author\":{\"@id\":\"https:\\\/\\\/finelife.tv\\\/fr\\\/#\\\/schema\\\/person\\\/e3d980b0c0b3dc5af01c3455893c8c52\"},\"description\":\"Art Basel Paris 4 \u0153uvres en gris. Focus sur des r\u00e9cits singuliers des \u00e9l\u00e9phants-toboggans de Nina Beier \u00e0 l'ange d\u00e9sabus\u00e9 de Hans Op de Beeck\",\"breadcrumb\":{\"@id\":\"https:\\\/\\\/finelife.tv\\\/fr\\\/2024\\\/11\\\/22\\\/art-basel-paris-4-oeuvres-en-gris\\\/#breadcrumb\"},\"inLanguage\":\"fr-FR\",\"potentialAction\":[{\"@type\":\"ReadAction\",\"target\":[\"https:\\\/\\\/finelife.tv\\\/fr\\\/2024\\\/11\\\/22\\\/art-basel-paris-4-oeuvres-en-gris\\\/\"]}]},{\"@type\":\"ImageObject\",\"inLanguage\":\"fr-FR\",\"@id\":\"https:\\\/\\\/finelife.tv\\\/fr\\\/2024\\\/11\\\/22\\\/art-basel-paris-4-oeuvres-en-gris\\\/#primaryimage\",\"url\":\"https:\\\/\\\/finelife.tv\\\/fr\\\/wp-content\\\/uploads\\\/2024\\\/11\\\/img-src-22https-finelife.tvimage.jpg-alt-22Art-Basel-Paris-4-oeuvres-en-gris22-scaled.jpg\",\"contentUrl\":\"https:\\\/\\\/finelife.tv\\\/fr\\\/wp-content\\\/uploads\\\/2024\\\/11\\\/img-src-22https-finelife.tvimage.jpg-alt-22Art-Basel-Paris-4-oeuvres-en-gris22-scaled.jpg\",\"width\":1919,\"height\":2560},{\"@type\":\"BreadcrumbList\",\"@id\":\"https:\\\/\\\/finelife.tv\\\/fr\\\/2024\\\/11\\\/22\\\/art-basel-paris-4-oeuvres-en-gris\\\/#breadcrumb\",\"itemListElement\":[{\"@type\":\"ListItem\",\"position\":1,\"name\":\"Accueil\",\"item\":\"https:\\\/\\\/finelife.tv\\\/fr\\\/\"},{\"@type\":\"ListItem\",\"position\":2,\"name\":\"Art Basel Paris 4 \u0153uvres en gris\"}]},{\"@type\":\"WebSite\",\"@id\":\"https:\\\/\\\/finelife.tv\\\/fr\\\/#website\",\"url\":\"https:\\\/\\\/finelife.tv\\\/fr\\\/\",\"name\":\"FineLife.tv\",\"description\":\"Quand l&#039;Art de vivre croise l&#039;Art de penser\",\"potentialAction\":[{\"@type\":\"SearchAction\",\"target\":{\"@type\":\"EntryPoint\",\"urlTemplate\":\"https:\\\/\\\/finelife.tv\\\/fr\\\/?s={search_term_string}\"},\"query-input\":{\"@type\":\"PropertyValueSpecification\",\"valueRequired\":true,\"valueName\":\"search_term_string\"}}],\"inLanguage\":\"fr-FR\"},{\"@type\":\"Person\",\"@id\":\"https:\\\/\\\/finelife.tv\\\/fr\\\/#\\\/schema\\\/person\\\/e3d980b0c0b3dc5af01c3455893c8c52\",\"name\":\"Leonore\",\"image\":{\"@type\":\"ImageObject\",\"inLanguage\":\"fr-FR\",\"@id\":\"https:\\\/\\\/secure.gravatar.com\\\/avatar\\\/9a2e5073417479f910ffdeee54da5ccf4f91eab62746ce0ae0e81124a9491a79?s=96&d=mm&r=g\",\"url\":\"https:\\\/\\\/secure.gravatar.com\\\/avatar\\\/9a2e5073417479f910ffdeee54da5ccf4f91eab62746ce0ae0e81124a9491a79?s=96&d=mm&r=g\",\"contentUrl\":\"https:\\\/\\\/secure.gravatar.com\\\/avatar\\\/9a2e5073417479f910ffdeee54da5ccf4f91eab62746ce0ae0e81124a9491a79?s=96&d=mm&r=g\",\"caption\":\"Leonore\"}}]}<\/script>\n<!-- \/ Yoast SEO plugin. -->","yoast_head_json":{"title":"Art Basel Paris 4 \u0153uvres en gris - FineLife.tv","description":"Art Basel Paris 4 \u0153uvres en gris. Focus sur des r\u00e9cits singuliers des \u00e9l\u00e9phants-toboggans de Nina Beier \u00e0 l'ange d\u00e9sabus\u00e9 de Hans Op de Beeck","robots":{"index":"index","follow":"follow","max-snippet":"max-snippet:-1","max-image-preview":"max-image-preview:large","max-video-preview":"max-video-preview:-1"},"canonical":"https:\/\/finelife.tv\/fr\/2024\/11\/22\/art-basel-paris-4-oeuvres-en-gris\/","og_locale":"fr_FR","og_type":"article","og_title":"Art Basel Paris 4 \u0153uvres en gris - FineLife.tv","og_description":"Art Basel Paris 4 \u0153uvres en gris. Focus sur des r\u00e9cits singuliers des \u00e9l\u00e9phants-toboggans de Nina Beier \u00e0 l'ange d\u00e9sabus\u00e9 de Hans Op de Beeck","og_url":"https:\/\/finelife.tv\/fr\/2024\/11\/22\/art-basel-paris-4-oeuvres-en-gris\/","og_site_name":"FineLife.tv","article_published_time":"2024-11-22T10:30:46+00:00","article_modified_time":"2025-11-15T19:04:50+00:00","og_image":[{"width":1919,"height":2560,"url":"https:\/\/finelife.tv\/fr\/wp-content\/uploads\/2024\/11\/img-src-22https-finelife.tvimage.jpg-alt-22Art-Basel-Paris-4-oeuvres-en-gris22-scaled.jpg","type":"image\/jpeg"}],"author":"Leonore","twitter_card":"summary_large_image","twitter_creator":"@finelifetv","twitter_site":"@finelifetv","twitter_misc":{"\u00c9crit par":"Leonore","Dur\u00e9e de lecture estim\u00e9e":"6 minutes"},"schema":{"@context":"https:\/\/schema.org","@graph":[{"@type":"Article","@id":"https:\/\/finelife.tv\/fr\/2024\/11\/22\/art-basel-paris-4-oeuvres-en-gris\/#article","isPartOf":{"@id":"https:\/\/finelife.tv\/fr\/2024\/11\/22\/art-basel-paris-4-oeuvres-en-gris\/"},"author":{"name":"Leonore","@id":"https:\/\/finelife.tv\/fr\/#\/schema\/person\/e3d980b0c0b3dc5af01c3455893c8c52"},"headline":"Art Basel Paris 4 \u0153uvres en gris","datePublished":"2024-11-22T10:30:46+00:00","dateModified":"2025-11-15T19:04:50+00:00","mainEntityOfPage":{"@id":"https:\/\/finelife.tv\/fr\/2024\/11\/22\/art-basel-paris-4-oeuvres-en-gris\/"},"wordCount":924,"commentCount":2,"image":{"@id":"https:\/\/finelife.tv\/fr\/2024\/11\/22\/art-basel-paris-4-oeuvres-en-gris\/#primaryimage"},"thumbnailUrl":"https:\/\/finelife.tv\/fr\/wp-content\/uploads\/2024\/11\/img-src-22https-finelife.tvimage.jpg-alt-22Art-Basel-Paris-4-oeuvres-en-gris22-768x1024.jpg","keywords":["art","art basel paris","art contemporain","arte povera","diego marcon","galeries","hans op de beeck","niki saint phalle","nina beier","surrealisme","templon"],"articleSection":["Blog"],"inLanguage":"fr-FR","potentialAction":[{"@type":"CommentAction","name":"Comment","target":["https:\/\/finelife.tv\/fr\/2024\/11\/22\/art-basel-paris-4-oeuvres-en-gris\/#respond"]}]},{"@type":"WebPage","@id":"https:\/\/finelife.tv\/fr\/2024\/11\/22\/art-basel-paris-4-oeuvres-en-gris\/","url":"https:\/\/finelife.tv\/fr\/2024\/11\/22\/art-basel-paris-4-oeuvres-en-gris\/","name":"Art Basel Paris 4 \u0153uvres en gris - FineLife.tv","isPartOf":{"@id":"https:\/\/finelife.tv\/fr\/#website"},"primaryImageOfPage":{"@id":"https:\/\/finelife.tv\/fr\/2024\/11\/22\/art-basel-paris-4-oeuvres-en-gris\/#primaryimage"},"image":{"@id":"https:\/\/finelife.tv\/fr\/2024\/11\/22\/art-basel-paris-4-oeuvres-en-gris\/#primaryimage"},"thumbnailUrl":"https:\/\/finelife.tv\/fr\/wp-content\/uploads\/2024\/11\/img-src-22https-finelife.tvimage.jpg-alt-22Art-Basel-Paris-4-oeuvres-en-gris22-768x1024.jpg","datePublished":"2024-11-22T10:30:46+00:00","dateModified":"2025-11-15T19:04:50+00:00","author":{"@id":"https:\/\/finelife.tv\/fr\/#\/schema\/person\/e3d980b0c0b3dc5af01c3455893c8c52"},"description":"Art Basel Paris 4 \u0153uvres en gris. Focus sur des r\u00e9cits singuliers des \u00e9l\u00e9phants-toboggans de Nina Beier \u00e0 l'ange d\u00e9sabus\u00e9 de Hans Op de Beeck","breadcrumb":{"@id":"https:\/\/finelife.tv\/fr\/2024\/11\/22\/art-basel-paris-4-oeuvres-en-gris\/#breadcrumb"},"inLanguage":"fr-FR","potentialAction":[{"@type":"ReadAction","target":["https:\/\/finelife.tv\/fr\/2024\/11\/22\/art-basel-paris-4-oeuvres-en-gris\/"]}]},{"@type":"ImageObject","inLanguage":"fr-FR","@id":"https:\/\/finelife.tv\/fr\/2024\/11\/22\/art-basel-paris-4-oeuvres-en-gris\/#primaryimage","url":"https:\/\/finelife.tv\/fr\/wp-content\/uploads\/2024\/11\/img-src-22https-finelife.tvimage.jpg-alt-22Art-Basel-Paris-4-oeuvres-en-gris22-scaled.jpg","contentUrl":"https:\/\/finelife.tv\/fr\/wp-content\/uploads\/2024\/11\/img-src-22https-finelife.tvimage.jpg-alt-22Art-Basel-Paris-4-oeuvres-en-gris22-scaled.jpg","width":1919,"height":2560},{"@type":"BreadcrumbList","@id":"https:\/\/finelife.tv\/fr\/2024\/11\/22\/art-basel-paris-4-oeuvres-en-gris\/#breadcrumb","itemListElement":[{"@type":"ListItem","position":1,"name":"Accueil","item":"https:\/\/finelife.tv\/fr\/"},{"@type":"ListItem","position":2,"name":"Art Basel Paris 4 \u0153uvres en gris"}]},{"@type":"WebSite","@id":"https:\/\/finelife.tv\/fr\/#website","url":"https:\/\/finelife.tv\/fr\/","name":"FineLife.tv","description":"Quand l&#039;Art de vivre croise l&#039;Art de penser","potentialAction":[{"@type":"SearchAction","target":{"@type":"EntryPoint","urlTemplate":"https:\/\/finelife.tv\/fr\/?s={search_term_string}"},"query-input":{"@type":"PropertyValueSpecification","valueRequired":true,"valueName":"search_term_string"}}],"inLanguage":"fr-FR"},{"@type":"Person","@id":"https:\/\/finelife.tv\/fr\/#\/schema\/person\/e3d980b0c0b3dc5af01c3455893c8c52","name":"Leonore","image":{"@type":"ImageObject","inLanguage":"fr-FR","@id":"https:\/\/secure.gravatar.com\/avatar\/9a2e5073417479f910ffdeee54da5ccf4f91eab62746ce0ae0e81124a9491a79?s=96&d=mm&r=g","url":"https:\/\/secure.gravatar.com\/avatar\/9a2e5073417479f910ffdeee54da5ccf4f91eab62746ce0ae0e81124a9491a79?s=96&d=mm&r=g","contentUrl":"https:\/\/secure.gravatar.com\/avatar\/9a2e5073417479f910ffdeee54da5ccf4f91eab62746ce0ae0e81124a9491a79?s=96&d=mm&r=g","caption":"Leonore"}}]}},"_links":{"self":[{"href":"https:\/\/finelife.tv\/fr\/wp-json\/wp\/v2\/posts\/20967","targetHints":{"allow":["GET"]}}],"collection":[{"href":"https:\/\/finelife.tv\/fr\/wp-json\/wp\/v2\/posts"}],"about":[{"href":"https:\/\/finelife.tv\/fr\/wp-json\/wp\/v2\/types\/post"}],"author":[{"embeddable":true,"href":"https:\/\/finelife.tv\/fr\/wp-json\/wp\/v2\/users\/1"}],"replies":[{"embeddable":true,"href":"https:\/\/finelife.tv\/fr\/wp-json\/wp\/v2\/comments?post=20967"}],"version-history":[{"count":29,"href":"https:\/\/finelife.tv\/fr\/wp-json\/wp\/v2\/posts\/20967\/revisions"}],"predecessor-version":[{"id":24874,"href":"https:\/\/finelife.tv\/fr\/wp-json\/wp\/v2\/posts\/20967\/revisions\/24874"}],"wp:attachment":[{"href":"https:\/\/finelife.tv\/fr\/wp-json\/wp\/v2\/media?parent=20967"}],"wp:term":[{"taxonomy":"category","embeddable":true,"href":"https:\/\/finelife.tv\/fr\/wp-json\/wp\/v2\/categories?post=20967"},{"taxonomy":"post_tag","embeddable":true,"href":"https:\/\/finelife.tv\/fr\/wp-json\/wp\/v2\/tags?post=20967"}],"curies":[{"name":"wp","href":"https:\/\/api.w.org\/{rel}","templated":true}]}}