{"id":21156,"date":"2024-12-07T14:47:57","date_gmt":"2024-12-07T13:47:57","guid":{"rendered":"https:\/\/finelife.tv\/fr\/?p=21156"},"modified":"2024-12-07T18:42:25","modified_gmt":"2024-12-07T17:42:25","slug":"expo-intime-au-mad","status":"publish","type":"post","link":"https:\/\/finelife.tv\/fr\/2024\/12\/07\/expo-intime-au-mad\/","title":{"rendered":"Expo intime au MAD"},"content":{"rendered":"<div class=\"wp-block-image\">\n<figure class=\"aligncenter size-full\"><img loading=\"lazy\" decoding=\"async\" width=\"749\" height=\"580\" src=\"https:\/\/finelife.tv\/fr\/wp-content\/uploads\/2024\/12\/img-src-22https-finelife.tvimage.jpg-alt-22Expo-intime-au-MAD22.jpg\" alt=\"\" class=\"wp-image-21168\" srcset=\"https:\/\/finelife.tv\/fr\/wp-content\/uploads\/2024\/12\/img-src-22https-finelife.tvimage.jpg-alt-22Expo-intime-au-MAD22.jpg 749w, https:\/\/finelife.tv\/fr\/wp-content\/uploads\/2024\/12\/img-src-22https-finelife.tvimage.jpg-alt-22Expo-intime-au-MAD22-300x232.jpg 300w\" sizes=\"auto, (max-width: 749px) 100vw, 749px\" \/><\/figure>\n<\/div>\n\n\n<p><strong>Expo intime au MAD<\/strong>.<strong> Des tableaux de Vuillard aux stories des r\u00e9seaux sociaux en passant par la chambre, la toilette ou encore les sex-toys, le mus\u00e9e des Arts d\u00e9coratifs tente de percer le myst\u00e8re d&rsquo;un cach\u00e9 d&rsquo;ailleurs essentiellement f\u00e9minin et \u00e9voque ses nouveaux d\u00e9fis.<\/strong><\/p>\n\n\n\n<p>Le clef d&rsquo;entr\u00e9e de l&rsquo;exposition est un trou de serrure g\u00e9ant et rose juste devant la Nef. D&#8217;embl\u00e9e l&rsquo;intime s&rsquo;attache-t-il au voyeurisme ? \u00c0 un espace coquin comme le tableau Le Verrou de Fragonard ? Les objets familiers r\u00e9v\u00e8lent-ils des myst\u00e8res comme chez Magritte, ses portes et ses serrures ? Des portes en voici chez le Danois Vilhem Hammersh\u00f8i et des fen\u00eatres aussi chez Paul Delvaux. Avec toujours des femmes \u00e0 proximit\u00e9. Comme confin\u00e9es.<\/p>\n\n\n<div class=\"wp-block-image\">\n<figure class=\"aligncenter size-large\"><img loading=\"lazy\" decoding=\"async\" width=\"768\" height=\"1024\" src=\"https:\/\/finelife.tv\/fr\/wp-content\/uploads\/2024\/12\/img-src-22https-finelife.tvimage.jpg-alt-22Expo-intime-au-MAD-tableau-Vilhem-Hammershoi22-768x1024.jpg\" alt=\"\" class=\"wp-image-21178\" srcset=\"https:\/\/finelife.tv\/fr\/wp-content\/uploads\/2024\/12\/img-src-22https-finelife.tvimage.jpg-alt-22Expo-intime-au-MAD-tableau-Vilhem-Hammershoi22-768x1024.jpg 768w, https:\/\/finelife.tv\/fr\/wp-content\/uploads\/2024\/12\/img-src-22https-finelife.tvimage.jpg-alt-22Expo-intime-au-MAD-tableau-Vilhem-Hammershoi22-225x300.jpg 225w, https:\/\/finelife.tv\/fr\/wp-content\/uploads\/2024\/12\/img-src-22https-finelife.tvimage.jpg-alt-22Expo-intime-au-MAD-tableau-Vilhem-Hammershoi22-1152x1536.jpg 1152w, https:\/\/finelife.tv\/fr\/wp-content\/uploads\/2024\/12\/img-src-22https-finelife.tvimage.jpg-alt-22Expo-intime-au-MAD-tableau-Vilhem-Hammershoi22-1536x2048.jpg 1536w, https:\/\/finelife.tv\/fr\/wp-content\/uploads\/2024\/12\/img-src-22https-finelife.tvimage.jpg-alt-22Expo-intime-au-MAD-tableau-Vilhem-Hammershoi22-scaled.jpg 1920w\" sizes=\"auto, (max-width: 768px) 100vw, 768px\" \/><figcaption class=\"wp-element-caption\">Vilhem Hammersh\u014di Interi\u00f8r, Strandgade 1906-1908<\/figcaption><\/figure>\n<\/div>\n\n\n<p>Au total 470 \u0153uvres, peintures et photographies, mais aussi objets d\u2019art d\u00e9coratifs, du quotidien et de design, suivent l&rsquo;\u00e9volution d&rsquo;un territoire priv\u00e9 objet de fantasme, de discrimination sociale, sexiste, mais aussi lieu de d\u00e9ploiement d&rsquo;imaginaires et de nouvelles appropriations. <\/p>\n\n\n\n<h2 class=\"wp-block-heading\">L&rsquo;intime enfermement<\/h2>\n\n\n<div class=\"wp-block-image\">\n<figure class=\"aligncenter size-large\"><img loading=\"lazy\" decoding=\"async\" width=\"833\" height=\"1024\" src=\"https:\/\/finelife.tv\/fr\/wp-content\/uploads\/2024\/12\/img-src-22https-finelife.tvimage.jpg-alt-22Expo-intime-au-MAD-photo-chambre-ado22-833x1024.jpg\" alt=\"\" class=\"wp-image-21171\" srcset=\"https:\/\/finelife.tv\/fr\/wp-content\/uploads\/2024\/12\/img-src-22https-finelife.tvimage.jpg-alt-22Expo-intime-au-MAD-photo-chambre-ado22-833x1024.jpg 833w, https:\/\/finelife.tv\/fr\/wp-content\/uploads\/2024\/12\/img-src-22https-finelife.tvimage.jpg-alt-22Expo-intime-au-MAD-photo-chambre-ado22-244x300.jpg 244w, https:\/\/finelife.tv\/fr\/wp-content\/uploads\/2024\/12\/img-src-22https-finelife.tvimage.jpg-alt-22Expo-intime-au-MAD-photo-chambre-ado22-768x944.jpg 768w, https:\/\/finelife.tv\/fr\/wp-content\/uploads\/2024\/12\/img-src-22https-finelife.tvimage.jpg-alt-22Expo-intime-au-MAD-photo-chambre-ado22-1250x1536.jpg 1250w, https:\/\/finelife.tv\/fr\/wp-content\/uploads\/2024\/12\/img-src-22https-finelife.tvimage.jpg-alt-22Expo-intime-au-MAD-photo-chambre-ado22-1667x2048.jpg 1667w\" sizes=\"auto, (max-width: 833px) 100vw, 833px\" \/><figcaption class=\"wp-element-caption\">Crouss Martine Locatelli 1999<\/figcaption><\/figure>\n<\/div>\n\n\n<p>\u00c0 l&rsquo;entr\u00e9e un tableau d&rsquo;\u00c9douard Vuillard montre les femmes dans leur \u00ab\u00a0int\u00e9rieur\u00a0\u00bb. Les robes, les chevelures se fondent parfois aux tapisseries. En dialogue un document de l&rsquo;Ina, \u00ab\u00a0Comment distraire la femme d&rsquo;int\u00e9rieur\u00a0\u00bb, rappelle comment les hommes \u00e0 travers la d\u00e9coration et ses objets ont construit et codifi\u00e9 la maitresse de maison. Plus tard, cet int\u00e9rieur se resserre sur la chambre \u00ab\u00a0interdite\u00a0\u00bb des ados cette fois-ci cocon de libert\u00e9. Plus tard encore ce priv\u00e9 est mis en sc\u00e8ne pour les \u00e9crans. Va-et-vient entre cach\u00e9-montr\u00e9, priv\u00e9-public.<\/p>\n\n\n\n<h2 class=\"wp-block-heading\">La chambre et ses d\u00e9bordements<\/h2>\n\n\n\n<p><\/p>\n\n\n\n<p>La chambre priv\u00e9e est une invention r\u00e9cente et un signe ext\u00e9rieur de classe. Un autre tableau de Vuillard repr\u00e9sente une jeune femme endormie dans son lit de fer forg\u00e9. C&rsquo;est le signe d&rsquo;un nouveau besoin n\u00e9 \u00e0 la fin du 19e si\u00e8cle : l&rsquo;intimit\u00e9 &#8230; et une \u00ab\u00a0chambre \u00e0 soi\u00a0\u00bb en est le symbole. L&rsquo;exposition \u00ab\u00a0L&rsquo;intime de la chambre aux r\u00e9seaux\u00a0\u00bb montre des lits de toutes sortes puis des photos o\u00f9 le lit perd sa fonction premi\u00e8re : dormir. On y travaille (Helena Rubinstein), on y peint (Frida Kalho), on y milite (John Lennon, Yoko Ono), on y cabotine (Ben, Salvador Dali) &#8230; Preuve donc que s&rsquo;afficher sur les r\u00e9seaux (ici les journaux) n&rsquo;est pas nouveau.<\/p>\n\n\n\n<h2 class=\"wp-block-heading\">Cocons design entre d\u00e9sir d&rsquo;isolement et de proximit\u00e9<\/h2>\n\n\n<div class=\"wp-block-image\">\n<figure class=\"aligncenter size-large\"><img loading=\"lazy\" decoding=\"async\" width=\"768\" height=\"1024\" src=\"https:\/\/finelife.tv\/fr\/wp-content\/uploads\/2024\/12\/img-src-22https-finelife.tvimage.jpg-alt-22Expo-intime-au-MAD-canapes22-768x1024.jpg\" alt=\"\" class=\"wp-image-21176\" srcset=\"https:\/\/finelife.tv\/fr\/wp-content\/uploads\/2024\/12\/img-src-22https-finelife.tvimage.jpg-alt-22Expo-intime-au-MAD-canapes22-768x1024.jpg 768w, https:\/\/finelife.tv\/fr\/wp-content\/uploads\/2024\/12\/img-src-22https-finelife.tvimage.jpg-alt-22Expo-intime-au-MAD-canapes22-225x300.jpg 225w, https:\/\/finelife.tv\/fr\/wp-content\/uploads\/2024\/12\/img-src-22https-finelife.tvimage.jpg-alt-22Expo-intime-au-MAD-canapes22-1152x1536.jpg 1152w, https:\/\/finelife.tv\/fr\/wp-content\/uploads\/2024\/12\/img-src-22https-finelife.tvimage.jpg-alt-22Expo-intime-au-MAD-canapes22-1536x2048.jpg 1536w, https:\/\/finelife.tv\/fr\/wp-content\/uploads\/2024\/12\/img-src-22https-finelife.tvimage.jpg-alt-22Expo-intime-au-MAD-canapes22-scaled.jpg 1920w\" sizes=\"auto, (max-width: 768px) 100vw, 768px\" \/><figcaption class=\"wp-element-caption\">Vue de la Nef<\/figcaption><\/figure>\n<\/div>\n\n\n<p>Dans la nef, 25 chefs d&rsquo;\u0153uvres du design du 20e si\u00e8cle. \u00ab\u00a0Des pi\u00e8ces comme la Womb Chair d&rsquo;Eero Saarinen t\u00e9moigne du repli protecteur des ann\u00e9es 1950- 1960. Tandis que des cr\u00e9ations de Superstudio, Archizoom ou de Memphis refl\u00e8tent le d\u00e9sir de rassemblement typique des ann\u00e9es 1960-1970\u00a0\u00bb estiment les commissaires Christine Marcel et Italo Rota r\u00e9cemment d\u00e9c\u00e9d\u00e9.<\/p>\n\n\n\n<h2 class=\"wp-block-heading\">Toilettes et toilette &#8211; l&rsquo;intime et le genre<\/h2>\n\n\n<div class=\"wp-block-image\">\n<figure class=\"aligncenter size-large\"><img loading=\"lazy\" decoding=\"async\" width=\"1006\" height=\"1024\" src=\"https:\/\/finelife.tv\/fr\/wp-content\/uploads\/2024\/12\/img-src-22https-finelife.tvimage.jpg-alt-22Expo-intime-au-MAD-baignoire22-1006x1024.jpg\" alt=\"\" class=\"wp-image-21170\" srcset=\"https:\/\/finelife.tv\/fr\/wp-content\/uploads\/2024\/12\/img-src-22https-finelife.tvimage.jpg-alt-22Expo-intime-au-MAD-baignoire22-1006x1024.jpg 1006w, https:\/\/finelife.tv\/fr\/wp-content\/uploads\/2024\/12\/img-src-22https-finelife.tvimage.jpg-alt-22Expo-intime-au-MAD-baignoire22-295x300.jpg 295w, https:\/\/finelife.tv\/fr\/wp-content\/uploads\/2024\/12\/img-src-22https-finelife.tvimage.jpg-alt-22Expo-intime-au-MAD-baignoire22-768x781.jpg 768w, https:\/\/finelife.tv\/fr\/wp-content\/uploads\/2024\/12\/img-src-22https-finelife.tvimage.jpg-alt-22Expo-intime-au-MAD-baignoire22-1510x1536.jpg 1510w, https:\/\/finelife.tv\/fr\/wp-content\/uploads\/2024\/12\/img-src-22https-finelife.tvimage.jpg-alt-22Expo-intime-au-MAD-baignoire22-2013x2048.jpg 2013w\" sizes=\"auto, (max-width: 1006px) 100vw, 1006px\" \/><\/figure>\n<\/div>\n\n\n<p>Autour de la chambre il y a la toilette et les toilettes. Une gravure grivoise montre une femme \u00ab\u00a0pissante\u00a0\u00bb debout. Puis moins scatologique, des urinoirs (bourdaloue, pot pour uriner en public dans les festivals), des chaises perc\u00e9es et des bidets dignes d&rsquo;un cabinet de curiosit\u00e9s. Notamment un bassin \u00e0 menstruation. Mais aussi des WC high tech.<\/p>\n\n\n<div class=\"wp-block-image\">\n<figure class=\"aligncenter size-large\"><img loading=\"lazy\" decoding=\"async\" width=\"798\" height=\"1024\" src=\"https:\/\/finelife.tv\/fr\/wp-content\/uploads\/2024\/12\/img-src-22https-finelife.tvimage.jpg-alt-22Expo-intime-au-MAD-gravure-femme-pissante22-798x1024.jpg\" alt=\"\" class=\"wp-image-21175\" srcset=\"https:\/\/finelife.tv\/fr\/wp-content\/uploads\/2024\/12\/img-src-22https-finelife.tvimage.jpg-alt-22Expo-intime-au-MAD-gravure-femme-pissante22-798x1024.jpg 798w, https:\/\/finelife.tv\/fr\/wp-content\/uploads\/2024\/12\/img-src-22https-finelife.tvimage.jpg-alt-22Expo-intime-au-MAD-gravure-femme-pissante22-234x300.jpg 234w, https:\/\/finelife.tv\/fr\/wp-content\/uploads\/2024\/12\/img-src-22https-finelife.tvimage.jpg-alt-22Expo-intime-au-MAD-gravure-femme-pissante22-768x985.jpg 768w, https:\/\/finelife.tv\/fr\/wp-content\/uploads\/2024\/12\/img-src-22https-finelife.tvimage.jpg-alt-22Expo-intime-au-MAD-gravure-femme-pissante22.jpg 892w\" sizes=\"auto, (max-width: 798px) 100vw, 798px\" \/><figcaption class=\"wp-element-caption\">Gravure Jean-Jacques Lequeu Ah elle s&rsquo;\u00e9coute 1779<\/figcaption><\/figure>\n<\/div>\n\n\n<p>La toilette est bien le domaine de l&rsquo;intime, le lieu de l&rsquo;hygi\u00e8ne et des m\u00e9tamorphoses \u00e0 travers l&rsquo;eau -r\u00e9habilit\u00e9e- les onguents et le maquillage. On croise la rare repr\u00e9sentation d&rsquo;une \u00ab\u00a0Femme assise sur le bord de sa baignoire\u00a0\u00bb sign\u00e9e Degas. Des miroirs \u00e0 foison. Des poudres aussi comme celle dont Sarah Bernhard faisait la publicit\u00e9 et des parfums iconiques. Le make up assure une version de soi magnifi\u00e9e, une identit\u00e9 travestie ou r\u00e9v\u00e9l\u00e9e. Dans une campagne de communication pour NYX, Bilal Hassani maquill\u00e9 et accessoiris\u00e9 conteste ainsi les photos d&rsquo;identit\u00e9 qui refl\u00e8tent les normes sociales.<\/p>\n\n\n\n<h2 class=\"wp-block-heading\">Les enjeux de l&rsquo;intime<\/h2>\n\n\n\n<p>Apr\u00e8s un d\u00e9tour par la litt\u00e9rature \u00e9rotique, l&rsquo;exposition \u00ab\u00a0L&rsquo;intime de la chambre aux r\u00e9seaux\u00a0\u00bb aborde la sexualit\u00e9, avec un impressionnant mur de sex-toys, et ses interdits comme notamment l&rsquo;homosexualit\u00e9 longtemps stigmatis\u00e9e.<\/p>\n\n\n\n<p>Ensuite place aux r\u00e9seaux sociaux et aux cr\u00e9ateurs de contenus qui, empruntant \u00e0 la t\u00e9l\u00e9 r\u00e9alit\u00e9, pulv\u00e9rise la fronti\u00e8re priv\u00e9 public et expose l&rsquo;intime. L&rsquo;int\u00e9rieur de soi est partag\u00e9 &#8211; souvent moyennant finances. Le journal intime, celui des pens\u00e9es du 19e si\u00e8cle devient blog, monnayable aussi. Les captures d&rsquo;\u00e9cran des publications Instagram des nouvelles stars des r\u00e9seaux sont affich\u00e9es. Lena Mahlouf en t\u00eate.<\/p>\n\n\n<div class=\"wp-block-image\">\n<figure class=\"aligncenter size-full\"><img loading=\"lazy\" decoding=\"async\" width=\"660\" height=\"999\" src=\"https:\/\/finelife.tv\/fr\/wp-content\/uploads\/2024\/12\/img-src-22https-finelife.tvimage.jpg-alt-22Expo-intime-au-MAD-bijou-anti-algorithmes22.jpg\" alt=\"\" class=\"wp-image-21169\" srcset=\"https:\/\/finelife.tv\/fr\/wp-content\/uploads\/2024\/12\/img-src-22https-finelife.tvimage.jpg-alt-22Expo-intime-au-MAD-bijou-anti-algorithmes22.jpg 660w, https:\/\/finelife.tv\/fr\/wp-content\/uploads\/2024\/12\/img-src-22https-finelife.tvimage.jpg-alt-22Expo-intime-au-MAD-bijou-anti-algorithmes22-198x300.jpg 198w\" sizes=\"auto, (max-width: 660px) 100vw, 660px\" \/><figcaption class=\"wp-element-caption\">Ewa Nowak Incognito<\/figcaption><\/figure>\n<\/div>\n\n\n<p>Quel est le degr\u00e9 de consentement \u00e0 une hyperconnexion qui efface l&rsquo;intime ? Quels sont les d\u00e9fis de l&rsquo;hyper transparence de la chambre connect\u00e9e \u00e0 la surveillance de masse ? La cr\u00e9atrice polonaise, Ewa Nowak propose un masque design haut-de-gamme capable de faire barrage aux algorithmes de reconnaissance faciale. Ce bijou est une sorte d&rsquo;arme et de parade. \u00c0 la fois revendication d&rsquo;invisibilit\u00e9, de pr\u00e9servation de l&rsquo;intime et protection anti-pistage.<\/p>\n\n\n<div class=\"wp-block-image\">\n<figure class=\"aligncenter size-large\"><img loading=\"lazy\" decoding=\"async\" width=\"768\" height=\"1024\" src=\"https:\/\/finelife.tv\/fr\/wp-content\/uploads\/2024\/12\/img-src-22https-finelife.tvimage.jpg-alt-22Expo-intime-au-MAD-lit-connecte22-768x1024.jpg\" alt=\"\" class=\"wp-image-21172\" srcset=\"https:\/\/finelife.tv\/fr\/wp-content\/uploads\/2024\/12\/img-src-22https-finelife.tvimage.jpg-alt-22Expo-intime-au-MAD-lit-connecte22-768x1024.jpg 768w, https:\/\/finelife.tv\/fr\/wp-content\/uploads\/2024\/12\/img-src-22https-finelife.tvimage.jpg-alt-22Expo-intime-au-MAD-lit-connecte22-225x300.jpg 225w, https:\/\/finelife.tv\/fr\/wp-content\/uploads\/2024\/12\/img-src-22https-finelife.tvimage.jpg-alt-22Expo-intime-au-MAD-lit-connecte22-1152x1536.jpg 1152w, https:\/\/finelife.tv\/fr\/wp-content\/uploads\/2024\/12\/img-src-22https-finelife.tvimage.jpg-alt-22Expo-intime-au-MAD-lit-connecte22-1536x2048.jpg 1536w, https:\/\/finelife.tv\/fr\/wp-content\/uploads\/2024\/12\/img-src-22https-finelife.tvimage.jpg-alt-22Expo-intime-au-MAD-lit-connecte22-scaled.jpg 1920w\" sizes=\"auto, (max-width: 768px) 100vw, 768px\" \/><figcaption class=\"wp-element-caption\">Chambre connect\u00e9e Soft Office Hella Jongerius le futur au travail MOMA 2001<\/figcaption><\/figure>\n<\/div>\n\n\n<p>Enfin, et c&rsquo;est peut-\u00eatre le plus frappant de cette exposition, l&rsquo;intime pr\u00e9caire. Une s\u00e9rie de photos sur les SDF expos\u00e9s dans l&rsquo;espace public sans possibilit\u00e9 de repli sur une quelconque sph\u00e8re intime. M\u00eame choses dans les prisons et leur promiscuit\u00e9. Kosuke Tsumura propose de son c\u00f4t\u00e9 Final Home 44-pocket parka. Cette veste de survie imagin\u00e9e en 1994 comme un abri ultime a \u00e9t\u00e9 donn\u00e9e \u00e0 plusieurs ONG.<\/p>\n\n\n\n<p>Photo principale Evan Baden Emily 2010<\/p>\n\n\n\n<h2 class=\"wp-block-heading has-text-align-center\">INFOS<\/h2>\n\n\n\n<p><\/p>\n\n\n\n<p><strong>Exposition l&rsquo;intime de la chambre aux r\u00e9seaux<\/strong><\/p>\n\n\n\n<p>Jusqu&rsquo;au 30 mars 2025<\/p>\n\n\n\n<p><strong><a href=\"https:\/\/madparis.fr\/\">Mus\u00e9e des Arts d\u00e9coratifs<\/a><br>107, rue de Rivoli<br>75001 Paris<\/strong><\/p>\n\n\n\n<p>Related article Expo intime au MAD \/ Expo intime au MAD<\/p>\n\n\n\n<p><strong><a href=\"https:\/\/finelife.tv\/fr\/2021\/11\/21\/ruban-intime-livre-les-secrets-des-dessous\/\">Ruban intime livre les secrets des dessous<\/a><\/strong><\/p>\n\n\n\n<p><strong>Les rubans de l\u2019intime expo entre corps et code<\/strong>s <a href=\"https:\/\/finelife.tv\/fr\/2021\/10\/27\/les-rubans-de-lintime-expo-entre-corps-et-codes\/\">https:\/\/finelife.tv\/fr\/2021\/10\/27\/les-rubans-de-lintime-expo-entre-corps-et-codes\/<\/a><\/p>\n","protected":false},"excerpt":{"rendered":"<p>L&rsquo;intime s&rsquo;expose au MAD. Des tableaux de Vuillard aux stories des r\u00e9seaux sociaux en passant par la chambre, la toilette ou encore les sex-toys, le mus\u00e9e des Arts d\u00e9coratifs tente de percer le myst\u00e8re d&rsquo;un cach\u00e9 d&rsquo;ailleurs essentiellement f\u00e9minin et \u00e9voque ses nouveaux d\u00e9fis<\/p>\n","protected":false},"author":1,"featured_media":0,"comment_status":"open","ping_status":"open","sticky":false,"template":"","format":"standard","meta":{"footnotes":""},"categories":[4],"tags":[22,219,4170,5135,2321],"class_list":["post-21156","post","type-post","status-publish","format-standard","hentry","category-blog","tag-art","tag-design","tag-exposition-mad","tag-intime","tag-musee-des-arts-decoratifs"],"yoast_head":"<!-- This site is optimized with the Yoast SEO plugin v27.5 - https:\/\/yoast.com\/product\/yoast-seo-wordpress\/ -->\n<title>Expo intime au MAD - FineLife.tv<\/title>\n<meta name=\"description\" content=\"Expo intime au MAD. Des tableaux de Vuillard aux stories des r\u00e9seaux sociaux le mus\u00e9e des Arts d\u00e9coratifs explore les secrets de l&#039;int\u00e9rieur\" \/>\n<meta name=\"robots\" content=\"index, follow, max-snippet:-1, max-image-preview:large, max-video-preview:-1\" \/>\n<link rel=\"canonical\" href=\"https:\/\/finelife.tv\/fr\/2024\/12\/07\/expo-intime-au-mad\/\" \/>\n<meta property=\"og:locale\" content=\"fr_FR\" \/>\n<meta property=\"og:type\" content=\"article\" \/>\n<meta property=\"og:title\" content=\"Expo intime au MAD - FineLife.tv\" \/>\n<meta property=\"og:description\" content=\"Expo intime au MAD. Des tableaux de Vuillard aux stories des r\u00e9seaux sociaux le mus\u00e9e des Arts d\u00e9coratifs explore les secrets de l&#039;int\u00e9rieur\" \/>\n<meta property=\"og:url\" content=\"https:\/\/finelife.tv\/fr\/2024\/12\/07\/expo-intime-au-mad\/\" \/>\n<meta property=\"og:site_name\" content=\"FineLife.tv\" \/>\n<meta property=\"article:published_time\" content=\"2024-12-07T13:47:57+00:00\" \/>\n<meta property=\"article:modified_time\" content=\"2024-12-07T17:42:25+00:00\" \/>\n<meta property=\"og:image\" content=\"https:\/\/finelife.tv\/fr\/wp-content\/uploads\/2024\/12\/img-src-22https-finelife.tvimage.jpg-alt-22Expo-intime-au-MAD22.jpg\" \/>\n\t<meta property=\"og:image:width\" content=\"749\" \/>\n\t<meta property=\"og:image:height\" content=\"580\" \/>\n\t<meta property=\"og:image:type\" content=\"image\/jpeg\" \/>\n<meta name=\"author\" content=\"Leonore\" \/>\n<meta name=\"twitter:card\" content=\"summary_large_image\" \/>\n<meta name=\"twitter:creator\" content=\"@finelifetv\" \/>\n<meta name=\"twitter:site\" content=\"@finelifetv\" \/>\n<meta name=\"twitter:label1\" content=\"\u00c9crit par\" \/>\n\t<meta name=\"twitter:data1\" content=\"Leonore\" \/>\n\t<meta name=\"twitter:label2\" content=\"Dur\u00e9e de lecture estim\u00e9e\" \/>\n\t<meta name=\"twitter:data2\" content=\"7 minutes\" \/>\n<script type=\"application\/ld+json\" class=\"yoast-schema-graph\">{\"@context\":\"https:\\\/\\\/schema.org\",\"@graph\":[{\"@type\":\"Article\",\"@id\":\"https:\\\/\\\/finelife.tv\\\/fr\\\/2024\\\/12\\\/07\\\/expo-intime-au-mad\\\/#article\",\"isPartOf\":{\"@id\":\"https:\\\/\\\/finelife.tv\\\/fr\\\/2024\\\/12\\\/07\\\/expo-intime-au-mad\\\/\"},\"author\":{\"name\":\"Leonore\",\"@id\":\"https:\\\/\\\/finelife.tv\\\/fr\\\/#\\\/schema\\\/person\\\/e3d980b0c0b3dc5af01c3455893c8c52\"},\"headline\":\"Expo intime au MAD\",\"datePublished\":\"2024-12-07T13:47:57+00:00\",\"dateModified\":\"2024-12-07T17:42:25+00:00\",\"mainEntityOfPage\":{\"@id\":\"https:\\\/\\\/finelife.tv\\\/fr\\\/2024\\\/12\\\/07\\\/expo-intime-au-mad\\\/\"},\"wordCount\":1032,\"commentCount\":2,\"image\":{\"@id\":\"https:\\\/\\\/finelife.tv\\\/fr\\\/2024\\\/12\\\/07\\\/expo-intime-au-mad\\\/#primaryimage\"},\"thumbnailUrl\":\"https:\\\/\\\/finelife.tv\\\/fr\\\/wp-content\\\/uploads\\\/2024\\\/12\\\/img-src-22https-finelife.tvimage.jpg-alt-22Expo-intime-au-MAD22.jpg\",\"keywords\":[\"art\",\"design\",\"exposition MAD\",\"intime\",\"musee des arts decoratifs\"],\"articleSection\":[\"Blog\"],\"inLanguage\":\"fr-FR\",\"potentialAction\":[{\"@type\":\"CommentAction\",\"name\":\"Comment\",\"target\":[\"https:\\\/\\\/finelife.tv\\\/fr\\\/2024\\\/12\\\/07\\\/expo-intime-au-mad\\\/#respond\"]}]},{\"@type\":\"WebPage\",\"@id\":\"https:\\\/\\\/finelife.tv\\\/fr\\\/2024\\\/12\\\/07\\\/expo-intime-au-mad\\\/\",\"url\":\"https:\\\/\\\/finelife.tv\\\/fr\\\/2024\\\/12\\\/07\\\/expo-intime-au-mad\\\/\",\"name\":\"Expo intime au MAD - FineLife.tv\",\"isPartOf\":{\"@id\":\"https:\\\/\\\/finelife.tv\\\/fr\\\/#website\"},\"primaryImageOfPage\":{\"@id\":\"https:\\\/\\\/finelife.tv\\\/fr\\\/2024\\\/12\\\/07\\\/expo-intime-au-mad\\\/#primaryimage\"},\"image\":{\"@id\":\"https:\\\/\\\/finelife.tv\\\/fr\\\/2024\\\/12\\\/07\\\/expo-intime-au-mad\\\/#primaryimage\"},\"thumbnailUrl\":\"https:\\\/\\\/finelife.tv\\\/fr\\\/wp-content\\\/uploads\\\/2024\\\/12\\\/img-src-22https-finelife.tvimage.jpg-alt-22Expo-intime-au-MAD22.jpg\",\"datePublished\":\"2024-12-07T13:47:57+00:00\",\"dateModified\":\"2024-12-07T17:42:25+00:00\",\"author\":{\"@id\":\"https:\\\/\\\/finelife.tv\\\/fr\\\/#\\\/schema\\\/person\\\/e3d980b0c0b3dc5af01c3455893c8c52\"},\"description\":\"Expo intime au MAD. Des tableaux de Vuillard aux stories des r\u00e9seaux sociaux le mus\u00e9e des Arts d\u00e9coratifs explore les secrets de l'int\u00e9rieur\",\"breadcrumb\":{\"@id\":\"https:\\\/\\\/finelife.tv\\\/fr\\\/2024\\\/12\\\/07\\\/expo-intime-au-mad\\\/#breadcrumb\"},\"inLanguage\":\"fr-FR\",\"potentialAction\":[{\"@type\":\"ReadAction\",\"target\":[\"https:\\\/\\\/finelife.tv\\\/fr\\\/2024\\\/12\\\/07\\\/expo-intime-au-mad\\\/\"]}]},{\"@type\":\"ImageObject\",\"inLanguage\":\"fr-FR\",\"@id\":\"https:\\\/\\\/finelife.tv\\\/fr\\\/2024\\\/12\\\/07\\\/expo-intime-au-mad\\\/#primaryimage\",\"url\":\"https:\\\/\\\/finelife.tv\\\/fr\\\/wp-content\\\/uploads\\\/2024\\\/12\\\/img-src-22https-finelife.tvimage.jpg-alt-22Expo-intime-au-MAD22.jpg\",\"contentUrl\":\"https:\\\/\\\/finelife.tv\\\/fr\\\/wp-content\\\/uploads\\\/2024\\\/12\\\/img-src-22https-finelife.tvimage.jpg-alt-22Expo-intime-au-MAD22.jpg\",\"width\":749,\"height\":580,\"caption\":\"Screenshot\"},{\"@type\":\"BreadcrumbList\",\"@id\":\"https:\\\/\\\/finelife.tv\\\/fr\\\/2024\\\/12\\\/07\\\/expo-intime-au-mad\\\/#breadcrumb\",\"itemListElement\":[{\"@type\":\"ListItem\",\"position\":1,\"name\":\"Accueil\",\"item\":\"https:\\\/\\\/finelife.tv\\\/fr\\\/\"},{\"@type\":\"ListItem\",\"position\":2,\"name\":\"Expo intime au MAD\"}]},{\"@type\":\"WebSite\",\"@id\":\"https:\\\/\\\/finelife.tv\\\/fr\\\/#website\",\"url\":\"https:\\\/\\\/finelife.tv\\\/fr\\\/\",\"name\":\"FineLife.tv\",\"description\":\"Quand l&#039;Art de vivre croise l&#039;Art de penser\",\"potentialAction\":[{\"@type\":\"SearchAction\",\"target\":{\"@type\":\"EntryPoint\",\"urlTemplate\":\"https:\\\/\\\/finelife.tv\\\/fr\\\/?s={search_term_string}\"},\"query-input\":{\"@type\":\"PropertyValueSpecification\",\"valueRequired\":true,\"valueName\":\"search_term_string\"}}],\"inLanguage\":\"fr-FR\"},{\"@type\":\"Person\",\"@id\":\"https:\\\/\\\/finelife.tv\\\/fr\\\/#\\\/schema\\\/person\\\/e3d980b0c0b3dc5af01c3455893c8c52\",\"name\":\"Leonore\",\"image\":{\"@type\":\"ImageObject\",\"inLanguage\":\"fr-FR\",\"@id\":\"https:\\\/\\\/secure.gravatar.com\\\/avatar\\\/9a2e5073417479f910ffdeee54da5ccf4f91eab62746ce0ae0e81124a9491a79?s=96&d=mm&r=g\",\"url\":\"https:\\\/\\\/secure.gravatar.com\\\/avatar\\\/9a2e5073417479f910ffdeee54da5ccf4f91eab62746ce0ae0e81124a9491a79?s=96&d=mm&r=g\",\"contentUrl\":\"https:\\\/\\\/secure.gravatar.com\\\/avatar\\\/9a2e5073417479f910ffdeee54da5ccf4f91eab62746ce0ae0e81124a9491a79?s=96&d=mm&r=g\",\"caption\":\"Leonore\"}}]}<\/script>\n<!-- \/ Yoast SEO plugin. -->","yoast_head_json":{"title":"Expo intime au MAD - FineLife.tv","description":"Expo intime au MAD. Des tableaux de Vuillard aux stories des r\u00e9seaux sociaux le mus\u00e9e des Arts d\u00e9coratifs explore les secrets de l'int\u00e9rieur","robots":{"index":"index","follow":"follow","max-snippet":"max-snippet:-1","max-image-preview":"max-image-preview:large","max-video-preview":"max-video-preview:-1"},"canonical":"https:\/\/finelife.tv\/fr\/2024\/12\/07\/expo-intime-au-mad\/","og_locale":"fr_FR","og_type":"article","og_title":"Expo intime au MAD - FineLife.tv","og_description":"Expo intime au MAD. Des tableaux de Vuillard aux stories des r\u00e9seaux sociaux le mus\u00e9e des Arts d\u00e9coratifs explore les secrets de l'int\u00e9rieur","og_url":"https:\/\/finelife.tv\/fr\/2024\/12\/07\/expo-intime-au-mad\/","og_site_name":"FineLife.tv","article_published_time":"2024-12-07T13:47:57+00:00","article_modified_time":"2024-12-07T17:42:25+00:00","og_image":[{"width":749,"height":580,"url":"https:\/\/finelife.tv\/fr\/wp-content\/uploads\/2024\/12\/img-src-22https-finelife.tvimage.jpg-alt-22Expo-intime-au-MAD22.jpg","type":"image\/jpeg"}],"author":"Leonore","twitter_card":"summary_large_image","twitter_creator":"@finelifetv","twitter_site":"@finelifetv","twitter_misc":{"\u00c9crit par":"Leonore","Dur\u00e9e de lecture estim\u00e9e":"7 minutes"},"schema":{"@context":"https:\/\/schema.org","@graph":[{"@type":"Article","@id":"https:\/\/finelife.tv\/fr\/2024\/12\/07\/expo-intime-au-mad\/#article","isPartOf":{"@id":"https:\/\/finelife.tv\/fr\/2024\/12\/07\/expo-intime-au-mad\/"},"author":{"name":"Leonore","@id":"https:\/\/finelife.tv\/fr\/#\/schema\/person\/e3d980b0c0b3dc5af01c3455893c8c52"},"headline":"Expo intime au MAD","datePublished":"2024-12-07T13:47:57+00:00","dateModified":"2024-12-07T17:42:25+00:00","mainEntityOfPage":{"@id":"https:\/\/finelife.tv\/fr\/2024\/12\/07\/expo-intime-au-mad\/"},"wordCount":1032,"commentCount":2,"image":{"@id":"https:\/\/finelife.tv\/fr\/2024\/12\/07\/expo-intime-au-mad\/#primaryimage"},"thumbnailUrl":"https:\/\/finelife.tv\/fr\/wp-content\/uploads\/2024\/12\/img-src-22https-finelife.tvimage.jpg-alt-22Expo-intime-au-MAD22.jpg","keywords":["art","design","exposition MAD","intime","musee des arts decoratifs"],"articleSection":["Blog"],"inLanguage":"fr-FR","potentialAction":[{"@type":"CommentAction","name":"Comment","target":["https:\/\/finelife.tv\/fr\/2024\/12\/07\/expo-intime-au-mad\/#respond"]}]},{"@type":"WebPage","@id":"https:\/\/finelife.tv\/fr\/2024\/12\/07\/expo-intime-au-mad\/","url":"https:\/\/finelife.tv\/fr\/2024\/12\/07\/expo-intime-au-mad\/","name":"Expo intime au MAD - FineLife.tv","isPartOf":{"@id":"https:\/\/finelife.tv\/fr\/#website"},"primaryImageOfPage":{"@id":"https:\/\/finelife.tv\/fr\/2024\/12\/07\/expo-intime-au-mad\/#primaryimage"},"image":{"@id":"https:\/\/finelife.tv\/fr\/2024\/12\/07\/expo-intime-au-mad\/#primaryimage"},"thumbnailUrl":"https:\/\/finelife.tv\/fr\/wp-content\/uploads\/2024\/12\/img-src-22https-finelife.tvimage.jpg-alt-22Expo-intime-au-MAD22.jpg","datePublished":"2024-12-07T13:47:57+00:00","dateModified":"2024-12-07T17:42:25+00:00","author":{"@id":"https:\/\/finelife.tv\/fr\/#\/schema\/person\/e3d980b0c0b3dc5af01c3455893c8c52"},"description":"Expo intime au MAD. Des tableaux de Vuillard aux stories des r\u00e9seaux sociaux le mus\u00e9e des Arts d\u00e9coratifs explore les secrets de l'int\u00e9rieur","breadcrumb":{"@id":"https:\/\/finelife.tv\/fr\/2024\/12\/07\/expo-intime-au-mad\/#breadcrumb"},"inLanguage":"fr-FR","potentialAction":[{"@type":"ReadAction","target":["https:\/\/finelife.tv\/fr\/2024\/12\/07\/expo-intime-au-mad\/"]}]},{"@type":"ImageObject","inLanguage":"fr-FR","@id":"https:\/\/finelife.tv\/fr\/2024\/12\/07\/expo-intime-au-mad\/#primaryimage","url":"https:\/\/finelife.tv\/fr\/wp-content\/uploads\/2024\/12\/img-src-22https-finelife.tvimage.jpg-alt-22Expo-intime-au-MAD22.jpg","contentUrl":"https:\/\/finelife.tv\/fr\/wp-content\/uploads\/2024\/12\/img-src-22https-finelife.tvimage.jpg-alt-22Expo-intime-au-MAD22.jpg","width":749,"height":580,"caption":"Screenshot"},{"@type":"BreadcrumbList","@id":"https:\/\/finelife.tv\/fr\/2024\/12\/07\/expo-intime-au-mad\/#breadcrumb","itemListElement":[{"@type":"ListItem","position":1,"name":"Accueil","item":"https:\/\/finelife.tv\/fr\/"},{"@type":"ListItem","position":2,"name":"Expo intime au MAD"}]},{"@type":"WebSite","@id":"https:\/\/finelife.tv\/fr\/#website","url":"https:\/\/finelife.tv\/fr\/","name":"FineLife.tv","description":"Quand l&#039;Art de vivre croise l&#039;Art de penser","potentialAction":[{"@type":"SearchAction","target":{"@type":"EntryPoint","urlTemplate":"https:\/\/finelife.tv\/fr\/?s={search_term_string}"},"query-input":{"@type":"PropertyValueSpecification","valueRequired":true,"valueName":"search_term_string"}}],"inLanguage":"fr-FR"},{"@type":"Person","@id":"https:\/\/finelife.tv\/fr\/#\/schema\/person\/e3d980b0c0b3dc5af01c3455893c8c52","name":"Leonore","image":{"@type":"ImageObject","inLanguage":"fr-FR","@id":"https:\/\/secure.gravatar.com\/avatar\/9a2e5073417479f910ffdeee54da5ccf4f91eab62746ce0ae0e81124a9491a79?s=96&d=mm&r=g","url":"https:\/\/secure.gravatar.com\/avatar\/9a2e5073417479f910ffdeee54da5ccf4f91eab62746ce0ae0e81124a9491a79?s=96&d=mm&r=g","contentUrl":"https:\/\/secure.gravatar.com\/avatar\/9a2e5073417479f910ffdeee54da5ccf4f91eab62746ce0ae0e81124a9491a79?s=96&d=mm&r=g","caption":"Leonore"}}]}},"_links":{"self":[{"href":"https:\/\/finelife.tv\/fr\/wp-json\/wp\/v2\/posts\/21156","targetHints":{"allow":["GET"]}}],"collection":[{"href":"https:\/\/finelife.tv\/fr\/wp-json\/wp\/v2\/posts"}],"about":[{"href":"https:\/\/finelife.tv\/fr\/wp-json\/wp\/v2\/types\/post"}],"author":[{"embeddable":true,"href":"https:\/\/finelife.tv\/fr\/wp-json\/wp\/v2\/users\/1"}],"replies":[{"embeddable":true,"href":"https:\/\/finelife.tv\/fr\/wp-json\/wp\/v2\/comments?post=21156"}],"version-history":[{"count":22,"href":"https:\/\/finelife.tv\/fr\/wp-json\/wp\/v2\/posts\/21156\/revisions"}],"predecessor-version":[{"id":21196,"href":"https:\/\/finelife.tv\/fr\/wp-json\/wp\/v2\/posts\/21156\/revisions\/21196"}],"wp:attachment":[{"href":"https:\/\/finelife.tv\/fr\/wp-json\/wp\/v2\/media?parent=21156"}],"wp:term":[{"taxonomy":"category","embeddable":true,"href":"https:\/\/finelife.tv\/fr\/wp-json\/wp\/v2\/categories?post=21156"},{"taxonomy":"post_tag","embeddable":true,"href":"https:\/\/finelife.tv\/fr\/wp-json\/wp\/v2\/tags?post=21156"}],"curies":[{"name":"wp","href":"https:\/\/api.w.org\/{rel}","templated":true}]}}