{"id":2129,"date":"2018-04-23T19:12:45","date_gmt":"2018-04-23T17:12:45","guid":{"rendered":"http:\/\/finelife.tv\/fr\/?p=2129"},"modified":"2018-11-12T15:55:48","modified_gmt":"2018-11-12T14:55:48","slug":"colore-par-rodolphe-lart-de-la-couleur","status":"publish","type":"post","link":"https:\/\/finelife.tv\/fr\/2018\/04\/23\/colore-par-rodolphe-lart-de-la-couleur\/","title":{"rendered":"Color\u00e9 par Rodolphe : l&rsquo;art de la couleur"},"content":{"rendered":"<p><iframe loading=\"lazy\" src=\"https:\/\/player.vimeo.com\/video\/264262937?title=0&amp;byline=0&amp;portrait=0\" width=\"356\" height=\"200\" frameborder=\"0\" allowfullscreen=\"allowfullscreen\"><span data-mce-type=\"bookmark\" style=\"display: inline-block; width: 0px; overflow: hidden; line-height: 0;\" class=\"mce_SELRES_start\">\ufeff<\/span><span data-mce-type=\"bookmark\" style=\"display: inline-block; width: 0px; overflow: hidden; line-height: 0;\" class=\"mce_SELRES_start\">\ufeff<\/span><span data-mce-type=\"bookmark\" style=\"display: inline-block; width: 0px; overflow: hidden; line-height: 0;\" class=\"mce_SELRES_start\">\ufeff<\/span><\/iframe><\/p>\n<p>Color\u00e9 par Rodolphe est n\u00e9 il y a 20 ans dans l&rsquo;immeuble de Picabia, rue Danielle Casanova \u00e0 deux pas de la place Vend\u00f4me.<\/p>\n<p>Rodolphe, lui, est n\u00e9 en Martinique au milieu des couleurs, veill\u00e9 par une grand-m\u00e8re aquarelliste.<br \/>\nL&rsquo;adolescent veut \u00eatre peintre. Sa grand-m\u00e8re le dissuade trouvant l&rsquo;aventure trop risqu\u00e9e. Elle lui sugg\u00e8re de peindre un mat\u00e9riau in\u00e9dit : le cheveu. Une autre forme d&rsquo;aventure car \u00ab\u00a0\u00e0 l&rsquo;\u00e9poque le m\u00e9tier de coloriste n&rsquo;existait pas. C&rsquo;\u00e9tait un sous-coiffeur. Une \u00ab\u00a0discipline\u00a0\u00bb presque honteuse. On colorait derri\u00e8re un paravent pour dissimuler les cheveux blancs ou faire un blond. Le m\u00e9tier n&rsquo;a \u00e9t\u00e9 reconnu que dans les ann\u00e9es 90 quand les top et les actrices ont lanc\u00e9 la mode de la coloration\u00a0\u00bb se souvient Rodolphe.<\/p>\n<p><strong>Un ma\u00eetre : Alexandre de Paris<\/strong><\/p>\n<p>Rodolphe d\u00e9couvre la couleur \u00e0 Paris. Il envoie une lettre par mois pendant presque un an \u00e0 son ma\u00eetre, Alexandre, qui r\u00e8gne alors sur monde la coiffure. Il est enfin admis. Par hasard et par go\u00fbt. Son profil rappelle \u00e0 Alexandre un dessin de Cocteau. \u00ab\u00a0J&rsquo;ai tout appris chez lui. De la technique \u00e0 l&rsquo;\u00e9coute indispensable \u00e0 la r\u00e9alisation\u00a0\u00bb.<\/p>\n<p><strong>La couleur : des codes sociaux et sexuels<\/strong><\/p>\n<p>Trente ans plus tard il est \u00e0 son tour un ma\u00eetre de la couleur et de ses codes.<br \/>\nLes codes ? \u00ab\u00a0Il faut absolument d\u00e9crypter la personnalit\u00e9 en analysant le discours mais aussi le langage corporel ainsi que les intentions de la cliente. Il y a celles qui veulent \u00eatre vues. Je leur ferai un blond platine, un rouge flamboyant. Il y aussi celles qui jouent avec le vu-pas vu, les discr\u00e8tes qui cherchent une couleur en demi teintes\u00a0\u00bb.<\/p>\n<p>Pour Rodolphe, la couleur est une affaire de subtilit\u00e9. \u00ab\u00a0Dire \u00ab\u00a0Je veux un blond\u00a0\u00bb \u00e7a ne signifie rien. Les coloristes doivent enrichir leur vocabulaire pour balayer la palette des tons. L&rsquo;art aide beaucoup. Je donne \u00e0 mes \u00e9l\u00e8ves des exemples de toiles de ma\u00eetres. J&rsquo;ai aussi r\u00e9alis\u00e9 des couleurs \u00e0 partir d&rsquo;oeuvres de Soulage, Rothko, Miro. Je leur montre afin d&rsquo;\u00e9largir leur horizon \u00ab\u00a0pigmentaire\u00a0\u00bb et ainsi de mieux r\u00e9pondre aux attentes des clientes\u00a0\u00bb<\/p>\n<p><strong>La couleur : l&rsquo;art de la lumi\u00e8re<\/strong><\/p>\n<p>F\u00e9ru d&rsquo;art, Rodolphe a une client\u00e8le de com\u00e9diennes et d&rsquo;artistes.<br \/>\nAujourd&rsquo;hui, il re\u00e7oit la dramaturge Anne Delb\u00e9e qui met la derni\u00e8re touche \u00e0 son spectacle. \u00ab\u00a0Je vais faire un voile de lumi\u00e8re en partant du haut de la t\u00eate tout en d\u00e9licatesse en emprisonnant quelques cheveux dans des feuilles d&rsquo;aluminium\u00a0\u00bb explique le coloriste. \u00ab\u00a0Je vais poser au pinceau une base plus sombre entre les feuilles pour sublimer la couleur. L&rsquo;objectif est de d&rsquo;\u00eatre en phase avec le show, de capter au mieux la lumi\u00e8re des projecteurs\u00a0\u00bb.<\/p>\n<p>Une \u00e9clipse de pose et de shampoing plus tard, le r\u00e9sultat est lumineux.<\/p>\n<p>Anne Delb\u00e9e sera solaire dans son spectacle l&rsquo;Aiglon.<\/p>\n<p><a href=\"https:\/\/www.coloreparodolphe.com\/\">https:\/\/www.coloreparodolphe.com\/<\/a><\/p>\n<p>Related article<\/p>\n<p>https:\/\/finelife.tv\/fr\/2018\/11\/12\/rodolphe-lombart-histoire-et-sociologie-de-la-couleur\/<\/p>\n","protected":false},"excerpt":{"rendered":"<p>Color\u00e9 par Rodolphe est n\u00e9 il y a 20 ans dans l&rsquo;ancien atelier de PIcabia. Entretien Finelife Tv et tuto avec Rodolphe l&rsquo;un des ma\u00eetres coloristes de Paris. Attendez vous \u00e0 de l&rsquo;inattendu !<\/p>\n","protected":false},"author":1,"featured_media":0,"comment_status":"closed","ping_status":"open","sticky":false,"template":"","format":"standard","meta":{"footnotes":""},"categories":[3],"tags":[973,46,970,979,427,428,977,978,975,976,974,972],"class_list":["post-2129","post","type-post","status-publish","format-standard","hentry","category-beautebienetre","tag-alexandre-paris","tag-coiffeurs-paris","tag-colore-par-rodolphe","tag-colore-par-rodolphe-28-rue-danielle-casanova-paris-75002","tag-coloriste","tag-coloriste-paris","tag-coloristes-paris-75002","tag-coloristes-rue-danielle-casanova-75002-paris","tag-les-meilleurs-coloristes-de-paris","tag-salon-de-coiffure-paris-75002","tag-secret-de-couleur","tag-top-coloristes-paris"],"yoast_head":"<!-- This site is optimized with the Yoast SEO plugin v27.5 - https:\/\/yoast.com\/product\/yoast-seo-wordpress\/ -->\n<title>Color\u00e9 par Rodolphe : l&#039;art de la couleur - FineLife.tv<\/title>\n<meta name=\"description\" content=\"Visite chez Rodolphe l&#039;un des grands coloristes parisiens itin\u00e9rair tuto couleur et interview sur la coloration et les femmes\" \/>\n<meta name=\"robots\" content=\"index, follow, max-snippet:-1, max-image-preview:large, max-video-preview:-1\" \/>\n<link rel=\"canonical\" href=\"https:\/\/finelife.tv\/fr\/2018\/04\/23\/colore-par-rodolphe-lart-de-la-couleur\/\" \/>\n<meta property=\"og:locale\" content=\"fr_FR\" \/>\n<meta property=\"og:type\" content=\"article\" \/>\n<meta property=\"og:title\" content=\"Color\u00e9 par Rodolphe : l&#039;art de la couleur - FineLife.tv\" \/>\n<meta property=\"og:description\" content=\"Visite chez Rodolphe l&#039;un des grands coloristes parisiens itin\u00e9rair tuto couleur et interview sur la coloration et les femmes\" \/>\n<meta property=\"og:url\" content=\"https:\/\/finelife.tv\/fr\/2018\/04\/23\/colore-par-rodolphe-lart-de-la-couleur\/\" \/>\n<meta property=\"og:site_name\" content=\"FineLife.tv\" \/>\n<meta property=\"article:published_time\" content=\"2018-04-23T17:12:45+00:00\" \/>\n<meta property=\"article:modified_time\" content=\"2018-11-12T14:55:48+00:00\" \/>\n<meta name=\"author\" content=\"Leonore\" \/>\n<meta name=\"twitter:card\" content=\"summary_large_image\" \/>\n<meta name=\"twitter:creator\" content=\"@finelifetv\" \/>\n<meta name=\"twitter:site\" content=\"@finelifetv\" \/>\n<meta name=\"twitter:label1\" content=\"\u00c9crit par\" \/>\n\t<meta name=\"twitter:data1\" content=\"Leonore\" \/>\n\t<meta name=\"twitter:label2\" content=\"Dur\u00e9e de lecture estim\u00e9e\" \/>\n\t<meta name=\"twitter:data2\" content=\"2 minutes\" \/>\n<script type=\"application\/ld+json\" class=\"yoast-schema-graph\">{\"@context\":\"https:\\\/\\\/schema.org\",\"@graph\":[{\"@type\":\"Article\",\"@id\":\"https:\\\/\\\/finelife.tv\\\/fr\\\/2018\\\/04\\\/23\\\/colore-par-rodolphe-lart-de-la-couleur\\\/#article\",\"isPartOf\":{\"@id\":\"https:\\\/\\\/finelife.tv\\\/fr\\\/2018\\\/04\\\/23\\\/colore-par-rodolphe-lart-de-la-couleur\\\/\"},\"author\":{\"name\":\"Leonore\",\"@id\":\"https:\\\/\\\/finelife.tv\\\/fr\\\/#\\\/schema\\\/person\\\/e3d980b0c0b3dc5af01c3455893c8c52\"},\"headline\":\"Color\u00e9 par Rodolphe : l&rsquo;art de la couleur\",\"datePublished\":\"2018-04-23T17:12:45+00:00\",\"dateModified\":\"2018-11-12T14:55:48+00:00\",\"mainEntityOfPage\":{\"@id\":\"https:\\\/\\\/finelife.tv\\\/fr\\\/2018\\\/04\\\/23\\\/colore-par-rodolphe-lart-de-la-couleur\\\/\"},\"wordCount\":521,\"keywords\":[\"alexandre paris\",\"coiffeurs paris\",\"color\u00e9 par rodolphe\",\"color\u00e9 par rodolphe 28 rue danielle casanova paris 75002\",\"coloriste\",\"coloriste paris\",\"coloristes paris 75002\",\"coloristes rue danielle casanova 75002 paris\",\"les meilleurs coloristes de paris\",\"salon de coiffure paris 75002\",\"secret de couleur\",\"top coloristes paris\"],\"articleSection\":[\"BeauteBienEtre\"],\"inLanguage\":\"fr-FR\"},{\"@type\":\"WebPage\",\"@id\":\"https:\\\/\\\/finelife.tv\\\/fr\\\/2018\\\/04\\\/23\\\/colore-par-rodolphe-lart-de-la-couleur\\\/\",\"url\":\"https:\\\/\\\/finelife.tv\\\/fr\\\/2018\\\/04\\\/23\\\/colore-par-rodolphe-lart-de-la-couleur\\\/\",\"name\":\"Color\u00e9 par Rodolphe : l'art de la couleur - FineLife.tv\",\"isPartOf\":{\"@id\":\"https:\\\/\\\/finelife.tv\\\/fr\\\/#website\"},\"datePublished\":\"2018-04-23T17:12:45+00:00\",\"dateModified\":\"2018-11-12T14:55:48+00:00\",\"author\":{\"@id\":\"https:\\\/\\\/finelife.tv\\\/fr\\\/#\\\/schema\\\/person\\\/e3d980b0c0b3dc5af01c3455893c8c52\"},\"description\":\"Visite chez Rodolphe l'un des grands coloristes parisiens itin\u00e9rair tuto couleur et interview sur la coloration et les femmes\",\"breadcrumb\":{\"@id\":\"https:\\\/\\\/finelife.tv\\\/fr\\\/2018\\\/04\\\/23\\\/colore-par-rodolphe-lart-de-la-couleur\\\/#breadcrumb\"},\"inLanguage\":\"fr-FR\",\"potentialAction\":[{\"@type\":\"ReadAction\",\"target\":[\"https:\\\/\\\/finelife.tv\\\/fr\\\/2018\\\/04\\\/23\\\/colore-par-rodolphe-lart-de-la-couleur\\\/\"]}]},{\"@type\":\"BreadcrumbList\",\"@id\":\"https:\\\/\\\/finelife.tv\\\/fr\\\/2018\\\/04\\\/23\\\/colore-par-rodolphe-lart-de-la-couleur\\\/#breadcrumb\",\"itemListElement\":[{\"@type\":\"ListItem\",\"position\":1,\"name\":\"Accueil\",\"item\":\"https:\\\/\\\/finelife.tv\\\/fr\\\/\"},{\"@type\":\"ListItem\",\"position\":2,\"name\":\"Color\u00e9 par Rodolphe : l&#8217;art de la couleur\"}]},{\"@type\":\"WebSite\",\"@id\":\"https:\\\/\\\/finelife.tv\\\/fr\\\/#website\",\"url\":\"https:\\\/\\\/finelife.tv\\\/fr\\\/\",\"name\":\"FineLife.tv\",\"description\":\"Quand l&#039;Art de vivre croise l&#039;Art de penser\",\"potentialAction\":[{\"@type\":\"SearchAction\",\"target\":{\"@type\":\"EntryPoint\",\"urlTemplate\":\"https:\\\/\\\/finelife.tv\\\/fr\\\/?s={search_term_string}\"},\"query-input\":{\"@type\":\"PropertyValueSpecification\",\"valueRequired\":true,\"valueName\":\"search_term_string\"}}],\"inLanguage\":\"fr-FR\"},{\"@type\":\"Person\",\"@id\":\"https:\\\/\\\/finelife.tv\\\/fr\\\/#\\\/schema\\\/person\\\/e3d980b0c0b3dc5af01c3455893c8c52\",\"name\":\"Leonore\",\"image\":{\"@type\":\"ImageObject\",\"inLanguage\":\"fr-FR\",\"@id\":\"https:\\\/\\\/secure.gravatar.com\\\/avatar\\\/9a2e5073417479f910ffdeee54da5ccf4f91eab62746ce0ae0e81124a9491a79?s=96&d=mm&r=g\",\"url\":\"https:\\\/\\\/secure.gravatar.com\\\/avatar\\\/9a2e5073417479f910ffdeee54da5ccf4f91eab62746ce0ae0e81124a9491a79?s=96&d=mm&r=g\",\"contentUrl\":\"https:\\\/\\\/secure.gravatar.com\\\/avatar\\\/9a2e5073417479f910ffdeee54da5ccf4f91eab62746ce0ae0e81124a9491a79?s=96&d=mm&r=g\",\"caption\":\"Leonore\"}}]}<\/script>\n<!-- \/ Yoast SEO plugin. -->","yoast_head_json":{"title":"Color\u00e9 par Rodolphe : l'art de la couleur - FineLife.tv","description":"Visite chez Rodolphe l'un des grands coloristes parisiens itin\u00e9rair tuto couleur et interview sur la coloration et les femmes","robots":{"index":"index","follow":"follow","max-snippet":"max-snippet:-1","max-image-preview":"max-image-preview:large","max-video-preview":"max-video-preview:-1"},"canonical":"https:\/\/finelife.tv\/fr\/2018\/04\/23\/colore-par-rodolphe-lart-de-la-couleur\/","og_locale":"fr_FR","og_type":"article","og_title":"Color\u00e9 par Rodolphe : l'art de la couleur - FineLife.tv","og_description":"Visite chez Rodolphe l'un des grands coloristes parisiens itin\u00e9rair tuto couleur et interview sur la coloration et les femmes","og_url":"https:\/\/finelife.tv\/fr\/2018\/04\/23\/colore-par-rodolphe-lart-de-la-couleur\/","og_site_name":"FineLife.tv","article_published_time":"2018-04-23T17:12:45+00:00","article_modified_time":"2018-11-12T14:55:48+00:00","author":"Leonore","twitter_card":"summary_large_image","twitter_creator":"@finelifetv","twitter_site":"@finelifetv","twitter_misc":{"\u00c9crit par":"Leonore","Dur\u00e9e de lecture estim\u00e9e":"2 minutes"},"schema":{"@context":"https:\/\/schema.org","@graph":[{"@type":"Article","@id":"https:\/\/finelife.tv\/fr\/2018\/04\/23\/colore-par-rodolphe-lart-de-la-couleur\/#article","isPartOf":{"@id":"https:\/\/finelife.tv\/fr\/2018\/04\/23\/colore-par-rodolphe-lart-de-la-couleur\/"},"author":{"name":"Leonore","@id":"https:\/\/finelife.tv\/fr\/#\/schema\/person\/e3d980b0c0b3dc5af01c3455893c8c52"},"headline":"Color\u00e9 par Rodolphe : l&rsquo;art de la couleur","datePublished":"2018-04-23T17:12:45+00:00","dateModified":"2018-11-12T14:55:48+00:00","mainEntityOfPage":{"@id":"https:\/\/finelife.tv\/fr\/2018\/04\/23\/colore-par-rodolphe-lart-de-la-couleur\/"},"wordCount":521,"keywords":["alexandre paris","coiffeurs paris","color\u00e9 par rodolphe","color\u00e9 par rodolphe 28 rue danielle casanova paris 75002","coloriste","coloriste paris","coloristes paris 75002","coloristes rue danielle casanova 75002 paris","les meilleurs coloristes de paris","salon de coiffure paris 75002","secret de couleur","top coloristes paris"],"articleSection":["BeauteBienEtre"],"inLanguage":"fr-FR"},{"@type":"WebPage","@id":"https:\/\/finelife.tv\/fr\/2018\/04\/23\/colore-par-rodolphe-lart-de-la-couleur\/","url":"https:\/\/finelife.tv\/fr\/2018\/04\/23\/colore-par-rodolphe-lart-de-la-couleur\/","name":"Color\u00e9 par Rodolphe : l'art de la couleur - FineLife.tv","isPartOf":{"@id":"https:\/\/finelife.tv\/fr\/#website"},"datePublished":"2018-04-23T17:12:45+00:00","dateModified":"2018-11-12T14:55:48+00:00","author":{"@id":"https:\/\/finelife.tv\/fr\/#\/schema\/person\/e3d980b0c0b3dc5af01c3455893c8c52"},"description":"Visite chez Rodolphe l'un des grands coloristes parisiens itin\u00e9rair tuto couleur et interview sur la coloration et les femmes","breadcrumb":{"@id":"https:\/\/finelife.tv\/fr\/2018\/04\/23\/colore-par-rodolphe-lart-de-la-couleur\/#breadcrumb"},"inLanguage":"fr-FR","potentialAction":[{"@type":"ReadAction","target":["https:\/\/finelife.tv\/fr\/2018\/04\/23\/colore-par-rodolphe-lart-de-la-couleur\/"]}]},{"@type":"BreadcrumbList","@id":"https:\/\/finelife.tv\/fr\/2018\/04\/23\/colore-par-rodolphe-lart-de-la-couleur\/#breadcrumb","itemListElement":[{"@type":"ListItem","position":1,"name":"Accueil","item":"https:\/\/finelife.tv\/fr\/"},{"@type":"ListItem","position":2,"name":"Color\u00e9 par Rodolphe : l&#8217;art de la couleur"}]},{"@type":"WebSite","@id":"https:\/\/finelife.tv\/fr\/#website","url":"https:\/\/finelife.tv\/fr\/","name":"FineLife.tv","description":"Quand l&#039;Art de vivre croise l&#039;Art de penser","potentialAction":[{"@type":"SearchAction","target":{"@type":"EntryPoint","urlTemplate":"https:\/\/finelife.tv\/fr\/?s={search_term_string}"},"query-input":{"@type":"PropertyValueSpecification","valueRequired":true,"valueName":"search_term_string"}}],"inLanguage":"fr-FR"},{"@type":"Person","@id":"https:\/\/finelife.tv\/fr\/#\/schema\/person\/e3d980b0c0b3dc5af01c3455893c8c52","name":"Leonore","image":{"@type":"ImageObject","inLanguage":"fr-FR","@id":"https:\/\/secure.gravatar.com\/avatar\/9a2e5073417479f910ffdeee54da5ccf4f91eab62746ce0ae0e81124a9491a79?s=96&d=mm&r=g","url":"https:\/\/secure.gravatar.com\/avatar\/9a2e5073417479f910ffdeee54da5ccf4f91eab62746ce0ae0e81124a9491a79?s=96&d=mm&r=g","contentUrl":"https:\/\/secure.gravatar.com\/avatar\/9a2e5073417479f910ffdeee54da5ccf4f91eab62746ce0ae0e81124a9491a79?s=96&d=mm&r=g","caption":"Leonore"}}]}},"_links":{"self":[{"href":"https:\/\/finelife.tv\/fr\/wp-json\/wp\/v2\/posts\/2129","targetHints":{"allow":["GET"]}}],"collection":[{"href":"https:\/\/finelife.tv\/fr\/wp-json\/wp\/v2\/posts"}],"about":[{"href":"https:\/\/finelife.tv\/fr\/wp-json\/wp\/v2\/types\/post"}],"author":[{"embeddable":true,"href":"https:\/\/finelife.tv\/fr\/wp-json\/wp\/v2\/users\/1"}],"replies":[{"embeddable":true,"href":"https:\/\/finelife.tv\/fr\/wp-json\/wp\/v2\/comments?post=2129"}],"version-history":[{"count":11,"href":"https:\/\/finelife.tv\/fr\/wp-json\/wp\/v2\/posts\/2129\/revisions"}],"predecessor-version":[{"id":3258,"href":"https:\/\/finelife.tv\/fr\/wp-json\/wp\/v2\/posts\/2129\/revisions\/3258"}],"wp:attachment":[{"href":"https:\/\/finelife.tv\/fr\/wp-json\/wp\/v2\/media?parent=2129"}],"wp:term":[{"taxonomy":"category","embeddable":true,"href":"https:\/\/finelife.tv\/fr\/wp-json\/wp\/v2\/categories?post=2129"},{"taxonomy":"post_tag","embeddable":true,"href":"https:\/\/finelife.tv\/fr\/wp-json\/wp\/v2\/tags?post=2129"}],"curies":[{"name":"wp","href":"https:\/\/api.w.org\/{rel}","templated":true}]}}