{"id":21929,"date":"2025-02-21T16:03:13","date_gmt":"2025-02-21T15:03:13","guid":{"rendered":"https:\/\/finelife.tv\/fr\/?p=21929"},"modified":"2025-02-22T12:19:58","modified_gmt":"2025-02-22T11:19:58","slug":"art-capital-retrouve-le-grand-palais","status":"publish","type":"post","link":"https:\/\/finelife.tv\/fr\/2025\/02\/21\/art-capital-retrouve-le-grand-palais\/","title":{"rendered":"Art Capital retrouve le Grand Palais"},"content":{"rendered":"<div class=\"wp-block-image\">\n<figure class=\"aligncenter size-large\"><img loading=\"lazy\" decoding=\"async\" width=\"810\" height=\"1024\" src=\"https:\/\/finelife.tv\/fr\/wp-content\/uploads\/2025\/02\/img-src-22https-finelife.tvimage.jpg-alt-22Art-Capital-retrouve-le-Grand-Palais22--810x1024.jpg\" alt=\"\" class=\"wp-image-21940\" srcset=\"https:\/\/finelife.tv\/fr\/wp-content\/uploads\/2025\/02\/img-src-22https-finelife.tvimage.jpg-alt-22Art-Capital-retrouve-le-Grand-Palais22--810x1024.jpg 810w, https:\/\/finelife.tv\/fr\/wp-content\/uploads\/2025\/02\/img-src-22https-finelife.tvimage.jpg-alt-22Art-Capital-retrouve-le-Grand-Palais22--237x300.jpg 237w, https:\/\/finelife.tv\/fr\/wp-content\/uploads\/2025\/02\/img-src-22https-finelife.tvimage.jpg-alt-22Art-Capital-retrouve-le-Grand-Palais22--768x970.jpg 768w, https:\/\/finelife.tv\/fr\/wp-content\/uploads\/2025\/02\/img-src-22https-finelife.tvimage.jpg-alt-22Art-Capital-retrouve-le-Grand-Palais22--1216x1536.jpg 1216w, https:\/\/finelife.tv\/fr\/wp-content\/uploads\/2025\/02\/img-src-22https-finelife.tvimage.jpg-alt-22Art-Capital-retrouve-le-Grand-Palais22--1621x2048.jpg 1621w, https:\/\/finelife.tv\/fr\/wp-content\/uploads\/2025\/02\/img-src-22https-finelife.tvimage.jpg-alt-22Art-Capital-retrouve-le-Grand-Palais22--scaled.jpg 2026w\" sizes=\"auto, (max-width: 810px) 100vw, 810px\" \/><\/figure>\n<\/div>\n\n\n<p><strong>Art Capital retrouve le Grand Palais avec une affiche de 2 000 artistes et une programmation qui va de la peinture \u00e0 l&rsquo;eau \u00e0 l&rsquo;intelligence artificielle<\/strong>.<\/p>\n\n\n\n<p>Il a un petit air de brocante X concours L\u00e9pine. Art Capital vient s\u2019ouvrir ses portes pour 4 jours. Sous la verri\u00e8re du Grand Palais, peintres, sculpteurs, photographes, architectes, graveurs font un grand bon en visibilit\u00e9.<\/p>\n\n\n\n<p>C&rsquo;est d&rsquo;ailleurs le but d&rsquo;Art Capital qui accueille depuis plus de 15 ans quatre salons fid\u00e8les \u00e0 la tradition des grands salons artistiques. Organis\u00e9 b\u00e9n\u00e9volement l&rsquo;\u00e9v\u00e8nement met \u00e0 l\u2019honneur des talents, \u00e9mergents et confirm\u00e9s, issus de toutes disciplines.<\/p>\n\n\n\n<p><\/p>\n\n\n\n<p>La manifestation est \u00ab d\u2019utilit\u00e9 artistique publique \u00bb en ouvrant un espace hors des grandes foires et du circuit traditionnel des galeries.<\/p>\n\n\n<div class=\"wp-block-image\">\n<figure class=\"aligncenter size-large\"><img loading=\"lazy\" decoding=\"async\" width=\"804\" height=\"1024\" src=\"https:\/\/finelife.tv\/fr\/wp-content\/uploads\/2025\/02\/img-src-22https-finelife.tvimage.jpg-alt-22Art-Capital-retrouve-le-Grand-Palais-michel-ciry22--804x1024.jpg\" alt=\"\" class=\"wp-image-21941\" srcset=\"https:\/\/finelife.tv\/fr\/wp-content\/uploads\/2025\/02\/img-src-22https-finelife.tvimage.jpg-alt-22Art-Capital-retrouve-le-Grand-Palais-michel-ciry22--804x1024.jpg 804w, https:\/\/finelife.tv\/fr\/wp-content\/uploads\/2025\/02\/img-src-22https-finelife.tvimage.jpg-alt-22Art-Capital-retrouve-le-Grand-Palais-michel-ciry22--236x300.jpg 236w, https:\/\/finelife.tv\/fr\/wp-content\/uploads\/2025\/02\/img-src-22https-finelife.tvimage.jpg-alt-22Art-Capital-retrouve-le-Grand-Palais-michel-ciry22--768x978.jpg 768w, https:\/\/finelife.tv\/fr\/wp-content\/uploads\/2025\/02\/img-src-22https-finelife.tvimage.jpg-alt-22Art-Capital-retrouve-le-Grand-Palais-michel-ciry22--1206x1536.jpg 1206w, https:\/\/finelife.tv\/fr\/wp-content\/uploads\/2025\/02\/img-src-22https-finelife.tvimage.jpg-alt-22Art-Capital-retrouve-le-Grand-Palais-michel-ciry22--1608x2048.jpg 1608w, https:\/\/finelife.tv\/fr\/wp-content\/uploads\/2025\/02\/img-src-22https-finelife.tvimage.jpg-alt-22Art-Capital-retrouve-le-Grand-Palais-michel-ciry22--scaled.jpg 2010w\" sizes=\"auto, (max-width: 804px) 100vw, 804px\" \/><figcaption class=\"wp-element-caption\">Michel Ciry invit\u00e9 d&rsquo;honneur du Salon du&nbsp;dessin et de la peinture \u00e0 l\u2019eau<\/figcaption><\/figure>\n<\/div>\n\n\n<h2 class=\"wp-block-heading\">Art Capital 4 salons embl\u00e9matiques<\/h2>\n\n\n\n<p>Art Capital regroupe quatre salons embl\u00e9matiques ainsi qu&rsquo;une nouveaut\u00e9 : IN SITU. Cette nouvelle cat\u00e9gorie pr\u00e9sente des \u00ab Solo Show \u00bb d&rsquo;artistes. <\/p>\n\n\n\n<p><\/p>\n\n\n\n<p>Cr\u00e9\u00e9 en 1884, le<strong> salon des Artistes Ind\u00e9pendants<\/strong> est issu du <strong>Salon des Refus\u00e9s<\/strong>. Les artistes y participant bouleversent la peinture acad\u00e9mique du Salon officiel. Ils en sont donc exclus. En 1863, Napol\u00e9on III accepte de laisser le public juger par lui-m\u00eame des \u0153uvres refus\u00e9es. Le premier Salon des refus\u00e9s ouvre ses portes \u00e0 Paris.<\/p>\n\n\n\n<p>Le <strong>Salon Dessin Peinture<\/strong> voit le jour en 1949. \u00c0 l&rsquo;origine, un groupe de peintres renomm\u00e9s parmi lesquels Masson, Villon, Planson, Berthomm\u00e9-Saint-Andr\u00e9 ou encore Raymond-Martin \u2026 Les artistes constatent l\u2019absence d\u2019expositions de dessins. Ils fondent alors le Salon du dessin. Plus tard, En 1954, ils cr\u00e9ent le <strong>Salon du\u00a0dessin et de la peinture \u00e0 l\u2019eau<\/strong>. C&rsquo;est alors un d\u00e9fil\u00e9 de grands noms : Chagall, Matisse, Marie Laurencin\u2026. Sa sp\u00e9cificit\u00e9 en fait \u00a0\u00ab le grand sp\u00e9cialiste mondial des \u0153uvres sous verre ou plexi \u00bb. Toutes les tendances, toutes les techniques sont repr\u00e9sent\u00e9es.<\/p>\n\n\n\n<p>Le <strong>Salon des Artistes Fran\u00e7ais<\/strong> est un Salon historique depuis plus de trois si\u00e8cles. Il a en effet \u00e9t\u00e9 cr\u00e9\u00e9 sous Louis XIV par l&rsquo;<strong>Acad\u00e9mie royale de peinture et de sculpture<\/strong>. Les artistes sont s\u00e9lectionn\u00e9s par un jury. L&rsquo;\u00e9dition 2025 pr\u00e9sente 900 artistes au sein des sections historiques : peinture, sculpture, architecture, gravure et photographie. Cette ann\u00e9e, le salon invite artistes chinois et jeunes talents de Singapour. On note la pr\u00e9sence de Xiaosong Cai, pionnier de l\u2019art contemporain \u00e0 l\u2019encre de Chine. Il expose Kun-Joy of fish\u200b\u200b\u200b\u200b\u200b. L\u2019\u0153uvre est compos\u00e9e de trait de pinceaux sur une toile en soie.<\/p>\n\n\n\n<p>Enfin le <strong>salon Comparaisons<\/strong> entend pr\u00e9senter de mani\u00e8re originale un panorama de l\u2019art actuel.<\/p>\n\n\n\n<p><\/p>\n\n\n\n<h2 class=\"wp-block-heading has-text-align-center\">INFOS<\/h2>\n\n\n\n<p>site <strong><a href=\"https:\/\/artcapital.fr\/fr\">Art Capital <\/a><\/strong><\/p>\n\n\n\n<p>\ud83d\uddd3\ufe0f du 19 au 22 f\u00e9vrier<br>\ud83d\udc49 Grand Palais<\/p>\n\n\n\n<p>Plein tarif : 22\u20ac<\/p>\n\n\n\n<p>Related aticle <strong>Art Capital retrouve le Grand Palais<\/strong><\/p>\n\n\n\n<p><strong><a href=\"https:\/\/finelife.tv\/fr\/2017\/06\/08\/salon-du-dessin-lemotion-du-papier\/\">Salon du Dessin : l\u2019\u00c9motion du Papier<\/a><\/strong><\/p>\n","protected":false},"excerpt":{"rendered":"<p>Art Capital retrouve le Grand Palais avec une affiche de 2 000 artistes et une programmation qui va de la peinture \u00e0 l&rsquo;eau \u00e0 l&rsquo;intelligence artificielle<\/p>\n","protected":false},"author":1,"featured_media":0,"comment_status":"open","ping_status":"open","sticky":false,"template":"","format":"standard","meta":{"footnotes":""},"categories":[4],"tags":[5241,59,85,997,1909,5243],"class_list":["post-21929","post","type-post","status-publish","format-standard","hentry","category-blog","tag-art-capital","tag-dessin","tag-grand-palais","tag-patrimoine","tag-peinture","tag-saloin-dart"],"yoast_head":"<!-- This site is optimized with the Yoast SEO plugin v27.5 - https:\/\/yoast.com\/product\/yoast-seo-wordpress\/ -->\n<title>Art Capital retrouve le Grand Palais - FineLife.tv<\/title>\n<meta name=\"description\" content=\"Art Capital retrouve le Grand Palais avec 2 000 artistes et une programmation qui va de la peinture \u00e0 l&#039;eau \u00e0 l&#039;intelligence artificielle\" \/>\n<meta name=\"robots\" content=\"index, follow, max-snippet:-1, max-image-preview:large, max-video-preview:-1\" \/>\n<link rel=\"canonical\" href=\"https:\/\/finelife.tv\/fr\/2025\/02\/21\/art-capital-retrouve-le-grand-palais\/\" \/>\n<meta property=\"og:locale\" content=\"fr_FR\" \/>\n<meta property=\"og:type\" content=\"article\" \/>\n<meta property=\"og:title\" content=\"Art Capital retrouve le Grand Palais - FineLife.tv\" \/>\n<meta property=\"og:description\" content=\"Art Capital retrouve le Grand Palais avec 2 000 artistes et une programmation qui va de la peinture \u00e0 l&#039;eau \u00e0 l&#039;intelligence artificielle\" \/>\n<meta property=\"og:url\" content=\"https:\/\/finelife.tv\/fr\/2025\/02\/21\/art-capital-retrouve-le-grand-palais\/\" \/>\n<meta property=\"og:site_name\" content=\"FineLife.tv\" \/>\n<meta property=\"article:published_time\" content=\"2025-02-21T15:03:13+00:00\" \/>\n<meta property=\"article:modified_time\" content=\"2025-02-22T11:19:58+00:00\" \/>\n<meta property=\"og:image\" content=\"https:\/\/finelife.tv\/fr\/wp-content\/uploads\/2025\/02\/img-src-22https-finelife.tvimage.jpg-alt-22Art-Capital-retrouve-le-Grand-Palais22--scaled.jpg\" \/>\n\t<meta property=\"og:image:width\" content=\"2026\" \/>\n\t<meta property=\"og:image:height\" content=\"2560\" \/>\n\t<meta property=\"og:image:type\" content=\"image\/jpeg\" \/>\n<meta name=\"author\" content=\"Leonore\" \/>\n<meta name=\"twitter:card\" content=\"summary_large_image\" \/>\n<meta name=\"twitter:creator\" content=\"@finelifetv\" \/>\n<meta name=\"twitter:site\" content=\"@finelifetv\" \/>\n<meta name=\"twitter:label1\" content=\"\u00c9crit par\" \/>\n\t<meta name=\"twitter:data1\" content=\"Leonore\" \/>\n\t<meta name=\"twitter:label2\" content=\"Dur\u00e9e de lecture estim\u00e9e\" \/>\n\t<meta name=\"twitter:data2\" content=\"3 minutes\" \/>\n<script type=\"application\/ld+json\" class=\"yoast-schema-graph\">{\"@context\":\"https:\\\/\\\/schema.org\",\"@graph\":[{\"@type\":\"Article\",\"@id\":\"https:\\\/\\\/finelife.tv\\\/fr\\\/2025\\\/02\\\/21\\\/art-capital-retrouve-le-grand-palais\\\/#article\",\"isPartOf\":{\"@id\":\"https:\\\/\\\/finelife.tv\\\/fr\\\/2025\\\/02\\\/21\\\/art-capital-retrouve-le-grand-palais\\\/\"},\"author\":{\"name\":\"Leonore\",\"@id\":\"https:\\\/\\\/finelife.tv\\\/fr\\\/#\\\/schema\\\/person\\\/e3d980b0c0b3dc5af01c3455893c8c52\"},\"headline\":\"Art Capital retrouve le Grand Palais\",\"datePublished\":\"2025-02-21T15:03:13+00:00\",\"dateModified\":\"2025-02-22T11:19:58+00:00\",\"mainEntityOfPage\":{\"@id\":\"https:\\\/\\\/finelife.tv\\\/fr\\\/2025\\\/02\\\/21\\\/art-capital-retrouve-le-grand-palais\\\/\"},\"wordCount\":488,\"commentCount\":1,\"image\":{\"@id\":\"https:\\\/\\\/finelife.tv\\\/fr\\\/2025\\\/02\\\/21\\\/art-capital-retrouve-le-grand-palais\\\/#primaryimage\"},\"thumbnailUrl\":\"https:\\\/\\\/finelife.tv\\\/fr\\\/wp-content\\\/uploads\\\/2025\\\/02\\\/img-src-22https-finelife.tvimage.jpg-alt-22Art-Capital-retrouve-le-Grand-Palais22--810x1024.jpg\",\"keywords\":[\"art capital\",\"dessin\",\"grand palais\",\"patrimoine\",\"peinture\",\"saloin d'art\"],\"articleSection\":[\"Blog\"],\"inLanguage\":\"fr-FR\",\"potentialAction\":[{\"@type\":\"CommentAction\",\"name\":\"Comment\",\"target\":[\"https:\\\/\\\/finelife.tv\\\/fr\\\/2025\\\/02\\\/21\\\/art-capital-retrouve-le-grand-palais\\\/#respond\"]}]},{\"@type\":\"WebPage\",\"@id\":\"https:\\\/\\\/finelife.tv\\\/fr\\\/2025\\\/02\\\/21\\\/art-capital-retrouve-le-grand-palais\\\/\",\"url\":\"https:\\\/\\\/finelife.tv\\\/fr\\\/2025\\\/02\\\/21\\\/art-capital-retrouve-le-grand-palais\\\/\",\"name\":\"Art Capital retrouve le Grand Palais - FineLife.tv\",\"isPartOf\":{\"@id\":\"https:\\\/\\\/finelife.tv\\\/fr\\\/#website\"},\"primaryImageOfPage\":{\"@id\":\"https:\\\/\\\/finelife.tv\\\/fr\\\/2025\\\/02\\\/21\\\/art-capital-retrouve-le-grand-palais\\\/#primaryimage\"},\"image\":{\"@id\":\"https:\\\/\\\/finelife.tv\\\/fr\\\/2025\\\/02\\\/21\\\/art-capital-retrouve-le-grand-palais\\\/#primaryimage\"},\"thumbnailUrl\":\"https:\\\/\\\/finelife.tv\\\/fr\\\/wp-content\\\/uploads\\\/2025\\\/02\\\/img-src-22https-finelife.tvimage.jpg-alt-22Art-Capital-retrouve-le-Grand-Palais22--810x1024.jpg\",\"datePublished\":\"2025-02-21T15:03:13+00:00\",\"dateModified\":\"2025-02-22T11:19:58+00:00\",\"author\":{\"@id\":\"https:\\\/\\\/finelife.tv\\\/fr\\\/#\\\/schema\\\/person\\\/e3d980b0c0b3dc5af01c3455893c8c52\"},\"description\":\"Art Capital retrouve le Grand Palais avec 2 000 artistes et une programmation qui va de la peinture \u00e0 l'eau \u00e0 l'intelligence artificielle\",\"breadcrumb\":{\"@id\":\"https:\\\/\\\/finelife.tv\\\/fr\\\/2025\\\/02\\\/21\\\/art-capital-retrouve-le-grand-palais\\\/#breadcrumb\"},\"inLanguage\":\"fr-FR\",\"potentialAction\":[{\"@type\":\"ReadAction\",\"target\":[\"https:\\\/\\\/finelife.tv\\\/fr\\\/2025\\\/02\\\/21\\\/art-capital-retrouve-le-grand-palais\\\/\"]}]},{\"@type\":\"ImageObject\",\"inLanguage\":\"fr-FR\",\"@id\":\"https:\\\/\\\/finelife.tv\\\/fr\\\/2025\\\/02\\\/21\\\/art-capital-retrouve-le-grand-palais\\\/#primaryimage\",\"url\":\"https:\\\/\\\/finelife.tv\\\/fr\\\/wp-content\\\/uploads\\\/2025\\\/02\\\/img-src-22https-finelife.tvimage.jpg-alt-22Art-Capital-retrouve-le-Grand-Palais22--scaled.jpg\",\"contentUrl\":\"https:\\\/\\\/finelife.tv\\\/fr\\\/wp-content\\\/uploads\\\/2025\\\/02\\\/img-src-22https-finelife.tvimage.jpg-alt-22Art-Capital-retrouve-le-Grand-Palais22--scaled.jpg\",\"width\":2026,\"height\":2560},{\"@type\":\"BreadcrumbList\",\"@id\":\"https:\\\/\\\/finelife.tv\\\/fr\\\/2025\\\/02\\\/21\\\/art-capital-retrouve-le-grand-palais\\\/#breadcrumb\",\"itemListElement\":[{\"@type\":\"ListItem\",\"position\":1,\"name\":\"Accueil\",\"item\":\"https:\\\/\\\/finelife.tv\\\/fr\\\/\"},{\"@type\":\"ListItem\",\"position\":2,\"name\":\"Art Capital retrouve le Grand Palais\"}]},{\"@type\":\"WebSite\",\"@id\":\"https:\\\/\\\/finelife.tv\\\/fr\\\/#website\",\"url\":\"https:\\\/\\\/finelife.tv\\\/fr\\\/\",\"name\":\"FineLife.tv\",\"description\":\"Quand l&#039;Art de vivre croise l&#039;Art de penser\",\"potentialAction\":[{\"@type\":\"SearchAction\",\"target\":{\"@type\":\"EntryPoint\",\"urlTemplate\":\"https:\\\/\\\/finelife.tv\\\/fr\\\/?s={search_term_string}\"},\"query-input\":{\"@type\":\"PropertyValueSpecification\",\"valueRequired\":true,\"valueName\":\"search_term_string\"}}],\"inLanguage\":\"fr-FR\"},{\"@type\":\"Person\",\"@id\":\"https:\\\/\\\/finelife.tv\\\/fr\\\/#\\\/schema\\\/person\\\/e3d980b0c0b3dc5af01c3455893c8c52\",\"name\":\"Leonore\",\"image\":{\"@type\":\"ImageObject\",\"inLanguage\":\"fr-FR\",\"@id\":\"https:\\\/\\\/secure.gravatar.com\\\/avatar\\\/9a2e5073417479f910ffdeee54da5ccf4f91eab62746ce0ae0e81124a9491a79?s=96&d=mm&r=g\",\"url\":\"https:\\\/\\\/secure.gravatar.com\\\/avatar\\\/9a2e5073417479f910ffdeee54da5ccf4f91eab62746ce0ae0e81124a9491a79?s=96&d=mm&r=g\",\"contentUrl\":\"https:\\\/\\\/secure.gravatar.com\\\/avatar\\\/9a2e5073417479f910ffdeee54da5ccf4f91eab62746ce0ae0e81124a9491a79?s=96&d=mm&r=g\",\"caption\":\"Leonore\"}}]}<\/script>\n<!-- \/ Yoast SEO plugin. -->","yoast_head_json":{"title":"Art Capital retrouve le Grand Palais - FineLife.tv","description":"Art Capital retrouve le Grand Palais avec 2 000 artistes et une programmation qui va de la peinture \u00e0 l'eau \u00e0 l'intelligence artificielle","robots":{"index":"index","follow":"follow","max-snippet":"max-snippet:-1","max-image-preview":"max-image-preview:large","max-video-preview":"max-video-preview:-1"},"canonical":"https:\/\/finelife.tv\/fr\/2025\/02\/21\/art-capital-retrouve-le-grand-palais\/","og_locale":"fr_FR","og_type":"article","og_title":"Art Capital retrouve le Grand Palais - FineLife.tv","og_description":"Art Capital retrouve le Grand Palais avec 2 000 artistes et une programmation qui va de la peinture \u00e0 l'eau \u00e0 l'intelligence artificielle","og_url":"https:\/\/finelife.tv\/fr\/2025\/02\/21\/art-capital-retrouve-le-grand-palais\/","og_site_name":"FineLife.tv","article_published_time":"2025-02-21T15:03:13+00:00","article_modified_time":"2025-02-22T11:19:58+00:00","og_image":[{"width":2026,"height":2560,"url":"https:\/\/finelife.tv\/fr\/wp-content\/uploads\/2025\/02\/img-src-22https-finelife.tvimage.jpg-alt-22Art-Capital-retrouve-le-Grand-Palais22--scaled.jpg","type":"image\/jpeg"}],"author":"Leonore","twitter_card":"summary_large_image","twitter_creator":"@finelifetv","twitter_site":"@finelifetv","twitter_misc":{"\u00c9crit par":"Leonore","Dur\u00e9e de lecture estim\u00e9e":"3 minutes"},"schema":{"@context":"https:\/\/schema.org","@graph":[{"@type":"Article","@id":"https:\/\/finelife.tv\/fr\/2025\/02\/21\/art-capital-retrouve-le-grand-palais\/#article","isPartOf":{"@id":"https:\/\/finelife.tv\/fr\/2025\/02\/21\/art-capital-retrouve-le-grand-palais\/"},"author":{"name":"Leonore","@id":"https:\/\/finelife.tv\/fr\/#\/schema\/person\/e3d980b0c0b3dc5af01c3455893c8c52"},"headline":"Art Capital retrouve le Grand Palais","datePublished":"2025-02-21T15:03:13+00:00","dateModified":"2025-02-22T11:19:58+00:00","mainEntityOfPage":{"@id":"https:\/\/finelife.tv\/fr\/2025\/02\/21\/art-capital-retrouve-le-grand-palais\/"},"wordCount":488,"commentCount":1,"image":{"@id":"https:\/\/finelife.tv\/fr\/2025\/02\/21\/art-capital-retrouve-le-grand-palais\/#primaryimage"},"thumbnailUrl":"https:\/\/finelife.tv\/fr\/wp-content\/uploads\/2025\/02\/img-src-22https-finelife.tvimage.jpg-alt-22Art-Capital-retrouve-le-Grand-Palais22--810x1024.jpg","keywords":["art capital","dessin","grand palais","patrimoine","peinture","saloin d'art"],"articleSection":["Blog"],"inLanguage":"fr-FR","potentialAction":[{"@type":"CommentAction","name":"Comment","target":["https:\/\/finelife.tv\/fr\/2025\/02\/21\/art-capital-retrouve-le-grand-palais\/#respond"]}]},{"@type":"WebPage","@id":"https:\/\/finelife.tv\/fr\/2025\/02\/21\/art-capital-retrouve-le-grand-palais\/","url":"https:\/\/finelife.tv\/fr\/2025\/02\/21\/art-capital-retrouve-le-grand-palais\/","name":"Art Capital retrouve le Grand Palais - FineLife.tv","isPartOf":{"@id":"https:\/\/finelife.tv\/fr\/#website"},"primaryImageOfPage":{"@id":"https:\/\/finelife.tv\/fr\/2025\/02\/21\/art-capital-retrouve-le-grand-palais\/#primaryimage"},"image":{"@id":"https:\/\/finelife.tv\/fr\/2025\/02\/21\/art-capital-retrouve-le-grand-palais\/#primaryimage"},"thumbnailUrl":"https:\/\/finelife.tv\/fr\/wp-content\/uploads\/2025\/02\/img-src-22https-finelife.tvimage.jpg-alt-22Art-Capital-retrouve-le-Grand-Palais22--810x1024.jpg","datePublished":"2025-02-21T15:03:13+00:00","dateModified":"2025-02-22T11:19:58+00:00","author":{"@id":"https:\/\/finelife.tv\/fr\/#\/schema\/person\/e3d980b0c0b3dc5af01c3455893c8c52"},"description":"Art Capital retrouve le Grand Palais avec 2 000 artistes et une programmation qui va de la peinture \u00e0 l'eau \u00e0 l'intelligence artificielle","breadcrumb":{"@id":"https:\/\/finelife.tv\/fr\/2025\/02\/21\/art-capital-retrouve-le-grand-palais\/#breadcrumb"},"inLanguage":"fr-FR","potentialAction":[{"@type":"ReadAction","target":["https:\/\/finelife.tv\/fr\/2025\/02\/21\/art-capital-retrouve-le-grand-palais\/"]}]},{"@type":"ImageObject","inLanguage":"fr-FR","@id":"https:\/\/finelife.tv\/fr\/2025\/02\/21\/art-capital-retrouve-le-grand-palais\/#primaryimage","url":"https:\/\/finelife.tv\/fr\/wp-content\/uploads\/2025\/02\/img-src-22https-finelife.tvimage.jpg-alt-22Art-Capital-retrouve-le-Grand-Palais22--scaled.jpg","contentUrl":"https:\/\/finelife.tv\/fr\/wp-content\/uploads\/2025\/02\/img-src-22https-finelife.tvimage.jpg-alt-22Art-Capital-retrouve-le-Grand-Palais22--scaled.jpg","width":2026,"height":2560},{"@type":"BreadcrumbList","@id":"https:\/\/finelife.tv\/fr\/2025\/02\/21\/art-capital-retrouve-le-grand-palais\/#breadcrumb","itemListElement":[{"@type":"ListItem","position":1,"name":"Accueil","item":"https:\/\/finelife.tv\/fr\/"},{"@type":"ListItem","position":2,"name":"Art Capital retrouve le Grand Palais"}]},{"@type":"WebSite","@id":"https:\/\/finelife.tv\/fr\/#website","url":"https:\/\/finelife.tv\/fr\/","name":"FineLife.tv","description":"Quand l&#039;Art de vivre croise l&#039;Art de penser","potentialAction":[{"@type":"SearchAction","target":{"@type":"EntryPoint","urlTemplate":"https:\/\/finelife.tv\/fr\/?s={search_term_string}"},"query-input":{"@type":"PropertyValueSpecification","valueRequired":true,"valueName":"search_term_string"}}],"inLanguage":"fr-FR"},{"@type":"Person","@id":"https:\/\/finelife.tv\/fr\/#\/schema\/person\/e3d980b0c0b3dc5af01c3455893c8c52","name":"Leonore","image":{"@type":"ImageObject","inLanguage":"fr-FR","@id":"https:\/\/secure.gravatar.com\/avatar\/9a2e5073417479f910ffdeee54da5ccf4f91eab62746ce0ae0e81124a9491a79?s=96&d=mm&r=g","url":"https:\/\/secure.gravatar.com\/avatar\/9a2e5073417479f910ffdeee54da5ccf4f91eab62746ce0ae0e81124a9491a79?s=96&d=mm&r=g","contentUrl":"https:\/\/secure.gravatar.com\/avatar\/9a2e5073417479f910ffdeee54da5ccf4f91eab62746ce0ae0e81124a9491a79?s=96&d=mm&r=g","caption":"Leonore"}}]}},"_links":{"self":[{"href":"https:\/\/finelife.tv\/fr\/wp-json\/wp\/v2\/posts\/21929","targetHints":{"allow":["GET"]}}],"collection":[{"href":"https:\/\/finelife.tv\/fr\/wp-json\/wp\/v2\/posts"}],"about":[{"href":"https:\/\/finelife.tv\/fr\/wp-json\/wp\/v2\/types\/post"}],"author":[{"embeddable":true,"href":"https:\/\/finelife.tv\/fr\/wp-json\/wp\/v2\/users\/1"}],"replies":[{"embeddable":true,"href":"https:\/\/finelife.tv\/fr\/wp-json\/wp\/v2\/comments?post=21929"}],"version-history":[{"count":16,"href":"https:\/\/finelife.tv\/fr\/wp-json\/wp\/v2\/posts\/21929\/revisions"}],"predecessor-version":[{"id":21950,"href":"https:\/\/finelife.tv\/fr\/wp-json\/wp\/v2\/posts\/21929\/revisions\/21950"}],"wp:attachment":[{"href":"https:\/\/finelife.tv\/fr\/wp-json\/wp\/v2\/media?parent=21929"}],"wp:term":[{"taxonomy":"category","embeddable":true,"href":"https:\/\/finelife.tv\/fr\/wp-json\/wp\/v2\/categories?post=21929"},{"taxonomy":"post_tag","embeddable":true,"href":"https:\/\/finelife.tv\/fr\/wp-json\/wp\/v2\/tags?post=21929"}],"curies":[{"name":"wp","href":"https:\/\/api.w.org\/{rel}","templated":true}]}}