{"id":22324,"date":"2025-03-21T19:54:12","date_gmt":"2025-03-21T18:54:12","guid":{"rendered":"https:\/\/finelife.tv\/fr\/?p=22324"},"modified":"2026-03-26T18:45:11","modified_gmt":"2026-03-26T17:45:11","slug":"expo-paysages-mouvants-au-jeu-de-paume","status":"publish","type":"post","link":"https:\/\/finelife.tv\/fr\/2025\/03\/21\/expo-paysages-mouvants-au-jeu-de-paume\/","title":{"rendered":"Expo Paysages mouvants au Jeu de Paume"},"content":{"rendered":"<div class=\"wp-block-image\">\n<figure class=\"aligncenter size-large\"><img loading=\"lazy\" decoding=\"async\" width=\"731\" height=\"1024\" src=\"https:\/\/finelife.tv\/fr\/wp-content\/uploads\/2025\/03\/img-src-22https-finelife.tvimage.jpg-alt-22Expo-Paysages-mouvants-au-Jeu-de-Paume22-731x1024.jpg\" alt=\"\" class=\"wp-image-22336\" srcset=\"https:\/\/finelife.tv\/fr\/wp-content\/uploads\/2025\/03\/img-src-22https-finelife.tvimage.jpg-alt-22Expo-Paysages-mouvants-au-Jeu-de-Paume22-731x1024.jpg 731w, https:\/\/finelife.tv\/fr\/wp-content\/uploads\/2025\/03\/img-src-22https-finelife.tvimage.jpg-alt-22Expo-Paysages-mouvants-au-Jeu-de-Paume22-214x300.jpg 214w, https:\/\/finelife.tv\/fr\/wp-content\/uploads\/2025\/03\/img-src-22https-finelife.tvimage.jpg-alt-22Expo-Paysages-mouvants-au-Jeu-de-Paume22-768x1076.jpg 768w, https:\/\/finelife.tv\/fr\/wp-content\/uploads\/2025\/03\/img-src-22https-finelife.tvimage.jpg-alt-22Expo-Paysages-mouvants-au-Jeu-de-Paume22-1096x1536.jpg 1096w, https:\/\/finelife.tv\/fr\/wp-content\/uploads\/2025\/03\/img-src-22https-finelife.tvimage.jpg-alt-22Expo-Paysages-mouvants-au-Jeu-de-Paume22-1461x2048.jpg 1461w, https:\/\/finelife.tv\/fr\/wp-content\/uploads\/2025\/03\/img-src-22https-finelife.tvimage.jpg-alt-22Expo-Paysages-mouvants-au-Jeu-de-Paume22-scaled.jpg 1827w\" sizes=\"auto, (max-width: 731px) 100vw, 731px\" \/><\/figure>\n<\/div>\n\n\n<p><strong>Expo Paysages mouvants au Jeu de Paume. Un voyage artistique au c\u0153ur de la douleur et des m\u00e9moires du monde port\u00e9 par des images fabuleuses qui ouvrent de nouveaux imaginaires. Hypnotique !<\/strong><\/p>\n\n\n\n<p>Apr\u00e8s Fata Morgana en 2022, le Jeu de Paume poursuit son exploration des m\u00e9tamorphoses de l\u2019image contemporaine. <strong>Paysages mouvants<\/strong> r\u00e9unit les \u0153uvres souvent in\u00e9dites de 15 artistes de la sc\u00e8ne artistique actuelle. Car 14 sont en effet sp\u00e9cialement produites pour l&rsquo;\u00e9v\u00e9nement. <\/p>\n\n\n\n<p>Chaque salle est une immersion dans un milieu \u00e0 travers images et installations, l&rsquo;ensemble accompagn\u00e9 par une narration qui mobilise les sens. Celle imagin\u00e9e par la sc\u00e9nariste Loo Hui Phang.<\/p>\n\n\n\n<p><\/p>\n\n\n\n<h2 class=\"wp-block-heading\">La douleur du monde<\/h2>\n\n\n<div class=\"wp-block-image\">\n<figure class=\"aligncenter size-large\"><img loading=\"lazy\" decoding=\"async\" width=\"768\" height=\"1024\" src=\"https:\/\/finelife.tv\/fr\/wp-content\/uploads\/2025\/03\/img-src-22https-finelife.tvimage.jpg-alt-22Expo-Paysages-mouvants-au-Jeu-de-Paume-julien-charriere-invitatipn-to-disappear22-768x1024.jpg\" alt=\"\" class=\"wp-image-22346\" srcset=\"https:\/\/finelife.tv\/fr\/wp-content\/uploads\/2025\/03\/img-src-22https-finelife.tvimage.jpg-alt-22Expo-Paysages-mouvants-au-Jeu-de-Paume-julien-charriere-invitatipn-to-disappear22-768x1024.jpg 768w, https:\/\/finelife.tv\/fr\/wp-content\/uploads\/2025\/03\/img-src-22https-finelife.tvimage.jpg-alt-22Expo-Paysages-mouvants-au-Jeu-de-Paume-julien-charriere-invitatipn-to-disappear22-225x300.jpg 225w, https:\/\/finelife.tv\/fr\/wp-content\/uploads\/2025\/03\/img-src-22https-finelife.tvimage.jpg-alt-22Expo-Paysages-mouvants-au-Jeu-de-Paume-julien-charriere-invitatipn-to-disappear22-1152x1536.jpg 1152w, https:\/\/finelife.tv\/fr\/wp-content\/uploads\/2025\/03\/img-src-22https-finelife.tvimage.jpg-alt-22Expo-Paysages-mouvants-au-Jeu-de-Paume-julien-charriere-invitatipn-to-disappear22-1536x2048.jpg 1536w, https:\/\/finelife.tv\/fr\/wp-content\/uploads\/2025\/03\/img-src-22https-finelife.tvimage.jpg-alt-22Expo-Paysages-mouvants-au-Jeu-de-Paume-julien-charriere-invitatipn-to-disappear22-scaled.jpg 1920w\" sizes=\"auto, (max-width: 768px) 100vw, 768px\" \/><figcaption class=\"wp-element-caption\">An invitation to Disappear Julian Charri\u00e8re (d\u00e9tail)<\/figcaption><\/figure>\n<\/div>\n\n\n<p>En ouverture la glace et le feu. Towards No Earthly Pole \u2013 Conway (2019) lance les hostilit\u00e9s avec ses glaciers noircis. Julian Charri\u00e8re expose aussi An Invitation to Disappear, un appel posant la question de la monoculture qui impacte profond\u00e9ment les \u00e9cosyst\u00e8mes. Clich\u00e9s de feux de for\u00eats dans les jungle \u00e0 l&rsquo;appui.<\/p>\n\n\n\n<p>Tandis que les Racines Andrea d&rsquo;Olga Mantovani interroge notre rapport aux for\u00eats primaires avec des pellicules Kodak p\u00e9rim\u00e9es et d&rsquo;autres r\u00e9v\u00e9lant des paysages aux nuances de violet et de rouge. <\/p>\n\n\n<div class=\"wp-block-image\">\n<figure class=\"aligncenter size-large\"><img loading=\"lazy\" decoding=\"async\" width=\"768\" height=\"1024\" src=\"https:\/\/finelife.tv\/fr\/wp-content\/uploads\/2025\/03\/img-src-22https-finelife.tvimage.jpg-alt-22Expo-Paysages-mouvants-au-Jeu-de-Paume-leonard-pogo22-768x1024.jpg\" alt=\"\" class=\"wp-image-22345\" srcset=\"https:\/\/finelife.tv\/fr\/wp-content\/uploads\/2025\/03\/img-src-22https-finelife.tvimage.jpg-alt-22Expo-Paysages-mouvants-au-Jeu-de-Paume-leonard-pogo22-768x1024.jpg 768w, https:\/\/finelife.tv\/fr\/wp-content\/uploads\/2025\/03\/img-src-22https-finelife.tvimage.jpg-alt-22Expo-Paysages-mouvants-au-Jeu-de-Paume-leonard-pogo22-225x300.jpg 225w, https:\/\/finelife.tv\/fr\/wp-content\/uploads\/2025\/03\/img-src-22https-finelife.tvimage.jpg-alt-22Expo-Paysages-mouvants-au-Jeu-de-Paume-leonard-pogo22-1152x1536.jpg 1152w, https:\/\/finelife.tv\/fr\/wp-content\/uploads\/2025\/03\/img-src-22https-finelife.tvimage.jpg-alt-22Expo-Paysages-mouvants-au-Jeu-de-Paume-leonard-pogo22-1536x2048.jpg 1536w, https:\/\/finelife.tv\/fr\/wp-content\/uploads\/2025\/03\/img-src-22https-finelife.tvimage.jpg-alt-22Expo-Paysages-mouvants-au-Jeu-de-Paume-leonard-pogo22-scaled.jpg 1920w\" sizes=\"auto, (max-width: 768px) 100vw, 768px\" \/><figcaption class=\"wp-element-caption\">Installation L\u00e9onard Pongo<\/figcaption><\/figure>\n<\/div>\n\n\n<p>De son c\u00f4t\u00e9, L\u00e9onard Pongo avec son paysage de calques, de couches, de projections rappelle que les for\u00eats du Congo doivent plut\u00f4t \u00eatre vues comme une source de vie que comme une corne d&rsquo;abondance \u00e0 piller. <\/p>\n\n\n\n<h2 class=\"wp-block-heading\">Beaut\u00e9s toxiques<\/h2>\n\n\n<div class=\"wp-block-image\">\n<figure class=\"aligncenter size-large\"><img loading=\"lazy\" decoding=\"async\" width=\"768\" height=\"1024\" src=\"https:\/\/finelife.tv\/fr\/wp-content\/uploads\/2025\/03\/img-src-22https-finelife.tvimage.jpg-alt-22Expo-Paysages-mouvants-au-Jeu-de-Paume-soleil-vert-richard-pak22-768x1024.jpg\" alt=\"\" class=\"wp-image-22339\" srcset=\"https:\/\/finelife.tv\/fr\/wp-content\/uploads\/2025\/03\/img-src-22https-finelife.tvimage.jpg-alt-22Expo-Paysages-mouvants-au-Jeu-de-Paume-soleil-vert-richard-pak22-768x1024.jpg 768w, https:\/\/finelife.tv\/fr\/wp-content\/uploads\/2025\/03\/img-src-22https-finelife.tvimage.jpg-alt-22Expo-Paysages-mouvants-au-Jeu-de-Paume-soleil-vert-richard-pak22-225x300.jpg 225w, https:\/\/finelife.tv\/fr\/wp-content\/uploads\/2025\/03\/img-src-22https-finelife.tvimage.jpg-alt-22Expo-Paysages-mouvants-au-Jeu-de-Paume-soleil-vert-richard-pak22-1152x1536.jpg 1152w, https:\/\/finelife.tv\/fr\/wp-content\/uploads\/2025\/03\/img-src-22https-finelife.tvimage.jpg-alt-22Expo-Paysages-mouvants-au-Jeu-de-Paume-soleil-vert-richard-pak22-1536x2048.jpg 1536w, https:\/\/finelife.tv\/fr\/wp-content\/uploads\/2025\/03\/img-src-22https-finelife.tvimage.jpg-alt-22Expo-Paysages-mouvants-au-Jeu-de-Paume-soleil-vert-richard-pak22-scaled.jpg 1920w\" sizes=\"auto, (max-width: 768px) 100vw, 768px\" \/><figcaption class=\"wp-element-caption\">Richard Park soleil vert d\u00e9tail <\/figcaption><\/figure>\n<\/div>\n\n\n<p>Paysages mouvants expose parfois des espaces ravag\u00e9s \u00e0 la beaut\u00e9 stup\u00e9fiante apr\u00e8s un traitement technique. Ce qui rappelle les d\u00e9bats sur l&rsquo;esth\u00e9tique de la guerre. <\/p>\n\n\n<div class=\"wp-block-image\">\n<figure class=\"aligncenter size-large\"><img loading=\"lazy\" decoding=\"async\" width=\"768\" height=\"1024\" src=\"https:\/\/finelife.tv\/fr\/wp-content\/uploads\/2025\/03\/img-src-22https-finelife.tvimage.jpg-alt-22Expo-Paysages-mouvants-au-Jeu-de-Paume-detail-richard-pak22-768x1024.jpg\" alt=\"\" class=\"wp-image-22338\" srcset=\"https:\/\/finelife.tv\/fr\/wp-content\/uploads\/2025\/03\/img-src-22https-finelife.tvimage.jpg-alt-22Expo-Paysages-mouvants-au-Jeu-de-Paume-detail-richard-pak22-768x1024.jpg 768w, https:\/\/finelife.tv\/fr\/wp-content\/uploads\/2025\/03\/img-src-22https-finelife.tvimage.jpg-alt-22Expo-Paysages-mouvants-au-Jeu-de-Paume-detail-richard-pak22-225x300.jpg 225w, https:\/\/finelife.tv\/fr\/wp-content\/uploads\/2025\/03\/img-src-22https-finelife.tvimage.jpg-alt-22Expo-Paysages-mouvants-au-Jeu-de-Paume-detail-richard-pak22-1152x1536.jpg 1152w, https:\/\/finelife.tv\/fr\/wp-content\/uploads\/2025\/03\/img-src-22https-finelife.tvimage.jpg-alt-22Expo-Paysages-mouvants-au-Jeu-de-Paume-detail-richard-pak22-1536x2048.jpg 1536w, https:\/\/finelife.tv\/fr\/wp-content\/uploads\/2025\/03\/img-src-22https-finelife.tvimage.jpg-alt-22Expo-Paysages-mouvants-au-Jeu-de-Paume-detail-richard-pak22-scaled.jpg 1920w\" sizes=\"auto, (max-width: 768px) 100vw, 768px\" \/><figcaption class=\"wp-element-caption\">Richard Park d\u00e9tail s\u00e9rie L&rsquo;\u00cele d\u00e9racin\u00e9e<\/figcaption><\/figure>\n<\/div>\n\n\n<p>Richard Pak retrace ainsi le destin tragique de Nauru, \u00eele de Micron\u00e9sie d\u00e9vast\u00e9e par l\u2019exploitation du phosphate. Il traite ses images \u00e0 l&rsquo;acide phosphoriques afin de \u00ab\u00a0r\u00e9pondre\u00a0\u00bb \u00e0 ces agressions. Le rendu, notamment Soleil vert, est d&rsquo;une beaut\u00e9 impressionnante, comme un soleil irradiant un trou noir. D&rsquo;autres photos de la s\u00e9rie L&rsquo;\u00cele naufrag\u00e9e d\u00e9clinent ces bulles fatales dans un saisissant ballet de cercles violet o\u00f9 semblent flotter des filaments de chair et de feu. Le contraste avec la r\u00e9alit\u00e9 n&rsquo;en est que plus dramatique. <\/p>\n\n\n\n<h2 class=\"wp-block-heading\">Espaces mouvants de migrations <\/h2>\n\n\n<div class=\"wp-block-image\">\n<figure class=\"aligncenter size-large\"><img loading=\"lazy\" decoding=\"async\" width=\"1024\" height=\"632\" src=\"https:\/\/finelife.tv\/fr\/wp-content\/uploads\/2025\/03\/img-src-22https-finelife.tvimage.jpg-alt-22Expo-Paysages-mouvants-au-Jeu-de-Paume-ballon-yoyogonthier22-1024x632.jpg\" alt=\"\" class=\"wp-image-22337\" srcset=\"https:\/\/finelife.tv\/fr\/wp-content\/uploads\/2025\/03\/img-src-22https-finelife.tvimage.jpg-alt-22Expo-Paysages-mouvants-au-Jeu-de-Paume-ballon-yoyogonthier22-1024x632.jpg 1024w, https:\/\/finelife.tv\/fr\/wp-content\/uploads\/2025\/03\/img-src-22https-finelife.tvimage.jpg-alt-22Expo-Paysages-mouvants-au-Jeu-de-Paume-ballon-yoyogonthier22-300x185.jpg 300w, https:\/\/finelife.tv\/fr\/wp-content\/uploads\/2025\/03\/img-src-22https-finelife.tvimage.jpg-alt-22Expo-Paysages-mouvants-au-Jeu-de-Paume-ballon-yoyogonthier22-768x474.jpg 768w, https:\/\/finelife.tv\/fr\/wp-content\/uploads\/2025\/03\/img-src-22https-finelife.tvimage.jpg-alt-22Expo-Paysages-mouvants-au-Jeu-de-Paume-ballon-yoyogonthier22-1536x948.jpg 1536w, https:\/\/finelife.tv\/fr\/wp-content\/uploads\/2025\/03\/img-src-22https-finelife.tvimage.jpg-alt-22Expo-Paysages-mouvants-au-Jeu-de-Paume-ballon-yoyogonthier22-2048x1264.jpg 2048w\" sizes=\"auto, (max-width: 1024px) 100vw, 1024px\" \/><figcaption class=\"wp-element-caption\">Yo-Yo Gonthier Ballon <\/figcaption><\/figure>\n<\/div>\n\n\n<p>De l&rsquo;\u00eele au d\u00e9sert avec le tr\u00e8s po\u00e9tique \u00ab\u00a0Une \u00e9claircie fabuleuse\u00a0\u00bb et ses nu\u00e9es au dessus du Sahara. Yo-Yo Gonthier cartographie les migrations, la marche des hommes dans les paysages. \u00ab\u00a0Il faut \u00eatre l\u00e0 o\u00f9 des \u00e9claircies peuvent apparaitre car ces \u00e9claircies sont des rencontres\u00a0\u00bb raconte l&rsquo;artiste plasticien qui a con\u00e7u un ballon, une structure volante de 8 m\u00e8tres de long.<\/p>\n\n\n<div class=\"wp-block-image\">\n<figure class=\"aligncenter size-large\"><img loading=\"lazy\" decoding=\"async\" width=\"1024\" height=\"210\" src=\"https:\/\/finelife.tv\/fr\/wp-content\/uploads\/2025\/03\/img-src-22https-finelife.tvimage.jpg-alt-22Expo-Paysages-mouvants-au-Jeu-de-Paume-nuages-yoyo-gonthier22-1024x210.jpg\" alt=\"\" class=\"wp-image-22348\" srcset=\"https:\/\/finelife.tv\/fr\/wp-content\/uploads\/2025\/03\/img-src-22https-finelife.tvimage.jpg-alt-22Expo-Paysages-mouvants-au-Jeu-de-Paume-nuages-yoyo-gonthier22-1024x210.jpg 1024w, https:\/\/finelife.tv\/fr\/wp-content\/uploads\/2025\/03\/img-src-22https-finelife.tvimage.jpg-alt-22Expo-Paysages-mouvants-au-Jeu-de-Paume-nuages-yoyo-gonthier22-300x61.jpg 300w, https:\/\/finelife.tv\/fr\/wp-content\/uploads\/2025\/03\/img-src-22https-finelife.tvimage.jpg-alt-22Expo-Paysages-mouvants-au-Jeu-de-Paume-nuages-yoyo-gonthier22-768x157.jpg 768w, https:\/\/finelife.tv\/fr\/wp-content\/uploads\/2025\/03\/img-src-22https-finelife.tvimage.jpg-alt-22Expo-Paysages-mouvants-au-Jeu-de-Paume-nuages-yoyo-gonthier22-1536x315.jpg 1536w, https:\/\/finelife.tv\/fr\/wp-content\/uploads\/2025\/03\/img-src-22https-finelife.tvimage.jpg-alt-22Expo-Paysages-mouvants-au-Jeu-de-Paume-nuages-yoyo-gonthier22-2048x419.jpg 2048w\" sizes=\"auto, (max-width: 1024px) 100vw, 1024px\" \/><figcaption class=\"wp-element-caption\">Yo-Yo Gonthier Une \u00c9claircie fabuleuse<\/figcaption><\/figure>\n<\/div>\n\n\n<p>Pour Prune Phi, la rizi\u00e8re est aussi un paysage de m\u00e9moire passant de g\u00e9n\u00e9ration en g\u00e9n\u00e9ration. Avec .com elle retrace un chemin d&rsquo;exil du Vietnam jusqu\u2019au restaurant de son grand-p\u00e8re dans le sud de la France. Elle recherche aussi dans la  rizi\u00e8re les traces du d\u00e9placement du riz jusqu\u2019\u00e0 sa culture en Camargue. <\/p>\n\n\n\n<p>Mathieu Pernot photographie les traces laiss\u00e9es par le passage des r\u00e9fugi\u00e9s dans la for\u00eat de Calais, ainsi que les oliviers mutil\u00e9s du camp de Moria, \u00e0 Lesbos, dont les branches sont utilis\u00e9es par les r\u00e9fugi\u00e9s pour faire du feu. Pour le photographe l&rsquo;astronomie, la botanique, l\u2019anatomie, la cartographie, sont d&rsquo;autres moyens de raconter les migrations.<\/p>\n\n\n\n<p>L&rsquo;exposition montre aussi les \u00e9l\u00e9ments d&rsquo;un r\u00e9cit polyphonique. Erwan Cheikh Albassatne \u00e9tablit des arbres phylog\u00e9n\u00e9tiques d\u2019esp\u00e8ces arbor\u00e9es m\u00e9diterran\u00e9ennes, ayant \u00e9volu\u00e9 et migr\u00e9 au fil du temps en regard du travail de Mathieu Pernot sur les migrants en M\u00e9diterran\u00e9e.<\/p>\n\n\n\n<p>C&rsquo;est presque un clich\u00e9, l&rsquo;\u00e9change de savoirs comme le commerce peut adoucir les m\u0153urs.<\/p>\n\n\n\n<h2 class=\"wp-block-heading\">Paradis artificiels et nouveaux r\u00e9cits<\/h2>\n\n\n<div class=\"wp-block-image\">\n<figure class=\"aligncenter size-large\"><img loading=\"lazy\" decoding=\"async\" width=\"768\" height=\"1024\" src=\"https:\/\/finelife.tv\/fr\/wp-content\/uploads\/2025\/03\/img-src-22https-finelife.tvimage.jpg-alt-22Expo-Paysages-mouvants-au-Jeu-de-Paume-planeta-julien-lombardi22-768x1024.jpg\" alt=\"\" class=\"wp-image-22343\" srcset=\"https:\/\/finelife.tv\/fr\/wp-content\/uploads\/2025\/03\/img-src-22https-finelife.tvimage.jpg-alt-22Expo-Paysages-mouvants-au-Jeu-de-Paume-planeta-julien-lombardi22-768x1024.jpg 768w, https:\/\/finelife.tv\/fr\/wp-content\/uploads\/2025\/03\/img-src-22https-finelife.tvimage.jpg-alt-22Expo-Paysages-mouvants-au-Jeu-de-Paume-planeta-julien-lombardi22-225x300.jpg 225w, https:\/\/finelife.tv\/fr\/wp-content\/uploads\/2025\/03\/img-src-22https-finelife.tvimage.jpg-alt-22Expo-Paysages-mouvants-au-Jeu-de-Paume-planeta-julien-lombardi22-1152x1536.jpg 1152w, https:\/\/finelife.tv\/fr\/wp-content\/uploads\/2025\/03\/img-src-22https-finelife.tvimage.jpg-alt-22Expo-Paysages-mouvants-au-Jeu-de-Paume-planeta-julien-lombardi22-1536x2048.jpg 1536w, https:\/\/finelife.tv\/fr\/wp-content\/uploads\/2025\/03\/img-src-22https-finelife.tvimage.jpg-alt-22Expo-Paysages-mouvants-au-Jeu-de-Paume-planeta-julien-lombardi22-scaled.jpg 1920w\" sizes=\"auto, (max-width: 768px) 100vw, 768px\" \/><figcaption class=\"wp-element-caption\">Plan\u00e9ta Julien Lombardi (d\u00e9tail)<\/figcaption><\/figure>\n<\/div>\n\n\n<p>\u00ab\u00a0Chaque projet se saisit des espaces naturels aux prises avec des st\u00e9r\u00e9otypes \u2013 la jungle, l\u2019oasis, le ciel, le d\u00e9sert, la for\u00eat \u2013 pour en proposer un nouvel imaginaire\u00a0\u00bb explique Jeanne Mercier, commissaire de l&rsquo;exposition.<\/p>\n\n\n\n<p>Plan\u00e9ta de Julien Lombardi donne \u00e0 voir les clich\u00e9s f\u00e9\u00e9riques autant que fantomatiques du d\u00e9sert de Sonora au Mexique, terrain de simulation pour les missions Apollo dans les ann\u00e9es 60. Dans cet \u00e9den d&rsquo;astronaute, le photographe construit un contre r\u00e9cit de la conqu\u00eate spatiale en interrogeant les fronti\u00e8res terre-cosmos.<\/p>\n\n\n\n<p>Le parcours questionne le fa\u00e7onnement de notre regard au fil des si\u00e8cles avec en fil rouge le palmier.<\/p>\n\n\n\n<p>Laila Hida interroge ainsi la fabrication d\u2019imaginaires \u00e0 partir de la repr\u00e9sentation de l\u2019oasis et de sa mythification dans la peinture, la litt\u00e9rature de voyage, puis le cin\u00e9ma. Le Voyage du Phoenix s&rsquo;inspire de l&rsquo;itin\u00e9raire du palmier dattier Phoenix dactylifera. \u00c0 la fin du XIXe si\u00e8cle, en pleine vague orientaliste, il est transplant\u00e9 d&rsquo;Afrique du Nord vers la Riviera fran\u00e7aise puis vers la Californie.<\/p>\n\n\n<div class=\"wp-block-image\">\n<figure class=\"aligncenter size-full\"><img loading=\"lazy\" decoding=\"async\" width=\"743\" height=\"405\" src=\"https:\/\/finelife.tv\/fr\/wp-content\/uploads\/2025\/03\/img-src-22https-finelife.tvimage.jpg-alt-22Expo-Paysages-mouvants-au-Jeu-de-Paume-installation-Mounir-ayache22.jpg\" alt=\"\" class=\"wp-image-22340\" srcset=\"https:\/\/finelife.tv\/fr\/wp-content\/uploads\/2025\/03\/img-src-22https-finelife.tvimage.jpg-alt-22Expo-Paysages-mouvants-au-Jeu-de-Paume-installation-Mounir-ayache22.jpg 743w, https:\/\/finelife.tv\/fr\/wp-content\/uploads\/2025\/03\/img-src-22https-finelife.tvimage.jpg-alt-22Expo-Paysages-mouvants-au-Jeu-de-Paume-installation-Mounir-ayache22-300x164.jpg 300w\" sizes=\"auto, (max-width: 743px) 100vw, 743px\" \/><figcaption class=\"wp-element-caption\">Mounir Ayache the Scylla\/Charybdis Temporal Rift Paradox<\/figcaption><\/figure>\n<\/div>\n\n\n<p>Toujours le palmier mais en version arabo-futuriste cette fois-ci avec Mounir Ayache et the Scylla\/Charybdis Temporal Rift Paradox. L&rsquo;artiste s\u2019inspire des versions arabes du mythe de Charybde et Scylla, la s\u00e9rie anim\u00e9e Ulysse 31 et la figure de L\u00e9on l\u2019Africain, explorateur et diplomate nord-africain du XVIe si\u00e8cle. L&rsquo;installation est faite de bras robotis\u00e9s, d\u2019images 3D, de draperies aux fils d\u2019or et d\u2019\u00e9crans LED.<\/p>\n\n\n\n<p>Pour terminer une dystopie et un conte. L\u2019installation d\u2019Edgar Cleijne et Ellen Gallagher plante un paradis perdu dans une for\u00eat submerg\u00e9e et imagine une s\u00e9cession des animaux.<\/p>\n\n\n\n<p>\u00c0 l&rsquo;oppos\u00e9 Eliza Levy propose dans Les Hospitaliers un paysage que l\u2019on habite : un espace-conte multisensoriel pour faire ressurgir de nos m\u00e9moires les mondes enfouies.<\/p>\n\n\n<div class=\"wp-block-image\">\n<figure class=\"aligncenter size-large\"><img loading=\"lazy\" decoding=\"async\" width=\"877\" height=\"1024\" src=\"https:\/\/finelife.tv\/fr\/wp-content\/uploads\/2025\/03\/img-src-22https-finelife.tvimage.jpg-alt-22Expo-Paysages-mouvants-au-Jeu-de-Paume-vue-exposition22-877x1024.jpg\" alt=\"\" class=\"wp-image-22344\" srcset=\"https:\/\/finelife.tv\/fr\/wp-content\/uploads\/2025\/03\/img-src-22https-finelife.tvimage.jpg-alt-22Expo-Paysages-mouvants-au-Jeu-de-Paume-vue-exposition22-877x1024.jpg 877w, https:\/\/finelife.tv\/fr\/wp-content\/uploads\/2025\/03\/img-src-22https-finelife.tvimage.jpg-alt-22Expo-Paysages-mouvants-au-Jeu-de-Paume-vue-exposition22-257x300.jpg 257w, https:\/\/finelife.tv\/fr\/wp-content\/uploads\/2025\/03\/img-src-22https-finelife.tvimage.jpg-alt-22Expo-Paysages-mouvants-au-Jeu-de-Paume-vue-exposition22-768x897.jpg 768w, https:\/\/finelife.tv\/fr\/wp-content\/uploads\/2025\/03\/img-src-22https-finelife.tvimage.jpg-alt-22Expo-Paysages-mouvants-au-Jeu-de-Paume-vue-exposition22-1316x1536.jpg 1316w, https:\/\/finelife.tv\/fr\/wp-content\/uploads\/2025\/03\/img-src-22https-finelife.tvimage.jpg-alt-22Expo-Paysages-mouvants-au-Jeu-de-Paume-vue-exposition22-1754x2048.jpg 1754w\" sizes=\"auto, (max-width: 877px) 100vw, 877px\" \/><figcaption class=\"wp-element-caption\">Vue de l&rsquo;exposition Paysages mouvants<\/figcaption><\/figure>\n<\/div>\n\n\n<h2 class=\"wp-block-heading has-text-align-center\">INFOS<\/h2>\n\n\n\n<p><strong>Paysages mouvants<\/strong><\/p>\n\n\n\n<p><strong><a href=\"https:\/\/jeudepaume.org\/\">Jeu de Paume<\/a><\/strong><\/p>\n\n\n\n<p>Du 07 f\u00e9vrier au 23 mars 2025<\/p>\n\n\n\n<p>RELATED ARTICLE <strong>Expo Paysages mouvants au Jeu de Paume<\/strong><\/p>\n\n\n\n<p><strong><a href=\"https:\/\/finelife.tv\/fr\/2024\/11\/19\/paris-photo-focus-nature\/\">Paris Photo focus nature<\/a><\/strong><\/p>\n\n\n\n<p><strong><a href=\"https:\/\/finelife.tv\/fr\/2024\/11\/01\/expo-la-fondation-henri-cartier-bresson-interroge-lidentite-et-la-trace\/\">Expo la Fondation Henri Cartier-Bresson interroge l\u2019identit\u00e9 et la trace<\/a><\/strong><\/p>\n\n\n\n<p><strong><a href=\"https:\/\/finelife.tv\/fr\/2026\/03\/25\/fares-cachoux-art-minimaliste-engagement-maximal\/\">Fares Cachoux art minimaliste engagement maximal<\/a><\/strong><\/p>\n","protected":false},"excerpt":{"rendered":"<p>Expo Paysages mouvants au Jeu de Paume. Un voyage artistique au c\u0153ur de la douleur et des m\u00e9moires du monde port\u00e9 par des images fabuleuses qui ouvrent de nouveaux imaginaires. Hypnotique !<\/p>\n","protected":false},"author":1,"featured_media":0,"comment_status":"open","ping_status":"open","sticky":false,"template":"","format":"standard","meta":{"footnotes":""},"categories":[4],"tags":[3587,68,5312,2585,4816,154,5310,1958],"class_list":["post-22324","post","type-post","status-publish","format-standard","hentry","category-blog","tag-changement-climatique","tag-exposition","tag-exposition-paysages-mouvants","tag-jeu-de-paume","tag-migrations","tag-nature","tag-paysages-mouvants","tag-photo"],"yoast_head":"<!-- This site is optimized with the Yoast SEO plugin v27.5 - https:\/\/yoast.com\/product\/yoast-seo-wordpress\/ -->\n<title>Expo Paysages mouvants au Jeu de Paume - FineLife.tv<\/title>\n<meta name=\"description\" content=\"Expo Paysages mouvants au Jeu de Paume. Un voyage artistique au c\u0153ur de la douleur et des m\u00e9moires de la nature\" \/>\n<meta name=\"robots\" content=\"index, follow, max-snippet:-1, max-image-preview:large, max-video-preview:-1\" \/>\n<link rel=\"canonical\" href=\"https:\/\/finelife.tv\/fr\/2025\/03\/21\/expo-paysages-mouvants-au-jeu-de-paume\/\" \/>\n<meta property=\"og:locale\" content=\"fr_FR\" \/>\n<meta property=\"og:type\" content=\"article\" \/>\n<meta property=\"og:title\" content=\"Expo Paysages mouvants au Jeu de Paume - FineLife.tv\" \/>\n<meta property=\"og:description\" content=\"Expo Paysages mouvants au Jeu de Paume. Un voyage artistique au c\u0153ur de la douleur et des m\u00e9moires de la nature\" \/>\n<meta property=\"og:url\" content=\"https:\/\/finelife.tv\/fr\/2025\/03\/21\/expo-paysages-mouvants-au-jeu-de-paume\/\" \/>\n<meta property=\"og:site_name\" content=\"FineLife.tv\" \/>\n<meta property=\"article:published_time\" content=\"2025-03-21T18:54:12+00:00\" \/>\n<meta property=\"article:modified_time\" content=\"2026-03-26T17:45:11+00:00\" \/>\n<meta property=\"og:image\" content=\"https:\/\/finelife.tv\/fr\/wp-content\/uploads\/2025\/03\/img-src-22https-finelife.tvimage.jpg-alt-22Expo-Paysages-mouvants-au-Jeu-de-Paume22-scaled.jpg\" \/>\n\t<meta property=\"og:image:width\" content=\"1827\" \/>\n\t<meta property=\"og:image:height\" content=\"2560\" \/>\n\t<meta property=\"og:image:type\" content=\"image\/jpeg\" \/>\n<meta name=\"author\" content=\"Leonore\" \/>\n<meta name=\"twitter:card\" content=\"summary_large_image\" \/>\n<meta name=\"twitter:creator\" content=\"@finelifetv\" \/>\n<meta name=\"twitter:site\" content=\"@finelifetv\" \/>\n<meta name=\"twitter:label1\" content=\"\u00c9crit par\" \/>\n\t<meta name=\"twitter:data1\" content=\"Leonore\" \/>\n\t<meta name=\"twitter:label2\" content=\"Dur\u00e9e de lecture estim\u00e9e\" \/>\n\t<meta name=\"twitter:data2\" content=\"7 minutes\" \/>\n<script type=\"application\/ld+json\" class=\"yoast-schema-graph\">{\"@context\":\"https:\\\/\\\/schema.org\",\"@graph\":[{\"@type\":\"Article\",\"@id\":\"https:\\\/\\\/finelife.tv\\\/fr\\\/2025\\\/03\\\/21\\\/expo-paysages-mouvants-au-jeu-de-paume\\\/#article\",\"isPartOf\":{\"@id\":\"https:\\\/\\\/finelife.tv\\\/fr\\\/2025\\\/03\\\/21\\\/expo-paysages-mouvants-au-jeu-de-paume\\\/\"},\"author\":{\"name\":\"Leonore\",\"@id\":\"https:\\\/\\\/finelife.tv\\\/fr\\\/#\\\/schema\\\/person\\\/e3d980b0c0b3dc5af01c3455893c8c52\"},\"headline\":\"Expo Paysages mouvants au Jeu de Paume\",\"datePublished\":\"2025-03-21T18:54:12+00:00\",\"dateModified\":\"2026-03-26T17:45:11+00:00\",\"mainEntityOfPage\":{\"@id\":\"https:\\\/\\\/finelife.tv\\\/fr\\\/2025\\\/03\\\/21\\\/expo-paysages-mouvants-au-jeu-de-paume\\\/\"},\"wordCount\":1081,\"commentCount\":3,\"image\":{\"@id\":\"https:\\\/\\\/finelife.tv\\\/fr\\\/2025\\\/03\\\/21\\\/expo-paysages-mouvants-au-jeu-de-paume\\\/#primaryimage\"},\"thumbnailUrl\":\"https:\\\/\\\/finelife.tv\\\/fr\\\/wp-content\\\/uploads\\\/2025\\\/03\\\/img-src-22https-finelife.tvimage.jpg-alt-22Expo-Paysages-mouvants-au-Jeu-de-Paume22-731x1024.jpg\",\"keywords\":[\"changement climatique\",\"exposition\",\"exposition paysages mouvants\",\"Jeu de Paume\",\"migrations\",\"nature\",\"paysages mouvants\",\"photo\"],\"articleSection\":[\"Blog\"],\"inLanguage\":\"fr-FR\",\"potentialAction\":[{\"@type\":\"CommentAction\",\"name\":\"Comment\",\"target\":[\"https:\\\/\\\/finelife.tv\\\/fr\\\/2025\\\/03\\\/21\\\/expo-paysages-mouvants-au-jeu-de-paume\\\/#respond\"]}]},{\"@type\":\"WebPage\",\"@id\":\"https:\\\/\\\/finelife.tv\\\/fr\\\/2025\\\/03\\\/21\\\/expo-paysages-mouvants-au-jeu-de-paume\\\/\",\"url\":\"https:\\\/\\\/finelife.tv\\\/fr\\\/2025\\\/03\\\/21\\\/expo-paysages-mouvants-au-jeu-de-paume\\\/\",\"name\":\"Expo Paysages mouvants au Jeu de Paume - FineLife.tv\",\"isPartOf\":{\"@id\":\"https:\\\/\\\/finelife.tv\\\/fr\\\/#website\"},\"primaryImageOfPage\":{\"@id\":\"https:\\\/\\\/finelife.tv\\\/fr\\\/2025\\\/03\\\/21\\\/expo-paysages-mouvants-au-jeu-de-paume\\\/#primaryimage\"},\"image\":{\"@id\":\"https:\\\/\\\/finelife.tv\\\/fr\\\/2025\\\/03\\\/21\\\/expo-paysages-mouvants-au-jeu-de-paume\\\/#primaryimage\"},\"thumbnailUrl\":\"https:\\\/\\\/finelife.tv\\\/fr\\\/wp-content\\\/uploads\\\/2025\\\/03\\\/img-src-22https-finelife.tvimage.jpg-alt-22Expo-Paysages-mouvants-au-Jeu-de-Paume22-731x1024.jpg\",\"datePublished\":\"2025-03-21T18:54:12+00:00\",\"dateModified\":\"2026-03-26T17:45:11+00:00\",\"author\":{\"@id\":\"https:\\\/\\\/finelife.tv\\\/fr\\\/#\\\/schema\\\/person\\\/e3d980b0c0b3dc5af01c3455893c8c52\"},\"description\":\"Expo Paysages mouvants au Jeu de Paume. Un voyage artistique au c\u0153ur de la douleur et des m\u00e9moires de la nature\",\"breadcrumb\":{\"@id\":\"https:\\\/\\\/finelife.tv\\\/fr\\\/2025\\\/03\\\/21\\\/expo-paysages-mouvants-au-jeu-de-paume\\\/#breadcrumb\"},\"inLanguage\":\"fr-FR\",\"potentialAction\":[{\"@type\":\"ReadAction\",\"target\":[\"https:\\\/\\\/finelife.tv\\\/fr\\\/2025\\\/03\\\/21\\\/expo-paysages-mouvants-au-jeu-de-paume\\\/\"]}]},{\"@type\":\"ImageObject\",\"inLanguage\":\"fr-FR\",\"@id\":\"https:\\\/\\\/finelife.tv\\\/fr\\\/2025\\\/03\\\/21\\\/expo-paysages-mouvants-au-jeu-de-paume\\\/#primaryimage\",\"url\":\"https:\\\/\\\/finelife.tv\\\/fr\\\/wp-content\\\/uploads\\\/2025\\\/03\\\/img-src-22https-finelife.tvimage.jpg-alt-22Expo-Paysages-mouvants-au-Jeu-de-Paume22-scaled.jpg\",\"contentUrl\":\"https:\\\/\\\/finelife.tv\\\/fr\\\/wp-content\\\/uploads\\\/2025\\\/03\\\/img-src-22https-finelife.tvimage.jpg-alt-22Expo-Paysages-mouvants-au-Jeu-de-Paume22-scaled.jpg\",\"width\":1827,\"height\":2560},{\"@type\":\"BreadcrumbList\",\"@id\":\"https:\\\/\\\/finelife.tv\\\/fr\\\/2025\\\/03\\\/21\\\/expo-paysages-mouvants-au-jeu-de-paume\\\/#breadcrumb\",\"itemListElement\":[{\"@type\":\"ListItem\",\"position\":1,\"name\":\"Accueil\",\"item\":\"https:\\\/\\\/finelife.tv\\\/fr\\\/\"},{\"@type\":\"ListItem\",\"position\":2,\"name\":\"Expo Paysages mouvants au Jeu de Paume\"}]},{\"@type\":\"WebSite\",\"@id\":\"https:\\\/\\\/finelife.tv\\\/fr\\\/#website\",\"url\":\"https:\\\/\\\/finelife.tv\\\/fr\\\/\",\"name\":\"FineLife.tv\",\"description\":\"Quand l&#039;Art de vivre croise l&#039;Art de penser\",\"potentialAction\":[{\"@type\":\"SearchAction\",\"target\":{\"@type\":\"EntryPoint\",\"urlTemplate\":\"https:\\\/\\\/finelife.tv\\\/fr\\\/?s={search_term_string}\"},\"query-input\":{\"@type\":\"PropertyValueSpecification\",\"valueRequired\":true,\"valueName\":\"search_term_string\"}}],\"inLanguage\":\"fr-FR\"},{\"@type\":\"Person\",\"@id\":\"https:\\\/\\\/finelife.tv\\\/fr\\\/#\\\/schema\\\/person\\\/e3d980b0c0b3dc5af01c3455893c8c52\",\"name\":\"Leonore\",\"image\":{\"@type\":\"ImageObject\",\"inLanguage\":\"fr-FR\",\"@id\":\"https:\\\/\\\/secure.gravatar.com\\\/avatar\\\/9a2e5073417479f910ffdeee54da5ccf4f91eab62746ce0ae0e81124a9491a79?s=96&d=mm&r=g\",\"url\":\"https:\\\/\\\/secure.gravatar.com\\\/avatar\\\/9a2e5073417479f910ffdeee54da5ccf4f91eab62746ce0ae0e81124a9491a79?s=96&d=mm&r=g\",\"contentUrl\":\"https:\\\/\\\/secure.gravatar.com\\\/avatar\\\/9a2e5073417479f910ffdeee54da5ccf4f91eab62746ce0ae0e81124a9491a79?s=96&d=mm&r=g\",\"caption\":\"Leonore\"}}]}<\/script>\n<!-- \/ Yoast SEO plugin. -->","yoast_head_json":{"title":"Expo Paysages mouvants au Jeu de Paume - FineLife.tv","description":"Expo Paysages mouvants au Jeu de Paume. Un voyage artistique au c\u0153ur de la douleur et des m\u00e9moires de la nature","robots":{"index":"index","follow":"follow","max-snippet":"max-snippet:-1","max-image-preview":"max-image-preview:large","max-video-preview":"max-video-preview:-1"},"canonical":"https:\/\/finelife.tv\/fr\/2025\/03\/21\/expo-paysages-mouvants-au-jeu-de-paume\/","og_locale":"fr_FR","og_type":"article","og_title":"Expo Paysages mouvants au Jeu de Paume - FineLife.tv","og_description":"Expo Paysages mouvants au Jeu de Paume. Un voyage artistique au c\u0153ur de la douleur et des m\u00e9moires de la nature","og_url":"https:\/\/finelife.tv\/fr\/2025\/03\/21\/expo-paysages-mouvants-au-jeu-de-paume\/","og_site_name":"FineLife.tv","article_published_time":"2025-03-21T18:54:12+00:00","article_modified_time":"2026-03-26T17:45:11+00:00","og_image":[{"width":1827,"height":2560,"url":"https:\/\/finelife.tv\/fr\/wp-content\/uploads\/2025\/03\/img-src-22https-finelife.tvimage.jpg-alt-22Expo-Paysages-mouvants-au-Jeu-de-Paume22-scaled.jpg","type":"image\/jpeg"}],"author":"Leonore","twitter_card":"summary_large_image","twitter_creator":"@finelifetv","twitter_site":"@finelifetv","twitter_misc":{"\u00c9crit par":"Leonore","Dur\u00e9e de lecture estim\u00e9e":"7 minutes"},"schema":{"@context":"https:\/\/schema.org","@graph":[{"@type":"Article","@id":"https:\/\/finelife.tv\/fr\/2025\/03\/21\/expo-paysages-mouvants-au-jeu-de-paume\/#article","isPartOf":{"@id":"https:\/\/finelife.tv\/fr\/2025\/03\/21\/expo-paysages-mouvants-au-jeu-de-paume\/"},"author":{"name":"Leonore","@id":"https:\/\/finelife.tv\/fr\/#\/schema\/person\/e3d980b0c0b3dc5af01c3455893c8c52"},"headline":"Expo Paysages mouvants au Jeu de Paume","datePublished":"2025-03-21T18:54:12+00:00","dateModified":"2026-03-26T17:45:11+00:00","mainEntityOfPage":{"@id":"https:\/\/finelife.tv\/fr\/2025\/03\/21\/expo-paysages-mouvants-au-jeu-de-paume\/"},"wordCount":1081,"commentCount":3,"image":{"@id":"https:\/\/finelife.tv\/fr\/2025\/03\/21\/expo-paysages-mouvants-au-jeu-de-paume\/#primaryimage"},"thumbnailUrl":"https:\/\/finelife.tv\/fr\/wp-content\/uploads\/2025\/03\/img-src-22https-finelife.tvimage.jpg-alt-22Expo-Paysages-mouvants-au-Jeu-de-Paume22-731x1024.jpg","keywords":["changement climatique","exposition","exposition paysages mouvants","Jeu de Paume","migrations","nature","paysages mouvants","photo"],"articleSection":["Blog"],"inLanguage":"fr-FR","potentialAction":[{"@type":"CommentAction","name":"Comment","target":["https:\/\/finelife.tv\/fr\/2025\/03\/21\/expo-paysages-mouvants-au-jeu-de-paume\/#respond"]}]},{"@type":"WebPage","@id":"https:\/\/finelife.tv\/fr\/2025\/03\/21\/expo-paysages-mouvants-au-jeu-de-paume\/","url":"https:\/\/finelife.tv\/fr\/2025\/03\/21\/expo-paysages-mouvants-au-jeu-de-paume\/","name":"Expo Paysages mouvants au Jeu de Paume - FineLife.tv","isPartOf":{"@id":"https:\/\/finelife.tv\/fr\/#website"},"primaryImageOfPage":{"@id":"https:\/\/finelife.tv\/fr\/2025\/03\/21\/expo-paysages-mouvants-au-jeu-de-paume\/#primaryimage"},"image":{"@id":"https:\/\/finelife.tv\/fr\/2025\/03\/21\/expo-paysages-mouvants-au-jeu-de-paume\/#primaryimage"},"thumbnailUrl":"https:\/\/finelife.tv\/fr\/wp-content\/uploads\/2025\/03\/img-src-22https-finelife.tvimage.jpg-alt-22Expo-Paysages-mouvants-au-Jeu-de-Paume22-731x1024.jpg","datePublished":"2025-03-21T18:54:12+00:00","dateModified":"2026-03-26T17:45:11+00:00","author":{"@id":"https:\/\/finelife.tv\/fr\/#\/schema\/person\/e3d980b0c0b3dc5af01c3455893c8c52"},"description":"Expo Paysages mouvants au Jeu de Paume. Un voyage artistique au c\u0153ur de la douleur et des m\u00e9moires de la nature","breadcrumb":{"@id":"https:\/\/finelife.tv\/fr\/2025\/03\/21\/expo-paysages-mouvants-au-jeu-de-paume\/#breadcrumb"},"inLanguage":"fr-FR","potentialAction":[{"@type":"ReadAction","target":["https:\/\/finelife.tv\/fr\/2025\/03\/21\/expo-paysages-mouvants-au-jeu-de-paume\/"]}]},{"@type":"ImageObject","inLanguage":"fr-FR","@id":"https:\/\/finelife.tv\/fr\/2025\/03\/21\/expo-paysages-mouvants-au-jeu-de-paume\/#primaryimage","url":"https:\/\/finelife.tv\/fr\/wp-content\/uploads\/2025\/03\/img-src-22https-finelife.tvimage.jpg-alt-22Expo-Paysages-mouvants-au-Jeu-de-Paume22-scaled.jpg","contentUrl":"https:\/\/finelife.tv\/fr\/wp-content\/uploads\/2025\/03\/img-src-22https-finelife.tvimage.jpg-alt-22Expo-Paysages-mouvants-au-Jeu-de-Paume22-scaled.jpg","width":1827,"height":2560},{"@type":"BreadcrumbList","@id":"https:\/\/finelife.tv\/fr\/2025\/03\/21\/expo-paysages-mouvants-au-jeu-de-paume\/#breadcrumb","itemListElement":[{"@type":"ListItem","position":1,"name":"Accueil","item":"https:\/\/finelife.tv\/fr\/"},{"@type":"ListItem","position":2,"name":"Expo Paysages mouvants au Jeu de Paume"}]},{"@type":"WebSite","@id":"https:\/\/finelife.tv\/fr\/#website","url":"https:\/\/finelife.tv\/fr\/","name":"FineLife.tv","description":"Quand l&#039;Art de vivre croise l&#039;Art de penser","potentialAction":[{"@type":"SearchAction","target":{"@type":"EntryPoint","urlTemplate":"https:\/\/finelife.tv\/fr\/?s={search_term_string}"},"query-input":{"@type":"PropertyValueSpecification","valueRequired":true,"valueName":"search_term_string"}}],"inLanguage":"fr-FR"},{"@type":"Person","@id":"https:\/\/finelife.tv\/fr\/#\/schema\/person\/e3d980b0c0b3dc5af01c3455893c8c52","name":"Leonore","image":{"@type":"ImageObject","inLanguage":"fr-FR","@id":"https:\/\/secure.gravatar.com\/avatar\/9a2e5073417479f910ffdeee54da5ccf4f91eab62746ce0ae0e81124a9491a79?s=96&d=mm&r=g","url":"https:\/\/secure.gravatar.com\/avatar\/9a2e5073417479f910ffdeee54da5ccf4f91eab62746ce0ae0e81124a9491a79?s=96&d=mm&r=g","contentUrl":"https:\/\/secure.gravatar.com\/avatar\/9a2e5073417479f910ffdeee54da5ccf4f91eab62746ce0ae0e81124a9491a79?s=96&d=mm&r=g","caption":"Leonore"}}]}},"_links":{"self":[{"href":"https:\/\/finelife.tv\/fr\/wp-json\/wp\/v2\/posts\/22324","targetHints":{"allow":["GET"]}}],"collection":[{"href":"https:\/\/finelife.tv\/fr\/wp-json\/wp\/v2\/posts"}],"about":[{"href":"https:\/\/finelife.tv\/fr\/wp-json\/wp\/v2\/types\/post"}],"author":[{"embeddable":true,"href":"https:\/\/finelife.tv\/fr\/wp-json\/wp\/v2\/users\/1"}],"replies":[{"embeddable":true,"href":"https:\/\/finelife.tv\/fr\/wp-json\/wp\/v2\/comments?post=22324"}],"version-history":[{"count":29,"href":"https:\/\/finelife.tv\/fr\/wp-json\/wp\/v2\/posts\/22324\/revisions"}],"predecessor-version":[{"id":27649,"href":"https:\/\/finelife.tv\/fr\/wp-json\/wp\/v2\/posts\/22324\/revisions\/27649"}],"wp:attachment":[{"href":"https:\/\/finelife.tv\/fr\/wp-json\/wp\/v2\/media?parent=22324"}],"wp:term":[{"taxonomy":"category","embeddable":true,"href":"https:\/\/finelife.tv\/fr\/wp-json\/wp\/v2\/categories?post=22324"},{"taxonomy":"post_tag","embeddable":true,"href":"https:\/\/finelife.tv\/fr\/wp-json\/wp\/v2\/tags?post=22324"}],"curies":[{"name":"wp","href":"https:\/\/api.w.org\/{rel}","templated":true}]}}