{"id":23369,"date":"2025-05-30T14:10:21","date_gmt":"2025-05-30T12:10:21","guid":{"rendered":"https:\/\/finelife.tv\/fr\/?p=23369"},"modified":"2025-11-25T20:36:47","modified_gmt":"2025-11-25T19:36:47","slug":"exposition-raphaelle-peria-la-nature-et-loubli","status":"publish","type":"post","link":"https:\/\/finelife.tv\/fr\/2025\/05\/30\/exposition-raphaelle-peria-la-nature-et-loubli\/","title":{"rendered":"Exposition Rapha\u00eblle Peria la nature et l&rsquo;oubli"},"content":{"rendered":"<div class=\"wp-block-image\">\n<figure class=\"aligncenter size-full\"><img loading=\"lazy\" decoding=\"async\" width=\"500\" height=\"326\" src=\"https:\/\/finelife.tv\/fr\/wp-content\/uploads\/2025\/05\/img-src-22https-finelife.tvimage.jpg-alt-22Exposition-Raphaelle-Peria-la-nature-et-l-oubli22.jpg\" alt=\"\" class=\"wp-image-23383\" srcset=\"https:\/\/finelife.tv\/fr\/wp-content\/uploads\/2025\/05\/img-src-22https-finelife.tvimage.jpg-alt-22Exposition-Raphaelle-Peria-la-nature-et-l-oubli22.jpg 500w, https:\/\/finelife.tv\/fr\/wp-content\/uploads\/2025\/05\/img-src-22https-finelife.tvimage.jpg-alt-22Exposition-Raphaelle-Peria-la-nature-et-l-oubli22-300x196.jpg 300w\" sizes=\"auto, (max-width: 500px) 100vw, 500px\" \/><\/figure>\n<\/div>\n\n\n<p><strong>Exposition Rapha\u00eblle Peria la nature et l&rsquo;oubli. Des paysages blancs o\u00f9 veillent des arbres aux sous-bois cuivr\u00e9s, le monde de l&rsquo;artiste est une paix m\u00e9ditative o\u00f9 les souvenirs \u00e9mergent, r\u00e9cr\u00e9\u00e9s, comme des branches de coraux morts<\/strong>. <strong>Un travail hypnotique r\u00e9alis\u00e9 \u00e0 la pointe et au scalpel. <\/strong><\/p>\n\n\n\n<p>Par L\u00e9onore Cottrant<\/p>\n\n\n\n<p>Dans le cadre de Paris Gallery Weekend, la galerie Papillon expose \u00ab\u00a0<a href=\"https:\/\/www.galeriepapillonparis.com\/?expocommunique\/Si-j-\u00e9tais-un-arbre,-je-serais-toi&amp;navlang=fr\">Si j&rsquo;\u00e9tais un arbre, je serais toi<\/a>\u00bb, la derni\u00e8re proposition de Rapha\u00eblle Peria, une artiste qui fait son chemin. Laur\u00e9ate avec Fanny Robin du Prix BMW Art Makers 2025, la Picarde passera par les rencontres photographiques d&rsquo;Arles avant de s&rsquo;installer de septembre 2025 \u00e0 juillet 2026 \u00e0 la Casa de Vel\u00e1zquez (Madrid), r\u00e9sidence prestigieuse d\u00e9di\u00e9e \u00e0 la cr\u00e9ation artistique et \u00e0 la recherche. L&rsquo;opportunit\u00e9 sans doute de cultiver son don pour la cr\u00e9ation d&rsquo;atmosph\u00e8res envoutantes dans un environnement en danger. En 2020 son solo show sur le coral bleaching alertait d\u00e9j\u00e0 sur une nature qui glisse dans la mort. Une nature qu&rsquo;il faut convoquer par la m\u00e9moire, ranimer par les souvenirs. Entretien.<\/p>\n\n\n\n<h2 class=\"wp-block-heading\">De rerum natura<\/h2>\n\n\n\n<p>L\u00e9onore Cottrant : Pourquoi ce centrage sur la nature et les arbres en particulier ? Une intimit\u00e9 particuli\u00e8re?<\/p>\n\n\n\n<p>Rapha\u00eblle Peria : J&rsquo;ai grandi dans la nature en pleine campagne au milieu des arbres de Picardie. Ce monde a toujours fait partie de moi. Je pense que les arbres veillent sur nous et qu&rsquo;ils surveillent nos souvenirs, les gardent face \u00e0 l&rsquo;\u00e9volution du paysage. Alors partout o\u00f9 je vais, je les photographie. Je le fais depuis 10 ans.<\/p>\n\n\n\n<p>La recherche de l&rsquo;arbre parfait?<\/p>\n\n\n\n<p>Exactement, je cherche l&rsquo;arbre parfait. Celui que l&rsquo;on dessine enfant. Une boule, deux traits, l&rsquo;un vertical, l&rsquo;autre horizontal. C&rsquo;est celui de \u00ab\u00a0<em>Les arbres, les fleurs, continuent de grandir sans toi<\/em>\u00a0\u00bb (photo principale).<\/p>\n\n\n<div class=\"wp-block-image\">\n<figure class=\"aligncenter size-full is-resized\"><img loading=\"lazy\" decoding=\"async\" width=\"497\" height=\"882\" src=\"https:\/\/finelife.tv\/fr\/wp-content\/uploads\/2025\/05\/img-src-22https-finelife.tvimage.jpg-alt-22Exposition-Raphaelle-Peria-la-nature-et-l-oubli-arbre22.jpg\" alt=\"\" class=\"wp-image-23386\" style=\"width:575px;height:auto\" srcset=\"https:\/\/finelife.tv\/fr\/wp-content\/uploads\/2025\/05\/img-src-22https-finelife.tvimage.jpg-alt-22Exposition-Raphaelle-Peria-la-nature-et-l-oubli-arbre22.jpg 497w, https:\/\/finelife.tv\/fr\/wp-content\/uploads\/2025\/05\/img-src-22https-finelife.tvimage.jpg-alt-22Exposition-Raphaelle-Peria-la-nature-et-l-oubli-arbre22-169x300.jpg 169w\" sizes=\"auto, (max-width: 497px) 100vw, 497px\" \/><figcaption class=\"wp-element-caption\"><em>On ne rit pas d&rsquo;un arbre bris\u00e9, <\/em>2025<\/figcaption><\/figure>\n<\/div>\n\n\n<p>Plus loin il y a \u00ab\u00a0<em>On ne rit pas d&rsquo;un arbre bris\u00e9<\/em>\u00ab\u00a0, un arbre ancien dans un sous-bois roux qui \u00e9voque un conte de f\u00e9e. La mythologie vous inspire-t-elle?<\/p>\n\n\n\n<p>Oui, c&rsquo;est vrai que cette \u0153uvre pourrait-\u00eatre l&rsquo;illustration d&rsquo;un livre de l\u00e9gendes. Mais je travaille surtout la relation, la dualit\u00e9 humain-nature. Toutefois mon premier projet portait sur \u00c9ph\u00e8se, le site mythique et ses arbres au milieu des statues d\u00e9di\u00e9es \u00e0 la d\u00e9esse Art\u00e9mis (NDR Marinus Asiaticus, 2017). Il y \u00e9tait d\u00e9j\u00e0 question de l&rsquo;effacement de la m\u00e9moire et de son resurgissement dans les photos. Le c\u00f4t\u00e9 dor\u00e9 est le r\u00e9sultat de l&rsquo;impression sur un papier peint qui imite la feuille d&rsquo;or.<\/p>\n\n\n\n<p>Et le point de d\u00e9part de ce travail \u00e9tait un livre?<\/p>\n\n\n\n<p>Oui j&rsquo;ai rencontr\u00e9 le livre de Robert Harrison, <em>For\u00eats<\/em> o\u00f9 il \u00e9crit \u00ab\u00a0\u00ab&nbsp;Incandescence des arbres. Feu de m\u00e9moire&nbsp;\u00bb. <\/p>\n\n\n\n<h2 class=\"wp-block-heading\">Peindre le silence et l&rsquo;oubli<\/h2>\n\n\n<div class=\"wp-block-image\">\n<figure class=\"aligncenter size-full is-resized\"><img loading=\"lazy\" decoding=\"async\" width=\"500\" height=\"657\" src=\"https:\/\/finelife.tv\/fr\/wp-content\/uploads\/2025\/05\/img-src-22https-finelife.tvimage.jpg-alt-22Exposition-Raphaelle-Peria-la-nature-et-l-oubli-arbre-nenuphar22.jpg\" alt=\"\" class=\"wp-image-23387\" style=\"width:666px;height:auto\" srcset=\"https:\/\/finelife.tv\/fr\/wp-content\/uploads\/2025\/05\/img-src-22https-finelife.tvimage.jpg-alt-22Exposition-Raphaelle-Peria-la-nature-et-l-oubli-arbre-nenuphar22.jpg 500w, https:\/\/finelife.tv\/fr\/wp-content\/uploads\/2025\/05\/img-src-22https-finelife.tvimage.jpg-alt-22Exposition-Raphaelle-Peria-la-nature-et-l-oubli-arbre-nenuphar22-228x300.jpg 228w\" sizes=\"auto, (max-width: 500px) 100vw, 500px\" \/><figcaption class=\"wp-element-caption\"><em>Le chancre du n\u00e9nuphar #2, <\/em>2025<\/figcaption><\/figure>\n<\/div>\n\n\n<p>Quelles sont vos sources d&rsquo;inspiration? Les livres notamment ?<\/p>\n\n\n\n<p>Puis ce sont mes principales sources d&rsquo;inspiration. Car je lis beaucoup. En particulier Murakami et J\u00f3n Kalman Stef\u00e1nsson. De la po\u00e9sie aussi. Chez Murakami il y a ce flottement entre les mondes, cette dimension du souvenir qui m&rsquo;habitent. Il y a aussi une paix, une dimension m\u00e9ditative qui m&rsquo;inspirent. Le vide, le silence, la nature.<\/p>\n\n\n\n<p>Ce qui se voit dans la s\u00e9rie des paysages d&rsquo;hiver o\u00f9 vous semblez peindre le silence, la paix. Mais il y a aussi des fleurs qui \u00e9voquent les nymph\u00e9as de Monet et les pivoines de Cy Twombly (\u00ab\u00a0<em>Le chancre du n\u00e9nuphar<\/em>\u00ab\u00a0).<\/p>\n\n\n\n<p>J&rsquo;aime beaucoup Cy Twombly et j&rsquo;ai aussi expos\u00e9 dans le cadre de Normandie Impressionniste (NDR Vogue au creux des valleuses \u00bb au Mus\u00e9e Michel Ciry de Varengeville-sur-Mer joue avec le reflet des arbres et le ciel dans la mare). <\/p>\n\n\n<div class=\"wp-block-image\">\n<figure class=\"aligncenter size-full is-resized\"><img loading=\"lazy\" decoding=\"async\" width=\"500\" height=\"644\" src=\"https:\/\/finelife.tv\/fr\/wp-content\/uploads\/2025\/05\/img-src-22https-finelife.tvimage.jpg-alt-22Exposition-Raphaelle-Peria-la-nature-et-l-oubli-arbre-neige22.jpg\" alt=\"\" class=\"wp-image-23384\" style=\"width:642px;height:auto\" srcset=\"https:\/\/finelife.tv\/fr\/wp-content\/uploads\/2025\/05\/img-src-22https-finelife.tvimage.jpg-alt-22Exposition-Raphaelle-Peria-la-nature-et-l-oubli-arbre-neige22.jpg 500w, https:\/\/finelife.tv\/fr\/wp-content\/uploads\/2025\/05\/img-src-22https-finelife.tvimage.jpg-alt-22Exposition-Raphaelle-Peria-la-nature-et-l-oubli-arbre-neige22-233x300.jpg 233w\" sizes=\"auto, (max-width: 500px) 100vw, 500px\" \/><figcaption class=\"wp-element-caption\"><em>Monochrome #1, <\/em>2024<\/figcaption><\/figure>\n<\/div>\n\n\n<p>Mais le blanc domine &#8230; <\/p>\n\n\n\n<p>Oui car le blanc, la couleur de l&rsquo;oubli, est au c\u0153ur de mon travail. Les souvenirs s&rsquo;effacent, disparaissent. Mon travail sur le corail blanc renvoyait au danger qui menace la biodiversit\u00e9 en \u00e9cho aux couleurs qui disparaissent. Plus g\u00e9n\u00e9ralement, quand je prends une photo je la mets de c\u00f4t\u00e9. Je l&rsquo;oublie. Puis je la retravaille afin de mettre en avant ce que j&rsquo;ai effac\u00e9 de ma m\u00e9moire et qui r\u00e9apparait.<\/p>\n\n\n\n<p>Dans l&rsquo;exposition, il y a beaucoup d&rsquo;\u0153uvres au blanc mais aussi des photos avec des couleurs. Pourquoi cette coexistence?<\/p>\n\n\n\n<p>Cela illustre les deux temps de mon travail. Je cherche le blanc depuis 10 ans car j&rsquo;avais une puissante envie de monochrome. J&rsquo;avais besoin d&rsquo;acc\u00e9der au blanc total afin d&rsquo;amener la couleur dans le paysage. Ce que je fais donc ici.<\/p>\n\n\n\n<p>La couleur c&rsquo;est un certain optimisme.<\/p>\n\n\n\n<p>Peut-\u00eatre. En ao\u00fbt 2021 des feux de for\u00eats ont ravag\u00e9 de 80 % de la R\u00e9serve naturelle nationale de la Plaine des Maures \u00e0 Aix en Provence. J&rsquo;ai peint la nature qui se r\u00e9g\u00e9n\u00e8re, brin apr\u00e8s brin.<\/p>\n\n\n\n<h2 class=\"wp-block-heading\">Entre pointe et scalpel<\/h2>\n\n\n<div class=\"wp-block-image\">\n<figure class=\"aligncenter size-full is-resized\"><img loading=\"lazy\" decoding=\"async\" width=\"492\" height=\"758\" src=\"https:\/\/finelife.tv\/fr\/wp-content\/uploads\/2025\/05\/img-src-22https-finelife.tvimage.jpg-alt-22Exposition-Raphaelle-Peria-la-nature-et-l-oubli-arbre-corail22.jpg\" alt=\"\" class=\"wp-image-23385\" style=\"width:616px;height:auto\" srcset=\"https:\/\/finelife.tv\/fr\/wp-content\/uploads\/2025\/05\/img-src-22https-finelife.tvimage.jpg-alt-22Exposition-Raphaelle-Peria-la-nature-et-l-oubli-arbre-corail22.jpg 492w, https:\/\/finelife.tv\/fr\/wp-content\/uploads\/2025\/05\/img-src-22https-finelife.tvimage.jpg-alt-22Exposition-Raphaelle-Peria-la-nature-et-l-oubli-arbre-corail22-195x300.jpg 195w\" sizes=\"auto, (max-width: 492px) 100vw, 492px\" \/><figcaption class=\"wp-element-caption\"><em>Si la pluie s&rsquo;\u00e9tait arr\u00eat\u00e9e #3, <\/em>2025<\/figcaption><\/figure>\n<\/div>\n\n\n<p>Un effet presque presque pointilliste. Justement parlez-nous de votre technique; <\/p>\n\n\n\n<p>Je prend des photos, ensuite je fais un tirage sur un papier que je choisis. Puis je gratte le papier. Je sculpte une nouvelle image avec diff\u00e9rents instruments qui creusent le papier et\/ou le soul\u00e8vent. J&rsquo;ai commenc\u00e9 avec 10 outils aujourd&rsquo;hui j&rsquo;en ai 40. Je travaille avec des outils de chirurgien, de dentiste comme le scalpel et la fraise et avec des instruments de graveur comme la pointe s\u00e8che. D&rsquo;autre part, je traite la couleur pour que le blanc apparaisse.<\/p>\n\n\n\n<p>Avec son arbre cin\u00e9tique qui s&rsquo;avance et ses paysages de silence, la m\u00e9moire du monde version Rapha\u00eblle Peria reste ind\u00e9niablement grav\u00e9e dans l&rsquo;esprit de celui qui regarde.<\/p>\n\n\n\n<p><\/p>\n\n\n\n<h2 class=\"wp-block-heading has-text-align-center\">INFOS<\/h2>\n\n\n\n<p><strong>Rapha\u00eblle Peria Si j&rsquo;\u00e9tais un arbre, je serais toi<\/strong><\/p>\n\n\n\n<p><strong><a href=\"https:\/\/www.galeriepapillonparis.com\/\">Galerie Papillon <\/a><\/strong><\/p>\n\n\n\n<p>13 rue Chapon 75003 Paris<\/p>\n\n\n\n<p>du 23 mai au 17 juillet 2025<\/p>\n\n\n\n<p>Related article Exposition Rapha\u00eblle Peria la nature et l&rsquo;oubli<\/p>\n\n\n\n<p><strong><a href=\"https:\/\/finelife.tv\/fr\/2023\/10\/24\/expo-mamma-andersson-lart-de-ladieu\/\">Expo Mamma Andersonn l&rsquo;art de l&rsquo;adieu<\/a><\/strong><\/p>\n\n\n\n<p><strong><a href=\"https:\/\/finelife.tv\/fr\/2025\/01\/28\/art-mary-stephenson-et-le-carrousel-demotions\/\">Art Mary Stephenson et le carrousel d\u2019\u00e9motions<\/a><\/strong><\/p>\n\n\n\n<p><strong><a href=\"https:\/\/finelife.tv\/fr\/2025\/11\/25\/paris-photo-2025-urgence-climatique\/\">Paris Photo 2025 urgence climatique<\/a><\/strong><\/p>\n","protected":false},"excerpt":{"rendered":"<p> Des paysages blancs o\u00f9 veillent des arbres aux sous-bois cuivr\u00e9s, le monde de l&rsquo;artiste Rapha\u00eblle Peria est une paix m\u00e9ditative o\u00f9 les souvenirs \u00e9mergent, r\u00e9cr\u00e9\u00e9s, comme des branches de coraux morts. Un travail hypnotique r\u00e9alis\u00e9e \u00e0 la pointe et au scalpel<\/p>\n","protected":false},"author":1,"featured_media":0,"comment_status":"open","ping_status":"open","sticky":false,"template":"","format":"standard","meta":{"footnotes":""},"categories":[4],"tags":[22,59,786,3202,68,5445,4435,154,5446,1958,5444,5448],"class_list":["post-23369","post","type-post","status-publish","format-standard","hentry","category-blog","tag-art","tag-dessin","tag-environnement","tag-expo","tag-exposition","tag-galerie-papilon","tag-memoire-2","tag-nature","tag-oubli","tag-photo","tag-raphaelle-peria","tag-souvenir"],"yoast_head":"<!-- This site is optimized with the Yoast SEO plugin v27.5 - https:\/\/yoast.com\/product\/yoast-seo-wordpress\/ -->\n<title>Exposition Rapha\u00eblle Peria la nature et l&#039;oubli - FineLife.tv<\/title>\n<meta name=\"description\" content=\"Exposition Rapha\u00eblle Peria la nature et l&#039;oubli. Si j&#039;\u00e9tais un arbre, je serai toi et ses paysages blancs hypnotiques \u00e0 la pointe et au scalpel impriment nos m\u00e9moires.\" \/>\n<meta name=\"robots\" content=\"index, follow, max-snippet:-1, max-image-preview:large, max-video-preview:-1\" \/>\n<link rel=\"canonical\" href=\"https:\/\/finelife.tv\/fr\/2025\/05\/30\/exposition-raphaelle-peria-la-nature-et-loubli\/\" \/>\n<meta property=\"og:locale\" content=\"fr_FR\" \/>\n<meta property=\"og:type\" content=\"article\" \/>\n<meta property=\"og:title\" content=\"Exposition Rapha\u00eblle Peria la nature et l&#039;oubli - FineLife.tv\" \/>\n<meta property=\"og:description\" content=\"Exposition Rapha\u00eblle Peria la nature et l&#039;oubli. Si j&#039;\u00e9tais un arbre, je serai toi et ses paysages blancs hypnotiques \u00e0 la pointe et au scalpel impriment nos m\u00e9moires.\" \/>\n<meta property=\"og:url\" content=\"https:\/\/finelife.tv\/fr\/2025\/05\/30\/exposition-raphaelle-peria-la-nature-et-loubli\/\" \/>\n<meta property=\"og:site_name\" content=\"FineLife.tv\" \/>\n<meta property=\"article:published_time\" content=\"2025-05-30T12:10:21+00:00\" \/>\n<meta property=\"article:modified_time\" content=\"2025-11-25T19:36:47+00:00\" \/>\n<meta property=\"og:image\" content=\"https:\/\/finelife.tv\/fr\/wp-content\/uploads\/2025\/05\/img-src-22https-finelife.tvimage.jpg-alt-22Exposition-Raphaelle-Peria-la-nature-et-l-oubli22.jpg\" \/>\n\t<meta property=\"og:image:width\" content=\"500\" \/>\n\t<meta property=\"og:image:height\" content=\"326\" \/>\n\t<meta property=\"og:image:type\" content=\"image\/jpeg\" \/>\n<meta name=\"author\" content=\"Leonore\" \/>\n<meta name=\"twitter:card\" content=\"summary_large_image\" \/>\n<meta name=\"twitter:creator\" content=\"@finelifetv\" \/>\n<meta name=\"twitter:site\" content=\"@finelifetv\" \/>\n<meta name=\"twitter:label1\" content=\"\u00c9crit par\" \/>\n\t<meta name=\"twitter:data1\" content=\"Leonore\" \/>\n\t<meta name=\"twitter:label2\" content=\"Dur\u00e9e de lecture estim\u00e9e\" \/>\n\t<meta name=\"twitter:data2\" content=\"6 minutes\" \/>\n<script type=\"application\/ld+json\" class=\"yoast-schema-graph\">{\"@context\":\"https:\\\/\\\/schema.org\",\"@graph\":[{\"@type\":\"Article\",\"@id\":\"https:\\\/\\\/finelife.tv\\\/fr\\\/2025\\\/05\\\/30\\\/exposition-raphaelle-peria-la-nature-et-loubli\\\/#article\",\"isPartOf\":{\"@id\":\"https:\\\/\\\/finelife.tv\\\/fr\\\/2025\\\/05\\\/30\\\/exposition-raphaelle-peria-la-nature-et-loubli\\\/\"},\"author\":{\"name\":\"Leonore\",\"@id\":\"https:\\\/\\\/finelife.tv\\\/fr\\\/#\\\/schema\\\/person\\\/e3d980b0c0b3dc5af01c3455893c8c52\"},\"headline\":\"Exposition Rapha\u00eblle Peria la nature et l&rsquo;oubli\",\"datePublished\":\"2025-05-30T12:10:21+00:00\",\"dateModified\":\"2025-11-25T19:36:47+00:00\",\"mainEntityOfPage\":{\"@id\":\"https:\\\/\\\/finelife.tv\\\/fr\\\/2025\\\/05\\\/30\\\/exposition-raphaelle-peria-la-nature-et-loubli\\\/\"},\"wordCount\":1055,\"commentCount\":3,\"image\":{\"@id\":\"https:\\\/\\\/finelife.tv\\\/fr\\\/2025\\\/05\\\/30\\\/exposition-raphaelle-peria-la-nature-et-loubli\\\/#primaryimage\"},\"thumbnailUrl\":\"https:\\\/\\\/finelife.tv\\\/fr\\\/wp-content\\\/uploads\\\/2025\\\/05\\\/img-src-22https-finelife.tvimage.jpg-alt-22Exposition-Raphaelle-Peria-la-nature-et-l-oubli22.jpg\",\"keywords\":[\"art\",\"dessin\",\"environnement\",\"expo\",\"exposition\",\"galerie papilon\",\"memoire\",\"nature\",\"oubli\",\"photo\",\"raphaelle peria\",\"souvenir\"],\"articleSection\":[\"Blog\"],\"inLanguage\":\"fr-FR\",\"potentialAction\":[{\"@type\":\"CommentAction\",\"name\":\"Comment\",\"target\":[\"https:\\\/\\\/finelife.tv\\\/fr\\\/2025\\\/05\\\/30\\\/exposition-raphaelle-peria-la-nature-et-loubli\\\/#respond\"]}]},{\"@type\":\"WebPage\",\"@id\":\"https:\\\/\\\/finelife.tv\\\/fr\\\/2025\\\/05\\\/30\\\/exposition-raphaelle-peria-la-nature-et-loubli\\\/\",\"url\":\"https:\\\/\\\/finelife.tv\\\/fr\\\/2025\\\/05\\\/30\\\/exposition-raphaelle-peria-la-nature-et-loubli\\\/\",\"name\":\"Exposition Rapha\u00eblle Peria la nature et l'oubli - FineLife.tv\",\"isPartOf\":{\"@id\":\"https:\\\/\\\/finelife.tv\\\/fr\\\/#website\"},\"primaryImageOfPage\":{\"@id\":\"https:\\\/\\\/finelife.tv\\\/fr\\\/2025\\\/05\\\/30\\\/exposition-raphaelle-peria-la-nature-et-loubli\\\/#primaryimage\"},\"image\":{\"@id\":\"https:\\\/\\\/finelife.tv\\\/fr\\\/2025\\\/05\\\/30\\\/exposition-raphaelle-peria-la-nature-et-loubli\\\/#primaryimage\"},\"thumbnailUrl\":\"https:\\\/\\\/finelife.tv\\\/fr\\\/wp-content\\\/uploads\\\/2025\\\/05\\\/img-src-22https-finelife.tvimage.jpg-alt-22Exposition-Raphaelle-Peria-la-nature-et-l-oubli22.jpg\",\"datePublished\":\"2025-05-30T12:10:21+00:00\",\"dateModified\":\"2025-11-25T19:36:47+00:00\",\"author\":{\"@id\":\"https:\\\/\\\/finelife.tv\\\/fr\\\/#\\\/schema\\\/person\\\/e3d980b0c0b3dc5af01c3455893c8c52\"},\"description\":\"Exposition Rapha\u00eblle Peria la nature et l'oubli. Si j'\u00e9tais un arbre, je serai toi et ses paysages blancs hypnotiques \u00e0 la pointe et au scalpel impriment nos m\u00e9moires.\",\"breadcrumb\":{\"@id\":\"https:\\\/\\\/finelife.tv\\\/fr\\\/2025\\\/05\\\/30\\\/exposition-raphaelle-peria-la-nature-et-loubli\\\/#breadcrumb\"},\"inLanguage\":\"fr-FR\",\"potentialAction\":[{\"@type\":\"ReadAction\",\"target\":[\"https:\\\/\\\/finelife.tv\\\/fr\\\/2025\\\/05\\\/30\\\/exposition-raphaelle-peria-la-nature-et-loubli\\\/\"]}]},{\"@type\":\"ImageObject\",\"inLanguage\":\"fr-FR\",\"@id\":\"https:\\\/\\\/finelife.tv\\\/fr\\\/2025\\\/05\\\/30\\\/exposition-raphaelle-peria-la-nature-et-loubli\\\/#primaryimage\",\"url\":\"https:\\\/\\\/finelife.tv\\\/fr\\\/wp-content\\\/uploads\\\/2025\\\/05\\\/img-src-22https-finelife.tvimage.jpg-alt-22Exposition-Raphaelle-Peria-la-nature-et-l-oubli22.jpg\",\"contentUrl\":\"https:\\\/\\\/finelife.tv\\\/fr\\\/wp-content\\\/uploads\\\/2025\\\/05\\\/img-src-22https-finelife.tvimage.jpg-alt-22Exposition-Raphaelle-Peria-la-nature-et-l-oubli22.jpg\",\"width\":500,\"height\":326},{\"@type\":\"BreadcrumbList\",\"@id\":\"https:\\\/\\\/finelife.tv\\\/fr\\\/2025\\\/05\\\/30\\\/exposition-raphaelle-peria-la-nature-et-loubli\\\/#breadcrumb\",\"itemListElement\":[{\"@type\":\"ListItem\",\"position\":1,\"name\":\"Accueil\",\"item\":\"https:\\\/\\\/finelife.tv\\\/fr\\\/\"},{\"@type\":\"ListItem\",\"position\":2,\"name\":\"Exposition Rapha\u00eblle Peria la nature et l&rsquo;oubli\"}]},{\"@type\":\"WebSite\",\"@id\":\"https:\\\/\\\/finelife.tv\\\/fr\\\/#website\",\"url\":\"https:\\\/\\\/finelife.tv\\\/fr\\\/\",\"name\":\"FineLife.tv\",\"description\":\"Quand l&#039;Art de vivre croise l&#039;Art de penser\",\"potentialAction\":[{\"@type\":\"SearchAction\",\"target\":{\"@type\":\"EntryPoint\",\"urlTemplate\":\"https:\\\/\\\/finelife.tv\\\/fr\\\/?s={search_term_string}\"},\"query-input\":{\"@type\":\"PropertyValueSpecification\",\"valueRequired\":true,\"valueName\":\"search_term_string\"}}],\"inLanguage\":\"fr-FR\"},{\"@type\":\"Person\",\"@id\":\"https:\\\/\\\/finelife.tv\\\/fr\\\/#\\\/schema\\\/person\\\/e3d980b0c0b3dc5af01c3455893c8c52\",\"name\":\"Leonore\",\"image\":{\"@type\":\"ImageObject\",\"inLanguage\":\"fr-FR\",\"@id\":\"https:\\\/\\\/secure.gravatar.com\\\/avatar\\\/9a2e5073417479f910ffdeee54da5ccf4f91eab62746ce0ae0e81124a9491a79?s=96&d=mm&r=g\",\"url\":\"https:\\\/\\\/secure.gravatar.com\\\/avatar\\\/9a2e5073417479f910ffdeee54da5ccf4f91eab62746ce0ae0e81124a9491a79?s=96&d=mm&r=g\",\"contentUrl\":\"https:\\\/\\\/secure.gravatar.com\\\/avatar\\\/9a2e5073417479f910ffdeee54da5ccf4f91eab62746ce0ae0e81124a9491a79?s=96&d=mm&r=g\",\"caption\":\"Leonore\"}}]}<\/script>\n<!-- \/ Yoast SEO plugin. -->","yoast_head_json":{"title":"Exposition Rapha\u00eblle Peria la nature et l'oubli - FineLife.tv","description":"Exposition Rapha\u00eblle Peria la nature et l'oubli. Si j'\u00e9tais un arbre, je serai toi et ses paysages blancs hypnotiques \u00e0 la pointe et au scalpel impriment nos m\u00e9moires.","robots":{"index":"index","follow":"follow","max-snippet":"max-snippet:-1","max-image-preview":"max-image-preview:large","max-video-preview":"max-video-preview:-1"},"canonical":"https:\/\/finelife.tv\/fr\/2025\/05\/30\/exposition-raphaelle-peria-la-nature-et-loubli\/","og_locale":"fr_FR","og_type":"article","og_title":"Exposition Rapha\u00eblle Peria la nature et l'oubli - FineLife.tv","og_description":"Exposition Rapha\u00eblle Peria la nature et l'oubli. Si j'\u00e9tais un arbre, je serai toi et ses paysages blancs hypnotiques \u00e0 la pointe et au scalpel impriment nos m\u00e9moires.","og_url":"https:\/\/finelife.tv\/fr\/2025\/05\/30\/exposition-raphaelle-peria-la-nature-et-loubli\/","og_site_name":"FineLife.tv","article_published_time":"2025-05-30T12:10:21+00:00","article_modified_time":"2025-11-25T19:36:47+00:00","og_image":[{"width":500,"height":326,"url":"https:\/\/finelife.tv\/fr\/wp-content\/uploads\/2025\/05\/img-src-22https-finelife.tvimage.jpg-alt-22Exposition-Raphaelle-Peria-la-nature-et-l-oubli22.jpg","type":"image\/jpeg"}],"author":"Leonore","twitter_card":"summary_large_image","twitter_creator":"@finelifetv","twitter_site":"@finelifetv","twitter_misc":{"\u00c9crit par":"Leonore","Dur\u00e9e de lecture estim\u00e9e":"6 minutes"},"schema":{"@context":"https:\/\/schema.org","@graph":[{"@type":"Article","@id":"https:\/\/finelife.tv\/fr\/2025\/05\/30\/exposition-raphaelle-peria-la-nature-et-loubli\/#article","isPartOf":{"@id":"https:\/\/finelife.tv\/fr\/2025\/05\/30\/exposition-raphaelle-peria-la-nature-et-loubli\/"},"author":{"name":"Leonore","@id":"https:\/\/finelife.tv\/fr\/#\/schema\/person\/e3d980b0c0b3dc5af01c3455893c8c52"},"headline":"Exposition Rapha\u00eblle Peria la nature et l&rsquo;oubli","datePublished":"2025-05-30T12:10:21+00:00","dateModified":"2025-11-25T19:36:47+00:00","mainEntityOfPage":{"@id":"https:\/\/finelife.tv\/fr\/2025\/05\/30\/exposition-raphaelle-peria-la-nature-et-loubli\/"},"wordCount":1055,"commentCount":3,"image":{"@id":"https:\/\/finelife.tv\/fr\/2025\/05\/30\/exposition-raphaelle-peria-la-nature-et-loubli\/#primaryimage"},"thumbnailUrl":"https:\/\/finelife.tv\/fr\/wp-content\/uploads\/2025\/05\/img-src-22https-finelife.tvimage.jpg-alt-22Exposition-Raphaelle-Peria-la-nature-et-l-oubli22.jpg","keywords":["art","dessin","environnement","expo","exposition","galerie papilon","memoire","nature","oubli","photo","raphaelle peria","souvenir"],"articleSection":["Blog"],"inLanguage":"fr-FR","potentialAction":[{"@type":"CommentAction","name":"Comment","target":["https:\/\/finelife.tv\/fr\/2025\/05\/30\/exposition-raphaelle-peria-la-nature-et-loubli\/#respond"]}]},{"@type":"WebPage","@id":"https:\/\/finelife.tv\/fr\/2025\/05\/30\/exposition-raphaelle-peria-la-nature-et-loubli\/","url":"https:\/\/finelife.tv\/fr\/2025\/05\/30\/exposition-raphaelle-peria-la-nature-et-loubli\/","name":"Exposition Rapha\u00eblle Peria la nature et l'oubli - FineLife.tv","isPartOf":{"@id":"https:\/\/finelife.tv\/fr\/#website"},"primaryImageOfPage":{"@id":"https:\/\/finelife.tv\/fr\/2025\/05\/30\/exposition-raphaelle-peria-la-nature-et-loubli\/#primaryimage"},"image":{"@id":"https:\/\/finelife.tv\/fr\/2025\/05\/30\/exposition-raphaelle-peria-la-nature-et-loubli\/#primaryimage"},"thumbnailUrl":"https:\/\/finelife.tv\/fr\/wp-content\/uploads\/2025\/05\/img-src-22https-finelife.tvimage.jpg-alt-22Exposition-Raphaelle-Peria-la-nature-et-l-oubli22.jpg","datePublished":"2025-05-30T12:10:21+00:00","dateModified":"2025-11-25T19:36:47+00:00","author":{"@id":"https:\/\/finelife.tv\/fr\/#\/schema\/person\/e3d980b0c0b3dc5af01c3455893c8c52"},"description":"Exposition Rapha\u00eblle Peria la nature et l'oubli. Si j'\u00e9tais un arbre, je serai toi et ses paysages blancs hypnotiques \u00e0 la pointe et au scalpel impriment nos m\u00e9moires.","breadcrumb":{"@id":"https:\/\/finelife.tv\/fr\/2025\/05\/30\/exposition-raphaelle-peria-la-nature-et-loubli\/#breadcrumb"},"inLanguage":"fr-FR","potentialAction":[{"@type":"ReadAction","target":["https:\/\/finelife.tv\/fr\/2025\/05\/30\/exposition-raphaelle-peria-la-nature-et-loubli\/"]}]},{"@type":"ImageObject","inLanguage":"fr-FR","@id":"https:\/\/finelife.tv\/fr\/2025\/05\/30\/exposition-raphaelle-peria-la-nature-et-loubli\/#primaryimage","url":"https:\/\/finelife.tv\/fr\/wp-content\/uploads\/2025\/05\/img-src-22https-finelife.tvimage.jpg-alt-22Exposition-Raphaelle-Peria-la-nature-et-l-oubli22.jpg","contentUrl":"https:\/\/finelife.tv\/fr\/wp-content\/uploads\/2025\/05\/img-src-22https-finelife.tvimage.jpg-alt-22Exposition-Raphaelle-Peria-la-nature-et-l-oubli22.jpg","width":500,"height":326},{"@type":"BreadcrumbList","@id":"https:\/\/finelife.tv\/fr\/2025\/05\/30\/exposition-raphaelle-peria-la-nature-et-loubli\/#breadcrumb","itemListElement":[{"@type":"ListItem","position":1,"name":"Accueil","item":"https:\/\/finelife.tv\/fr\/"},{"@type":"ListItem","position":2,"name":"Exposition Rapha\u00eblle Peria la nature et l&rsquo;oubli"}]},{"@type":"WebSite","@id":"https:\/\/finelife.tv\/fr\/#website","url":"https:\/\/finelife.tv\/fr\/","name":"FineLife.tv","description":"Quand l&#039;Art de vivre croise l&#039;Art de penser","potentialAction":[{"@type":"SearchAction","target":{"@type":"EntryPoint","urlTemplate":"https:\/\/finelife.tv\/fr\/?s={search_term_string}"},"query-input":{"@type":"PropertyValueSpecification","valueRequired":true,"valueName":"search_term_string"}}],"inLanguage":"fr-FR"},{"@type":"Person","@id":"https:\/\/finelife.tv\/fr\/#\/schema\/person\/e3d980b0c0b3dc5af01c3455893c8c52","name":"Leonore","image":{"@type":"ImageObject","inLanguage":"fr-FR","@id":"https:\/\/secure.gravatar.com\/avatar\/9a2e5073417479f910ffdeee54da5ccf4f91eab62746ce0ae0e81124a9491a79?s=96&d=mm&r=g","url":"https:\/\/secure.gravatar.com\/avatar\/9a2e5073417479f910ffdeee54da5ccf4f91eab62746ce0ae0e81124a9491a79?s=96&d=mm&r=g","contentUrl":"https:\/\/secure.gravatar.com\/avatar\/9a2e5073417479f910ffdeee54da5ccf4f91eab62746ce0ae0e81124a9491a79?s=96&d=mm&r=g","caption":"Leonore"}}]}},"_links":{"self":[{"href":"https:\/\/finelife.tv\/fr\/wp-json\/wp\/v2\/posts\/23369","targetHints":{"allow":["GET"]}}],"collection":[{"href":"https:\/\/finelife.tv\/fr\/wp-json\/wp\/v2\/posts"}],"about":[{"href":"https:\/\/finelife.tv\/fr\/wp-json\/wp\/v2\/types\/post"}],"author":[{"embeddable":true,"href":"https:\/\/finelife.tv\/fr\/wp-json\/wp\/v2\/users\/1"}],"replies":[{"embeddable":true,"href":"https:\/\/finelife.tv\/fr\/wp-json\/wp\/v2\/comments?post=23369"}],"version-history":[{"count":35,"href":"https:\/\/finelife.tv\/fr\/wp-json\/wp\/v2\/posts\/23369\/revisions"}],"predecessor-version":[{"id":25021,"href":"https:\/\/finelife.tv\/fr\/wp-json\/wp\/v2\/posts\/23369\/revisions\/25021"}],"wp:attachment":[{"href":"https:\/\/finelife.tv\/fr\/wp-json\/wp\/v2\/media?parent=23369"}],"wp:term":[{"taxonomy":"category","embeddable":true,"href":"https:\/\/finelife.tv\/fr\/wp-json\/wp\/v2\/categories?post=23369"},{"taxonomy":"post_tag","embeddable":true,"href":"https:\/\/finelife.tv\/fr\/wp-json\/wp\/v2\/tags?post=23369"}],"curies":[{"name":"wp","href":"https:\/\/api.w.org\/{rel}","templated":true}]}}