{"id":24016,"date":"2025-08-01T12:42:21","date_gmt":"2025-08-01T10:42:21","guid":{"rendered":"https:\/\/finelife.tv\/fr\/?p=24016"},"modified":"2025-08-04T10:59:36","modified_gmt":"2025-08-04T08:59:36","slug":"roman-je-vous-dedie-mon-silence","status":"publish","type":"post","link":"https:\/\/finelife.tv\/fr\/2025\/08\/01\/roman-je-vous-dedie-mon-silence\/","title":{"rendered":"Roman Je vous d\u00e9die mon silence"},"content":{"rendered":"<div class=\"wp-block-image\">\n<figure class=\"aligncenter size-large\"><img loading=\"lazy\" decoding=\"async\" width=\"700\" height=\"1024\" src=\"https:\/\/finelife.tv\/fr\/wp-content\/uploads\/2025\/08\/img-src-22https-finelife.tvimage.jpg-alt-22Roman-Je-vous-dedie-mon-silence22-700x1024.jpg\" alt=\"\" class=\"wp-image-24031\" srcset=\"https:\/\/finelife.tv\/fr\/wp-content\/uploads\/2025\/08\/img-src-22https-finelife.tvimage.jpg-alt-22Roman-Je-vous-dedie-mon-silence22-700x1024.jpg 700w, https:\/\/finelife.tv\/fr\/wp-content\/uploads\/2025\/08\/img-src-22https-finelife.tvimage.jpg-alt-22Roman-Je-vous-dedie-mon-silence22-205x300.jpg 205w, https:\/\/finelife.tv\/fr\/wp-content\/uploads\/2025\/08\/img-src-22https-finelife.tvimage.jpg-alt-22Roman-Je-vous-dedie-mon-silence22-768x1124.jpg 768w, https:\/\/finelife.tv\/fr\/wp-content\/uploads\/2025\/08\/img-src-22https-finelife.tvimage.jpg-alt-22Roman-Je-vous-dedie-mon-silence22-1049x1536.jpg 1049w, https:\/\/finelife.tv\/fr\/wp-content\/uploads\/2025\/08\/img-src-22https-finelife.tvimage.jpg-alt-22Roman-Je-vous-dedie-mon-silence22.jpg 1156w\" sizes=\"auto, (max-width: 700px) 100vw, 700px\" \/><\/figure>\n<\/div>\n\n\n<p><strong>Roman Je vous d\u00e9die mon silence le tourbillonnant testament litt\u00e9raire, musicale et humaniste du prix Nobel de litt\u00e9rature Mario Vargas Llosa<\/strong>. <strong>Un hymne au m\u00e9tissage dans un P\u00e9rou menac\u00e9 par le Sentier lumineux<\/strong><\/p>\n\n\n\n<p>Je vous d\u00e9die mon silence est le dernier roman de Mario Vargas Llosa(1936-2025). L&rsquo;\u00e9crivain hispano-p\u00e9ruvien pr\u00e9voyait un ultime ouvrage, un essai sur Sartre, mais la mort a \u00e9t\u00e9 plus rapide. L&rsquo;auteur de <em><strong>Conversation \u00e0 La Cath\u00e9drale<\/strong><\/em>, de <em><strong>La Tante Julia et le Scribouillard<\/strong><\/em> ou encore de<strong> La F\u00eate de bouc<\/strong> \u00e9tait le dernier g\u00e9ant du boom de la litt\u00e9rature latino am\u00e9ricaine des ann\u00e9es 60 incarn\u00e9e notamment par Gabriel Garc\u00eda M\u00e1rquez et Carlos Fuentes. \u00c0 son actif, une trentaine de livres, d&rsquo;essais, de pi\u00e8ces de th\u00e9\u00e2tre qui lui ont valu le prix Nobel de litt\u00e9rature en 2010 pour \u00ab\u00a0sa cartographie des structures du pouvoir et ses images aiguis\u00e9es des r\u00e9sistances, r\u00e9voltes, et d\u00e9faites des individus\u00a0\u00bb. Ou encore une place \u00e0 Acad\u00e9mie fran\u00e7aise en 2021. <\/p>\n\n\n\n<p>De la fresque \u00e0 l&rsquo;intime, Mario Vargas Llosa a impos\u00e9 un style qui emprunte aux exp\u00e9riences stylistiques d&rsquo;un Faulkner, \u00e0 la finesse psychologue d&rsquo;un Balzac, au r\u00e9alisme d&rsquo;un Hugo, \u00e0 la narration d&rsquo;un Flaubert.<\/p>\n\n\n\n<h2 class=\"wp-block-heading\">Un portrait fresque de la soci\u00e9t\u00e9 p\u00e9ruvienne<\/h2>\n\n\n\n<p>Avec Je vous d\u00e9die mon silence Mario Garcia Losa poursuit son portrait de la soci\u00e9t\u00e9 p\u00e9ruvienne. Il le fait \u00e0 travers la qu\u00eate d&rsquo;un musicologue un brin loufoque et assez obsessionnel, To\u00f1o Azpilcueta. Ce fils d&rsquo;immigr\u00e9 italien au nom basque est sp\u00e9cialiste de danses traditionnelles. De la valse en particulier et de la musique criolla (cr\u00e9ole \u00e0 l&rsquo;origine et par extension folklorique) en g\u00e9n\u00e9ral. <\/p>\n\n\n\n<p>L&rsquo;avenir semblait tout trac\u00e9 pour l&rsquo;\u00e9tudiant qui devait reprendre la chaire de son directeur de th\u00e8se. Pas de chance. La chaire de folklore national p\u00e9ruvien a \u00e9t\u00e9 supprim\u00e9e faute d&rsquo;\u00e9l\u00e8ves. Et To\u00f1o Azpilcueta a alors abandonn\u00e9 son projet sur les criollos, les crieurs publics de Lima qui chantaient les nouvelles comme les primeurs ou encore les g\u00e2teaux pour mieux les vendre. Depuis il vivote en \u00e9crivant dans la presse des \u00e9chos sur les sommit\u00e9s et les espoirs de cette musique. <\/p>\n\n\n\n<p>L&rsquo;occasion pour Mario Garcia Losa de nous immerger dans les quartiers glauques de la capitale notamment les callejones, des anciennes demeures coloniales devenues des taudis o\u00f9 s&rsquo;entassent les d\u00e9sh\u00e9rit\u00e9s venus de l&rsquo;ensemble du pays. C&rsquo;est aussi le c\u0153ur de la f\u00eate, la janara, o\u00f9 l&rsquo;on danse valse, marinera, zumacueca (danse afro-p\u00e9ruvienne). Un melting pot de rythmes o\u00f9 toutes couleurs infusent. To\u00f1o Azpilcueta y passe ses nuits pour \u00e9crire, le jour, ses chroniques. Mais un homme va changer sa vie.<\/p>\n\n\n\n<h2 class=\"wp-block-heading has-text-align-center\">Le miracle Lalo Molfino<\/h2>\n\n\n\n<p>Lalo Molfino, sa guitare et ses souliers vernis. \u00ab\u00a0Il (To\u00f1o) avait l&rsquo;impression d&rsquo;\u00eatre transperc\u00e9, que la musique entrait dans son corps et coulait dans ses veines (&#8230;.)  La musique avait magn\u00e9tis\u00e9 l&rsquo;assistance enti\u00e8re au point que toute diff\u00e9rence sociale, raciale, intellectuelle ou politique passait au second plan. Le patio \u00e9tait \u00e9lectris\u00e9 par une onde amicale, baign\u00e9e de bont\u00e9 et d&rsquo;amour\u00a0\u00bb p35-36. Et puis il y avait le silence. Un silence de corrida selon Mario Garcia Losa , grand amateur de tauromachie, m\u00e9lange de respect et d&rsquo;admiration pour le taureau qui va mourir. Un moment d&rsquo;extase. <\/p>\n\n\n\n<p>To\u00f1o Azpilcueta a alors une r\u00e9v\u00e9lation. La musique criolla de Lalo Molfino porte le g\u00e9nie du peuple p\u00e9ruvien. Elle scelle l&rsquo;identit\u00e9 du pays, un m\u00e9lange de populations de diff\u00e9rentes origines autour d&rsquo;une musique m\u00e9tisse. Un peuple m\u00e9tis cr\u00e9ant une musique m\u00e9tisse avec des instruments parfois de fortune comme une m\u00e2choire d&rsquo;\u00e2ne. Le miracle Lalo Molfino est d&rsquo;unir, de f\u00e9d\u00e9rer d&rsquo;abord dans le silence puis dans la f\u00eate. Il incarne aussi une fiert\u00e9 nationale tout en contribuant \u00e0 la culture universelle. <\/p>\n\n\n\n<p>Le titre \u00ab\u00a0Je vous d\u00e9die mon silence\u00a0\u00bb parle du silence qui impr\u00e8gne le concert, celui de la corrida mais aussi une phrase \u00e9nigmatique de Lalo Molfino \u00e0 une chanteuse c\u00e9l\u00e8bre qui l&rsquo;\u00e9conduit. C&rsquo;est la sid\u00e9ration devant un miracle, une r\u00e9v\u00e9lation. <\/p>\n\n\n\n<p><\/p>\n\n\n\n<h2 class=\"wp-block-heading\">Mantra et narrateur obsessionnel<\/h2>\n\n\n\n<p>To\u00f1o Azpilcueta part \u00e0 la recherche du guitariste aussi g\u00e9nial d&rsquo;ombrageux et en fait le h\u00e9ros d&rsquo;un livre \u00e0 la gloire d&rsquo;un P\u00e9rou m\u00e9tis uni par la musique criolla. La r\u00e9conciliation est alors un enjeu brulant, le Sentier lumineux semant la terreur dans le pays. M\u00eame si on imagine assez mal les terroristes miraculeusement pacifi\u00e9s par une valse. Une subite r\u00e9v\u00e9lation du \u00ab\u00a0nous sommes tous fr\u00e8res\u00a0\u00bb entre deux accords. Mais To\u00f1o Azpilcueta d\u00e9cline l&rsquo;id\u00e9e tout au long de son livre. De mani\u00e8re de plus en plus fr\u00e9quente, comme un mantra ou presque. L&rsquo;id\u00e9e a un cot\u00e9 obsessionnel. Comme son auteur dont la phobie des rats d\u00e9clenchent des crises d\u00e9lirantes de d\u00e9mangeaisons. La d\u00e9couverte que Lalo Molfino a \u00e9t\u00e9 abandonn\u00e9 \u00e0 la naissance dans une d\u00e9charge renforce d&rsquo;ailleurs la charge \u00e9motionnelle. <\/p>\n\n\n\n<p>Mario Vargas Llosa joue la carte du livre dans le livre. On suit donc To\u00f1o Azpilcueta, l&rsquo;\u00e9crivain, ses go\u00fbts et les d\u00e9lires, sa vie de famille et ses amours transies. Et, par ailleurs, la construction du livre de l&rsquo;enqu\u00eate de terrain aux recherches documentaires en passant par les hypoth\u00e8ses, les enthousiasmes, les affres de l&rsquo;inach\u00e8vement. <\/p>\n\n\n\n<p>Le livre de To\u00f1o Azpilcueta est un succ\u00e8s. Mais l&rsquo;auteur reste sur sa faim. Il va donc au fil des r\u00e9\u00e9ditions ajouter les \u00e9l\u00e9ments qu&rsquo;il juge constitutifs de l&rsquo;identit\u00e9 du P\u00e9rou. En particulier la langue, l&rsquo;espagnol, et la religion, le christianisme. Au risque de perdre lecteurs et r\u00e9putation.<\/p>\n\n\n\n<h2 class=\"wp-block-heading\">L&rsquo;\u00e9rudition au service de la saga  <\/h2>\n\n\n\n<p><\/p>\n\n\n\n<p>Mario Vargas Llosa, comme son personnage, To\u00f1o Azpilcueta, \u00e9tait amateur de folklore et de culture populaire. Il s&rsquo;est sans doute r\u00e9gal\u00e9 avec la valse des noms de danses, de plats et de desserts qui d&rsquo;ailleurs casse un peu le rythme avec les allers-retours entre le texte et le glossaire.<\/p>\n\n\n\n<p>Reste que Je vous d\u00e9die mon silence est du grand Mario Vargas Llosa. Un bijou d&rsquo;\u00e9rudition qui ouvre des espaces, joue avec les imaginaires, plonge dans l&rsquo;histoire tourment\u00e9e du pays et la vie houleuse des hommes, une qu\u00eate humaniste assez inattendue d&rsquo;ailleurs chez un \u00e9crivain finalement proche de l&rsquo;extr\u00eame droite. Avec Je vous d\u00e9die mon silence la voix du g\u00e9ant des mots n&rsquo;est pas pr\u00e8s de s&rsquo;\u00e9teindre. <\/p>\n\n\n\n<p><\/p>\n\n\n\n<p>L\u00e9onore Cottrant<\/p>\n\n\n\n<h2 class=\"wp-block-heading has-text-align-center\">INFOS<\/h2>\n\n\n<div class=\"wp-block-image\">\n<figure class=\"aligncenter size-full is-resized\"><img loading=\"lazy\" decoding=\"async\" width=\"250\" height=\"328\" src=\"https:\/\/finelife.tv\/fr\/wp-content\/uploads\/2025\/08\/img-src-22https-finelife.tvimage.jpg-alt-22Roman-Je-vous-dedie-mon-silence-photo-mario-vargas-llosa22.jpg\" alt=\"\" class=\"wp-image-24030\" style=\"width:438px;height:auto\" srcset=\"https:\/\/finelife.tv\/fr\/wp-content\/uploads\/2025\/08\/img-src-22https-finelife.tvimage.jpg-alt-22Roman-Je-vous-dedie-mon-silence-photo-mario-vargas-llosa22.jpg 250w, https:\/\/finelife.tv\/fr\/wp-content\/uploads\/2025\/08\/img-src-22https-finelife.tvimage.jpg-alt-22Roman-Je-vous-dedie-mon-silence-photo-mario-vargas-llosa22-229x300.jpg 229w\" sizes=\"auto, (max-width: 250px) 100vw, 250px\" \/><figcaption class=\"wp-element-caption\">cr\u00e9dit C.H\u00e9lie @\u00c9ditions Gallimard<\/figcaption><\/figure>\n<\/div>\n\n\n<p><strong>Je vous d\u00e9die mon silence<\/strong><\/p>\n\n\n\n<p>Mario Vargas Llosa<\/p>\n\n\n\n<p><strong><a href=\"https:\/\/www.gallimard.fr\/\">\u00c9ditions Gallimard<\/a><\/strong><\/p>\n\n\n\n<p>Related article <strong>Roman Je vous d\u00e9die mon silence<\/strong><\/p>\n\n\n\n<p><strong><a href=\"https:\/\/finelife.tv\/fr\/2022\/12\/07\/musee-animal-carlos-fonseca-et-lart-du-camouflage\/\">Mus\u00e9e animal Carlos Fonseca et l\u2019art du camouflage<\/a><\/strong><\/p>\n\n\n\n<p><strong><a href=\"https:\/\/finelife.tv\/fr\/2021\/06\/02\/avant-elle-johanna-krawczyk-la-verite-en-abime\/\">Avant elle Johanna Krawczyk : la v\u00e9rit\u00e9 en ab\u00eeme<\/a><\/strong><\/p>\n","protected":false},"excerpt":{"rendered":"<p>Roman Je vous d\u00e9die mon silence le tourbillonnant testament litt\u00e9raire, musicale et humaniste du prix Nobel de litt\u00e9rature Mario Vargas Llosa<\/p>\n","protected":false},"author":1,"featured_media":0,"comment_status":"open","ping_status":"open","sticky":false,"template":"","format":"standard","meta":{"footnotes":""},"categories":[4],"tags":[2196,5522,5517,5519,5520,5518,5024,269],"class_list":["post-24016","post","type-post","status-publish","format-standard","hentry","category-blog","tag-editions-gallimard","tag-fresque-politique","tag-je-vous-dedie-mon-dilence","tag-litterature-espagnole-2","tag-litterature-latino-amricaine","tag-mario-garcia-llosa","tag-perou","tag-roman"],"yoast_head":"<!-- This site is optimized with the Yoast SEO plugin v27.5 - https:\/\/yoast.com\/product\/yoast-seo-wordpress\/ -->\n<title>Roman Je vous d\u00e9die mon silence - FineLife.tv<\/title>\n<meta name=\"description\" content=\"Roman Je vous d\u00e9die mon silence le testament litt\u00e9raire, musicale et humaniste du prix Nobel de litt\u00e9rature Mario Vargas Llosa\" \/>\n<meta name=\"robots\" content=\"index, follow, max-snippet:-1, max-image-preview:large, max-video-preview:-1\" \/>\n<link rel=\"canonical\" href=\"https:\/\/finelife.tv\/fr\/2025\/08\/01\/roman-je-vous-dedie-mon-silence\/\" \/>\n<meta property=\"og:locale\" content=\"fr_FR\" \/>\n<meta property=\"og:type\" content=\"article\" \/>\n<meta property=\"og:title\" content=\"Roman Je vous d\u00e9die mon silence - FineLife.tv\" \/>\n<meta property=\"og:description\" content=\"Roman Je vous d\u00e9die mon silence le testament litt\u00e9raire, musicale et humaniste du prix Nobel de litt\u00e9rature Mario Vargas Llosa\" \/>\n<meta property=\"og:url\" content=\"https:\/\/finelife.tv\/fr\/2025\/08\/01\/roman-je-vous-dedie-mon-silence\/\" \/>\n<meta property=\"og:site_name\" content=\"FineLife.tv\" \/>\n<meta property=\"article:published_time\" content=\"2025-08-01T10:42:21+00:00\" \/>\n<meta property=\"article:modified_time\" content=\"2025-08-04T08:59:36+00:00\" \/>\n<meta property=\"og:image\" content=\"https:\/\/finelife.tv\/fr\/wp-content\/uploads\/2025\/08\/img-src-22https-finelife.tvimage.jpg-alt-22Roman-Je-vous-dedie-mon-silence22.jpg\" \/>\n\t<meta property=\"og:image:width\" content=\"1156\" \/>\n\t<meta property=\"og:image:height\" content=\"1692\" \/>\n\t<meta property=\"og:image:type\" content=\"image\/jpeg\" \/>\n<meta name=\"author\" content=\"Leonore\" \/>\n<meta name=\"twitter:card\" content=\"summary_large_image\" \/>\n<meta name=\"twitter:creator\" content=\"@finelifetv\" \/>\n<meta name=\"twitter:site\" content=\"@finelifetv\" \/>\n<meta name=\"twitter:label1\" content=\"\u00c9crit par\" \/>\n\t<meta name=\"twitter:data1\" content=\"Leonore\" \/>\n\t<meta name=\"twitter:label2\" content=\"Dur\u00e9e de lecture estim\u00e9e\" \/>\n\t<meta name=\"twitter:data2\" content=\"6 minutes\" \/>\n<script type=\"application\/ld+json\" class=\"yoast-schema-graph\">{\"@context\":\"https:\\\/\\\/schema.org\",\"@graph\":[{\"@type\":\"Article\",\"@id\":\"https:\\\/\\\/finelife.tv\\\/fr\\\/2025\\\/08\\\/01\\\/roman-je-vous-dedie-mon-silence\\\/#article\",\"isPartOf\":{\"@id\":\"https:\\\/\\\/finelife.tv\\\/fr\\\/2025\\\/08\\\/01\\\/roman-je-vous-dedie-mon-silence\\\/\"},\"author\":{\"name\":\"Leonore\",\"@id\":\"https:\\\/\\\/finelife.tv\\\/fr\\\/#\\\/schema\\\/person\\\/e3d980b0c0b3dc5af01c3455893c8c52\"},\"headline\":\"Roman Je vous d\u00e9die mon silence\",\"datePublished\":\"2025-08-01T10:42:21+00:00\",\"dateModified\":\"2025-08-04T08:59:36+00:00\",\"mainEntityOfPage\":{\"@id\":\"https:\\\/\\\/finelife.tv\\\/fr\\\/2025\\\/08\\\/01\\\/roman-je-vous-dedie-mon-silence\\\/\"},\"wordCount\":1218,\"commentCount\":2,\"image\":{\"@id\":\"https:\\\/\\\/finelife.tv\\\/fr\\\/2025\\\/08\\\/01\\\/roman-je-vous-dedie-mon-silence\\\/#primaryimage\"},\"thumbnailUrl\":\"https:\\\/\\\/finelife.tv\\\/fr\\\/wp-content\\\/uploads\\\/2025\\\/08\\\/img-src-22https-finelife.tvimage.jpg-alt-22Roman-Je-vous-dedie-mon-silence22-700x1024.jpg\",\"keywords\":[\"editions gallimard\",\"fresque politique\",\"je vous dedie mon dilence\",\"litterature espagnole\",\"litterature latino amricaine\",\"mario garcia llosa\",\"perou\",\"roman\"],\"articleSection\":[\"Blog\"],\"inLanguage\":\"fr-FR\",\"potentialAction\":[{\"@type\":\"CommentAction\",\"name\":\"Comment\",\"target\":[\"https:\\\/\\\/finelife.tv\\\/fr\\\/2025\\\/08\\\/01\\\/roman-je-vous-dedie-mon-silence\\\/#respond\"]}]},{\"@type\":\"WebPage\",\"@id\":\"https:\\\/\\\/finelife.tv\\\/fr\\\/2025\\\/08\\\/01\\\/roman-je-vous-dedie-mon-silence\\\/\",\"url\":\"https:\\\/\\\/finelife.tv\\\/fr\\\/2025\\\/08\\\/01\\\/roman-je-vous-dedie-mon-silence\\\/\",\"name\":\"Roman Je vous d\u00e9die mon silence - FineLife.tv\",\"isPartOf\":{\"@id\":\"https:\\\/\\\/finelife.tv\\\/fr\\\/#website\"},\"primaryImageOfPage\":{\"@id\":\"https:\\\/\\\/finelife.tv\\\/fr\\\/2025\\\/08\\\/01\\\/roman-je-vous-dedie-mon-silence\\\/#primaryimage\"},\"image\":{\"@id\":\"https:\\\/\\\/finelife.tv\\\/fr\\\/2025\\\/08\\\/01\\\/roman-je-vous-dedie-mon-silence\\\/#primaryimage\"},\"thumbnailUrl\":\"https:\\\/\\\/finelife.tv\\\/fr\\\/wp-content\\\/uploads\\\/2025\\\/08\\\/img-src-22https-finelife.tvimage.jpg-alt-22Roman-Je-vous-dedie-mon-silence22-700x1024.jpg\",\"datePublished\":\"2025-08-01T10:42:21+00:00\",\"dateModified\":\"2025-08-04T08:59:36+00:00\",\"author\":{\"@id\":\"https:\\\/\\\/finelife.tv\\\/fr\\\/#\\\/schema\\\/person\\\/e3d980b0c0b3dc5af01c3455893c8c52\"},\"description\":\"Roman Je vous d\u00e9die mon silence le testament litt\u00e9raire, musicale et humaniste du prix Nobel de litt\u00e9rature Mario Vargas Llosa\",\"breadcrumb\":{\"@id\":\"https:\\\/\\\/finelife.tv\\\/fr\\\/2025\\\/08\\\/01\\\/roman-je-vous-dedie-mon-silence\\\/#breadcrumb\"},\"inLanguage\":\"fr-FR\",\"potentialAction\":[{\"@type\":\"ReadAction\",\"target\":[\"https:\\\/\\\/finelife.tv\\\/fr\\\/2025\\\/08\\\/01\\\/roman-je-vous-dedie-mon-silence\\\/\"]}]},{\"@type\":\"ImageObject\",\"inLanguage\":\"fr-FR\",\"@id\":\"https:\\\/\\\/finelife.tv\\\/fr\\\/2025\\\/08\\\/01\\\/roman-je-vous-dedie-mon-silence\\\/#primaryimage\",\"url\":\"https:\\\/\\\/finelife.tv\\\/fr\\\/wp-content\\\/uploads\\\/2025\\\/08\\\/img-src-22https-finelife.tvimage.jpg-alt-22Roman-Je-vous-dedie-mon-silence22.jpg\",\"contentUrl\":\"https:\\\/\\\/finelife.tv\\\/fr\\\/wp-content\\\/uploads\\\/2025\\\/08\\\/img-src-22https-finelife.tvimage.jpg-alt-22Roman-Je-vous-dedie-mon-silence22.jpg\",\"width\":1156,\"height\":1692,\"caption\":\"Screenshot\"},{\"@type\":\"BreadcrumbList\",\"@id\":\"https:\\\/\\\/finelife.tv\\\/fr\\\/2025\\\/08\\\/01\\\/roman-je-vous-dedie-mon-silence\\\/#breadcrumb\",\"itemListElement\":[{\"@type\":\"ListItem\",\"position\":1,\"name\":\"Accueil\",\"item\":\"https:\\\/\\\/finelife.tv\\\/fr\\\/\"},{\"@type\":\"ListItem\",\"position\":2,\"name\":\"Roman Je vous d\u00e9die mon silence\"}]},{\"@type\":\"WebSite\",\"@id\":\"https:\\\/\\\/finelife.tv\\\/fr\\\/#website\",\"url\":\"https:\\\/\\\/finelife.tv\\\/fr\\\/\",\"name\":\"FineLife.tv\",\"description\":\"Quand l&#039;Art de vivre croise l&#039;Art de penser\",\"potentialAction\":[{\"@type\":\"SearchAction\",\"target\":{\"@type\":\"EntryPoint\",\"urlTemplate\":\"https:\\\/\\\/finelife.tv\\\/fr\\\/?s={search_term_string}\"},\"query-input\":{\"@type\":\"PropertyValueSpecification\",\"valueRequired\":true,\"valueName\":\"search_term_string\"}}],\"inLanguage\":\"fr-FR\"},{\"@type\":\"Person\",\"@id\":\"https:\\\/\\\/finelife.tv\\\/fr\\\/#\\\/schema\\\/person\\\/e3d980b0c0b3dc5af01c3455893c8c52\",\"name\":\"Leonore\",\"image\":{\"@type\":\"ImageObject\",\"inLanguage\":\"fr-FR\",\"@id\":\"https:\\\/\\\/secure.gravatar.com\\\/avatar\\\/9a2e5073417479f910ffdeee54da5ccf4f91eab62746ce0ae0e81124a9491a79?s=96&d=mm&r=g\",\"url\":\"https:\\\/\\\/secure.gravatar.com\\\/avatar\\\/9a2e5073417479f910ffdeee54da5ccf4f91eab62746ce0ae0e81124a9491a79?s=96&d=mm&r=g\",\"contentUrl\":\"https:\\\/\\\/secure.gravatar.com\\\/avatar\\\/9a2e5073417479f910ffdeee54da5ccf4f91eab62746ce0ae0e81124a9491a79?s=96&d=mm&r=g\",\"caption\":\"Leonore\"}}]}<\/script>\n<!-- \/ Yoast SEO plugin. -->","yoast_head_json":{"title":"Roman Je vous d\u00e9die mon silence - FineLife.tv","description":"Roman Je vous d\u00e9die mon silence le testament litt\u00e9raire, musicale et humaniste du prix Nobel de litt\u00e9rature Mario Vargas Llosa","robots":{"index":"index","follow":"follow","max-snippet":"max-snippet:-1","max-image-preview":"max-image-preview:large","max-video-preview":"max-video-preview:-1"},"canonical":"https:\/\/finelife.tv\/fr\/2025\/08\/01\/roman-je-vous-dedie-mon-silence\/","og_locale":"fr_FR","og_type":"article","og_title":"Roman Je vous d\u00e9die mon silence - FineLife.tv","og_description":"Roman Je vous d\u00e9die mon silence le testament litt\u00e9raire, musicale et humaniste du prix Nobel de litt\u00e9rature Mario Vargas Llosa","og_url":"https:\/\/finelife.tv\/fr\/2025\/08\/01\/roman-je-vous-dedie-mon-silence\/","og_site_name":"FineLife.tv","article_published_time":"2025-08-01T10:42:21+00:00","article_modified_time":"2025-08-04T08:59:36+00:00","og_image":[{"width":1156,"height":1692,"url":"https:\/\/finelife.tv\/fr\/wp-content\/uploads\/2025\/08\/img-src-22https-finelife.tvimage.jpg-alt-22Roman-Je-vous-dedie-mon-silence22.jpg","type":"image\/jpeg"}],"author":"Leonore","twitter_card":"summary_large_image","twitter_creator":"@finelifetv","twitter_site":"@finelifetv","twitter_misc":{"\u00c9crit par":"Leonore","Dur\u00e9e de lecture estim\u00e9e":"6 minutes"},"schema":{"@context":"https:\/\/schema.org","@graph":[{"@type":"Article","@id":"https:\/\/finelife.tv\/fr\/2025\/08\/01\/roman-je-vous-dedie-mon-silence\/#article","isPartOf":{"@id":"https:\/\/finelife.tv\/fr\/2025\/08\/01\/roman-je-vous-dedie-mon-silence\/"},"author":{"name":"Leonore","@id":"https:\/\/finelife.tv\/fr\/#\/schema\/person\/e3d980b0c0b3dc5af01c3455893c8c52"},"headline":"Roman Je vous d\u00e9die mon silence","datePublished":"2025-08-01T10:42:21+00:00","dateModified":"2025-08-04T08:59:36+00:00","mainEntityOfPage":{"@id":"https:\/\/finelife.tv\/fr\/2025\/08\/01\/roman-je-vous-dedie-mon-silence\/"},"wordCount":1218,"commentCount":2,"image":{"@id":"https:\/\/finelife.tv\/fr\/2025\/08\/01\/roman-je-vous-dedie-mon-silence\/#primaryimage"},"thumbnailUrl":"https:\/\/finelife.tv\/fr\/wp-content\/uploads\/2025\/08\/img-src-22https-finelife.tvimage.jpg-alt-22Roman-Je-vous-dedie-mon-silence22-700x1024.jpg","keywords":["editions gallimard","fresque politique","je vous dedie mon dilence","litterature espagnole","litterature latino amricaine","mario garcia llosa","perou","roman"],"articleSection":["Blog"],"inLanguage":"fr-FR","potentialAction":[{"@type":"CommentAction","name":"Comment","target":["https:\/\/finelife.tv\/fr\/2025\/08\/01\/roman-je-vous-dedie-mon-silence\/#respond"]}]},{"@type":"WebPage","@id":"https:\/\/finelife.tv\/fr\/2025\/08\/01\/roman-je-vous-dedie-mon-silence\/","url":"https:\/\/finelife.tv\/fr\/2025\/08\/01\/roman-je-vous-dedie-mon-silence\/","name":"Roman Je vous d\u00e9die mon silence - FineLife.tv","isPartOf":{"@id":"https:\/\/finelife.tv\/fr\/#website"},"primaryImageOfPage":{"@id":"https:\/\/finelife.tv\/fr\/2025\/08\/01\/roman-je-vous-dedie-mon-silence\/#primaryimage"},"image":{"@id":"https:\/\/finelife.tv\/fr\/2025\/08\/01\/roman-je-vous-dedie-mon-silence\/#primaryimage"},"thumbnailUrl":"https:\/\/finelife.tv\/fr\/wp-content\/uploads\/2025\/08\/img-src-22https-finelife.tvimage.jpg-alt-22Roman-Je-vous-dedie-mon-silence22-700x1024.jpg","datePublished":"2025-08-01T10:42:21+00:00","dateModified":"2025-08-04T08:59:36+00:00","author":{"@id":"https:\/\/finelife.tv\/fr\/#\/schema\/person\/e3d980b0c0b3dc5af01c3455893c8c52"},"description":"Roman Je vous d\u00e9die mon silence le testament litt\u00e9raire, musicale et humaniste du prix Nobel de litt\u00e9rature Mario Vargas Llosa","breadcrumb":{"@id":"https:\/\/finelife.tv\/fr\/2025\/08\/01\/roman-je-vous-dedie-mon-silence\/#breadcrumb"},"inLanguage":"fr-FR","potentialAction":[{"@type":"ReadAction","target":["https:\/\/finelife.tv\/fr\/2025\/08\/01\/roman-je-vous-dedie-mon-silence\/"]}]},{"@type":"ImageObject","inLanguage":"fr-FR","@id":"https:\/\/finelife.tv\/fr\/2025\/08\/01\/roman-je-vous-dedie-mon-silence\/#primaryimage","url":"https:\/\/finelife.tv\/fr\/wp-content\/uploads\/2025\/08\/img-src-22https-finelife.tvimage.jpg-alt-22Roman-Je-vous-dedie-mon-silence22.jpg","contentUrl":"https:\/\/finelife.tv\/fr\/wp-content\/uploads\/2025\/08\/img-src-22https-finelife.tvimage.jpg-alt-22Roman-Je-vous-dedie-mon-silence22.jpg","width":1156,"height":1692,"caption":"Screenshot"},{"@type":"BreadcrumbList","@id":"https:\/\/finelife.tv\/fr\/2025\/08\/01\/roman-je-vous-dedie-mon-silence\/#breadcrumb","itemListElement":[{"@type":"ListItem","position":1,"name":"Accueil","item":"https:\/\/finelife.tv\/fr\/"},{"@type":"ListItem","position":2,"name":"Roman Je vous d\u00e9die mon silence"}]},{"@type":"WebSite","@id":"https:\/\/finelife.tv\/fr\/#website","url":"https:\/\/finelife.tv\/fr\/","name":"FineLife.tv","description":"Quand l&#039;Art de vivre croise l&#039;Art de penser","potentialAction":[{"@type":"SearchAction","target":{"@type":"EntryPoint","urlTemplate":"https:\/\/finelife.tv\/fr\/?s={search_term_string}"},"query-input":{"@type":"PropertyValueSpecification","valueRequired":true,"valueName":"search_term_string"}}],"inLanguage":"fr-FR"},{"@type":"Person","@id":"https:\/\/finelife.tv\/fr\/#\/schema\/person\/e3d980b0c0b3dc5af01c3455893c8c52","name":"Leonore","image":{"@type":"ImageObject","inLanguage":"fr-FR","@id":"https:\/\/secure.gravatar.com\/avatar\/9a2e5073417479f910ffdeee54da5ccf4f91eab62746ce0ae0e81124a9491a79?s=96&d=mm&r=g","url":"https:\/\/secure.gravatar.com\/avatar\/9a2e5073417479f910ffdeee54da5ccf4f91eab62746ce0ae0e81124a9491a79?s=96&d=mm&r=g","contentUrl":"https:\/\/secure.gravatar.com\/avatar\/9a2e5073417479f910ffdeee54da5ccf4f91eab62746ce0ae0e81124a9491a79?s=96&d=mm&r=g","caption":"Leonore"}}]}},"_links":{"self":[{"href":"https:\/\/finelife.tv\/fr\/wp-json\/wp\/v2\/posts\/24016","targetHints":{"allow":["GET"]}}],"collection":[{"href":"https:\/\/finelife.tv\/fr\/wp-json\/wp\/v2\/posts"}],"about":[{"href":"https:\/\/finelife.tv\/fr\/wp-json\/wp\/v2\/types\/post"}],"author":[{"embeddable":true,"href":"https:\/\/finelife.tv\/fr\/wp-json\/wp\/v2\/users\/1"}],"replies":[{"embeddable":true,"href":"https:\/\/finelife.tv\/fr\/wp-json\/wp\/v2\/comments?post=24016"}],"version-history":[{"count":15,"href":"https:\/\/finelife.tv\/fr\/wp-json\/wp\/v2\/posts\/24016\/revisions"}],"predecessor-version":[{"id":24034,"href":"https:\/\/finelife.tv\/fr\/wp-json\/wp\/v2\/posts\/24016\/revisions\/24034"}],"wp:attachment":[{"href":"https:\/\/finelife.tv\/fr\/wp-json\/wp\/v2\/media?parent=24016"}],"wp:term":[{"taxonomy":"category","embeddable":true,"href":"https:\/\/finelife.tv\/fr\/wp-json\/wp\/v2\/categories?post=24016"},{"taxonomy":"post_tag","embeddable":true,"href":"https:\/\/finelife.tv\/fr\/wp-json\/wp\/v2\/tags?post=24016"}],"curies":[{"name":"wp","href":"https:\/\/api.w.org\/{rel}","templated":true}]}}