{"id":24116,"date":"2025-08-09T14:00:30","date_gmt":"2025-08-09T12:00:30","guid":{"rendered":"https:\/\/finelife.tv\/fr\/?p=24116"},"modified":"2026-01-17T16:50:33","modified_gmt":"2026-01-17T15:50:33","slug":"expo-lart-du-flou-a-lorangerie","status":"publish","type":"post","link":"https:\/\/finelife.tv\/fr\/2025\/08\/09\/expo-lart-du-flou-a-lorangerie\/","title":{"rendered":"Expo l&rsquo;art du flou \u00e0 l&rsquo;Orangerie"},"content":{"rendered":"<div class=\"wp-block-image\">\n<figure class=\"aligncenter size-large\"><img loading=\"lazy\" decoding=\"async\" width=\"1024\" height=\"735\" src=\"https:\/\/finelife.tv\/fr\/wp-content\/uploads\/2025\/08\/img-src-22https-finelife.tvimage.jpg-alt-22Expo-l-art-du-flou-a-l-Orangerie22-1024x735.jpg\" alt=\"\" class=\"wp-image-24150\" srcset=\"https:\/\/finelife.tv\/fr\/wp-content\/uploads\/2025\/08\/img-src-22https-finelife.tvimage.jpg-alt-22Expo-l-art-du-flou-a-l-Orangerie22-1024x735.jpg 1024w, https:\/\/finelife.tv\/fr\/wp-content\/uploads\/2025\/08\/img-src-22https-finelife.tvimage.jpg-alt-22Expo-l-art-du-flou-a-l-Orangerie22-300x215.jpg 300w, https:\/\/finelife.tv\/fr\/wp-content\/uploads\/2025\/08\/img-src-22https-finelife.tvimage.jpg-alt-22Expo-l-art-du-flou-a-l-Orangerie22-768x552.jpg 768w, https:\/\/finelife.tv\/fr\/wp-content\/uploads\/2025\/08\/img-src-22https-finelife.tvimage.jpg-alt-22Expo-l-art-du-flou-a-l-Orangerie22-1536x1103.jpg 1536w, https:\/\/finelife.tv\/fr\/wp-content\/uploads\/2025\/08\/img-src-22https-finelife.tvimage.jpg-alt-22Expo-l-art-du-flou-a-l-Orangerie22-2048x1471.jpg 2048w\" sizes=\"auto, (max-width: 1024px) 100vw, 1024px\" \/><\/figure>\n<\/div>\n\n\n<p><strong>Expo l&rsquo;art du flou \u00e0 l&rsquo;Orangerie. Le mus\u00e9e pr\u00e9sente un parcours fascinant autour d&rsquo;une autre vision de l&rsquo;art de 1945 \u00e0 nos jours. Un \u00e9loge du diffus, du d\u00e9cal\u00e9, de l&rsquo;incertain qui ouvre les imaginaires, agrandit les champs du possible. <\/strong><\/p>\n\n\n\n<p>Le mus\u00e9e de l&rsquo;Orangerie a eu la lumineuse id\u00e9e de plonger dans le flou. R\u00e9sultat, plus de 80 \u0153uvres de 61 artistes qui explorent et questionnent la r\u00e9alit\u00e9 et le temps \u00e0 l&rsquo;aide de m\u00e9dias divers, de la peinture \u00e0 la photo en passant par les films ou encore la sculpture.<\/p>\n\n\n\n<p>Sous le double commissariat de Claire Bernardi, directrice du mus\u00e9e de l&rsquo;Orangerie et Emilia Philippot, conservatrice en chef, l&rsquo;itin\u00e9raire, th\u00e9matique, explore les limites de la perception, \u00ab\u00a0aborde le flou sous un angle historique et politique, en interrogeant les questions de m\u00e9moire et de statut des images\u00a0\u00bb avant \u00ab\u00a0de prendre une direction po\u00e9tique\u00a0\u00bb sous la forme d&rsquo;un \u00e9loge de l&rsquo;indistinct.<\/p>\n\n\n\n<p>La sc\u00e9nographie am\u00e9nage des espaces de transparences o\u00f9 le \u00ab\u00a0regardeur\u00a0\u00bb se devine dans l&rsquo;\u0153uvre regard\u00e9e et per\u00e7oit d&rsquo;autres cr\u00e9ations \u00e0 travers des voiles. Tandis que les r\u00e9tines en cercles flous et color\u00e9s de Wojciech Fangor jouent les miroirs d\u00e9formants.<\/p>\n\n\n<div class=\"wp-block-image\">\n<figure class=\"aligncenter size-large\"><img loading=\"lazy\" decoding=\"async\" width=\"857\" height=\"1024\" src=\"https:\/\/finelife.tv\/fr\/wp-content\/uploads\/2025\/08\/img-src-22https-finelife.tvimage.jpg-alt-22Expo-l-art-du-flou-a-l-Orangerie-vue-exposition22-857x1024.jpg\" alt=\"\" class=\"wp-image-24153\" srcset=\"https:\/\/finelife.tv\/fr\/wp-content\/uploads\/2025\/08\/img-src-22https-finelife.tvimage.jpg-alt-22Expo-l-art-du-flou-a-l-Orangerie-vue-exposition22-857x1024.jpg 857w, https:\/\/finelife.tv\/fr\/wp-content\/uploads\/2025\/08\/img-src-22https-finelife.tvimage.jpg-alt-22Expo-l-art-du-flou-a-l-Orangerie-vue-exposition22-251x300.jpg 251w, https:\/\/finelife.tv\/fr\/wp-content\/uploads\/2025\/08\/img-src-22https-finelife.tvimage.jpg-alt-22Expo-l-art-du-flou-a-l-Orangerie-vue-exposition22-768x917.jpg 768w, https:\/\/finelife.tv\/fr\/wp-content\/uploads\/2025\/08\/img-src-22https-finelife.tvimage.jpg-alt-22Expo-l-art-du-flou-a-l-Orangerie-vue-exposition22-1286x1536.jpg 1286w, https:\/\/finelife.tv\/fr\/wp-content\/uploads\/2025\/08\/img-src-22https-finelife.tvimage.jpg-alt-22Expo-l-art-du-flou-a-l-Orangerie-vue-exposition22-1715x2048.jpg 1715w\" sizes=\"auto, (max-width: 857px) 100vw, 857px\" \/><figcaption class=\"wp-element-caption\">Vue de l&rsquo;exposition<\/figcaption><\/figure>\n<\/div>\n\n\n<h2 class=\"wp-block-heading\">De l&rsquo;impermanence \u00e0 l&rsquo;indicible<\/h2>\n\n\n\n<p>Un premier constat s&rsquo;impose. Le flou n&rsquo;est pas une vision ultra contemporaine du monde. Au d\u00e9but du parcours on croise ainsi <em>Le Bassin aux nymph\u00e9as<\/em> peint par Monet en 1900. L&rsquo;influence de l&rsquo;art japonais et de la philosophie zen sont ind\u00e9niablement pr\u00e9sentes. L&rsquo;id\u00e9e d&rsquo;impermanence, de flux rejoint les vanit\u00e9s, ce rappel de la finitude de l&rsquo;homme et de ses attachements. Reste la contemplation d&rsquo;une beaut\u00e9 mouvante, les nymph\u00e9as, masse brouill\u00e9e dans les remous de l&rsquo;eau.<\/p>\n\n\n<div class=\"wp-block-image\">\n<figure class=\"aligncenter size-large\"><img loading=\"lazy\" decoding=\"async\" width=\"1024\" height=\"866\" src=\"https:\/\/finelife.tv\/fr\/wp-content\/uploads\/2025\/08\/img-src-22https-finelife.tvimage.jpg-alt-22Expo-l-art-du-flou-a-l-Orangerie-monet-nympheas22-1024x866.jpg\" alt=\"\" class=\"wp-image-24154\" srcset=\"https:\/\/finelife.tv\/fr\/wp-content\/uploads\/2025\/08\/img-src-22https-finelife.tvimage.jpg-alt-22Expo-l-art-du-flou-a-l-Orangerie-monet-nympheas22-1024x866.jpg 1024w, https:\/\/finelife.tv\/fr\/wp-content\/uploads\/2025\/08\/img-src-22https-finelife.tvimage.jpg-alt-22Expo-l-art-du-flou-a-l-Orangerie-monet-nympheas22-300x254.jpg 300w, https:\/\/finelife.tv\/fr\/wp-content\/uploads\/2025\/08\/img-src-22https-finelife.tvimage.jpg-alt-22Expo-l-art-du-flou-a-l-Orangerie-monet-nympheas22-768x649.jpg 768w, https:\/\/finelife.tv\/fr\/wp-content\/uploads\/2025\/08\/img-src-22https-finelife.tvimage.jpg-alt-22Expo-l-art-du-flou-a-l-Orangerie-monet-nympheas22-1536x1298.jpg 1536w, https:\/\/finelife.tv\/fr\/wp-content\/uploads\/2025\/08\/img-src-22https-finelife.tvimage.jpg-alt-22Expo-l-art-du-flou-a-l-Orangerie-monet-nympheas22-2048x1731.jpg 2048w\" sizes=\"auto, (max-width: 1024px) 100vw, 1024px\" \/><figcaption class=\"wp-element-caption\">Claude Monet<em> \u00ab\u00a0Le Bassin aux nymph\u00e9as, Harmonie rose\u00a0\u00bb <\/em>1900<\/figcaption><\/figure>\n<\/div>\n\n\n<p>L&rsquo;exposition ancre l&rsquo;esth\u00e9tique du flou dans les ruines de la Seconde Guerre mondiale. \u00c0 la fois champ d&rsquo;incertitudes et ouverture des possibles. Mais elle rappelle que le flou existait d\u00e9j\u00e0 chez L\u00e9onard de Vinci et son sfumato, ces fines couches de peintures transparentes qui donnent aux personnages des contours de fum\u00e9e. Quatre si\u00e8cles plus tard William Turner explore des paysages m\u00eal\u00e9s comme celui, expos\u00e9, du tableau \u00ab\u00a0<em>Le Confluent de la Severn et de la Wye<\/em>\u00ab\u00a0. C&rsquo;est la dissolution de la clart\u00e9 de la ligne.<\/p>\n\n\n\n<p>L&rsquo;apparition notamment de la photographie puis de l&rsquo;imagerie m\u00e9dicale permettent par ailleurs d&rsquo;explorer une autre r\u00e9alit\u00e9. Celle par exemple de la subjectivit\u00e9, voire de l&rsquo;inconscient ou encore de ce qui ne peut \u00eatre ni verbalis\u00e9 ni fig\u00e9. Le flou serait alors peut-\u00eatre le refuge de l&rsquo;indicible. C&rsquo;est du moins ce que sugg\u00e8re \u00ab\u00a0<em>Six Seconds<\/em>\u00ab\u00a0. Le clich\u00e9 flou d&rsquo;Alfredo Jaar, montre, de dos, une jeune fille rwandaise qui fuit le r\u00e9cit du meurtre de ses parents \u00e0 la machette. Ou encore le \u00ab\u00a0<em>Mirador\u00a0\u00bb <\/em>de Krzysztof Pruszkowski, synth\u00e8se photographique d&rsquo;un camp de la mort.<\/p>\n\n\n\n<p><\/p>\n\n\n\n<h2 class=\"wp-block-heading\">Le flou comme intention, comme r\u00e9ponse<\/h2>\n\n\n\n<p>L&rsquo;indicible c&rsquo;est aussi ce \u00ab\u00a0tableau\u00a0\u00bb des attentats du 11 septembre 2001 par Gerhard Richter. Les images du choc sont rendues illisibles ou presque par la peinture. L&rsquo;artiste frustre le d\u00e9sir de sensationnalisme des foules comme il pointe le tragique et le futur incertain des \u00c9tats-Unis.<\/p>\n\n\n<div class=\"wp-block-image\">\n<figure class=\"aligncenter size-large\"><img loading=\"lazy\" decoding=\"async\" width=\"1018\" height=\"1024\" src=\"https:\/\/finelife.tv\/fr\/wp-content\/uploads\/2025\/08\/img-src-22https-finelife.tvimage.jpg-alt-22Expo-l-art-du-flou-a-l-Orangerie-tableau-mame-diarra-niang22-1018x1024.jpg\" alt=\"\" class=\"wp-image-24155\" srcset=\"https:\/\/finelife.tv\/fr\/wp-content\/uploads\/2025\/08\/img-src-22https-finelife.tvimage.jpg-alt-22Expo-l-art-du-flou-a-l-Orangerie-tableau-mame-diarra-niang22-1018x1024.jpg 1018w, https:\/\/finelife.tv\/fr\/wp-content\/uploads\/2025\/08\/img-src-22https-finelife.tvimage.jpg-alt-22Expo-l-art-du-flou-a-l-Orangerie-tableau-mame-diarra-niang22-298x300.jpg 298w, https:\/\/finelife.tv\/fr\/wp-content\/uploads\/2025\/08\/img-src-22https-finelife.tvimage.jpg-alt-22Expo-l-art-du-flou-a-l-Orangerie-tableau-mame-diarra-niang22-150x150.jpg 150w, https:\/\/finelife.tv\/fr\/wp-content\/uploads\/2025\/08\/img-src-22https-finelife.tvimage.jpg-alt-22Expo-l-art-du-flou-a-l-Orangerie-tableau-mame-diarra-niang22-768x772.jpg 768w, https:\/\/finelife.tv\/fr\/wp-content\/uploads\/2025\/08\/img-src-22https-finelife.tvimage.jpg-alt-22Expo-l-art-du-flou-a-l-Orangerie-tableau-mame-diarra-niang22-1527x1536.jpg 1527w, https:\/\/finelife.tv\/fr\/wp-content\/uploads\/2025\/08\/img-src-22https-finelife.tvimage.jpg-alt-22Expo-l-art-du-flou-a-l-Orangerie-tableau-mame-diarra-niang22-2037x2048.jpg 2037w\" sizes=\"auto, (max-width: 1018px) 100vw, 1018px\" \/><figcaption class=\"wp-element-caption\">Mame-Diarra Niang \u00ab\u00a0<em>Morphologie du r\u00eave #6<\/em>\u00a0\u00bb 2021<\/figcaption><\/figure>\n<\/div>\n\n\n<p>Le flou est \u00e9galement une r\u00e9ponse aux normes, \u00e0 la clart\u00e9 classificatrice parfois discriminante. Ainsi, \u00e0 travers flous, halos, distorsions, petits et grands formats, la photographe lyonnaise Mame-Diarra Niang entend extraire le corps noir des repr\u00e9sentations communes (voir l&rsquo;article de Finelife Tv sur l&rsquo;exposition <strong><a href=\"https:\/\/finelife.tv\/fr\/2024\/11\/01\/expo-la-fondation-henri-cartier-bresson-interroge-lidentite-et-la-trace\/\">la Fondation Henri Cartier-Bresson interroge l\u2019identit\u00e9 et la trace<\/a><\/strong>). De son c\u00f4t\u00e9, l&rsquo;\u00e9trange et d\u00e9stabilisant \u00ab\u00a0<em>Figure Crouching\u00a0\u00bb <\/em>de Francis Bacon, avec son cr\u00e2ne qui s&rsquo;efface et se confond dans le flou du fond, questionne l&rsquo;identit\u00e9, les fronti\u00e8res entre humanit\u00e9 et animalit\u00e9.<\/p>\n\n\n<div class=\"wp-block-image\">\n<figure class=\"aligncenter size-large\"><img loading=\"lazy\" decoding=\"async\" width=\"705\" height=\"1024\" src=\"https:\/\/finelife.tv\/fr\/wp-content\/uploads\/2025\/08\/img-src-22https-finelife.tvimage.jpg-alt-22Expo-l-art-du-flou-a-l-Orangerie-francis-bascon-figure-crouching22-705x1024.jpg\" alt=\"\" class=\"wp-image-24178\" srcset=\"https:\/\/finelife.tv\/fr\/wp-content\/uploads\/2025\/08\/img-src-22https-finelife.tvimage.jpg-alt-22Expo-l-art-du-flou-a-l-Orangerie-francis-bascon-figure-crouching22-705x1024.jpg 705w, https:\/\/finelife.tv\/fr\/wp-content\/uploads\/2025\/08\/img-src-22https-finelife.tvimage.jpg-alt-22Expo-l-art-du-flou-a-l-Orangerie-francis-bascon-figure-crouching22-207x300.jpg 207w, https:\/\/finelife.tv\/fr\/wp-content\/uploads\/2025\/08\/img-src-22https-finelife.tvimage.jpg-alt-22Expo-l-art-du-flou-a-l-Orangerie-francis-bascon-figure-crouching22-768x1115.jpg 768w, https:\/\/finelife.tv\/fr\/wp-content\/uploads\/2025\/08\/img-src-22https-finelife.tvimage.jpg-alt-22Expo-l-art-du-flou-a-l-Orangerie-francis-bascon-figure-crouching22-1058x1536.jpg 1058w, https:\/\/finelife.tv\/fr\/wp-content\/uploads\/2025\/08\/img-src-22https-finelife.tvimage.jpg-alt-22Expo-l-art-du-flou-a-l-Orangerie-francis-bascon-figure-crouching22-1410x2048.jpg 1410w, https:\/\/finelife.tv\/fr\/wp-content\/uploads\/2025\/08\/img-src-22https-finelife.tvimage.jpg-alt-22Expo-l-art-du-flou-a-l-Orangerie-francis-bascon-figure-crouching22.jpg 1669w\" sizes=\"auto, (max-width: 705px) 100vw, 705px\" \/><figcaption class=\"wp-element-caption\">Francis Bacon Figure Crouching 1949<\/figcaption><\/figure>\n<\/div>\n\n\n<h2 class=\"wp-block-heading\">\u00c9motions et temps long<\/h2>\n\n\n<div class=\"wp-block-image\">\n<figure class=\"aligncenter size-full is-resized\"><img loading=\"lazy\" decoding=\"async\" width=\"375\" height=\"366\" src=\"https:\/\/finelife.tv\/fr\/wp-content\/uploads\/2025\/08\/img-src-22https-finelife.tvimage.jpg-alt-22Expo-l-art-du-flou-a-l-Orangerie-hans-hartung22.jpg\" alt=\"\" class=\"wp-image-24158\" style=\"width:840px;height:auto\" srcset=\"https:\/\/finelife.tv\/fr\/wp-content\/uploads\/2025\/08\/img-src-22https-finelife.tvimage.jpg-alt-22Expo-l-art-du-flou-a-l-Orangerie-hans-hartung22.jpg 375w, https:\/\/finelife.tv\/fr\/wp-content\/uploads\/2025\/08\/img-src-22https-finelife.tvimage.jpg-alt-22Expo-l-art-du-flou-a-l-Orangerie-hans-hartung22-300x293.jpg 300w\" sizes=\"auto, (max-width: 375px) 100vw, 375px\" \/><figcaption class=\"wp-element-caption\">Hans Hartung \u00ab\u00a0<em>T1982-H31<\/em>\u00a0\u00bb <strong>\u00a9<\/strong>Fondation Hartung-Bergman<br><\/figcaption><\/figure>\n<\/div>\n\n\n<p>L&rsquo;expressionnisme abstrait d&rsquo;un Rothko, l&rsquo;entrem\u00ealement de masses color\u00e9es, la dilution des couleurs permet peut-\u00eatre d&rsquo;atteindre \u00ab\u00a0des \u00e9motions fondamentales\u00a0\u00bb. <strong><a href=\"https:\/\/finelife.tv\/fr\/2023\/11\/01\/ecce-rothko-lemotion-en-cubes-et-couleurs\/\">Une \u00e9motion en cubes et couleurs<\/a><\/strong> indistincts qui rel\u00e8ve du temps long de la peinture. Dans le prolongement de Rothko, le flou de Claire Chesnier \u00ab\u00a0appara\u00eet d\u00e8s lors comme moyen de saisir, dans la dur\u00e9e, l&rsquo;immensit\u00e9 ondulatoire de l&rsquo;atmosph\u00e8re au gr\u00e9 des palpitations du temps qu&rsquo;il fait et du temps qui passe\u00a0\u00bb selon les commissaires. On songe alors \u00e0 l&rsquo;abstraction jubilatoire et atmosph\u00e9rique de Hans Hartung (voir l&rsquo;article de Finelife Tv sur l&rsquo;exposition <strong><a href=\"https:\/\/finelife.tv\/fr\/2020\/07\/10\/hans-hartung-mam-abstraction-jubilation\/\">Hans Hartung \u2013 MAM : abstraction jubilation<\/a><\/strong>). Dans un autre registre, le temps long serait peut- \u00eatre aussi celui de la m\u00e9moire. Comme la saisit Eva Nielsen dans ses photos de familles (s\u00e9rigraphies sur fil d&rsquo;organza).<\/p>\n\n\n<div class=\"wp-block-image\">\n<figure class=\"aligncenter size-large\"><img loading=\"lazy\" decoding=\"async\" width=\"714\" height=\"1024\" src=\"https:\/\/finelife.tv\/fr\/wp-content\/uploads\/2025\/08\/img-src-22https-finelife.tvimage.jpg-alt-22Expo-l-art-du-flou-a-l-Orangerie-eva-nielsen22-714x1024.jpg\" alt=\"\" class=\"wp-image-24179\" srcset=\"https:\/\/finelife.tv\/fr\/wp-content\/uploads\/2025\/08\/img-src-22https-finelife.tvimage.jpg-alt-22Expo-l-art-du-flou-a-l-Orangerie-eva-nielsen22-714x1024.jpg 714w, https:\/\/finelife.tv\/fr\/wp-content\/uploads\/2025\/08\/img-src-22https-finelife.tvimage.jpg-alt-22Expo-l-art-du-flou-a-l-Orangerie-eva-nielsen22-209x300.jpg 209w, https:\/\/finelife.tv\/fr\/wp-content\/uploads\/2025\/08\/img-src-22https-finelife.tvimage.jpg-alt-22Expo-l-art-du-flou-a-l-Orangerie-eva-nielsen22-768x1101.jpg 768w, https:\/\/finelife.tv\/fr\/wp-content\/uploads\/2025\/08\/img-src-22https-finelife.tvimage.jpg-alt-22Expo-l-art-du-flou-a-l-Orangerie-eva-nielsen22-1072x1536.jpg 1072w, https:\/\/finelife.tv\/fr\/wp-content\/uploads\/2025\/08\/img-src-22https-finelife.tvimage.jpg-alt-22Expo-l-art-du-flou-a-l-Orangerie-eva-nielsen22-1429x2048.jpg 1429w, https:\/\/finelife.tv\/fr\/wp-content\/uploads\/2025\/08\/img-src-22https-finelife.tvimage.jpg-alt-22Expo-l-art-du-flou-a-l-Orangerie-eva-nielsen22-scaled.jpg 1786w\" sizes=\"auto, (max-width: 714px) 100vw, 714px\" \/><figcaption class=\"wp-element-caption\">\u0152uvres d&rsquo;Eva Nielsen : s\u00e9rigraphies sur fil d&rsquo;organza <\/figcaption><\/figure>\n<\/div>\n\n\n<h2 class=\"wp-block-heading\">Le flou et les alertes<\/h2>\n\n\n\n<p>Apr\u00e8s le focus des artistes sur les guerres vient le temps des alertes. Pr\u00e9sentes et futures. <\/p>\n\n\n\n<p>C&rsquo;est le flou des s\u00e9quoias en feu lors des incendies de 2020 aux \u00c9tats-Unis. Ce sont des brasiers, des nu\u00e9es ardentes et mouvantes que L\u00e9a Belooussovitch dessine avec des crayons de couleurs sur du feutre de laine. <\/p>\n\n\n\n<p>C&rsquo;est aussi le temps d\u00e9cal\u00e9 des nouvelles \u00e9pid\u00e9mies comme celle du Covid-19 que saisit Nan Goldin avec son bouquet de fleurs floues pr\u00e8s de la fen\u00eatre (photo principale). <\/p>\n\n\n\n<p>L&rsquo;alerte c&rsquo;est encore la mont\u00e9e en puissance de la cybersurveillance d\u00e9tourn\u00e9e ou encore les guerres r\u00e9centes avec les personnages en feu capt\u00e9es par \u00c9l\u00e9onore Weber. Et, peut-\u00eatre, une synth\u00e8se. Celle de Mircea Cantor avec l&#8217;empreinte de son doigt qui trace sur la bu\u00e9e d&rsquo;une vitre deux mots : \u00ab\u00a0<em>Unpredictable Future<\/em>\u00ab\u00a0.<\/p>\n\n\n<div class=\"wp-block-image\">\n<figure class=\"aligncenter size-large\"><img loading=\"lazy\" decoding=\"async\" width=\"1024\" height=\"713\" src=\"https:\/\/finelife.tv\/fr\/wp-content\/uploads\/2025\/08\/img-src-22https-finelife.tvimage.jpg-alt-22Expo-l-art-du-flou-a-l-Orangerie-mircea-cantor-unpredictable-future22-1024x713.jpg\" alt=\"\" class=\"wp-image-24152\" srcset=\"https:\/\/finelife.tv\/fr\/wp-content\/uploads\/2025\/08\/img-src-22https-finelife.tvimage.jpg-alt-22Expo-l-art-du-flou-a-l-Orangerie-mircea-cantor-unpredictable-future22-1024x713.jpg 1024w, https:\/\/finelife.tv\/fr\/wp-content\/uploads\/2025\/08\/img-src-22https-finelife.tvimage.jpg-alt-22Expo-l-art-du-flou-a-l-Orangerie-mircea-cantor-unpredictable-future22-300x209.jpg 300w, https:\/\/finelife.tv\/fr\/wp-content\/uploads\/2025\/08\/img-src-22https-finelife.tvimage.jpg-alt-22Expo-l-art-du-flou-a-l-Orangerie-mircea-cantor-unpredictable-future22-768x535.jpg 768w, https:\/\/finelife.tv\/fr\/wp-content\/uploads\/2025\/08\/img-src-22https-finelife.tvimage.jpg-alt-22Expo-l-art-du-flou-a-l-Orangerie-mircea-cantor-unpredictable-future22-1536x1069.jpg 1536w, https:\/\/finelife.tv\/fr\/wp-content\/uploads\/2025\/08\/img-src-22https-finelife.tvimage.jpg-alt-22Expo-l-art-du-flou-a-l-Orangerie-mircea-cantor-unpredictable-future22-2048x1425.jpg 2048w\" sizes=\"auto, (max-width: 1024px) 100vw, 1024px\" \/><figcaption class=\"wp-element-caption\">Mircea Cantor Unpredicteble future 2015<\/figcaption><\/figure>\n<\/div>\n\n\n<p><\/p>\n\n\n\n<h2 class=\"wp-block-heading has-text-align-center\">INFOS<\/h2>\n\n\n\n<p><strong>Dans le flou<\/strong>, <strong>une autre vision de l&rsquo;art de 1945 \u00e0 nos jours<\/strong><\/p>\n\n\n\n<p>Photo principale Nan Goldin \u00ab\u00a01st days in quarantine, Brooklyn NY, 2020\u00a0\u00bb<\/p>\n\n\n\n<p><strong><a href=\"https:\/\/www.musee-orangerie.fr\/\">Mus\u00e9e de l&rsquo;Orangerie<\/a><\/strong><\/p>\n\n\n\n<p>Du 30 avril au 18 ao\u00fbt 2025<\/p>\n\n\n\n<p>Article associ\u00e9 \u00e0  Expo l&rsquo;art du flou \u00e0 l&rsquo;Orangerie<strong> \/ Expo l&rsquo;art du flou \u00e0 l&rsquo;Orangerie<\/strong><\/p>\n\n\n\n<p><strong><a href=\"https:\/\/finelife.tv\/fr\/2017\/06\/08\/salon-du-dessin-lemotion-du-papier\/\">Salon du Dessin : l\u2019\u00c9motion du Papier<\/a><\/strong><\/p>\n\n\n\n<p><strong><a href=\"https:\/\/finelife.tv\/fr\/2026\/01\/17\/gerhard-richter-le-flou-a-la-fondation-louis-vuitton\/\">Gerhard Richter : le flou \u00e0 la Fondation Louis Vuitton<\/a><\/strong><\/p>\n","protected":false},"excerpt":{"rendered":"<p>Le mus\u00e9e de l&rsquo;Orangerie pr\u00e9sente un parcours fascinant autour d&rsquo;une autre vision de l&rsquo;art de 1945 \u00e0 nos jours. Un \u00e9loge du diffus, du d\u00e9cal\u00e9, de l&rsquo;incertain qui ouvre les imaginaires, agrandi les champs du possible. Remarquable !<\/p>\n","protected":false},"author":1,"featured_media":0,"comment_status":"open","ping_status":"open","sticky":false,"template":"","format":"standard","meta":{"footnotes":""},"categories":[4],"tags":[22,448,5541,5539,5538,3202,5540,68,5542,5543],"class_list":["post-24116","post","type-post","status-publish","format-standard","hentry","category-blog","tag-art","tag-art-contemporain","tag-dans-le-flou","tag-de-decale","tag-de-letrange","tag-expo","tag-expo-lappel-du-flou-a-lorangerie-le-musee-presente-un-parcours-fascinant-autour-dune-autre-vision-de-lart-de-1945-a-nos-jours-un-eloge-du-diffus","tag-exposition","tag-exposition-dans-le-flou","tag-musee-de-lorangerie"],"yoast_head":"<!-- This site is optimized with the Yoast SEO plugin v27.5 - https:\/\/yoast.com\/product\/yoast-seo-wordpress\/ -->\n<title>Expo l&#039;art du flou \u00e0 l&#039;Orangerie - FineLife.tv<\/title>\n<meta name=\"description\" content=\"Expo l&#039;art du flou \u00e0 l&#039;Orangerie. Le mus\u00e9e pr\u00e9sente un parcours fascinant autour d&#039;une autre vision de l&#039;art de 1945 \u00e0 nos jours.\" \/>\n<meta name=\"robots\" content=\"index, follow, max-snippet:-1, max-image-preview:large, max-video-preview:-1\" \/>\n<link rel=\"canonical\" href=\"https:\/\/finelife.tv\/fr\/2025\/08\/09\/expo-lart-du-flou-a-lorangerie\/\" \/>\n<meta property=\"og:locale\" content=\"fr_FR\" \/>\n<meta property=\"og:type\" content=\"article\" \/>\n<meta property=\"og:title\" content=\"Expo l&#039;art du flou \u00e0 l&#039;Orangerie - FineLife.tv\" \/>\n<meta property=\"og:description\" content=\"Expo l&#039;art du flou \u00e0 l&#039;Orangerie. Le mus\u00e9e pr\u00e9sente un parcours fascinant autour d&#039;une autre vision de l&#039;art de 1945 \u00e0 nos jours.\" \/>\n<meta property=\"og:url\" content=\"https:\/\/finelife.tv\/fr\/2025\/08\/09\/expo-lart-du-flou-a-lorangerie\/\" \/>\n<meta property=\"og:site_name\" content=\"FineLife.tv\" \/>\n<meta property=\"article:published_time\" content=\"2025-08-09T12:00:30+00:00\" \/>\n<meta property=\"article:modified_time\" content=\"2026-01-17T15:50:33+00:00\" \/>\n<meta property=\"og:image\" content=\"https:\/\/finelife.tv\/fr\/wp-content\/uploads\/2025\/08\/img-src-22https-finelife.tvimage.jpg-alt-22Expo-l-art-du-flou-a-l-Orangerie22.jpg\" \/>\n\t<meta property=\"og:image:width\" content=\"2359\" \/>\n\t<meta property=\"og:image:height\" content=\"1694\" \/>\n\t<meta property=\"og:image:type\" content=\"image\/jpeg\" \/>\n<meta name=\"author\" content=\"Leonore\" \/>\n<meta name=\"twitter:card\" content=\"summary_large_image\" \/>\n<meta name=\"twitter:creator\" content=\"@finelifetv\" \/>\n<meta name=\"twitter:site\" content=\"@finelifetv\" \/>\n<meta name=\"twitter:label1\" content=\"\u00c9crit par\" \/>\n\t<meta name=\"twitter:data1\" content=\"Leonore\" \/>\n\t<meta name=\"twitter:label2\" content=\"Dur\u00e9e de lecture estim\u00e9e\" \/>\n\t<meta name=\"twitter:data2\" content=\"7 minutes\" \/>\n<script type=\"application\/ld+json\" class=\"yoast-schema-graph\">{\"@context\":\"https:\\\/\\\/schema.org\",\"@graph\":[{\"@type\":\"Article\",\"@id\":\"https:\\\/\\\/finelife.tv\\\/fr\\\/2025\\\/08\\\/09\\\/expo-lart-du-flou-a-lorangerie\\\/#article\",\"isPartOf\":{\"@id\":\"https:\\\/\\\/finelife.tv\\\/fr\\\/2025\\\/08\\\/09\\\/expo-lart-du-flou-a-lorangerie\\\/\"},\"author\":{\"name\":\"Leonore\",\"@id\":\"https:\\\/\\\/finelife.tv\\\/fr\\\/#\\\/schema\\\/person\\\/e3d980b0c0b3dc5af01c3455893c8c52\"},\"headline\":\"Expo l&rsquo;art du flou \u00e0 l&rsquo;Orangerie\",\"datePublished\":\"2025-08-09T12:00:30+00:00\",\"dateModified\":\"2026-01-17T15:50:33+00:00\",\"mainEntityOfPage\":{\"@id\":\"https:\\\/\\\/finelife.tv\\\/fr\\\/2025\\\/08\\\/09\\\/expo-lart-du-flou-a-lorangerie\\\/\"},\"wordCount\":1081,\"commentCount\":5,\"image\":{\"@id\":\"https:\\\/\\\/finelife.tv\\\/fr\\\/2025\\\/08\\\/09\\\/expo-lart-du-flou-a-lorangerie\\\/#primaryimage\"},\"thumbnailUrl\":\"https:\\\/\\\/finelife.tv\\\/fr\\\/wp-content\\\/uploads\\\/2025\\\/08\\\/img-src-22https-finelife.tvimage.jpg-alt-22Expo-l-art-du-flou-a-l-Orangerie22-1024x735.jpg\",\"keywords\":[\"art\",\"art contemporain\",\"dans le flou\",\"de d\u00e9cal\u00e9\",\"de l'\u00e9trange\",\"expo\",\"Expo l'appel du flou \u00e0 l'Orangerie. Le mus\u00e9e pr\u00e9sente un parcours fascinant autour d'une autre vision de l'art de 1945 \u00e0 nos jours. Un \u00e9loge du diffus\",\"exposition\",\"exposition dans le flou\",\"musee de l'orangerie\"],\"articleSection\":[\"Blog\"],\"inLanguage\":\"fr-FR\",\"potentialAction\":[{\"@type\":\"CommentAction\",\"name\":\"Comment\",\"target\":[\"https:\\\/\\\/finelife.tv\\\/fr\\\/2025\\\/08\\\/09\\\/expo-lart-du-flou-a-lorangerie\\\/#respond\"]}]},{\"@type\":\"WebPage\",\"@id\":\"https:\\\/\\\/finelife.tv\\\/fr\\\/2025\\\/08\\\/09\\\/expo-lart-du-flou-a-lorangerie\\\/\",\"url\":\"https:\\\/\\\/finelife.tv\\\/fr\\\/2025\\\/08\\\/09\\\/expo-lart-du-flou-a-lorangerie\\\/\",\"name\":\"Expo l'art du flou \u00e0 l'Orangerie - FineLife.tv\",\"isPartOf\":{\"@id\":\"https:\\\/\\\/finelife.tv\\\/fr\\\/#website\"},\"primaryImageOfPage\":{\"@id\":\"https:\\\/\\\/finelife.tv\\\/fr\\\/2025\\\/08\\\/09\\\/expo-lart-du-flou-a-lorangerie\\\/#primaryimage\"},\"image\":{\"@id\":\"https:\\\/\\\/finelife.tv\\\/fr\\\/2025\\\/08\\\/09\\\/expo-lart-du-flou-a-lorangerie\\\/#primaryimage\"},\"thumbnailUrl\":\"https:\\\/\\\/finelife.tv\\\/fr\\\/wp-content\\\/uploads\\\/2025\\\/08\\\/img-src-22https-finelife.tvimage.jpg-alt-22Expo-l-art-du-flou-a-l-Orangerie22-1024x735.jpg\",\"datePublished\":\"2025-08-09T12:00:30+00:00\",\"dateModified\":\"2026-01-17T15:50:33+00:00\",\"author\":{\"@id\":\"https:\\\/\\\/finelife.tv\\\/fr\\\/#\\\/schema\\\/person\\\/e3d980b0c0b3dc5af01c3455893c8c52\"},\"description\":\"Expo l'art du flou \u00e0 l'Orangerie. Le mus\u00e9e pr\u00e9sente un parcours fascinant autour d'une autre vision de l'art de 1945 \u00e0 nos jours.\",\"breadcrumb\":{\"@id\":\"https:\\\/\\\/finelife.tv\\\/fr\\\/2025\\\/08\\\/09\\\/expo-lart-du-flou-a-lorangerie\\\/#breadcrumb\"},\"inLanguage\":\"fr-FR\",\"potentialAction\":[{\"@type\":\"ReadAction\",\"target\":[\"https:\\\/\\\/finelife.tv\\\/fr\\\/2025\\\/08\\\/09\\\/expo-lart-du-flou-a-lorangerie\\\/\"]}]},{\"@type\":\"ImageObject\",\"inLanguage\":\"fr-FR\",\"@id\":\"https:\\\/\\\/finelife.tv\\\/fr\\\/2025\\\/08\\\/09\\\/expo-lart-du-flou-a-lorangerie\\\/#primaryimage\",\"url\":\"https:\\\/\\\/finelife.tv\\\/fr\\\/wp-content\\\/uploads\\\/2025\\\/08\\\/img-src-22https-finelife.tvimage.jpg-alt-22Expo-l-art-du-flou-a-l-Orangerie22.jpg\",\"contentUrl\":\"https:\\\/\\\/finelife.tv\\\/fr\\\/wp-content\\\/uploads\\\/2025\\\/08\\\/img-src-22https-finelife.tvimage.jpg-alt-22Expo-l-art-du-flou-a-l-Orangerie22.jpg\",\"width\":2359,\"height\":1694},{\"@type\":\"BreadcrumbList\",\"@id\":\"https:\\\/\\\/finelife.tv\\\/fr\\\/2025\\\/08\\\/09\\\/expo-lart-du-flou-a-lorangerie\\\/#breadcrumb\",\"itemListElement\":[{\"@type\":\"ListItem\",\"position\":1,\"name\":\"Accueil\",\"item\":\"https:\\\/\\\/finelife.tv\\\/fr\\\/\"},{\"@type\":\"ListItem\",\"position\":2,\"name\":\"Expo l&rsquo;art du flou \u00e0 l&rsquo;Orangerie\"}]},{\"@type\":\"WebSite\",\"@id\":\"https:\\\/\\\/finelife.tv\\\/fr\\\/#website\",\"url\":\"https:\\\/\\\/finelife.tv\\\/fr\\\/\",\"name\":\"FineLife.tv\",\"description\":\"Quand l&#039;Art de vivre croise l&#039;Art de penser\",\"potentialAction\":[{\"@type\":\"SearchAction\",\"target\":{\"@type\":\"EntryPoint\",\"urlTemplate\":\"https:\\\/\\\/finelife.tv\\\/fr\\\/?s={search_term_string}\"},\"query-input\":{\"@type\":\"PropertyValueSpecification\",\"valueRequired\":true,\"valueName\":\"search_term_string\"}}],\"inLanguage\":\"fr-FR\"},{\"@type\":\"Person\",\"@id\":\"https:\\\/\\\/finelife.tv\\\/fr\\\/#\\\/schema\\\/person\\\/e3d980b0c0b3dc5af01c3455893c8c52\",\"name\":\"Leonore\",\"image\":{\"@type\":\"ImageObject\",\"inLanguage\":\"fr-FR\",\"@id\":\"https:\\\/\\\/secure.gravatar.com\\\/avatar\\\/9a2e5073417479f910ffdeee54da5ccf4f91eab62746ce0ae0e81124a9491a79?s=96&d=mm&r=g\",\"url\":\"https:\\\/\\\/secure.gravatar.com\\\/avatar\\\/9a2e5073417479f910ffdeee54da5ccf4f91eab62746ce0ae0e81124a9491a79?s=96&d=mm&r=g\",\"contentUrl\":\"https:\\\/\\\/secure.gravatar.com\\\/avatar\\\/9a2e5073417479f910ffdeee54da5ccf4f91eab62746ce0ae0e81124a9491a79?s=96&d=mm&r=g\",\"caption\":\"Leonore\"}}]}<\/script>\n<!-- \/ Yoast SEO plugin. -->","yoast_head_json":{"title":"Expo l'art du flou \u00e0 l'Orangerie - FineLife.tv","description":"Expo l'art du flou \u00e0 l'Orangerie. Le mus\u00e9e pr\u00e9sente un parcours fascinant autour d'une autre vision de l'art de 1945 \u00e0 nos jours.","robots":{"index":"index","follow":"follow","max-snippet":"max-snippet:-1","max-image-preview":"max-image-preview:large","max-video-preview":"max-video-preview:-1"},"canonical":"https:\/\/finelife.tv\/fr\/2025\/08\/09\/expo-lart-du-flou-a-lorangerie\/","og_locale":"fr_FR","og_type":"article","og_title":"Expo l'art du flou \u00e0 l'Orangerie - FineLife.tv","og_description":"Expo l'art du flou \u00e0 l'Orangerie. Le mus\u00e9e pr\u00e9sente un parcours fascinant autour d'une autre vision de l'art de 1945 \u00e0 nos jours.","og_url":"https:\/\/finelife.tv\/fr\/2025\/08\/09\/expo-lart-du-flou-a-lorangerie\/","og_site_name":"FineLife.tv","article_published_time":"2025-08-09T12:00:30+00:00","article_modified_time":"2026-01-17T15:50:33+00:00","og_image":[{"width":2359,"height":1694,"url":"https:\/\/finelife.tv\/fr\/wp-content\/uploads\/2025\/08\/img-src-22https-finelife.tvimage.jpg-alt-22Expo-l-art-du-flou-a-l-Orangerie22.jpg","type":"image\/jpeg"}],"author":"Leonore","twitter_card":"summary_large_image","twitter_creator":"@finelifetv","twitter_site":"@finelifetv","twitter_misc":{"\u00c9crit par":"Leonore","Dur\u00e9e de lecture estim\u00e9e":"7 minutes"},"schema":{"@context":"https:\/\/schema.org","@graph":[{"@type":"Article","@id":"https:\/\/finelife.tv\/fr\/2025\/08\/09\/expo-lart-du-flou-a-lorangerie\/#article","isPartOf":{"@id":"https:\/\/finelife.tv\/fr\/2025\/08\/09\/expo-lart-du-flou-a-lorangerie\/"},"author":{"name":"Leonore","@id":"https:\/\/finelife.tv\/fr\/#\/schema\/person\/e3d980b0c0b3dc5af01c3455893c8c52"},"headline":"Expo l&rsquo;art du flou \u00e0 l&rsquo;Orangerie","datePublished":"2025-08-09T12:00:30+00:00","dateModified":"2026-01-17T15:50:33+00:00","mainEntityOfPage":{"@id":"https:\/\/finelife.tv\/fr\/2025\/08\/09\/expo-lart-du-flou-a-lorangerie\/"},"wordCount":1081,"commentCount":5,"image":{"@id":"https:\/\/finelife.tv\/fr\/2025\/08\/09\/expo-lart-du-flou-a-lorangerie\/#primaryimage"},"thumbnailUrl":"https:\/\/finelife.tv\/fr\/wp-content\/uploads\/2025\/08\/img-src-22https-finelife.tvimage.jpg-alt-22Expo-l-art-du-flou-a-l-Orangerie22-1024x735.jpg","keywords":["art","art contemporain","dans le flou","de d\u00e9cal\u00e9","de l'\u00e9trange","expo","Expo l'appel du flou \u00e0 l'Orangerie. Le mus\u00e9e pr\u00e9sente un parcours fascinant autour d'une autre vision de l'art de 1945 \u00e0 nos jours. Un \u00e9loge du diffus","exposition","exposition dans le flou","musee de l'orangerie"],"articleSection":["Blog"],"inLanguage":"fr-FR","potentialAction":[{"@type":"CommentAction","name":"Comment","target":["https:\/\/finelife.tv\/fr\/2025\/08\/09\/expo-lart-du-flou-a-lorangerie\/#respond"]}]},{"@type":"WebPage","@id":"https:\/\/finelife.tv\/fr\/2025\/08\/09\/expo-lart-du-flou-a-lorangerie\/","url":"https:\/\/finelife.tv\/fr\/2025\/08\/09\/expo-lart-du-flou-a-lorangerie\/","name":"Expo l'art du flou \u00e0 l'Orangerie - FineLife.tv","isPartOf":{"@id":"https:\/\/finelife.tv\/fr\/#website"},"primaryImageOfPage":{"@id":"https:\/\/finelife.tv\/fr\/2025\/08\/09\/expo-lart-du-flou-a-lorangerie\/#primaryimage"},"image":{"@id":"https:\/\/finelife.tv\/fr\/2025\/08\/09\/expo-lart-du-flou-a-lorangerie\/#primaryimage"},"thumbnailUrl":"https:\/\/finelife.tv\/fr\/wp-content\/uploads\/2025\/08\/img-src-22https-finelife.tvimage.jpg-alt-22Expo-l-art-du-flou-a-l-Orangerie22-1024x735.jpg","datePublished":"2025-08-09T12:00:30+00:00","dateModified":"2026-01-17T15:50:33+00:00","author":{"@id":"https:\/\/finelife.tv\/fr\/#\/schema\/person\/e3d980b0c0b3dc5af01c3455893c8c52"},"description":"Expo l'art du flou \u00e0 l'Orangerie. Le mus\u00e9e pr\u00e9sente un parcours fascinant autour d'une autre vision de l'art de 1945 \u00e0 nos jours.","breadcrumb":{"@id":"https:\/\/finelife.tv\/fr\/2025\/08\/09\/expo-lart-du-flou-a-lorangerie\/#breadcrumb"},"inLanguage":"fr-FR","potentialAction":[{"@type":"ReadAction","target":["https:\/\/finelife.tv\/fr\/2025\/08\/09\/expo-lart-du-flou-a-lorangerie\/"]}]},{"@type":"ImageObject","inLanguage":"fr-FR","@id":"https:\/\/finelife.tv\/fr\/2025\/08\/09\/expo-lart-du-flou-a-lorangerie\/#primaryimage","url":"https:\/\/finelife.tv\/fr\/wp-content\/uploads\/2025\/08\/img-src-22https-finelife.tvimage.jpg-alt-22Expo-l-art-du-flou-a-l-Orangerie22.jpg","contentUrl":"https:\/\/finelife.tv\/fr\/wp-content\/uploads\/2025\/08\/img-src-22https-finelife.tvimage.jpg-alt-22Expo-l-art-du-flou-a-l-Orangerie22.jpg","width":2359,"height":1694},{"@type":"BreadcrumbList","@id":"https:\/\/finelife.tv\/fr\/2025\/08\/09\/expo-lart-du-flou-a-lorangerie\/#breadcrumb","itemListElement":[{"@type":"ListItem","position":1,"name":"Accueil","item":"https:\/\/finelife.tv\/fr\/"},{"@type":"ListItem","position":2,"name":"Expo l&rsquo;art du flou \u00e0 l&rsquo;Orangerie"}]},{"@type":"WebSite","@id":"https:\/\/finelife.tv\/fr\/#website","url":"https:\/\/finelife.tv\/fr\/","name":"FineLife.tv","description":"Quand l&#039;Art de vivre croise l&#039;Art de penser","potentialAction":[{"@type":"SearchAction","target":{"@type":"EntryPoint","urlTemplate":"https:\/\/finelife.tv\/fr\/?s={search_term_string}"},"query-input":{"@type":"PropertyValueSpecification","valueRequired":true,"valueName":"search_term_string"}}],"inLanguage":"fr-FR"},{"@type":"Person","@id":"https:\/\/finelife.tv\/fr\/#\/schema\/person\/e3d980b0c0b3dc5af01c3455893c8c52","name":"Leonore","image":{"@type":"ImageObject","inLanguage":"fr-FR","@id":"https:\/\/secure.gravatar.com\/avatar\/9a2e5073417479f910ffdeee54da5ccf4f91eab62746ce0ae0e81124a9491a79?s=96&d=mm&r=g","url":"https:\/\/secure.gravatar.com\/avatar\/9a2e5073417479f910ffdeee54da5ccf4f91eab62746ce0ae0e81124a9491a79?s=96&d=mm&r=g","contentUrl":"https:\/\/secure.gravatar.com\/avatar\/9a2e5073417479f910ffdeee54da5ccf4f91eab62746ce0ae0e81124a9491a79?s=96&d=mm&r=g","caption":"Leonore"}}]}},"_links":{"self":[{"href":"https:\/\/finelife.tv\/fr\/wp-json\/wp\/v2\/posts\/24116","targetHints":{"allow":["GET"]}}],"collection":[{"href":"https:\/\/finelife.tv\/fr\/wp-json\/wp\/v2\/posts"}],"about":[{"href":"https:\/\/finelife.tv\/fr\/wp-json\/wp\/v2\/types\/post"}],"author":[{"embeddable":true,"href":"https:\/\/finelife.tv\/fr\/wp-json\/wp\/v2\/users\/1"}],"replies":[{"embeddable":true,"href":"https:\/\/finelife.tv\/fr\/wp-json\/wp\/v2\/comments?post=24116"}],"version-history":[{"count":87,"href":"https:\/\/finelife.tv\/fr\/wp-json\/wp\/v2\/posts\/24116\/revisions"}],"predecessor-version":[{"id":26565,"href":"https:\/\/finelife.tv\/fr\/wp-json\/wp\/v2\/posts\/24116\/revisions\/26565"}],"wp:attachment":[{"href":"https:\/\/finelife.tv\/fr\/wp-json\/wp\/v2\/media?parent=24116"}],"wp:term":[{"taxonomy":"category","embeddable":true,"href":"https:\/\/finelife.tv\/fr\/wp-json\/wp\/v2\/categories?post=24116"},{"taxonomy":"post_tag","embeddable":true,"href":"https:\/\/finelife.tv\/fr\/wp-json\/wp\/v2\/tags?post=24116"}],"curies":[{"name":"wp","href":"https:\/\/api.w.org\/{rel}","templated":true}]}}