{"id":24921,"date":"2025-11-25T20:15:32","date_gmt":"2025-11-25T19:15:32","guid":{"rendered":"https:\/\/finelife.tv\/fr\/?p=24921"},"modified":"2025-11-28T13:16:09","modified_gmt":"2025-11-28T12:16:09","slug":"paris-photo-2025-urgence-climatique","status":"publish","type":"post","link":"https:\/\/finelife.tv\/fr\/2025\/11\/25\/paris-photo-2025-urgence-climatique\/","title":{"rendered":"Paris Photo 2025 urgence climatique"},"content":{"rendered":"<div class=\"wp-block-image\">\n<figure class=\"aligncenter size-large\"><img loading=\"lazy\" decoding=\"async\" width=\"735\" height=\"1024\" src=\"https:\/\/finelife.tv\/fr\/wp-content\/uploads\/2025\/11\/img-src-22https-finelife.tvimage.jpg-alt-22Paris-Photo-2025-urgence-climatique22-735x1024.jpeg\" alt=\"\" class=\"wp-image-25006\" srcset=\"https:\/\/finelife.tv\/fr\/wp-content\/uploads\/2025\/11\/img-src-22https-finelife.tvimage.jpg-alt-22Paris-Photo-2025-urgence-climatique22-735x1024.jpeg 735w, https:\/\/finelife.tv\/fr\/wp-content\/uploads\/2025\/11\/img-src-22https-finelife.tvimage.jpg-alt-22Paris-Photo-2025-urgence-climatique22-215x300.jpeg 215w, https:\/\/finelife.tv\/fr\/wp-content\/uploads\/2025\/11\/img-src-22https-finelife.tvimage.jpg-alt-22Paris-Photo-2025-urgence-climatique22-768x1070.jpeg 768w, https:\/\/finelife.tv\/fr\/wp-content\/uploads\/2025\/11\/img-src-22https-finelife.tvimage.jpg-alt-22Paris-Photo-2025-urgence-climatique22.jpeg 1006w\" sizes=\"auto, (max-width: 735px) 100vw, 735px\" \/><\/figure>\n<\/div>\n\n\n<p><strong>Paris Photo 2025 urgence climatique. Une s\u00e9lection de photographes qui allient beaut\u00e9, imaginaire, technique et engagement \u00e9cologique.<\/strong><\/p>\n\n\n\n<p>La COP30 de Belem s&rsquo;est referm\u00e9e sur un accord en demi-teinte. Toujours aucun engagement clair sur la sortie des fossiles, mais un triplement promis de l\u2019aide aux pays en premi\u00e8re ligne face au d\u00e9r\u00e8glement climatique.<\/p>\n\n\n\n<p>Sous la nef du Grand palais comme dans les coursives du secteur \u00c9mergences, les photographes multiplient les points de vue et les techniques pour appr\u00e9hender et sensibiliser sur les urgences. Urgence \u00e0 sauver la vie, le biotope, notre biotope. Urgence \u00e0 montrer la Beaut\u00e9.<\/p>\n\n\n\n<p>Tour d\u2019horizon des propositions. Une s\u00e9lection bas\u00e9e sur l\u2019originalit\u00e9, l\u2019engagement, la technique et l\u2019imaginaire<\/p>\n\n\n\n<h2 class=\"wp-block-heading\">Rapha\u00eblle Peria : platanes agonisants<\/h2>\n\n\n<div class=\"wp-block-image\">\n<figure class=\"aligncenter size-large\"><img loading=\"lazy\" decoding=\"async\" width=\"619\" height=\"1024\" src=\"https:\/\/finelife.tv\/fr\/wp-content\/uploads\/2025\/11\/img-src-22https-finelife.tvimage.jpg-alt-22Paris-Photo-2025-urgence-climatique-raphaelle-peria22-619x1024.jpeg\" alt=\"\" class=\"wp-image-25007\" srcset=\"https:\/\/finelife.tv\/fr\/wp-content\/uploads\/2025\/11\/img-src-22https-finelife.tvimage.jpg-alt-22Paris-Photo-2025-urgence-climatique-raphaelle-peria22-619x1024.jpeg 619w, https:\/\/finelife.tv\/fr\/wp-content\/uploads\/2025\/11\/img-src-22https-finelife.tvimage.jpg-alt-22Paris-Photo-2025-urgence-climatique-raphaelle-peria22-181x300.jpeg 181w, https:\/\/finelife.tv\/fr\/wp-content\/uploads\/2025\/11\/img-src-22https-finelife.tvimage.jpg-alt-22Paris-Photo-2025-urgence-climatique-raphaelle-peria22-768x1271.jpeg 768w, https:\/\/finelife.tv\/fr\/wp-content\/uploads\/2025\/11\/img-src-22https-finelife.tvimage.jpg-alt-22Paris-Photo-2025-urgence-climatique-raphaelle-peria22-928x1536.jpeg 928w, https:\/\/finelife.tv\/fr\/wp-content\/uploads\/2025\/11\/img-src-22https-finelife.tvimage.jpg-alt-22Paris-Photo-2025-urgence-climatique-raphaelle-peria22-1238x2048.jpeg 1238w, https:\/\/finelife.tv\/fr\/wp-content\/uploads\/2025\/11\/img-src-22https-finelife.tvimage.jpg-alt-22Paris-Photo-2025-urgence-climatique-raphaelle-peria22-scaled.jpeg 1547w\" sizes=\"auto, (max-width: 619px) 100vw, 619px\" \/><\/figure>\n<\/div>\n\n\n<p>En 2025, la Picarde est laur\u00e9ate du BMW Art Makers pour son projet \u00ab\u00a0<em>Travers\u00e9e du fragment manquant<\/em>\u00a0\u00bb qui immortalise l&rsquo;\u00e9co-syst\u00e8me du Canal du Midi et ses platanes agonisants (<strong><a href=\"https:\/\/galeriepapillonparis.com\/?oeuvre\/Peria\">Galerie Papillon<\/a><\/strong>). Sa technique : gravure et scraping uniques pour fusionner photos, dessins et impressions.<\/p>\n\n\n\n<p>Depuis dix ans, Rapha\u00eblle Peria (Amiens 1989<strong>&#8211; <\/strong>) traque l\u2019arbre parfait \u2013 celui qu\u2019on dessine enfant : une boule, deux traits. \u00c0 la pointe et au scalpel, elle sculpte ses images. Le blanc domine, couleur de l\u2019oubli et de la m\u00e9moire qui s\u2019efface. Les platanes du Canal du Midi, rong\u00e9s par le chancre color\u00e9, renaissent alors en reliefs spectraux. Hypnotique, presque murakamien. Avec son arbre cin\u00e9tique et ses paysages de silence, la m\u00e9moire du monde version Rapha\u00eblle Peria reste ind\u00e9niablement grav\u00e9e dans l\u2019esprit du spectateur. (Finelife TV<strong><a href=\"https:\/\/finelife.tv\/fr\/2025\/05\/30\/exposition-raphaelle-peria-la-nature-et-loubli\/\"> Exposition Rapha\u00eblle Peria la nature et l\u2019oubli<\/a><\/strong>)<\/p>\n\n\n\n<p><\/p>\n\n\n\n<h2 class=\"wp-block-heading\">Rodrigo Braga for\u00eat en combustion<\/h2>\n\n\n<div class=\"wp-block-image\">\n<figure class=\"aligncenter size-large\"><img loading=\"lazy\" decoding=\"async\" width=\"1024\" height=\"886\" src=\"https:\/\/finelife.tv\/fr\/wp-content\/uploads\/2025\/11\/img-src-22https-finelife.tvimage.jpg-alt-22Paris-Photo-2025-urgence-climatique-rodrigo-braga22-1024x886.jpeg\" alt=\"\" class=\"wp-image-25008\" srcset=\"https:\/\/finelife.tv\/fr\/wp-content\/uploads\/2025\/11\/img-src-22https-finelife.tvimage.jpg-alt-22Paris-Photo-2025-urgence-climatique-rodrigo-braga22-1024x886.jpeg 1024w, https:\/\/finelife.tv\/fr\/wp-content\/uploads\/2025\/11\/img-src-22https-finelife.tvimage.jpg-alt-22Paris-Photo-2025-urgence-climatique-rodrigo-braga22-300x259.jpeg 300w, https:\/\/finelife.tv\/fr\/wp-content\/uploads\/2025\/11\/img-src-22https-finelife.tvimage.jpg-alt-22Paris-Photo-2025-urgence-climatique-rodrigo-braga22-768x664.jpeg 768w, https:\/\/finelife.tv\/fr\/wp-content\/uploads\/2025\/11\/img-src-22https-finelife.tvimage.jpg-alt-22Paris-Photo-2025-urgence-climatique-rodrigo-braga22-1536x1328.jpeg 1536w, https:\/\/finelife.tv\/fr\/wp-content\/uploads\/2025\/11\/img-src-22https-finelife.tvimage.jpg-alt-22Paris-Photo-2025-urgence-climatique-rodrigo-braga22-2048x1771.jpeg 2048w\" sizes=\"auto, (max-width: 1024px) 100vw, 1024px\" \/><\/figure>\n<\/div>\n\n\n<p>De son c\u00f4t\u00e9 Rodrigo Braga \ud83c\udde7\ud83c\uddf7 (<strong><a href=\"https:\/\/salonh.fr\/\">salonH<\/a><\/strong>) documente la destruction de la for\u00eat \ud83c\udf33amazonienne avec un onirisme chamanique. Ce fils de biologiste n\u00e9 au Br\u00e9sil (Manaus) en 1976 travaille entre Rio et Paris. \u00c0 Paris Photo, il pr\u00e9sente un solo show autour de l&rsquo;exp\u00e9rience <em>Pedra Latente<\/em>. Une confrontation entre corps et nature, corps et feu. Un feu destructeur mais peut-\u00eatre salvateur. Le clich\u00e9 de l&rsquo;\u0153uf en flammes \u00e9voque en effet une possible renaissance. <\/p>\n\n\n\n<h2 class=\"wp-block-heading\">Chlo\u00e9 Milos Azzopardi r\u00e9sistance \u00e9cologique<\/h2>\n\n\n<div class=\"wp-block-image\">\n<figure class=\"aligncenter size-large\"><img loading=\"lazy\" decoding=\"async\" width=\"954\" height=\"1024\" src=\"https:\/\/finelife.tv\/fr\/wp-content\/uploads\/2025\/11\/img-src-22https-finelife.tvimage.jpg-alt-22Paris-Photo-2025-urgence-climatique-chloe-azzopardi22-954x1024.jpeg\" alt=\"\" class=\"wp-image-25009\" srcset=\"https:\/\/finelife.tv\/fr\/wp-content\/uploads\/2025\/11\/img-src-22https-finelife.tvimage.jpg-alt-22Paris-Photo-2025-urgence-climatique-chloe-azzopardi22-954x1024.jpeg 954w, https:\/\/finelife.tv\/fr\/wp-content\/uploads\/2025\/11\/img-src-22https-finelife.tvimage.jpg-alt-22Paris-Photo-2025-urgence-climatique-chloe-azzopardi22-279x300.jpeg 279w, https:\/\/finelife.tv\/fr\/wp-content\/uploads\/2025\/11\/img-src-22https-finelife.tvimage.jpg-alt-22Paris-Photo-2025-urgence-climatique-chloe-azzopardi22-768x824.jpeg 768w, https:\/\/finelife.tv\/fr\/wp-content\/uploads\/2025\/11\/img-src-22https-finelife.tvimage.jpg-alt-22Paris-Photo-2025-urgence-climatique-chloe-azzopardi22-1431x1536.jpeg 1431w, https:\/\/finelife.tv\/fr\/wp-content\/uploads\/2025\/11\/img-src-22https-finelife.tvimage.jpg-alt-22Paris-Photo-2025-urgence-climatique-chloe-azzopardi22-1908x2048.jpeg 1908w\" sizes=\"auto, (max-width: 954px) 100vw, 954px\" \/><\/figure>\n<\/div>\n\n\n<p>Chlo\u00e9 Milos Azzopardi (1994-Montserrat\/ Catalogne,) pr\u00e9sente \u00ab\u00a0<em>Non Technological Devices<\/em> (<a href=\"https:\/\/fisheyemagazine.fr\/\"><strong>Fisheye Gallery)<\/strong><\/a>. La s\u00e9rie met en sc\u00e8ne une r\u00e9sistance \u00e9cologique hybride o\u00f9 des proth\u00e8ses low-tech en mousse, racines et bois flott\u00e9 sont port\u00e9es sur des corps nu dans des paysages post-industriels ou br\u00fbl\u00e9s. Sa photo phare \u00ab L\u2019\u0153il qui pleure des graines \u00bb (photo d&rsquo;ouverture) montre une grappe de graines de coquelicots qui s&rsquo;approche dangereusement d&rsquo;un \u0153il. On pense alors \u00e0 Bun\u016bel ou au surr\u00e9alisme. Mais la jeune artiste explique que cette image est en fait n\u00e9e d\u2019un rituel tr\u00e8s pr\u00e9cis. Elle ramasse les graines dans des friches urbaines menac\u00e9es de b\u00e9tonnage, les \u00ab greffe \u00bb sur son propre corps, puis pleure pour \u00ab les semer \u00e0 nouveau \u00bb via la larme. L\u2019id\u00e9e : si on d\u00e9truit leurs habitats, le seul endroit o\u00f9 ces plantes sauvages pourront encore pousser\u2026 c\u2019est sur nous.<\/p>\n\n\n\n<p><\/p>\n\n\n\n<h2 class=\"wp-block-heading\">Ioana C\u00eerlig plantes en survie<\/h2>\n\n\n<div class=\"wp-block-image\">\n<figure class=\"aligncenter size-large\"><img loading=\"lazy\" decoding=\"async\" width=\"768\" height=\"1024\" src=\"https:\/\/finelife.tv\/fr\/wp-content\/uploads\/2025\/11\/img-src-22https-finelife.tvimage.jpg-alt-22Paris-Photo-2025-urgence-climatique-trois-photos-ionna-cirlig22-768x1024.jpeg\" alt=\"\" class=\"wp-image-25017\" srcset=\"https:\/\/finelife.tv\/fr\/wp-content\/uploads\/2025\/11\/img-src-22https-finelife.tvimage.jpg-alt-22Paris-Photo-2025-urgence-climatique-trois-photos-ionna-cirlig22-768x1024.jpeg 768w, https:\/\/finelife.tv\/fr\/wp-content\/uploads\/2025\/11\/img-src-22https-finelife.tvimage.jpg-alt-22Paris-Photo-2025-urgence-climatique-trois-photos-ionna-cirlig22-225x300.jpeg 225w, https:\/\/finelife.tv\/fr\/wp-content\/uploads\/2025\/11\/img-src-22https-finelife.tvimage.jpg-alt-22Paris-Photo-2025-urgence-climatique-trois-photos-ionna-cirlig22-1152x1536.jpeg 1152w, https:\/\/finelife.tv\/fr\/wp-content\/uploads\/2025\/11\/img-src-22https-finelife.tvimage.jpg-alt-22Paris-Photo-2025-urgence-climatique-trois-photos-ionna-cirlig22-1536x2048.jpeg 1536w, https:\/\/finelife.tv\/fr\/wp-content\/uploads\/2025\/11\/img-src-22https-finelife.tvimage.jpg-alt-22Paris-Photo-2025-urgence-climatique-trois-photos-ionna-cirlig22-scaled.jpeg 1920w\" sizes=\"auto, (max-width: 768px) 100vw, 768px\" \/><\/figure>\n<\/div>\n\n\n<p>N\u00e9e en 1987 \u00e0 Bucarest, Ioana C\u00eerlig (<strong><a href=\"https:\/\/www.ancapoterasu.com\/artists\/ioana-cirlig\/\">Anca Potera\u0219u Gallery<\/a><\/strong>) s&rsquo;est form\u00e9e au cin\u00e9ma avant de devenir photojournaliste freelance. \u00c0 Paris Photo, sa qu\u00eate po\u00e9tique <em>Accept All Happiness From<\/em> <em>Me<\/em> s&rsquo;articule autour d&rsquo;une exploration des parcs nationaux roumains, jardins botaniques et for\u00eats carpathiques. Elle traque les plantes tenaces qui surgissent au milieu de d\u00e9chets plastiques ou de ruines industrielles puis les photographie en couleur douce pour souligner leur combat pour la survie. La d\u00e9marche s&rsquo;inspire du folklore roumain des \u00ab\u00a0z\u00e2ne\u00a0\u00bb, les f\u00e9es protectrices de la nature. Entre imaginaire et documentation. Chaque image est en effet g\u00e9olocalis\u00e9e et assortie de notes sur les esp\u00e8ces menac\u00e9es et les impacts humains. Une ode r\u00e9siliente aux \u00ab\u00a0derni\u00e8res zones sauvages\u00a0\u00bb d&rsquo;Europe de l&rsquo;Est, loin du na\u00eff.<\/p>\n\n\n\n<h2 class=\"wp-block-heading\">Arno Rafael Minkkinen fusion corps nature <\/h2>\n\n\n<div class=\"wp-block-image\">\n<figure class=\"aligncenter size-large\"><img loading=\"lazy\" decoding=\"async\" width=\"787\" height=\"1024\" src=\"https:\/\/finelife.tv\/fr\/wp-content\/uploads\/2025\/11\/img-src-22https-finelife.tvimage.jpg-alt-22Paris-Photo-2025-urgence-climatique-arno-rafael-minkkinen22-787x1024.jpeg\" alt=\"\" class=\"wp-image-25011\" srcset=\"https:\/\/finelife.tv\/fr\/wp-content\/uploads\/2025\/11\/img-src-22https-finelife.tvimage.jpg-alt-22Paris-Photo-2025-urgence-climatique-arno-rafael-minkkinen22-787x1024.jpeg 787w, https:\/\/finelife.tv\/fr\/wp-content\/uploads\/2025\/11\/img-src-22https-finelife.tvimage.jpg-alt-22Paris-Photo-2025-urgence-climatique-arno-rafael-minkkinen22-231x300.jpeg 231w, https:\/\/finelife.tv\/fr\/wp-content\/uploads\/2025\/11\/img-src-22https-finelife.tvimage.jpg-alt-22Paris-Photo-2025-urgence-climatique-arno-rafael-minkkinen22-768x1000.jpeg 768w, https:\/\/finelife.tv\/fr\/wp-content\/uploads\/2025\/11\/img-src-22https-finelife.tvimage.jpg-alt-22Paris-Photo-2025-urgence-climatique-arno-rafael-minkkinen22-1180x1536.jpeg 1180w, https:\/\/finelife.tv\/fr\/wp-content\/uploads\/2025\/11\/img-src-22https-finelife.tvimage.jpg-alt-22Paris-Photo-2025-urgence-climatique-arno-rafael-minkkinen22-1574x2048.jpeg 1574w, https:\/\/finelife.tv\/fr\/wp-content\/uploads\/2025\/11\/img-src-22https-finelife.tvimage.jpg-alt-22Paris-Photo-2025-urgence-climatique-arno-rafael-minkkinen22-scaled.jpeg 1967w\" sizes=\"auto, (max-width: 787px) 100vw, 787px\" \/><\/figure>\n<\/div>\n\n\n<p>Du noir et blanc pour Arno Rafael Minkkinen \ud83d\ude0davec un corps mis en sc\u00e8ne en fusion avec la nature inspir\u00e9e de sa Finlande \ud83c\uddeb\ud83c\uddee natale (<em><a href=\"https:\/\/www.galeriecameraobscura.fr\/\">cam\u00e9ra obscura<\/a><\/em>). N\u00e9 1945 \u00e0 Helsinki, le photographe vit \u00e0 Boston. \u00c0 80 ans, il continue de se jeter nu dans les lacs gel\u00e9s, d&rsquo;imaginer des bras-branches, des t\u00eates-rochers. Sans trucage, juste gr\u00e2ce \u00e0 des poses longues. Avec plus de 100 solos, Arno Rafael Minkkinen est une l\u00e9gende.<\/p>\n\n\n\n<h2 class=\"wp-block-heading\">Claudia Fuggetti la nature comme entit\u00e9 vivante<\/h2>\n\n\n<div class=\"wp-block-image\">\n<figure class=\"aligncenter size-large\"><img loading=\"lazy\" decoding=\"async\" width=\"1024\" height=\"768\" src=\"https:\/\/finelife.tv\/fr\/wp-content\/uploads\/2025\/11\/img-src-22https-finelife.tvimage.jpg-alt-22Paris-Photo-2025-urgence-climatique-claudia-fuggetti22-1024x768.jpeg\" alt=\"\" class=\"wp-image-25013\" srcset=\"https:\/\/finelife.tv\/fr\/wp-content\/uploads\/2025\/11\/img-src-22https-finelife.tvimage.jpg-alt-22Paris-Photo-2025-urgence-climatique-claudia-fuggetti22-1024x768.jpeg 1024w, https:\/\/finelife.tv\/fr\/wp-content\/uploads\/2025\/11\/img-src-22https-finelife.tvimage.jpg-alt-22Paris-Photo-2025-urgence-climatique-claudia-fuggetti22-300x225.jpeg 300w, https:\/\/finelife.tv\/fr\/wp-content\/uploads\/2025\/11\/img-src-22https-finelife.tvimage.jpg-alt-22Paris-Photo-2025-urgence-climatique-claudia-fuggetti22-768x576.jpeg 768w, https:\/\/finelife.tv\/fr\/wp-content\/uploads\/2025\/11\/img-src-22https-finelife.tvimage.jpg-alt-22Paris-Photo-2025-urgence-climatique-claudia-fuggetti22-1536x1152.jpeg 1536w, https:\/\/finelife.tv\/fr\/wp-content\/uploads\/2025\/11\/img-src-22https-finelife.tvimage.jpg-alt-22Paris-Photo-2025-urgence-climatique-claudia-fuggetti22-2048x1536.jpeg 2048w\" sizes=\"auto, (max-width: 1024px) 100vw, 1024px\" \/><\/figure>\n<\/div>\n\n\n<p>Claudia Fuggetti (n\u00e9e en 1993 \u00e0 Tarente, en Italie) est artiste visuelle et photographe. Son travail explore les intersections entre la nature, la technologie et les perceptions contemporaines de la transformation selon sa galerie : <em><a href=\"https:\/\/www.galeriecameraobscura.fr\/\">cam\u00e9ra obscura<\/a><\/em>. \u00c0 Paris Photo, son projet M\u00e9tamorphis invite \u00e0 reconsid\u00e9rer la nature \ud83c\udf43en tant qu\u2019entit\u00e9 vivante et respirante. L&rsquo;Italienne excelle dans les portraits macro. Ceux des plantes et des animaux comme ceux des corps humains : veines\/yeux\/respiration. Elle travaille \u00e0 la chambre 20&#215;25 cm et effectue un d\u00e9veloppement manuel.<\/p>\n\n\n\n<p>Photos : vues du salon Paris Photo &#8211; photo d&rsquo;ouverture Chlo\u00e9 Milos Azzoppardi \u00ab\u00a0Graines\u00a0\u00bb <\/p>\n\n\n\n<p><strong><a href=\"https:\/\/www.parisphoto.com\">Paris Photo 2025<\/a><\/strong><\/p>\n\n\n\n<p>Grand Palais du 13 au 16 novembre 2025<\/p>\n\n\n\n<p>Article li\u00e9 <strong>Paris photo 2025 urgence climatique<\/strong><\/p>\n\n\n\n<p><strong><a href=\"https:\/\/finelife.tv\/fr\/2024\/11\/19\/paris-photo-focus-nature\/\">Paris Photo focus nature<\/a><\/strong><\/p>\n\n\n\n<p><strong><a href=\"https:\/\/finelife.tv\/fr\/2025\/11\/27\/chloe-azzopardi-eco-photo-resistance\/\">Chlo\u00e9 Azzopardi \u00e9co photo r\u00e9sistance<\/a><\/strong><\/p>\n\n\n\n<p><strong><a href=\"https:\/\/finelife.tv\/fr\/2025\/11\/28\/paris-photo-rodrigo-braga-feu-chamanique\/\">Paris Photo Rodrigo Braga feu chamanique<\/a><\/strong><\/p>\n","protected":false},"excerpt":{"rendered":"<p>Paris photo 2025 urgence climatique. Une s\u00e9lection de photographes qui allient beaut\u00e9, imaginaire, technique et engagement \u00e9cologique<\/p>\n","protected":false},"author":1,"featured_media":0,"comment_status":"open","ping_status":"open","sticky":false,"template":"","format":"standard","meta":{"footnotes":""},"categories":[4],"tags":[2869,154,5622,166,168],"class_list":["post-24921","post","type-post","status-publish","format-standard","hentry","category-blog","tag-climat","tag-nature","tag-paris-photo-paris-photo-2025","tag-photographe","tag-photographie"],"yoast_head":"<!-- This site is optimized with the Yoast SEO plugin v27.5 - https:\/\/yoast.com\/product\/yoast-seo-wordpress\/ -->\n<title>Paris Photo 2025 urgence climatique - FineLife.tv<\/title>\n<meta name=\"description\" content=\"Paris photo 2025 urgence climatique. Une s\u00e9lection de photographe qui allient beaut\u00e9, imaginaire, technique et engagement \u00e9cologique\" \/>\n<meta name=\"robots\" content=\"index, follow, max-snippet:-1, max-image-preview:large, max-video-preview:-1\" \/>\n<link rel=\"canonical\" href=\"https:\/\/finelife.tv\/fr\/2025\/11\/25\/paris-photo-2025-urgence-climatique\/\" \/>\n<meta property=\"og:locale\" content=\"fr_FR\" \/>\n<meta property=\"og:type\" content=\"article\" \/>\n<meta property=\"og:title\" content=\"Paris Photo 2025 urgence climatique - FineLife.tv\" \/>\n<meta property=\"og:description\" content=\"Paris photo 2025 urgence climatique. Une s\u00e9lection de photographe qui allient beaut\u00e9, imaginaire, technique et engagement \u00e9cologique\" \/>\n<meta property=\"og:url\" content=\"https:\/\/finelife.tv\/fr\/2025\/11\/25\/paris-photo-2025-urgence-climatique\/\" \/>\n<meta property=\"og:site_name\" content=\"FineLife.tv\" \/>\n<meta property=\"article:published_time\" content=\"2025-11-25T19:15:32+00:00\" \/>\n<meta property=\"article:modified_time\" content=\"2025-11-28T12:16:09+00:00\" \/>\n<meta property=\"og:image\" content=\"https:\/\/finelife.tv\/fr\/wp-content\/uploads\/2025\/11\/img-src-22https-finelife.tvimage.jpg-alt-22Paris-Photo-2025-urgence-climatique22.jpeg\" \/>\n\t<meta property=\"og:image:width\" content=\"1006\" \/>\n\t<meta property=\"og:image:height\" content=\"1402\" \/>\n\t<meta property=\"og:image:type\" content=\"image\/jpeg\" \/>\n<meta name=\"author\" content=\"Leonore\" \/>\n<meta name=\"twitter:card\" content=\"summary_large_image\" \/>\n<meta name=\"twitter:creator\" content=\"@finelifetv\" \/>\n<meta name=\"twitter:site\" content=\"@finelifetv\" \/>\n<meta name=\"twitter:label1\" content=\"\u00c9crit par\" \/>\n\t<meta name=\"twitter:data1\" content=\"Leonore\" \/>\n\t<meta name=\"twitter:label2\" content=\"Dur\u00e9e de lecture estim\u00e9e\" \/>\n\t<meta name=\"twitter:data2\" content=\"6 minutes\" \/>\n<script type=\"application\/ld+json\" class=\"yoast-schema-graph\">{\"@context\":\"https:\\\/\\\/schema.org\",\"@graph\":[{\"@type\":\"Article\",\"@id\":\"https:\\\/\\\/finelife.tv\\\/fr\\\/2025\\\/11\\\/25\\\/paris-photo-2025-urgence-climatique\\\/#article\",\"isPartOf\":{\"@id\":\"https:\\\/\\\/finelife.tv\\\/fr\\\/2025\\\/11\\\/25\\\/paris-photo-2025-urgence-climatique\\\/\"},\"author\":{\"name\":\"Leonore\",\"@id\":\"https:\\\/\\\/finelife.tv\\\/fr\\\/#\\\/schema\\\/person\\\/e3d980b0c0b3dc5af01c3455893c8c52\"},\"headline\":\"Paris Photo 2025 urgence climatique\",\"datePublished\":\"2025-11-25T19:15:32+00:00\",\"dateModified\":\"2025-11-28T12:16:09+00:00\",\"mainEntityOfPage\":{\"@id\":\"https:\\\/\\\/finelife.tv\\\/fr\\\/2025\\\/11\\\/25\\\/paris-photo-2025-urgence-climatique\\\/\"},\"wordCount\":891,\"commentCount\":4,\"image\":{\"@id\":\"https:\\\/\\\/finelife.tv\\\/fr\\\/2025\\\/11\\\/25\\\/paris-photo-2025-urgence-climatique\\\/#primaryimage\"},\"thumbnailUrl\":\"https:\\\/\\\/finelife.tv\\\/fr\\\/wp-content\\\/uploads\\\/2025\\\/11\\\/img-src-22https-finelife.tvimage.jpg-alt-22Paris-Photo-2025-urgence-climatique22-735x1024.jpeg\",\"keywords\":[\"climat\",\"nature\",\"paris photo paris photo 2025\",\"photographe\",\"photographie\"],\"articleSection\":[\"Blog\"],\"inLanguage\":\"fr-FR\",\"potentialAction\":[{\"@type\":\"CommentAction\",\"name\":\"Comment\",\"target\":[\"https:\\\/\\\/finelife.tv\\\/fr\\\/2025\\\/11\\\/25\\\/paris-photo-2025-urgence-climatique\\\/#respond\"]}]},{\"@type\":\"WebPage\",\"@id\":\"https:\\\/\\\/finelife.tv\\\/fr\\\/2025\\\/11\\\/25\\\/paris-photo-2025-urgence-climatique\\\/\",\"url\":\"https:\\\/\\\/finelife.tv\\\/fr\\\/2025\\\/11\\\/25\\\/paris-photo-2025-urgence-climatique\\\/\",\"name\":\"Paris Photo 2025 urgence climatique - FineLife.tv\",\"isPartOf\":{\"@id\":\"https:\\\/\\\/finelife.tv\\\/fr\\\/#website\"},\"primaryImageOfPage\":{\"@id\":\"https:\\\/\\\/finelife.tv\\\/fr\\\/2025\\\/11\\\/25\\\/paris-photo-2025-urgence-climatique\\\/#primaryimage\"},\"image\":{\"@id\":\"https:\\\/\\\/finelife.tv\\\/fr\\\/2025\\\/11\\\/25\\\/paris-photo-2025-urgence-climatique\\\/#primaryimage\"},\"thumbnailUrl\":\"https:\\\/\\\/finelife.tv\\\/fr\\\/wp-content\\\/uploads\\\/2025\\\/11\\\/img-src-22https-finelife.tvimage.jpg-alt-22Paris-Photo-2025-urgence-climatique22-735x1024.jpeg\",\"datePublished\":\"2025-11-25T19:15:32+00:00\",\"dateModified\":\"2025-11-28T12:16:09+00:00\",\"author\":{\"@id\":\"https:\\\/\\\/finelife.tv\\\/fr\\\/#\\\/schema\\\/person\\\/e3d980b0c0b3dc5af01c3455893c8c52\"},\"description\":\"Paris photo 2025 urgence climatique. Une s\u00e9lection de photographe qui allient beaut\u00e9, imaginaire, technique et engagement \u00e9cologique\",\"breadcrumb\":{\"@id\":\"https:\\\/\\\/finelife.tv\\\/fr\\\/2025\\\/11\\\/25\\\/paris-photo-2025-urgence-climatique\\\/#breadcrumb\"},\"inLanguage\":\"fr-FR\",\"potentialAction\":[{\"@type\":\"ReadAction\",\"target\":[\"https:\\\/\\\/finelife.tv\\\/fr\\\/2025\\\/11\\\/25\\\/paris-photo-2025-urgence-climatique\\\/\"]}]},{\"@type\":\"ImageObject\",\"inLanguage\":\"fr-FR\",\"@id\":\"https:\\\/\\\/finelife.tv\\\/fr\\\/2025\\\/11\\\/25\\\/paris-photo-2025-urgence-climatique\\\/#primaryimage\",\"url\":\"https:\\\/\\\/finelife.tv\\\/fr\\\/wp-content\\\/uploads\\\/2025\\\/11\\\/img-src-22https-finelife.tvimage.jpg-alt-22Paris-Photo-2025-urgence-climatique22.jpeg\",\"contentUrl\":\"https:\\\/\\\/finelife.tv\\\/fr\\\/wp-content\\\/uploads\\\/2025\\\/11\\\/img-src-22https-finelife.tvimage.jpg-alt-22Paris-Photo-2025-urgence-climatique22.jpeg\",\"width\":1006,\"height\":1402},{\"@type\":\"BreadcrumbList\",\"@id\":\"https:\\\/\\\/finelife.tv\\\/fr\\\/2025\\\/11\\\/25\\\/paris-photo-2025-urgence-climatique\\\/#breadcrumb\",\"itemListElement\":[{\"@type\":\"ListItem\",\"position\":1,\"name\":\"Accueil\",\"item\":\"https:\\\/\\\/finelife.tv\\\/fr\\\/\"},{\"@type\":\"ListItem\",\"position\":2,\"name\":\"Paris Photo 2025 urgence climatique\"}]},{\"@type\":\"WebSite\",\"@id\":\"https:\\\/\\\/finelife.tv\\\/fr\\\/#website\",\"url\":\"https:\\\/\\\/finelife.tv\\\/fr\\\/\",\"name\":\"FineLife.tv\",\"description\":\"Quand l&#039;Art de vivre croise l&#039;Art de penser\",\"potentialAction\":[{\"@type\":\"SearchAction\",\"target\":{\"@type\":\"EntryPoint\",\"urlTemplate\":\"https:\\\/\\\/finelife.tv\\\/fr\\\/?s={search_term_string}\"},\"query-input\":{\"@type\":\"PropertyValueSpecification\",\"valueRequired\":true,\"valueName\":\"search_term_string\"}}],\"inLanguage\":\"fr-FR\"},{\"@type\":\"Person\",\"@id\":\"https:\\\/\\\/finelife.tv\\\/fr\\\/#\\\/schema\\\/person\\\/e3d980b0c0b3dc5af01c3455893c8c52\",\"name\":\"Leonore\",\"image\":{\"@type\":\"ImageObject\",\"inLanguage\":\"fr-FR\",\"@id\":\"https:\\\/\\\/secure.gravatar.com\\\/avatar\\\/9a2e5073417479f910ffdeee54da5ccf4f91eab62746ce0ae0e81124a9491a79?s=96&d=mm&r=g\",\"url\":\"https:\\\/\\\/secure.gravatar.com\\\/avatar\\\/9a2e5073417479f910ffdeee54da5ccf4f91eab62746ce0ae0e81124a9491a79?s=96&d=mm&r=g\",\"contentUrl\":\"https:\\\/\\\/secure.gravatar.com\\\/avatar\\\/9a2e5073417479f910ffdeee54da5ccf4f91eab62746ce0ae0e81124a9491a79?s=96&d=mm&r=g\",\"caption\":\"Leonore\"}}]}<\/script>\n<!-- \/ Yoast SEO plugin. -->","yoast_head_json":{"title":"Paris Photo 2025 urgence climatique - FineLife.tv","description":"Paris photo 2025 urgence climatique. Une s\u00e9lection de photographe qui allient beaut\u00e9, imaginaire, technique et engagement \u00e9cologique","robots":{"index":"index","follow":"follow","max-snippet":"max-snippet:-1","max-image-preview":"max-image-preview:large","max-video-preview":"max-video-preview:-1"},"canonical":"https:\/\/finelife.tv\/fr\/2025\/11\/25\/paris-photo-2025-urgence-climatique\/","og_locale":"fr_FR","og_type":"article","og_title":"Paris Photo 2025 urgence climatique - FineLife.tv","og_description":"Paris photo 2025 urgence climatique. Une s\u00e9lection de photographe qui allient beaut\u00e9, imaginaire, technique et engagement \u00e9cologique","og_url":"https:\/\/finelife.tv\/fr\/2025\/11\/25\/paris-photo-2025-urgence-climatique\/","og_site_name":"FineLife.tv","article_published_time":"2025-11-25T19:15:32+00:00","article_modified_time":"2025-11-28T12:16:09+00:00","og_image":[{"width":1006,"height":1402,"url":"https:\/\/finelife.tv\/fr\/wp-content\/uploads\/2025\/11\/img-src-22https-finelife.tvimage.jpg-alt-22Paris-Photo-2025-urgence-climatique22.jpeg","type":"image\/jpeg"}],"author":"Leonore","twitter_card":"summary_large_image","twitter_creator":"@finelifetv","twitter_site":"@finelifetv","twitter_misc":{"\u00c9crit par":"Leonore","Dur\u00e9e de lecture estim\u00e9e":"6 minutes"},"schema":{"@context":"https:\/\/schema.org","@graph":[{"@type":"Article","@id":"https:\/\/finelife.tv\/fr\/2025\/11\/25\/paris-photo-2025-urgence-climatique\/#article","isPartOf":{"@id":"https:\/\/finelife.tv\/fr\/2025\/11\/25\/paris-photo-2025-urgence-climatique\/"},"author":{"name":"Leonore","@id":"https:\/\/finelife.tv\/fr\/#\/schema\/person\/e3d980b0c0b3dc5af01c3455893c8c52"},"headline":"Paris Photo 2025 urgence climatique","datePublished":"2025-11-25T19:15:32+00:00","dateModified":"2025-11-28T12:16:09+00:00","mainEntityOfPage":{"@id":"https:\/\/finelife.tv\/fr\/2025\/11\/25\/paris-photo-2025-urgence-climatique\/"},"wordCount":891,"commentCount":4,"image":{"@id":"https:\/\/finelife.tv\/fr\/2025\/11\/25\/paris-photo-2025-urgence-climatique\/#primaryimage"},"thumbnailUrl":"https:\/\/finelife.tv\/fr\/wp-content\/uploads\/2025\/11\/img-src-22https-finelife.tvimage.jpg-alt-22Paris-Photo-2025-urgence-climatique22-735x1024.jpeg","keywords":["climat","nature","paris photo paris photo 2025","photographe","photographie"],"articleSection":["Blog"],"inLanguage":"fr-FR","potentialAction":[{"@type":"CommentAction","name":"Comment","target":["https:\/\/finelife.tv\/fr\/2025\/11\/25\/paris-photo-2025-urgence-climatique\/#respond"]}]},{"@type":"WebPage","@id":"https:\/\/finelife.tv\/fr\/2025\/11\/25\/paris-photo-2025-urgence-climatique\/","url":"https:\/\/finelife.tv\/fr\/2025\/11\/25\/paris-photo-2025-urgence-climatique\/","name":"Paris Photo 2025 urgence climatique - FineLife.tv","isPartOf":{"@id":"https:\/\/finelife.tv\/fr\/#website"},"primaryImageOfPage":{"@id":"https:\/\/finelife.tv\/fr\/2025\/11\/25\/paris-photo-2025-urgence-climatique\/#primaryimage"},"image":{"@id":"https:\/\/finelife.tv\/fr\/2025\/11\/25\/paris-photo-2025-urgence-climatique\/#primaryimage"},"thumbnailUrl":"https:\/\/finelife.tv\/fr\/wp-content\/uploads\/2025\/11\/img-src-22https-finelife.tvimage.jpg-alt-22Paris-Photo-2025-urgence-climatique22-735x1024.jpeg","datePublished":"2025-11-25T19:15:32+00:00","dateModified":"2025-11-28T12:16:09+00:00","author":{"@id":"https:\/\/finelife.tv\/fr\/#\/schema\/person\/e3d980b0c0b3dc5af01c3455893c8c52"},"description":"Paris photo 2025 urgence climatique. Une s\u00e9lection de photographe qui allient beaut\u00e9, imaginaire, technique et engagement \u00e9cologique","breadcrumb":{"@id":"https:\/\/finelife.tv\/fr\/2025\/11\/25\/paris-photo-2025-urgence-climatique\/#breadcrumb"},"inLanguage":"fr-FR","potentialAction":[{"@type":"ReadAction","target":["https:\/\/finelife.tv\/fr\/2025\/11\/25\/paris-photo-2025-urgence-climatique\/"]}]},{"@type":"ImageObject","inLanguage":"fr-FR","@id":"https:\/\/finelife.tv\/fr\/2025\/11\/25\/paris-photo-2025-urgence-climatique\/#primaryimage","url":"https:\/\/finelife.tv\/fr\/wp-content\/uploads\/2025\/11\/img-src-22https-finelife.tvimage.jpg-alt-22Paris-Photo-2025-urgence-climatique22.jpeg","contentUrl":"https:\/\/finelife.tv\/fr\/wp-content\/uploads\/2025\/11\/img-src-22https-finelife.tvimage.jpg-alt-22Paris-Photo-2025-urgence-climatique22.jpeg","width":1006,"height":1402},{"@type":"BreadcrumbList","@id":"https:\/\/finelife.tv\/fr\/2025\/11\/25\/paris-photo-2025-urgence-climatique\/#breadcrumb","itemListElement":[{"@type":"ListItem","position":1,"name":"Accueil","item":"https:\/\/finelife.tv\/fr\/"},{"@type":"ListItem","position":2,"name":"Paris Photo 2025 urgence climatique"}]},{"@type":"WebSite","@id":"https:\/\/finelife.tv\/fr\/#website","url":"https:\/\/finelife.tv\/fr\/","name":"FineLife.tv","description":"Quand l&#039;Art de vivre croise l&#039;Art de penser","potentialAction":[{"@type":"SearchAction","target":{"@type":"EntryPoint","urlTemplate":"https:\/\/finelife.tv\/fr\/?s={search_term_string}"},"query-input":{"@type":"PropertyValueSpecification","valueRequired":true,"valueName":"search_term_string"}}],"inLanguage":"fr-FR"},{"@type":"Person","@id":"https:\/\/finelife.tv\/fr\/#\/schema\/person\/e3d980b0c0b3dc5af01c3455893c8c52","name":"Leonore","image":{"@type":"ImageObject","inLanguage":"fr-FR","@id":"https:\/\/secure.gravatar.com\/avatar\/9a2e5073417479f910ffdeee54da5ccf4f91eab62746ce0ae0e81124a9491a79?s=96&d=mm&r=g","url":"https:\/\/secure.gravatar.com\/avatar\/9a2e5073417479f910ffdeee54da5ccf4f91eab62746ce0ae0e81124a9491a79?s=96&d=mm&r=g","contentUrl":"https:\/\/secure.gravatar.com\/avatar\/9a2e5073417479f910ffdeee54da5ccf4f91eab62746ce0ae0e81124a9491a79?s=96&d=mm&r=g","caption":"Leonore"}}]}},"_links":{"self":[{"href":"https:\/\/finelife.tv\/fr\/wp-json\/wp\/v2\/posts\/24921","targetHints":{"allow":["GET"]}}],"collection":[{"href":"https:\/\/finelife.tv\/fr\/wp-json\/wp\/v2\/posts"}],"about":[{"href":"https:\/\/finelife.tv\/fr\/wp-json\/wp\/v2\/types\/post"}],"author":[{"embeddable":true,"href":"https:\/\/finelife.tv\/fr\/wp-json\/wp\/v2\/users\/1"}],"replies":[{"embeddable":true,"href":"https:\/\/finelife.tv\/fr\/wp-json\/wp\/v2\/comments?post=24921"}],"version-history":[{"count":29,"href":"https:\/\/finelife.tv\/fr\/wp-json\/wp\/v2\/posts\/24921\/revisions"}],"predecessor-version":[{"id":25136,"href":"https:\/\/finelife.tv\/fr\/wp-json\/wp\/v2\/posts\/24921\/revisions\/25136"}],"wp:attachment":[{"href":"https:\/\/finelife.tv\/fr\/wp-json\/wp\/v2\/media?parent=24921"}],"wp:term":[{"taxonomy":"category","embeddable":true,"href":"https:\/\/finelife.tv\/fr\/wp-json\/wp\/v2\/categories?post=24921"},{"taxonomy":"post_tag","embeddable":true,"href":"https:\/\/finelife.tv\/fr\/wp-json\/wp\/v2\/tags?post=24921"}],"curies":[{"name":"wp","href":"https:\/\/api.w.org\/{rel}","templated":true}]}}