{"id":25083,"date":"2025-11-28T12:28:19","date_gmt":"2025-11-28T11:28:19","guid":{"rendered":"https:\/\/finelife.tv\/fr\/?p=25083"},"modified":"2025-11-28T12:44:42","modified_gmt":"2025-11-28T11:44:42","slug":"paris-photo-rodrigo-braga-feu-chamanique","status":"publish","type":"post","link":"https:\/\/finelife.tv\/fr\/2025\/11\/28\/paris-photo-rodrigo-braga-feu-chamanique\/","title":{"rendered":"Paris Photo Rodrigo Braga feu chamanique"},"content":{"rendered":"<div class=\"wp-block-image\">\n<figure class=\"aligncenter size-large\"><img loading=\"lazy\" decoding=\"async\" width=\"834\" height=\"1024\" src=\"https:\/\/finelife.tv\/fr\/wp-content\/uploads\/2025\/11\/img-src-22https-finelife.tvimage.jpg-alt-22Paris-Photo-Rodrigo-Braga-feu-chamanique22-834x1024.jpeg\" alt=\"\" class=\"wp-image-25115\" srcset=\"https:\/\/finelife.tv\/fr\/wp-content\/uploads\/2025\/11\/img-src-22https-finelife.tvimage.jpg-alt-22Paris-Photo-Rodrigo-Braga-feu-chamanique22-834x1024.jpeg 834w, https:\/\/finelife.tv\/fr\/wp-content\/uploads\/2025\/11\/img-src-22https-finelife.tvimage.jpg-alt-22Paris-Photo-Rodrigo-Braga-feu-chamanique22-244x300.jpeg 244w, https:\/\/finelife.tv\/fr\/wp-content\/uploads\/2025\/11\/img-src-22https-finelife.tvimage.jpg-alt-22Paris-Photo-Rodrigo-Braga-feu-chamanique22-768x942.jpeg 768w, https:\/\/finelife.tv\/fr\/wp-content\/uploads\/2025\/11\/img-src-22https-finelife.tvimage.jpg-alt-22Paris-Photo-Rodrigo-Braga-feu-chamanique22-1252x1536.jpeg 1252w, https:\/\/finelife.tv\/fr\/wp-content\/uploads\/2025\/11\/img-src-22https-finelife.tvimage.jpg-alt-22Paris-Photo-Rodrigo-Braga-feu-chamanique22-1669x2048.jpeg 1669w\" sizes=\"auto, (max-width: 834px) 100vw, 834px\" \/><\/figure>\n<\/div>\n\n\n<p><strong>Paris Photo Rodrigo Braga feu chamanique. Le photographe br\u00e9silien pr\u00e9sente sur le stand de Salon H un solo show autour de la combustion, de l&rsquo;environnement et des rites. Une documentation onirique de la destruction de la for\u00eat amazonienne et du corps \u00e0 corps homme-nature<\/strong>. <strong>Rencontre.<\/strong><\/p>\n\n\n\n<p>N\u00e9 \u00e0 Manaus en 1976 d&rsquo;un p\u00e8re \u00e9cologiste, Rodrigo Braga quitte le Br\u00e9sil pour \u00ab\u00a0<em>des raisons id\u00e9ologiques<\/em>\u00ab\u00a0. Il emporte en France son savoir sur la for\u00eat, son go\u00fbt pour les cultures ancestrales, son engagement en faveur de l&rsquo;environnement. Rodrigo Braga est notamment dipl\u00f4m\u00e9 des Beaux-Arts de l&rsquo;universit\u00e9 f\u00e9d\u00e9rale de Recife (2002).<\/p>\n\n\n\n<p>Le photographe expose depuis 1999 en s&rsquo;attachant aux probl\u00e9matiques environnementales. Il rafle des prix aussi prestigieux que celui du PIPA &#8211; Mus\u00e9e d&rsquo;Art Moderne de Rio de Janeiro en 2012. Il expose dans des lieux non moins illustres : Biennale internationale de S\u00e3o Paulo (2012), MoMA PS1 New York (2013). Ou encore Palais de Tokyo en 2016. Aujourd&rsquo;hui, il travaille entre Rio et Paris.<\/p>\n\n\n\n<p>\u00c0 Paris Photo, il pr\u00e9sente un solo show autour de l\u2019exp\u00e9rience <em>Pedra Latente<\/em> qu&rsquo;il d\u00e9ploie depuis 2023. Une confrontation entre corps et nature, corps et feu. Un feu destructeur mais peut-\u00eatre salvateur. <\/p>\n\n\n\n<p><\/p>\n\n\n\n<h2 class=\"wp-block-heading\">Le feu entre destruction et renaissance<\/h2>\n\n\n<div class=\"wp-block-image\">\n<figure class=\"aligncenter size-large\"><img loading=\"lazy\" decoding=\"async\" width=\"1024\" height=\"886\" src=\"https:\/\/finelife.tv\/fr\/wp-content\/uploads\/2025\/11\/img-src-22https-finelife.tvimage.jpg-alt-22Paris-Photo-Rodrigo-Braga-feu-chamanique-pedra-letente22-1024x886.jpeg\" alt=\"\" class=\"wp-image-25117\" srcset=\"https:\/\/finelife.tv\/fr\/wp-content\/uploads\/2025\/11\/img-src-22https-finelife.tvimage.jpg-alt-22Paris-Photo-Rodrigo-Braga-feu-chamanique-pedra-letente22-1024x886.jpeg 1024w, https:\/\/finelife.tv\/fr\/wp-content\/uploads\/2025\/11\/img-src-22https-finelife.tvimage.jpg-alt-22Paris-Photo-Rodrigo-Braga-feu-chamanique-pedra-letente22-300x259.jpeg 300w, https:\/\/finelife.tv\/fr\/wp-content\/uploads\/2025\/11\/img-src-22https-finelife.tvimage.jpg-alt-22Paris-Photo-Rodrigo-Braga-feu-chamanique-pedra-letente22-768x664.jpeg 768w, https:\/\/finelife.tv\/fr\/wp-content\/uploads\/2025\/11\/img-src-22https-finelife.tvimage.jpg-alt-22Paris-Photo-Rodrigo-Braga-feu-chamanique-pedra-letente22-1536x1328.jpeg 1536w, https:\/\/finelife.tv\/fr\/wp-content\/uploads\/2025\/11\/img-src-22https-finelife.tvimage.jpg-alt-22Paris-Photo-Rodrigo-Braga-feu-chamanique-pedra-letente22-2048x1771.jpeg 2048w\" sizes=\"auto, (max-width: 1024px) 100vw, 1024px\" \/><\/figure>\n<\/div>\n\n\n<p>\u00ab\u00a0<em>Le feu est un symbole tr\u00e8s puissant dans la culture, les rites, les arts. Il incarne la transformation. Ou bien la destruction ou bien la g\u00e9n\u00e9ration. Parfois un passage entre les les deux. Dans la s\u00e9rie Pedra Latente, la pierre devient foyer de braises souterraines et m\u00e9moire des territoires bless\u00e9s. Dans une for\u00eat brul\u00e9e, j&rsquo;ai trouv\u00e9 un arbre qui \u00e9tait consum\u00e9 jusqu&rsquo;aux racines. Alors, j&rsquo;ai creus\u00e9 la terre. Et j&rsquo;ai pos\u00e9 une pierre dans le creux des cendres. J&rsquo;ai ensuite peint la pierre en rouge. Un autre symbole car la pierre rouge est ainsi devenue la peau des Am\u00e9rindiens et par extension notre peau \u00e0 tous<\/em>\u00ab\u00a0.<\/p>\n\n\n\n<p>Rodrigo Braga a aussi imagin\u00e9 un \u0153uf en flammes. \u00ab\u00a0<em>L&rsquo;\u0153uf de r\u00e9sine en feu symbolise l\u2019avenir. Nous approchons peut-\u00eatre d&rsquo;un turning point, d&rsquo;un point de non-retour. Car l\u2019homme d\u00e9truisant son biotope peut, peut-\u00eatre, conduire \u00e0 sa propre extinction. L&rsquo;\u0153uf est ce qui peut venir apr\u00e8s. Et tout est possible<\/em>\u00ab\u00a0.<br><\/p>\n\n\n\n<h2 class=\"wp-block-heading\">L&rsquo;\u00e9nergie des pierres <\/h2>\n\n\n\n<figure class=\"wp-block-image size-large\"><img loading=\"lazy\" decoding=\"async\" width=\"1024\" height=\"970\" src=\"https:\/\/finelife.tv\/fr\/wp-content\/uploads\/2025\/11\/img-src-22https-finelife.tvimage.jpg-alt-22Paris-Photo-Rodrigo-Braga-feu-chamanique-vue-exposition22-1024x970.jpeg\" alt=\"\" class=\"wp-image-25118\" srcset=\"https:\/\/finelife.tv\/fr\/wp-content\/uploads\/2025\/11\/img-src-22https-finelife.tvimage.jpg-alt-22Paris-Photo-Rodrigo-Braga-feu-chamanique-vue-exposition22-1024x970.jpeg 1024w, https:\/\/finelife.tv\/fr\/wp-content\/uploads\/2025\/11\/img-src-22https-finelife.tvimage.jpg-alt-22Paris-Photo-Rodrigo-Braga-feu-chamanique-vue-exposition22-300x284.jpeg 300w, https:\/\/finelife.tv\/fr\/wp-content\/uploads\/2025\/11\/img-src-22https-finelife.tvimage.jpg-alt-22Paris-Photo-Rodrigo-Braga-feu-chamanique-vue-exposition22-768x727.jpeg 768w, https:\/\/finelife.tv\/fr\/wp-content\/uploads\/2025\/11\/img-src-22https-finelife.tvimage.jpg-alt-22Paris-Photo-Rodrigo-Braga-feu-chamanique-vue-exposition22-1536x1454.jpeg 1536w, https:\/\/finelife.tv\/fr\/wp-content\/uploads\/2025\/11\/img-src-22https-finelife.tvimage.jpg-alt-22Paris-Photo-Rodrigo-Braga-feu-chamanique-vue-exposition22-2048x1939.jpeg 2048w\" sizes=\"auto, (max-width: 1024px) 100vw, 1024px\" \/><\/figure>\n\n\n\n<p><br>Tout semble possible car l&rsquo;\u00e9nergie est partout. Notamment dans les pierres. Rodrigo Braga interroge la notion de coexistence et explore les voies de r\u00e9harmonisation nature\u2013culture. \u00ab\u00a0<em>Je m&rsquo;efforce de sensibiliser au fait que l\u2019\u00e9nergie est omnipr\u00e9sente, m\u00eame dans la mati\u00e8re. Les atomes bougent a minima dans la pierre, mais bougent quand m\u00eame<\/em>\u00ab\u00a0. Les pierres roul\u00e9es, ovales, peintes par Rodrigo Braga sugg\u00e8rent que, sous leur forme apparentement rigide, elles sont en fait pleines d\u2019\u00e9nergie. Sur le point d\u2019\u00e9clore ou presque.<\/p>\n\n\n\n<p>Dans un registre plus mouvant, le photographe va s&rsquo;attacher \u00e0 l&rsquo;animalit\u00e9. Notamment au b\u0153uf. \u00ab\u00a0<em>Au Br\u00e9sil, l&rsquo;\u00e9levage intensif est un fl\u00e9au. On br\u00fble des for\u00eats pour y installer des troupeaux. C&rsquo;est une h\u00e9r\u00e9sie environnementale, un d\u00e9sastre pour les peuples autochtones et une souffrance pour les animaux. On le sait mais rien ne se passe, ou pas assez<\/em>\u00ab\u00a0.<\/p>\n\n\n\n<p><\/p>\n\n\n\n<h2 class=\"wp-block-heading\">Le corps feu et chamanisme <\/h2>\n\n\n<div class=\"wp-block-image\">\n<figure class=\"aligncenter size-large\"><img loading=\"lazy\" decoding=\"async\" width=\"1024\" height=\"435\" src=\"https:\/\/finelife.tv\/fr\/wp-content\/uploads\/2025\/11\/img-src-22https-finelife.tvimage.jpg-alt-22Paris-Photo-Rodrigo-Braga-feu-chamanique-visage-allumettes22-1024x435.jpeg\" alt=\"\" class=\"wp-image-25116\" srcset=\"https:\/\/finelife.tv\/fr\/wp-content\/uploads\/2025\/11\/img-src-22https-finelife.tvimage.jpg-alt-22Paris-Photo-Rodrigo-Braga-feu-chamanique-visage-allumettes22-1024x435.jpeg 1024w, https:\/\/finelife.tv\/fr\/wp-content\/uploads\/2025\/11\/img-src-22https-finelife.tvimage.jpg-alt-22Paris-Photo-Rodrigo-Braga-feu-chamanique-visage-allumettes22-300x128.jpeg 300w, https:\/\/finelife.tv\/fr\/wp-content\/uploads\/2025\/11\/img-src-22https-finelife.tvimage.jpg-alt-22Paris-Photo-Rodrigo-Braga-feu-chamanique-visage-allumettes22-768x327.jpeg 768w, https:\/\/finelife.tv\/fr\/wp-content\/uploads\/2025\/11\/img-src-22https-finelife.tvimage.jpg-alt-22Paris-Photo-Rodrigo-Braga-feu-chamanique-visage-allumettes22-1536x653.jpeg 1536w, https:\/\/finelife.tv\/fr\/wp-content\/uploads\/2025\/11\/img-src-22https-finelife.tvimage.jpg-alt-22Paris-Photo-Rodrigo-Braga-feu-chamanique-visage-allumettes22-2048x871.jpeg 2048w\" sizes=\"auto, (max-width: 1024px) 100vw, 1024px\" \/><\/figure>\n<\/div>\n\n\n<p>Rodrigo Braga se sert de son corps pour lier le vivant. Homme-animal-v\u00e9g\u00e9tal. Une peu comme un chamane. On s&rsquo;arr\u00eate \u00e9videmment devant les photos de visages menac\u00e9s par des allumettes en feu. <em>\u00ab\u00a0Les allumettes sur les visages symbolisent les cinq sens. Elles sont \u00ab\u00a0pos\u00e9es\u00a0\u00bb pr\u00e8s des yeux, de la bouche, du nez, des oreilles, de la peau. Pour simuler le feu pr\u00e8s de la peau, j&rsquo;ai travaill\u00e9 avec Photoshop, un logiciel tr\u00e8s populaire \u00e0 la fin des ann\u00e9es 90 au d\u00e9but des ann\u00e9es 2000. Mais j&rsquo;ai arr\u00eat\u00e9 le num\u00e9rique depuis 20 ans<\/em>\u00a0\u00bb .<\/p>\n\n\n\n<p>Sur certaines photographies, l\u2019artiste utilise son propre corps pour interagir avec les pierres. \u00ab<em>J\u2019ai r\u00e9cemment parcouru des terres plus arides que celles de la for\u00eat. L\u00e0, mon corps personnifiant une humanit\u00e9 en ruine, \u00e9tait le seul vivant<\/em>\u00ab\u00a0.<\/p>\n\n\n\n<h2 class=\"wp-block-heading has-text-align-center\">INFOS<\/h2>\n\n\n\n<p>Rodrigo Braga est repr\u00e9sent\u00e9 par (<strong><a href=\"https:\/\/salonh.fr\/\">salonH<\/a><\/strong>) <\/p>\n\n\n\n<p>Related article <strong>Paris Photo Rodrigo Braga feu chamanique<\/strong><\/p>\n\n\n\n<p><strong><a href=\"https:\/\/finelife.tv\/fr\/2025\/11\/25\/paris-photo-2025-urgence-climatique\/\">Paris Photo 2025 urgence climatique<\/a><\/strong><\/p>\n","protected":false},"excerpt":{"rendered":"<p>Le photographe br\u00e9silien pr\u00e9sente un solo show autour du feu, de la for\u00eat et des rites. Une documentation onirique de la destruction de la for\u00eat amazonienne et du corps \u00e0 corps homme-nature.<\/p>\n","protected":false},"author":1,"featured_media":0,"comment_status":"open","ping_status":"open","sticky":false,"template":"","format":"standard","meta":{"footnotes":""},"categories":[4],"tags":[5631,4504,5630,5623,4428,5632,5633,168,5629],"class_list":["post-25083","post","type-post","status-publish","format-standard","hentry","category-blog","tag-bresil","tag-chamanisme","tag-ecophoto","tag-paris-photo-2025","tag-photo-environnement","tag-photo-feu","tag-photo-foret","tag-photographie","tag-rodrigo-braga"],"yoast_head":"<!-- This site is optimized with the Yoast SEO plugin v27.5 - https:\/\/yoast.com\/product\/yoast-seo-wordpress\/ -->\n<title>Paris Photo Rodrigo Braga feu chamanique - FineLife.tv<\/title>\n<meta name=\"description\" content=\"Paris Photo Rodrigo Braga feu chamanique. Le photographe br\u00e9silien pr\u00e9sente un solo show autour de la combustion, de la for\u00eat et des rites\" \/>\n<meta name=\"robots\" content=\"index, follow, max-snippet:-1, max-image-preview:large, max-video-preview:-1\" \/>\n<link rel=\"canonical\" href=\"https:\/\/finelife.tv\/fr\/2025\/11\/28\/paris-photo-rodrigo-braga-feu-chamanique\/\" \/>\n<meta property=\"og:locale\" content=\"fr_FR\" \/>\n<meta property=\"og:type\" content=\"article\" \/>\n<meta property=\"og:title\" content=\"Paris Photo Rodrigo Braga feu chamanique - FineLife.tv\" \/>\n<meta property=\"og:description\" content=\"Paris Photo Rodrigo Braga feu chamanique. Le photographe br\u00e9silien pr\u00e9sente un solo show autour de la combustion, de la for\u00eat et des rites\" \/>\n<meta property=\"og:url\" content=\"https:\/\/finelife.tv\/fr\/2025\/11\/28\/paris-photo-rodrigo-braga-feu-chamanique\/\" \/>\n<meta property=\"og:site_name\" content=\"FineLife.tv\" \/>\n<meta property=\"article:published_time\" content=\"2025-11-28T11:28:19+00:00\" \/>\n<meta property=\"article:modified_time\" content=\"2025-11-28T11:44:42+00:00\" \/>\n<meta property=\"og:image\" content=\"https:\/\/finelife.tv\/fr\/wp-content\/uploads\/2025\/11\/img-src-22https-finelife.tvimage.jpg-alt-22Paris-Photo-Rodrigo-Braga-feu-chamanique22-scaled.jpeg\" \/>\n\t<meta property=\"og:image:width\" content=\"2086\" \/>\n\t<meta property=\"og:image:height\" content=\"2560\" \/>\n\t<meta property=\"og:image:type\" content=\"image\/jpeg\" \/>\n<meta name=\"author\" content=\"Leonore\" \/>\n<meta name=\"twitter:card\" content=\"summary_large_image\" \/>\n<meta name=\"twitter:creator\" content=\"@finelifetv\" \/>\n<meta name=\"twitter:site\" content=\"@finelifetv\" \/>\n<meta name=\"twitter:label1\" content=\"\u00c9crit par\" \/>\n\t<meta name=\"twitter:data1\" content=\"Leonore\" \/>\n\t<meta name=\"twitter:label2\" content=\"Dur\u00e9e de lecture estim\u00e9e\" \/>\n\t<meta name=\"twitter:data2\" content=\"5 minutes\" \/>\n<script type=\"application\/ld+json\" class=\"yoast-schema-graph\">{\"@context\":\"https:\\\/\\\/schema.org\",\"@graph\":[{\"@type\":\"Article\",\"@id\":\"https:\\\/\\\/finelife.tv\\\/fr\\\/2025\\\/11\\\/28\\\/paris-photo-rodrigo-braga-feu-chamanique\\\/#article\",\"isPartOf\":{\"@id\":\"https:\\\/\\\/finelife.tv\\\/fr\\\/2025\\\/11\\\/28\\\/paris-photo-rodrigo-braga-feu-chamanique\\\/\"},\"author\":{\"name\":\"Leonore\",\"@id\":\"https:\\\/\\\/finelife.tv\\\/fr\\\/#\\\/schema\\\/person\\\/e3d980b0c0b3dc5af01c3455893c8c52\"},\"headline\":\"Paris Photo Rodrigo Braga feu chamanique\",\"datePublished\":\"2025-11-28T11:28:19+00:00\",\"dateModified\":\"2025-11-28T11:44:42+00:00\",\"mainEntityOfPage\":{\"@id\":\"https:\\\/\\\/finelife.tv\\\/fr\\\/2025\\\/11\\\/28\\\/paris-photo-rodrigo-braga-feu-chamanique\\\/\"},\"wordCount\":729,\"commentCount\":1,\"image\":{\"@id\":\"https:\\\/\\\/finelife.tv\\\/fr\\\/2025\\\/11\\\/28\\\/paris-photo-rodrigo-braga-feu-chamanique\\\/#primaryimage\"},\"thumbnailUrl\":\"https:\\\/\\\/finelife.tv\\\/fr\\\/wp-content\\\/uploads\\\/2025\\\/11\\\/img-src-22https-finelife.tvimage.jpg-alt-22Paris-Photo-Rodrigo-Braga-feu-chamanique22-834x1024.jpeg\",\"keywords\":[\"bresil\",\"chamanisme\",\"ecophoto\",\"paris photo 2025\",\"photo environnement\",\"photo feu\",\"photo foret\",\"photographie\",\"Rodrigo braga\"],\"articleSection\":[\"Blog\"],\"inLanguage\":\"fr-FR\",\"potentialAction\":[{\"@type\":\"CommentAction\",\"name\":\"Comment\",\"target\":[\"https:\\\/\\\/finelife.tv\\\/fr\\\/2025\\\/11\\\/28\\\/paris-photo-rodrigo-braga-feu-chamanique\\\/#respond\"]}]},{\"@type\":\"WebPage\",\"@id\":\"https:\\\/\\\/finelife.tv\\\/fr\\\/2025\\\/11\\\/28\\\/paris-photo-rodrigo-braga-feu-chamanique\\\/\",\"url\":\"https:\\\/\\\/finelife.tv\\\/fr\\\/2025\\\/11\\\/28\\\/paris-photo-rodrigo-braga-feu-chamanique\\\/\",\"name\":\"Paris Photo Rodrigo Braga feu chamanique - FineLife.tv\",\"isPartOf\":{\"@id\":\"https:\\\/\\\/finelife.tv\\\/fr\\\/#website\"},\"primaryImageOfPage\":{\"@id\":\"https:\\\/\\\/finelife.tv\\\/fr\\\/2025\\\/11\\\/28\\\/paris-photo-rodrigo-braga-feu-chamanique\\\/#primaryimage\"},\"image\":{\"@id\":\"https:\\\/\\\/finelife.tv\\\/fr\\\/2025\\\/11\\\/28\\\/paris-photo-rodrigo-braga-feu-chamanique\\\/#primaryimage\"},\"thumbnailUrl\":\"https:\\\/\\\/finelife.tv\\\/fr\\\/wp-content\\\/uploads\\\/2025\\\/11\\\/img-src-22https-finelife.tvimage.jpg-alt-22Paris-Photo-Rodrigo-Braga-feu-chamanique22-834x1024.jpeg\",\"datePublished\":\"2025-11-28T11:28:19+00:00\",\"dateModified\":\"2025-11-28T11:44:42+00:00\",\"author\":{\"@id\":\"https:\\\/\\\/finelife.tv\\\/fr\\\/#\\\/schema\\\/person\\\/e3d980b0c0b3dc5af01c3455893c8c52\"},\"description\":\"Paris Photo Rodrigo Braga feu chamanique. Le photographe br\u00e9silien pr\u00e9sente un solo show autour de la combustion, de la for\u00eat et des rites\",\"breadcrumb\":{\"@id\":\"https:\\\/\\\/finelife.tv\\\/fr\\\/2025\\\/11\\\/28\\\/paris-photo-rodrigo-braga-feu-chamanique\\\/#breadcrumb\"},\"inLanguage\":\"fr-FR\",\"potentialAction\":[{\"@type\":\"ReadAction\",\"target\":[\"https:\\\/\\\/finelife.tv\\\/fr\\\/2025\\\/11\\\/28\\\/paris-photo-rodrigo-braga-feu-chamanique\\\/\"]}]},{\"@type\":\"ImageObject\",\"inLanguage\":\"fr-FR\",\"@id\":\"https:\\\/\\\/finelife.tv\\\/fr\\\/2025\\\/11\\\/28\\\/paris-photo-rodrigo-braga-feu-chamanique\\\/#primaryimage\",\"url\":\"https:\\\/\\\/finelife.tv\\\/fr\\\/wp-content\\\/uploads\\\/2025\\\/11\\\/img-src-22https-finelife.tvimage.jpg-alt-22Paris-Photo-Rodrigo-Braga-feu-chamanique22-scaled.jpeg\",\"contentUrl\":\"https:\\\/\\\/finelife.tv\\\/fr\\\/wp-content\\\/uploads\\\/2025\\\/11\\\/img-src-22https-finelife.tvimage.jpg-alt-22Paris-Photo-Rodrigo-Braga-feu-chamanique22-scaled.jpeg\",\"width\":2086,\"height\":2560},{\"@type\":\"BreadcrumbList\",\"@id\":\"https:\\\/\\\/finelife.tv\\\/fr\\\/2025\\\/11\\\/28\\\/paris-photo-rodrigo-braga-feu-chamanique\\\/#breadcrumb\",\"itemListElement\":[{\"@type\":\"ListItem\",\"position\":1,\"name\":\"Accueil\",\"item\":\"https:\\\/\\\/finelife.tv\\\/fr\\\/\"},{\"@type\":\"ListItem\",\"position\":2,\"name\":\"Paris Photo Rodrigo Braga feu chamanique\"}]},{\"@type\":\"WebSite\",\"@id\":\"https:\\\/\\\/finelife.tv\\\/fr\\\/#website\",\"url\":\"https:\\\/\\\/finelife.tv\\\/fr\\\/\",\"name\":\"FineLife.tv\",\"description\":\"Quand l&#039;Art de vivre croise l&#039;Art de penser\",\"potentialAction\":[{\"@type\":\"SearchAction\",\"target\":{\"@type\":\"EntryPoint\",\"urlTemplate\":\"https:\\\/\\\/finelife.tv\\\/fr\\\/?s={search_term_string}\"},\"query-input\":{\"@type\":\"PropertyValueSpecification\",\"valueRequired\":true,\"valueName\":\"search_term_string\"}}],\"inLanguage\":\"fr-FR\"},{\"@type\":\"Person\",\"@id\":\"https:\\\/\\\/finelife.tv\\\/fr\\\/#\\\/schema\\\/person\\\/e3d980b0c0b3dc5af01c3455893c8c52\",\"name\":\"Leonore\",\"image\":{\"@type\":\"ImageObject\",\"inLanguage\":\"fr-FR\",\"@id\":\"https:\\\/\\\/secure.gravatar.com\\\/avatar\\\/9a2e5073417479f910ffdeee54da5ccf4f91eab62746ce0ae0e81124a9491a79?s=96&d=mm&r=g\",\"url\":\"https:\\\/\\\/secure.gravatar.com\\\/avatar\\\/9a2e5073417479f910ffdeee54da5ccf4f91eab62746ce0ae0e81124a9491a79?s=96&d=mm&r=g\",\"contentUrl\":\"https:\\\/\\\/secure.gravatar.com\\\/avatar\\\/9a2e5073417479f910ffdeee54da5ccf4f91eab62746ce0ae0e81124a9491a79?s=96&d=mm&r=g\",\"caption\":\"Leonore\"}}]}<\/script>\n<!-- \/ Yoast SEO plugin. -->","yoast_head_json":{"title":"Paris Photo Rodrigo Braga feu chamanique - FineLife.tv","description":"Paris Photo Rodrigo Braga feu chamanique. Le photographe br\u00e9silien pr\u00e9sente un solo show autour de la combustion, de la for\u00eat et des rites","robots":{"index":"index","follow":"follow","max-snippet":"max-snippet:-1","max-image-preview":"max-image-preview:large","max-video-preview":"max-video-preview:-1"},"canonical":"https:\/\/finelife.tv\/fr\/2025\/11\/28\/paris-photo-rodrigo-braga-feu-chamanique\/","og_locale":"fr_FR","og_type":"article","og_title":"Paris Photo Rodrigo Braga feu chamanique - FineLife.tv","og_description":"Paris Photo Rodrigo Braga feu chamanique. Le photographe br\u00e9silien pr\u00e9sente un solo show autour de la combustion, de la for\u00eat et des rites","og_url":"https:\/\/finelife.tv\/fr\/2025\/11\/28\/paris-photo-rodrigo-braga-feu-chamanique\/","og_site_name":"FineLife.tv","article_published_time":"2025-11-28T11:28:19+00:00","article_modified_time":"2025-11-28T11:44:42+00:00","og_image":[{"width":2086,"height":2560,"url":"https:\/\/finelife.tv\/fr\/wp-content\/uploads\/2025\/11\/img-src-22https-finelife.tvimage.jpg-alt-22Paris-Photo-Rodrigo-Braga-feu-chamanique22-scaled.jpeg","type":"image\/jpeg"}],"author":"Leonore","twitter_card":"summary_large_image","twitter_creator":"@finelifetv","twitter_site":"@finelifetv","twitter_misc":{"\u00c9crit par":"Leonore","Dur\u00e9e de lecture estim\u00e9e":"5 minutes"},"schema":{"@context":"https:\/\/schema.org","@graph":[{"@type":"Article","@id":"https:\/\/finelife.tv\/fr\/2025\/11\/28\/paris-photo-rodrigo-braga-feu-chamanique\/#article","isPartOf":{"@id":"https:\/\/finelife.tv\/fr\/2025\/11\/28\/paris-photo-rodrigo-braga-feu-chamanique\/"},"author":{"name":"Leonore","@id":"https:\/\/finelife.tv\/fr\/#\/schema\/person\/e3d980b0c0b3dc5af01c3455893c8c52"},"headline":"Paris Photo Rodrigo Braga feu chamanique","datePublished":"2025-11-28T11:28:19+00:00","dateModified":"2025-11-28T11:44:42+00:00","mainEntityOfPage":{"@id":"https:\/\/finelife.tv\/fr\/2025\/11\/28\/paris-photo-rodrigo-braga-feu-chamanique\/"},"wordCount":729,"commentCount":1,"image":{"@id":"https:\/\/finelife.tv\/fr\/2025\/11\/28\/paris-photo-rodrigo-braga-feu-chamanique\/#primaryimage"},"thumbnailUrl":"https:\/\/finelife.tv\/fr\/wp-content\/uploads\/2025\/11\/img-src-22https-finelife.tvimage.jpg-alt-22Paris-Photo-Rodrigo-Braga-feu-chamanique22-834x1024.jpeg","keywords":["bresil","chamanisme","ecophoto","paris photo 2025","photo environnement","photo feu","photo foret","photographie","Rodrigo braga"],"articleSection":["Blog"],"inLanguage":"fr-FR","potentialAction":[{"@type":"CommentAction","name":"Comment","target":["https:\/\/finelife.tv\/fr\/2025\/11\/28\/paris-photo-rodrigo-braga-feu-chamanique\/#respond"]}]},{"@type":"WebPage","@id":"https:\/\/finelife.tv\/fr\/2025\/11\/28\/paris-photo-rodrigo-braga-feu-chamanique\/","url":"https:\/\/finelife.tv\/fr\/2025\/11\/28\/paris-photo-rodrigo-braga-feu-chamanique\/","name":"Paris Photo Rodrigo Braga feu chamanique - FineLife.tv","isPartOf":{"@id":"https:\/\/finelife.tv\/fr\/#website"},"primaryImageOfPage":{"@id":"https:\/\/finelife.tv\/fr\/2025\/11\/28\/paris-photo-rodrigo-braga-feu-chamanique\/#primaryimage"},"image":{"@id":"https:\/\/finelife.tv\/fr\/2025\/11\/28\/paris-photo-rodrigo-braga-feu-chamanique\/#primaryimage"},"thumbnailUrl":"https:\/\/finelife.tv\/fr\/wp-content\/uploads\/2025\/11\/img-src-22https-finelife.tvimage.jpg-alt-22Paris-Photo-Rodrigo-Braga-feu-chamanique22-834x1024.jpeg","datePublished":"2025-11-28T11:28:19+00:00","dateModified":"2025-11-28T11:44:42+00:00","author":{"@id":"https:\/\/finelife.tv\/fr\/#\/schema\/person\/e3d980b0c0b3dc5af01c3455893c8c52"},"description":"Paris Photo Rodrigo Braga feu chamanique. Le photographe br\u00e9silien pr\u00e9sente un solo show autour de la combustion, de la for\u00eat et des rites","breadcrumb":{"@id":"https:\/\/finelife.tv\/fr\/2025\/11\/28\/paris-photo-rodrigo-braga-feu-chamanique\/#breadcrumb"},"inLanguage":"fr-FR","potentialAction":[{"@type":"ReadAction","target":["https:\/\/finelife.tv\/fr\/2025\/11\/28\/paris-photo-rodrigo-braga-feu-chamanique\/"]}]},{"@type":"ImageObject","inLanguage":"fr-FR","@id":"https:\/\/finelife.tv\/fr\/2025\/11\/28\/paris-photo-rodrigo-braga-feu-chamanique\/#primaryimage","url":"https:\/\/finelife.tv\/fr\/wp-content\/uploads\/2025\/11\/img-src-22https-finelife.tvimage.jpg-alt-22Paris-Photo-Rodrigo-Braga-feu-chamanique22-scaled.jpeg","contentUrl":"https:\/\/finelife.tv\/fr\/wp-content\/uploads\/2025\/11\/img-src-22https-finelife.tvimage.jpg-alt-22Paris-Photo-Rodrigo-Braga-feu-chamanique22-scaled.jpeg","width":2086,"height":2560},{"@type":"BreadcrumbList","@id":"https:\/\/finelife.tv\/fr\/2025\/11\/28\/paris-photo-rodrigo-braga-feu-chamanique\/#breadcrumb","itemListElement":[{"@type":"ListItem","position":1,"name":"Accueil","item":"https:\/\/finelife.tv\/fr\/"},{"@type":"ListItem","position":2,"name":"Paris Photo Rodrigo Braga feu chamanique"}]},{"@type":"WebSite","@id":"https:\/\/finelife.tv\/fr\/#website","url":"https:\/\/finelife.tv\/fr\/","name":"FineLife.tv","description":"Quand l&#039;Art de vivre croise l&#039;Art de penser","potentialAction":[{"@type":"SearchAction","target":{"@type":"EntryPoint","urlTemplate":"https:\/\/finelife.tv\/fr\/?s={search_term_string}"},"query-input":{"@type":"PropertyValueSpecification","valueRequired":true,"valueName":"search_term_string"}}],"inLanguage":"fr-FR"},{"@type":"Person","@id":"https:\/\/finelife.tv\/fr\/#\/schema\/person\/e3d980b0c0b3dc5af01c3455893c8c52","name":"Leonore","image":{"@type":"ImageObject","inLanguage":"fr-FR","@id":"https:\/\/secure.gravatar.com\/avatar\/9a2e5073417479f910ffdeee54da5ccf4f91eab62746ce0ae0e81124a9491a79?s=96&d=mm&r=g","url":"https:\/\/secure.gravatar.com\/avatar\/9a2e5073417479f910ffdeee54da5ccf4f91eab62746ce0ae0e81124a9491a79?s=96&d=mm&r=g","contentUrl":"https:\/\/secure.gravatar.com\/avatar\/9a2e5073417479f910ffdeee54da5ccf4f91eab62746ce0ae0e81124a9491a79?s=96&d=mm&r=g","caption":"Leonore"}}]}},"_links":{"self":[{"href":"https:\/\/finelife.tv\/fr\/wp-json\/wp\/v2\/posts\/25083","targetHints":{"allow":["GET"]}}],"collection":[{"href":"https:\/\/finelife.tv\/fr\/wp-json\/wp\/v2\/posts"}],"about":[{"href":"https:\/\/finelife.tv\/fr\/wp-json\/wp\/v2\/types\/post"}],"author":[{"embeddable":true,"href":"https:\/\/finelife.tv\/fr\/wp-json\/wp\/v2\/users\/1"}],"replies":[{"embeddable":true,"href":"https:\/\/finelife.tv\/fr\/wp-json\/wp\/v2\/comments?post=25083"}],"version-history":[{"count":37,"href":"https:\/\/finelife.tv\/fr\/wp-json\/wp\/v2\/posts\/25083\/revisions"}],"predecessor-version":[{"id":25135,"href":"https:\/\/finelife.tv\/fr\/wp-json\/wp\/v2\/posts\/25083\/revisions\/25135"}],"wp:attachment":[{"href":"https:\/\/finelife.tv\/fr\/wp-json\/wp\/v2\/media?parent=25083"}],"wp:term":[{"taxonomy":"category","embeddable":true,"href":"https:\/\/finelife.tv\/fr\/wp-json\/wp\/v2\/categories?post=25083"},{"taxonomy":"post_tag","embeddable":true,"href":"https:\/\/finelife.tv\/fr\/wp-json\/wp\/v2\/tags?post=25083"}],"curies":[{"name":"wp","href":"https:\/\/api.w.org\/{rel}","templated":true}]}}