{"id":26526,"date":"2026-01-17T16:42:01","date_gmt":"2026-01-17T15:42:01","guid":{"rendered":"https:\/\/finelife.tv\/fr\/?p=26526"},"modified":"2026-01-23T23:05:34","modified_gmt":"2026-01-23T22:05:34","slug":"gerhard-richter-le-flou-a-la-fondation-louis-vuitton","status":"publish","type":"post","link":"https:\/\/finelife.tv\/fr\/2026\/01\/17\/gerhard-richter-le-flou-a-la-fondation-louis-vuitton\/","title":{"rendered":"Gerhard Richter : le flou \u00e0 la Fondation Louis Vuitton"},"content":{"rendered":"<div class=\"wp-block-image\">\n<figure class=\"aligncenter size-full\"><img loading=\"lazy\" decoding=\"async\" width=\"879\" height=\"566\" src=\"https:\/\/finelife.tv\/fr\/wp-content\/uploads\/2026\/01\/img-src22https-finelife.tvimage.jpeg22-alt22Gerhard-Richter-le-flou-a-la-Fondation-Louis-Vuitton22.jpeg\" alt=\"Gerhard-Richter-le-flou-a-la-Fondation-Louis-Vuitton\" class=\"wp-image-26714\" srcset=\"https:\/\/finelife.tv\/fr\/wp-content\/uploads\/2026\/01\/img-src22https-finelife.tvimage.jpeg22-alt22Gerhard-Richter-le-flou-a-la-Fondation-Louis-Vuitton22.jpeg 879w, https:\/\/finelife.tv\/fr\/wp-content\/uploads\/2026\/01\/img-src22https-finelife.tvimage.jpeg22-alt22Gerhard-Richter-le-flou-a-la-Fondation-Louis-Vuitton22-300x193.jpeg 300w, https:\/\/finelife.tv\/fr\/wp-content\/uploads\/2026\/01\/img-src22https-finelife.tvimage.jpeg22-alt22Gerhard-Richter-le-flou-a-la-Fondation-Louis-Vuitton22-768x495.jpeg 768w\" sizes=\"auto, (max-width: 879px) 100vw, 879px\" \/><\/figure>\n<\/div>\n\n\n<p><strong>Gerhard Richter : le flou \u00e0 la Fondation Louis Vuitton. Une r\u00e9trospective exceptionnelle retrace sur 60 ans le parcours de l&rsquo;un des peintres les plus influents de notre \u00e9poque. Entre flou photographique et abstractions racl\u00e9es, l\u2019artiste allemand interroge sans rel\u00e2che la v\u00e9rit\u00e9 de l\u2019image, la m\u00e9moire et les fractures de l\u2019Histoire. Une immersion dense et contemplative dans une \u0153uvre qui refuse les certitudes.<\/strong><\/p>\n\n\n\n<p>La Fondation Louis Vuitton confirme une fois de plus sa capacit\u00e9 \u00e0 alterner les grands \u00e9v\u00e9nements monographiques avec des propositions plus collectives et l\u00e9g\u00e8res. Apr\u00e8s les expositions intenses de Basquiat, Rothko, Joan Mitchell ou Matisse (L&rsquo;Atelier rouge en 2024), et le festival color\u00e9 de David Hockney au printemps 2025, elle accueille aujourd\u2019hui Gerhard Richter dans une r\u00e9trospective d\u2019envergure. Une parenth\u00e8se contemplative qui arrive \u00e0 point nomm\u00e9 apr\u00e8s des moments plus spectaculaires.<\/p>\n\n\n<div class=\"wp-block-image\">\n<figure class=\"aligncenter size-large\"><img loading=\"lazy\" decoding=\"async\" width=\"1024\" height=\"976\" src=\"https:\/\/finelife.tv\/fr\/wp-content\/uploads\/2026\/01\/img-src-22https-finelife.tvimage.jpg-alt-22Gerhard-Richter-le-flou-a-la-Fondation-Louis-Vuitton-abstraction22-1024x976.jpeg\" alt=\"\" class=\"wp-image-26545\" srcset=\"https:\/\/finelife.tv\/fr\/wp-content\/uploads\/2026\/01\/img-src-22https-finelife.tvimage.jpg-alt-22Gerhard-Richter-le-flou-a-la-Fondation-Louis-Vuitton-abstraction22-1024x976.jpeg 1024w, https:\/\/finelife.tv\/fr\/wp-content\/uploads\/2026\/01\/img-src-22https-finelife.tvimage.jpg-alt-22Gerhard-Richter-le-flou-a-la-Fondation-Louis-Vuitton-abstraction22-300x286.jpeg 300w, https:\/\/finelife.tv\/fr\/wp-content\/uploads\/2026\/01\/img-src-22https-finelife.tvimage.jpg-alt-22Gerhard-Richter-le-flou-a-la-Fondation-Louis-Vuitton-abstraction22-768x732.jpeg 768w, https:\/\/finelife.tv\/fr\/wp-content\/uploads\/2026\/01\/img-src-22https-finelife.tvimage.jpg-alt-22Gerhard-Richter-le-flou-a-la-Fondation-Louis-Vuitton-abstraction22-1536x1464.jpeg 1536w, https:\/\/finelife.tv\/fr\/wp-content\/uploads\/2026\/01\/img-src-22https-finelife.tvimage.jpg-alt-22Gerhard-Richter-le-flou-a-la-Fondation-Louis-Vuitton-abstraction22-2048x1952.jpeg 2048w\" sizes=\"auto, (max-width: 1024px) 100vw, 1024px\" \/><figcaption class=\"wp-element-caption\">vue de l&rsquo;exposition<\/figcaption><\/figure>\n<\/div>\n\n\n<p>Sur 34 salles, l\u2019exposition r\u00e9unit 275 \u0153uvres (peintures \u00e0 l\u2019huile, dessins, aquarelles, photos surpeintes, sculptures en verre et acier) courant de 1962 \u00e0 2024. Soixante ans de carri\u00e8re sont pr\u00e9sent\u00e9s de fa\u00e7on chronologique et exhaustive, avec de pr\u00eats exceptionnels (comme la s\u00e9rie compl\u00e8te <em>18. Oktober 1977<\/em> du MoMA, le quadriptyque <em>Gudrun<\/em> ou des pi\u00e8ces tr\u00e8s pr\u00e9coces comme <em>Tisch<\/em>). On constate que le vocabulaire de Richter \u00e9tait en place d\u00e8s les d\u00e9buts. Mais aussi que l&rsquo;artiste n\u2019a cess\u00e9 d\u2019interroger l\u2019image, la m\u00e9moire, l\u2019histoire allemande et le doute.<\/p>\n\n\n\n<h2 class=\"wp-block-heading\">Gerhard Richter : ma\u00eetre du doute et des contradictions<\/h2>\n\n\n<div class=\"wp-block-image\">\n<figure class=\"aligncenter size-large\"><img loading=\"lazy\" decoding=\"async\" width=\"952\" height=\"1024\" src=\"https:\/\/finelife.tv\/fr\/wp-content\/uploads\/2026\/01\/img-src-22https-finelife.tvimage.jpg-alt-22Gerhard-Richter-le-flou-a-la-Fondation-Louis-Vuitton-richter-photo22-952x1024.jpeg\" alt=\"\" class=\"wp-image-26540\" srcset=\"https:\/\/finelife.tv\/fr\/wp-content\/uploads\/2026\/01\/img-src-22https-finelife.tvimage.jpg-alt-22Gerhard-Richter-le-flou-a-la-Fondation-Louis-Vuitton-richter-photo22-952x1024.jpeg 952w, https:\/\/finelife.tv\/fr\/wp-content\/uploads\/2026\/01\/img-src-22https-finelife.tvimage.jpg-alt-22Gerhard-Richter-le-flou-a-la-Fondation-Louis-Vuitton-richter-photo22-279x300.jpeg 279w, https:\/\/finelife.tv\/fr\/wp-content\/uploads\/2026\/01\/img-src-22https-finelife.tvimage.jpg-alt-22Gerhard-Richter-le-flou-a-la-Fondation-Louis-Vuitton-richter-photo22-768x826.jpeg 768w, https:\/\/finelife.tv\/fr\/wp-content\/uploads\/2026\/01\/img-src-22https-finelife.tvimage.jpg-alt-22Gerhard-Richter-le-flou-a-la-Fondation-Louis-Vuitton-richter-photo22.jpeg 1040w\" sizes=\"auto, (max-width: 952px) 100vw, 952px\" \/><figcaption class=\"wp-element-caption\">Gerhard Richter vue de l&rsquo;exposition<\/figcaption><\/figure>\n<\/div>\n\n\n<p>N\u00e9 \u00e0 Dresde en 1932, Gerhard Richter grandit en Allemagne de l\u2019Est. Il re\u00e7oit une formation classique \u00e0 l\u2019Acad\u00e9mie des Beaux-Arts de Dresde (1951-1956), o\u00f9 le r\u00e9alisme socialiste domine. Ce cadre rigoureux, ax\u00e9 sur les genres traditionnels (portrait, paysage, nature morte, peinture d\u2019histoire), lui apporte une solide ma\u00eetrise technique. Il s\u2019en \u00e9mancipe n\u00e9anmoins tr\u00e8s vite. En 1961, il fuit ainsi la RDA pour D\u00fcsseldorf puis Cologne. Il y d\u00e9couvre les avant-gardes occidentales : le pop art (Warhol), Fluxus, et des figures comme Jackson Pollock, Lucio Fontana ou Robert Rauschenberg. Mais l&rsquo;artiste reste profond\u00e9ment marqu\u00e9 par le romantisme allemand, notamment par Caspar David Friedrich et ses paysages brumeux et existentiels.<\/p>\n\n\n\n<p>Sans jamais se laisser enfermer dans une \u00e9tiquette, Richter traverse les fractures du XX\u1d49 si\u00e8cle avec une rigueur implacable et une libert\u00e9 assum\u00e9e dans ses contradictions. En 2017, il d\u00e9clare sa peinture \u00ab compl\u00e8te \u00bb (catalogue raisonn\u00e9 num\u00e9rot\u00e9 jusqu\u2019\u00e0 952) et se retire de la sc\u00e8ne.<\/p>\n\n\n\n<p>Gerhard Richter est cet artiste prot\u00e9iforme qui refuse tout programme, tout style fixe et toute direction : \u00ab Je n\u2019ai pas d\u2019objectifs, pas de syst\u00e8me, pas de tendance ; je n\u2019ai ni programme, ni style, ni mission \u00bb, dit-il (documenta 7 \u00e0 Kassel en 1982). Ma\u00eetre du doute m\u00e9thodique, il embrasse les contradictions sans pathos, pr\u00e9f\u00e9rant l\u2019incertitude, le flou et le hasard \u00e0 toute affirmation tranch\u00e9e. Une attitude qui fait ind\u00e9niablement de son \u0153uvre une remise en question permanente de la peinture elle-m\u00eame.<\/p>\n\n\n\n<h2 class=\"wp-block-heading\">L&rsquo;\u00e9loge du flou<\/h2>\n\n\n<div class=\"wp-block-image\">\n<figure class=\"aligncenter size-large\"><img loading=\"lazy\" decoding=\"async\" width=\"1024\" height=\"833\" src=\"https:\/\/finelife.tv\/fr\/wp-content\/uploads\/2026\/01\/img-src-22https-finelife.tvimage.jpg-alt-22Gerhard-Richter-le-flou-a-la-Fondation-Louis-Vuitton-photo-tableau-tante-marianne22-1024x833.jpeg\" alt=\"\" class=\"wp-image-26550\" srcset=\"https:\/\/finelife.tv\/fr\/wp-content\/uploads\/2026\/01\/img-src-22https-finelife.tvimage.jpg-alt-22Gerhard-Richter-le-flou-a-la-Fondation-Louis-Vuitton-photo-tableau-tante-marianne22-1024x833.jpeg 1024w, https:\/\/finelife.tv\/fr\/wp-content\/uploads\/2026\/01\/img-src-22https-finelife.tvimage.jpg-alt-22Gerhard-Richter-le-flou-a-la-Fondation-Louis-Vuitton-photo-tableau-tante-marianne22-300x244.jpeg 300w, https:\/\/finelife.tv\/fr\/wp-content\/uploads\/2026\/01\/img-src-22https-finelife.tvimage.jpg-alt-22Gerhard-Richter-le-flou-a-la-Fondation-Louis-Vuitton-photo-tableau-tante-marianne22-768x625.jpeg 768w, https:\/\/finelife.tv\/fr\/wp-content\/uploads\/2026\/01\/img-src-22https-finelife.tvimage.jpg-alt-22Gerhard-Richter-le-flou-a-la-Fondation-Louis-Vuitton-photo-tableau-tante-marianne22-1536x1249.jpeg 1536w, https:\/\/finelife.tv\/fr\/wp-content\/uploads\/2026\/01\/img-src-22https-finelife.tvimage.jpg-alt-22Gerhard-Richter-le-flou-a-la-Fondation-Louis-Vuitton-photo-tableau-tante-marianne22-2048x1665.jpeg 2048w\" sizes=\"auto, (max-width: 1024px) 100vw, 1024px\" \/><figcaption class=\"wp-element-caption\">Tante Marianne 1965 &#8211; la tante de Richter euthanasi\u00e9e par les nazis<\/figcaption><\/figure>\n<\/div>\n\n\n<p>D\u00e8s l\u2019entr\u00e9e, <em>Tisch <\/em>(1962) donne le ton. Une table banale photographi\u00e9e, est peinte avec pr\u00e9cision\u2026 puis effac\u00e9e sous un voile gris. Le geste fondateur. Le flou n\u2019est pas un effet esth\u00e9tique ; c\u2019est une mani\u00e8re de dire la v\u00e9rit\u00e9. Richter part d\u2019albums familiaux, d\u2019oncles en uniforme, de tantes disparues, de victimes de la guerre ou de la Shoah. Il reproduit fid\u00e8lement\u2026 puis noie le tout dans un brouillard pictural. Le visage devient spectre, le regard se dissout. Dans ce flou, l\u2019\u00e9motion surgit : la m\u00e9moire est floue, l\u2019Histoire tremble. Regarder le pass\u00e9 de trop pr\u00e8s reste toujours douloureux.<\/p>\n\n\n\n<h2 class=\"wp-block-heading\">Les grandes abstractions color\u00e9es<\/h2>\n\n\n<div class=\"wp-block-image\">\n<figure class=\"aligncenter size-large\"><img loading=\"lazy\" decoding=\"async\" width=\"1024\" height=\"1003\" src=\"https:\/\/finelife.tv\/fr\/wp-content\/uploads\/2026\/01\/img-src-22https-finelife.tvimage.jpg-alt-22Gerhard-Richter-le-flou-a-la-Fondation-Louis-Vuitton-abstraction-gudrun22-1024x1003.jpeg\" alt=\"\" class=\"wp-image-26544\" srcset=\"https:\/\/finelife.tv\/fr\/wp-content\/uploads\/2026\/01\/img-src-22https-finelife.tvimage.jpg-alt-22Gerhard-Richter-le-flou-a-la-Fondation-Louis-Vuitton-abstraction-gudrun22-1024x1003.jpeg 1024w, https:\/\/finelife.tv\/fr\/wp-content\/uploads\/2026\/01\/img-src-22https-finelife.tvimage.jpg-alt-22Gerhard-Richter-le-flou-a-la-Fondation-Louis-Vuitton-abstraction-gudrun22-300x294.jpeg 300w, https:\/\/finelife.tv\/fr\/wp-content\/uploads\/2026\/01\/img-src-22https-finelife.tvimage.jpg-alt-22Gerhard-Richter-le-flou-a-la-Fondation-Louis-Vuitton-abstraction-gudrun22-768x752.jpeg 768w, https:\/\/finelife.tv\/fr\/wp-content\/uploads\/2026\/01\/img-src-22https-finelife.tvimage.jpg-alt-22Gerhard-Richter-le-flou-a-la-Fondation-Louis-Vuitton-abstraction-gudrun22.jpeg 1154w\" sizes=\"auto, (max-width: 1024px) 100vw, 1024px\" \/><figcaption class=\"wp-element-caption\">Gudrun 1987 (d\u00e9tail) &#8211; le tableau renvoie \u00e0 Gudrun Ensslin, membre fondateur de la Fraction Arm\u00e9e Rouge et \u00e9tablit un lien direct avec la c\u00e9l\u00e8bre s\u00e9rie \u00ab\u00a0October 18, 1977<\/figcaption><\/figure>\n<\/div>\n\n\n<p>Viennent ensuite les immenses abstractions : couches \u00e9paisses de peinture racl\u00e9es \u00e0 la raclette (squeegee). Couleurs qui s\u2019entrechoquent, se fondent ou surgissent par accident. On ressent le corps de l\u2019artiste dans le geste \u2013 poids, violence douce, d\u00e9cision de tout recouvrir ou de laisser une fissure lumineuse. Rien \u00e0 voir, tout \u00e0 ressentir : respiration, temp\u00eate. C\u2019est physique, presque charnel.<\/p>\n\n\n\n<h2 class=\"wp-block-heading\">Dialogue avec les ma\u00eetres anciens<\/h2>\n\n\n<div class=\"wp-block-image\">\n<figure class=\"aligncenter size-large\"><img loading=\"lazy\" decoding=\"async\" width=\"1024\" height=\"623\" src=\"https:\/\/finelife.tv\/fr\/wp-content\/uploads\/2026\/01\/img-src-22https-finelife.tvimage.jpg-alt-22Gerhard-Richter-le-flou-a-la-Fondation-Louis-Vuitton-annonciation-titien-tableau22-1024x623.jpeg\" alt=\"\" class=\"wp-image-26558\" srcset=\"https:\/\/finelife.tv\/fr\/wp-content\/uploads\/2026\/01\/img-src-22https-finelife.tvimage.jpg-alt-22Gerhard-Richter-le-flou-a-la-Fondation-Louis-Vuitton-annonciation-titien-tableau22-1024x623.jpeg 1024w, https:\/\/finelife.tv\/fr\/wp-content\/uploads\/2026\/01\/img-src-22https-finelife.tvimage.jpg-alt-22Gerhard-Richter-le-flou-a-la-Fondation-Louis-Vuitton-annonciation-titien-tableau22-300x183.jpeg 300w, https:\/\/finelife.tv\/fr\/wp-content\/uploads\/2026\/01\/img-src-22https-finelife.tvimage.jpg-alt-22Gerhard-Richter-le-flou-a-la-Fondation-Louis-Vuitton-annonciation-titien-tableau22-768x468.jpeg 768w, https:\/\/finelife.tv\/fr\/wp-content\/uploads\/2026\/01\/img-src-22https-finelife.tvimage.jpg-alt-22Gerhard-Richter-le-flou-a-la-Fondation-Louis-Vuitton-annonciation-titien-tableau22-1536x935.jpeg 1536w, https:\/\/finelife.tv\/fr\/wp-content\/uploads\/2026\/01\/img-src-22https-finelife.tvimage.jpg-alt-22Gerhard-Richter-le-flou-a-la-Fondation-Louis-Vuitton-annonciation-titien-tableau22-2048x1247.jpeg 2048w\" sizes=\"auto, (max-width: 1024px) 100vw, 1024px\" \/><figcaption class=\"wp-element-caption\">Annonciation d&rsquo;apr\u00e8s Titien 1994<\/figcaption><\/figure>\n<\/div>\n\n\n<p>Richter, qui refuse les \u00e9tiquettes figuration\/abstraction, dialogue avec les ma\u00eetres anciens sans les imiter. On pense \u00e0 Titien pour les rouges profonds, \u00e0 Vermeer pour la lumi\u00e8re int\u00e9rieure. <\/p>\n\n\n<div class=\"wp-block-image\">\n<figure class=\"aligncenter size-large\"><img loading=\"lazy\" decoding=\"async\" width=\"704\" height=\"1024\" src=\"https:\/\/finelife.tv\/fr\/wp-content\/uploads\/2026\/01\/img-src-22https-finelife.tvimage.jpg-alt-22Gerhard-Richter-le-flou-a-la-Fondation-Louis-Vuitton-Betty22-704x1024.jpeg\" alt=\"\" class=\"wp-image-26639\" srcset=\"https:\/\/finelife.tv\/fr\/wp-content\/uploads\/2026\/01\/img-src-22https-finelife.tvimage.jpg-alt-22Gerhard-Richter-le-flou-a-la-Fondation-Louis-Vuitton-Betty22-704x1024.jpeg 704w, https:\/\/finelife.tv\/fr\/wp-content\/uploads\/2026\/01\/img-src-22https-finelife.tvimage.jpg-alt-22Gerhard-Richter-le-flou-a-la-Fondation-Louis-Vuitton-Betty22-206x300.jpeg 206w, https:\/\/finelife.tv\/fr\/wp-content\/uploads\/2026\/01\/img-src-22https-finelife.tvimage.jpg-alt-22Gerhard-Richter-le-flou-a-la-Fondation-Louis-Vuitton-Betty22-768x1117.jpeg 768w, https:\/\/finelife.tv\/fr\/wp-content\/uploads\/2026\/01\/img-src-22https-finelife.tvimage.jpg-alt-22Gerhard-Richter-le-flou-a-la-Fondation-Louis-Vuitton-Betty22.jpeg 886w\" sizes=\"auto, (max-width: 704px) 100vw, 704px\" \/><figcaption class=\"wp-element-caption\">Betty 1988<\/figcaption><\/figure>\n<\/div>\n\n\n<p>Parmi les figures f\u00e9minines marquantes, sa fille Betty appara\u00eet dans de multiples portraits (dos tourn\u00e9, comme une madone moderne), et sa \u00ab\u00a0tante\u00a0\u00bb Gudrun dans un quadriptyque tragique. Il les repeint comme pour leur poser la question : comment peindre encore apr\u00e8s vous ? La r\u00e9ponse tient dans un respect discret, teint\u00e9 de doute.<\/p>\n\n\n\n<h2 class=\"wp-block-heading\">Paysages, strips et verres : le vertige de la perception<\/h2>\n\n\n<div class=\"wp-block-image\">\n<figure class=\"aligncenter size-large\"><img loading=\"lazy\" decoding=\"async\" width=\"760\" height=\"1024\" src=\"https:\/\/finelife.tv\/fr\/wp-content\/uploads\/2026\/01\/img-src-22https-finelife.tvimage.jpg-alt-22Gerhard-Richter-le-flou-a-la-Fondation-Louis-Vuitton-blumen22-760x1024.jpeg\" alt=\"\" class=\"wp-image-26543\" srcset=\"https:\/\/finelife.tv\/fr\/wp-content\/uploads\/2026\/01\/img-src-22https-finelife.tvimage.jpg-alt-22Gerhard-Richter-le-flou-a-la-Fondation-Louis-Vuitton-blumen22-760x1024.jpeg 760w, https:\/\/finelife.tv\/fr\/wp-content\/uploads\/2026\/01\/img-src-22https-finelife.tvimage.jpg-alt-22Gerhard-Richter-le-flou-a-la-Fondation-Louis-Vuitton-blumen22-223x300.jpeg 223w, https:\/\/finelife.tv\/fr\/wp-content\/uploads\/2026\/01\/img-src-22https-finelife.tvimage.jpg-alt-22Gerhard-Richter-le-flou-a-la-Fondation-Louis-Vuitton-blumen22-768x1035.jpeg 768w, https:\/\/finelife.tv\/fr\/wp-content\/uploads\/2026\/01\/img-src-22https-finelife.tvimage.jpg-alt-22Gerhard-Richter-le-flou-a-la-Fondation-Louis-Vuitton-blumen22.jpeg 912w\" sizes=\"auto, (max-width: 760px) 100vw, 760px\" \/><figcaption class=\"wp-element-caption\">Blumen 1994<\/figcaption><\/figure>\n<\/div>\n\n\n<p>Les paysages rappellent Caspar David Friedrich par leurs brumes et leurs horizons infinis, mais chez Richter le romantisme s\u2019est \u00e9teint : la nature n\u2019exalte plus, elle interroge et laisse place \u00e0 l\u2019incertain existentiel. <\/p>\n\n\n<div class=\"wp-block-image\">\n<figure class=\"aligncenter size-large\"><img loading=\"lazy\" decoding=\"async\" width=\"1024\" height=\"780\" src=\"https:\/\/finelife.tv\/fr\/wp-content\/uploads\/2026\/01\/img-src-22https-finelife.tvimage.jpg-alt-22Gerhard-Richter-le-flou-a-la-Fondation-Louis-Vuitton-Vierwalstattersee22-1024x780.jpeg\" alt=\"\" class=\"wp-image-26642\" srcset=\"https:\/\/finelife.tv\/fr\/wp-content\/uploads\/2026\/01\/img-src-22https-finelife.tvimage.jpg-alt-22Gerhard-Richter-le-flou-a-la-Fondation-Louis-Vuitton-Vierwalstattersee22-1024x780.jpeg 1024w, https:\/\/finelife.tv\/fr\/wp-content\/uploads\/2026\/01\/img-src-22https-finelife.tvimage.jpg-alt-22Gerhard-Richter-le-flou-a-la-Fondation-Louis-Vuitton-Vierwalstattersee22-300x228.jpeg 300w, https:\/\/finelife.tv\/fr\/wp-content\/uploads\/2026\/01\/img-src-22https-finelife.tvimage.jpg-alt-22Gerhard-Richter-le-flou-a-la-Fondation-Louis-Vuitton-Vierwalstattersee22-768x585.jpeg 768w, https:\/\/finelife.tv\/fr\/wp-content\/uploads\/2026\/01\/img-src-22https-finelife.tvimage.jpg-alt-22Gerhard-Richter-le-flou-a-la-Fondation-Louis-Vuitton-Vierwalstattersee22-1536x1170.jpeg 1536w, https:\/\/finelife.tv\/fr\/wp-content\/uploads\/2026\/01\/img-src-22https-finelife.tvimage.jpg-alt-22Gerhard-Richter-le-flou-a-la-Fondation-Louis-Vuitton-Vierwalstattersee22-2048x1560.jpeg 2048w\" sizes=\"auto, (max-width: 1024px) 100vw, 1024px\" \/><figcaption class=\"wp-element-caption\">Vierwaldst\u00e4tter See 1969 Lac des Quatre-Cantons Lucerne<\/figcaption><\/figure>\n<\/div>\n\n\n<p>Ce m\u00eame sentiment de vertige se prolonge dans les strips \u2013 scans d\u2019abstractions d\u00e9coup\u00e9s en bandes verticales hypnotiques, o\u00f9 l\u2019\u0153il glisse sans accroche, transformant la peinture en pur rythme optique. <\/p>\n\n\n<div class=\"wp-block-image\">\n<figure class=\"aligncenter size-large\"><img loading=\"lazy\" decoding=\"async\" width=\"1024\" height=\"382\" src=\"https:\/\/finelife.tv\/fr\/wp-content\/uploads\/2026\/01\/img-src-22https-finelife.tvimage.jpg-alt-22Gerhard-Richter-le-flou-a-la-Fondation-Louis-Vuitton-strip22-1024x382.jpeg\" alt=\"\" class=\"wp-image-26643\" srcset=\"https:\/\/finelife.tv\/fr\/wp-content\/uploads\/2026\/01\/img-src-22https-finelife.tvimage.jpg-alt-22Gerhard-Richter-le-flou-a-la-Fondation-Louis-Vuitton-strip22-1024x382.jpeg 1024w, https:\/\/finelife.tv\/fr\/wp-content\/uploads\/2026\/01\/img-src-22https-finelife.tvimage.jpg-alt-22Gerhard-Richter-le-flou-a-la-Fondation-Louis-Vuitton-strip22-300x112.jpeg 300w, https:\/\/finelife.tv\/fr\/wp-content\/uploads\/2026\/01\/img-src-22https-finelife.tvimage.jpg-alt-22Gerhard-Richter-le-flou-a-la-Fondation-Louis-Vuitton-strip22-768x287.jpeg 768w, https:\/\/finelife.tv\/fr\/wp-content\/uploads\/2026\/01\/img-src-22https-finelife.tvimage.jpg-alt-22Gerhard-Richter-le-flou-a-la-Fondation-Louis-Vuitton-strip22-1536x573.jpeg 1536w, https:\/\/finelife.tv\/fr\/wp-content\/uploads\/2026\/01\/img-src-22https-finelife.tvimage.jpg-alt-22Gerhard-Richter-le-flou-a-la-Fondation-Louis-Vuitton-strip22.jpeg 1675w\" sizes=\"auto, (max-width: 1024px) 100vw, 1024px\" \/><figcaption class=\"wp-element-caption\">Strip 2O11 d\u00e9tail<\/figcaption><\/figure>\n<\/div>\n\n\n<p>Enfin, les verres (panneaux superpos\u00e9s qui capturent et diffractent la lumi\u00e8re) ach\u00e8vent ce questionnement : ils nous renvoient notre propre reflet fragment\u00e9, multipliant le regard jusqu\u2019\u00e0 brouiller les fronti\u00e8res entre soi et le monde. <\/p>\n\n\n<div class=\"wp-block-image\">\n<figure class=\"aligncenter size-large\"><img loading=\"lazy\" decoding=\"async\" width=\"823\" height=\"1024\" src=\"https:\/\/finelife.tv\/fr\/wp-content\/uploads\/2026\/01\/img-src-22https-finelife.tvimage.jpg-alt-22Gerhard-Richter-le-flou-a-la-Fondation-Louis-Vuitton-verres22-823x1024.jpeg\" alt=\"\" class=\"wp-image-26640\" srcset=\"https:\/\/finelife.tv\/fr\/wp-content\/uploads\/2026\/01\/img-src-22https-finelife.tvimage.jpg-alt-22Gerhard-Richter-le-flou-a-la-Fondation-Louis-Vuitton-verres22-823x1024.jpeg 823w, https:\/\/finelife.tv\/fr\/wp-content\/uploads\/2026\/01\/img-src-22https-finelife.tvimage.jpg-alt-22Gerhard-Richter-le-flou-a-la-Fondation-Louis-Vuitton-verres22-241x300.jpeg 241w, https:\/\/finelife.tv\/fr\/wp-content\/uploads\/2026\/01\/img-src-22https-finelife.tvimage.jpg-alt-22Gerhard-Richter-le-flou-a-la-Fondation-Louis-Vuitton-verres22-768x955.jpeg 768w, https:\/\/finelife.tv\/fr\/wp-content\/uploads\/2026\/01\/img-src-22https-finelife.tvimage.jpg-alt-22Gerhard-Richter-le-flou-a-la-Fondation-Louis-Vuitton-verres22-1235x1536.jpeg 1235w, https:\/\/finelife.tv\/fr\/wp-content\/uploads\/2026\/01\/img-src-22https-finelife.tvimage.jpg-alt-22Gerhard-Richter-le-flou-a-la-Fondation-Louis-Vuitton-verres22-1646x2048.jpeg 1646w\" sizes=\"auto, (max-width: 823px) 100vw, 823px\" \/><figcaption class=\"wp-element-caption\">4 panneaux de verre 1967<\/figcaption><\/figure>\n<\/div>\n\n\n<p>Ces trois s\u00e9ries, bien que formellement distinctes, partagent une m\u00eame qu\u00eate : dissoudre la nettet\u00e9 pour mieux faire surgir le doute et l\u2019intime.<\/p>\n\n\n\n<h2 class=\"wp-block-heading\">Birkenau<\/h2>\n\n\n<div class=\"wp-block-image\">\n<figure class=\"aligncenter size-large\"><img loading=\"lazy\" decoding=\"async\" width=\"1024\" height=\"898\" src=\"https:\/\/finelife.tv\/fr\/wp-content\/uploads\/2026\/01\/img-src-22https-finelife.tvimage.jpg-alt-22Gerhard-Richter-le-flou-a-la-Fondation-Louis-Vuitton-birkenau22-1024x898.jpeg\" alt=\"\" class=\"wp-image-26542\" srcset=\"https:\/\/finelife.tv\/fr\/wp-content\/uploads\/2026\/01\/img-src-22https-finelife.tvimage.jpg-alt-22Gerhard-Richter-le-flou-a-la-Fondation-Louis-Vuitton-birkenau22-1024x898.jpeg 1024w, https:\/\/finelife.tv\/fr\/wp-content\/uploads\/2026\/01\/img-src-22https-finelife.tvimage.jpg-alt-22Gerhard-Richter-le-flou-a-la-Fondation-Louis-Vuitton-birkenau22-300x263.jpeg 300w, https:\/\/finelife.tv\/fr\/wp-content\/uploads\/2026\/01\/img-src-22https-finelife.tvimage.jpg-alt-22Gerhard-Richter-le-flou-a-la-Fondation-Louis-Vuitton-birkenau22-768x673.jpeg 768w, https:\/\/finelife.tv\/fr\/wp-content\/uploads\/2026\/01\/img-src-22https-finelife.tvimage.jpg-alt-22Gerhard-Richter-le-flou-a-la-Fondation-Louis-Vuitton-birkenau22-1536x1347.jpeg 1536w, https:\/\/finelife.tv\/fr\/wp-content\/uploads\/2026\/01\/img-src-22https-finelife.tvimage.jpg-alt-22Gerhard-Richter-le-flou-a-la-Fondation-Louis-Vuitton-birkenau22-2048x1796.jpeg 2048w\" sizes=\"auto, (max-width: 1024px) 100vw, 1024px\" \/><figcaption class=\"wp-element-caption\">Birkenau 2014<\/figcaption><\/figure>\n<\/div>\n\n\n<p>Au centre, la s\u00e9rie <em>Birkenau<\/em> (2014) : tentative de peindre Auschwitz \u00e0 partir de photos clandestines, puis recouvrement furieux sous l\u2019abstraction noire, grise, rouge. L\u2019horreur n\u2019est pas montr\u00e9e ; elle irradie. Un geste poignant : t\u00e9moigner sans figurer, garder la trace sans la fixer.<\/p>\n\n\n\n<p>Cette r\u00e9trospective est exceptionnelle par son ampleur et sa qualit\u00e9 \u2013 une occasion rare de saisir l\u2019ensemble d\u2019une \u0153uvre aussi complexe. Pourtant, comme souvent avec les monographies de cette envergure, on ressort un peu noy\u00e9, presque satur\u00e9 par tant de densit\u00e9. C\u2019est beau, c\u2019est puissant, mais c\u2019est aussi un peu pesant. L\u2019id\u00e9al serait sans doute d\u2019y revenir plusieurs fois, \u00e0 diff\u00e9rents moments, pour laisser chaque section respirer et dialoguer avec soi-m\u00eame. Une invitation peut-\u00eatre \u00e0 la lenteur et \u00e0 l&rsquo;introspection.<\/p>\n\n\n\n<p>Photo de couverture : Femme lisant 1994 &#8211; peinture \u00ab\u00a0vermeerienne\u00a0\u00bb de Sabine Moritz, compagne de Richter <\/p>\n\n\n\n<h2 class=\"wp-block-heading\">Infos pratiques<\/h2>\n\n\n\n<p><br>\ud83d\udccd Fondation Louis Vuitton, Bois de Boulogne, Paris<br>\ud83d\uddd3 Du 17 octobre 2025 au 2 mars 2026<br>\ud83c\udf9f R\u00e9servation en ligne sur <strong><a href=\"https:\/\/www.fondationlouisvuitton.fr\/fr\">fondationlouisvuitton.fr<\/a><\/strong> (l\u2019app gratuite avec audio-guide est vraiment recommand\u00e9e)<\/p>\n\n\n\n<p>Article li\u00e9 <strong>Gerhard Richter : le flou \u00e0 la Fondation Louis Vuitton<\/strong><\/p>\n\n\n\n<p><strong><a href=\"https:\/\/finelife.tv\/fr\/2025\/08\/09\/expo-lart-du-flou-a-lorangerie\/\">Expo l\u2019art du flou \u00e0 l\u2019Orangerie<\/a><\/strong><\/p>\n","protected":false},"excerpt":{"rendered":"<p>Une r\u00e9trospective exceptionnelle \u00e0 la FLV retrace sur 60 ans le parcours d&rsquo;un des peintres les plus influents de notre \u00e9poque. Entre flou photographique et abstractions racl\u00e9es, l\u2019artiste allemand interroge sans rel\u00e2che la v\u00e9rit\u00e9 de l\u2019image, la m\u00e9moire et les fractures de l\u2019Histoire.<\/p>\n","protected":false},"author":1,"featured_media":0,"comment_status":"open","ping_status":"open","sticky":false,"template":"","format":"standard","meta":{"footnotes":""},"categories":[4],"tags":[448,5835,5839,3511,5834,5833,3510,5832,5838],"class_list":["post-26526","post","type-post","status-publish","format-standard","hentry","category-blog","tag-art-contemporain","tag-art-du-flou","tag-birkenau","tag-exposition-fondation-louis-vuitton","tag-exposition-gerhard-richter","tag-flv","tag-fondation-louis-vuitton","tag-gerhard-richter","tag-tish"],"yoast_head":"<!-- This site is optimized with the Yoast SEO plugin v27.5 - https:\/\/yoast.com\/product\/yoast-seo-wordpress\/ -->\n<title>Gerhard Richter : le flou \u00e0 la Fondation Louis Vuitton - FineLife.tv<\/title>\n<meta name=\"description\" content=\"Gerhard Richter : le flou \u00e0 la Fondation Louis Vuitton. L&#039;exposition retrace 60 ans de cr\u00e9ation entre flou photographique et abstractions racl\u00e9es\" \/>\n<meta name=\"robots\" content=\"index, follow, max-snippet:-1, max-image-preview:large, max-video-preview:-1\" \/>\n<link rel=\"canonical\" href=\"https:\/\/finelife.tv\/fr\/2026\/01\/17\/gerhard-richter-le-flou-a-la-fondation-louis-vuitton\/\" \/>\n<meta property=\"og:locale\" content=\"fr_FR\" \/>\n<meta property=\"og:type\" content=\"article\" \/>\n<meta property=\"og:title\" content=\"Gerhard Richter : le flou \u00e0 la Fondation Louis Vuitton - FineLife.tv\" \/>\n<meta property=\"og:description\" content=\"Gerhard Richter : le flou \u00e0 la Fondation Louis Vuitton. L&#039;exposition retrace 60 ans de cr\u00e9ation entre flou photographique et abstractions racl\u00e9es\" \/>\n<meta property=\"og:url\" content=\"https:\/\/finelife.tv\/fr\/2026\/01\/17\/gerhard-richter-le-flou-a-la-fondation-louis-vuitton\/\" \/>\n<meta property=\"og:site_name\" content=\"FineLife.tv\" \/>\n<meta property=\"article:published_time\" content=\"2026-01-17T15:42:01+00:00\" \/>\n<meta property=\"article:modified_time\" content=\"2026-01-23T22:05:34+00:00\" \/>\n<meta property=\"og:image\" content=\"https:\/\/finelife.tv\/fr\/wp-content\/uploads\/2026\/01\/img-src22https-finelife.tvimage.jpeg22-alt22Gerhard-Richter-le-flou-a-la-Fondation-Louis-Vuitton22.jpeg\" \/>\n\t<meta property=\"og:image:width\" content=\"879\" \/>\n\t<meta property=\"og:image:height\" content=\"566\" \/>\n\t<meta property=\"og:image:type\" content=\"image\/jpeg\" \/>\n<meta name=\"author\" content=\"Leonore\" \/>\n<meta name=\"twitter:card\" content=\"summary_large_image\" \/>\n<meta name=\"twitter:creator\" content=\"@finelifetv\" \/>\n<meta name=\"twitter:site\" content=\"@finelifetv\" \/>\n<meta name=\"twitter:label1\" content=\"\u00c9crit par\" \/>\n\t<meta name=\"twitter:data1\" content=\"Leonore\" \/>\n\t<meta name=\"twitter:label2\" content=\"Dur\u00e9e de lecture estim\u00e9e\" \/>\n\t<meta name=\"twitter:data2\" content=\"8 minutes\" \/>\n<script type=\"application\/ld+json\" class=\"yoast-schema-graph\">{\"@context\":\"https:\\\/\\\/schema.org\",\"@graph\":[{\"@type\":\"Article\",\"@id\":\"https:\\\/\\\/finelife.tv\\\/fr\\\/2026\\\/01\\\/17\\\/gerhard-richter-le-flou-a-la-fondation-louis-vuitton\\\/#article\",\"isPartOf\":{\"@id\":\"https:\\\/\\\/finelife.tv\\\/fr\\\/2026\\\/01\\\/17\\\/gerhard-richter-le-flou-a-la-fondation-louis-vuitton\\\/\"},\"author\":{\"name\":\"Leonore\",\"@id\":\"https:\\\/\\\/finelife.tv\\\/fr\\\/#\\\/schema\\\/person\\\/e3d980b0c0b3dc5af01c3455893c8c52\"},\"headline\":\"Gerhard Richter : le flou \u00e0 la Fondation Louis Vuitton\",\"datePublished\":\"2026-01-17T15:42:01+00:00\",\"dateModified\":\"2026-01-23T22:05:34+00:00\",\"mainEntityOfPage\":{\"@id\":\"https:\\\/\\\/finelife.tv\\\/fr\\\/2026\\\/01\\\/17\\\/gerhard-richter-le-flou-a-la-fondation-louis-vuitton\\\/\"},\"wordCount\":1198,\"commentCount\":1,\"image\":{\"@id\":\"https:\\\/\\\/finelife.tv\\\/fr\\\/2026\\\/01\\\/17\\\/gerhard-richter-le-flou-a-la-fondation-louis-vuitton\\\/#primaryimage\"},\"thumbnailUrl\":\"https:\\\/\\\/finelife.tv\\\/fr\\\/wp-content\\\/uploads\\\/2026\\\/01\\\/img-src22https-finelife.tvimage.jpeg22-alt22Gerhard-Richter-le-flou-a-la-Fondation-Louis-Vuitton22.jpeg\",\"keywords\":[\"art contemporain\",\"art du flou\",\"birkenau\",\"exposition fondation Louis Vuitton\",\"exposition gerhard Richter\",\"FLV\",\"fondation Louis Vuitton\",\"Gerhard Richter\",\"tish\"],\"articleSection\":[\"Blog\"],\"inLanguage\":\"fr-FR\",\"potentialAction\":[{\"@type\":\"CommentAction\",\"name\":\"Comment\",\"target\":[\"https:\\\/\\\/finelife.tv\\\/fr\\\/2026\\\/01\\\/17\\\/gerhard-richter-le-flou-a-la-fondation-louis-vuitton\\\/#respond\"]}]},{\"@type\":\"WebPage\",\"@id\":\"https:\\\/\\\/finelife.tv\\\/fr\\\/2026\\\/01\\\/17\\\/gerhard-richter-le-flou-a-la-fondation-louis-vuitton\\\/\",\"url\":\"https:\\\/\\\/finelife.tv\\\/fr\\\/2026\\\/01\\\/17\\\/gerhard-richter-le-flou-a-la-fondation-louis-vuitton\\\/\",\"name\":\"Gerhard Richter : le flou \u00e0 la Fondation Louis Vuitton - FineLife.tv\",\"isPartOf\":{\"@id\":\"https:\\\/\\\/finelife.tv\\\/fr\\\/#website\"},\"primaryImageOfPage\":{\"@id\":\"https:\\\/\\\/finelife.tv\\\/fr\\\/2026\\\/01\\\/17\\\/gerhard-richter-le-flou-a-la-fondation-louis-vuitton\\\/#primaryimage\"},\"image\":{\"@id\":\"https:\\\/\\\/finelife.tv\\\/fr\\\/2026\\\/01\\\/17\\\/gerhard-richter-le-flou-a-la-fondation-louis-vuitton\\\/#primaryimage\"},\"thumbnailUrl\":\"https:\\\/\\\/finelife.tv\\\/fr\\\/wp-content\\\/uploads\\\/2026\\\/01\\\/img-src22https-finelife.tvimage.jpeg22-alt22Gerhard-Richter-le-flou-a-la-Fondation-Louis-Vuitton22.jpeg\",\"datePublished\":\"2026-01-17T15:42:01+00:00\",\"dateModified\":\"2026-01-23T22:05:34+00:00\",\"author\":{\"@id\":\"https:\\\/\\\/finelife.tv\\\/fr\\\/#\\\/schema\\\/person\\\/e3d980b0c0b3dc5af01c3455893c8c52\"},\"description\":\"Gerhard Richter : le flou \u00e0 la Fondation Louis Vuitton. L'exposition retrace 60 ans de cr\u00e9ation entre flou photographique et abstractions racl\u00e9es\",\"breadcrumb\":{\"@id\":\"https:\\\/\\\/finelife.tv\\\/fr\\\/2026\\\/01\\\/17\\\/gerhard-richter-le-flou-a-la-fondation-louis-vuitton\\\/#breadcrumb\"},\"inLanguage\":\"fr-FR\",\"potentialAction\":[{\"@type\":\"ReadAction\",\"target\":[\"https:\\\/\\\/finelife.tv\\\/fr\\\/2026\\\/01\\\/17\\\/gerhard-richter-le-flou-a-la-fondation-louis-vuitton\\\/\"]}]},{\"@type\":\"ImageObject\",\"inLanguage\":\"fr-FR\",\"@id\":\"https:\\\/\\\/finelife.tv\\\/fr\\\/2026\\\/01\\\/17\\\/gerhard-richter-le-flou-a-la-fondation-louis-vuitton\\\/#primaryimage\",\"url\":\"https:\\\/\\\/finelife.tv\\\/fr\\\/wp-content\\\/uploads\\\/2026\\\/01\\\/img-src22https-finelife.tvimage.jpeg22-alt22Gerhard-Richter-le-flou-a-la-Fondation-Louis-Vuitton22.jpeg\",\"contentUrl\":\"https:\\\/\\\/finelife.tv\\\/fr\\\/wp-content\\\/uploads\\\/2026\\\/01\\\/img-src22https-finelife.tvimage.jpeg22-alt22Gerhard-Richter-le-flou-a-la-Fondation-Louis-Vuitton22.jpeg\",\"width\":879,\"height\":566,\"caption\":\"Gerhard-Richter-le-flou-a-la-Fondation-Louis-Vuitton\"},{\"@type\":\"BreadcrumbList\",\"@id\":\"https:\\\/\\\/finelife.tv\\\/fr\\\/2026\\\/01\\\/17\\\/gerhard-richter-le-flou-a-la-fondation-louis-vuitton\\\/#breadcrumb\",\"itemListElement\":[{\"@type\":\"ListItem\",\"position\":1,\"name\":\"Accueil\",\"item\":\"https:\\\/\\\/finelife.tv\\\/fr\\\/\"},{\"@type\":\"ListItem\",\"position\":2,\"name\":\"Gerhard Richter : le flou \u00e0 la Fondation Louis Vuitton\"}]},{\"@type\":\"WebSite\",\"@id\":\"https:\\\/\\\/finelife.tv\\\/fr\\\/#website\",\"url\":\"https:\\\/\\\/finelife.tv\\\/fr\\\/\",\"name\":\"FineLife.tv\",\"description\":\"Quand l&#039;Art de vivre croise l&#039;Art de penser\",\"potentialAction\":[{\"@type\":\"SearchAction\",\"target\":{\"@type\":\"EntryPoint\",\"urlTemplate\":\"https:\\\/\\\/finelife.tv\\\/fr\\\/?s={search_term_string}\"},\"query-input\":{\"@type\":\"PropertyValueSpecification\",\"valueRequired\":true,\"valueName\":\"search_term_string\"}}],\"inLanguage\":\"fr-FR\"},{\"@type\":\"Person\",\"@id\":\"https:\\\/\\\/finelife.tv\\\/fr\\\/#\\\/schema\\\/person\\\/e3d980b0c0b3dc5af01c3455893c8c52\",\"name\":\"Leonore\",\"image\":{\"@type\":\"ImageObject\",\"inLanguage\":\"fr-FR\",\"@id\":\"https:\\\/\\\/secure.gravatar.com\\\/avatar\\\/9a2e5073417479f910ffdeee54da5ccf4f91eab62746ce0ae0e81124a9491a79?s=96&d=mm&r=g\",\"url\":\"https:\\\/\\\/secure.gravatar.com\\\/avatar\\\/9a2e5073417479f910ffdeee54da5ccf4f91eab62746ce0ae0e81124a9491a79?s=96&d=mm&r=g\",\"contentUrl\":\"https:\\\/\\\/secure.gravatar.com\\\/avatar\\\/9a2e5073417479f910ffdeee54da5ccf4f91eab62746ce0ae0e81124a9491a79?s=96&d=mm&r=g\",\"caption\":\"Leonore\"}}]}<\/script>\n<!-- \/ Yoast SEO plugin. -->","yoast_head_json":{"title":"Gerhard Richter : le flou \u00e0 la Fondation Louis Vuitton - FineLife.tv","description":"Gerhard Richter : le flou \u00e0 la Fondation Louis Vuitton. L'exposition retrace 60 ans de cr\u00e9ation entre flou photographique et abstractions racl\u00e9es","robots":{"index":"index","follow":"follow","max-snippet":"max-snippet:-1","max-image-preview":"max-image-preview:large","max-video-preview":"max-video-preview:-1"},"canonical":"https:\/\/finelife.tv\/fr\/2026\/01\/17\/gerhard-richter-le-flou-a-la-fondation-louis-vuitton\/","og_locale":"fr_FR","og_type":"article","og_title":"Gerhard Richter : le flou \u00e0 la Fondation Louis Vuitton - FineLife.tv","og_description":"Gerhard Richter : le flou \u00e0 la Fondation Louis Vuitton. L'exposition retrace 60 ans de cr\u00e9ation entre flou photographique et abstractions racl\u00e9es","og_url":"https:\/\/finelife.tv\/fr\/2026\/01\/17\/gerhard-richter-le-flou-a-la-fondation-louis-vuitton\/","og_site_name":"FineLife.tv","article_published_time":"2026-01-17T15:42:01+00:00","article_modified_time":"2026-01-23T22:05:34+00:00","og_image":[{"width":879,"height":566,"url":"https:\/\/finelife.tv\/fr\/wp-content\/uploads\/2026\/01\/img-src22https-finelife.tvimage.jpeg22-alt22Gerhard-Richter-le-flou-a-la-Fondation-Louis-Vuitton22.jpeg","type":"image\/jpeg"}],"author":"Leonore","twitter_card":"summary_large_image","twitter_creator":"@finelifetv","twitter_site":"@finelifetv","twitter_misc":{"\u00c9crit par":"Leonore","Dur\u00e9e de lecture estim\u00e9e":"8 minutes"},"schema":{"@context":"https:\/\/schema.org","@graph":[{"@type":"Article","@id":"https:\/\/finelife.tv\/fr\/2026\/01\/17\/gerhard-richter-le-flou-a-la-fondation-louis-vuitton\/#article","isPartOf":{"@id":"https:\/\/finelife.tv\/fr\/2026\/01\/17\/gerhard-richter-le-flou-a-la-fondation-louis-vuitton\/"},"author":{"name":"Leonore","@id":"https:\/\/finelife.tv\/fr\/#\/schema\/person\/e3d980b0c0b3dc5af01c3455893c8c52"},"headline":"Gerhard Richter : le flou \u00e0 la Fondation Louis Vuitton","datePublished":"2026-01-17T15:42:01+00:00","dateModified":"2026-01-23T22:05:34+00:00","mainEntityOfPage":{"@id":"https:\/\/finelife.tv\/fr\/2026\/01\/17\/gerhard-richter-le-flou-a-la-fondation-louis-vuitton\/"},"wordCount":1198,"commentCount":1,"image":{"@id":"https:\/\/finelife.tv\/fr\/2026\/01\/17\/gerhard-richter-le-flou-a-la-fondation-louis-vuitton\/#primaryimage"},"thumbnailUrl":"https:\/\/finelife.tv\/fr\/wp-content\/uploads\/2026\/01\/img-src22https-finelife.tvimage.jpeg22-alt22Gerhard-Richter-le-flou-a-la-Fondation-Louis-Vuitton22.jpeg","keywords":["art contemporain","art du flou","birkenau","exposition fondation Louis Vuitton","exposition gerhard Richter","FLV","fondation Louis Vuitton","Gerhard Richter","tish"],"articleSection":["Blog"],"inLanguage":"fr-FR","potentialAction":[{"@type":"CommentAction","name":"Comment","target":["https:\/\/finelife.tv\/fr\/2026\/01\/17\/gerhard-richter-le-flou-a-la-fondation-louis-vuitton\/#respond"]}]},{"@type":"WebPage","@id":"https:\/\/finelife.tv\/fr\/2026\/01\/17\/gerhard-richter-le-flou-a-la-fondation-louis-vuitton\/","url":"https:\/\/finelife.tv\/fr\/2026\/01\/17\/gerhard-richter-le-flou-a-la-fondation-louis-vuitton\/","name":"Gerhard Richter : le flou \u00e0 la Fondation Louis Vuitton - FineLife.tv","isPartOf":{"@id":"https:\/\/finelife.tv\/fr\/#website"},"primaryImageOfPage":{"@id":"https:\/\/finelife.tv\/fr\/2026\/01\/17\/gerhard-richter-le-flou-a-la-fondation-louis-vuitton\/#primaryimage"},"image":{"@id":"https:\/\/finelife.tv\/fr\/2026\/01\/17\/gerhard-richter-le-flou-a-la-fondation-louis-vuitton\/#primaryimage"},"thumbnailUrl":"https:\/\/finelife.tv\/fr\/wp-content\/uploads\/2026\/01\/img-src22https-finelife.tvimage.jpeg22-alt22Gerhard-Richter-le-flou-a-la-Fondation-Louis-Vuitton22.jpeg","datePublished":"2026-01-17T15:42:01+00:00","dateModified":"2026-01-23T22:05:34+00:00","author":{"@id":"https:\/\/finelife.tv\/fr\/#\/schema\/person\/e3d980b0c0b3dc5af01c3455893c8c52"},"description":"Gerhard Richter : le flou \u00e0 la Fondation Louis Vuitton. L'exposition retrace 60 ans de cr\u00e9ation entre flou photographique et abstractions racl\u00e9es","breadcrumb":{"@id":"https:\/\/finelife.tv\/fr\/2026\/01\/17\/gerhard-richter-le-flou-a-la-fondation-louis-vuitton\/#breadcrumb"},"inLanguage":"fr-FR","potentialAction":[{"@type":"ReadAction","target":["https:\/\/finelife.tv\/fr\/2026\/01\/17\/gerhard-richter-le-flou-a-la-fondation-louis-vuitton\/"]}]},{"@type":"ImageObject","inLanguage":"fr-FR","@id":"https:\/\/finelife.tv\/fr\/2026\/01\/17\/gerhard-richter-le-flou-a-la-fondation-louis-vuitton\/#primaryimage","url":"https:\/\/finelife.tv\/fr\/wp-content\/uploads\/2026\/01\/img-src22https-finelife.tvimage.jpeg22-alt22Gerhard-Richter-le-flou-a-la-Fondation-Louis-Vuitton22.jpeg","contentUrl":"https:\/\/finelife.tv\/fr\/wp-content\/uploads\/2026\/01\/img-src22https-finelife.tvimage.jpeg22-alt22Gerhard-Richter-le-flou-a-la-Fondation-Louis-Vuitton22.jpeg","width":879,"height":566,"caption":"Gerhard-Richter-le-flou-a-la-Fondation-Louis-Vuitton"},{"@type":"BreadcrumbList","@id":"https:\/\/finelife.tv\/fr\/2026\/01\/17\/gerhard-richter-le-flou-a-la-fondation-louis-vuitton\/#breadcrumb","itemListElement":[{"@type":"ListItem","position":1,"name":"Accueil","item":"https:\/\/finelife.tv\/fr\/"},{"@type":"ListItem","position":2,"name":"Gerhard Richter : le flou \u00e0 la Fondation Louis Vuitton"}]},{"@type":"WebSite","@id":"https:\/\/finelife.tv\/fr\/#website","url":"https:\/\/finelife.tv\/fr\/","name":"FineLife.tv","description":"Quand l&#039;Art de vivre croise l&#039;Art de penser","potentialAction":[{"@type":"SearchAction","target":{"@type":"EntryPoint","urlTemplate":"https:\/\/finelife.tv\/fr\/?s={search_term_string}"},"query-input":{"@type":"PropertyValueSpecification","valueRequired":true,"valueName":"search_term_string"}}],"inLanguage":"fr-FR"},{"@type":"Person","@id":"https:\/\/finelife.tv\/fr\/#\/schema\/person\/e3d980b0c0b3dc5af01c3455893c8c52","name":"Leonore","image":{"@type":"ImageObject","inLanguage":"fr-FR","@id":"https:\/\/secure.gravatar.com\/avatar\/9a2e5073417479f910ffdeee54da5ccf4f91eab62746ce0ae0e81124a9491a79?s=96&d=mm&r=g","url":"https:\/\/secure.gravatar.com\/avatar\/9a2e5073417479f910ffdeee54da5ccf4f91eab62746ce0ae0e81124a9491a79?s=96&d=mm&r=g","contentUrl":"https:\/\/secure.gravatar.com\/avatar\/9a2e5073417479f910ffdeee54da5ccf4f91eab62746ce0ae0e81124a9491a79?s=96&d=mm&r=g","caption":"Leonore"}}]}},"_links":{"self":[{"href":"https:\/\/finelife.tv\/fr\/wp-json\/wp\/v2\/posts\/26526","targetHints":{"allow":["GET"]}}],"collection":[{"href":"https:\/\/finelife.tv\/fr\/wp-json\/wp\/v2\/posts"}],"about":[{"href":"https:\/\/finelife.tv\/fr\/wp-json\/wp\/v2\/types\/post"}],"author":[{"embeddable":true,"href":"https:\/\/finelife.tv\/fr\/wp-json\/wp\/v2\/users\/1"}],"replies":[{"embeddable":true,"href":"https:\/\/finelife.tv\/fr\/wp-json\/wp\/v2\/comments?post=26526"}],"version-history":[{"count":38,"href":"https:\/\/finelife.tv\/fr\/wp-json\/wp\/v2\/posts\/26526\/revisions"}],"predecessor-version":[{"id":26720,"href":"https:\/\/finelife.tv\/fr\/wp-json\/wp\/v2\/posts\/26526\/revisions\/26720"}],"wp:attachment":[{"href":"https:\/\/finelife.tv\/fr\/wp-json\/wp\/v2\/media?parent=26526"}],"wp:term":[{"taxonomy":"category","embeddable":true,"href":"https:\/\/finelife.tv\/fr\/wp-json\/wp\/v2\/categories?post=26526"},{"taxonomy":"post_tag","embeddable":true,"href":"https:\/\/finelife.tv\/fr\/wp-json\/wp\/v2\/tags?post=26526"}],"curies":[{"name":"wp","href":"https:\/\/api.w.org\/{rel}","templated":true}]}}