{"id":26827,"date":"2026-02-19T19:08:11","date_gmt":"2026-02-19T18:08:11","guid":{"rendered":"https:\/\/finelife.tv\/fr\/?p=26827"},"modified":"2026-02-27T17:51:41","modified_gmt":"2026-02-27T16:51:41","slug":"laventure-lumiere-le-cinema-davant-les-ombres","status":"publish","type":"post","link":"https:\/\/finelife.tv\/fr\/2026\/02\/19\/laventure-lumiere-le-cinema-davant-les-ombres\/","title":{"rendered":"L&rsquo;Aventure Lumi\u00e8re le cin\u00e9ma d\u2019avant les ombres"},"content":{"rendered":"<div class=\"wp-block-image\">\n<figure class=\"aligncenter size-full is-resized\"><img loading=\"lazy\" decoding=\"async\" width=\"435\" height=\"389\" src=\"https:\/\/finelife.tv\/fr\/wp-content\/uploads\/2026\/02\/img-src22https-finelife.tvimage.jpeg22-alt22L-Aventure-Lumiere-le-cinema-d-avant-les-ombres22.jpg\" alt=\"\" class=\"wp-image-26837\" style=\"width:599px;height:auto\" srcset=\"https:\/\/finelife.tv\/fr\/wp-content\/uploads\/2026\/02\/img-src22https-finelife.tvimage.jpeg22-alt22L-Aventure-Lumiere-le-cinema-d-avant-les-ombres22.jpg 435w, https:\/\/finelife.tv\/fr\/wp-content\/uploads\/2026\/02\/img-src22https-finelife.tvimage.jpeg22-alt22L-Aventure-Lumiere-le-cinema-d-avant-les-ombres22-300x268.jpg 300w\" sizes=\"auto, (max-width: 435px) 100vw, 435px\" \/><\/figure>\n<\/div>\n\n\n<p><strong>L&rsquo;Aventure Lumi\u00e8re le cin\u00e9ma d\u2019avant les ombres. Un beau livre qui plonge dans le 7e art des origines, sans toxicit\u00e9 ni ombre port\u00e9e, et avec des images d&rsquo;une beaut\u00e9 surprenante. Remarquable<\/strong>!<\/p>\n\n\n\n<p>Le 6 f\u00e9vrier 2026, \u00e0 la Cin\u00e9math\u00e8que fran\u00e7aise, le Syndicat fran\u00e7ais de la critique de cin\u00e9ma a d\u00e9cern\u00e9 le Prix du Meilleur Album sur le cin\u00e9ma \u00e0 <em>L&rsquo;Aventure Lumi\u00e8re<\/em> de Thierry Fr\u00e9maux. Ce beau livre de 480 pages et plus de 230 illustrations, re\u00e7oit ainsi la plus belle des m\u00e9dailles pour un ouvrage qui, en pleine ann\u00e9e des 130 ans du cin\u00e9ma, choisit de regarder en arri\u00e8re\u2026 vers une \u00e9poque o\u00f9 le septi\u00e8me art n\u2019avait pas encore \u00e9t\u00e9 marqu\u00e9 par les scandales.<\/p>\n\n\n\n<p><\/p>\n\n\n\n<h3 class=\"wp-block-heading\">Thierry Fr\u00e9maux, passeur passionn\u00e9 des origines<\/h3>\n\n\n\n<p>Directeur de l\u2019Institut Lumi\u00e8re \u00e0 Lyon et d\u00e9l\u00e9gu\u00e9 g\u00e9n\u00e9ral du Festival de Cannes, Thierry Fr\u00e9maux, nait le 29 mai 1960 \u00e0 Tullins (Is\u00e8re). Sa voix singuli\u00e8re, passionn\u00e9e et \u00e9rudite, guide le lecteur \u00e0 travers cet hommage aux pionniers. Car les Lumi\u00e8re l&rsquo;\u00e9taient ind\u00e9niablement. Avec le Cin\u00e9matographe (cam\u00e9ra et projecteur), ils ont \u00ab \u00e9crit le mouvement \u00bb avec une \u00e9criture d\u00e9j\u00e0 cr\u00e9ative, curieuse et spectaculaire.<\/p>\n\n\n<div class=\"wp-block-image\">\n<figure class=\"aligncenter size-full\"><img loading=\"lazy\" decoding=\"async\" width=\"860\" height=\"655\" src=\"https:\/\/finelife.tv\/fr\/wp-content\/uploads\/2026\/02\/img-src22https-finelife.tvimage.jpeg22-alt22LAventure-Lumiere-le-cinema-davant-les-ombres-arroseur-arrose22.jpg\" alt=\"\" class=\"wp-image-26889\" srcset=\"https:\/\/finelife.tv\/fr\/wp-content\/uploads\/2026\/02\/img-src22https-finelife.tvimage.jpeg22-alt22LAventure-Lumiere-le-cinema-davant-les-ombres-arroseur-arrose22.jpg 860w, https:\/\/finelife.tv\/fr\/wp-content\/uploads\/2026\/02\/img-src22https-finelife.tvimage.jpeg22-alt22LAventure-Lumiere-le-cinema-davant-les-ombres-arroseur-arrose22-300x228.jpg 300w, https:\/\/finelife.tv\/fr\/wp-content\/uploads\/2026\/02\/img-src22https-finelife.tvimage.jpeg22-alt22LAventure-Lumiere-le-cinema-davant-les-ombres-arroseur-arrose22-768x585.jpg 768w\" sizes=\"auto, (max-width: 860px) 100vw, 860px\" \/><figcaption class=\"wp-element-caption\">Arroseur arros\u00e9<\/figcaption><\/figure>\n<\/div>\n\n\n<p>D\u00e8s le 28 d\u00e9cembre 1895, lors de la premi\u00e8re projection publique payante \u00e0 Paris (devant une trentaine de personnes), les 10 courts m\u00e9trages de 30 \u00e0 50 secondes lancent alors le 7\u00e8me art. <\/p>\n\n\n\n<p>Pour Fr\u00e9maux, les Lumi\u00e8re (surtout Louis, principal r\u00e9alisateur) ont tout invent\u00e9. Ou presque. Les panoramas (L&rsquo;<em>Arriv\u00e9e d&rsquo;un train en gare de La Ciotat<\/em>), le making-off avant l&rsquo;heure (<em>Concours d&rsquo;automobiles fleuries \/ Arc de Triomphe<\/em>, o\u00f9 l&rsquo;un des innombrables op\u00e9rateurs form\u00e9s par les Lumi\u00e8re entre dans le cadre). Mais aussi le spectacle, r\u00e9p\u00e9tons-le, avec l&rsquo;iconique <em>Arroseur arros\u00e9<\/em>, film pr\u00e9f\u00e9r\u00e9 de Godard. Ou encore, de nouveau, <em>L&rsquo;arriv\u00e9e d&rsquo;un train en gare de La Ciotat<\/em>, et ses voyageurs qui s&rsquo;activent, jouant les press\u00e9s. Les Fr\u00e8res auraient m\u00eame initi\u00e9 les remake (<em>Sortie d&rsquo;usine <\/em>en plusieurs versions) et m\u00eame les vid\u00e9os de chat, aujourd&rsquo;hui grands classiques des plateformes. Avec une r\u00e9serve. Car les Lumi\u00e8re \u00e9taient plut\u00f4t salle de cin\u00e9ma que regard \u00e0 travers la boite d&rsquo;Edison, version antique, peut-\u00eatre, des r\u00e9seaux sociaux.<\/p>\n\n\n<div class=\"wp-block-image\">\n<figure class=\"aligncenter size-large\"><img loading=\"lazy\" decoding=\"async\" width=\"1024\" height=\"772\" src=\"https:\/\/finelife.tv\/fr\/wp-content\/uploads\/2026\/02\/img-src22https-finelife.tvimage.jpeg22-alt22LAventure-Lumiere-le-cinema-davant-les-ombres-chat22-1024x772.jpg\" alt=\"\" class=\"wp-image-26890\" srcset=\"https:\/\/finelife.tv\/fr\/wp-content\/uploads\/2026\/02\/img-src22https-finelife.tvimage.jpeg22-alt22LAventure-Lumiere-le-cinema-davant-les-ombres-chat22-1024x772.jpg 1024w, https:\/\/finelife.tv\/fr\/wp-content\/uploads\/2026\/02\/img-src22https-finelife.tvimage.jpeg22-alt22LAventure-Lumiere-le-cinema-davant-les-ombres-chat22-300x226.jpg 300w, https:\/\/finelife.tv\/fr\/wp-content\/uploads\/2026\/02\/img-src22https-finelife.tvimage.jpeg22-alt22LAventure-Lumiere-le-cinema-davant-les-ombres-chat22-768x579.jpg 768w, https:\/\/finelife.tv\/fr\/wp-content\/uploads\/2026\/02\/img-src22https-finelife.tvimage.jpeg22-alt22LAventure-Lumiere-le-cinema-davant-les-ombres-chat22.jpg 1168w\" sizes=\"auto, (max-width: 1024px) 100vw, 1024px\" \/><\/figure>\n<\/div>\n\n\n<h3 class=\"wp-block-heading\">Des images d\u2019une surprenante beaut\u00e9 <\/h3>\n\n\n\n<p>Les photogrammes, extraits des restaurations 4K r\u00e9alis\u00e9es par l\u2019Institut Lumi\u00e8re, sont d\u2019une beaut\u00e9 presque surnaturelle : ouvriers quittant l\u2019usine, enfants jouant, trains arrivant en gare, vagues d\u00e9ferlantes, rues anim\u00e9es\u2026 Autant de fragments de vie saisis en 1895-1896 par les fr\u00e8res Lumi\u00e8re avec une cam\u00e9ra de 7 kilos et une curiosit\u00e9 sans arri\u00e8re-pens\u00e9e. Comme l\u2019\u00e9diteur le pr\u00e9sente : \u00ab Ce beau livre r\u00e9unit pour la premi\u00e8re fois les textes des commentaires \u00e9crits et dits par Thierry Fr\u00e9maux dans Lumi\u00e8re, l\u2019aventure commence et Lumi\u00e8re, l\u2019aventure continue, ses deux films-hommages aux fr\u00e8res Lumi\u00e8re. \u00bb Et encore : \u00ab \u00c0 travers sa voix singuli\u00e8re, Thierry Fr\u00e9maux transmet son admiration pour l\u2019invention cin\u00e9matographique et l\u2019humanit\u00e9 des images, m\u00ealant analyse, \u00e9motion et histoire. Un voyage visuel et narratif aux sources du septi\u00e8me art. \u00bb<\/p>\n\n\n\n<p>Chaque texte accompagne un photogramme restaur\u00e9, offrant une red\u00e9couverte sensible et \u00e9clair\u00e9e des premiers films du cin\u00e9ma.<\/p>\n\n\n<div class=\"wp-block-image\">\n<figure class=\"aligncenter size-full\"><img loading=\"lazy\" decoding=\"async\" width=\"737\" height=\"188\" src=\"https:\/\/finelife.tv\/fr\/wp-content\/uploads\/2026\/02\/img-src22https-finelife.tvimage.jpeg22-alt22LAventure-Lumiere-le-cinema-davant-les-ombres-sorie-dusine22.jpg\" alt=\"\" class=\"wp-image-26899\" srcset=\"https:\/\/finelife.tv\/fr\/wp-content\/uploads\/2026\/02\/img-src22https-finelife.tvimage.jpeg22-alt22LAventure-Lumiere-le-cinema-davant-les-ombres-sorie-dusine22.jpg 737w, https:\/\/finelife.tv\/fr\/wp-content\/uploads\/2026\/02\/img-src22https-finelife.tvimage.jpeg22-alt22LAventure-Lumiere-le-cinema-davant-les-ombres-sorie-dusine22-300x77.jpg 300w\" sizes=\"auto, (max-width: 737px) 100vw, 737px\" \/><figcaption class=\"wp-element-caption\">Sortie d&rsquo;usine Lumi\u00e8re<\/figcaption><\/figure>\n<\/div>\n\n\n<h3 class=\"wp-block-heading\">Le cin\u00e9ma d\u2019avant les ombres<\/h3>\n\n\n\n<p>Et c\u2019est pr\u00e9cis\u00e9ment ce qui rend l\u2019ouvrage si poignant en 2026. Le cin\u00e9ma des Lumi\u00e8re est le cin\u00e9ma d\u2019avant #MeToo. <em>L&rsquo;Aventure Lumi\u00e8re<\/em> propose un antidote involontaire mais puissant : revenir aux sources, quand le cin\u00e9ma \u00e9tait encore une sorte d&rsquo;attraction foraine, un art sans star-system oppressant ni hi\u00e9rarchies toxiques. Pas de starlettes instrumentalis\u00e9es, pas de \u00ab couch \u00bb pour d\u00e9crocher un r\u00f4le, pas de magnats intouchables. Juste une cam\u00e9ra qui tourne, des gens qui vivent, et la lumi\u00e8re qui passe.<\/p>\n\n\n\n<h3 class=\"wp-block-heading\">Une formule qui r\u00e9sonne aujourd\u2019hui<\/h3>\n\n\n\n<p>Thierry Fr\u00e9maux \u00e9crit en introduction que \u00ab la beaut\u00e9 cr\u00e9e de la bont\u00e9 \u00bb. La formule, belle en soi, prend aujourd\u2019hui une r\u00e9sonance presque militante. Dans un monde o\u00f9 le cin\u00e9ma continue de faire son examen de conscience, ces images rappellent que le 7\u00e8me art n\u2019\u00e9tait certes pas parfait \u2013 il \u00e9tait in\u00e9gal, colonial parfois, na\u00eff souvent \u2013. Mais il n\u2019\u00e9tait pas encore cet univers de domination et de pr\u00e9dation que certaines affaires ont r\u00e9v\u00e9l\u00e9 au grand jour.<\/p>\n\n\n\n<h3 class=\"wp-block-heading\">Thierry Fr\u00e9maux et les controverses contemporaines<\/h3>\n\n\n\n<p>Thierry Fr\u00e9maux lui-m\u00eame n\u2019a pas \u00e9chapp\u00e9 aux critiques. Ses choix de programmation et sa fa\u00e7on de g\u00e9rer les scandales #MeToo ont souvent \u00e9t\u00e9 per\u00e7us comme ambigus, voire d\u00e9fensifs, par une partie de la critique et des militantes.<\/p>\n\n\n\n<p>On lui reproche aussi d\u2019avoir tard\u00e9 \u00e0 r\u00e9agir fermement aux r\u00e9v\u00e9lations post-Weinstein, de tol\u00e9rer un certain machisme structurel sur la Croisette ou de privil\u00e9gier le cin\u00e9ma au d\u00e9triment d\u2019une prise de position morale claire. Fr\u00e9maux se d\u00e9fend syst\u00e9matiquement en r\u00e9p\u00e9tant que la s\u00e9lection du Festival de Cannes doit rester en dehors de toute pol\u00e9mique ext\u00e9rieure et centr\u00e9e sur le cin\u00e9ma. Cette ligne de conduite divise encore aujourd\u2019hui. Pourtant, elle n\u2019emp\u00eache pas son travail de passeur des origines \u2013 comme dans <em>L&rsquo;Aventure Lumi\u00e8re<\/em> \u2013 d\u2019\u00eatre salu\u00e9 pour sa sinc\u00e9rit\u00e9 et sa profondeur.<\/p>\n\n\n\n<h3 class=\"wp-block-heading\">Dans le sillage des 130 ans du cin\u00e9ma<\/h3>\n\n\n\n<p>L\u2019ouvrage s\u2019inscrit dans le grand mouvement de c\u00e9l\u00e9bration des 130 ans : restauration de centaines de films Lumi\u00e8re, sortie mondiale du documentaire <em>Lumi\u00e8re, l\u2019aventure continue<\/em>, spectacle au Grand Rex devant 1600 spectateurs en d\u00e9cembre dernier\u2026 <\/p>\n\n\n\n<h3 class=\"wp-block-heading\">Un objet indispensable<\/h3>\n\n\n<div class=\"wp-block-image\">\n<figure class=\"aligncenter size-full\"><img loading=\"lazy\" decoding=\"async\" width=\"786\" height=\"590\" src=\"https:\/\/finelife.tv\/fr\/wp-content\/uploads\/2026\/02\/img-src22https-finelife.tvimage.jpeg22-alt22LAventure-Lumiere-le-cinema-davant-les-ombres-arrivee-train-gare-la-ciotat22.jpg\" alt=\"\" class=\"wp-image-26902\" srcset=\"https:\/\/finelife.tv\/fr\/wp-content\/uploads\/2026\/02\/img-src22https-finelife.tvimage.jpeg22-alt22LAventure-Lumiere-le-cinema-davant-les-ombres-arrivee-train-gare-la-ciotat22.jpg 786w, https:\/\/finelife.tv\/fr\/wp-content\/uploads\/2026\/02\/img-src22https-finelife.tvimage.jpeg22-alt22LAventure-Lumiere-le-cinema-davant-les-ombres-arrivee-train-gare-la-ciotat22-300x225.jpg 300w, https:\/\/finelife.tv\/fr\/wp-content\/uploads\/2026\/02\/img-src22https-finelife.tvimage.jpeg22-alt22LAventure-Lumiere-le-cinema-davant-les-ombres-arrivee-train-gare-la-ciotat22-768x576.jpg 768w\" sizes=\"auto, (max-width: 786px) 100vw, 786px\" \/><figcaption class=\"wp-element-caption\">L&rsquo;Arriv\u00e9e d&rsquo;un train en gare de La Ciotat<\/figcaption><\/figure>\n<\/div>\n\n\n<p><em>L&rsquo;Aventure Lumi\u00e8re<\/em> n\u2019est pas qu\u2019un beau livre : c\u2019est une bouff\u00e9e d\u2019air, un retour volontaire aux commencements, loin des ratures et des compromissions qui ont marqu\u00e9 l\u2019histoire ult\u00e9rieure du cin\u00e9ma. Le prix du Meilleur Album sur le cin\u00e9ma est amplement m\u00e9rit\u00e9, et l&rsquo;ouvrage un objet indispensable pour quiconque veut se souvenir pourquoi, au fond, on aime encore cet art.<\/p>\n\n\n\n<p>R\u00eavons alors au d\u00e9but d&rsquo;une nouvelle lumi\u00e8re. \ud83d\ude0a<\/p>\n\n\n\n<p class=\"has-text-align-center\"><strong>INFOS<\/strong><\/p>\n\n\n\n<p><strong>L&rsquo;Aventure Lumi\u00e8re<\/strong><\/p>\n\n\n\n<p>Thierry Fr\u00e9maux<\/p>\n\n\n\n<p><strong><a href=\"https:\/\/actes-sud.fr\/\">\u00c9ditions Actes Sud <\/a><\/strong><\/p>\n\n\n\n<p>Article li\u00e9 <strong>L&rsquo;Aventure Lumi\u00e8re le cin\u00e9ma d\u2019avant les ombres<\/strong><\/p>\n\n\n\n<p><strong><a href=\"https:\/\/finelife.tv\/fr\/2024\/12\/19\/beau-livre-vilains-vilaines-le-cinema-et-ses-monstres\/\">Beau livre Vilains Vilaines le cin\u00e9ma et ses monstres<\/a><\/strong><\/p>\n","protected":false},"excerpt":{"rendered":"<p>L&rsquo;Aventure Lumi\u00e8re le cin\u00e9ma d\u2019avant les ombres. Un beau livre qui plonge dans le 7\u00e8me art des origines sans toxicit\u00e9 et avec des images d&rsquo;une beaut\u00e9 surprenante. <\/p>\n","protected":false},"author":1,"featured_media":0,"comment_status":"open","ping_status":"open","sticky":false,"template":"","format":"standard","meta":{"footnotes":""},"categories":[4],"tags":[5860,5856,3305,5855,3403,5859,4018,5343,5858],"class_list":["post-26827","post","type-post","status-publish","format-standard","hentry","category-blog","tag-7eme-art","tag-aventure-lumiere","tag-beau-livre","tag-beau-livre-cinema","tag-cinema-2","tag-cinematheque-francaise","tag-editions-actes-sud-3","tag-metoo","tag-thierry-fremaux"],"yoast_head":"<!-- This site is optimized with the Yoast SEO plugin v27.5 - https:\/\/yoast.com\/product\/yoast-seo-wordpress\/ -->\n<title>L&#039;Aventure Lumi\u00e8re le cin\u00e9ma d\u2019avant les ombres - FineLife.tv<\/title>\n<meta name=\"description\" content=\"L&#039;Aventure Lumi\u00e8re le cin\u00e9ma d\u2019avant les ombres. Un beau livre qui plonge dans le 7\u00e8me art des origines avec des images d&#039;une beaut\u00e9 surprenante\" \/>\n<meta name=\"robots\" content=\"index, follow, max-snippet:-1, max-image-preview:large, max-video-preview:-1\" \/>\n<link rel=\"canonical\" href=\"https:\/\/finelife.tv\/fr\/2026\/02\/19\/laventure-lumiere-le-cinema-davant-les-ombres\/\" \/>\n<meta property=\"og:locale\" content=\"fr_FR\" \/>\n<meta property=\"og:type\" content=\"article\" \/>\n<meta property=\"og:title\" content=\"L&#039;Aventure Lumi\u00e8re le cin\u00e9ma d\u2019avant les ombres - FineLife.tv\" \/>\n<meta property=\"og:description\" content=\"L&#039;Aventure Lumi\u00e8re le cin\u00e9ma d\u2019avant les ombres. Un beau livre qui plonge dans le 7\u00e8me art des origines avec des images d&#039;une beaut\u00e9 surprenante\" \/>\n<meta property=\"og:url\" content=\"https:\/\/finelife.tv\/fr\/2026\/02\/19\/laventure-lumiere-le-cinema-davant-les-ombres\/\" \/>\n<meta property=\"og:site_name\" content=\"FineLife.tv\" \/>\n<meta property=\"article:published_time\" content=\"2026-02-19T18:08:11+00:00\" \/>\n<meta property=\"article:modified_time\" content=\"2026-02-27T16:51:41+00:00\" \/>\n<meta property=\"og:image\" content=\"https:\/\/finelife.tv\/fr\/wp-content\/uploads\/2026\/02\/img-src22https-finelife.tvimage.jpeg22-alt22L-Aventure-Lumiere-le-cinema-d-avant-les-ombres22.jpg\" \/>\n\t<meta property=\"og:image:width\" content=\"435\" \/>\n\t<meta property=\"og:image:height\" content=\"389\" \/>\n\t<meta property=\"og:image:type\" content=\"image\/jpeg\" \/>\n<meta name=\"author\" content=\"Leonore\" \/>\n<meta name=\"twitter:card\" content=\"summary_large_image\" \/>\n<meta name=\"twitter:creator\" content=\"@finelifetv\" \/>\n<meta name=\"twitter:site\" content=\"@finelifetv\" \/>\n<meta name=\"twitter:label1\" content=\"\u00c9crit par\" \/>\n\t<meta name=\"twitter:data1\" content=\"Leonore\" \/>\n\t<meta name=\"twitter:label2\" content=\"Dur\u00e9e de lecture estim\u00e9e\" \/>\n\t<meta name=\"twitter:data2\" content=\"6 minutes\" \/>\n<script type=\"application\/ld+json\" class=\"yoast-schema-graph\">{\"@context\":\"https:\\\/\\\/schema.org\",\"@graph\":[{\"@type\":\"Article\",\"@id\":\"https:\\\/\\\/finelife.tv\\\/fr\\\/2026\\\/02\\\/19\\\/laventure-lumiere-le-cinema-davant-les-ombres\\\/#article\",\"isPartOf\":{\"@id\":\"https:\\\/\\\/finelife.tv\\\/fr\\\/2026\\\/02\\\/19\\\/laventure-lumiere-le-cinema-davant-les-ombres\\\/\"},\"author\":{\"name\":\"Leonore\",\"@id\":\"https:\\\/\\\/finelife.tv\\\/fr\\\/#\\\/schema\\\/person\\\/e3d980b0c0b3dc5af01c3455893c8c52\"},\"headline\":\"L&rsquo;Aventure Lumi\u00e8re le cin\u00e9ma d\u2019avant les ombres\",\"datePublished\":\"2026-02-19T18:08:11+00:00\",\"dateModified\":\"2026-02-27T16:51:41+00:00\",\"mainEntityOfPage\":{\"@id\":\"https:\\\/\\\/finelife.tv\\\/fr\\\/2026\\\/02\\\/19\\\/laventure-lumiere-le-cinema-davant-les-ombres\\\/\"},\"wordCount\":1132,\"commentCount\":1,\"image\":{\"@id\":\"https:\\\/\\\/finelife.tv\\\/fr\\\/2026\\\/02\\\/19\\\/laventure-lumiere-le-cinema-davant-les-ombres\\\/#primaryimage\"},\"thumbnailUrl\":\"https:\\\/\\\/finelife.tv\\\/fr\\\/wp-content\\\/uploads\\\/2026\\\/02\\\/img-src22https-finelife.tvimage.jpeg22-alt22L-Aventure-Lumiere-le-cinema-d-avant-les-ombres22.jpg\",\"keywords\":[\"7eme art\",\"aventure lumi\u00e8re\",\"beau livre\",\"beau livre cinema\",\"cinema\",\"cinematheque fran\u00e7aise\",\"editions actes sud\",\"metoo\",\"thierry fremaux\"],\"articleSection\":[\"Blog\"],\"inLanguage\":\"fr-FR\",\"potentialAction\":[{\"@type\":\"CommentAction\",\"name\":\"Comment\",\"target\":[\"https:\\\/\\\/finelife.tv\\\/fr\\\/2026\\\/02\\\/19\\\/laventure-lumiere-le-cinema-davant-les-ombres\\\/#respond\"]}]},{\"@type\":\"WebPage\",\"@id\":\"https:\\\/\\\/finelife.tv\\\/fr\\\/2026\\\/02\\\/19\\\/laventure-lumiere-le-cinema-davant-les-ombres\\\/\",\"url\":\"https:\\\/\\\/finelife.tv\\\/fr\\\/2026\\\/02\\\/19\\\/laventure-lumiere-le-cinema-davant-les-ombres\\\/\",\"name\":\"L'Aventure Lumi\u00e8re le cin\u00e9ma d\u2019avant les ombres - FineLife.tv\",\"isPartOf\":{\"@id\":\"https:\\\/\\\/finelife.tv\\\/fr\\\/#website\"},\"primaryImageOfPage\":{\"@id\":\"https:\\\/\\\/finelife.tv\\\/fr\\\/2026\\\/02\\\/19\\\/laventure-lumiere-le-cinema-davant-les-ombres\\\/#primaryimage\"},\"image\":{\"@id\":\"https:\\\/\\\/finelife.tv\\\/fr\\\/2026\\\/02\\\/19\\\/laventure-lumiere-le-cinema-davant-les-ombres\\\/#primaryimage\"},\"thumbnailUrl\":\"https:\\\/\\\/finelife.tv\\\/fr\\\/wp-content\\\/uploads\\\/2026\\\/02\\\/img-src22https-finelife.tvimage.jpeg22-alt22L-Aventure-Lumiere-le-cinema-d-avant-les-ombres22.jpg\",\"datePublished\":\"2026-02-19T18:08:11+00:00\",\"dateModified\":\"2026-02-27T16:51:41+00:00\",\"author\":{\"@id\":\"https:\\\/\\\/finelife.tv\\\/fr\\\/#\\\/schema\\\/person\\\/e3d980b0c0b3dc5af01c3455893c8c52\"},\"description\":\"L'Aventure Lumi\u00e8re le cin\u00e9ma d\u2019avant les ombres. Un beau livre qui plonge dans le 7\u00e8me art des origines avec des images d'une beaut\u00e9 surprenante\",\"breadcrumb\":{\"@id\":\"https:\\\/\\\/finelife.tv\\\/fr\\\/2026\\\/02\\\/19\\\/laventure-lumiere-le-cinema-davant-les-ombres\\\/#breadcrumb\"},\"inLanguage\":\"fr-FR\",\"potentialAction\":[{\"@type\":\"ReadAction\",\"target\":[\"https:\\\/\\\/finelife.tv\\\/fr\\\/2026\\\/02\\\/19\\\/laventure-lumiere-le-cinema-davant-les-ombres\\\/\"]}]},{\"@type\":\"ImageObject\",\"inLanguage\":\"fr-FR\",\"@id\":\"https:\\\/\\\/finelife.tv\\\/fr\\\/2026\\\/02\\\/19\\\/laventure-lumiere-le-cinema-davant-les-ombres\\\/#primaryimage\",\"url\":\"https:\\\/\\\/finelife.tv\\\/fr\\\/wp-content\\\/uploads\\\/2026\\\/02\\\/img-src22https-finelife.tvimage.jpeg22-alt22L-Aventure-Lumiere-le-cinema-d-avant-les-ombres22.jpg\",\"contentUrl\":\"https:\\\/\\\/finelife.tv\\\/fr\\\/wp-content\\\/uploads\\\/2026\\\/02\\\/img-src22https-finelife.tvimage.jpeg22-alt22L-Aventure-Lumiere-le-cinema-d-avant-les-ombres22.jpg\",\"width\":435,\"height\":389},{\"@type\":\"BreadcrumbList\",\"@id\":\"https:\\\/\\\/finelife.tv\\\/fr\\\/2026\\\/02\\\/19\\\/laventure-lumiere-le-cinema-davant-les-ombres\\\/#breadcrumb\",\"itemListElement\":[{\"@type\":\"ListItem\",\"position\":1,\"name\":\"Accueil\",\"item\":\"https:\\\/\\\/finelife.tv\\\/fr\\\/\"},{\"@type\":\"ListItem\",\"position\":2,\"name\":\"L&rsquo;Aventure Lumi\u00e8re le cin\u00e9ma d\u2019avant les ombres\"}]},{\"@type\":\"WebSite\",\"@id\":\"https:\\\/\\\/finelife.tv\\\/fr\\\/#website\",\"url\":\"https:\\\/\\\/finelife.tv\\\/fr\\\/\",\"name\":\"FineLife.tv\",\"description\":\"Quand l&#039;Art de vivre croise l&#039;Art de penser\",\"potentialAction\":[{\"@type\":\"SearchAction\",\"target\":{\"@type\":\"EntryPoint\",\"urlTemplate\":\"https:\\\/\\\/finelife.tv\\\/fr\\\/?s={search_term_string}\"},\"query-input\":{\"@type\":\"PropertyValueSpecification\",\"valueRequired\":true,\"valueName\":\"search_term_string\"}}],\"inLanguage\":\"fr-FR\"},{\"@type\":\"Person\",\"@id\":\"https:\\\/\\\/finelife.tv\\\/fr\\\/#\\\/schema\\\/person\\\/e3d980b0c0b3dc5af01c3455893c8c52\",\"name\":\"Leonore\",\"image\":{\"@type\":\"ImageObject\",\"inLanguage\":\"fr-FR\",\"@id\":\"https:\\\/\\\/secure.gravatar.com\\\/avatar\\\/9a2e5073417479f910ffdeee54da5ccf4f91eab62746ce0ae0e81124a9491a79?s=96&d=mm&r=g\",\"url\":\"https:\\\/\\\/secure.gravatar.com\\\/avatar\\\/9a2e5073417479f910ffdeee54da5ccf4f91eab62746ce0ae0e81124a9491a79?s=96&d=mm&r=g\",\"contentUrl\":\"https:\\\/\\\/secure.gravatar.com\\\/avatar\\\/9a2e5073417479f910ffdeee54da5ccf4f91eab62746ce0ae0e81124a9491a79?s=96&d=mm&r=g\",\"caption\":\"Leonore\"}}]}<\/script>\n<!-- \/ Yoast SEO plugin. -->","yoast_head_json":{"title":"L'Aventure Lumi\u00e8re le cin\u00e9ma d\u2019avant les ombres - FineLife.tv","description":"L'Aventure Lumi\u00e8re le cin\u00e9ma d\u2019avant les ombres. Un beau livre qui plonge dans le 7\u00e8me art des origines avec des images d'une beaut\u00e9 surprenante","robots":{"index":"index","follow":"follow","max-snippet":"max-snippet:-1","max-image-preview":"max-image-preview:large","max-video-preview":"max-video-preview:-1"},"canonical":"https:\/\/finelife.tv\/fr\/2026\/02\/19\/laventure-lumiere-le-cinema-davant-les-ombres\/","og_locale":"fr_FR","og_type":"article","og_title":"L'Aventure Lumi\u00e8re le cin\u00e9ma d\u2019avant les ombres - FineLife.tv","og_description":"L'Aventure Lumi\u00e8re le cin\u00e9ma d\u2019avant les ombres. Un beau livre qui plonge dans le 7\u00e8me art des origines avec des images d'une beaut\u00e9 surprenante","og_url":"https:\/\/finelife.tv\/fr\/2026\/02\/19\/laventure-lumiere-le-cinema-davant-les-ombres\/","og_site_name":"FineLife.tv","article_published_time":"2026-02-19T18:08:11+00:00","article_modified_time":"2026-02-27T16:51:41+00:00","og_image":[{"width":435,"height":389,"url":"https:\/\/finelife.tv\/fr\/wp-content\/uploads\/2026\/02\/img-src22https-finelife.tvimage.jpeg22-alt22L-Aventure-Lumiere-le-cinema-d-avant-les-ombres22.jpg","type":"image\/jpeg"}],"author":"Leonore","twitter_card":"summary_large_image","twitter_creator":"@finelifetv","twitter_site":"@finelifetv","twitter_misc":{"\u00c9crit par":"Leonore","Dur\u00e9e de lecture estim\u00e9e":"6 minutes"},"schema":{"@context":"https:\/\/schema.org","@graph":[{"@type":"Article","@id":"https:\/\/finelife.tv\/fr\/2026\/02\/19\/laventure-lumiere-le-cinema-davant-les-ombres\/#article","isPartOf":{"@id":"https:\/\/finelife.tv\/fr\/2026\/02\/19\/laventure-lumiere-le-cinema-davant-les-ombres\/"},"author":{"name":"Leonore","@id":"https:\/\/finelife.tv\/fr\/#\/schema\/person\/e3d980b0c0b3dc5af01c3455893c8c52"},"headline":"L&rsquo;Aventure Lumi\u00e8re le cin\u00e9ma d\u2019avant les ombres","datePublished":"2026-02-19T18:08:11+00:00","dateModified":"2026-02-27T16:51:41+00:00","mainEntityOfPage":{"@id":"https:\/\/finelife.tv\/fr\/2026\/02\/19\/laventure-lumiere-le-cinema-davant-les-ombres\/"},"wordCount":1132,"commentCount":1,"image":{"@id":"https:\/\/finelife.tv\/fr\/2026\/02\/19\/laventure-lumiere-le-cinema-davant-les-ombres\/#primaryimage"},"thumbnailUrl":"https:\/\/finelife.tv\/fr\/wp-content\/uploads\/2026\/02\/img-src22https-finelife.tvimage.jpeg22-alt22L-Aventure-Lumiere-le-cinema-d-avant-les-ombres22.jpg","keywords":["7eme art","aventure lumi\u00e8re","beau livre","beau livre cinema","cinema","cinematheque fran\u00e7aise","editions actes sud","metoo","thierry fremaux"],"articleSection":["Blog"],"inLanguage":"fr-FR","potentialAction":[{"@type":"CommentAction","name":"Comment","target":["https:\/\/finelife.tv\/fr\/2026\/02\/19\/laventure-lumiere-le-cinema-davant-les-ombres\/#respond"]}]},{"@type":"WebPage","@id":"https:\/\/finelife.tv\/fr\/2026\/02\/19\/laventure-lumiere-le-cinema-davant-les-ombres\/","url":"https:\/\/finelife.tv\/fr\/2026\/02\/19\/laventure-lumiere-le-cinema-davant-les-ombres\/","name":"L'Aventure Lumi\u00e8re le cin\u00e9ma d\u2019avant les ombres - FineLife.tv","isPartOf":{"@id":"https:\/\/finelife.tv\/fr\/#website"},"primaryImageOfPage":{"@id":"https:\/\/finelife.tv\/fr\/2026\/02\/19\/laventure-lumiere-le-cinema-davant-les-ombres\/#primaryimage"},"image":{"@id":"https:\/\/finelife.tv\/fr\/2026\/02\/19\/laventure-lumiere-le-cinema-davant-les-ombres\/#primaryimage"},"thumbnailUrl":"https:\/\/finelife.tv\/fr\/wp-content\/uploads\/2026\/02\/img-src22https-finelife.tvimage.jpeg22-alt22L-Aventure-Lumiere-le-cinema-d-avant-les-ombres22.jpg","datePublished":"2026-02-19T18:08:11+00:00","dateModified":"2026-02-27T16:51:41+00:00","author":{"@id":"https:\/\/finelife.tv\/fr\/#\/schema\/person\/e3d980b0c0b3dc5af01c3455893c8c52"},"description":"L'Aventure Lumi\u00e8re le cin\u00e9ma d\u2019avant les ombres. Un beau livre qui plonge dans le 7\u00e8me art des origines avec des images d'une beaut\u00e9 surprenante","breadcrumb":{"@id":"https:\/\/finelife.tv\/fr\/2026\/02\/19\/laventure-lumiere-le-cinema-davant-les-ombres\/#breadcrumb"},"inLanguage":"fr-FR","potentialAction":[{"@type":"ReadAction","target":["https:\/\/finelife.tv\/fr\/2026\/02\/19\/laventure-lumiere-le-cinema-davant-les-ombres\/"]}]},{"@type":"ImageObject","inLanguage":"fr-FR","@id":"https:\/\/finelife.tv\/fr\/2026\/02\/19\/laventure-lumiere-le-cinema-davant-les-ombres\/#primaryimage","url":"https:\/\/finelife.tv\/fr\/wp-content\/uploads\/2026\/02\/img-src22https-finelife.tvimage.jpeg22-alt22L-Aventure-Lumiere-le-cinema-d-avant-les-ombres22.jpg","contentUrl":"https:\/\/finelife.tv\/fr\/wp-content\/uploads\/2026\/02\/img-src22https-finelife.tvimage.jpeg22-alt22L-Aventure-Lumiere-le-cinema-d-avant-les-ombres22.jpg","width":435,"height":389},{"@type":"BreadcrumbList","@id":"https:\/\/finelife.tv\/fr\/2026\/02\/19\/laventure-lumiere-le-cinema-davant-les-ombres\/#breadcrumb","itemListElement":[{"@type":"ListItem","position":1,"name":"Accueil","item":"https:\/\/finelife.tv\/fr\/"},{"@type":"ListItem","position":2,"name":"L&rsquo;Aventure Lumi\u00e8re le cin\u00e9ma d\u2019avant les ombres"}]},{"@type":"WebSite","@id":"https:\/\/finelife.tv\/fr\/#website","url":"https:\/\/finelife.tv\/fr\/","name":"FineLife.tv","description":"Quand l&#039;Art de vivre croise l&#039;Art de penser","potentialAction":[{"@type":"SearchAction","target":{"@type":"EntryPoint","urlTemplate":"https:\/\/finelife.tv\/fr\/?s={search_term_string}"},"query-input":{"@type":"PropertyValueSpecification","valueRequired":true,"valueName":"search_term_string"}}],"inLanguage":"fr-FR"},{"@type":"Person","@id":"https:\/\/finelife.tv\/fr\/#\/schema\/person\/e3d980b0c0b3dc5af01c3455893c8c52","name":"Leonore","image":{"@type":"ImageObject","inLanguage":"fr-FR","@id":"https:\/\/secure.gravatar.com\/avatar\/9a2e5073417479f910ffdeee54da5ccf4f91eab62746ce0ae0e81124a9491a79?s=96&d=mm&r=g","url":"https:\/\/secure.gravatar.com\/avatar\/9a2e5073417479f910ffdeee54da5ccf4f91eab62746ce0ae0e81124a9491a79?s=96&d=mm&r=g","contentUrl":"https:\/\/secure.gravatar.com\/avatar\/9a2e5073417479f910ffdeee54da5ccf4f91eab62746ce0ae0e81124a9491a79?s=96&d=mm&r=g","caption":"Leonore"}}]}},"_links":{"self":[{"href":"https:\/\/finelife.tv\/fr\/wp-json\/wp\/v2\/posts\/26827","targetHints":{"allow":["GET"]}}],"collection":[{"href":"https:\/\/finelife.tv\/fr\/wp-json\/wp\/v2\/posts"}],"about":[{"href":"https:\/\/finelife.tv\/fr\/wp-json\/wp\/v2\/types\/post"}],"author":[{"embeddable":true,"href":"https:\/\/finelife.tv\/fr\/wp-json\/wp\/v2\/users\/1"}],"replies":[{"embeddable":true,"href":"https:\/\/finelife.tv\/fr\/wp-json\/wp\/v2\/comments?post=26827"}],"version-history":[{"count":29,"href":"https:\/\/finelife.tv\/fr\/wp-json\/wp\/v2\/posts\/26827\/revisions"}],"predecessor-version":[{"id":26905,"href":"https:\/\/finelife.tv\/fr\/wp-json\/wp\/v2\/posts\/26827\/revisions\/26905"}],"wp:attachment":[{"href":"https:\/\/finelife.tv\/fr\/wp-json\/wp\/v2\/media?parent=26827"}],"wp:term":[{"taxonomy":"category","embeddable":true,"href":"https:\/\/finelife.tv\/fr\/wp-json\/wp\/v2\/categories?post=26827"},{"taxonomy":"post_tag","embeddable":true,"href":"https:\/\/finelife.tv\/fr\/wp-json\/wp\/v2\/tags?post=26827"}],"curies":[{"name":"wp","href":"https:\/\/api.w.org\/{rel}","templated":true}]}}