{"id":3213,"date":"2018-11-12T15:30:37","date_gmt":"2018-11-12T14:30:37","guid":{"rendered":"http:\/\/finelife.tv\/fr\/?p=3213"},"modified":"2021-05-07T23:18:35","modified_gmt":"2021-05-07T21:18:35","slug":"gio-ponti-michel-ange-design-au-mad","status":"publish","type":"post","link":"https:\/\/finelife.tv\/fr\/2018\/11\/12\/gio-ponti-michel-ange-design-au-mad\/","title":{"rendered":"Gio Ponti : le Michel Ange design au MAD"},"content":{"rendered":"<p><span style=\"color: #0000ff;\"><img loading=\"lazy\" decoding=\"async\" class=\" wp-image-3221 aligncenter\" src=\"https:\/\/finelife.tv\/fr\/wp-content\/uploads\/2018\/11\/tutto-ponti-mus\u00e9e-art-decoraifs-finelifetv-225x300.jpg\" alt=\"\" width=\"246\" height=\"328\"><\/span><\/p>\n<p><span style=\"color: #0000ff;\">Gio Ponti<\/span>&nbsp;voulait \u00eatre peintre. Il fit Polytechnique \u00e0 Milan. Cette vocation d\u00e9vi\u00e9e irrigue le vaste champ des arts appliqu\u00e9s auxquels il consacre sa vie. Apr\u00e8s l&rsquo;exposition Domus en 1973, le&nbsp;<span style=\"color: #3366ff;\">MAD<\/span>&nbsp;organise aujourd&rsquo;hui la premi\u00e8re&nbsp;<span style=\"color: #3366ff;\">r\u00e9trospective<\/span>&nbsp;d\u00e9di\u00e9e \u00e0 l&rsquo;<span style=\"color: #0000ff;\"><span style=\"color: #3366ff;\">archi-designer italien<\/span><\/span>&nbsp;directeur de la revue qui marqua la modernit\u00e9 europ\u00e9enne. Elle couvre l&rsquo;ensemble de la carri\u00e8re de Gio Ponti des ann\u00e9es 20 aux ann\u00e9es 70 et rassemble&nbsp;<span style=\"color: #3366ff;\">plus de 400 pi\u00e8ces<\/span>.<\/p>\n<div><span style=\"color: #ff0000;\"><strong>Une sc\u00e9nographie a\u00e9rienne<\/strong><\/span><\/div>\n<div><\/div>\n<p><img loading=\"lazy\" decoding=\"async\" class=\" wp-image-3223 aligncenter\" src=\"https:\/\/finelife.tv\/fr\/wp-content\/uploads\/2018\/11\/tutto_ponti_mad_cathedrale_tarente-finelifetv-300x300.jpg\" alt=\"\" width=\"432\" height=\"432\" srcset=\"https:\/\/finelife.tv\/fr\/wp-content\/uploads\/2018\/11\/tutto_ponti_mad_cathedrale_tarente-finelifetv-300x300.jpg 300w, https:\/\/finelife.tv\/fr\/wp-content\/uploads\/2018\/11\/tutto_ponti_mad_cathedrale_tarente-finelifetv-150x150.jpg 150w, https:\/\/finelife.tv\/fr\/wp-content\/uploads\/2018\/11\/tutto_ponti_mad_cathedrale_tarente-finelifetv.jpg 640w\" sizes=\"auto, (max-width: 432px) 100vw, 432px\" \/><\/p>\n<p style=\"margin: 0px;\">L&rsquo;exposition s&rsquo;ouvre sur une \u00e9vocation saisissante de la&nbsp;<span style=\"color: #3366ff;\">cath\u00e9drale de Tarente<\/span>. Blancheur des pouilles et dentelle de pierres des cath\u00e9drales gothiques se m\u00ealent \u00e0 une technique de rev\u00eatement originale inspir\u00e9e de papiers pli\u00e9s orn\u00e9s de mosaiques.<\/p>\n<p style=\"margin: 0px;\">Pass\u00e9e la \u00ab\u00a0porte-cath\u00e9drale\u00a0\u00bb, la r\u00e9trospective investie la&nbsp;<span style=\"color: #3366ff;\">nef du MAD<\/span>. A\u00e9rienne, la&nbsp;<span style=\"color: #3366ff;\">sc\u00e9nographie du cabinet Jean-Michel Wilmotte<\/span>&nbsp;entend faciliter le dialogue entre les visiteurs et les objets. Mais les grands panneaux suspendus capturent le regard au d\u00e9triment des oeuvres.<\/p>\n<div>Dans la nef, la d\u00e9couverte suit un ordre chronologique ponctu\u00e9 par&nbsp;<span style=\"color: #3366ff;\">3 moments : l&rsquo;objet, le mobilier et l&rsquo;architecture.<\/span><\/div>\n<div><span style=\"color: #3366ff;\">&nbsp;<\/span><\/div>\n<div><span style=\"color: #ff0000;\"><strong>Gio Ponti et le rayonnement du design italien<\/strong><\/span><\/div>\n<div><\/div>\n<div>La carri\u00e8re de&nbsp;<span style=\"color: #3366ff;\">Gio Pont<\/span>i commence dans les&nbsp;<span style=\"color: #3366ff;\">ann\u00e9es 20<\/span>. Il travaille pour&nbsp;<span style=\"color: #3366ff;\">Christofle<\/span>&nbsp;comme pour&nbsp;<span style=\"color: #3366ff;\">Murano<\/span>&nbsp;et \u00e9difie une premi\u00e8re villa en r\u00e9gion parisienne, l&rsquo;Ange volant.&nbsp;<span style=\"color: #3366ff;\">L&#8217;empreinte n\u00e9o-classique c\u00e8de la place au modernisme dans la d\u00e9cennie suivante<\/span>. Les ann\u00e9es 40 sont marqu\u00e9es par la r\u00e9alisation de fresques magistrales dont celles de l&rsquo;universit\u00e9 de Padoue. L&rsquo;archi-designer va exploser apr\u00e8s la seconde guerre mondiale. Il porte le&nbsp;<span style=\"color: #3366ff;\">projet social et d\u00e9mocratique<\/span>&nbsp;des architectes et des designers de la p\u00e9riode post mussolini. Par ailleurs, il&nbsp;<span style=\"color: #3366ff;\">fait rayonner la sc\u00e8ne italienne en attaquant la concurrence&nbsp;scandinave.<\/span><\/div>\n<div><span style=\"color: #3366ff;\">&nbsp;<\/span><\/div>\n<div><span style=\"color: #ff0000;\"><strong>Une architecture diamant en couleur et en l\u00e9g\u00e8ret\u00e9<\/strong><\/span><\/div>\n<div><\/div>\n<div>Du Venezuela aux etats-Unis en passant par le Moyen-Orient et Hong Kong, Gio Ponti cr\u00e9e des centaines de villas, de b\u00e2timents, d&rsquo;\u00e9difices religieux, de maisons.<\/div>\n<div><\/div>\n<div>Il s&rsquo;investit dans la&nbsp;<span style=\"color: #3366ff;\">modernisation de Milan<\/span>. On voit sur les documents sa pr\u00e9occupation pour la courbe et, d\u00e9j\u00e0, pour les terrasses, les jardins avec sable et potager. Il s&rsquo;agit de cr\u00e9er un paysage urbain harmonieux et rationnel. Pour \u00e9viter la standardisation et jouer avec la lumi\u00e8re, il pose des mosa\u00efques sur les fa\u00e7ades et favorise les baies vitr\u00e9es. Les murs doivent \u00eatre habit\u00e9s. Les jeux de couleurs des sols sont transpos\u00e9s sur les ext\u00e9rieurs pour casser l&rsquo;uniformit\u00e9.<\/div>\n<div>\n<div><\/div>\n<\/div>\n<p><img loading=\"lazy\" decoding=\"async\" class=\"size-medium wp-image-3217 aligncenter\" src=\"https:\/\/finelife.tv\/fr\/wp-content\/uploads\/2018\/11\/tutto_ponti_mad_tour_pirelli_finelifetv-91x300.jpg\" alt=\"\" width=\"91\" height=\"300\" srcset=\"https:\/\/finelife.tv\/fr\/wp-content\/uploads\/2018\/11\/tutto_ponti_mad_tour_pirelli_finelifetv-91x300.jpg 91w, https:\/\/finelife.tv\/fr\/wp-content\/uploads\/2018\/11\/tutto_ponti_mad_tour_pirelli_finelifetv.jpg 207w\" sizes=\"auto, (max-width: 91px) 100vw, 91px\" \/><\/p>\n<div>La&nbsp;<span style=\"color: #3366ff;\">Tour Pirelli<\/span>&nbsp;mise en avant dans l&rsquo;exposition tient une place \u00e0 part. Elle t\u00e9moigne avec la&nbsp;<span style=\"color: #3366ff;\">lumi\u00e8<\/span>re de l&rsquo;une des&nbsp;<span style=\"color: #3366ff;\">pr\u00e9occupations majeures de Gio Ponti, la l\u00e9g\u00e8ret\u00e9<\/span>. Haute d 127 m\u00e8tres, c&rsquo;est l&rsquo;une des plus hautes tours de l&rsquo;\u00e9poque, Au sommet, les piliers ne mesurent que 30 cm de diam\u00e8tre. La l\u00e9reret\u00e9 toujours et la recherche de la \u00ab\u00a0<span style=\"color: #3366ff;\">forma finita<\/span>\u00ab\u00a0, la forme achev\u00e9e qui s&rsquo;\u00e9pure de tout superflu. Le formica donne la couleur aux formes \u00e9pur\u00e9es \u00e0 la scandinave. Les bords biseaut\u00e9s rappellent le&nbsp;<span style=\"color: #3366ff;\">diamant<\/span>. C&rsquo;est la s<span style=\"color: #3366ff;\">ignature de Ponti avec les structures internes apparentes<\/span>.<\/div>\n<div><\/div>\n<p style=\"margin: 0px;\">L&rsquo;architecte s&rsquo;engage aussi dans la promotion d&rsquo;une \u00ab\u00a0maison \u00e0 l&rsquo;italienne\u00a0\u00bb qui conjugue modernit\u00e9 et tradition m\u00e9diterran\u00e9enne. La c\u00e9ramique joue ici encore un grand r\u00f4le. La maison \u00ab\u00a0Scarabea\u00a0\u00bb \u00e0 la carapace de col\u00e9opt\u00e8re couverte de carreaux blancs et bleus doit se fondre dans la ville. Elle est command\u00e9e par le collectionneur d&rsquo;art Giobatta Meneguzzo.<\/p>\n<div>\u00c0 l&rsquo;\u00e9tranger, Gio Ponti imagine la notamment la villa Planchart \u00e0 Caracas (Venezuela) que l&rsquo;on d\u00e9couvre dans l&rsquo;espace \u00ab\u00a0atmosph\u00e8res\u00a0\u00bb de l&rsquo;exposition.<\/div>\n<div><\/div>\n<div><span style=\"color: #ff0000;\"><strong>Des objets iconiques<\/strong><\/span><\/div>\n<div><\/div>\n<p><img loading=\"lazy\" decoding=\"async\" class=\"size-medium wp-image-3220 aligncenter\" src=\"https:\/\/finelife.tv\/fr\/wp-content\/uploads\/2018\/11\/tutto_ponti_mad-chaise_legara_finelifetvjpg-191x300.jpg\" alt=\"\" width=\"191\" height=\"300\" srcset=\"https:\/\/finelife.tv\/fr\/wp-content\/uploads\/2018\/11\/tutto_ponti_mad-chaise_legara_finelifetvjpg-191x300.jpg 191w, https:\/\/finelife.tv\/fr\/wp-content\/uploads\/2018\/11\/tutto_ponti_mad-chaise_legara_finelifetvjpg.jpg 432w\" sizes=\"auto, (max-width: 191px) 100vw, 191px\" \/><\/p>\n<div>\n<p>C\u00f4t\u00e9 Objet, la nef met en beaut\u00e9 des&nbsp;<span style=\"color: #3366ff;\">cr\u00e9ations iconiques<\/span>&nbsp;comme la&nbsp;<span style=\"color: #3366ff;\">chaise super legara<\/span>&nbsp;(Cassina), le&nbsp;<span style=\"color: #3366ff;\">lustre murano<\/span>&nbsp;a 8 lumieres en verre bleu opalescent et pate de verre rose, la&nbsp;<span style=\"color: #3366ff;\">lampe de table Bilia<\/span>&nbsp;(Arte Fontana) &#8230;&nbsp; Une&nbsp;<span style=\"color: #3366ff;\">paroi organis\u00e9e<\/span>&nbsp;(t\u00eate de lit-tableau de bord) r\u00e9pond \u00e0 l&rsquo;obligation pour le mobilier de condenser les gestes apr\u00e8s la r\u00e9duction des surfaces d&rsquo;habitation.<\/p>\n<p><img loading=\"lazy\" decoding=\"async\" class=\" wp-image-3224 aligncenter\" src=\"https:\/\/finelife.tv\/fr\/wp-content\/uploads\/2018\/11\/mus\u00e9e-arts-d\u00e9coratifs-ponti-1-225x300.jpg\" alt=\"\" width=\"332\" height=\"443\" srcset=\"https:\/\/finelife.tv\/fr\/wp-content\/uploads\/2018\/11\/mus\u00e9e-arts-d\u00e9coratifs-ponti-1-225x300.jpg 225w, https:\/\/finelife.tv\/fr\/wp-content\/uploads\/2018\/11\/mus\u00e9e-arts-d\u00e9coratifs-ponti-1.jpg 510w\" sizes=\"auto, (max-width: 332px) 100vw, 332px\" \/><\/p>\n<p>Le&nbsp;<span style=\"color: #3366ff;\">sens du d\u00e9tail du \u00ab\u00a0Michel Ange de la chose\u00a0\u00bb<\/span>&nbsp;se retrouve dans la transparence des tables pour mieux faire passer la lumi\u00e8re comme dans celle des&nbsp;<span style=\"color: #3366ff;\">c\u00e9ramiques murales<\/span>&nbsp;pour mieux la refl\u00e9ter.<\/p>\n<\/div>\n<div><\/div>\n<div><span style=\"color: #ff0000;\"><strong>Une oeuvre holistique marqu\u00e9e par l&rsquo;art<\/strong><\/span><\/div>\n<div><\/div>\n<p style=\"margin: 0px;\">L&rsquo;int\u00e9r\u00eat pour lumi\u00e8re pour les formes et les couleurs t\u00e9moigne de l&rsquo;int\u00e9r\u00eat jamais d\u00e9menti de Gio Ponti pour l&rsquo;art.<\/p>\n<div>De part et d&rsquo;autres de la nef, la sc\u00e9nographie inclue des \u00ab\u00a0visit-rroms\u00a0\u00bb o\u00f9 l&rsquo;on d\u00e9couvre d&rsquo;un c\u00f4t\u00e9 du mobilier de l&rsquo;autre des \u00ab\u00a0atmosph\u00e8res\u00a0\u00bb.<\/div>\n<div><\/div>\n<p><img loading=\"lazy\" decoding=\"async\" class=\"size-medium wp-image-3216 aligncenter\" src=\"https:\/\/finelife.tv\/fr\/wp-content\/uploads\/2018\/11\/tutto_ponti_mad_gio_ponti_dessins_finelifetv-210x300.jpg\" alt=\"\" width=\"210\" height=\"300\" srcset=\"https:\/\/finelife.tv\/fr\/wp-content\/uploads\/2018\/11\/tutto_ponti_mad_gio_ponti_dessins_finelifetv-210x300.jpg 210w, https:\/\/finelife.tv\/fr\/wp-content\/uploads\/2018\/11\/tutto_ponti_mad_gio_ponti_dessins_finelifetv.jpg 477w\" sizes=\"auto, (max-width: 210px) 100vw, 210px\" \/><\/p>\n<div>Dans la partie exposant le mobilier on&nbsp;trouve de tout : \u00e9toffes, orf\u00e8vrerie, vaisselle, vases &#8230;&nbsp;<span style=\"color: #3366ff;\">Gio Ponti touche \u00e0 tout<\/span>. De magnifiques \u00e9bauches de d\u00e9cors et costumes inspir\u00e9s par Prirandello&nbsp;&nbsp;dialoguent avec la machine \u00e0 caf\u00e9 La Cornuta (La Pavoni) qui incarne la libert\u00e9, la \u00ab\u00a0dolce vita\u00a0\u00bb de l&rsquo;apr\u00e8s guerre. La po\u00e9sie c\u00f4toie le pratique. On remarque aussi une s\u00e9rie de croquis, de calepins.&nbsp;<span style=\"color: #3366ff;\">Pour Ponti tout commen\u00e7ait par le dessin<\/span>. On recense 2000 lettres dessin\u00e9es. Il \u00e9crivait et dessinait partout. L&rsquo;archi-designer r\u00e9pondait aux lecteurs de Domus comme \u00e0 ceux du Corriere de la Serra sous forme de conseils du type : si vous avez telle surface il faut absolument l&rsquo;am\u00e9nager comme cela &#8230;. Si telle couleur domine votre int\u00e9rieur vous devez absolument \u00e9viter (telle et telle) couleurs.<\/div>\n<div><span style=\"color: #ff0000;\"><strong>Une visite d&rsquo;atmosph\u00e8res<\/strong><\/span><\/div>\n<div><\/div>\n<p style=\"margin: 0px;\">Six \u00ab\u00a0visit-rooms\u00a0\u00bb situ\u00e9es c\u00f4t\u00e9 Rivoli r\u00e9cr\u00e9ent les ambiances des plus embl\u00e9matiques architecture int\u00e9rieures de Gio Ponti.<\/p>\n<p style=\"margin: 0px;\"><span style=\"color: #3366ff;\">L&rsquo;Ange Volant<\/span>&nbsp;(Garches 1928) command\u00e9 par Tony H. Bouilhet (directeur de Christofle) traduit l&rsquo;influence r\u00e9currente du classicisme chez Ponti. On y trouve d\u00e9j\u00e0 la&nbsp;<span style=\"color: #3366ff;\">division de l&rsquo;espace ch\u00e8re \u00e0 l&rsquo;architecte : un hall central et une division en parties jour et parties nuit.<\/span><\/p>\n<p style=\"margin: 0px;\"><span style=\"color: #3366ff;\">La maison des Ponti<\/span>&nbsp;(Milan) \u00e9galement pr\u00e9sente dans l&rsquo;exposition reprend bien s\u00fbr cette division.<\/p>\n<div>Autres r\u00e9alisations \u00ab\u00a0historiques\u00a0\u00bb : l&rsquo;<span style=\"color: #3366ff;\">immeuble Montecatini<\/span>&nbsp;premier immeuble de Milan enti\u00e8rement plaqu\u00e9 de marbre vein\u00e9 de bleu-vert, le Palazzo del Bo -Universit\u00e9 de Padoue- avec ses fresques, l&rsquo;<span style=\"color: #3366ff;\">h\u00f4tel Parco del Principi<\/span>&nbsp;de Sorrente enfin la&nbsp;<span style=\"color: #3366ff;\">villa Planchart<\/span>&nbsp;(Caracas-Venezuela).<\/div>\n<div><\/div>\n<div><img loading=\"lazy\" decoding=\"async\" class=\" wp-image-3222 aligncenter\" src=\"https:\/\/finelife.tv\/fr\/wp-content\/uploads\/2018\/11\/tutto-ponti-musee-arts-decoratifs-300x225.jpg\" alt=\"\" width=\"373\" height=\"280\" srcset=\"https:\/\/finelife.tv\/fr\/wp-content\/uploads\/2018\/11\/tutto-ponti-musee-arts-decoratifs-300x225.jpg 300w, https:\/\/finelife.tv\/fr\/wp-content\/uploads\/2018\/11\/tutto-ponti-musee-arts-decoratifs.jpg 680w\" sizes=\"auto, (max-width: 373px) 100vw, 373px\" \/><\/div>\n<p><img loading=\"lazy\" decoding=\"async\" class=\" wp-image-3218 aligncenter\" src=\"https:\/\/finelife.tv\/fr\/wp-content\/uploads\/2018\/11\/tutto_ponti_mad_univesite_padoue_finelifetv-203x300.jpg\" alt=\"\" width=\"268\" height=\"396\" srcset=\"https:\/\/finelife.tv\/fr\/wp-content\/uploads\/2018\/11\/tutto_ponti_mad_univesite_padoue_finelifetv-203x300.jpg 203w, https:\/\/finelife.tv\/fr\/wp-content\/uploads\/2018\/11\/tutto_ponti_mad_univesite_padoue_finelifetv.jpg 461w\" sizes=\"auto, (max-width: 268px) 100vw, 268px\" \/><\/p>\n<p><img loading=\"lazy\" decoding=\"async\" class=\" wp-image-3219 aligncenter\" src=\"https:\/\/finelife.tv\/fr\/wp-content\/uploads\/2018\/11\/tutto_ponti_mad_villa_planchart_finelifetv-191x300.jpg\" alt=\"\" width=\"247\" height=\"388\" srcset=\"https:\/\/finelife.tv\/fr\/wp-content\/uploads\/2018\/11\/tutto_ponti_mad_villa_planchart_finelifetv-191x300.jpg 191w, https:\/\/finelife.tv\/fr\/wp-content\/uploads\/2018\/11\/tutto_ponti_mad_villa_planchart_finelifetv.jpg 433w\" sizes=\"auto, (max-width: 247px) 100vw, 247px\" \/><\/p>\n<p>Gio Ponri est consid\u00e9r\u00e9 comme l&rsquo;un des architectures les plus influents du XX\u00e8me si\u00e8cle.<br \/>\nIl reste cependant peu connu en France. La r\u00e9trospective est l&rsquo;occasion de d\u00e9couvrir cette grande figure des arts d\u00e9coratifs.<\/p>\n<div><strong>Tutto Ponti \/ Gio Ponti archi-designer<\/strong><br \/>\nMus\u00e9e des Arts D\u00e9coratifs<br \/>\nDu 19 octobre 2018 au 10 f\u00e9vrier 2019<br \/>\n<a href=\"http:\/\/www.madparis.fr\">http:\/\/www.madparis.fr<\/a><\/div>\n<div><\/div>\n<div><\/div>\n<div><strong>Promenade design \u00e0 la cit\u00e9 de la mode<\/strong><\/div>\n<blockquote class=\"wp-embedded-content\" data-secret=\"QXzSzd4aPu\"><p><a href=\"https:\/\/finelife.tv\/fr\/2017\/07\/20\/promenade-design-a-la-cite-de-la-mode\/\">Promenade Design \u00e0 la Cit\u00e9 de la Mode<\/a><\/p><\/blockquote>\n<p><iframe loading=\"lazy\" class=\"wp-embedded-content\" sandbox=\"allow-scripts\" security=\"restricted\" style=\"position: absolute; clip: rect(1px, 1px, 1px, 1px);\" title=\"\u00ab\u00a0Promenade Design \u00e0 la Cit\u00e9 de la Mode\u00a0\u00bb &#8212; FineLife.tv\" src=\"https:\/\/finelife.tv\/fr\/2017\/07\/20\/promenade-design-a-la-cite-de-la-mode\/embed\/#?secret=0YfPfPBXjO#?secret=QXzSzd4aPu\" data-secret=\"QXzSzd4aPu\" width=\"500\" height=\"282\" frameborder=\"0\" marginwidth=\"0\" marginheight=\"0\" scrolling=\"no\"><\/iframe><\/p>\n<p>Beaux=livres : le Corbusier, Willy Ronis, mon jardin Feng Shui<\/p>\n<blockquote class=\"wp-embedded-content\" data-secret=\"OGJWPPrd3R\"><p><a href=\"https:\/\/finelife.tv\/fr\/2019\/01\/03\/beaux-livres-de-le-corbusier-au-jardin-feng-shui\/\">Beaux Livres : de Le Corbusier au jardin Feng Shui<\/a><\/p><\/blockquote>\n<p><iframe loading=\"lazy\" class=\"wp-embedded-content\" sandbox=\"allow-scripts\" security=\"restricted\" style=\"position: absolute; clip: rect(1px, 1px, 1px, 1px);\" title=\"\u00ab\u00a0Beaux Livres : de Le Corbusier au jardin Feng Shui\u00a0\u00bb &#8212; FineLife.tv\" src=\"https:\/\/finelife.tv\/fr\/2019\/01\/03\/beaux-livres-de-le-corbusier-au-jardin-feng-shui\/embed\/#?secret=7ysneQyZ65#?secret=OGJWPPrd3R\" data-secret=\"OGJWPPrd3R\" width=\"500\" height=\"282\" frameborder=\"0\" marginwidth=\"0\" marginheight=\"0\" scrolling=\"no\"><\/iframe><\/p>\n","protected":false},"excerpt":{"rendered":"<p> Le MAD organise la premi\u00e8re r\u00e9trospective d\u00e9di\u00e9e \u00e0 Gio Ponti grande figure m\u00e9connue de l&rsquo;architecture. Elle couvre l&rsquo;ensemble de la carri\u00e8re de l&rsquo;archi=designer des ann\u00e9es 20 aux ann\u00e9es 70 et rassemble plus de 400 pi\u00e8ces.<\/p>\n","protected":false},"author":1,"featured_media":0,"comment_status":"closed","ping_status":"open","sticky":false,"template":"","format":"standard","meta":{"footnotes":""},"categories":[4],"tags":[21,1455,1454,219,1452,1456,1457,1458,1450,1451,1449,653,1453,1448],"class_list":["post-3213","post","type-post","status-publish","format-standard","hentry","category-blog","tag-architecture","tag-architecture-annees-30","tag-architecture-annees-50","tag-design","tag-design-italien","tag-fielife-tv-gio-ponti","tag-finelife-tv-mad","tag-finelife-tv-tutto-ponti","tag-gio-ponti","tag-jean-michel-wilmotte","tag-mad-paris","tag-musee-des-arts-decoratifs-paris","tag-tour-pirelli","tag-tutto-ponti"],"yoast_head":"<!-- This site is optimized with the Yoast SEO plugin v27.5 - https:\/\/yoast.com\/product\/yoast-seo-wordpress\/ -->\n<title>Gio Ponti : le Michel Ange design au MAD - FineLife.tv<\/title>\n<meta name=\"description\" content=\"Le MAD organise la premi\u00e8re r\u00e9trospectived\u00e9di\u00e9e \u00e0 Gio Ponti grande figure m\u00e9connue de l&#039;architecture. Elle couvre l&#039;ensemble de la carri\u00e8re de l&#039;archi=designer des ann\u00e9es 20 aux ann\u00e9es 70 et rassemble plus de 400 pi\u00e8ces.\" \/>\n<meta name=\"robots\" content=\"index, follow, max-snippet:-1, max-image-preview:large, max-video-preview:-1\" \/>\n<link rel=\"canonical\" href=\"https:\/\/finelife.tv\/fr\/2018\/11\/12\/gio-ponti-michel-ange-design-au-mad\/\" \/>\n<meta property=\"og:locale\" content=\"fr_FR\" \/>\n<meta property=\"og:type\" content=\"article\" \/>\n<meta property=\"og:title\" content=\"Gio Ponti : le Michel Ange design au MAD - FineLife.tv\" \/>\n<meta property=\"og:description\" content=\"Le MAD organise la premi\u00e8re r\u00e9trospectived\u00e9di\u00e9e \u00e0 Gio Ponti grande figure m\u00e9connue de l&#039;architecture. Elle couvre l&#039;ensemble de la carri\u00e8re de l&#039;archi=designer des ann\u00e9es 20 aux ann\u00e9es 70 et rassemble plus de 400 pi\u00e8ces.\" \/>\n<meta property=\"og:url\" content=\"https:\/\/finelife.tv\/fr\/2018\/11\/12\/gio-ponti-michel-ange-design-au-mad\/\" \/>\n<meta property=\"og:site_name\" content=\"FineLife.tv\" \/>\n<meta property=\"article:published_time\" content=\"2018-11-12T14:30:37+00:00\" \/>\n<meta property=\"article:modified_time\" content=\"2021-05-07T21:18:35+00:00\" \/>\n<meta property=\"og:image\" content=\"http:\/\/finelife.tv\/fr\/wp-content\/uploads\/2018\/11\/tutto-ponti-mus\u00e9e-art-decoraifs-finelifetv-225x300.jpg\" \/>\n<meta name=\"author\" content=\"Leonore\" \/>\n<meta name=\"twitter:card\" content=\"summary_large_image\" \/>\n<meta name=\"twitter:creator\" content=\"@finelifetv\" \/>\n<meta name=\"twitter:site\" content=\"@finelifetv\" \/>\n<meta name=\"twitter:label1\" content=\"\u00c9crit par\" \/>\n\t<meta name=\"twitter:data1\" content=\"Leonore\" \/>\n\t<meta name=\"twitter:label2\" content=\"Dur\u00e9e de lecture estim\u00e9e\" \/>\n\t<meta name=\"twitter:data2\" content=\"7 minutes\" \/>\n<script type=\"application\/ld+json\" class=\"yoast-schema-graph\">{\"@context\":\"https:\\\/\\\/schema.org\",\"@graph\":[{\"@type\":\"Article\",\"@id\":\"https:\\\/\\\/finelife.tv\\\/fr\\\/2018\\\/11\\\/12\\\/gio-ponti-michel-ange-design-au-mad\\\/#article\",\"isPartOf\":{\"@id\":\"https:\\\/\\\/finelife.tv\\\/fr\\\/2018\\\/11\\\/12\\\/gio-ponti-michel-ange-design-au-mad\\\/\"},\"author\":{\"name\":\"Leonore\",\"@id\":\"https:\\\/\\\/finelife.tv\\\/fr\\\/#\\\/schema\\\/person\\\/e3d980b0c0b3dc5af01c3455893c8c52\"},\"headline\":\"Gio Ponti : le Michel Ange design au MAD\",\"datePublished\":\"2018-11-12T14:30:37+00:00\",\"dateModified\":\"2021-05-07T21:18:35+00:00\",\"mainEntityOfPage\":{\"@id\":\"https:\\\/\\\/finelife.tv\\\/fr\\\/2018\\\/11\\\/12\\\/gio-ponti-michel-ange-design-au-mad\\\/\"},\"wordCount\":1240,\"image\":{\"@id\":\"https:\\\/\\\/finelife.tv\\\/fr\\\/2018\\\/11\\\/12\\\/gio-ponti-michel-ange-design-au-mad\\\/#primaryimage\"},\"thumbnailUrl\":\"http:\\\/\\\/finelife.tv\\\/fr\\\/wp-content\\\/uploads\\\/2018\\\/11\\\/tutto_ponti_mad_cathedrale_tarente-finelifetv-300x300.jpg\",\"keywords\":[\"architecture\",\"architecture ann\u00e9es 30\",\"architecture ann\u00e9es 50\",\"design\",\"design italien\",\"fielife tv gio ponti\",\"finelife tv mad\",\"finelife tv tutto ponti\",\"gio ponti\",\"jean-michel wilmotte\",\"mad paris\",\"mus\u00e9e des arts d\u00e9coratifs paris\",\"tour pirelli\",\"tutto ponti\"],\"articleSection\":[\"Blog\"],\"inLanguage\":\"fr-FR\"},{\"@type\":\"WebPage\",\"@id\":\"https:\\\/\\\/finelife.tv\\\/fr\\\/2018\\\/11\\\/12\\\/gio-ponti-michel-ange-design-au-mad\\\/\",\"url\":\"https:\\\/\\\/finelife.tv\\\/fr\\\/2018\\\/11\\\/12\\\/gio-ponti-michel-ange-design-au-mad\\\/\",\"name\":\"Gio Ponti : le Michel Ange design au MAD - FineLife.tv\",\"isPartOf\":{\"@id\":\"https:\\\/\\\/finelife.tv\\\/fr\\\/#website\"},\"primaryImageOfPage\":{\"@id\":\"https:\\\/\\\/finelife.tv\\\/fr\\\/2018\\\/11\\\/12\\\/gio-ponti-michel-ange-design-au-mad\\\/#primaryimage\"},\"image\":{\"@id\":\"https:\\\/\\\/finelife.tv\\\/fr\\\/2018\\\/11\\\/12\\\/gio-ponti-michel-ange-design-au-mad\\\/#primaryimage\"},\"thumbnailUrl\":\"http:\\\/\\\/finelife.tv\\\/fr\\\/wp-content\\\/uploads\\\/2018\\\/11\\\/tutto_ponti_mad_cathedrale_tarente-finelifetv-300x300.jpg\",\"datePublished\":\"2018-11-12T14:30:37+00:00\",\"dateModified\":\"2021-05-07T21:18:35+00:00\",\"author\":{\"@id\":\"https:\\\/\\\/finelife.tv\\\/fr\\\/#\\\/schema\\\/person\\\/e3d980b0c0b3dc5af01c3455893c8c52\"},\"description\":\"Le MAD organise la premi\u00e8re r\u00e9trospectived\u00e9di\u00e9e \u00e0 Gio Ponti grande figure m\u00e9connue de l'architecture. Elle couvre l'ensemble de la carri\u00e8re de l'archi=designer des ann\u00e9es 20 aux ann\u00e9es 70 et rassemble plus de 400 pi\u00e8ces.\",\"breadcrumb\":{\"@id\":\"https:\\\/\\\/finelife.tv\\\/fr\\\/2018\\\/11\\\/12\\\/gio-ponti-michel-ange-design-au-mad\\\/#breadcrumb\"},\"inLanguage\":\"fr-FR\",\"potentialAction\":[{\"@type\":\"ReadAction\",\"target\":[\"https:\\\/\\\/finelife.tv\\\/fr\\\/2018\\\/11\\\/12\\\/gio-ponti-michel-ange-design-au-mad\\\/\"]}]},{\"@type\":\"ImageObject\",\"inLanguage\":\"fr-FR\",\"@id\":\"https:\\\/\\\/finelife.tv\\\/fr\\\/2018\\\/11\\\/12\\\/gio-ponti-michel-ange-design-au-mad\\\/#primaryimage\",\"url\":\"http:\\\/\\\/finelife.tv\\\/fr\\\/wp-content\\\/uploads\\\/2018\\\/11\\\/tutto_ponti_mad_cathedrale_tarente-finelifetv-300x300.jpg\",\"contentUrl\":\"http:\\\/\\\/finelife.tv\\\/fr\\\/wp-content\\\/uploads\\\/2018\\\/11\\\/tutto_ponti_mad_cathedrale_tarente-finelifetv-300x300.jpg\"},{\"@type\":\"BreadcrumbList\",\"@id\":\"https:\\\/\\\/finelife.tv\\\/fr\\\/2018\\\/11\\\/12\\\/gio-ponti-michel-ange-design-au-mad\\\/#breadcrumb\",\"itemListElement\":[{\"@type\":\"ListItem\",\"position\":1,\"name\":\"Accueil\",\"item\":\"https:\\\/\\\/finelife.tv\\\/fr\\\/\"},{\"@type\":\"ListItem\",\"position\":2,\"name\":\"Gio Ponti : le Michel Ange design au MAD\"}]},{\"@type\":\"WebSite\",\"@id\":\"https:\\\/\\\/finelife.tv\\\/fr\\\/#website\",\"url\":\"https:\\\/\\\/finelife.tv\\\/fr\\\/\",\"name\":\"FineLife.tv\",\"description\":\"Quand l&#039;Art de vivre croise l&#039;Art de penser\",\"potentialAction\":[{\"@type\":\"SearchAction\",\"target\":{\"@type\":\"EntryPoint\",\"urlTemplate\":\"https:\\\/\\\/finelife.tv\\\/fr\\\/?s={search_term_string}\"},\"query-input\":{\"@type\":\"PropertyValueSpecification\",\"valueRequired\":true,\"valueName\":\"search_term_string\"}}],\"inLanguage\":\"fr-FR\"},{\"@type\":\"Person\",\"@id\":\"https:\\\/\\\/finelife.tv\\\/fr\\\/#\\\/schema\\\/person\\\/e3d980b0c0b3dc5af01c3455893c8c52\",\"name\":\"Leonore\",\"image\":{\"@type\":\"ImageObject\",\"inLanguage\":\"fr-FR\",\"@id\":\"https:\\\/\\\/secure.gravatar.com\\\/avatar\\\/9a2e5073417479f910ffdeee54da5ccf4f91eab62746ce0ae0e81124a9491a79?s=96&d=mm&r=g\",\"url\":\"https:\\\/\\\/secure.gravatar.com\\\/avatar\\\/9a2e5073417479f910ffdeee54da5ccf4f91eab62746ce0ae0e81124a9491a79?s=96&d=mm&r=g\",\"contentUrl\":\"https:\\\/\\\/secure.gravatar.com\\\/avatar\\\/9a2e5073417479f910ffdeee54da5ccf4f91eab62746ce0ae0e81124a9491a79?s=96&d=mm&r=g\",\"caption\":\"Leonore\"}}]}<\/script>\n<!-- \/ Yoast SEO plugin. -->","yoast_head_json":{"title":"Gio Ponti : le Michel Ange design au MAD - FineLife.tv","description":"Le MAD organise la premi\u00e8re r\u00e9trospectived\u00e9di\u00e9e \u00e0 Gio Ponti grande figure m\u00e9connue de l'architecture. Elle couvre l'ensemble de la carri\u00e8re de l'archi=designer des ann\u00e9es 20 aux ann\u00e9es 70 et rassemble plus de 400 pi\u00e8ces.","robots":{"index":"index","follow":"follow","max-snippet":"max-snippet:-1","max-image-preview":"max-image-preview:large","max-video-preview":"max-video-preview:-1"},"canonical":"https:\/\/finelife.tv\/fr\/2018\/11\/12\/gio-ponti-michel-ange-design-au-mad\/","og_locale":"fr_FR","og_type":"article","og_title":"Gio Ponti : le Michel Ange design au MAD - FineLife.tv","og_description":"Le MAD organise la premi\u00e8re r\u00e9trospectived\u00e9di\u00e9e \u00e0 Gio Ponti grande figure m\u00e9connue de l'architecture. Elle couvre l'ensemble de la carri\u00e8re de l'archi=designer des ann\u00e9es 20 aux ann\u00e9es 70 et rassemble plus de 400 pi\u00e8ces.","og_url":"https:\/\/finelife.tv\/fr\/2018\/11\/12\/gio-ponti-michel-ange-design-au-mad\/","og_site_name":"FineLife.tv","article_published_time":"2018-11-12T14:30:37+00:00","article_modified_time":"2021-05-07T21:18:35+00:00","og_image":[{"url":"http:\/\/finelife.tv\/fr\/wp-content\/uploads\/2018\/11\/tutto-ponti-mus\u00e9e-art-decoraifs-finelifetv-225x300.jpg","type":"","width":"","height":""}],"author":"Leonore","twitter_card":"summary_large_image","twitter_creator":"@finelifetv","twitter_site":"@finelifetv","twitter_misc":{"\u00c9crit par":"Leonore","Dur\u00e9e de lecture estim\u00e9e":"7 minutes"},"schema":{"@context":"https:\/\/schema.org","@graph":[{"@type":"Article","@id":"https:\/\/finelife.tv\/fr\/2018\/11\/12\/gio-ponti-michel-ange-design-au-mad\/#article","isPartOf":{"@id":"https:\/\/finelife.tv\/fr\/2018\/11\/12\/gio-ponti-michel-ange-design-au-mad\/"},"author":{"name":"Leonore","@id":"https:\/\/finelife.tv\/fr\/#\/schema\/person\/e3d980b0c0b3dc5af01c3455893c8c52"},"headline":"Gio Ponti : le Michel Ange design au MAD","datePublished":"2018-11-12T14:30:37+00:00","dateModified":"2021-05-07T21:18:35+00:00","mainEntityOfPage":{"@id":"https:\/\/finelife.tv\/fr\/2018\/11\/12\/gio-ponti-michel-ange-design-au-mad\/"},"wordCount":1240,"image":{"@id":"https:\/\/finelife.tv\/fr\/2018\/11\/12\/gio-ponti-michel-ange-design-au-mad\/#primaryimage"},"thumbnailUrl":"http:\/\/finelife.tv\/fr\/wp-content\/uploads\/2018\/11\/tutto_ponti_mad_cathedrale_tarente-finelifetv-300x300.jpg","keywords":["architecture","architecture ann\u00e9es 30","architecture ann\u00e9es 50","design","design italien","fielife tv gio ponti","finelife tv mad","finelife tv tutto ponti","gio ponti","jean-michel wilmotte","mad paris","mus\u00e9e des arts d\u00e9coratifs paris","tour pirelli","tutto ponti"],"articleSection":["Blog"],"inLanguage":"fr-FR"},{"@type":"WebPage","@id":"https:\/\/finelife.tv\/fr\/2018\/11\/12\/gio-ponti-michel-ange-design-au-mad\/","url":"https:\/\/finelife.tv\/fr\/2018\/11\/12\/gio-ponti-michel-ange-design-au-mad\/","name":"Gio Ponti : le Michel Ange design au MAD - FineLife.tv","isPartOf":{"@id":"https:\/\/finelife.tv\/fr\/#website"},"primaryImageOfPage":{"@id":"https:\/\/finelife.tv\/fr\/2018\/11\/12\/gio-ponti-michel-ange-design-au-mad\/#primaryimage"},"image":{"@id":"https:\/\/finelife.tv\/fr\/2018\/11\/12\/gio-ponti-michel-ange-design-au-mad\/#primaryimage"},"thumbnailUrl":"http:\/\/finelife.tv\/fr\/wp-content\/uploads\/2018\/11\/tutto_ponti_mad_cathedrale_tarente-finelifetv-300x300.jpg","datePublished":"2018-11-12T14:30:37+00:00","dateModified":"2021-05-07T21:18:35+00:00","author":{"@id":"https:\/\/finelife.tv\/fr\/#\/schema\/person\/e3d980b0c0b3dc5af01c3455893c8c52"},"description":"Le MAD organise la premi\u00e8re r\u00e9trospectived\u00e9di\u00e9e \u00e0 Gio Ponti grande figure m\u00e9connue de l'architecture. Elle couvre l'ensemble de la carri\u00e8re de l'archi=designer des ann\u00e9es 20 aux ann\u00e9es 70 et rassemble plus de 400 pi\u00e8ces.","breadcrumb":{"@id":"https:\/\/finelife.tv\/fr\/2018\/11\/12\/gio-ponti-michel-ange-design-au-mad\/#breadcrumb"},"inLanguage":"fr-FR","potentialAction":[{"@type":"ReadAction","target":["https:\/\/finelife.tv\/fr\/2018\/11\/12\/gio-ponti-michel-ange-design-au-mad\/"]}]},{"@type":"ImageObject","inLanguage":"fr-FR","@id":"https:\/\/finelife.tv\/fr\/2018\/11\/12\/gio-ponti-michel-ange-design-au-mad\/#primaryimage","url":"http:\/\/finelife.tv\/fr\/wp-content\/uploads\/2018\/11\/tutto_ponti_mad_cathedrale_tarente-finelifetv-300x300.jpg","contentUrl":"http:\/\/finelife.tv\/fr\/wp-content\/uploads\/2018\/11\/tutto_ponti_mad_cathedrale_tarente-finelifetv-300x300.jpg"},{"@type":"BreadcrumbList","@id":"https:\/\/finelife.tv\/fr\/2018\/11\/12\/gio-ponti-michel-ange-design-au-mad\/#breadcrumb","itemListElement":[{"@type":"ListItem","position":1,"name":"Accueil","item":"https:\/\/finelife.tv\/fr\/"},{"@type":"ListItem","position":2,"name":"Gio Ponti : le Michel Ange design au MAD"}]},{"@type":"WebSite","@id":"https:\/\/finelife.tv\/fr\/#website","url":"https:\/\/finelife.tv\/fr\/","name":"FineLife.tv","description":"Quand l&#039;Art de vivre croise l&#039;Art de penser","potentialAction":[{"@type":"SearchAction","target":{"@type":"EntryPoint","urlTemplate":"https:\/\/finelife.tv\/fr\/?s={search_term_string}"},"query-input":{"@type":"PropertyValueSpecification","valueRequired":true,"valueName":"search_term_string"}}],"inLanguage":"fr-FR"},{"@type":"Person","@id":"https:\/\/finelife.tv\/fr\/#\/schema\/person\/e3d980b0c0b3dc5af01c3455893c8c52","name":"Leonore","image":{"@type":"ImageObject","inLanguage":"fr-FR","@id":"https:\/\/secure.gravatar.com\/avatar\/9a2e5073417479f910ffdeee54da5ccf4f91eab62746ce0ae0e81124a9491a79?s=96&d=mm&r=g","url":"https:\/\/secure.gravatar.com\/avatar\/9a2e5073417479f910ffdeee54da5ccf4f91eab62746ce0ae0e81124a9491a79?s=96&d=mm&r=g","contentUrl":"https:\/\/secure.gravatar.com\/avatar\/9a2e5073417479f910ffdeee54da5ccf4f91eab62746ce0ae0e81124a9491a79?s=96&d=mm&r=g","caption":"Leonore"}}]}},"_links":{"self":[{"href":"https:\/\/finelife.tv\/fr\/wp-json\/wp\/v2\/posts\/3213","targetHints":{"allow":["GET"]}}],"collection":[{"href":"https:\/\/finelife.tv\/fr\/wp-json\/wp\/v2\/posts"}],"about":[{"href":"https:\/\/finelife.tv\/fr\/wp-json\/wp\/v2\/types\/post"}],"author":[{"embeddable":true,"href":"https:\/\/finelife.tv\/fr\/wp-json\/wp\/v2\/users\/1"}],"replies":[{"embeddable":true,"href":"https:\/\/finelife.tv\/fr\/wp-json\/wp\/v2\/comments?post=3213"}],"version-history":[{"count":20,"href":"https:\/\/finelife.tv\/fr\/wp-json\/wp\/v2\/posts\/3213\/revisions"}],"predecessor-version":[{"id":7671,"href":"https:\/\/finelife.tv\/fr\/wp-json\/wp\/v2\/posts\/3213\/revisions\/7671"}],"wp:attachment":[{"href":"https:\/\/finelife.tv\/fr\/wp-json\/wp\/v2\/media?parent=3213"}],"wp:term":[{"taxonomy":"category","embeddable":true,"href":"https:\/\/finelife.tv\/fr\/wp-json\/wp\/v2\/categories?post=3213"},{"taxonomy":"post_tag","embeddable":true,"href":"https:\/\/finelife.tv\/fr\/wp-json\/wp\/v2\/tags?post=3213"}],"curies":[{"name":"wp","href":"https:\/\/api.w.org\/{rel}","templated":true}]}}