{"id":3276,"date":"2018-11-21T12:59:56","date_gmt":"2018-11-21T11:59:56","guid":{"rendered":"http:\/\/finelife.tv\/fr\/?p=3276"},"modified":"2021-04-07T12:39:04","modified_gmt":"2021-04-07T10:39:04","slug":"la-hune-reouverture-avec-ellen-von-unwerth","status":"publish","type":"post","link":"https:\/\/finelife.tv\/fr\/2018\/11\/21\/la-hune-reouverture-avec-ellen-von-unwerth\/","title":{"rendered":"La Hune : r\u00e9ouverture avec Ellen von Unwerth"},"content":{"rendered":"<div><img loading=\"lazy\" decoding=\"async\" class=\"size-medium wp-image-3278 aligncenter\" src=\"https:\/\/finelife.tv\/fr\/wp-content\/uploads\/2018\/11\/la-hune-exposition-ellen-von-unwerth-finelifetv-300x300.jpg\" alt=\"\" width=\"300\" height=\"300\" srcset=\"https:\/\/finelife.tv\/fr\/wp-content\/uploads\/2018\/11\/la-hune-exposition-ellen-von-unwerth-finelifetv-300x300.jpg 300w, https:\/\/finelife.tv\/fr\/wp-content\/uploads\/2018\/11\/la-hune-exposition-ellen-von-unwerth-finelifetv-150x150.jpg 150w, https:\/\/finelife.tv\/fr\/wp-content\/uploads\/2018\/11\/la-hune-exposition-ellen-von-unwerth-finelifetv.jpg 640w\" sizes=\"auto, (max-width: 300px) 100vw, 300px\" \/><\/div>\n<div><\/div>\n<div><\/div>\n<div><\/div>\n<p>La Hune a ouvert ses portes le vendredi 9 novembre 2018 apr\u00e8s un an de fermeture due \u00e0 un incendie.<br \/>\nLa librairie iconique du quartier Saint-Germain-des-Pr\u00e9s pr\u00e9sente \u00e0 cette occasion \u00ab\u00a0Guilty pleasures\u00a0\u00bb une exposition de la photographe Ellen von Unwerth.<\/p>\n<div><\/div>\n<p>&nbsp;<\/p>\n<div><span style=\"color: #ffff00;\"><strong>Une &nbsp;galerie librairie<\/strong><\/span><\/div>\n<div><\/div>\n<p><img loading=\"lazy\" decoding=\"async\" class=\"size-medium wp-image-3281 aligncenter\" src=\"https:\/\/finelife.tv\/fr\/wp-content\/uploads\/2018\/11\/la-hune-paris-reouverture-finelifetv-225x300.jpg\" alt=\"\" width=\"225\" height=\"300\" srcset=\"https:\/\/finelife.tv\/fr\/wp-content\/uploads\/2018\/11\/la-hune-paris-reouverture-finelifetv-225x300.jpg 225w, https:\/\/finelife.tv\/fr\/wp-content\/uploads\/2018\/11\/la-hune-paris-reouverture-finelifetv.jpg 510w\" sizes=\"auto, (max-width: 225px) 100vw, 225px\" \/><\/p>\n<p style=\"margin: 0px;\">La r\u00e9novation fait dans la mesure. On retrouve la topographie ant\u00e9rieure : \u00e0 gauche au rez-de-chauss\u00e9e le corner vente, le reste de l&rsquo;espace \u00e9tant consacr\u00e9 aux expositions. Couleurs sobres, mobilier chic avec assises et bureau embl\u00e9matiques Roche Bobois incitent \u00e0 se laisser impr\u00e9gner par une photo.<\/p>\n<div>La Hune -ouverte en 1949 par Bernard Gheebrant &#8211; d\u00e9clare r\u00e9affirmer va vocation de diffuseur de livres et de soutien \u00e0 la photographie. Disons surtout la photographie. Pass\u00e9e sous la houlette de Yellow Corner en 2015, l&rsquo;adresse germanoratinne fait la part belle \u00e0 la galerie et d\u00e9laisse le c\u00f4t\u00e9 livres qui se limite d&rsquo;ailleurs aux beaux-livres de l\u2019\u00e9diteur allemand Teneues.<\/div>\n<div><\/div>\n<p>&nbsp;<\/p>\n<div><span style=\"color: #ffff00;\">Ellen von Unworth : 45 clich\u00e9s suggestifs<\/span><\/div>\n<div><\/div>\n<p><img loading=\"lazy\" decoding=\"async\" class=\"size-medium wp-image-3280 aligncenter\" src=\"https:\/\/finelife.tv\/fr\/wp-content\/uploads\/2018\/11\/la-hune-guilty-pleasures-ellen-von-unwerth-finelifetv-300x300.jpg\" alt=\"\" width=\"300\" height=\"300\" srcset=\"https:\/\/finelife.tv\/fr\/wp-content\/uploads\/2018\/11\/la-hune-guilty-pleasures-ellen-von-unwerth-finelifetv-300x300.jpg 300w, https:\/\/finelife.tv\/fr\/wp-content\/uploads\/2018\/11\/la-hune-guilty-pleasures-ellen-von-unwerth-finelifetv-150x150.jpg 150w, https:\/\/finelife.tv\/fr\/wp-content\/uploads\/2018\/11\/la-hune-guilty-pleasures-ellen-von-unwerth-finelifetv.jpg 640w\" sizes=\"auto, (max-width: 300px) 100vw, 300px\" \/><\/p>\n<div>Ellen von Unworth expose 25 clich\u00e9s tr\u00e8s suggestifs sous le titre \u00ab\u00a0Guilty pleasures\u00a0\u00bb. \u00ab\u00a0Depuis plus de trente ans, la photographe livre sa vision des femmes, sensuelles, et libres. En filigrane, se d\u00e9gage sur chacune de ses photographies une authentique distance aux codes\u00a0\u00bb dixit le dossier de presse. Si on appr\u00e9cie les cadrages et le travail noir et blanc on reste sur une impression de tellement vu. Tiens tiens il y a m\u00eame un cheval. Tr\u00e8s actuel \u00e7a en revanche. Et oui aujourd&rsquo;hui il faut penser au bien-\u00eatre animal.<\/div>\n<div><\/div>\n<p><img loading=\"lazy\" decoding=\"async\" class=\"size-medium wp-image-3279 aligncenter\" src=\"https:\/\/finelife.tv\/fr\/wp-content\/uploads\/2018\/11\/la-hune-reouverture-ellen-von-unwerth-finelifetv-300x300.jpg\" alt=\"\" width=\"300\" height=\"300\" srcset=\"https:\/\/finelife.tv\/fr\/wp-content\/uploads\/2018\/11\/la-hune-reouverture-ellen-von-unwerth-finelifetv-300x300.jpg 300w, https:\/\/finelife.tv\/fr\/wp-content\/uploads\/2018\/11\/la-hune-reouverture-ellen-von-unwerth-finelifetv-150x150.jpg 150w, https:\/\/finelife.tv\/fr\/wp-content\/uploads\/2018\/11\/la-hune-reouverture-ellen-von-unwerth-finelifetv.jpg 640w\" sizes=\"auto, (max-width: 300px) 100vw, 300px\" \/><\/p>\n<div><strong>La Hune<\/strong><br \/>\n16 rue de l&rsquo;Abbaye<br \/>\n75006 Paris<br \/>\n<a href=\"http:\/\/www.lahune.com\">http:\/\/www.lahune.com<\/a><\/div>\n<p>Related Article<\/p>\n<p>Nobuyoshi Araki : voyage sentimental<\/p>\n<blockquote class=\"wp-embedded-content\" data-secret=\"SBcgZzjQkz\"><p><a href=\"https:\/\/finelife.tv\/fr\/2017\/06\/08\/nobuyoshi-araki-voyage-sentimental\/\">Nobuyoshi Araki &#8211; Voyage Sentimental<\/a><\/p><\/blockquote>\n<p><iframe loading=\"lazy\" class=\"wp-embedded-content\" sandbox=\"allow-scripts\" security=\"restricted\" style=\"position: absolute; clip: rect(1px, 1px, 1px, 1px);\" title=\"\u00ab\u00a0Nobuyoshi Araki &#8211; Voyage Sentimental\u00a0\u00bb &#8212; FineLife.tv\" src=\"https:\/\/finelife.tv\/fr\/2017\/06\/08\/nobuyoshi-araki-voyage-sentimental\/embed\/#?secret=27Z7WQBaEk#?secret=SBcgZzjQkz\" data-secret=\"SBcgZzjQkz\" width=\"500\" height=\"282\" frameborder=\"0\" marginwidth=\"0\" marginheight=\"0\" scrolling=\"no\"><\/iframe><\/p>\n<p>&nbsp;<\/p>\n","protected":false},"excerpt":{"rendered":"<p>L&rsquo;iconique librairie La Hune \u00e0 Saint-Germain-des-Pr\u00e9s ouvre de nouveau ses portes apr\u00e8s l&rsquo;incendie de novembre 2017. Au menu l&rsquo;exposition de la photographe Ellen von Unwerth et ses femmes en pose hyper suggestives<\/p>\n","protected":false},"author":1,"featured_media":0,"comment_status":"closed","ping_status":"open","sticky":false,"template":"","format":"standard","meta":{"footnotes":""},"categories":[4],"tags":[1491,1494,1484,1496,1485,1490,1487,1488,168,1493,1492,1495,1489,1486],"class_list":["post-3276","post","type-post","status-publish","format-standard","hentry","category-blog","tag-exposition-ellen-von-unwerth","tag-finelife-tv-photographie","tag-la-hune","tag-librairie-galerie","tag-librairie-paris","tag-librairie-photographie","tag-librairie-saint-germain-des-pres","tag-librairies-iconiques-paris","tag-photographie","tag-photographie-porn-chic","tag-porn-chic","tag-quartier-latin","tag-quartier-saint-germain-des-pres","tag-reouverture-la-hune"],"yoast_head":"<!-- This site is optimized with the Yoast SEO plugin v27.5 - https:\/\/yoast.com\/product\/yoast-seo-wordpress\/ -->\n<title>La Hune : r\u00e9ouverture avec Ellen von Unwerth - FineLife.tv<\/title>\n<meta name=\"description\" content=\"L&#039;iconique librairie La hune \u00e0 Saint-germain-des-pr\u00e9s ouvre de nouveau ses portes apr\u00e8s l&#039;incendie de novembre 2017. Au menu l&#039;exposition de la photographe Ellen von Unwerth et ses femmes en pose hyper suggestives\" \/>\n<meta name=\"robots\" content=\"index, follow, max-snippet:-1, max-image-preview:large, max-video-preview:-1\" \/>\n<link rel=\"canonical\" href=\"https:\/\/finelife.tv\/fr\/2018\/11\/21\/la-hune-reouverture-avec-ellen-von-unwerth\/\" \/>\n<meta property=\"og:locale\" content=\"fr_FR\" \/>\n<meta property=\"og:type\" content=\"article\" \/>\n<meta property=\"og:title\" content=\"La Hune : r\u00e9ouverture avec Ellen von Unwerth - FineLife.tv\" \/>\n<meta property=\"og:description\" content=\"L&#039;iconique librairie La hune \u00e0 Saint-germain-des-pr\u00e9s ouvre de nouveau ses portes apr\u00e8s l&#039;incendie de novembre 2017. Au menu l&#039;exposition de la photographe Ellen von Unwerth et ses femmes en pose hyper suggestives\" \/>\n<meta property=\"og:url\" content=\"https:\/\/finelife.tv\/fr\/2018\/11\/21\/la-hune-reouverture-avec-ellen-von-unwerth\/\" \/>\n<meta property=\"og:site_name\" content=\"FineLife.tv\" \/>\n<meta property=\"article:published_time\" content=\"2018-11-21T11:59:56+00:00\" \/>\n<meta property=\"article:modified_time\" content=\"2021-04-07T10:39:04+00:00\" \/>\n<meta property=\"og:image\" content=\"http:\/\/finelife.tv\/fr\/wp-content\/uploads\/2018\/11\/la-hune-exposition-ellen-von-unwerth-finelifetv-300x300.jpg\" \/>\n<meta name=\"author\" content=\"Leonore\" \/>\n<meta name=\"twitter:card\" content=\"summary_large_image\" \/>\n<meta name=\"twitter:creator\" content=\"@finelifetv\" \/>\n<meta name=\"twitter:site\" content=\"@finelifetv\" \/>\n<meta name=\"twitter:label1\" content=\"\u00c9crit par\" \/>\n\t<meta name=\"twitter:data1\" content=\"Leonore\" \/>\n\t<meta name=\"twitter:label2\" content=\"Dur\u00e9e de lecture estim\u00e9e\" \/>\n\t<meta name=\"twitter:data2\" content=\"2 minutes\" \/>\n<script type=\"application\/ld+json\" class=\"yoast-schema-graph\">{\"@context\":\"https:\\\/\\\/schema.org\",\"@graph\":[{\"@type\":\"Article\",\"@id\":\"https:\\\/\\\/finelife.tv\\\/fr\\\/2018\\\/11\\\/21\\\/la-hune-reouverture-avec-ellen-von-unwerth\\\/#article\",\"isPartOf\":{\"@id\":\"https:\\\/\\\/finelife.tv\\\/fr\\\/2018\\\/11\\\/21\\\/la-hune-reouverture-avec-ellen-von-unwerth\\\/\"},\"author\":{\"name\":\"Leonore\",\"@id\":\"https:\\\/\\\/finelife.tv\\\/fr\\\/#\\\/schema\\\/person\\\/e3d980b0c0b3dc5af01c3455893c8c52\"},\"headline\":\"La Hune : r\u00e9ouverture avec Ellen von Unwerth\",\"datePublished\":\"2018-11-21T11:59:56+00:00\",\"dateModified\":\"2021-04-07T10:39:04+00:00\",\"mainEntityOfPage\":{\"@id\":\"https:\\\/\\\/finelife.tv\\\/fr\\\/2018\\\/11\\\/21\\\/la-hune-reouverture-avec-ellen-von-unwerth\\\/\"},\"wordCount\":290,\"image\":{\"@id\":\"https:\\\/\\\/finelife.tv\\\/fr\\\/2018\\\/11\\\/21\\\/la-hune-reouverture-avec-ellen-von-unwerth\\\/#primaryimage\"},\"thumbnailUrl\":\"http:\\\/\\\/finelife.tv\\\/fr\\\/wp-content\\\/uploads\\\/2018\\\/11\\\/la-hune-exposition-ellen-von-unwerth-finelifetv-300x300.jpg\",\"keywords\":[\"exposition ellen von unwerth\",\"finelife tv photographie\",\"la hune\",\"librairie galerie\",\"librairie paris\",\"librairie photographie\",\"librairie saint-germain-des-pr\u00e9s\",\"librairies iconiques paris\",\"photographie\",\"photographie porn chic\",\"porn chic\",\"quartier latin\",\"quartier saint-germain-des-pr\u00e9s\",\"reouverture la hune\"],\"articleSection\":[\"Blog\"],\"inLanguage\":\"fr-FR\"},{\"@type\":\"WebPage\",\"@id\":\"https:\\\/\\\/finelife.tv\\\/fr\\\/2018\\\/11\\\/21\\\/la-hune-reouverture-avec-ellen-von-unwerth\\\/\",\"url\":\"https:\\\/\\\/finelife.tv\\\/fr\\\/2018\\\/11\\\/21\\\/la-hune-reouverture-avec-ellen-von-unwerth\\\/\",\"name\":\"La Hune : r\u00e9ouverture avec Ellen von Unwerth - FineLife.tv\",\"isPartOf\":{\"@id\":\"https:\\\/\\\/finelife.tv\\\/fr\\\/#website\"},\"primaryImageOfPage\":{\"@id\":\"https:\\\/\\\/finelife.tv\\\/fr\\\/2018\\\/11\\\/21\\\/la-hune-reouverture-avec-ellen-von-unwerth\\\/#primaryimage\"},\"image\":{\"@id\":\"https:\\\/\\\/finelife.tv\\\/fr\\\/2018\\\/11\\\/21\\\/la-hune-reouverture-avec-ellen-von-unwerth\\\/#primaryimage\"},\"thumbnailUrl\":\"http:\\\/\\\/finelife.tv\\\/fr\\\/wp-content\\\/uploads\\\/2018\\\/11\\\/la-hune-exposition-ellen-von-unwerth-finelifetv-300x300.jpg\",\"datePublished\":\"2018-11-21T11:59:56+00:00\",\"dateModified\":\"2021-04-07T10:39:04+00:00\",\"author\":{\"@id\":\"https:\\\/\\\/finelife.tv\\\/fr\\\/#\\\/schema\\\/person\\\/e3d980b0c0b3dc5af01c3455893c8c52\"},\"description\":\"L'iconique librairie La hune \u00e0 Saint-germain-des-pr\u00e9s ouvre de nouveau ses portes apr\u00e8s l'incendie de novembre 2017. Au menu l'exposition de la photographe Ellen von Unwerth et ses femmes en pose hyper suggestives\",\"breadcrumb\":{\"@id\":\"https:\\\/\\\/finelife.tv\\\/fr\\\/2018\\\/11\\\/21\\\/la-hune-reouverture-avec-ellen-von-unwerth\\\/#breadcrumb\"},\"inLanguage\":\"fr-FR\",\"potentialAction\":[{\"@type\":\"ReadAction\",\"target\":[\"https:\\\/\\\/finelife.tv\\\/fr\\\/2018\\\/11\\\/21\\\/la-hune-reouverture-avec-ellen-von-unwerth\\\/\"]}]},{\"@type\":\"ImageObject\",\"inLanguage\":\"fr-FR\",\"@id\":\"https:\\\/\\\/finelife.tv\\\/fr\\\/2018\\\/11\\\/21\\\/la-hune-reouverture-avec-ellen-von-unwerth\\\/#primaryimage\",\"url\":\"https:\\\/\\\/finelife.tv\\\/fr\\\/wp-content\\\/uploads\\\/2018\\\/11\\\/la-hune-exposition-ellen-von-unwerth-finelifetv.jpg\",\"contentUrl\":\"https:\\\/\\\/finelife.tv\\\/fr\\\/wp-content\\\/uploads\\\/2018\\\/11\\\/la-hune-exposition-ellen-von-unwerth-finelifetv.jpg\",\"width\":640,\"height\":640},{\"@type\":\"BreadcrumbList\",\"@id\":\"https:\\\/\\\/finelife.tv\\\/fr\\\/2018\\\/11\\\/21\\\/la-hune-reouverture-avec-ellen-von-unwerth\\\/#breadcrumb\",\"itemListElement\":[{\"@type\":\"ListItem\",\"position\":1,\"name\":\"Accueil\",\"item\":\"https:\\\/\\\/finelife.tv\\\/fr\\\/\"},{\"@type\":\"ListItem\",\"position\":2,\"name\":\"La Hune : r\u00e9ouverture avec Ellen von Unwerth\"}]},{\"@type\":\"WebSite\",\"@id\":\"https:\\\/\\\/finelife.tv\\\/fr\\\/#website\",\"url\":\"https:\\\/\\\/finelife.tv\\\/fr\\\/\",\"name\":\"FineLife.tv\",\"description\":\"Quand l&#039;Art de vivre croise l&#039;Art de penser\",\"potentialAction\":[{\"@type\":\"SearchAction\",\"target\":{\"@type\":\"EntryPoint\",\"urlTemplate\":\"https:\\\/\\\/finelife.tv\\\/fr\\\/?s={search_term_string}\"},\"query-input\":{\"@type\":\"PropertyValueSpecification\",\"valueRequired\":true,\"valueName\":\"search_term_string\"}}],\"inLanguage\":\"fr-FR\"},{\"@type\":\"Person\",\"@id\":\"https:\\\/\\\/finelife.tv\\\/fr\\\/#\\\/schema\\\/person\\\/e3d980b0c0b3dc5af01c3455893c8c52\",\"name\":\"Leonore\",\"image\":{\"@type\":\"ImageObject\",\"inLanguage\":\"fr-FR\",\"@id\":\"https:\\\/\\\/secure.gravatar.com\\\/avatar\\\/9a2e5073417479f910ffdeee54da5ccf4f91eab62746ce0ae0e81124a9491a79?s=96&d=mm&r=g\",\"url\":\"https:\\\/\\\/secure.gravatar.com\\\/avatar\\\/9a2e5073417479f910ffdeee54da5ccf4f91eab62746ce0ae0e81124a9491a79?s=96&d=mm&r=g\",\"contentUrl\":\"https:\\\/\\\/secure.gravatar.com\\\/avatar\\\/9a2e5073417479f910ffdeee54da5ccf4f91eab62746ce0ae0e81124a9491a79?s=96&d=mm&r=g\",\"caption\":\"Leonore\"}}]}<\/script>\n<!-- \/ Yoast SEO plugin. -->","yoast_head_json":{"title":"La Hune : r\u00e9ouverture avec Ellen von Unwerth - FineLife.tv","description":"L'iconique librairie La hune \u00e0 Saint-germain-des-pr\u00e9s ouvre de nouveau ses portes apr\u00e8s l'incendie de novembre 2017. Au menu l'exposition de la photographe Ellen von Unwerth et ses femmes en pose hyper suggestives","robots":{"index":"index","follow":"follow","max-snippet":"max-snippet:-1","max-image-preview":"max-image-preview:large","max-video-preview":"max-video-preview:-1"},"canonical":"https:\/\/finelife.tv\/fr\/2018\/11\/21\/la-hune-reouverture-avec-ellen-von-unwerth\/","og_locale":"fr_FR","og_type":"article","og_title":"La Hune : r\u00e9ouverture avec Ellen von Unwerth - FineLife.tv","og_description":"L'iconique librairie La hune \u00e0 Saint-germain-des-pr\u00e9s ouvre de nouveau ses portes apr\u00e8s l'incendie de novembre 2017. Au menu l'exposition de la photographe Ellen von Unwerth et ses femmes en pose hyper suggestives","og_url":"https:\/\/finelife.tv\/fr\/2018\/11\/21\/la-hune-reouverture-avec-ellen-von-unwerth\/","og_site_name":"FineLife.tv","article_published_time":"2018-11-21T11:59:56+00:00","article_modified_time":"2021-04-07T10:39:04+00:00","og_image":[{"url":"http:\/\/finelife.tv\/fr\/wp-content\/uploads\/2018\/11\/la-hune-exposition-ellen-von-unwerth-finelifetv-300x300.jpg","type":"","width":"","height":""}],"author":"Leonore","twitter_card":"summary_large_image","twitter_creator":"@finelifetv","twitter_site":"@finelifetv","twitter_misc":{"\u00c9crit par":"Leonore","Dur\u00e9e de lecture estim\u00e9e":"2 minutes"},"schema":{"@context":"https:\/\/schema.org","@graph":[{"@type":"Article","@id":"https:\/\/finelife.tv\/fr\/2018\/11\/21\/la-hune-reouverture-avec-ellen-von-unwerth\/#article","isPartOf":{"@id":"https:\/\/finelife.tv\/fr\/2018\/11\/21\/la-hune-reouverture-avec-ellen-von-unwerth\/"},"author":{"name":"Leonore","@id":"https:\/\/finelife.tv\/fr\/#\/schema\/person\/e3d980b0c0b3dc5af01c3455893c8c52"},"headline":"La Hune : r\u00e9ouverture avec Ellen von Unwerth","datePublished":"2018-11-21T11:59:56+00:00","dateModified":"2021-04-07T10:39:04+00:00","mainEntityOfPage":{"@id":"https:\/\/finelife.tv\/fr\/2018\/11\/21\/la-hune-reouverture-avec-ellen-von-unwerth\/"},"wordCount":290,"image":{"@id":"https:\/\/finelife.tv\/fr\/2018\/11\/21\/la-hune-reouverture-avec-ellen-von-unwerth\/#primaryimage"},"thumbnailUrl":"http:\/\/finelife.tv\/fr\/wp-content\/uploads\/2018\/11\/la-hune-exposition-ellen-von-unwerth-finelifetv-300x300.jpg","keywords":["exposition ellen von unwerth","finelife tv photographie","la hune","librairie galerie","librairie paris","librairie photographie","librairie saint-germain-des-pr\u00e9s","librairies iconiques paris","photographie","photographie porn chic","porn chic","quartier latin","quartier saint-germain-des-pr\u00e9s","reouverture la hune"],"articleSection":["Blog"],"inLanguage":"fr-FR"},{"@type":"WebPage","@id":"https:\/\/finelife.tv\/fr\/2018\/11\/21\/la-hune-reouverture-avec-ellen-von-unwerth\/","url":"https:\/\/finelife.tv\/fr\/2018\/11\/21\/la-hune-reouverture-avec-ellen-von-unwerth\/","name":"La Hune : r\u00e9ouverture avec Ellen von Unwerth - FineLife.tv","isPartOf":{"@id":"https:\/\/finelife.tv\/fr\/#website"},"primaryImageOfPage":{"@id":"https:\/\/finelife.tv\/fr\/2018\/11\/21\/la-hune-reouverture-avec-ellen-von-unwerth\/#primaryimage"},"image":{"@id":"https:\/\/finelife.tv\/fr\/2018\/11\/21\/la-hune-reouverture-avec-ellen-von-unwerth\/#primaryimage"},"thumbnailUrl":"http:\/\/finelife.tv\/fr\/wp-content\/uploads\/2018\/11\/la-hune-exposition-ellen-von-unwerth-finelifetv-300x300.jpg","datePublished":"2018-11-21T11:59:56+00:00","dateModified":"2021-04-07T10:39:04+00:00","author":{"@id":"https:\/\/finelife.tv\/fr\/#\/schema\/person\/e3d980b0c0b3dc5af01c3455893c8c52"},"description":"L'iconique librairie La hune \u00e0 Saint-germain-des-pr\u00e9s ouvre de nouveau ses portes apr\u00e8s l'incendie de novembre 2017. Au menu l'exposition de la photographe Ellen von Unwerth et ses femmes en pose hyper suggestives","breadcrumb":{"@id":"https:\/\/finelife.tv\/fr\/2018\/11\/21\/la-hune-reouverture-avec-ellen-von-unwerth\/#breadcrumb"},"inLanguage":"fr-FR","potentialAction":[{"@type":"ReadAction","target":["https:\/\/finelife.tv\/fr\/2018\/11\/21\/la-hune-reouverture-avec-ellen-von-unwerth\/"]}]},{"@type":"ImageObject","inLanguage":"fr-FR","@id":"https:\/\/finelife.tv\/fr\/2018\/11\/21\/la-hune-reouverture-avec-ellen-von-unwerth\/#primaryimage","url":"https:\/\/finelife.tv\/fr\/wp-content\/uploads\/2018\/11\/la-hune-exposition-ellen-von-unwerth-finelifetv.jpg","contentUrl":"https:\/\/finelife.tv\/fr\/wp-content\/uploads\/2018\/11\/la-hune-exposition-ellen-von-unwerth-finelifetv.jpg","width":640,"height":640},{"@type":"BreadcrumbList","@id":"https:\/\/finelife.tv\/fr\/2018\/11\/21\/la-hune-reouverture-avec-ellen-von-unwerth\/#breadcrumb","itemListElement":[{"@type":"ListItem","position":1,"name":"Accueil","item":"https:\/\/finelife.tv\/fr\/"},{"@type":"ListItem","position":2,"name":"La Hune : r\u00e9ouverture avec Ellen von Unwerth"}]},{"@type":"WebSite","@id":"https:\/\/finelife.tv\/fr\/#website","url":"https:\/\/finelife.tv\/fr\/","name":"FineLife.tv","description":"Quand l&#039;Art de vivre croise l&#039;Art de penser","potentialAction":[{"@type":"SearchAction","target":{"@type":"EntryPoint","urlTemplate":"https:\/\/finelife.tv\/fr\/?s={search_term_string}"},"query-input":{"@type":"PropertyValueSpecification","valueRequired":true,"valueName":"search_term_string"}}],"inLanguage":"fr-FR"},{"@type":"Person","@id":"https:\/\/finelife.tv\/fr\/#\/schema\/person\/e3d980b0c0b3dc5af01c3455893c8c52","name":"Leonore","image":{"@type":"ImageObject","inLanguage":"fr-FR","@id":"https:\/\/secure.gravatar.com\/avatar\/9a2e5073417479f910ffdeee54da5ccf4f91eab62746ce0ae0e81124a9491a79?s=96&d=mm&r=g","url":"https:\/\/secure.gravatar.com\/avatar\/9a2e5073417479f910ffdeee54da5ccf4f91eab62746ce0ae0e81124a9491a79?s=96&d=mm&r=g","contentUrl":"https:\/\/secure.gravatar.com\/avatar\/9a2e5073417479f910ffdeee54da5ccf4f91eab62746ce0ae0e81124a9491a79?s=96&d=mm&r=g","caption":"Leonore"}}]}},"_links":{"self":[{"href":"https:\/\/finelife.tv\/fr\/wp-json\/wp\/v2\/posts\/3276","targetHints":{"allow":["GET"]}}],"collection":[{"href":"https:\/\/finelife.tv\/fr\/wp-json\/wp\/v2\/posts"}],"about":[{"href":"https:\/\/finelife.tv\/fr\/wp-json\/wp\/v2\/types\/post"}],"author":[{"embeddable":true,"href":"https:\/\/finelife.tv\/fr\/wp-json\/wp\/v2\/users\/1"}],"replies":[{"embeddable":true,"href":"https:\/\/finelife.tv\/fr\/wp-json\/wp\/v2\/comments?post=3276"}],"version-history":[{"count":15,"href":"https:\/\/finelife.tv\/fr\/wp-json\/wp\/v2\/posts\/3276\/revisions"}],"predecessor-version":[{"id":7217,"href":"https:\/\/finelife.tv\/fr\/wp-json\/wp\/v2\/posts\/3276\/revisions\/7217"}],"wp:attachment":[{"href":"https:\/\/finelife.tv\/fr\/wp-json\/wp\/v2\/media?parent=3276"}],"wp:term":[{"taxonomy":"category","embeddable":true,"href":"https:\/\/finelife.tv\/fr\/wp-json\/wp\/v2\/categories?post=3276"},{"taxonomy":"post_tag","embeddable":true,"href":"https:\/\/finelife.tv\/fr\/wp-json\/wp\/v2\/tags?post=3276"}],"curies":[{"name":"wp","href":"https:\/\/api.w.org\/{rel}","templated":true}]}}