{"id":3293,"date":"2018-11-21T13:08:42","date_gmt":"2018-11-21T12:08:42","guid":{"rendered":"http:\/\/finelife.tv\/fr\/?p=3293"},"modified":"2024-05-20T13:21:06","modified_gmt":"2024-05-20T11:21:06","slug":"jr-exposition-momentum-a-la-mep","status":"publish","type":"post","link":"https:\/\/finelife.tv\/fr\/2018\/11\/21\/jr-exposition-momentum-a-la-mep\/","title":{"rendered":"JR : exposition Momentum \u00e0 la MEP"},"content":{"rendered":"<div>\n<p><img loading=\"lazy\" decoding=\"async\" class=\"size-medium wp-image-3289 aligncenter\" src=\"https:\/\/finelife.tv\/fr\/wp-content\/uploads\/2018\/11\/mep-jr-montfermeil-finelifetv-300x225.jpg\" alt=\"\" width=\"300\" height=\"225\" srcset=\"https:\/\/finelife.tv\/fr\/wp-content\/uploads\/2018\/11\/mep-jr-montfermeil-finelifetv-300x225.jpg 300w, https:\/\/finelife.tv\/fr\/wp-content\/uploads\/2018\/11\/mep-jr-montfermeil-finelifetv.jpg 680w\" sizes=\"auto, (max-width: 300px) 100vw, 300px\" \/><\/p>\n<\/div>\n<p>JR : exposition Momentum \u00e0 la MEP . Sous le terme physique un peu pompeux de \u00ab\u00a0<span style=\"color: #ffff00;\">Momentum, la m\u00e9canique de l\u2019\u00e9preuve<\/span>\u00ab\u00a0, l&rsquo;exposition est\u00a0 une\u00a0<span style=\"color: #ffff00;\">r\u00e9trospective des grands moments<\/span>\u00a0de son travail. Celui qui pr\u00f4nait l&rsquo;art en ext\u00e9rieur semble de plus en plus emmur\u00e9.<\/p>\n<div>\u00a0<\/div>\n<div><span style=\"color: #cc99ff;\"><strong><span style=\"color: #993366;\">Women are Heros<\/span><\/strong><\/span><\/div>\n<div>\u00a0<\/div>\n<div><span style=\"color: #ffff00;\">Un regard qui parle<\/span>, c&rsquo;est la signature de JR l&rsquo;ing\u00e9nieur devenu artiste. L&rsquo;oeil du regard\u00e9 et du photographe plongent dans les m\u00e9moires et racontent le voyage, l&rsquo;exil, les conflits. On se souvient des\u00a0<span style=\"color: #ffff00;\">yeux \u00e9carquill\u00e9s qui se dessinaient sur les affiches g\u00e9antes coll\u00e9es sur les quais et les ponts de l&rsquo;ile Saint-Louis en 2009<\/span>. Des portraits de 70 femmes africaines, asiatiques ou sud-am\u00e9ricaines victimes des guerres qui faisaient face. On retrouve des clich\u00e9s de \u00ab\u00a0Women are Heroes\u00a0\u00bb dans l&rsquo;exposition.<\/div>\n<div>\u00a0<\/div>\n<p><img loading=\"lazy\" decoding=\"async\" class=\"size-medium wp-image-3290 aligncenter\" src=\"https:\/\/finelife.tv\/fr\/wp-content\/uploads\/2018\/11\/mep-jr-memoire-migration-finelifetv-300x300.jpg\" alt=\"\" width=\"300\" height=\"300\" srcset=\"https:\/\/finelife.tv\/fr\/wp-content\/uploads\/2018\/11\/mep-jr-memoire-migration-finelifetv-300x300.jpg 300w, https:\/\/finelife.tv\/fr\/wp-content\/uploads\/2018\/11\/mep-jr-memoire-migration-finelifetv-150x150.jpg 150w, https:\/\/finelife.tv\/fr\/wp-content\/uploads\/2018\/11\/mep-jr-memoire-migration-finelifetv.jpg 640w\" sizes=\"auto, (max-width: 300px) 100vw, 300px\" \/><\/p>\n<div>\u00a0<\/div>\n<div><span style=\"color: #993366;\"><strong>Danse et cit\u00e9s<\/strong><\/span><\/div>\n<div>\u00a0<\/div>\n<p style=\"margin: 0px;\">JR explore les\u00a0<span style=\"color: #ffff00;\">zones p\u00e9riph\u00e9riques, les zones non-droit ou de conflits<\/span>. \u00ab\u00a0<span style=\"color: #ffff00;\">Portrait d&rsquo;une g\u00e9n\u00e9ration<\/span>\u00a0\u00bb un travail sur le quotidien des habitants de la\u00a0<span style=\"color: #ffff00;\">cit\u00e9 des Bosquets \u00e0\u00a0Clichy-Montfermeil<\/span>\u00a0avant et apr\u00e8s les \u00e9meutes urbaines de 2005 a aussi \u00e9t\u00e9 retenu par la Mep. Une fresque couverte de portraits d\u00e9bute comme une vague, se poursuit par des clich\u00e9s de groupes d&rsquo;enfants &#8230; Les habitants dialoguent entre eux et avec les \u00ab\u00a0regardants\u00a0\u00bb. Le collage permet une sc\u00e9narisation presque chor\u00e9graphique. Ce travail a d&rsquo;ailleurs \u00e9t\u00e9 pr\u00e9sent\u00e9 \u00e0 la Galerie Perrotin \u00e0 c\u00f4t\u00e9 de clich\u00e9s de danseurs de l&rsquo;op\u00e9ra de Paris sur les toits du Palais Garnier et de ceux du New-York City ballet dans les espaces ouverts de containers.<\/p>\n<p>On retrouve dans \u00ab\u00a0Momentum, la m\u00e9canique de l\u2019\u00e9preuve\u00a0\u00bb des photos de\u00a0<span style=\"color: #ffff00;\">danseurs du New-York City ballet qui, pos\u00e9s sur un drap froiss\u00e9, composent un oeil.<\/span>\u00a0Le regard qui interroge toujours. Et toujours aussi le go\u00fbt des communaut\u00e9s comme de leur rencontre.<\/p>\n<p><img loading=\"lazy\" decoding=\"async\" class=\"size-medium wp-image-3288 aligncenter\" src=\"https:\/\/finelife.tv\/fr\/wp-content\/uploads\/2018\/11\/mep-jr-portrait-dune-generation-montfermeil-finelifetv-225x300.jpg\" alt=\"\" width=\"225\" height=\"300\" srcset=\"https:\/\/finelife.tv\/fr\/wp-content\/uploads\/2018\/11\/mep-jr-portrait-dune-generation-montfermeil-finelifetv-225x300.jpg 225w, https:\/\/finelife.tv\/fr\/wp-content\/uploads\/2018\/11\/mep-jr-portrait-dune-generation-montfermeil-finelifetv.jpg 510w\" sizes=\"auto, (max-width: 225px) 100vw, 225px\" \/><\/p>\n<div>\u00a0<\/div>\n<div><span style=\"color: #993366;\"><strong>Des trains, des fresques, des cargos<\/strong><\/span><\/div>\n<div>\u00a0<\/div>\n<div>JR joue aussi avec les\u00a0<span style=\"color: #ffff00;\">installations et les syst\u00e8mes<\/span>\u00a0du\u00a0<span style=\"color: #ffff00;\">train \u00e9lectrique<\/span>\u00a0tagu\u00e9 d&rsquo;un oeil \u00e0\u00a0<span style=\"color: #ffff00;\">la maquette XL d&rsquo;un cargot<\/span>\u00a0en passant par les\u00a0<span style=\"color: #ffff00;\">installations g\u00e9antes des JO de Rio<\/span>\u00a0en 2016 ou la \u00a0<span style=\"color: #ffff00;\">fresque interactive<\/span>\u00a0in\u00e9dite. Celle-ci explore l\u2019impossible contr\u00f4le des armes aux \u00c9tats-Unis. Une application permet de suivre l&rsquo;histoire de chacun des personnages repr\u00e9sent\u00e9s.<\/div>\n<div>\u00a0<\/div>\n<div><img loading=\"lazy\" decoding=\"async\" class=\"size-medium wp-image-3292 aligncenter\" src=\"https:\/\/finelife.tv\/fr\/wp-content\/uploads\/2018\/11\/mep-jr-photographie-jo206-finelifetv-300x300.jpg\" alt=\"\" width=\"300\" height=\"300\" srcset=\"https:\/\/finelife.tv\/fr\/wp-content\/uploads\/2018\/11\/mep-jr-photographie-jo206-finelifetv-300x300.jpg 300w, https:\/\/finelife.tv\/fr\/wp-content\/uploads\/2018\/11\/mep-jr-photographie-jo206-finelifetv-150x150.jpg 150w, https:\/\/finelife.tv\/fr\/wp-content\/uploads\/2018\/11\/mep-jr-photographie-jo206-finelifetv.jpg 640w\" sizes=\"auto, (max-width: 300px) 100vw, 300px\" \/><\/div>\n<div>\u00a0<\/div>\n<p><img loading=\"lazy\" decoding=\"async\" class=\"size-medium wp-image-3291 aligncenter\" src=\"https:\/\/finelife.tv\/fr\/wp-content\/uploads\/2018\/11\/mep-jr-new-york-ballet-finelifetv-300x300.jpg\" alt=\"\" width=\"300\" height=\"300\" srcset=\"https:\/\/finelife.tv\/fr\/wp-content\/uploads\/2018\/11\/mep-jr-new-york-ballet-finelifetv-300x300.jpg 300w, https:\/\/finelife.tv\/fr\/wp-content\/uploads\/2018\/11\/mep-jr-new-york-ballet-finelifetv-150x150.jpg 150w, https:\/\/finelife.tv\/fr\/wp-content\/uploads\/2018\/11\/mep-jr-new-york-ballet-finelifetv.jpg 640w\" sizes=\"auto, (max-width: 300px) 100vw, 300px\" \/><\/p>\n<p>L&rsquo;exposition s&rsquo;ach\u00e8ve par\u00a0<span style=\"color: #ffff00;\">The Wrinkles of the City<\/span>\u00a0dont le propos est de\u00a0<span style=\"color: #ffff00;\">raconter l\u2019histoire et la m\u00e9moire d\u2019un pays ou d\u2019une ville en se focalisant sur les rides de ses habitants<\/span>. C&rsquo;est peut-\u00eatre le moment le plus int\u00e9ressant. On sort des th\u00e9matiques classiques et fully pollitically correct. Anyway l&rsquo;expo cartonne. La Mep a du revoir ses horaires d&rsquo;ouverture.<\/p>\n<p><strong>Memontum- JR<\/strong><br \/>MEP<br \/>5\/7 Rue de Fourcy<br \/>75004 Paris<br \/><a href=\"_wp_link_placeholder\">https:\/\/www.mep.fr<\/a><\/p>\n<p>Related Articles<\/p>\n<p>Paris Photo = doc, vintage et vid\u00e9o<\/p>\n<p><blockquote class=\"wp-embedded-content\" data-secret=\"P1wwJTtwCF\"><a href=\"https:\/\/finelife.tv\/fr\/2018\/01\/15\/paris-photo-2017-doc-vintage-videos\/\">Paris Photo 2017 : doc, vintage et videos<\/a><\/blockquote><iframe loading=\"lazy\" class=\"wp-embedded-content\" sandbox=\"allow-scripts\" security=\"restricted\" style=\"position: absolute; clip: rect(1px, 1px, 1px, 1px);\" title=\"\u00ab\u00a0Paris Photo 2017 : doc, vintage et videos\u00a0\u00bb &#8212; FineLife.tv\" src=\"https:\/\/finelife.tv\/fr\/2018\/01\/15\/paris-photo-2017-doc-vintage-videos\/embed\/#?secret=nGZJbupAjl#?secret=P1wwJTtwCF\" data-secret=\"P1wwJTtwCF\" width=\"500\" height=\"282\" frameborder=\"0\" marginwidth=\"0\" marginheight=\"0\" scrolling=\"no\"><\/iframe><\/p>\n\n\n<p>La hune : r\u00e9ouverture avec Ellen  von Unwerth<\/p>\n\n\n\n<figure class=\"wp-block-embed is-type-wp-embed is-provider-finelife-tv wp-block-embed-finelife-tv\"><div class=\"wp-block-embed__wrapper\">\n<blockquote class=\"wp-embedded-content\" data-secret=\"TCm9hZdYAM\"><a href=\"https:\/\/finelife.tv\/fr\/2018\/11\/21\/la-hune-reouverture-avec-ellen-von-unwerth\/\">La Hune : r\u00e9ouverture avec Ellen von Unwerth<\/a><\/blockquote><iframe loading=\"lazy\" class=\"wp-embedded-content\" sandbox=\"allow-scripts\" security=\"restricted\" style=\"position: absolute; clip: rect(1px, 1px, 1px, 1px);\" title=\"\u00ab\u00a0La Hune : r\u00e9ouverture avec Ellen von Unwerth\u00a0\u00bb &#8212; FineLife.tv\" src=\"https:\/\/finelife.tv\/fr\/2018\/11\/21\/la-hune-reouverture-avec-ellen-von-unwerth\/embed\/#?secret=G4xZnnFbEQ#?secret=TCm9hZdYAM\" data-secret=\"TCm9hZdYAM\" width=\"500\" height=\"282\" frameborder=\"0\" marginwidth=\"0\" marginheight=\"0\" scrolling=\"no\"><\/iframe>\n<\/div><\/figure>\n\n\n\n<p>Eric Pillot : zoom sur les zoos<\/p>\n\n\n\n<figure class=\"wp-block-embed is-type-wp-embed is-provider-finelife-tv wp-block-embed-finelife-tv\"><div class=\"wp-block-embed__wrapper\">\n<blockquote class=\"wp-embedded-content\" data-secret=\"67vBVOG8aH\"><a href=\"https:\/\/finelife.tv\/fr\/2017\/06\/08\/eric-pillot-zoom-sur-les-zoos\/\">Eric Pillot : Zoom sur les Zoos<\/a><\/blockquote><iframe loading=\"lazy\" class=\"wp-embedded-content\" sandbox=\"allow-scripts\" security=\"restricted\" style=\"position: absolute; clip: rect(1px, 1px, 1px, 1px);\" title=\"\u00ab\u00a0Eric Pillot : Zoom sur les Zoos\u00a0\u00bb &#8212; FineLife.tv\" src=\"https:\/\/finelife.tv\/fr\/2017\/06\/08\/eric-pillot-zoom-sur-les-zoos\/embed\/#?secret=wtuoyPmeRK#?secret=67vBVOG8aH\" data-secret=\"67vBVOG8aH\" width=\"500\" height=\"282\" frameborder=\"0\" marginwidth=\"0\" marginheight=\"0\" scrolling=\"no\"><\/iframe>\n<\/div><\/figure>\n\n\n\n<p>Voyage sentimental Nobuyoshi Araki<\/p>\n\n\n\n<figure class=\"wp-block-embed is-type-wp-embed is-provider-finelife-tv wp-block-embed-finelife-tv\"><div class=\"wp-block-embed__wrapper\">\n<blockquote class=\"wp-embedded-content\" data-secret=\"mCxKQybgEM\"><a href=\"https:\/\/finelife.tv\/fr\/2017\/06\/08\/nobuyoshi-araki-voyage-sentimental\/\">Nobuyoshi Araki &#8211; Voyage Sentimental<\/a><\/blockquote><iframe loading=\"lazy\" class=\"wp-embedded-content\" sandbox=\"allow-scripts\" security=\"restricted\" style=\"position: absolute; clip: rect(1px, 1px, 1px, 1px);\" title=\"\u00ab\u00a0Nobuyoshi Araki &#8211; Voyage Sentimental\u00a0\u00bb &#8212; FineLife.tv\" src=\"https:\/\/finelife.tv\/fr\/2017\/06\/08\/nobuyoshi-araki-voyage-sentimental\/embed\/#?secret=dfdTsFHLf3#?secret=mCxKQybgEM\" data-secret=\"mCxKQybgEM\" width=\"500\" height=\"282\" frameborder=\"0\" marginwidth=\"0\" marginheight=\"0\" scrolling=\"no\"><\/iframe>\n<\/div><\/figure>\n\n\n\n<p><strong><a href=\"https:\/\/finelife.tv\/fr\/2024\/05\/12\/expo-andres-serrano-les-sombres-archives-de-lamerique\/\">Expo Andres Serrano les sombres archives de l\u2019Am\u00e9rique<\/a><\/strong><\/p>\n","protected":false},"excerpt":{"rendered":"<p>JR : exposition Momentum \u00e0 la MEP \u00ab\u00a0Momentum, la m\u00e9canique de l\u2019\u00e9preuve\u00a0\u00bb est\u00a0une\u00a0r\u00e9trospective des grands moments\u00a0de son travail : exil, migration &#8230;q<\/p>\n","protected":false},"author":1,"featured_media":0,"comment_status":"open","ping_status":"open","sticky":false,"template":"","format":"standard","meta":{"footnotes":""},"categories":[4],"tags":[527,22,1505,1507,1508,1498,1503,1504,1497,1506,1499,168,1501,1500,1502],"class_list":["post-3293","post","type-post","status-publish","format-standard","hentry","category-blog","tag-finelifetv","tag-art","tag-expo-mep-paris","tag-finelife-tv-art","tag-finelife-tv-jr","tag-jr","tag-jr-artiste","tag-jr-expo-paris","tag-mep","tag-momentum-mep","tag-montfermeil","tag-photographie","tag-photographie-cite-montfermeil","tag-portrait-generation-jr","tag-street-photography"],"yoast_head":"<!-- This site is optimized with the Yoast SEO plugin v27.5 - https:\/\/yoast.com\/product\/yoast-seo-wordpress\/ -->\n<title>JR : exposition Momentum \u00e0 la MEP - FineLife.tv<\/title>\n<meta name=\"description\" content=\"JR : exposition Momentum \u00e0 la MEP. Momentum, la m\u00e9canique de l\u2019\u00e9preuve&quot; est une r\u00e9trospective des grands moments de son travail\" \/>\n<meta name=\"robots\" content=\"index, follow, max-snippet:-1, max-image-preview:large, max-video-preview:-1\" \/>\n<link rel=\"canonical\" href=\"https:\/\/finelife.tv\/fr\/2018\/11\/21\/jr-exposition-momentum-a-la-mep\/\" \/>\n<meta property=\"og:locale\" content=\"fr_FR\" \/>\n<meta property=\"og:type\" content=\"article\" \/>\n<meta property=\"og:title\" content=\"JR : exposition Momentum \u00e0 la MEP - FineLife.tv\" \/>\n<meta property=\"og:description\" content=\"JR : exposition Momentum \u00e0 la MEP. Momentum, la m\u00e9canique de l\u2019\u00e9preuve&quot; est une r\u00e9trospective des grands moments de son travail\" \/>\n<meta property=\"og:url\" content=\"https:\/\/finelife.tv\/fr\/2018\/11\/21\/jr-exposition-momentum-a-la-mep\/\" \/>\n<meta property=\"og:site_name\" content=\"FineLife.tv\" \/>\n<meta property=\"article:published_time\" content=\"2018-11-21T12:08:42+00:00\" \/>\n<meta property=\"article:modified_time\" content=\"2024-05-20T11:21:06+00:00\" \/>\n<meta property=\"og:image\" content=\"http:\/\/finelife.tv\/fr\/wp-content\/uploads\/2018\/11\/mep-jr-montfermeil-finelifetv-300x225.jpg\" \/>\n<meta name=\"author\" content=\"Leonore\" \/>\n<meta name=\"twitter:card\" content=\"summary_large_image\" \/>\n<meta name=\"twitter:creator\" content=\"@finelifetv\" \/>\n<meta name=\"twitter:site\" content=\"@finelifetv\" \/>\n<meta name=\"twitter:label1\" content=\"\u00c9crit par\" \/>\n\t<meta name=\"twitter:data1\" content=\"Leonore\" \/>\n\t<meta name=\"twitter:label2\" content=\"Dur\u00e9e de lecture estim\u00e9e\" \/>\n\t<meta name=\"twitter:data2\" content=\"4 minutes\" \/>\n<script type=\"application\/ld+json\" class=\"yoast-schema-graph\">{\"@context\":\"https:\\\/\\\/schema.org\",\"@graph\":[{\"@type\":\"Article\",\"@id\":\"https:\\\/\\\/finelife.tv\\\/fr\\\/2018\\\/11\\\/21\\\/jr-exposition-momentum-a-la-mep\\\/#article\",\"isPartOf\":{\"@id\":\"https:\\\/\\\/finelife.tv\\\/fr\\\/2018\\\/11\\\/21\\\/jr-exposition-momentum-a-la-mep\\\/\"},\"author\":{\"name\":\"Leonore\",\"@id\":\"https:\\\/\\\/finelife.tv\\\/fr\\\/#\\\/schema\\\/person\\\/e3d980b0c0b3dc5af01c3455893c8c52\"},\"headline\":\"JR : exposition Momentum \u00e0 la MEP\",\"datePublished\":\"2018-11-21T12:08:42+00:00\",\"dateModified\":\"2024-05-20T11:21:06+00:00\",\"mainEntityOfPage\":{\"@id\":\"https:\\\/\\\/finelife.tv\\\/fr\\\/2018\\\/11\\\/21\\\/jr-exposition-momentum-a-la-mep\\\/\"},\"wordCount\":535,\"commentCount\":4,\"image\":{\"@id\":\"https:\\\/\\\/finelife.tv\\\/fr\\\/2018\\\/11\\\/21\\\/jr-exposition-momentum-a-la-mep\\\/#primaryimage\"},\"thumbnailUrl\":\"http:\\\/\\\/finelife.tv\\\/fr\\\/wp-content\\\/uploads\\\/2018\\\/11\\\/mep-jr-montfermeil-finelifetv-300x225.jpg\",\"keywords\":[\"#finelifetv\",\"art\",\"expo mep paris\",\"finelife tv art\",\"finelife tv jr\",\"jr\",\"jr artiste\",\"jr expo paris\",\"mep\",\"momentum mep\",\"montfermeil\",\"photographie\",\"photographie cit\u00e9 montfermeil\",\"portrait generation jr\",\"street photography\"],\"articleSection\":[\"Blog\"],\"inLanguage\":\"fr-FR\",\"potentialAction\":[{\"@type\":\"CommentAction\",\"name\":\"Comment\",\"target\":[\"https:\\\/\\\/finelife.tv\\\/fr\\\/2018\\\/11\\\/21\\\/jr-exposition-momentum-a-la-mep\\\/#respond\"]}]},{\"@type\":\"WebPage\",\"@id\":\"https:\\\/\\\/finelife.tv\\\/fr\\\/2018\\\/11\\\/21\\\/jr-exposition-momentum-a-la-mep\\\/\",\"url\":\"https:\\\/\\\/finelife.tv\\\/fr\\\/2018\\\/11\\\/21\\\/jr-exposition-momentum-a-la-mep\\\/\",\"name\":\"JR : exposition Momentum \u00e0 la MEP - FineLife.tv\",\"isPartOf\":{\"@id\":\"https:\\\/\\\/finelife.tv\\\/fr\\\/#website\"},\"primaryImageOfPage\":{\"@id\":\"https:\\\/\\\/finelife.tv\\\/fr\\\/2018\\\/11\\\/21\\\/jr-exposition-momentum-a-la-mep\\\/#primaryimage\"},\"image\":{\"@id\":\"https:\\\/\\\/finelife.tv\\\/fr\\\/2018\\\/11\\\/21\\\/jr-exposition-momentum-a-la-mep\\\/#primaryimage\"},\"thumbnailUrl\":\"http:\\\/\\\/finelife.tv\\\/fr\\\/wp-content\\\/uploads\\\/2018\\\/11\\\/mep-jr-montfermeil-finelifetv-300x225.jpg\",\"datePublished\":\"2018-11-21T12:08:42+00:00\",\"dateModified\":\"2024-05-20T11:21:06+00:00\",\"author\":{\"@id\":\"https:\\\/\\\/finelife.tv\\\/fr\\\/#\\\/schema\\\/person\\\/e3d980b0c0b3dc5af01c3455893c8c52\"},\"description\":\"JR : exposition Momentum \u00e0 la MEP. Momentum, la m\u00e9canique de l\u2019\u00e9preuve\\\" est une r\u00e9trospective des grands moments de son travail\",\"breadcrumb\":{\"@id\":\"https:\\\/\\\/finelife.tv\\\/fr\\\/2018\\\/11\\\/21\\\/jr-exposition-momentum-a-la-mep\\\/#breadcrumb\"},\"inLanguage\":\"fr-FR\",\"potentialAction\":[{\"@type\":\"ReadAction\",\"target\":[\"https:\\\/\\\/finelife.tv\\\/fr\\\/2018\\\/11\\\/21\\\/jr-exposition-momentum-a-la-mep\\\/\"]}]},{\"@type\":\"ImageObject\",\"inLanguage\":\"fr-FR\",\"@id\":\"https:\\\/\\\/finelife.tv\\\/fr\\\/2018\\\/11\\\/21\\\/jr-exposition-momentum-a-la-mep\\\/#primaryimage\",\"url\":\"http:\\\/\\\/finelife.tv\\\/fr\\\/wp-content\\\/uploads\\\/2018\\\/11\\\/mep-jr-montfermeil-finelifetv-300x225.jpg\",\"contentUrl\":\"http:\\\/\\\/finelife.tv\\\/fr\\\/wp-content\\\/uploads\\\/2018\\\/11\\\/mep-jr-montfermeil-finelifetv-300x225.jpg\"},{\"@type\":\"BreadcrumbList\",\"@id\":\"https:\\\/\\\/finelife.tv\\\/fr\\\/2018\\\/11\\\/21\\\/jr-exposition-momentum-a-la-mep\\\/#breadcrumb\",\"itemListElement\":[{\"@type\":\"ListItem\",\"position\":1,\"name\":\"Accueil\",\"item\":\"https:\\\/\\\/finelife.tv\\\/fr\\\/\"},{\"@type\":\"ListItem\",\"position\":2,\"name\":\"JR : exposition Momentum \u00e0 la MEP\"}]},{\"@type\":\"WebSite\",\"@id\":\"https:\\\/\\\/finelife.tv\\\/fr\\\/#website\",\"url\":\"https:\\\/\\\/finelife.tv\\\/fr\\\/\",\"name\":\"FineLife.tv\",\"description\":\"Quand l&#039;Art de vivre croise l&#039;Art de penser\",\"potentialAction\":[{\"@type\":\"SearchAction\",\"target\":{\"@type\":\"EntryPoint\",\"urlTemplate\":\"https:\\\/\\\/finelife.tv\\\/fr\\\/?s={search_term_string}\"},\"query-input\":{\"@type\":\"PropertyValueSpecification\",\"valueRequired\":true,\"valueName\":\"search_term_string\"}}],\"inLanguage\":\"fr-FR\"},{\"@type\":\"Person\",\"@id\":\"https:\\\/\\\/finelife.tv\\\/fr\\\/#\\\/schema\\\/person\\\/e3d980b0c0b3dc5af01c3455893c8c52\",\"name\":\"Leonore\",\"image\":{\"@type\":\"ImageObject\",\"inLanguage\":\"fr-FR\",\"@id\":\"https:\\\/\\\/secure.gravatar.com\\\/avatar\\\/9a2e5073417479f910ffdeee54da5ccf4f91eab62746ce0ae0e81124a9491a79?s=96&d=mm&r=g\",\"url\":\"https:\\\/\\\/secure.gravatar.com\\\/avatar\\\/9a2e5073417479f910ffdeee54da5ccf4f91eab62746ce0ae0e81124a9491a79?s=96&d=mm&r=g\",\"contentUrl\":\"https:\\\/\\\/secure.gravatar.com\\\/avatar\\\/9a2e5073417479f910ffdeee54da5ccf4f91eab62746ce0ae0e81124a9491a79?s=96&d=mm&r=g\",\"caption\":\"Leonore\"}}]}<\/script>\n<!-- \/ Yoast SEO plugin. -->","yoast_head_json":{"title":"JR : exposition Momentum \u00e0 la MEP - FineLife.tv","description":"JR : exposition Momentum \u00e0 la MEP. Momentum, la m\u00e9canique de l\u2019\u00e9preuve\" est une r\u00e9trospective des grands moments de son travail","robots":{"index":"index","follow":"follow","max-snippet":"max-snippet:-1","max-image-preview":"max-image-preview:large","max-video-preview":"max-video-preview:-1"},"canonical":"https:\/\/finelife.tv\/fr\/2018\/11\/21\/jr-exposition-momentum-a-la-mep\/","og_locale":"fr_FR","og_type":"article","og_title":"JR : exposition Momentum \u00e0 la MEP - FineLife.tv","og_description":"JR : exposition Momentum \u00e0 la MEP. Momentum, la m\u00e9canique de l\u2019\u00e9preuve\" est une r\u00e9trospective des grands moments de son travail","og_url":"https:\/\/finelife.tv\/fr\/2018\/11\/21\/jr-exposition-momentum-a-la-mep\/","og_site_name":"FineLife.tv","article_published_time":"2018-11-21T12:08:42+00:00","article_modified_time":"2024-05-20T11:21:06+00:00","og_image":[{"url":"http:\/\/finelife.tv\/fr\/wp-content\/uploads\/2018\/11\/mep-jr-montfermeil-finelifetv-300x225.jpg","type":"","width":"","height":""}],"author":"Leonore","twitter_card":"summary_large_image","twitter_creator":"@finelifetv","twitter_site":"@finelifetv","twitter_misc":{"\u00c9crit par":"Leonore","Dur\u00e9e de lecture estim\u00e9e":"4 minutes"},"schema":{"@context":"https:\/\/schema.org","@graph":[{"@type":"Article","@id":"https:\/\/finelife.tv\/fr\/2018\/11\/21\/jr-exposition-momentum-a-la-mep\/#article","isPartOf":{"@id":"https:\/\/finelife.tv\/fr\/2018\/11\/21\/jr-exposition-momentum-a-la-mep\/"},"author":{"name":"Leonore","@id":"https:\/\/finelife.tv\/fr\/#\/schema\/person\/e3d980b0c0b3dc5af01c3455893c8c52"},"headline":"JR : exposition Momentum \u00e0 la MEP","datePublished":"2018-11-21T12:08:42+00:00","dateModified":"2024-05-20T11:21:06+00:00","mainEntityOfPage":{"@id":"https:\/\/finelife.tv\/fr\/2018\/11\/21\/jr-exposition-momentum-a-la-mep\/"},"wordCount":535,"commentCount":4,"image":{"@id":"https:\/\/finelife.tv\/fr\/2018\/11\/21\/jr-exposition-momentum-a-la-mep\/#primaryimage"},"thumbnailUrl":"http:\/\/finelife.tv\/fr\/wp-content\/uploads\/2018\/11\/mep-jr-montfermeil-finelifetv-300x225.jpg","keywords":["#finelifetv","art","expo mep paris","finelife tv art","finelife tv jr","jr","jr artiste","jr expo paris","mep","momentum mep","montfermeil","photographie","photographie cit\u00e9 montfermeil","portrait generation jr","street photography"],"articleSection":["Blog"],"inLanguage":"fr-FR","potentialAction":[{"@type":"CommentAction","name":"Comment","target":["https:\/\/finelife.tv\/fr\/2018\/11\/21\/jr-exposition-momentum-a-la-mep\/#respond"]}]},{"@type":"WebPage","@id":"https:\/\/finelife.tv\/fr\/2018\/11\/21\/jr-exposition-momentum-a-la-mep\/","url":"https:\/\/finelife.tv\/fr\/2018\/11\/21\/jr-exposition-momentum-a-la-mep\/","name":"JR : exposition Momentum \u00e0 la MEP - FineLife.tv","isPartOf":{"@id":"https:\/\/finelife.tv\/fr\/#website"},"primaryImageOfPage":{"@id":"https:\/\/finelife.tv\/fr\/2018\/11\/21\/jr-exposition-momentum-a-la-mep\/#primaryimage"},"image":{"@id":"https:\/\/finelife.tv\/fr\/2018\/11\/21\/jr-exposition-momentum-a-la-mep\/#primaryimage"},"thumbnailUrl":"http:\/\/finelife.tv\/fr\/wp-content\/uploads\/2018\/11\/mep-jr-montfermeil-finelifetv-300x225.jpg","datePublished":"2018-11-21T12:08:42+00:00","dateModified":"2024-05-20T11:21:06+00:00","author":{"@id":"https:\/\/finelife.tv\/fr\/#\/schema\/person\/e3d980b0c0b3dc5af01c3455893c8c52"},"description":"JR : exposition Momentum \u00e0 la MEP. Momentum, la m\u00e9canique de l\u2019\u00e9preuve\" est une r\u00e9trospective des grands moments de son travail","breadcrumb":{"@id":"https:\/\/finelife.tv\/fr\/2018\/11\/21\/jr-exposition-momentum-a-la-mep\/#breadcrumb"},"inLanguage":"fr-FR","potentialAction":[{"@type":"ReadAction","target":["https:\/\/finelife.tv\/fr\/2018\/11\/21\/jr-exposition-momentum-a-la-mep\/"]}]},{"@type":"ImageObject","inLanguage":"fr-FR","@id":"https:\/\/finelife.tv\/fr\/2018\/11\/21\/jr-exposition-momentum-a-la-mep\/#primaryimage","url":"http:\/\/finelife.tv\/fr\/wp-content\/uploads\/2018\/11\/mep-jr-montfermeil-finelifetv-300x225.jpg","contentUrl":"http:\/\/finelife.tv\/fr\/wp-content\/uploads\/2018\/11\/mep-jr-montfermeil-finelifetv-300x225.jpg"},{"@type":"BreadcrumbList","@id":"https:\/\/finelife.tv\/fr\/2018\/11\/21\/jr-exposition-momentum-a-la-mep\/#breadcrumb","itemListElement":[{"@type":"ListItem","position":1,"name":"Accueil","item":"https:\/\/finelife.tv\/fr\/"},{"@type":"ListItem","position":2,"name":"JR : exposition Momentum \u00e0 la MEP"}]},{"@type":"WebSite","@id":"https:\/\/finelife.tv\/fr\/#website","url":"https:\/\/finelife.tv\/fr\/","name":"FineLife.tv","description":"Quand l&#039;Art de vivre croise l&#039;Art de penser","potentialAction":[{"@type":"SearchAction","target":{"@type":"EntryPoint","urlTemplate":"https:\/\/finelife.tv\/fr\/?s={search_term_string}"},"query-input":{"@type":"PropertyValueSpecification","valueRequired":true,"valueName":"search_term_string"}}],"inLanguage":"fr-FR"},{"@type":"Person","@id":"https:\/\/finelife.tv\/fr\/#\/schema\/person\/e3d980b0c0b3dc5af01c3455893c8c52","name":"Leonore","image":{"@type":"ImageObject","inLanguage":"fr-FR","@id":"https:\/\/secure.gravatar.com\/avatar\/9a2e5073417479f910ffdeee54da5ccf4f91eab62746ce0ae0e81124a9491a79?s=96&d=mm&r=g","url":"https:\/\/secure.gravatar.com\/avatar\/9a2e5073417479f910ffdeee54da5ccf4f91eab62746ce0ae0e81124a9491a79?s=96&d=mm&r=g","contentUrl":"https:\/\/secure.gravatar.com\/avatar\/9a2e5073417479f910ffdeee54da5ccf4f91eab62746ce0ae0e81124a9491a79?s=96&d=mm&r=g","caption":"Leonore"}}]}},"_links":{"self":[{"href":"https:\/\/finelife.tv\/fr\/wp-json\/wp\/v2\/posts\/3293","targetHints":{"allow":["GET"]}}],"collection":[{"href":"https:\/\/finelife.tv\/fr\/wp-json\/wp\/v2\/posts"}],"about":[{"href":"https:\/\/finelife.tv\/fr\/wp-json\/wp\/v2\/types\/post"}],"author":[{"embeddable":true,"href":"https:\/\/finelife.tv\/fr\/wp-json\/wp\/v2\/users\/1"}],"replies":[{"embeddable":true,"href":"https:\/\/finelife.tv\/fr\/wp-json\/wp\/v2\/comments?post=3293"}],"version-history":[{"count":28,"href":"https:\/\/finelife.tv\/fr\/wp-json\/wp\/v2\/posts\/3293\/revisions"}],"predecessor-version":[{"id":18965,"href":"https:\/\/finelife.tv\/fr\/wp-json\/wp\/v2\/posts\/3293\/revisions\/18965"}],"wp:attachment":[{"href":"https:\/\/finelife.tv\/fr\/wp-json\/wp\/v2\/media?parent=3293"}],"wp:term":[{"taxonomy":"category","embeddable":true,"href":"https:\/\/finelife.tv\/fr\/wp-json\/wp\/v2\/categories?post=3293"},{"taxonomy":"post_tag","embeddable":true,"href":"https:\/\/finelife.tv\/fr\/wp-json\/wp\/v2\/tags?post=3293"}],"curies":[{"name":"wp","href":"https:\/\/api.w.org\/{rel}","templated":true}]}}